{"id":8792,"date":"2025-07-16T22:17:49","date_gmt":"2025-07-16T20:17:49","guid":{"rendered":"https:\/\/vieassociative.be\/actualites\/la-scene-principale-du-festival-tomorrowland-brule\/"},"modified":"2025-07-16T22:17:49","modified_gmt":"2025-07-16T20:17:49","slug":"la-scene-principale-du-festival-tomorrowland-brule","status":"publish","type":"post","link":"https:\/\/vieassociative.be\/actualites\/la-scene-principale-du-festival-tomorrowland-brule\/","title":{"rendered":"La sc\u00e8ne principale du Festival Tomorrowland br\u00fble"},"content":{"rendered":"<p><strong>Tomorrowland est l&rsquo;un des plus grands festivals \u00e9lectriques du monde. Peu de temps avant le d\u00e9part, il y a soudainement des br\u00fblures sur le site du festival.<\/strong><\/p>\n<p><span id=\"more-420263\"><\/span>Un incendie a \u00e9clat\u00e9 sur la sc\u00e8ne principale deux jours avant le d\u00e9but du festival \u00e9lectrique de Tomorrowland en boom (Province d&rsquo;Anvers). Jusqu&rsquo;\u00e0 pr\u00e9sent, il n&rsquo;y a eu aucune blessure, a d\u00e9clar\u00e9 une porte-parole des pompiers.<\/p>\n<p>Comme l&rsquo;a rapport\u00e9 l&rsquo;agence de presse Belga, les services d&rsquo;urgence sont sur place. L&rsquo;accent est actuellement mis sur la s\u00e9curit\u00e9 des employ\u00e9s pr\u00e9sents. Les images sur les r\u00e9seaux sociaux montrent un nuage dense de fum\u00e9e et un feu sur le c\u00f4t\u00e9 gauche de la sc\u00e8ne.<\/p>\n<div id=\"attachment_420269\" class=\"wp-caption alignleft\" style=\"max-width: 300px\"><img fetchpriority=\"high\" decoding=\"async\" class=\"wp-image-420269 size-medium\" src=\"https:\/\/vieassociative.be\/actualites\/wp-content\/uploads\/2025\/07\/La-scene-principale-du-Festival-Tomorrowland-brule.jpg\" alt=\"\" width=\"300\" height=\"200\"><\/p>\n<p class=\"wp-caption-text\">16\/07\/2025, Belgique, boom: fum\u00e9e, caus\u00e9e par un incendie sur le site du festival du Tomorrowland Festival for Electronic Music in Boom. Photo: Tom Goyvaerts \/ Belga \/ DPA<\/p>\n<\/div>\n<p>Environ 75% de la sc\u00e8ne minutieusement con\u00e7ue, con\u00e7ue pour \u00abOrbyz\u00bb de cette ann\u00e9e avec des paysages glac\u00e9s et des cr\u00e9atures mythiques, ont \u00e9t\u00e9 d\u00e9truites. La cause de l&rsquo;incendie n&rsquo;a pas encore \u00e9t\u00e9 enfin clarifi\u00e9e, mais on pense qu&rsquo;un test d&rsquo;artifice a transf\u00e9r\u00e9 Funken sur la sc\u00e8ne. Les organisateurs examinent actuellement si le festival peut avoir lieu comme pr\u00e9vu.<\/p>\n<p>Tomorrowland est l&rsquo;un des meilleurs festivals connus du monde pour la musique de danse \u00e9lectronique et se d\u00e9roule chaque ann\u00e9e en boom dans la province d&rsquo;Anvers. Le festival se d\u00e9roule dans la zone de loisirs locale de Schorre, qui est transform\u00e9e en un monde de conte de f\u00e9es pendant l&rsquo;\u00e9v\u00e9nement.<\/p>\n<div id=\"attachment_182268\" class=\"wp-caption alignleft\" style=\"max-width: 300px\"><img decoding=\"async\" class=\"wp-image-182268 size-medium\" src=\"https:\/\/vieassociative.be\/actualites\/wp-content\/uploads\/2025\/07\/La-scene-principale-du-Festival-Tomorrowland-brule.jpeg\" alt=\"\" width=\"300\" height=\"200\"  ><\/p>\n<p class=\"wp-caption-text\">20\/07\/2018, Belgique, Boom: les visiteurs c\u00e9l\u00e8brent le festival de Tomorrowland en boom (province d&rsquo;Anvers). Photo: Tomorrowland \/ DPA<\/p>\n<\/div>\n<p>Depuis sa fondation en 2005, Tomorrowland est pass\u00e9 \u00e0 partir d&rsquo;un \u00e9v\u00e9nement local avec environ 10 000 visiteurs d&rsquo;un festival mondial de m\u00e9ga avec environ 400 000 participants de plus de 200 pays.<\/p>\n<p>Tomorrowland est connu pour ses ensembles de sc\u00e8ne impressionnants. La sc\u00e8ne principale mesure souvent plus de 270 m\u00e8tres de large et 53 m\u00e8tres de haut et est \u00e9quip\u00e9e des derni\u00e8res technologies. Chaque ann\u00e9e, plus de 400 artistes apparaissent sur plus de 16 \u00e9tapes, dont des DJ internationaux tels que Martin Garrix, David Guetta et Armin Van Buuren.<\/p>\n<p>Avec Dreamville, Tomorrowland propose sa propre ville de camping jusqu&rsquo;\u00e0 35 000 personnes par week-end. Le festival apporte des avantages \u00e9conomiques importants pour le boom et les environs, notamment l&rsquo;augmentation des ventes du tourisme, de la gastronomie et du commerce de d\u00e9tail. (CRE \/ DPA)<\/p>\n<p><em><strong>Pour les mises \u00e0 jour actuelles et les informations sur l&rsquo;\u00e9dition de cette ann\u00e9e, veuillez visiter le site officiel: <u>www.tomorrowland.com<\/u><\/strong><\/em><\/p>\n","protected":false},"excerpt":{"rendered":"<p>Tomorrowland est l&rsquo;un des plus grands festivals \u00e9lectriques du monde. Peu de temps avant le d\u00e9part, il y a soudainement des br\u00fblures sur le site<\/p>\n","protected":false},"author":1,"featured_media":8793,"comment_status":"","ping_status":"","sticky":false,"template":"","format":"standard","meta":{"footnotes":""},"categories":[298],"tags":[7774,557,7773,4189,551],"class_list":["post-8792","post","type-post","status-publish","format-standard","has-post-thumbnail","hentry","category-belgique","tag-brule","tag-festival","tag-principale","tag-scene","tag-tomorrowland","generate-columns","tablet-grid-50","mobile-grid-100","grid-parent","grid-33"],"yoast_head":"<!-- This site is optimized with the Yoast SEO plugin v24.0 - https:\/\/yoast.com\/wordpress\/plugins\/seo\/ -->\n<title>La sc\u00e8ne principale du Festival Tomorrowland br\u00fble | Vie Associative<\/title>\n<meta name=\"robots\" content=\"index, follow, max-snippet:-1, max-image-preview:large, max-video-preview:-1\" \/>\n<link rel=\"canonical\" href=\"https:\/\/vieassociative.be\/actualites\/la-scene-principale-du-festival-tomorrowland-brule\/\" \/>\n<meta property=\"og:locale\" content=\"fr_FR\" \/>\n<meta property=\"og:type\" content=\"article\" \/>\n<meta property=\"og:title\" content=\"La sc\u00e8ne principale du Festival Tomorrowland br\u00fble | Vie Associative\" \/>\n<meta property=\"og:description\" content=\"Tomorrowland est l&rsquo;un des plus grands festivals \u00e9lectriques du monde. Peu de temps avant le d\u00e9part, il y a soudainement des br\u00fblures sur le site\" \/>\n<meta property=\"og:url\" content=\"https:\/\/vieassociative.be\/actualites\/la-scene-principale-du-festival-tomorrowland-brule\/\" \/>\n<meta property=\"og:site_name\" content=\"Vie Associative\" \/>\n<meta property=\"article:published_time\" content=\"2025-07-16T20:17:49+00:00\" \/>\n<meta property=\"og:image\" content=\"https:\/\/vieassociative.be\/actualites\/wp-content\/uploads\/2024\/09\/header_backgroundk-01-e1726694325946.png\" \/>\n\t<meta property=\"og:image:width\" content=\"279\" \/>\n\t<meta property=\"og:image:height\" content=\"92\" \/>\n\t<meta property=\"og:image:type\" content=\"image\/png\" \/>\n<meta name=\"author\" content=\"Julien\" \/>\n<meta name=\"twitter:card\" content=\"summary_large_image\" \/>\n<meta name=\"twitter:label1\" content=\"\u00c9crit par\" \/>\n\t<meta name=\"twitter:data1\" content=\"Julien\" \/>\n\t<meta name=\"twitter:label2\" content=\"Dur\u00e9e de lecture est.\" \/>\n\t<meta name=\"twitter:data2\" content=\"2 minutes\" \/>\n<script type=\"application\/ld+json\" class=\"yoast-schema-graph\">{\"@context\":\"https:\/\/schema.org\",\"@graph\":[{\"@type\":\"Article\",\"@id\":\"https:\/\/vieassociative.be\/actualites\/la-scene-principale-du-festival-tomorrowland-brule\/#article\",\"isPartOf\":{\"@id\":\"https:\/\/vieassociative.be\/actualites\/la-scene-principale-du-festival-tomorrowland-brule\/\"},\"author\":{\"name\":\"Julien\",\"@id\":\"https:\/\/vieassociative.be\/actualites\/#\/schema\/person\/b87ac4f82f9d4e7b7cec7395b679edc4\"},\"headline\":\"La sc\u00e8ne principale du Festival Tomorrowland br\u00fble\",\"datePublished\":\"2025-07-16T20:17:49+00:00\",\"dateModified\":\"2025-07-16T20:17:49+00:00\",\"mainEntityOfPage\":{\"@id\":\"https:\/\/vieassociative.be\/actualites\/la-scene-principale-du-festival-tomorrowland-brule\/\"},\"wordCount\":471,\"publisher\":{\"@id\":\"https:\/\/vieassociative.be\/actualites\/#organization\"},\"image\":{\"@id\":\"https:\/\/vieassociative.be\/actualites\/la-scene-principale-du-festival-tomorrowland-brule\/#primaryimage\"},\"thumbnailUrl\":\"https:\/\/vieassociative.be\/actualites\/wp-content\/uploads\/2025\/07\/1752697070_La-scene-principale-du-Festival-Tomorrowland-brule.jpg\",\"keywords\":[\"br\u00fble\",\"festival\",\"principale\",\"sc\u00e8ne\",\"Tomorrowland\"],\"articleSection\":[\"Belgique\"],\"inLanguage\":\"fr-BE\"},{\"@type\":\"WebPage\",\"@id\":\"https:\/\/vieassociative.be\/actualites\/la-scene-principale-du-festival-tomorrowland-brule\/\",\"url\":\"https:\/\/vieassociative.be\/actualites\/la-scene-principale-du-festival-tomorrowland-brule\/\",\"name\":\"La sc\u00e8ne principale du Festival Tomorrowland br\u00fble | Vie Associative\",\"isPartOf\":{\"@id\":\"https:\/\/vieassociative.be\/actualites\/#website\"},\"primaryImageOfPage\":{\"@id\":\"https:\/\/vieassociative.be\/actualites\/la-scene-principale-du-festival-tomorrowland-brule\/#primaryimage\"},\"image\":{\"@id\":\"https:\/\/vieassociative.be\/actualites\/la-scene-principale-du-festival-tomorrowland-brule\/#primaryimage\"},\"thumbnailUrl\":\"https:\/\/vieassociative.be\/actualites\/wp-content\/uploads\/2025\/07\/1752697070_La-scene-principale-du-Festival-Tomorrowland-brule.jpg\",\"datePublished\":\"2025-07-16T20:17:49+00:00\",\"dateModified\":\"2025-07-16T20:17:49+00:00\",\"breadcrumb\":{\"@id\":\"https:\/\/vieassociative.be\/actualites\/la-scene-principale-du-festival-tomorrowland-brule\/#breadcrumb\"},\"inLanguage\":\"fr-BE\",\"potentialAction\":[{\"@type\":\"ReadAction\",\"target\":[\"https:\/\/vieassociative.be\/actualites\/la-scene-principale-du-festival-tomorrowland-brule\/\"]}]},{\"@type\":\"ImageObject\",\"inLanguage\":\"fr-BE\",\"@id\":\"https:\/\/vieassociative.be\/actualites\/la-scene-principale-du-festival-tomorrowland-brule\/#primaryimage\",\"url\":\"https:\/\/vieassociative.be\/actualites\/wp-content\/uploads\/2025\/07\/1752697070_La-scene-principale-du-Festival-Tomorrowland-brule.jpg\",\"contentUrl\":\"https:\/\/vieassociative.be\/actualites\/wp-content\/uploads\/2025\/07\/1752697070_La-scene-principale-du-Festival-Tomorrowland-brule.jpg\",\"width\":1200,\"height\":800,\"caption\":\"La sc\u00e8ne principale du Festival Tomorrowland br\u00fble\"},{\"@type\":\"BreadcrumbList\",\"@id\":\"https:\/\/vieassociative.be\/actualites\/la-scene-principale-du-festival-tomorrowland-brule\/#breadcrumb\",\"itemListElement\":[{\"@type\":\"ListItem\",\"position\":1,\"name\":\"Accueil\",\"item\":\"https:\/\/vieassociative.be\/actualites\/\"},{\"@type\":\"ListItem\",\"position\":2,\"name\":\"La sc\u00e8ne principale du Festival Tomorrowland br\u00fble\"}]},{\"@type\":\"WebSite\",\"@id\":\"https:\/\/vieassociative.be\/actualites\/#website\",\"url\":\"https:\/\/vieassociative.be\/actualites\/\",\"name\":\"Vie Associative\",\"description\":\"\",\"publisher\":{\"@id\":\"https:\/\/vieassociative.be\/actualites\/#organization\"},\"potentialAction\":[{\"@type\":\"SearchAction\",\"target\":{\"@type\":\"EntryPoint\",\"urlTemplate\":\"https:\/\/vieassociative.be\/actualites\/?s={search_term_string}\"},\"query-input\":{\"@type\":\"PropertyValueSpecification\",\"valueRequired\":true,\"valueName\":\"search_term_string\"}}],\"inLanguage\":\"fr-BE\"},{\"@type\":\"Organization\",\"@id\":\"https:\/\/vieassociative.be\/actualites\/#organization\",\"name\":\"Vie Associative\",\"url\":\"https:\/\/vieassociative.be\/actualites\/\",\"logo\":{\"@type\":\"ImageObject\",\"inLanguage\":\"fr-BE\",\"@id\":\"https:\/\/vieassociative.be\/actualites\/#\/schema\/logo\/image\/\",\"url\":\"https:\/\/vieassociative.be\/actualites\/wp-content\/uploads\/2024\/09\/cropped-vieassociative_favicon.ico.png\",\"contentUrl\":\"https:\/\/vieassociative.be\/actualites\/wp-content\/uploads\/2024\/09\/cropped-vieassociative_favicon.ico.png\",\"width\":512,\"height\":512,\"caption\":\"Vie Associative\"},\"image\":{\"@id\":\"https:\/\/vieassociative.be\/actualites\/#\/schema\/logo\/image\/\"}},{\"@type\":\"Person\",\"@id\":\"https:\/\/vieassociative.be\/actualites\/#\/schema\/person\/b87ac4f82f9d4e7b7cec7395b679edc4\",\"name\":\"Julien\",\"image\":{\"@type\":\"ImageObject\",\"inLanguage\":\"fr-BE\",\"@id\":\"https:\/\/vieassociative.be\/actualites\/#\/schema\/person\/image\/\",\"url\":\"https:\/\/vieassociative.be\/actualites\/wp-content\/uploads\/2024\/09\/vie-associative-1-150x150.jpg\",\"contentUrl\":\"https:\/\/vieassociative.be\/actualites\/wp-content\/uploads\/2024\/09\/vie-associative-1-150x150.jpg\",\"caption\":\"Julien\"},\"description\":\"Je suis Julien, r\u00e9dacteur pour Vie Associative. Passionn\u00e9 par le monde associatif depuis plus de 10 ans, j'ai \u00e0 c\u0153ur de partager des histoires inspirantes et de mettre en lumi\u00e8re les initiatives locales. Mon objectif est de sensibiliser et d'encourager l'engagement communautaire \u00e0 travers mes articles.\",\"sameAs\":[\"https:\/\/vieassociative.be\/\"]}]}<\/script>\n<!-- \/ Yoast SEO plugin. -->","yoast_head_json":{"title":"La sc\u00e8ne principale du Festival Tomorrowland br\u00fble | Vie Associative","robots":{"index":"index","follow":"follow","max-snippet":"max-snippet:-1","max-image-preview":"max-image-preview:large","max-video-preview":"max-video-preview:-1"},"canonical":"https:\/\/vieassociative.be\/actualites\/la-scene-principale-du-festival-tomorrowland-brule\/","og_locale":"fr_FR","og_type":"article","og_title":"La sc\u00e8ne principale du Festival Tomorrowland br\u00fble | Vie Associative","og_description":"Tomorrowland est l&rsquo;un des plus grands festivals \u00e9lectriques du monde. Peu de temps avant le d\u00e9part, il y a soudainement des br\u00fblures sur le site","og_url":"https:\/\/vieassociative.be\/actualites\/la-scene-principale-du-festival-tomorrowland-brule\/","og_site_name":"Vie Associative","article_published_time":"2025-07-16T20:17:49+00:00","og_image":[{"width":279,"height":92,"url":"https:\/\/vieassociative.be\/actualites\/wp-content\/uploads\/2024\/09\/header_backgroundk-01-e1726694325946.png","type":"image\/png"}],"author":"Julien","twitter_card":"summary_large_image","twitter_misc":{"\u00c9crit par":"Julien","Dur\u00e9e de lecture est.":"2 minutes"},"schema":{"@context":"https:\/\/schema.org","@graph":[{"@type":"Article","@id":"https:\/\/vieassociative.be\/actualites\/la-scene-principale-du-festival-tomorrowland-brule\/#article","isPartOf":{"@id":"https:\/\/vieassociative.be\/actualites\/la-scene-principale-du-festival-tomorrowland-brule\/"},"author":{"name":"Julien","@id":"https:\/\/vieassociative.be\/actualites\/#\/schema\/person\/b87ac4f82f9d4e7b7cec7395b679edc4"},"headline":"La sc\u00e8ne principale du Festival Tomorrowland br\u00fble","datePublished":"2025-07-16T20:17:49+00:00","dateModified":"2025-07-16T20:17:49+00:00","mainEntityOfPage":{"@id":"https:\/\/vieassociative.be\/actualites\/la-scene-principale-du-festival-tomorrowland-brule\/"},"wordCount":471,"publisher":{"@id":"https:\/\/vieassociative.be\/actualites\/#organization"},"image":{"@id":"https:\/\/vieassociative.be\/actualites\/la-scene-principale-du-festival-tomorrowland-brule\/#primaryimage"},"thumbnailUrl":"https:\/\/vieassociative.be\/actualites\/wp-content\/uploads\/2025\/07\/1752697070_La-scene-principale-du-Festival-Tomorrowland-brule.jpg","keywords":["br\u00fble","festival","principale","sc\u00e8ne","Tomorrowland"],"articleSection":["Belgique"],"inLanguage":"fr-BE"},{"@type":"WebPage","@id":"https:\/\/vieassociative.be\/actualites\/la-scene-principale-du-festival-tomorrowland-brule\/","url":"https:\/\/vieassociative.be\/actualites\/la-scene-principale-du-festival-tomorrowland-brule\/","name":"La sc\u00e8ne principale du Festival Tomorrowland br\u00fble | Vie Associative","isPartOf":{"@id":"https:\/\/vieassociative.be\/actualites\/#website"},"primaryImageOfPage":{"@id":"https:\/\/vieassociative.be\/actualites\/la-scene-principale-du-festival-tomorrowland-brule\/#primaryimage"},"image":{"@id":"https:\/\/vieassociative.be\/actualites\/la-scene-principale-du-festival-tomorrowland-brule\/#primaryimage"},"thumbnailUrl":"https:\/\/vieassociative.be\/actualites\/wp-content\/uploads\/2025\/07\/1752697070_La-scene-principale-du-Festival-Tomorrowland-brule.jpg","datePublished":"2025-07-16T20:17:49+00:00","dateModified":"2025-07-16T20:17:49+00:00","breadcrumb":{"@id":"https:\/\/vieassociative.be\/actualites\/la-scene-principale-du-festival-tomorrowland-brule\/#breadcrumb"},"inLanguage":"fr-BE","potentialAction":[{"@type":"ReadAction","target":["https:\/\/vieassociative.be\/actualites\/la-scene-principale-du-festival-tomorrowland-brule\/"]}]},{"@type":"ImageObject","inLanguage":"fr-BE","@id":"https:\/\/vieassociative.be\/actualites\/la-scene-principale-du-festival-tomorrowland-brule\/#primaryimage","url":"https:\/\/vieassociative.be\/actualites\/wp-content\/uploads\/2025\/07\/1752697070_La-scene-principale-du-Festival-Tomorrowland-brule.jpg","contentUrl":"https:\/\/vieassociative.be\/actualites\/wp-content\/uploads\/2025\/07\/1752697070_La-scene-principale-du-Festival-Tomorrowland-brule.jpg","width":1200,"height":800,"caption":"La sc\u00e8ne principale du Festival Tomorrowland br\u00fble"},{"@type":"BreadcrumbList","@id":"https:\/\/vieassociative.be\/actualites\/la-scene-principale-du-festival-tomorrowland-brule\/#breadcrumb","itemListElement":[{"@type":"ListItem","position":1,"name":"Accueil","item":"https:\/\/vieassociative.be\/actualites\/"},{"@type":"ListItem","position":2,"name":"La sc\u00e8ne principale du Festival Tomorrowland br\u00fble"}]},{"@type":"WebSite","@id":"https:\/\/vieassociative.be\/actualites\/#website","url":"https:\/\/vieassociative.be\/actualites\/","name":"Vie Associative","description":"","publisher":{"@id":"https:\/\/vieassociative.be\/actualites\/#organization"},"potentialAction":[{"@type":"SearchAction","target":{"@type":"EntryPoint","urlTemplate":"https:\/\/vieassociative.be\/actualites\/?s={search_term_string}"},"query-input":{"@type":"PropertyValueSpecification","valueRequired":true,"valueName":"search_term_string"}}],"inLanguage":"fr-BE"},{"@type":"Organization","@id":"https:\/\/vieassociative.be\/actualites\/#organization","name":"Vie Associative","url":"https:\/\/vieassociative.be\/actualites\/","logo":{"@type":"ImageObject","inLanguage":"fr-BE","@id":"https:\/\/vieassociative.be\/actualites\/#\/schema\/logo\/image\/","url":"https:\/\/vieassociative.be\/actualites\/wp-content\/uploads\/2024\/09\/cropped-vieassociative_favicon.ico.png","contentUrl":"https:\/\/vieassociative.be\/actualites\/wp-content\/uploads\/2024\/09\/cropped-vieassociative_favicon.ico.png","width":512,"height":512,"caption":"Vie Associative"},"image":{"@id":"https:\/\/vieassociative.be\/actualites\/#\/schema\/logo\/image\/"}},{"@type":"Person","@id":"https:\/\/vieassociative.be\/actualites\/#\/schema\/person\/b87ac4f82f9d4e7b7cec7395b679edc4","name":"Julien","image":{"@type":"ImageObject","inLanguage":"fr-BE","@id":"https:\/\/vieassociative.be\/actualites\/#\/schema\/person\/image\/","url":"https:\/\/vieassociative.be\/actualites\/wp-content\/uploads\/2024\/09\/vie-associative-1-150x150.jpg","contentUrl":"https:\/\/vieassociative.be\/actualites\/wp-content\/uploads\/2024\/09\/vie-associative-1-150x150.jpg","caption":"Julien"},"description":"Je suis Julien, r\u00e9dacteur pour Vie Associative. Passionn\u00e9 par le monde associatif depuis plus de 10 ans, j'ai \u00e0 c\u0153ur de partager des histoires inspirantes et de mettre en lumi\u00e8re les initiatives locales. Mon objectif est de sensibiliser et d'encourager l'engagement communautaire \u00e0 travers mes articles.","sameAs":["https:\/\/vieassociative.be\/"]}]}},"_links":{"self":[{"href":"https:\/\/vieassociative.be\/actualites\/wp-json\/wp\/v2\/posts\/8792"}],"collection":[{"href":"https:\/\/vieassociative.be\/actualites\/wp-json\/wp\/v2\/posts"}],"about":[{"href":"https:\/\/vieassociative.be\/actualites\/wp-json\/wp\/v2\/types\/post"}],"author":[{"embeddable":true,"href":"https:\/\/vieassociative.be\/actualites\/wp-json\/wp\/v2\/users\/1"}],"replies":[{"embeddable":true,"href":"https:\/\/vieassociative.be\/actualites\/wp-json\/wp\/v2\/comments?post=8792"}],"version-history":[{"count":0,"href":"https:\/\/vieassociative.be\/actualites\/wp-json\/wp\/v2\/posts\/8792\/revisions"}],"wp:featuredmedia":[{"embeddable":true,"href":"https:\/\/vieassociative.be\/actualites\/wp-json\/wp\/v2\/media\/8793"}],"wp:attachment":[{"href":"https:\/\/vieassociative.be\/actualites\/wp-json\/wp\/v2\/media?parent=8792"}],"wp:term":[{"taxonomy":"category","embeddable":true,"href":"https:\/\/vieassociative.be\/actualites\/wp-json\/wp\/v2\/categories?post=8792"},{"taxonomy":"post_tag","embeddable":true,"href":"https:\/\/vieassociative.be\/actualites\/wp-json\/wp\/v2\/tags?post=8792"}],"curies":[{"name":"wp","href":"https:\/\/api.w.org\/{rel}","templated":true}]}}