{"id":8788,"date":"2025-07-16T16:19:47","date_gmt":"2025-07-16T14:19:47","guid":{"rendered":"https:\/\/vieassociative.be\/actualites\/la-gymnaste-en-or-de-la-belgique-nina-derwael-25-ans-termine-sa-carriere-jai-realise-ce-que-je-voulais-et-je-pouvais-et-pouvait\/"},"modified":"2025-07-16T16:19:47","modified_gmt":"2025-07-16T14:19:47","slug":"la-gymnaste-en-or-de-la-belgique-nina-derwael-25-ans-termine-sa-carriere-jai-realise-ce-que-je-voulais-et-je-pouvais-et-pouvait","status":"publish","type":"post","link":"https:\/\/vieassociative.be\/actualites\/la-gymnaste-en-or-de-la-belgique-nina-derwael-25-ans-termine-sa-carriere-jai-realise-ce-que-je-voulais-et-je-pouvais-et-pouvait\/","title":{"rendered":"La gymnaste en or de la Belgique Nina Derwael (25 ans) termine sa carri\u00e8re: \u00ab\u00a0J&rsquo;ai r\u00e9alis\u00e9 ce que je voulais et je pouvais\u00a0\u00bb et pouvait \u00ab\u00a0"},"content":{"rendered":"<p><strong>\u00ab\u00a0Avec une grande \u00e9motion et une profonde admiration, nous avons annonc\u00e9 aujourd&rsquo;hui que Nina Derwael (TK Sta Paraat Hate) a d\u00e9cid\u00e9 de mettre fin \u00e0 sa carri\u00e8re de gymnaste de haut niveau. Son dernier succ\u00e8s dor\u00e9 marque la fin d&rsquo;un chapitre.\u00a0\u00bb Avec ces mots, le francophine Turnsportverband (F\u00e9d\u00e9ration Frankophone de Gymnasium) s&rsquo;est tourn\u00e9 vers le public mardi.<\/strong><\/p>\n<p><span id=\"more-420210\"><\/span>Le double titre de championnat d&rsquo;Europe, qui avait remport\u00e9 un mois et demi, a \u00e9t\u00e9 le dernier point culminant d&rsquo;une longue carri\u00e8re brillante et a permis \u00e0 Nina Derwael, comme elle l&rsquo;avait toujours r\u00eav\u00e9.<\/p>\n<p>Nina revient avec satisfaction et se tourne maintenant vers de nouveaux objectifs personnels et professionnels. Ses deux m\u00e9dailles d&rsquo;or (bars in\u00e9gaux et poutres d&rsquo;\u00e9quilibre), qu&rsquo;elle a remport\u00e9s aux championnats d&rsquo;Europe \u00e0 Leipzig d\u00e9but juin, sont leur dernier succ\u00e8s sportif et mettent fin \u00e0 une carri\u00e8re de gymnastique de pr\u00e8s de 20 ans, 10 ans au plus haut niveau, avec un total de 11 m\u00e9dailles lors de grands championnats.<\/p>\n<div id=\"attachment_293074\" class=\"wp-caption alignleft\" style=\"max-width: 300px\"><img fetchpriority=\"high\" decoding=\"async\" class=\"wp-image-293074 size-medium\" src=\"https:\/\/vieassociative.be\/actualites\/wp-content\/uploads\/2025\/07\/La-gymnaste-en-or-de-la-Belgique-Nina-Derwael-25.jpeg\" alt=\"\" width=\"300\" height=\"193\"><\/p>\n<p class=\"wp-caption-text\">01.08.2021, Japon, Tokyo: Anastasiia Iliankowa (Russian Olymp. Committee), Silver, Nina Derwael (Belgique), Gold et Sunisa Lee (USA), Bronze (LR) sont ensemble lors de la c\u00e9r\u00e9monie de remise des prix. Photo: Friso Gentsch \/ DPA<\/p>\n<\/div>\n<p>Nina est devenue championne olympique \u00e0 Tokyo (2021) dans les bars in\u00e9gaux et champion du monde \u00e0 deux temps 2018 et 2019 dans la m\u00eame discipline. Elle est \u00e9galement une championne d&rsquo;Europe \u00e0 quatre temps, dont une fois au bar le mois dernier.<\/p>\n<p>\u00ab\u00a0J&rsquo;ai r\u00e9alis\u00e9 ce que je voulais et ce que je pouvais r\u00e9aliser. Je pouvais prouver dans quoi j&rsquo;\u00e9tais\u00a0\u00bb, r\u00e9sume Nina. \u00ab\u00a0\u00c0 ce jour, je suis toujours all\u00e9 m&rsquo;entra\u00eener avec une grande joie parce que j&rsquo;adore \u00e7a et parce que j&rsquo;ai toujours eu un objectif. Les championnats d&rsquo;Europe \u00e0 Leipzig \u00e9taient l&rsquo;un d&rsquo;eux, m\u00eame si je n&rsquo;avais pas os\u00e9 gagner de l&rsquo;or. Je ne pouvais pas entra\u00eener mes exercices soigneusement et donc je l&rsquo;ai r\u00e9alis\u00e9 sur la base de mon exp\u00e9rience. Je me suis rendu compte que je ne pouvais pas le faire mieux.\u00a0\u00bb<\/p>\n<p>Si elle voulait toujours jouer un r\u00f4le important dans les championnats du monde ou les Jeux olympiques, elle aurait d\u00fb exposer son corps encore plus fort et plus long &#8211; un risque que la jeune femme de 25 ans ne veut plus prendre.<\/p>\n<p>Derwael: \u00ab\u00a0Au cours des derni\u00e8res semaines, j&rsquo;ai dit de plus en plus: n&rsquo;est-ce pas assez maintenant? Est-ce que cela vaut vraiment la peine de prendre des risques pour mon corps? Ma conclusion \u00e9tait claire et claire\u00a0\u00bb C&rsquo;\u00e9tait magnifique, vraiment beau. \u00ab\u00a0<\/p>\n<div id=\"attachment_192447\" class=\"wp-caption alignleft\" style=\"max-width: 300px\"><img decoding=\"async\" class=\"wp-image-192447 size-medium\" src=\"https:\/\/vieassociative.be\/actualites\/wp-content\/uploads\/2025\/07\/1752675587_335_La-gymnaste-en-or-de-la-Belgique-Nina-Derwael-25.jpeg\" alt=\"\" width=\"300\" height=\"200\"  ><\/p>\n<p class=\"wp-caption-text\">11\/02\/2018, Qatar, Doha: gymnastique, Coupe du monde, bars in\u00e9gaux: Nina Derwael de Belgique applaudit avec sa m\u00e9daille d&rsquo;or. Photo: Vadim Ghiirda \/ AP \/ DPA<\/p>\n<\/div>\n<p>Ilse Arys, directrice g\u00e9n\u00e9rale de Gymfed, la branche n\u00e9erlandaise du KGL. Belgian Gymnastics Association: \u00ab\u00a0En tant qu&rsquo;association, nous sommes incroyablement fiers de la carri\u00e8re de Nina: d&rsquo;un jeune talent dans l&rsquo;un de nos clubs de gymnastique au champion du monde et champion olympique. Nous sommes honor\u00e9s que nous ayons pu l&rsquo;accompagner avec Sport Vlaanderen et nos partenaires dans son d\u00e9veloppement en tant qu&rsquo;athl\u00e8te et en tant que personne.\u00a0\u00bb<\/p>\n<p>L&rsquo;endurance de Nina, son \u00e9l\u00e9gance et sa passion ont non seulement apport\u00e9 ses m\u00e9dailles, mais laisseraient \u00e9galement une impression durable dans le sport et dans toute la sc\u00e8ne de la gymnastique belge, dit Arys: \u00abNous remercions Nina pour tout ce qu&rsquo;elle a fait pour notre sport.<br \/>\nSon histoire a inspir\u00e9 des milliers d&rsquo;enfants et d&rsquo;adolescents pour ouvrir m\u00eame les portes d&rsquo;un gymnase. Votre adieu n&rsquo;est pas une fin, mais le d\u00e9but d&rsquo;un nouveau chapitre pour promouvoir davantage la gymnastique. \u00ab\u00a0<\/p>\n<p>Pendant ce temps, Nina aura un honneur sp\u00e9cial le vendredi 22 ao\u00fbt dans le stade K\u00f6nig-Bau-Douin dans le cadre du \u00ab\u00a0Memorial Ivo van Damme\u00a0\u00bb. (Cre)<\/p>\n","protected":false},"excerpt":{"rendered":"<p>\u00ab\u00a0Avec une grande \u00e9motion et une profonde admiration, nous avons annonc\u00e9 aujourd&rsquo;hui que Nina Derwael (TK Sta Paraat Hate) a d\u00e9cid\u00e9 de mettre fin \u00e0<\/p>\n","protected":false},"author":1,"featured_media":8789,"comment_status":"","ping_status":"","sticky":false,"template":"","format":"standard","meta":{"footnotes":""},"categories":[298],"tags":[584,383,4714,7768,7766,823,7767,6588,7770,3301,3720,7769],"class_list":["post-8788","post","type-post","status-publish","format-standard","has-post-thumbnail","hentry","category-belgique","tag-ans","tag-belgique","tag-carriere","tag-derwael","tag-gymnaste","tag-jai","tag-nina","tag-pouvais","tag-pouvait","tag-realise","tag-termine","tag-voulais","generate-columns","tablet-grid-50","mobile-grid-100","grid-parent","grid-33"],"yoast_head":"<!-- This site is optimized with the Yoast SEO plugin v24.0 - https:\/\/yoast.com\/wordpress\/plugins\/seo\/ -->\n<title>La gymnaste en or de la Belgique Nina Derwael (25 ans) termine sa carri\u00e8re: &quot;J&#039;ai r\u00e9alis\u00e9 ce que je voulais et je pouvais&quot; et pouvait &quot; | Vie Associative<\/title>\n<meta name=\"robots\" content=\"index, follow, max-snippet:-1, max-image-preview:large, max-video-preview:-1\" \/>\n<link rel=\"canonical\" href=\"https:\/\/vieassociative.be\/actualites\/la-gymnaste-en-or-de-la-belgique-nina-derwael-25-ans-termine-sa-carriere-jai-realise-ce-que-je-voulais-et-je-pouvais-et-pouvait\/\" \/>\n<meta property=\"og:locale\" content=\"fr_FR\" \/>\n<meta property=\"og:type\" content=\"article\" \/>\n<meta property=\"og:title\" content=\"La gymnaste en or de la Belgique Nina Derwael (25 ans) termine sa carri\u00e8re: &quot;J&#039;ai r\u00e9alis\u00e9 ce que je voulais et je pouvais&quot; et pouvait &quot; | Vie Associative\" \/>\n<meta property=\"og:description\" content=\"\u00ab\u00a0Avec une grande \u00e9motion et une profonde admiration, nous avons annonc\u00e9 aujourd&rsquo;hui que Nina Derwael (TK Sta Paraat Hate) a d\u00e9cid\u00e9 de mettre fin \u00e0\" \/>\n<meta property=\"og:url\" content=\"https:\/\/vieassociative.be\/actualites\/la-gymnaste-en-or-de-la-belgique-nina-derwael-25-ans-termine-sa-carriere-jai-realise-ce-que-je-voulais-et-je-pouvais-et-pouvait\/\" \/>\n<meta property=\"og:site_name\" content=\"Vie Associative\" \/>\n<meta property=\"article:published_time\" content=\"2025-07-16T14:19:47+00:00\" \/>\n<meta property=\"og:image\" content=\"https:\/\/vieassociative.be\/actualites\/wp-content\/uploads\/2024\/09\/header_backgroundk-01-e1726694325946.png\" \/>\n\t<meta property=\"og:image:width\" content=\"279\" \/>\n\t<meta property=\"og:image:height\" content=\"92\" \/>\n\t<meta property=\"og:image:type\" content=\"image\/png\" \/>\n<meta name=\"author\" content=\"Julien\" \/>\n<meta name=\"twitter:card\" content=\"summary_large_image\" \/>\n<meta name=\"twitter:label1\" content=\"\u00c9crit par\" \/>\n\t<meta name=\"twitter:data1\" content=\"Julien\" \/>\n\t<meta name=\"twitter:label2\" content=\"Dur\u00e9e de lecture est.\" \/>\n\t<meta name=\"twitter:data2\" content=\"3 minutes\" \/>\n<script type=\"application\/ld+json\" class=\"yoast-schema-graph\">{\"@context\":\"https:\/\/schema.org\",\"@graph\":[{\"@type\":\"Article\",\"@id\":\"https:\/\/vieassociative.be\/actualites\/la-gymnaste-en-or-de-la-belgique-nina-derwael-25-ans-termine-sa-carriere-jai-realise-ce-que-je-voulais-et-je-pouvais-et-pouvait\/#article\",\"isPartOf\":{\"@id\":\"https:\/\/vieassociative.be\/actualites\/la-gymnaste-en-or-de-la-belgique-nina-derwael-25-ans-termine-sa-carriere-jai-realise-ce-que-je-voulais-et-je-pouvais-et-pouvait\/\"},\"author\":{\"name\":\"Julien\",\"@id\":\"https:\/\/vieassociative.be\/actualites\/#\/schema\/person\/b87ac4f82f9d4e7b7cec7395b679edc4\"},\"headline\":\"La gymnaste en or de la Belgique Nina Derwael (25 ans) termine sa carri\u00e8re: \u00ab\u00a0J&rsquo;ai r\u00e9alis\u00e9 ce que je voulais et je pouvais\u00a0\u00bb et pouvait \u00ab\u00a0\",\"datePublished\":\"2025-07-16T14:19:47+00:00\",\"dateModified\":\"2025-07-16T14:19:47+00:00\",\"mainEntityOfPage\":{\"@id\":\"https:\/\/vieassociative.be\/actualites\/la-gymnaste-en-or-de-la-belgique-nina-derwael-25-ans-termine-sa-carriere-jai-realise-ce-que-je-voulais-et-je-pouvais-et-pouvait\/\"},\"wordCount\":698,\"publisher\":{\"@id\":\"https:\/\/vieassociative.be\/actualites\/#organization\"},\"image\":{\"@id\":\"https:\/\/vieassociative.be\/actualites\/la-gymnaste-en-or-de-la-belgique-nina-derwael-25-ans-termine-sa-carriere-jai-realise-ce-que-je-voulais-et-je-pouvais-et-pouvait\/#primaryimage\"},\"thumbnailUrl\":\"https:\/\/vieassociative.be\/actualites\/wp-content\/uploads\/2025\/07\/1752675588_La-gymnaste-en-or-de-la-Belgique-Nina-Derwael-25.jpeg\",\"keywords\":[\"ans\",\"Belgique\",\"carri\u00e8re\",\"Derwael\",\"gymnaste\",\"Jai\",\"Nina\",\"pouvais\",\"pouvait\",\"r\u00e9alise\",\"termine\",\"voulais\"],\"articleSection\":[\"Belgique\"],\"inLanguage\":\"fr-BE\"},{\"@type\":\"WebPage\",\"@id\":\"https:\/\/vieassociative.be\/actualites\/la-gymnaste-en-or-de-la-belgique-nina-derwael-25-ans-termine-sa-carriere-jai-realise-ce-que-je-voulais-et-je-pouvais-et-pouvait\/\",\"url\":\"https:\/\/vieassociative.be\/actualites\/la-gymnaste-en-or-de-la-belgique-nina-derwael-25-ans-termine-sa-carriere-jai-realise-ce-que-je-voulais-et-je-pouvais-et-pouvait\/\",\"name\":\"La gymnaste en or de la Belgique Nina Derwael (25 ans) termine sa carri\u00e8re: \\\"J'ai r\u00e9alis\u00e9 ce que je voulais et je pouvais\\\" et pouvait \\\" | Vie Associative\",\"isPartOf\":{\"@id\":\"https:\/\/vieassociative.be\/actualites\/#website\"},\"primaryImageOfPage\":{\"@id\":\"https:\/\/vieassociative.be\/actualites\/la-gymnaste-en-or-de-la-belgique-nina-derwael-25-ans-termine-sa-carriere-jai-realise-ce-que-je-voulais-et-je-pouvais-et-pouvait\/#primaryimage\"},\"image\":{\"@id\":\"https:\/\/vieassociative.be\/actualites\/la-gymnaste-en-or-de-la-belgique-nina-derwael-25-ans-termine-sa-carriere-jai-realise-ce-que-je-voulais-et-je-pouvais-et-pouvait\/#primaryimage\"},\"thumbnailUrl\":\"https:\/\/vieassociative.be\/actualites\/wp-content\/uploads\/2025\/07\/1752675588_La-gymnaste-en-or-de-la-Belgique-Nina-Derwael-25.jpeg\",\"datePublished\":\"2025-07-16T14:19:47+00:00\",\"dateModified\":\"2025-07-16T14:19:47+00:00\",\"breadcrumb\":{\"@id\":\"https:\/\/vieassociative.be\/actualites\/la-gymnaste-en-or-de-la-belgique-nina-derwael-25-ans-termine-sa-carriere-jai-realise-ce-que-je-voulais-et-je-pouvais-et-pouvait\/#breadcrumb\"},\"inLanguage\":\"fr-BE\",\"potentialAction\":[{\"@type\":\"ReadAction\",\"target\":[\"https:\/\/vieassociative.be\/actualites\/la-gymnaste-en-or-de-la-belgique-nina-derwael-25-ans-termine-sa-carriere-jai-realise-ce-que-je-voulais-et-je-pouvais-et-pouvait\/\"]}]},{\"@type\":\"ImageObject\",\"inLanguage\":\"fr-BE\",\"@id\":\"https:\/\/vieassociative.be\/actualites\/la-gymnaste-en-or-de-la-belgique-nina-derwael-25-ans-termine-sa-carriere-jai-realise-ce-que-je-voulais-et-je-pouvais-et-pouvait\/#primaryimage\",\"url\":\"https:\/\/vieassociative.be\/actualites\/wp-content\/uploads\/2025\/07\/1752675588_La-gymnaste-en-or-de-la-Belgique-Nina-Derwael-25.jpeg\",\"contentUrl\":\"https:\/\/vieassociative.be\/actualites\/wp-content\/uploads\/2025\/07\/1752675588_La-gymnaste-en-or-de-la-Belgique-Nina-Derwael-25.jpeg\",\"width\":1199,\"height\":861,\"caption\":\"La gymnaste en or de la Belgique Nina Derwael (25 ans) termine sa carri\u00e8re: \\\"J'ai r\u00e9alis\u00e9 ce que je voulais et je pouvais\\\" et pouvait \\\"\"},{\"@type\":\"BreadcrumbList\",\"@id\":\"https:\/\/vieassociative.be\/actualites\/la-gymnaste-en-or-de-la-belgique-nina-derwael-25-ans-termine-sa-carriere-jai-realise-ce-que-je-voulais-et-je-pouvais-et-pouvait\/#breadcrumb\",\"itemListElement\":[{\"@type\":\"ListItem\",\"position\":1,\"name\":\"Accueil\",\"item\":\"https:\/\/vieassociative.be\/actualites\/\"},{\"@type\":\"ListItem\",\"position\":2,\"name\":\"La gymnaste en or de la Belgique Nina Derwael (25 ans) termine sa carri\u00e8re: \u00ab\u00a0J&rsquo;ai r\u00e9alis\u00e9 ce que je voulais et je pouvais\u00a0\u00bb et pouvait \u00ab\u00a0\"}]},{\"@type\":\"WebSite\",\"@id\":\"https:\/\/vieassociative.be\/actualites\/#website\",\"url\":\"https:\/\/vieassociative.be\/actualites\/\",\"name\":\"Vie Associative\",\"description\":\"\",\"publisher\":{\"@id\":\"https:\/\/vieassociative.be\/actualites\/#organization\"},\"potentialAction\":[{\"@type\":\"SearchAction\",\"target\":{\"@type\":\"EntryPoint\",\"urlTemplate\":\"https:\/\/vieassociative.be\/actualites\/?s={search_term_string}\"},\"query-input\":{\"@type\":\"PropertyValueSpecification\",\"valueRequired\":true,\"valueName\":\"search_term_string\"}}],\"inLanguage\":\"fr-BE\"},{\"@type\":\"Organization\",\"@id\":\"https:\/\/vieassociative.be\/actualites\/#organization\",\"name\":\"Vie Associative\",\"url\":\"https:\/\/vieassociative.be\/actualites\/\",\"logo\":{\"@type\":\"ImageObject\",\"inLanguage\":\"fr-BE\",\"@id\":\"https:\/\/vieassociative.be\/actualites\/#\/schema\/logo\/image\/\",\"url\":\"https:\/\/vieassociative.be\/actualites\/wp-content\/uploads\/2024\/09\/cropped-vieassociative_favicon.ico.png\",\"contentUrl\":\"https:\/\/vieassociative.be\/actualites\/wp-content\/uploads\/2024\/09\/cropped-vieassociative_favicon.ico.png\",\"width\":512,\"height\":512,\"caption\":\"Vie Associative\"},\"image\":{\"@id\":\"https:\/\/vieassociative.be\/actualites\/#\/schema\/logo\/image\/\"}},{\"@type\":\"Person\",\"@id\":\"https:\/\/vieassociative.be\/actualites\/#\/schema\/person\/b87ac4f82f9d4e7b7cec7395b679edc4\",\"name\":\"Julien\",\"image\":{\"@type\":\"ImageObject\",\"inLanguage\":\"fr-BE\",\"@id\":\"https:\/\/vieassociative.be\/actualites\/#\/schema\/person\/image\/\",\"url\":\"https:\/\/vieassociative.be\/actualites\/wp-content\/uploads\/2024\/09\/vie-associative-1-150x150.jpg\",\"contentUrl\":\"https:\/\/vieassociative.be\/actualites\/wp-content\/uploads\/2024\/09\/vie-associative-1-150x150.jpg\",\"caption\":\"Julien\"},\"description\":\"Je suis Julien, r\u00e9dacteur pour Vie Associative. Passionn\u00e9 par le monde associatif depuis plus de 10 ans, j'ai \u00e0 c\u0153ur de partager des histoires inspirantes et de mettre en lumi\u00e8re les initiatives locales. Mon objectif est de sensibiliser et d'encourager l'engagement communautaire \u00e0 travers mes articles.\",\"sameAs\":[\"https:\/\/vieassociative.be\/\"]}]}<\/script>\n<!-- \/ Yoast SEO plugin. -->","yoast_head_json":{"title":"La gymnaste en or de la Belgique Nina Derwael (25 ans) termine sa carri\u00e8re: \"J'ai r\u00e9alis\u00e9 ce que je voulais et je pouvais\" et pouvait \" | Vie Associative","robots":{"index":"index","follow":"follow","max-snippet":"max-snippet:-1","max-image-preview":"max-image-preview:large","max-video-preview":"max-video-preview:-1"},"canonical":"https:\/\/vieassociative.be\/actualites\/la-gymnaste-en-or-de-la-belgique-nina-derwael-25-ans-termine-sa-carriere-jai-realise-ce-que-je-voulais-et-je-pouvais-et-pouvait\/","og_locale":"fr_FR","og_type":"article","og_title":"La gymnaste en or de la Belgique Nina Derwael (25 ans) termine sa carri\u00e8re: \"J'ai r\u00e9alis\u00e9 ce que je voulais et je pouvais\" et pouvait \" | Vie Associative","og_description":"\u00ab\u00a0Avec une grande \u00e9motion et une profonde admiration, nous avons annonc\u00e9 aujourd&rsquo;hui que Nina Derwael (TK Sta Paraat Hate) a d\u00e9cid\u00e9 de mettre fin \u00e0","og_url":"https:\/\/vieassociative.be\/actualites\/la-gymnaste-en-or-de-la-belgique-nina-derwael-25-ans-termine-sa-carriere-jai-realise-ce-que-je-voulais-et-je-pouvais-et-pouvait\/","og_site_name":"Vie Associative","article_published_time":"2025-07-16T14:19:47+00:00","og_image":[{"width":279,"height":92,"url":"https:\/\/vieassociative.be\/actualites\/wp-content\/uploads\/2024\/09\/header_backgroundk-01-e1726694325946.png","type":"image\/png"}],"author":"Julien","twitter_card":"summary_large_image","twitter_misc":{"\u00c9crit par":"Julien","Dur\u00e9e de lecture est.":"3 minutes"},"schema":{"@context":"https:\/\/schema.org","@graph":[{"@type":"Article","@id":"https:\/\/vieassociative.be\/actualites\/la-gymnaste-en-or-de-la-belgique-nina-derwael-25-ans-termine-sa-carriere-jai-realise-ce-que-je-voulais-et-je-pouvais-et-pouvait\/#article","isPartOf":{"@id":"https:\/\/vieassociative.be\/actualites\/la-gymnaste-en-or-de-la-belgique-nina-derwael-25-ans-termine-sa-carriere-jai-realise-ce-que-je-voulais-et-je-pouvais-et-pouvait\/"},"author":{"name":"Julien","@id":"https:\/\/vieassociative.be\/actualites\/#\/schema\/person\/b87ac4f82f9d4e7b7cec7395b679edc4"},"headline":"La gymnaste en or de la Belgique Nina Derwael (25 ans) termine sa carri\u00e8re: \u00ab\u00a0J&rsquo;ai r\u00e9alis\u00e9 ce que je voulais et je pouvais\u00a0\u00bb et pouvait \u00ab\u00a0","datePublished":"2025-07-16T14:19:47+00:00","dateModified":"2025-07-16T14:19:47+00:00","mainEntityOfPage":{"@id":"https:\/\/vieassociative.be\/actualites\/la-gymnaste-en-or-de-la-belgique-nina-derwael-25-ans-termine-sa-carriere-jai-realise-ce-que-je-voulais-et-je-pouvais-et-pouvait\/"},"wordCount":698,"publisher":{"@id":"https:\/\/vieassociative.be\/actualites\/#organization"},"image":{"@id":"https:\/\/vieassociative.be\/actualites\/la-gymnaste-en-or-de-la-belgique-nina-derwael-25-ans-termine-sa-carriere-jai-realise-ce-que-je-voulais-et-je-pouvais-et-pouvait\/#primaryimage"},"thumbnailUrl":"https:\/\/vieassociative.be\/actualites\/wp-content\/uploads\/2025\/07\/1752675588_La-gymnaste-en-or-de-la-Belgique-Nina-Derwael-25.jpeg","keywords":["ans","Belgique","carri\u00e8re","Derwael","gymnaste","Jai","Nina","pouvais","pouvait","r\u00e9alise","termine","voulais"],"articleSection":["Belgique"],"inLanguage":"fr-BE"},{"@type":"WebPage","@id":"https:\/\/vieassociative.be\/actualites\/la-gymnaste-en-or-de-la-belgique-nina-derwael-25-ans-termine-sa-carriere-jai-realise-ce-que-je-voulais-et-je-pouvais-et-pouvait\/","url":"https:\/\/vieassociative.be\/actualites\/la-gymnaste-en-or-de-la-belgique-nina-derwael-25-ans-termine-sa-carriere-jai-realise-ce-que-je-voulais-et-je-pouvais-et-pouvait\/","name":"La gymnaste en or de la Belgique Nina Derwael (25 ans) termine sa carri\u00e8re: \"J'ai r\u00e9alis\u00e9 ce que je voulais et je pouvais\" et pouvait \" | Vie Associative","isPartOf":{"@id":"https:\/\/vieassociative.be\/actualites\/#website"},"primaryImageOfPage":{"@id":"https:\/\/vieassociative.be\/actualites\/la-gymnaste-en-or-de-la-belgique-nina-derwael-25-ans-termine-sa-carriere-jai-realise-ce-que-je-voulais-et-je-pouvais-et-pouvait\/#primaryimage"},"image":{"@id":"https:\/\/vieassociative.be\/actualites\/la-gymnaste-en-or-de-la-belgique-nina-derwael-25-ans-termine-sa-carriere-jai-realise-ce-que-je-voulais-et-je-pouvais-et-pouvait\/#primaryimage"},"thumbnailUrl":"https:\/\/vieassociative.be\/actualites\/wp-content\/uploads\/2025\/07\/1752675588_La-gymnaste-en-or-de-la-Belgique-Nina-Derwael-25.jpeg","datePublished":"2025-07-16T14:19:47+00:00","dateModified":"2025-07-16T14:19:47+00:00","breadcrumb":{"@id":"https:\/\/vieassociative.be\/actualites\/la-gymnaste-en-or-de-la-belgique-nina-derwael-25-ans-termine-sa-carriere-jai-realise-ce-que-je-voulais-et-je-pouvais-et-pouvait\/#breadcrumb"},"inLanguage":"fr-BE","potentialAction":[{"@type":"ReadAction","target":["https:\/\/vieassociative.be\/actualites\/la-gymnaste-en-or-de-la-belgique-nina-derwael-25-ans-termine-sa-carriere-jai-realise-ce-que-je-voulais-et-je-pouvais-et-pouvait\/"]}]},{"@type":"ImageObject","inLanguage":"fr-BE","@id":"https:\/\/vieassociative.be\/actualites\/la-gymnaste-en-or-de-la-belgique-nina-derwael-25-ans-termine-sa-carriere-jai-realise-ce-que-je-voulais-et-je-pouvais-et-pouvait\/#primaryimage","url":"https:\/\/vieassociative.be\/actualites\/wp-content\/uploads\/2025\/07\/1752675588_La-gymnaste-en-or-de-la-Belgique-Nina-Derwael-25.jpeg","contentUrl":"https:\/\/vieassociative.be\/actualites\/wp-content\/uploads\/2025\/07\/1752675588_La-gymnaste-en-or-de-la-Belgique-Nina-Derwael-25.jpeg","width":1199,"height":861,"caption":"La gymnaste en or de la Belgique Nina Derwael (25 ans) termine sa carri\u00e8re: \"J'ai r\u00e9alis\u00e9 ce que je voulais et je pouvais\" et pouvait \""},{"@type":"BreadcrumbList","@id":"https:\/\/vieassociative.be\/actualites\/la-gymnaste-en-or-de-la-belgique-nina-derwael-25-ans-termine-sa-carriere-jai-realise-ce-que-je-voulais-et-je-pouvais-et-pouvait\/#breadcrumb","itemListElement":[{"@type":"ListItem","position":1,"name":"Accueil","item":"https:\/\/vieassociative.be\/actualites\/"},{"@type":"ListItem","position":2,"name":"La gymnaste en or de la Belgique Nina Derwael (25 ans) termine sa carri\u00e8re: \u00ab\u00a0J&rsquo;ai r\u00e9alis\u00e9 ce que je voulais et je pouvais\u00a0\u00bb et pouvait \u00ab\u00a0"}]},{"@type":"WebSite","@id":"https:\/\/vieassociative.be\/actualites\/#website","url":"https:\/\/vieassociative.be\/actualites\/","name":"Vie Associative","description":"","publisher":{"@id":"https:\/\/vieassociative.be\/actualites\/#organization"},"potentialAction":[{"@type":"SearchAction","target":{"@type":"EntryPoint","urlTemplate":"https:\/\/vieassociative.be\/actualites\/?s={search_term_string}"},"query-input":{"@type":"PropertyValueSpecification","valueRequired":true,"valueName":"search_term_string"}}],"inLanguage":"fr-BE"},{"@type":"Organization","@id":"https:\/\/vieassociative.be\/actualites\/#organization","name":"Vie Associative","url":"https:\/\/vieassociative.be\/actualites\/","logo":{"@type":"ImageObject","inLanguage":"fr-BE","@id":"https:\/\/vieassociative.be\/actualites\/#\/schema\/logo\/image\/","url":"https:\/\/vieassociative.be\/actualites\/wp-content\/uploads\/2024\/09\/cropped-vieassociative_favicon.ico.png","contentUrl":"https:\/\/vieassociative.be\/actualites\/wp-content\/uploads\/2024\/09\/cropped-vieassociative_favicon.ico.png","width":512,"height":512,"caption":"Vie Associative"},"image":{"@id":"https:\/\/vieassociative.be\/actualites\/#\/schema\/logo\/image\/"}},{"@type":"Person","@id":"https:\/\/vieassociative.be\/actualites\/#\/schema\/person\/b87ac4f82f9d4e7b7cec7395b679edc4","name":"Julien","image":{"@type":"ImageObject","inLanguage":"fr-BE","@id":"https:\/\/vieassociative.be\/actualites\/#\/schema\/person\/image\/","url":"https:\/\/vieassociative.be\/actualites\/wp-content\/uploads\/2024\/09\/vie-associative-1-150x150.jpg","contentUrl":"https:\/\/vieassociative.be\/actualites\/wp-content\/uploads\/2024\/09\/vie-associative-1-150x150.jpg","caption":"Julien"},"description":"Je suis Julien, r\u00e9dacteur pour Vie Associative. Passionn\u00e9 par le monde associatif depuis plus de 10 ans, j'ai \u00e0 c\u0153ur de partager des histoires inspirantes et de mettre en lumi\u00e8re les initiatives locales. Mon objectif est de sensibiliser et d'encourager l'engagement communautaire \u00e0 travers mes articles.","sameAs":["https:\/\/vieassociative.be\/"]}]}},"_links":{"self":[{"href":"https:\/\/vieassociative.be\/actualites\/wp-json\/wp\/v2\/posts\/8788"}],"collection":[{"href":"https:\/\/vieassociative.be\/actualites\/wp-json\/wp\/v2\/posts"}],"about":[{"href":"https:\/\/vieassociative.be\/actualites\/wp-json\/wp\/v2\/types\/post"}],"author":[{"embeddable":true,"href":"https:\/\/vieassociative.be\/actualites\/wp-json\/wp\/v2\/users\/1"}],"replies":[{"embeddable":true,"href":"https:\/\/vieassociative.be\/actualites\/wp-json\/wp\/v2\/comments?post=8788"}],"version-history":[{"count":0,"href":"https:\/\/vieassociative.be\/actualites\/wp-json\/wp\/v2\/posts\/8788\/revisions"}],"wp:featuredmedia":[{"embeddable":true,"href":"https:\/\/vieassociative.be\/actualites\/wp-json\/wp\/v2\/media\/8789"}],"wp:attachment":[{"href":"https:\/\/vieassociative.be\/actualites\/wp-json\/wp\/v2\/media?parent=8788"}],"wp:term":[{"taxonomy":"category","embeddable":true,"href":"https:\/\/vieassociative.be\/actualites\/wp-json\/wp\/v2\/categories?post=8788"},{"taxonomy":"post_tag","embeddable":true,"href":"https:\/\/vieassociative.be\/actualites\/wp-json\/wp\/v2\/tags?post=8788"}],"curies":[{"name":"wp","href":"https:\/\/api.w.org\/{rel}","templated":true}]}}