{"id":8784,"date":"2025-07-16T14:18:30","date_gmt":"2025-07-16T12:18:30","guid":{"rendered":"https:\/\/vieassociative.be\/actualites\/manger-des-restes-de-riz-est-il-vraiment-dangereux\/"},"modified":"2025-07-16T14:18:30","modified_gmt":"2025-07-16T12:18:30","slug":"manger-des-restes-de-riz-est-il-vraiment-dangereux","status":"publish","type":"post","link":"https:\/\/vieassociative.be\/actualites\/manger-des-restes-de-riz-est-il-vraiment-dangereux\/","title":{"rendered":"Manger des restes de riz est-il vraiment dangereux?"},"content":{"rendered":"<div class=\"mt-4 leading-6 md:mb-8\">Les m\u00e9dias sociaux vous diront qu&rsquo;un conteneur de riz restant est une bombe \u00e0 retardement.<\/div>\n<p><\/p>\n<p>De temps en temps, la vieille rumeur de riz tourbillonnera &#8211; quelque chose dans le sens de \u00ab\u00a0manger du riz restant vous rendra s\u00fbrement malade sinon vous tuer\u00a0\u00bb. Permettez-moi d&rsquo;\u00eatre le porteur de bonnes nouvelles: vous n&rsquo;avez pas \u00e0 jeter le poulet froid et le riz que vous avez sauv\u00e9s, car le riz peut rester dans le r\u00e9frig\u00e9rateur plus longtemps que vous ne le pensez.<\/p>\n<h2 id=\"is-eating-leftover-rice-dangerous\">Manger des restes de riz est-il dangereux? <\/h2>\n<p>La rumeur populaire que vous avez peut-\u00eatre entendue sur les restes du riz toxique est probablement une exag\u00e9ration. Les restes de riz ne sont pas en soi mauvais ou non comestibles &#8211; rien de plus que d&rsquo;autres aliments. Bien que tout empoisonnement alimentaire soit pris au s\u00e9rieux, il existe des moyens simples de l&rsquo;\u00e9viter. <\/p>\n<p>Pour \u00eatre clair, le coupable en question ici est Bacillus cereus, et les spores peuvent exister sur de nombreux aliments restants diff\u00e9rents, y compris le riz, mais aussi les haricots, les viandes, le fromage, les pommes de terre et les p\u00e2tes. En effet, Bacillus cereus est courant dans notre environnement et trouv\u00e9 dans le sol. (Les concombres frais sont populaires aupr\u00e8s de Bacillus cereus.) Je pense donc que nous pouvons nous \u00e9loigner de la pratique d&rsquo;appeler les malades \u00absyndrome du riz frit\u00bb. <\/p>\n<h2 id=\"how-long-can-rice-be-kept-in-the-fridge\">Combien de temps le riz peut-il \u00eatre conserv\u00e9 au r\u00e9frig\u00e9rateur?<\/h2>\n<p>Le riz, comme tous les aliments, est mieux mang\u00e9 lorsque vous avez suivi les r\u00e8gles r\u00e9guli\u00e8res de la s\u00e9curit\u00e9 alimentaire, selon l&rsquo;USDA. Plus pr\u00e9cis\u00e9ment, une fois le riz cuit, ne le laissez pas assis \u00e0 temp\u00e9rature ambiante pendant plus de deux heures. Enveloppez-le ou boxez-le dans un r\u00e9cipient avec un couvercle d&rsquo;ajustement serr\u00e9 et placez-le au r\u00e9frig\u00e9rateur apr\u00e8s cette horaire. L\u00e0, il peut rester en toute s\u00e9curit\u00e9 pour <strong>jusqu&rsquo;\u00e0 cinq jours<\/strong>, <em>ou<\/em> (Hack Alert!) Vous pouvez congeler votre riz pour <strong>jusqu&rsquo;\u00e0 trois mois<\/strong>.<\/p>\n<div class=\"eloquent-imagery-image\">\n<div class=\"flex justify-center\">\n                    <img decoding=\"async\" class=\"border border-gray-100\" src=\"https:\/\/vieassociative.be\/actualites\/wp-content\/uploads\/2025\/07\/Manger-des-restes-de-riz-est-il-vraiment-dangereux.jpg\" alt=\"Un r\u00e9cipient en plastique \u00e0 bilan rouge avec du riz dans le r\u00e9frig\u00e9rateur.\" width=\"2000\" height=\"1124\" loading=\"lazy\"  >\n            <\/div>\n<\/p><\/div>\n<p>Encore une fois, comme pour tous les restes, vous voudrez r\u00e9chauffer votre riz avant de le manger. Faites-le de toute mani\u00e8re que vous aimez &#8211; microwave, po\u00eale, bateau \u00e0 vapeur ou soupe. L&rsquo;objectif est de ramener la temp\u00e9rature du riz \u00e0 un minimum de 140 \u00b0 F, ce qui le retire en toute s\u00e9curit\u00e9 de la \u00abzone de danger\u00bb. Le r\u00e9sultat ressemblera \u00e0 du riz fumant et le riz sera chaud au toucher. <\/p>\n<div class=\"pogoClear relative my-10 border-b-(1.5px) border-t-(1.5px) border-dashed border-black py-5 sm:my-14 sm:border-0 sm:py-0\" data-ga-click data-ga-template=\"Explainers\" data-ga-module=\"openweb_widget\" data-ga-element=\"openweb_scroll\" data-ga-item=\"openweb_scroll_midpage\" x-data=\"{\n         commentsCount: null,\n         hasComments: false,\n         async fetchCommentsCount() {\n             try {\n                 if (window.openweb &amp;&amp; typeof window.openweb.getMessagesCount === 'function') {\n                     this.commentsCount = await window.openweb.getMessagesCount('01K07KR1SM9EBG6WV47R89CE06');\n                     this.hasComments = this.commentsCount !== null &amp;&amp; this.commentsCount &gt; 0;\n                 }\n             } catch (e) {\n                 console.warn('Failed to fetch comment count:', e);\n             }\n         }\n     }\" x-init=\"fetchCommentsCount()\" x-cloak><\/p>\n<div class=\"absolute top-1\/2 hidden w-full -translate-y-1\/2 border-t-(1.5px) border-dashed border-black sm:block\"><\/div>\n<div class=\"relative flex justify-center\">\n<div class=\"flex max-w-fit items-center gap-x-3 bg-white px-5\">\n<div class=\"relative\">\n                <span class=\"absolute left-1\/2 top-1\/2 -translate-x-1\/2 -translate-y-1\/2 font-akshar text-sm font-medium text-black\" aria-live=\"polite\" x-show=\"hasComments\" x-text=\"commentsCount\"><\/span><\/p>\n<p>                <svg class=\"h-8 w-8 text-black\" role=\"img\" aria-hidden=\"true\">\n                    <use href=\"http:\/\/lifehacker.com\/images\/icons\/spritemap.svg#sprite-chat-bubble\"><\/use>\n                <\/svg>\n            <\/div>\n<p>            <span class=\"text-sm font-medium text-black\"><\/p>\n<p>                Que pensez-vous jusqu&rsquo;\u00e0 pr\u00e9sent?<br \/>\n                <button class=\"ml-1 font-semibold text-brand-green underline hover:text-brand-green-700\" type=\"button\" aria-label=\"Comment section trigger\" onclick=\"window.openweb.scrollToComments('01K07KR1SM9EBG6WV47R89CE06')\" x-text=\"hasComments ? 'Post a comment.' : 'Be the first to post a comment.'\"><\/button><br \/>\n            <\/span>\n        <\/div>\n<\/p><\/div>\n<\/div>\n<h2 id=\"how-to-easily-and-safely-reheat-leftover-rice\">Comment r\u00e9chauffer facilement et en toute s\u00e9curit\u00e9 le riz restant<\/h2>\n<p>Pour r\u00e9chauffer le riz, je ramasse habituellement la quantit\u00e9 que je veux dans un bol \u00e0 micro-ondes, ajoute une petite cuiller\u00e9e d&rsquo;eau, le recouvrez dans un couvercle au micro-ondes et le noue pendant environ une minute. (Il peut \u00eatre plus long si vous chauffez beaucoup de riz) lorsque je d\u00e9couvre que la vapeur du bol se gonflera et que le riz sera moelleux, renouvel\u00e9 et s\u00fbr \u00e0 consommer.<\/p>\n<p>Personnellement, j&rsquo;ai v\u00e9cu une vie saine en ignorant parfois les r\u00e8gles en mangeant du riz \u00e0 temp\u00e9rature ambiante de zone-y. Je n&rsquo;en fais pas une habitude et je ne sugg\u00e8re certainement pas que les autres en prennent une habitude. Du point de vue de la texture, je ne mange jamais de riz froid \u00e0 r\u00e9frig\u00e9rateur, ni de f\u00e9min-amies froides d&rsquo;ailleurs, car les amidons s&#8217;emparent quand ils se refroidissent, devenant durs et granuleux. Pourquoi risquer les bact\u00e9ries <em>et<\/em> Une fa\u00e7on d\u00e9sagr\u00e9able en bouche? <\/p>\n<p>Ne gaspillez pas vos restes, r\u00e9chauffez votre riz et profitez des possibilit\u00e9s avec des salades de riz chaudes, des plats de riz cr\u00e9meux et explorez le grand monde des haricots et du riz.<\/p>\n","protected":false},"excerpt":{"rendered":"<p>Les m\u00e9dias sociaux vous diront qu&rsquo;un conteneur de riz restant est une bombe \u00e0 retardement. De temps en temps, la vieille rumeur de riz tourbillonnera<\/p>\n","protected":false},"author":1,"featured_media":8785,"comment_status":"","ping_status":"","sticky":false,"template":"","format":"standard","meta":{"footnotes":""},"categories":[38],"tags":[1898,29,586,1170,4185,212,523],"class_list":["post-8784","post","type-post","status-publish","format-standard","has-post-thumbnail","hentry","category-sante","tag-dangereux","tag-des","tag-estil","tag-manger","tag-restes","tag-riz","tag-vraiment","generate-columns","tablet-grid-50","mobile-grid-100","grid-parent","grid-33"],"yoast_head":"<!-- This site is optimized with the Yoast SEO plugin v24.0 - https:\/\/yoast.com\/wordpress\/plugins\/seo\/ -->\n<title>Manger des restes de riz est-il vraiment dangereux? | Vie Associative<\/title>\n<meta name=\"robots\" content=\"index, follow, max-snippet:-1, max-image-preview:large, max-video-preview:-1\" \/>\n<link rel=\"canonical\" href=\"https:\/\/vieassociative.be\/actualites\/manger-des-restes-de-riz-est-il-vraiment-dangereux\/\" \/>\n<meta property=\"og:locale\" content=\"fr_FR\" \/>\n<meta property=\"og:type\" content=\"article\" \/>\n<meta property=\"og:title\" content=\"Manger des restes de riz est-il vraiment dangereux? | Vie Associative\" \/>\n<meta property=\"og:description\" content=\"Les m\u00e9dias sociaux vous diront qu&rsquo;un conteneur de riz restant est une bombe \u00e0 retardement. De temps en temps, la vieille rumeur de riz tourbillonnera\" \/>\n<meta property=\"og:url\" content=\"https:\/\/vieassociative.be\/actualites\/manger-des-restes-de-riz-est-il-vraiment-dangereux\/\" \/>\n<meta property=\"og:site_name\" content=\"Vie Associative\" \/>\n<meta property=\"article:published_time\" content=\"2025-07-16T12:18:30+00:00\" \/>\n<meta property=\"og:image\" content=\"https:\/\/vieassociative.be\/actualites\/wp-content\/uploads\/2025\/07\/Manger-des-restes-de-riz-est-il-vraiment-dangereux.jpg\" \/>\n<meta name=\"author\" content=\"Julien\" \/>\n<meta name=\"twitter:card\" content=\"summary_large_image\" \/>\n<meta name=\"twitter:label1\" content=\"\u00c9crit par\" \/>\n\t<meta name=\"twitter:data1\" content=\"Julien\" \/>\n\t<meta name=\"twitter:label2\" content=\"Dur\u00e9e de lecture est.\" \/>\n\t<meta name=\"twitter:data2\" content=\"3 minutes\" \/>\n<script type=\"application\/ld+json\" class=\"yoast-schema-graph\">{\"@context\":\"https:\/\/schema.org\",\"@graph\":[{\"@type\":\"Article\",\"@id\":\"https:\/\/vieassociative.be\/actualites\/manger-des-restes-de-riz-est-il-vraiment-dangereux\/#article\",\"isPartOf\":{\"@id\":\"https:\/\/vieassociative.be\/actualites\/manger-des-restes-de-riz-est-il-vraiment-dangereux\/\"},\"author\":{\"name\":\"Julien\",\"@id\":\"https:\/\/vieassociative.be\/actualites\/#\/schema\/person\/b87ac4f82f9d4e7b7cec7395b679edc4\"},\"headline\":\"Manger des restes de riz est-il vraiment dangereux?\",\"datePublished\":\"2025-07-16T12:18:30+00:00\",\"dateModified\":\"2025-07-16T12:18:30+00:00\",\"mainEntityOfPage\":{\"@id\":\"https:\/\/vieassociative.be\/actualites\/manger-des-restes-de-riz-est-il-vraiment-dangereux\/\"},\"wordCount\":648,\"publisher\":{\"@id\":\"https:\/\/vieassociative.be\/actualites\/#organization\"},\"image\":{\"@id\":\"https:\/\/vieassociative.be\/actualites\/manger-des-restes-de-riz-est-il-vraiment-dangereux\/#primaryimage\"},\"thumbnailUrl\":\"https:\/\/vieassociative.be\/actualites\/wp-content\/uploads\/2025\/07\/1752668311_Manger-des-restes-de-riz-est-il-vraiment-dangereux.jpg\",\"keywords\":[\"dangereux\",\"Des\",\"estil\",\"manger\",\"restes\",\"riz\",\"vraiment\"],\"articleSection\":[\"Sant\u00e9\"],\"inLanguage\":\"fr-BE\"},{\"@type\":\"WebPage\",\"@id\":\"https:\/\/vieassociative.be\/actualites\/manger-des-restes-de-riz-est-il-vraiment-dangereux\/\",\"url\":\"https:\/\/vieassociative.be\/actualites\/manger-des-restes-de-riz-est-il-vraiment-dangereux\/\",\"name\":\"Manger des restes de riz est-il vraiment dangereux? | Vie Associative\",\"isPartOf\":{\"@id\":\"https:\/\/vieassociative.be\/actualites\/#website\"},\"primaryImageOfPage\":{\"@id\":\"https:\/\/vieassociative.be\/actualites\/manger-des-restes-de-riz-est-il-vraiment-dangereux\/#primaryimage\"},\"image\":{\"@id\":\"https:\/\/vieassociative.be\/actualites\/manger-des-restes-de-riz-est-il-vraiment-dangereux\/#primaryimage\"},\"thumbnailUrl\":\"https:\/\/vieassociative.be\/actualites\/wp-content\/uploads\/2025\/07\/1752668311_Manger-des-restes-de-riz-est-il-vraiment-dangereux.jpg\",\"datePublished\":\"2025-07-16T12:18:30+00:00\",\"dateModified\":\"2025-07-16T12:18:30+00:00\",\"breadcrumb\":{\"@id\":\"https:\/\/vieassociative.be\/actualites\/manger-des-restes-de-riz-est-il-vraiment-dangereux\/#breadcrumb\"},\"inLanguage\":\"fr-BE\",\"potentialAction\":[{\"@type\":\"ReadAction\",\"target\":[\"https:\/\/vieassociative.be\/actualites\/manger-des-restes-de-riz-est-il-vraiment-dangereux\/\"]}]},{\"@type\":\"ImageObject\",\"inLanguage\":\"fr-BE\",\"@id\":\"https:\/\/vieassociative.be\/actualites\/manger-des-restes-de-riz-est-il-vraiment-dangereux\/#primaryimage\",\"url\":\"https:\/\/vieassociative.be\/actualites\/wp-content\/uploads\/2025\/07\/1752668311_Manger-des-restes-de-riz-est-il-vraiment-dangereux.jpg\",\"contentUrl\":\"https:\/\/vieassociative.be\/actualites\/wp-content\/uploads\/2025\/07\/1752668311_Manger-des-restes-de-riz-est-il-vraiment-dangereux.jpg\",\"width\":1200,\"height\":675,\"caption\":\"Manger des restes de riz est-il vraiment dangereux?\"},{\"@type\":\"BreadcrumbList\",\"@id\":\"https:\/\/vieassociative.be\/actualites\/manger-des-restes-de-riz-est-il-vraiment-dangereux\/#breadcrumb\",\"itemListElement\":[{\"@type\":\"ListItem\",\"position\":1,\"name\":\"Accueil\",\"item\":\"https:\/\/vieassociative.be\/actualites\/\"},{\"@type\":\"ListItem\",\"position\":2,\"name\":\"Manger des restes de riz est-il vraiment dangereux?\"}]},{\"@type\":\"WebSite\",\"@id\":\"https:\/\/vieassociative.be\/actualites\/#website\",\"url\":\"https:\/\/vieassociative.be\/actualites\/\",\"name\":\"Vie Associative\",\"description\":\"\",\"publisher\":{\"@id\":\"https:\/\/vieassociative.be\/actualites\/#organization\"},\"potentialAction\":[{\"@type\":\"SearchAction\",\"target\":{\"@type\":\"EntryPoint\",\"urlTemplate\":\"https:\/\/vieassociative.be\/actualites\/?s={search_term_string}\"},\"query-input\":{\"@type\":\"PropertyValueSpecification\",\"valueRequired\":true,\"valueName\":\"search_term_string\"}}],\"inLanguage\":\"fr-BE\"},{\"@type\":\"Organization\",\"@id\":\"https:\/\/vieassociative.be\/actualites\/#organization\",\"name\":\"Vie Associative\",\"url\":\"https:\/\/vieassociative.be\/actualites\/\",\"logo\":{\"@type\":\"ImageObject\",\"inLanguage\":\"fr-BE\",\"@id\":\"https:\/\/vieassociative.be\/actualites\/#\/schema\/logo\/image\/\",\"url\":\"https:\/\/vieassociative.be\/actualites\/wp-content\/uploads\/2024\/09\/cropped-vieassociative_favicon.ico.png\",\"contentUrl\":\"https:\/\/vieassociative.be\/actualites\/wp-content\/uploads\/2024\/09\/cropped-vieassociative_favicon.ico.png\",\"width\":512,\"height\":512,\"caption\":\"Vie Associative\"},\"image\":{\"@id\":\"https:\/\/vieassociative.be\/actualites\/#\/schema\/logo\/image\/\"}},{\"@type\":\"Person\",\"@id\":\"https:\/\/vieassociative.be\/actualites\/#\/schema\/person\/b87ac4f82f9d4e7b7cec7395b679edc4\",\"name\":\"Julien\",\"image\":{\"@type\":\"ImageObject\",\"inLanguage\":\"fr-BE\",\"@id\":\"https:\/\/vieassociative.be\/actualites\/#\/schema\/person\/image\/\",\"url\":\"https:\/\/vieassociative.be\/actualites\/wp-content\/uploads\/2024\/09\/vie-associative-1-150x150.jpg\",\"contentUrl\":\"https:\/\/vieassociative.be\/actualites\/wp-content\/uploads\/2024\/09\/vie-associative-1-150x150.jpg\",\"caption\":\"Julien\"},\"description\":\"Je suis Julien, r\u00e9dacteur pour Vie Associative. Passionn\u00e9 par le monde associatif depuis plus de 10 ans, j'ai \u00e0 c\u0153ur de partager des histoires inspirantes et de mettre en lumi\u00e8re les initiatives locales. Mon objectif est de sensibiliser et d'encourager l'engagement communautaire \u00e0 travers mes articles.\",\"sameAs\":[\"https:\/\/vieassociative.be\/\"]}]}<\/script>\n<!-- \/ Yoast SEO plugin. -->","yoast_head_json":{"title":"Manger des restes de riz est-il vraiment dangereux? | Vie Associative","robots":{"index":"index","follow":"follow","max-snippet":"max-snippet:-1","max-image-preview":"max-image-preview:large","max-video-preview":"max-video-preview:-1"},"canonical":"https:\/\/vieassociative.be\/actualites\/manger-des-restes-de-riz-est-il-vraiment-dangereux\/","og_locale":"fr_FR","og_type":"article","og_title":"Manger des restes de riz est-il vraiment dangereux? | Vie Associative","og_description":"Les m\u00e9dias sociaux vous diront qu&rsquo;un conteneur de riz restant est une bombe \u00e0 retardement. De temps en temps, la vieille rumeur de riz tourbillonnera","og_url":"https:\/\/vieassociative.be\/actualites\/manger-des-restes-de-riz-est-il-vraiment-dangereux\/","og_site_name":"Vie Associative","article_published_time":"2025-07-16T12:18:30+00:00","og_image":[{"url":"https:\/\/vieassociative.be\/actualites\/wp-content\/uploads\/2025\/07\/Manger-des-restes-de-riz-est-il-vraiment-dangereux.jpg","type":"","width":"","height":""}],"author":"Julien","twitter_card":"summary_large_image","twitter_misc":{"\u00c9crit par":"Julien","Dur\u00e9e de lecture est.":"3 minutes"},"schema":{"@context":"https:\/\/schema.org","@graph":[{"@type":"Article","@id":"https:\/\/vieassociative.be\/actualites\/manger-des-restes-de-riz-est-il-vraiment-dangereux\/#article","isPartOf":{"@id":"https:\/\/vieassociative.be\/actualites\/manger-des-restes-de-riz-est-il-vraiment-dangereux\/"},"author":{"name":"Julien","@id":"https:\/\/vieassociative.be\/actualites\/#\/schema\/person\/b87ac4f82f9d4e7b7cec7395b679edc4"},"headline":"Manger des restes de riz est-il vraiment dangereux?","datePublished":"2025-07-16T12:18:30+00:00","dateModified":"2025-07-16T12:18:30+00:00","mainEntityOfPage":{"@id":"https:\/\/vieassociative.be\/actualites\/manger-des-restes-de-riz-est-il-vraiment-dangereux\/"},"wordCount":648,"publisher":{"@id":"https:\/\/vieassociative.be\/actualites\/#organization"},"image":{"@id":"https:\/\/vieassociative.be\/actualites\/manger-des-restes-de-riz-est-il-vraiment-dangereux\/#primaryimage"},"thumbnailUrl":"https:\/\/vieassociative.be\/actualites\/wp-content\/uploads\/2025\/07\/1752668311_Manger-des-restes-de-riz-est-il-vraiment-dangereux.jpg","keywords":["dangereux","Des","estil","manger","restes","riz","vraiment"],"articleSection":["Sant\u00e9"],"inLanguage":"fr-BE"},{"@type":"WebPage","@id":"https:\/\/vieassociative.be\/actualites\/manger-des-restes-de-riz-est-il-vraiment-dangereux\/","url":"https:\/\/vieassociative.be\/actualites\/manger-des-restes-de-riz-est-il-vraiment-dangereux\/","name":"Manger des restes de riz est-il vraiment dangereux? | Vie Associative","isPartOf":{"@id":"https:\/\/vieassociative.be\/actualites\/#website"},"primaryImageOfPage":{"@id":"https:\/\/vieassociative.be\/actualites\/manger-des-restes-de-riz-est-il-vraiment-dangereux\/#primaryimage"},"image":{"@id":"https:\/\/vieassociative.be\/actualites\/manger-des-restes-de-riz-est-il-vraiment-dangereux\/#primaryimage"},"thumbnailUrl":"https:\/\/vieassociative.be\/actualites\/wp-content\/uploads\/2025\/07\/1752668311_Manger-des-restes-de-riz-est-il-vraiment-dangereux.jpg","datePublished":"2025-07-16T12:18:30+00:00","dateModified":"2025-07-16T12:18:30+00:00","breadcrumb":{"@id":"https:\/\/vieassociative.be\/actualites\/manger-des-restes-de-riz-est-il-vraiment-dangereux\/#breadcrumb"},"inLanguage":"fr-BE","potentialAction":[{"@type":"ReadAction","target":["https:\/\/vieassociative.be\/actualites\/manger-des-restes-de-riz-est-il-vraiment-dangereux\/"]}]},{"@type":"ImageObject","inLanguage":"fr-BE","@id":"https:\/\/vieassociative.be\/actualites\/manger-des-restes-de-riz-est-il-vraiment-dangereux\/#primaryimage","url":"https:\/\/vieassociative.be\/actualites\/wp-content\/uploads\/2025\/07\/1752668311_Manger-des-restes-de-riz-est-il-vraiment-dangereux.jpg","contentUrl":"https:\/\/vieassociative.be\/actualites\/wp-content\/uploads\/2025\/07\/1752668311_Manger-des-restes-de-riz-est-il-vraiment-dangereux.jpg","width":1200,"height":675,"caption":"Manger des restes de riz est-il vraiment dangereux?"},{"@type":"BreadcrumbList","@id":"https:\/\/vieassociative.be\/actualites\/manger-des-restes-de-riz-est-il-vraiment-dangereux\/#breadcrumb","itemListElement":[{"@type":"ListItem","position":1,"name":"Accueil","item":"https:\/\/vieassociative.be\/actualites\/"},{"@type":"ListItem","position":2,"name":"Manger des restes de riz est-il vraiment dangereux?"}]},{"@type":"WebSite","@id":"https:\/\/vieassociative.be\/actualites\/#website","url":"https:\/\/vieassociative.be\/actualites\/","name":"Vie Associative","description":"","publisher":{"@id":"https:\/\/vieassociative.be\/actualites\/#organization"},"potentialAction":[{"@type":"SearchAction","target":{"@type":"EntryPoint","urlTemplate":"https:\/\/vieassociative.be\/actualites\/?s={search_term_string}"},"query-input":{"@type":"PropertyValueSpecification","valueRequired":true,"valueName":"search_term_string"}}],"inLanguage":"fr-BE"},{"@type":"Organization","@id":"https:\/\/vieassociative.be\/actualites\/#organization","name":"Vie Associative","url":"https:\/\/vieassociative.be\/actualites\/","logo":{"@type":"ImageObject","inLanguage":"fr-BE","@id":"https:\/\/vieassociative.be\/actualites\/#\/schema\/logo\/image\/","url":"https:\/\/vieassociative.be\/actualites\/wp-content\/uploads\/2024\/09\/cropped-vieassociative_favicon.ico.png","contentUrl":"https:\/\/vieassociative.be\/actualites\/wp-content\/uploads\/2024\/09\/cropped-vieassociative_favicon.ico.png","width":512,"height":512,"caption":"Vie Associative"},"image":{"@id":"https:\/\/vieassociative.be\/actualites\/#\/schema\/logo\/image\/"}},{"@type":"Person","@id":"https:\/\/vieassociative.be\/actualites\/#\/schema\/person\/b87ac4f82f9d4e7b7cec7395b679edc4","name":"Julien","image":{"@type":"ImageObject","inLanguage":"fr-BE","@id":"https:\/\/vieassociative.be\/actualites\/#\/schema\/person\/image\/","url":"https:\/\/vieassociative.be\/actualites\/wp-content\/uploads\/2024\/09\/vie-associative-1-150x150.jpg","contentUrl":"https:\/\/vieassociative.be\/actualites\/wp-content\/uploads\/2024\/09\/vie-associative-1-150x150.jpg","caption":"Julien"},"description":"Je suis Julien, r\u00e9dacteur pour Vie Associative. Passionn\u00e9 par le monde associatif depuis plus de 10 ans, j'ai \u00e0 c\u0153ur de partager des histoires inspirantes et de mettre en lumi\u00e8re les initiatives locales. Mon objectif est de sensibiliser et d'encourager l'engagement communautaire \u00e0 travers mes articles.","sameAs":["https:\/\/vieassociative.be\/"]}]}},"_links":{"self":[{"href":"https:\/\/vieassociative.be\/actualites\/wp-json\/wp\/v2\/posts\/8784"}],"collection":[{"href":"https:\/\/vieassociative.be\/actualites\/wp-json\/wp\/v2\/posts"}],"about":[{"href":"https:\/\/vieassociative.be\/actualites\/wp-json\/wp\/v2\/types\/post"}],"author":[{"embeddable":true,"href":"https:\/\/vieassociative.be\/actualites\/wp-json\/wp\/v2\/users\/1"}],"replies":[{"embeddable":true,"href":"https:\/\/vieassociative.be\/actualites\/wp-json\/wp\/v2\/comments?post=8784"}],"version-history":[{"count":0,"href":"https:\/\/vieassociative.be\/actualites\/wp-json\/wp\/v2\/posts\/8784\/revisions"}],"wp:featuredmedia":[{"embeddable":true,"href":"https:\/\/vieassociative.be\/actualites\/wp-json\/wp\/v2\/media\/8785"}],"wp:attachment":[{"href":"https:\/\/vieassociative.be\/actualites\/wp-json\/wp\/v2\/media?parent=8784"}],"wp:term":[{"taxonomy":"category","embeddable":true,"href":"https:\/\/vieassociative.be\/actualites\/wp-json\/wp\/v2\/categories?post=8784"},{"taxonomy":"post_tag","embeddable":true,"href":"https:\/\/vieassociative.be\/actualites\/wp-json\/wp\/v2\/tags?post=8784"}],"curies":[{"name":"wp","href":"https:\/\/api.w.org\/{rel}","templated":true}]}}