{"id":8780,"date":"2025-07-16T09:17:33","date_gmt":"2025-07-16T07:17:33","guid":{"rendered":"https:\/\/vieassociative.be\/actualites\/la-societe-mere-de-tiktok-pourrait-travailler-sur-des-lunettes-de-realite-mixte\/"},"modified":"2025-07-16T09:17:33","modified_gmt":"2025-07-16T07:17:33","slug":"la-societe-mere-de-tiktok-pourrait-travailler-sur-des-lunettes-de-realite-mixte","status":"publish","type":"post","link":"https:\/\/vieassociative.be\/actualites\/la-societe-mere-de-tiktok-pourrait-travailler-sur-des-lunettes-de-realite-mixte\/","title":{"rendered":"La soci\u00e9t\u00e9 m\u00e8re de Tiktok pourrait travailler sur des lunettes de \u00abr\u00e9alit\u00e9 mixte\u00bb"},"content":{"rendered":"<div class=\"mt-4 leading-6 md:mb-8\">La bataille sur l&rsquo;avenir de l&rsquo;AR \/ VR \/ XR se r\u00e9chauffe.<\/div>\n<p><\/p>\n<p>ByTedance, la soci\u00e9t\u00e9 m\u00e8re de Tiktok, travaillerait sur des lunettes de r\u00e9alit\u00e9 mixte qui pourraient potentiellement aller de la m\u00e9ta dans l&rsquo;espace portable de la r\u00e9alit\u00e9 virtuelle \/ augment\u00e9e. L&rsquo;\u00e9quipe derri\u00e8re le casque Pico 4 VR de l&rsquo;entreprise aurait d\u00e9velopp\u00e9 un portable plus petit et plus l\u00e9ger pour la r\u00e9alit\u00e9 mixte. On dit qu&rsquo;il est similaire dans son ensemble de fonctionnalit\u00e9s dans les prochaines lunettes intelligentes de Meta. <\/p>\n<p>Les lunettes de ByTedance seraient \u00e0 peu pr\u00e8s la taille des lunettes VR de BigScreen Beyond, qui p\u00e8sent environ 100 grammes. Comme le prototype d&rsquo;Orion de Meta, le calcul lourd de calcul se fera principalement dans une rondelle s\u00e9par\u00e9e. Contrairement \u00e0 l&rsquo;Orion, l&rsquo;appareil suppl\u00e9mentaire se fixera aux lunettes via un fil.<\/p>\n<p>Il n&rsquo;y a pas encore de mot \u00e0 savoir si l&rsquo;appareil sera publi\u00e9 sous la marque PICO, ou m\u00eame lorsqu&rsquo;il sera lanc\u00e9. Mais une question plus d\u00e9licate pourrait \u00eatre <em>o\u00f9<\/em> Il sera vendu &#8211; une lib\u00e9ration en Chine semble certaine, mais \u00e9tant donn\u00e9 la relation controvers\u00e9e entre le gouvernement am\u00e9ricain et Tiktok, il est difficile d&rsquo;imaginer que ce sera un processus fluide pour Bytedance de publier du mat\u00e9riel aux \u00c9tats-Unis de si t\u00f4t.<\/p>\n<p>ByTedance aurait accept\u00e9 de c\u00e9der ses op\u00e9rations Tiktok aux \u00c9tats-Unis, comme le mandat\u00e9 par la loi f\u00e9d\u00e9rale pour \u00e9viter une interdiction nationale, et travaillera \u00e9galement sur une version sp\u00e9cifique de l&rsquo;Am\u00e9rique de l&rsquo;application Tiktok. Peut-\u00eatre que, une fois que la poussi\u00e8re se d\u00e9posera et que tout se refroidira, nous verrons des casques XR de marque ByTedance sur les \u00e9tag\u00e8res de nous \u00e0 c\u00f4t\u00e9 de celles de Metas.<\/p>\n<div class=\"pogoClear relative my-10 border-b-(1.5px) border-t-(1.5px) border-dashed border-black py-5 sm:my-14 sm:border-0 sm:py-0\" data-ga-click data-ga-template=\"News\" data-ga-module=\"openweb_widget\" data-ga-element=\"openweb_scroll\" data-ga-item=\"openweb_scroll_midpage\" x-data=\"{\n         commentsCount: null,\n         hasComments: false,\n         async fetchCommentsCount() {\n             try {\n                 if (window.openweb &amp;&amp; typeof window.openweb.getMessagesCount === 'function') {\n                     this.commentsCount = await window.openweb.getMessagesCount('01K07YNRRG4E32DSC0HAJ9WTD6');\n                     this.hasComments = this.commentsCount !== null &amp;&amp; this.commentsCount &gt; 0;\n                 }\n             } catch (e) {\n                 console.warn('Failed to fetch comment count:', e);\n             }\n         }\n     }\" x-init=\"fetchCommentsCount()\" x-cloak><\/p>\n<div class=\"absolute top-1\/2 hidden w-full -translate-y-1\/2 border-t-(1.5px) border-dashed border-black sm:block\"><\/div>\n<div class=\"relative flex justify-center\">\n<div class=\"flex max-w-fit items-center gap-x-3 bg-white px-5\">\n<div class=\"relative\">\n                <span class=\"absolute left-1\/2 top-1\/2 -translate-x-1\/2 -translate-y-1\/2 font-akshar text-sm font-medium text-black\" aria-live=\"polite\" x-show=\"hasComments\" x-text=\"commentsCount\"><\/span><\/p>\n<p>                <svg class=\"h-8 w-8 text-black\" role=\"img\" aria-hidden=\"true\">\n                    <use href=\"http:\/\/lifehacker.com\/images\/icons\/spritemap.svg#sprite-chat-bubble\"><\/use>\n                <\/svg>\n            <\/div>\n<p>            <span class=\"text-sm font-medium text-black\"><\/p>\n<p>                Que pensez-vous jusqu&rsquo;\u00e0 pr\u00e9sent?<br \/>\n                <button class=\"ml-1 font-semibold text-brand-green underline hover:text-brand-green-700\" type=\"button\" aria-label=\"Comment section trigger\" onclick=\"window.openweb.scrollToComments('01K07YNRRG4E32DSC0HAJ9WTD6')\" x-text=\"hasComments ? 'Post a comment.' : 'Be the first to post a comment.'\"><\/button><br \/>\n            <\/span>\n        <\/div>\n<\/p><\/div>\n<\/div>\n<p>Pendant ce temps, pour une plong\u00e9e plus profonde dans les plans de Meta, j&rsquo;ai rassembl\u00e9 les rumeurs tourbillonnant autour des prochains appareils VR \/ AR de Zuckerberg. <\/p>\n","protected":false},"excerpt":{"rendered":"<p>La bataille sur l&rsquo;avenir de l&rsquo;AR \/ VR \/ XR se r\u00e9chauffe. ByTedance, la soci\u00e9t\u00e9 m\u00e8re de Tiktok, travaillerait sur des lunettes de r\u00e9alit\u00e9 mixte<\/p>\n","protected":false},"author":1,"featured_media":8781,"comment_status":"","ping_status":"","sticky":false,"template":"","format":"standard","meta":{"footnotes":""},"categories":[13],"tags":[29,3912,2145,7765,1041,834,7764,33,75,3226],"class_list":["post-8780","post","type-post","status-publish","format-standard","has-post-thumbnail","hentry","category-technologie","tag-des","tag-lunettes","tag-mere","tag-mixte","tag-pourrait","tag-realite","tag-societe","tag-sur","tag-tiktok","tag-travailler","generate-columns","tablet-grid-50","mobile-grid-100","grid-parent","grid-33"],"yoast_head":"<!-- This site is optimized with the Yoast SEO plugin v24.0 - https:\/\/yoast.com\/wordpress\/plugins\/seo\/ -->\n<title>La soci\u00e9t\u00e9 m\u00e8re de Tiktok pourrait travailler sur des lunettes de \u00abr\u00e9alit\u00e9 mixte\u00bb | Vie Associative<\/title>\n<meta name=\"robots\" content=\"index, follow, max-snippet:-1, max-image-preview:large, max-video-preview:-1\" \/>\n<link rel=\"canonical\" href=\"https:\/\/vieassociative.be\/actualites\/la-societe-mere-de-tiktok-pourrait-travailler-sur-des-lunettes-de-realite-mixte\/\" \/>\n<meta property=\"og:locale\" content=\"fr_FR\" \/>\n<meta property=\"og:type\" content=\"article\" \/>\n<meta property=\"og:title\" content=\"La soci\u00e9t\u00e9 m\u00e8re de Tiktok pourrait travailler sur des lunettes de \u00abr\u00e9alit\u00e9 mixte\u00bb | Vie Associative\" \/>\n<meta property=\"og:description\" content=\"La bataille sur l&rsquo;avenir de l&rsquo;AR \/ VR \/ XR se r\u00e9chauffe. ByTedance, la soci\u00e9t\u00e9 m\u00e8re de Tiktok, travaillerait sur des lunettes de r\u00e9alit\u00e9 mixte\" \/>\n<meta property=\"og:url\" content=\"https:\/\/vieassociative.be\/actualites\/la-societe-mere-de-tiktok-pourrait-travailler-sur-des-lunettes-de-realite-mixte\/\" \/>\n<meta property=\"og:site_name\" content=\"Vie Associative\" \/>\n<meta property=\"article:published_time\" content=\"2025-07-16T07:17:33+00:00\" \/>\n<meta property=\"og:image\" content=\"https:\/\/vieassociative.be\/actualites\/wp-content\/uploads\/2024\/09\/header_backgroundk-01-e1726694325946.png\" \/>\n\t<meta property=\"og:image:width\" content=\"279\" \/>\n\t<meta property=\"og:image:height\" content=\"92\" \/>\n\t<meta property=\"og:image:type\" content=\"image\/png\" \/>\n<meta name=\"author\" content=\"Julien\" \/>\n<meta name=\"twitter:card\" content=\"summary_large_image\" \/>\n<meta name=\"twitter:label1\" content=\"\u00c9crit par\" \/>\n\t<meta name=\"twitter:data1\" content=\"Julien\" \/>\n\t<meta name=\"twitter:label2\" content=\"Dur\u00e9e de lecture est.\" \/>\n\t<meta name=\"twitter:data2\" content=\"2 minutes\" \/>\n<script type=\"application\/ld+json\" class=\"yoast-schema-graph\">{\"@context\":\"https:\/\/schema.org\",\"@graph\":[{\"@type\":\"Article\",\"@id\":\"https:\/\/vieassociative.be\/actualites\/la-societe-mere-de-tiktok-pourrait-travailler-sur-des-lunettes-de-realite-mixte\/#article\",\"isPartOf\":{\"@id\":\"https:\/\/vieassociative.be\/actualites\/la-societe-mere-de-tiktok-pourrait-travailler-sur-des-lunettes-de-realite-mixte\/\"},\"author\":{\"name\":\"Julien\",\"@id\":\"https:\/\/vieassociative.be\/actualites\/#\/schema\/person\/b87ac4f82f9d4e7b7cec7395b679edc4\"},\"headline\":\"La soci\u00e9t\u00e9 m\u00e8re de Tiktok pourrait travailler sur des lunettes de \u00abr\u00e9alit\u00e9 mixte\u00bb\",\"datePublished\":\"2025-07-16T07:17:33+00:00\",\"dateModified\":\"2025-07-16T07:17:33+00:00\",\"mainEntityOfPage\":{\"@id\":\"https:\/\/vieassociative.be\/actualites\/la-societe-mere-de-tiktok-pourrait-travailler-sur-des-lunettes-de-realite-mixte\/\"},\"wordCount\":361,\"publisher\":{\"@id\":\"https:\/\/vieassociative.be\/actualites\/#organization\"},\"image\":{\"@id\":\"https:\/\/vieassociative.be\/actualites\/la-societe-mere-de-tiktok-pourrait-travailler-sur-des-lunettes-de-realite-mixte\/#primaryimage\"},\"thumbnailUrl\":\"https:\/\/vieassociative.be\/actualites\/wp-content\/uploads\/2025\/07\/La-societe-mere-de-Tiktok-pourrait-travailler-sur-des-lunettes.jpg\",\"keywords\":[\"Des\",\"lunettes\",\"m\u00e8re\",\"mixte\",\"pourrait\",\"r\u00e9alit\u00e9\",\"soci\u00e9t\u00e9\",\"sur\",\"TikTok\",\"travailler\"],\"articleSection\":[\"Technologie\"],\"inLanguage\":\"fr-BE\"},{\"@type\":\"WebPage\",\"@id\":\"https:\/\/vieassociative.be\/actualites\/la-societe-mere-de-tiktok-pourrait-travailler-sur-des-lunettes-de-realite-mixte\/\",\"url\":\"https:\/\/vieassociative.be\/actualites\/la-societe-mere-de-tiktok-pourrait-travailler-sur-des-lunettes-de-realite-mixte\/\",\"name\":\"La soci\u00e9t\u00e9 m\u00e8re de Tiktok pourrait travailler sur des lunettes de \u00abr\u00e9alit\u00e9 mixte\u00bb | Vie Associative\",\"isPartOf\":{\"@id\":\"https:\/\/vieassociative.be\/actualites\/#website\"},\"primaryImageOfPage\":{\"@id\":\"https:\/\/vieassociative.be\/actualites\/la-societe-mere-de-tiktok-pourrait-travailler-sur-des-lunettes-de-realite-mixte\/#primaryimage\"},\"image\":{\"@id\":\"https:\/\/vieassociative.be\/actualites\/la-societe-mere-de-tiktok-pourrait-travailler-sur-des-lunettes-de-realite-mixte\/#primaryimage\"},\"thumbnailUrl\":\"https:\/\/vieassociative.be\/actualites\/wp-content\/uploads\/2025\/07\/La-societe-mere-de-Tiktok-pourrait-travailler-sur-des-lunettes.jpg\",\"datePublished\":\"2025-07-16T07:17:33+00:00\",\"dateModified\":\"2025-07-16T07:17:33+00:00\",\"breadcrumb\":{\"@id\":\"https:\/\/vieassociative.be\/actualites\/la-societe-mere-de-tiktok-pourrait-travailler-sur-des-lunettes-de-realite-mixte\/#breadcrumb\"},\"inLanguage\":\"fr-BE\",\"potentialAction\":[{\"@type\":\"ReadAction\",\"target\":[\"https:\/\/vieassociative.be\/actualites\/la-societe-mere-de-tiktok-pourrait-travailler-sur-des-lunettes-de-realite-mixte\/\"]}]},{\"@type\":\"ImageObject\",\"inLanguage\":\"fr-BE\",\"@id\":\"https:\/\/vieassociative.be\/actualites\/la-societe-mere-de-tiktok-pourrait-travailler-sur-des-lunettes-de-realite-mixte\/#primaryimage\",\"url\":\"https:\/\/vieassociative.be\/actualites\/wp-content\/uploads\/2025\/07\/La-societe-mere-de-Tiktok-pourrait-travailler-sur-des-lunettes.jpg\",\"contentUrl\":\"https:\/\/vieassociative.be\/actualites\/wp-content\/uploads\/2025\/07\/La-societe-mere-de-Tiktok-pourrait-travailler-sur-des-lunettes.jpg\",\"width\":1200,\"height\":675,\"caption\":\"La soci\u00e9t\u00e9 m\u00e8re de Tiktok pourrait travailler sur des lunettes de \u00abr\u00e9alit\u00e9 mixte\u00bb\"},{\"@type\":\"BreadcrumbList\",\"@id\":\"https:\/\/vieassociative.be\/actualites\/la-societe-mere-de-tiktok-pourrait-travailler-sur-des-lunettes-de-realite-mixte\/#breadcrumb\",\"itemListElement\":[{\"@type\":\"ListItem\",\"position\":1,\"name\":\"Accueil\",\"item\":\"https:\/\/vieassociative.be\/actualites\/\"},{\"@type\":\"ListItem\",\"position\":2,\"name\":\"La soci\u00e9t\u00e9 m\u00e8re de Tiktok pourrait travailler sur des lunettes de \u00abr\u00e9alit\u00e9 mixte\u00bb\"}]},{\"@type\":\"WebSite\",\"@id\":\"https:\/\/vieassociative.be\/actualites\/#website\",\"url\":\"https:\/\/vieassociative.be\/actualites\/\",\"name\":\"Vie Associative\",\"description\":\"\",\"publisher\":{\"@id\":\"https:\/\/vieassociative.be\/actualites\/#organization\"},\"potentialAction\":[{\"@type\":\"SearchAction\",\"target\":{\"@type\":\"EntryPoint\",\"urlTemplate\":\"https:\/\/vieassociative.be\/actualites\/?s={search_term_string}\"},\"query-input\":{\"@type\":\"PropertyValueSpecification\",\"valueRequired\":true,\"valueName\":\"search_term_string\"}}],\"inLanguage\":\"fr-BE\"},{\"@type\":\"Organization\",\"@id\":\"https:\/\/vieassociative.be\/actualites\/#organization\",\"name\":\"Vie Associative\",\"url\":\"https:\/\/vieassociative.be\/actualites\/\",\"logo\":{\"@type\":\"ImageObject\",\"inLanguage\":\"fr-BE\",\"@id\":\"https:\/\/vieassociative.be\/actualites\/#\/schema\/logo\/image\/\",\"url\":\"https:\/\/vieassociative.be\/actualites\/wp-content\/uploads\/2024\/09\/cropped-vieassociative_favicon.ico.png\",\"contentUrl\":\"https:\/\/vieassociative.be\/actualites\/wp-content\/uploads\/2024\/09\/cropped-vieassociative_favicon.ico.png\",\"width\":512,\"height\":512,\"caption\":\"Vie Associative\"},\"image\":{\"@id\":\"https:\/\/vieassociative.be\/actualites\/#\/schema\/logo\/image\/\"}},{\"@type\":\"Person\",\"@id\":\"https:\/\/vieassociative.be\/actualites\/#\/schema\/person\/b87ac4f82f9d4e7b7cec7395b679edc4\",\"name\":\"Julien\",\"image\":{\"@type\":\"ImageObject\",\"inLanguage\":\"fr-BE\",\"@id\":\"https:\/\/vieassociative.be\/actualites\/#\/schema\/person\/image\/\",\"url\":\"https:\/\/vieassociative.be\/actualites\/wp-content\/uploads\/2024\/09\/vie-associative-1-150x150.jpg\",\"contentUrl\":\"https:\/\/vieassociative.be\/actualites\/wp-content\/uploads\/2024\/09\/vie-associative-1-150x150.jpg\",\"caption\":\"Julien\"},\"description\":\"Je suis Julien, r\u00e9dacteur pour Vie Associative. Passionn\u00e9 par le monde associatif depuis plus de 10 ans, j'ai \u00e0 c\u0153ur de partager des histoires inspirantes et de mettre en lumi\u00e8re les initiatives locales. Mon objectif est de sensibiliser et d'encourager l'engagement communautaire \u00e0 travers mes articles.\",\"sameAs\":[\"https:\/\/vieassociative.be\/\"]}]}<\/script>\n<!-- \/ Yoast SEO plugin. -->","yoast_head_json":{"title":"La soci\u00e9t\u00e9 m\u00e8re de Tiktok pourrait travailler sur des lunettes de \u00abr\u00e9alit\u00e9 mixte\u00bb | Vie Associative","robots":{"index":"index","follow":"follow","max-snippet":"max-snippet:-1","max-image-preview":"max-image-preview:large","max-video-preview":"max-video-preview:-1"},"canonical":"https:\/\/vieassociative.be\/actualites\/la-societe-mere-de-tiktok-pourrait-travailler-sur-des-lunettes-de-realite-mixte\/","og_locale":"fr_FR","og_type":"article","og_title":"La soci\u00e9t\u00e9 m\u00e8re de Tiktok pourrait travailler sur des lunettes de \u00abr\u00e9alit\u00e9 mixte\u00bb | Vie Associative","og_description":"La bataille sur l&rsquo;avenir de l&rsquo;AR \/ VR \/ XR se r\u00e9chauffe. ByTedance, la soci\u00e9t\u00e9 m\u00e8re de Tiktok, travaillerait sur des lunettes de r\u00e9alit\u00e9 mixte","og_url":"https:\/\/vieassociative.be\/actualites\/la-societe-mere-de-tiktok-pourrait-travailler-sur-des-lunettes-de-realite-mixte\/","og_site_name":"Vie Associative","article_published_time":"2025-07-16T07:17:33+00:00","og_image":[{"width":279,"height":92,"url":"https:\/\/vieassociative.be\/actualites\/wp-content\/uploads\/2024\/09\/header_backgroundk-01-e1726694325946.png","type":"image\/png"}],"author":"Julien","twitter_card":"summary_large_image","twitter_misc":{"\u00c9crit par":"Julien","Dur\u00e9e de lecture est.":"2 minutes"},"schema":{"@context":"https:\/\/schema.org","@graph":[{"@type":"Article","@id":"https:\/\/vieassociative.be\/actualites\/la-societe-mere-de-tiktok-pourrait-travailler-sur-des-lunettes-de-realite-mixte\/#article","isPartOf":{"@id":"https:\/\/vieassociative.be\/actualites\/la-societe-mere-de-tiktok-pourrait-travailler-sur-des-lunettes-de-realite-mixte\/"},"author":{"name":"Julien","@id":"https:\/\/vieassociative.be\/actualites\/#\/schema\/person\/b87ac4f82f9d4e7b7cec7395b679edc4"},"headline":"La soci\u00e9t\u00e9 m\u00e8re de Tiktok pourrait travailler sur des lunettes de \u00abr\u00e9alit\u00e9 mixte\u00bb","datePublished":"2025-07-16T07:17:33+00:00","dateModified":"2025-07-16T07:17:33+00:00","mainEntityOfPage":{"@id":"https:\/\/vieassociative.be\/actualites\/la-societe-mere-de-tiktok-pourrait-travailler-sur-des-lunettes-de-realite-mixte\/"},"wordCount":361,"publisher":{"@id":"https:\/\/vieassociative.be\/actualites\/#organization"},"image":{"@id":"https:\/\/vieassociative.be\/actualites\/la-societe-mere-de-tiktok-pourrait-travailler-sur-des-lunettes-de-realite-mixte\/#primaryimage"},"thumbnailUrl":"https:\/\/vieassociative.be\/actualites\/wp-content\/uploads\/2025\/07\/La-societe-mere-de-Tiktok-pourrait-travailler-sur-des-lunettes.jpg","keywords":["Des","lunettes","m\u00e8re","mixte","pourrait","r\u00e9alit\u00e9","soci\u00e9t\u00e9","sur","TikTok","travailler"],"articleSection":["Technologie"],"inLanguage":"fr-BE"},{"@type":"WebPage","@id":"https:\/\/vieassociative.be\/actualites\/la-societe-mere-de-tiktok-pourrait-travailler-sur-des-lunettes-de-realite-mixte\/","url":"https:\/\/vieassociative.be\/actualites\/la-societe-mere-de-tiktok-pourrait-travailler-sur-des-lunettes-de-realite-mixte\/","name":"La soci\u00e9t\u00e9 m\u00e8re de Tiktok pourrait travailler sur des lunettes de \u00abr\u00e9alit\u00e9 mixte\u00bb | Vie Associative","isPartOf":{"@id":"https:\/\/vieassociative.be\/actualites\/#website"},"primaryImageOfPage":{"@id":"https:\/\/vieassociative.be\/actualites\/la-societe-mere-de-tiktok-pourrait-travailler-sur-des-lunettes-de-realite-mixte\/#primaryimage"},"image":{"@id":"https:\/\/vieassociative.be\/actualites\/la-societe-mere-de-tiktok-pourrait-travailler-sur-des-lunettes-de-realite-mixte\/#primaryimage"},"thumbnailUrl":"https:\/\/vieassociative.be\/actualites\/wp-content\/uploads\/2025\/07\/La-societe-mere-de-Tiktok-pourrait-travailler-sur-des-lunettes.jpg","datePublished":"2025-07-16T07:17:33+00:00","dateModified":"2025-07-16T07:17:33+00:00","breadcrumb":{"@id":"https:\/\/vieassociative.be\/actualites\/la-societe-mere-de-tiktok-pourrait-travailler-sur-des-lunettes-de-realite-mixte\/#breadcrumb"},"inLanguage":"fr-BE","potentialAction":[{"@type":"ReadAction","target":["https:\/\/vieassociative.be\/actualites\/la-societe-mere-de-tiktok-pourrait-travailler-sur-des-lunettes-de-realite-mixte\/"]}]},{"@type":"ImageObject","inLanguage":"fr-BE","@id":"https:\/\/vieassociative.be\/actualites\/la-societe-mere-de-tiktok-pourrait-travailler-sur-des-lunettes-de-realite-mixte\/#primaryimage","url":"https:\/\/vieassociative.be\/actualites\/wp-content\/uploads\/2025\/07\/La-societe-mere-de-Tiktok-pourrait-travailler-sur-des-lunettes.jpg","contentUrl":"https:\/\/vieassociative.be\/actualites\/wp-content\/uploads\/2025\/07\/La-societe-mere-de-Tiktok-pourrait-travailler-sur-des-lunettes.jpg","width":1200,"height":675,"caption":"La soci\u00e9t\u00e9 m\u00e8re de Tiktok pourrait travailler sur des lunettes de \u00abr\u00e9alit\u00e9 mixte\u00bb"},{"@type":"BreadcrumbList","@id":"https:\/\/vieassociative.be\/actualites\/la-societe-mere-de-tiktok-pourrait-travailler-sur-des-lunettes-de-realite-mixte\/#breadcrumb","itemListElement":[{"@type":"ListItem","position":1,"name":"Accueil","item":"https:\/\/vieassociative.be\/actualites\/"},{"@type":"ListItem","position":2,"name":"La soci\u00e9t\u00e9 m\u00e8re de Tiktok pourrait travailler sur des lunettes de \u00abr\u00e9alit\u00e9 mixte\u00bb"}]},{"@type":"WebSite","@id":"https:\/\/vieassociative.be\/actualites\/#website","url":"https:\/\/vieassociative.be\/actualites\/","name":"Vie Associative","description":"","publisher":{"@id":"https:\/\/vieassociative.be\/actualites\/#organization"},"potentialAction":[{"@type":"SearchAction","target":{"@type":"EntryPoint","urlTemplate":"https:\/\/vieassociative.be\/actualites\/?s={search_term_string}"},"query-input":{"@type":"PropertyValueSpecification","valueRequired":true,"valueName":"search_term_string"}}],"inLanguage":"fr-BE"},{"@type":"Organization","@id":"https:\/\/vieassociative.be\/actualites\/#organization","name":"Vie Associative","url":"https:\/\/vieassociative.be\/actualites\/","logo":{"@type":"ImageObject","inLanguage":"fr-BE","@id":"https:\/\/vieassociative.be\/actualites\/#\/schema\/logo\/image\/","url":"https:\/\/vieassociative.be\/actualites\/wp-content\/uploads\/2024\/09\/cropped-vieassociative_favicon.ico.png","contentUrl":"https:\/\/vieassociative.be\/actualites\/wp-content\/uploads\/2024\/09\/cropped-vieassociative_favicon.ico.png","width":512,"height":512,"caption":"Vie Associative"},"image":{"@id":"https:\/\/vieassociative.be\/actualites\/#\/schema\/logo\/image\/"}},{"@type":"Person","@id":"https:\/\/vieassociative.be\/actualites\/#\/schema\/person\/b87ac4f82f9d4e7b7cec7395b679edc4","name":"Julien","image":{"@type":"ImageObject","inLanguage":"fr-BE","@id":"https:\/\/vieassociative.be\/actualites\/#\/schema\/person\/image\/","url":"https:\/\/vieassociative.be\/actualites\/wp-content\/uploads\/2024\/09\/vie-associative-1-150x150.jpg","contentUrl":"https:\/\/vieassociative.be\/actualites\/wp-content\/uploads\/2024\/09\/vie-associative-1-150x150.jpg","caption":"Julien"},"description":"Je suis Julien, r\u00e9dacteur pour Vie Associative. Passionn\u00e9 par le monde associatif depuis plus de 10 ans, j'ai \u00e0 c\u0153ur de partager des histoires inspirantes et de mettre en lumi\u00e8re les initiatives locales. Mon objectif est de sensibiliser et d'encourager l'engagement communautaire \u00e0 travers mes articles.","sameAs":["https:\/\/vieassociative.be\/"]}]}},"_links":{"self":[{"href":"https:\/\/vieassociative.be\/actualites\/wp-json\/wp\/v2\/posts\/8780"}],"collection":[{"href":"https:\/\/vieassociative.be\/actualites\/wp-json\/wp\/v2\/posts"}],"about":[{"href":"https:\/\/vieassociative.be\/actualites\/wp-json\/wp\/v2\/types\/post"}],"author":[{"embeddable":true,"href":"https:\/\/vieassociative.be\/actualites\/wp-json\/wp\/v2\/users\/1"}],"replies":[{"embeddable":true,"href":"https:\/\/vieassociative.be\/actualites\/wp-json\/wp\/v2\/comments?post=8780"}],"version-history":[{"count":0,"href":"https:\/\/vieassociative.be\/actualites\/wp-json\/wp\/v2\/posts\/8780\/revisions"}],"wp:featuredmedia":[{"embeddable":true,"href":"https:\/\/vieassociative.be\/actualites\/wp-json\/wp\/v2\/media\/8781"}],"wp:attachment":[{"href":"https:\/\/vieassociative.be\/actualites\/wp-json\/wp\/v2\/media?parent=8780"}],"wp:term":[{"taxonomy":"category","embeddable":true,"href":"https:\/\/vieassociative.be\/actualites\/wp-json\/wp\/v2\/categories?post=8780"},{"taxonomy":"post_tag","embeddable":true,"href":"https:\/\/vieassociative.be\/actualites\/wp-json\/wp\/v2\/tags?post=8780"}],"curies":[{"name":"wp","href":"https:\/\/api.w.org\/{rel}","templated":true}]}}