{"id":8777,"date":"2025-07-16T04:17:46","date_gmt":"2025-07-16T02:17:46","guid":{"rendered":"https:\/\/vieassociative.be\/actualites\/ambassadeur-de-lhotel-eupener-vendu-la-maison-traditionnelle-pourrait-celebrer-la-reouverture-le-1er-octobre\/"},"modified":"2025-07-16T04:17:46","modified_gmt":"2025-07-16T02:17:46","slug":"ambassadeur-de-lhotel-eupener-vendu-la-maison-traditionnelle-pourrait-celebrer-la-reouverture-le-1er-octobre","status":"publish","type":"post","link":"https:\/\/vieassociative.be\/actualites\/ambassadeur-de-lhotel-eupener-vendu-la-maison-traditionnelle-pourrait-celebrer-la-reouverture-le-1er-octobre\/","title":{"rendered":"Ambassadeur de l&rsquo;h\u00f4tel Eupener Vendu: la maison traditionnelle pourrait c\u00e9l\u00e9brer la r\u00e9ouverture le 1er octobre"},"content":{"rendered":"<p><strong>L&rsquo;ambassadeur Hotel Bosten, qui est vide depuis la catastrophe des inondations d\u00e9vastatrices \u00e0 partir du milieu du juin 2021, a trouv\u00e9 un acheteur. Comme annonc\u00e9 mardi dans le cadre d&rsquo;une conf\u00e9rence de presse, l&rsquo;ancien propri\u00e9taire Godfrey, il a vendu la maison traditionnelle au chinois Meifen Jin.<\/strong><\/p>\n<p><strong><span id=\"more-420178\"><\/span><\/strong>Ce n&rsquo;est probablement pas un hasard si le changement de propri\u00e9t\u00e9 a eu lieu \u00e0 l&rsquo;occasion du quatri\u00e8me anniversaire de la catastrophe des inondations. La propri\u00e9t\u00e9 est en vente depuis juin 2024 apr\u00e8s la d\u00e9vastation de la catastrophe des 14 et 15 juillet 2021.<\/p>\n<\/p>\n<div id=\"attachment_263056\" class=\"wp-caption alignleft\" style=\"max-width: 300px\"><img fetchpriority=\"high\" decoding=\"async\" class=\"wp-image-263056 size-medium\" src=\"https:\/\/vieassociative.be\/actualites\/wp-content\/uploads\/2025\/07\/Ambassadeur-de-lhotel-Eupener-Vendu-la-maison-traditionnelle-pourrait-celebrer.jpeg\" alt=\"\" width=\"300\" height=\"200\"  ><\/p>\n<p class=\"wp-caption-text\">La musique sera bient\u00f4t jou\u00e9e ici: View of the Ambassador Hotel Bosten (du Temsepark). Photo: OD<\/p>\n<\/div>\n<p>L&rsquo;h\u00f4tel a \u00e9t\u00e9 fond\u00e9 en 1896 et appartenait \u00e0 la famille Bosten jusqu&rsquo;\u00e0 la vente de Hua Mei de L\u00f6wen fin 2015. Apr\u00e8s la mort soudaine de Roger Bosten en 2009, son fr\u00e8re Hubert a poursuivi l&rsquo;entreprise.<\/p>\n<p>L&rsquo;h\u00f4tel joue un r\u00f4le central dans la vie publique de l&rsquo;UPnerg Unterstadt. Est-ce que tout devrait se passer comme pr\u00e9vu &#8211; mais que se passe-t-il d\u00e9j\u00e0 comme pr\u00e9vu dans les temps turbulents d&rsquo;aujourd&rsquo;hui? -, l&rsquo;auberge de 38 chambres pourrait c\u00e9l\u00e9brer la r\u00e9ouverture le 1er octobre 2025. (CRE)<\/p>\n","protected":false},"excerpt":{"rendered":"<p>L&rsquo;ambassadeur Hotel Bosten, qui est vide depuis la catastrophe des inondations d\u00e9vastatrices \u00e0 partir du milieu du juin 2021, a trouv\u00e9 un acheteur. Comme annonc\u00e9<\/p>\n","protected":false},"author":1,"featured_media":6330,"comment_status":"","ping_status":"","sticky":false,"template":"","format":"standard","meta":{"footnotes":""},"categories":[298],"tags":[1146,7762,696,5049,6110,560,1147,1041,4723,7763,3347],"class_list":["post-8777","post","type-post","status-publish","format-standard","has-post-thumbnail","hentry","category-belgique","tag-1er","tag-ambassadeur","tag-celebrer","tag-eupener","tag-lhotel","tag-maison","tag-octobre","tag-pourrait","tag-reouverture","tag-traditionnelle","tag-vendu","generate-columns","tablet-grid-50","mobile-grid-100","grid-parent","grid-33"],"yoast_head":"<!-- This site is optimized with the Yoast SEO plugin v24.0 - https:\/\/yoast.com\/wordpress\/plugins\/seo\/ -->\n<title>Ambassadeur de l&#039;h\u00f4tel Eupener Vendu: la maison traditionnelle pourrait c\u00e9l\u00e9brer la r\u00e9ouverture le 1er octobre | Vie Associative<\/title>\n<meta name=\"robots\" content=\"index, follow, max-snippet:-1, max-image-preview:large, max-video-preview:-1\" \/>\n<link rel=\"canonical\" href=\"https:\/\/vieassociative.be\/actualites\/ambassadeur-de-lhotel-eupener-vendu-la-maison-traditionnelle-pourrait-celebrer-la-reouverture-le-1er-octobre\/\" \/>\n<meta property=\"og:locale\" content=\"fr_FR\" \/>\n<meta property=\"og:type\" content=\"article\" \/>\n<meta property=\"og:title\" content=\"Ambassadeur de l&#039;h\u00f4tel Eupener Vendu: la maison traditionnelle pourrait c\u00e9l\u00e9brer la r\u00e9ouverture le 1er octobre | Vie Associative\" \/>\n<meta property=\"og:description\" content=\"L&rsquo;ambassadeur Hotel Bosten, qui est vide depuis la catastrophe des inondations d\u00e9vastatrices \u00e0 partir du milieu du juin 2021, a trouv\u00e9 un acheteur. Comme annonc\u00e9\" \/>\n<meta property=\"og:url\" content=\"https:\/\/vieassociative.be\/actualites\/ambassadeur-de-lhotel-eupener-vendu-la-maison-traditionnelle-pourrait-celebrer-la-reouverture-le-1er-octobre\/\" \/>\n<meta property=\"og:site_name\" content=\"Vie Associative\" \/>\n<meta property=\"article:published_time\" content=\"2025-07-16T02:17:46+00:00\" \/>\n<meta property=\"og:image\" content=\"https:\/\/vieassociative.be\/actualites\/wp-content\/uploads\/2024\/09\/header_backgroundk-01-e1726694325946.png\" \/>\n\t<meta property=\"og:image:width\" content=\"279\" \/>\n\t<meta property=\"og:image:height\" content=\"92\" \/>\n\t<meta property=\"og:image:type\" content=\"image\/png\" \/>\n<meta name=\"author\" content=\"Julien\" \/>\n<meta name=\"twitter:card\" content=\"summary_large_image\" \/>\n<meta name=\"twitter:label1\" content=\"\u00c9crit par\" \/>\n\t<meta name=\"twitter:data1\" content=\"Julien\" \/>\n\t<meta name=\"twitter:label2\" content=\"Dur\u00e9e de lecture est.\" \/>\n\t<meta name=\"twitter:data2\" content=\"1 minute\" \/>\n<script type=\"application\/ld+json\" class=\"yoast-schema-graph\">{\"@context\":\"https:\/\/schema.org\",\"@graph\":[{\"@type\":\"Article\",\"@id\":\"https:\/\/vieassociative.be\/actualites\/ambassadeur-de-lhotel-eupener-vendu-la-maison-traditionnelle-pourrait-celebrer-la-reouverture-le-1er-octobre\/#article\",\"isPartOf\":{\"@id\":\"https:\/\/vieassociative.be\/actualites\/ambassadeur-de-lhotel-eupener-vendu-la-maison-traditionnelle-pourrait-celebrer-la-reouverture-le-1er-octobre\/\"},\"author\":{\"name\":\"Julien\",\"@id\":\"https:\/\/vieassociative.be\/actualites\/#\/schema\/person\/b87ac4f82f9d4e7b7cec7395b679edc4\"},\"headline\":\"Ambassadeur de l&rsquo;h\u00f4tel Eupener Vendu: la maison traditionnelle pourrait c\u00e9l\u00e9brer la r\u00e9ouverture le 1er octobre\",\"datePublished\":\"2025-07-16T02:17:46+00:00\",\"dateModified\":\"2025-07-16T02:17:46+00:00\",\"mainEntityOfPage\":{\"@id\":\"https:\/\/vieassociative.be\/actualites\/ambassadeur-de-lhotel-eupener-vendu-la-maison-traditionnelle-pourrait-celebrer-la-reouverture-le-1er-octobre\/\"},\"wordCount\":231,\"publisher\":{\"@id\":\"https:\/\/vieassociative.be\/actualites\/#organization\"},\"image\":{\"@id\":\"https:\/\/vieassociative.be\/actualites\/ambassadeur-de-lhotel-eupener-vendu-la-maison-traditionnelle-pourrait-celebrer-la-reouverture-le-1er-octobre\/#primaryimage\"},\"thumbnailUrl\":\"https:\/\/vieassociative.be\/actualites\/wp-content\/uploads\/2025\/04\/1743495465_DG-reprend-lhotel-Bosten-et-fabrique-une-maison-dhotes-basee.jpg\",\"keywords\":[\"1er\",\"Ambassadeur\",\"c\u00e9l\u00e9brer\",\"Eupener\",\"lh\u00f4tel\",\"maison\",\"octobre\",\"pourrait\",\"r\u00e9ouverture\",\"traditionnelle\",\"vendu\"],\"articleSection\":[\"Belgique\"],\"inLanguage\":\"fr-BE\"},{\"@type\":\"WebPage\",\"@id\":\"https:\/\/vieassociative.be\/actualites\/ambassadeur-de-lhotel-eupener-vendu-la-maison-traditionnelle-pourrait-celebrer-la-reouverture-le-1er-octobre\/\",\"url\":\"https:\/\/vieassociative.be\/actualites\/ambassadeur-de-lhotel-eupener-vendu-la-maison-traditionnelle-pourrait-celebrer-la-reouverture-le-1er-octobre\/\",\"name\":\"Ambassadeur de l'h\u00f4tel Eupener Vendu: la maison traditionnelle pourrait c\u00e9l\u00e9brer la r\u00e9ouverture le 1er octobre | Vie Associative\",\"isPartOf\":{\"@id\":\"https:\/\/vieassociative.be\/actualites\/#website\"},\"primaryImageOfPage\":{\"@id\":\"https:\/\/vieassociative.be\/actualites\/ambassadeur-de-lhotel-eupener-vendu-la-maison-traditionnelle-pourrait-celebrer-la-reouverture-le-1er-octobre\/#primaryimage\"},\"image\":{\"@id\":\"https:\/\/vieassociative.be\/actualites\/ambassadeur-de-lhotel-eupener-vendu-la-maison-traditionnelle-pourrait-celebrer-la-reouverture-le-1er-octobre\/#primaryimage\"},\"thumbnailUrl\":\"https:\/\/vieassociative.be\/actualites\/wp-content\/uploads\/2025\/04\/1743495465_DG-reprend-lhotel-Bosten-et-fabrique-une-maison-dhotes-basee.jpg\",\"datePublished\":\"2025-07-16T02:17:46+00:00\",\"dateModified\":\"2025-07-16T02:17:46+00:00\",\"breadcrumb\":{\"@id\":\"https:\/\/vieassociative.be\/actualites\/ambassadeur-de-lhotel-eupener-vendu-la-maison-traditionnelle-pourrait-celebrer-la-reouverture-le-1er-octobre\/#breadcrumb\"},\"inLanguage\":\"fr-BE\",\"potentialAction\":[{\"@type\":\"ReadAction\",\"target\":[\"https:\/\/vieassociative.be\/actualites\/ambassadeur-de-lhotel-eupener-vendu-la-maison-traditionnelle-pourrait-celebrer-la-reouverture-le-1er-octobre\/\"]}]},{\"@type\":\"ImageObject\",\"inLanguage\":\"fr-BE\",\"@id\":\"https:\/\/vieassociative.be\/actualites\/ambassadeur-de-lhotel-eupener-vendu-la-maison-traditionnelle-pourrait-celebrer-la-reouverture-le-1er-octobre\/#primaryimage\",\"url\":\"https:\/\/vieassociative.be\/actualites\/wp-content\/uploads\/2025\/04\/1743495465_DG-reprend-lhotel-Bosten-et-fabrique-une-maison-dhotes-basee.jpg\",\"contentUrl\":\"https:\/\/vieassociative.be\/actualites\/wp-content\/uploads\/2025\/04\/1743495465_DG-reprend-lhotel-Bosten-et-fabrique-une-maison-dhotes-basee.jpg\",\"width\":900,\"height\":600,\"caption\":\"DG reprend l'h\u00f4tel Bosten et fabrique une maison d'h\u00f4tes bas\u00e9e sur le mod\u00e8le de la maison d'h\u00f4tes du gouvernement f\u00e9d\u00e9ral \u00e0 Petersberg \u00e0 Bonn\"},{\"@type\":\"BreadcrumbList\",\"@id\":\"https:\/\/vieassociative.be\/actualites\/ambassadeur-de-lhotel-eupener-vendu-la-maison-traditionnelle-pourrait-celebrer-la-reouverture-le-1er-octobre\/#breadcrumb\",\"itemListElement\":[{\"@type\":\"ListItem\",\"position\":1,\"name\":\"Accueil\",\"item\":\"https:\/\/vieassociative.be\/actualites\/\"},{\"@type\":\"ListItem\",\"position\":2,\"name\":\"Ambassadeur de l&rsquo;h\u00f4tel Eupener Vendu: la maison traditionnelle pourrait c\u00e9l\u00e9brer la r\u00e9ouverture le 1er octobre\"}]},{\"@type\":\"WebSite\",\"@id\":\"https:\/\/vieassociative.be\/actualites\/#website\",\"url\":\"https:\/\/vieassociative.be\/actualites\/\",\"name\":\"Vie Associative\",\"description\":\"\",\"publisher\":{\"@id\":\"https:\/\/vieassociative.be\/actualites\/#organization\"},\"potentialAction\":[{\"@type\":\"SearchAction\",\"target\":{\"@type\":\"EntryPoint\",\"urlTemplate\":\"https:\/\/vieassociative.be\/actualites\/?s={search_term_string}\"},\"query-input\":{\"@type\":\"PropertyValueSpecification\",\"valueRequired\":true,\"valueName\":\"search_term_string\"}}],\"inLanguage\":\"fr-BE\"},{\"@type\":\"Organization\",\"@id\":\"https:\/\/vieassociative.be\/actualites\/#organization\",\"name\":\"Vie Associative\",\"url\":\"https:\/\/vieassociative.be\/actualites\/\",\"logo\":{\"@type\":\"ImageObject\",\"inLanguage\":\"fr-BE\",\"@id\":\"https:\/\/vieassociative.be\/actualites\/#\/schema\/logo\/image\/\",\"url\":\"https:\/\/vieassociative.be\/actualites\/wp-content\/uploads\/2024\/09\/cropped-vieassociative_favicon.ico.png\",\"contentUrl\":\"https:\/\/vieassociative.be\/actualites\/wp-content\/uploads\/2024\/09\/cropped-vieassociative_favicon.ico.png\",\"width\":512,\"height\":512,\"caption\":\"Vie Associative\"},\"image\":{\"@id\":\"https:\/\/vieassociative.be\/actualites\/#\/schema\/logo\/image\/\"}},{\"@type\":\"Person\",\"@id\":\"https:\/\/vieassociative.be\/actualites\/#\/schema\/person\/b87ac4f82f9d4e7b7cec7395b679edc4\",\"name\":\"Julien\",\"image\":{\"@type\":\"ImageObject\",\"inLanguage\":\"fr-BE\",\"@id\":\"https:\/\/vieassociative.be\/actualites\/#\/schema\/person\/image\/\",\"url\":\"https:\/\/vieassociative.be\/actualites\/wp-content\/uploads\/2024\/09\/vie-associative-1-150x150.jpg\",\"contentUrl\":\"https:\/\/vieassociative.be\/actualites\/wp-content\/uploads\/2024\/09\/vie-associative-1-150x150.jpg\",\"caption\":\"Julien\"},\"description\":\"Je suis Julien, r\u00e9dacteur pour Vie Associative. Passionn\u00e9 par le monde associatif depuis plus de 10 ans, j'ai \u00e0 c\u0153ur de partager des histoires inspirantes et de mettre en lumi\u00e8re les initiatives locales. Mon objectif est de sensibiliser et d'encourager l'engagement communautaire \u00e0 travers mes articles.\",\"sameAs\":[\"https:\/\/vieassociative.be\/\"]}]}<\/script>\n<!-- \/ Yoast SEO plugin. -->","yoast_head_json":{"title":"Ambassadeur de l'h\u00f4tel Eupener Vendu: la maison traditionnelle pourrait c\u00e9l\u00e9brer la r\u00e9ouverture le 1er octobre | Vie Associative","robots":{"index":"index","follow":"follow","max-snippet":"max-snippet:-1","max-image-preview":"max-image-preview:large","max-video-preview":"max-video-preview:-1"},"canonical":"https:\/\/vieassociative.be\/actualites\/ambassadeur-de-lhotel-eupener-vendu-la-maison-traditionnelle-pourrait-celebrer-la-reouverture-le-1er-octobre\/","og_locale":"fr_FR","og_type":"article","og_title":"Ambassadeur de l'h\u00f4tel Eupener Vendu: la maison traditionnelle pourrait c\u00e9l\u00e9brer la r\u00e9ouverture le 1er octobre | Vie Associative","og_description":"L&rsquo;ambassadeur Hotel Bosten, qui est vide depuis la catastrophe des inondations d\u00e9vastatrices \u00e0 partir du milieu du juin 2021, a trouv\u00e9 un acheteur. Comme annonc\u00e9","og_url":"https:\/\/vieassociative.be\/actualites\/ambassadeur-de-lhotel-eupener-vendu-la-maison-traditionnelle-pourrait-celebrer-la-reouverture-le-1er-octobre\/","og_site_name":"Vie Associative","article_published_time":"2025-07-16T02:17:46+00:00","og_image":[{"width":279,"height":92,"url":"https:\/\/vieassociative.be\/actualites\/wp-content\/uploads\/2024\/09\/header_backgroundk-01-e1726694325946.png","type":"image\/png"}],"author":"Julien","twitter_card":"summary_large_image","twitter_misc":{"\u00c9crit par":"Julien","Dur\u00e9e de lecture est.":"1 minute"},"schema":{"@context":"https:\/\/schema.org","@graph":[{"@type":"Article","@id":"https:\/\/vieassociative.be\/actualites\/ambassadeur-de-lhotel-eupener-vendu-la-maison-traditionnelle-pourrait-celebrer-la-reouverture-le-1er-octobre\/#article","isPartOf":{"@id":"https:\/\/vieassociative.be\/actualites\/ambassadeur-de-lhotel-eupener-vendu-la-maison-traditionnelle-pourrait-celebrer-la-reouverture-le-1er-octobre\/"},"author":{"name":"Julien","@id":"https:\/\/vieassociative.be\/actualites\/#\/schema\/person\/b87ac4f82f9d4e7b7cec7395b679edc4"},"headline":"Ambassadeur de l&rsquo;h\u00f4tel Eupener Vendu: la maison traditionnelle pourrait c\u00e9l\u00e9brer la r\u00e9ouverture le 1er octobre","datePublished":"2025-07-16T02:17:46+00:00","dateModified":"2025-07-16T02:17:46+00:00","mainEntityOfPage":{"@id":"https:\/\/vieassociative.be\/actualites\/ambassadeur-de-lhotel-eupener-vendu-la-maison-traditionnelle-pourrait-celebrer-la-reouverture-le-1er-octobre\/"},"wordCount":231,"publisher":{"@id":"https:\/\/vieassociative.be\/actualites\/#organization"},"image":{"@id":"https:\/\/vieassociative.be\/actualites\/ambassadeur-de-lhotel-eupener-vendu-la-maison-traditionnelle-pourrait-celebrer-la-reouverture-le-1er-octobre\/#primaryimage"},"thumbnailUrl":"https:\/\/vieassociative.be\/actualites\/wp-content\/uploads\/2025\/04\/1743495465_DG-reprend-lhotel-Bosten-et-fabrique-une-maison-dhotes-basee.jpg","keywords":["1er","Ambassadeur","c\u00e9l\u00e9brer","Eupener","lh\u00f4tel","maison","octobre","pourrait","r\u00e9ouverture","traditionnelle","vendu"],"articleSection":["Belgique"],"inLanguage":"fr-BE"},{"@type":"WebPage","@id":"https:\/\/vieassociative.be\/actualites\/ambassadeur-de-lhotel-eupener-vendu-la-maison-traditionnelle-pourrait-celebrer-la-reouverture-le-1er-octobre\/","url":"https:\/\/vieassociative.be\/actualites\/ambassadeur-de-lhotel-eupener-vendu-la-maison-traditionnelle-pourrait-celebrer-la-reouverture-le-1er-octobre\/","name":"Ambassadeur de l'h\u00f4tel Eupener Vendu: la maison traditionnelle pourrait c\u00e9l\u00e9brer la r\u00e9ouverture le 1er octobre | Vie Associative","isPartOf":{"@id":"https:\/\/vieassociative.be\/actualites\/#website"},"primaryImageOfPage":{"@id":"https:\/\/vieassociative.be\/actualites\/ambassadeur-de-lhotel-eupener-vendu-la-maison-traditionnelle-pourrait-celebrer-la-reouverture-le-1er-octobre\/#primaryimage"},"image":{"@id":"https:\/\/vieassociative.be\/actualites\/ambassadeur-de-lhotel-eupener-vendu-la-maison-traditionnelle-pourrait-celebrer-la-reouverture-le-1er-octobre\/#primaryimage"},"thumbnailUrl":"https:\/\/vieassociative.be\/actualites\/wp-content\/uploads\/2025\/04\/1743495465_DG-reprend-lhotel-Bosten-et-fabrique-une-maison-dhotes-basee.jpg","datePublished":"2025-07-16T02:17:46+00:00","dateModified":"2025-07-16T02:17:46+00:00","breadcrumb":{"@id":"https:\/\/vieassociative.be\/actualites\/ambassadeur-de-lhotel-eupener-vendu-la-maison-traditionnelle-pourrait-celebrer-la-reouverture-le-1er-octobre\/#breadcrumb"},"inLanguage":"fr-BE","potentialAction":[{"@type":"ReadAction","target":["https:\/\/vieassociative.be\/actualites\/ambassadeur-de-lhotel-eupener-vendu-la-maison-traditionnelle-pourrait-celebrer-la-reouverture-le-1er-octobre\/"]}]},{"@type":"ImageObject","inLanguage":"fr-BE","@id":"https:\/\/vieassociative.be\/actualites\/ambassadeur-de-lhotel-eupener-vendu-la-maison-traditionnelle-pourrait-celebrer-la-reouverture-le-1er-octobre\/#primaryimage","url":"https:\/\/vieassociative.be\/actualites\/wp-content\/uploads\/2025\/04\/1743495465_DG-reprend-lhotel-Bosten-et-fabrique-une-maison-dhotes-basee.jpg","contentUrl":"https:\/\/vieassociative.be\/actualites\/wp-content\/uploads\/2025\/04\/1743495465_DG-reprend-lhotel-Bosten-et-fabrique-une-maison-dhotes-basee.jpg","width":900,"height":600,"caption":"DG reprend l'h\u00f4tel Bosten et fabrique une maison d'h\u00f4tes bas\u00e9e sur le mod\u00e8le de la maison d'h\u00f4tes du gouvernement f\u00e9d\u00e9ral \u00e0 Petersberg \u00e0 Bonn"},{"@type":"BreadcrumbList","@id":"https:\/\/vieassociative.be\/actualites\/ambassadeur-de-lhotel-eupener-vendu-la-maison-traditionnelle-pourrait-celebrer-la-reouverture-le-1er-octobre\/#breadcrumb","itemListElement":[{"@type":"ListItem","position":1,"name":"Accueil","item":"https:\/\/vieassociative.be\/actualites\/"},{"@type":"ListItem","position":2,"name":"Ambassadeur de l&rsquo;h\u00f4tel Eupener Vendu: la maison traditionnelle pourrait c\u00e9l\u00e9brer la r\u00e9ouverture le 1er octobre"}]},{"@type":"WebSite","@id":"https:\/\/vieassociative.be\/actualites\/#website","url":"https:\/\/vieassociative.be\/actualites\/","name":"Vie Associative","description":"","publisher":{"@id":"https:\/\/vieassociative.be\/actualites\/#organization"},"potentialAction":[{"@type":"SearchAction","target":{"@type":"EntryPoint","urlTemplate":"https:\/\/vieassociative.be\/actualites\/?s={search_term_string}"},"query-input":{"@type":"PropertyValueSpecification","valueRequired":true,"valueName":"search_term_string"}}],"inLanguage":"fr-BE"},{"@type":"Organization","@id":"https:\/\/vieassociative.be\/actualites\/#organization","name":"Vie Associative","url":"https:\/\/vieassociative.be\/actualites\/","logo":{"@type":"ImageObject","inLanguage":"fr-BE","@id":"https:\/\/vieassociative.be\/actualites\/#\/schema\/logo\/image\/","url":"https:\/\/vieassociative.be\/actualites\/wp-content\/uploads\/2024\/09\/cropped-vieassociative_favicon.ico.png","contentUrl":"https:\/\/vieassociative.be\/actualites\/wp-content\/uploads\/2024\/09\/cropped-vieassociative_favicon.ico.png","width":512,"height":512,"caption":"Vie Associative"},"image":{"@id":"https:\/\/vieassociative.be\/actualites\/#\/schema\/logo\/image\/"}},{"@type":"Person","@id":"https:\/\/vieassociative.be\/actualites\/#\/schema\/person\/b87ac4f82f9d4e7b7cec7395b679edc4","name":"Julien","image":{"@type":"ImageObject","inLanguage":"fr-BE","@id":"https:\/\/vieassociative.be\/actualites\/#\/schema\/person\/image\/","url":"https:\/\/vieassociative.be\/actualites\/wp-content\/uploads\/2024\/09\/vie-associative-1-150x150.jpg","contentUrl":"https:\/\/vieassociative.be\/actualites\/wp-content\/uploads\/2024\/09\/vie-associative-1-150x150.jpg","caption":"Julien"},"description":"Je suis Julien, r\u00e9dacteur pour Vie Associative. Passionn\u00e9 par le monde associatif depuis plus de 10 ans, j'ai \u00e0 c\u0153ur de partager des histoires inspirantes et de mettre en lumi\u00e8re les initiatives locales. Mon objectif est de sensibiliser et d'encourager l'engagement communautaire \u00e0 travers mes articles.","sameAs":["https:\/\/vieassociative.be\/"]}]}},"_links":{"self":[{"href":"https:\/\/vieassociative.be\/actualites\/wp-json\/wp\/v2\/posts\/8777"}],"collection":[{"href":"https:\/\/vieassociative.be\/actualites\/wp-json\/wp\/v2\/posts"}],"about":[{"href":"https:\/\/vieassociative.be\/actualites\/wp-json\/wp\/v2\/types\/post"}],"author":[{"embeddable":true,"href":"https:\/\/vieassociative.be\/actualites\/wp-json\/wp\/v2\/users\/1"}],"replies":[{"embeddable":true,"href":"https:\/\/vieassociative.be\/actualites\/wp-json\/wp\/v2\/comments?post=8777"}],"version-history":[{"count":0,"href":"https:\/\/vieassociative.be\/actualites\/wp-json\/wp\/v2\/posts\/8777\/revisions"}],"wp:featuredmedia":[{"embeddable":true,"href":"https:\/\/vieassociative.be\/actualites\/wp-json\/wp\/v2\/media\/6330"}],"wp:attachment":[{"href":"https:\/\/vieassociative.be\/actualites\/wp-json\/wp\/v2\/media?parent=8777"}],"wp:term":[{"taxonomy":"category","embeddable":true,"href":"https:\/\/vieassociative.be\/actualites\/wp-json\/wp\/v2\/categories?post=8777"},{"taxonomy":"post_tag","embeddable":true,"href":"https:\/\/vieassociative.be\/actualites\/wp-json\/wp\/v2\/tags?post=8777"}],"curies":[{"name":"wp","href":"https:\/\/api.w.org\/{rel}","templated":true}]}}