{"id":8775,"date":"2025-07-16T03:17:47","date_gmt":"2025-07-16T01:17:47","guid":{"rendered":"https:\/\/vieassociative.be\/actualites\/le-gopro-hero-12-black-coute-toujours-90-sur-amazon\/"},"modified":"2025-07-16T03:17:47","modified_gmt":"2025-07-16T01:17:47","slug":"le-gopro-hero-12-black-coute-toujours-90-sur-amazon","status":"publish","type":"post","link":"https:\/\/vieassociative.be\/actualites\/le-gopro-hero-12-black-coute-toujours-90-sur-amazon\/","title":{"rendered":"Le GoPro Hero 12 Black co\u00fbte toujours 90 $ sur Amazon"},"content":{"rendered":"<div class=\"mt-4 leading-6 md:mb-8\">Enregistrez un paquet sur l&rsquo;une des meilleures cam\u00e9ras portables robustes.<\/div>\n<p><\/p>\n<p>Tu ne peux pas remonter dans le temps, mais tu <em>peut<\/em> Profitez toujours des offres persistantes de Prime Day. Je vois toujours des r\u00e9ductions sur les moniteurs de jeu Samsung, les appareils Google, les commutateurs OLED Nintendo, les AirPods, et plus encore, y compris le Black GoPro Hero12, l&rsquo;un des produits pr\u00e9f\u00e9r\u00e9s de l&rsquo;\u00e9crivain de Vie Associative Stephen Johnson. \u00c7a va toujours <strong>279 $<\/strong> (\u00e0 l&rsquo;origine 369,99 $), pr\u00e8s de 100 $ de r\u00e9duction sur le prix habituel.<\/p>\n<div class=\"pogoClear mb-12 mt-10 rounded-md border-2 border-gray-100 py-7 shadow-xl md:py-6\">\n<div class=\"flex flex-wrap justify-between px-7 text-black no-underline md:flex-nowrap md:px-8\">\n<div class=\"order-1 mx-auto flex flex-col justify-center md:order-2 md:ml-4 md:w-full md:grow\">\n<div class=\"block cursor-pointer text-center font-akshar text-2xl font-medium leading-7 text-brand-green duration-200 ease-in-out hover:text-brand-green-700 md:text-left md:text-xl md:leading-6\">GoPro Hero12 Black\n                <\/div>\n<div class=\"mt-4 hidden md:flex md:justify-between\">\n<div class=\"self-end\">\n<div class=\"mb-0 h-11 md:flex md:flex-col md:justify-center\">\n<div class=\" font-sans leading-4 text-black\">\n<div class=\"flex flex-wrap items-center justify-center gap-x-1 md:justify-start\">\n        <span class=\"font-bold\"><\/p>\n<p>            279,00 $<br \/>\n                            <span class=\"font-medium\">\u00e0 Amazon<\/span><br \/>\n                    <\/span>\n            <\/div>\n<div class=\"flex items-center justify-center gap-x-1 font-bold md:justify-start\">\n            <span class=\"text-sm line-through\">369,99 $<\/span><br \/>\n            <span class=\"text-sm text-brand-green\">\u00c9conomisez 90,99 $<\/span>\n        <\/div>\n<\/p><\/div>\n<\/p><\/div>\n<\/p><\/div>\n<div class=\"w-44 self-end\">\n                            <button class=\"flex justify-center items-center w-full bg-brand-green text-white text-base font-sans font-medium rounded-md hover:bg-brand-green-700 hover:cursor-pointer md:text-sm h-11\"><\/p>\n<p>    Conclure un accord<br \/>\n<\/button>\n                        <\/div>\n<\/p><\/div>\n<\/p><\/div>\n<div class=\"order-2 mt-5 h-auto w-full md:order-1 md:mt-0 md:hidden\">\n<div class=\"flex aspect-video items-center justify-center\">\n                                            <img decoding=\"async\" class=\"m-0 max-h-full max-w-full rounded-md\" src=\"https:\/\/vieassociative.be\/actualites\/wp-content\/uploads\/2025\/07\/Le-GoPro-Hero-12-Black-coute-toujours-90-sur.jpg\" alt=\"GoPro Hero12 Black\" width=\"auto\" height=\"auto\" loading=\"lazy\">\n                                    <\/div>\n<\/p><\/div>\n<div class=\"order-2 ml-2 hidden w-32 shrink-0 items-center md:order-1 md:ml-0 md:flex\">\n<div class=\"flex aspect-video items-center justify-center\">\n                                            <img decoding=\"async\" class=\"m-0 max-h-full max-w-full rounded-md\" src=\"https:\/\/vieassociative.be\/actualites\/wp-content\/uploads\/2025\/07\/Le-GoPro-Hero-12-Black-coute-toujours-90-sur.jpg\" alt=\"GoPro Hero12 Black\" width=\"auto\" height=\"auto\" loading=\"lazy\">\n                                    <\/div>\n<\/p><\/div>\n<div class=\"order-3 flex grow flex-wrap md:hidden md:grow-0\">\n<div class=\"mt-4 w-full\">\n                        <button class=\"flex justify-center items-center w-full bg-brand-green text-white text-base font-sans font-medium rounded-md hover:bg-brand-green-700 hover:cursor-pointer md:text-sm h-11\"><\/p>\n<p>    Conclure un accord<br \/>\n<\/button>\n                    <\/div>\n<div class=\"mx-2 mt-4 w-full\">\n<div class=\" font-sans leading-4 text-black\">\n<div class=\"flex flex-wrap items-center justify-center gap-x-1 md:justify-start\">\n        <span class=\"font-bold\"><\/p>\n<p>            279,00 $<br \/>\n                            <span class=\"font-medium\">\u00e0 Amazon<\/span><br \/>\n                    <\/span>\n            <\/div>\n<div class=\"flex items-center justify-center gap-x-1 font-bold md:justify-start\">\n            <span class=\"text-sm line-through\">369,99 $<\/span><br \/>\n            <span class=\"text-sm text-brand-green\">\u00c9conomisez 90,99 $<\/span>\n        <\/div>\n<\/p><\/div>\n<\/p><\/div>\n<\/p><\/div>\n<\/p><\/div>\n<\/div>\n<p>Ce n&rsquo;est pas la plus r\u00e9cente GoPro disponible; C&rsquo;est le GoPro Hero 13 Black, qui est sorti en septembre dernier, avec le GoPro Hero 14 qui devrait sortir \u00e0 l&rsquo;automne 2025. GoPro lib\u00e8re un nouvel appareil photo \u00e0 peu pr\u00e8s chaque ann\u00e9e, donc les changements ne sont pas toujours r\u00e9volutionnaires, et il n&rsquo;y a pas grand-chose que vous puissiez faire avec juste une GoPro, car ils s&rsquo;appuient fortement sur leurs accessoires. <\/p>\n<p>Le GoPro Hero 12 Black a re\u00e7u une revue \u00ab\u00a0exceptionnelle\u00a0\u00bb de PCMAG lors de sa version 2023 pour sa convivialit\u00e9, sa stabilisation vid\u00e9o haut de gamme, ses bonnes options entre la r\u00e9solution et les cadres (5.3K60, 4K120 ou 2,7K240), un affichage avant et arri\u00e8re, une construction sap\u00e9e et en \u00e9tant assez petite pour serrer dans de petits taches pour le tir parfait. <\/p>\n<p>L&rsquo;une des plus grandes omissions de cette version par rapport aux plus anciennes est la fonction GPS, qui a drain\u00e9 la batterie de mani\u00e8re agressive. M\u00eame avec ces omissions, cependant, la batterie ne durera pas une journ\u00e9e enti\u00e8re. Vous devrez avoir un microsdxc pour stocker vos vid\u00e9os, et vous aurez une connectivit\u00e9 Bluetooth, Wi-Fi et USB-C. Parce qu&rsquo;il tire dans un rapport d&rsquo;aspect 8: 7, il est mieux adapt\u00e9 aux cultures vid\u00e9o sociales \u00e0 \u00e9cran social et verticales. <\/p>\n<div class=\"pogoClear relative my-10 border-b-(1.5px) border-t-(1.5px) border-dashed border-black py-5 sm:my-14 sm:border-0 sm:py-0\" data-ga-click data-ga-template=\"Deals\" data-ga-module=\"openweb_widget\" data-ga-element=\"openweb_scroll\" data-ga-item=\"openweb_scroll_midpage\" x-data=\"{\n         commentsCount: null,\n         hasComments: false,\n         async fetchCommentsCount() {\n             try {\n                 if (window.openweb &amp;&amp; typeof window.openweb.getMessagesCount === 'function') {\n                     this.commentsCount = await window.openweb.getMessagesCount('01K07XTBMX1CCV5XR0GT2QZ54X');\n                     this.hasComments = this.commentsCount !== null &amp;&amp; this.commentsCount &gt; 0;\n                 }\n             } catch (e) {\n                 console.warn('Failed to fetch comment count:', e);\n             }\n         }\n     }\" x-init=\"fetchCommentsCount()\" x-cloak><\/p>\n<div class=\"absolute top-1\/2 hidden w-full -translate-y-1\/2 border-t-(1.5px) border-dashed border-black sm:block\"><\/div>\n<div class=\"relative flex justify-center\">\n<div class=\"flex max-w-fit items-center gap-x-3 bg-white px-5\">\n<div class=\"relative\">\n                <span class=\"absolute left-1\/2 top-1\/2 -translate-x-1\/2 -translate-y-1\/2 font-akshar text-sm font-medium text-black\" aria-live=\"polite\" x-show=\"hasComments\" x-text=\"commentsCount\"><\/span><\/p>\n<p>                <svg class=\"h-8 w-8 text-black\" role=\"img\" aria-hidden=\"true\">\n                    <use href=\"http:\/\/lifehacker.com\/images\/icons\/spritemap.svg#sprite-chat-bubble\"><\/use>\n                <\/svg>\n            <\/div>\n<p>            <span class=\"text-sm font-medium text-black\"><\/p>\n<p>                Que pensez-vous jusqu&rsquo;\u00e0 pr\u00e9sent?<br \/>\n                <button class=\"ml-1 font-semibold text-brand-green underline hover:text-brand-green-700\" type=\"button\" aria-label=\"Comment section trigger\" onclick=\"window.openweb.scrollToComments('01K07XTBMX1CCV5XR0GT2QZ54X')\" x-text=\"hasComments ? 'Post a comment.' : 'Be the first to post a comment.'\"><\/button><br \/>\n            <\/span>\n        <\/div>\n<\/p><\/div>\n<\/div>\n<p>Vous pouvez lire plus de d\u00e9tails sur cette GoPro particuli\u00e8re dans la critique \u00ab\u00a0exceptionnelle\u00a0\u00bb de PCMAG.<\/p>\n","protected":false},"excerpt":{"rendered":"<p>Enregistrez un paquet sur l&rsquo;une des meilleures cam\u00e9ras portables robustes. Tu ne peux pas remonter dans le temps, mais tu peut Profitez toujours des offres<\/p>\n","protected":false},"author":1,"featured_media":8776,"comment_status":"","ping_status":"","sticky":false,"template":"","format":"standard","meta":{"footnotes":""},"categories":[13],"tags":[51,73,1122,3818,7717,33,572],"class_list":["post-8775","post","type-post","status-publish","format-standard","has-post-thumbnail","hentry","category-technologie","tag-amazon","tag-black","tag-coute","tag-gopro","tag-hero","tag-sur","tag-toujours","generate-columns","tablet-grid-50","mobile-grid-100","grid-parent","grid-33"],"yoast_head":"<!-- This site is optimized with the Yoast SEO plugin v24.0 - https:\/\/yoast.com\/wordpress\/plugins\/seo\/ -->\n<title>Le GoPro Hero 12 Black co\u00fbte toujours 90 $ sur Amazon | Vie Associative<\/title>\n<meta name=\"robots\" content=\"index, follow, max-snippet:-1, max-image-preview:large, max-video-preview:-1\" \/>\n<link rel=\"canonical\" href=\"https:\/\/vieassociative.be\/actualites\/le-gopro-hero-12-black-coute-toujours-90-sur-amazon\/\" \/>\n<meta property=\"og:locale\" content=\"fr_FR\" \/>\n<meta property=\"og:type\" content=\"article\" \/>\n<meta property=\"og:title\" content=\"Le GoPro Hero 12 Black co\u00fbte toujours 90 $ sur Amazon | Vie Associative\" \/>\n<meta property=\"og:description\" content=\"Enregistrez un paquet sur l&rsquo;une des meilleures cam\u00e9ras portables robustes. Tu ne peux pas remonter dans le temps, mais tu peut Profitez toujours des offres\" \/>\n<meta property=\"og:url\" content=\"https:\/\/vieassociative.be\/actualites\/le-gopro-hero-12-black-coute-toujours-90-sur-amazon\/\" \/>\n<meta property=\"og:site_name\" content=\"Vie Associative\" \/>\n<meta property=\"article:published_time\" content=\"2025-07-16T01:17:47+00:00\" \/>\n<meta property=\"og:image\" content=\"https:\/\/vieassociative.be\/actualites\/wp-content\/uploads\/2025\/07\/Le-GoPro-Hero-12-Black-coute-toujours-90-sur.jpg\" \/>\n<meta name=\"author\" content=\"Julien\" \/>\n<meta name=\"twitter:card\" content=\"summary_large_image\" \/>\n<meta name=\"twitter:label1\" content=\"\u00c9crit par\" \/>\n\t<meta name=\"twitter:data1\" content=\"Julien\" \/>\n\t<meta name=\"twitter:label2\" content=\"Dur\u00e9e de lecture est.\" \/>\n\t<meta name=\"twitter:data2\" content=\"2 minutes\" \/>\n<script type=\"application\/ld+json\" class=\"yoast-schema-graph\">{\"@context\":\"https:\/\/schema.org\",\"@graph\":[{\"@type\":\"Article\",\"@id\":\"https:\/\/vieassociative.be\/actualites\/le-gopro-hero-12-black-coute-toujours-90-sur-amazon\/#article\",\"isPartOf\":{\"@id\":\"https:\/\/vieassociative.be\/actualites\/le-gopro-hero-12-black-coute-toujours-90-sur-amazon\/\"},\"author\":{\"name\":\"Julien\",\"@id\":\"https:\/\/vieassociative.be\/actualites\/#\/schema\/person\/b87ac4f82f9d4e7b7cec7395b679edc4\"},\"headline\":\"Le GoPro Hero 12 Black co\u00fbte toujours 90 $ sur Amazon\",\"datePublished\":\"2025-07-16T01:17:47+00:00\",\"dateModified\":\"2025-07-16T01:17:47+00:00\",\"mainEntityOfPage\":{\"@id\":\"https:\/\/vieassociative.be\/actualites\/le-gopro-hero-12-black-coute-toujours-90-sur-amazon\/\"},\"wordCount\":362,\"publisher\":{\"@id\":\"https:\/\/vieassociative.be\/actualites\/#organization\"},\"image\":{\"@id\":\"https:\/\/vieassociative.be\/actualites\/le-gopro-hero-12-black-coute-toujours-90-sur-amazon\/#primaryimage\"},\"thumbnailUrl\":\"https:\/\/vieassociative.be\/actualites\/wp-content\/uploads\/2025\/07\/Le-GoPro-Hero-12-Black-coute-toujours-90-sur.png\",\"keywords\":[\"Amazon\",\"Black\",\"co\u00fbte\",\"GoPro\",\"Hero\",\"sur\",\"toujours\"],\"articleSection\":[\"Technologie\"],\"inLanguage\":\"fr-BE\"},{\"@type\":\"WebPage\",\"@id\":\"https:\/\/vieassociative.be\/actualites\/le-gopro-hero-12-black-coute-toujours-90-sur-amazon\/\",\"url\":\"https:\/\/vieassociative.be\/actualites\/le-gopro-hero-12-black-coute-toujours-90-sur-amazon\/\",\"name\":\"Le GoPro Hero 12 Black co\u00fbte toujours 90 $ sur Amazon | Vie Associative\",\"isPartOf\":{\"@id\":\"https:\/\/vieassociative.be\/actualites\/#website\"},\"primaryImageOfPage\":{\"@id\":\"https:\/\/vieassociative.be\/actualites\/le-gopro-hero-12-black-coute-toujours-90-sur-amazon\/#primaryimage\"},\"image\":{\"@id\":\"https:\/\/vieassociative.be\/actualites\/le-gopro-hero-12-black-coute-toujours-90-sur-amazon\/#primaryimage\"},\"thumbnailUrl\":\"https:\/\/vieassociative.be\/actualites\/wp-content\/uploads\/2025\/07\/Le-GoPro-Hero-12-Black-coute-toujours-90-sur.png\",\"datePublished\":\"2025-07-16T01:17:47+00:00\",\"dateModified\":\"2025-07-16T01:17:47+00:00\",\"breadcrumb\":{\"@id\":\"https:\/\/vieassociative.be\/actualites\/le-gopro-hero-12-black-coute-toujours-90-sur-amazon\/#breadcrumb\"},\"inLanguage\":\"fr-BE\",\"potentialAction\":[{\"@type\":\"ReadAction\",\"target\":[\"https:\/\/vieassociative.be\/actualites\/le-gopro-hero-12-black-coute-toujours-90-sur-amazon\/\"]}]},{\"@type\":\"ImageObject\",\"inLanguage\":\"fr-BE\",\"@id\":\"https:\/\/vieassociative.be\/actualites\/le-gopro-hero-12-black-coute-toujours-90-sur-amazon\/#primaryimage\",\"url\":\"https:\/\/vieassociative.be\/actualites\/wp-content\/uploads\/2025\/07\/Le-GoPro-Hero-12-Black-coute-toujours-90-sur.png\",\"contentUrl\":\"https:\/\/vieassociative.be\/actualites\/wp-content\/uploads\/2025\/07\/Le-GoPro-Hero-12-Black-coute-toujours-90-sur.png\",\"width\":1200,\"height\":675,\"caption\":\"Le GoPro Hero 12 Black co\u00fbte toujours 90 $ sur Amazon\"},{\"@type\":\"BreadcrumbList\",\"@id\":\"https:\/\/vieassociative.be\/actualites\/le-gopro-hero-12-black-coute-toujours-90-sur-amazon\/#breadcrumb\",\"itemListElement\":[{\"@type\":\"ListItem\",\"position\":1,\"name\":\"Accueil\",\"item\":\"https:\/\/vieassociative.be\/actualites\/\"},{\"@type\":\"ListItem\",\"position\":2,\"name\":\"Le GoPro Hero 12 Black co\u00fbte toujours 90 $ sur Amazon\"}]},{\"@type\":\"WebSite\",\"@id\":\"https:\/\/vieassociative.be\/actualites\/#website\",\"url\":\"https:\/\/vieassociative.be\/actualites\/\",\"name\":\"Vie Associative\",\"description\":\"\",\"publisher\":{\"@id\":\"https:\/\/vieassociative.be\/actualites\/#organization\"},\"potentialAction\":[{\"@type\":\"SearchAction\",\"target\":{\"@type\":\"EntryPoint\",\"urlTemplate\":\"https:\/\/vieassociative.be\/actualites\/?s={search_term_string}\"},\"query-input\":{\"@type\":\"PropertyValueSpecification\",\"valueRequired\":true,\"valueName\":\"search_term_string\"}}],\"inLanguage\":\"fr-BE\"},{\"@type\":\"Organization\",\"@id\":\"https:\/\/vieassociative.be\/actualites\/#organization\",\"name\":\"Vie Associative\",\"url\":\"https:\/\/vieassociative.be\/actualites\/\",\"logo\":{\"@type\":\"ImageObject\",\"inLanguage\":\"fr-BE\",\"@id\":\"https:\/\/vieassociative.be\/actualites\/#\/schema\/logo\/image\/\",\"url\":\"https:\/\/vieassociative.be\/actualites\/wp-content\/uploads\/2024\/09\/cropped-vieassociative_favicon.ico.png\",\"contentUrl\":\"https:\/\/vieassociative.be\/actualites\/wp-content\/uploads\/2024\/09\/cropped-vieassociative_favicon.ico.png\",\"width\":512,\"height\":512,\"caption\":\"Vie Associative\"},\"image\":{\"@id\":\"https:\/\/vieassociative.be\/actualites\/#\/schema\/logo\/image\/\"}},{\"@type\":\"Person\",\"@id\":\"https:\/\/vieassociative.be\/actualites\/#\/schema\/person\/b87ac4f82f9d4e7b7cec7395b679edc4\",\"name\":\"Julien\",\"image\":{\"@type\":\"ImageObject\",\"inLanguage\":\"fr-BE\",\"@id\":\"https:\/\/vieassociative.be\/actualites\/#\/schema\/person\/image\/\",\"url\":\"https:\/\/vieassociative.be\/actualites\/wp-content\/uploads\/2024\/09\/vie-associative-1-150x150.jpg\",\"contentUrl\":\"https:\/\/vieassociative.be\/actualites\/wp-content\/uploads\/2024\/09\/vie-associative-1-150x150.jpg\",\"caption\":\"Julien\"},\"description\":\"Je suis Julien, r\u00e9dacteur pour Vie Associative. Passionn\u00e9 par le monde associatif depuis plus de 10 ans, j'ai \u00e0 c\u0153ur de partager des histoires inspirantes et de mettre en lumi\u00e8re les initiatives locales. Mon objectif est de sensibiliser et d'encourager l'engagement communautaire \u00e0 travers mes articles.\",\"sameAs\":[\"https:\/\/vieassociative.be\/\"]}]}<\/script>\n<!-- \/ Yoast SEO plugin. -->","yoast_head_json":{"title":"Le GoPro Hero 12 Black co\u00fbte toujours 90 $ sur Amazon | Vie Associative","robots":{"index":"index","follow":"follow","max-snippet":"max-snippet:-1","max-image-preview":"max-image-preview:large","max-video-preview":"max-video-preview:-1"},"canonical":"https:\/\/vieassociative.be\/actualites\/le-gopro-hero-12-black-coute-toujours-90-sur-amazon\/","og_locale":"fr_FR","og_type":"article","og_title":"Le GoPro Hero 12 Black co\u00fbte toujours 90 $ sur Amazon | Vie Associative","og_description":"Enregistrez un paquet sur l&rsquo;une des meilleures cam\u00e9ras portables robustes. Tu ne peux pas remonter dans le temps, mais tu peut Profitez toujours des offres","og_url":"https:\/\/vieassociative.be\/actualites\/le-gopro-hero-12-black-coute-toujours-90-sur-amazon\/","og_site_name":"Vie Associative","article_published_time":"2025-07-16T01:17:47+00:00","og_image":[{"url":"https:\/\/vieassociative.be\/actualites\/wp-content\/uploads\/2025\/07\/Le-GoPro-Hero-12-Black-coute-toujours-90-sur.jpg","type":"","width":"","height":""}],"author":"Julien","twitter_card":"summary_large_image","twitter_misc":{"\u00c9crit par":"Julien","Dur\u00e9e de lecture est.":"2 minutes"},"schema":{"@context":"https:\/\/schema.org","@graph":[{"@type":"Article","@id":"https:\/\/vieassociative.be\/actualites\/le-gopro-hero-12-black-coute-toujours-90-sur-amazon\/#article","isPartOf":{"@id":"https:\/\/vieassociative.be\/actualites\/le-gopro-hero-12-black-coute-toujours-90-sur-amazon\/"},"author":{"name":"Julien","@id":"https:\/\/vieassociative.be\/actualites\/#\/schema\/person\/b87ac4f82f9d4e7b7cec7395b679edc4"},"headline":"Le GoPro Hero 12 Black co\u00fbte toujours 90 $ sur Amazon","datePublished":"2025-07-16T01:17:47+00:00","dateModified":"2025-07-16T01:17:47+00:00","mainEntityOfPage":{"@id":"https:\/\/vieassociative.be\/actualites\/le-gopro-hero-12-black-coute-toujours-90-sur-amazon\/"},"wordCount":362,"publisher":{"@id":"https:\/\/vieassociative.be\/actualites\/#organization"},"image":{"@id":"https:\/\/vieassociative.be\/actualites\/le-gopro-hero-12-black-coute-toujours-90-sur-amazon\/#primaryimage"},"thumbnailUrl":"https:\/\/vieassociative.be\/actualites\/wp-content\/uploads\/2025\/07\/Le-GoPro-Hero-12-Black-coute-toujours-90-sur.png","keywords":["Amazon","Black","co\u00fbte","GoPro","Hero","sur","toujours"],"articleSection":["Technologie"],"inLanguage":"fr-BE"},{"@type":"WebPage","@id":"https:\/\/vieassociative.be\/actualites\/le-gopro-hero-12-black-coute-toujours-90-sur-amazon\/","url":"https:\/\/vieassociative.be\/actualites\/le-gopro-hero-12-black-coute-toujours-90-sur-amazon\/","name":"Le GoPro Hero 12 Black co\u00fbte toujours 90 $ sur Amazon | Vie Associative","isPartOf":{"@id":"https:\/\/vieassociative.be\/actualites\/#website"},"primaryImageOfPage":{"@id":"https:\/\/vieassociative.be\/actualites\/le-gopro-hero-12-black-coute-toujours-90-sur-amazon\/#primaryimage"},"image":{"@id":"https:\/\/vieassociative.be\/actualites\/le-gopro-hero-12-black-coute-toujours-90-sur-amazon\/#primaryimage"},"thumbnailUrl":"https:\/\/vieassociative.be\/actualites\/wp-content\/uploads\/2025\/07\/Le-GoPro-Hero-12-Black-coute-toujours-90-sur.png","datePublished":"2025-07-16T01:17:47+00:00","dateModified":"2025-07-16T01:17:47+00:00","breadcrumb":{"@id":"https:\/\/vieassociative.be\/actualites\/le-gopro-hero-12-black-coute-toujours-90-sur-amazon\/#breadcrumb"},"inLanguage":"fr-BE","potentialAction":[{"@type":"ReadAction","target":["https:\/\/vieassociative.be\/actualites\/le-gopro-hero-12-black-coute-toujours-90-sur-amazon\/"]}]},{"@type":"ImageObject","inLanguage":"fr-BE","@id":"https:\/\/vieassociative.be\/actualites\/le-gopro-hero-12-black-coute-toujours-90-sur-amazon\/#primaryimage","url":"https:\/\/vieassociative.be\/actualites\/wp-content\/uploads\/2025\/07\/Le-GoPro-Hero-12-Black-coute-toujours-90-sur.png","contentUrl":"https:\/\/vieassociative.be\/actualites\/wp-content\/uploads\/2025\/07\/Le-GoPro-Hero-12-Black-coute-toujours-90-sur.png","width":1200,"height":675,"caption":"Le GoPro Hero 12 Black co\u00fbte toujours 90 $ sur Amazon"},{"@type":"BreadcrumbList","@id":"https:\/\/vieassociative.be\/actualites\/le-gopro-hero-12-black-coute-toujours-90-sur-amazon\/#breadcrumb","itemListElement":[{"@type":"ListItem","position":1,"name":"Accueil","item":"https:\/\/vieassociative.be\/actualites\/"},{"@type":"ListItem","position":2,"name":"Le GoPro Hero 12 Black co\u00fbte toujours 90 $ sur Amazon"}]},{"@type":"WebSite","@id":"https:\/\/vieassociative.be\/actualites\/#website","url":"https:\/\/vieassociative.be\/actualites\/","name":"Vie Associative","description":"","publisher":{"@id":"https:\/\/vieassociative.be\/actualites\/#organization"},"potentialAction":[{"@type":"SearchAction","target":{"@type":"EntryPoint","urlTemplate":"https:\/\/vieassociative.be\/actualites\/?s={search_term_string}"},"query-input":{"@type":"PropertyValueSpecification","valueRequired":true,"valueName":"search_term_string"}}],"inLanguage":"fr-BE"},{"@type":"Organization","@id":"https:\/\/vieassociative.be\/actualites\/#organization","name":"Vie Associative","url":"https:\/\/vieassociative.be\/actualites\/","logo":{"@type":"ImageObject","inLanguage":"fr-BE","@id":"https:\/\/vieassociative.be\/actualites\/#\/schema\/logo\/image\/","url":"https:\/\/vieassociative.be\/actualites\/wp-content\/uploads\/2024\/09\/cropped-vieassociative_favicon.ico.png","contentUrl":"https:\/\/vieassociative.be\/actualites\/wp-content\/uploads\/2024\/09\/cropped-vieassociative_favicon.ico.png","width":512,"height":512,"caption":"Vie Associative"},"image":{"@id":"https:\/\/vieassociative.be\/actualites\/#\/schema\/logo\/image\/"}},{"@type":"Person","@id":"https:\/\/vieassociative.be\/actualites\/#\/schema\/person\/b87ac4f82f9d4e7b7cec7395b679edc4","name":"Julien","image":{"@type":"ImageObject","inLanguage":"fr-BE","@id":"https:\/\/vieassociative.be\/actualites\/#\/schema\/person\/image\/","url":"https:\/\/vieassociative.be\/actualites\/wp-content\/uploads\/2024\/09\/vie-associative-1-150x150.jpg","contentUrl":"https:\/\/vieassociative.be\/actualites\/wp-content\/uploads\/2024\/09\/vie-associative-1-150x150.jpg","caption":"Julien"},"description":"Je suis Julien, r\u00e9dacteur pour Vie Associative. Passionn\u00e9 par le monde associatif depuis plus de 10 ans, j'ai \u00e0 c\u0153ur de partager des histoires inspirantes et de mettre en lumi\u00e8re les initiatives locales. Mon objectif est de sensibiliser et d'encourager l'engagement communautaire \u00e0 travers mes articles.","sameAs":["https:\/\/vieassociative.be\/"]}]}},"_links":{"self":[{"href":"https:\/\/vieassociative.be\/actualites\/wp-json\/wp\/v2\/posts\/8775"}],"collection":[{"href":"https:\/\/vieassociative.be\/actualites\/wp-json\/wp\/v2\/posts"}],"about":[{"href":"https:\/\/vieassociative.be\/actualites\/wp-json\/wp\/v2\/types\/post"}],"author":[{"embeddable":true,"href":"https:\/\/vieassociative.be\/actualites\/wp-json\/wp\/v2\/users\/1"}],"replies":[{"embeddable":true,"href":"https:\/\/vieassociative.be\/actualites\/wp-json\/wp\/v2\/comments?post=8775"}],"version-history":[{"count":0,"href":"https:\/\/vieassociative.be\/actualites\/wp-json\/wp\/v2\/posts\/8775\/revisions"}],"wp:featuredmedia":[{"embeddable":true,"href":"https:\/\/vieassociative.be\/actualites\/wp-json\/wp\/v2\/media\/8776"}],"wp:attachment":[{"href":"https:\/\/vieassociative.be\/actualites\/wp-json\/wp\/v2\/media?parent=8775"}],"wp:term":[{"taxonomy":"category","embeddable":true,"href":"https:\/\/vieassociative.be\/actualites\/wp-json\/wp\/v2\/categories?post=8775"},{"taxonomy":"post_tag","embeddable":true,"href":"https:\/\/vieassociative.be\/actualites\/wp-json\/wp\/v2\/tags?post=8775"}],"curies":[{"name":"wp","href":"https:\/\/api.w.org\/{rel}","templated":true}]}}