{"id":8773,"date":"2025-07-16T01:17:16","date_gmt":"2025-07-15T23:17:16","guid":{"rendered":"https:\/\/vieassociative.be\/actualites\/cinq-facons-de-faciliter-lescaliers-de-transport-des-escaliers\/"},"modified":"2025-07-16T01:17:16","modified_gmt":"2025-07-15T23:17:16","slug":"cinq-facons-de-faciliter-lescaliers-de-transport-des-escaliers","status":"publish","type":"post","link":"https:\/\/vieassociative.be\/actualites\/cinq-facons-de-faciliter-lescaliers-de-transport-des-escaliers\/","title":{"rendered":"Cinq fa\u00e7ons de faciliter l&rsquo;escaliers de transport des escaliers"},"content":{"rendered":"<div class=\"mt-4 leading-6 md:mb-8\">Ne vous cassez pas le dos pour nourrir votre ventre.<\/div>\n<p><\/p>\n<p>Si vous vivez dans un immeuble d&rsquo;appartements aux \u00c9tats-Unis, les chances sont bonnes qui manquent d&rsquo;un ascenseur &#8211; les Am\u00e9ricains profitent beaucoup moins d&rsquo;ascenseurs par habitant que les autres nations occidentales. Cela signifie que si vous louez un endroit dans un \u00e9tage sup\u00e9rieur, il y a de fortes chances que vous ayez de monter et descendre les escaliers tout le temps. Si vous \u00eates en sant\u00e9 d\u00e9cente, ce n&rsquo;est peut-\u00eatre pas un \u00e9norme probl\u00e8me, jusqu&rsquo;\u00e0 ce que vous fassiez des courses.<\/p>\n<p>Le transport de nourriture et d&rsquo;autres \u00e9l\u00e9ments essentiels de l&rsquo;\u00e9picerie \u00e0 votre maison est une chose. Obtenir tous ces sacs lourds dans trois vol\u00e9es ou plus d&rsquo;escaliers plusieurs fois par semaine peut \u00eatre \u00e9puisant physiquement et mentalement. Vous pourriez payer pour que vos courses soient apport\u00e9es \u00e0 votre porte, mais si vous \u00eates \u00e0 petit budget et que vous devez garder le garde-manger stock\u00e9 sans transformer le jour du shopping en journ\u00e9e de jambe, vous pouvez pirater vos voyages d&rsquo;\u00e9picerie avec des achats intelligents et un peu d&rsquo;ing\u00e9nierie. <\/p>\n<p>Voici cinq fa\u00e7ons de faciliter les escaliers des escaliers.<\/p>\n<h2 id=\"get-a-stair-climbing-cart\">Obtenez un chariot d&rsquo;escalier<\/h2>\n<p>Si vous avez un chariot d&rsquo;\u00e9picerie standard, vous savez que le transporter dans les escaliers n&rsquo;est pas facile. Les roues glissent et se frappent \u00e0 chaque \u00e9tape, et vous devez mettre votre dos \u00e0 le tirer au fur et \u00e0 mesure. La solution: un chariot d&rsquo;escalier comme celui-ci. La conception \u00e0 six roues rend le tirage des escaliers un jeu d&rsquo;enfant, car il reste \u00e9quilibr\u00e9 pendant toute l&rsquo;op\u00e9ration. Il y a beaucoup de variations et de tailles \u00e0 choisir, donc si vous avez juste un vol ou deux escaliers pour s&rsquo;attaquer \u00e0 un chariot comme celui-ci, il peut faciliter la transport de tous ses produits d&rsquo;\u00e9picerie de la rue \u00e0 leur cuisine.<\/p>\n<div class=\"pogoClear mb-12 mt-10 rounded-md border-2 border-gray-100 py-7 shadow-xl md:py-6\">\n<div class=\"flex flex-wrap justify-between px-7 text-black no-underline md:flex-nowrap md:px-8\">\n<div class=\"order-1 mx-auto flex flex-col justify-center md:order-2 md:ml-4 md:w-full md:grow\">\n<div class=\"block cursor-pointer text-center font-akshar text-2xl font-medium leading-7 text-brand-green duration-200 ease-in-out hover:text-brand-green-700 md:text-left md:text-xl md:leading-6\">Chariot de chariot d&rsquo;escalier\n                <\/div>\n<div class=\"mt-4 hidden md:flex md:justify-between\">\n<div class=\"self-end\">\n<div class=\"mb-0 h-11 md:flex md:flex-col md:justify-center\">\n<div class=\" font-sans leading-4 text-black\">\n<div class=\"flex flex-wrap items-center justify-center gap-x-1 md:justify-start\">\n        <span class=\"font-bold\"><\/p>\n<p>            92,99 $<br \/>\n                            <span class=\"font-medium\">\u00e0 Amazon<\/span><br \/>\n                    <\/span>\n            <\/div>\n<\/p><\/div>\n<\/p><\/div>\n<\/p><\/div>\n<div class=\"w-44 self-end\">\n                            <button class=\"flex justify-center items-center w-full bg-brand-green text-white text-base font-sans font-medium rounded-md hover:bg-brand-green-700 hover:cursor-pointer md:text-sm h-11\"><\/p>\n<p>    Faire des magasins maintenant<br \/>\n<\/button>\n                        <\/div>\n<\/p><\/div>\n<\/p><\/div>\n<div class=\"order-2 mt-5 h-auto w-full md:order-1 md:mt-0 md:hidden\">\n<div class=\"flex aspect-video items-center justify-center\">\n                                            <img decoding=\"async\" class=\"m-0 max-h-full max-w-full rounded-md\" src=\"https:\/\/vieassociative.be\/actualites\/wp-content\/uploads\/2025\/07\/Cinq-facons-de-faciliter-lescaliers-de-transport-des-escaliers.jpg\" alt=\"Cliber d'escalier chariot\" width=\"auto\" height=\"auto\" loading=\"lazy\">\n                                    <\/div>\n<\/p><\/div>\n<div class=\"order-2 ml-2 hidden w-32 shrink-0 items-center md:order-1 md:ml-0 md:flex\">\n<div class=\"flex aspect-video items-center justify-center\">\n                                            <img decoding=\"async\" class=\"m-0 max-h-full max-w-full rounded-md\" src=\"https:\/\/vieassociative.be\/actualites\/wp-content\/uploads\/2025\/07\/Cinq-facons-de-faciliter-lescaliers-de-transport-des-escaliers.jpg\" alt=\"Cliber d'escalier chariot\" width=\"auto\" height=\"auto\" loading=\"lazy\">\n                                    <\/div>\n<\/p><\/div>\n<div class=\"order-3 flex grow flex-wrap md:hidden md:grow-0\">\n<div class=\"mt-4 w-full\">\n                        <button class=\"flex justify-center items-center w-full bg-brand-green text-white text-base font-sans font-medium rounded-md hover:bg-brand-green-700 hover:cursor-pointer md:text-sm h-11\"><\/p>\n<p>    Faire des magasins maintenant<br \/>\n<\/button>\n                    <\/div>\n<div class=\"mx-2 mt-4 w-full\">\n<div class=\" font-sans leading-4 text-black\">\n<div class=\"flex flex-wrap items-center justify-center gap-x-1 md:justify-start\">\n        <span class=\"font-bold\"><\/p>\n<p>            92,99 $<br \/>\n                            <span class=\"font-medium\">\u00e0 Amazon<\/span><br \/>\n                    <\/span>\n            <\/div>\n<\/p><\/div>\n<\/p><\/div>\n<\/p><\/div>\n<\/p><\/div>\n<\/div>\n<h2 id=\"use-multi-bag-clips\">Utiliser des clips multi-sacs<\/h2>\n<p>Si vous n&rsquo;utilisez pas normalement un chariot pour transporter vos produits d&rsquo;\u00e9picerie et arrivez r\u00e9guli\u00e8rement \u00e0 la maison avec une douzaine de sacs qui doivent \u00eatre transport\u00e9s dans les escaliers, vous avez le choix entre faire plusieurs voyages ou risquer d&rsquo;amputer vos doigts en portant tous les sacs \u00e0 la fois. Au lieu de cela, achetez un clip de transporteur multi-sac comme celui-ci ou celui-ci. Bien que ceux-ci ne rendent pas ces sacs plus l\u00e9gers, ils facilitent la gestion de plusieurs sacs d&rsquo;\u00e9picerie \u00e0 la fois, comme ce Tiktok l&rsquo;illustre bien.<\/p>\n<div class=\"pogoClear relative my-10 border-b-(1.5px) border-t-(1.5px) border-dashed border-black py-5 sm:my-14 sm:border-0 sm:py-0\" data-ga-click data-ga-template=\"Explainers\" data-ga-module=\"openweb_widget\" data-ga-element=\"openweb_scroll\" data-ga-item=\"openweb_scroll_midpage\" x-data=\"{\n         commentsCount: null,\n         hasComments: false,\n         async fetchCommentsCount() {\n             try {\n                 if (window.openweb &amp;&amp; typeof window.openweb.getMessagesCount === 'function') {\n                     this.commentsCount = await window.openweb.getMessagesCount('01JYEV6XBQACQ46BZE0020M4P4');\n                     this.hasComments = this.commentsCount !== null &amp;&amp; this.commentsCount &gt; 0;\n                 }\n             } catch (e) {\n                 console.warn('Failed to fetch comment count:', e);\n             }\n         }\n     }\" x-init=\"fetchCommentsCount()\" x-cloak><\/p>\n<div class=\"absolute top-1\/2 hidden w-full -translate-y-1\/2 border-t-(1.5px) border-dashed border-black sm:block\"><\/div>\n<div class=\"relative flex justify-center\">\n<div class=\"flex max-w-fit items-center gap-x-3 bg-white px-5\">\n<div class=\"relative\">\n                <span class=\"absolute left-1\/2 top-1\/2 -translate-x-1\/2 -translate-y-1\/2 font-akshar text-sm font-medium text-black\" aria-live=\"polite\" x-show=\"hasComments\" x-text=\"commentsCount\"><\/span><\/p>\n<p>                <svg class=\"h-8 w-8 text-black\" role=\"img\" aria-hidden=\"true\">\n                    <use href=\"http:\/\/lifehacker.com\/images\/icons\/spritemap.svg#sprite-chat-bubble\"><\/use>\n                <\/svg>\n            <\/div>\n<p>            <span class=\"text-sm font-medium text-black\"><\/p>\n<p>                Que pensez-vous jusqu&rsquo;\u00e0 pr\u00e9sent?<br \/>\n                <button class=\"ml-1 font-semibold text-brand-green underline hover:text-brand-green-700\" type=\"button\" aria-label=\"Comment section trigger\" onclick=\"window.openweb.scrollToComments('01JYEV6XBQACQ46BZE0020M4P4')\" x-text=\"hasComments ? 'Post a comment.' : 'Be the first to post a comment.'\"><\/button><br \/>\n            <\/span>\n        <\/div>\n<\/p><\/div>\n<\/div>\n<h2 id=\"ring-up-and-old-school-pulley\">Sonner et la poulie \u00e0 l&rsquo;ancienne<\/h2>\n<p>Obtenir des sacs d&rsquo;\u00e9picerie dans les escaliers sans vous blesser ou perdre votre volont\u00e9 de vivre est essentiellement un probl\u00e8me d&rsquo;ing\u00e9nierie. Et cela signifie que l&rsquo;une des plus anciennes machines du monde peut certainement aider: la poulie. Comme vous pouvez le voir ici, certaines femmes entreprenantes vivant dans un appartement sans rendez-vous \u00e0 New York ont mont\u00e9 un simple syst\u00e8me de poulies qui leur permet de soulever leurs sacs d&rsquo;\u00e9picerie facilement, sans avoir \u00e0 monter et descendre les escaliers plusieurs fois, via la magie de la r\u00e9partition du poids et de la redirection de force (dont vous vous souvenez totalement du cours de physique du lyc\u00e9e). Vous pouvez trouver des poulies \u00e0 pince comme celle-ci qui peuvent \u00eatre fix\u00e9es \u00e0 une balustrade, serr\u00e9es, puis retir\u00e9es une fois que les sacs ont \u00e9t\u00e9 mis en place.<\/p>\n<h2 id=\"use-an-electric-hoist\">Utilisez un palan \u00e9lectrique<\/h2>\n<p>Bien s\u00fbr, les syst\u00e8mes de poulie vous obligent toujours \u00e0 fl\u00e9chir vos muscles et \u00e0 risquer votre dos. Si vous pouvez attacher quelque chose de permanent <em>et<\/em> Ayez un balcon d&rsquo;une sorte, envisagez d&rsquo;installer un palan \u00e9lectrique sur le mur ext\u00e9rieur, le dessous du toit ou le balcon au-dessus de vous. Avec la presse sur un bouton, vous pouvez transporter vos courses en l&rsquo;air pour une r\u00e9cup\u00e9ration facile. Assurez-vous simplement d&rsquo;acheter un <em>hisser<\/em> Et pas un <em>treuil-<\/em>Les treuils sont con\u00e7us pour tirer des choses horizontalement, tandis que les palans g\u00e8rent le lifting vertical.<\/p>\n<h2 id=\"or-just-use-a-laundry-basket-like-a-sled\">Ou utilisez simplement un panier \u00e0 linge comme un tra\u00eeneau<\/h2>\n<p>Enfin, si vous ne voulez pas d\u00e9penser de l&rsquo;argent ou mettre du temps dans votre solution de transport d&rsquo;\u00e9picerie, vous pouvez aller compl\u00e8tement et totalement primitif avec une corde et un panier \u00e0 linge (ou tout autre panier \u00e0 fond lisse). Placez vos sacs d&rsquo;\u00e9picerie dans le panier et utilisez un clip de carabiner pour les s\u00e9curiser dans le panier lui-m\u00eame afin qu&rsquo;ils ne tombent pas. Ensuite, attachez une corde \u00e0 votre panier (en utilisant un autre clip ou simplement en le nouant \u00e0 travers la poign\u00e9e) et transportez-le de plus haut dans les escaliers. Ce n&rsquo;est pas la solution la plus \u00e9l\u00e9gante, mais c&rsquo;est beaucoup plus facile que de transporter quinze sacs dans ces escaliers, et si vous avez des clips et un panier qui tra\u00eene, c&rsquo;est aussi une solution \u00e0 co\u00fbt z\u00e9ro.<\/p>\n<p><script async src=\"\/\/www.tiktok.com\/embed.js\"><\/script><\/p>\n","protected":false},"excerpt":{"rendered":"<p>Ne vous cassez pas le dos pour nourrir votre ventre. Si vous vivez dans un immeuble d&rsquo;appartements aux \u00c9tats-Unis, les chances sont bonnes qui manquent<\/p>\n","protected":false},"author":1,"featured_media":8774,"comment_status":"","ping_status":"","sticky":false,"template":"","format":"standard","meta":{"footnotes":""},"categories":[40],"tags":[317,29,7761,1095,119,7760,6351],"class_list":["post-8773","post","type-post","status-publish","format-standard","has-post-thumbnail","hentry","category-maison","tag-cinq","tag-des","tag-escaliers","tag-faciliter","tag-facons","tag-lescaliers","tag-transport","generate-columns","tablet-grid-50","mobile-grid-100","grid-parent","grid-33"],"yoast_head":"<!-- This site is optimized with the Yoast SEO plugin v24.0 - https:\/\/yoast.com\/wordpress\/plugins\/seo\/ -->\n<title>Cinq fa\u00e7ons de faciliter l&#039;escaliers de transport des escaliers | Vie Associative<\/title>\n<meta name=\"robots\" content=\"index, follow, max-snippet:-1, max-image-preview:large, max-video-preview:-1\" \/>\n<link rel=\"canonical\" href=\"https:\/\/vieassociative.be\/actualites\/cinq-facons-de-faciliter-lescaliers-de-transport-des-escaliers\/\" \/>\n<meta property=\"og:locale\" content=\"fr_FR\" \/>\n<meta property=\"og:type\" content=\"article\" \/>\n<meta property=\"og:title\" content=\"Cinq fa\u00e7ons de faciliter l&#039;escaliers de transport des escaliers | Vie Associative\" \/>\n<meta property=\"og:description\" content=\"Ne vous cassez pas le dos pour nourrir votre ventre. Si vous vivez dans un immeuble d&rsquo;appartements aux \u00c9tats-Unis, les chances sont bonnes qui manquent\" \/>\n<meta property=\"og:url\" content=\"https:\/\/vieassociative.be\/actualites\/cinq-facons-de-faciliter-lescaliers-de-transport-des-escaliers\/\" \/>\n<meta property=\"og:site_name\" content=\"Vie Associative\" \/>\n<meta property=\"article:published_time\" content=\"2025-07-15T23:17:16+00:00\" \/>\n<meta property=\"og:image\" content=\"https:\/\/vieassociative.be\/actualites\/wp-content\/uploads\/2025\/07\/Cinq-facons-de-faciliter-lescaliers-de-transport-des-escaliers.jpg\" \/>\n<meta name=\"author\" content=\"Julien\" \/>\n<meta name=\"twitter:card\" content=\"summary_large_image\" \/>\n<meta name=\"twitter:label1\" content=\"\u00c9crit par\" \/>\n\t<meta name=\"twitter:data1\" content=\"Julien\" \/>\n\t<meta name=\"twitter:label2\" content=\"Dur\u00e9e de lecture est.\" \/>\n\t<meta name=\"twitter:data2\" content=\"4 minutes\" \/>\n<script type=\"application\/ld+json\" class=\"yoast-schema-graph\">{\"@context\":\"https:\/\/schema.org\",\"@graph\":[{\"@type\":\"Article\",\"@id\":\"https:\/\/vieassociative.be\/actualites\/cinq-facons-de-faciliter-lescaliers-de-transport-des-escaliers\/#article\",\"isPartOf\":{\"@id\":\"https:\/\/vieassociative.be\/actualites\/cinq-facons-de-faciliter-lescaliers-de-transport-des-escaliers\/\"},\"author\":{\"name\":\"Julien\",\"@id\":\"https:\/\/vieassociative.be\/actualites\/#\/schema\/person\/b87ac4f82f9d4e7b7cec7395b679edc4\"},\"headline\":\"Cinq fa\u00e7ons de faciliter l&rsquo;escaliers de transport des escaliers\",\"datePublished\":\"2025-07-15T23:17:16+00:00\",\"dateModified\":\"2025-07-15T23:17:16+00:00\",\"mainEntityOfPage\":{\"@id\":\"https:\/\/vieassociative.be\/actualites\/cinq-facons-de-faciliter-lescaliers-de-transport-des-escaliers\/\"},\"wordCount\":866,\"publisher\":{\"@id\":\"https:\/\/vieassociative.be\/actualites\/#organization\"},\"image\":{\"@id\":\"https:\/\/vieassociative.be\/actualites\/cinq-facons-de-faciliter-lescaliers-de-transport-des-escaliers\/#primaryimage\"},\"thumbnailUrl\":\"https:\/\/vieassociative.be\/actualites\/wp-content\/uploads\/2025\/07\/Cinq-facons-de-faciliter-lescaliers-de-transport-des-escaliers.png\",\"keywords\":[\"Cinq\",\"Des\",\"escaliers\",\"faciliter\",\"fa\u00e7ons\",\"lescaliers\",\"transport\"],\"articleSection\":[\"Maison\"],\"inLanguage\":\"fr-BE\"},{\"@type\":\"WebPage\",\"@id\":\"https:\/\/vieassociative.be\/actualites\/cinq-facons-de-faciliter-lescaliers-de-transport-des-escaliers\/\",\"url\":\"https:\/\/vieassociative.be\/actualites\/cinq-facons-de-faciliter-lescaliers-de-transport-des-escaliers\/\",\"name\":\"Cinq fa\u00e7ons de faciliter l'escaliers de transport des escaliers | Vie Associative\",\"isPartOf\":{\"@id\":\"https:\/\/vieassociative.be\/actualites\/#website\"},\"primaryImageOfPage\":{\"@id\":\"https:\/\/vieassociative.be\/actualites\/cinq-facons-de-faciliter-lescaliers-de-transport-des-escaliers\/#primaryimage\"},\"image\":{\"@id\":\"https:\/\/vieassociative.be\/actualites\/cinq-facons-de-faciliter-lescaliers-de-transport-des-escaliers\/#primaryimage\"},\"thumbnailUrl\":\"https:\/\/vieassociative.be\/actualites\/wp-content\/uploads\/2025\/07\/Cinq-facons-de-faciliter-lescaliers-de-transport-des-escaliers.png\",\"datePublished\":\"2025-07-15T23:17:16+00:00\",\"dateModified\":\"2025-07-15T23:17:16+00:00\",\"breadcrumb\":{\"@id\":\"https:\/\/vieassociative.be\/actualites\/cinq-facons-de-faciliter-lescaliers-de-transport-des-escaliers\/#breadcrumb\"},\"inLanguage\":\"fr-BE\",\"potentialAction\":[{\"@type\":\"ReadAction\",\"target\":[\"https:\/\/vieassociative.be\/actualites\/cinq-facons-de-faciliter-lescaliers-de-transport-des-escaliers\/\"]}]},{\"@type\":\"ImageObject\",\"inLanguage\":\"fr-BE\",\"@id\":\"https:\/\/vieassociative.be\/actualites\/cinq-facons-de-faciliter-lescaliers-de-transport-des-escaliers\/#primaryimage\",\"url\":\"https:\/\/vieassociative.be\/actualites\/wp-content\/uploads\/2025\/07\/Cinq-facons-de-faciliter-lescaliers-de-transport-des-escaliers.png\",\"contentUrl\":\"https:\/\/vieassociative.be\/actualites\/wp-content\/uploads\/2025\/07\/Cinq-facons-de-faciliter-lescaliers-de-transport-des-escaliers.png\",\"width\":1200,\"height\":675,\"caption\":\"Cinq fa\u00e7ons de faciliter l'escaliers de transport des escaliers\"},{\"@type\":\"BreadcrumbList\",\"@id\":\"https:\/\/vieassociative.be\/actualites\/cinq-facons-de-faciliter-lescaliers-de-transport-des-escaliers\/#breadcrumb\",\"itemListElement\":[{\"@type\":\"ListItem\",\"position\":1,\"name\":\"Accueil\",\"item\":\"https:\/\/vieassociative.be\/actualites\/\"},{\"@type\":\"ListItem\",\"position\":2,\"name\":\"Cinq fa\u00e7ons de faciliter l&rsquo;escaliers de transport des escaliers\"}]},{\"@type\":\"WebSite\",\"@id\":\"https:\/\/vieassociative.be\/actualites\/#website\",\"url\":\"https:\/\/vieassociative.be\/actualites\/\",\"name\":\"Vie Associative\",\"description\":\"\",\"publisher\":{\"@id\":\"https:\/\/vieassociative.be\/actualites\/#organization\"},\"potentialAction\":[{\"@type\":\"SearchAction\",\"target\":{\"@type\":\"EntryPoint\",\"urlTemplate\":\"https:\/\/vieassociative.be\/actualites\/?s={search_term_string}\"},\"query-input\":{\"@type\":\"PropertyValueSpecification\",\"valueRequired\":true,\"valueName\":\"search_term_string\"}}],\"inLanguage\":\"fr-BE\"},{\"@type\":\"Organization\",\"@id\":\"https:\/\/vieassociative.be\/actualites\/#organization\",\"name\":\"Vie Associative\",\"url\":\"https:\/\/vieassociative.be\/actualites\/\",\"logo\":{\"@type\":\"ImageObject\",\"inLanguage\":\"fr-BE\",\"@id\":\"https:\/\/vieassociative.be\/actualites\/#\/schema\/logo\/image\/\",\"url\":\"https:\/\/vieassociative.be\/actualites\/wp-content\/uploads\/2024\/09\/cropped-vieassociative_favicon.ico.png\",\"contentUrl\":\"https:\/\/vieassociative.be\/actualites\/wp-content\/uploads\/2024\/09\/cropped-vieassociative_favicon.ico.png\",\"width\":512,\"height\":512,\"caption\":\"Vie Associative\"},\"image\":{\"@id\":\"https:\/\/vieassociative.be\/actualites\/#\/schema\/logo\/image\/\"}},{\"@type\":\"Person\",\"@id\":\"https:\/\/vieassociative.be\/actualites\/#\/schema\/person\/b87ac4f82f9d4e7b7cec7395b679edc4\",\"name\":\"Julien\",\"image\":{\"@type\":\"ImageObject\",\"inLanguage\":\"fr-BE\",\"@id\":\"https:\/\/vieassociative.be\/actualites\/#\/schema\/person\/image\/\",\"url\":\"https:\/\/vieassociative.be\/actualites\/wp-content\/uploads\/2024\/09\/vie-associative-1-150x150.jpg\",\"contentUrl\":\"https:\/\/vieassociative.be\/actualites\/wp-content\/uploads\/2024\/09\/vie-associative-1-150x150.jpg\",\"caption\":\"Julien\"},\"description\":\"Je suis Julien, r\u00e9dacteur pour Vie Associative. Passionn\u00e9 par le monde associatif depuis plus de 10 ans, j'ai \u00e0 c\u0153ur de partager des histoires inspirantes et de mettre en lumi\u00e8re les initiatives locales. Mon objectif est de sensibiliser et d'encourager l'engagement communautaire \u00e0 travers mes articles.\",\"sameAs\":[\"https:\/\/vieassociative.be\/\"]}]}<\/script>\n<!-- \/ Yoast SEO plugin. -->","yoast_head_json":{"title":"Cinq fa\u00e7ons de faciliter l'escaliers de transport des escaliers | Vie Associative","robots":{"index":"index","follow":"follow","max-snippet":"max-snippet:-1","max-image-preview":"max-image-preview:large","max-video-preview":"max-video-preview:-1"},"canonical":"https:\/\/vieassociative.be\/actualites\/cinq-facons-de-faciliter-lescaliers-de-transport-des-escaliers\/","og_locale":"fr_FR","og_type":"article","og_title":"Cinq fa\u00e7ons de faciliter l'escaliers de transport des escaliers | Vie Associative","og_description":"Ne vous cassez pas le dos pour nourrir votre ventre. Si vous vivez dans un immeuble d&rsquo;appartements aux \u00c9tats-Unis, les chances sont bonnes qui manquent","og_url":"https:\/\/vieassociative.be\/actualites\/cinq-facons-de-faciliter-lescaliers-de-transport-des-escaliers\/","og_site_name":"Vie Associative","article_published_time":"2025-07-15T23:17:16+00:00","og_image":[{"url":"https:\/\/vieassociative.be\/actualites\/wp-content\/uploads\/2025\/07\/Cinq-facons-de-faciliter-lescaliers-de-transport-des-escaliers.jpg","type":"","width":"","height":""}],"author":"Julien","twitter_card":"summary_large_image","twitter_misc":{"\u00c9crit par":"Julien","Dur\u00e9e de lecture est.":"4 minutes"},"schema":{"@context":"https:\/\/schema.org","@graph":[{"@type":"Article","@id":"https:\/\/vieassociative.be\/actualites\/cinq-facons-de-faciliter-lescaliers-de-transport-des-escaliers\/#article","isPartOf":{"@id":"https:\/\/vieassociative.be\/actualites\/cinq-facons-de-faciliter-lescaliers-de-transport-des-escaliers\/"},"author":{"name":"Julien","@id":"https:\/\/vieassociative.be\/actualites\/#\/schema\/person\/b87ac4f82f9d4e7b7cec7395b679edc4"},"headline":"Cinq fa\u00e7ons de faciliter l&rsquo;escaliers de transport des escaliers","datePublished":"2025-07-15T23:17:16+00:00","dateModified":"2025-07-15T23:17:16+00:00","mainEntityOfPage":{"@id":"https:\/\/vieassociative.be\/actualites\/cinq-facons-de-faciliter-lescaliers-de-transport-des-escaliers\/"},"wordCount":866,"publisher":{"@id":"https:\/\/vieassociative.be\/actualites\/#organization"},"image":{"@id":"https:\/\/vieassociative.be\/actualites\/cinq-facons-de-faciliter-lescaliers-de-transport-des-escaliers\/#primaryimage"},"thumbnailUrl":"https:\/\/vieassociative.be\/actualites\/wp-content\/uploads\/2025\/07\/Cinq-facons-de-faciliter-lescaliers-de-transport-des-escaliers.png","keywords":["Cinq","Des","escaliers","faciliter","fa\u00e7ons","lescaliers","transport"],"articleSection":["Maison"],"inLanguage":"fr-BE"},{"@type":"WebPage","@id":"https:\/\/vieassociative.be\/actualites\/cinq-facons-de-faciliter-lescaliers-de-transport-des-escaliers\/","url":"https:\/\/vieassociative.be\/actualites\/cinq-facons-de-faciliter-lescaliers-de-transport-des-escaliers\/","name":"Cinq fa\u00e7ons de faciliter l'escaliers de transport des escaliers | Vie Associative","isPartOf":{"@id":"https:\/\/vieassociative.be\/actualites\/#website"},"primaryImageOfPage":{"@id":"https:\/\/vieassociative.be\/actualites\/cinq-facons-de-faciliter-lescaliers-de-transport-des-escaliers\/#primaryimage"},"image":{"@id":"https:\/\/vieassociative.be\/actualites\/cinq-facons-de-faciliter-lescaliers-de-transport-des-escaliers\/#primaryimage"},"thumbnailUrl":"https:\/\/vieassociative.be\/actualites\/wp-content\/uploads\/2025\/07\/Cinq-facons-de-faciliter-lescaliers-de-transport-des-escaliers.png","datePublished":"2025-07-15T23:17:16+00:00","dateModified":"2025-07-15T23:17:16+00:00","breadcrumb":{"@id":"https:\/\/vieassociative.be\/actualites\/cinq-facons-de-faciliter-lescaliers-de-transport-des-escaliers\/#breadcrumb"},"inLanguage":"fr-BE","potentialAction":[{"@type":"ReadAction","target":["https:\/\/vieassociative.be\/actualites\/cinq-facons-de-faciliter-lescaliers-de-transport-des-escaliers\/"]}]},{"@type":"ImageObject","inLanguage":"fr-BE","@id":"https:\/\/vieassociative.be\/actualites\/cinq-facons-de-faciliter-lescaliers-de-transport-des-escaliers\/#primaryimage","url":"https:\/\/vieassociative.be\/actualites\/wp-content\/uploads\/2025\/07\/Cinq-facons-de-faciliter-lescaliers-de-transport-des-escaliers.png","contentUrl":"https:\/\/vieassociative.be\/actualites\/wp-content\/uploads\/2025\/07\/Cinq-facons-de-faciliter-lescaliers-de-transport-des-escaliers.png","width":1200,"height":675,"caption":"Cinq fa\u00e7ons de faciliter l'escaliers de transport des escaliers"},{"@type":"BreadcrumbList","@id":"https:\/\/vieassociative.be\/actualites\/cinq-facons-de-faciliter-lescaliers-de-transport-des-escaliers\/#breadcrumb","itemListElement":[{"@type":"ListItem","position":1,"name":"Accueil","item":"https:\/\/vieassociative.be\/actualites\/"},{"@type":"ListItem","position":2,"name":"Cinq fa\u00e7ons de faciliter l&rsquo;escaliers de transport des escaliers"}]},{"@type":"WebSite","@id":"https:\/\/vieassociative.be\/actualites\/#website","url":"https:\/\/vieassociative.be\/actualites\/","name":"Vie Associative","description":"","publisher":{"@id":"https:\/\/vieassociative.be\/actualites\/#organization"},"potentialAction":[{"@type":"SearchAction","target":{"@type":"EntryPoint","urlTemplate":"https:\/\/vieassociative.be\/actualites\/?s={search_term_string}"},"query-input":{"@type":"PropertyValueSpecification","valueRequired":true,"valueName":"search_term_string"}}],"inLanguage":"fr-BE"},{"@type":"Organization","@id":"https:\/\/vieassociative.be\/actualites\/#organization","name":"Vie Associative","url":"https:\/\/vieassociative.be\/actualites\/","logo":{"@type":"ImageObject","inLanguage":"fr-BE","@id":"https:\/\/vieassociative.be\/actualites\/#\/schema\/logo\/image\/","url":"https:\/\/vieassociative.be\/actualites\/wp-content\/uploads\/2024\/09\/cropped-vieassociative_favicon.ico.png","contentUrl":"https:\/\/vieassociative.be\/actualites\/wp-content\/uploads\/2024\/09\/cropped-vieassociative_favicon.ico.png","width":512,"height":512,"caption":"Vie Associative"},"image":{"@id":"https:\/\/vieassociative.be\/actualites\/#\/schema\/logo\/image\/"}},{"@type":"Person","@id":"https:\/\/vieassociative.be\/actualites\/#\/schema\/person\/b87ac4f82f9d4e7b7cec7395b679edc4","name":"Julien","image":{"@type":"ImageObject","inLanguage":"fr-BE","@id":"https:\/\/vieassociative.be\/actualites\/#\/schema\/person\/image\/","url":"https:\/\/vieassociative.be\/actualites\/wp-content\/uploads\/2024\/09\/vie-associative-1-150x150.jpg","contentUrl":"https:\/\/vieassociative.be\/actualites\/wp-content\/uploads\/2024\/09\/vie-associative-1-150x150.jpg","caption":"Julien"},"description":"Je suis Julien, r\u00e9dacteur pour Vie Associative. Passionn\u00e9 par le monde associatif depuis plus de 10 ans, j'ai \u00e0 c\u0153ur de partager des histoires inspirantes et de mettre en lumi\u00e8re les initiatives locales. Mon objectif est de sensibiliser et d'encourager l'engagement communautaire \u00e0 travers mes articles.","sameAs":["https:\/\/vieassociative.be\/"]}]}},"_links":{"self":[{"href":"https:\/\/vieassociative.be\/actualites\/wp-json\/wp\/v2\/posts\/8773"}],"collection":[{"href":"https:\/\/vieassociative.be\/actualites\/wp-json\/wp\/v2\/posts"}],"about":[{"href":"https:\/\/vieassociative.be\/actualites\/wp-json\/wp\/v2\/types\/post"}],"author":[{"embeddable":true,"href":"https:\/\/vieassociative.be\/actualites\/wp-json\/wp\/v2\/users\/1"}],"replies":[{"embeddable":true,"href":"https:\/\/vieassociative.be\/actualites\/wp-json\/wp\/v2\/comments?post=8773"}],"version-history":[{"count":0,"href":"https:\/\/vieassociative.be\/actualites\/wp-json\/wp\/v2\/posts\/8773\/revisions"}],"wp:featuredmedia":[{"embeddable":true,"href":"https:\/\/vieassociative.be\/actualites\/wp-json\/wp\/v2\/media\/8774"}],"wp:attachment":[{"href":"https:\/\/vieassociative.be\/actualites\/wp-json\/wp\/v2\/media?parent=8773"}],"wp:term":[{"taxonomy":"category","embeddable":true,"href":"https:\/\/vieassociative.be\/actualites\/wp-json\/wp\/v2\/categories?post=8773"},{"taxonomy":"post_tag","embeddable":true,"href":"https:\/\/vieassociative.be\/actualites\/wp-json\/wp\/v2\/tags?post=8773"}],"curies":[{"name":"wp","href":"https:\/\/api.w.org\/{rel}","templated":true}]}}