{"id":8771,"date":"2025-07-15T22:18:48","date_gmt":"2025-07-15T20:18:48","guid":{"rendered":"https:\/\/vieassociative.be\/actualites\/le-ministre-vanessa-mats-a-decouvert-le-nouveau-batiment-de-la-police-a-eupen\/"},"modified":"2025-07-15T22:18:48","modified_gmt":"2025-07-15T20:18:48","slug":"le-ministre-vanessa-mats-a-decouvert-le-nouveau-batiment-de-la-police-a-eupen","status":"publish","type":"post","link":"https:\/\/vieassociative.be\/actualites\/le-ministre-vanessa-mats-a-decouvert-le-nouveau-batiment-de-la-police-a-eupen\/","title":{"rendered":"Le ministre Vanessa Mats a d\u00e9couvert le nouveau b\u00e2timent de la police \u00e0 Eupen"},"content":{"rendered":"<p><strong>Quelque chose se d\u00e9place lors de la planification du nouveau b\u00e2timent de la police \u00e0 Eupen.<\/strong><\/p>\n<p><span id=\"more-420196\"><\/span>Le ministre Vanessa Matz (Les Engages), responsable du b\u00e2timent, a visit\u00e9 l&rsquo;ancien b\u00e2timent de la police sur Herbestheer Strasse et les emplacements de l&rsquo;ancien T\u00fcv (Verviers Str.) Mardi pour avoir une id\u00e9e de l&#8217;emplacement potentiellement nouveau.<\/p>\n<p>Accompagn\u00e9 du maire Thomas Lennertz (CSP) et du d\u00e9put\u00e9 de la Chambre Luc Frank (CSP), Matz visait \u00e0 obtenir une image concr\u00e8te de la situation actuelle des emplacements et des conditions de travail de la police.<\/p>\n<p>Le ministre Matz \u00e9tait convaincu de la n\u00e9cessit\u00e9 du dossier. Elle la d\u00e9fendra au niveau du gouvernement f\u00e9d\u00e9ral et s&rsquo;engage \u00e0 la faire r\u00e9parer pour les investissements dans le plan de plusieurs ann\u00e9es. Il est unique dans ce projet que la zone de police, la police criminelle et la police f\u00e9d\u00e9rale travaillent ensemble.<\/p>\n","protected":false},"excerpt":{"rendered":"<p>Quelque chose se d\u00e9place lors de la planification du nouveau b\u00e2timent de la police \u00e0 Eupen. Le ministre Vanessa Matz (Les Engages), responsable du b\u00e2timent,<\/p>\n","protected":false},"author":1,"featured_media":8772,"comment_status":"","ping_status":"","sticky":false,"template":"","format":"standard","meta":{"footnotes":""},"categories":[298],"tags":[7759,2073,2329,7758,1245,553,2741,7757],"class_list":["post-8771","post","type-post","status-publish","format-standard","has-post-thumbnail","hentry","category-belgique","tag-batiment","tag-decouvert","tag-eupen","tag-mats","tag-ministre","tag-nouveau","tag-police","tag-vanessa","generate-columns","tablet-grid-50","mobile-grid-100","grid-parent","grid-33"],"yoast_head":"<!-- This site is optimized with the Yoast SEO plugin v24.0 - https:\/\/yoast.com\/wordpress\/plugins\/seo\/ -->\n<title>Le ministre Vanessa Mats a d\u00e9couvert le nouveau b\u00e2timent de la police \u00e0 Eupen | Vie Associative<\/title>\n<meta name=\"robots\" content=\"index, follow, max-snippet:-1, max-image-preview:large, max-video-preview:-1\" \/>\n<link rel=\"canonical\" href=\"https:\/\/vieassociative.be\/actualites\/le-ministre-vanessa-mats-a-decouvert-le-nouveau-batiment-de-la-police-a-eupen\/\" \/>\n<meta property=\"og:locale\" content=\"fr_FR\" \/>\n<meta property=\"og:type\" content=\"article\" \/>\n<meta property=\"og:title\" content=\"Le ministre Vanessa Mats a d\u00e9couvert le nouveau b\u00e2timent de la police \u00e0 Eupen | Vie Associative\" \/>\n<meta property=\"og:description\" content=\"Quelque chose se d\u00e9place lors de la planification du nouveau b\u00e2timent de la police \u00e0 Eupen. Le ministre Vanessa Matz (Les Engages), responsable du b\u00e2timent,\" \/>\n<meta property=\"og:url\" content=\"https:\/\/vieassociative.be\/actualites\/le-ministre-vanessa-mats-a-decouvert-le-nouveau-batiment-de-la-police-a-eupen\/\" \/>\n<meta property=\"og:site_name\" content=\"Vie Associative\" \/>\n<meta property=\"article:published_time\" content=\"2025-07-15T20:18:48+00:00\" \/>\n<meta property=\"og:image\" content=\"https:\/\/vieassociative.be\/actualites\/wp-content\/uploads\/2024\/09\/header_backgroundk-01-e1726694325946.png\" \/>\n\t<meta property=\"og:image:width\" content=\"279\" \/>\n\t<meta property=\"og:image:height\" content=\"92\" \/>\n\t<meta property=\"og:image:type\" content=\"image\/png\" \/>\n<meta name=\"author\" content=\"Julien\" \/>\n<meta name=\"twitter:card\" content=\"summary_large_image\" \/>\n<meta name=\"twitter:label1\" content=\"\u00c9crit par\" \/>\n\t<meta name=\"twitter:data1\" content=\"Julien\" \/>\n\t<meta name=\"twitter:label2\" content=\"Dur\u00e9e de lecture est.\" \/>\n\t<meta name=\"twitter:data2\" content=\"1 minute\" \/>\n<script type=\"application\/ld+json\" class=\"yoast-schema-graph\">{\"@context\":\"https:\/\/schema.org\",\"@graph\":[{\"@type\":\"Article\",\"@id\":\"https:\/\/vieassociative.be\/actualites\/le-ministre-vanessa-mats-a-decouvert-le-nouveau-batiment-de-la-police-a-eupen\/#article\",\"isPartOf\":{\"@id\":\"https:\/\/vieassociative.be\/actualites\/le-ministre-vanessa-mats-a-decouvert-le-nouveau-batiment-de-la-police-a-eupen\/\"},\"author\":{\"name\":\"Julien\",\"@id\":\"https:\/\/vieassociative.be\/actualites\/#\/schema\/person\/b87ac4f82f9d4e7b7cec7395b679edc4\"},\"headline\":\"Le ministre Vanessa Mats a d\u00e9couvert le nouveau b\u00e2timent de la police \u00e0 Eupen\",\"datePublished\":\"2025-07-15T20:18:48+00:00\",\"dateModified\":\"2025-07-15T20:18:48+00:00\",\"mainEntityOfPage\":{\"@id\":\"https:\/\/vieassociative.be\/actualites\/le-ministre-vanessa-mats-a-decouvert-le-nouveau-batiment-de-la-police-a-eupen\/\"},\"wordCount\":173,\"publisher\":{\"@id\":\"https:\/\/vieassociative.be\/actualites\/#organization\"},\"image\":{\"@id\":\"https:\/\/vieassociative.be\/actualites\/le-ministre-vanessa-mats-a-decouvert-le-nouveau-batiment-de-la-police-a-eupen\/#primaryimage\"},\"thumbnailUrl\":\"https:\/\/vieassociative.be\/actualites\/wp-content\/uploads\/2025\/07\/Le-ministre-Vanessa-Mats-a-decouvert-le-nouveau-batiment-de.jpg\",\"keywords\":[\"b\u00e2timent\",\"d\u00e9couvert\",\"Eupen\",\"Mats\",\"ministre\",\"nouveau\",\"police\",\"Vanessa\"],\"articleSection\":[\"Belgique\"],\"inLanguage\":\"fr-BE\"},{\"@type\":\"WebPage\",\"@id\":\"https:\/\/vieassociative.be\/actualites\/le-ministre-vanessa-mats-a-decouvert-le-nouveau-batiment-de-la-police-a-eupen\/\",\"url\":\"https:\/\/vieassociative.be\/actualites\/le-ministre-vanessa-mats-a-decouvert-le-nouveau-batiment-de-la-police-a-eupen\/\",\"name\":\"Le ministre Vanessa Mats a d\u00e9couvert le nouveau b\u00e2timent de la police \u00e0 Eupen | Vie Associative\",\"isPartOf\":{\"@id\":\"https:\/\/vieassociative.be\/actualites\/#website\"},\"primaryImageOfPage\":{\"@id\":\"https:\/\/vieassociative.be\/actualites\/le-ministre-vanessa-mats-a-decouvert-le-nouveau-batiment-de-la-police-a-eupen\/#primaryimage\"},\"image\":{\"@id\":\"https:\/\/vieassociative.be\/actualites\/le-ministre-vanessa-mats-a-decouvert-le-nouveau-batiment-de-la-police-a-eupen\/#primaryimage\"},\"thumbnailUrl\":\"https:\/\/vieassociative.be\/actualites\/wp-content\/uploads\/2025\/07\/Le-ministre-Vanessa-Mats-a-decouvert-le-nouveau-batiment-de.jpg\",\"datePublished\":\"2025-07-15T20:18:48+00:00\",\"dateModified\":\"2025-07-15T20:18:48+00:00\",\"breadcrumb\":{\"@id\":\"https:\/\/vieassociative.be\/actualites\/le-ministre-vanessa-mats-a-decouvert-le-nouveau-batiment-de-la-police-a-eupen\/#breadcrumb\"},\"inLanguage\":\"fr-BE\",\"potentialAction\":[{\"@type\":\"ReadAction\",\"target\":[\"https:\/\/vieassociative.be\/actualites\/le-ministre-vanessa-mats-a-decouvert-le-nouveau-batiment-de-la-police-a-eupen\/\"]}]},{\"@type\":\"ImageObject\",\"inLanguage\":\"fr-BE\",\"@id\":\"https:\/\/vieassociative.be\/actualites\/le-ministre-vanessa-mats-a-decouvert-le-nouveau-batiment-de-la-police-a-eupen\/#primaryimage\",\"url\":\"https:\/\/vieassociative.be\/actualites\/wp-content\/uploads\/2025\/07\/Le-ministre-Vanessa-Mats-a-decouvert-le-nouveau-batiment-de.jpg\",\"contentUrl\":\"https:\/\/vieassociative.be\/actualites\/wp-content\/uploads\/2025\/07\/Le-ministre-Vanessa-Mats-a-decouvert-le-nouveau-batiment-de.jpg\",\"width\":1200,\"height\":800,\"caption\":\"Le ministre Vanessa Mats a d\u00e9couvert le nouveau b\u00e2timent de la police \u00e0 Eupen\"},{\"@type\":\"BreadcrumbList\",\"@id\":\"https:\/\/vieassociative.be\/actualites\/le-ministre-vanessa-mats-a-decouvert-le-nouveau-batiment-de-la-police-a-eupen\/#breadcrumb\",\"itemListElement\":[{\"@type\":\"ListItem\",\"position\":1,\"name\":\"Accueil\",\"item\":\"https:\/\/vieassociative.be\/actualites\/\"},{\"@type\":\"ListItem\",\"position\":2,\"name\":\"Le ministre Vanessa Mats a d\u00e9couvert le nouveau b\u00e2timent de la police \u00e0 Eupen\"}]},{\"@type\":\"WebSite\",\"@id\":\"https:\/\/vieassociative.be\/actualites\/#website\",\"url\":\"https:\/\/vieassociative.be\/actualites\/\",\"name\":\"Vie Associative\",\"description\":\"\",\"publisher\":{\"@id\":\"https:\/\/vieassociative.be\/actualites\/#organization\"},\"potentialAction\":[{\"@type\":\"SearchAction\",\"target\":{\"@type\":\"EntryPoint\",\"urlTemplate\":\"https:\/\/vieassociative.be\/actualites\/?s={search_term_string}\"},\"query-input\":{\"@type\":\"PropertyValueSpecification\",\"valueRequired\":true,\"valueName\":\"search_term_string\"}}],\"inLanguage\":\"fr-BE\"},{\"@type\":\"Organization\",\"@id\":\"https:\/\/vieassociative.be\/actualites\/#organization\",\"name\":\"Vie Associative\",\"url\":\"https:\/\/vieassociative.be\/actualites\/\",\"logo\":{\"@type\":\"ImageObject\",\"inLanguage\":\"fr-BE\",\"@id\":\"https:\/\/vieassociative.be\/actualites\/#\/schema\/logo\/image\/\",\"url\":\"https:\/\/vieassociative.be\/actualites\/wp-content\/uploads\/2024\/09\/cropped-vieassociative_favicon.ico.png\",\"contentUrl\":\"https:\/\/vieassociative.be\/actualites\/wp-content\/uploads\/2024\/09\/cropped-vieassociative_favicon.ico.png\",\"width\":512,\"height\":512,\"caption\":\"Vie Associative\"},\"image\":{\"@id\":\"https:\/\/vieassociative.be\/actualites\/#\/schema\/logo\/image\/\"}},{\"@type\":\"Person\",\"@id\":\"https:\/\/vieassociative.be\/actualites\/#\/schema\/person\/b87ac4f82f9d4e7b7cec7395b679edc4\",\"name\":\"Julien\",\"image\":{\"@type\":\"ImageObject\",\"inLanguage\":\"fr-BE\",\"@id\":\"https:\/\/vieassociative.be\/actualites\/#\/schema\/person\/image\/\",\"url\":\"https:\/\/vieassociative.be\/actualites\/wp-content\/uploads\/2024\/09\/vie-associative-1-150x150.jpg\",\"contentUrl\":\"https:\/\/vieassociative.be\/actualites\/wp-content\/uploads\/2024\/09\/vie-associative-1-150x150.jpg\",\"caption\":\"Julien\"},\"description\":\"Je suis Julien, r\u00e9dacteur pour Vie Associative. Passionn\u00e9 par le monde associatif depuis plus de 10 ans, j'ai \u00e0 c\u0153ur de partager des histoires inspirantes et de mettre en lumi\u00e8re les initiatives locales. Mon objectif est de sensibiliser et d'encourager l'engagement communautaire \u00e0 travers mes articles.\",\"sameAs\":[\"https:\/\/vieassociative.be\/\"]}]}<\/script>\n<!-- \/ Yoast SEO plugin. -->","yoast_head_json":{"title":"Le ministre Vanessa Mats a d\u00e9couvert le nouveau b\u00e2timent de la police \u00e0 Eupen | Vie Associative","robots":{"index":"index","follow":"follow","max-snippet":"max-snippet:-1","max-image-preview":"max-image-preview:large","max-video-preview":"max-video-preview:-1"},"canonical":"https:\/\/vieassociative.be\/actualites\/le-ministre-vanessa-mats-a-decouvert-le-nouveau-batiment-de-la-police-a-eupen\/","og_locale":"fr_FR","og_type":"article","og_title":"Le ministre Vanessa Mats a d\u00e9couvert le nouveau b\u00e2timent de la police \u00e0 Eupen | Vie Associative","og_description":"Quelque chose se d\u00e9place lors de la planification du nouveau b\u00e2timent de la police \u00e0 Eupen. Le ministre Vanessa Matz (Les Engages), responsable du b\u00e2timent,","og_url":"https:\/\/vieassociative.be\/actualites\/le-ministre-vanessa-mats-a-decouvert-le-nouveau-batiment-de-la-police-a-eupen\/","og_site_name":"Vie Associative","article_published_time":"2025-07-15T20:18:48+00:00","og_image":[{"width":279,"height":92,"url":"https:\/\/vieassociative.be\/actualites\/wp-content\/uploads\/2024\/09\/header_backgroundk-01-e1726694325946.png","type":"image\/png"}],"author":"Julien","twitter_card":"summary_large_image","twitter_misc":{"\u00c9crit par":"Julien","Dur\u00e9e de lecture est.":"1 minute"},"schema":{"@context":"https:\/\/schema.org","@graph":[{"@type":"Article","@id":"https:\/\/vieassociative.be\/actualites\/le-ministre-vanessa-mats-a-decouvert-le-nouveau-batiment-de-la-police-a-eupen\/#article","isPartOf":{"@id":"https:\/\/vieassociative.be\/actualites\/le-ministre-vanessa-mats-a-decouvert-le-nouveau-batiment-de-la-police-a-eupen\/"},"author":{"name":"Julien","@id":"https:\/\/vieassociative.be\/actualites\/#\/schema\/person\/b87ac4f82f9d4e7b7cec7395b679edc4"},"headline":"Le ministre Vanessa Mats a d\u00e9couvert le nouveau b\u00e2timent de la police \u00e0 Eupen","datePublished":"2025-07-15T20:18:48+00:00","dateModified":"2025-07-15T20:18:48+00:00","mainEntityOfPage":{"@id":"https:\/\/vieassociative.be\/actualites\/le-ministre-vanessa-mats-a-decouvert-le-nouveau-batiment-de-la-police-a-eupen\/"},"wordCount":173,"publisher":{"@id":"https:\/\/vieassociative.be\/actualites\/#organization"},"image":{"@id":"https:\/\/vieassociative.be\/actualites\/le-ministre-vanessa-mats-a-decouvert-le-nouveau-batiment-de-la-police-a-eupen\/#primaryimage"},"thumbnailUrl":"https:\/\/vieassociative.be\/actualites\/wp-content\/uploads\/2025\/07\/Le-ministre-Vanessa-Mats-a-decouvert-le-nouveau-batiment-de.jpg","keywords":["b\u00e2timent","d\u00e9couvert","Eupen","Mats","ministre","nouveau","police","Vanessa"],"articleSection":["Belgique"],"inLanguage":"fr-BE"},{"@type":"WebPage","@id":"https:\/\/vieassociative.be\/actualites\/le-ministre-vanessa-mats-a-decouvert-le-nouveau-batiment-de-la-police-a-eupen\/","url":"https:\/\/vieassociative.be\/actualites\/le-ministre-vanessa-mats-a-decouvert-le-nouveau-batiment-de-la-police-a-eupen\/","name":"Le ministre Vanessa Mats a d\u00e9couvert le nouveau b\u00e2timent de la police \u00e0 Eupen | Vie Associative","isPartOf":{"@id":"https:\/\/vieassociative.be\/actualites\/#website"},"primaryImageOfPage":{"@id":"https:\/\/vieassociative.be\/actualites\/le-ministre-vanessa-mats-a-decouvert-le-nouveau-batiment-de-la-police-a-eupen\/#primaryimage"},"image":{"@id":"https:\/\/vieassociative.be\/actualites\/le-ministre-vanessa-mats-a-decouvert-le-nouveau-batiment-de-la-police-a-eupen\/#primaryimage"},"thumbnailUrl":"https:\/\/vieassociative.be\/actualites\/wp-content\/uploads\/2025\/07\/Le-ministre-Vanessa-Mats-a-decouvert-le-nouveau-batiment-de.jpg","datePublished":"2025-07-15T20:18:48+00:00","dateModified":"2025-07-15T20:18:48+00:00","breadcrumb":{"@id":"https:\/\/vieassociative.be\/actualites\/le-ministre-vanessa-mats-a-decouvert-le-nouveau-batiment-de-la-police-a-eupen\/#breadcrumb"},"inLanguage":"fr-BE","potentialAction":[{"@type":"ReadAction","target":["https:\/\/vieassociative.be\/actualites\/le-ministre-vanessa-mats-a-decouvert-le-nouveau-batiment-de-la-police-a-eupen\/"]}]},{"@type":"ImageObject","inLanguage":"fr-BE","@id":"https:\/\/vieassociative.be\/actualites\/le-ministre-vanessa-mats-a-decouvert-le-nouveau-batiment-de-la-police-a-eupen\/#primaryimage","url":"https:\/\/vieassociative.be\/actualites\/wp-content\/uploads\/2025\/07\/Le-ministre-Vanessa-Mats-a-decouvert-le-nouveau-batiment-de.jpg","contentUrl":"https:\/\/vieassociative.be\/actualites\/wp-content\/uploads\/2025\/07\/Le-ministre-Vanessa-Mats-a-decouvert-le-nouveau-batiment-de.jpg","width":1200,"height":800,"caption":"Le ministre Vanessa Mats a d\u00e9couvert le nouveau b\u00e2timent de la police \u00e0 Eupen"},{"@type":"BreadcrumbList","@id":"https:\/\/vieassociative.be\/actualites\/le-ministre-vanessa-mats-a-decouvert-le-nouveau-batiment-de-la-police-a-eupen\/#breadcrumb","itemListElement":[{"@type":"ListItem","position":1,"name":"Accueil","item":"https:\/\/vieassociative.be\/actualites\/"},{"@type":"ListItem","position":2,"name":"Le ministre Vanessa Mats a d\u00e9couvert le nouveau b\u00e2timent de la police \u00e0 Eupen"}]},{"@type":"WebSite","@id":"https:\/\/vieassociative.be\/actualites\/#website","url":"https:\/\/vieassociative.be\/actualites\/","name":"Vie Associative","description":"","publisher":{"@id":"https:\/\/vieassociative.be\/actualites\/#organization"},"potentialAction":[{"@type":"SearchAction","target":{"@type":"EntryPoint","urlTemplate":"https:\/\/vieassociative.be\/actualites\/?s={search_term_string}"},"query-input":{"@type":"PropertyValueSpecification","valueRequired":true,"valueName":"search_term_string"}}],"inLanguage":"fr-BE"},{"@type":"Organization","@id":"https:\/\/vieassociative.be\/actualites\/#organization","name":"Vie Associative","url":"https:\/\/vieassociative.be\/actualites\/","logo":{"@type":"ImageObject","inLanguage":"fr-BE","@id":"https:\/\/vieassociative.be\/actualites\/#\/schema\/logo\/image\/","url":"https:\/\/vieassociative.be\/actualites\/wp-content\/uploads\/2024\/09\/cropped-vieassociative_favicon.ico.png","contentUrl":"https:\/\/vieassociative.be\/actualites\/wp-content\/uploads\/2024\/09\/cropped-vieassociative_favicon.ico.png","width":512,"height":512,"caption":"Vie Associative"},"image":{"@id":"https:\/\/vieassociative.be\/actualites\/#\/schema\/logo\/image\/"}},{"@type":"Person","@id":"https:\/\/vieassociative.be\/actualites\/#\/schema\/person\/b87ac4f82f9d4e7b7cec7395b679edc4","name":"Julien","image":{"@type":"ImageObject","inLanguage":"fr-BE","@id":"https:\/\/vieassociative.be\/actualites\/#\/schema\/person\/image\/","url":"https:\/\/vieassociative.be\/actualites\/wp-content\/uploads\/2024\/09\/vie-associative-1-150x150.jpg","contentUrl":"https:\/\/vieassociative.be\/actualites\/wp-content\/uploads\/2024\/09\/vie-associative-1-150x150.jpg","caption":"Julien"},"description":"Je suis Julien, r\u00e9dacteur pour Vie Associative. Passionn\u00e9 par le monde associatif depuis plus de 10 ans, j'ai \u00e0 c\u0153ur de partager des histoires inspirantes et de mettre en lumi\u00e8re les initiatives locales. Mon objectif est de sensibiliser et d'encourager l'engagement communautaire \u00e0 travers mes articles.","sameAs":["https:\/\/vieassociative.be\/"]}]}},"_links":{"self":[{"href":"https:\/\/vieassociative.be\/actualites\/wp-json\/wp\/v2\/posts\/8771"}],"collection":[{"href":"https:\/\/vieassociative.be\/actualites\/wp-json\/wp\/v2\/posts"}],"about":[{"href":"https:\/\/vieassociative.be\/actualites\/wp-json\/wp\/v2\/types\/post"}],"author":[{"embeddable":true,"href":"https:\/\/vieassociative.be\/actualites\/wp-json\/wp\/v2\/users\/1"}],"replies":[{"embeddable":true,"href":"https:\/\/vieassociative.be\/actualites\/wp-json\/wp\/v2\/comments?post=8771"}],"version-history":[{"count":0,"href":"https:\/\/vieassociative.be\/actualites\/wp-json\/wp\/v2\/posts\/8771\/revisions"}],"wp:featuredmedia":[{"embeddable":true,"href":"https:\/\/vieassociative.be\/actualites\/wp-json\/wp\/v2\/media\/8772"}],"wp:attachment":[{"href":"https:\/\/vieassociative.be\/actualites\/wp-json\/wp\/v2\/media?parent=8771"}],"wp:term":[{"taxonomy":"category","embeddable":true,"href":"https:\/\/vieassociative.be\/actualites\/wp-json\/wp\/v2\/categories?post=8771"},{"taxonomy":"post_tag","embeddable":true,"href":"https:\/\/vieassociative.be\/actualites\/wp-json\/wp\/v2\/tags?post=8771"}],"curies":[{"name":"wp","href":"https:\/\/api.w.org\/{rel}","templated":true}]}}