{"id":8767,"date":"2025-07-15T16:17:22","date_gmt":"2025-07-15T14:17:22","guid":{"rendered":"https:\/\/vieassociative.be\/actualites\/les-matchs-de-la-ligue-as-eupen-et-jupiler-ne-sont-plus-sur-proximus-ou-voo-et-uniquement-sur-lapplication-dazn\/"},"modified":"2025-07-15T16:17:22","modified_gmt":"2025-07-15T14:17:22","slug":"les-matchs-de-la-ligue-as-eupen-et-jupiler-ne-sont-plus-sur-proximus-ou-voo-et-uniquement-sur-lapplication-dazn","status":"publish","type":"post","link":"https:\/\/vieassociative.be\/actualites\/les-matchs-de-la-ligue-as-eupen-et-jupiler-ne-sont-plus-sur-proximus-ou-voo-et-uniquement-sur-lapplication-dazn\/","title":{"rendered":"Les matchs de la ligue As Eupen et Jupiler ne sont plus sur Proximus ou VOO et uniquement sur l&rsquo;application Dazn?"},"content":{"rendered":"<p><strong>La crainte des n\u00e9gociations sur la deuxi\u00e8me exploitation de la Jupiler Pro League et de la Challenger Pro League a \u00e9t\u00e9 extr\u00eamement difficile depuis des semaines. R\u00e9cemment, il n&rsquo;a pas \u00e9t\u00e9 n\u00e9goci\u00e9. Un jeu de poker \u00e0 l&rsquo;arri\u00e8re des fans de football belge?<\/strong><\/p>\n<p><span id=\"more-420161\"><\/span>Le d\u00e9tenteur des droits Dazn, qui peut diffuser les matchs de la premi\u00e8re et deuxi\u00e8me ligue professionnelle pendant cinq ans suppl\u00e9mentaires, a interrompu les pourparlers avec Proximus, Orange \/ Voo et Telenet, afin que le d\u00e9but du championnat ne puisse pas \u00eatre vu en direct \u00e0 la t\u00e9l\u00e9vision classique sans abonnement de Dazn.<\/p>\n<p>Le football professionnel belge menace de devenir invisible pour le grand public moins de trois semaines avant le d\u00e9but du championnat. Dazn, d\u00e9tenteur des droits de la Jupiler Pro League et de la Challenger Pro League, a arr\u00eat\u00e9 des n\u00e9gociations avec Telenet et Proximus.<\/p>\n<div id=\"attachment_416313\" class=\"wp-caption alignleft\" style=\"max-width: 300px\"><img fetchpriority=\"high\" decoding=\"async\" class=\"wp-image-416313 size-medium\" src=\"https:\/\/vieassociative.be\/actualites\/wp-content\/uploads\/2025\/07\/Les-matchs-de-la-ligue-As-Eupen-et-Jupiler-ne.jpg\" alt=\"\" width=\"300\" height=\"200\"><\/p>\n<p class=\"wp-caption-text\">Le joueur Anan Khalaili de Union Saint-Gilloinme est de la Coupe des champions de football sur les \u00e9paules des fans acclamants. Photo: Belga<\/p>\n<\/div>\n<p>Sans un accord dans ce jeu de poker, cela signifie: pour le moment n&rsquo;\u00e9tant pas le football belge sur les stations de t\u00e9l\u00e9vision bien connues. Seuls ceux qui souscrivent au service de streaming de Dazn peuvent suivre les jeux.<\/p>\n<p>La d\u00e9cision de Dazn est le point final pr\u00e9liminaire d&rsquo;une longue histoire. \u00c0 la fin de l&rsquo;ann\u00e9e derni\u00e8re, le service de streaming a acquis les droits de transmission du forfait de football belge jusqu&rsquo;en 2029. Le cycle m\u00e9diatique suivant a \u00e9galement recherch\u00e9 des accords de sous-licence avec orange \/ voo, telenet et proximus.<\/p>\n<p>Cependant, les n\u00e9gociations sont tr\u00e8s difficiles depuis des mois. Selon les sources, les prix de Dazn \u00e9taient nettement sup\u00e9rieurs \u00e0 il y a cinq ans, tandis que Telenet \/ Orange \/ Voo et Proximus reposent d\u00e9j\u00e0 sur d&rsquo;autres droits sportifs (comme la Premier League et la Bundesliga).<\/p>\n<p>Il y a quelques semaines, les deux op\u00e9rateurs ont d\u00e9j\u00e0 envoy\u00e9 des communications \u00e0 leurs clients: les jeux Jupiler Pro League disparaissent de leur offre. Aujourd&rsquo;hui, ce sc\u00e9nario semble \u00eatre devenu une r\u00e9alit\u00e9. Lundi, Dazn a confirm\u00e9 dans un communiqu\u00e9 de presse que la nouvelle saison de la Jupiler Pro League serait suivie exclusivement sur sa propre application \u00e0 partir du vendredi 25 juillet. <\/p>\n<div id=\"attachment_400914\" class=\"wp-caption alignleft\" style=\"max-width: 300px\"><img decoding=\"async\" class=\"wp-image-400914 size-medium\" src=\"https:\/\/vieassociative.be\/actualites\/wp-content\/uploads\/2025\/07\/1752589042_669_Les-matchs-de-la-ligue-As-Eupen-et-Jupiler-ne.jpg\" alt=\"\" width=\"300\" height=\"184\"><\/p>\n<p class=\"wp-caption-text\">Amadou Keita (L) de As Eupen et Nathan de Cat de Futures Anderlecht en duel. Photo: Belga<\/p>\n<\/div>\n<p>La saison commence par un premier match entre le Royal Antwerp FC et le champion national Union Saint-Gilloie. Le match Supercup entre Meister Union Saint-Gilloise et le vainqueur de la Coupe FC Bruges dimanche prochain \u00e0 18h30. Peut \u00eatre vu gratuitement sur l&rsquo;application Dazn, car les jeux de la Coupe du monde aux \u00c9tats-Unis pourraient \u00e9galement \u00eatre suivis sur le service de streaming.<\/p>\n<p>Pour recevoir DAZN sur le t\u00e9l\u00e9viseur, vous avez besoin d&rsquo;un appareil compatible Internet. L&rsquo;application peut \u00eatre transf\u00e9r\u00e9e de Dazn \u00e0 la t\u00e9l\u00e9vision via le nouveau routeur de Proximus. La question sera toujours de savoir si vous pourrez voir les jeux gratuitement ou que vous devez vous abonner \u00e0 Dazn \u00e0 partir du 1er match de la Jupils Pro League.<\/p>\n<p>Remarque: Le prix d&rsquo;un abonnement \u00e0 DAZN est de 19,99 euros par mois pendant 12 mois (pour un abonnement annuel avec paiement mensuel si vous le terminez avant le 31 ao\u00fbt. Apr\u00e8s cette date, le prix est de 24,99 euros), 34,99 EUR par mois (mensuel) ou 274,99 EUR par an. <\/p>\n<p>L&rsquo;abonn\u00e9 a \u00e9galement droit aux Jeux de la Ligue espagnole, de la s\u00e9rie A, la Ligue 1 fran\u00e7aise 1 ainsi que de l&rsquo;American NBA (Basket) et de la NFL (football). La Premier League anglaise et la Bundesliga peuvent \u00eatre vues sur Proximus \/ Voo de cette saison. (Cre)<\/p>\n","protected":false},"excerpt":{"rendered":"<p>La crainte des n\u00e9gociations sur la deuxi\u00e8me exploitation de la Jupiler Pro League et de la Challenger Pro League a \u00e9t\u00e9 extr\u00eamement difficile depuis des<\/p>\n","protected":false},"author":1,"featured_media":8768,"comment_status":"","ping_status":"","sticky":false,"template":"","format":"standard","meta":{"footnotes":""},"categories":[298],"tags":[7631,2329,4296,282,14,2817,3023,7755,18,33,6475,7756],"class_list":["post-8767","post","type-post","status-publish","format-standard","has-post-thumbnail","hentry","category-belgique","tag-dazn","tag-eupen","tag-jupiler","tag-lapplication","tag-les","tag-ligue","tag-matchs","tag-proximus","tag-sont","tag-sur","tag-uniquement","tag-voo","generate-columns","tablet-grid-50","mobile-grid-100","grid-parent","grid-33"],"yoast_head":"<!-- This site is optimized with the Yoast SEO plugin v24.0 - https:\/\/yoast.com\/wordpress\/plugins\/seo\/ -->\n<title>Les matchs de la ligue As Eupen et Jupiler ne sont plus sur Proximus ou VOO et uniquement sur l&#039;application Dazn? | Vie Associative<\/title>\n<meta name=\"robots\" content=\"index, follow, max-snippet:-1, max-image-preview:large, max-video-preview:-1\" \/>\n<link rel=\"canonical\" href=\"https:\/\/vieassociative.be\/actualites\/les-matchs-de-la-ligue-as-eupen-et-jupiler-ne-sont-plus-sur-proximus-ou-voo-et-uniquement-sur-lapplication-dazn\/\" \/>\n<meta property=\"og:locale\" content=\"fr_FR\" \/>\n<meta property=\"og:type\" content=\"article\" \/>\n<meta property=\"og:title\" content=\"Les matchs de la ligue As Eupen et Jupiler ne sont plus sur Proximus ou VOO et uniquement sur l&#039;application Dazn? | Vie Associative\" \/>\n<meta property=\"og:description\" content=\"La crainte des n\u00e9gociations sur la deuxi\u00e8me exploitation de la Jupiler Pro League et de la Challenger Pro League a \u00e9t\u00e9 extr\u00eamement difficile depuis des\" \/>\n<meta property=\"og:url\" content=\"https:\/\/vieassociative.be\/actualites\/les-matchs-de-la-ligue-as-eupen-et-jupiler-ne-sont-plus-sur-proximus-ou-voo-et-uniquement-sur-lapplication-dazn\/\" \/>\n<meta property=\"og:site_name\" content=\"Vie Associative\" \/>\n<meta property=\"article:published_time\" content=\"2025-07-15T14:17:22+00:00\" \/>\n<meta property=\"og:image\" content=\"https:\/\/vieassociative.be\/actualites\/wp-content\/uploads\/2024\/09\/header_backgroundk-01-e1726694325946.png\" \/>\n\t<meta property=\"og:image:width\" content=\"279\" \/>\n\t<meta property=\"og:image:height\" content=\"92\" \/>\n\t<meta property=\"og:image:type\" content=\"image\/png\" \/>\n<meta name=\"author\" content=\"Julien\" \/>\n<meta name=\"twitter:card\" content=\"summary_large_image\" \/>\n<meta name=\"twitter:label1\" content=\"\u00c9crit par\" \/>\n\t<meta name=\"twitter:data1\" content=\"Julien\" \/>\n\t<meta name=\"twitter:label2\" content=\"Dur\u00e9e de lecture est.\" \/>\n\t<meta name=\"twitter:data2\" content=\"3 minutes\" \/>\n<script type=\"application\/ld+json\" class=\"yoast-schema-graph\">{\"@context\":\"https:\/\/schema.org\",\"@graph\":[{\"@type\":\"Article\",\"@id\":\"https:\/\/vieassociative.be\/actualites\/les-matchs-de-la-ligue-as-eupen-et-jupiler-ne-sont-plus-sur-proximus-ou-voo-et-uniquement-sur-lapplication-dazn\/#article\",\"isPartOf\":{\"@id\":\"https:\/\/vieassociative.be\/actualites\/les-matchs-de-la-ligue-as-eupen-et-jupiler-ne-sont-plus-sur-proximus-ou-voo-et-uniquement-sur-lapplication-dazn\/\"},\"author\":{\"name\":\"Julien\",\"@id\":\"https:\/\/vieassociative.be\/actualites\/#\/schema\/person\/b87ac4f82f9d4e7b7cec7395b679edc4\"},\"headline\":\"Les matchs de la ligue As Eupen et Jupiler ne sont plus sur Proximus ou VOO et uniquement sur l&rsquo;application Dazn?\",\"datePublished\":\"2025-07-15T14:17:22+00:00\",\"dateModified\":\"2025-07-15T14:17:22+00:00\",\"mainEntityOfPage\":{\"@id\":\"https:\/\/vieassociative.be\/actualites\/les-matchs-de-la-ligue-as-eupen-et-jupiler-ne-sont-plus-sur-proximus-ou-voo-et-uniquement-sur-lapplication-dazn\/\"},\"wordCount\":655,\"publisher\":{\"@id\":\"https:\/\/vieassociative.be\/actualites\/#organization\"},\"image\":{\"@id\":\"https:\/\/vieassociative.be\/actualites\/les-matchs-de-la-ligue-as-eupen-et-jupiler-ne-sont-plus-sur-proximus-ou-voo-et-uniquement-sur-lapplication-dazn\/#primaryimage\"},\"thumbnailUrl\":\"https:\/\/vieassociative.be\/actualites\/wp-content\/uploads\/2025\/07\/1752589042_Les-matchs-de-la-ligue-As-Eupen-et-Jupiler-ne.jpg\",\"keywords\":[\"DAZN\",\"Eupen\",\"Jupiler\",\"lapplication\",\"Les\",\"Ligue\",\"matchs\",\"Proximus\",\"sont\",\"sur\",\"uniquement\",\"VOO\"],\"articleSection\":[\"Belgique\"],\"inLanguage\":\"fr-BE\"},{\"@type\":\"WebPage\",\"@id\":\"https:\/\/vieassociative.be\/actualites\/les-matchs-de-la-ligue-as-eupen-et-jupiler-ne-sont-plus-sur-proximus-ou-voo-et-uniquement-sur-lapplication-dazn\/\",\"url\":\"https:\/\/vieassociative.be\/actualites\/les-matchs-de-la-ligue-as-eupen-et-jupiler-ne-sont-plus-sur-proximus-ou-voo-et-uniquement-sur-lapplication-dazn\/\",\"name\":\"Les matchs de la ligue As Eupen et Jupiler ne sont plus sur Proximus ou VOO et uniquement sur l'application Dazn? | Vie Associative\",\"isPartOf\":{\"@id\":\"https:\/\/vieassociative.be\/actualites\/#website\"},\"primaryImageOfPage\":{\"@id\":\"https:\/\/vieassociative.be\/actualites\/les-matchs-de-la-ligue-as-eupen-et-jupiler-ne-sont-plus-sur-proximus-ou-voo-et-uniquement-sur-lapplication-dazn\/#primaryimage\"},\"image\":{\"@id\":\"https:\/\/vieassociative.be\/actualites\/les-matchs-de-la-ligue-as-eupen-et-jupiler-ne-sont-plus-sur-proximus-ou-voo-et-uniquement-sur-lapplication-dazn\/#primaryimage\"},\"thumbnailUrl\":\"https:\/\/vieassociative.be\/actualites\/wp-content\/uploads\/2025\/07\/1752589042_Les-matchs-de-la-ligue-As-Eupen-et-Jupiler-ne.jpg\",\"datePublished\":\"2025-07-15T14:17:22+00:00\",\"dateModified\":\"2025-07-15T14:17:22+00:00\",\"breadcrumb\":{\"@id\":\"https:\/\/vieassociative.be\/actualites\/les-matchs-de-la-ligue-as-eupen-et-jupiler-ne-sont-plus-sur-proximus-ou-voo-et-uniquement-sur-lapplication-dazn\/#breadcrumb\"},\"inLanguage\":\"fr-BE\",\"potentialAction\":[{\"@type\":\"ReadAction\",\"target\":[\"https:\/\/vieassociative.be\/actualites\/les-matchs-de-la-ligue-as-eupen-et-jupiler-ne-sont-plus-sur-proximus-ou-voo-et-uniquement-sur-lapplication-dazn\/\"]}]},{\"@type\":\"ImageObject\",\"inLanguage\":\"fr-BE\",\"@id\":\"https:\/\/vieassociative.be\/actualites\/les-matchs-de-la-ligue-as-eupen-et-jupiler-ne-sont-plus-sur-proximus-ou-voo-et-uniquement-sur-lapplication-dazn\/#primaryimage\",\"url\":\"https:\/\/vieassociative.be\/actualites\/wp-content\/uploads\/2025\/07\/1752589042_Les-matchs-de-la-ligue-As-Eupen-et-Jupiler-ne.jpg\",\"contentUrl\":\"https:\/\/vieassociative.be\/actualites\/wp-content\/uploads\/2025\/07\/1752589042_Les-matchs-de-la-ligue-As-Eupen-et-Jupiler-ne.jpg\",\"width\":900,\"height\":300,\"caption\":\"Les matchs de la ligue As Eupen et Jupiler ne sont plus sur Proximus ou VOO et uniquement sur l'application Dazn?\"},{\"@type\":\"BreadcrumbList\",\"@id\":\"https:\/\/vieassociative.be\/actualites\/les-matchs-de-la-ligue-as-eupen-et-jupiler-ne-sont-plus-sur-proximus-ou-voo-et-uniquement-sur-lapplication-dazn\/#breadcrumb\",\"itemListElement\":[{\"@type\":\"ListItem\",\"position\":1,\"name\":\"Accueil\",\"item\":\"https:\/\/vieassociative.be\/actualites\/\"},{\"@type\":\"ListItem\",\"position\":2,\"name\":\"Les matchs de la ligue As Eupen et Jupiler ne sont plus sur Proximus ou VOO et uniquement sur l&rsquo;application Dazn?\"}]},{\"@type\":\"WebSite\",\"@id\":\"https:\/\/vieassociative.be\/actualites\/#website\",\"url\":\"https:\/\/vieassociative.be\/actualites\/\",\"name\":\"Vie Associative\",\"description\":\"\",\"publisher\":{\"@id\":\"https:\/\/vieassociative.be\/actualites\/#organization\"},\"potentialAction\":[{\"@type\":\"SearchAction\",\"target\":{\"@type\":\"EntryPoint\",\"urlTemplate\":\"https:\/\/vieassociative.be\/actualites\/?s={search_term_string}\"},\"query-input\":{\"@type\":\"PropertyValueSpecification\",\"valueRequired\":true,\"valueName\":\"search_term_string\"}}],\"inLanguage\":\"fr-BE\"},{\"@type\":\"Organization\",\"@id\":\"https:\/\/vieassociative.be\/actualites\/#organization\",\"name\":\"Vie Associative\",\"url\":\"https:\/\/vieassociative.be\/actualites\/\",\"logo\":{\"@type\":\"ImageObject\",\"inLanguage\":\"fr-BE\",\"@id\":\"https:\/\/vieassociative.be\/actualites\/#\/schema\/logo\/image\/\",\"url\":\"https:\/\/vieassociative.be\/actualites\/wp-content\/uploads\/2024\/09\/cropped-vieassociative_favicon.ico.png\",\"contentUrl\":\"https:\/\/vieassociative.be\/actualites\/wp-content\/uploads\/2024\/09\/cropped-vieassociative_favicon.ico.png\",\"width\":512,\"height\":512,\"caption\":\"Vie Associative\"},\"image\":{\"@id\":\"https:\/\/vieassociative.be\/actualites\/#\/schema\/logo\/image\/\"}},{\"@type\":\"Person\",\"@id\":\"https:\/\/vieassociative.be\/actualites\/#\/schema\/person\/b87ac4f82f9d4e7b7cec7395b679edc4\",\"name\":\"Julien\",\"image\":{\"@type\":\"ImageObject\",\"inLanguage\":\"fr-BE\",\"@id\":\"https:\/\/vieassociative.be\/actualites\/#\/schema\/person\/image\/\",\"url\":\"https:\/\/vieassociative.be\/actualites\/wp-content\/uploads\/2024\/09\/vie-associative-1-150x150.jpg\",\"contentUrl\":\"https:\/\/vieassociative.be\/actualites\/wp-content\/uploads\/2024\/09\/vie-associative-1-150x150.jpg\",\"caption\":\"Julien\"},\"description\":\"Je suis Julien, r\u00e9dacteur pour Vie Associative. Passionn\u00e9 par le monde associatif depuis plus de 10 ans, j'ai \u00e0 c\u0153ur de partager des histoires inspirantes et de mettre en lumi\u00e8re les initiatives locales. Mon objectif est de sensibiliser et d'encourager l'engagement communautaire \u00e0 travers mes articles.\",\"sameAs\":[\"https:\/\/vieassociative.be\/\"]}]}<\/script>\n<!-- \/ Yoast SEO plugin. -->","yoast_head_json":{"title":"Les matchs de la ligue As Eupen et Jupiler ne sont plus sur Proximus ou VOO et uniquement sur l'application Dazn? | Vie Associative","robots":{"index":"index","follow":"follow","max-snippet":"max-snippet:-1","max-image-preview":"max-image-preview:large","max-video-preview":"max-video-preview:-1"},"canonical":"https:\/\/vieassociative.be\/actualites\/les-matchs-de-la-ligue-as-eupen-et-jupiler-ne-sont-plus-sur-proximus-ou-voo-et-uniquement-sur-lapplication-dazn\/","og_locale":"fr_FR","og_type":"article","og_title":"Les matchs de la ligue As Eupen et Jupiler ne sont plus sur Proximus ou VOO et uniquement sur l'application Dazn? | Vie Associative","og_description":"La crainte des n\u00e9gociations sur la deuxi\u00e8me exploitation de la Jupiler Pro League et de la Challenger Pro League a \u00e9t\u00e9 extr\u00eamement difficile depuis des","og_url":"https:\/\/vieassociative.be\/actualites\/les-matchs-de-la-ligue-as-eupen-et-jupiler-ne-sont-plus-sur-proximus-ou-voo-et-uniquement-sur-lapplication-dazn\/","og_site_name":"Vie Associative","article_published_time":"2025-07-15T14:17:22+00:00","og_image":[{"width":279,"height":92,"url":"https:\/\/vieassociative.be\/actualites\/wp-content\/uploads\/2024\/09\/header_backgroundk-01-e1726694325946.png","type":"image\/png"}],"author":"Julien","twitter_card":"summary_large_image","twitter_misc":{"\u00c9crit par":"Julien","Dur\u00e9e de lecture est.":"3 minutes"},"schema":{"@context":"https:\/\/schema.org","@graph":[{"@type":"Article","@id":"https:\/\/vieassociative.be\/actualites\/les-matchs-de-la-ligue-as-eupen-et-jupiler-ne-sont-plus-sur-proximus-ou-voo-et-uniquement-sur-lapplication-dazn\/#article","isPartOf":{"@id":"https:\/\/vieassociative.be\/actualites\/les-matchs-de-la-ligue-as-eupen-et-jupiler-ne-sont-plus-sur-proximus-ou-voo-et-uniquement-sur-lapplication-dazn\/"},"author":{"name":"Julien","@id":"https:\/\/vieassociative.be\/actualites\/#\/schema\/person\/b87ac4f82f9d4e7b7cec7395b679edc4"},"headline":"Les matchs de la ligue As Eupen et Jupiler ne sont plus sur Proximus ou VOO et uniquement sur l&rsquo;application Dazn?","datePublished":"2025-07-15T14:17:22+00:00","dateModified":"2025-07-15T14:17:22+00:00","mainEntityOfPage":{"@id":"https:\/\/vieassociative.be\/actualites\/les-matchs-de-la-ligue-as-eupen-et-jupiler-ne-sont-plus-sur-proximus-ou-voo-et-uniquement-sur-lapplication-dazn\/"},"wordCount":655,"publisher":{"@id":"https:\/\/vieassociative.be\/actualites\/#organization"},"image":{"@id":"https:\/\/vieassociative.be\/actualites\/les-matchs-de-la-ligue-as-eupen-et-jupiler-ne-sont-plus-sur-proximus-ou-voo-et-uniquement-sur-lapplication-dazn\/#primaryimage"},"thumbnailUrl":"https:\/\/vieassociative.be\/actualites\/wp-content\/uploads\/2025\/07\/1752589042_Les-matchs-de-la-ligue-As-Eupen-et-Jupiler-ne.jpg","keywords":["DAZN","Eupen","Jupiler","lapplication","Les","Ligue","matchs","Proximus","sont","sur","uniquement","VOO"],"articleSection":["Belgique"],"inLanguage":"fr-BE"},{"@type":"WebPage","@id":"https:\/\/vieassociative.be\/actualites\/les-matchs-de-la-ligue-as-eupen-et-jupiler-ne-sont-plus-sur-proximus-ou-voo-et-uniquement-sur-lapplication-dazn\/","url":"https:\/\/vieassociative.be\/actualites\/les-matchs-de-la-ligue-as-eupen-et-jupiler-ne-sont-plus-sur-proximus-ou-voo-et-uniquement-sur-lapplication-dazn\/","name":"Les matchs de la ligue As Eupen et Jupiler ne sont plus sur Proximus ou VOO et uniquement sur l'application Dazn? | Vie Associative","isPartOf":{"@id":"https:\/\/vieassociative.be\/actualites\/#website"},"primaryImageOfPage":{"@id":"https:\/\/vieassociative.be\/actualites\/les-matchs-de-la-ligue-as-eupen-et-jupiler-ne-sont-plus-sur-proximus-ou-voo-et-uniquement-sur-lapplication-dazn\/#primaryimage"},"image":{"@id":"https:\/\/vieassociative.be\/actualites\/les-matchs-de-la-ligue-as-eupen-et-jupiler-ne-sont-plus-sur-proximus-ou-voo-et-uniquement-sur-lapplication-dazn\/#primaryimage"},"thumbnailUrl":"https:\/\/vieassociative.be\/actualites\/wp-content\/uploads\/2025\/07\/1752589042_Les-matchs-de-la-ligue-As-Eupen-et-Jupiler-ne.jpg","datePublished":"2025-07-15T14:17:22+00:00","dateModified":"2025-07-15T14:17:22+00:00","breadcrumb":{"@id":"https:\/\/vieassociative.be\/actualites\/les-matchs-de-la-ligue-as-eupen-et-jupiler-ne-sont-plus-sur-proximus-ou-voo-et-uniquement-sur-lapplication-dazn\/#breadcrumb"},"inLanguage":"fr-BE","potentialAction":[{"@type":"ReadAction","target":["https:\/\/vieassociative.be\/actualites\/les-matchs-de-la-ligue-as-eupen-et-jupiler-ne-sont-plus-sur-proximus-ou-voo-et-uniquement-sur-lapplication-dazn\/"]}]},{"@type":"ImageObject","inLanguage":"fr-BE","@id":"https:\/\/vieassociative.be\/actualites\/les-matchs-de-la-ligue-as-eupen-et-jupiler-ne-sont-plus-sur-proximus-ou-voo-et-uniquement-sur-lapplication-dazn\/#primaryimage","url":"https:\/\/vieassociative.be\/actualites\/wp-content\/uploads\/2025\/07\/1752589042_Les-matchs-de-la-ligue-As-Eupen-et-Jupiler-ne.jpg","contentUrl":"https:\/\/vieassociative.be\/actualites\/wp-content\/uploads\/2025\/07\/1752589042_Les-matchs-de-la-ligue-As-Eupen-et-Jupiler-ne.jpg","width":900,"height":300,"caption":"Les matchs de la ligue As Eupen et Jupiler ne sont plus sur Proximus ou VOO et uniquement sur l'application Dazn?"},{"@type":"BreadcrumbList","@id":"https:\/\/vieassociative.be\/actualites\/les-matchs-de-la-ligue-as-eupen-et-jupiler-ne-sont-plus-sur-proximus-ou-voo-et-uniquement-sur-lapplication-dazn\/#breadcrumb","itemListElement":[{"@type":"ListItem","position":1,"name":"Accueil","item":"https:\/\/vieassociative.be\/actualites\/"},{"@type":"ListItem","position":2,"name":"Les matchs de la ligue As Eupen et Jupiler ne sont plus sur Proximus ou VOO et uniquement sur l&rsquo;application Dazn?"}]},{"@type":"WebSite","@id":"https:\/\/vieassociative.be\/actualites\/#website","url":"https:\/\/vieassociative.be\/actualites\/","name":"Vie Associative","description":"","publisher":{"@id":"https:\/\/vieassociative.be\/actualites\/#organization"},"potentialAction":[{"@type":"SearchAction","target":{"@type":"EntryPoint","urlTemplate":"https:\/\/vieassociative.be\/actualites\/?s={search_term_string}"},"query-input":{"@type":"PropertyValueSpecification","valueRequired":true,"valueName":"search_term_string"}}],"inLanguage":"fr-BE"},{"@type":"Organization","@id":"https:\/\/vieassociative.be\/actualites\/#organization","name":"Vie Associative","url":"https:\/\/vieassociative.be\/actualites\/","logo":{"@type":"ImageObject","inLanguage":"fr-BE","@id":"https:\/\/vieassociative.be\/actualites\/#\/schema\/logo\/image\/","url":"https:\/\/vieassociative.be\/actualites\/wp-content\/uploads\/2024\/09\/cropped-vieassociative_favicon.ico.png","contentUrl":"https:\/\/vieassociative.be\/actualites\/wp-content\/uploads\/2024\/09\/cropped-vieassociative_favicon.ico.png","width":512,"height":512,"caption":"Vie Associative"},"image":{"@id":"https:\/\/vieassociative.be\/actualites\/#\/schema\/logo\/image\/"}},{"@type":"Person","@id":"https:\/\/vieassociative.be\/actualites\/#\/schema\/person\/b87ac4f82f9d4e7b7cec7395b679edc4","name":"Julien","image":{"@type":"ImageObject","inLanguage":"fr-BE","@id":"https:\/\/vieassociative.be\/actualites\/#\/schema\/person\/image\/","url":"https:\/\/vieassociative.be\/actualites\/wp-content\/uploads\/2024\/09\/vie-associative-1-150x150.jpg","contentUrl":"https:\/\/vieassociative.be\/actualites\/wp-content\/uploads\/2024\/09\/vie-associative-1-150x150.jpg","caption":"Julien"},"description":"Je suis Julien, r\u00e9dacteur pour Vie Associative. Passionn\u00e9 par le monde associatif depuis plus de 10 ans, j'ai \u00e0 c\u0153ur de partager des histoires inspirantes et de mettre en lumi\u00e8re les initiatives locales. Mon objectif est de sensibiliser et d'encourager l'engagement communautaire \u00e0 travers mes articles.","sameAs":["https:\/\/vieassociative.be\/"]}]}},"_links":{"self":[{"href":"https:\/\/vieassociative.be\/actualites\/wp-json\/wp\/v2\/posts\/8767"}],"collection":[{"href":"https:\/\/vieassociative.be\/actualites\/wp-json\/wp\/v2\/posts"}],"about":[{"href":"https:\/\/vieassociative.be\/actualites\/wp-json\/wp\/v2\/types\/post"}],"author":[{"embeddable":true,"href":"https:\/\/vieassociative.be\/actualites\/wp-json\/wp\/v2\/users\/1"}],"replies":[{"embeddable":true,"href":"https:\/\/vieassociative.be\/actualites\/wp-json\/wp\/v2\/comments?post=8767"}],"version-history":[{"count":0,"href":"https:\/\/vieassociative.be\/actualites\/wp-json\/wp\/v2\/posts\/8767\/revisions"}],"wp:featuredmedia":[{"embeddable":true,"href":"https:\/\/vieassociative.be\/actualites\/wp-json\/wp\/v2\/media\/8768"}],"wp:attachment":[{"href":"https:\/\/vieassociative.be\/actualites\/wp-json\/wp\/v2\/media?parent=8767"}],"wp:term":[{"taxonomy":"category","embeddable":true,"href":"https:\/\/vieassociative.be\/actualites\/wp-json\/wp\/v2\/categories?post=8767"},{"taxonomy":"post_tag","embeddable":true,"href":"https:\/\/vieassociative.be\/actualites\/wp-json\/wp\/v2\/tags?post=8767"}],"curies":[{"name":"wp","href":"https:\/\/api.w.org\/{rel}","templated":true}]}}