{"id":8759,"date":"2025-07-15T10:18:16","date_gmt":"2025-07-15T08:18:16","guid":{"rendered":"https:\/\/vieassociative.be\/actualites\/lancien-patron-de-fifa-sepp-blatter-se-plaint-trop-de-football\/"},"modified":"2025-07-15T10:18:16","modified_gmt":"2025-07-15T08:18:16","slug":"lancien-patron-de-fifa-sepp-blatter-se-plaint-trop-de-football","status":"publish","type":"post","link":"https:\/\/vieassociative.be\/actualites\/lancien-patron-de-fifa-sepp-blatter-se-plaint-trop-de-football\/","title":{"rendered":"L&rsquo;ancien patron de Fifa Sepp Blatter se plaint \u00ab\u00a0trop de football\u00a0\u00bb"},"content":{"rendered":"<p><strong>L&rsquo;ancien patron de la Fifa, Sepp Blatter, critique la Coupe du monde des clubs aux \u00c9tats-Unis, qui se termine aujourd&rsquo;hui avec la finale purement europ\u00e9enne entre Chelsea et Paris Saint-Germein (21 h CEST, gratuitement sur Dazn App et Sat.1). Blatter d\u00e9place \u00e9galement la politique de son successeur et compatriote Gianni Infantino. Cela remercie le pr\u00e9sident am\u00e9ricain Donald Trump et c\u00e9l\u00e8bre la Coupe du monde des clubs comme la \u00ab\u00a0comp\u00e9tition de clubs la plus r\u00e9ussie au monde\u00a0\u00bb.<\/strong><\/p>\n<p><span id=\"more-419933\"><\/span>L&rsquo;ancien pr\u00e9sident de la FIFA, Joseph (\u00ab\u00a0Sepp\u00a0\u00bb), Blatter a fait du mal avec la direction d&rsquo;aujourd&rsquo;hui de la World Football Association dirig\u00e9e par son compatriote suisse Gianni Infantino.<\/p>\n<p>Dans le m\u00eame temps, l&rsquo;homme de 89 ans s&rsquo;est plaint du football aux \u00c9tats-Unis gr\u00e2ce au championnat du monde des clubs aux \u00c9tats-Unis et \u00e0 la vente du sport de l&rsquo;Arabie saoudite. \u00ab\u00a0Oui, nous avons perdu le football contre l&rsquo;Arabie saoudite. Nous l&rsquo;avons propos\u00e9 et ils l&rsquo;ont pris\u00a0\u00bb, a d\u00e9clar\u00e9 l&rsquo;ancien haut fonctionnaire dans une interview avec les cha\u00eenes de t\u00e9l\u00e9vision RTL \/ NTV.<\/p>\n<div id=\"attachment_418425\" class=\"wp-caption alignleft\" style=\"max-width: 300px\"><img fetchpriority=\"high\" decoding=\"async\" class=\"wp-image-418425 size-medium\" src=\"https:\/\/vieassociative.be\/actualites\/wp-content\/uploads\/2025\/07\/Lancien-patron-de-Fifa-Sepp-Blatter-se-plaint-trop-de.jpg\" alt=\"\" width=\"300\" height=\"200\"><\/p>\n<p class=\"wp-caption-text\">21.06.2025, \u00c9tats-Unis, Cincinnati: le Borussia Dortmund&rsquo;s Serhou Guirassy (R) est rafra\u00eechi. \u00ab\u00a0Ils ont jou\u00e9 dans l&rsquo;\u00e9t\u00e9 le plus chaud, c&rsquo;est malsain et effront\u00e9\u00a0\u00bb, critique l&rsquo;ancien patron de Fifa Sepp Blatter. Photo: Jeff Dean \/ AP \/ DPA<\/p>\n<\/div>\n<p>\u00ab\u00a0Et surtout, il n&rsquo;y a pas d&rsquo;opposition au sein de la FIFA\u00a0\u00bb, a d\u00e9clar\u00e9 Blatter. Il s&rsquo;est d\u00e9fendu sur l&rsquo;objection qu&rsquo;il n&rsquo;y avait aucune r\u00e9sistance sous sa direction. \u00ab\u00a0Mais \u00e0 ce moment-l\u00e0, il y avait encore des congr\u00e8s o\u00f9 les probl\u00e8mes ont \u00e9t\u00e9 discut\u00e9s et le Congr\u00e8s a d\u00e9cid\u00e9. Aujourd&rsquo;hui, il n&rsquo;y a plus de discussion au Congr\u00e8s\u00a0\u00bb, a-t-il d\u00e9clar\u00e9. Vous n&rsquo;avez m\u00eame pas besoin de faire un congr\u00e8s et d&rsquo;inviter des gens, vous faites tout \u00e9lectroniquement et personne ne dit quoi que ce soit.<\/p>\n<p><strong>&#8211; c\u00f4t\u00e9 sur Infantino:<\/strong> Avec un coup sur Infantino, Blatter a d\u00e9clar\u00e9: \u00ab\u00a0Vous pouvez m\u00eame venir au Congr\u00e8s six heures de retard.\u00a0\u00bb Apr\u00e8s un voyage controvers\u00e9 du Moyen-Orient avec le pr\u00e9sident am\u00e9ricain Donald Trump, le chef de 55 ans \u00e9tait arriv\u00e9 trop tard au dernier congr\u00e8s d&rsquo;Asunci\u00f3n (Paraguay). Le Congr\u00e8s a donc commenc\u00e9 avec plus de trois heures de retard. Infantino s&rsquo;est excus\u00e9 pour le retard.<\/p>\n<p>Selon Blatter, la Coupe du monde du Club, qui se termine ce dimanche avec la finale entre le Paris Saint-Germain et le FC Chelsea et le 63e match du tournoi de quatre semaines, n&rsquo;est pas bon pour le sport. \u00ab\u00a0Il y a trop de football\u00a0\u00bb, a critiqu\u00e9 les Suisses. Ce sont toujours les m\u00eames clubs et toujours les m\u00eames joueurs qui devraient \u00e9galement se reposer. \u00ab\u00a0Ils ont jou\u00e9 dans l&rsquo;\u00e9t\u00e9 le plus chaud (&#8230;) qui est malsain et effront\u00e9. (&#8230;) Cela ne fonctionne pas. Vous devez prot\u00e9ger les joueurs\u00a0\u00bb, a d\u00e9clar\u00e9 Blatter \u00e0 89 ans, qui avait dirig\u00e9 la FIFA de 1998 \u00e0 2016.<\/p>\n<h3>Infantino remercie Trump et contr\u00e9 des critiques comme Klopp<\/h3>\n<p><strong>Comme pr\u00e9vu, Gianni Infantino c\u00e9l\u00e8bre la premi\u00e8re Coupe du monde de clubs dans un nouveau grand format comme un succ\u00e8s. Le patron de la FIFA pr\u00e9sente des chiffres impressionnants. Et il justifie la proximit\u00e9 du pr\u00e9sident am\u00e9ricain.<\/strong><\/p>\n<p><!--more--><\/p>\n<div id=\"attachment_419940\" class=\"wp-caption alignleft\" style=\"max-width: 300px\"><img decoding=\"async\" class=\"wp-image-419940 size-medium\" src=\"https:\/\/vieassociative.be\/actualites\/wp-content\/uploads\/2025\/07\/1752567496_208_Lancien-patron-de-Fifa-Sepp-Blatter-se-plaint-trop-de.jpg\" alt=\"\" width=\"300\" height=\"200\"><\/p>\n<p class=\"wp-caption-text\">05.07.2025, \u00c9tats-Unis, East Rutherford: The Metlife Stadium, dans lequel la finale de la Coupe du monde du club a lieu aujourd&rsquo;hui. Photo: Pamela Smith \/ FR172156 AP \/ DPA<\/p>\n<\/div>\n<p>Le patron de la FIFA, Gianni Infantino, a parl\u00e9 son \u00abgrand merci\u00bb pour le soutien du tournoi avant la finale de la Coupe du monde, le pr\u00e9sident am\u00e9ricain Donald Trump. Cela \u00e9tait indispensable lors de l&rsquo;\u00e9v\u00e9nement dans le nouveau grand format avec 32 participants. Et ils ont \u00e9galement \u00e9t\u00e9 importants en ce qui concerne la Coupe du monde avec 48 \u00e9quipes nationales pour la premi\u00e8re fois dans l&rsquo;ann\u00e9e \u00e0 venir au Canada, au Mexique et aux \u00c9tats-Unis.<\/p>\n<p>Dans le m\u00eame temps, le pr\u00e9sident de la World Association, \u00e2g\u00e9 de 55 ans, a d\u00e9crit la Coupe du monde des clubs \u00ab\u00a0comme la comp\u00e9tition de clubs la plus r\u00e9ussie au monde\u00a0\u00bb lors d&rsquo;un rendez-vous avec les m\u00e9dias avec les anciens l\u00e9gendes des joueurs de la Trump Tower \u00e0 New York. Infantino a \u00e9galement essay\u00e9 la veille de la finale entre le vainqueur de la Ligue des champions, le Paris Saint-Germain et le FC Chelsea, pour r\u00e9futer les critiques de tournoi extr\u00eames tels que J\u00fcrgen Klopp avec un nombre impressionnant de visiteurs et de rendements financiers.<\/p>\n<p>Infantino a justifi\u00e9 la proximit\u00e9 qu&rsquo;il recherchait \u00e0 Trump, qui visitera \u00e9galement la finale dimanche au Metlife Stadium de New York New Jersey. \u00ab\u00a0Des \u00e9v\u00e9nements tels que la Coupe du monde du club ou la Coupe du monde au cours de l&rsquo;ann\u00e9e \u00e0 venir sont de tr\u00e8s grands \u00e9v\u00e9nements avec des centaines de milliers de visiteurs\u00a0\u00bb, a d\u00e9clar\u00e9 Infantino.<\/p>\n<p>\u00abVous ne pouvez pas penser \u00e0 organiser une telle comp\u00e9tition sans le soutien absolu et l&rsquo;engagement complet du gouvernement respectif. Mon grand merci au pr\u00e9sident Trump et \u00e0 toute son \u00e9quipe. Ils \u00e9taient O<\/p>\n<div id=\"attachment_419937\" class=\"wp-caption alignleft\" style=\"max-width: 300px\"><img decoding=\"async\" class=\"wp-image-419937 size-medium\" src=\"https:\/\/vieassociative.be\/actualites\/wp-content\/uploads\/2025\/07\/1752567496_484_Lancien-patron-de-Fifa-Sepp-Blatter-se-plaint-trop-de.jpg\" alt=\"\" width=\"300\" height=\"208\"><\/p>\n<p class=\"wp-caption-text\">07\/12\/2025, \u00c9tats-Unis, New York: Gianni Infantino, pr\u00e9sident de la FIFA, participe \u00e0 la conf\u00e9rence de presse. Photo: Sven Hoppe \/ DPA<\/p>\n<\/div>\n<p>Interrog\u00e9 sur Klopp, que la Coupe du monde du club dans le nouveau format XXL sur une p\u00e9riode de quatre semaines comme \u00ab\u00a0la pire id\u00e9e jamais mise en \u0153uvre dans le football\u00a0\u00bb, Infantino a r\u00e9agi plus g\u00e9n\u00e9ralement. \u00ab\u00a0Je respecte l&rsquo;opinion de tout le monde et de tout le monde\u00a0\u00bb, a d\u00e9clar\u00e9 le patron de la FIFA.<\/p>\n<p>Il se sent encourag\u00e9 dans son projet de c\u0153ur. \u00ab\u00a0L&rsquo;\u00e8re dor\u00e9e du football de club a commenc\u00e9.\u00a0\u00bb Infantino a nomm\u00e9 divers chiffres: un total de 2,5 millions de t\u00e9l\u00e9spectateurs sont venus dans les stades pour les 63 matchs, soit une moyenne de 40 000 par match.<\/p>\n<p>Le contrat de t\u00e9l\u00e9vision \u00abr\u00e9volutionnaire\u00bb avec le service de streaming Dazn a permis de voir gratuitement 20 milliards de spectateurs dans le monde. \u00ab\u00a0Dites-moi une comp\u00e9tition dans le football de club qui est enti\u00e8rement gratuite.\u00a0\u00bb 2,1 milliards de ventes en dollars am\u00e9ricains ont \u00e9t\u00e9 g\u00e9n\u00e9r\u00e9es, en moyenne 33 millions de dollars par match.<\/p>\n<p>Le prix en argent pour les participants \u00e9tait d&rsquo;un milliard de dollars. La victoire finale de dimanche seulement est r\u00e9compens\u00e9e par 40 millions de dollars. \u00ab\u00a0Ensemble, nous avons cr\u00e9\u00e9 quelque chose de nouveau qui change la carte du football\u00a0\u00bb, a d\u00e9clar\u00e9 Infantino. (DPA)<\/p>\n","protected":false},"excerpt":{"rendered":"<p>L&rsquo;ancien patron de la Fifa, Sepp Blatter, critique la Coupe du monde des clubs aux \u00c9tats-Unis, qui se termine aujourd&rsquo;hui avec la finale purement europ\u00e9enne<\/p>\n","protected":false},"author":1,"featured_media":8760,"comment_status":"","ping_status":"","sticky":false,"template":"","format":"standard","meta":{"footnotes":""},"categories":[298],"tags":[6027,4080,1104,4356,3953,4067,7753,656],"class_list":["post-8759","post","type-post","status-publish","format-standard","has-post-thumbnail","hentry","category-belgique","tag-blatter","tag-fifa","tag-football","tag-lancien","tag-patron","tag-plaint","tag-sepp","tag-trop","generate-columns","tablet-grid-50","mobile-grid-100","grid-parent","grid-33"],"yoast_head":"<!-- This site is optimized with the Yoast SEO plugin v24.0 - https:\/\/yoast.com\/wordpress\/plugins\/seo\/ -->\n<title>L&#039;ancien patron de Fifa Sepp Blatter se plaint &quot;trop de football&quot; | Vie Associative<\/title>\n<meta name=\"robots\" content=\"index, follow, max-snippet:-1, max-image-preview:large, max-video-preview:-1\" \/>\n<link rel=\"canonical\" href=\"https:\/\/vieassociative.be\/actualites\/lancien-patron-de-fifa-sepp-blatter-se-plaint-trop-de-football\/\" \/>\n<meta property=\"og:locale\" content=\"fr_FR\" \/>\n<meta property=\"og:type\" content=\"article\" \/>\n<meta property=\"og:title\" content=\"L&#039;ancien patron de Fifa Sepp Blatter se plaint &quot;trop de football&quot; | Vie Associative\" \/>\n<meta property=\"og:description\" content=\"L&rsquo;ancien patron de la Fifa, Sepp Blatter, critique la Coupe du monde des clubs aux \u00c9tats-Unis, qui se termine aujourd&rsquo;hui avec la finale purement europ\u00e9enne\" \/>\n<meta property=\"og:url\" content=\"https:\/\/vieassociative.be\/actualites\/lancien-patron-de-fifa-sepp-blatter-se-plaint-trop-de-football\/\" \/>\n<meta property=\"og:site_name\" content=\"Vie Associative\" \/>\n<meta property=\"article:published_time\" content=\"2025-07-15T08:18:16+00:00\" \/>\n<meta property=\"og:image\" content=\"https:\/\/vieassociative.be\/actualites\/wp-content\/uploads\/2024\/09\/header_backgroundk-01-e1726694325946.png\" \/>\n\t<meta property=\"og:image:width\" content=\"279\" \/>\n\t<meta property=\"og:image:height\" content=\"92\" \/>\n\t<meta property=\"og:image:type\" content=\"image\/png\" \/>\n<meta name=\"author\" content=\"Julien\" \/>\n<meta name=\"twitter:card\" content=\"summary_large_image\" \/>\n<meta name=\"twitter:label1\" content=\"\u00c9crit par\" \/>\n\t<meta name=\"twitter:data1\" content=\"Julien\" \/>\n\t<meta name=\"twitter:label2\" content=\"Dur\u00e9e de lecture est.\" \/>\n\t<meta name=\"twitter:data2\" content=\"5 minutes\" \/>\n<script type=\"application\/ld+json\" class=\"yoast-schema-graph\">{\"@context\":\"https:\/\/schema.org\",\"@graph\":[{\"@type\":\"Article\",\"@id\":\"https:\/\/vieassociative.be\/actualites\/lancien-patron-de-fifa-sepp-blatter-se-plaint-trop-de-football\/#article\",\"isPartOf\":{\"@id\":\"https:\/\/vieassociative.be\/actualites\/lancien-patron-de-fifa-sepp-blatter-se-plaint-trop-de-football\/\"},\"author\":{\"name\":\"Julien\",\"@id\":\"https:\/\/vieassociative.be\/actualites\/#\/schema\/person\/b87ac4f82f9d4e7b7cec7395b679edc4\"},\"headline\":\"L&rsquo;ancien patron de Fifa Sepp Blatter se plaint \u00ab\u00a0trop de football\u00a0\u00bb\",\"datePublished\":\"2025-07-15T08:18:16+00:00\",\"dateModified\":\"2025-07-15T08:18:16+00:00\",\"mainEntityOfPage\":{\"@id\":\"https:\/\/vieassociative.be\/actualites\/lancien-patron-de-fifa-sepp-blatter-se-plaint-trop-de-football\/\"},\"wordCount\":1130,\"publisher\":{\"@id\":\"https:\/\/vieassociative.be\/actualites\/#organization\"},\"image\":{\"@id\":\"https:\/\/vieassociative.be\/actualites\/lancien-patron-de-fifa-sepp-blatter-se-plaint-trop-de-football\/#primaryimage\"},\"thumbnailUrl\":\"https:\/\/vieassociative.be\/actualites\/wp-content\/uploads\/2025\/07\/1752567497_Lancien-patron-de-Fifa-Sepp-Blatter-se-plaint-trop-de.jpg\",\"keywords\":[\"Blatter\",\"FIFA\",\"football\",\"Lancien\",\"patron\",\"plaint\",\"Sepp\",\"trop\"],\"articleSection\":[\"Belgique\"],\"inLanguage\":\"fr-BE\"},{\"@type\":\"WebPage\",\"@id\":\"https:\/\/vieassociative.be\/actualites\/lancien-patron-de-fifa-sepp-blatter-se-plaint-trop-de-football\/\",\"url\":\"https:\/\/vieassociative.be\/actualites\/lancien-patron-de-fifa-sepp-blatter-se-plaint-trop-de-football\/\",\"name\":\"L'ancien patron de Fifa Sepp Blatter se plaint \\\"trop de football\\\" | Vie Associative\",\"isPartOf\":{\"@id\":\"https:\/\/vieassociative.be\/actualites\/#website\"},\"primaryImageOfPage\":{\"@id\":\"https:\/\/vieassociative.be\/actualites\/lancien-patron-de-fifa-sepp-blatter-se-plaint-trop-de-football\/#primaryimage\"},\"image\":{\"@id\":\"https:\/\/vieassociative.be\/actualites\/lancien-patron-de-fifa-sepp-blatter-se-plaint-trop-de-football\/#primaryimage\"},\"thumbnailUrl\":\"https:\/\/vieassociative.be\/actualites\/wp-content\/uploads\/2025\/07\/1752567497_Lancien-patron-de-Fifa-Sepp-Blatter-se-plaint-trop-de.jpg\",\"datePublished\":\"2025-07-15T08:18:16+00:00\",\"dateModified\":\"2025-07-15T08:18:16+00:00\",\"breadcrumb\":{\"@id\":\"https:\/\/vieassociative.be\/actualites\/lancien-patron-de-fifa-sepp-blatter-se-plaint-trop-de-football\/#breadcrumb\"},\"inLanguage\":\"fr-BE\",\"potentialAction\":[{\"@type\":\"ReadAction\",\"target\":[\"https:\/\/vieassociative.be\/actualites\/lancien-patron-de-fifa-sepp-blatter-se-plaint-trop-de-football\/\"]}]},{\"@type\":\"ImageObject\",\"inLanguage\":\"fr-BE\",\"@id\":\"https:\/\/vieassociative.be\/actualites\/lancien-patron-de-fifa-sepp-blatter-se-plaint-trop-de-football\/#primaryimage\",\"url\":\"https:\/\/vieassociative.be\/actualites\/wp-content\/uploads\/2025\/07\/1752567497_Lancien-patron-de-Fifa-Sepp-Blatter-se-plaint-trop-de.jpg\",\"contentUrl\":\"https:\/\/vieassociative.be\/actualites\/wp-content\/uploads\/2025\/07\/1752567497_Lancien-patron-de-Fifa-Sepp-Blatter-se-plaint-trop-de.jpg\",\"width\":2560,\"height\":1806,\"caption\":\"L'ancien patron de Fifa Sepp Blatter se plaint \\\"trop de football\\\"\"},{\"@type\":\"BreadcrumbList\",\"@id\":\"https:\/\/vieassociative.be\/actualites\/lancien-patron-de-fifa-sepp-blatter-se-plaint-trop-de-football\/#breadcrumb\",\"itemListElement\":[{\"@type\":\"ListItem\",\"position\":1,\"name\":\"Accueil\",\"item\":\"https:\/\/vieassociative.be\/actualites\/\"},{\"@type\":\"ListItem\",\"position\":2,\"name\":\"L&rsquo;ancien patron de Fifa Sepp Blatter se plaint \u00ab\u00a0trop de football\u00a0\u00bb\"}]},{\"@type\":\"WebSite\",\"@id\":\"https:\/\/vieassociative.be\/actualites\/#website\",\"url\":\"https:\/\/vieassociative.be\/actualites\/\",\"name\":\"Vie Associative\",\"description\":\"\",\"publisher\":{\"@id\":\"https:\/\/vieassociative.be\/actualites\/#organization\"},\"potentialAction\":[{\"@type\":\"SearchAction\",\"target\":{\"@type\":\"EntryPoint\",\"urlTemplate\":\"https:\/\/vieassociative.be\/actualites\/?s={search_term_string}\"},\"query-input\":{\"@type\":\"PropertyValueSpecification\",\"valueRequired\":true,\"valueName\":\"search_term_string\"}}],\"inLanguage\":\"fr-BE\"},{\"@type\":\"Organization\",\"@id\":\"https:\/\/vieassociative.be\/actualites\/#organization\",\"name\":\"Vie Associative\",\"url\":\"https:\/\/vieassociative.be\/actualites\/\",\"logo\":{\"@type\":\"ImageObject\",\"inLanguage\":\"fr-BE\",\"@id\":\"https:\/\/vieassociative.be\/actualites\/#\/schema\/logo\/image\/\",\"url\":\"https:\/\/vieassociative.be\/actualites\/wp-content\/uploads\/2024\/09\/cropped-vieassociative_favicon.ico.png\",\"contentUrl\":\"https:\/\/vieassociative.be\/actualites\/wp-content\/uploads\/2024\/09\/cropped-vieassociative_favicon.ico.png\",\"width\":512,\"height\":512,\"caption\":\"Vie Associative\"},\"image\":{\"@id\":\"https:\/\/vieassociative.be\/actualites\/#\/schema\/logo\/image\/\"}},{\"@type\":\"Person\",\"@id\":\"https:\/\/vieassociative.be\/actualites\/#\/schema\/person\/b87ac4f82f9d4e7b7cec7395b679edc4\",\"name\":\"Julien\",\"image\":{\"@type\":\"ImageObject\",\"inLanguage\":\"fr-BE\",\"@id\":\"https:\/\/vieassociative.be\/actualites\/#\/schema\/person\/image\/\",\"url\":\"https:\/\/vieassociative.be\/actualites\/wp-content\/uploads\/2024\/09\/vie-associative-1-150x150.jpg\",\"contentUrl\":\"https:\/\/vieassociative.be\/actualites\/wp-content\/uploads\/2024\/09\/vie-associative-1-150x150.jpg\",\"caption\":\"Julien\"},\"description\":\"Je suis Julien, r\u00e9dacteur pour Vie Associative. Passionn\u00e9 par le monde associatif depuis plus de 10 ans, j'ai \u00e0 c\u0153ur de partager des histoires inspirantes et de mettre en lumi\u00e8re les initiatives locales. Mon objectif est de sensibiliser et d'encourager l'engagement communautaire \u00e0 travers mes articles.\",\"sameAs\":[\"https:\/\/vieassociative.be\/\"]}]}<\/script>\n<!-- \/ Yoast SEO plugin. -->","yoast_head_json":{"title":"L'ancien patron de Fifa Sepp Blatter se plaint \"trop de football\" | Vie Associative","robots":{"index":"index","follow":"follow","max-snippet":"max-snippet:-1","max-image-preview":"max-image-preview:large","max-video-preview":"max-video-preview:-1"},"canonical":"https:\/\/vieassociative.be\/actualites\/lancien-patron-de-fifa-sepp-blatter-se-plaint-trop-de-football\/","og_locale":"fr_FR","og_type":"article","og_title":"L'ancien patron de Fifa Sepp Blatter se plaint \"trop de football\" | Vie Associative","og_description":"L&rsquo;ancien patron de la Fifa, Sepp Blatter, critique la Coupe du monde des clubs aux \u00c9tats-Unis, qui se termine aujourd&rsquo;hui avec la finale purement europ\u00e9enne","og_url":"https:\/\/vieassociative.be\/actualites\/lancien-patron-de-fifa-sepp-blatter-se-plaint-trop-de-football\/","og_site_name":"Vie Associative","article_published_time":"2025-07-15T08:18:16+00:00","og_image":[{"width":279,"height":92,"url":"https:\/\/vieassociative.be\/actualites\/wp-content\/uploads\/2024\/09\/header_backgroundk-01-e1726694325946.png","type":"image\/png"}],"author":"Julien","twitter_card":"summary_large_image","twitter_misc":{"\u00c9crit par":"Julien","Dur\u00e9e de lecture est.":"5 minutes"},"schema":{"@context":"https:\/\/schema.org","@graph":[{"@type":"Article","@id":"https:\/\/vieassociative.be\/actualites\/lancien-patron-de-fifa-sepp-blatter-se-plaint-trop-de-football\/#article","isPartOf":{"@id":"https:\/\/vieassociative.be\/actualites\/lancien-patron-de-fifa-sepp-blatter-se-plaint-trop-de-football\/"},"author":{"name":"Julien","@id":"https:\/\/vieassociative.be\/actualites\/#\/schema\/person\/b87ac4f82f9d4e7b7cec7395b679edc4"},"headline":"L&rsquo;ancien patron de Fifa Sepp Blatter se plaint \u00ab\u00a0trop de football\u00a0\u00bb","datePublished":"2025-07-15T08:18:16+00:00","dateModified":"2025-07-15T08:18:16+00:00","mainEntityOfPage":{"@id":"https:\/\/vieassociative.be\/actualites\/lancien-patron-de-fifa-sepp-blatter-se-plaint-trop-de-football\/"},"wordCount":1130,"publisher":{"@id":"https:\/\/vieassociative.be\/actualites\/#organization"},"image":{"@id":"https:\/\/vieassociative.be\/actualites\/lancien-patron-de-fifa-sepp-blatter-se-plaint-trop-de-football\/#primaryimage"},"thumbnailUrl":"https:\/\/vieassociative.be\/actualites\/wp-content\/uploads\/2025\/07\/1752567497_Lancien-patron-de-Fifa-Sepp-Blatter-se-plaint-trop-de.jpg","keywords":["Blatter","FIFA","football","Lancien","patron","plaint","Sepp","trop"],"articleSection":["Belgique"],"inLanguage":"fr-BE"},{"@type":"WebPage","@id":"https:\/\/vieassociative.be\/actualites\/lancien-patron-de-fifa-sepp-blatter-se-plaint-trop-de-football\/","url":"https:\/\/vieassociative.be\/actualites\/lancien-patron-de-fifa-sepp-blatter-se-plaint-trop-de-football\/","name":"L'ancien patron de Fifa Sepp Blatter se plaint \"trop de football\" | Vie Associative","isPartOf":{"@id":"https:\/\/vieassociative.be\/actualites\/#website"},"primaryImageOfPage":{"@id":"https:\/\/vieassociative.be\/actualites\/lancien-patron-de-fifa-sepp-blatter-se-plaint-trop-de-football\/#primaryimage"},"image":{"@id":"https:\/\/vieassociative.be\/actualites\/lancien-patron-de-fifa-sepp-blatter-se-plaint-trop-de-football\/#primaryimage"},"thumbnailUrl":"https:\/\/vieassociative.be\/actualites\/wp-content\/uploads\/2025\/07\/1752567497_Lancien-patron-de-Fifa-Sepp-Blatter-se-plaint-trop-de.jpg","datePublished":"2025-07-15T08:18:16+00:00","dateModified":"2025-07-15T08:18:16+00:00","breadcrumb":{"@id":"https:\/\/vieassociative.be\/actualites\/lancien-patron-de-fifa-sepp-blatter-se-plaint-trop-de-football\/#breadcrumb"},"inLanguage":"fr-BE","potentialAction":[{"@type":"ReadAction","target":["https:\/\/vieassociative.be\/actualites\/lancien-patron-de-fifa-sepp-blatter-se-plaint-trop-de-football\/"]}]},{"@type":"ImageObject","inLanguage":"fr-BE","@id":"https:\/\/vieassociative.be\/actualites\/lancien-patron-de-fifa-sepp-blatter-se-plaint-trop-de-football\/#primaryimage","url":"https:\/\/vieassociative.be\/actualites\/wp-content\/uploads\/2025\/07\/1752567497_Lancien-patron-de-Fifa-Sepp-Blatter-se-plaint-trop-de.jpg","contentUrl":"https:\/\/vieassociative.be\/actualites\/wp-content\/uploads\/2025\/07\/1752567497_Lancien-patron-de-Fifa-Sepp-Blatter-se-plaint-trop-de.jpg","width":2560,"height":1806,"caption":"L'ancien patron de Fifa Sepp Blatter se plaint \"trop de football\""},{"@type":"BreadcrumbList","@id":"https:\/\/vieassociative.be\/actualites\/lancien-patron-de-fifa-sepp-blatter-se-plaint-trop-de-football\/#breadcrumb","itemListElement":[{"@type":"ListItem","position":1,"name":"Accueil","item":"https:\/\/vieassociative.be\/actualites\/"},{"@type":"ListItem","position":2,"name":"L&rsquo;ancien patron de Fifa Sepp Blatter se plaint \u00ab\u00a0trop de football\u00a0\u00bb"}]},{"@type":"WebSite","@id":"https:\/\/vieassociative.be\/actualites\/#website","url":"https:\/\/vieassociative.be\/actualites\/","name":"Vie Associative","description":"","publisher":{"@id":"https:\/\/vieassociative.be\/actualites\/#organization"},"potentialAction":[{"@type":"SearchAction","target":{"@type":"EntryPoint","urlTemplate":"https:\/\/vieassociative.be\/actualites\/?s={search_term_string}"},"query-input":{"@type":"PropertyValueSpecification","valueRequired":true,"valueName":"search_term_string"}}],"inLanguage":"fr-BE"},{"@type":"Organization","@id":"https:\/\/vieassociative.be\/actualites\/#organization","name":"Vie Associative","url":"https:\/\/vieassociative.be\/actualites\/","logo":{"@type":"ImageObject","inLanguage":"fr-BE","@id":"https:\/\/vieassociative.be\/actualites\/#\/schema\/logo\/image\/","url":"https:\/\/vieassociative.be\/actualites\/wp-content\/uploads\/2024\/09\/cropped-vieassociative_favicon.ico.png","contentUrl":"https:\/\/vieassociative.be\/actualites\/wp-content\/uploads\/2024\/09\/cropped-vieassociative_favicon.ico.png","width":512,"height":512,"caption":"Vie Associative"},"image":{"@id":"https:\/\/vieassociative.be\/actualites\/#\/schema\/logo\/image\/"}},{"@type":"Person","@id":"https:\/\/vieassociative.be\/actualites\/#\/schema\/person\/b87ac4f82f9d4e7b7cec7395b679edc4","name":"Julien","image":{"@type":"ImageObject","inLanguage":"fr-BE","@id":"https:\/\/vieassociative.be\/actualites\/#\/schema\/person\/image\/","url":"https:\/\/vieassociative.be\/actualites\/wp-content\/uploads\/2024\/09\/vie-associative-1-150x150.jpg","contentUrl":"https:\/\/vieassociative.be\/actualites\/wp-content\/uploads\/2024\/09\/vie-associative-1-150x150.jpg","caption":"Julien"},"description":"Je suis Julien, r\u00e9dacteur pour Vie Associative. Passionn\u00e9 par le monde associatif depuis plus de 10 ans, j'ai \u00e0 c\u0153ur de partager des histoires inspirantes et de mettre en lumi\u00e8re les initiatives locales. Mon objectif est de sensibiliser et d'encourager l'engagement communautaire \u00e0 travers mes articles.","sameAs":["https:\/\/vieassociative.be\/"]}]}},"_links":{"self":[{"href":"https:\/\/vieassociative.be\/actualites\/wp-json\/wp\/v2\/posts\/8759"}],"collection":[{"href":"https:\/\/vieassociative.be\/actualites\/wp-json\/wp\/v2\/posts"}],"about":[{"href":"https:\/\/vieassociative.be\/actualites\/wp-json\/wp\/v2\/types\/post"}],"author":[{"embeddable":true,"href":"https:\/\/vieassociative.be\/actualites\/wp-json\/wp\/v2\/users\/1"}],"replies":[{"embeddable":true,"href":"https:\/\/vieassociative.be\/actualites\/wp-json\/wp\/v2\/comments?post=8759"}],"version-history":[{"count":0,"href":"https:\/\/vieassociative.be\/actualites\/wp-json\/wp\/v2\/posts\/8759\/revisions"}],"wp:featuredmedia":[{"embeddable":true,"href":"https:\/\/vieassociative.be\/actualites\/wp-json\/wp\/v2\/media\/8760"}],"wp:attachment":[{"href":"https:\/\/vieassociative.be\/actualites\/wp-json\/wp\/v2\/media?parent=8759"}],"wp:term":[{"taxonomy":"category","embeddable":true,"href":"https:\/\/vieassociative.be\/actualites\/wp-json\/wp\/v2\/categories?post=8759"},{"taxonomy":"post_tag","embeddable":true,"href":"https:\/\/vieassociative.be\/actualites\/wp-json\/wp\/v2\/tags?post=8759"}],"curies":[{"name":"wp","href":"https:\/\/api.w.org\/{rel}","templated":true}]}}