{"id":8753,"date":"2025-07-15T03:18:16","date_gmt":"2025-07-15T01:18:16","guid":{"rendered":"https:\/\/vieassociative.be\/actualites\/apple-a-tue-du-verre-liquide-dans-la-troisieme-version-beta-du-developpeur-ios-26\/"},"modified":"2025-07-15T03:18:16","modified_gmt":"2025-07-15T01:18:16","slug":"apple-a-tue-du-verre-liquide-dans-la-troisieme-version-beta-du-developpeur-ios-26","status":"publish","type":"post","link":"https:\/\/vieassociative.be\/actualites\/apple-a-tue-du-verre-liquide-dans-la-troisieme-version-beta-du-developpeur-ios-26\/","title":{"rendered":"Apple a tu\u00e9 du verre liquide dans la troisi\u00e8me version b\u00eata du d\u00e9veloppeur iOS 26?"},"content":{"rendered":"<div class=\"mt-4 leading-6 md:mb-8\">Le verre liquide n&rsquo;a plus l&rsquo;air aussi vitreux.<\/div>\n<p><\/p>\n<p>La semaine derni\u00e8re, Apple a abandonn\u00e9 le troisi\u00e8me d\u00e9veloppeur b\u00eata pour iOS 26. C&rsquo;est la premi\u00e8re mise \u00e0 jour majeure de la version b\u00eata depuis juin, et il est clair que nous nous rapprochons de la version publique de la version b\u00eata (m\u00eame si Apple n&rsquo;avait pas d\u00e9j\u00e0 confirm\u00e9 qu&rsquo;il arrivait en juillet). La troisi\u00e8me version b\u00eata a moins de fonctionnalit\u00e9s et de changements que la seconde, car Apple se concentre vraisemblablement sur l&rsquo;am\u00e9lioration de la stabilit\u00e9 du syst\u00e8me d&rsquo;exploitation avant de le lib\u00e9rer aux testeurs publics. <\/p>\n<p>Mais bien qu&rsquo;il n&rsquo;y ait pas une tonne de nouvelles fonctionnalit\u00e9s et de changements dans cette version b\u00eata, il y a quelques faits saillants int\u00e9ressants, comme le montre initialement les macrumors. Voici ce qui est nouveau avec cette derni\u00e8re version b\u00eata:<\/p>\n<h2 id=\"liquid-glass-looks-way-less-striking\">Le verre liquide a l&rsquo;air bien moins frappant<\/h2>\n<p>Tandis que iOS 26 est plein de nouvelles fonctionnalit\u00e9s et changements, sans doute <em>le<\/em> La d\u00e9finition des caract\u00e9ristiques de ce cycle de mise \u00e0 jour est le verre liquide, la grande r\u00e9vision de la conception d&rsquo;Apple qui s&rsquo;\u00e9tend sur tous ses syst\u00e8mes d&rsquo;exploitation. <\/p>\n<p>Le verre liquide envisage l&rsquo;interface utilisateur d&rsquo;Apple As, eh bien, les menus en verre: les boutons, les ic\u00f4nes d&rsquo;application, et plus sont tous con\u00e7us avec une transparence claire \u00e0 l&rsquo;esprit, comme si chacun \u00e9tait fait de verre r\u00e9el. L&rsquo;aspect \u00ab\u00a0liquide\u00a0\u00bb entre en jeu avec le mouvement, car les \u00e9l\u00e9ments vitreux peuvent se d\u00e9placer et se d\u00e9former lorsque vous interagissez avec eux, et ajuster leurs r\u00e9flexions en cons\u00e9quence.<\/p>\n<p>Bien que le design tel qu&rsquo;il apparaisse dans la premi\u00e8re b\u00eata ait certainement eu ses fans, il avait \u00e9galement de nombreux d\u00e9tracteurs, dont certains ont appel\u00e9 l&rsquo;effet pour son manque de lisibilit\u00e9 et de visibilit\u00e9. \u00c0 son tour, la pomme a att\u00e9nu\u00e9 la transparence du verre liquide avec sa deuxi\u00e8me version b\u00eata, ce qui a rendu chaque \u00e9l\u00e9ment individuel plus facile \u00e0 voir, en particulier quand il y avait beaucoup de choses derri\u00e8re lui &#8211; mais compromis la vision originale de la pomme vendue pendant la WWDC.<\/p>\n<p>Avec Beta 3, il semble que les concepteurs d&rsquo;Apple ressentent toujours la pression pour rendre le verre liquide plus lisible, au point o\u00f9 il ne ressemble gu\u00e8re \u00e0 sa conception d&rsquo;origine. Dans certains cas, je ne vous bl\u00e2merais pas si vous pensiez qu&rsquo;il n&rsquo;y avait aucune transparence: beaucoup d&rsquo;\u00e9l\u00e9ments ont une apparence \u00ab\u00a0givr\u00e9e\u00a0\u00bb, ce qui les rend faciles \u00e0 lire dans toutes les situations, mais n&rsquo;\u00e9voque certainement pas de \u00ab\u00a0verre\u00a0\u00bb au premier coup d&rsquo;\u0153il.<\/p>\n<blockquote class=\"twitterEmbed twitter-tweet\"><p>\n    <a rel=\"nofollow noopener\" class=\"text-gray-600\" href=\"https:\/\/twitter.com\/iupdate\/status\/1942299745105719795\" title=\"open in a new window\" target=\"_blank\"><\/p>\n<p>        Ce tweet n&rsquo;est actuellement pas disponible. Il peut \u00eatre charg\u00e9 ou a \u00e9t\u00e9 supprim\u00e9.<br \/>\n    <\/a>\n<\/p><\/blockquote>\n<p>Prouvant que vous ne pouvez pas plaire \u00e0 tout le monde, beaucoup d\u00e9plorent la perte de la nouvelle caract\u00e9ristique la plus audacieuse d&rsquo;iOS 26. Un utilisateur a m\u00eame fait un curseur en verre liquide hypoth\u00e9tique pour Apple, ce qui, je pense, est une excellente id\u00e9e. Si Apple ne peut pas d\u00e9cider de la transparence de sa conception de verre liquide, laissez les utilisateurs d\u00e9cider par eux-m\u00eames.<\/p>\n<blockquote class=\"twitterEmbed twitter-tweet\"><p>\n    <a rel=\"nofollow noopener\" class=\"text-gray-600\" href=\"https:\/\/twitter.com\/minimalnerd1\/status\/1943022489908711709\" title=\"open in a new window\" target=\"_blank\"><\/p>\n<p>        Ce tweet n&rsquo;est actuellement pas disponible. Il peut \u00eatre charg\u00e9 ou a \u00e9t\u00e9 supprim\u00e9.<br \/>\n    <\/a>\n<\/p><\/blockquote>\n<h2 id=\"new-wallpaper-colors\">Nouvelles couleurs de papier peint<\/h2>\n<p>Le papier peint par d\u00e9faut d&rsquo;iOS 26 est exp\u00e9di\u00e9 uniquement dans une option bleue. Mais avec Beta 3, il y a maintenant quatre versions du papier peint. Cela comprend trois versions diff\u00e9rentes de la couleur bleue &#8211; halo, ciel et ombre &#8211; ainsi qu&rsquo;une nouvelle option cr\u00e9pusculaire plus violette et rose.<\/p>\n<div class=\"pogoClear relative my-10 border-b-(1.5px) border-t-(1.5px) border-dashed border-black py-5 sm:my-14 sm:border-0 sm:py-0\" data-ga-click data-ga-template=\"News\" data-ga-module=\"openweb_widget\" data-ga-element=\"openweb_scroll\" data-ga-item=\"openweb_scroll_midpage\" x-data=\"{\n         commentsCount: null,\n         hasComments: false,\n         async fetchCommentsCount() {\n             try {\n                 if (window.openweb &amp;&amp; typeof window.openweb.getMessagesCount === 'function') {\n                     this.commentsCount = await window.openweb.getMessagesCount('01K0569Q15N9Z0PGDT9V491ZKM');\n                     this.hasComments = this.commentsCount !== null &amp;&amp; this.commentsCount &gt; 0;\n                 }\n             } catch (e) {\n                 console.warn('Failed to fetch comment count:', e);\n             }\n         }\n     }\" x-init=\"fetchCommentsCount()\" x-cloak><\/p>\n<div class=\"absolute top-1\/2 hidden w-full -translate-y-1\/2 border-t-(1.5px) border-dashed border-black sm:block\"><\/div>\n<div class=\"relative flex justify-center\">\n<div class=\"flex max-w-fit items-center gap-x-3 bg-white px-5\">\n<div class=\"relative\">\n                <span class=\"absolute left-1\/2 top-1\/2 -translate-x-1\/2 -translate-y-1\/2 font-akshar text-sm font-medium text-black\" aria-live=\"polite\" x-show=\"hasComments\" x-text=\"commentsCount\"><\/span><\/p>\n<p>                <svg class=\"h-8 w-8 text-black\" role=\"img\" aria-hidden=\"true\">\n                    <use href=\"http:\/\/lifehacker.com\/images\/icons\/spritemap.svg#sprite-chat-bubble\"><\/use>\n                <\/svg>\n            <\/div>\n<p>            <span class=\"text-sm font-medium text-black\"><\/p>\n<p>                Que pensez-vous jusqu&rsquo;\u00e0 pr\u00e9sent?<br \/>\n                <button class=\"ml-1 font-semibold text-brand-green underline hover:text-brand-green-700\" type=\"button\" aria-label=\"Comment section trigger\" onclick=\"window.openweb.scrollToComments('01K0569Q15N9Z0PGDT9V491ZKM')\" x-text=\"hasComments ? 'Post a comment.' : 'Be the first to post a comment.'\"><\/button><br \/>\n            <\/span>\n        <\/div>\n<\/p><\/div>\n<\/div>\n<blockquote class=\"twitterEmbed twitter-tweet\"><p>\n    <a rel=\"nofollow noopener\" class=\"text-gray-600\" href=\"https:\/\/twitter.com\/theiosguy101\/status\/1942297965005320233\" title=\"open in a new window\" target=\"_blank\"><\/p>\n<p>        Ce tweet n&rsquo;est actuellement pas disponible. Il peut \u00eatre charg\u00e9 ou a \u00e9t\u00e9 supprim\u00e9.<br \/>\n    <\/a>\n<\/p><\/blockquote>\n<h2 id=\"ipados-26\">iPados 26 <\/h2>\n<p>Bien qu&rsquo;il ne soit pas techniquement iOS 26, la troisi\u00e8me version b\u00eata d&rsquo;Ipados 26 obtient une fonctionnalit\u00e9 int\u00e9ressante de MacOS: lorsque vous secouez le curseur, il deviendra temporairement plus grand, tout comme sur un Mac. Cela rend beaucoup plus facile de trouver si vous l&rsquo;avez perdu.<\/p>\n<h2 id=\"maps\">Cartes<\/h2>\n<p>Si vous utilisez des cartes hors ligne dans Apple Maps, vous remarquerez que vous avez maintenant acc\u00e8s aux avis de brouillard dans Beta 3. De plus, MacRumors a constat\u00e9 que cette mise \u00e0 jour continue d&rsquo;ajouter \u00e0 la nouvelle fonctionnalit\u00e9 \u00ab\u00a0Commute Delays\u00a0\u00bb.<\/p>\n<h2 id=\"control-center-has-new-colors\">Le centre de contr\u00f4le a de nouvelles couleurs<\/h2>\n<p>Les blues et les verts dans les bascules de la connectivit\u00e9 du centre de contr\u00f4le (WiFi, Bluetooth, Airdrop et cellulaire) sont d\u00e9sormais plus brillants. C&rsquo;est un changement subtil, mais Apple est clairement int\u00e9ress\u00e9 \u00e0 les ajuster. <\/p>\n<h2 id=\"who-should-run-the-developer-beta\">Qui devrait diriger le d\u00e9veloppeur b\u00eata?<\/h2>\n<p>Comme mentionn\u00e9 pr\u00e9c\u00e9demment, iOS 26 est toujours dans le d\u00e9veloppeur b\u00eata. Alors que n&rsquo;importe qui peut techniquement installer la version b\u00eata du d\u00e9veloppeur ces jours-ci, tant qu&rsquo;il enregistre son compte Apple aupr\u00e8s du programme de d\u00e9veloppeurs d&rsquo;Apple, je vous encourage fortement \u00e0 attendre au moins jusqu&rsquo;\u00e0 ce que la version b\u00eata publique baisse. Les d\u00e9veloppeurs Betas sont destin\u00e9s aux d\u00e9veloppeurs pour tester leur logiciel sur la nouvelle syst\u00e8me d&rsquo;exploitation d&rsquo;Apple, et puisque Apple donne \u00e0 ces d\u00e9veloppeurs un acc\u00e8s pr\u00e9coce, le syst\u00e8me d&rsquo;exploitation est dans sa phase la moins stable, m\u00eame apr\u00e8s trois it\u00e9rations. En tant que tel, il pourrait y avoir des bogues et des probl\u00e8mes qui g\u00e2chent votre exp\u00e9rience iOS globale, et pourraient m\u00eame entra\u00eener une perte de donn\u00e9es si vous ne reculaz pas correctement \u00e0 l&rsquo;avance. <\/p>\n<p>Des risques similaires s&rsquo;appliquent \u00e9galement \u00e0 la gestion d&rsquo;une version b\u00eata publique, mais au moins dans ce cas, Apple a pris le temps d&rsquo;\u00e9liminer les pires d&rsquo;entre eux. Si vous \u00eates int\u00e9ress\u00e9 \u00e0 voir l&rsquo;it\u00e9ration actuelle de Liquid Glass ou \u00e0 essayer l&rsquo;une des nouvelles fonctionnalit\u00e9s d&rsquo;iOS 26, je vous conseille d&rsquo;attendre la version b\u00eata publique, qui est promise de tomber ce mois-ci.<\/p>\n<p><script async src=\"https:\/\/platform.twitter.com\/widgets.js\" charset=\"utf-8\"><\/script><\/p>\n","protected":false},"excerpt":{"rendered":"<p>Le verre liquide n&rsquo;a plus l&rsquo;air aussi vitreux. La semaine derni\u00e8re, Apple a abandonn\u00e9 le troisi\u00e8me d\u00e9veloppeur b\u00eata pour iOS 26. C&rsquo;est la premi\u00e8re mise<\/p>\n","protected":false},"author":1,"featured_media":8754,"comment_status":"","ping_status":"","sticky":false,"template":"","format":"standard","meta":{"footnotes":""},"categories":[13],"tags":[54,4813,166,5537,21,2226,3868,4814,2139,2376],"class_list":["post-8753","post","type-post","status-publish","format-standard","has-post-thumbnail","hentry","category-technologie","tag-apple","tag-beta","tag-dans","tag-developpeur","tag-ios","tag-liquide","tag-troisieme","tag-tue","tag-verre","tag-version","generate-columns","tablet-grid-50","mobile-grid-100","grid-parent","grid-33"],"yoast_head":"<!-- This site is optimized with the Yoast SEO plugin v24.0 - https:\/\/yoast.com\/wordpress\/plugins\/seo\/ -->\n<title>Apple a tu\u00e9 du verre liquide dans la troisi\u00e8me version b\u00eata du d\u00e9veloppeur iOS 26? | Vie Associative<\/title>\n<meta name=\"robots\" content=\"index, follow, max-snippet:-1, max-image-preview:large, max-video-preview:-1\" \/>\n<link rel=\"canonical\" href=\"https:\/\/vieassociative.be\/actualites\/apple-a-tue-du-verre-liquide-dans-la-troisieme-version-beta-du-developpeur-ios-26\/\" \/>\n<meta property=\"og:locale\" content=\"fr_FR\" \/>\n<meta property=\"og:type\" content=\"article\" \/>\n<meta property=\"og:title\" content=\"Apple a tu\u00e9 du verre liquide dans la troisi\u00e8me version b\u00eata du d\u00e9veloppeur iOS 26? | Vie Associative\" \/>\n<meta property=\"og:description\" content=\"Le verre liquide n&rsquo;a plus l&rsquo;air aussi vitreux. La semaine derni\u00e8re, Apple a abandonn\u00e9 le troisi\u00e8me d\u00e9veloppeur b\u00eata pour iOS 26. C&rsquo;est la premi\u00e8re mise\" \/>\n<meta property=\"og:url\" content=\"https:\/\/vieassociative.be\/actualites\/apple-a-tue-du-verre-liquide-dans-la-troisieme-version-beta-du-developpeur-ios-26\/\" \/>\n<meta property=\"og:site_name\" content=\"Vie Associative\" \/>\n<meta property=\"article:published_time\" content=\"2025-07-15T01:18:16+00:00\" \/>\n<meta property=\"og:image\" content=\"https:\/\/vieassociative.be\/actualites\/wp-content\/uploads\/2024\/09\/header_backgroundk-01-e1726694325946.png\" \/>\n\t<meta property=\"og:image:width\" content=\"279\" \/>\n\t<meta property=\"og:image:height\" content=\"92\" \/>\n\t<meta property=\"og:image:type\" content=\"image\/png\" \/>\n<meta name=\"author\" content=\"Julien\" \/>\n<meta name=\"twitter:card\" content=\"summary_large_image\" \/>\n<meta name=\"twitter:label1\" content=\"\u00c9crit par\" \/>\n\t<meta name=\"twitter:data1\" content=\"Julien\" \/>\n\t<meta name=\"twitter:label2\" content=\"Dur\u00e9e de lecture est.\" \/>\n\t<meta name=\"twitter:data2\" content=\"5 minutes\" \/>\n<script type=\"application\/ld+json\" class=\"yoast-schema-graph\">{\"@context\":\"https:\/\/schema.org\",\"@graph\":[{\"@type\":\"Article\",\"@id\":\"https:\/\/vieassociative.be\/actualites\/apple-a-tue-du-verre-liquide-dans-la-troisieme-version-beta-du-developpeur-ios-26\/#article\",\"isPartOf\":{\"@id\":\"https:\/\/vieassociative.be\/actualites\/apple-a-tue-du-verre-liquide-dans-la-troisieme-version-beta-du-developpeur-ios-26\/\"},\"author\":{\"name\":\"Julien\",\"@id\":\"https:\/\/vieassociative.be\/actualites\/#\/schema\/person\/b87ac4f82f9d4e7b7cec7395b679edc4\"},\"headline\":\"Apple a tu\u00e9 du verre liquide dans la troisi\u00e8me version b\u00eata du d\u00e9veloppeur iOS 26?\",\"datePublished\":\"2025-07-15T01:18:16+00:00\",\"dateModified\":\"2025-07-15T01:18:16+00:00\",\"mainEntityOfPage\":{\"@id\":\"https:\/\/vieassociative.be\/actualites\/apple-a-tue-du-verre-liquide-dans-la-troisieme-version-beta-du-developpeur-ios-26\/\"},\"wordCount\":1056,\"publisher\":{\"@id\":\"https:\/\/vieassociative.be\/actualites\/#organization\"},\"image\":{\"@id\":\"https:\/\/vieassociative.be\/actualites\/apple-a-tue-du-verre-liquide-dans-la-troisieme-version-beta-du-developpeur-ios-26\/#primaryimage\"},\"thumbnailUrl\":\"https:\/\/vieassociative.be\/actualites\/wp-content\/uploads\/2025\/07\/Apple-a-tue-du-verre-liquide-dans-la-troisieme-version.png\",\"keywords\":[\"Apple\",\"b\u00eata\",\"dans\",\"d\u00e9veloppeur\",\"iOS\",\"liquide\",\"troisi\u00e8me\",\"tue\",\"verre\",\"version\"],\"articleSection\":[\"Technologie\"],\"inLanguage\":\"fr-BE\"},{\"@type\":\"WebPage\",\"@id\":\"https:\/\/vieassociative.be\/actualites\/apple-a-tue-du-verre-liquide-dans-la-troisieme-version-beta-du-developpeur-ios-26\/\",\"url\":\"https:\/\/vieassociative.be\/actualites\/apple-a-tue-du-verre-liquide-dans-la-troisieme-version-beta-du-developpeur-ios-26\/\",\"name\":\"Apple a tu\u00e9 du verre liquide dans la troisi\u00e8me version b\u00eata du d\u00e9veloppeur iOS 26? | Vie Associative\",\"isPartOf\":{\"@id\":\"https:\/\/vieassociative.be\/actualites\/#website\"},\"primaryImageOfPage\":{\"@id\":\"https:\/\/vieassociative.be\/actualites\/apple-a-tue-du-verre-liquide-dans-la-troisieme-version-beta-du-developpeur-ios-26\/#primaryimage\"},\"image\":{\"@id\":\"https:\/\/vieassociative.be\/actualites\/apple-a-tue-du-verre-liquide-dans-la-troisieme-version-beta-du-developpeur-ios-26\/#primaryimage\"},\"thumbnailUrl\":\"https:\/\/vieassociative.be\/actualites\/wp-content\/uploads\/2025\/07\/Apple-a-tue-du-verre-liquide-dans-la-troisieme-version.png\",\"datePublished\":\"2025-07-15T01:18:16+00:00\",\"dateModified\":\"2025-07-15T01:18:16+00:00\",\"breadcrumb\":{\"@id\":\"https:\/\/vieassociative.be\/actualites\/apple-a-tue-du-verre-liquide-dans-la-troisieme-version-beta-du-developpeur-ios-26\/#breadcrumb\"},\"inLanguage\":\"fr-BE\",\"potentialAction\":[{\"@type\":\"ReadAction\",\"target\":[\"https:\/\/vieassociative.be\/actualites\/apple-a-tue-du-verre-liquide-dans-la-troisieme-version-beta-du-developpeur-ios-26\/\"]}]},{\"@type\":\"ImageObject\",\"inLanguage\":\"fr-BE\",\"@id\":\"https:\/\/vieassociative.be\/actualites\/apple-a-tue-du-verre-liquide-dans-la-troisieme-version-beta-du-developpeur-ios-26\/#primaryimage\",\"url\":\"https:\/\/vieassociative.be\/actualites\/wp-content\/uploads\/2025\/07\/Apple-a-tue-du-verre-liquide-dans-la-troisieme-version.png\",\"contentUrl\":\"https:\/\/vieassociative.be\/actualites\/wp-content\/uploads\/2025\/07\/Apple-a-tue-du-verre-liquide-dans-la-troisieme-version.png\",\"width\":1200,\"height\":675,\"caption\":\"Apple a tu\u00e9 du verre liquide dans la troisi\u00e8me version b\u00eata du d\u00e9veloppeur iOS 26?\"},{\"@type\":\"BreadcrumbList\",\"@id\":\"https:\/\/vieassociative.be\/actualites\/apple-a-tue-du-verre-liquide-dans-la-troisieme-version-beta-du-developpeur-ios-26\/#breadcrumb\",\"itemListElement\":[{\"@type\":\"ListItem\",\"position\":1,\"name\":\"Accueil\",\"item\":\"https:\/\/vieassociative.be\/actualites\/\"},{\"@type\":\"ListItem\",\"position\":2,\"name\":\"Apple a tu\u00e9 du verre liquide dans la troisi\u00e8me version b\u00eata du d\u00e9veloppeur iOS 26?\"}]},{\"@type\":\"WebSite\",\"@id\":\"https:\/\/vieassociative.be\/actualites\/#website\",\"url\":\"https:\/\/vieassociative.be\/actualites\/\",\"name\":\"Vie Associative\",\"description\":\"\",\"publisher\":{\"@id\":\"https:\/\/vieassociative.be\/actualites\/#organization\"},\"potentialAction\":[{\"@type\":\"SearchAction\",\"target\":{\"@type\":\"EntryPoint\",\"urlTemplate\":\"https:\/\/vieassociative.be\/actualites\/?s={search_term_string}\"},\"query-input\":{\"@type\":\"PropertyValueSpecification\",\"valueRequired\":true,\"valueName\":\"search_term_string\"}}],\"inLanguage\":\"fr-BE\"},{\"@type\":\"Organization\",\"@id\":\"https:\/\/vieassociative.be\/actualites\/#organization\",\"name\":\"Vie Associative\",\"url\":\"https:\/\/vieassociative.be\/actualites\/\",\"logo\":{\"@type\":\"ImageObject\",\"inLanguage\":\"fr-BE\",\"@id\":\"https:\/\/vieassociative.be\/actualites\/#\/schema\/logo\/image\/\",\"url\":\"https:\/\/vieassociative.be\/actualites\/wp-content\/uploads\/2024\/09\/cropped-vieassociative_favicon.ico.png\",\"contentUrl\":\"https:\/\/vieassociative.be\/actualites\/wp-content\/uploads\/2024\/09\/cropped-vieassociative_favicon.ico.png\",\"width\":512,\"height\":512,\"caption\":\"Vie Associative\"},\"image\":{\"@id\":\"https:\/\/vieassociative.be\/actualites\/#\/schema\/logo\/image\/\"}},{\"@type\":\"Person\",\"@id\":\"https:\/\/vieassociative.be\/actualites\/#\/schema\/person\/b87ac4f82f9d4e7b7cec7395b679edc4\",\"name\":\"Julien\",\"image\":{\"@type\":\"ImageObject\",\"inLanguage\":\"fr-BE\",\"@id\":\"https:\/\/vieassociative.be\/actualites\/#\/schema\/person\/image\/\",\"url\":\"https:\/\/vieassociative.be\/actualites\/wp-content\/uploads\/2024\/09\/vie-associative-1-150x150.jpg\",\"contentUrl\":\"https:\/\/vieassociative.be\/actualites\/wp-content\/uploads\/2024\/09\/vie-associative-1-150x150.jpg\",\"caption\":\"Julien\"},\"description\":\"Je suis Julien, r\u00e9dacteur pour Vie Associative. Passionn\u00e9 par le monde associatif depuis plus de 10 ans, j'ai \u00e0 c\u0153ur de partager des histoires inspirantes et de mettre en lumi\u00e8re les initiatives locales. Mon objectif est de sensibiliser et d'encourager l'engagement communautaire \u00e0 travers mes articles.\",\"sameAs\":[\"https:\/\/vieassociative.be\/\"]}]}<\/script>\n<!-- \/ Yoast SEO plugin. -->","yoast_head_json":{"title":"Apple a tu\u00e9 du verre liquide dans la troisi\u00e8me version b\u00eata du d\u00e9veloppeur iOS 26? | Vie Associative","robots":{"index":"index","follow":"follow","max-snippet":"max-snippet:-1","max-image-preview":"max-image-preview:large","max-video-preview":"max-video-preview:-1"},"canonical":"https:\/\/vieassociative.be\/actualites\/apple-a-tue-du-verre-liquide-dans-la-troisieme-version-beta-du-developpeur-ios-26\/","og_locale":"fr_FR","og_type":"article","og_title":"Apple a tu\u00e9 du verre liquide dans la troisi\u00e8me version b\u00eata du d\u00e9veloppeur iOS 26? | Vie Associative","og_description":"Le verre liquide n&rsquo;a plus l&rsquo;air aussi vitreux. La semaine derni\u00e8re, Apple a abandonn\u00e9 le troisi\u00e8me d\u00e9veloppeur b\u00eata pour iOS 26. C&rsquo;est la premi\u00e8re mise","og_url":"https:\/\/vieassociative.be\/actualites\/apple-a-tue-du-verre-liquide-dans-la-troisieme-version-beta-du-developpeur-ios-26\/","og_site_name":"Vie Associative","article_published_time":"2025-07-15T01:18:16+00:00","og_image":[{"width":279,"height":92,"url":"https:\/\/vieassociative.be\/actualites\/wp-content\/uploads\/2024\/09\/header_backgroundk-01-e1726694325946.png","type":"image\/png"}],"author":"Julien","twitter_card":"summary_large_image","twitter_misc":{"\u00c9crit par":"Julien","Dur\u00e9e de lecture est.":"5 minutes"},"schema":{"@context":"https:\/\/schema.org","@graph":[{"@type":"Article","@id":"https:\/\/vieassociative.be\/actualites\/apple-a-tue-du-verre-liquide-dans-la-troisieme-version-beta-du-developpeur-ios-26\/#article","isPartOf":{"@id":"https:\/\/vieassociative.be\/actualites\/apple-a-tue-du-verre-liquide-dans-la-troisieme-version-beta-du-developpeur-ios-26\/"},"author":{"name":"Julien","@id":"https:\/\/vieassociative.be\/actualites\/#\/schema\/person\/b87ac4f82f9d4e7b7cec7395b679edc4"},"headline":"Apple a tu\u00e9 du verre liquide dans la troisi\u00e8me version b\u00eata du d\u00e9veloppeur iOS 26?","datePublished":"2025-07-15T01:18:16+00:00","dateModified":"2025-07-15T01:18:16+00:00","mainEntityOfPage":{"@id":"https:\/\/vieassociative.be\/actualites\/apple-a-tue-du-verre-liquide-dans-la-troisieme-version-beta-du-developpeur-ios-26\/"},"wordCount":1056,"publisher":{"@id":"https:\/\/vieassociative.be\/actualites\/#organization"},"image":{"@id":"https:\/\/vieassociative.be\/actualites\/apple-a-tue-du-verre-liquide-dans-la-troisieme-version-beta-du-developpeur-ios-26\/#primaryimage"},"thumbnailUrl":"https:\/\/vieassociative.be\/actualites\/wp-content\/uploads\/2025\/07\/Apple-a-tue-du-verre-liquide-dans-la-troisieme-version.png","keywords":["Apple","b\u00eata","dans","d\u00e9veloppeur","iOS","liquide","troisi\u00e8me","tue","verre","version"],"articleSection":["Technologie"],"inLanguage":"fr-BE"},{"@type":"WebPage","@id":"https:\/\/vieassociative.be\/actualites\/apple-a-tue-du-verre-liquide-dans-la-troisieme-version-beta-du-developpeur-ios-26\/","url":"https:\/\/vieassociative.be\/actualites\/apple-a-tue-du-verre-liquide-dans-la-troisieme-version-beta-du-developpeur-ios-26\/","name":"Apple a tu\u00e9 du verre liquide dans la troisi\u00e8me version b\u00eata du d\u00e9veloppeur iOS 26? | Vie Associative","isPartOf":{"@id":"https:\/\/vieassociative.be\/actualites\/#website"},"primaryImageOfPage":{"@id":"https:\/\/vieassociative.be\/actualites\/apple-a-tue-du-verre-liquide-dans-la-troisieme-version-beta-du-developpeur-ios-26\/#primaryimage"},"image":{"@id":"https:\/\/vieassociative.be\/actualites\/apple-a-tue-du-verre-liquide-dans-la-troisieme-version-beta-du-developpeur-ios-26\/#primaryimage"},"thumbnailUrl":"https:\/\/vieassociative.be\/actualites\/wp-content\/uploads\/2025\/07\/Apple-a-tue-du-verre-liquide-dans-la-troisieme-version.png","datePublished":"2025-07-15T01:18:16+00:00","dateModified":"2025-07-15T01:18:16+00:00","breadcrumb":{"@id":"https:\/\/vieassociative.be\/actualites\/apple-a-tue-du-verre-liquide-dans-la-troisieme-version-beta-du-developpeur-ios-26\/#breadcrumb"},"inLanguage":"fr-BE","potentialAction":[{"@type":"ReadAction","target":["https:\/\/vieassociative.be\/actualites\/apple-a-tue-du-verre-liquide-dans-la-troisieme-version-beta-du-developpeur-ios-26\/"]}]},{"@type":"ImageObject","inLanguage":"fr-BE","@id":"https:\/\/vieassociative.be\/actualites\/apple-a-tue-du-verre-liquide-dans-la-troisieme-version-beta-du-developpeur-ios-26\/#primaryimage","url":"https:\/\/vieassociative.be\/actualites\/wp-content\/uploads\/2025\/07\/Apple-a-tue-du-verre-liquide-dans-la-troisieme-version.png","contentUrl":"https:\/\/vieassociative.be\/actualites\/wp-content\/uploads\/2025\/07\/Apple-a-tue-du-verre-liquide-dans-la-troisieme-version.png","width":1200,"height":675,"caption":"Apple a tu\u00e9 du verre liquide dans la troisi\u00e8me version b\u00eata du d\u00e9veloppeur iOS 26?"},{"@type":"BreadcrumbList","@id":"https:\/\/vieassociative.be\/actualites\/apple-a-tue-du-verre-liquide-dans-la-troisieme-version-beta-du-developpeur-ios-26\/#breadcrumb","itemListElement":[{"@type":"ListItem","position":1,"name":"Accueil","item":"https:\/\/vieassociative.be\/actualites\/"},{"@type":"ListItem","position":2,"name":"Apple a tu\u00e9 du verre liquide dans la troisi\u00e8me version b\u00eata du d\u00e9veloppeur iOS 26?"}]},{"@type":"WebSite","@id":"https:\/\/vieassociative.be\/actualites\/#website","url":"https:\/\/vieassociative.be\/actualites\/","name":"Vie Associative","description":"","publisher":{"@id":"https:\/\/vieassociative.be\/actualites\/#organization"},"potentialAction":[{"@type":"SearchAction","target":{"@type":"EntryPoint","urlTemplate":"https:\/\/vieassociative.be\/actualites\/?s={search_term_string}"},"query-input":{"@type":"PropertyValueSpecification","valueRequired":true,"valueName":"search_term_string"}}],"inLanguage":"fr-BE"},{"@type":"Organization","@id":"https:\/\/vieassociative.be\/actualites\/#organization","name":"Vie Associative","url":"https:\/\/vieassociative.be\/actualites\/","logo":{"@type":"ImageObject","inLanguage":"fr-BE","@id":"https:\/\/vieassociative.be\/actualites\/#\/schema\/logo\/image\/","url":"https:\/\/vieassociative.be\/actualites\/wp-content\/uploads\/2024\/09\/cropped-vieassociative_favicon.ico.png","contentUrl":"https:\/\/vieassociative.be\/actualites\/wp-content\/uploads\/2024\/09\/cropped-vieassociative_favicon.ico.png","width":512,"height":512,"caption":"Vie Associative"},"image":{"@id":"https:\/\/vieassociative.be\/actualites\/#\/schema\/logo\/image\/"}},{"@type":"Person","@id":"https:\/\/vieassociative.be\/actualites\/#\/schema\/person\/b87ac4f82f9d4e7b7cec7395b679edc4","name":"Julien","image":{"@type":"ImageObject","inLanguage":"fr-BE","@id":"https:\/\/vieassociative.be\/actualites\/#\/schema\/person\/image\/","url":"https:\/\/vieassociative.be\/actualites\/wp-content\/uploads\/2024\/09\/vie-associative-1-150x150.jpg","contentUrl":"https:\/\/vieassociative.be\/actualites\/wp-content\/uploads\/2024\/09\/vie-associative-1-150x150.jpg","caption":"Julien"},"description":"Je suis Julien, r\u00e9dacteur pour Vie Associative. Passionn\u00e9 par le monde associatif depuis plus de 10 ans, j'ai \u00e0 c\u0153ur de partager des histoires inspirantes et de mettre en lumi\u00e8re les initiatives locales. Mon objectif est de sensibiliser et d'encourager l'engagement communautaire \u00e0 travers mes articles.","sameAs":["https:\/\/vieassociative.be\/"]}]}},"_links":{"self":[{"href":"https:\/\/vieassociative.be\/actualites\/wp-json\/wp\/v2\/posts\/8753"}],"collection":[{"href":"https:\/\/vieassociative.be\/actualites\/wp-json\/wp\/v2\/posts"}],"about":[{"href":"https:\/\/vieassociative.be\/actualites\/wp-json\/wp\/v2\/types\/post"}],"author":[{"embeddable":true,"href":"https:\/\/vieassociative.be\/actualites\/wp-json\/wp\/v2\/users\/1"}],"replies":[{"embeddable":true,"href":"https:\/\/vieassociative.be\/actualites\/wp-json\/wp\/v2\/comments?post=8753"}],"version-history":[{"count":0,"href":"https:\/\/vieassociative.be\/actualites\/wp-json\/wp\/v2\/posts\/8753\/revisions"}],"wp:featuredmedia":[{"embeddable":true,"href":"https:\/\/vieassociative.be\/actualites\/wp-json\/wp\/v2\/media\/8754"}],"wp:attachment":[{"href":"https:\/\/vieassociative.be\/actualites\/wp-json\/wp\/v2\/media?parent=8753"}],"wp:term":[{"taxonomy":"category","embeddable":true,"href":"https:\/\/vieassociative.be\/actualites\/wp-json\/wp\/v2\/categories?post=8753"},{"taxonomy":"post_tag","embeddable":true,"href":"https:\/\/vieassociative.be\/actualites\/wp-json\/wp\/v2\/tags?post=8753"}],"curies":[{"name":"wp","href":"https:\/\/api.w.org\/{rel}","templated":true}]}}