{"id":8751,"date":"2025-07-15T02:17:51","date_gmt":"2025-07-15T00:17:51","guid":{"rendered":"https:\/\/vieassociative.be\/actualites\/desactivez-ces-deux-parametres-pour-empecher-t-mobile-de-recolter-encore-plus-de-vos-donnees\/"},"modified":"2025-07-15T02:17:51","modified_gmt":"2025-07-15T00:17:51","slug":"desactivez-ces-deux-parametres-pour-empecher-t-mobile-de-recolter-encore-plus-de-vos-donnees","status":"publish","type":"post","link":"https:\/\/vieassociative.be\/actualites\/desactivez-ces-deux-parametres-pour-empecher-t-mobile-de-recolter-encore-plus-de-vos-donnees\/","title":{"rendered":"D\u00e9sactivez ces deux param\u00e8tres pour emp\u00eacher T-Mobile de r\u00e9colter encore plus de vos donn\u00e9es"},"content":{"rendered":"<div class=\"mt-4 leading-6 md:mb-8\">Ne donnez rien, vous n&rsquo;avez pas \u00e0 le faire.<\/div>\n<p><\/p>\n<p>Comme la plupart des entreprises, T-Mobile veut votre argent, mais il veut \u00e9galement vos donn\u00e9es. En mai, nous avons appris que l&rsquo;application T-Life de T-Mobile enregistrait par d\u00e9faut les \u00e9crans de t\u00e9l\u00e9phone des clients &#8211; du moins, tout ce qu&rsquo;ils ont fait dans cette application. Vous pourriez vous retirer, mais vous ne le feriez que si vous le saviez, l&rsquo;application le faisait, et si vous saviez qu&rsquo;il y avait un param\u00e8tre pour l&rsquo;arr\u00eater, ce qui est assez ombrag\u00e9.<\/p>\n<p>Cette fonctionnalit\u00e9 pourrait \u00eatre d\u00e9sactiv\u00e9e via le centre de confidentialit\u00e9 de T-Life, o\u00f9 la soci\u00e9t\u00e9 conserve tous ses param\u00e8tres li\u00e9s \u00e0 la confidentialit\u00e9 des utilisateurs. (T-Mobile dit qu&rsquo;il recueille vos donn\u00e9es pour \u00ab\u00a0am\u00e9liorer\u00a0\u00bb votre exp\u00e9rience et personnaliser les annonces que vous voyez.) Si vous \u00eates un client, il est bon \u00e0 passer du temps ici et \u00e0 vous d\u00e9sabuser <em>n&rsquo;importe lequel<\/em> Pratiques de collecte de donn\u00e9es qui ne sont pas int\u00e9ress\u00e9es. (Ce qui, pour la plupart d&rsquo;entre nous, sera tous.)<\/p>\n<p>Mais si vous avez d\u00e9j\u00e0 parcouru le centre de confidentialit\u00e9 et que vous vous \u00eates assur\u00e9 que tous les param\u00e8tres sont \u00e0 votre go\u00fbt, il est temps de le faire \u00e0 nouveau: comme le rapporte le rapport mobile, T-Mobile a deux nouvelles bascules dans le centre de confidentialit\u00e9 qui sont activ\u00e9es par d\u00e9faut. Sans intervention, ces deux param\u00e8tres permettront \u00e0 T-Mobile de collecter plus de vos donn\u00e9es &#8211; dans un cas, assez \u00e9l\u00e9gamment. <\/p>\n<p>Voici ce que fait chaque nouveau param\u00e8tre et comment vous pouvez les d\u00e9sactiver.<\/p>\n<h2 id=\"fraud-and-identity-theft-protection\">Protection contre la fraude et le vol d&rsquo;identit\u00e9<\/h2>\n<p>Le premier est une nouvelle fonctionnalit\u00e9 qui \u00ab\u00a0aide soi-disant vous prot\u00e9ger contre la fraude et le vol d&rsquo;identit\u00e9\u00a0\u00bb. Selon T-Mobile, le r\u00e9glage de la \u00ab\u00a0protection contre le vol d&rsquo;identit\u00e9\u00a0\u00bb utilise vos donn\u00e9es pour faire des \u00ab\u00a0indicateurs\u00a0\u00bb de fraude potentielle. T-Mobile conserve eux-m\u00eames ces indicateurs, mais les partage \u00e9galement avec des tiers, tels que les entreprises avec lesquelles vous avez des comptes, pour rechercher tout cas o\u00f9 quelqu&rsquo;un peut utiliser vos informations frauduleusement. T-Mobile dit qu&rsquo;il utilise des donn\u00e9es comme les informations et l&rsquo;activit\u00e9 du compte, les informations sur l&rsquo;appareil, les textos et les mod\u00e8les d&rsquo;appel et les interactions avec des URL malveillantes \u00ab\u00a0potentiellement\u00a0\u00bb afin d&rsquo;alimenter cette fonctionnalit\u00e9.  <\/p>\n<p>C&rsquo;est un noble objectif, bien s\u00fbr, et un peu rafra\u00eechissant \u00e0 cela. Il est agr\u00e9able de voir une fonctionnalit\u00e9 de confidentialit\u00e9 d&rsquo;une grande entreprise qui vise explicitement \u00e0 pr\u00e9venir la fraude d&rsquo;identit\u00e9, m\u00eame lorsqu&rsquo;elle se produit en dehors des canaux T-Mobile. Mais le jus vaut-il la valeur? Cela pourrait \u00eatre \u00e0 chaque utilisateur individuel. Je n&rsquo;ai pas de T-Mobile, mais si je faisais tout-in sur la confidentialit\u00e9 des utilisateurs, je vous retirerais probablement de cette fonctionnalit\u00e9. C&rsquo;est tout simplement trop d&rsquo;informations \u00e0 offrir sans garantie qu&rsquo;elle emp\u00eachera r\u00e9ellement la fraude. (Je veux dire, envoyez des SMS et appelant les mod\u00e8les? Yeesh.)<\/p>\n<p>De plus, nous ne savons pas vraiment avec quelle tiers T-Mobile partage ces donn\u00e9es. C&rsquo;est peut-\u00eatre avec une autre entreprise qui a d\u00e9j\u00e0 ces donn\u00e9es sur vous, dites votre banque. Ou, peut-\u00eatre que c&rsquo;est une entreprise totalement ind\u00e9pendante, et maintenant ils ont les informations de votre appareil et combien de temps dure g\u00e9n\u00e9ralement vos appels t\u00e9l\u00e9phoniques. Non merci.<\/p>\n<h2 id=\"sharing-certain-financial-information\">Partage de certaines informations financi\u00e8res <\/h2>\n<p>Si T-Mobile utilise vos donn\u00e9es pour g\u00e9rer les \u00aboffres financi\u00e8res\u00bb, ce qui comprend des choses comme le financement d&rsquo;un appareil ou des services postpay\u00e9s, il peut partager ces donn\u00e9es avec une grande vari\u00e9t\u00e9 de tiers, notamment:  <\/p>\n<div class=\"pogoClear relative my-10 border-b-(1.5px) border-t-(1.5px) border-dashed border-black py-5 sm:my-14 sm:border-0 sm:py-0\" data-ga-click data-ga-template=\"Explainers\" data-ga-module=\"openweb_widget\" data-ga-element=\"openweb_scroll\" data-ga-item=\"openweb_scroll_midpage\" x-data=\"{\n         commentsCount: null,\n         hasComments: false,\n         async fetchCommentsCount() {\n             try {\n                 if (window.openweb &amp;&amp; typeof window.openweb.getMessagesCount === 'function') {\n                     this.commentsCount = await window.openweb.getMessagesCount('01K04ZAM0ZFF16P6BDNNTN06ZS');\n                     this.hasComments = this.commentsCount !== null &amp;&amp; this.commentsCount &gt; 0;\n                 }\n             } catch (e) {\n                 console.warn('Failed to fetch comment count:', e);\n             }\n         }\n     }\" x-init=\"fetchCommentsCount()\" x-cloak><\/p>\n<div class=\"absolute top-1\/2 hidden w-full -translate-y-1\/2 border-t-(1.5px) border-dashed border-black sm:block\"><\/div>\n<div class=\"relative flex justify-center\">\n<div class=\"flex max-w-fit items-center gap-x-3 bg-white px-5\">\n<div class=\"relative\">\n                <span class=\"absolute left-1\/2 top-1\/2 -translate-x-1\/2 -translate-y-1\/2 font-akshar text-sm font-medium text-black\" aria-live=\"polite\" x-show=\"hasComments\" x-text=\"commentsCount\"><\/span><\/p>\n<p>                <svg class=\"h-8 w-8 text-black\" role=\"img\" aria-hidden=\"true\">\n                    <use href=\"http:\/\/lifehacker.com\/images\/icons\/spritemap.svg#sprite-chat-bubble\"><\/use>\n                <\/svg>\n            <\/div>\n<p>            <span class=\"text-sm font-medium text-black\"><\/p>\n<p>                Que pensez-vous jusqu&rsquo;\u00e0 pr\u00e9sent?<br \/>\n                <button class=\"ml-1 font-semibold text-brand-green underline hover:text-brand-green-700\" type=\"button\" aria-label=\"Comment section trigger\" onclick=\"window.openweb.scrollToComments('01K04ZAM0ZFF16P6BDNNTN06ZS')\" x-text=\"hasComments ? 'Post a comment.' : 'Be the first to post a comment.'\"><\/button><br \/>\n            <\/span>\n        <\/div>\n<\/p><\/div>\n<\/div>\n<ul>\n<li>\n<p>Soci\u00e9t\u00e9s financi\u00e8res pour le marketing conjoint<\/p>\n<\/li>\n<li>\n<p>Affili\u00e9s \u00e0 des fins commerciales quotidiennes \u00ab\u00a0, en particulier si les donn\u00e9es li\u00e9es \u00e0 votre cr\u00e9dit<\/p>\n<\/li>\n<li>\n<p>Affili\u00e9s \u00e0 des fins de marketing<\/p>\n<\/li>\n<li>\n<p>Non-affili\u00e9es \u00e0 des fins de marketing<\/p>\n<\/li>\n<\/ul>\n<p>\u00ab\u00a0Affili\u00e9s\u00a0\u00bb n&rsquo;est pas si sp\u00e9cifique, mais voir que les affili\u00e9s et les non-affili\u00e9s peuvent obtenir vos donn\u00e9es \u00e0 des fins de marketing, il semble s\u00fbr de dire que le pool de partage de donn\u00e9es est <em>grand<\/em>.<\/p>\n<h2 id=\"disabling-these-two-toggles\">D\u00e9sactiver ces deux bascules<\/h2>\n<p>Afin de d\u00e9sactiver ces bascules, ou toutes les bascules du centre de confidentialit\u00e9, vous devrez visiter votre tableau de bord de confidentialit\u00e9. Vous le trouverez sur le Web via ce lien, mais vous pouvez \u00e9galement y acc\u00e9der via l&rsquo;application T-Life. Selon le rapport mobile, vous trouverez cette option en vous dirigeant vers le <strong>G\u00e9rer<\/strong> Onglet, appuyer sur l&rsquo;ic\u00f4ne de l&rsquo;engrenage et faire d\u00e9filer vers le bas et taper sur <strong>Confidentialit\u00e9 et politiques<\/strong>. Quoi qu&rsquo;il en soit, choisissez votre marque T-Mobile particuli\u00e8re, puis connectez-vous si n\u00e9cessaire.<\/p>\n<p>Ici, vous trouverez vos bascules. Pour d\u00e9sactiver ces deux fonctionnalit\u00e9s sp\u00e9cifiquement, trouvez les bascules \u00e0 c\u00f4t\u00e9 de <strong>Partagez vos donn\u00e9es pour vous prot\u00e9ger contre la fraude et le vol d&rsquo;identit\u00e9 <\/strong>et <strong>Partagez certaines informations utilis\u00e9es pour g\u00e9rer les offres financi\u00e8res<\/strong>.<\/p>\n<h3>Tu n&rsquo;as pas encore fini<\/h3>\n<p>Notez que ces param\u00e8tres s&rsquo;appliquent aux lignes t\u00e9l\u00e9phoniques individuelles, et non \u00e0 l&rsquo;ensemble de votre compte T-Mobile. Si vous avez plusieurs lignes sur votre compte, vous devrez vous connecter au tableau de bord pour chaque ligne pour apporter ces modifications. <\/p>\n","protected":false},"excerpt":{"rendered":"<p>Ne donnez rien, vous n&rsquo;avez pas \u00e0 le faire. Comme la plupart des entreprises, T-Mobile veut votre argent, mais il veut \u00e9galement vos donn\u00e9es. En<\/p>\n","protected":false},"author":1,"featured_media":8752,"comment_status":"","ping_status":"","sticky":false,"template":"","format":"standard","meta":{"footnotes":""},"categories":[13],"tags":[248,7745,114,154,1889,592,234,81,7746,5038,27],"class_list":["post-8751","post","type-post","status-publish","format-standard","has-post-thumbnail","hentry","category-technologie","tag-ces","tag-desactivez","tag-deux","tag-donnees","tag-empecher","tag-encore","tag-parametres","tag-pour","tag-recolter","tag-tmobile","tag-vos","generate-columns","tablet-grid-50","mobile-grid-100","grid-parent","grid-33"],"yoast_head":"<!-- This site is optimized with the Yoast SEO plugin v24.0 - https:\/\/yoast.com\/wordpress\/plugins\/seo\/ -->\n<title>D\u00e9sactivez ces deux param\u00e8tres pour emp\u00eacher T-Mobile de r\u00e9colter encore plus de vos donn\u00e9es | Vie Associative<\/title>\n<meta name=\"robots\" content=\"index, follow, max-snippet:-1, max-image-preview:large, max-video-preview:-1\" \/>\n<link rel=\"canonical\" href=\"https:\/\/vieassociative.be\/actualites\/desactivez-ces-deux-parametres-pour-empecher-t-mobile-de-recolter-encore-plus-de-vos-donnees\/\" \/>\n<meta property=\"og:locale\" content=\"fr_FR\" \/>\n<meta property=\"og:type\" content=\"article\" \/>\n<meta property=\"og:title\" content=\"D\u00e9sactivez ces deux param\u00e8tres pour emp\u00eacher T-Mobile de r\u00e9colter encore plus de vos donn\u00e9es | Vie Associative\" \/>\n<meta property=\"og:description\" content=\"Ne donnez rien, vous n&rsquo;avez pas \u00e0 le faire. Comme la plupart des entreprises, T-Mobile veut votre argent, mais il veut \u00e9galement vos donn\u00e9es. En\" \/>\n<meta property=\"og:url\" content=\"https:\/\/vieassociative.be\/actualites\/desactivez-ces-deux-parametres-pour-empecher-t-mobile-de-recolter-encore-plus-de-vos-donnees\/\" \/>\n<meta property=\"og:site_name\" content=\"Vie Associative\" \/>\n<meta property=\"article:published_time\" content=\"2025-07-15T00:17:51+00:00\" \/>\n<meta property=\"og:image\" content=\"https:\/\/vieassociative.be\/actualites\/wp-content\/uploads\/2024\/09\/header_backgroundk-01-e1726694325946.png\" \/>\n\t<meta property=\"og:image:width\" content=\"279\" \/>\n\t<meta property=\"og:image:height\" content=\"92\" \/>\n\t<meta property=\"og:image:type\" content=\"image\/png\" \/>\n<meta name=\"author\" content=\"Julien\" \/>\n<meta name=\"twitter:card\" content=\"summary_large_image\" \/>\n<meta name=\"twitter:label1\" content=\"\u00c9crit par\" \/>\n\t<meta name=\"twitter:data1\" content=\"Julien\" \/>\n\t<meta name=\"twitter:label2\" content=\"Dur\u00e9e de lecture est.\" \/>\n\t<meta name=\"twitter:data2\" content=\"4 minutes\" \/>\n<script type=\"application\/ld+json\" class=\"yoast-schema-graph\">{\"@context\":\"https:\/\/schema.org\",\"@graph\":[{\"@type\":\"Article\",\"@id\":\"https:\/\/vieassociative.be\/actualites\/desactivez-ces-deux-parametres-pour-empecher-t-mobile-de-recolter-encore-plus-de-vos-donnees\/#article\",\"isPartOf\":{\"@id\":\"https:\/\/vieassociative.be\/actualites\/desactivez-ces-deux-parametres-pour-empecher-t-mobile-de-recolter-encore-plus-de-vos-donnees\/\"},\"author\":{\"name\":\"Julien\",\"@id\":\"https:\/\/vieassociative.be\/actualites\/#\/schema\/person\/b87ac4f82f9d4e7b7cec7395b679edc4\"},\"headline\":\"D\u00e9sactivez ces deux param\u00e8tres pour emp\u00eacher T-Mobile de r\u00e9colter encore plus de vos donn\u00e9es\",\"datePublished\":\"2025-07-15T00:17:51+00:00\",\"dateModified\":\"2025-07-15T00:17:51+00:00\",\"mainEntityOfPage\":{\"@id\":\"https:\/\/vieassociative.be\/actualites\/desactivez-ces-deux-parametres-pour-empecher-t-mobile-de-recolter-encore-plus-de-vos-donnees\/\"},\"wordCount\":950,\"publisher\":{\"@id\":\"https:\/\/vieassociative.be\/actualites\/#organization\"},\"image\":{\"@id\":\"https:\/\/vieassociative.be\/actualites\/desactivez-ces-deux-parametres-pour-empecher-t-mobile-de-recolter-encore-plus-de-vos-donnees\/#primaryimage\"},\"thumbnailUrl\":\"https:\/\/vieassociative.be\/actualites\/wp-content\/uploads\/2025\/07\/Desactivez-ces-deux-parametres-pour-empecher-T-Mobile-de-recolter-encore.png\",\"keywords\":[\"ces\",\"D\u00e9sactivez\",\"deux\",\"donn\u00e9es\",\"emp\u00eacher\",\"encore\",\"param\u00e8tres\",\"pour\",\"r\u00e9colter\",\"TMobile\",\"vos\"],\"articleSection\":[\"Technologie\"],\"inLanguage\":\"fr-BE\"},{\"@type\":\"WebPage\",\"@id\":\"https:\/\/vieassociative.be\/actualites\/desactivez-ces-deux-parametres-pour-empecher-t-mobile-de-recolter-encore-plus-de-vos-donnees\/\",\"url\":\"https:\/\/vieassociative.be\/actualites\/desactivez-ces-deux-parametres-pour-empecher-t-mobile-de-recolter-encore-plus-de-vos-donnees\/\",\"name\":\"D\u00e9sactivez ces deux param\u00e8tres pour emp\u00eacher T-Mobile de r\u00e9colter encore plus de vos donn\u00e9es | Vie Associative\",\"isPartOf\":{\"@id\":\"https:\/\/vieassociative.be\/actualites\/#website\"},\"primaryImageOfPage\":{\"@id\":\"https:\/\/vieassociative.be\/actualites\/desactivez-ces-deux-parametres-pour-empecher-t-mobile-de-recolter-encore-plus-de-vos-donnees\/#primaryimage\"},\"image\":{\"@id\":\"https:\/\/vieassociative.be\/actualites\/desactivez-ces-deux-parametres-pour-empecher-t-mobile-de-recolter-encore-plus-de-vos-donnees\/#primaryimage\"},\"thumbnailUrl\":\"https:\/\/vieassociative.be\/actualites\/wp-content\/uploads\/2025\/07\/Desactivez-ces-deux-parametres-pour-empecher-T-Mobile-de-recolter-encore.png\",\"datePublished\":\"2025-07-15T00:17:51+00:00\",\"dateModified\":\"2025-07-15T00:17:51+00:00\",\"breadcrumb\":{\"@id\":\"https:\/\/vieassociative.be\/actualites\/desactivez-ces-deux-parametres-pour-empecher-t-mobile-de-recolter-encore-plus-de-vos-donnees\/#breadcrumb\"},\"inLanguage\":\"fr-BE\",\"potentialAction\":[{\"@type\":\"ReadAction\",\"target\":[\"https:\/\/vieassociative.be\/actualites\/desactivez-ces-deux-parametres-pour-empecher-t-mobile-de-recolter-encore-plus-de-vos-donnees\/\"]}]},{\"@type\":\"ImageObject\",\"inLanguage\":\"fr-BE\",\"@id\":\"https:\/\/vieassociative.be\/actualites\/desactivez-ces-deux-parametres-pour-empecher-t-mobile-de-recolter-encore-plus-de-vos-donnees\/#primaryimage\",\"url\":\"https:\/\/vieassociative.be\/actualites\/wp-content\/uploads\/2025\/07\/Desactivez-ces-deux-parametres-pour-empecher-T-Mobile-de-recolter-encore.png\",\"contentUrl\":\"https:\/\/vieassociative.be\/actualites\/wp-content\/uploads\/2025\/07\/Desactivez-ces-deux-parametres-pour-empecher-T-Mobile-de-recolter-encore.png\",\"width\":1200,\"height\":675,\"caption\":\"D\u00e9sactivez ces deux param\u00e8tres pour emp\u00eacher T-Mobile de r\u00e9colter encore plus de vos donn\u00e9es\"},{\"@type\":\"BreadcrumbList\",\"@id\":\"https:\/\/vieassociative.be\/actualites\/desactivez-ces-deux-parametres-pour-empecher-t-mobile-de-recolter-encore-plus-de-vos-donnees\/#breadcrumb\",\"itemListElement\":[{\"@type\":\"ListItem\",\"position\":1,\"name\":\"Accueil\",\"item\":\"https:\/\/vieassociative.be\/actualites\/\"},{\"@type\":\"ListItem\",\"position\":2,\"name\":\"D\u00e9sactivez ces deux param\u00e8tres pour emp\u00eacher T-Mobile de r\u00e9colter encore plus de vos donn\u00e9es\"}]},{\"@type\":\"WebSite\",\"@id\":\"https:\/\/vieassociative.be\/actualites\/#website\",\"url\":\"https:\/\/vieassociative.be\/actualites\/\",\"name\":\"Vie Associative\",\"description\":\"\",\"publisher\":{\"@id\":\"https:\/\/vieassociative.be\/actualites\/#organization\"},\"potentialAction\":[{\"@type\":\"SearchAction\",\"target\":{\"@type\":\"EntryPoint\",\"urlTemplate\":\"https:\/\/vieassociative.be\/actualites\/?s={search_term_string}\"},\"query-input\":{\"@type\":\"PropertyValueSpecification\",\"valueRequired\":true,\"valueName\":\"search_term_string\"}}],\"inLanguage\":\"fr-BE\"},{\"@type\":\"Organization\",\"@id\":\"https:\/\/vieassociative.be\/actualites\/#organization\",\"name\":\"Vie Associative\",\"url\":\"https:\/\/vieassociative.be\/actualites\/\",\"logo\":{\"@type\":\"ImageObject\",\"inLanguage\":\"fr-BE\",\"@id\":\"https:\/\/vieassociative.be\/actualites\/#\/schema\/logo\/image\/\",\"url\":\"https:\/\/vieassociative.be\/actualites\/wp-content\/uploads\/2024\/09\/cropped-vieassociative_favicon.ico.png\",\"contentUrl\":\"https:\/\/vieassociative.be\/actualites\/wp-content\/uploads\/2024\/09\/cropped-vieassociative_favicon.ico.png\",\"width\":512,\"height\":512,\"caption\":\"Vie Associative\"},\"image\":{\"@id\":\"https:\/\/vieassociative.be\/actualites\/#\/schema\/logo\/image\/\"}},{\"@type\":\"Person\",\"@id\":\"https:\/\/vieassociative.be\/actualites\/#\/schema\/person\/b87ac4f82f9d4e7b7cec7395b679edc4\",\"name\":\"Julien\",\"image\":{\"@type\":\"ImageObject\",\"inLanguage\":\"fr-BE\",\"@id\":\"https:\/\/vieassociative.be\/actualites\/#\/schema\/person\/image\/\",\"url\":\"https:\/\/vieassociative.be\/actualites\/wp-content\/uploads\/2024\/09\/vie-associative-1-150x150.jpg\",\"contentUrl\":\"https:\/\/vieassociative.be\/actualites\/wp-content\/uploads\/2024\/09\/vie-associative-1-150x150.jpg\",\"caption\":\"Julien\"},\"description\":\"Je suis Julien, r\u00e9dacteur pour Vie Associative. Passionn\u00e9 par le monde associatif depuis plus de 10 ans, j'ai \u00e0 c\u0153ur de partager des histoires inspirantes et de mettre en lumi\u00e8re les initiatives locales. Mon objectif est de sensibiliser et d'encourager l'engagement communautaire \u00e0 travers mes articles.\",\"sameAs\":[\"https:\/\/vieassociative.be\/\"]}]}<\/script>\n<!-- \/ Yoast SEO plugin. -->","yoast_head_json":{"title":"D\u00e9sactivez ces deux param\u00e8tres pour emp\u00eacher T-Mobile de r\u00e9colter encore plus de vos donn\u00e9es | Vie Associative","robots":{"index":"index","follow":"follow","max-snippet":"max-snippet:-1","max-image-preview":"max-image-preview:large","max-video-preview":"max-video-preview:-1"},"canonical":"https:\/\/vieassociative.be\/actualites\/desactivez-ces-deux-parametres-pour-empecher-t-mobile-de-recolter-encore-plus-de-vos-donnees\/","og_locale":"fr_FR","og_type":"article","og_title":"D\u00e9sactivez ces deux param\u00e8tres pour emp\u00eacher T-Mobile de r\u00e9colter encore plus de vos donn\u00e9es | Vie Associative","og_description":"Ne donnez rien, vous n&rsquo;avez pas \u00e0 le faire. Comme la plupart des entreprises, T-Mobile veut votre argent, mais il veut \u00e9galement vos donn\u00e9es. En","og_url":"https:\/\/vieassociative.be\/actualites\/desactivez-ces-deux-parametres-pour-empecher-t-mobile-de-recolter-encore-plus-de-vos-donnees\/","og_site_name":"Vie Associative","article_published_time":"2025-07-15T00:17:51+00:00","og_image":[{"width":279,"height":92,"url":"https:\/\/vieassociative.be\/actualites\/wp-content\/uploads\/2024\/09\/header_backgroundk-01-e1726694325946.png","type":"image\/png"}],"author":"Julien","twitter_card":"summary_large_image","twitter_misc":{"\u00c9crit par":"Julien","Dur\u00e9e de lecture est.":"4 minutes"},"schema":{"@context":"https:\/\/schema.org","@graph":[{"@type":"Article","@id":"https:\/\/vieassociative.be\/actualites\/desactivez-ces-deux-parametres-pour-empecher-t-mobile-de-recolter-encore-plus-de-vos-donnees\/#article","isPartOf":{"@id":"https:\/\/vieassociative.be\/actualites\/desactivez-ces-deux-parametres-pour-empecher-t-mobile-de-recolter-encore-plus-de-vos-donnees\/"},"author":{"name":"Julien","@id":"https:\/\/vieassociative.be\/actualites\/#\/schema\/person\/b87ac4f82f9d4e7b7cec7395b679edc4"},"headline":"D\u00e9sactivez ces deux param\u00e8tres pour emp\u00eacher T-Mobile de r\u00e9colter encore plus de vos donn\u00e9es","datePublished":"2025-07-15T00:17:51+00:00","dateModified":"2025-07-15T00:17:51+00:00","mainEntityOfPage":{"@id":"https:\/\/vieassociative.be\/actualites\/desactivez-ces-deux-parametres-pour-empecher-t-mobile-de-recolter-encore-plus-de-vos-donnees\/"},"wordCount":950,"publisher":{"@id":"https:\/\/vieassociative.be\/actualites\/#organization"},"image":{"@id":"https:\/\/vieassociative.be\/actualites\/desactivez-ces-deux-parametres-pour-empecher-t-mobile-de-recolter-encore-plus-de-vos-donnees\/#primaryimage"},"thumbnailUrl":"https:\/\/vieassociative.be\/actualites\/wp-content\/uploads\/2025\/07\/Desactivez-ces-deux-parametres-pour-empecher-T-Mobile-de-recolter-encore.png","keywords":["ces","D\u00e9sactivez","deux","donn\u00e9es","emp\u00eacher","encore","param\u00e8tres","pour","r\u00e9colter","TMobile","vos"],"articleSection":["Technologie"],"inLanguage":"fr-BE"},{"@type":"WebPage","@id":"https:\/\/vieassociative.be\/actualites\/desactivez-ces-deux-parametres-pour-empecher-t-mobile-de-recolter-encore-plus-de-vos-donnees\/","url":"https:\/\/vieassociative.be\/actualites\/desactivez-ces-deux-parametres-pour-empecher-t-mobile-de-recolter-encore-plus-de-vos-donnees\/","name":"D\u00e9sactivez ces deux param\u00e8tres pour emp\u00eacher T-Mobile de r\u00e9colter encore plus de vos donn\u00e9es | Vie Associative","isPartOf":{"@id":"https:\/\/vieassociative.be\/actualites\/#website"},"primaryImageOfPage":{"@id":"https:\/\/vieassociative.be\/actualites\/desactivez-ces-deux-parametres-pour-empecher-t-mobile-de-recolter-encore-plus-de-vos-donnees\/#primaryimage"},"image":{"@id":"https:\/\/vieassociative.be\/actualites\/desactivez-ces-deux-parametres-pour-empecher-t-mobile-de-recolter-encore-plus-de-vos-donnees\/#primaryimage"},"thumbnailUrl":"https:\/\/vieassociative.be\/actualites\/wp-content\/uploads\/2025\/07\/Desactivez-ces-deux-parametres-pour-empecher-T-Mobile-de-recolter-encore.png","datePublished":"2025-07-15T00:17:51+00:00","dateModified":"2025-07-15T00:17:51+00:00","breadcrumb":{"@id":"https:\/\/vieassociative.be\/actualites\/desactivez-ces-deux-parametres-pour-empecher-t-mobile-de-recolter-encore-plus-de-vos-donnees\/#breadcrumb"},"inLanguage":"fr-BE","potentialAction":[{"@type":"ReadAction","target":["https:\/\/vieassociative.be\/actualites\/desactivez-ces-deux-parametres-pour-empecher-t-mobile-de-recolter-encore-plus-de-vos-donnees\/"]}]},{"@type":"ImageObject","inLanguage":"fr-BE","@id":"https:\/\/vieassociative.be\/actualites\/desactivez-ces-deux-parametres-pour-empecher-t-mobile-de-recolter-encore-plus-de-vos-donnees\/#primaryimage","url":"https:\/\/vieassociative.be\/actualites\/wp-content\/uploads\/2025\/07\/Desactivez-ces-deux-parametres-pour-empecher-T-Mobile-de-recolter-encore.png","contentUrl":"https:\/\/vieassociative.be\/actualites\/wp-content\/uploads\/2025\/07\/Desactivez-ces-deux-parametres-pour-empecher-T-Mobile-de-recolter-encore.png","width":1200,"height":675,"caption":"D\u00e9sactivez ces deux param\u00e8tres pour emp\u00eacher T-Mobile de r\u00e9colter encore plus de vos donn\u00e9es"},{"@type":"BreadcrumbList","@id":"https:\/\/vieassociative.be\/actualites\/desactivez-ces-deux-parametres-pour-empecher-t-mobile-de-recolter-encore-plus-de-vos-donnees\/#breadcrumb","itemListElement":[{"@type":"ListItem","position":1,"name":"Accueil","item":"https:\/\/vieassociative.be\/actualites\/"},{"@type":"ListItem","position":2,"name":"D\u00e9sactivez ces deux param\u00e8tres pour emp\u00eacher T-Mobile de r\u00e9colter encore plus de vos donn\u00e9es"}]},{"@type":"WebSite","@id":"https:\/\/vieassociative.be\/actualites\/#website","url":"https:\/\/vieassociative.be\/actualites\/","name":"Vie Associative","description":"","publisher":{"@id":"https:\/\/vieassociative.be\/actualites\/#organization"},"potentialAction":[{"@type":"SearchAction","target":{"@type":"EntryPoint","urlTemplate":"https:\/\/vieassociative.be\/actualites\/?s={search_term_string}"},"query-input":{"@type":"PropertyValueSpecification","valueRequired":true,"valueName":"search_term_string"}}],"inLanguage":"fr-BE"},{"@type":"Organization","@id":"https:\/\/vieassociative.be\/actualites\/#organization","name":"Vie Associative","url":"https:\/\/vieassociative.be\/actualites\/","logo":{"@type":"ImageObject","inLanguage":"fr-BE","@id":"https:\/\/vieassociative.be\/actualites\/#\/schema\/logo\/image\/","url":"https:\/\/vieassociative.be\/actualites\/wp-content\/uploads\/2024\/09\/cropped-vieassociative_favicon.ico.png","contentUrl":"https:\/\/vieassociative.be\/actualites\/wp-content\/uploads\/2024\/09\/cropped-vieassociative_favicon.ico.png","width":512,"height":512,"caption":"Vie Associative"},"image":{"@id":"https:\/\/vieassociative.be\/actualites\/#\/schema\/logo\/image\/"}},{"@type":"Person","@id":"https:\/\/vieassociative.be\/actualites\/#\/schema\/person\/b87ac4f82f9d4e7b7cec7395b679edc4","name":"Julien","image":{"@type":"ImageObject","inLanguage":"fr-BE","@id":"https:\/\/vieassociative.be\/actualites\/#\/schema\/person\/image\/","url":"https:\/\/vieassociative.be\/actualites\/wp-content\/uploads\/2024\/09\/vie-associative-1-150x150.jpg","contentUrl":"https:\/\/vieassociative.be\/actualites\/wp-content\/uploads\/2024\/09\/vie-associative-1-150x150.jpg","caption":"Julien"},"description":"Je suis Julien, r\u00e9dacteur pour Vie Associative. Passionn\u00e9 par le monde associatif depuis plus de 10 ans, j'ai \u00e0 c\u0153ur de partager des histoires inspirantes et de mettre en lumi\u00e8re les initiatives locales. Mon objectif est de sensibiliser et d'encourager l'engagement communautaire \u00e0 travers mes articles.","sameAs":["https:\/\/vieassociative.be\/"]}]}},"_links":{"self":[{"href":"https:\/\/vieassociative.be\/actualites\/wp-json\/wp\/v2\/posts\/8751"}],"collection":[{"href":"https:\/\/vieassociative.be\/actualites\/wp-json\/wp\/v2\/posts"}],"about":[{"href":"https:\/\/vieassociative.be\/actualites\/wp-json\/wp\/v2\/types\/post"}],"author":[{"embeddable":true,"href":"https:\/\/vieassociative.be\/actualites\/wp-json\/wp\/v2\/users\/1"}],"replies":[{"embeddable":true,"href":"https:\/\/vieassociative.be\/actualites\/wp-json\/wp\/v2\/comments?post=8751"}],"version-history":[{"count":0,"href":"https:\/\/vieassociative.be\/actualites\/wp-json\/wp\/v2\/posts\/8751\/revisions"}],"wp:featuredmedia":[{"embeddable":true,"href":"https:\/\/vieassociative.be\/actualites\/wp-json\/wp\/v2\/media\/8752"}],"wp:attachment":[{"href":"https:\/\/vieassociative.be\/actualites\/wp-json\/wp\/v2\/media?parent=8751"}],"wp:term":[{"taxonomy":"category","embeddable":true,"href":"https:\/\/vieassociative.be\/actualites\/wp-json\/wp\/v2\/categories?post=8751"},{"taxonomy":"post_tag","embeddable":true,"href":"https:\/\/vieassociative.be\/actualites\/wp-json\/wp\/v2\/tags?post=8751"}],"curies":[{"name":"wp","href":"https:\/\/api.w.org\/{rel}","templated":true}]}}