{"id":8747,"date":"2025-07-14T22:17:28","date_gmt":"2025-07-14T20:17:28","guid":{"rendered":"https:\/\/vieassociative.be\/actualites\/ben-healy-en-tant-que-premier-irlandais-depuis-stephen-roche-il-y-a-38-ans-dans-le-jersey-jaune-s-yates-gagne\/"},"modified":"2025-07-14T22:17:28","modified_gmt":"2025-07-14T20:17:28","slug":"ben-healy-en-tant-que-premier-irlandais-depuis-stephen-roche-il-y-a-38-ans-dans-le-jersey-jaune-s-yates-gagne","status":"publish","type":"post","link":"https:\/\/vieassociative.be\/actualites\/ben-healy-en-tant-que-premier-irlandais-depuis-stephen-roche-il-y-a-38-ans-dans-le-jersey-jaune-s-yates-gagne\/","title":{"rendered":"Ben Healy en tant que premier Irlandais depuis Stephen Roche il y a 38 ans dans le Jersey jaune &#8211; S. Yates gagne"},"content":{"rendered":"<p><strong>Avec pr\u00e8s de 4 500 m\u00e8tres d&rsquo;altitude et huit cotes de montagne, les professionnels du v\u00e9lo sont mis au d\u00e9fi lors de la tourn\u00e9e. En fin de compte, les valeurs aberrantes applaudissent avec les premiers Irlandais du maillot jaune pendant 38 ans.<\/strong><\/p>\n<p><span id=\"more-420142\"><\/span>Apr\u00e8s un pacte de non-agression dans le massif central, Tadej Pogacar a \u00e9t\u00e9 d\u00e9barrass\u00e9 de son maillot jaune, plut\u00f4t le jour f\u00e9ri\u00e9 fran\u00e7ais, une heure de roi aberrante Ben Healy. Apr\u00e8s 4 450 m\u00e8tres d&rsquo;altitude et huit notes de montagne avec la troisi\u00e8me place derri\u00e8re le vainqueur de la journ\u00e9e Simon Yates sur le Puy de Sancy, le jeune est le premier Irlandais depuis Stephen Roche il y a 38 ans.<\/p>\n<p>La Grande Nation, en revanche, attend une victoire d&rsquo;une journ\u00e9e \u00e0 la F\u00eate Nationale depuis 2017, mais a pu encourager le maillot de montagne de Lenny Martinez au moins sur la dixi\u00e8me \u00e9tape sur 165,3 kilom\u00e8tres. Le fait que les h\u00f4tes jouent \u00e0 peine un r\u00f4le dans la lutte pour le maillot jaune ont \u00e9t\u00e9 une tradition depuis 40 ans depuis 40 ans de l&rsquo;ex-champion Bernard Hinault.<\/p>\n<div id=\"attachment_420147\" class=\"wp-caption alignleft\" style=\"max-width: 300px\"><img fetchpriority=\"high\" decoding=\"async\" class=\"wp-image-420147 size-medium\" src=\"https:\/\/vieassociative.be\/actualites\/wp-content\/uploads\/2025\/07\/Ben-Healy-en-tant-que-premier-Irlandais-depuis-Stephen-Roche.jpg\" alt=\"\" width=\"300\" height=\"200\"><\/p>\n<p class=\"wp-caption-text\">14\/07\/2025, France, Le Mont-Dore Puy de Sancy: Le British Simon Yates franchit la ligne d&rsquo;arriv\u00e9e et remporte la dixi\u00e8me \u00e9tape du Tour de France. Photo: Mosa&rsquo;ab Elshamy \/ AP \/ DPA<\/p>\n<\/div>\n<p>En tout cas, la grande force de force manquait. Pogacar a commenc\u00e9 une attaque sur la mont\u00e9e finale, mais l&rsquo;a ensuite laiss\u00e9e. Le rythme n&rsquo;\u00e9tait pas trop \u00e9lev\u00e9 de toute fa\u00e7on. Aucune comparaison avec la veille, lorsque la deuxi\u00e8me \u00e9tape la plus rapide de l&rsquo;histoire du tour a \u00e9t\u00e9 enregistr\u00e9e.<\/p>\n<p><strong>&#8211; Healy maintenant 29 secondes avant Pogacar:<\/strong> Healy a utilis\u00e9 cela. L&rsquo;Irlandais, qui avait d\u00e9j\u00e0 triomph\u00e9 sur la sixi\u00e8me \u00e9tape, a maintenant 29 secondes d&rsquo;avance sur Pogacar.<\/p>\n<p>Dimanche, les fans du cyclisme belge ont applaudi la quatri\u00e8me victoire de l&rsquo;\u00e9tape d&rsquo;un compatriote de Tim Merlier, lundi, l&rsquo;ambiance \u00e9tait moins euphorique: Tim Wellens a perdu son maillot pointill\u00e9 contre Lenny Martinez. Le Fran\u00e7ais a obtenu tous les points de montagne sur cette 10e \u00e9tape. Wout Van Aert n&rsquo;a eu aucune influence sur la course. En plus des deux autres favoris, Tadej Pogacar et Jonas Vingegaard, Remco Evenepoel s&rsquo;est bien tenu avec les deux autres favoris. Le Belge a m\u00eame essay\u00e9 d&rsquo;attaquer en finale, mais a ensuite \u00e9t\u00e9 surpris par Tadej Pogacar. Seul Vingegaard a pu suivre la Slov\u00e9nie. Onepoel a perdu contre les deux meilleurs favoris pendant quelques secondes, mais est toujours devant Vingegaard dans la classification globale.<\/p>\n<p>Apr\u00e8s le jour de repos mardi, la onzi\u00e8me \u00e9tape se poursuit \u00e0 plus de 156,8 kilom\u00e8tres autour de Toulouse. Un classement en montagne de la troisi\u00e8me cat\u00e9gorie pourrait \u00eatre trop lourd pour le sprinter. \u00c0 partir de jeudi, les Pyr\u00e9n\u00e9es attendent. (DPA \/ CRE)<\/p>\n","protected":false},"excerpt":{"rendered":"<p>Avec pr\u00e8s de 4 500 m\u00e8tres d&rsquo;altitude et huit cotes de montagne, les professionnels du v\u00e9lo sont mis au d\u00e9fi lors de la tourn\u00e9e. En<\/p>\n","protected":false},"author":1,"featured_media":8748,"comment_status":"","ping_status":"","sticky":false,"template":"","format":"standard","meta":{"footnotes":""},"categories":[298],"tags":[584,7740,166,1824,2299,7741,5450,6238,4145,443,7743,7742,1745,7744],"class_list":["post-8747","post","type-post","status-publish","format-standard","has-post-thumbnail","hentry","category-belgique","tag-ans","tag-ben","tag-dans","tag-depuis","tag-gagne","tag-healy","tag-irlandais","tag-jaune","tag-jersey","tag-premier","tag-roche","tag-stephen","tag-tant","tag-yates","generate-columns","tablet-grid-50","mobile-grid-100","grid-parent","grid-33"],"yoast_head":"<!-- This site is optimized with the Yoast SEO plugin v24.0 - https:\/\/yoast.com\/wordpress\/plugins\/seo\/ -->\n<title>Ben Healy en tant que premier Irlandais depuis Stephen Roche il y a 38 ans dans le Jersey jaune - S. Yates gagne | Vie Associative<\/title>\n<meta name=\"robots\" content=\"index, follow, max-snippet:-1, max-image-preview:large, max-video-preview:-1\" \/>\n<link rel=\"canonical\" href=\"https:\/\/vieassociative.be\/actualites\/ben-healy-en-tant-que-premier-irlandais-depuis-stephen-roche-il-y-a-38-ans-dans-le-jersey-jaune-s-yates-gagne\/\" \/>\n<meta property=\"og:locale\" content=\"fr_FR\" \/>\n<meta property=\"og:type\" content=\"article\" \/>\n<meta property=\"og:title\" content=\"Ben Healy en tant que premier Irlandais depuis Stephen Roche il y a 38 ans dans le Jersey jaune - S. Yates gagne | Vie Associative\" \/>\n<meta property=\"og:description\" content=\"Avec pr\u00e8s de 4 500 m\u00e8tres d&rsquo;altitude et huit cotes de montagne, les professionnels du v\u00e9lo sont mis au d\u00e9fi lors de la tourn\u00e9e. En\" \/>\n<meta property=\"og:url\" content=\"https:\/\/vieassociative.be\/actualites\/ben-healy-en-tant-que-premier-irlandais-depuis-stephen-roche-il-y-a-38-ans-dans-le-jersey-jaune-s-yates-gagne\/\" \/>\n<meta property=\"og:site_name\" content=\"Vie Associative\" \/>\n<meta property=\"article:published_time\" content=\"2025-07-14T20:17:28+00:00\" \/>\n<meta property=\"og:image\" content=\"https:\/\/vieassociative.be\/actualites\/wp-content\/uploads\/2024\/09\/header_backgroundk-01-e1726694325946.png\" \/>\n\t<meta property=\"og:image:width\" content=\"279\" \/>\n\t<meta property=\"og:image:height\" content=\"92\" \/>\n\t<meta property=\"og:image:type\" content=\"image\/png\" \/>\n<meta name=\"author\" content=\"Julien\" \/>\n<meta name=\"twitter:card\" content=\"summary_large_image\" \/>\n<meta name=\"twitter:label1\" content=\"\u00c9crit par\" \/>\n\t<meta name=\"twitter:data1\" content=\"Julien\" \/>\n\t<meta name=\"twitter:label2\" content=\"Dur\u00e9e de lecture est.\" \/>\n\t<meta name=\"twitter:data2\" content=\"2 minutes\" \/>\n<script type=\"application\/ld+json\" class=\"yoast-schema-graph\">{\"@context\":\"https:\/\/schema.org\",\"@graph\":[{\"@type\":\"Article\",\"@id\":\"https:\/\/vieassociative.be\/actualites\/ben-healy-en-tant-que-premier-irlandais-depuis-stephen-roche-il-y-a-38-ans-dans-le-jersey-jaune-s-yates-gagne\/#article\",\"isPartOf\":{\"@id\":\"https:\/\/vieassociative.be\/actualites\/ben-healy-en-tant-que-premier-irlandais-depuis-stephen-roche-il-y-a-38-ans-dans-le-jersey-jaune-s-yates-gagne\/\"},\"author\":{\"name\":\"Julien\",\"@id\":\"https:\/\/vieassociative.be\/actualites\/#\/schema\/person\/b87ac4f82f9d4e7b7cec7395b679edc4\"},\"headline\":\"Ben Healy en tant que premier Irlandais depuis Stephen Roche il y a 38 ans dans le Jersey jaune &#8211; S. Yates gagne\",\"datePublished\":\"2025-07-14T20:17:28+00:00\",\"dateModified\":\"2025-07-14T20:17:28+00:00\",\"mainEntityOfPage\":{\"@id\":\"https:\/\/vieassociative.be\/actualites\/ben-healy-en-tant-que-premier-irlandais-depuis-stephen-roche-il-y-a-38-ans-dans-le-jersey-jaune-s-yates-gagne\/\"},\"wordCount\":511,\"publisher\":{\"@id\":\"https:\/\/vieassociative.be\/actualites\/#organization\"},\"image\":{\"@id\":\"https:\/\/vieassociative.be\/actualites\/ben-healy-en-tant-que-premier-irlandais-depuis-stephen-roche-il-y-a-38-ans-dans-le-jersey-jaune-s-yates-gagne\/#primaryimage\"},\"thumbnailUrl\":\"https:\/\/vieassociative.be\/actualites\/wp-content\/uploads\/2025\/07\/1752524249_Ben-Healy-en-tant-que-premier-Irlandais-depuis-Stephen-Roche.jpg\",\"keywords\":[\"ans\",\"Ben\",\"dans\",\"depuis\",\"gagn\u00e9\",\"Healy\",\"irlandais\",\"jaune\",\"Jersey\",\"premier\",\"Roche\",\"Stephen\",\"tant\",\"Yates\"],\"articleSection\":[\"Belgique\"],\"inLanguage\":\"fr-BE\"},{\"@type\":\"WebPage\",\"@id\":\"https:\/\/vieassociative.be\/actualites\/ben-healy-en-tant-que-premier-irlandais-depuis-stephen-roche-il-y-a-38-ans-dans-le-jersey-jaune-s-yates-gagne\/\",\"url\":\"https:\/\/vieassociative.be\/actualites\/ben-healy-en-tant-que-premier-irlandais-depuis-stephen-roche-il-y-a-38-ans-dans-le-jersey-jaune-s-yates-gagne\/\",\"name\":\"Ben Healy en tant que premier Irlandais depuis Stephen Roche il y a 38 ans dans le Jersey jaune - S. Yates gagne | Vie Associative\",\"isPartOf\":{\"@id\":\"https:\/\/vieassociative.be\/actualites\/#website\"},\"primaryImageOfPage\":{\"@id\":\"https:\/\/vieassociative.be\/actualites\/ben-healy-en-tant-que-premier-irlandais-depuis-stephen-roche-il-y-a-38-ans-dans-le-jersey-jaune-s-yates-gagne\/#primaryimage\"},\"image\":{\"@id\":\"https:\/\/vieassociative.be\/actualites\/ben-healy-en-tant-que-premier-irlandais-depuis-stephen-roche-il-y-a-38-ans-dans-le-jersey-jaune-s-yates-gagne\/#primaryimage\"},\"thumbnailUrl\":\"https:\/\/vieassociative.be\/actualites\/wp-content\/uploads\/2025\/07\/1752524249_Ben-Healy-en-tant-que-premier-Irlandais-depuis-Stephen-Roche.jpg\",\"datePublished\":\"2025-07-14T20:17:28+00:00\",\"dateModified\":\"2025-07-14T20:17:28+00:00\",\"breadcrumb\":{\"@id\":\"https:\/\/vieassociative.be\/actualites\/ben-healy-en-tant-que-premier-irlandais-depuis-stephen-roche-il-y-a-38-ans-dans-le-jersey-jaune-s-yates-gagne\/#breadcrumb\"},\"inLanguage\":\"fr-BE\",\"potentialAction\":[{\"@type\":\"ReadAction\",\"target\":[\"https:\/\/vieassociative.be\/actualites\/ben-healy-en-tant-que-premier-irlandais-depuis-stephen-roche-il-y-a-38-ans-dans-le-jersey-jaune-s-yates-gagne\/\"]}]},{\"@type\":\"ImageObject\",\"inLanguage\":\"fr-BE\",\"@id\":\"https:\/\/vieassociative.be\/actualites\/ben-healy-en-tant-que-premier-irlandais-depuis-stephen-roche-il-y-a-38-ans-dans-le-jersey-jaune-s-yates-gagne\/#primaryimage\",\"url\":\"https:\/\/vieassociative.be\/actualites\/wp-content\/uploads\/2025\/07\/1752524249_Ben-Healy-en-tant-que-premier-Irlandais-depuis-Stephen-Roche.jpg\",\"contentUrl\":\"https:\/\/vieassociative.be\/actualites\/wp-content\/uploads\/2025\/07\/1752524249_Ben-Healy-en-tant-que-premier-Irlandais-depuis-Stephen-Roche.jpg\",\"width\":1200,\"height\":800,\"caption\":\"Ben Healy en tant que premier Irlandais depuis Stephen Roche il y a 38 ans dans le Jersey jaune - S. Yates gagne\"},{\"@type\":\"BreadcrumbList\",\"@id\":\"https:\/\/vieassociative.be\/actualites\/ben-healy-en-tant-que-premier-irlandais-depuis-stephen-roche-il-y-a-38-ans-dans-le-jersey-jaune-s-yates-gagne\/#breadcrumb\",\"itemListElement\":[{\"@type\":\"ListItem\",\"position\":1,\"name\":\"Accueil\",\"item\":\"https:\/\/vieassociative.be\/actualites\/\"},{\"@type\":\"ListItem\",\"position\":2,\"name\":\"Ben Healy en tant que premier Irlandais depuis Stephen Roche il y a 38 ans dans le Jersey jaune &#8211; S. Yates gagne\"}]},{\"@type\":\"WebSite\",\"@id\":\"https:\/\/vieassociative.be\/actualites\/#website\",\"url\":\"https:\/\/vieassociative.be\/actualites\/\",\"name\":\"Vie Associative\",\"description\":\"\",\"publisher\":{\"@id\":\"https:\/\/vieassociative.be\/actualites\/#organization\"},\"potentialAction\":[{\"@type\":\"SearchAction\",\"target\":{\"@type\":\"EntryPoint\",\"urlTemplate\":\"https:\/\/vieassociative.be\/actualites\/?s={search_term_string}\"},\"query-input\":{\"@type\":\"PropertyValueSpecification\",\"valueRequired\":true,\"valueName\":\"search_term_string\"}}],\"inLanguage\":\"fr-BE\"},{\"@type\":\"Organization\",\"@id\":\"https:\/\/vieassociative.be\/actualites\/#organization\",\"name\":\"Vie Associative\",\"url\":\"https:\/\/vieassociative.be\/actualites\/\",\"logo\":{\"@type\":\"ImageObject\",\"inLanguage\":\"fr-BE\",\"@id\":\"https:\/\/vieassociative.be\/actualites\/#\/schema\/logo\/image\/\",\"url\":\"https:\/\/vieassociative.be\/actualites\/wp-content\/uploads\/2024\/09\/cropped-vieassociative_favicon.ico.png\",\"contentUrl\":\"https:\/\/vieassociative.be\/actualites\/wp-content\/uploads\/2024\/09\/cropped-vieassociative_favicon.ico.png\",\"width\":512,\"height\":512,\"caption\":\"Vie Associative\"},\"image\":{\"@id\":\"https:\/\/vieassociative.be\/actualites\/#\/schema\/logo\/image\/\"}},{\"@type\":\"Person\",\"@id\":\"https:\/\/vieassociative.be\/actualites\/#\/schema\/person\/b87ac4f82f9d4e7b7cec7395b679edc4\",\"name\":\"Julien\",\"image\":{\"@type\":\"ImageObject\",\"inLanguage\":\"fr-BE\",\"@id\":\"https:\/\/vieassociative.be\/actualites\/#\/schema\/person\/image\/\",\"url\":\"https:\/\/vieassociative.be\/actualites\/wp-content\/uploads\/2024\/09\/vie-associative-1-150x150.jpg\",\"contentUrl\":\"https:\/\/vieassociative.be\/actualites\/wp-content\/uploads\/2024\/09\/vie-associative-1-150x150.jpg\",\"caption\":\"Julien\"},\"description\":\"Je suis Julien, r\u00e9dacteur pour Vie Associative. Passionn\u00e9 par le monde associatif depuis plus de 10 ans, j'ai \u00e0 c\u0153ur de partager des histoires inspirantes et de mettre en lumi\u00e8re les initiatives locales. Mon objectif est de sensibiliser et d'encourager l'engagement communautaire \u00e0 travers mes articles.\",\"sameAs\":[\"https:\/\/vieassociative.be\/\"]}]}<\/script>\n<!-- \/ Yoast SEO plugin. -->","yoast_head_json":{"title":"Ben Healy en tant que premier Irlandais depuis Stephen Roche il y a 38 ans dans le Jersey jaune - S. Yates gagne | Vie Associative","robots":{"index":"index","follow":"follow","max-snippet":"max-snippet:-1","max-image-preview":"max-image-preview:large","max-video-preview":"max-video-preview:-1"},"canonical":"https:\/\/vieassociative.be\/actualites\/ben-healy-en-tant-que-premier-irlandais-depuis-stephen-roche-il-y-a-38-ans-dans-le-jersey-jaune-s-yates-gagne\/","og_locale":"fr_FR","og_type":"article","og_title":"Ben Healy en tant que premier Irlandais depuis Stephen Roche il y a 38 ans dans le Jersey jaune - S. Yates gagne | Vie Associative","og_description":"Avec pr\u00e8s de 4 500 m\u00e8tres d&rsquo;altitude et huit cotes de montagne, les professionnels du v\u00e9lo sont mis au d\u00e9fi lors de la tourn\u00e9e. En","og_url":"https:\/\/vieassociative.be\/actualites\/ben-healy-en-tant-que-premier-irlandais-depuis-stephen-roche-il-y-a-38-ans-dans-le-jersey-jaune-s-yates-gagne\/","og_site_name":"Vie Associative","article_published_time":"2025-07-14T20:17:28+00:00","og_image":[{"width":279,"height":92,"url":"https:\/\/vieassociative.be\/actualites\/wp-content\/uploads\/2024\/09\/header_backgroundk-01-e1726694325946.png","type":"image\/png"}],"author":"Julien","twitter_card":"summary_large_image","twitter_misc":{"\u00c9crit par":"Julien","Dur\u00e9e de lecture est.":"2 minutes"},"schema":{"@context":"https:\/\/schema.org","@graph":[{"@type":"Article","@id":"https:\/\/vieassociative.be\/actualites\/ben-healy-en-tant-que-premier-irlandais-depuis-stephen-roche-il-y-a-38-ans-dans-le-jersey-jaune-s-yates-gagne\/#article","isPartOf":{"@id":"https:\/\/vieassociative.be\/actualites\/ben-healy-en-tant-que-premier-irlandais-depuis-stephen-roche-il-y-a-38-ans-dans-le-jersey-jaune-s-yates-gagne\/"},"author":{"name":"Julien","@id":"https:\/\/vieassociative.be\/actualites\/#\/schema\/person\/b87ac4f82f9d4e7b7cec7395b679edc4"},"headline":"Ben Healy en tant que premier Irlandais depuis Stephen Roche il y a 38 ans dans le Jersey jaune &#8211; S. Yates gagne","datePublished":"2025-07-14T20:17:28+00:00","dateModified":"2025-07-14T20:17:28+00:00","mainEntityOfPage":{"@id":"https:\/\/vieassociative.be\/actualites\/ben-healy-en-tant-que-premier-irlandais-depuis-stephen-roche-il-y-a-38-ans-dans-le-jersey-jaune-s-yates-gagne\/"},"wordCount":511,"publisher":{"@id":"https:\/\/vieassociative.be\/actualites\/#organization"},"image":{"@id":"https:\/\/vieassociative.be\/actualites\/ben-healy-en-tant-que-premier-irlandais-depuis-stephen-roche-il-y-a-38-ans-dans-le-jersey-jaune-s-yates-gagne\/#primaryimage"},"thumbnailUrl":"https:\/\/vieassociative.be\/actualites\/wp-content\/uploads\/2025\/07\/1752524249_Ben-Healy-en-tant-que-premier-Irlandais-depuis-Stephen-Roche.jpg","keywords":["ans","Ben","dans","depuis","gagn\u00e9","Healy","irlandais","jaune","Jersey","premier","Roche","Stephen","tant","Yates"],"articleSection":["Belgique"],"inLanguage":"fr-BE"},{"@type":"WebPage","@id":"https:\/\/vieassociative.be\/actualites\/ben-healy-en-tant-que-premier-irlandais-depuis-stephen-roche-il-y-a-38-ans-dans-le-jersey-jaune-s-yates-gagne\/","url":"https:\/\/vieassociative.be\/actualites\/ben-healy-en-tant-que-premier-irlandais-depuis-stephen-roche-il-y-a-38-ans-dans-le-jersey-jaune-s-yates-gagne\/","name":"Ben Healy en tant que premier Irlandais depuis Stephen Roche il y a 38 ans dans le Jersey jaune - S. Yates gagne | Vie Associative","isPartOf":{"@id":"https:\/\/vieassociative.be\/actualites\/#website"},"primaryImageOfPage":{"@id":"https:\/\/vieassociative.be\/actualites\/ben-healy-en-tant-que-premier-irlandais-depuis-stephen-roche-il-y-a-38-ans-dans-le-jersey-jaune-s-yates-gagne\/#primaryimage"},"image":{"@id":"https:\/\/vieassociative.be\/actualites\/ben-healy-en-tant-que-premier-irlandais-depuis-stephen-roche-il-y-a-38-ans-dans-le-jersey-jaune-s-yates-gagne\/#primaryimage"},"thumbnailUrl":"https:\/\/vieassociative.be\/actualites\/wp-content\/uploads\/2025\/07\/1752524249_Ben-Healy-en-tant-que-premier-Irlandais-depuis-Stephen-Roche.jpg","datePublished":"2025-07-14T20:17:28+00:00","dateModified":"2025-07-14T20:17:28+00:00","breadcrumb":{"@id":"https:\/\/vieassociative.be\/actualites\/ben-healy-en-tant-que-premier-irlandais-depuis-stephen-roche-il-y-a-38-ans-dans-le-jersey-jaune-s-yates-gagne\/#breadcrumb"},"inLanguage":"fr-BE","potentialAction":[{"@type":"ReadAction","target":["https:\/\/vieassociative.be\/actualites\/ben-healy-en-tant-que-premier-irlandais-depuis-stephen-roche-il-y-a-38-ans-dans-le-jersey-jaune-s-yates-gagne\/"]}]},{"@type":"ImageObject","inLanguage":"fr-BE","@id":"https:\/\/vieassociative.be\/actualites\/ben-healy-en-tant-que-premier-irlandais-depuis-stephen-roche-il-y-a-38-ans-dans-le-jersey-jaune-s-yates-gagne\/#primaryimage","url":"https:\/\/vieassociative.be\/actualites\/wp-content\/uploads\/2025\/07\/1752524249_Ben-Healy-en-tant-que-premier-Irlandais-depuis-Stephen-Roche.jpg","contentUrl":"https:\/\/vieassociative.be\/actualites\/wp-content\/uploads\/2025\/07\/1752524249_Ben-Healy-en-tant-que-premier-Irlandais-depuis-Stephen-Roche.jpg","width":1200,"height":800,"caption":"Ben Healy en tant que premier Irlandais depuis Stephen Roche il y a 38 ans dans le Jersey jaune - S. Yates gagne"},{"@type":"BreadcrumbList","@id":"https:\/\/vieassociative.be\/actualites\/ben-healy-en-tant-que-premier-irlandais-depuis-stephen-roche-il-y-a-38-ans-dans-le-jersey-jaune-s-yates-gagne\/#breadcrumb","itemListElement":[{"@type":"ListItem","position":1,"name":"Accueil","item":"https:\/\/vieassociative.be\/actualites\/"},{"@type":"ListItem","position":2,"name":"Ben Healy en tant que premier Irlandais depuis Stephen Roche il y a 38 ans dans le Jersey jaune &#8211; S. Yates gagne"}]},{"@type":"WebSite","@id":"https:\/\/vieassociative.be\/actualites\/#website","url":"https:\/\/vieassociative.be\/actualites\/","name":"Vie Associative","description":"","publisher":{"@id":"https:\/\/vieassociative.be\/actualites\/#organization"},"potentialAction":[{"@type":"SearchAction","target":{"@type":"EntryPoint","urlTemplate":"https:\/\/vieassociative.be\/actualites\/?s={search_term_string}"},"query-input":{"@type":"PropertyValueSpecification","valueRequired":true,"valueName":"search_term_string"}}],"inLanguage":"fr-BE"},{"@type":"Organization","@id":"https:\/\/vieassociative.be\/actualites\/#organization","name":"Vie Associative","url":"https:\/\/vieassociative.be\/actualites\/","logo":{"@type":"ImageObject","inLanguage":"fr-BE","@id":"https:\/\/vieassociative.be\/actualites\/#\/schema\/logo\/image\/","url":"https:\/\/vieassociative.be\/actualites\/wp-content\/uploads\/2024\/09\/cropped-vieassociative_favicon.ico.png","contentUrl":"https:\/\/vieassociative.be\/actualites\/wp-content\/uploads\/2024\/09\/cropped-vieassociative_favicon.ico.png","width":512,"height":512,"caption":"Vie Associative"},"image":{"@id":"https:\/\/vieassociative.be\/actualites\/#\/schema\/logo\/image\/"}},{"@type":"Person","@id":"https:\/\/vieassociative.be\/actualites\/#\/schema\/person\/b87ac4f82f9d4e7b7cec7395b679edc4","name":"Julien","image":{"@type":"ImageObject","inLanguage":"fr-BE","@id":"https:\/\/vieassociative.be\/actualites\/#\/schema\/person\/image\/","url":"https:\/\/vieassociative.be\/actualites\/wp-content\/uploads\/2024\/09\/vie-associative-1-150x150.jpg","contentUrl":"https:\/\/vieassociative.be\/actualites\/wp-content\/uploads\/2024\/09\/vie-associative-1-150x150.jpg","caption":"Julien"},"description":"Je suis Julien, r\u00e9dacteur pour Vie Associative. Passionn\u00e9 par le monde associatif depuis plus de 10 ans, j'ai \u00e0 c\u0153ur de partager des histoires inspirantes et de mettre en lumi\u00e8re les initiatives locales. Mon objectif est de sensibiliser et d'encourager l'engagement communautaire \u00e0 travers mes articles.","sameAs":["https:\/\/vieassociative.be\/"]}]}},"_links":{"self":[{"href":"https:\/\/vieassociative.be\/actualites\/wp-json\/wp\/v2\/posts\/8747"}],"collection":[{"href":"https:\/\/vieassociative.be\/actualites\/wp-json\/wp\/v2\/posts"}],"about":[{"href":"https:\/\/vieassociative.be\/actualites\/wp-json\/wp\/v2\/types\/post"}],"author":[{"embeddable":true,"href":"https:\/\/vieassociative.be\/actualites\/wp-json\/wp\/v2\/users\/1"}],"replies":[{"embeddable":true,"href":"https:\/\/vieassociative.be\/actualites\/wp-json\/wp\/v2\/comments?post=8747"}],"version-history":[{"count":0,"href":"https:\/\/vieassociative.be\/actualites\/wp-json\/wp\/v2\/posts\/8747\/revisions"}],"wp:featuredmedia":[{"embeddable":true,"href":"https:\/\/vieassociative.be\/actualites\/wp-json\/wp\/v2\/media\/8748"}],"wp:attachment":[{"href":"https:\/\/vieassociative.be\/actualites\/wp-json\/wp\/v2\/media?parent=8747"}],"wp:term":[{"taxonomy":"category","embeddable":true,"href":"https:\/\/vieassociative.be\/actualites\/wp-json\/wp\/v2\/categories?post=8747"},{"taxonomy":"post_tag","embeddable":true,"href":"https:\/\/vieassociative.be\/actualites\/wp-json\/wp\/v2\/tags?post=8747"}],"curies":[{"name":"wp","href":"https:\/\/api.w.org\/{rel}","templated":true}]}}