{"id":8745,"date":"2025-07-14T21:21:23","date_gmt":"2025-07-14T19:21:23","guid":{"rendered":"https:\/\/vieassociative.be\/actualites\/les-airpods-4-sont-toujours-a-leur-prix-de-premiere-journee\/"},"modified":"2025-07-14T21:21:23","modified_gmt":"2025-07-14T19:21:23","slug":"les-airpods-4-sont-toujours-a-leur-prix-de-premiere-journee","status":"publish","type":"post","link":"https:\/\/vieassociative.be\/actualites\/les-airpods-4-sont-toujours-a-leur-prix-de-premiere-journee\/","title":{"rendered":"Les AirPods 4 sont toujours \u00e0 leur prix de premi\u00e8re journ\u00e9e"},"content":{"rendered":"<div class=\"mt-4 leading-6 md:mb-8\">Les \u00e9couteurs d&rsquo;entr\u00e9e de gamme d&rsquo;Apple sont de 90 $, leur prix le plus bas \u00e0 ce jour.<\/div>\n<p><\/p>\n<p>La premi\u00e8re journ\u00e9e peut \u00eatre termin\u00e9e, mais il y a encore des offres persistantes de la vente massive. Si vous craignez que vous ayez manqu\u00e9 de bonnes offres de pomme, comptez-vous chanceux: vous pouvez toujours obtenir les AirPods 4 pour <strong>89,99 $<\/strong> (\u00e0 l&rsquo;origine 129,99 $), le prix le plus bas qu&rsquo;ils aient jamais \u00e9t\u00e9 en fonction des outils de suivi des prix et correspondant \u00e0 la remise de premier ordre. Ce sont pour la version non-an. Ceux avec ANC sont <strong>149,99 $<\/strong> (\u00e0 l&rsquo;origine 179,99 $).<\/p>\n<div class=\"pogoClear mb-12 mt-10 rounded-md border-2 border-gray-100 py-7 shadow-xl md:py-6\">\n<div class=\"flex flex-wrap justify-between px-7 text-black no-underline md:flex-nowrap md:px-8\">\n<div class=\"order-1 mx-auto flex flex-col justify-center md:order-2 md:ml-4 md:w-full md:grow\">\n<div class=\"block cursor-pointer text-center font-akshar text-2xl font-medium leading-7 text-brand-green duration-200 ease-in-out hover:text-brand-green-700 md:text-left md:text-xl md:leading-6\">Apple &#8211; AirPods 4\n                <\/div>\n<div class=\"mt-4 hidden md:flex md:justify-between\">\n<div class=\"self-end\">\n<div class=\"mb-0 h-11 md:flex md:flex-col md:justify-center\">\n<div class=\" font-sans leading-4 text-black\">\n<div class=\"flex flex-wrap items-center justify-center gap-x-1 md:justify-start\">\n        <span class=\"font-bold\"><\/p>\n<p>            89,99 $<br \/>\n                            <span class=\"font-medium\">\u00e0 Best Buy<\/span><br \/>\n                    <\/span>\n            <\/div>\n<div class=\"flex items-center justify-center gap-x-1 font-bold md:justify-start\">\n            <span class=\"text-sm line-through\">129,99 $<\/span><br \/>\n            <span class=\"text-sm text-brand-green\">\u00c9conomisez 40 $<\/span>\n        <\/div>\n<\/p><\/div>\n<\/p><\/div>\n<\/p><\/div>\n<div class=\"w-44 self-end\">\n                            <button class=\"flex justify-center items-center w-full bg-brand-green text-white text-base font-sans font-medium rounded-md hover:bg-brand-green-700 hover:cursor-pointer md:text-sm h-11\"><\/p>\n<p>    Conclure un accord<br \/>\n<\/button>\n                        <\/div>\n<\/p><\/div>\n<\/p><\/div>\n<div class=\"order-2 mt-5 h-auto w-full md:order-1 md:mt-0 md:hidden\">\n<div class=\"flex aspect-video items-center justify-center\">\n                                            <img decoding=\"async\" class=\"m-0 max-h-full max-w-full rounded-md\" src=\"https:\/\/vieassociative.be\/actualites\/wp-content\/uploads\/2025\/07\/Les-AirPods-4-sont-toujours-a-leur-prix-de-premiere.jpg\" alt=\"Apple - AirPods 4\" width=\"auto\" height=\"auto\" loading=\"lazy\">\n                                    <\/div>\n<\/p><\/div>\n<div class=\"order-2 ml-2 hidden w-32 shrink-0 items-center md:order-1 md:ml-0 md:flex\">\n<div class=\"flex aspect-video items-center justify-center\">\n                                            <img decoding=\"async\" class=\"m-0 max-h-full max-w-full rounded-md\" src=\"https:\/\/vieassociative.be\/actualites\/wp-content\/uploads\/2025\/07\/Les-AirPods-4-sont-toujours-a-leur-prix-de-premiere.jpg\" alt=\"Apple - AirPods 4\" width=\"auto\" height=\"auto\" loading=\"lazy\">\n                                    <\/div>\n<\/p><\/div>\n<div class=\"order-3 flex grow flex-wrap md:hidden md:grow-0\">\n<div class=\"mt-4 w-full\">\n                        <button class=\"flex justify-center items-center w-full bg-brand-green text-white text-base font-sans font-medium rounded-md hover:bg-brand-green-700 hover:cursor-pointer md:text-sm h-11\"><\/p>\n<p>    Conclure un accord<br \/>\n<\/button>\n                    <\/div>\n<div class=\"mx-2 mt-4 w-full\">\n<div class=\" font-sans leading-4 text-black\">\n<div class=\"flex flex-wrap items-center justify-center gap-x-1 md:justify-start\">\n        <span class=\"font-bold\"><\/p>\n<p>            89,99 $<br \/>\n                            <span class=\"font-medium\">\u00e0 Best Buy<\/span><br \/>\n                    <\/span>\n            <\/div>\n<div class=\"flex items-center justify-center gap-x-1 font-bold md:justify-start\">\n            <span class=\"text-sm line-through\">129,99 $<\/span><br \/>\n            <span class=\"text-sm text-brand-green\">\u00c9conomisez 40 $<\/span>\n        <\/div>\n<\/p><\/div>\n<\/p><\/div>\n<\/p><\/div>\n<\/p><\/div>\n<\/div>\n<p>Les AirPods 4 ont mis \u00e0 jour la charge USB-C. Les deux mod\u00e8les sont aliment\u00e9s par la puce H2 d&rsquo;Apple, vous obtiendrez donc un audio spatial personnalis\u00e9 (afin que vous puissiez entendre des sons venant de diff\u00e9rentes directions lorsque vous d\u00e9placez votre t\u00eate) et la possibilit\u00e9 d&rsquo;utiliser les gestes de la t\u00eate pour dire aux appels Siri \u00ab\u00a0oui\u00a0\u00bb ou \u00ab\u00a0non\u00a0\u00bb et Ansdwer. Il est \u00e9galement probable qu&rsquo;Apple ajoutera une fonctionnalit\u00e9 de traduction en direct aux deux mod\u00e8les lorsque iOS 26 (auparavant iOS 19) d\u00e9ploiera plus tard l&rsquo;ann\u00e9e prochaine.<\/p>\n<p>Si vous jaillissez pour l&rsquo;ANC AirPods 4, vous obtiendrez un bo\u00eetier de charge avec un haut-parleur int\u00e9gr\u00e9, que vous pouvez utiliser avec Find My pour le localiser si vous les perdez. Vous obtiendrez \u00e9galement des fonctionnalit\u00e9s telles que la conscience de la conversation, ce qui r\u00e9duit votre volume de musique lorsque vos AirPods d\u00e9tectent que vous parlez \u00e0 quelqu&rsquo;un; Mode de transparence, qui vous permet de mieux entendre votre environnement pendant que vos \u00e9couteurs sont; et audio adaptatif (combine l&rsquo;ANC et le mode de transparence pour ajuster les niveaux d&rsquo;ANC en fonction du bruit autour de vous). Gardez \u00e0 l&rsquo;esprit que comme ce sont des \u00e9couteurs de style ouvert, manquant d&rsquo;une pointe de silicone pour mieux bloquer le bruit, l&rsquo;ANC ne sera pas aussi bonne que ce que vous pouvez obtenir d&rsquo;AirPods Pro ou Beats Fit Pro.<\/p>\n<div class=\"pogoClear relative my-10 border-b-(1.5px) border-t-(1.5px) border-dashed border-black py-5 sm:my-14 sm:border-0 sm:py-0\" data-ga-click data-ga-template=\"Deals\" data-ga-module=\"openweb_widget\" data-ga-element=\"openweb_scroll\" data-ga-item=\"openweb_scroll_midpage\" x-data=\"{\n         commentsCount: null,\n         hasComments: false,\n         async fetchCommentsCount() {\n             try {\n                 if (window.openweb &amp;&amp; typeof window.openweb.getMessagesCount === 'function') {\n                     this.commentsCount = await window.openweb.getMessagesCount('01K051P65AQ2QWT9ZJX3KQ6QFB');\n                     this.hasComments = this.commentsCount !== null &amp;&amp; this.commentsCount &gt; 0;\n                 }\n             } catch (e) {\n                 console.warn('Failed to fetch comment count:', e);\n             }\n         }\n     }\" x-init=\"fetchCommentsCount()\" x-cloak><\/p>\n<div class=\"absolute top-1\/2 hidden w-full -translate-y-1\/2 border-t-(1.5px) border-dashed border-black sm:block\"><\/div>\n<div class=\"relative flex justify-center\">\n<div class=\"flex max-w-fit items-center gap-x-3 bg-white px-5\">\n<div class=\"relative\">\n                <span class=\"absolute left-1\/2 top-1\/2 -translate-x-1\/2 -translate-y-1\/2 font-akshar text-sm font-medium text-black\" aria-live=\"polite\" x-show=\"hasComments\" x-text=\"commentsCount\"><\/span><\/p>\n<p>                <svg class=\"h-8 w-8 text-black\" role=\"img\" aria-hidden=\"true\">\n                    <use href=\"http:\/\/lifehacker.com\/images\/icons\/spritemap.svg#sprite-chat-bubble\"><\/use>\n                <\/svg>\n            <\/div>\n<p>            <span class=\"text-sm font-medium text-black\"><\/p>\n<p>                Que pensez-vous jusqu&rsquo;\u00e0 pr\u00e9sent?<br \/>\n                <button class=\"ml-1 font-semibold text-brand-green underline hover:text-brand-green-700\" type=\"button\" aria-label=\"Comment section trigger\" onclick=\"window.openweb.scrollToComments('01K051P65AQ2QWT9ZJX3KQ6QFB')\" x-text=\"hasComments ? 'Post a comment.' : 'Be the first to post a comment.'\"><\/button><br \/>\n            <\/span>\n        <\/div>\n<\/p><\/div>\n<\/div>\n<p>Les deux versions sont not\u00e9es IP54 pour la r\u00e9sistance \u00e0 la poussi\u00e8re et \u00e0 l&rsquo;eau, offrent jusqu&rsquo;\u00e0 cinq heures d&rsquo;\u00e9coute par charge (jusqu&rsquo;\u00e0 30 heures avec le bo\u00eetier de charge) et peuvent g\u00e9rer la commutation automatique avec vos autres appareils Apple. Vous pouvez en savoir plus sur les AirPods non anciens de la critique \u00ab\u00a0Excellente\u00a0\u00bb de PCMAG, et plus sur les ANC AirPods dans la revue \u00ab\u00a0exceptionnelle\u00a0\u00bb de PCMAG.<\/p>\n","protected":false},"excerpt":{"rendered":"<p>Les \u00e9couteurs d&rsquo;entr\u00e9e de gamme d&rsquo;Apple sont de 90 $, leur prix le plus bas \u00e0 ce jour. La premi\u00e8re journ\u00e9e peut \u00eatre termin\u00e9e, mais<\/p>\n","protected":false},"author":1,"featured_media":8746,"comment_status":"","ping_status":"","sticky":false,"template":"","format":"standard","meta":{"footnotes":""},"categories":[13],"tags":[15,2877,14,958,610,1399,18,572],"class_list":["post-8745","post","type-post","status-publish","format-standard","has-post-thumbnail","hentry","category-technologie","tag-airpods","tag-journee","tag-les","tag-leur","tag-premiere","tag-prix","tag-sont","tag-toujours","generate-columns","tablet-grid-50","mobile-grid-100","grid-parent","grid-33"],"yoast_head":"<!-- This site is optimized with the Yoast SEO plugin v24.0 - https:\/\/yoast.com\/wordpress\/plugins\/seo\/ -->\n<title>Les AirPods 4 sont toujours \u00e0 leur prix de premi\u00e8re journ\u00e9e | Vie Associative<\/title>\n<meta name=\"robots\" content=\"index, follow, max-snippet:-1, max-image-preview:large, max-video-preview:-1\" \/>\n<link rel=\"canonical\" href=\"https:\/\/vieassociative.be\/actualites\/les-airpods-4-sont-toujours-a-leur-prix-de-premiere-journee\/\" \/>\n<meta property=\"og:locale\" content=\"fr_FR\" \/>\n<meta property=\"og:type\" content=\"article\" \/>\n<meta property=\"og:title\" content=\"Les AirPods 4 sont toujours \u00e0 leur prix de premi\u00e8re journ\u00e9e | Vie Associative\" \/>\n<meta property=\"og:description\" content=\"Les \u00e9couteurs d&rsquo;entr\u00e9e de gamme d&rsquo;Apple sont de 90 $, leur prix le plus bas \u00e0 ce jour. La premi\u00e8re journ\u00e9e peut \u00eatre termin\u00e9e, mais\" \/>\n<meta property=\"og:url\" content=\"https:\/\/vieassociative.be\/actualites\/les-airpods-4-sont-toujours-a-leur-prix-de-premiere-journee\/\" \/>\n<meta property=\"og:site_name\" content=\"Vie Associative\" \/>\n<meta property=\"article:published_time\" content=\"2025-07-14T19:21:23+00:00\" \/>\n<meta property=\"og:image\" content=\"https:\/\/vieassociative.be\/actualites\/wp-content\/uploads\/2025\/07\/Les-AirPods-4-sont-toujours-a-leur-prix-de-premiere.jpg\" \/>\n<meta name=\"author\" content=\"Julien\" \/>\n<meta name=\"twitter:card\" content=\"summary_large_image\" \/>\n<meta name=\"twitter:label1\" content=\"\u00c9crit par\" \/>\n\t<meta name=\"twitter:data1\" content=\"Julien\" \/>\n\t<meta name=\"twitter:label2\" content=\"Dur\u00e9e de lecture est.\" \/>\n\t<meta name=\"twitter:data2\" content=\"2 minutes\" \/>\n<script type=\"application\/ld+json\" class=\"yoast-schema-graph\">{\"@context\":\"https:\/\/schema.org\",\"@graph\":[{\"@type\":\"Article\",\"@id\":\"https:\/\/vieassociative.be\/actualites\/les-airpods-4-sont-toujours-a-leur-prix-de-premiere-journee\/#article\",\"isPartOf\":{\"@id\":\"https:\/\/vieassociative.be\/actualites\/les-airpods-4-sont-toujours-a-leur-prix-de-premiere-journee\/\"},\"author\":{\"name\":\"Julien\",\"@id\":\"https:\/\/vieassociative.be\/actualites\/#\/schema\/person\/b87ac4f82f9d4e7b7cec7395b679edc4\"},\"headline\":\"Les AirPods 4 sont toujours \u00e0 leur prix de premi\u00e8re journ\u00e9e\",\"datePublished\":\"2025-07-14T19:21:23+00:00\",\"dateModified\":\"2025-07-14T19:21:23+00:00\",\"mainEntityOfPage\":{\"@id\":\"https:\/\/vieassociative.be\/actualites\/les-airpods-4-sont-toujours-a-leur-prix-de-premiere-journee\/\"},\"wordCount\":447,\"publisher\":{\"@id\":\"https:\/\/vieassociative.be\/actualites\/#organization\"},\"image\":{\"@id\":\"https:\/\/vieassociative.be\/actualites\/les-airpods-4-sont-toujours-a-leur-prix-de-premiere-journee\/#primaryimage\"},\"thumbnailUrl\":\"https:\/\/vieassociative.be\/actualites\/wp-content\/uploads\/2025\/07\/Les-AirPods-4-sont-toujours-a-leur-prix-de-premiere.png\",\"keywords\":[\"AirPods\",\"journ\u00e9e\",\"Les\",\"leur\",\"premi\u00e8re\",\"prix\",\"sont\",\"toujours\"],\"articleSection\":[\"Technologie\"],\"inLanguage\":\"fr-BE\"},{\"@type\":\"WebPage\",\"@id\":\"https:\/\/vieassociative.be\/actualites\/les-airpods-4-sont-toujours-a-leur-prix-de-premiere-journee\/\",\"url\":\"https:\/\/vieassociative.be\/actualites\/les-airpods-4-sont-toujours-a-leur-prix-de-premiere-journee\/\",\"name\":\"Les AirPods 4 sont toujours \u00e0 leur prix de premi\u00e8re journ\u00e9e | Vie Associative\",\"isPartOf\":{\"@id\":\"https:\/\/vieassociative.be\/actualites\/#website\"},\"primaryImageOfPage\":{\"@id\":\"https:\/\/vieassociative.be\/actualites\/les-airpods-4-sont-toujours-a-leur-prix-de-premiere-journee\/#primaryimage\"},\"image\":{\"@id\":\"https:\/\/vieassociative.be\/actualites\/les-airpods-4-sont-toujours-a-leur-prix-de-premiere-journee\/#primaryimage\"},\"thumbnailUrl\":\"https:\/\/vieassociative.be\/actualites\/wp-content\/uploads\/2025\/07\/Les-AirPods-4-sont-toujours-a-leur-prix-de-premiere.png\",\"datePublished\":\"2025-07-14T19:21:23+00:00\",\"dateModified\":\"2025-07-14T19:21:23+00:00\",\"breadcrumb\":{\"@id\":\"https:\/\/vieassociative.be\/actualites\/les-airpods-4-sont-toujours-a-leur-prix-de-premiere-journee\/#breadcrumb\"},\"inLanguage\":\"fr-BE\",\"potentialAction\":[{\"@type\":\"ReadAction\",\"target\":[\"https:\/\/vieassociative.be\/actualites\/les-airpods-4-sont-toujours-a-leur-prix-de-premiere-journee\/\"]}]},{\"@type\":\"ImageObject\",\"inLanguage\":\"fr-BE\",\"@id\":\"https:\/\/vieassociative.be\/actualites\/les-airpods-4-sont-toujours-a-leur-prix-de-premiere-journee\/#primaryimage\",\"url\":\"https:\/\/vieassociative.be\/actualites\/wp-content\/uploads\/2025\/07\/Les-AirPods-4-sont-toujours-a-leur-prix-de-premiere.png\",\"contentUrl\":\"https:\/\/vieassociative.be\/actualites\/wp-content\/uploads\/2025\/07\/Les-AirPods-4-sont-toujours-a-leur-prix-de-premiere.png\",\"width\":1200,\"height\":675,\"caption\":\"Les AirPods 4 sont toujours \u00e0 leur prix de premi\u00e8re journ\u00e9e\"},{\"@type\":\"BreadcrumbList\",\"@id\":\"https:\/\/vieassociative.be\/actualites\/les-airpods-4-sont-toujours-a-leur-prix-de-premiere-journee\/#breadcrumb\",\"itemListElement\":[{\"@type\":\"ListItem\",\"position\":1,\"name\":\"Accueil\",\"item\":\"https:\/\/vieassociative.be\/actualites\/\"},{\"@type\":\"ListItem\",\"position\":2,\"name\":\"Les AirPods 4 sont toujours \u00e0 leur prix de premi\u00e8re journ\u00e9e\"}]},{\"@type\":\"WebSite\",\"@id\":\"https:\/\/vieassociative.be\/actualites\/#website\",\"url\":\"https:\/\/vieassociative.be\/actualites\/\",\"name\":\"Vie Associative\",\"description\":\"\",\"publisher\":{\"@id\":\"https:\/\/vieassociative.be\/actualites\/#organization\"},\"potentialAction\":[{\"@type\":\"SearchAction\",\"target\":{\"@type\":\"EntryPoint\",\"urlTemplate\":\"https:\/\/vieassociative.be\/actualites\/?s={search_term_string}\"},\"query-input\":{\"@type\":\"PropertyValueSpecification\",\"valueRequired\":true,\"valueName\":\"search_term_string\"}}],\"inLanguage\":\"fr-BE\"},{\"@type\":\"Organization\",\"@id\":\"https:\/\/vieassociative.be\/actualites\/#organization\",\"name\":\"Vie Associative\",\"url\":\"https:\/\/vieassociative.be\/actualites\/\",\"logo\":{\"@type\":\"ImageObject\",\"inLanguage\":\"fr-BE\",\"@id\":\"https:\/\/vieassociative.be\/actualites\/#\/schema\/logo\/image\/\",\"url\":\"https:\/\/vieassociative.be\/actualites\/wp-content\/uploads\/2024\/09\/cropped-vieassociative_favicon.ico.png\",\"contentUrl\":\"https:\/\/vieassociative.be\/actualites\/wp-content\/uploads\/2024\/09\/cropped-vieassociative_favicon.ico.png\",\"width\":512,\"height\":512,\"caption\":\"Vie Associative\"},\"image\":{\"@id\":\"https:\/\/vieassociative.be\/actualites\/#\/schema\/logo\/image\/\"}},{\"@type\":\"Person\",\"@id\":\"https:\/\/vieassociative.be\/actualites\/#\/schema\/person\/b87ac4f82f9d4e7b7cec7395b679edc4\",\"name\":\"Julien\",\"image\":{\"@type\":\"ImageObject\",\"inLanguage\":\"fr-BE\",\"@id\":\"https:\/\/vieassociative.be\/actualites\/#\/schema\/person\/image\/\",\"url\":\"https:\/\/vieassociative.be\/actualites\/wp-content\/uploads\/2024\/09\/vie-associative-1-150x150.jpg\",\"contentUrl\":\"https:\/\/vieassociative.be\/actualites\/wp-content\/uploads\/2024\/09\/vie-associative-1-150x150.jpg\",\"caption\":\"Julien\"},\"description\":\"Je suis Julien, r\u00e9dacteur pour Vie Associative. Passionn\u00e9 par le monde associatif depuis plus de 10 ans, j'ai \u00e0 c\u0153ur de partager des histoires inspirantes et de mettre en lumi\u00e8re les initiatives locales. Mon objectif est de sensibiliser et d'encourager l'engagement communautaire \u00e0 travers mes articles.\",\"sameAs\":[\"https:\/\/vieassociative.be\/\"]}]}<\/script>\n<!-- \/ Yoast SEO plugin. -->","yoast_head_json":{"title":"Les AirPods 4 sont toujours \u00e0 leur prix de premi\u00e8re journ\u00e9e | Vie Associative","robots":{"index":"index","follow":"follow","max-snippet":"max-snippet:-1","max-image-preview":"max-image-preview:large","max-video-preview":"max-video-preview:-1"},"canonical":"https:\/\/vieassociative.be\/actualites\/les-airpods-4-sont-toujours-a-leur-prix-de-premiere-journee\/","og_locale":"fr_FR","og_type":"article","og_title":"Les AirPods 4 sont toujours \u00e0 leur prix de premi\u00e8re journ\u00e9e | Vie Associative","og_description":"Les \u00e9couteurs d&rsquo;entr\u00e9e de gamme d&rsquo;Apple sont de 90 $, leur prix le plus bas \u00e0 ce jour. La premi\u00e8re journ\u00e9e peut \u00eatre termin\u00e9e, mais","og_url":"https:\/\/vieassociative.be\/actualites\/les-airpods-4-sont-toujours-a-leur-prix-de-premiere-journee\/","og_site_name":"Vie Associative","article_published_time":"2025-07-14T19:21:23+00:00","og_image":[{"url":"https:\/\/vieassociative.be\/actualites\/wp-content\/uploads\/2025\/07\/Les-AirPods-4-sont-toujours-a-leur-prix-de-premiere.jpg","type":"","width":"","height":""}],"author":"Julien","twitter_card":"summary_large_image","twitter_misc":{"\u00c9crit par":"Julien","Dur\u00e9e de lecture est.":"2 minutes"},"schema":{"@context":"https:\/\/schema.org","@graph":[{"@type":"Article","@id":"https:\/\/vieassociative.be\/actualites\/les-airpods-4-sont-toujours-a-leur-prix-de-premiere-journee\/#article","isPartOf":{"@id":"https:\/\/vieassociative.be\/actualites\/les-airpods-4-sont-toujours-a-leur-prix-de-premiere-journee\/"},"author":{"name":"Julien","@id":"https:\/\/vieassociative.be\/actualites\/#\/schema\/person\/b87ac4f82f9d4e7b7cec7395b679edc4"},"headline":"Les AirPods 4 sont toujours \u00e0 leur prix de premi\u00e8re journ\u00e9e","datePublished":"2025-07-14T19:21:23+00:00","dateModified":"2025-07-14T19:21:23+00:00","mainEntityOfPage":{"@id":"https:\/\/vieassociative.be\/actualites\/les-airpods-4-sont-toujours-a-leur-prix-de-premiere-journee\/"},"wordCount":447,"publisher":{"@id":"https:\/\/vieassociative.be\/actualites\/#organization"},"image":{"@id":"https:\/\/vieassociative.be\/actualites\/les-airpods-4-sont-toujours-a-leur-prix-de-premiere-journee\/#primaryimage"},"thumbnailUrl":"https:\/\/vieassociative.be\/actualites\/wp-content\/uploads\/2025\/07\/Les-AirPods-4-sont-toujours-a-leur-prix-de-premiere.png","keywords":["AirPods","journ\u00e9e","Les","leur","premi\u00e8re","prix","sont","toujours"],"articleSection":["Technologie"],"inLanguage":"fr-BE"},{"@type":"WebPage","@id":"https:\/\/vieassociative.be\/actualites\/les-airpods-4-sont-toujours-a-leur-prix-de-premiere-journee\/","url":"https:\/\/vieassociative.be\/actualites\/les-airpods-4-sont-toujours-a-leur-prix-de-premiere-journee\/","name":"Les AirPods 4 sont toujours \u00e0 leur prix de premi\u00e8re journ\u00e9e | Vie Associative","isPartOf":{"@id":"https:\/\/vieassociative.be\/actualites\/#website"},"primaryImageOfPage":{"@id":"https:\/\/vieassociative.be\/actualites\/les-airpods-4-sont-toujours-a-leur-prix-de-premiere-journee\/#primaryimage"},"image":{"@id":"https:\/\/vieassociative.be\/actualites\/les-airpods-4-sont-toujours-a-leur-prix-de-premiere-journee\/#primaryimage"},"thumbnailUrl":"https:\/\/vieassociative.be\/actualites\/wp-content\/uploads\/2025\/07\/Les-AirPods-4-sont-toujours-a-leur-prix-de-premiere.png","datePublished":"2025-07-14T19:21:23+00:00","dateModified":"2025-07-14T19:21:23+00:00","breadcrumb":{"@id":"https:\/\/vieassociative.be\/actualites\/les-airpods-4-sont-toujours-a-leur-prix-de-premiere-journee\/#breadcrumb"},"inLanguage":"fr-BE","potentialAction":[{"@type":"ReadAction","target":["https:\/\/vieassociative.be\/actualites\/les-airpods-4-sont-toujours-a-leur-prix-de-premiere-journee\/"]}]},{"@type":"ImageObject","inLanguage":"fr-BE","@id":"https:\/\/vieassociative.be\/actualites\/les-airpods-4-sont-toujours-a-leur-prix-de-premiere-journee\/#primaryimage","url":"https:\/\/vieassociative.be\/actualites\/wp-content\/uploads\/2025\/07\/Les-AirPods-4-sont-toujours-a-leur-prix-de-premiere.png","contentUrl":"https:\/\/vieassociative.be\/actualites\/wp-content\/uploads\/2025\/07\/Les-AirPods-4-sont-toujours-a-leur-prix-de-premiere.png","width":1200,"height":675,"caption":"Les AirPods 4 sont toujours \u00e0 leur prix de premi\u00e8re journ\u00e9e"},{"@type":"BreadcrumbList","@id":"https:\/\/vieassociative.be\/actualites\/les-airpods-4-sont-toujours-a-leur-prix-de-premiere-journee\/#breadcrumb","itemListElement":[{"@type":"ListItem","position":1,"name":"Accueil","item":"https:\/\/vieassociative.be\/actualites\/"},{"@type":"ListItem","position":2,"name":"Les AirPods 4 sont toujours \u00e0 leur prix de premi\u00e8re journ\u00e9e"}]},{"@type":"WebSite","@id":"https:\/\/vieassociative.be\/actualites\/#website","url":"https:\/\/vieassociative.be\/actualites\/","name":"Vie Associative","description":"","publisher":{"@id":"https:\/\/vieassociative.be\/actualites\/#organization"},"potentialAction":[{"@type":"SearchAction","target":{"@type":"EntryPoint","urlTemplate":"https:\/\/vieassociative.be\/actualites\/?s={search_term_string}"},"query-input":{"@type":"PropertyValueSpecification","valueRequired":true,"valueName":"search_term_string"}}],"inLanguage":"fr-BE"},{"@type":"Organization","@id":"https:\/\/vieassociative.be\/actualites\/#organization","name":"Vie Associative","url":"https:\/\/vieassociative.be\/actualites\/","logo":{"@type":"ImageObject","inLanguage":"fr-BE","@id":"https:\/\/vieassociative.be\/actualites\/#\/schema\/logo\/image\/","url":"https:\/\/vieassociative.be\/actualites\/wp-content\/uploads\/2024\/09\/cropped-vieassociative_favicon.ico.png","contentUrl":"https:\/\/vieassociative.be\/actualites\/wp-content\/uploads\/2024\/09\/cropped-vieassociative_favicon.ico.png","width":512,"height":512,"caption":"Vie Associative"},"image":{"@id":"https:\/\/vieassociative.be\/actualites\/#\/schema\/logo\/image\/"}},{"@type":"Person","@id":"https:\/\/vieassociative.be\/actualites\/#\/schema\/person\/b87ac4f82f9d4e7b7cec7395b679edc4","name":"Julien","image":{"@type":"ImageObject","inLanguage":"fr-BE","@id":"https:\/\/vieassociative.be\/actualites\/#\/schema\/person\/image\/","url":"https:\/\/vieassociative.be\/actualites\/wp-content\/uploads\/2024\/09\/vie-associative-1-150x150.jpg","contentUrl":"https:\/\/vieassociative.be\/actualites\/wp-content\/uploads\/2024\/09\/vie-associative-1-150x150.jpg","caption":"Julien"},"description":"Je suis Julien, r\u00e9dacteur pour Vie Associative. Passionn\u00e9 par le monde associatif depuis plus de 10 ans, j'ai \u00e0 c\u0153ur de partager des histoires inspirantes et de mettre en lumi\u00e8re les initiatives locales. Mon objectif est de sensibiliser et d'encourager l'engagement communautaire \u00e0 travers mes articles.","sameAs":["https:\/\/vieassociative.be\/"]}]}},"_links":{"self":[{"href":"https:\/\/vieassociative.be\/actualites\/wp-json\/wp\/v2\/posts\/8745"}],"collection":[{"href":"https:\/\/vieassociative.be\/actualites\/wp-json\/wp\/v2\/posts"}],"about":[{"href":"https:\/\/vieassociative.be\/actualites\/wp-json\/wp\/v2\/types\/post"}],"author":[{"embeddable":true,"href":"https:\/\/vieassociative.be\/actualites\/wp-json\/wp\/v2\/users\/1"}],"replies":[{"embeddable":true,"href":"https:\/\/vieassociative.be\/actualites\/wp-json\/wp\/v2\/comments?post=8745"}],"version-history":[{"count":0,"href":"https:\/\/vieassociative.be\/actualites\/wp-json\/wp\/v2\/posts\/8745\/revisions"}],"wp:featuredmedia":[{"embeddable":true,"href":"https:\/\/vieassociative.be\/actualites\/wp-json\/wp\/v2\/media\/8746"}],"wp:attachment":[{"href":"https:\/\/vieassociative.be\/actualites\/wp-json\/wp\/v2\/media?parent=8745"}],"wp:term":[{"taxonomy":"category","embeddable":true,"href":"https:\/\/vieassociative.be\/actualites\/wp-json\/wp\/v2\/categories?post=8745"},{"taxonomy":"post_tag","embeddable":true,"href":"https:\/\/vieassociative.be\/actualites\/wp-json\/wp\/v2\/tags?post=8745"}],"curies":[{"name":"wp","href":"https:\/\/api.w.org\/{rel}","templated":true}]}}