{"id":8736,"date":"2025-07-14T10:17:30","date_gmt":"2025-07-14T08:17:30","guid":{"rendered":"https:\/\/vieassociative.be\/actualites\/quatrieme-victoire-belge-sur-la-tournee-merlier-gagne-devant-milan-van-der-poel-a-manque-la-sensation\/"},"modified":"2025-07-14T10:17:30","modified_gmt":"2025-07-14T08:17:30","slug":"quatrieme-victoire-belge-sur-la-tournee-merlier-gagne-devant-milan-van-der-poel-a-manque-la-sensation","status":"publish","type":"post","link":"https:\/\/vieassociative.be\/actualites\/quatrieme-victoire-belge-sur-la-tournee-merlier-gagne-devant-milan-van-der-poel-a-manque-la-sensation\/","title":{"rendered":"Quatri\u00e8me victoire belge sur la tourn\u00e9e: Merlier gagne devant Milan &#8211; Van der Poel a manqu\u00e9 la sensation"},"content":{"rendered":"<p><strong>\u00c0 Ch\u00e2teauroux, le N\u00e9erlandais Mathieu van der Poel a presque fait une vraie sensation. Il lui manquait 800 m\u00e8tres. Il y avait donc un sprint de masse attendu. Tim Merlier a obtenu la Belgique une victoire en quatri\u00e8me \u00e9tape devant le Jonathan Milan italien.<\/strong><\/p>\n<p><span id=\"more-419986\"><\/span>Le Tour de France s&rsquo;est poursuivi vers le sud dimanche. Avec une sc\u00e8ne qui a \u00e9t\u00e9 promise au moins sur papier aux sprinters, la derni\u00e8re avant les premi\u00e8res montagnes le lundi et le jour de repos \u00e0 Toulouse mardi.<\/p>\n<p>S&rsquo;il se fait parler de sprinters, bien s\u00fbr, cela signifie in\u00e9vitablement un duel entre les deux meilleurs de cette discipline du Peloton, Tim Merlier et Jonathan Milan. Les deux conducteurs ont d\u00e9j\u00e0 d\u00e9chir\u00e9 les bras, mais le co\u00e9quipier de Remco Nirepoel n&rsquo;a pas pu sprinter sur la 8e \u00e9tape parce qu&rsquo;il a eu un dommage de pneu 12 km avant l&rsquo;arriv\u00e9e.<\/p>\n<div id=\"attachment_420015\" class=\"wp-caption alignleft\" style=\"max-width: 300px\"><img fetchpriority=\"high\" decoding=\"async\" class=\"wp-image-420015 size-medium\" src=\"https:\/\/vieassociative.be\/actualites\/wp-content\/uploads\/2025\/07\/Quatrieme-victoire-belge-sur-la-tournee-Merlier-gagne-devant-Milan.jpg\" alt=\"\" width=\"300\" height=\"200\"><\/p>\n<p class=\"wp-caption-text\">13\/07\/2025, France, Chatauroux: Le vainqueur de la sc\u00e8ne belge Tim Merlier (L) est f\u00e9licit\u00e9 par son co\u00e9quipier belge Remco Evenepoel. Photo: Marco Bertorello \/ Pool AFP \/ AP \/ DPA<\/p>\n<\/div>\n<p>Mais deux hommes \u00e9taient cens\u00e9s g\u00e2cher le script d\u00e9j\u00e0 \u00e9crit de cette 9e \u00e9tape: imm\u00e9diatement apr\u00e8s le d\u00e9part \u00e0 Chinon, Mathieu van der Poel et son \u00e9quipe &#8211; le cach\u00e9 Jonas Rickaert est all\u00e9 \u00e0 l&rsquo;offensive et a commenc\u00e9 le groupe aberrant de la journ\u00e9e. L&rsquo;objectif \u00e9tait d&rsquo;obtenir les 20 points du sprint interm\u00e9diaire, mais finalement les deux ont poursuivi leur voyage vers Ch\u00e2teauroux.<\/p>\n<p>Van der Poel a \u00e9t\u00e9 rattrap\u00e9 par les meilleurs sprinters sur la tron\u00e7on \u00e0 domicile de la chasse au terrain. \u00ab\u00a0Il est tr\u00e8s difficile de ne pas pouvoir le faire jusqu&rsquo;\u00e0 la fin\u00a0\u00bb, a d\u00e9clar\u00e9 Van der Poel. \u00ab\u00a0J&rsquo;ai discut\u00e9 avec Jonas si nous voulions faire \u00e7a\u00a0\u00bb, a-t-il ajout\u00e9. Le groupe d&rsquo;\u00e9vasion \u00e9tait le plan depuis le d\u00e9but. Imm\u00e9diatement apr\u00e8s le d\u00e9but, le duo s&rsquo;est ouvert et a suivi le plan courageux.<\/p>\n<p>Le jour f\u00e9ri\u00e9 fran\u00e7ais de demain, les organisateurs de la tourn\u00e9e offrent aux fans de cyclisme un premier spectacle d&rsquo;escalade exigeant dans le massif central. 4 450 m\u00e8tres d&rsquo;altitude sont imminents. Entre autres choses, sept ascensions dans la deuxi\u00e8me cat\u00e9gorie sont sur le programme. Jamais auparavant il n&rsquo;y avait eu autant de mont\u00e9es de cette cat\u00e9gorie mod\u00e9r\u00e9e en une journ\u00e9e. (CRE \/ DPA)<\/p>\n<p><em><strong>Sur le sujet, voir \u00e9galement l&rsquo;article suivant sur OD:<\/strong><\/em><\/p>\n<div class=\"responsive-embed widescreen\">\n<blockquote class=\"wp-embedded-content\" data-secret=\"3zAcs3pauA\">\n<p>13 juillet 1975: Eddy Merckx a subi la plus grande d\u00e9faite du Tour de France aujourd&rsquo;hui (vid\u00e9o)<\/p>\n<\/blockquote>\n<p><iframe loading=\"lazy\" class=\"wp-embedded-content\" sandbox=\"allow-scripts\" security=\"restricted\" style=\"position: absolute; visibility: hidden;\" title=\"\u201e13. Juli 1975: Heute vor 50 Jahren erlitt Eddy Merckx bei der Tour de France die gr\u00f6\u00dfte Niederlage (VIDEO)\u201c \u2014 Ostbelgien Direkt\" src=\"https:\/\/ostbelgiendirekt.be\/about:blank\" data-secret=\"3zAcs3pauA\" width=\"500\" height=\"282\" frameborder=\"0\" marginwidth=\"0\" marginheight=\"0\" scrolling=\"no\" data-rocket-lazyload=\"fitvidscompatible\" data-lazy-src=\"https:\/\/ostbelgiendirekt.be\/merckx-groesste-niederlage-419967\/embed#?secret=d5nckBwJWG#?secret=3zAcs3pauA\"><\/iframe><noscript><iframe class=\"wp-embedded-content\" sandbox=\"allow-scripts\" security=\"restricted\" style=\"position: absolute; visibility: hidden;\" title=\"\u201e13. Juli 1975: Heute vor 50 Jahren erlitt Eddy Merckx bei der Tour de France die gr\u00f6\u00dfte Niederlage (VIDEO)\u201c \u2014 Ostbelgien Direkt\" src=\"https:\/\/ostbelgiendirekt.be\/merckx-groesste-niederlage-419967\/embed#?secret=d5nckBwJWG#?secret=3zAcs3pauA\" data-secret=\"3zAcs3pauA\" width=\"500\" height=\"282\" frameborder=\"0\" marginwidth=\"0\" marginheight=\"0\" scrolling=\"no\"><\/iframe><\/noscript><\/p>\n<\/div>\n","protected":false},"excerpt":{"rendered":"<p>\u00c0 Ch\u00e2teauroux, le N\u00e9erlandais Mathieu van der Poel a presque fait une vraie sensation. Il lui manquait 800 m\u00e8tres. Il y avait donc un sprint<\/p>\n","protected":false},"author":1,"featured_media":8737,"comment_status":"","ping_status":"","sticky":false,"template":"","format":"standard","meta":{"footnotes":""},"categories":[298],"tags":[410,668,2381,2299,2574,7730,6267,5974,7154,1709,33,7589,4100,784],"class_list":["post-8736","post","type-post","status-publish","format-standard","has-post-thumbnail","hentry","category-belgique","tag-belge","tag-der","tag-devant","tag-gagne","tag-manque","tag-merlier","tag-milan","tag-poel","tag-quatrieme","tag-sensation","tag-sur","tag-tournee","tag-van","tag-victoire","generate-columns","tablet-grid-50","mobile-grid-100","grid-parent","grid-33"],"yoast_head":"<!-- This site is optimized with the Yoast SEO plugin v24.0 - https:\/\/yoast.com\/wordpress\/plugins\/seo\/ -->\n<title>Quatri\u00e8me victoire belge sur la tourn\u00e9e: Merlier gagne devant Milan - Van der Poel a manqu\u00e9 la sensation | Vie Associative<\/title>\n<meta name=\"robots\" content=\"index, follow, max-snippet:-1, max-image-preview:large, max-video-preview:-1\" \/>\n<link rel=\"canonical\" href=\"https:\/\/vieassociative.be\/actualites\/quatrieme-victoire-belge-sur-la-tournee-merlier-gagne-devant-milan-van-der-poel-a-manque-la-sensation\/\" \/>\n<meta property=\"og:locale\" content=\"fr_FR\" \/>\n<meta property=\"og:type\" content=\"article\" \/>\n<meta property=\"og:title\" content=\"Quatri\u00e8me victoire belge sur la tourn\u00e9e: Merlier gagne devant Milan - Van der Poel a manqu\u00e9 la sensation | Vie Associative\" \/>\n<meta property=\"og:description\" content=\"\u00c0 Ch\u00e2teauroux, le N\u00e9erlandais Mathieu van der Poel a presque fait une vraie sensation. Il lui manquait 800 m\u00e8tres. Il y avait donc un sprint\" \/>\n<meta property=\"og:url\" content=\"https:\/\/vieassociative.be\/actualites\/quatrieme-victoire-belge-sur-la-tournee-merlier-gagne-devant-milan-van-der-poel-a-manque-la-sensation\/\" \/>\n<meta property=\"og:site_name\" content=\"Vie Associative\" \/>\n<meta property=\"article:published_time\" content=\"2025-07-14T08:17:30+00:00\" \/>\n<meta property=\"og:image\" content=\"https:\/\/vieassociative.be\/actualites\/wp-content\/uploads\/2024\/09\/header_backgroundk-01-e1726694325946.png\" \/>\n\t<meta property=\"og:image:width\" content=\"279\" \/>\n\t<meta property=\"og:image:height\" content=\"92\" \/>\n\t<meta property=\"og:image:type\" content=\"image\/png\" \/>\n<meta name=\"author\" content=\"Julien\" \/>\n<meta name=\"twitter:card\" content=\"summary_large_image\" \/>\n<meta name=\"twitter:label1\" content=\"\u00c9crit par\" \/>\n\t<meta name=\"twitter:data1\" content=\"Julien\" \/>\n\t<meta name=\"twitter:label2\" content=\"Dur\u00e9e de lecture est.\" \/>\n\t<meta name=\"twitter:data2\" content=\"2 minutes\" \/>\n<script type=\"application\/ld+json\" class=\"yoast-schema-graph\">{\"@context\":\"https:\/\/schema.org\",\"@graph\":[{\"@type\":\"Article\",\"@id\":\"https:\/\/vieassociative.be\/actualites\/quatrieme-victoire-belge-sur-la-tournee-merlier-gagne-devant-milan-van-der-poel-a-manque-la-sensation\/#article\",\"isPartOf\":{\"@id\":\"https:\/\/vieassociative.be\/actualites\/quatrieme-victoire-belge-sur-la-tournee-merlier-gagne-devant-milan-van-der-poel-a-manque-la-sensation\/\"},\"author\":{\"name\":\"Julien\",\"@id\":\"https:\/\/vieassociative.be\/actualites\/#\/schema\/person\/b87ac4f82f9d4e7b7cec7395b679edc4\"},\"headline\":\"Quatri\u00e8me victoire belge sur la tourn\u00e9e: Merlier gagne devant Milan &#8211; Van der Poel a manqu\u00e9 la sensation\",\"datePublished\":\"2025-07-14T08:17:30+00:00\",\"dateModified\":\"2025-07-14T08:17:30+00:00\",\"mainEntityOfPage\":{\"@id\":\"https:\/\/vieassociative.be\/actualites\/quatrieme-victoire-belge-sur-la-tournee-merlier-gagne-devant-milan-van-der-poel-a-manque-la-sensation\/\"},\"wordCount\":463,\"publisher\":{\"@id\":\"https:\/\/vieassociative.be\/actualites\/#organization\"},\"image\":{\"@id\":\"https:\/\/vieassociative.be\/actualites\/quatrieme-victoire-belge-sur-la-tournee-merlier-gagne-devant-milan-van-der-poel-a-manque-la-sensation\/#primaryimage\"},\"thumbnailUrl\":\"https:\/\/vieassociative.be\/actualites\/wp-content\/uploads\/2025\/07\/1752481050_Quatrieme-victoire-belge-sur-la-tournee-Merlier-gagne-devant-Milan.jpg\",\"keywords\":[\"belge\",\"der\",\"devant\",\"gagn\u00e9\",\"manque\",\"Merlier\",\"Milan\",\"Poel\",\"quatri\u00e8me\",\"sensation\",\"sur\",\"tourn\u00e9e\",\"Van\",\"victoire\"],\"articleSection\":[\"Belgique\"],\"inLanguage\":\"fr-BE\"},{\"@type\":\"WebPage\",\"@id\":\"https:\/\/vieassociative.be\/actualites\/quatrieme-victoire-belge-sur-la-tournee-merlier-gagne-devant-milan-van-der-poel-a-manque-la-sensation\/\",\"url\":\"https:\/\/vieassociative.be\/actualites\/quatrieme-victoire-belge-sur-la-tournee-merlier-gagne-devant-milan-van-der-poel-a-manque-la-sensation\/\",\"name\":\"Quatri\u00e8me victoire belge sur la tourn\u00e9e: Merlier gagne devant Milan - Van der Poel a manqu\u00e9 la sensation | Vie Associative\",\"isPartOf\":{\"@id\":\"https:\/\/vieassociative.be\/actualites\/#website\"},\"primaryImageOfPage\":{\"@id\":\"https:\/\/vieassociative.be\/actualites\/quatrieme-victoire-belge-sur-la-tournee-merlier-gagne-devant-milan-van-der-poel-a-manque-la-sensation\/#primaryimage\"},\"image\":{\"@id\":\"https:\/\/vieassociative.be\/actualites\/quatrieme-victoire-belge-sur-la-tournee-merlier-gagne-devant-milan-van-der-poel-a-manque-la-sensation\/#primaryimage\"},\"thumbnailUrl\":\"https:\/\/vieassociative.be\/actualites\/wp-content\/uploads\/2025\/07\/1752481050_Quatrieme-victoire-belge-sur-la-tournee-Merlier-gagne-devant-Milan.jpg\",\"datePublished\":\"2025-07-14T08:17:30+00:00\",\"dateModified\":\"2025-07-14T08:17:30+00:00\",\"breadcrumb\":{\"@id\":\"https:\/\/vieassociative.be\/actualites\/quatrieme-victoire-belge-sur-la-tournee-merlier-gagne-devant-milan-van-der-poel-a-manque-la-sensation\/#breadcrumb\"},\"inLanguage\":\"fr-BE\",\"potentialAction\":[{\"@type\":\"ReadAction\",\"target\":[\"https:\/\/vieassociative.be\/actualites\/quatrieme-victoire-belge-sur-la-tournee-merlier-gagne-devant-milan-van-der-poel-a-manque-la-sensation\/\"]}]},{\"@type\":\"ImageObject\",\"inLanguage\":\"fr-BE\",\"@id\":\"https:\/\/vieassociative.be\/actualites\/quatrieme-victoire-belge-sur-la-tournee-merlier-gagne-devant-milan-van-der-poel-a-manque-la-sensation\/#primaryimage\",\"url\":\"https:\/\/vieassociative.be\/actualites\/wp-content\/uploads\/2025\/07\/1752481050_Quatrieme-victoire-belge-sur-la-tournee-Merlier-gagne-devant-Milan.jpg\",\"contentUrl\":\"https:\/\/vieassociative.be\/actualites\/wp-content\/uploads\/2025\/07\/1752481050_Quatrieme-victoire-belge-sur-la-tournee-Merlier-gagne-devant-Milan.jpg\",\"width\":1200,\"height\":818,\"caption\":\"Quatri\u00e8me victoire belge sur la tourn\u00e9e: Merlier gagne devant Milan - Van der Poel a manqu\u00e9 la sensation\"},{\"@type\":\"BreadcrumbList\",\"@id\":\"https:\/\/vieassociative.be\/actualites\/quatrieme-victoire-belge-sur-la-tournee-merlier-gagne-devant-milan-van-der-poel-a-manque-la-sensation\/#breadcrumb\",\"itemListElement\":[{\"@type\":\"ListItem\",\"position\":1,\"name\":\"Accueil\",\"item\":\"https:\/\/vieassociative.be\/actualites\/\"},{\"@type\":\"ListItem\",\"position\":2,\"name\":\"Quatri\u00e8me victoire belge sur la tourn\u00e9e: Merlier gagne devant Milan &#8211; Van der Poel a manqu\u00e9 la sensation\"}]},{\"@type\":\"WebSite\",\"@id\":\"https:\/\/vieassociative.be\/actualites\/#website\",\"url\":\"https:\/\/vieassociative.be\/actualites\/\",\"name\":\"Vie Associative\",\"description\":\"\",\"publisher\":{\"@id\":\"https:\/\/vieassociative.be\/actualites\/#organization\"},\"potentialAction\":[{\"@type\":\"SearchAction\",\"target\":{\"@type\":\"EntryPoint\",\"urlTemplate\":\"https:\/\/vieassociative.be\/actualites\/?s={search_term_string}\"},\"query-input\":{\"@type\":\"PropertyValueSpecification\",\"valueRequired\":true,\"valueName\":\"search_term_string\"}}],\"inLanguage\":\"fr-BE\"},{\"@type\":\"Organization\",\"@id\":\"https:\/\/vieassociative.be\/actualites\/#organization\",\"name\":\"Vie Associative\",\"url\":\"https:\/\/vieassociative.be\/actualites\/\",\"logo\":{\"@type\":\"ImageObject\",\"inLanguage\":\"fr-BE\",\"@id\":\"https:\/\/vieassociative.be\/actualites\/#\/schema\/logo\/image\/\",\"url\":\"https:\/\/vieassociative.be\/actualites\/wp-content\/uploads\/2024\/09\/cropped-vieassociative_favicon.ico.png\",\"contentUrl\":\"https:\/\/vieassociative.be\/actualites\/wp-content\/uploads\/2024\/09\/cropped-vieassociative_favicon.ico.png\",\"width\":512,\"height\":512,\"caption\":\"Vie Associative\"},\"image\":{\"@id\":\"https:\/\/vieassociative.be\/actualites\/#\/schema\/logo\/image\/\"}},{\"@type\":\"Person\",\"@id\":\"https:\/\/vieassociative.be\/actualites\/#\/schema\/person\/b87ac4f82f9d4e7b7cec7395b679edc4\",\"name\":\"Julien\",\"image\":{\"@type\":\"ImageObject\",\"inLanguage\":\"fr-BE\",\"@id\":\"https:\/\/vieassociative.be\/actualites\/#\/schema\/person\/image\/\",\"url\":\"https:\/\/vieassociative.be\/actualites\/wp-content\/uploads\/2024\/09\/vie-associative-1-150x150.jpg\",\"contentUrl\":\"https:\/\/vieassociative.be\/actualites\/wp-content\/uploads\/2024\/09\/vie-associative-1-150x150.jpg\",\"caption\":\"Julien\"},\"description\":\"Je suis Julien, r\u00e9dacteur pour Vie Associative. Passionn\u00e9 par le monde associatif depuis plus de 10 ans, j'ai \u00e0 c\u0153ur de partager des histoires inspirantes et de mettre en lumi\u00e8re les initiatives locales. Mon objectif est de sensibiliser et d'encourager l'engagement communautaire \u00e0 travers mes articles.\",\"sameAs\":[\"https:\/\/vieassociative.be\/\"]}]}<\/script>\n<!-- \/ Yoast SEO plugin. -->","yoast_head_json":{"title":"Quatri\u00e8me victoire belge sur la tourn\u00e9e: Merlier gagne devant Milan - Van der Poel a manqu\u00e9 la sensation | Vie Associative","robots":{"index":"index","follow":"follow","max-snippet":"max-snippet:-1","max-image-preview":"max-image-preview:large","max-video-preview":"max-video-preview:-1"},"canonical":"https:\/\/vieassociative.be\/actualites\/quatrieme-victoire-belge-sur-la-tournee-merlier-gagne-devant-milan-van-der-poel-a-manque-la-sensation\/","og_locale":"fr_FR","og_type":"article","og_title":"Quatri\u00e8me victoire belge sur la tourn\u00e9e: Merlier gagne devant Milan - Van der Poel a manqu\u00e9 la sensation | Vie Associative","og_description":"\u00c0 Ch\u00e2teauroux, le N\u00e9erlandais Mathieu van der Poel a presque fait une vraie sensation. Il lui manquait 800 m\u00e8tres. Il y avait donc un sprint","og_url":"https:\/\/vieassociative.be\/actualites\/quatrieme-victoire-belge-sur-la-tournee-merlier-gagne-devant-milan-van-der-poel-a-manque-la-sensation\/","og_site_name":"Vie Associative","article_published_time":"2025-07-14T08:17:30+00:00","og_image":[{"width":279,"height":92,"url":"https:\/\/vieassociative.be\/actualites\/wp-content\/uploads\/2024\/09\/header_backgroundk-01-e1726694325946.png","type":"image\/png"}],"author":"Julien","twitter_card":"summary_large_image","twitter_misc":{"\u00c9crit par":"Julien","Dur\u00e9e de lecture est.":"2 minutes"},"schema":{"@context":"https:\/\/schema.org","@graph":[{"@type":"Article","@id":"https:\/\/vieassociative.be\/actualites\/quatrieme-victoire-belge-sur-la-tournee-merlier-gagne-devant-milan-van-der-poel-a-manque-la-sensation\/#article","isPartOf":{"@id":"https:\/\/vieassociative.be\/actualites\/quatrieme-victoire-belge-sur-la-tournee-merlier-gagne-devant-milan-van-der-poel-a-manque-la-sensation\/"},"author":{"name":"Julien","@id":"https:\/\/vieassociative.be\/actualites\/#\/schema\/person\/b87ac4f82f9d4e7b7cec7395b679edc4"},"headline":"Quatri\u00e8me victoire belge sur la tourn\u00e9e: Merlier gagne devant Milan &#8211; Van der Poel a manqu\u00e9 la sensation","datePublished":"2025-07-14T08:17:30+00:00","dateModified":"2025-07-14T08:17:30+00:00","mainEntityOfPage":{"@id":"https:\/\/vieassociative.be\/actualites\/quatrieme-victoire-belge-sur-la-tournee-merlier-gagne-devant-milan-van-der-poel-a-manque-la-sensation\/"},"wordCount":463,"publisher":{"@id":"https:\/\/vieassociative.be\/actualites\/#organization"},"image":{"@id":"https:\/\/vieassociative.be\/actualites\/quatrieme-victoire-belge-sur-la-tournee-merlier-gagne-devant-milan-van-der-poel-a-manque-la-sensation\/#primaryimage"},"thumbnailUrl":"https:\/\/vieassociative.be\/actualites\/wp-content\/uploads\/2025\/07\/1752481050_Quatrieme-victoire-belge-sur-la-tournee-Merlier-gagne-devant-Milan.jpg","keywords":["belge","der","devant","gagn\u00e9","manque","Merlier","Milan","Poel","quatri\u00e8me","sensation","sur","tourn\u00e9e","Van","victoire"],"articleSection":["Belgique"],"inLanguage":"fr-BE"},{"@type":"WebPage","@id":"https:\/\/vieassociative.be\/actualites\/quatrieme-victoire-belge-sur-la-tournee-merlier-gagne-devant-milan-van-der-poel-a-manque-la-sensation\/","url":"https:\/\/vieassociative.be\/actualites\/quatrieme-victoire-belge-sur-la-tournee-merlier-gagne-devant-milan-van-der-poel-a-manque-la-sensation\/","name":"Quatri\u00e8me victoire belge sur la tourn\u00e9e: Merlier gagne devant Milan - Van der Poel a manqu\u00e9 la sensation | Vie Associative","isPartOf":{"@id":"https:\/\/vieassociative.be\/actualites\/#website"},"primaryImageOfPage":{"@id":"https:\/\/vieassociative.be\/actualites\/quatrieme-victoire-belge-sur-la-tournee-merlier-gagne-devant-milan-van-der-poel-a-manque-la-sensation\/#primaryimage"},"image":{"@id":"https:\/\/vieassociative.be\/actualites\/quatrieme-victoire-belge-sur-la-tournee-merlier-gagne-devant-milan-van-der-poel-a-manque-la-sensation\/#primaryimage"},"thumbnailUrl":"https:\/\/vieassociative.be\/actualites\/wp-content\/uploads\/2025\/07\/1752481050_Quatrieme-victoire-belge-sur-la-tournee-Merlier-gagne-devant-Milan.jpg","datePublished":"2025-07-14T08:17:30+00:00","dateModified":"2025-07-14T08:17:30+00:00","breadcrumb":{"@id":"https:\/\/vieassociative.be\/actualites\/quatrieme-victoire-belge-sur-la-tournee-merlier-gagne-devant-milan-van-der-poel-a-manque-la-sensation\/#breadcrumb"},"inLanguage":"fr-BE","potentialAction":[{"@type":"ReadAction","target":["https:\/\/vieassociative.be\/actualites\/quatrieme-victoire-belge-sur-la-tournee-merlier-gagne-devant-milan-van-der-poel-a-manque-la-sensation\/"]}]},{"@type":"ImageObject","inLanguage":"fr-BE","@id":"https:\/\/vieassociative.be\/actualites\/quatrieme-victoire-belge-sur-la-tournee-merlier-gagne-devant-milan-van-der-poel-a-manque-la-sensation\/#primaryimage","url":"https:\/\/vieassociative.be\/actualites\/wp-content\/uploads\/2025\/07\/1752481050_Quatrieme-victoire-belge-sur-la-tournee-Merlier-gagne-devant-Milan.jpg","contentUrl":"https:\/\/vieassociative.be\/actualites\/wp-content\/uploads\/2025\/07\/1752481050_Quatrieme-victoire-belge-sur-la-tournee-Merlier-gagne-devant-Milan.jpg","width":1200,"height":818,"caption":"Quatri\u00e8me victoire belge sur la tourn\u00e9e: Merlier gagne devant Milan - Van der Poel a manqu\u00e9 la sensation"},{"@type":"BreadcrumbList","@id":"https:\/\/vieassociative.be\/actualites\/quatrieme-victoire-belge-sur-la-tournee-merlier-gagne-devant-milan-van-der-poel-a-manque-la-sensation\/#breadcrumb","itemListElement":[{"@type":"ListItem","position":1,"name":"Accueil","item":"https:\/\/vieassociative.be\/actualites\/"},{"@type":"ListItem","position":2,"name":"Quatri\u00e8me victoire belge sur la tourn\u00e9e: Merlier gagne devant Milan &#8211; Van der Poel a manqu\u00e9 la sensation"}]},{"@type":"WebSite","@id":"https:\/\/vieassociative.be\/actualites\/#website","url":"https:\/\/vieassociative.be\/actualites\/","name":"Vie Associative","description":"","publisher":{"@id":"https:\/\/vieassociative.be\/actualites\/#organization"},"potentialAction":[{"@type":"SearchAction","target":{"@type":"EntryPoint","urlTemplate":"https:\/\/vieassociative.be\/actualites\/?s={search_term_string}"},"query-input":{"@type":"PropertyValueSpecification","valueRequired":true,"valueName":"search_term_string"}}],"inLanguage":"fr-BE"},{"@type":"Organization","@id":"https:\/\/vieassociative.be\/actualites\/#organization","name":"Vie Associative","url":"https:\/\/vieassociative.be\/actualites\/","logo":{"@type":"ImageObject","inLanguage":"fr-BE","@id":"https:\/\/vieassociative.be\/actualites\/#\/schema\/logo\/image\/","url":"https:\/\/vieassociative.be\/actualites\/wp-content\/uploads\/2024\/09\/cropped-vieassociative_favicon.ico.png","contentUrl":"https:\/\/vieassociative.be\/actualites\/wp-content\/uploads\/2024\/09\/cropped-vieassociative_favicon.ico.png","width":512,"height":512,"caption":"Vie Associative"},"image":{"@id":"https:\/\/vieassociative.be\/actualites\/#\/schema\/logo\/image\/"}},{"@type":"Person","@id":"https:\/\/vieassociative.be\/actualites\/#\/schema\/person\/b87ac4f82f9d4e7b7cec7395b679edc4","name":"Julien","image":{"@type":"ImageObject","inLanguage":"fr-BE","@id":"https:\/\/vieassociative.be\/actualites\/#\/schema\/person\/image\/","url":"https:\/\/vieassociative.be\/actualites\/wp-content\/uploads\/2024\/09\/vie-associative-1-150x150.jpg","contentUrl":"https:\/\/vieassociative.be\/actualites\/wp-content\/uploads\/2024\/09\/vie-associative-1-150x150.jpg","caption":"Julien"},"description":"Je suis Julien, r\u00e9dacteur pour Vie Associative. Passionn\u00e9 par le monde associatif depuis plus de 10 ans, j'ai \u00e0 c\u0153ur de partager des histoires inspirantes et de mettre en lumi\u00e8re les initiatives locales. Mon objectif est de sensibiliser et d'encourager l'engagement communautaire \u00e0 travers mes articles.","sameAs":["https:\/\/vieassociative.be\/"]}]}},"_links":{"self":[{"href":"https:\/\/vieassociative.be\/actualites\/wp-json\/wp\/v2\/posts\/8736"}],"collection":[{"href":"https:\/\/vieassociative.be\/actualites\/wp-json\/wp\/v2\/posts"}],"about":[{"href":"https:\/\/vieassociative.be\/actualites\/wp-json\/wp\/v2\/types\/post"}],"author":[{"embeddable":true,"href":"https:\/\/vieassociative.be\/actualites\/wp-json\/wp\/v2\/users\/1"}],"replies":[{"embeddable":true,"href":"https:\/\/vieassociative.be\/actualites\/wp-json\/wp\/v2\/comments?post=8736"}],"version-history":[{"count":0,"href":"https:\/\/vieassociative.be\/actualites\/wp-json\/wp\/v2\/posts\/8736\/revisions"}],"wp:featuredmedia":[{"embeddable":true,"href":"https:\/\/vieassociative.be\/actualites\/wp-json\/wp\/v2\/media\/8737"}],"wp:attachment":[{"href":"https:\/\/vieassociative.be\/actualites\/wp-json\/wp\/v2\/media?parent=8736"}],"wp:term":[{"taxonomy":"category","embeddable":true,"href":"https:\/\/vieassociative.be\/actualites\/wp-json\/wp\/v2\/categories?post=8736"},{"taxonomy":"post_tag","embeddable":true,"href":"https:\/\/vieassociative.be\/actualites\/wp-json\/wp\/v2\/tags?post=8736"}],"curies":[{"name":"wp","href":"https:\/\/api.w.org\/{rel}","templated":true}]}}