{"id":8731,"date":"2025-07-14T04:17:41","date_gmt":"2025-07-14T02:17:41","guid":{"rendered":"https:\/\/vieassociative.be\/actualites\/le-fc-chelsea-est-vainqueur-de-la-ligue-des-champions\/"},"modified":"2025-07-14T04:17:41","modified_gmt":"2025-07-14T02:17:41","slug":"le-fc-chelsea-est-vainqueur-de-la-ligue-des-champions","status":"publish","type":"post","link":"https:\/\/vieassociative.be\/actualites\/le-fc-chelsea-est-vainqueur-de-la-ligue-des-champions\/","title":{"rendered":"Le FC Chelsea est vainqueur de la Ligue des champions."},"content":{"rendered":"<p><strong>Le vainqueur de la Ligue de conf\u00e9rence a battu le vainqueur de la Ligue des champions: le FC Chelsea a remport\u00e9 le premier championnat du monde de club avec un 3-0 contre le Paris Saint-Germain.<\/strong><\/p>\n<p><span id=\"more-420034\"><\/span>Les joueurs rempla\u00e7ants du FC Chelsea ont pris d&rsquo;assaut la pelouse dans des chemises en bleu avec l&rsquo;inscription \u00ab\u00a0Champions du monde\u00a0\u00bb &#8211; et les favoris brutalement d\u00e9senchant\u00e9s de Paris Saint-Germain ont br\u00fbl\u00e9 les fusibles. Le gardien de but Gianluigi Donnarumma et l&rsquo;entra\u00eeneur Luis Enrique se sont m\u00e9lang\u00e9s vigoureusement dans une formation de pack et ont \u00e9t\u00e9 difficiles \u00e0 se calmer apr\u00e8s la d\u00e9gradation de 0: 3 (0: 3) en finale de la Coupe du monde du club.<\/p>\n<p>\u00ab\u00a0C&rsquo;est clairement un grand sentiment &#8211; encore mieux\u00a0\u00bb, a d\u00e9clar\u00e9 l&rsquo;attaquant de Chelsea, Cole Palmer, qui a \u00e9t\u00e9 le vainqueur du match avec un double pack et un mod\u00e8le de but: \u00ab\u00a0J&rsquo;aime les finales.\u00a0\u00bb<\/p>\n<div id=\"attachment_420057\" class=\"wp-caption alignleft\" style=\"max-width: 300px\"><img fetchpriority=\"high\" decoding=\"async\" class=\"wp-image-420057 size-medium\" src=\"https:\/\/vieassociative.be\/actualites\/wp-content\/uploads\/2025\/07\/Le-FC-Chelsea-est-vainqueur-de-la-Ligue-des-champions.jpg\" alt=\"\" width=\"300\" height=\"200\"><\/p>\n<p class=\"wp-caption-text\">13\/07\/2025, \u00c9tats-Unis, East Rutherford: Le pr\u00e9sident am\u00e9ricain Donald Trump (L) et le pr\u00e9sident de la FIFA, Gianni Infantino, sont venus \u00e0 la c\u00e9r\u00e9monie de remise des prix. Photo: Sven Hoppe \/ DPA<\/p>\n<\/div>\n<p>La victoire du club anglaise de Premier League a \u00e9t\u00e9 le spectacle le plus surprenant et le meilleur de la sc\u00e8ne MetLife aux portes de New York devant les yeux de Donald Trump. Le chanteur britannique Robbie Williams et les stars de la musique de l&rsquo;\u00e9mission \u00e0 mi-temps n&rsquo;ont pas non plus pu battre la performance irr\u00e9sistible du football contre le vainqueur de la Ligue des champions sans Chance. Ce fut une journ\u00e9e de r\u00eave absolue pour le vainqueur de la Ligue de la conf\u00e9rence de Londres.<\/p>\n<p>Les 81 118 spectateurs, dont le pr\u00e9sident am\u00e9ricain Donald Trump et la premi\u00e8re dame Melania Trump du c\u00f4t\u00e9 du pr\u00e9sident de la FIFA, Gianni Infantino, ne sont pas sortis de la stup\u00e9faction dans les 90 minutes. Que se passait-il sur la pelouse de l&rsquo;\u00e9norme ar\u00e8ne de football sous le soleil de l&rsquo;apr\u00e8s-midi dodue?<\/p>\n<p><strong>&#8211; Cucurella tir\u00e9e sur les cheveux:<\/strong> L&rsquo;international anglais Palmer a marqu\u00e9 le but identique deux fois (22e et 30e minute) avec son pied gauche. Il a surmont\u00e9 le gardien de but PSG impuissant Gianluigi Donnarumma avec un tir bas dans le coin le plus \u00e9loign\u00e9.<\/p>\n<\/p>\n<div id=\"attachment_420058\" class=\"wp-caption alignleft\" style=\"max-width: 300px\"><img decoding=\"async\" class=\"wp-image-420058 size-medium\" src=\"https:\/\/vieassociative.be\/actualites\/wp-content\/uploads\/2025\/07\/1752459461_780_Le-FC-Chelsea-est-vainqueur-de-la-Ligue-des-champions.jpg\" alt=\"\" width=\"300\" height=\"201\"><\/p>\n<p class=\"wp-caption-text\">13\/07\/2025, \u00c9tats-Unis, East Rutherford: Chelasas Joao Pedro (L) marque le but \u00e0 3-0 contre le gardien de Paris Saint-Germain, Gianluigi Donnarumma. Photo: Pamela Smith \/ AP \/ DPA<\/p>\n<\/div>\n<p>La nouvelle signature de Jo\u00e3o Pedro (43 ans), qui n&rsquo;avait rejoint sa nouvelle \u00e9quipe au cours du tournoi pour le quart de finale, a augment\u00e9 avec un lupfer techniquement fin sur Donnarumma sur les travaux pr\u00e9paratoires de Palmer.<\/p>\n<p>Le gardien de but de Chelsea, Robert Sanchez, a emp\u00each\u00e9 un \u00e9ventuel retour du vainqueur de la Ligue des champions deux fois avec des d\u00e9fil\u00e9s contre Jo\u00e3o Neves (45. + 2) et l&rsquo;attaquant Ousmane Demb\u00e9l\u00e9 (52e).<\/p>\n<p>Dans la phase finale, le professionnel du PSG, Jo\u00e3o Neves (86e), a vu le carton rouge en raison d&rsquo;une revue vid\u00e9o en raison d&rsquo;un assaut. Il avait tir\u00e9 le champion d&rsquo;Europe de l&rsquo;Espagne Marc Cucurella sur ses cheveux.<\/p>\n<p>C&rsquo;\u00e9tait aussi un triomphe de l&rsquo;entra\u00eeneur de Chelsea Enzo Maresca. L&rsquo;Italien avait mis son \u00e9quipe tactiquement en t\u00eate. Elle a agi de mani\u00e8re agressive, affam\u00e9 et tr\u00e8s efficace. Sur le c\u00f4t\u00e9 droit avec Palmer et Malo Gusto, les Blues ont surmont\u00e9 le vainqueur de la Ligue des champions, qui avait pr\u00e9c\u00e9demment c\u00e9l\u00e9br\u00e9 les grandes victoires contre le FC Bayern (2-0) en quart de finale et le Real Madrid (4: 0) en demi-finale.<\/p>\n<div id=\"attachment_420047\" class=\"wp-caption alignleft\" style=\"max-width: 300px\"><img decoding=\"async\" class=\"wp-image-420047 size-medium\" src=\"https:\/\/vieassociative.be\/actualites\/wp-content\/uploads\/2025\/07\/1752459461_165_Le-FC-Chelsea-est-vainqueur-de-la-Ligue-des-champions.jpg\" alt=\"\" width=\"300\" height=\"200\"><\/p>\n<p class=\"wp-caption-text\">13\/07\/2025, \u00c9tats-Unis, East Rutherford: Chelasse Cole Palmer marque le but de 1-0. Photo: Sven Hoppe \/ DPA<\/p>\n<\/div>\n<p><strong>&#8211; Maresca entra\u00eene Enrique:<\/strong> Chelsea a re\u00e7u 40 millions de dollars pour la victoire finale en prix, le PSG au moins 30 millions. Pour les deux clubs, la Coupe du monde a gonfl\u00e9 \u00e0 32 participants et 63 matchs a \u00e9galement \u00e9t\u00e9 tr\u00e8s pr\u00e9cieux.<\/p>\n<p>La prochaine Coupe du monde de clubs a lieu en 2029, le lieu est toujours ouvert. Le pr\u00e9sident de la FIFA, Gianni Infantino, a naturellement c\u00e9l\u00e9br\u00e9 le tournoi XXL avec 2,5 millions de visiteurs de stade avec un superlatif \u00ab\u00a0comme la comp\u00e9tition de clubs la plus r\u00e9ussie au monde\u00a0\u00bb.<\/p>\n<p>La finale \u00e9tait un acte final remarquable &#8211; gr\u00e2ce \u00e0 Chelsea et surtout le vainqueur du match Palmer. L&rsquo;ailier de 23 ans a jou\u00e9 grand. D\u00e9j\u00e0 \u00e0 la 8e minute, il a rat\u00e9 la porte parisienne de 15 m\u00e8tres avec son pied magique gauche. Mais ensuite, il s&rsquo;est rencontr\u00e9 deux fois dans la zone de p\u00e9nalit\u00e9 avec beaucoup de sensations. La r\u00e9sistance du PSG \u00e9tait \u00e9tonnamment faible pour tous les objectifs. <\/p>\n<p>Les deux Belges de l&rsquo;\u00e9quipe de Chelsea, Rom\u00e9o Lavia et Mike Penders sont rest\u00e9s sur le banc tout au long du match. (DPA)<\/p>\n<p><em><strong>Sur le sujet, voir \u00e9galement l&rsquo;article suivant sur OD:<\/strong><\/em><\/p>\n<div class=\"responsive-embed widescreen\">\n<blockquote class=\"wp-embedded-content\" data-secret=\"OcRA63Lhrb\">\n<p>L&rsquo;ancien patron de Fifa Sepp Blatter se plaint \u00ab\u00a0trop de football\u00a0\u00bb<\/p>\n<\/blockquote>\n<p><iframe loading=\"lazy\" class=\"wp-embedded-content\" sandbox=\"allow-scripts\" security=\"restricted\" style=\"position: absolute; visibility: hidden;\" title=\"\u201eEx-FIFA-Chef Sepp Blatter beklagt \u201ezu viel Fu\u00dfball\u201c\u201c \u2014 Ostbelgien Direkt\" src=\"https:\/\/ostbelgiendirekt.be\/about:blank\" data-secret=\"OcRA63Lhrb\" width=\"500\" height=\"282\" frameborder=\"0\" marginwidth=\"0\" marginheight=\"0\" scrolling=\"no\" data-rocket-lazyload=\"fitvidscompatible\" data-lazy-src=\"https:\/\/ostbelgiendirekt.be\/finale-der-club-wm-419933\/embed#?secret=nfw9AhtoJb#?secret=OcRA63Lhrb\"><\/iframe><noscript><iframe class=\"wp-embedded-content\" sandbox=\"allow-scripts\" security=\"restricted\" style=\"position: absolute; visibility: hidden;\" title=\"\u201eEx-FIFA-Chef Sepp Blatter beklagt \u201ezu viel Fu\u00dfball\u201c\u201c \u2014 Ostbelgien Direkt\" src=\"https:\/\/ostbelgiendirekt.be\/finale-der-club-wm-419933\/embed#?secret=nfw9AhtoJb#?secret=OcRA63Lhrb\" data-secret=\"OcRA63Lhrb\" width=\"500\" height=\"282\" frameborder=\"0\" marginwidth=\"0\" marginheight=\"0\" scrolling=\"no\"><\/iframe><\/noscript><\/p>\n<\/div>\n","protected":false},"excerpt":{"rendered":"<p>Le vainqueur de la Ligue de conf\u00e9rence a battu le vainqueur de la Ligue des champions: le FC Chelsea a remport\u00e9 le premier championnat du<\/p>\n","protected":false},"author":1,"featured_media":8732,"comment_status":"","ping_status":"","sticky":false,"template":"","format":"standard","meta":{"footnotes":""},"categories":[298],"tags":[2818,7204,29,76,2817,3641],"class_list":["post-8731","post","type-post","status-publish","format-standard","has-post-thumbnail","hentry","category-belgique","tag-champions","tag-chelsea","tag-des","tag-est","tag-ligue","tag-vainqueur","generate-columns","tablet-grid-50","mobile-grid-100","grid-parent","grid-33"],"yoast_head":"<!-- This site is optimized with the Yoast SEO plugin v24.0 - https:\/\/yoast.com\/wordpress\/plugins\/seo\/ -->\n<title>Le FC Chelsea est vainqueur de la Ligue des champions. | Vie Associative<\/title>\n<meta name=\"robots\" content=\"index, follow, max-snippet:-1, max-image-preview:large, max-video-preview:-1\" \/>\n<link rel=\"canonical\" href=\"https:\/\/vieassociative.be\/actualites\/le-fc-chelsea-est-vainqueur-de-la-ligue-des-champions\/\" \/>\n<meta property=\"og:locale\" content=\"fr_FR\" \/>\n<meta property=\"og:type\" content=\"article\" \/>\n<meta property=\"og:title\" content=\"Le FC Chelsea est vainqueur de la Ligue des champions. | Vie Associative\" \/>\n<meta property=\"og:description\" content=\"Le vainqueur de la Ligue de conf\u00e9rence a battu le vainqueur de la Ligue des champions: le FC Chelsea a remport\u00e9 le premier championnat du\" \/>\n<meta property=\"og:url\" content=\"https:\/\/vieassociative.be\/actualites\/le-fc-chelsea-est-vainqueur-de-la-ligue-des-champions\/\" \/>\n<meta property=\"og:site_name\" content=\"Vie Associative\" \/>\n<meta property=\"article:published_time\" content=\"2025-07-14T02:17:41+00:00\" \/>\n<meta property=\"og:image\" content=\"https:\/\/vieassociative.be\/actualites\/wp-content\/uploads\/2024\/09\/header_backgroundk-01-e1726694325946.png\" \/>\n\t<meta property=\"og:image:width\" content=\"279\" \/>\n\t<meta property=\"og:image:height\" content=\"92\" \/>\n\t<meta property=\"og:image:type\" content=\"image\/png\" \/>\n<meta name=\"author\" content=\"Julien\" \/>\n<meta name=\"twitter:card\" content=\"summary_large_image\" \/>\n<meta name=\"twitter:label1\" content=\"\u00c9crit par\" \/>\n\t<meta name=\"twitter:data1\" content=\"Julien\" \/>\n\t<meta name=\"twitter:label2\" content=\"Dur\u00e9e de lecture est.\" \/>\n\t<meta name=\"twitter:data2\" content=\"4 minutes\" \/>\n<script type=\"application\/ld+json\" class=\"yoast-schema-graph\">{\"@context\":\"https:\/\/schema.org\",\"@graph\":[{\"@type\":\"Article\",\"@id\":\"https:\/\/vieassociative.be\/actualites\/le-fc-chelsea-est-vainqueur-de-la-ligue-des-champions\/#article\",\"isPartOf\":{\"@id\":\"https:\/\/vieassociative.be\/actualites\/le-fc-chelsea-est-vainqueur-de-la-ligue-des-champions\/\"},\"author\":{\"name\":\"Julien\",\"@id\":\"https:\/\/vieassociative.be\/actualites\/#\/schema\/person\/b87ac4f82f9d4e7b7cec7395b679edc4\"},\"headline\":\"Le FC Chelsea est vainqueur de la Ligue des champions.\",\"datePublished\":\"2025-07-14T02:17:41+00:00\",\"dateModified\":\"2025-07-14T02:17:41+00:00\",\"mainEntityOfPage\":{\"@id\":\"https:\/\/vieassociative.be\/actualites\/le-fc-chelsea-est-vainqueur-de-la-ligue-des-champions\/\"},\"wordCount\":864,\"publisher\":{\"@id\":\"https:\/\/vieassociative.be\/actualites\/#organization\"},\"image\":{\"@id\":\"https:\/\/vieassociative.be\/actualites\/le-fc-chelsea-est-vainqueur-de-la-ligue-des-champions\/#primaryimage\"},\"thumbnailUrl\":\"https:\/\/vieassociative.be\/actualites\/wp-content\/uploads\/2025\/07\/1752459461_Le-FC-Chelsea-est-vainqueur-de-la-Ligue-des-champions.jpg\",\"keywords\":[\"Champions\",\"Chelsea\",\"Des\",\"est\",\"Ligue\",\"vainqueur\"],\"articleSection\":[\"Belgique\"],\"inLanguage\":\"fr-BE\"},{\"@type\":\"WebPage\",\"@id\":\"https:\/\/vieassociative.be\/actualites\/le-fc-chelsea-est-vainqueur-de-la-ligue-des-champions\/\",\"url\":\"https:\/\/vieassociative.be\/actualites\/le-fc-chelsea-est-vainqueur-de-la-ligue-des-champions\/\",\"name\":\"Le FC Chelsea est vainqueur de la Ligue des champions. | Vie Associative\",\"isPartOf\":{\"@id\":\"https:\/\/vieassociative.be\/actualites\/#website\"},\"primaryImageOfPage\":{\"@id\":\"https:\/\/vieassociative.be\/actualites\/le-fc-chelsea-est-vainqueur-de-la-ligue-des-champions\/#primaryimage\"},\"image\":{\"@id\":\"https:\/\/vieassociative.be\/actualites\/le-fc-chelsea-est-vainqueur-de-la-ligue-des-champions\/#primaryimage\"},\"thumbnailUrl\":\"https:\/\/vieassociative.be\/actualites\/wp-content\/uploads\/2025\/07\/1752459461_Le-FC-Chelsea-est-vainqueur-de-la-Ligue-des-champions.jpg\",\"datePublished\":\"2025-07-14T02:17:41+00:00\",\"dateModified\":\"2025-07-14T02:17:41+00:00\",\"breadcrumb\":{\"@id\":\"https:\/\/vieassociative.be\/actualites\/le-fc-chelsea-est-vainqueur-de-la-ligue-des-champions\/#breadcrumb\"},\"inLanguage\":\"fr-BE\",\"potentialAction\":[{\"@type\":\"ReadAction\",\"target\":[\"https:\/\/vieassociative.be\/actualites\/le-fc-chelsea-est-vainqueur-de-la-ligue-des-champions\/\"]}]},{\"@type\":\"ImageObject\",\"inLanguage\":\"fr-BE\",\"@id\":\"https:\/\/vieassociative.be\/actualites\/le-fc-chelsea-est-vainqueur-de-la-ligue-des-champions\/#primaryimage\",\"url\":\"https:\/\/vieassociative.be\/actualites\/wp-content\/uploads\/2025\/07\/1752459461_Le-FC-Chelsea-est-vainqueur-de-la-Ligue-des-champions.jpg\",\"contentUrl\":\"https:\/\/vieassociative.be\/actualites\/wp-content\/uploads\/2025\/07\/1752459461_Le-FC-Chelsea-est-vainqueur-de-la-Ligue-des-champions.jpg\",\"width\":1200,\"height\":800,\"caption\":\"Le FC Chelsea est vainqueur de la Ligue des champions.\"},{\"@type\":\"BreadcrumbList\",\"@id\":\"https:\/\/vieassociative.be\/actualites\/le-fc-chelsea-est-vainqueur-de-la-ligue-des-champions\/#breadcrumb\",\"itemListElement\":[{\"@type\":\"ListItem\",\"position\":1,\"name\":\"Accueil\",\"item\":\"https:\/\/vieassociative.be\/actualites\/\"},{\"@type\":\"ListItem\",\"position\":2,\"name\":\"Le FC Chelsea est vainqueur de la Ligue des champions.\"}]},{\"@type\":\"WebSite\",\"@id\":\"https:\/\/vieassociative.be\/actualites\/#website\",\"url\":\"https:\/\/vieassociative.be\/actualites\/\",\"name\":\"Vie Associative\",\"description\":\"\",\"publisher\":{\"@id\":\"https:\/\/vieassociative.be\/actualites\/#organization\"},\"potentialAction\":[{\"@type\":\"SearchAction\",\"target\":{\"@type\":\"EntryPoint\",\"urlTemplate\":\"https:\/\/vieassociative.be\/actualites\/?s={search_term_string}\"},\"query-input\":{\"@type\":\"PropertyValueSpecification\",\"valueRequired\":true,\"valueName\":\"search_term_string\"}}],\"inLanguage\":\"fr-BE\"},{\"@type\":\"Organization\",\"@id\":\"https:\/\/vieassociative.be\/actualites\/#organization\",\"name\":\"Vie Associative\",\"url\":\"https:\/\/vieassociative.be\/actualites\/\",\"logo\":{\"@type\":\"ImageObject\",\"inLanguage\":\"fr-BE\",\"@id\":\"https:\/\/vieassociative.be\/actualites\/#\/schema\/logo\/image\/\",\"url\":\"https:\/\/vieassociative.be\/actualites\/wp-content\/uploads\/2024\/09\/cropped-vieassociative_favicon.ico.png\",\"contentUrl\":\"https:\/\/vieassociative.be\/actualites\/wp-content\/uploads\/2024\/09\/cropped-vieassociative_favicon.ico.png\",\"width\":512,\"height\":512,\"caption\":\"Vie Associative\"},\"image\":{\"@id\":\"https:\/\/vieassociative.be\/actualites\/#\/schema\/logo\/image\/\"}},{\"@type\":\"Person\",\"@id\":\"https:\/\/vieassociative.be\/actualites\/#\/schema\/person\/b87ac4f82f9d4e7b7cec7395b679edc4\",\"name\":\"Julien\",\"image\":{\"@type\":\"ImageObject\",\"inLanguage\":\"fr-BE\",\"@id\":\"https:\/\/vieassociative.be\/actualites\/#\/schema\/person\/image\/\",\"url\":\"https:\/\/vieassociative.be\/actualites\/wp-content\/uploads\/2024\/09\/vie-associative-1-150x150.jpg\",\"contentUrl\":\"https:\/\/vieassociative.be\/actualites\/wp-content\/uploads\/2024\/09\/vie-associative-1-150x150.jpg\",\"caption\":\"Julien\"},\"description\":\"Je suis Julien, r\u00e9dacteur pour Vie Associative. Passionn\u00e9 par le monde associatif depuis plus de 10 ans, j'ai \u00e0 c\u0153ur de partager des histoires inspirantes et de mettre en lumi\u00e8re les initiatives locales. Mon objectif est de sensibiliser et d'encourager l'engagement communautaire \u00e0 travers mes articles.\",\"sameAs\":[\"https:\/\/vieassociative.be\/\"]}]}<\/script>\n<!-- \/ Yoast SEO plugin. -->","yoast_head_json":{"title":"Le FC Chelsea est vainqueur de la Ligue des champions. | Vie Associative","robots":{"index":"index","follow":"follow","max-snippet":"max-snippet:-1","max-image-preview":"max-image-preview:large","max-video-preview":"max-video-preview:-1"},"canonical":"https:\/\/vieassociative.be\/actualites\/le-fc-chelsea-est-vainqueur-de-la-ligue-des-champions\/","og_locale":"fr_FR","og_type":"article","og_title":"Le FC Chelsea est vainqueur de la Ligue des champions. | Vie Associative","og_description":"Le vainqueur de la Ligue de conf\u00e9rence a battu le vainqueur de la Ligue des champions: le FC Chelsea a remport\u00e9 le premier championnat du","og_url":"https:\/\/vieassociative.be\/actualites\/le-fc-chelsea-est-vainqueur-de-la-ligue-des-champions\/","og_site_name":"Vie Associative","article_published_time":"2025-07-14T02:17:41+00:00","og_image":[{"width":279,"height":92,"url":"https:\/\/vieassociative.be\/actualites\/wp-content\/uploads\/2024\/09\/header_backgroundk-01-e1726694325946.png","type":"image\/png"}],"author":"Julien","twitter_card":"summary_large_image","twitter_misc":{"\u00c9crit par":"Julien","Dur\u00e9e de lecture est.":"4 minutes"},"schema":{"@context":"https:\/\/schema.org","@graph":[{"@type":"Article","@id":"https:\/\/vieassociative.be\/actualites\/le-fc-chelsea-est-vainqueur-de-la-ligue-des-champions\/#article","isPartOf":{"@id":"https:\/\/vieassociative.be\/actualites\/le-fc-chelsea-est-vainqueur-de-la-ligue-des-champions\/"},"author":{"name":"Julien","@id":"https:\/\/vieassociative.be\/actualites\/#\/schema\/person\/b87ac4f82f9d4e7b7cec7395b679edc4"},"headline":"Le FC Chelsea est vainqueur de la Ligue des champions.","datePublished":"2025-07-14T02:17:41+00:00","dateModified":"2025-07-14T02:17:41+00:00","mainEntityOfPage":{"@id":"https:\/\/vieassociative.be\/actualites\/le-fc-chelsea-est-vainqueur-de-la-ligue-des-champions\/"},"wordCount":864,"publisher":{"@id":"https:\/\/vieassociative.be\/actualites\/#organization"},"image":{"@id":"https:\/\/vieassociative.be\/actualites\/le-fc-chelsea-est-vainqueur-de-la-ligue-des-champions\/#primaryimage"},"thumbnailUrl":"https:\/\/vieassociative.be\/actualites\/wp-content\/uploads\/2025\/07\/1752459461_Le-FC-Chelsea-est-vainqueur-de-la-Ligue-des-champions.jpg","keywords":["Champions","Chelsea","Des","est","Ligue","vainqueur"],"articleSection":["Belgique"],"inLanguage":"fr-BE"},{"@type":"WebPage","@id":"https:\/\/vieassociative.be\/actualites\/le-fc-chelsea-est-vainqueur-de-la-ligue-des-champions\/","url":"https:\/\/vieassociative.be\/actualites\/le-fc-chelsea-est-vainqueur-de-la-ligue-des-champions\/","name":"Le FC Chelsea est vainqueur de la Ligue des champions. | Vie Associative","isPartOf":{"@id":"https:\/\/vieassociative.be\/actualites\/#website"},"primaryImageOfPage":{"@id":"https:\/\/vieassociative.be\/actualites\/le-fc-chelsea-est-vainqueur-de-la-ligue-des-champions\/#primaryimage"},"image":{"@id":"https:\/\/vieassociative.be\/actualites\/le-fc-chelsea-est-vainqueur-de-la-ligue-des-champions\/#primaryimage"},"thumbnailUrl":"https:\/\/vieassociative.be\/actualites\/wp-content\/uploads\/2025\/07\/1752459461_Le-FC-Chelsea-est-vainqueur-de-la-Ligue-des-champions.jpg","datePublished":"2025-07-14T02:17:41+00:00","dateModified":"2025-07-14T02:17:41+00:00","breadcrumb":{"@id":"https:\/\/vieassociative.be\/actualites\/le-fc-chelsea-est-vainqueur-de-la-ligue-des-champions\/#breadcrumb"},"inLanguage":"fr-BE","potentialAction":[{"@type":"ReadAction","target":["https:\/\/vieassociative.be\/actualites\/le-fc-chelsea-est-vainqueur-de-la-ligue-des-champions\/"]}]},{"@type":"ImageObject","inLanguage":"fr-BE","@id":"https:\/\/vieassociative.be\/actualites\/le-fc-chelsea-est-vainqueur-de-la-ligue-des-champions\/#primaryimage","url":"https:\/\/vieassociative.be\/actualites\/wp-content\/uploads\/2025\/07\/1752459461_Le-FC-Chelsea-est-vainqueur-de-la-Ligue-des-champions.jpg","contentUrl":"https:\/\/vieassociative.be\/actualites\/wp-content\/uploads\/2025\/07\/1752459461_Le-FC-Chelsea-est-vainqueur-de-la-Ligue-des-champions.jpg","width":1200,"height":800,"caption":"Le FC Chelsea est vainqueur de la Ligue des champions."},{"@type":"BreadcrumbList","@id":"https:\/\/vieassociative.be\/actualites\/le-fc-chelsea-est-vainqueur-de-la-ligue-des-champions\/#breadcrumb","itemListElement":[{"@type":"ListItem","position":1,"name":"Accueil","item":"https:\/\/vieassociative.be\/actualites\/"},{"@type":"ListItem","position":2,"name":"Le FC Chelsea est vainqueur de la Ligue des champions."}]},{"@type":"WebSite","@id":"https:\/\/vieassociative.be\/actualites\/#website","url":"https:\/\/vieassociative.be\/actualites\/","name":"Vie Associative","description":"","publisher":{"@id":"https:\/\/vieassociative.be\/actualites\/#organization"},"potentialAction":[{"@type":"SearchAction","target":{"@type":"EntryPoint","urlTemplate":"https:\/\/vieassociative.be\/actualites\/?s={search_term_string}"},"query-input":{"@type":"PropertyValueSpecification","valueRequired":true,"valueName":"search_term_string"}}],"inLanguage":"fr-BE"},{"@type":"Organization","@id":"https:\/\/vieassociative.be\/actualites\/#organization","name":"Vie Associative","url":"https:\/\/vieassociative.be\/actualites\/","logo":{"@type":"ImageObject","inLanguage":"fr-BE","@id":"https:\/\/vieassociative.be\/actualites\/#\/schema\/logo\/image\/","url":"https:\/\/vieassociative.be\/actualites\/wp-content\/uploads\/2024\/09\/cropped-vieassociative_favicon.ico.png","contentUrl":"https:\/\/vieassociative.be\/actualites\/wp-content\/uploads\/2024\/09\/cropped-vieassociative_favicon.ico.png","width":512,"height":512,"caption":"Vie Associative"},"image":{"@id":"https:\/\/vieassociative.be\/actualites\/#\/schema\/logo\/image\/"}},{"@type":"Person","@id":"https:\/\/vieassociative.be\/actualites\/#\/schema\/person\/b87ac4f82f9d4e7b7cec7395b679edc4","name":"Julien","image":{"@type":"ImageObject","inLanguage":"fr-BE","@id":"https:\/\/vieassociative.be\/actualites\/#\/schema\/person\/image\/","url":"https:\/\/vieassociative.be\/actualites\/wp-content\/uploads\/2024\/09\/vie-associative-1-150x150.jpg","contentUrl":"https:\/\/vieassociative.be\/actualites\/wp-content\/uploads\/2024\/09\/vie-associative-1-150x150.jpg","caption":"Julien"},"description":"Je suis Julien, r\u00e9dacteur pour Vie Associative. Passionn\u00e9 par le monde associatif depuis plus de 10 ans, j'ai \u00e0 c\u0153ur de partager des histoires inspirantes et de mettre en lumi\u00e8re les initiatives locales. Mon objectif est de sensibiliser et d'encourager l'engagement communautaire \u00e0 travers mes articles.","sameAs":["https:\/\/vieassociative.be\/"]}]}},"_links":{"self":[{"href":"https:\/\/vieassociative.be\/actualites\/wp-json\/wp\/v2\/posts\/8731"}],"collection":[{"href":"https:\/\/vieassociative.be\/actualites\/wp-json\/wp\/v2\/posts"}],"about":[{"href":"https:\/\/vieassociative.be\/actualites\/wp-json\/wp\/v2\/types\/post"}],"author":[{"embeddable":true,"href":"https:\/\/vieassociative.be\/actualites\/wp-json\/wp\/v2\/users\/1"}],"replies":[{"embeddable":true,"href":"https:\/\/vieassociative.be\/actualites\/wp-json\/wp\/v2\/comments?post=8731"}],"version-history":[{"count":0,"href":"https:\/\/vieassociative.be\/actualites\/wp-json\/wp\/v2\/posts\/8731\/revisions"}],"wp:featuredmedia":[{"embeddable":true,"href":"https:\/\/vieassociative.be\/actualites\/wp-json\/wp\/v2\/media\/8732"}],"wp:attachment":[{"href":"https:\/\/vieassociative.be\/actualites\/wp-json\/wp\/v2\/media?parent=8731"}],"wp:term":[{"taxonomy":"category","embeddable":true,"href":"https:\/\/vieassociative.be\/actualites\/wp-json\/wp\/v2\/categories?post=8731"},{"taxonomy":"post_tag","embeddable":true,"href":"https:\/\/vieassociative.be\/actualites\/wp-json\/wp\/v2\/tags?post=8731"}],"curies":[{"name":"wp","href":"https:\/\/api.w.org\/{rel}","templated":true}]}}