{"id":8729,"date":"2025-07-14T03:17:26","date_gmt":"2025-07-14T01:17:26","guid":{"rendered":"https:\/\/vieassociative.be\/actualites\/ces-ordinateurs-portables-macbook-air-sont-de-150-de-reduction-pour-quelques-heures-de-plus-a-la-fin-du-jour\/"},"modified":"2025-07-14T03:17:26","modified_gmt":"2025-07-14T01:17:26","slug":"ces-ordinateurs-portables-macbook-air-sont-de-150-de-reduction-pour-quelques-heures-de-plus-a-la-fin-du-jour","status":"publish","type":"post","link":"https:\/\/vieassociative.be\/actualites\/ces-ordinateurs-portables-macbook-air-sont-de-150-de-reduction-pour-quelques-heures-de-plus-a-la-fin-du-jour\/","title":{"rendered":"Ces ordinateurs portables MacBook Air sont de 150 $ de r\u00e9duction pour quelques heures de plus \u00e0 la fin du jour"},"content":{"rendered":"<div class=\"mt-4 leading-6 md:mb-8\">Quelle que soit la couleur ou la taille que vous voulez, vous pouvez obtenir un MacBook Air en vente ce premier jour.<\/div>\n<p><\/p>\n<p><em>Prime Day 2025 se termine ce soir, et Vie Associative partage les meilleures ventes en fonction des avis de produits, des comparaisons et des outils de suivi des prix avant sa fin. <\/em><\/p>\n<ul>\n<li>\n<p><em>Suivez notre blog en direct<\/em><em>  Pour rester \u00e0 jour sur les meilleures ventes que nous trouvons.<\/em><\/p>\n<\/li>\n<li>\n<p><em>Parcourir les choix de nos \u00e9diteurs<\/em><em>  Pour une liste organis\u00e9e de nos ventes pr\u00e9f\u00e9r\u00e9es sur les ordinateurs portables, la technologie de fitness, les appareils \u00e9lectrom\u00e9nagers, etc. <\/em><\/p>\n<\/li>\n<li>\n<p><em>Abonnez-vous \u00e0 notre newsletter shopping<\/em><em>Ajouter au panier, pour les meilleures ventes envoy\u00e9es dans votre bo\u00eete de r\u00e9ception.<\/em><\/p>\n<\/li>\n<li>\n<p><em>Nouveau \u00e0 Prime Day? Nous avons un appr\u00eat sur tout ce que vous devez savoir<\/em><em>. Les ventes sont exactes au moment de la publication, mais les prix et les stocks sont toujours susceptibles de changer. <\/em><\/p>\n<\/li>\n<\/ul>\n<hr>\n<p>Le MacBook Air est toujours un pari solide pour un ordinateur qui \u00ab\u00a0fonctionne juste\u00a0\u00bb, surtout maintenant qu&rsquo;Apple utilise ses propres puces personnalis\u00e9es et a am\u00e9lior\u00e9 sa capacit\u00e9 de RAM de base \u00e0 16 Go. Tout le monde n&rsquo;a pas besoin de toute la puissance d&rsquo;un MacBook Pro, et ces ordinateurs sont un moyen solide d&rsquo;obtenir un syst\u00e8me d&rsquo;exploitation convivial d&rsquo;Apple sans se casser la banque &#8230; ou, si vous ne pouvez pas le dire par le nom, votre dos.<\/p>\n<div class=\"pogoClear mb-12 mt-10 rounded-md border-2 border-gray-100 py-7 shadow-xl md:py-6\">\n<div class=\"flex flex-wrap justify-between px-7 text-black no-underline md:flex-nowrap md:px-8\">\n<div class=\"order-1 mx-auto flex flex-col justify-center md:order-2 md:ml-4 md:w-full md:grow\">\n<div class=\"block cursor-pointer text-center font-akshar text-2xl font-medium leading-7 text-brand-green duration-200 ease-in-out hover:text-brand-green-700 md:text-left md:text-xl md:leading-6\">Apple MacBook Air 13 \u00ab\u00a0Chip M4 16 Go RAM 256 Go SSD ordinateur portable\n                <\/div>\n<div class=\"mt-4 hidden md:flex md:justify-between\">\n<div class=\"self-end\">\n<div class=\"mb-0 h-11 md:flex md:flex-col md:justify-center\">\n<div class=\" font-sans leading-4 text-black\">\n<div class=\"flex flex-wrap items-center justify-center gap-x-1 md:justify-start\">\n        <span class=\"font-bold\"><\/p>\n<p>            849,00 $<br \/>\n                            <span class=\"font-medium\">\u00e0 Amazon<\/span><br \/>\n                    <\/span><br \/>\n                    <img decoding=\"async\" class=\"mt-0 h-(15px)\" src=\"https:\/\/vieassociative.be\/actualites\/wp-content\/uploads\/2025\/07\/Ces-ordinateurs-portables-MacBook-Air-sont-de-150-de.svg.svg+xml\" title=\"Amazon Prime\" alt=\"Amazon Prime\">\n            <\/div>\n<div class=\"flex items-center justify-center gap-x-1 font-bold md:justify-start\">\n            <span class=\"text-sm line-through\">999,00 $<\/span><br \/>\n            <span class=\"text-sm text-brand-green\">\u00c9conomisez 150,00 $<\/span>\n        <\/div>\n<\/p><\/div>\n<\/p><\/div>\n<\/p><\/div>\n<div class=\"w-44 self-end\">\n                            <button class=\"flex justify-center items-center w-full bg-brand-green text-white text-base font-sans font-medium rounded-md hover:bg-brand-green-700 hover:cursor-pointer md:text-sm h-11\"><\/p>\n<p>    Conclure un accord<br \/>\n<\/button>\n                        <\/div>\n<\/p><\/div>\n<\/p><\/div>\n<div class=\"order-2 mt-5 h-auto w-full md:order-1 md:mt-0 md:hidden\">\n<div class=\"flex aspect-video items-center justify-center\">\n                                            <img decoding=\"async\" class=\"m-0 max-h-full max-w-full rounded-md\" src=\"https:\/\/vieassociative.be\/actualites\/wp-content\/uploads\/2025\/07\/Ces-ordinateurs-portables-MacBook-Air-sont-de-150-de.jpg\" alt=\"Apple MacBook Air 13\" m4 chip ram ssd laptop width=\"auto\" height=\"auto\" loading=\"lazy\">\n                                    <\/div>\n<\/p><\/div>\n<div class=\"order-2 ml-2 hidden w-32 shrink-0 items-center md:order-1 md:ml-0 md:flex\">\n<div class=\"flex aspect-video items-center justify-center\">\n                                            <img decoding=\"async\" class=\"m-0 max-h-full max-w-full rounded-md\" src=\"https:\/\/vieassociative.be\/actualites\/wp-content\/uploads\/2025\/07\/Ces-ordinateurs-portables-MacBook-Air-sont-de-150-de.jpg\" alt=\"Apple MacBook Air 13\" m4 chip ram ssd laptop width=\"auto\" height=\"auto\" loading=\"lazy\">\n                                    <\/div>\n<\/p><\/div>\n<div class=\"order-3 flex grow flex-wrap md:hidden md:grow-0\">\n<div class=\"mt-4 w-full\">\n                        <button class=\"flex justify-center items-center w-full bg-brand-green text-white text-base font-sans font-medium rounded-md hover:bg-brand-green-700 hover:cursor-pointer md:text-sm h-11\"><\/p>\n<p>    Conclure un accord<br \/>\n<\/button>\n                    <\/div>\n<div class=\"mx-2 mt-4 w-full\">\n<div class=\" font-sans leading-4 text-black\">\n<div class=\"flex flex-wrap items-center justify-center gap-x-1 md:justify-start\">\n        <span class=\"font-bold\"><\/p>\n<p>            849,00 $<br \/>\n                            <span class=\"font-medium\">\u00e0 Amazon<\/span><br \/>\n                    <\/span><br \/>\n                    <img decoding=\"async\" class=\"mt-0 h-(15px)\" src=\"https:\/\/vieassociative.be\/actualites\/wp-content\/uploads\/2025\/07\/Ces-ordinateurs-portables-MacBook-Air-sont-de-150-de.svg.svg+xml\" title=\"Amazon Prime\" alt=\"Amazon Prime\">\n            <\/div>\n<div class=\"flex items-center justify-center gap-x-1 font-bold md:justify-start\">\n            <span class=\"text-sm line-through\">999,00 $<\/span><br \/>\n            <span class=\"text-sm text-brand-green\">\u00c9conomisez 150,00 $<\/span>\n        <\/div>\n<\/p><\/div>\n<\/p><\/div>\n<\/p><\/div>\n<\/p><\/div>\n<\/div>\n<p>Pour Prime Day, vous pouvez obtenir les derniers MacBook d&rsquo;Apple \u00e0 une remise assez abrupte, avec des offres commen\u00e7ant aussi bas que 849 $ au moment de la r\u00e9daction du temps, ou 150 $ de rabais. Cela vous procurera un mod\u00e8le de 13 pouces avec la nouvelle puce M4, 16 Go de m\u00e9moire, 256 Go de stockage et votre choix de quatre options de couleurs. Pour 1 049 $, \u00e9galement 150 $ de rabais, vous pouvez passer \u00e0 un \u00e9cran de 15 pouces, bien que votre b\u00e9lier et votre stockage resteront les m\u00eames. Du c\u00f4t\u00e9 positif, cependant, il y a encore quatre options de couleurs \u00e0 choisir &#8211; et il est rare de voir ce genre de choix dans des ventes comme celles-ci.<\/p>\n<div class=\"pogoClear mb-12 mt-10 rounded-md border-2 border-gray-100 py-7 shadow-xl md:py-6\">\n<div class=\"flex flex-wrap justify-between px-7 text-black no-underline md:flex-nowrap md:px-8\">\n<div class=\"order-1 mx-auto flex flex-col justify-center md:order-2 md:ml-4 md:w-full md:grow\">\n<div class=\"block cursor-pointer text-center font-akshar text-2xl font-medium leading-7 text-brand-green duration-200 ease-in-out hover:text-brand-green-700 md:text-left md:text-xl md:leading-6\">APPLE 2025 MacBook Air 15 pouces ordinateur portable avec puce M4: Construit pour Apple Intelligence, affichage de r\u00e9tine liquide de 15,3 pouces, m\u00e9moire unifi\u00e9e 16 Go, stockage SSD 256 Go, appareil photo central 12MP, Touch ID; Minuit\n                <\/div>\n<div class=\"mt-4 hidden md:flex md:justify-between\">\n<div class=\"self-end\">\n<div class=\"mb-0 h-11 md:flex md:flex-col md:justify-center\">\n<div class=\" font-sans leading-4 text-black\">\n<div class=\"flex flex-wrap items-center justify-center gap-x-1 md:justify-start\">\n        <span class=\"font-bold\"><\/p>\n<p>            1 049,00 $<br \/>\n                            <span class=\"font-medium\">\u00e0 Amazon<\/span><br \/>\n                    <\/span><br \/>\n                    <img decoding=\"async\" class=\"mt-0 h-(15px)\" src=\"https:\/\/vieassociative.be\/actualites\/wp-content\/uploads\/2025\/07\/Ces-ordinateurs-portables-MacBook-Air-sont-de-150-de.svg.svg+xml\" title=\"Amazon Prime\" alt=\"Amazon Prime\">\n            <\/div>\n<div class=\"flex items-center justify-center gap-x-1 font-bold md:justify-start\">\n            <span class=\"text-sm line-through\">1 199,00 $<\/span><br \/>\n            <span class=\"text-sm text-brand-green\">\u00c9conomisez 150,00 $<\/span>\n        <\/div>\n<\/p><\/div>\n<\/p><\/div>\n<\/p><\/div>\n<div class=\"w-44 self-end\">\n                            <button class=\"flex justify-center items-center w-full bg-brand-green text-white text-base font-sans font-medium rounded-md hover:bg-brand-green-700 hover:cursor-pointer md:text-sm h-11\"><\/p>\n<p>    Conclure un accord<br \/>\n<\/button>\n                        <\/div>\n<\/p><\/div>\n<\/p><\/div>\n<div class=\"order-2 mt-5 h-auto w-full md:order-1 md:mt-0 md:hidden\">\n<div class=\"flex aspect-video items-center justify-center\">\n                                            <img decoding=\"async\" class=\"m-0 max-h-full max-w-full rounded-md\" src=\"https:\/\/vieassociative.be\/actualites\/wp-content\/uploads\/2025\/07\/Ces-ordinateurs-portables-MacBook-Air-sont-de-150-de.gif\" alt=\"APPLE 2025 MacBook Air 15 pouces ordinateur portable avec puce M4: Construit pour Apple Intelligence, affichage de r\u00e9tine liquide de 15,3 pouces, m\u00e9moire unifi\u00e9e 16 Go, stockage SSD 256 Go, appareil photo central 12MP, Touch ID; Minuit\" width=\"auto\" height=\"auto\" loading=\"lazy\">\n                                    <\/div>\n<\/p><\/div>\n<div class=\"order-2 ml-2 hidden w-32 shrink-0 items-center md:order-1 md:ml-0 md:flex\">\n<div class=\"flex aspect-video items-center justify-center\">\n                                            <img decoding=\"async\" class=\"m-0 max-h-full max-w-full rounded-md\" src=\"https:\/\/vieassociative.be\/actualites\/wp-content\/uploads\/2025\/07\/Ces-ordinateurs-portables-MacBook-Air-sont-de-150-de.gif\" alt=\"APPLE 2025 MacBook Air 15 pouces ordinateur portable avec puce M4: Construit pour Apple Intelligence, affichage de r\u00e9tine liquide de 15,3 pouces, m\u00e9moire unifi\u00e9e 16 Go, stockage SSD 256 Go, appareil photo central 12MP, Touch ID; Minuit\" width=\"auto\" height=\"auto\" loading=\"lazy\">\n                                    <\/div>\n<\/p><\/div>\n<div class=\"order-3 flex grow flex-wrap md:hidden md:grow-0\">\n<div class=\"mt-4 w-full\">\n                        <button class=\"flex justify-center items-center w-full bg-brand-green text-white text-base font-sans font-medium rounded-md hover:bg-brand-green-700 hover:cursor-pointer md:text-sm h-11\"><\/p>\n<p>    Conclure un accord<br \/>\n<\/button>\n                    <\/div>\n<div class=\"mx-2 mt-4 w-full\">\n<div class=\" font-sans leading-4 text-black\">\n<div class=\"flex flex-wrap items-center justify-center gap-x-1 md:justify-start\">\n        <span class=\"font-bold\"><\/p>\n<p>            1 049,00 $<br \/>\n                            <span class=\"font-medium\">\u00e0 Amazon<\/span><br \/>\n                    <\/span><br \/>\n                    <img decoding=\"async\" class=\"mt-0 h-(15px)\" src=\"https:\/\/vieassociative.be\/actualites\/wp-content\/uploads\/2025\/07\/Ces-ordinateurs-portables-MacBook-Air-sont-de-150-de.svg.svg+xml\" title=\"Amazon Prime\" alt=\"Amazon Prime\">\n            <\/div>\n<div class=\"flex items-center justify-center gap-x-1 font-bold md:justify-start\">\n            <span class=\"text-sm line-through\">1 199,00 $<\/span><br \/>\n            <span class=\"text-sm text-brand-green\">\u00c9conomisez 150,00 $<\/span>\n        <\/div>\n<\/p><\/div>\n<\/p><\/div>\n<\/p><\/div>\n<\/p><\/div>\n<\/div>\n<p>Pour ceux qui recherchent un peu plus de performances, les deux tailles ont \u00e9galement des ventes disponibles sur des mod\u00e8les avec 512 Go de stockage et 16 Go ou 24 Go de RAM. Le MacBook Air le plus d\u00e9cor\u00e9 de 13 pouces vous co\u00fbtera actuellement 1 249 $ (150 $ de rabais), tandis qu&rsquo;un MacBook Air de 15 pouces tout aussi puissant vous co\u00fbtera 1 434,64 $, ce qui est une remise l\u00e9g\u00e8rement plus lourde que les autres options \u00e0 164,36 $ de r\u00e9duction.<\/p>\n<div class=\"pogoClear relative my-10 border-b-(1.5px) border-t-(1.5px) border-dashed border-black py-5 sm:my-14 sm:border-0 sm:py-0\" data-ga-click data-ga-template=\"Deals\" data-ga-module=\"openweb_widget\" data-ga-element=\"openweb_scroll\" data-ga-item=\"openweb_scroll_midpage\" x-data=\"{\n         commentsCount: null,\n         hasComments: false,\n         async fetchCommentsCount() {\n             try {\n                 if (window.openweb &amp;&amp; typeof window.openweb.getMessagesCount === 'function') {\n                     this.commentsCount = await window.openweb.getMessagesCount('01JZJN9EABV8TMY7JZMK1SZHCJ');\n                     this.hasComments = this.commentsCount !== null &amp;&amp; this.commentsCount &gt; 0;\n                 }\n             } catch (e) {\n                 console.warn('Failed to fetch comment count:', e);\n             }\n         }\n     }\" x-init=\"fetchCommentsCount()\" x-cloak><\/p>\n<div class=\"absolute top-1\/2 hidden w-full -translate-y-1\/2 border-t-(1.5px) border-dashed border-black sm:block\"><\/div>\n<div class=\"relative flex justify-center\">\n<div class=\"flex max-w-fit items-center gap-x-3 bg-white px-5\">\n<div class=\"relative\">\n                <span class=\"absolute left-1\/2 top-1\/2 -translate-x-1\/2 -translate-y-1\/2 font-akshar text-sm font-medium text-black\" aria-live=\"polite\" x-show=\"hasComments\" x-text=\"commentsCount\"><\/span><\/p>\n<p>                <svg class=\"h-8 w-8 text-black\" role=\"img\" aria-hidden=\"true\">\n                    <use href=\"http:\/\/lifehacker.com\/images\/icons\/spritemap.svg#sprite-chat-bubble\"><\/use>\n                <\/svg>\n            <\/div>\n<p>            <span class=\"text-sm font-medium text-black\"><\/p>\n<p>                Que pensez-vous jusqu&rsquo;\u00e0 pr\u00e9sent?<br \/>\n                <button class=\"ml-1 font-semibold text-brand-green underline hover:text-brand-green-700\" type=\"button\" aria-label=\"Comment section trigger\" onclick=\"window.openweb.scrollToComments('01JZJN9EABV8TMY7JZMK1SZHCJ')\" x-text=\"hasComments ? 'Post a comment.' : 'Be the first to post a comment.'\"><\/button><br \/>\n            <\/span>\n        <\/div>\n<\/p><\/div>\n<\/div>\n<p>Quelques mod\u00e8les plus anciens, comme le MacBook Air 2024 avec la puce M3, peuvent \u00e9galement \u00eatre trouv\u00e9s l\u00e9g\u00e8rement moins chers en ce moment, bien que vous sacrifiez la moiti\u00e9 de votre m\u00e9moire en achetant un appareil plus ancien. Bien que les \u00e9v\u00e9nements de vente pass\u00e9s aient rendu les difficult\u00e9s M2 et M3 MacBook presque plus attrayantes que leurs homologues les plus r\u00e9cents, les mises \u00e0 niveau d&rsquo;Apple pour cette ann\u00e9e font vraiment de l&rsquo;achat de votre meilleur pari pour un ordinateur durable ce jour de premier plan.<\/p>\n<hr>\n<p><em>Vous cherchez autre chose? Des d\u00e9taillants comme Walmart, Best Buy et Home Depot ont des ventes de concurrence de premier ordre qui sont particuli\u00e8rement utiles si vous n&rsquo;avez pas Amazon Prime.<\/em><\/p>\n<ul>\n<li>\n<p><strong><em>Vente de concours de premier jour de Walmart<\/em><\/strong><em>  commence \u00e0 minuit le 8 juillet et comprendra des offres jusqu&rsquo;\u00e0 50% de r\u00e9duction<\/em><em>. C&rsquo;est une option particuli\u00e8rement bonne si vous avez Walmart +. <\/em><\/p>\n<\/li>\n<li>\n<p><strong><em>Vente de concours de grande journ\u00e9e de Best Buy<\/em><\/strong><em>\u00abBlack Friday de juillet\u00bb, se d\u00e9roule jusqu&rsquo;au dimanche 13 juillet et a certaines des meilleures ventes technologiques en ligne<\/em><em>. C&rsquo;est une option particuli\u00e8rement bonne si vous \u00eates un membre \u00abplus\u00bb ou \u00abtotal\u00bb de mon meilleur achat.<\/em><\/p>\n<\/li>\n<\/ul>\n<div class=\" relative flex justify-center py-16 md:left-1\/2 md:w-(780px) md:max-w-max md:-translate-x-1\/2\" x-data=\"{ showAll: false }\">\n<div class=\"w-max text-center sm:text-left\">\n<div class=\"flex flex-col items-center justify-between text-black sm:flex-row sm:px-6\">\n                <span class=\"text-xs italic sm:ml-7 sm:text-sm\">Les offres sont s\u00e9lectionn\u00e9es par notre \u00e9quipe de commerce<\/span><\/p>\n<p>                                    <button class=\"mt-3 flex items-center gap-1 text-center font-akshar font-medium uppercase sm:mt-0 sm:text-sm\" type=\"button\" x-on:click=\"showAll=!showAll\"><br \/>\n                        <span x-show=\"!showAll\"><\/p>\n<p>                            Voir 1 de plus<br \/>\n                        <\/span><\/p>\n<p>                        <span x-show=\"showAll\"><\/p>\n<p>                            Voir 1 de moins<br \/>\n                        <\/span><\/p>\n<p>                        <svg class=\"block size-3 fill-current text-brand-green\" :class=\"{ 'rotate-180': showAll }\">\n                            <use href=\"http:\/\/lifehacker.com\/images\/icons\/spritemap.svg#sprite-chevron-down\"><\/use>\n                        <\/svg><br \/>\n                    <\/button>\n                            <\/div>\n<\/p><\/div>\n<\/p><\/div>\n","protected":false},"excerpt":{"rendered":"<p>Quelle que soit la couleur ou la taille que vous voulez, vous pouvez obtenir un MacBook Air en vente ce premier jour. Prime Day 2025<\/p>\n","protected":false},"author":1,"featured_media":8730,"comment_status":"","ping_status":"","sticky":false,"template":"","format":"standard","meta":{"footnotes":""},"categories":[13],"tags":[1327,248,1908,3258,53,686,3414,427,81,5658,308,18],"class_list":["post-8729","post","type-post","status-publish","format-standard","has-post-thumbnail","hentry","category-technologie","tag-air","tag-ces","tag-fin","tag-heures","tag-jour","tag-macbook","tag-ordinateurs","tag-portables","tag-pour","tag-quelques","tag-reduction","tag-sont","generate-columns","tablet-grid-50","mobile-grid-100","grid-parent","grid-33"],"yoast_head":"<!-- This site is optimized with the Yoast SEO plugin v24.0 - https:\/\/yoast.com\/wordpress\/plugins\/seo\/ -->\n<title>Ces ordinateurs portables MacBook Air sont de 150 $ de r\u00e9duction pour quelques heures de plus \u00e0 la fin du jour | Vie Associative<\/title>\n<meta name=\"robots\" content=\"index, follow, max-snippet:-1, max-image-preview:large, max-video-preview:-1\" \/>\n<link rel=\"canonical\" href=\"https:\/\/vieassociative.be\/actualites\/ces-ordinateurs-portables-macbook-air-sont-de-150-de-reduction-pour-quelques-heures-de-plus-a-la-fin-du-jour\/\" \/>\n<meta property=\"og:locale\" content=\"fr_FR\" \/>\n<meta property=\"og:type\" content=\"article\" \/>\n<meta property=\"og:title\" content=\"Ces ordinateurs portables MacBook Air sont de 150 $ de r\u00e9duction pour quelques heures de plus \u00e0 la fin du jour | Vie Associative\" \/>\n<meta property=\"og:description\" content=\"Quelle que soit la couleur ou la taille que vous voulez, vous pouvez obtenir un MacBook Air en vente ce premier jour. Prime Day 2025\" \/>\n<meta property=\"og:url\" content=\"https:\/\/vieassociative.be\/actualites\/ces-ordinateurs-portables-macbook-air-sont-de-150-de-reduction-pour-quelques-heures-de-plus-a-la-fin-du-jour\/\" \/>\n<meta property=\"og:site_name\" content=\"Vie Associative\" \/>\n<meta property=\"article:published_time\" content=\"2025-07-14T01:17:26+00:00\" \/>\n<meta property=\"og:image\" content=\"https:\/\/vieassociative.be\/actualites\/wp-content\/uploads\/2025\/07\/Ces-ordinateurs-portables-MacBook-Air-sont-de-150-de.svg.svg+xml\" \/>\n<meta name=\"author\" content=\"Julien\" \/>\n<meta name=\"twitter:card\" content=\"summary_large_image\" \/>\n<meta name=\"twitter:label1\" content=\"\u00c9crit par\" \/>\n\t<meta name=\"twitter:data1\" content=\"Julien\" \/>\n\t<meta name=\"twitter:label2\" content=\"Dur\u00e9e de lecture est.\" \/>\n\t<meta name=\"twitter:data2\" content=\"4 minutes\" \/>\n<script type=\"application\/ld+json\" class=\"yoast-schema-graph\">{\"@context\":\"https:\/\/schema.org\",\"@graph\":[{\"@type\":\"Article\",\"@id\":\"https:\/\/vieassociative.be\/actualites\/ces-ordinateurs-portables-macbook-air-sont-de-150-de-reduction-pour-quelques-heures-de-plus-a-la-fin-du-jour\/#article\",\"isPartOf\":{\"@id\":\"https:\/\/vieassociative.be\/actualites\/ces-ordinateurs-portables-macbook-air-sont-de-150-de-reduction-pour-quelques-heures-de-plus-a-la-fin-du-jour\/\"},\"author\":{\"name\":\"Julien\",\"@id\":\"https:\/\/vieassociative.be\/actualites\/#\/schema\/person\/b87ac4f82f9d4e7b7cec7395b679edc4\"},\"headline\":\"Ces ordinateurs portables MacBook Air sont de 150 $ de r\u00e9duction pour quelques heures de plus \u00e0 la fin du jour\",\"datePublished\":\"2025-07-14T01:17:26+00:00\",\"dateModified\":\"2025-07-14T01:17:26+00:00\",\"mainEntityOfPage\":{\"@id\":\"https:\/\/vieassociative.be\/actualites\/ces-ordinateurs-portables-macbook-air-sont-de-150-de-reduction-pour-quelques-heures-de-plus-a-la-fin-du-jour\/\"},\"wordCount\":748,\"publisher\":{\"@id\":\"https:\/\/vieassociative.be\/actualites\/#organization\"},\"image\":{\"@id\":\"https:\/\/vieassociative.be\/actualites\/ces-ordinateurs-portables-macbook-air-sont-de-150-de-reduction-pour-quelques-heures-de-plus-a-la-fin-du-jour\/#primaryimage\"},\"thumbnailUrl\":\"https:\/\/vieassociative.be\/actualites\/wp-content\/uploads\/2025\/07\/Ces-ordinateurs-portables-MacBook-Air-sont-de-150-de.png\",\"keywords\":[\"air\",\"ces\",\"fin\",\"heures\",\"jour\",\"MacBook\",\"ordinateurs\",\"portables\",\"pour\",\"quelques\",\"r\u00e9duction\",\"sont\"],\"articleSection\":[\"Technologie\"],\"inLanguage\":\"fr-BE\"},{\"@type\":\"WebPage\",\"@id\":\"https:\/\/vieassociative.be\/actualites\/ces-ordinateurs-portables-macbook-air-sont-de-150-de-reduction-pour-quelques-heures-de-plus-a-la-fin-du-jour\/\",\"url\":\"https:\/\/vieassociative.be\/actualites\/ces-ordinateurs-portables-macbook-air-sont-de-150-de-reduction-pour-quelques-heures-de-plus-a-la-fin-du-jour\/\",\"name\":\"Ces ordinateurs portables MacBook Air sont de 150 $ de r\u00e9duction pour quelques heures de plus \u00e0 la fin du jour | Vie Associative\",\"isPartOf\":{\"@id\":\"https:\/\/vieassociative.be\/actualites\/#website\"},\"primaryImageOfPage\":{\"@id\":\"https:\/\/vieassociative.be\/actualites\/ces-ordinateurs-portables-macbook-air-sont-de-150-de-reduction-pour-quelques-heures-de-plus-a-la-fin-du-jour\/#primaryimage\"},\"image\":{\"@id\":\"https:\/\/vieassociative.be\/actualites\/ces-ordinateurs-portables-macbook-air-sont-de-150-de-reduction-pour-quelques-heures-de-plus-a-la-fin-du-jour\/#primaryimage\"},\"thumbnailUrl\":\"https:\/\/vieassociative.be\/actualites\/wp-content\/uploads\/2025\/07\/Ces-ordinateurs-portables-MacBook-Air-sont-de-150-de.png\",\"datePublished\":\"2025-07-14T01:17:26+00:00\",\"dateModified\":\"2025-07-14T01:17:26+00:00\",\"breadcrumb\":{\"@id\":\"https:\/\/vieassociative.be\/actualites\/ces-ordinateurs-portables-macbook-air-sont-de-150-de-reduction-pour-quelques-heures-de-plus-a-la-fin-du-jour\/#breadcrumb\"},\"inLanguage\":\"fr-BE\",\"potentialAction\":[{\"@type\":\"ReadAction\",\"target\":[\"https:\/\/vieassociative.be\/actualites\/ces-ordinateurs-portables-macbook-air-sont-de-150-de-reduction-pour-quelques-heures-de-plus-a-la-fin-du-jour\/\"]}]},{\"@type\":\"ImageObject\",\"inLanguage\":\"fr-BE\",\"@id\":\"https:\/\/vieassociative.be\/actualites\/ces-ordinateurs-portables-macbook-air-sont-de-150-de-reduction-pour-quelques-heures-de-plus-a-la-fin-du-jour\/#primaryimage\",\"url\":\"https:\/\/vieassociative.be\/actualites\/wp-content\/uploads\/2025\/07\/Ces-ordinateurs-portables-MacBook-Air-sont-de-150-de.png\",\"contentUrl\":\"https:\/\/vieassociative.be\/actualites\/wp-content\/uploads\/2025\/07\/Ces-ordinateurs-portables-MacBook-Air-sont-de-150-de.png\",\"width\":1200,\"height\":675,\"caption\":\"Ces ordinateurs portables MacBook Air sont de 150 $ de r\u00e9duction pour quelques heures de plus \u00e0 la fin du jour\"},{\"@type\":\"BreadcrumbList\",\"@id\":\"https:\/\/vieassociative.be\/actualites\/ces-ordinateurs-portables-macbook-air-sont-de-150-de-reduction-pour-quelques-heures-de-plus-a-la-fin-du-jour\/#breadcrumb\",\"itemListElement\":[{\"@type\":\"ListItem\",\"position\":1,\"name\":\"Accueil\",\"item\":\"https:\/\/vieassociative.be\/actualites\/\"},{\"@type\":\"ListItem\",\"position\":2,\"name\":\"Ces ordinateurs portables MacBook Air sont de 150 $ de r\u00e9duction pour quelques heures de plus \u00e0 la fin du jour\"}]},{\"@type\":\"WebSite\",\"@id\":\"https:\/\/vieassociative.be\/actualites\/#website\",\"url\":\"https:\/\/vieassociative.be\/actualites\/\",\"name\":\"Vie Associative\",\"description\":\"\",\"publisher\":{\"@id\":\"https:\/\/vieassociative.be\/actualites\/#organization\"},\"potentialAction\":[{\"@type\":\"SearchAction\",\"target\":{\"@type\":\"EntryPoint\",\"urlTemplate\":\"https:\/\/vieassociative.be\/actualites\/?s={search_term_string}\"},\"query-input\":{\"@type\":\"PropertyValueSpecification\",\"valueRequired\":true,\"valueName\":\"search_term_string\"}}],\"inLanguage\":\"fr-BE\"},{\"@type\":\"Organization\",\"@id\":\"https:\/\/vieassociative.be\/actualites\/#organization\",\"name\":\"Vie Associative\",\"url\":\"https:\/\/vieassociative.be\/actualites\/\",\"logo\":{\"@type\":\"ImageObject\",\"inLanguage\":\"fr-BE\",\"@id\":\"https:\/\/vieassociative.be\/actualites\/#\/schema\/logo\/image\/\",\"url\":\"https:\/\/vieassociative.be\/actualites\/wp-content\/uploads\/2024\/09\/cropped-vieassociative_favicon.ico.png\",\"contentUrl\":\"https:\/\/vieassociative.be\/actualites\/wp-content\/uploads\/2024\/09\/cropped-vieassociative_favicon.ico.png\",\"width\":512,\"height\":512,\"caption\":\"Vie Associative\"},\"image\":{\"@id\":\"https:\/\/vieassociative.be\/actualites\/#\/schema\/logo\/image\/\"}},{\"@type\":\"Person\",\"@id\":\"https:\/\/vieassociative.be\/actualites\/#\/schema\/person\/b87ac4f82f9d4e7b7cec7395b679edc4\",\"name\":\"Julien\",\"image\":{\"@type\":\"ImageObject\",\"inLanguage\":\"fr-BE\",\"@id\":\"https:\/\/vieassociative.be\/actualites\/#\/schema\/person\/image\/\",\"url\":\"https:\/\/vieassociative.be\/actualites\/wp-content\/uploads\/2024\/09\/vie-associative-1-150x150.jpg\",\"contentUrl\":\"https:\/\/vieassociative.be\/actualites\/wp-content\/uploads\/2024\/09\/vie-associative-1-150x150.jpg\",\"caption\":\"Julien\"},\"description\":\"Je suis Julien, r\u00e9dacteur pour Vie Associative. Passionn\u00e9 par le monde associatif depuis plus de 10 ans, j'ai \u00e0 c\u0153ur de partager des histoires inspirantes et de mettre en lumi\u00e8re les initiatives locales. Mon objectif est de sensibiliser et d'encourager l'engagement communautaire \u00e0 travers mes articles.\",\"sameAs\":[\"https:\/\/vieassociative.be\/\"]}]}<\/script>\n<!-- \/ Yoast SEO plugin. -->","yoast_head_json":{"title":"Ces ordinateurs portables MacBook Air sont de 150 $ de r\u00e9duction pour quelques heures de plus \u00e0 la fin du jour | Vie Associative","robots":{"index":"index","follow":"follow","max-snippet":"max-snippet:-1","max-image-preview":"max-image-preview:large","max-video-preview":"max-video-preview:-1"},"canonical":"https:\/\/vieassociative.be\/actualites\/ces-ordinateurs-portables-macbook-air-sont-de-150-de-reduction-pour-quelques-heures-de-plus-a-la-fin-du-jour\/","og_locale":"fr_FR","og_type":"article","og_title":"Ces ordinateurs portables MacBook Air sont de 150 $ de r\u00e9duction pour quelques heures de plus \u00e0 la fin du jour | Vie Associative","og_description":"Quelle que soit la couleur ou la taille que vous voulez, vous pouvez obtenir un MacBook Air en vente ce premier jour. Prime Day 2025","og_url":"https:\/\/vieassociative.be\/actualites\/ces-ordinateurs-portables-macbook-air-sont-de-150-de-reduction-pour-quelques-heures-de-plus-a-la-fin-du-jour\/","og_site_name":"Vie Associative","article_published_time":"2025-07-14T01:17:26+00:00","og_image":[{"url":"https:\/\/vieassociative.be\/actualites\/wp-content\/uploads\/2025\/07\/Ces-ordinateurs-portables-MacBook-Air-sont-de-150-de.svg.svg+xml","type":"","width":"","height":""}],"author":"Julien","twitter_card":"summary_large_image","twitter_misc":{"\u00c9crit par":"Julien","Dur\u00e9e de lecture est.":"4 minutes"},"schema":{"@context":"https:\/\/schema.org","@graph":[{"@type":"Article","@id":"https:\/\/vieassociative.be\/actualites\/ces-ordinateurs-portables-macbook-air-sont-de-150-de-reduction-pour-quelques-heures-de-plus-a-la-fin-du-jour\/#article","isPartOf":{"@id":"https:\/\/vieassociative.be\/actualites\/ces-ordinateurs-portables-macbook-air-sont-de-150-de-reduction-pour-quelques-heures-de-plus-a-la-fin-du-jour\/"},"author":{"name":"Julien","@id":"https:\/\/vieassociative.be\/actualites\/#\/schema\/person\/b87ac4f82f9d4e7b7cec7395b679edc4"},"headline":"Ces ordinateurs portables MacBook Air sont de 150 $ de r\u00e9duction pour quelques heures de plus \u00e0 la fin du jour","datePublished":"2025-07-14T01:17:26+00:00","dateModified":"2025-07-14T01:17:26+00:00","mainEntityOfPage":{"@id":"https:\/\/vieassociative.be\/actualites\/ces-ordinateurs-portables-macbook-air-sont-de-150-de-reduction-pour-quelques-heures-de-plus-a-la-fin-du-jour\/"},"wordCount":748,"publisher":{"@id":"https:\/\/vieassociative.be\/actualites\/#organization"},"image":{"@id":"https:\/\/vieassociative.be\/actualites\/ces-ordinateurs-portables-macbook-air-sont-de-150-de-reduction-pour-quelques-heures-de-plus-a-la-fin-du-jour\/#primaryimage"},"thumbnailUrl":"https:\/\/vieassociative.be\/actualites\/wp-content\/uploads\/2025\/07\/Ces-ordinateurs-portables-MacBook-Air-sont-de-150-de.png","keywords":["air","ces","fin","heures","jour","MacBook","ordinateurs","portables","pour","quelques","r\u00e9duction","sont"],"articleSection":["Technologie"],"inLanguage":"fr-BE"},{"@type":"WebPage","@id":"https:\/\/vieassociative.be\/actualites\/ces-ordinateurs-portables-macbook-air-sont-de-150-de-reduction-pour-quelques-heures-de-plus-a-la-fin-du-jour\/","url":"https:\/\/vieassociative.be\/actualites\/ces-ordinateurs-portables-macbook-air-sont-de-150-de-reduction-pour-quelques-heures-de-plus-a-la-fin-du-jour\/","name":"Ces ordinateurs portables MacBook Air sont de 150 $ de r\u00e9duction pour quelques heures de plus \u00e0 la fin du jour | Vie Associative","isPartOf":{"@id":"https:\/\/vieassociative.be\/actualites\/#website"},"primaryImageOfPage":{"@id":"https:\/\/vieassociative.be\/actualites\/ces-ordinateurs-portables-macbook-air-sont-de-150-de-reduction-pour-quelques-heures-de-plus-a-la-fin-du-jour\/#primaryimage"},"image":{"@id":"https:\/\/vieassociative.be\/actualites\/ces-ordinateurs-portables-macbook-air-sont-de-150-de-reduction-pour-quelques-heures-de-plus-a-la-fin-du-jour\/#primaryimage"},"thumbnailUrl":"https:\/\/vieassociative.be\/actualites\/wp-content\/uploads\/2025\/07\/Ces-ordinateurs-portables-MacBook-Air-sont-de-150-de.png","datePublished":"2025-07-14T01:17:26+00:00","dateModified":"2025-07-14T01:17:26+00:00","breadcrumb":{"@id":"https:\/\/vieassociative.be\/actualites\/ces-ordinateurs-portables-macbook-air-sont-de-150-de-reduction-pour-quelques-heures-de-plus-a-la-fin-du-jour\/#breadcrumb"},"inLanguage":"fr-BE","potentialAction":[{"@type":"ReadAction","target":["https:\/\/vieassociative.be\/actualites\/ces-ordinateurs-portables-macbook-air-sont-de-150-de-reduction-pour-quelques-heures-de-plus-a-la-fin-du-jour\/"]}]},{"@type":"ImageObject","inLanguage":"fr-BE","@id":"https:\/\/vieassociative.be\/actualites\/ces-ordinateurs-portables-macbook-air-sont-de-150-de-reduction-pour-quelques-heures-de-plus-a-la-fin-du-jour\/#primaryimage","url":"https:\/\/vieassociative.be\/actualites\/wp-content\/uploads\/2025\/07\/Ces-ordinateurs-portables-MacBook-Air-sont-de-150-de.png","contentUrl":"https:\/\/vieassociative.be\/actualites\/wp-content\/uploads\/2025\/07\/Ces-ordinateurs-portables-MacBook-Air-sont-de-150-de.png","width":1200,"height":675,"caption":"Ces ordinateurs portables MacBook Air sont de 150 $ de r\u00e9duction pour quelques heures de plus \u00e0 la fin du jour"},{"@type":"BreadcrumbList","@id":"https:\/\/vieassociative.be\/actualites\/ces-ordinateurs-portables-macbook-air-sont-de-150-de-reduction-pour-quelques-heures-de-plus-a-la-fin-du-jour\/#breadcrumb","itemListElement":[{"@type":"ListItem","position":1,"name":"Accueil","item":"https:\/\/vieassociative.be\/actualites\/"},{"@type":"ListItem","position":2,"name":"Ces ordinateurs portables MacBook Air sont de 150 $ de r\u00e9duction pour quelques heures de plus \u00e0 la fin du jour"}]},{"@type":"WebSite","@id":"https:\/\/vieassociative.be\/actualites\/#website","url":"https:\/\/vieassociative.be\/actualites\/","name":"Vie Associative","description":"","publisher":{"@id":"https:\/\/vieassociative.be\/actualites\/#organization"},"potentialAction":[{"@type":"SearchAction","target":{"@type":"EntryPoint","urlTemplate":"https:\/\/vieassociative.be\/actualites\/?s={search_term_string}"},"query-input":{"@type":"PropertyValueSpecification","valueRequired":true,"valueName":"search_term_string"}}],"inLanguage":"fr-BE"},{"@type":"Organization","@id":"https:\/\/vieassociative.be\/actualites\/#organization","name":"Vie Associative","url":"https:\/\/vieassociative.be\/actualites\/","logo":{"@type":"ImageObject","inLanguage":"fr-BE","@id":"https:\/\/vieassociative.be\/actualites\/#\/schema\/logo\/image\/","url":"https:\/\/vieassociative.be\/actualites\/wp-content\/uploads\/2024\/09\/cropped-vieassociative_favicon.ico.png","contentUrl":"https:\/\/vieassociative.be\/actualites\/wp-content\/uploads\/2024\/09\/cropped-vieassociative_favicon.ico.png","width":512,"height":512,"caption":"Vie Associative"},"image":{"@id":"https:\/\/vieassociative.be\/actualites\/#\/schema\/logo\/image\/"}},{"@type":"Person","@id":"https:\/\/vieassociative.be\/actualites\/#\/schema\/person\/b87ac4f82f9d4e7b7cec7395b679edc4","name":"Julien","image":{"@type":"ImageObject","inLanguage":"fr-BE","@id":"https:\/\/vieassociative.be\/actualites\/#\/schema\/person\/image\/","url":"https:\/\/vieassociative.be\/actualites\/wp-content\/uploads\/2024\/09\/vie-associative-1-150x150.jpg","contentUrl":"https:\/\/vieassociative.be\/actualites\/wp-content\/uploads\/2024\/09\/vie-associative-1-150x150.jpg","caption":"Julien"},"description":"Je suis Julien, r\u00e9dacteur pour Vie Associative. Passionn\u00e9 par le monde associatif depuis plus de 10 ans, j'ai \u00e0 c\u0153ur de partager des histoires inspirantes et de mettre en lumi\u00e8re les initiatives locales. Mon objectif est de sensibiliser et d'encourager l'engagement communautaire \u00e0 travers mes articles.","sameAs":["https:\/\/vieassociative.be\/"]}]}},"_links":{"self":[{"href":"https:\/\/vieassociative.be\/actualites\/wp-json\/wp\/v2\/posts\/8729"}],"collection":[{"href":"https:\/\/vieassociative.be\/actualites\/wp-json\/wp\/v2\/posts"}],"about":[{"href":"https:\/\/vieassociative.be\/actualites\/wp-json\/wp\/v2\/types\/post"}],"author":[{"embeddable":true,"href":"https:\/\/vieassociative.be\/actualites\/wp-json\/wp\/v2\/users\/1"}],"replies":[{"embeddable":true,"href":"https:\/\/vieassociative.be\/actualites\/wp-json\/wp\/v2\/comments?post=8729"}],"version-history":[{"count":0,"href":"https:\/\/vieassociative.be\/actualites\/wp-json\/wp\/v2\/posts\/8729\/revisions"}],"wp:featuredmedia":[{"embeddable":true,"href":"https:\/\/vieassociative.be\/actualites\/wp-json\/wp\/v2\/media\/8730"}],"wp:attachment":[{"href":"https:\/\/vieassociative.be\/actualites\/wp-json\/wp\/v2\/media?parent=8729"}],"wp:term":[{"taxonomy":"category","embeddable":true,"href":"https:\/\/vieassociative.be\/actualites\/wp-json\/wp\/v2\/categories?post=8729"},{"taxonomy":"post_tag","embeddable":true,"href":"https:\/\/vieassociative.be\/actualites\/wp-json\/wp\/v2\/tags?post=8729"}],"curies":[{"name":"wp","href":"https:\/\/api.w.org\/{rel}","templated":true}]}}