{"id":8727,"date":"2025-07-13T22:18:20","date_gmt":"2025-07-13T20:18:20","guid":{"rendered":"https:\/\/vieassociative.be\/actualites\/le-pecheur-triomphe-a-wimbledon-et-dephron-alcaraz\/"},"modified":"2025-07-13T22:18:20","modified_gmt":"2025-07-13T20:18:20","slug":"le-pecheur-triomphe-a-wimbledon-et-dephron-alcaraz","status":"publish","type":"post","link":"https:\/\/vieassociative.be\/actualites\/le-pecheur-triomphe-a-wimbledon-et-dephron-alcaraz\/","title":{"rendered":"Le p\u00e9cheur triomphe \u00e0 Wimbledon et Dephron Alcaraz"},"content":{"rendered":"<p><strong>Jannik Sinner emp\u00eache le troisi\u00e8me titre de Wimbledon de Carlos Alcaraz. La finale ne peut pas suivre le duel \u00e9pique \u00e0 Paris. Une curiosit\u00e9 ne retient pas le vainqueur.<\/strong><\/p>\n<p><span id=\"more-420021\"><\/span>Pendant quelques secondes, Jannik Sinner a \u00e9cart\u00e9 ses bras, s&rsquo;est mis \u00e0 genoux et a frapp\u00e9 sur la pelouse encore et encore. L&rsquo;Italien a c\u00e9l\u00e9br\u00e9 sa premi\u00e8re triomphe \u00e0 Wimbledon, avec laquelle il a emp\u00each\u00e9 l&rsquo;astuce du chapeau de titre de Carlos Alcaraz sur l&rsquo;herbe.<\/p>\n<p>L&rsquo;Italien de 23 ans a remport\u00e9 le duel final avec une grande excitation du meilleur professionnel de tennis 4: 6, 6: 4, 6: 4, 6: 4 et a remport\u00e9 son quatri\u00e8me troph\u00e9e du Grand Chelem. Il a fi\u00e8rement accept\u00e9 le troph\u00e9e d&rsquo;or de la princesse Kate.<\/p>\n<\/p>\n<div id=\"attachment_420023\" class=\"wp-caption alignleft\" style=\"max-width: 300px\"><img fetchpriority=\"high\" decoding=\"async\" class=\"wp-image-420023 size-medium\" src=\"https:\/\/vieassociative.be\/actualites\/wp-content\/uploads\/2025\/07\/Le-pecheur-triomphe-a-Wimbledon-et-Dephron-Alcaraz.jpg\" alt=\"\" width=\"300\" height=\"200\"><\/p>\n<p class=\"wp-caption-text\">13\/07\/2025, Grande-Bretagne, Londres: Le p\u00e9cheur italien Jannik (L) et l&rsquo;Espagnol Carlos Alcaraz posent avec leurs troph\u00e9es. Photo: Kirsty Wigglesworth \/ AP \/ DPA<\/p>\n<\/div>\n<p>\u00ab\u00a0C&rsquo;est tellement sp\u00e9cial, tellement g\u00e9nial de gagner ici. Quand j&rsquo;\u00e9tais jeune, c&rsquo;\u00e9tait juste un r\u00eave, le r\u00eave des r\u00eaves parce que c&rsquo;\u00e9tait si loin\u00a0\u00bb, a d\u00e9clar\u00e9 Sinner et a \u00e9galement amen\u00e9 des mots \u00e0 son adversaire. \u00ab\u00a0Vous gagnerez toujours de nombreux titres ici &#8211; mais vous en avez d\u00e9j\u00e0 deux.\u00a0\u00bb<\/p>\n<p>Le p\u00e9cheur a pu rire \u00e0 nouveau de la sc\u00e8ne la plus curieuse de la finale: dans le deuxi\u00e8me set, les bouchons de la bouteille de champagne d&rsquo;un fan ont atterri juste \u00e0 c\u00f4t\u00e9 de lui quand il voulait ouvrir. Puis il a \u00e9limin\u00e9 le bouchon de la pelouse. \u00ab\u00a0C&rsquo;est un tournoi tr\u00e8s cher\u00a0\u00bb, a plaisant\u00e9 Sinner.<\/p>\n<p>&#8211; La presse italienne a applaudi: la premi\u00e8re liste mondiale a fait la vengeance r\u00e9ussie de la finale \u00e9pique de l&rsquo;Open de France il y a un mois, qu&rsquo;il avait perdu en cinq sets apr\u00e8s cinq heures et demie contre l&rsquo;Espagnol Alcaraz. \u00ab\u00a0Sinner King of Wimbledon\u00a0\u00bb, a titr\u00e9 le \u00ab\u00a0Gazzetta dello Sport\u00a0\u00bb.<\/p>\n<p>Avant les yeux du prince William et de la princesse Kate ainsi que du roi espagnol Felipe VI. Cependant, la finale ne pouvait pas toujours suivre la tension et le niveau de l&rsquo;\u00e9preuve de force \u00e0 Paris. <\/p>\n<\/p>\n<div id=\"attachment_420024\" class=\"wp-caption alignleft\" style=\"max-width: 300px\"><img decoding=\"async\" class=\"wp-image-420024 size-medium\" src=\"https:\/\/vieassociative.be\/actualites\/wp-content\/uploads\/2025\/07\/1752437900_917_Le-pecheur-triomphe-a-Wimbledon-et-Dephron-Alcaraz.jpg\" alt=\"\" width=\"300\" height=\"189\"><\/p>\n<p class=\"wp-caption-text\">13\/07\/2025, Grande-Bretagne, Londres: Le Sinner italien Jannik c\u00e9l\u00e8bre sa victoire. Photo: John Walton \/ Pa Wire \/ DPA<\/p>\n<\/div>\n<p>Alcaraz en particulier a montr\u00e9 des faiblesses inhabituelles que le p\u00e9cheur a exploit\u00e9 le froid glaciaire. \u00ab\u00a0Il est toujours difficile de perdre, surtout dans une finale. Vous avez jou\u00e9 un grand tennis pendant deux semaines\u00a0\u00bb, a f\u00e9licit\u00e9 Alcaraz.<\/p>\n<p>Le p\u00e9cheur a pr\u00e9valu contre l&rsquo;Alcaraz de 22 ans pour la premi\u00e8re fois apr\u00e8s cinq d\u00e9faites. Il s&rsquo;agissait du premier titre pour le Tyroleen du Sud depuis l&rsquo;Open d&rsquo;Australie et sa serrure de dopage ult\u00e9rieure.<\/p>\n<p>Avec la finale, le changement de g\u00e9n\u00e9ration dans le tennis mondial a finalement eu lieu \u00e0 Wimbledon. Pour la premi\u00e8re fois depuis 2002, ni Novak Djokovic, qui n&rsquo;a \u00e9t\u00e9 surclass\u00e9 dans les demi-finales de Sinner, ni le Roger Federer d\u00e9j\u00e0 d\u00e9missionn\u00e9, Rafael Nadal et Andy Murray ont jou\u00e9 pour le titre.<\/p>\n<p>En finale de Paris il y a un mois, Alcaraz avait d\u00e9fendu trois balles de match sur du sable. \u00ab\u00a0Je suis tr\u00e8s s\u00fbr qu&rsquo;il a pris beaucoup de la finale de l&rsquo;Open de France qu&rsquo;il sera d\u00e9sormais physiquement et mentalement mieux\u00a0\u00bb, a d\u00e9clar\u00e9 l&rsquo;Espagnol avant le duel. (DPA)<\/p>\n<p><em><strong>Sur le sujet, voir \u00e9galement l&rsquo;article suivant sur OD:<\/strong><\/em><\/p>\n<div class=\"responsive-embed widescreen\">\n<blockquote class=\"wp-embedded-content\" data-secret=\"lyjygkhltR\">\n<p>La victoire finale de Wimbledon 6: 0, 6-0 n&rsquo;a exist\u00e9 qu&rsquo;une seule fois (1911)<\/p>\n<\/blockquote>\n<p><iframe loading=\"lazy\" class=\"wp-embedded-content\" sandbox=\"allow-scripts\" security=\"restricted\" style=\"position: absolute; visibility: hidden;\" title=\"\u201eWimbledon-Finalsieg 6:0, 6:0 gab es bisher nur einmal (1911)\u201c \u2014 Ostbelgien Direkt\" src=\"https:\/\/ostbelgiendirekt.be\/about:blank\" data-secret=\"lyjygkhltR\" width=\"500\" height=\"282\" frameborder=\"0\" marginwidth=\"0\" marginheight=\"0\" scrolling=\"no\" data-rocket-lazyload=\"fitvidscompatible\" data-lazy-src=\"https:\/\/ostbelgiendirekt.be\/wimbledon-finalsieg-60-60-419926\/embed#?secret=63igmG1HhD#?secret=lyjygkhltR\"><\/iframe><noscript><iframe class=\"wp-embedded-content\" sandbox=\"allow-scripts\" security=\"restricted\" style=\"position: absolute; visibility: hidden;\" title=\"\u201eWimbledon-Finalsieg 6:0, 6:0 gab es bisher nur einmal (1911)\u201c \u2014 Ostbelgien Direkt\" src=\"https:\/\/ostbelgiendirekt.be\/wimbledon-finalsieg-60-60-419926\/embed#?secret=63igmG1HhD#?secret=lyjygkhltR\" data-secret=\"lyjygkhltR\" width=\"500\" height=\"282\" frameborder=\"0\" marginwidth=\"0\" marginheight=\"0\" scrolling=\"no\"><\/iframe><\/noscript><\/p>\n<\/div>\n","protected":false},"excerpt":{"rendered":"<p>Jannik Sinner emp\u00eache le troisi\u00e8me titre de Wimbledon de Carlos Alcaraz. La finale ne peut pas suivre le duel \u00e9pique \u00e0 Paris. Une curiosit\u00e9 ne<\/p>\n","protected":false},"author":1,"featured_media":8728,"comment_status":"","ping_status":"","sticky":false,"template":"","format":"standard","meta":{"footnotes":""},"categories":[298],"tags":[7736,7735,7734,6228,7639],"class_list":["post-8727","post","type-post","status-publish","format-standard","has-post-thumbnail","hentry","category-belgique","tag-alcaraz","tag-dephron","tag-pecheur","tag-triomphe","tag-wimbledon","generate-columns","tablet-grid-50","mobile-grid-100","grid-parent","grid-33"],"yoast_head":"<!-- This site is optimized with the Yoast SEO plugin v24.0 - https:\/\/yoast.com\/wordpress\/plugins\/seo\/ -->\n<title>Le p\u00e9cheur triomphe \u00e0 Wimbledon et Dephron Alcaraz | Vie Associative<\/title>\n<meta name=\"robots\" content=\"index, follow, max-snippet:-1, max-image-preview:large, max-video-preview:-1\" \/>\n<link rel=\"canonical\" href=\"https:\/\/vieassociative.be\/actualites\/le-pecheur-triomphe-a-wimbledon-et-dephron-alcaraz\/\" \/>\n<meta property=\"og:locale\" content=\"fr_FR\" \/>\n<meta property=\"og:type\" content=\"article\" \/>\n<meta property=\"og:title\" content=\"Le p\u00e9cheur triomphe \u00e0 Wimbledon et Dephron Alcaraz | Vie Associative\" \/>\n<meta property=\"og:description\" content=\"Jannik Sinner emp\u00eache le troisi\u00e8me titre de Wimbledon de Carlos Alcaraz. La finale ne peut pas suivre le duel \u00e9pique \u00e0 Paris. Une curiosit\u00e9 ne\" \/>\n<meta property=\"og:url\" content=\"https:\/\/vieassociative.be\/actualites\/le-pecheur-triomphe-a-wimbledon-et-dephron-alcaraz\/\" \/>\n<meta property=\"og:site_name\" content=\"Vie Associative\" \/>\n<meta property=\"article:published_time\" content=\"2025-07-13T20:18:20+00:00\" \/>\n<meta property=\"og:image\" content=\"https:\/\/vieassociative.be\/actualites\/wp-content\/uploads\/2024\/09\/header_backgroundk-01-e1726694325946.png\" \/>\n\t<meta property=\"og:image:width\" content=\"279\" \/>\n\t<meta property=\"og:image:height\" content=\"92\" \/>\n\t<meta property=\"og:image:type\" content=\"image\/png\" \/>\n<meta name=\"author\" content=\"Julien\" \/>\n<meta name=\"twitter:card\" content=\"summary_large_image\" \/>\n<meta name=\"twitter:label1\" content=\"\u00c9crit par\" \/>\n\t<meta name=\"twitter:data1\" content=\"Julien\" \/>\n\t<meta name=\"twitter:label2\" content=\"Dur\u00e9e de lecture est.\" \/>\n\t<meta name=\"twitter:data2\" content=\"3 minutes\" \/>\n<script type=\"application\/ld+json\" class=\"yoast-schema-graph\">{\"@context\":\"https:\/\/schema.org\",\"@graph\":[{\"@type\":\"Article\",\"@id\":\"https:\/\/vieassociative.be\/actualites\/le-pecheur-triomphe-a-wimbledon-et-dephron-alcaraz\/#article\",\"isPartOf\":{\"@id\":\"https:\/\/vieassociative.be\/actualites\/le-pecheur-triomphe-a-wimbledon-et-dephron-alcaraz\/\"},\"author\":{\"name\":\"Julien\",\"@id\":\"https:\/\/vieassociative.be\/actualites\/#\/schema\/person\/b87ac4f82f9d4e7b7cec7395b679edc4\"},\"headline\":\"Le p\u00e9cheur triomphe \u00e0 Wimbledon et Dephron Alcaraz\",\"datePublished\":\"2025-07-13T20:18:20+00:00\",\"dateModified\":\"2025-07-13T20:18:20+00:00\",\"mainEntityOfPage\":{\"@id\":\"https:\/\/vieassociative.be\/actualites\/le-pecheur-triomphe-a-wimbledon-et-dephron-alcaraz\/\"},\"wordCount\":608,\"publisher\":{\"@id\":\"https:\/\/vieassociative.be\/actualites\/#organization\"},\"image\":{\"@id\":\"https:\/\/vieassociative.be\/actualites\/le-pecheur-triomphe-a-wimbledon-et-dephron-alcaraz\/#primaryimage\"},\"thumbnailUrl\":\"https:\/\/vieassociative.be\/actualites\/wp-content\/uploads\/2025\/07\/1752437901_Le-pecheur-triomphe-a-Wimbledon-et-Dephron-Alcaraz.jpg\",\"keywords\":[\"Alcaraz\",\"Dephron\",\"p\u00e9cheur\",\"triomphe\",\"Wimbledon\"],\"articleSection\":[\"Belgique\"],\"inLanguage\":\"fr-BE\"},{\"@type\":\"WebPage\",\"@id\":\"https:\/\/vieassociative.be\/actualites\/le-pecheur-triomphe-a-wimbledon-et-dephron-alcaraz\/\",\"url\":\"https:\/\/vieassociative.be\/actualites\/le-pecheur-triomphe-a-wimbledon-et-dephron-alcaraz\/\",\"name\":\"Le p\u00e9cheur triomphe \u00e0 Wimbledon et Dephron Alcaraz | Vie Associative\",\"isPartOf\":{\"@id\":\"https:\/\/vieassociative.be\/actualites\/#website\"},\"primaryImageOfPage\":{\"@id\":\"https:\/\/vieassociative.be\/actualites\/le-pecheur-triomphe-a-wimbledon-et-dephron-alcaraz\/#primaryimage\"},\"image\":{\"@id\":\"https:\/\/vieassociative.be\/actualites\/le-pecheur-triomphe-a-wimbledon-et-dephron-alcaraz\/#primaryimage\"},\"thumbnailUrl\":\"https:\/\/vieassociative.be\/actualites\/wp-content\/uploads\/2025\/07\/1752437901_Le-pecheur-triomphe-a-Wimbledon-et-Dephron-Alcaraz.jpg\",\"datePublished\":\"2025-07-13T20:18:20+00:00\",\"dateModified\":\"2025-07-13T20:18:20+00:00\",\"breadcrumb\":{\"@id\":\"https:\/\/vieassociative.be\/actualites\/le-pecheur-triomphe-a-wimbledon-et-dephron-alcaraz\/#breadcrumb\"},\"inLanguage\":\"fr-BE\",\"potentialAction\":[{\"@type\":\"ReadAction\",\"target\":[\"https:\/\/vieassociative.be\/actualites\/le-pecheur-triomphe-a-wimbledon-et-dephron-alcaraz\/\"]}]},{\"@type\":\"ImageObject\",\"inLanguage\":\"fr-BE\",\"@id\":\"https:\/\/vieassociative.be\/actualites\/le-pecheur-triomphe-a-wimbledon-et-dephron-alcaraz\/#primaryimage\",\"url\":\"https:\/\/vieassociative.be\/actualites\/wp-content\/uploads\/2025\/07\/1752437901_Le-pecheur-triomphe-a-Wimbledon-et-Dephron-Alcaraz.jpg\",\"contentUrl\":\"https:\/\/vieassociative.be\/actualites\/wp-content\/uploads\/2025\/07\/1752437901_Le-pecheur-triomphe-a-Wimbledon-et-Dephron-Alcaraz.jpg\",\"width\":1200,\"height\":800,\"caption\":\"Le p\u00e9cheur triomphe \u00e0 Wimbledon et Dephron Alcaraz\"},{\"@type\":\"BreadcrumbList\",\"@id\":\"https:\/\/vieassociative.be\/actualites\/le-pecheur-triomphe-a-wimbledon-et-dephron-alcaraz\/#breadcrumb\",\"itemListElement\":[{\"@type\":\"ListItem\",\"position\":1,\"name\":\"Accueil\",\"item\":\"https:\/\/vieassociative.be\/actualites\/\"},{\"@type\":\"ListItem\",\"position\":2,\"name\":\"Le p\u00e9cheur triomphe \u00e0 Wimbledon et Dephron Alcaraz\"}]},{\"@type\":\"WebSite\",\"@id\":\"https:\/\/vieassociative.be\/actualites\/#website\",\"url\":\"https:\/\/vieassociative.be\/actualites\/\",\"name\":\"Vie Associative\",\"description\":\"\",\"publisher\":{\"@id\":\"https:\/\/vieassociative.be\/actualites\/#organization\"},\"potentialAction\":[{\"@type\":\"SearchAction\",\"target\":{\"@type\":\"EntryPoint\",\"urlTemplate\":\"https:\/\/vieassociative.be\/actualites\/?s={search_term_string}\"},\"query-input\":{\"@type\":\"PropertyValueSpecification\",\"valueRequired\":true,\"valueName\":\"search_term_string\"}}],\"inLanguage\":\"fr-BE\"},{\"@type\":\"Organization\",\"@id\":\"https:\/\/vieassociative.be\/actualites\/#organization\",\"name\":\"Vie Associative\",\"url\":\"https:\/\/vieassociative.be\/actualites\/\",\"logo\":{\"@type\":\"ImageObject\",\"inLanguage\":\"fr-BE\",\"@id\":\"https:\/\/vieassociative.be\/actualites\/#\/schema\/logo\/image\/\",\"url\":\"https:\/\/vieassociative.be\/actualites\/wp-content\/uploads\/2024\/09\/cropped-vieassociative_favicon.ico.png\",\"contentUrl\":\"https:\/\/vieassociative.be\/actualites\/wp-content\/uploads\/2024\/09\/cropped-vieassociative_favicon.ico.png\",\"width\":512,\"height\":512,\"caption\":\"Vie Associative\"},\"image\":{\"@id\":\"https:\/\/vieassociative.be\/actualites\/#\/schema\/logo\/image\/\"}},{\"@type\":\"Person\",\"@id\":\"https:\/\/vieassociative.be\/actualites\/#\/schema\/person\/b87ac4f82f9d4e7b7cec7395b679edc4\",\"name\":\"Julien\",\"image\":{\"@type\":\"ImageObject\",\"inLanguage\":\"fr-BE\",\"@id\":\"https:\/\/vieassociative.be\/actualites\/#\/schema\/person\/image\/\",\"url\":\"https:\/\/vieassociative.be\/actualites\/wp-content\/uploads\/2024\/09\/vie-associative-1-150x150.jpg\",\"contentUrl\":\"https:\/\/vieassociative.be\/actualites\/wp-content\/uploads\/2024\/09\/vie-associative-1-150x150.jpg\",\"caption\":\"Julien\"},\"description\":\"Je suis Julien, r\u00e9dacteur pour Vie Associative. Passionn\u00e9 par le monde associatif depuis plus de 10 ans, j'ai \u00e0 c\u0153ur de partager des histoires inspirantes et de mettre en lumi\u00e8re les initiatives locales. Mon objectif est de sensibiliser et d'encourager l'engagement communautaire \u00e0 travers mes articles.\",\"sameAs\":[\"https:\/\/vieassociative.be\/\"]}]}<\/script>\n<!-- \/ Yoast SEO plugin. -->","yoast_head_json":{"title":"Le p\u00e9cheur triomphe \u00e0 Wimbledon et Dephron Alcaraz | Vie Associative","robots":{"index":"index","follow":"follow","max-snippet":"max-snippet:-1","max-image-preview":"max-image-preview:large","max-video-preview":"max-video-preview:-1"},"canonical":"https:\/\/vieassociative.be\/actualites\/le-pecheur-triomphe-a-wimbledon-et-dephron-alcaraz\/","og_locale":"fr_FR","og_type":"article","og_title":"Le p\u00e9cheur triomphe \u00e0 Wimbledon et Dephron Alcaraz | Vie Associative","og_description":"Jannik Sinner emp\u00eache le troisi\u00e8me titre de Wimbledon de Carlos Alcaraz. La finale ne peut pas suivre le duel \u00e9pique \u00e0 Paris. Une curiosit\u00e9 ne","og_url":"https:\/\/vieassociative.be\/actualites\/le-pecheur-triomphe-a-wimbledon-et-dephron-alcaraz\/","og_site_name":"Vie Associative","article_published_time":"2025-07-13T20:18:20+00:00","og_image":[{"width":279,"height":92,"url":"https:\/\/vieassociative.be\/actualites\/wp-content\/uploads\/2024\/09\/header_backgroundk-01-e1726694325946.png","type":"image\/png"}],"author":"Julien","twitter_card":"summary_large_image","twitter_misc":{"\u00c9crit par":"Julien","Dur\u00e9e de lecture est.":"3 minutes"},"schema":{"@context":"https:\/\/schema.org","@graph":[{"@type":"Article","@id":"https:\/\/vieassociative.be\/actualites\/le-pecheur-triomphe-a-wimbledon-et-dephron-alcaraz\/#article","isPartOf":{"@id":"https:\/\/vieassociative.be\/actualites\/le-pecheur-triomphe-a-wimbledon-et-dephron-alcaraz\/"},"author":{"name":"Julien","@id":"https:\/\/vieassociative.be\/actualites\/#\/schema\/person\/b87ac4f82f9d4e7b7cec7395b679edc4"},"headline":"Le p\u00e9cheur triomphe \u00e0 Wimbledon et Dephron Alcaraz","datePublished":"2025-07-13T20:18:20+00:00","dateModified":"2025-07-13T20:18:20+00:00","mainEntityOfPage":{"@id":"https:\/\/vieassociative.be\/actualites\/le-pecheur-triomphe-a-wimbledon-et-dephron-alcaraz\/"},"wordCount":608,"publisher":{"@id":"https:\/\/vieassociative.be\/actualites\/#organization"},"image":{"@id":"https:\/\/vieassociative.be\/actualites\/le-pecheur-triomphe-a-wimbledon-et-dephron-alcaraz\/#primaryimage"},"thumbnailUrl":"https:\/\/vieassociative.be\/actualites\/wp-content\/uploads\/2025\/07\/1752437901_Le-pecheur-triomphe-a-Wimbledon-et-Dephron-Alcaraz.jpg","keywords":["Alcaraz","Dephron","p\u00e9cheur","triomphe","Wimbledon"],"articleSection":["Belgique"],"inLanguage":"fr-BE"},{"@type":"WebPage","@id":"https:\/\/vieassociative.be\/actualites\/le-pecheur-triomphe-a-wimbledon-et-dephron-alcaraz\/","url":"https:\/\/vieassociative.be\/actualites\/le-pecheur-triomphe-a-wimbledon-et-dephron-alcaraz\/","name":"Le p\u00e9cheur triomphe \u00e0 Wimbledon et Dephron Alcaraz | Vie Associative","isPartOf":{"@id":"https:\/\/vieassociative.be\/actualites\/#website"},"primaryImageOfPage":{"@id":"https:\/\/vieassociative.be\/actualites\/le-pecheur-triomphe-a-wimbledon-et-dephron-alcaraz\/#primaryimage"},"image":{"@id":"https:\/\/vieassociative.be\/actualites\/le-pecheur-triomphe-a-wimbledon-et-dephron-alcaraz\/#primaryimage"},"thumbnailUrl":"https:\/\/vieassociative.be\/actualites\/wp-content\/uploads\/2025\/07\/1752437901_Le-pecheur-triomphe-a-Wimbledon-et-Dephron-Alcaraz.jpg","datePublished":"2025-07-13T20:18:20+00:00","dateModified":"2025-07-13T20:18:20+00:00","breadcrumb":{"@id":"https:\/\/vieassociative.be\/actualites\/le-pecheur-triomphe-a-wimbledon-et-dephron-alcaraz\/#breadcrumb"},"inLanguage":"fr-BE","potentialAction":[{"@type":"ReadAction","target":["https:\/\/vieassociative.be\/actualites\/le-pecheur-triomphe-a-wimbledon-et-dephron-alcaraz\/"]}]},{"@type":"ImageObject","inLanguage":"fr-BE","@id":"https:\/\/vieassociative.be\/actualites\/le-pecheur-triomphe-a-wimbledon-et-dephron-alcaraz\/#primaryimage","url":"https:\/\/vieassociative.be\/actualites\/wp-content\/uploads\/2025\/07\/1752437901_Le-pecheur-triomphe-a-Wimbledon-et-Dephron-Alcaraz.jpg","contentUrl":"https:\/\/vieassociative.be\/actualites\/wp-content\/uploads\/2025\/07\/1752437901_Le-pecheur-triomphe-a-Wimbledon-et-Dephron-Alcaraz.jpg","width":1200,"height":800,"caption":"Le p\u00e9cheur triomphe \u00e0 Wimbledon et Dephron Alcaraz"},{"@type":"BreadcrumbList","@id":"https:\/\/vieassociative.be\/actualites\/le-pecheur-triomphe-a-wimbledon-et-dephron-alcaraz\/#breadcrumb","itemListElement":[{"@type":"ListItem","position":1,"name":"Accueil","item":"https:\/\/vieassociative.be\/actualites\/"},{"@type":"ListItem","position":2,"name":"Le p\u00e9cheur triomphe \u00e0 Wimbledon et Dephron Alcaraz"}]},{"@type":"WebSite","@id":"https:\/\/vieassociative.be\/actualites\/#website","url":"https:\/\/vieassociative.be\/actualites\/","name":"Vie Associative","description":"","publisher":{"@id":"https:\/\/vieassociative.be\/actualites\/#organization"},"potentialAction":[{"@type":"SearchAction","target":{"@type":"EntryPoint","urlTemplate":"https:\/\/vieassociative.be\/actualites\/?s={search_term_string}"},"query-input":{"@type":"PropertyValueSpecification","valueRequired":true,"valueName":"search_term_string"}}],"inLanguage":"fr-BE"},{"@type":"Organization","@id":"https:\/\/vieassociative.be\/actualites\/#organization","name":"Vie Associative","url":"https:\/\/vieassociative.be\/actualites\/","logo":{"@type":"ImageObject","inLanguage":"fr-BE","@id":"https:\/\/vieassociative.be\/actualites\/#\/schema\/logo\/image\/","url":"https:\/\/vieassociative.be\/actualites\/wp-content\/uploads\/2024\/09\/cropped-vieassociative_favicon.ico.png","contentUrl":"https:\/\/vieassociative.be\/actualites\/wp-content\/uploads\/2024\/09\/cropped-vieassociative_favicon.ico.png","width":512,"height":512,"caption":"Vie Associative"},"image":{"@id":"https:\/\/vieassociative.be\/actualites\/#\/schema\/logo\/image\/"}},{"@type":"Person","@id":"https:\/\/vieassociative.be\/actualites\/#\/schema\/person\/b87ac4f82f9d4e7b7cec7395b679edc4","name":"Julien","image":{"@type":"ImageObject","inLanguage":"fr-BE","@id":"https:\/\/vieassociative.be\/actualites\/#\/schema\/person\/image\/","url":"https:\/\/vieassociative.be\/actualites\/wp-content\/uploads\/2024\/09\/vie-associative-1-150x150.jpg","contentUrl":"https:\/\/vieassociative.be\/actualites\/wp-content\/uploads\/2024\/09\/vie-associative-1-150x150.jpg","caption":"Julien"},"description":"Je suis Julien, r\u00e9dacteur pour Vie Associative. Passionn\u00e9 par le monde associatif depuis plus de 10 ans, j'ai \u00e0 c\u0153ur de partager des histoires inspirantes et de mettre en lumi\u00e8re les initiatives locales. Mon objectif est de sensibiliser et d'encourager l'engagement communautaire \u00e0 travers mes articles.","sameAs":["https:\/\/vieassociative.be\/"]}]}},"_links":{"self":[{"href":"https:\/\/vieassociative.be\/actualites\/wp-json\/wp\/v2\/posts\/8727"}],"collection":[{"href":"https:\/\/vieassociative.be\/actualites\/wp-json\/wp\/v2\/posts"}],"about":[{"href":"https:\/\/vieassociative.be\/actualites\/wp-json\/wp\/v2\/types\/post"}],"author":[{"embeddable":true,"href":"https:\/\/vieassociative.be\/actualites\/wp-json\/wp\/v2\/users\/1"}],"replies":[{"embeddable":true,"href":"https:\/\/vieassociative.be\/actualites\/wp-json\/wp\/v2\/comments?post=8727"}],"version-history":[{"count":0,"href":"https:\/\/vieassociative.be\/actualites\/wp-json\/wp\/v2\/posts\/8727\/revisions"}],"wp:featuredmedia":[{"embeddable":true,"href":"https:\/\/vieassociative.be\/actualites\/wp-json\/wp\/v2\/media\/8728"}],"wp:attachment":[{"href":"https:\/\/vieassociative.be\/actualites\/wp-json\/wp\/v2\/media?parent=8727"}],"wp:term":[{"taxonomy":"category","embeddable":true,"href":"https:\/\/vieassociative.be\/actualites\/wp-json\/wp\/v2\/categories?post=8727"},{"taxonomy":"post_tag","embeddable":true,"href":"https:\/\/vieassociative.be\/actualites\/wp-json\/wp\/v2\/tags?post=8727"}],"curies":[{"name":"wp","href":"https:\/\/api.w.org\/{rel}","templated":true}]}}