{"id":8725,"date":"2025-07-13T21:18:11","date_gmt":"2025-07-13T19:18:11","guid":{"rendered":"https:\/\/vieassociative.be\/actualites\/je-possede-trois-de-ces-tuyaux-retractables-incroyables-et-ils-sont-en-vente-jusqua-la-fin-du-premier-jour-ce-soir\/"},"modified":"2025-07-13T21:18:11","modified_gmt":"2025-07-13T19:18:11","slug":"je-possede-trois-de-ces-tuyaux-retractables-incroyables-et-ils-sont-en-vente-jusqua-la-fin-du-premier-jour-ce-soir","status":"publish","type":"post","link":"https:\/\/vieassociative.be\/actualites\/je-possede-trois-de-ces-tuyaux-retractables-incroyables-et-ils-sont-en-vente-jusqua-la-fin-du-premier-jour-ce-soir\/","title":{"rendered":"Je poss\u00e8de trois de ces tuyaux r\u00e9tractables incroyables, et ils sont en vente jusqu&rsquo;\u00e0 la fin du premier jour ce soir"},"content":{"rendered":"<div class=\"mt-4 leading-6 md:mb-8\">Parce que le transport d&rsquo;un tuyau autour de la cour est aggravant et perfide, et nous m\u00e9ritons mieux.<\/div>\n<p><\/p>\n<p><em>Prime Day 2025 se termine ce soir, et Vie Associative partage les meilleures ventes en fonction des avis de produits, des comparaisons et des outils de suivi des prix avant sa fin. <\/em><\/p>\n<ul>\n<li>\n<p><em>Suivez notre blog en direct<\/em><em>  Pour rester \u00e0 jour sur les meilleures ventes que nous trouvons.<\/em><\/p>\n<\/li>\n<li>\n<p><em>Parcourir les choix de nos \u00e9diteurs<\/em><em>  Pour une liste organis\u00e9e de nos ventes pr\u00e9f\u00e9r\u00e9es sur les ordinateurs portables, la technologie de fitness, les appareils \u00e9lectrom\u00e9nagers, etc. <\/em><\/p>\n<\/li>\n<li>\n<p><em>Abonnez-vous \u00e0 notre newsletter shopping<\/em><em>Ajouter au panier, pour les meilleures ventes envoy\u00e9es dans votre bo\u00eete de r\u00e9ception.<\/em><\/p>\n<\/li>\n<li>\n<p><em>Nouveau \u00e0 Prime Day? Nous avons un appr\u00eat sur tout ce que vous devez savoir<\/em><em>. Les ventes sont exactes au moment de la publication, mais les prix et les stocks sont toujours susceptibles de changer. <\/em><\/p>\n<\/li>\n<\/ul>\n<hr>\n<p>Je suis un jardinier et j&rsquo;ai beaucoup d&rsquo;\u00e9quipement de jardin, mais m\u00eame les pouces noirs avec une cour ont des tuyaux. Et ces tuyaux sont une douleur. Ils serpent \u00e0 travers le sol, demandant d&rsquo;\u00eatre ramen\u00e9s sur des moulinets en plastique bon march\u00e9 ou enroul\u00e9s soigneusement. S&rsquo;ils ne sont pas toujours en place, ils deviennent expos\u00e9s au soleil, ainsi qu&rsquo;aux gens qui marchent dessus, les conduisant ou les tr\u00e9buchant dessus. Mon plus gros probl\u00e8me \u00e9tait que je devais remplacer ces tuyaux chaque ann\u00e9e, et je mets fr\u00e9quemment des plantes et des treillis en essayant d&rsquo;\u00e9tirer un tuyau pour atteindre quelque chose. Ils sont lourds et odieux. <\/p>\n<p>Les outils de girafe ont introduit des rouleaux de tuyaux r\u00e9tractables et muraux il y a quelques ann\u00e9es, et maintenant j&rsquo;en poss\u00e8de trois. Ils montent en quelques minutes, en utilisant seulement quelques vis, et la bobine elle-m\u00eame peut \u00eatre mont\u00e9e par une seule personne dans un instant &#8211; et ils sont en vente pendant quelques heures de plus jusqu&rsquo;\u00e0 la fin du premier jour.<\/p>\n<div class=\"shadow-b-2 mb-12 mt-10 rounded-md border-2 border-(#F0F0F0) px-6 py-2 shadow-lg md:px-12\" role=\"region\" aria-label=\"Products List\" x-data=\"{ showMore: false }\">\n<div class=\"flex w-full gap-x-5\">\n<div class=\"flex w-full flex-col flex-nowrap justify-center gap-2 text-black no-underline md:order-2 md:gap-y-6\">\n<div class=\"flex flex-col justify-between gap-y-2 md:w-full md:gap-y-1\">\n<div class=\"block w-fit cursor-pointer font-akshar text-lg font-medium leading-5 text-brand-green duration-200 ease-in-out hover:text-brand-green-700 md:text-xl md:leading-6\">\n<p>                            Outils de girafe AW30 Garden Reel r\u00e9tractable r\u00e9tractable 1\/2 \u00ab\u00a0x 100 pi\n                        <\/p><\/div>\n<\/p><\/div>\n<div class=\"hidden md:flex md:justify-between md:gap-x-4\">\n<div class=\"w-full mb-0 md:flex md:flex-col md:justify-center font-sans leading-4 text-black\">\n<div class=\"flex flex-wrap items-center justify-center gap-x-1 md:justify-start\">\n        <span class=\"font-bold\"><\/p>\n<p>            117,75 $<br \/>\n                            <span class=\"font-medium\">\u00e0 Amazon<\/span><br \/>\n                    <\/span><br \/>\n                    <img decoding=\"async\" class=\"mt-0 h-(15px)\" src=\"https:\/\/vieassociative.be\/actualites\/wp-content\/uploads\/2025\/07\/Je-possede-trois-de-ces-tuyaux-retractables-incroyables-et-ils.svg.svg+xml\" title=\"Amazon Prime\" alt=\"Amazon Prime\">\n            <\/div>\n<div class=\"flex items-center justify-center gap-x-1 font-bold md:justify-start\">\n            <span class=\"text-sm line-through\">159,99 $<\/span><br \/>\n            <span class=\"text-sm text-brand-green\">\u00c9conomisez 42,24 $<\/span>\n        <\/div>\n<\/p><\/div>\n<p>                            <button class=\"flex justify-center items-center w-full bg-brand-green text-white text-base font-sans font-medium rounded-md hover:bg-brand-green-700 hover:cursor-pointer md:text-sm hidden self-end h-12 max-w-(10rem) duration-200 ease-in-out hover:bg-brand-green-700 md:flex md:h-10\"><\/p>\n<p>    Conclure un accord<br \/>\n<\/button>\n                        <\/div>\n<\/p><\/div>\n<div class=\"flex aspect-video h-(90px) shrink-0 items-center justify-center self-center md:order-1\">\n                        <img decoding=\"async\" class=\"m-0 max-h-full max-w-full rounded-md\" src=\"https:\/\/vieassociative.be\/actualites\/wp-content\/uploads\/2025\/07\/Je-possede-trois-de-ces-tuyaux-retractables-incroyables-et-ils.jpg\" alt=\"Outils de girafe aw30 bobine de tuyau de jardin r\u00e9tractable 1\/2\" x ft wall mounted water hose reel automatic rewind any length lock dark grey width=\"auto\" height=\"auto\" loading=\"lazy\">\n                    <\/div>\n<\/p><\/div>\n<p>                            <button class=\"flex justify-center items-center w-full bg-brand-green text-white text-base font-sans font-medium rounded-md hover:bg-brand-green-700 hover:cursor-pointer md:text-sm w-full h-12 duration-200 ease-in-out hover:bg-brand-green-700 md:hidden md:h-10\"><\/p>\n<p>    Conclure un accord<br \/>\n<\/button><\/p>\n<div class=\"flex flex-col items-center w-full md:hidden font-sans leading-4 text-black\">\n<div class=\"flex flex-wrap items-center justify-center gap-x-1 md:justify-start\">\n        <span class=\"font-bold\"><\/p>\n<p>            117,75 $<br \/>\n                            <span class=\"font-medium\">\u00e0 Amazon<\/span><br \/>\n                    <\/span><br \/>\n                    <img decoding=\"async\" class=\"mt-0 h-(15px)\" src=\"https:\/\/vieassociative.be\/actualites\/wp-content\/uploads\/2025\/07\/Je-possede-trois-de-ces-tuyaux-retractables-incroyables-et-ils.svg.svg+xml\" title=\"Amazon Prime\" alt=\"Amazon Prime\">\n            <\/div>\n<div class=\"flex items-center justify-center gap-x-1 font-bold md:justify-start\">\n            <span class=\"text-sm line-through\">159,99 $<\/span><br \/>\n            <span class=\"text-sm text-brand-green\">\u00c9conomisez 42,24 $<\/span>\n        <\/div>\n<\/p><\/div>\n<div class=\"flex w-full gap-x-5\">\n<div class=\"flex w-full flex-col flex-nowrap justify-center gap-2 text-black no-underline md:order-2 md:gap-y-6\">\n<div class=\"flex flex-col justify-between gap-y-2 md:w-full md:gap-y-1\">\n<div class=\"block w-fit cursor-pointer font-akshar text-lg font-medium leading-5 text-brand-green duration-200 ease-in-out hover:text-brand-green-700 md:text-xl md:leading-6\">\n<p>                            Outils de girafe aw405 \/ 8 Mo de tuyau de jardin r\u00e9tractable bobine 5\/8 \u00ab\u00a0x 90 pi\n                        <\/p><\/div>\n<\/p><\/div>\n<div class=\"hidden md:flex md:justify-between md:gap-x-4\">\n<div class=\"w-full mb-0 md:flex md:flex-col md:justify-center font-sans leading-4 text-black\">\n<div class=\"flex flex-wrap items-center justify-center gap-x-1 md:justify-start\">\n        <span class=\"font-bold\"><\/p>\n<p>            205,99 $<br \/>\n                            <span class=\"font-medium\">\u00e0 Amazon<\/span><br \/>\n                    <\/span><br \/>\n                    <img decoding=\"async\" class=\"mt-0 h-(15px)\" src=\"https:\/\/vieassociative.be\/actualites\/wp-content\/uploads\/2025\/07\/Je-possede-trois-de-ces-tuyaux-retractables-incroyables-et-ils.svg.svg+xml\" title=\"Amazon Prime\" alt=\"Amazon Prime\">\n            <\/div>\n<\/p><\/div>\n<p>                            <button class=\"flex justify-center items-center w-full bg-brand-green text-white text-base font-sans font-medium rounded-md hover:bg-brand-green-700 hover:cursor-pointer md:text-sm hidden self-end h-12 max-w-(10rem) duration-200 ease-in-out hover:bg-brand-green-700 md:flex md:h-10\"><\/p>\n<p>    Conclure un accord<br \/>\n<\/button>\n                        <\/div>\n<\/p><\/div>\n<div class=\"flex aspect-video h-(90px) shrink-0 items-center justify-center self-center md:order-1\">\n                        <img decoding=\"async\" class=\"m-0 max-h-full max-w-full rounded-md\" src=\"https:\/\/vieassociative.be\/actualites\/wp-content\/uploads\/2025\/07\/1752434291_10_Je-possede-trois-de-ces-tuyaux-retractables-incroyables-et-ils.jpg\" alt=\"Outils de girafe aw405 \/ 8 Mo de tuyau de jardin r\u00e9tractable 5\/8\" x ft pro metal bracket heavy duty any length lock hose reel dark grey width=\"auto\" height=\"auto\" loading=\"lazy\">\n                    <\/div>\n<\/p><\/div>\n<p>                            <button class=\"flex justify-center items-center w-full bg-brand-green text-white text-base font-sans font-medium rounded-md hover:bg-brand-green-700 hover:cursor-pointer md:text-sm w-full h-12 duration-200 ease-in-out hover:bg-brand-green-700 md:hidden md:h-10\"><\/p>\n<p>    Conclure un accord<br \/>\n<\/button><\/p>\n<div class=\"flex flex-col items-center w-full md:hidden font-sans leading-4 text-black\">\n<div class=\"flex flex-wrap items-center justify-center gap-x-1 md:justify-start\">\n        <span class=\"font-bold\"><\/p>\n<p>            205,99 $<br \/>\n                            <span class=\"font-medium\">\u00e0 Amazon<\/span><br \/>\n                    <\/span><br \/>\n                    <img decoding=\"async\" class=\"mt-0 h-(15px)\" src=\"https:\/\/vieassociative.be\/actualites\/wp-content\/uploads\/2025\/07\/Je-possede-trois-de-ces-tuyaux-retractables-incroyables-et-ils.svg.svg+xml\" title=\"Amazon Prime\" alt=\"Amazon Prime\">\n            <\/div>\n<\/p><\/div>\n<div class=\"flex w-full gap-x-5\">\n<div class=\"flex w-full flex-col flex-nowrap justify-center gap-2 text-black no-underline md:order-2 md:gap-y-6\">\n<div class=\"flex flex-col justify-between gap-y-2 md:w-full md:gap-y-1\">\n<div class=\"block w-fit cursor-pointer font-akshar text-lg font-medium leading-5 text-brand-green duration-200 ease-in-out hover:text-brand-green-700 md:text-xl md:leading-6\">\n<p>                            Outils de girafe bobine de tuyau 1\/2 \u00a0\u00bb 78 pi, bobine de tuyau de jardin r\u00e9tractable de travail\n                        <\/p><\/div>\n<\/p><\/div>\n<div class=\"hidden md:flex md:justify-between md:gap-x-4\">\n<div class=\"w-full mb-0 md:flex md:flex-col md:justify-center font-sans leading-4 text-black\">\n<div class=\"flex flex-wrap items-center justify-center gap-x-1 md:justify-start\">\n        <span class=\"font-bold\"><\/p>\n<p>            133,99 $<br \/>\n                            <span class=\"font-medium\">\u00e0 Amazon<\/span><br \/>\n                    <\/span><br \/>\n                    <img decoding=\"async\" class=\"mt-0 h-(15px)\" src=\"https:\/\/vieassociative.be\/actualites\/wp-content\/uploads\/2025\/07\/Je-possede-trois-de-ces-tuyaux-retractables-incroyables-et-ils.svg.svg+xml\" title=\"Amazon Prime\" alt=\"Amazon Prime\">\n            <\/div>\n<\/p><\/div>\n<p>                            <button class=\"flex justify-center items-center w-full bg-brand-green text-white text-base font-sans font-medium rounded-md hover:bg-brand-green-700 hover:cursor-pointer md:text-sm hidden self-end h-12 max-w-(10rem) duration-200 ease-in-out hover:bg-brand-green-700 md:flex md:h-10\"><\/p>\n<p>    Conclure un accord<br \/>\n<\/button>\n                        <\/div>\n<\/p><\/div>\n<div class=\"flex aspect-video h-(90px) shrink-0 items-center justify-center self-center md:order-1\">\n                        <img decoding=\"async\" class=\"m-0 max-h-full max-w-full rounded-md\" src=\"https:\/\/vieassociative.be\/actualites\/wp-content\/uploads\/2025\/07\/1752434291_23_Je-possede-trois-de-ces-tuyaux-retractables-incroyables-et-ils.jpg\" alt=\"Outils de girafe bobine de tuyau 1\/2 '' 78 pi, bobine de tuyau de jardin r\u00e9tractable de travail\" width=\"auto\" height=\"auto\" loading=\"lazy\">\n                    <\/div>\n<\/p><\/div>\n<p>                            <button class=\"flex justify-center items-center w-full bg-brand-green text-white text-base font-sans font-medium rounded-md hover:bg-brand-green-700 hover:cursor-pointer md:text-sm w-full h-12 duration-200 ease-in-out hover:bg-brand-green-700 md:hidden md:h-10\"><\/p>\n<p>    Conclure un accord<br \/>\n<\/button><\/p>\n<div class=\"flex flex-col items-center w-full md:hidden font-sans leading-4 text-black\">\n<div class=\"flex flex-wrap items-center justify-center gap-x-1 md:justify-start\">\n        <span class=\"font-bold\"><\/p>\n<p>            133,99 $<br \/>\n                            <span class=\"font-medium\">\u00e0 Amazon<\/span><br \/>\n                    <\/span><br \/>\n                    <img decoding=\"async\" class=\"mt-0 h-(15px)\" src=\"https:\/\/vieassociative.be\/actualites\/wp-content\/uploads\/2025\/07\/Je-possede-trois-de-ces-tuyaux-retractables-incroyables-et-ils.svg.svg+xml\" title=\"Amazon Prime\" alt=\"Amazon Prime\">\n            <\/div>\n<\/p><\/div>\n<\/div>\n<p>Une fois la bobine install\u00e9e, vous pouvez facilement le tirer sur la cour \u00e0 la hauteur que vous l&rsquo;avez install\u00e9e. Je l&rsquo;ai install\u00e9 \u00e0 la hauteur de la hanche, mais \u00e0 l&rsquo;avenir, je pourrais les installer encore plus haut. Pourtant, vous \u00e9vitez le probl\u00e8me de devoir tirer un tuyau autour des lits sur\u00e9lev\u00e9s et la plupart des treillis, car le tuyau est au-dessus d&rsquo;eux. Il est choquant l\u00e9ger et se retire facilement. Pour r\u00e9tracter le tuyau, vous lui donnez une l\u00e9g\u00e8re traction puis recule, car elle <em>va. <\/em>D&rsquo;apr\u00e8s mon exp\u00e9rience, il se fait rarement pris sur tout, et quand il le fait, je le retire \u00e0 quelques m\u00e8tres et il se r\u00e9pare. <\/p>\n<p>La monture et le bo\u00eetier ext\u00e9rieur sont robustes et intelligents, dans des tons de gris qui n&rsquo;ont jamais l&rsquo;air sale. Ils sont exp\u00e9di\u00e9s avec une buse de pulv\u00e9risation interchangeable, mais toute buse standard s&rsquo;adaptera tr\u00e8s bien. Vous pouvez acheter le tuyau dans diff\u00e9rentes longueurs et forces. <\/p>\n<p>Je n&rsquo;ai pas besoin d&rsquo;un pulv\u00e9risateur de puissance, j&rsquo;utilise simplement le r\u00e9glage du jet sur le tuyau, et il \u00e9loigne tous les d\u00e9bris de surface sur mon patio. J&rsquo;adore pouvoir atteindre m\u00eame les coins les plus \u00e9loign\u00e9s de ma cour avec le tuyau, et aucune de mes plantes n&rsquo;est \u00e0 risque. <\/p>\n<div class=\"pogoClear relative my-10 border-b-(1.5px) border-t-(1.5px) border-dashed border-black py-5 sm:my-14 sm:border-0 sm:py-0\" data-ga-click data-ga-template=\"Deals\" data-ga-module=\"openweb_widget\" data-ga-element=\"openweb_scroll\" data-ga-item=\"openweb_scroll_midpage\" x-data=\"{\n         commentsCount: null,\n         hasComments: false,\n         async fetchCommentsCount() {\n             try {\n                 if (window.openweb &amp;&amp; typeof window.openweb.getMessagesCount === 'function') {\n                     this.commentsCount = await window.openweb.getMessagesCount('01JZR3M0PF9WBR0XGP833QH9BB');\n                     this.hasComments = this.commentsCount !== null &amp;&amp; this.commentsCount &gt; 0;\n                 }\n             } catch (e) {\n                 console.warn('Failed to fetch comment count:', e);\n             }\n         }\n     }\" x-init=\"fetchCommentsCount()\" x-cloak><\/p>\n<div class=\"absolute top-1\/2 hidden w-full -translate-y-1\/2 border-t-(1.5px) border-dashed border-black sm:block\"><\/div>\n<div class=\"relative flex justify-center\">\n<div class=\"flex max-w-fit items-center gap-x-3 bg-white px-5\">\n<div class=\"relative\">\n                <span class=\"absolute left-1\/2 top-1\/2 -translate-x-1\/2 -translate-y-1\/2 font-akshar text-sm font-medium text-black\" aria-live=\"polite\" x-show=\"hasComments\" x-text=\"commentsCount\"><\/span><\/p>\n<p>                <svg class=\"h-8 w-8 text-black\" role=\"img\" aria-hidden=\"true\">\n                    <use href=\"http:\/\/lifehacker.com\/images\/icons\/spritemap.svg#sprite-chat-bubble\"><\/use>\n                <\/svg>\n            <\/div>\n<p>            <span class=\"text-sm font-medium text-black\"><\/p>\n<p>                Que pensez-vous jusqu&rsquo;\u00e0 pr\u00e9sent?<br \/>\n                <button class=\"ml-1 font-semibold text-brand-green underline hover:text-brand-green-700\" type=\"button\" aria-label=\"Comment section trigger\" onclick=\"window.openweb.scrollToComments('01JZR3M0PF9WBR0XGP833QH9BB')\" x-text=\"hasComments ? 'Post a comment.' : 'Be the first to post a comment.'\"><\/button><br \/>\n            <\/span>\n        <\/div>\n<\/p><\/div>\n<\/div>\n<p>La derni\u00e8re chose est la suivante: la girafe a une garantie fantastique. Ils remplaceront le tuyau s&rsquo;il y a des fuites ou des probl\u00e8mes pendant deux ans. L&rsquo;un de mes trois a d\u00e9velopp\u00e9 une larme (ma faute; je l&rsquo;ai attrap\u00e9 sur une brouette en acier) et aucune question pos\u00e9e, un tout nouveau remplacement est arriv\u00e9 une semaine plus tard.  <\/p>\n<p>J&rsquo;ai des rouleaux de girafe en plusieurs longueurs, les 1\/2 et 5\/8, et je les aime tous. Il vous suffit de choisir la bonne longueur pour vous &#8211; rappelez-vous que vous voulez pouvoir atteindre les extr\u00e9mit\u00e9s de votre cour. Presque tous sont en vente pour 20% de r\u00e9duction en ce moment. <\/p>\n<hr>\n<p><em>Vous cherchez autre chose? Des d\u00e9taillants comme Walmart, Best Buy et Home Depot ont des ventes de concurrence de premier ordre qui sont particuli\u00e8rement utiles si vous n&rsquo;avez pas Amazon Prime.<\/em><\/p>\n<ul>\n<li>\n<p><strong><em>Vente de concours de premier jour de Walmart<\/em><\/strong><em>  commence \u00e0 minuit le 8 juillet et comprendra des offres jusqu&rsquo;\u00e0 50% de r\u00e9duction<\/em><em>. C&rsquo;est une option particuli\u00e8rement bonne si vous avez Walmart +. <\/em><\/p>\n<\/li>\n<li>\n<p><strong><em>Vente de concours de grande journ\u00e9e de Best Buy<\/em><\/strong><em>\u00abBlack Friday de juillet\u00bb, se d\u00e9roule jusqu&rsquo;au dimanche 13 juillet et a certaines des meilleures ventes technologiques en ligne<\/em><em>. C&rsquo;est une option particuli\u00e8rement bonne si vous \u00eates un membre \u00abplus\u00bb ou \u00abtotal\u00bb de mon meilleur achat.<\/em><\/p>\n<\/li>\n<\/ul>\n<div class=\" relative flex justify-center py-16 md:left-1\/2 md:w-(780px) md:max-w-max md:-translate-x-1\/2\" x-data=\"{ showAll: false }\">\n<div class=\"w-max text-center sm:text-left\">\n<div class=\"flex flex-col items-center justify-between text-black sm:flex-row sm:px-6\">\n                <span class=\"text-xs italic sm:ml-7 sm:text-sm\">Les offres sont s\u00e9lectionn\u00e9es par notre \u00e9quipe de commerce<\/span><\/p>\n<p>                                    <button class=\"mt-3 flex items-center gap-1 text-center font-akshar font-medium uppercase sm:mt-0 sm:text-sm\" type=\"button\" x-on:click=\"showAll=!showAll\"><br \/>\n                        <span x-show=\"!showAll\"><\/p>\n<p>                            Voir 1 de plus<br \/>\n                        <\/span><\/p>\n<p>                        <span x-show=\"showAll\"><\/p>\n<p>                            Voir 1 de moins<br \/>\n                        <\/span><\/p>\n<p>                        <svg class=\"block size-3 fill-current text-brand-green\" :class=\"{ 'rotate-180': showAll }\">\n                            <use href=\"http:\/\/lifehacker.com\/images\/icons\/spritemap.svg#sprite-chevron-down\"><\/use>\n                        <\/svg><br \/>\n                    <\/button>\n                            <\/div>\n<\/p><\/div>\n<\/p><\/div>\n","protected":false},"excerpt":{"rendered":"<p>Parce que le transport d&rsquo;un tuyau autour de la cour est aggravant et perfide, et nous m\u00e9ritons mieux. Prime Day 2025 se termine ce soir,<\/p>\n","protected":false},"author":1,"featured_media":8726,"comment_status":"","ping_status":"","sticky":false,"template":"","format":"standard","meta":{"footnotes":""},"categories":[40],"tags":[248,1908,4317,6669,53,1269,7696,443,7733,1795,18,771,2442,223],"class_list":["post-8725","post","type-post","status-publish","format-standard","has-post-thumbnail","hentry","category-maison","tag-ces","tag-fin","tag-ils","tag-incroyables","tag-jour","tag-jusqua","tag-possede","tag-premier","tag-retractables","tag-soir","tag-sont","tag-trois","tag-tuyaux","tag-vente","generate-columns","tablet-grid-50","mobile-grid-100","grid-parent","grid-33"],"yoast_head":"<!-- This site is optimized with the Yoast SEO plugin v24.0 - https:\/\/yoast.com\/wordpress\/plugins\/seo\/ -->\n<title>Je poss\u00e8de trois de ces tuyaux r\u00e9tractables incroyables, et ils sont en vente jusqu&#039;\u00e0 la fin du premier jour ce soir | Vie Associative<\/title>\n<meta name=\"robots\" content=\"index, follow, max-snippet:-1, max-image-preview:large, max-video-preview:-1\" \/>\n<link rel=\"canonical\" href=\"https:\/\/vieassociative.be\/actualites\/je-possede-trois-de-ces-tuyaux-retractables-incroyables-et-ils-sont-en-vente-jusqua-la-fin-du-premier-jour-ce-soir\/\" \/>\n<meta property=\"og:locale\" content=\"fr_FR\" \/>\n<meta property=\"og:type\" content=\"article\" \/>\n<meta property=\"og:title\" content=\"Je poss\u00e8de trois de ces tuyaux r\u00e9tractables incroyables, et ils sont en vente jusqu&#039;\u00e0 la fin du premier jour ce soir | Vie Associative\" \/>\n<meta property=\"og:description\" content=\"Parce que le transport d&rsquo;un tuyau autour de la cour est aggravant et perfide, et nous m\u00e9ritons mieux. Prime Day 2025 se termine ce soir,\" \/>\n<meta property=\"og:url\" content=\"https:\/\/vieassociative.be\/actualites\/je-possede-trois-de-ces-tuyaux-retractables-incroyables-et-ils-sont-en-vente-jusqua-la-fin-du-premier-jour-ce-soir\/\" \/>\n<meta property=\"og:site_name\" content=\"Vie Associative\" \/>\n<meta property=\"article:published_time\" content=\"2025-07-13T19:18:11+00:00\" \/>\n<meta property=\"og:image\" content=\"https:\/\/vieassociative.be\/actualites\/wp-content\/uploads\/2025\/07\/Je-possede-trois-de-ces-tuyaux-retractables-incroyables-et-ils.svg.svg+xml\" \/>\n<meta name=\"author\" content=\"Julien\" \/>\n<meta name=\"twitter:card\" content=\"summary_large_image\" \/>\n<meta name=\"twitter:label1\" content=\"\u00c9crit par\" \/>\n\t<meta name=\"twitter:data1\" content=\"Julien\" \/>\n\t<meta name=\"twitter:label2\" content=\"Dur\u00e9e de lecture est.\" \/>\n\t<meta name=\"twitter:data2\" content=\"4 minutes\" \/>\n<script type=\"application\/ld+json\" class=\"yoast-schema-graph\">{\"@context\":\"https:\/\/schema.org\",\"@graph\":[{\"@type\":\"Article\",\"@id\":\"https:\/\/vieassociative.be\/actualites\/je-possede-trois-de-ces-tuyaux-retractables-incroyables-et-ils-sont-en-vente-jusqua-la-fin-du-premier-jour-ce-soir\/#article\",\"isPartOf\":{\"@id\":\"https:\/\/vieassociative.be\/actualites\/je-possede-trois-de-ces-tuyaux-retractables-incroyables-et-ils-sont-en-vente-jusqua-la-fin-du-premier-jour-ce-soir\/\"},\"author\":{\"name\":\"Julien\",\"@id\":\"https:\/\/vieassociative.be\/actualites\/#\/schema\/person\/b87ac4f82f9d4e7b7cec7395b679edc4\"},\"headline\":\"Je poss\u00e8de trois de ces tuyaux r\u00e9tractables incroyables, et ils sont en vente jusqu&rsquo;\u00e0 la fin du premier jour ce soir\",\"datePublished\":\"2025-07-13T19:18:11+00:00\",\"dateModified\":\"2025-07-13T19:18:11+00:00\",\"mainEntityOfPage\":{\"@id\":\"https:\/\/vieassociative.be\/actualites\/je-possede-trois-de-ces-tuyaux-retractables-incroyables-et-ils-sont-en-vente-jusqua-la-fin-du-premier-jour-ce-soir\/\"},\"wordCount\":928,\"publisher\":{\"@id\":\"https:\/\/vieassociative.be\/actualites\/#organization\"},\"image\":{\"@id\":\"https:\/\/vieassociative.be\/actualites\/je-possede-trois-de-ces-tuyaux-retractables-incroyables-et-ils-sont-en-vente-jusqua-la-fin-du-premier-jour-ce-soir\/#primaryimage\"},\"thumbnailUrl\":\"https:\/\/vieassociative.be\/actualites\/wp-content\/uploads\/2025\/07\/Je-possede-trois-de-ces-tuyaux-retractables-incroyables-et-ils.png\",\"keywords\":[\"ces\",\"fin\",\"ils\",\"incroyables\",\"jour\",\"jusqu\u00e0\",\"poss\u00e9d\u00e9\",\"premier\",\"r\u00e9tractables\",\"soir\",\"sont\",\"trois\",\"tuyaux\",\"vente\"],\"articleSection\":[\"Maison\"],\"inLanguage\":\"fr-BE\"},{\"@type\":\"WebPage\",\"@id\":\"https:\/\/vieassociative.be\/actualites\/je-possede-trois-de-ces-tuyaux-retractables-incroyables-et-ils-sont-en-vente-jusqua-la-fin-du-premier-jour-ce-soir\/\",\"url\":\"https:\/\/vieassociative.be\/actualites\/je-possede-trois-de-ces-tuyaux-retractables-incroyables-et-ils-sont-en-vente-jusqua-la-fin-du-premier-jour-ce-soir\/\",\"name\":\"Je poss\u00e8de trois de ces tuyaux r\u00e9tractables incroyables, et ils sont en vente jusqu'\u00e0 la fin du premier jour ce soir | Vie Associative\",\"isPartOf\":{\"@id\":\"https:\/\/vieassociative.be\/actualites\/#website\"},\"primaryImageOfPage\":{\"@id\":\"https:\/\/vieassociative.be\/actualites\/je-possede-trois-de-ces-tuyaux-retractables-incroyables-et-ils-sont-en-vente-jusqua-la-fin-du-premier-jour-ce-soir\/#primaryimage\"},\"image\":{\"@id\":\"https:\/\/vieassociative.be\/actualites\/je-possede-trois-de-ces-tuyaux-retractables-incroyables-et-ils-sont-en-vente-jusqua-la-fin-du-premier-jour-ce-soir\/#primaryimage\"},\"thumbnailUrl\":\"https:\/\/vieassociative.be\/actualites\/wp-content\/uploads\/2025\/07\/Je-possede-trois-de-ces-tuyaux-retractables-incroyables-et-ils.png\",\"datePublished\":\"2025-07-13T19:18:11+00:00\",\"dateModified\":\"2025-07-13T19:18:11+00:00\",\"breadcrumb\":{\"@id\":\"https:\/\/vieassociative.be\/actualites\/je-possede-trois-de-ces-tuyaux-retractables-incroyables-et-ils-sont-en-vente-jusqua-la-fin-du-premier-jour-ce-soir\/#breadcrumb\"},\"inLanguage\":\"fr-BE\",\"potentialAction\":[{\"@type\":\"ReadAction\",\"target\":[\"https:\/\/vieassociative.be\/actualites\/je-possede-trois-de-ces-tuyaux-retractables-incroyables-et-ils-sont-en-vente-jusqua-la-fin-du-premier-jour-ce-soir\/\"]}]},{\"@type\":\"ImageObject\",\"inLanguage\":\"fr-BE\",\"@id\":\"https:\/\/vieassociative.be\/actualites\/je-possede-trois-de-ces-tuyaux-retractables-incroyables-et-ils-sont-en-vente-jusqua-la-fin-du-premier-jour-ce-soir\/#primaryimage\",\"url\":\"https:\/\/vieassociative.be\/actualites\/wp-content\/uploads\/2025\/07\/Je-possede-trois-de-ces-tuyaux-retractables-incroyables-et-ils.png\",\"contentUrl\":\"https:\/\/vieassociative.be\/actualites\/wp-content\/uploads\/2025\/07\/Je-possede-trois-de-ces-tuyaux-retractables-incroyables-et-ils.png\",\"width\":1200,\"height\":675,\"caption\":\"Je poss\u00e8de trois de ces tuyaux r\u00e9tractables incroyables, et ils sont en vente jusqu'\u00e0 la fin du premier jour ce soir\"},{\"@type\":\"BreadcrumbList\",\"@id\":\"https:\/\/vieassociative.be\/actualites\/je-possede-trois-de-ces-tuyaux-retractables-incroyables-et-ils-sont-en-vente-jusqua-la-fin-du-premier-jour-ce-soir\/#breadcrumb\",\"itemListElement\":[{\"@type\":\"ListItem\",\"position\":1,\"name\":\"Accueil\",\"item\":\"https:\/\/vieassociative.be\/actualites\/\"},{\"@type\":\"ListItem\",\"position\":2,\"name\":\"Je poss\u00e8de trois de ces tuyaux r\u00e9tractables incroyables, et ils sont en vente jusqu&rsquo;\u00e0 la fin du premier jour ce soir\"}]},{\"@type\":\"WebSite\",\"@id\":\"https:\/\/vieassociative.be\/actualites\/#website\",\"url\":\"https:\/\/vieassociative.be\/actualites\/\",\"name\":\"Vie Associative\",\"description\":\"\",\"publisher\":{\"@id\":\"https:\/\/vieassociative.be\/actualites\/#organization\"},\"potentialAction\":[{\"@type\":\"SearchAction\",\"target\":{\"@type\":\"EntryPoint\",\"urlTemplate\":\"https:\/\/vieassociative.be\/actualites\/?s={search_term_string}\"},\"query-input\":{\"@type\":\"PropertyValueSpecification\",\"valueRequired\":true,\"valueName\":\"search_term_string\"}}],\"inLanguage\":\"fr-BE\"},{\"@type\":\"Organization\",\"@id\":\"https:\/\/vieassociative.be\/actualites\/#organization\",\"name\":\"Vie Associative\",\"url\":\"https:\/\/vieassociative.be\/actualites\/\",\"logo\":{\"@type\":\"ImageObject\",\"inLanguage\":\"fr-BE\",\"@id\":\"https:\/\/vieassociative.be\/actualites\/#\/schema\/logo\/image\/\",\"url\":\"https:\/\/vieassociative.be\/actualites\/wp-content\/uploads\/2024\/09\/cropped-vieassociative_favicon.ico.png\",\"contentUrl\":\"https:\/\/vieassociative.be\/actualites\/wp-content\/uploads\/2024\/09\/cropped-vieassociative_favicon.ico.png\",\"width\":512,\"height\":512,\"caption\":\"Vie Associative\"},\"image\":{\"@id\":\"https:\/\/vieassociative.be\/actualites\/#\/schema\/logo\/image\/\"}},{\"@type\":\"Person\",\"@id\":\"https:\/\/vieassociative.be\/actualites\/#\/schema\/person\/b87ac4f82f9d4e7b7cec7395b679edc4\",\"name\":\"Julien\",\"image\":{\"@type\":\"ImageObject\",\"inLanguage\":\"fr-BE\",\"@id\":\"https:\/\/vieassociative.be\/actualites\/#\/schema\/person\/image\/\",\"url\":\"https:\/\/vieassociative.be\/actualites\/wp-content\/uploads\/2024\/09\/vie-associative-1-150x150.jpg\",\"contentUrl\":\"https:\/\/vieassociative.be\/actualites\/wp-content\/uploads\/2024\/09\/vie-associative-1-150x150.jpg\",\"caption\":\"Julien\"},\"description\":\"Je suis Julien, r\u00e9dacteur pour Vie Associative. Passionn\u00e9 par le monde associatif depuis plus de 10 ans, j'ai \u00e0 c\u0153ur de partager des histoires inspirantes et de mettre en lumi\u00e8re les initiatives locales. Mon objectif est de sensibiliser et d'encourager l'engagement communautaire \u00e0 travers mes articles.\",\"sameAs\":[\"https:\/\/vieassociative.be\/\"]}]}<\/script>\n<!-- \/ Yoast SEO plugin. -->","yoast_head_json":{"title":"Je poss\u00e8de trois de ces tuyaux r\u00e9tractables incroyables, et ils sont en vente jusqu'\u00e0 la fin du premier jour ce soir | Vie Associative","robots":{"index":"index","follow":"follow","max-snippet":"max-snippet:-1","max-image-preview":"max-image-preview:large","max-video-preview":"max-video-preview:-1"},"canonical":"https:\/\/vieassociative.be\/actualites\/je-possede-trois-de-ces-tuyaux-retractables-incroyables-et-ils-sont-en-vente-jusqua-la-fin-du-premier-jour-ce-soir\/","og_locale":"fr_FR","og_type":"article","og_title":"Je poss\u00e8de trois de ces tuyaux r\u00e9tractables incroyables, et ils sont en vente jusqu'\u00e0 la fin du premier jour ce soir | Vie Associative","og_description":"Parce que le transport d&rsquo;un tuyau autour de la cour est aggravant et perfide, et nous m\u00e9ritons mieux. Prime Day 2025 se termine ce soir,","og_url":"https:\/\/vieassociative.be\/actualites\/je-possede-trois-de-ces-tuyaux-retractables-incroyables-et-ils-sont-en-vente-jusqua-la-fin-du-premier-jour-ce-soir\/","og_site_name":"Vie Associative","article_published_time":"2025-07-13T19:18:11+00:00","og_image":[{"url":"https:\/\/vieassociative.be\/actualites\/wp-content\/uploads\/2025\/07\/Je-possede-trois-de-ces-tuyaux-retractables-incroyables-et-ils.svg.svg+xml","type":"","width":"","height":""}],"author":"Julien","twitter_card":"summary_large_image","twitter_misc":{"\u00c9crit par":"Julien","Dur\u00e9e de lecture est.":"4 minutes"},"schema":{"@context":"https:\/\/schema.org","@graph":[{"@type":"Article","@id":"https:\/\/vieassociative.be\/actualites\/je-possede-trois-de-ces-tuyaux-retractables-incroyables-et-ils-sont-en-vente-jusqua-la-fin-du-premier-jour-ce-soir\/#article","isPartOf":{"@id":"https:\/\/vieassociative.be\/actualites\/je-possede-trois-de-ces-tuyaux-retractables-incroyables-et-ils-sont-en-vente-jusqua-la-fin-du-premier-jour-ce-soir\/"},"author":{"name":"Julien","@id":"https:\/\/vieassociative.be\/actualites\/#\/schema\/person\/b87ac4f82f9d4e7b7cec7395b679edc4"},"headline":"Je poss\u00e8de trois de ces tuyaux r\u00e9tractables incroyables, et ils sont en vente jusqu&rsquo;\u00e0 la fin du premier jour ce soir","datePublished":"2025-07-13T19:18:11+00:00","dateModified":"2025-07-13T19:18:11+00:00","mainEntityOfPage":{"@id":"https:\/\/vieassociative.be\/actualites\/je-possede-trois-de-ces-tuyaux-retractables-incroyables-et-ils-sont-en-vente-jusqua-la-fin-du-premier-jour-ce-soir\/"},"wordCount":928,"publisher":{"@id":"https:\/\/vieassociative.be\/actualites\/#organization"},"image":{"@id":"https:\/\/vieassociative.be\/actualites\/je-possede-trois-de-ces-tuyaux-retractables-incroyables-et-ils-sont-en-vente-jusqua-la-fin-du-premier-jour-ce-soir\/#primaryimage"},"thumbnailUrl":"https:\/\/vieassociative.be\/actualites\/wp-content\/uploads\/2025\/07\/Je-possede-trois-de-ces-tuyaux-retractables-incroyables-et-ils.png","keywords":["ces","fin","ils","incroyables","jour","jusqu\u00e0","poss\u00e9d\u00e9","premier","r\u00e9tractables","soir","sont","trois","tuyaux","vente"],"articleSection":["Maison"],"inLanguage":"fr-BE"},{"@type":"WebPage","@id":"https:\/\/vieassociative.be\/actualites\/je-possede-trois-de-ces-tuyaux-retractables-incroyables-et-ils-sont-en-vente-jusqua-la-fin-du-premier-jour-ce-soir\/","url":"https:\/\/vieassociative.be\/actualites\/je-possede-trois-de-ces-tuyaux-retractables-incroyables-et-ils-sont-en-vente-jusqua-la-fin-du-premier-jour-ce-soir\/","name":"Je poss\u00e8de trois de ces tuyaux r\u00e9tractables incroyables, et ils sont en vente jusqu'\u00e0 la fin du premier jour ce soir | Vie Associative","isPartOf":{"@id":"https:\/\/vieassociative.be\/actualites\/#website"},"primaryImageOfPage":{"@id":"https:\/\/vieassociative.be\/actualites\/je-possede-trois-de-ces-tuyaux-retractables-incroyables-et-ils-sont-en-vente-jusqua-la-fin-du-premier-jour-ce-soir\/#primaryimage"},"image":{"@id":"https:\/\/vieassociative.be\/actualites\/je-possede-trois-de-ces-tuyaux-retractables-incroyables-et-ils-sont-en-vente-jusqua-la-fin-du-premier-jour-ce-soir\/#primaryimage"},"thumbnailUrl":"https:\/\/vieassociative.be\/actualites\/wp-content\/uploads\/2025\/07\/Je-possede-trois-de-ces-tuyaux-retractables-incroyables-et-ils.png","datePublished":"2025-07-13T19:18:11+00:00","dateModified":"2025-07-13T19:18:11+00:00","breadcrumb":{"@id":"https:\/\/vieassociative.be\/actualites\/je-possede-trois-de-ces-tuyaux-retractables-incroyables-et-ils-sont-en-vente-jusqua-la-fin-du-premier-jour-ce-soir\/#breadcrumb"},"inLanguage":"fr-BE","potentialAction":[{"@type":"ReadAction","target":["https:\/\/vieassociative.be\/actualites\/je-possede-trois-de-ces-tuyaux-retractables-incroyables-et-ils-sont-en-vente-jusqua-la-fin-du-premier-jour-ce-soir\/"]}]},{"@type":"ImageObject","inLanguage":"fr-BE","@id":"https:\/\/vieassociative.be\/actualites\/je-possede-trois-de-ces-tuyaux-retractables-incroyables-et-ils-sont-en-vente-jusqua-la-fin-du-premier-jour-ce-soir\/#primaryimage","url":"https:\/\/vieassociative.be\/actualites\/wp-content\/uploads\/2025\/07\/Je-possede-trois-de-ces-tuyaux-retractables-incroyables-et-ils.png","contentUrl":"https:\/\/vieassociative.be\/actualites\/wp-content\/uploads\/2025\/07\/Je-possede-trois-de-ces-tuyaux-retractables-incroyables-et-ils.png","width":1200,"height":675,"caption":"Je poss\u00e8de trois de ces tuyaux r\u00e9tractables incroyables, et ils sont en vente jusqu'\u00e0 la fin du premier jour ce soir"},{"@type":"BreadcrumbList","@id":"https:\/\/vieassociative.be\/actualites\/je-possede-trois-de-ces-tuyaux-retractables-incroyables-et-ils-sont-en-vente-jusqua-la-fin-du-premier-jour-ce-soir\/#breadcrumb","itemListElement":[{"@type":"ListItem","position":1,"name":"Accueil","item":"https:\/\/vieassociative.be\/actualites\/"},{"@type":"ListItem","position":2,"name":"Je poss\u00e8de trois de ces tuyaux r\u00e9tractables incroyables, et ils sont en vente jusqu&rsquo;\u00e0 la fin du premier jour ce soir"}]},{"@type":"WebSite","@id":"https:\/\/vieassociative.be\/actualites\/#website","url":"https:\/\/vieassociative.be\/actualites\/","name":"Vie Associative","description":"","publisher":{"@id":"https:\/\/vieassociative.be\/actualites\/#organization"},"potentialAction":[{"@type":"SearchAction","target":{"@type":"EntryPoint","urlTemplate":"https:\/\/vieassociative.be\/actualites\/?s={search_term_string}"},"query-input":{"@type":"PropertyValueSpecification","valueRequired":true,"valueName":"search_term_string"}}],"inLanguage":"fr-BE"},{"@type":"Organization","@id":"https:\/\/vieassociative.be\/actualites\/#organization","name":"Vie Associative","url":"https:\/\/vieassociative.be\/actualites\/","logo":{"@type":"ImageObject","inLanguage":"fr-BE","@id":"https:\/\/vieassociative.be\/actualites\/#\/schema\/logo\/image\/","url":"https:\/\/vieassociative.be\/actualites\/wp-content\/uploads\/2024\/09\/cropped-vieassociative_favicon.ico.png","contentUrl":"https:\/\/vieassociative.be\/actualites\/wp-content\/uploads\/2024\/09\/cropped-vieassociative_favicon.ico.png","width":512,"height":512,"caption":"Vie Associative"},"image":{"@id":"https:\/\/vieassociative.be\/actualites\/#\/schema\/logo\/image\/"}},{"@type":"Person","@id":"https:\/\/vieassociative.be\/actualites\/#\/schema\/person\/b87ac4f82f9d4e7b7cec7395b679edc4","name":"Julien","image":{"@type":"ImageObject","inLanguage":"fr-BE","@id":"https:\/\/vieassociative.be\/actualites\/#\/schema\/person\/image\/","url":"https:\/\/vieassociative.be\/actualites\/wp-content\/uploads\/2024\/09\/vie-associative-1-150x150.jpg","contentUrl":"https:\/\/vieassociative.be\/actualites\/wp-content\/uploads\/2024\/09\/vie-associative-1-150x150.jpg","caption":"Julien"},"description":"Je suis Julien, r\u00e9dacteur pour Vie Associative. Passionn\u00e9 par le monde associatif depuis plus de 10 ans, j'ai \u00e0 c\u0153ur de partager des histoires inspirantes et de mettre en lumi\u00e8re les initiatives locales. Mon objectif est de sensibiliser et d'encourager l'engagement communautaire \u00e0 travers mes articles.","sameAs":["https:\/\/vieassociative.be\/"]}]}},"_links":{"self":[{"href":"https:\/\/vieassociative.be\/actualites\/wp-json\/wp\/v2\/posts\/8725"}],"collection":[{"href":"https:\/\/vieassociative.be\/actualites\/wp-json\/wp\/v2\/posts"}],"about":[{"href":"https:\/\/vieassociative.be\/actualites\/wp-json\/wp\/v2\/types\/post"}],"author":[{"embeddable":true,"href":"https:\/\/vieassociative.be\/actualites\/wp-json\/wp\/v2\/users\/1"}],"replies":[{"embeddable":true,"href":"https:\/\/vieassociative.be\/actualites\/wp-json\/wp\/v2\/comments?post=8725"}],"version-history":[{"count":0,"href":"https:\/\/vieassociative.be\/actualites\/wp-json\/wp\/v2\/posts\/8725\/revisions"}],"wp:featuredmedia":[{"embeddable":true,"href":"https:\/\/vieassociative.be\/actualites\/wp-json\/wp\/v2\/media\/8726"}],"wp:attachment":[{"href":"https:\/\/vieassociative.be\/actualites\/wp-json\/wp\/v2\/media?parent=8725"}],"wp:term":[{"taxonomy":"category","embeddable":true,"href":"https:\/\/vieassociative.be\/actualites\/wp-json\/wp\/v2\/categories?post=8725"},{"taxonomy":"post_tag","embeddable":true,"href":"https:\/\/vieassociative.be\/actualites\/wp-json\/wp\/v2\/tags?post=8725"}],"curies":[{"name":"wp","href":"https:\/\/api.w.org\/{rel}","templated":true}]}}