{"id":8722,"date":"2025-07-13T16:17:47","date_gmt":"2025-07-13T14:17:47","guid":{"rendered":"https:\/\/vieassociative.be\/actualites\/13-juillet-1975-eddy-merckx-a-subi-la-plus-grande-defaite-du-tour-de-france-aujourdhui-video\/"},"modified":"2025-07-13T16:17:47","modified_gmt":"2025-07-13T14:17:47","slug":"13-juillet-1975-eddy-merckx-a-subi-la-plus-grande-defaite-du-tour-de-france-aujourdhui-video","status":"publish","type":"post","link":"https:\/\/vieassociative.be\/actualites\/13-juillet-1975-eddy-merckx-a-subi-la-plus-grande-defaite-du-tour-de-france-aujourdhui-video\/","title":{"rendered":"13 juillet 1975: Eddy Merckx a subi la plus grande d\u00e9faite du Tour de France aujourd&rsquo;hui (vid\u00e9o)"},"content":{"rendered":"<p><strong>Le 13 juillet 1975 est tomb\u00e9 dans l&rsquo;histoire du Tour de France alors que le jour o\u00f9 Eddy Merckx \u00ab\u00a0cannibale\u00a0\u00bb \u00e9tait la derni\u00e8re fois dans son incroyable carri\u00e8re de v\u00e9lo. Ce fut sa plus grande d\u00e9faite en m\u00eame temps.<\/strong><\/p>\n<p><span id=\"more-419967\"><\/span>Les fans de cyclisme belge quelque peu plus \u00e2g\u00e9s n&rsquo;ont jamais \u00e9t\u00e9 oubli\u00e9s le 13 juillet 1975. \u00ab\u00a0Le Fran\u00e7ais Bernard Thevenet Belgium a apport\u00e9 il y a 50 ans\u00a0\u00bb, \u00ab\u00a0a \u00e9crit le quotidien\u00a0\u00bb La Derni\u00e8re H\u00e9ure &#8211; les Sports \u00ab\u00a0dimanche:\u00a0\u00bb Le 13 juillet 1975 a encore \u00e9t\u00e9 battu sur la sc\u00e8ne de Pra Loulle, \u00ab\u00a0Kannibale\u00a0\u00bb a \u00e9t\u00e9 battu sur la sc\u00e8ne de Pra Loulle, \u00ab\u00a0Kannibale\u00a0\u00bb a \u00e9t\u00e9 battu sur la sc\u00e8ne de Pra Loulle, \u00ab\u00a0Kannibale\u00a0\u00bb a \u00e9t\u00e9 battu sur la sc\u00e8ne de Pra Loulle, \u00ab\u00a0Kannibale\u00a0\u00bb a \u00e9t\u00e9 battu sur la sc\u00e8ne de Pra Loup, \u00ab\u00a0WaWEREY et ne jamais avoir \u00e9t\u00e9 battu sur la sc\u00e8ne de Pra Loup\u00a0\u00bb<\/p>\n<div id=\"attachment_217732\" class=\"wp-caption alignleft\" style=\"max-width: 300px\"><img fetchpriority=\"high\" decoding=\"async\" class=\"wp-image-217732 size-medium\" src=\"https:\/\/vieassociative.be\/actualites\/wp-content\/uploads\/2025\/06\/1750083521_368_Il-a-fait-de-la-Belgique-un-peuple-de-Merckxists.jpeg\" alt=\"\" width=\"300\" height=\"222\"  ><\/p>\n<p class=\"wp-caption-text\">22\/07\/2000, France, Paris: le quintuple vainqueur du Tour de France Eddy Merckx de Belgique (LR), Bernard Hinault de France et Miguel Indurain d&rsquo;Espagne sont au sommet des 10 000 cyclistes de loisirs qui conduisent 28 kilom\u00e8tres \u00e0 travers les Fran\u00e7ais dans les Jerseys jaunes, verts et pointilleux du Tour de France. Photo: Gero Breloer \/ DPA<\/p>\n<\/div>\n<p>Au d\u00e9but, tout ressemblait \u00e0 Merckx remportait le Tour de France pour la sixi\u00e8me fois et le seul d\u00e9tenteur du record. Jusque-l\u00e0, seul le Fran\u00e7ais Jacques Anquetil (de 1957 \u00e0 1964) avait remport\u00e9 le record de cinq victoires en tourn\u00e9e.<\/p>\n<p>Dans l&rsquo;avant-dernier montage de la montagne, le Col d&rsquo;Allos, le Belge, a de nouveau laiss\u00e9 tous les concurrents loin. La descente avant la derni\u00e8re mont\u00e9e \u00e0 Pra-Loup ma\u00eetris\u00e9 Merckx \u00e0 un rythme d&rsquo;enfer, m\u00eame certains v\u00e9hicules de la caravane Tour ont atterri dans un foss\u00e9 parce qu&rsquo;ils devaient faire de la place pour le \u00ab\u00a0Belge volant\u00a0\u00bb. Le journaliste radio le plus c\u00e9l\u00e8bre de Belgique Luc Varenne \u00e9tait en plus de l&rsquo;enthousiasme.<\/p>\n<p>Ensuite, la derni\u00e8re pente de pra loup, qui a \u00e9t\u00e9 condamn\u00e9e Merckx et m\u00eame silencieuse le journaliste puissant par un mot par ailleurs. Le champion du monde \u00e0 l&rsquo;\u00e9poque avait re\u00e7u un pouce dans l&rsquo;estomac sur la mont\u00e9e du Puy de D\u00f4me d&rsquo;un spectateur en col\u00e8re qui ne pouvait plus supporter la domination du Belge. Peut-\u00eatre que prendre des m\u00e9dicaments plus tard a \u00e9t\u00e9 l&rsquo;une des raisons de l&rsquo;incroyable faiblesse, \u00e0 laquelle il a \u00e9t\u00e9 victime du lendemain.<\/p>\n<p>Merckx est venu \u00e0 la ligne d&rsquo;arriv\u00e9e avec pr\u00e8s de deux minutes derri\u00e8re le vainqueur Bernard Thevenet et a perdu le maillot jaune face aux Fran\u00e7ais, qui ne pouvait pas saisir sa chance, Th\u00e9vennet est entr\u00e9 dans l&rsquo;histoire du tour alors que \u00ab\u00a0l&rsquo;homme qui a vaincu Eddy Merckx\u00a0\u00bb. Aujourd&rsquo;hui, Merckx et Th\u00e9venet sont de gros amis. (Cre)<\/p>\n<p><em><strong>Vous trouverez ci-dessous une vid\u00e9o sur la d\u00e9faite d&rsquo;Eddy Merckx le 13 juillet 1975:<\/strong><\/em><\/p>\n<div class=\"responsive-embed\">\n<div class=\"rll-youtube-player\" data-src=\"https:\/\/www.youtube.com\/embed\/zktpzh9hLbs\" data-id=\"zktpzh9hLbs\" data-query=\"feature=oembed\" data-alt=\"Tour 1975 - L' \u00e9tape l\u00e9gendaire Nice - Pra Loup racont\u00e9e par De Muer, Bernard Th\u00e9venet &amp; Eddy Merckx\"><\/div>\n<p><noscript><a href=\"https:\/\/www.youtube.com\/watch?v=zktpzh9hlbs\">https:\/\/www.youtube.com\/watch?v=zktpzh9hlbs<\/a><\/noscript><\/div>\n","protected":false},"excerpt":{"rendered":"<p>Le 13 juillet 1975 est tomb\u00e9 dans l&rsquo;histoire du Tour de France alors que le jour o\u00f9 Eddy Merckx \u00ab\u00a0cannibale\u00a0\u00bb \u00e9tait la derni\u00e8re fois dans<\/p>\n","protected":false},"author":1,"featured_media":8723,"comment_status":"","ping_status":"","sticky":false,"template":"","format":"standard","meta":{"footnotes":""},"categories":[298],"tags":[2330,2350,4097,2444,1787,3153,4098,2354,2443,1204],"class_list":["post-8722","post","type-post","status-publish","format-standard","has-post-thumbnail","hentry","category-belgique","tag-aujourdhui","tag-defaite","tag-eddy","tag-france","tag-grande","tag-juillet","tag-merckx","tag-subi","tag-tour","tag-video","generate-columns","tablet-grid-50","mobile-grid-100","grid-parent","grid-33"],"yoast_head":"<!-- This site is optimized with the Yoast SEO plugin v24.0 - https:\/\/yoast.com\/wordpress\/plugins\/seo\/ -->\n<title>13 juillet 1975: Eddy Merckx a subi la plus grande d\u00e9faite du Tour de France aujourd&#039;hui (vid\u00e9o) | Vie Associative<\/title>\n<meta name=\"robots\" content=\"index, follow, max-snippet:-1, max-image-preview:large, max-video-preview:-1\" \/>\n<link rel=\"canonical\" href=\"https:\/\/vieassociative.be\/actualites\/13-juillet-1975-eddy-merckx-a-subi-la-plus-grande-defaite-du-tour-de-france-aujourdhui-video\/\" \/>\n<meta property=\"og:locale\" content=\"fr_FR\" \/>\n<meta property=\"og:type\" content=\"article\" \/>\n<meta property=\"og:title\" content=\"13 juillet 1975: Eddy Merckx a subi la plus grande d\u00e9faite du Tour de France aujourd&#039;hui (vid\u00e9o) | Vie Associative\" \/>\n<meta property=\"og:description\" content=\"Le 13 juillet 1975 est tomb\u00e9 dans l&rsquo;histoire du Tour de France alors que le jour o\u00f9 Eddy Merckx \u00ab\u00a0cannibale\u00a0\u00bb \u00e9tait la derni\u00e8re fois dans\" \/>\n<meta property=\"og:url\" content=\"https:\/\/vieassociative.be\/actualites\/13-juillet-1975-eddy-merckx-a-subi-la-plus-grande-defaite-du-tour-de-france-aujourdhui-video\/\" \/>\n<meta property=\"og:site_name\" content=\"Vie Associative\" \/>\n<meta property=\"article:published_time\" content=\"2025-07-13T14:17:47+00:00\" \/>\n<meta property=\"og:image\" content=\"https:\/\/vieassociative.be\/actualites\/wp-content\/uploads\/2024\/09\/header_backgroundk-01-e1726694325946.png\" \/>\n\t<meta property=\"og:image:width\" content=\"279\" \/>\n\t<meta property=\"og:image:height\" content=\"92\" \/>\n\t<meta property=\"og:image:type\" content=\"image\/png\" \/>\n<meta name=\"author\" content=\"Julien\" \/>\n<meta name=\"twitter:card\" content=\"summary_large_image\" \/>\n<meta name=\"twitter:label1\" content=\"\u00c9crit par\" \/>\n\t<meta name=\"twitter:data1\" content=\"Julien\" \/>\n\t<meta name=\"twitter:label2\" content=\"Dur\u00e9e de lecture est.\" \/>\n\t<meta name=\"twitter:data2\" content=\"2 minutes\" \/>\n<script type=\"application\/ld+json\" class=\"yoast-schema-graph\">{\"@context\":\"https:\/\/schema.org\",\"@graph\":[{\"@type\":\"Article\",\"@id\":\"https:\/\/vieassociative.be\/actualites\/13-juillet-1975-eddy-merckx-a-subi-la-plus-grande-defaite-du-tour-de-france-aujourdhui-video\/#article\",\"isPartOf\":{\"@id\":\"https:\/\/vieassociative.be\/actualites\/13-juillet-1975-eddy-merckx-a-subi-la-plus-grande-defaite-du-tour-de-france-aujourdhui-video\/\"},\"author\":{\"name\":\"Julien\",\"@id\":\"https:\/\/vieassociative.be\/actualites\/#\/schema\/person\/b87ac4f82f9d4e7b7cec7395b679edc4\"},\"headline\":\"13 juillet 1975: Eddy Merckx a subi la plus grande d\u00e9faite du Tour de France aujourd&rsquo;hui (vid\u00e9o)\",\"datePublished\":\"2025-07-13T14:17:47+00:00\",\"dateModified\":\"2025-07-13T14:17:47+00:00\",\"mainEntityOfPage\":{\"@id\":\"https:\/\/vieassociative.be\/actualites\/13-juillet-1975-eddy-merckx-a-subi-la-plus-grande-defaite-du-tour-de-france-aujourdhui-video\/\"},\"wordCount\":531,\"publisher\":{\"@id\":\"https:\/\/vieassociative.be\/actualites\/#organization\"},\"image\":{\"@id\":\"https:\/\/vieassociative.be\/actualites\/13-juillet-1975-eddy-merckx-a-subi-la-plus-grande-defaite-du-tour-de-france-aujourdhui-video\/#primaryimage\"},\"thumbnailUrl\":\"https:\/\/vieassociative.be\/actualites\/wp-content\/uploads\/2025\/07\/13-juillet-1975-Eddy-Merckx-a-subi-la-plus-grande.jpg\",\"keywords\":[\"aujourdhui\",\"D\u00e9faite\",\"Eddy\",\"France\",\"grande\",\"juillet\",\"Merckx\",\"subi\",\"Tour\",\"vid\u00e9o\"],\"articleSection\":[\"Belgique\"],\"inLanguage\":\"fr-BE\"},{\"@type\":\"WebPage\",\"@id\":\"https:\/\/vieassociative.be\/actualites\/13-juillet-1975-eddy-merckx-a-subi-la-plus-grande-defaite-du-tour-de-france-aujourdhui-video\/\",\"url\":\"https:\/\/vieassociative.be\/actualites\/13-juillet-1975-eddy-merckx-a-subi-la-plus-grande-defaite-du-tour-de-france-aujourdhui-video\/\",\"name\":\"13 juillet 1975: Eddy Merckx a subi la plus grande d\u00e9faite du Tour de France aujourd'hui (vid\u00e9o) | Vie Associative\",\"isPartOf\":{\"@id\":\"https:\/\/vieassociative.be\/actualites\/#website\"},\"primaryImageOfPage\":{\"@id\":\"https:\/\/vieassociative.be\/actualites\/13-juillet-1975-eddy-merckx-a-subi-la-plus-grande-defaite-du-tour-de-france-aujourdhui-video\/#primaryimage\"},\"image\":{\"@id\":\"https:\/\/vieassociative.be\/actualites\/13-juillet-1975-eddy-merckx-a-subi-la-plus-grande-defaite-du-tour-de-france-aujourdhui-video\/#primaryimage\"},\"thumbnailUrl\":\"https:\/\/vieassociative.be\/actualites\/wp-content\/uploads\/2025\/07\/13-juillet-1975-Eddy-Merckx-a-subi-la-plus-grande.jpg\",\"datePublished\":\"2025-07-13T14:17:47+00:00\",\"dateModified\":\"2025-07-13T14:17:47+00:00\",\"breadcrumb\":{\"@id\":\"https:\/\/vieassociative.be\/actualites\/13-juillet-1975-eddy-merckx-a-subi-la-plus-grande-defaite-du-tour-de-france-aujourdhui-video\/#breadcrumb\"},\"inLanguage\":\"fr-BE\",\"potentialAction\":[{\"@type\":\"ReadAction\",\"target\":[\"https:\/\/vieassociative.be\/actualites\/13-juillet-1975-eddy-merckx-a-subi-la-plus-grande-defaite-du-tour-de-france-aujourdhui-video\/\"]}]},{\"@type\":\"ImageObject\",\"inLanguage\":\"fr-BE\",\"@id\":\"https:\/\/vieassociative.be\/actualites\/13-juillet-1975-eddy-merckx-a-subi-la-plus-grande-defaite-du-tour-de-france-aujourdhui-video\/#primaryimage\",\"url\":\"https:\/\/vieassociative.be\/actualites\/wp-content\/uploads\/2025\/07\/13-juillet-1975-Eddy-Merckx-a-subi-la-plus-grande.jpg\",\"contentUrl\":\"https:\/\/vieassociative.be\/actualites\/wp-content\/uploads\/2025\/07\/13-juillet-1975-Eddy-Merckx-a-subi-la-plus-grande.jpg\",\"width\":1200,\"height\":800,\"caption\":\"13 juillet 1975: Eddy Merckx a subi la plus grande d\u00e9faite du Tour de France aujourd'hui (vid\u00e9o)\"},{\"@type\":\"BreadcrumbList\",\"@id\":\"https:\/\/vieassociative.be\/actualites\/13-juillet-1975-eddy-merckx-a-subi-la-plus-grande-defaite-du-tour-de-france-aujourdhui-video\/#breadcrumb\",\"itemListElement\":[{\"@type\":\"ListItem\",\"position\":1,\"name\":\"Accueil\",\"item\":\"https:\/\/vieassociative.be\/actualites\/\"},{\"@type\":\"ListItem\",\"position\":2,\"name\":\"13 juillet 1975: Eddy Merckx a subi la plus grande d\u00e9faite du Tour de France aujourd&rsquo;hui (vid\u00e9o)\"}]},{\"@type\":\"WebSite\",\"@id\":\"https:\/\/vieassociative.be\/actualites\/#website\",\"url\":\"https:\/\/vieassociative.be\/actualites\/\",\"name\":\"Vie Associative\",\"description\":\"\",\"publisher\":{\"@id\":\"https:\/\/vieassociative.be\/actualites\/#organization\"},\"potentialAction\":[{\"@type\":\"SearchAction\",\"target\":{\"@type\":\"EntryPoint\",\"urlTemplate\":\"https:\/\/vieassociative.be\/actualites\/?s={search_term_string}\"},\"query-input\":{\"@type\":\"PropertyValueSpecification\",\"valueRequired\":true,\"valueName\":\"search_term_string\"}}],\"inLanguage\":\"fr-BE\"},{\"@type\":\"Organization\",\"@id\":\"https:\/\/vieassociative.be\/actualites\/#organization\",\"name\":\"Vie Associative\",\"url\":\"https:\/\/vieassociative.be\/actualites\/\",\"logo\":{\"@type\":\"ImageObject\",\"inLanguage\":\"fr-BE\",\"@id\":\"https:\/\/vieassociative.be\/actualites\/#\/schema\/logo\/image\/\",\"url\":\"https:\/\/vieassociative.be\/actualites\/wp-content\/uploads\/2024\/09\/cropped-vieassociative_favicon.ico.png\",\"contentUrl\":\"https:\/\/vieassociative.be\/actualites\/wp-content\/uploads\/2024\/09\/cropped-vieassociative_favicon.ico.png\",\"width\":512,\"height\":512,\"caption\":\"Vie Associative\"},\"image\":{\"@id\":\"https:\/\/vieassociative.be\/actualites\/#\/schema\/logo\/image\/\"}},{\"@type\":\"Person\",\"@id\":\"https:\/\/vieassociative.be\/actualites\/#\/schema\/person\/b87ac4f82f9d4e7b7cec7395b679edc4\",\"name\":\"Julien\",\"image\":{\"@type\":\"ImageObject\",\"inLanguage\":\"fr-BE\",\"@id\":\"https:\/\/vieassociative.be\/actualites\/#\/schema\/person\/image\/\",\"url\":\"https:\/\/vieassociative.be\/actualites\/wp-content\/uploads\/2024\/09\/vie-associative-1-150x150.jpg\",\"contentUrl\":\"https:\/\/vieassociative.be\/actualites\/wp-content\/uploads\/2024\/09\/vie-associative-1-150x150.jpg\",\"caption\":\"Julien\"},\"description\":\"Je suis Julien, r\u00e9dacteur pour Vie Associative. Passionn\u00e9 par le monde associatif depuis plus de 10 ans, j'ai \u00e0 c\u0153ur de partager des histoires inspirantes et de mettre en lumi\u00e8re les initiatives locales. Mon objectif est de sensibiliser et d'encourager l'engagement communautaire \u00e0 travers mes articles.\",\"sameAs\":[\"https:\/\/vieassociative.be\/\"]}]}<\/script>\n<!-- \/ Yoast SEO plugin. -->","yoast_head_json":{"title":"13 juillet 1975: Eddy Merckx a subi la plus grande d\u00e9faite du Tour de France aujourd'hui (vid\u00e9o) | Vie Associative","robots":{"index":"index","follow":"follow","max-snippet":"max-snippet:-1","max-image-preview":"max-image-preview:large","max-video-preview":"max-video-preview:-1"},"canonical":"https:\/\/vieassociative.be\/actualites\/13-juillet-1975-eddy-merckx-a-subi-la-plus-grande-defaite-du-tour-de-france-aujourdhui-video\/","og_locale":"fr_FR","og_type":"article","og_title":"13 juillet 1975: Eddy Merckx a subi la plus grande d\u00e9faite du Tour de France aujourd'hui (vid\u00e9o) | Vie Associative","og_description":"Le 13 juillet 1975 est tomb\u00e9 dans l&rsquo;histoire du Tour de France alors que le jour o\u00f9 Eddy Merckx \u00ab\u00a0cannibale\u00a0\u00bb \u00e9tait la derni\u00e8re fois dans","og_url":"https:\/\/vieassociative.be\/actualites\/13-juillet-1975-eddy-merckx-a-subi-la-plus-grande-defaite-du-tour-de-france-aujourdhui-video\/","og_site_name":"Vie Associative","article_published_time":"2025-07-13T14:17:47+00:00","og_image":[{"width":279,"height":92,"url":"https:\/\/vieassociative.be\/actualites\/wp-content\/uploads\/2024\/09\/header_backgroundk-01-e1726694325946.png","type":"image\/png"}],"author":"Julien","twitter_card":"summary_large_image","twitter_misc":{"\u00c9crit par":"Julien","Dur\u00e9e de lecture est.":"2 minutes"},"schema":{"@context":"https:\/\/schema.org","@graph":[{"@type":"Article","@id":"https:\/\/vieassociative.be\/actualites\/13-juillet-1975-eddy-merckx-a-subi-la-plus-grande-defaite-du-tour-de-france-aujourdhui-video\/#article","isPartOf":{"@id":"https:\/\/vieassociative.be\/actualites\/13-juillet-1975-eddy-merckx-a-subi-la-plus-grande-defaite-du-tour-de-france-aujourdhui-video\/"},"author":{"name":"Julien","@id":"https:\/\/vieassociative.be\/actualites\/#\/schema\/person\/b87ac4f82f9d4e7b7cec7395b679edc4"},"headline":"13 juillet 1975: Eddy Merckx a subi la plus grande d\u00e9faite du Tour de France aujourd&rsquo;hui (vid\u00e9o)","datePublished":"2025-07-13T14:17:47+00:00","dateModified":"2025-07-13T14:17:47+00:00","mainEntityOfPage":{"@id":"https:\/\/vieassociative.be\/actualites\/13-juillet-1975-eddy-merckx-a-subi-la-plus-grande-defaite-du-tour-de-france-aujourdhui-video\/"},"wordCount":531,"publisher":{"@id":"https:\/\/vieassociative.be\/actualites\/#organization"},"image":{"@id":"https:\/\/vieassociative.be\/actualites\/13-juillet-1975-eddy-merckx-a-subi-la-plus-grande-defaite-du-tour-de-france-aujourdhui-video\/#primaryimage"},"thumbnailUrl":"https:\/\/vieassociative.be\/actualites\/wp-content\/uploads\/2025\/07\/13-juillet-1975-Eddy-Merckx-a-subi-la-plus-grande.jpg","keywords":["aujourdhui","D\u00e9faite","Eddy","France","grande","juillet","Merckx","subi","Tour","vid\u00e9o"],"articleSection":["Belgique"],"inLanguage":"fr-BE"},{"@type":"WebPage","@id":"https:\/\/vieassociative.be\/actualites\/13-juillet-1975-eddy-merckx-a-subi-la-plus-grande-defaite-du-tour-de-france-aujourdhui-video\/","url":"https:\/\/vieassociative.be\/actualites\/13-juillet-1975-eddy-merckx-a-subi-la-plus-grande-defaite-du-tour-de-france-aujourdhui-video\/","name":"13 juillet 1975: Eddy Merckx a subi la plus grande d\u00e9faite du Tour de France aujourd'hui (vid\u00e9o) | Vie Associative","isPartOf":{"@id":"https:\/\/vieassociative.be\/actualites\/#website"},"primaryImageOfPage":{"@id":"https:\/\/vieassociative.be\/actualites\/13-juillet-1975-eddy-merckx-a-subi-la-plus-grande-defaite-du-tour-de-france-aujourdhui-video\/#primaryimage"},"image":{"@id":"https:\/\/vieassociative.be\/actualites\/13-juillet-1975-eddy-merckx-a-subi-la-plus-grande-defaite-du-tour-de-france-aujourdhui-video\/#primaryimage"},"thumbnailUrl":"https:\/\/vieassociative.be\/actualites\/wp-content\/uploads\/2025\/07\/13-juillet-1975-Eddy-Merckx-a-subi-la-plus-grande.jpg","datePublished":"2025-07-13T14:17:47+00:00","dateModified":"2025-07-13T14:17:47+00:00","breadcrumb":{"@id":"https:\/\/vieassociative.be\/actualites\/13-juillet-1975-eddy-merckx-a-subi-la-plus-grande-defaite-du-tour-de-france-aujourdhui-video\/#breadcrumb"},"inLanguage":"fr-BE","potentialAction":[{"@type":"ReadAction","target":["https:\/\/vieassociative.be\/actualites\/13-juillet-1975-eddy-merckx-a-subi-la-plus-grande-defaite-du-tour-de-france-aujourdhui-video\/"]}]},{"@type":"ImageObject","inLanguage":"fr-BE","@id":"https:\/\/vieassociative.be\/actualites\/13-juillet-1975-eddy-merckx-a-subi-la-plus-grande-defaite-du-tour-de-france-aujourdhui-video\/#primaryimage","url":"https:\/\/vieassociative.be\/actualites\/wp-content\/uploads\/2025\/07\/13-juillet-1975-Eddy-Merckx-a-subi-la-plus-grande.jpg","contentUrl":"https:\/\/vieassociative.be\/actualites\/wp-content\/uploads\/2025\/07\/13-juillet-1975-Eddy-Merckx-a-subi-la-plus-grande.jpg","width":1200,"height":800,"caption":"13 juillet 1975: Eddy Merckx a subi la plus grande d\u00e9faite du Tour de France aujourd'hui (vid\u00e9o)"},{"@type":"BreadcrumbList","@id":"https:\/\/vieassociative.be\/actualites\/13-juillet-1975-eddy-merckx-a-subi-la-plus-grande-defaite-du-tour-de-france-aujourdhui-video\/#breadcrumb","itemListElement":[{"@type":"ListItem","position":1,"name":"Accueil","item":"https:\/\/vieassociative.be\/actualites\/"},{"@type":"ListItem","position":2,"name":"13 juillet 1975: Eddy Merckx a subi la plus grande d\u00e9faite du Tour de France aujourd&rsquo;hui (vid\u00e9o)"}]},{"@type":"WebSite","@id":"https:\/\/vieassociative.be\/actualites\/#website","url":"https:\/\/vieassociative.be\/actualites\/","name":"Vie Associative","description":"","publisher":{"@id":"https:\/\/vieassociative.be\/actualites\/#organization"},"potentialAction":[{"@type":"SearchAction","target":{"@type":"EntryPoint","urlTemplate":"https:\/\/vieassociative.be\/actualites\/?s={search_term_string}"},"query-input":{"@type":"PropertyValueSpecification","valueRequired":true,"valueName":"search_term_string"}}],"inLanguage":"fr-BE"},{"@type":"Organization","@id":"https:\/\/vieassociative.be\/actualites\/#organization","name":"Vie Associative","url":"https:\/\/vieassociative.be\/actualites\/","logo":{"@type":"ImageObject","inLanguage":"fr-BE","@id":"https:\/\/vieassociative.be\/actualites\/#\/schema\/logo\/image\/","url":"https:\/\/vieassociative.be\/actualites\/wp-content\/uploads\/2024\/09\/cropped-vieassociative_favicon.ico.png","contentUrl":"https:\/\/vieassociative.be\/actualites\/wp-content\/uploads\/2024\/09\/cropped-vieassociative_favicon.ico.png","width":512,"height":512,"caption":"Vie Associative"},"image":{"@id":"https:\/\/vieassociative.be\/actualites\/#\/schema\/logo\/image\/"}},{"@type":"Person","@id":"https:\/\/vieassociative.be\/actualites\/#\/schema\/person\/b87ac4f82f9d4e7b7cec7395b679edc4","name":"Julien","image":{"@type":"ImageObject","inLanguage":"fr-BE","@id":"https:\/\/vieassociative.be\/actualites\/#\/schema\/person\/image\/","url":"https:\/\/vieassociative.be\/actualites\/wp-content\/uploads\/2024\/09\/vie-associative-1-150x150.jpg","contentUrl":"https:\/\/vieassociative.be\/actualites\/wp-content\/uploads\/2024\/09\/vie-associative-1-150x150.jpg","caption":"Julien"},"description":"Je suis Julien, r\u00e9dacteur pour Vie Associative. Passionn\u00e9 par le monde associatif depuis plus de 10 ans, j'ai \u00e0 c\u0153ur de partager des histoires inspirantes et de mettre en lumi\u00e8re les initiatives locales. Mon objectif est de sensibiliser et d'encourager l'engagement communautaire \u00e0 travers mes articles.","sameAs":["https:\/\/vieassociative.be\/"]}]}},"_links":{"self":[{"href":"https:\/\/vieassociative.be\/actualites\/wp-json\/wp\/v2\/posts\/8722"}],"collection":[{"href":"https:\/\/vieassociative.be\/actualites\/wp-json\/wp\/v2\/posts"}],"about":[{"href":"https:\/\/vieassociative.be\/actualites\/wp-json\/wp\/v2\/types\/post"}],"author":[{"embeddable":true,"href":"https:\/\/vieassociative.be\/actualites\/wp-json\/wp\/v2\/users\/1"}],"replies":[{"embeddable":true,"href":"https:\/\/vieassociative.be\/actualites\/wp-json\/wp\/v2\/comments?post=8722"}],"version-history":[{"count":0,"href":"https:\/\/vieassociative.be\/actualites\/wp-json\/wp\/v2\/posts\/8722\/revisions"}],"wp:featuredmedia":[{"embeddable":true,"href":"https:\/\/vieassociative.be\/actualites\/wp-json\/wp\/v2\/media\/8723"}],"wp:attachment":[{"href":"https:\/\/vieassociative.be\/actualites\/wp-json\/wp\/v2\/media?parent=8722"}],"wp:term":[{"taxonomy":"category","embeddable":true,"href":"https:\/\/vieassociative.be\/actualites\/wp-json\/wp\/v2\/categories?post=8722"},{"taxonomy":"post_tag","embeddable":true,"href":"https:\/\/vieassociative.be\/actualites\/wp-json\/wp\/v2\/tags?post=8722"}],"curies":[{"name":"wp","href":"https:\/\/api.w.org\/{rel}","templated":true}]}}