{"id":8720,"date":"2025-07-13T15:17:29","date_gmt":"2025-07-13T13:17:29","guid":{"rendered":"https:\/\/vieassociative.be\/actualites\/cette-station-daccueil-anker-14-en-1-coute-100-pour-quelques-heures-de-plus-jusqua-la-fin-du-premier-jour\/"},"modified":"2025-07-13T15:17:29","modified_gmt":"2025-07-13T13:17:29","slug":"cette-station-daccueil-anker-14-en-1-coute-100-pour-quelques-heures-de-plus-jusqua-la-fin-du-premier-jour","status":"publish","type":"post","link":"https:\/\/vieassociative.be\/actualites\/cette-station-daccueil-anker-14-en-1-coute-100-pour-quelques-heures-de-plus-jusqua-la-fin-du-premier-jour\/","title":{"rendered":"Cette station d&rsquo;accueil Anker 14 en 1 co\u00fbte 100 $ pour quelques heures de plus jusqu&rsquo;\u00e0 la fin du premier jour"},"content":{"rendered":"<div class=\"mt-4 leading-6 md:mb-8\">C&rsquo;est le type de mise \u00e0 niveau qui maintient votre flux de travail lisse et votre bureau moins chaotique.<\/div>\n<p><\/p>\n<p><em>Prime Day 2025 se termine ce soir, et Vie Associative partage les meilleures ventes en fonction des avis de produits, des comparaisons et des outils de suivi des prix avant sa fin. <\/em><\/p>\n<ul>\n<li>\n<p><em>Suivez notre blog en direct<\/em><em>  Pour rester \u00e0 jour sur les meilleures ventes que nous trouvons.<\/em><\/p>\n<\/li>\n<li>\n<p><em>Parcourir les choix de nos \u00e9diteurs<\/em><em>  Pour une liste organis\u00e9e de nos ventes pr\u00e9f\u00e9r\u00e9es sur les ordinateurs portables, la technologie de fitness, les appareils \u00e9lectrom\u00e9nagers, etc. <\/em><\/p>\n<\/li>\n<li>\n<p><em>Abonnez-vous \u00e0 notre newsletter shopping<\/em><em>Ajouter au panier, pour les meilleures ventes envoy\u00e9es dans votre bo\u00eete de r\u00e9ception.<\/em><\/p>\n<\/li>\n<li>\n<p><em>Nouveau \u00e0 Prime Day? Nous avons un appr\u00eat sur tout ce que vous devez savoir<\/em><em>. Les ventes sont exactes au moment de la publication, mais les prix et les stocks sont toujours susceptibles de changer. <\/em><\/p>\n<\/li>\n<\/ul>\n<hr>\n<p>Faire une configuration de votre maison pour ressembler \u00e0 un vrai espace de travail peut \u00eatre en d\u00e9sordre rapidement, surtout si vous jonglez avec plusieurs moniteurs, une webcam, un stockage externe et que vous avez toujours besoin d&rsquo;un chargeur. La station d&rsquo;accueil Anker Prime 14-en-1 essaie de mettre fin \u00e0 ce g\u00e2chis, et pour le premier jour, il est \u00e0 169,99 $ par rapport \u00e0 ses 269,99 $ habituels. C&rsquo;est une remise de 37% et le plus bas qu&rsquo;il a jamais disparu, selon les d\u00e9put\u00e9s de prix. <\/p>\n<div class=\"pogoClear mb-12 mt-10 rounded-md border-2 border-gray-100 py-7 shadow-xl md:py-6\">\n<div class=\"flex flex-wrap justify-between px-7 text-black no-underline md:flex-nowrap md:px-8\">\n<div class=\"order-1 mx-auto flex flex-col justify-center md:order-2 md:ml-4 md:w-full md:grow\">\n<div class=\"block cursor-pointer text-center font-akshar text-2xl font-medium leading-7 text-brand-green duration-200 ease-in-out hover:text-brand-green-700 md:text-left md:text-xl md:leading-6\">Station d&rsquo;accueil Anker Prime\n                <\/div>\n<div class=\"mt-4 hidden md:flex md:justify-between\">\n<div class=\"self-end\">\n<div class=\"mb-0 h-11 md:flex md:flex-col md:justify-center\">\n<div class=\" font-sans leading-4 text-black\">\n<div class=\"flex flex-wrap items-center justify-center gap-x-1 md:justify-start\">\n        <span class=\"font-bold\"><\/p>\n<p>            169,99 $<br \/>\n                    <\/span>\n            <\/div>\n<div class=\"flex items-center justify-center gap-x-1 font-bold md:justify-start\">\n            <span class=\"text-sm line-through\">269,99 $<\/span><br \/>\n            <span class=\"text-sm text-brand-green\">\u00c9conomisez 100,00 $<\/span>\n        <\/div>\n<\/p><\/div>\n<\/p><\/div>\n<\/p><\/div>\n<div class=\"w-44 self-end\">\n                            <button class=\"flex justify-center items-center w-full bg-brand-green text-white text-base font-sans font-medium rounded-md hover:bg-brand-green-700 hover:cursor-pointer md:text-sm h-11\"><\/p>\n<p>    Conclure un accord<br \/>\n<\/button>\n                        <\/div>\n<\/p><\/div>\n<\/p><\/div>\n<div class=\"order-2 mt-5 h-auto w-full md:order-1 md:mt-0 md:hidden\">\n<div class=\"flex aspect-video items-center justify-center\">\n                                            <img decoding=\"async\" class=\"m-0 max-h-full max-w-full rounded-md\" src=\"https:\/\/vieassociative.be\/actualites\/wp-content\/uploads\/2025\/07\/Cette-station-daccueil-Anker-14-en-1-coute-100.jpg\" alt=\"Station d'accueil Anker Prime\" width=\"auto\" height=\"auto\" loading=\"lazy\">\n                                    <\/div>\n<\/p><\/div>\n<div class=\"order-2 ml-2 hidden w-32 shrink-0 items-center md:order-1 md:ml-0 md:flex\">\n<div class=\"flex aspect-video items-center justify-center\">\n                                            <img decoding=\"async\" class=\"m-0 max-h-full max-w-full rounded-md\" src=\"https:\/\/vieassociative.be\/actualites\/wp-content\/uploads\/2025\/07\/Cette-station-daccueil-Anker-14-en-1-coute-100.jpg\" alt=\"Station d'accueil Anker Prime\" width=\"auto\" height=\"auto\" loading=\"lazy\">\n                                    <\/div>\n<\/p><\/div>\n<div class=\"order-3 flex grow flex-wrap md:hidden md:grow-0\">\n<div class=\"mt-4 w-full\">\n                        <button class=\"flex justify-center items-center w-full bg-brand-green text-white text-base font-sans font-medium rounded-md hover:bg-brand-green-700 hover:cursor-pointer md:text-sm h-11\"><\/p>\n<p>    Conclure un accord<br \/>\n<\/button>\n                    <\/div>\n<div class=\"mx-2 mt-4 w-full\">\n<div class=\" font-sans leading-4 text-black\">\n<div class=\"flex flex-wrap items-center justify-center gap-x-1 md:justify-start\">\n        <span class=\"font-bold\"><\/p>\n<p>            169,99 $<br \/>\n                    <\/span>\n            <\/div>\n<div class=\"flex items-center justify-center gap-x-1 font-bold md:justify-start\">\n            <span class=\"text-sm line-through\">269,99 $<\/span><br \/>\n            <span class=\"text-sm text-brand-green\">\u00c9conomisez 100,00 $<\/span>\n        <\/div>\n<\/p><\/div>\n<\/p><\/div>\n<\/p><\/div>\n<\/p><\/div>\n<\/div>\n<p>Cette station d&rsquo;accueil couvre presque tout ce que vous souhaitez brancher. Vous obtenez 14 ports, y compris le double HDMI, plusieurs emplacements USB-C et USB-A, Ethernet et SD. Cela signifie que vous pouvez charger votre ordinateur portable, votre t\u00e9l\u00e9phone, vos \u00e9couteurs et votre tablette en m\u00eame temps, tout en poussant la vid\u00e9o \u00e0 deux moniteurs. Et avec une sortie totale jusqu&rsquo;\u00e0 160 W et une charge de 100 W \u00e0 partir d&rsquo;un seul port USB-C, il est suffisamment puissant pour maintenir votre appareil principal en cours d&rsquo;ex\u00e9cution sans accroc. Juste une t\u00eate haute: si vous utilisez MacOS, les deux \u00e9crans externes se refl\u00e9teront mutuellement plut\u00f4t que d&rsquo;agir comme des \u00e9crans \u00e9tendus.<\/p>\n<p>Bien s\u00fbr, ce n&rsquo;est pas la plus petite chose du monde, et certaines fonctionnalit\u00e9s, comme la sortie vid\u00e9o 8K, d\u00e9pendent de la bonne \u00e9quipement. Mais pour la plupart des utilisateurs avec un MacBook ou un nouveau ordinateur portable Windows, c&rsquo;est un moyen solide d&rsquo;\u00e9tendre ce que votre machine peut faire sans jongler avec les adaptateurs. Pourtant, pour ce prix, c&rsquo;est une solution tout-en-un assez solide.<\/p>\n<div class=\"pogoClear relative my-10 border-b-(1.5px) border-t-(1.5px) border-dashed border-black py-5 sm:my-14 sm:border-0 sm:py-0\" data-ga-click data-ga-template=\"Deals\" data-ga-module=\"openweb_widget\" data-ga-element=\"openweb_scroll\" data-ga-item=\"openweb_scroll_midpage\" x-data=\"{\n         commentsCount: null,\n         hasComments: false,\n         async fetchCommentsCount() {\n             try {\n                 if (window.openweb &amp;&amp; typeof window.openweb.getMessagesCount === 'function') {\n                     this.commentsCount = await window.openweb.getMessagesCount('01JZSSERPMCR5JCBPK1929G32R');\n                     this.hasComments = this.commentsCount !== null &amp;&amp; this.commentsCount &gt; 0;\n                 }\n             } catch (e) {\n                 console.warn('Failed to fetch comment count:', e);\n             }\n         }\n     }\" x-init=\"fetchCommentsCount()\" x-cloak><\/p>\n<div class=\"absolute top-1\/2 hidden w-full -translate-y-1\/2 border-t-(1.5px) border-dashed border-black sm:block\"><\/div>\n<div class=\"relative flex justify-center\">\n<div class=\"flex max-w-fit items-center gap-x-3 bg-white px-5\">\n<div class=\"relative\">\n                <span class=\"absolute left-1\/2 top-1\/2 -translate-x-1\/2 -translate-y-1\/2 font-akshar text-sm font-medium text-black\" aria-live=\"polite\" x-show=\"hasComments\" x-text=\"commentsCount\"><\/span><\/p>\n<p>                <svg class=\"h-8 w-8 text-black\" role=\"img\" aria-hidden=\"true\">\n                    <use href=\"http:\/\/lifehacker.com\/images\/icons\/spritemap.svg#sprite-chat-bubble\"><\/use>\n                <\/svg>\n            <\/div>\n<p>            <span class=\"text-sm font-medium text-black\"><\/p>\n<p>                Que pensez-vous jusqu&rsquo;\u00e0 pr\u00e9sent?<br \/>\n                <button class=\"ml-1 font-semibold text-brand-green underline hover:text-brand-green-700\" type=\"button\" aria-label=\"Comment section trigger\" onclick=\"window.openweb.scrollToComments('01JZSSERPMCR5JCBPK1929G32R')\" x-text=\"hasComments ? 'Post a comment.' : 'Be the first to post a comment.'\"><\/button><br \/>\n            <\/span>\n        <\/div>\n<\/p><\/div>\n<\/div>\n<hr>\n<p><em>Vous cherchez autre chose? Des d\u00e9taillants comme Walmart, Best Buy et Home Depot ont des ventes de concurrence de premier ordre qui sont particuli\u00e8rement utiles si vous n&rsquo;avez pas Amazon Prime.<\/em><\/p>\n<ul>\n<li>\n<p><strong><em>Vente de concours de premier jour de Walmart<\/em><\/strong><em>  commence \u00e0 minuit le 8 juillet et comprendra des offres jusqu&rsquo;\u00e0 50% de r\u00e9duction<\/em><em>. C&rsquo;est une option particuli\u00e8rement bonne si vous avez Walmart +. <\/em><\/p>\n<\/li>\n<li>\n<p><strong><em>Vente de concours de grande journ\u00e9e de Best Buy<\/em><\/strong><em>\u00abBlack Friday de juillet\u00bb, se d\u00e9roule jusqu&rsquo;au dimanche 13 juillet et a certaines des meilleures ventes technologiques en ligne<\/em><em>. C&rsquo;est une option particuli\u00e8rement bonne si vous \u00eates un membre \u00abplus\u00bb ou \u00abtotal\u00bb de mon meilleur achat.<\/em><\/p>\n<\/li>\n<li>\n<p><strong><em>Home Depot a prolong\u00e9 sa vente du 4 juillet<\/em><\/strong><em>  \u00e0 travers au moins le 9 juillet, en rivalisant avec ses propres offres incroyables<\/em><em>. C&rsquo;est une option particuli\u00e8rement bonne si vous recherchez des outils \u00e9lectriques, des appareils \u00e9lectrom\u00e9nagers ou des \u00e9quipements en plein air. <\/em><\/p>\n<\/li>\n<\/ul>\n<div class=\" relative flex justify-center py-16 md:left-1\/2 md:w-(780px) md:max-w-max md:-translate-x-1\/2\" x-data=\"{ showAll: false }\">\n<div class=\"w-max text-center sm:text-left\">\n<div class=\"flex flex-col items-center justify-between text-black sm:flex-row sm:px-6\">\n                <span class=\"text-xs italic sm:ml-7 sm:text-sm\">Les offres sont s\u00e9lectionn\u00e9es par notre \u00e9quipe de commerce<\/span><\/p>\n<p>                                    <button class=\"mt-3 flex items-center gap-1 text-center font-akshar font-medium uppercase sm:mt-0 sm:text-sm\" type=\"button\" x-on:click=\"showAll=!showAll\"><br \/>\n                        <span x-show=\"!showAll\"><\/p>\n<p>                            Voir 1 de plus<br \/>\n                        <\/span><\/p>\n<p>                        <span x-show=\"showAll\"><\/p>\n<p>                            Voir 1 de moins<br \/>\n                        <\/span><\/p>\n<p>                        <svg class=\"block size-3 fill-current text-brand-green\" :class=\"{ 'rotate-180': showAll }\">\n                            <use href=\"http:\/\/lifehacker.com\/images\/icons\/spritemap.svg#sprite-chevron-down\"><\/use>\n                        <\/svg><br \/>\n                    <\/button>\n                            <\/div>\n<\/p><\/div>\n<\/p><\/div>\n","protected":false},"excerpt":{"rendered":"<p>C&rsquo;est le type de mise \u00e0 niveau qui maintient votre flux de travail lisse et votre bureau moins chaotique. Prime Day 2025 se termine ce<\/p>\n","protected":false},"author":1,"featured_media":8721,"comment_status":"","ping_status":"","sticky":false,"template":"","format":"standard","meta":{"footnotes":""},"categories":[13],"tags":[429,206,1122,7732,1908,3258,53,1269,81,443,5658,4713],"class_list":["post-8720","post","type-post","status-publish","format-standard","has-post-thumbnail","hentry","category-technologie","tag-anker","tag-cette","tag-coute","tag-daccueil","tag-fin","tag-heures","tag-jour","tag-jusqua","tag-pour","tag-premier","tag-quelques","tag-station","generate-columns","tablet-grid-50","mobile-grid-100","grid-parent","grid-33"],"yoast_head":"<!-- This site is optimized with the Yoast SEO plugin v24.0 - https:\/\/yoast.com\/wordpress\/plugins\/seo\/ -->\n<title>Cette station d&#039;accueil Anker 14 en 1 co\u00fbte 100 $ pour quelques heures de plus jusqu&#039;\u00e0 la fin du premier jour | Vie Associative<\/title>\n<meta name=\"robots\" content=\"index, follow, max-snippet:-1, max-image-preview:large, max-video-preview:-1\" \/>\n<link rel=\"canonical\" href=\"https:\/\/vieassociative.be\/actualites\/cette-station-daccueil-anker-14-en-1-coute-100-pour-quelques-heures-de-plus-jusqua-la-fin-du-premier-jour\/\" \/>\n<meta property=\"og:locale\" content=\"fr_FR\" \/>\n<meta property=\"og:type\" content=\"article\" \/>\n<meta property=\"og:title\" content=\"Cette station d&#039;accueil Anker 14 en 1 co\u00fbte 100 $ pour quelques heures de plus jusqu&#039;\u00e0 la fin du premier jour | Vie Associative\" \/>\n<meta property=\"og:description\" content=\"C&rsquo;est le type de mise \u00e0 niveau qui maintient votre flux de travail lisse et votre bureau moins chaotique. Prime Day 2025 se termine ce\" \/>\n<meta property=\"og:url\" content=\"https:\/\/vieassociative.be\/actualites\/cette-station-daccueil-anker-14-en-1-coute-100-pour-quelques-heures-de-plus-jusqua-la-fin-du-premier-jour\/\" \/>\n<meta property=\"og:site_name\" content=\"Vie Associative\" \/>\n<meta property=\"article:published_time\" content=\"2025-07-13T13:17:29+00:00\" \/>\n<meta property=\"og:image\" content=\"https:\/\/vieassociative.be\/actualites\/wp-content\/uploads\/2025\/07\/Cette-station-daccueil-Anker-14-en-1-coute-100.jpg\" \/>\n<meta name=\"author\" content=\"Julien\" \/>\n<meta name=\"twitter:card\" content=\"summary_large_image\" \/>\n<meta name=\"twitter:label1\" content=\"\u00c9crit par\" \/>\n\t<meta name=\"twitter:data1\" content=\"Julien\" \/>\n\t<meta name=\"twitter:label2\" content=\"Dur\u00e9e de lecture est.\" \/>\n\t<meta name=\"twitter:data2\" content=\"3 minutes\" \/>\n<script type=\"application\/ld+json\" class=\"yoast-schema-graph\">{\"@context\":\"https:\/\/schema.org\",\"@graph\":[{\"@type\":\"Article\",\"@id\":\"https:\/\/vieassociative.be\/actualites\/cette-station-daccueil-anker-14-en-1-coute-100-pour-quelques-heures-de-plus-jusqua-la-fin-du-premier-jour\/#article\",\"isPartOf\":{\"@id\":\"https:\/\/vieassociative.be\/actualites\/cette-station-daccueil-anker-14-en-1-coute-100-pour-quelques-heures-de-plus-jusqua-la-fin-du-premier-jour\/\"},\"author\":{\"name\":\"Julien\",\"@id\":\"https:\/\/vieassociative.be\/actualites\/#\/schema\/person\/b87ac4f82f9d4e7b7cec7395b679edc4\"},\"headline\":\"Cette station d&rsquo;accueil Anker 14 en 1 co\u00fbte 100 $ pour quelques heures de plus jusqu&rsquo;\u00e0 la fin du premier jour\",\"datePublished\":\"2025-07-13T13:17:29+00:00\",\"dateModified\":\"2025-07-13T13:17:29+00:00\",\"mainEntityOfPage\":{\"@id\":\"https:\/\/vieassociative.be\/actualites\/cette-station-daccueil-anker-14-en-1-coute-100-pour-quelques-heures-de-plus-jusqua-la-fin-du-premier-jour\/\"},\"wordCount\":639,\"publisher\":{\"@id\":\"https:\/\/vieassociative.be\/actualites\/#organization\"},\"image\":{\"@id\":\"https:\/\/vieassociative.be\/actualites\/cette-station-daccueil-anker-14-en-1-coute-100-pour-quelques-heures-de-plus-jusqua-la-fin-du-premier-jour\/#primaryimage\"},\"thumbnailUrl\":\"https:\/\/vieassociative.be\/actualites\/wp-content\/uploads\/2025\/07\/Cette-station-daccueil-Anker-14-en-1-coute-100.png\",\"keywords\":[\"Anker\",\"cette\",\"co\u00fbte\",\"daccueil\",\"fin\",\"heures\",\"jour\",\"jusqu\u00e0\",\"pour\",\"premier\",\"quelques\",\"station\"],\"articleSection\":[\"Technologie\"],\"inLanguage\":\"fr-BE\"},{\"@type\":\"WebPage\",\"@id\":\"https:\/\/vieassociative.be\/actualites\/cette-station-daccueil-anker-14-en-1-coute-100-pour-quelques-heures-de-plus-jusqua-la-fin-du-premier-jour\/\",\"url\":\"https:\/\/vieassociative.be\/actualites\/cette-station-daccueil-anker-14-en-1-coute-100-pour-quelques-heures-de-plus-jusqua-la-fin-du-premier-jour\/\",\"name\":\"Cette station d'accueil Anker 14 en 1 co\u00fbte 100 $ pour quelques heures de plus jusqu'\u00e0 la fin du premier jour | Vie Associative\",\"isPartOf\":{\"@id\":\"https:\/\/vieassociative.be\/actualites\/#website\"},\"primaryImageOfPage\":{\"@id\":\"https:\/\/vieassociative.be\/actualites\/cette-station-daccueil-anker-14-en-1-coute-100-pour-quelques-heures-de-plus-jusqua-la-fin-du-premier-jour\/#primaryimage\"},\"image\":{\"@id\":\"https:\/\/vieassociative.be\/actualites\/cette-station-daccueil-anker-14-en-1-coute-100-pour-quelques-heures-de-plus-jusqua-la-fin-du-premier-jour\/#primaryimage\"},\"thumbnailUrl\":\"https:\/\/vieassociative.be\/actualites\/wp-content\/uploads\/2025\/07\/Cette-station-daccueil-Anker-14-en-1-coute-100.png\",\"datePublished\":\"2025-07-13T13:17:29+00:00\",\"dateModified\":\"2025-07-13T13:17:29+00:00\",\"breadcrumb\":{\"@id\":\"https:\/\/vieassociative.be\/actualites\/cette-station-daccueil-anker-14-en-1-coute-100-pour-quelques-heures-de-plus-jusqua-la-fin-du-premier-jour\/#breadcrumb\"},\"inLanguage\":\"fr-BE\",\"potentialAction\":[{\"@type\":\"ReadAction\",\"target\":[\"https:\/\/vieassociative.be\/actualites\/cette-station-daccueil-anker-14-en-1-coute-100-pour-quelques-heures-de-plus-jusqua-la-fin-du-premier-jour\/\"]}]},{\"@type\":\"ImageObject\",\"inLanguage\":\"fr-BE\",\"@id\":\"https:\/\/vieassociative.be\/actualites\/cette-station-daccueil-anker-14-en-1-coute-100-pour-quelques-heures-de-plus-jusqua-la-fin-du-premier-jour\/#primaryimage\",\"url\":\"https:\/\/vieassociative.be\/actualites\/wp-content\/uploads\/2025\/07\/Cette-station-daccueil-Anker-14-en-1-coute-100.png\",\"contentUrl\":\"https:\/\/vieassociative.be\/actualites\/wp-content\/uploads\/2025\/07\/Cette-station-daccueil-Anker-14-en-1-coute-100.png\",\"width\":1200,\"height\":675,\"caption\":\"Cette station d'accueil Anker 14 en 1 co\u00fbte 100 $ pour quelques heures de plus jusqu'\u00e0 la fin du premier jour\"},{\"@type\":\"BreadcrumbList\",\"@id\":\"https:\/\/vieassociative.be\/actualites\/cette-station-daccueil-anker-14-en-1-coute-100-pour-quelques-heures-de-plus-jusqua-la-fin-du-premier-jour\/#breadcrumb\",\"itemListElement\":[{\"@type\":\"ListItem\",\"position\":1,\"name\":\"Accueil\",\"item\":\"https:\/\/vieassociative.be\/actualites\/\"},{\"@type\":\"ListItem\",\"position\":2,\"name\":\"Cette station d&rsquo;accueil Anker 14 en 1 co\u00fbte 100 $ pour quelques heures de plus jusqu&rsquo;\u00e0 la fin du premier jour\"}]},{\"@type\":\"WebSite\",\"@id\":\"https:\/\/vieassociative.be\/actualites\/#website\",\"url\":\"https:\/\/vieassociative.be\/actualites\/\",\"name\":\"Vie Associative\",\"description\":\"\",\"publisher\":{\"@id\":\"https:\/\/vieassociative.be\/actualites\/#organization\"},\"potentialAction\":[{\"@type\":\"SearchAction\",\"target\":{\"@type\":\"EntryPoint\",\"urlTemplate\":\"https:\/\/vieassociative.be\/actualites\/?s={search_term_string}\"},\"query-input\":{\"@type\":\"PropertyValueSpecification\",\"valueRequired\":true,\"valueName\":\"search_term_string\"}}],\"inLanguage\":\"fr-BE\"},{\"@type\":\"Organization\",\"@id\":\"https:\/\/vieassociative.be\/actualites\/#organization\",\"name\":\"Vie Associative\",\"url\":\"https:\/\/vieassociative.be\/actualites\/\",\"logo\":{\"@type\":\"ImageObject\",\"inLanguage\":\"fr-BE\",\"@id\":\"https:\/\/vieassociative.be\/actualites\/#\/schema\/logo\/image\/\",\"url\":\"https:\/\/vieassociative.be\/actualites\/wp-content\/uploads\/2024\/09\/cropped-vieassociative_favicon.ico.png\",\"contentUrl\":\"https:\/\/vieassociative.be\/actualites\/wp-content\/uploads\/2024\/09\/cropped-vieassociative_favicon.ico.png\",\"width\":512,\"height\":512,\"caption\":\"Vie Associative\"},\"image\":{\"@id\":\"https:\/\/vieassociative.be\/actualites\/#\/schema\/logo\/image\/\"}},{\"@type\":\"Person\",\"@id\":\"https:\/\/vieassociative.be\/actualites\/#\/schema\/person\/b87ac4f82f9d4e7b7cec7395b679edc4\",\"name\":\"Julien\",\"image\":{\"@type\":\"ImageObject\",\"inLanguage\":\"fr-BE\",\"@id\":\"https:\/\/vieassociative.be\/actualites\/#\/schema\/person\/image\/\",\"url\":\"https:\/\/vieassociative.be\/actualites\/wp-content\/uploads\/2024\/09\/vie-associative-1-150x150.jpg\",\"contentUrl\":\"https:\/\/vieassociative.be\/actualites\/wp-content\/uploads\/2024\/09\/vie-associative-1-150x150.jpg\",\"caption\":\"Julien\"},\"description\":\"Je suis Julien, r\u00e9dacteur pour Vie Associative. Passionn\u00e9 par le monde associatif depuis plus de 10 ans, j'ai \u00e0 c\u0153ur de partager des histoires inspirantes et de mettre en lumi\u00e8re les initiatives locales. Mon objectif est de sensibiliser et d'encourager l'engagement communautaire \u00e0 travers mes articles.\",\"sameAs\":[\"https:\/\/vieassociative.be\/\"]}]}<\/script>\n<!-- \/ Yoast SEO plugin. -->","yoast_head_json":{"title":"Cette station d'accueil Anker 14 en 1 co\u00fbte 100 $ pour quelques heures de plus jusqu'\u00e0 la fin du premier jour | Vie Associative","robots":{"index":"index","follow":"follow","max-snippet":"max-snippet:-1","max-image-preview":"max-image-preview:large","max-video-preview":"max-video-preview:-1"},"canonical":"https:\/\/vieassociative.be\/actualites\/cette-station-daccueil-anker-14-en-1-coute-100-pour-quelques-heures-de-plus-jusqua-la-fin-du-premier-jour\/","og_locale":"fr_FR","og_type":"article","og_title":"Cette station d'accueil Anker 14 en 1 co\u00fbte 100 $ pour quelques heures de plus jusqu'\u00e0 la fin du premier jour | Vie Associative","og_description":"C&rsquo;est le type de mise \u00e0 niveau qui maintient votre flux de travail lisse et votre bureau moins chaotique. Prime Day 2025 se termine ce","og_url":"https:\/\/vieassociative.be\/actualites\/cette-station-daccueil-anker-14-en-1-coute-100-pour-quelques-heures-de-plus-jusqua-la-fin-du-premier-jour\/","og_site_name":"Vie Associative","article_published_time":"2025-07-13T13:17:29+00:00","og_image":[{"url":"https:\/\/vieassociative.be\/actualites\/wp-content\/uploads\/2025\/07\/Cette-station-daccueil-Anker-14-en-1-coute-100.jpg","type":"","width":"","height":""}],"author":"Julien","twitter_card":"summary_large_image","twitter_misc":{"\u00c9crit par":"Julien","Dur\u00e9e de lecture est.":"3 minutes"},"schema":{"@context":"https:\/\/schema.org","@graph":[{"@type":"Article","@id":"https:\/\/vieassociative.be\/actualites\/cette-station-daccueil-anker-14-en-1-coute-100-pour-quelques-heures-de-plus-jusqua-la-fin-du-premier-jour\/#article","isPartOf":{"@id":"https:\/\/vieassociative.be\/actualites\/cette-station-daccueil-anker-14-en-1-coute-100-pour-quelques-heures-de-plus-jusqua-la-fin-du-premier-jour\/"},"author":{"name":"Julien","@id":"https:\/\/vieassociative.be\/actualites\/#\/schema\/person\/b87ac4f82f9d4e7b7cec7395b679edc4"},"headline":"Cette station d&rsquo;accueil Anker 14 en 1 co\u00fbte 100 $ pour quelques heures de plus jusqu&rsquo;\u00e0 la fin du premier jour","datePublished":"2025-07-13T13:17:29+00:00","dateModified":"2025-07-13T13:17:29+00:00","mainEntityOfPage":{"@id":"https:\/\/vieassociative.be\/actualites\/cette-station-daccueil-anker-14-en-1-coute-100-pour-quelques-heures-de-plus-jusqua-la-fin-du-premier-jour\/"},"wordCount":639,"publisher":{"@id":"https:\/\/vieassociative.be\/actualites\/#organization"},"image":{"@id":"https:\/\/vieassociative.be\/actualites\/cette-station-daccueil-anker-14-en-1-coute-100-pour-quelques-heures-de-plus-jusqua-la-fin-du-premier-jour\/#primaryimage"},"thumbnailUrl":"https:\/\/vieassociative.be\/actualites\/wp-content\/uploads\/2025\/07\/Cette-station-daccueil-Anker-14-en-1-coute-100.png","keywords":["Anker","cette","co\u00fbte","daccueil","fin","heures","jour","jusqu\u00e0","pour","premier","quelques","station"],"articleSection":["Technologie"],"inLanguage":"fr-BE"},{"@type":"WebPage","@id":"https:\/\/vieassociative.be\/actualites\/cette-station-daccueil-anker-14-en-1-coute-100-pour-quelques-heures-de-plus-jusqua-la-fin-du-premier-jour\/","url":"https:\/\/vieassociative.be\/actualites\/cette-station-daccueil-anker-14-en-1-coute-100-pour-quelques-heures-de-plus-jusqua-la-fin-du-premier-jour\/","name":"Cette station d'accueil Anker 14 en 1 co\u00fbte 100 $ pour quelques heures de plus jusqu'\u00e0 la fin du premier jour | Vie Associative","isPartOf":{"@id":"https:\/\/vieassociative.be\/actualites\/#website"},"primaryImageOfPage":{"@id":"https:\/\/vieassociative.be\/actualites\/cette-station-daccueil-anker-14-en-1-coute-100-pour-quelques-heures-de-plus-jusqua-la-fin-du-premier-jour\/#primaryimage"},"image":{"@id":"https:\/\/vieassociative.be\/actualites\/cette-station-daccueil-anker-14-en-1-coute-100-pour-quelques-heures-de-plus-jusqua-la-fin-du-premier-jour\/#primaryimage"},"thumbnailUrl":"https:\/\/vieassociative.be\/actualites\/wp-content\/uploads\/2025\/07\/Cette-station-daccueil-Anker-14-en-1-coute-100.png","datePublished":"2025-07-13T13:17:29+00:00","dateModified":"2025-07-13T13:17:29+00:00","breadcrumb":{"@id":"https:\/\/vieassociative.be\/actualites\/cette-station-daccueil-anker-14-en-1-coute-100-pour-quelques-heures-de-plus-jusqua-la-fin-du-premier-jour\/#breadcrumb"},"inLanguage":"fr-BE","potentialAction":[{"@type":"ReadAction","target":["https:\/\/vieassociative.be\/actualites\/cette-station-daccueil-anker-14-en-1-coute-100-pour-quelques-heures-de-plus-jusqua-la-fin-du-premier-jour\/"]}]},{"@type":"ImageObject","inLanguage":"fr-BE","@id":"https:\/\/vieassociative.be\/actualites\/cette-station-daccueil-anker-14-en-1-coute-100-pour-quelques-heures-de-plus-jusqua-la-fin-du-premier-jour\/#primaryimage","url":"https:\/\/vieassociative.be\/actualites\/wp-content\/uploads\/2025\/07\/Cette-station-daccueil-Anker-14-en-1-coute-100.png","contentUrl":"https:\/\/vieassociative.be\/actualites\/wp-content\/uploads\/2025\/07\/Cette-station-daccueil-Anker-14-en-1-coute-100.png","width":1200,"height":675,"caption":"Cette station d'accueil Anker 14 en 1 co\u00fbte 100 $ pour quelques heures de plus jusqu'\u00e0 la fin du premier jour"},{"@type":"BreadcrumbList","@id":"https:\/\/vieassociative.be\/actualites\/cette-station-daccueil-anker-14-en-1-coute-100-pour-quelques-heures-de-plus-jusqua-la-fin-du-premier-jour\/#breadcrumb","itemListElement":[{"@type":"ListItem","position":1,"name":"Accueil","item":"https:\/\/vieassociative.be\/actualites\/"},{"@type":"ListItem","position":2,"name":"Cette station d&rsquo;accueil Anker 14 en 1 co\u00fbte 100 $ pour quelques heures de plus jusqu&rsquo;\u00e0 la fin du premier jour"}]},{"@type":"WebSite","@id":"https:\/\/vieassociative.be\/actualites\/#website","url":"https:\/\/vieassociative.be\/actualites\/","name":"Vie Associative","description":"","publisher":{"@id":"https:\/\/vieassociative.be\/actualites\/#organization"},"potentialAction":[{"@type":"SearchAction","target":{"@type":"EntryPoint","urlTemplate":"https:\/\/vieassociative.be\/actualites\/?s={search_term_string}"},"query-input":{"@type":"PropertyValueSpecification","valueRequired":true,"valueName":"search_term_string"}}],"inLanguage":"fr-BE"},{"@type":"Organization","@id":"https:\/\/vieassociative.be\/actualites\/#organization","name":"Vie Associative","url":"https:\/\/vieassociative.be\/actualites\/","logo":{"@type":"ImageObject","inLanguage":"fr-BE","@id":"https:\/\/vieassociative.be\/actualites\/#\/schema\/logo\/image\/","url":"https:\/\/vieassociative.be\/actualites\/wp-content\/uploads\/2024\/09\/cropped-vieassociative_favicon.ico.png","contentUrl":"https:\/\/vieassociative.be\/actualites\/wp-content\/uploads\/2024\/09\/cropped-vieassociative_favicon.ico.png","width":512,"height":512,"caption":"Vie Associative"},"image":{"@id":"https:\/\/vieassociative.be\/actualites\/#\/schema\/logo\/image\/"}},{"@type":"Person","@id":"https:\/\/vieassociative.be\/actualites\/#\/schema\/person\/b87ac4f82f9d4e7b7cec7395b679edc4","name":"Julien","image":{"@type":"ImageObject","inLanguage":"fr-BE","@id":"https:\/\/vieassociative.be\/actualites\/#\/schema\/person\/image\/","url":"https:\/\/vieassociative.be\/actualites\/wp-content\/uploads\/2024\/09\/vie-associative-1-150x150.jpg","contentUrl":"https:\/\/vieassociative.be\/actualites\/wp-content\/uploads\/2024\/09\/vie-associative-1-150x150.jpg","caption":"Julien"},"description":"Je suis Julien, r\u00e9dacteur pour Vie Associative. Passionn\u00e9 par le monde associatif depuis plus de 10 ans, j'ai \u00e0 c\u0153ur de partager des histoires inspirantes et de mettre en lumi\u00e8re les initiatives locales. Mon objectif est de sensibiliser et d'encourager l'engagement communautaire \u00e0 travers mes articles.","sameAs":["https:\/\/vieassociative.be\/"]}]}},"_links":{"self":[{"href":"https:\/\/vieassociative.be\/actualites\/wp-json\/wp\/v2\/posts\/8720"}],"collection":[{"href":"https:\/\/vieassociative.be\/actualites\/wp-json\/wp\/v2\/posts"}],"about":[{"href":"https:\/\/vieassociative.be\/actualites\/wp-json\/wp\/v2\/types\/post"}],"author":[{"embeddable":true,"href":"https:\/\/vieassociative.be\/actualites\/wp-json\/wp\/v2\/users\/1"}],"replies":[{"embeddable":true,"href":"https:\/\/vieassociative.be\/actualites\/wp-json\/wp\/v2\/comments?post=8720"}],"version-history":[{"count":0,"href":"https:\/\/vieassociative.be\/actualites\/wp-json\/wp\/v2\/posts\/8720\/revisions"}],"wp:featuredmedia":[{"embeddable":true,"href":"https:\/\/vieassociative.be\/actualites\/wp-json\/wp\/v2\/media\/8721"}],"wp:attachment":[{"href":"https:\/\/vieassociative.be\/actualites\/wp-json\/wp\/v2\/media?parent=8720"}],"wp:term":[{"taxonomy":"category","embeddable":true,"href":"https:\/\/vieassociative.be\/actualites\/wp-json\/wp\/v2\/categories?post=8720"},{"taxonomy":"post_tag","embeddable":true,"href":"https:\/\/vieassociative.be\/actualites\/wp-json\/wp\/v2\/tags?post=8720"}],"curies":[{"name":"wp","href":"https:\/\/api.w.org\/{rel}","templated":true}]}}