{"id":8715,"date":"2025-07-13T10:17:35","date_gmt":"2025-07-13T08:17:35","guid":{"rendered":"https:\/\/vieassociative.be\/actualites\/2000-watt-man-milan-gagne-la-scene-devant-van-aert-tire-damage-empeche-le-duel-de-sprint-avec-merlier\/"},"modified":"2025-07-13T10:17:35","modified_gmt":"2025-07-13T08:17:35","slug":"2000-watt-man-milan-gagne-la-scene-devant-van-aert-tire-damage-empeche-le-duel-de-sprint-avec-merlier","status":"publish","type":"post","link":"https:\/\/vieassociative.be\/actualites\/2000-watt-man-milan-gagne-la-scene-devant-van-aert-tire-damage-empeche-le-duel-de-sprint-avec-merlier\/","title":{"rendered":"2000 Watt Man Milan gagne la sc\u00e8ne devant Van Aert-Tire Damage emp\u00eache le duel de sprint avec Merlier"},"content":{"rendered":"<p><strong>MISE \u00c0 JOUR &#8211; Le meilleur sprinter italien Jonathan Milan a remport\u00e9 la huiti\u00e8me \u00e9tape du 112e Tour de France. Le champion olympique de Bahnrad de 2021 a gagn\u00e9 apr\u00e8s 171,4 kilom\u00e8tres de Saint-M\u00e9en-le-Grand \u00e0 Laval dans le sprint de masse devant le Wout Van Aert belge et l&rsquo;Australien Kaden Grove.<\/strong><\/p>\n<p><span id=\"more-419850\"><\/span>L&rsquo;Italien, que l&rsquo;agence de presse allemande d\u00e9crit comme un homme de 2000 watt en raison de sa force explosive sur le v\u00e9lo, a mis fin \u00e0 sa tourn\u00e9e personnelle Miser dans la chaleur de Laval et a remport\u00e9 sa premi\u00e8re \u00e9tape avec la victoire sur la huiti\u00e8me \u00e9tape lors de la tourn\u00e9e de la France.<\/p>\n<p>Le favori Tim Merlier, qui a battu Milan \u00e0 Dunkerque, a \u00e9t\u00e9 renvoy\u00e9 douze kilom\u00e8tres avant l&rsquo;arriv\u00e9e. Bien qu&rsquo;il ait pu se rattraper \u00e0 nouveau au peloton, il n&rsquo;a plus pu participer au sprint de masse. Arnaud de Lie a atteint le top 10 et a pris la 5e place.<\/p>\n<div id=\"attachment_419904\" class=\"wp-caption alignleft\" style=\"max-width: 300px\"><img fetchpriority=\"high\" decoding=\"async\" class=\"wp-image-419904 size-medium\" src=\"https:\/\/vieassociative.be\/actualites\/wp-content\/uploads\/2025\/07\/2000-Watt-Man-Milan-gagne-la-scene-devant-Van-Aert-Tire.jpg\" alt=\"\" width=\"300\" height=\"200\"><\/p>\n<p class=\"wp-caption-text\">07\/12\/2025, France, Laval: L&rsquo;italien Jonathan Milan, qui porte le maillot vert du meilleur sprinter, applaudi quand il franchit la ligne d&rsquo;arriv\u00e9e. Photo: Mosa&rsquo;ab Elshamy \/ AP \/ DPA<\/p>\n<\/div>\n<p>\u00ab\u00a0Je n&rsquo;ai pas encore compris ce que nous avons fait. Il y avait des attentes pour faire des r\u00eaves. Mais les ramener \u00e0 la maison, ce sont deux choses diff\u00e9rentes\u00a0\u00bb, a d\u00e9clar\u00e9 Milan: \u00ab\u00a0Mais nous le m\u00e9ritons. Le niveau est si \u00e9lev\u00e9 ici. Je suis tellement heureux. La victoire signifie beaucoup.\u00a0\u00bb<\/p>\n<p><strong>&#8211; Journ\u00e9e tranquille pour les favoris:<\/strong> Les favoris pour la victoire globale ont cependant pu prot\u00e9ger leur force apr\u00e8s les r\u00e9centes difficult\u00e9s. Tadej Pogacar a roul\u00e9 sur la ligne d&rsquo;arriv\u00e9e dans le champ principal et a d\u00e9fendu sans effort son maillot jaune. Le champion du monde slov\u00e8ne, qui a d\u00e9j\u00e0 remport\u00e9 deux \u00e9tapes cette ann\u00e9e, est \u00e0 54 secondes devant le double champion olympique belge Remco Evenepoel. Le plus grand rival de Pogacar, Jonas Vingegaard, est quatri\u00e8me avec 1:17 minutes de retard.<\/p>\n<p>Pogacar a m\u00eame eu le temps sur le chemin d&rsquo;en savoir plus sur les femmes apr\u00e8s le r\u00e9sultat de sa fianc\u00e9e Urska Zigart au Giro d&rsquo;Italia. Sa septi\u00e8me place a \u00e9t\u00e9 le meilleur r\u00e9sultat \u00e0 Pogacar, au moins samedi.<\/p>\n<p>Un autre sprint dimanche peut \u00eatre attendu, puis un duel peut revenir entre Milan et Merlier. \u00c0 la neuvi\u00e8me \u00e9tape \u00e0 plus de 174,1 kilom\u00e8tres de Chinon \u00e0 Chateauoux, il passe sur un terrain compl\u00e8tement plat.<\/p>\n<h3>M\u00eamePoel \u00e0 Red Bull-Bora Hansgrohe?<\/h3>\n<p><strong>Depuis un certain temps maintenant, le double champion olympique Remco Ovenepoel est associ\u00e9 \u00e0 la Rennstall Red Bull-Bora Hansgrohe. Le changement de la nouvelle saison fonctionne-t-il? Les indices sont condens\u00e9s.<\/strong><\/p>\n<p><!--more-->Lorsque le double champion olympique, Remco Nirepoel, a r\u00e9cemment laiss\u00e9 toute la comp\u00e9tition de mani\u00e8re significative au cours du temps de temps individuel du Tour de France, ils auront examin\u00e9 de pr\u00e8s l&rsquo;\u00e9quipe de course Red Bull. Parce que la star du cyclisme belge est &#8211; encore une fois &#8211; associ\u00e9e \u00e0 l&rsquo;\u00e9quipe allemande.<\/p>\n<div id=\"attachment_419891\" class=\"wp-caption alignleft\" style=\"max-width: 300px\"><img decoding=\"async\" class=\"wp-image-419891 size-medium\" src=\"https:\/\/vieassociative.be\/actualites\/wp-content\/uploads\/2025\/07\/1752394655_206_2000-Watt-Man-Milan-gagne-la-scene-devant-Van-Aert-Tire.jpg\" alt=\"\" width=\"300\" height=\"200\"><\/p>\n<p class=\"wp-caption-text\">07\/12\/2025, France, Saint-MEEN-le-Grand: Le Belge Remco Evenepoel dans le maillot blanc du meilleur jeune conducteur. Photo: Thibault Camus \/ AP \/ DPA<\/p>\n<\/div>\n<p>\u00ab\u00a0Nous sommes en tourn\u00e9e. Les rumeurs de REMCO font d\u00e9j\u00e0 partie de l&rsquo;ordre du jour. Je n&rsquo;ai aucune id\u00e9e de ce qui existe\u00a0\u00bb, a d\u00e9clar\u00e9 le co\u00e9quipier de Oelepoel, Maximilian Schachmann, de l&rsquo;agence de presse allemande. Les sp\u00e9culations sur Red Bull et Oelepoel (25) restent depuis plus d&rsquo;un an. Mais cette fois, l&rsquo;une des plus grandes offres de cyclisme pourrait r\u00e9ellement avoir lieu.<\/p>\n<p>\u00c0 Red Bull, le vieillissement de l&rsquo;agent Primoz Roglic (35) expire (35). Et m\u00eamePoel n&rsquo;est li\u00e9 \u00e0 un pas soudal-quick jusqu&rsquo;en 2026. Selon les rumeurs de la Belgique, le champion du monde de contre-la-montre aurait d\u00e9j\u00e0 d\u00e9pos\u00e9 son changement de changement. Il n&rsquo;y a pas non plus de probl\u00e8mes de conversion avec le mat\u00e9riel, les deux \u00e9quipes sont sur la route avec sp\u00e9cialis\u00e9.<\/p>\n<p><strong>&#8211; Des d\u00e9ceptions avec les classiques et le Giro:<\/strong> Dans l&rsquo;\u00e9quipe de Red Bull, les responsables retiennent s&rsquo;ils sont renouvel\u00e9s. \u00ab\u00a0Je suis toujours surpris et amus\u00e9. Surtout, je serais surpris si une d\u00e9claration ferait\u00a0\u00bb, a d\u00e9clar\u00e9 le directeur sportif Rolf Aldag.<\/p>\n<p>Nirepoel garantirait certainement \u00e0 l&rsquo;\u00e9quipe allemande quelques victoires. Succ\u00e8s qui ont \u00e9chou\u00e9 trop souvent cette saison. La saison classique a \u00e9t\u00e9 d\u00e9cevante pour l&rsquo;\u00e9quipe Red Bull Racing cette saison. Et m\u00eame au Giro d&rsquo;Italia, une victoire d&rsquo;une \u00e9tape de Nico Denz a saut\u00e9 apr\u00e8s que Roglic ait abandonn\u00e9 apr\u00e8s plusieurs chutes.<\/p>\n<div id=\"attachment_419856\" class=\"wp-caption alignleft\" style=\"max-width: 300px\"><img decoding=\"async\" class=\"wp-image-419856 size-medium\" src=\"https:\/\/vieassociative.be\/actualites\/wp-content\/uploads\/2025\/07\/1752394655_643_2000-Watt-Man-Milan-gagne-la-scene-devant-Van-Aert-Tire.jpg\" alt=\"\" width=\"300\" height=\"200\"><\/p>\n<p class=\"wp-caption-text\">01\/12\/2025, Belgique, Zaventem: Le Belgian Remco Evenepoel pose pour le photographe lors de la c\u00e9r\u00e9monie de remise des prix \u00ab\u00a0 Sportgala \u00a0\u00bb, dans laquelle les athl\u00e8tes sont annonc\u00e9s en 2024. Photo: Dirk Waem \/ Belga \/ DPA<\/p>\n<\/div>\n<p>Cela n&rsquo;aurait pas d\u00fb aimer le grand sponsor d&rsquo;Autriche, car avec un budget annuel de 45 millions d&rsquo;euros, Red Bull-Bora-Hansgrohe est magnifique comme les meilleures \u00e9quipes de l&rsquo;industrie.<\/p>\n<p><strong>&#8211; Pression de Salzbourg? \u00ab\u00a0\u00a0\u00bb<\/strong>Dans le secteur professionnel, vous aimeriez \u00eatre un peu plus loin, mais cela ne se passera pas du jour au lendemain \u00bb, explique le patron de l&rsquo;\u00e9quipe Ralph Denk, qui fait r\u00e9f\u00e9rence au bon programme jeune. En tant qu&rsquo;exemple brillant, Florian Lipowitz est utilis\u00e9. De nombreux petits progr\u00e8s dans des domaines tels que la performance mentale, la nutrition et l&rsquo;a\u00e9rodynamique ont \u00e9t\u00e9 r\u00e9alis\u00e9s, ce qui, \u00e0 premi\u00e8re vue, n&rsquo;est pas si visible.<\/p>\n<p>Denk pense \u00e9galement au r\u00eave de remporter le Tour de France. Il a d\u00e9j\u00e0 r\u00e9ussi dans le Giro et la Vuelta. La quatri\u00e8me place d&rsquo;Emanuel Buchmann de 2019 est le meilleur r\u00e9sultat de la tourn\u00e9e de France. Compte tenu de la domination de Tadej Pogacar, un triomphe de la tourn\u00e9e semble actuellement irr\u00e9aliste avec m\u00eame avec m\u00eame avec m\u00eame. (DPA \/ CRE)<\/p>\n","protected":false},"excerpt":{"rendered":"<p>MISE \u00c0 JOUR &#8211; Le meilleur sprinter italien Jonathan Milan a remport\u00e9 la huiti\u00e8me \u00e9tape du 112e Tour de France. Le champion olympique de Bahnrad<\/p>\n","protected":false},"author":1,"featured_media":8716,"comment_status":"","ping_status":"","sticky":false,"template":"","format":"standard","meta":{"footnotes":""},"categories":[298],"tags":[7728,61,7729,2381,4821,4924,2299,6173,7730,6267,4189,6145,4100,7727],"class_list":["post-8715","post","type-post","status-publish","format-standard","has-post-thumbnail","hentry","category-belgique","tag-aerttire","tag-avec","tag-damage","tag-devant","tag-duel","tag-empeche","tag-gagne","tag-man","tag-merlier","tag-milan","tag-scene","tag-sprint","tag-van","tag-watt","generate-columns","tablet-grid-50","mobile-grid-100","grid-parent","grid-33"],"yoast_head":"<!-- This site is optimized with the Yoast SEO plugin v24.0 - https:\/\/yoast.com\/wordpress\/plugins\/seo\/ -->\n<title>2000 Watt Man Milan gagne la sc\u00e8ne devant Van Aert-Tire Damage emp\u00eache le duel de sprint avec Merlier | Vie Associative<\/title>\n<meta name=\"robots\" content=\"index, follow, max-snippet:-1, max-image-preview:large, max-video-preview:-1\" \/>\n<link rel=\"canonical\" href=\"https:\/\/vieassociative.be\/actualites\/2000-watt-man-milan-gagne-la-scene-devant-van-aert-tire-damage-empeche-le-duel-de-sprint-avec-merlier\/\" \/>\n<meta property=\"og:locale\" content=\"fr_FR\" \/>\n<meta property=\"og:type\" content=\"article\" \/>\n<meta property=\"og:title\" content=\"2000 Watt Man Milan gagne la sc\u00e8ne devant Van Aert-Tire Damage emp\u00eache le duel de sprint avec Merlier | Vie Associative\" \/>\n<meta property=\"og:description\" content=\"MISE \u00c0 JOUR &#8211; Le meilleur sprinter italien Jonathan Milan a remport\u00e9 la huiti\u00e8me \u00e9tape du 112e Tour de France. Le champion olympique de Bahnrad\" \/>\n<meta property=\"og:url\" content=\"https:\/\/vieassociative.be\/actualites\/2000-watt-man-milan-gagne-la-scene-devant-van-aert-tire-damage-empeche-le-duel-de-sprint-avec-merlier\/\" \/>\n<meta property=\"og:site_name\" content=\"Vie Associative\" \/>\n<meta property=\"article:published_time\" content=\"2025-07-13T08:17:35+00:00\" \/>\n<meta property=\"og:image\" content=\"https:\/\/vieassociative.be\/actualites\/wp-content\/uploads\/2024\/09\/header_backgroundk-01-e1726694325946.png\" \/>\n\t<meta property=\"og:image:width\" content=\"279\" \/>\n\t<meta property=\"og:image:height\" content=\"92\" \/>\n\t<meta property=\"og:image:type\" content=\"image\/png\" \/>\n<meta name=\"author\" content=\"Julien\" \/>\n<meta name=\"twitter:card\" content=\"summary_large_image\" \/>\n<meta name=\"twitter:label1\" content=\"\u00c9crit par\" \/>\n\t<meta name=\"twitter:data1\" content=\"Julien\" \/>\n\t<meta name=\"twitter:label2\" content=\"Dur\u00e9e de lecture est.\" \/>\n\t<meta name=\"twitter:data2\" content=\"5 minutes\" \/>\n<script type=\"application\/ld+json\" class=\"yoast-schema-graph\">{\"@context\":\"https:\/\/schema.org\",\"@graph\":[{\"@type\":\"Article\",\"@id\":\"https:\/\/vieassociative.be\/actualites\/2000-watt-man-milan-gagne-la-scene-devant-van-aert-tire-damage-empeche-le-duel-de-sprint-avec-merlier\/#article\",\"isPartOf\":{\"@id\":\"https:\/\/vieassociative.be\/actualites\/2000-watt-man-milan-gagne-la-scene-devant-van-aert-tire-damage-empeche-le-duel-de-sprint-avec-merlier\/\"},\"author\":{\"name\":\"Julien\",\"@id\":\"https:\/\/vieassociative.be\/actualites\/#\/schema\/person\/b87ac4f82f9d4e7b7cec7395b679edc4\"},\"headline\":\"2000 Watt Man Milan gagne la sc\u00e8ne devant Van Aert-Tire Damage emp\u00eache le duel de sprint avec Merlier\",\"datePublished\":\"2025-07-13T08:17:35+00:00\",\"dateModified\":\"2025-07-13T08:17:35+00:00\",\"mainEntityOfPage\":{\"@id\":\"https:\/\/vieassociative.be\/actualites\/2000-watt-man-milan-gagne-la-scene-devant-van-aert-tire-damage-empeche-le-duel-de-sprint-avec-merlier\/\"},\"wordCount\":1025,\"publisher\":{\"@id\":\"https:\/\/vieassociative.be\/actualites\/#organization\"},\"image\":{\"@id\":\"https:\/\/vieassociative.be\/actualites\/2000-watt-man-milan-gagne-la-scene-devant-van-aert-tire-damage-empeche-le-duel-de-sprint-avec-merlier\/#primaryimage\"},\"thumbnailUrl\":\"https:\/\/vieassociative.be\/actualites\/wp-content\/uploads\/2025\/07\/1752394656_2000-Watt-Man-Milan-gagne-la-scene-devant-Van-Aert-Tire.jpg\",\"keywords\":[\"AertTire\",\"avec\",\"Damage\",\"devant\",\"duel\",\"emp\u00eache\",\"gagn\u00e9\",\"Man\",\"Merlier\",\"Milan\",\"sc\u00e8ne\",\"sprint\",\"Van\",\"Watt\"],\"articleSection\":[\"Belgique\"],\"inLanguage\":\"fr-BE\"},{\"@type\":\"WebPage\",\"@id\":\"https:\/\/vieassociative.be\/actualites\/2000-watt-man-milan-gagne-la-scene-devant-van-aert-tire-damage-empeche-le-duel-de-sprint-avec-merlier\/\",\"url\":\"https:\/\/vieassociative.be\/actualites\/2000-watt-man-milan-gagne-la-scene-devant-van-aert-tire-damage-empeche-le-duel-de-sprint-avec-merlier\/\",\"name\":\"2000 Watt Man Milan gagne la sc\u00e8ne devant Van Aert-Tire Damage emp\u00eache le duel de sprint avec Merlier | Vie Associative\",\"isPartOf\":{\"@id\":\"https:\/\/vieassociative.be\/actualites\/#website\"},\"primaryImageOfPage\":{\"@id\":\"https:\/\/vieassociative.be\/actualites\/2000-watt-man-milan-gagne-la-scene-devant-van-aert-tire-damage-empeche-le-duel-de-sprint-avec-merlier\/#primaryimage\"},\"image\":{\"@id\":\"https:\/\/vieassociative.be\/actualites\/2000-watt-man-milan-gagne-la-scene-devant-van-aert-tire-damage-empeche-le-duel-de-sprint-avec-merlier\/#primaryimage\"},\"thumbnailUrl\":\"https:\/\/vieassociative.be\/actualites\/wp-content\/uploads\/2025\/07\/1752394656_2000-Watt-Man-Milan-gagne-la-scene-devant-Van-Aert-Tire.jpg\",\"datePublished\":\"2025-07-13T08:17:35+00:00\",\"dateModified\":\"2025-07-13T08:17:35+00:00\",\"breadcrumb\":{\"@id\":\"https:\/\/vieassociative.be\/actualites\/2000-watt-man-milan-gagne-la-scene-devant-van-aert-tire-damage-empeche-le-duel-de-sprint-avec-merlier\/#breadcrumb\"},\"inLanguage\":\"fr-BE\",\"potentialAction\":[{\"@type\":\"ReadAction\",\"target\":[\"https:\/\/vieassociative.be\/actualites\/2000-watt-man-milan-gagne-la-scene-devant-van-aert-tire-damage-empeche-le-duel-de-sprint-avec-merlier\/\"]}]},{\"@type\":\"ImageObject\",\"inLanguage\":\"fr-BE\",\"@id\":\"https:\/\/vieassociative.be\/actualites\/2000-watt-man-milan-gagne-la-scene-devant-van-aert-tire-damage-empeche-le-duel-de-sprint-avec-merlier\/#primaryimage\",\"url\":\"https:\/\/vieassociative.be\/actualites\/wp-content\/uploads\/2025\/07\/1752394656_2000-Watt-Man-Milan-gagne-la-scene-devant-Van-Aert-Tire.jpg\",\"contentUrl\":\"https:\/\/vieassociative.be\/actualites\/wp-content\/uploads\/2025\/07\/1752394656_2000-Watt-Man-Milan-gagne-la-scene-devant-Van-Aert-Tire.jpg\",\"width\":1200,\"height\":800,\"caption\":\"2000 Watt Man Milan gagne la sc\u00e8ne devant Van Aert-Tire Damage emp\u00eache le duel de sprint avec Merlier\"},{\"@type\":\"BreadcrumbList\",\"@id\":\"https:\/\/vieassociative.be\/actualites\/2000-watt-man-milan-gagne-la-scene-devant-van-aert-tire-damage-empeche-le-duel-de-sprint-avec-merlier\/#breadcrumb\",\"itemListElement\":[{\"@type\":\"ListItem\",\"position\":1,\"name\":\"Accueil\",\"item\":\"https:\/\/vieassociative.be\/actualites\/\"},{\"@type\":\"ListItem\",\"position\":2,\"name\":\"2000 Watt Man Milan gagne la sc\u00e8ne devant Van Aert-Tire Damage emp\u00eache le duel de sprint avec Merlier\"}]},{\"@type\":\"WebSite\",\"@id\":\"https:\/\/vieassociative.be\/actualites\/#website\",\"url\":\"https:\/\/vieassociative.be\/actualites\/\",\"name\":\"Vie Associative\",\"description\":\"\",\"publisher\":{\"@id\":\"https:\/\/vieassociative.be\/actualites\/#organization\"},\"potentialAction\":[{\"@type\":\"SearchAction\",\"target\":{\"@type\":\"EntryPoint\",\"urlTemplate\":\"https:\/\/vieassociative.be\/actualites\/?s={search_term_string}\"},\"query-input\":{\"@type\":\"PropertyValueSpecification\",\"valueRequired\":true,\"valueName\":\"search_term_string\"}}],\"inLanguage\":\"fr-BE\"},{\"@type\":\"Organization\",\"@id\":\"https:\/\/vieassociative.be\/actualites\/#organization\",\"name\":\"Vie Associative\",\"url\":\"https:\/\/vieassociative.be\/actualites\/\",\"logo\":{\"@type\":\"ImageObject\",\"inLanguage\":\"fr-BE\",\"@id\":\"https:\/\/vieassociative.be\/actualites\/#\/schema\/logo\/image\/\",\"url\":\"https:\/\/vieassociative.be\/actualites\/wp-content\/uploads\/2024\/09\/cropped-vieassociative_favicon.ico.png\",\"contentUrl\":\"https:\/\/vieassociative.be\/actualites\/wp-content\/uploads\/2024\/09\/cropped-vieassociative_favicon.ico.png\",\"width\":512,\"height\":512,\"caption\":\"Vie Associative\"},\"image\":{\"@id\":\"https:\/\/vieassociative.be\/actualites\/#\/schema\/logo\/image\/\"}},{\"@type\":\"Person\",\"@id\":\"https:\/\/vieassociative.be\/actualites\/#\/schema\/person\/b87ac4f82f9d4e7b7cec7395b679edc4\",\"name\":\"Julien\",\"image\":{\"@type\":\"ImageObject\",\"inLanguage\":\"fr-BE\",\"@id\":\"https:\/\/vieassociative.be\/actualites\/#\/schema\/person\/image\/\",\"url\":\"https:\/\/vieassociative.be\/actualites\/wp-content\/uploads\/2024\/09\/vie-associative-1-150x150.jpg\",\"contentUrl\":\"https:\/\/vieassociative.be\/actualites\/wp-content\/uploads\/2024\/09\/vie-associative-1-150x150.jpg\",\"caption\":\"Julien\"},\"description\":\"Je suis Julien, r\u00e9dacteur pour Vie Associative. Passionn\u00e9 par le monde associatif depuis plus de 10 ans, j'ai \u00e0 c\u0153ur de partager des histoires inspirantes et de mettre en lumi\u00e8re les initiatives locales. Mon objectif est de sensibiliser et d'encourager l'engagement communautaire \u00e0 travers mes articles.\",\"sameAs\":[\"https:\/\/vieassociative.be\/\"]}]}<\/script>\n<!-- \/ Yoast SEO plugin. -->","yoast_head_json":{"title":"2000 Watt Man Milan gagne la sc\u00e8ne devant Van Aert-Tire Damage emp\u00eache le duel de sprint avec Merlier | Vie Associative","robots":{"index":"index","follow":"follow","max-snippet":"max-snippet:-1","max-image-preview":"max-image-preview:large","max-video-preview":"max-video-preview:-1"},"canonical":"https:\/\/vieassociative.be\/actualites\/2000-watt-man-milan-gagne-la-scene-devant-van-aert-tire-damage-empeche-le-duel-de-sprint-avec-merlier\/","og_locale":"fr_FR","og_type":"article","og_title":"2000 Watt Man Milan gagne la sc\u00e8ne devant Van Aert-Tire Damage emp\u00eache le duel de sprint avec Merlier | Vie Associative","og_description":"MISE \u00c0 JOUR &#8211; Le meilleur sprinter italien Jonathan Milan a remport\u00e9 la huiti\u00e8me \u00e9tape du 112e Tour de France. Le champion olympique de Bahnrad","og_url":"https:\/\/vieassociative.be\/actualites\/2000-watt-man-milan-gagne-la-scene-devant-van-aert-tire-damage-empeche-le-duel-de-sprint-avec-merlier\/","og_site_name":"Vie Associative","article_published_time":"2025-07-13T08:17:35+00:00","og_image":[{"width":279,"height":92,"url":"https:\/\/vieassociative.be\/actualites\/wp-content\/uploads\/2024\/09\/header_backgroundk-01-e1726694325946.png","type":"image\/png"}],"author":"Julien","twitter_card":"summary_large_image","twitter_misc":{"\u00c9crit par":"Julien","Dur\u00e9e de lecture est.":"5 minutes"},"schema":{"@context":"https:\/\/schema.org","@graph":[{"@type":"Article","@id":"https:\/\/vieassociative.be\/actualites\/2000-watt-man-milan-gagne-la-scene-devant-van-aert-tire-damage-empeche-le-duel-de-sprint-avec-merlier\/#article","isPartOf":{"@id":"https:\/\/vieassociative.be\/actualites\/2000-watt-man-milan-gagne-la-scene-devant-van-aert-tire-damage-empeche-le-duel-de-sprint-avec-merlier\/"},"author":{"name":"Julien","@id":"https:\/\/vieassociative.be\/actualites\/#\/schema\/person\/b87ac4f82f9d4e7b7cec7395b679edc4"},"headline":"2000 Watt Man Milan gagne la sc\u00e8ne devant Van Aert-Tire Damage emp\u00eache le duel de sprint avec Merlier","datePublished":"2025-07-13T08:17:35+00:00","dateModified":"2025-07-13T08:17:35+00:00","mainEntityOfPage":{"@id":"https:\/\/vieassociative.be\/actualites\/2000-watt-man-milan-gagne-la-scene-devant-van-aert-tire-damage-empeche-le-duel-de-sprint-avec-merlier\/"},"wordCount":1025,"publisher":{"@id":"https:\/\/vieassociative.be\/actualites\/#organization"},"image":{"@id":"https:\/\/vieassociative.be\/actualites\/2000-watt-man-milan-gagne-la-scene-devant-van-aert-tire-damage-empeche-le-duel-de-sprint-avec-merlier\/#primaryimage"},"thumbnailUrl":"https:\/\/vieassociative.be\/actualites\/wp-content\/uploads\/2025\/07\/1752394656_2000-Watt-Man-Milan-gagne-la-scene-devant-Van-Aert-Tire.jpg","keywords":["AertTire","avec","Damage","devant","duel","emp\u00eache","gagn\u00e9","Man","Merlier","Milan","sc\u00e8ne","sprint","Van","Watt"],"articleSection":["Belgique"],"inLanguage":"fr-BE"},{"@type":"WebPage","@id":"https:\/\/vieassociative.be\/actualites\/2000-watt-man-milan-gagne-la-scene-devant-van-aert-tire-damage-empeche-le-duel-de-sprint-avec-merlier\/","url":"https:\/\/vieassociative.be\/actualites\/2000-watt-man-milan-gagne-la-scene-devant-van-aert-tire-damage-empeche-le-duel-de-sprint-avec-merlier\/","name":"2000 Watt Man Milan gagne la sc\u00e8ne devant Van Aert-Tire Damage emp\u00eache le duel de sprint avec Merlier | Vie Associative","isPartOf":{"@id":"https:\/\/vieassociative.be\/actualites\/#website"},"primaryImageOfPage":{"@id":"https:\/\/vieassociative.be\/actualites\/2000-watt-man-milan-gagne-la-scene-devant-van-aert-tire-damage-empeche-le-duel-de-sprint-avec-merlier\/#primaryimage"},"image":{"@id":"https:\/\/vieassociative.be\/actualites\/2000-watt-man-milan-gagne-la-scene-devant-van-aert-tire-damage-empeche-le-duel-de-sprint-avec-merlier\/#primaryimage"},"thumbnailUrl":"https:\/\/vieassociative.be\/actualites\/wp-content\/uploads\/2025\/07\/1752394656_2000-Watt-Man-Milan-gagne-la-scene-devant-Van-Aert-Tire.jpg","datePublished":"2025-07-13T08:17:35+00:00","dateModified":"2025-07-13T08:17:35+00:00","breadcrumb":{"@id":"https:\/\/vieassociative.be\/actualites\/2000-watt-man-milan-gagne-la-scene-devant-van-aert-tire-damage-empeche-le-duel-de-sprint-avec-merlier\/#breadcrumb"},"inLanguage":"fr-BE","potentialAction":[{"@type":"ReadAction","target":["https:\/\/vieassociative.be\/actualites\/2000-watt-man-milan-gagne-la-scene-devant-van-aert-tire-damage-empeche-le-duel-de-sprint-avec-merlier\/"]}]},{"@type":"ImageObject","inLanguage":"fr-BE","@id":"https:\/\/vieassociative.be\/actualites\/2000-watt-man-milan-gagne-la-scene-devant-van-aert-tire-damage-empeche-le-duel-de-sprint-avec-merlier\/#primaryimage","url":"https:\/\/vieassociative.be\/actualites\/wp-content\/uploads\/2025\/07\/1752394656_2000-Watt-Man-Milan-gagne-la-scene-devant-Van-Aert-Tire.jpg","contentUrl":"https:\/\/vieassociative.be\/actualites\/wp-content\/uploads\/2025\/07\/1752394656_2000-Watt-Man-Milan-gagne-la-scene-devant-Van-Aert-Tire.jpg","width":1200,"height":800,"caption":"2000 Watt Man Milan gagne la sc\u00e8ne devant Van Aert-Tire Damage emp\u00eache le duel de sprint avec Merlier"},{"@type":"BreadcrumbList","@id":"https:\/\/vieassociative.be\/actualites\/2000-watt-man-milan-gagne-la-scene-devant-van-aert-tire-damage-empeche-le-duel-de-sprint-avec-merlier\/#breadcrumb","itemListElement":[{"@type":"ListItem","position":1,"name":"Accueil","item":"https:\/\/vieassociative.be\/actualites\/"},{"@type":"ListItem","position":2,"name":"2000 Watt Man Milan gagne la sc\u00e8ne devant Van Aert-Tire Damage emp\u00eache le duel de sprint avec Merlier"}]},{"@type":"WebSite","@id":"https:\/\/vieassociative.be\/actualites\/#website","url":"https:\/\/vieassociative.be\/actualites\/","name":"Vie Associative","description":"","publisher":{"@id":"https:\/\/vieassociative.be\/actualites\/#organization"},"potentialAction":[{"@type":"SearchAction","target":{"@type":"EntryPoint","urlTemplate":"https:\/\/vieassociative.be\/actualites\/?s={search_term_string}"},"query-input":{"@type":"PropertyValueSpecification","valueRequired":true,"valueName":"search_term_string"}}],"inLanguage":"fr-BE"},{"@type":"Organization","@id":"https:\/\/vieassociative.be\/actualites\/#organization","name":"Vie Associative","url":"https:\/\/vieassociative.be\/actualites\/","logo":{"@type":"ImageObject","inLanguage":"fr-BE","@id":"https:\/\/vieassociative.be\/actualites\/#\/schema\/logo\/image\/","url":"https:\/\/vieassociative.be\/actualites\/wp-content\/uploads\/2024\/09\/cropped-vieassociative_favicon.ico.png","contentUrl":"https:\/\/vieassociative.be\/actualites\/wp-content\/uploads\/2024\/09\/cropped-vieassociative_favicon.ico.png","width":512,"height":512,"caption":"Vie Associative"},"image":{"@id":"https:\/\/vieassociative.be\/actualites\/#\/schema\/logo\/image\/"}},{"@type":"Person","@id":"https:\/\/vieassociative.be\/actualites\/#\/schema\/person\/b87ac4f82f9d4e7b7cec7395b679edc4","name":"Julien","image":{"@type":"ImageObject","inLanguage":"fr-BE","@id":"https:\/\/vieassociative.be\/actualites\/#\/schema\/person\/image\/","url":"https:\/\/vieassociative.be\/actualites\/wp-content\/uploads\/2024\/09\/vie-associative-1-150x150.jpg","contentUrl":"https:\/\/vieassociative.be\/actualites\/wp-content\/uploads\/2024\/09\/vie-associative-1-150x150.jpg","caption":"Julien"},"description":"Je suis Julien, r\u00e9dacteur pour Vie Associative. Passionn\u00e9 par le monde associatif depuis plus de 10 ans, j'ai \u00e0 c\u0153ur de partager des histoires inspirantes et de mettre en lumi\u00e8re les initiatives locales. Mon objectif est de sensibiliser et d'encourager l'engagement communautaire \u00e0 travers mes articles.","sameAs":["https:\/\/vieassociative.be\/"]}]}},"_links":{"self":[{"href":"https:\/\/vieassociative.be\/actualites\/wp-json\/wp\/v2\/posts\/8715"}],"collection":[{"href":"https:\/\/vieassociative.be\/actualites\/wp-json\/wp\/v2\/posts"}],"about":[{"href":"https:\/\/vieassociative.be\/actualites\/wp-json\/wp\/v2\/types\/post"}],"author":[{"embeddable":true,"href":"https:\/\/vieassociative.be\/actualites\/wp-json\/wp\/v2\/users\/1"}],"replies":[{"embeddable":true,"href":"https:\/\/vieassociative.be\/actualites\/wp-json\/wp\/v2\/comments?post=8715"}],"version-history":[{"count":0,"href":"https:\/\/vieassociative.be\/actualites\/wp-json\/wp\/v2\/posts\/8715\/revisions"}],"wp:featuredmedia":[{"embeddable":true,"href":"https:\/\/vieassociative.be\/actualites\/wp-json\/wp\/v2\/media\/8716"}],"wp:attachment":[{"href":"https:\/\/vieassociative.be\/actualites\/wp-json\/wp\/v2\/media?parent=8715"}],"wp:term":[{"taxonomy":"category","embeddable":true,"href":"https:\/\/vieassociative.be\/actualites\/wp-json\/wp\/v2\/categories?post=8715"},{"taxonomy":"post_tag","embeddable":true,"href":"https:\/\/vieassociative.be\/actualites\/wp-json\/wp\/v2\/tags?post=8715"}],"curies":[{"name":"wp","href":"https:\/\/api.w.org\/{rel}","templated":true}]}}