{"id":8713,"date":"2025-07-13T09:17:41","date_gmt":"2025-07-13T07:17:41","guid":{"rendered":"https:\/\/vieassociative.be\/actualites\/le-celebre-televiseur-the-frame-de-samsung-est-presque-a-moitie-de-la-moitie-jusqua-la-fin-du-premier-jour-ce-soir\/"},"modified":"2025-07-13T09:17:41","modified_gmt":"2025-07-13T07:17:41","slug":"le-celebre-televiseur-the-frame-de-samsung-est-presque-a-moitie-de-la-moitie-jusqua-la-fin-du-premier-jour-ce-soir","status":"publish","type":"post","link":"https:\/\/vieassociative.be\/actualites\/le-celebre-televiseur-the-frame-de-samsung-est-presque-a-moitie-de-la-moitie-jusqua-la-fin-du-premier-jour-ce-soir\/","title":{"rendered":"Le c\u00e9l\u00e8bre t\u00e9l\u00e9viseur \u00ab\u00a0 The Frame \u00a0\u00bb de Samsung est presque \u00e0 moiti\u00e9 de la moiti\u00e9 jusqu&rsquo;\u00e0 la fin du premier jour ce soir"},"content":{"rendered":"<div class=\"mt-4 leading-6 md:mb-8\">C&rsquo;est un cadre photo artistique et une t\u00e9l\u00e9vision solide en un.<\/div>\n<p><\/p>\n<p><em>Prime Day 2025 se termine ce soir, et Vie Associative partage les meilleures ventes en fonction des avis de produits, des comparaisons et des outils de suivi des prix avant sa fin. <\/em><\/p>\n<ul>\n<li>\n<p><em>Suivez notre blog en direct<\/em><em>  Pour rester \u00e0 jour sur les meilleures ventes que nous trouvons.<\/em><\/p>\n<\/li>\n<li>\n<p><em>Parcourir les choix de nos \u00e9diteurs<\/em><em>  Pour une liste organis\u00e9e de nos ventes pr\u00e9f\u00e9r\u00e9es sur les ordinateurs portables, la technologie de fitness, les appareils \u00e9lectrom\u00e9nagers, etc. <\/em><\/p>\n<\/li>\n<li>\n<p><em>Abonnez-vous \u00e0 notre newsletter shopping<\/em><em>Ajouter au panier, pour les meilleures ventes envoy\u00e9es dans votre bo\u00eete de r\u00e9ception.<\/em><\/p>\n<\/li>\n<li>\n<p><em>Nouveau \u00e0 Prime Day? Nous avons un appr\u00eat sur tout ce que vous devez savoir<\/em><em>. Les ventes sont exactes au moment de la publication, mais les prix et les stocks sont toujours susceptibles de changer. <\/em><\/p>\n<\/li>\n<\/ul>\n<hr>\n<p>Si vous d\u00e9testez comment tout dans un salon tourne autour d&rsquo;un t\u00e9l\u00e9viseur, Samsung est le t\u00e9l\u00e9viseur \u00e0 cadre &#8211; qui se double des \u0153uvres d&rsquo;art &#8211; peut \u00eatre pour vous. Et pendant la premi\u00e8re journ\u00e9e, il est \u00e0 son prix le plus bas de tous les temps: \u00e0 environ 50% de r\u00e9duction, vous pouvez obtenir un t\u00e9l\u00e9viseur \u00e0 cadre de 2024 de 55 pouces pour un peu moins de 800 $ &#8211; ce qui est en baisse par rapport \u00e0 son prix r\u00e9gulier de 1 498 $.<\/p>\n<div class=\"pogoClear mb-12 mt-10 rounded-md border-2 border-gray-100 py-7 shadow-xl md:py-6\">\n<div class=\"flex flex-wrap justify-between px-7 text-black no-underline md:flex-nowrap md:px-8\">\n<div class=\"order-1 mx-auto flex flex-col justify-center md:order-2 md:ml-4 md:w-full md:grow\">\n<div class=\"block cursor-pointer text-center font-akshar text-2xl font-medium leading-7 text-brand-green duration-200 ease-in-out hover:text-brand-green-700 md:text-left md:text-xl md:leading-6\">Classe Samsung 55 pouces QLED 4K Le cadre TV\n                <\/div>\n<div class=\"mt-4 hidden md:flex md:justify-between\">\n<div class=\"self-end\">\n<div class=\"mb-0 h-11 md:flex md:flex-col md:justify-center\">\n<div class=\" font-sans leading-4 text-black\">\n<div class=\"flex flex-wrap items-center justify-center gap-x-1 md:justify-start\">\n        <span class=\"font-bold\"><\/p>\n<p>            797,99 $<br \/>\n                    <\/span>\n            <\/div>\n<div class=\"flex items-center justify-center gap-x-1 font-bold md:justify-start\">\n            <span class=\"text-sm line-through\">1 497,99 $<\/span><br \/>\n            <span class=\"text-sm text-brand-green\">\u00c9conomisez 700,00 $<\/span>\n        <\/div>\n<\/p><\/div>\n<\/p><\/div>\n<\/p><\/div>\n<div class=\"w-44 self-end\">\n                            <button class=\"flex justify-center items-center w-full bg-brand-green text-white text-base font-sans font-medium rounded-md hover:bg-brand-green-700 hover:cursor-pointer md:text-sm h-11\"><\/p>\n<p>    Conclure un accord<br \/>\n<\/button>\n                        <\/div>\n<\/p><\/div>\n<\/p><\/div>\n<div class=\"order-2 mt-5 h-auto w-full md:order-1 md:mt-0 md:hidden\">\n<div class=\"flex aspect-video items-center justify-center\">\n                                            <img decoding=\"async\" class=\"m-0 max-h-full max-w-full rounded-md\" src=\"https:\/\/vieassociative.be\/actualites\/wp-content\/uploads\/2025\/07\/Le-celebre-televiseur-The-Frame-de-Samsung-est-presque.jpg\" alt=\"Classe Samsung 55 pouces QLED 4K Le cadre TV\" width=\"auto\" height=\"auto\" loading=\"lazy\">\n                                    <\/div>\n<\/p><\/div>\n<div class=\"order-2 ml-2 hidden w-32 shrink-0 items-center md:order-1 md:ml-0 md:flex\">\n<div class=\"flex aspect-video items-center justify-center\">\n                                            <img decoding=\"async\" class=\"m-0 max-h-full max-w-full rounded-md\" src=\"https:\/\/vieassociative.be\/actualites\/wp-content\/uploads\/2025\/07\/Le-celebre-televiseur-The-Frame-de-Samsung-est-presque.jpg\" alt=\"Classe Samsung 55 pouces QLED 4K Le cadre TV\" width=\"auto\" height=\"auto\" loading=\"lazy\">\n                                    <\/div>\n<\/p><\/div>\n<div class=\"order-3 flex grow flex-wrap md:hidden md:grow-0\">\n<div class=\"mt-4 w-full\">\n                        <button class=\"flex justify-center items-center w-full bg-brand-green text-white text-base font-sans font-medium rounded-md hover:bg-brand-green-700 hover:cursor-pointer md:text-sm h-11\"><\/p>\n<p>    Conclure un accord<br \/>\n<\/button>\n                    <\/div>\n<div class=\"mx-2 mt-4 w-full\">\n<div class=\" font-sans leading-4 text-black\">\n<div class=\"flex flex-wrap items-center justify-center gap-x-1 md:justify-start\">\n        <span class=\"font-bold\"><\/p>\n<p>            797,99 $<br \/>\n                    <\/span>\n            <\/div>\n<div class=\"flex items-center justify-center gap-x-1 font-bold md:justify-start\">\n            <span class=\"text-sm line-through\">1 497,99 $<\/span><br \/>\n            <span class=\"text-sm text-brand-green\">\u00c9conomisez 700,00 $<\/span>\n        <\/div>\n<\/p><\/div>\n<\/p><\/div>\n<\/p><\/div>\n<\/p><\/div>\n<\/div>\n<h2 id=\"aesthetics-form-factor-and-a-great-tv\">Esth\u00e9tique, facteur de forme et un excellent t\u00e9l\u00e9viseur<\/h2>\n<p>Le t\u00e9l\u00e9viseur \u00e0 cadre est livr\u00e9 avec un rev\u00eatement anti-r\u00e9flexion mate qui r\u00e9duit l&rsquo;\u00e9blouissement et les r\u00e9flexions. Donc, m\u00eame quand il est \u00e9teint ou en mode art, il ressemble \u00e0 une peinture. Le mode art peut parcourir des peintures c\u00e9l\u00e8bres ou vos propres photos. Le t\u00e9l\u00e9viseur \u00e0 cadre est livr\u00e9 avec un cadre qui ressemble \u00e0 un cadrage en bois pour une image (qui est lui-m\u00eame personnalisable et facile \u00e0 \u00e9changer gr\u00e2ce aux aimants). Il est \u00e9galement assez mince, donc il peut se fondre dans n&rsquo;importe quel type de d\u00e9coration.<\/p>\n<p>La partie t\u00e9l\u00e9vis\u00e9e est \u00e9galement assez respectable. Il prend en charge le taux de rafra\u00eechissement de 120 Hz pour le jeu et a des fonctionnalit\u00e9s de support HDR10 + et de t\u00e9l\u00e9vision intelligente. Les haut-parleurs 40W soutiennent \u00e9galement Dolby Atmos. Le t\u00e9l\u00e9viseur utilise une bo\u00eete OneConnect qui dispose de toutes les connexions du port et de l&rsquo;adoptant d&rsquo;alimentation dans une seule bo\u00eete, que vous pouvez cacher dans votre armoire. Un seul c\u00e2ble va \u00e0 Frame TV, c&rsquo;est pourquoi il est si mince \u00e0 environ 1 pouce.<\/p>\n<div class=\"pogoClear relative my-10 border-b-(1.5px) border-t-(1.5px) border-dashed border-black py-5 sm:my-14 sm:border-0 sm:py-0\" data-ga-click data-ga-template=\"Deals\" data-ga-module=\"openweb_widget\" data-ga-element=\"openweb_scroll\" data-ga-item=\"openweb_scroll_midpage\" x-data=\"{\n         commentsCount: null,\n         hasComments: false,\n         async fetchCommentsCount() {\n             try {\n                 if (window.openweb &amp;&amp; typeof window.openweb.getMessagesCount === 'function') {\n                     this.commentsCount = await window.openweb.getMessagesCount('01JZT35KD3FH3JB3ERWT0F1AT2');\n                     this.hasComments = this.commentsCount !== null &amp;&amp; this.commentsCount &gt; 0;\n                 }\n             } catch (e) {\n                 console.warn('Failed to fetch comment count:', e);\n             }\n         }\n     }\" x-init=\"fetchCommentsCount()\" x-cloak><\/p>\n<div class=\"absolute top-1\/2 hidden w-full -translate-y-1\/2 border-t-(1.5px) border-dashed border-black sm:block\"><\/div>\n<div class=\"relative flex justify-center\">\n<div class=\"flex max-w-fit items-center gap-x-3 bg-white px-5\">\n<div class=\"relative\">\n                <span class=\"absolute left-1\/2 top-1\/2 -translate-x-1\/2 -translate-y-1\/2 font-akshar text-sm font-medium text-black\" aria-live=\"polite\" x-show=\"hasComments\" x-text=\"commentsCount\"><\/span><\/p>\n<p>                <svg class=\"h-8 w-8 text-black\" role=\"img\" aria-hidden=\"true\">\n                    <use href=\"http:\/\/lifehacker.com\/images\/icons\/spritemap.svg#sprite-chat-bubble\"><\/use>\n                <\/svg>\n            <\/div>\n<p>            <span class=\"text-sm font-medium text-black\"><\/p>\n<p>                Que pensez-vous jusqu&rsquo;\u00e0 pr\u00e9sent?<br \/>\n                <button class=\"ml-1 font-semibold text-brand-green underline hover:text-brand-green-700\" type=\"button\" aria-label=\"Comment section trigger\" onclick=\"window.openweb.scrollToComments('01JZT35KD3FH3JB3ERWT0F1AT2')\" x-text=\"hasComments ? 'Post a comment.' : 'Be the first to post a comment.'\"><\/button><br \/>\n            <\/span>\n        <\/div>\n<\/p><\/div>\n<\/div>\n<p>Le probl\u00e8me avec la recommandation du Frame TV a toujours \u00e9t\u00e9 le prix. \u00c0 1 500 $, c&rsquo;\u00e9tait trop cher pour la partie TV. \u00c0 800 $, c&rsquo;est beaucoup plus raisonnable.<\/p>\n<hr>\n<p><em>Vous cherchez autre chose? Des d\u00e9taillants comme Walmart, Best Buy et Home Depot ont des ventes de concurrence de premier ordre qui sont particuli\u00e8rement utiles si vous n&rsquo;avez pas Amazon Prime.<\/em><\/p>\n<ul>\n<li>\n<p><strong><em>Vente de concours de premier jour de Walmart<\/em><\/strong><em>  commence \u00e0 minuit le 8 juillet et comprendra des offres jusqu&rsquo;\u00e0 50% de r\u00e9duction<\/em><em>. C&rsquo;est une option particuli\u00e8rement bonne si vous avez Walmart +. <\/em><\/p>\n<\/li>\n<li>\n<p><strong><em>Vente de concours de grande journ\u00e9e de Best Buy<\/em><\/strong><em>\u00abBlack Friday de juillet\u00bb, se d\u00e9roule jusqu&rsquo;au dimanche 13 juillet et a certaines des meilleures ventes technologiques en ligne<\/em><em>. C&rsquo;est une option particuli\u00e8rement bonne si vous \u00eates un membre \u00abplus\u00bb ou \u00abtotal\u00bb de mon meilleur achat.<\/em><\/p>\n<\/li>\n<\/ul>\n<div class=\" relative flex justify-center py-16 md:left-1\/2 md:w-(780px) md:max-w-max md:-translate-x-1\/2\" x-data=\"{ showAll: false }\">\n<div class=\"w-max text-center sm:text-left\">\n<div class=\"flex flex-col items-center justify-between text-black sm:flex-row sm:px-6\">\n                <span class=\"text-xs italic sm:ml-7 sm:text-sm\">Les offres sont s\u00e9lectionn\u00e9es par notre \u00e9quipe de commerce<\/span><\/p>\n<p>                                    <button class=\"mt-3 flex items-center gap-1 text-center font-akshar font-medium uppercase sm:mt-0 sm:text-sm\" type=\"button\" x-on:click=\"showAll=!showAll\"><br \/>\n                        <span x-show=\"!showAll\"><\/p>\n<p>                            Voir 1 de plus<br \/>\n                        <\/span><\/p>\n<p>                        <span x-show=\"showAll\"><\/p>\n<p>                            Voir 1 de moins<br \/>\n                        <\/span><\/p>\n<p>                        <svg class=\"block size-3 fill-current text-brand-green\" :class=\"{ 'rotate-180': showAll }\">\n                            <use href=\"http:\/\/lifehacker.com\/images\/icons\/spritemap.svg#sprite-chevron-down\"><\/use>\n                        <\/svg><br \/>\n                    <\/button>\n                            <\/div>\n<\/p><\/div>\n<\/p><\/div>\n","protected":false},"excerpt":{"rendered":"<p>C&rsquo;est un cadre photo artistique et une t\u00e9l\u00e9vision solide en un. Prime Day 2025 se termine ce soir, et Vie Associative partage les meilleures ventes<\/p>\n","protected":false},"author":1,"featured_media":8714,"comment_status":"","ping_status":"","sticky":false,"template":"","format":"standard","meta":{"footnotes":""},"categories":[13],"tags":[3843,76,1908,3647,53,1269,4637,443,340,1878,1795,1978],"class_list":["post-8713","post","type-post","status-publish","format-standard","has-post-thumbnail","hentry","category-technologie","tag-celebre","tag-est","tag-fin","tag-frame","tag-jour","tag-jusqua","tag-moitie","tag-premier","tag-presque","tag-samsung","tag-soir","tag-televiseur","generate-columns","tablet-grid-50","mobile-grid-100","grid-parent","grid-33"],"yoast_head":"<!-- This site is optimized with the Yoast SEO plugin v24.0 - https:\/\/yoast.com\/wordpress\/plugins\/seo\/ -->\n<title>Le c\u00e9l\u00e8bre t\u00e9l\u00e9viseur `` The Frame &#039;&#039; de Samsung est presque \u00e0 moiti\u00e9 de la moiti\u00e9 jusqu&#039;\u00e0 la fin du premier jour ce soir | Vie Associative<\/title>\n<meta name=\"robots\" content=\"index, follow, max-snippet:-1, max-image-preview:large, max-video-preview:-1\" \/>\n<link rel=\"canonical\" href=\"https:\/\/vieassociative.be\/actualites\/le-celebre-televiseur-the-frame-de-samsung-est-presque-a-moitie-de-la-moitie-jusqua-la-fin-du-premier-jour-ce-soir\/\" \/>\n<meta property=\"og:locale\" content=\"fr_FR\" \/>\n<meta property=\"og:type\" content=\"article\" \/>\n<meta property=\"og:title\" content=\"Le c\u00e9l\u00e8bre t\u00e9l\u00e9viseur `` The Frame &#039;&#039; de Samsung est presque \u00e0 moiti\u00e9 de la moiti\u00e9 jusqu&#039;\u00e0 la fin du premier jour ce soir | Vie Associative\" \/>\n<meta property=\"og:description\" content=\"C&rsquo;est un cadre photo artistique et une t\u00e9l\u00e9vision solide en un. Prime Day 2025 se termine ce soir, et Vie Associative partage les meilleures ventes\" \/>\n<meta property=\"og:url\" content=\"https:\/\/vieassociative.be\/actualites\/le-celebre-televiseur-the-frame-de-samsung-est-presque-a-moitie-de-la-moitie-jusqua-la-fin-du-premier-jour-ce-soir\/\" \/>\n<meta property=\"og:site_name\" content=\"Vie Associative\" \/>\n<meta property=\"article:published_time\" content=\"2025-07-13T07:17:41+00:00\" \/>\n<meta property=\"og:image\" content=\"https:\/\/vieassociative.be\/actualites\/wp-content\/uploads\/2025\/07\/Le-celebre-televiseur-The-Frame-de-Samsung-est-presque.jpg\" \/>\n<meta name=\"author\" content=\"Julien\" \/>\n<meta name=\"twitter:card\" content=\"summary_large_image\" \/>\n<meta name=\"twitter:label1\" content=\"\u00c9crit par\" \/>\n\t<meta name=\"twitter:data1\" content=\"Julien\" \/>\n\t<meta name=\"twitter:label2\" content=\"Dur\u00e9e de lecture est.\" \/>\n\t<meta name=\"twitter:data2\" content=\"3 minutes\" \/>\n<script type=\"application\/ld+json\" class=\"yoast-schema-graph\">{\"@context\":\"https:\/\/schema.org\",\"@graph\":[{\"@type\":\"Article\",\"@id\":\"https:\/\/vieassociative.be\/actualites\/le-celebre-televiseur-the-frame-de-samsung-est-presque-a-moitie-de-la-moitie-jusqua-la-fin-du-premier-jour-ce-soir\/#article\",\"isPartOf\":{\"@id\":\"https:\/\/vieassociative.be\/actualites\/le-celebre-televiseur-the-frame-de-samsung-est-presque-a-moitie-de-la-moitie-jusqua-la-fin-du-premier-jour-ce-soir\/\"},\"author\":{\"name\":\"Julien\",\"@id\":\"https:\/\/vieassociative.be\/actualites\/#\/schema\/person\/b87ac4f82f9d4e7b7cec7395b679edc4\"},\"headline\":\"Le c\u00e9l\u00e8bre t\u00e9l\u00e9viseur \u00ab\u00a0 The Frame \u00a0\u00bb de Samsung est presque \u00e0 moiti\u00e9 de la moiti\u00e9 jusqu&rsquo;\u00e0 la fin du premier jour ce soir\",\"datePublished\":\"2025-07-13T07:17:41+00:00\",\"dateModified\":\"2025-07-13T07:17:41+00:00\",\"mainEntityOfPage\":{\"@id\":\"https:\/\/vieassociative.be\/actualites\/le-celebre-televiseur-the-frame-de-samsung-est-presque-a-moitie-de-la-moitie-jusqua-la-fin-du-premier-jour-ce-soir\/\"},\"wordCount\":645,\"publisher\":{\"@id\":\"https:\/\/vieassociative.be\/actualites\/#organization\"},\"image\":{\"@id\":\"https:\/\/vieassociative.be\/actualites\/le-celebre-televiseur-the-frame-de-samsung-est-presque-a-moitie-de-la-moitie-jusqua-la-fin-du-premier-jour-ce-soir\/#primaryimage\"},\"thumbnailUrl\":\"https:\/\/vieassociative.be\/actualites\/wp-content\/uploads\/2025\/07\/Le-celebre-televiseur-The-Frame-de-Samsung-est-presque.png\",\"keywords\":[\"c\u00e9l\u00e8bre\",\"est\",\"fin\",\"Frame\",\"jour\",\"jusqu\u00e0\",\"moiti\u00e9\",\"premier\",\"presque\",\"Samsung\",\"soir\",\"t\u00e9l\u00e9viseur\"],\"articleSection\":[\"Technologie\"],\"inLanguage\":\"fr-BE\"},{\"@type\":\"WebPage\",\"@id\":\"https:\/\/vieassociative.be\/actualites\/le-celebre-televiseur-the-frame-de-samsung-est-presque-a-moitie-de-la-moitie-jusqua-la-fin-du-premier-jour-ce-soir\/\",\"url\":\"https:\/\/vieassociative.be\/actualites\/le-celebre-televiseur-the-frame-de-samsung-est-presque-a-moitie-de-la-moitie-jusqua-la-fin-du-premier-jour-ce-soir\/\",\"name\":\"Le c\u00e9l\u00e8bre t\u00e9l\u00e9viseur `` The Frame '' de Samsung est presque \u00e0 moiti\u00e9 de la moiti\u00e9 jusqu'\u00e0 la fin du premier jour ce soir | Vie Associative\",\"isPartOf\":{\"@id\":\"https:\/\/vieassociative.be\/actualites\/#website\"},\"primaryImageOfPage\":{\"@id\":\"https:\/\/vieassociative.be\/actualites\/le-celebre-televiseur-the-frame-de-samsung-est-presque-a-moitie-de-la-moitie-jusqua-la-fin-du-premier-jour-ce-soir\/#primaryimage\"},\"image\":{\"@id\":\"https:\/\/vieassociative.be\/actualites\/le-celebre-televiseur-the-frame-de-samsung-est-presque-a-moitie-de-la-moitie-jusqua-la-fin-du-premier-jour-ce-soir\/#primaryimage\"},\"thumbnailUrl\":\"https:\/\/vieassociative.be\/actualites\/wp-content\/uploads\/2025\/07\/Le-celebre-televiseur-The-Frame-de-Samsung-est-presque.png\",\"datePublished\":\"2025-07-13T07:17:41+00:00\",\"dateModified\":\"2025-07-13T07:17:41+00:00\",\"breadcrumb\":{\"@id\":\"https:\/\/vieassociative.be\/actualites\/le-celebre-televiseur-the-frame-de-samsung-est-presque-a-moitie-de-la-moitie-jusqua-la-fin-du-premier-jour-ce-soir\/#breadcrumb\"},\"inLanguage\":\"fr-BE\",\"potentialAction\":[{\"@type\":\"ReadAction\",\"target\":[\"https:\/\/vieassociative.be\/actualites\/le-celebre-televiseur-the-frame-de-samsung-est-presque-a-moitie-de-la-moitie-jusqua-la-fin-du-premier-jour-ce-soir\/\"]}]},{\"@type\":\"ImageObject\",\"inLanguage\":\"fr-BE\",\"@id\":\"https:\/\/vieassociative.be\/actualites\/le-celebre-televiseur-the-frame-de-samsung-est-presque-a-moitie-de-la-moitie-jusqua-la-fin-du-premier-jour-ce-soir\/#primaryimage\",\"url\":\"https:\/\/vieassociative.be\/actualites\/wp-content\/uploads\/2025\/07\/Le-celebre-televiseur-The-Frame-de-Samsung-est-presque.png\",\"contentUrl\":\"https:\/\/vieassociative.be\/actualites\/wp-content\/uploads\/2025\/07\/Le-celebre-televiseur-The-Frame-de-Samsung-est-presque.png\",\"width\":1200,\"height\":675,\"caption\":\"Le c\u00e9l\u00e8bre t\u00e9l\u00e9viseur `` The Frame '' de Samsung est presque \u00e0 moiti\u00e9 de la moiti\u00e9 jusqu'\u00e0 la fin du premier jour ce soir\"},{\"@type\":\"BreadcrumbList\",\"@id\":\"https:\/\/vieassociative.be\/actualites\/le-celebre-televiseur-the-frame-de-samsung-est-presque-a-moitie-de-la-moitie-jusqua-la-fin-du-premier-jour-ce-soir\/#breadcrumb\",\"itemListElement\":[{\"@type\":\"ListItem\",\"position\":1,\"name\":\"Accueil\",\"item\":\"https:\/\/vieassociative.be\/actualites\/\"},{\"@type\":\"ListItem\",\"position\":2,\"name\":\"Le c\u00e9l\u00e8bre t\u00e9l\u00e9viseur \u00ab\u00a0 The Frame \u00a0\u00bb de Samsung est presque \u00e0 moiti\u00e9 de la moiti\u00e9 jusqu&rsquo;\u00e0 la fin du premier jour ce soir\"}]},{\"@type\":\"WebSite\",\"@id\":\"https:\/\/vieassociative.be\/actualites\/#website\",\"url\":\"https:\/\/vieassociative.be\/actualites\/\",\"name\":\"Vie Associative\",\"description\":\"\",\"publisher\":{\"@id\":\"https:\/\/vieassociative.be\/actualites\/#organization\"},\"potentialAction\":[{\"@type\":\"SearchAction\",\"target\":{\"@type\":\"EntryPoint\",\"urlTemplate\":\"https:\/\/vieassociative.be\/actualites\/?s={search_term_string}\"},\"query-input\":{\"@type\":\"PropertyValueSpecification\",\"valueRequired\":true,\"valueName\":\"search_term_string\"}}],\"inLanguage\":\"fr-BE\"},{\"@type\":\"Organization\",\"@id\":\"https:\/\/vieassociative.be\/actualites\/#organization\",\"name\":\"Vie Associative\",\"url\":\"https:\/\/vieassociative.be\/actualites\/\",\"logo\":{\"@type\":\"ImageObject\",\"inLanguage\":\"fr-BE\",\"@id\":\"https:\/\/vieassociative.be\/actualites\/#\/schema\/logo\/image\/\",\"url\":\"https:\/\/vieassociative.be\/actualites\/wp-content\/uploads\/2024\/09\/cropped-vieassociative_favicon.ico.png\",\"contentUrl\":\"https:\/\/vieassociative.be\/actualites\/wp-content\/uploads\/2024\/09\/cropped-vieassociative_favicon.ico.png\",\"width\":512,\"height\":512,\"caption\":\"Vie Associative\"},\"image\":{\"@id\":\"https:\/\/vieassociative.be\/actualites\/#\/schema\/logo\/image\/\"}},{\"@type\":\"Person\",\"@id\":\"https:\/\/vieassociative.be\/actualites\/#\/schema\/person\/b87ac4f82f9d4e7b7cec7395b679edc4\",\"name\":\"Julien\",\"image\":{\"@type\":\"ImageObject\",\"inLanguage\":\"fr-BE\",\"@id\":\"https:\/\/vieassociative.be\/actualites\/#\/schema\/person\/image\/\",\"url\":\"https:\/\/vieassociative.be\/actualites\/wp-content\/uploads\/2024\/09\/vie-associative-1-150x150.jpg\",\"contentUrl\":\"https:\/\/vieassociative.be\/actualites\/wp-content\/uploads\/2024\/09\/vie-associative-1-150x150.jpg\",\"caption\":\"Julien\"},\"description\":\"Je suis Julien, r\u00e9dacteur pour Vie Associative. Passionn\u00e9 par le monde associatif depuis plus de 10 ans, j'ai \u00e0 c\u0153ur de partager des histoires inspirantes et de mettre en lumi\u00e8re les initiatives locales. Mon objectif est de sensibiliser et d'encourager l'engagement communautaire \u00e0 travers mes articles.\",\"sameAs\":[\"https:\/\/vieassociative.be\/\"]}]}<\/script>\n<!-- \/ Yoast SEO plugin. -->","yoast_head_json":{"title":"Le c\u00e9l\u00e8bre t\u00e9l\u00e9viseur `` The Frame '' de Samsung est presque \u00e0 moiti\u00e9 de la moiti\u00e9 jusqu'\u00e0 la fin du premier jour ce soir | Vie Associative","robots":{"index":"index","follow":"follow","max-snippet":"max-snippet:-1","max-image-preview":"max-image-preview:large","max-video-preview":"max-video-preview:-1"},"canonical":"https:\/\/vieassociative.be\/actualites\/le-celebre-televiseur-the-frame-de-samsung-est-presque-a-moitie-de-la-moitie-jusqua-la-fin-du-premier-jour-ce-soir\/","og_locale":"fr_FR","og_type":"article","og_title":"Le c\u00e9l\u00e8bre t\u00e9l\u00e9viseur `` The Frame '' de Samsung est presque \u00e0 moiti\u00e9 de la moiti\u00e9 jusqu'\u00e0 la fin du premier jour ce soir | Vie Associative","og_description":"C&rsquo;est un cadre photo artistique et une t\u00e9l\u00e9vision solide en un. Prime Day 2025 se termine ce soir, et Vie Associative partage les meilleures ventes","og_url":"https:\/\/vieassociative.be\/actualites\/le-celebre-televiseur-the-frame-de-samsung-est-presque-a-moitie-de-la-moitie-jusqua-la-fin-du-premier-jour-ce-soir\/","og_site_name":"Vie Associative","article_published_time":"2025-07-13T07:17:41+00:00","og_image":[{"url":"https:\/\/vieassociative.be\/actualites\/wp-content\/uploads\/2025\/07\/Le-celebre-televiseur-The-Frame-de-Samsung-est-presque.jpg","type":"","width":"","height":""}],"author":"Julien","twitter_card":"summary_large_image","twitter_misc":{"\u00c9crit par":"Julien","Dur\u00e9e de lecture est.":"3 minutes"},"schema":{"@context":"https:\/\/schema.org","@graph":[{"@type":"Article","@id":"https:\/\/vieassociative.be\/actualites\/le-celebre-televiseur-the-frame-de-samsung-est-presque-a-moitie-de-la-moitie-jusqua-la-fin-du-premier-jour-ce-soir\/#article","isPartOf":{"@id":"https:\/\/vieassociative.be\/actualites\/le-celebre-televiseur-the-frame-de-samsung-est-presque-a-moitie-de-la-moitie-jusqua-la-fin-du-premier-jour-ce-soir\/"},"author":{"name":"Julien","@id":"https:\/\/vieassociative.be\/actualites\/#\/schema\/person\/b87ac4f82f9d4e7b7cec7395b679edc4"},"headline":"Le c\u00e9l\u00e8bre t\u00e9l\u00e9viseur \u00ab\u00a0 The Frame \u00a0\u00bb de Samsung est presque \u00e0 moiti\u00e9 de la moiti\u00e9 jusqu&rsquo;\u00e0 la fin du premier jour ce soir","datePublished":"2025-07-13T07:17:41+00:00","dateModified":"2025-07-13T07:17:41+00:00","mainEntityOfPage":{"@id":"https:\/\/vieassociative.be\/actualites\/le-celebre-televiseur-the-frame-de-samsung-est-presque-a-moitie-de-la-moitie-jusqua-la-fin-du-premier-jour-ce-soir\/"},"wordCount":645,"publisher":{"@id":"https:\/\/vieassociative.be\/actualites\/#organization"},"image":{"@id":"https:\/\/vieassociative.be\/actualites\/le-celebre-televiseur-the-frame-de-samsung-est-presque-a-moitie-de-la-moitie-jusqua-la-fin-du-premier-jour-ce-soir\/#primaryimage"},"thumbnailUrl":"https:\/\/vieassociative.be\/actualites\/wp-content\/uploads\/2025\/07\/Le-celebre-televiseur-The-Frame-de-Samsung-est-presque.png","keywords":["c\u00e9l\u00e8bre","est","fin","Frame","jour","jusqu\u00e0","moiti\u00e9","premier","presque","Samsung","soir","t\u00e9l\u00e9viseur"],"articleSection":["Technologie"],"inLanguage":"fr-BE"},{"@type":"WebPage","@id":"https:\/\/vieassociative.be\/actualites\/le-celebre-televiseur-the-frame-de-samsung-est-presque-a-moitie-de-la-moitie-jusqua-la-fin-du-premier-jour-ce-soir\/","url":"https:\/\/vieassociative.be\/actualites\/le-celebre-televiseur-the-frame-de-samsung-est-presque-a-moitie-de-la-moitie-jusqua-la-fin-du-premier-jour-ce-soir\/","name":"Le c\u00e9l\u00e8bre t\u00e9l\u00e9viseur `` The Frame '' de Samsung est presque \u00e0 moiti\u00e9 de la moiti\u00e9 jusqu'\u00e0 la fin du premier jour ce soir | Vie Associative","isPartOf":{"@id":"https:\/\/vieassociative.be\/actualites\/#website"},"primaryImageOfPage":{"@id":"https:\/\/vieassociative.be\/actualites\/le-celebre-televiseur-the-frame-de-samsung-est-presque-a-moitie-de-la-moitie-jusqua-la-fin-du-premier-jour-ce-soir\/#primaryimage"},"image":{"@id":"https:\/\/vieassociative.be\/actualites\/le-celebre-televiseur-the-frame-de-samsung-est-presque-a-moitie-de-la-moitie-jusqua-la-fin-du-premier-jour-ce-soir\/#primaryimage"},"thumbnailUrl":"https:\/\/vieassociative.be\/actualites\/wp-content\/uploads\/2025\/07\/Le-celebre-televiseur-The-Frame-de-Samsung-est-presque.png","datePublished":"2025-07-13T07:17:41+00:00","dateModified":"2025-07-13T07:17:41+00:00","breadcrumb":{"@id":"https:\/\/vieassociative.be\/actualites\/le-celebre-televiseur-the-frame-de-samsung-est-presque-a-moitie-de-la-moitie-jusqua-la-fin-du-premier-jour-ce-soir\/#breadcrumb"},"inLanguage":"fr-BE","potentialAction":[{"@type":"ReadAction","target":["https:\/\/vieassociative.be\/actualites\/le-celebre-televiseur-the-frame-de-samsung-est-presque-a-moitie-de-la-moitie-jusqua-la-fin-du-premier-jour-ce-soir\/"]}]},{"@type":"ImageObject","inLanguage":"fr-BE","@id":"https:\/\/vieassociative.be\/actualites\/le-celebre-televiseur-the-frame-de-samsung-est-presque-a-moitie-de-la-moitie-jusqua-la-fin-du-premier-jour-ce-soir\/#primaryimage","url":"https:\/\/vieassociative.be\/actualites\/wp-content\/uploads\/2025\/07\/Le-celebre-televiseur-The-Frame-de-Samsung-est-presque.png","contentUrl":"https:\/\/vieassociative.be\/actualites\/wp-content\/uploads\/2025\/07\/Le-celebre-televiseur-The-Frame-de-Samsung-est-presque.png","width":1200,"height":675,"caption":"Le c\u00e9l\u00e8bre t\u00e9l\u00e9viseur `` The Frame '' de Samsung est presque \u00e0 moiti\u00e9 de la moiti\u00e9 jusqu'\u00e0 la fin du premier jour ce soir"},{"@type":"BreadcrumbList","@id":"https:\/\/vieassociative.be\/actualites\/le-celebre-televiseur-the-frame-de-samsung-est-presque-a-moitie-de-la-moitie-jusqua-la-fin-du-premier-jour-ce-soir\/#breadcrumb","itemListElement":[{"@type":"ListItem","position":1,"name":"Accueil","item":"https:\/\/vieassociative.be\/actualites\/"},{"@type":"ListItem","position":2,"name":"Le c\u00e9l\u00e8bre t\u00e9l\u00e9viseur \u00ab\u00a0 The Frame \u00a0\u00bb de Samsung est presque \u00e0 moiti\u00e9 de la moiti\u00e9 jusqu&rsquo;\u00e0 la fin du premier jour ce soir"}]},{"@type":"WebSite","@id":"https:\/\/vieassociative.be\/actualites\/#website","url":"https:\/\/vieassociative.be\/actualites\/","name":"Vie Associative","description":"","publisher":{"@id":"https:\/\/vieassociative.be\/actualites\/#organization"},"potentialAction":[{"@type":"SearchAction","target":{"@type":"EntryPoint","urlTemplate":"https:\/\/vieassociative.be\/actualites\/?s={search_term_string}"},"query-input":{"@type":"PropertyValueSpecification","valueRequired":true,"valueName":"search_term_string"}}],"inLanguage":"fr-BE"},{"@type":"Organization","@id":"https:\/\/vieassociative.be\/actualites\/#organization","name":"Vie Associative","url":"https:\/\/vieassociative.be\/actualites\/","logo":{"@type":"ImageObject","inLanguage":"fr-BE","@id":"https:\/\/vieassociative.be\/actualites\/#\/schema\/logo\/image\/","url":"https:\/\/vieassociative.be\/actualites\/wp-content\/uploads\/2024\/09\/cropped-vieassociative_favicon.ico.png","contentUrl":"https:\/\/vieassociative.be\/actualites\/wp-content\/uploads\/2024\/09\/cropped-vieassociative_favicon.ico.png","width":512,"height":512,"caption":"Vie Associative"},"image":{"@id":"https:\/\/vieassociative.be\/actualites\/#\/schema\/logo\/image\/"}},{"@type":"Person","@id":"https:\/\/vieassociative.be\/actualites\/#\/schema\/person\/b87ac4f82f9d4e7b7cec7395b679edc4","name":"Julien","image":{"@type":"ImageObject","inLanguage":"fr-BE","@id":"https:\/\/vieassociative.be\/actualites\/#\/schema\/person\/image\/","url":"https:\/\/vieassociative.be\/actualites\/wp-content\/uploads\/2024\/09\/vie-associative-1-150x150.jpg","contentUrl":"https:\/\/vieassociative.be\/actualites\/wp-content\/uploads\/2024\/09\/vie-associative-1-150x150.jpg","caption":"Julien"},"description":"Je suis Julien, r\u00e9dacteur pour Vie Associative. Passionn\u00e9 par le monde associatif depuis plus de 10 ans, j'ai \u00e0 c\u0153ur de partager des histoires inspirantes et de mettre en lumi\u00e8re les initiatives locales. Mon objectif est de sensibiliser et d'encourager l'engagement communautaire \u00e0 travers mes articles.","sameAs":["https:\/\/vieassociative.be\/"]}]}},"_links":{"self":[{"href":"https:\/\/vieassociative.be\/actualites\/wp-json\/wp\/v2\/posts\/8713"}],"collection":[{"href":"https:\/\/vieassociative.be\/actualites\/wp-json\/wp\/v2\/posts"}],"about":[{"href":"https:\/\/vieassociative.be\/actualites\/wp-json\/wp\/v2\/types\/post"}],"author":[{"embeddable":true,"href":"https:\/\/vieassociative.be\/actualites\/wp-json\/wp\/v2\/users\/1"}],"replies":[{"embeddable":true,"href":"https:\/\/vieassociative.be\/actualites\/wp-json\/wp\/v2\/comments?post=8713"}],"version-history":[{"count":0,"href":"https:\/\/vieassociative.be\/actualites\/wp-json\/wp\/v2\/posts\/8713\/revisions"}],"wp:featuredmedia":[{"embeddable":true,"href":"https:\/\/vieassociative.be\/actualites\/wp-json\/wp\/v2\/media\/8714"}],"wp:attachment":[{"href":"https:\/\/vieassociative.be\/actualites\/wp-json\/wp\/v2\/media?parent=8713"}],"wp:term":[{"taxonomy":"category","embeddable":true,"href":"https:\/\/vieassociative.be\/actualites\/wp-json\/wp\/v2\/categories?post=8713"},{"taxonomy":"post_tag","embeddable":true,"href":"https:\/\/vieassociative.be\/actualites\/wp-json\/wp\/v2\/tags?post=8713"}],"curies":[{"name":"wp","href":"https:\/\/api.w.org\/{rel}","templated":true}]}}