{"id":8710,"date":"2025-07-13T04:17:16","date_gmt":"2025-07-13T02:17:16","guid":{"rendered":"https:\/\/vieassociative.be\/actualites\/trump-30-de-tarifs-sur-les-importations-de-lue-a-partir-du-1er-aout\/"},"modified":"2025-07-13T04:17:16","modified_gmt":"2025-07-13T02:17:16","slug":"trump-30-de-tarifs-sur-les-importations-de-lue-a-partir-du-1er-aout","status":"publish","type":"post","link":"https:\/\/vieassociative.be\/actualites\/trump-30-de-tarifs-sur-les-importations-de-lue-a-partir-du-1er-aout\/","title":{"rendered":"Trump: 30% de tarifs sur les importations de l&rsquo;UE \u00e0 partir du 1er ao\u00fbt"},"content":{"rendered":"<p><strong>Le pr\u00e9sident am\u00e9ricain Donald Trump pr\u00e9voit de prendre des importations de l&rsquo;UE avec un pouce de 30% par rapport au 1er ao\u00fbt. Cela a \u00e9t\u00e9 annonc\u00e9 par le r\u00e9publicain sur sa plate-forme sociale Truth.<\/strong><\/p>\n<p><span id=\"more-419878\"><\/span>Dans la lettre publi\u00e9e au pr\u00e9sident de la Commission de l&rsquo;UE, Ursula von der Leyen, Trump a menac\u00e9 d&rsquo;augmenter de nouvelles augmentations de coutumes en cas de contre-mesures. Dans le m\u00eame temps, il \u00e9crit: Si l&rsquo;UE est pr\u00eate \u00e0 ouvrir ses march\u00e9s commerciaux pr\u00e9c\u00e9demment ferm\u00e9s pour les \u00c9tats-Unis et \u00e0 l&rsquo;\u00e9liminer, vous envisagez peut-\u00eatre d&rsquo;adapter la lettre. Selon le d\u00e9veloppement des relations, les tarifs pourraient \u00eatre adapt\u00e9s ou vers le bas.<\/p>\n<div id=\"attachment_135980\" class=\"wp-caption alignleft\" style=\"max-width: 300px\"><img fetchpriority=\"high\" decoding=\"async\" class=\"wp-image-135980 size-medium\" src=\"https:\/\/vieassociative.be\/actualites\/wp-content\/uploads\/2025\/07\/Trump-30-de-tarifs-sur-les-importations-de-lUE-a.jpg\" alt=\"\" width=\"300\" height=\"202\"  ><\/p>\n<p class=\"wp-caption-text\">Un porte-conteneurs dans le port d&rsquo;Anvers. Photo: Shutterstock<\/p>\n<\/div>\n<p>Les nouveaux cadrans de 30% s&rsquo;appliquent donc \u00e0 toutes les biens que l&rsquo;UE souhaite introduire aux \u00c9tats-Unis. Cela ne s&rsquo;applique pas \u00e0 certaines industries dans lesquelles Trump exige encore des services encore plus \u00e9lev\u00e9s. Jusqu&rsquo;\u00e0 pr\u00e9sent, d&rsquo;autres phrases ont \u00e9t\u00e9 vraies pour les pi\u00e8ces automobiles et automobiles ainsi que l&rsquo;acier et l&rsquo;aluminium.<\/p>\n<p>La lettre menace une nouvelle escalade du conflit commercial. L&rsquo;Union europ\u00e9enne et les \u00c9tats-Unis ont r\u00e9cemment tent\u00e9 de trouver une solution mutuelle en semaines de discussions. L&rsquo;imposition unique de nouveaux tarifs fait maintenant face \u00e0 cela.<\/p>\n<p><strong>&#8211; L&rsquo;UE veut trouver une autre solution, mais est pr\u00eate pour les contre-mesures:<\/strong> M\u00eame apr\u00e8s l&rsquo;annonce des derni\u00e8res id\u00e9es de douanes de Trump, la Commission de l&rsquo;UE a continu\u00e9 \u00e0 \u00eatre confront\u00e9e \u00e0 une solution mutuellement acceptable: l&rsquo;\u00e9criture de Trump est not\u00e9e, a d\u00e9clar\u00e9 le pr\u00e9sident de la Commission Ursula von der Leyen. Il \u00e9tait toujours pr\u00eat \u00e0 travailler sur un accord d&rsquo;ici le 1er ao\u00fbt.<\/p>\n<p>L&rsquo;introduction de tarifs de 30% aux exportations de l&rsquo;UE perturberait les cha\u00eenes d&rsquo;approvisionnement transatlantiques essentielles \u00e0 l&rsquo;inconv\u00e9nient des entreprises, des consommateurs et des patients des deux c\u00f4t\u00e9s de l&rsquo;Atlantique, a ajout\u00e9 le politicien allemand.<\/p>\n<div id=\"attachment_395540\" class=\"wp-caption alignleft\" style=\"max-width: 300px\"><img decoding=\"async\" class=\"wp-image-395540 size-medium\" src=\"https:\/\/vieassociative.be\/actualites\/wp-content\/uploads\/2025\/07\/1752373036_672_Trump-30-de-tarifs-sur-les-importations-de-lUE-a.jpg\" alt=\"\" width=\"300\" height=\"198\"><\/p>\n<p class=\"wp-caption-text\">18\/07\/2024, France, Strasbourg: Ursula von der Leyen, pr\u00e9sident en place de la Commission europ\u00e9enne, s&rsquo;exprime lors de la session pl\u00e9ni\u00e8re du Parlement europ\u00e9en. Photo: Philipp von Ditfurth \/ DPA<\/p>\n<\/div>\n<p>Le Leyen a soulign\u00e9 que seules quelques \u00e9conomies dans le monde seraient ouvertes aux pratiques commerciales \u00e9quitables dans leur ouverture et leur obligation au m\u00eame niveau que l&rsquo;Union europ\u00e9enne. L&rsquo;UE a toujours demand\u00e9 une solution de n\u00e9gociation avec les \u00c9tats-Unis.<\/p>\n<p>Dans le m\u00eame temps, de la Leyen a de nouveau soulign\u00e9 que l&rsquo;UE prendrait des contre-mesures en cas de manque de volont\u00e9 de n\u00e9gocier du c\u00f4t\u00e9 am\u00e9ricain. Dans une premi\u00e8re \u00e9tape, cela devrait \u00eatre des tarifs particuli\u00e8rement sp\u00e9ciaux sur les importations de produits am\u00e9ricains dans l&rsquo;UE.<\/p>\n<p><strong>&#8211; Trump formule une demande peu claire:<\/strong> Dans sa lettre, Trump a \u00e9galement \u00e9crit: \u00ab\u00a0L&rsquo;Union europ\u00e9enne accordera aux \u00c9tats-Unis sans r\u00e9serve un acc\u00e8s sans r\u00e9serve sur le march\u00e9 sans imposer des tarifs contre nous pour essayer de r\u00e9duire le d\u00e9ficit commercial.\u00a0\u00bb Ce que signifie exactement le pr\u00e9sident am\u00e9ricain n&rsquo;\u00e9tait pas clair.<\/p>\n<p>Avec sa politique douani\u00e8re, le r\u00e9publicain veut corriger les poids commerciaux pr\u00e9sum\u00e9s et r\u00e9aliser que davantage est produit aux \u00c9tats-Unis. Dans le conflit des douanes mondiales, Trump a initialement \u00e9tabli une date limite du 9 juillet pour de nouveaux tarifs et les a prolong\u00e9s il y a 1er ao\u00fbt. Au cours des derni\u00e8res semaines, les \u00c9tats-Unis avaient parl\u00e9 \u00e0 de nombreux pays.<\/p>\n<p><strong>-Les lettres de douane envoy\u00e9es:<\/strong> En plus de la lettre \u00e0 l&rsquo;UE, Trump a publi\u00e9 une lettre au Mexique. En cela, il a \u00e9galement annonc\u00e9 une exposition \u00e0 l&rsquo;importation de 30% sur les marchandises du pays voisin \u00e0 partir du 1er ao\u00fbt. Il avait d\u00e9j\u00e0 fait conna\u00eetre un certain nombre de nouveaux tarifs contre certains pays au cours des derniers jours, plus r\u00e9cemment pour les importations du Canada et du Br\u00e9sil.<\/p>\n<h3>Trump impose 50% de pouces au Br\u00e9sil et veut aider Bolsonaro \u00e0 sortir des ennuis devant le tribunal<\/h3>\n<p>Gr\u00e2ce \u00e0 sa politique douani\u00e8re, le pr\u00e9sident am\u00e9ricain Donald Trump vise d\u00e9sormais \u00e9galement la plus grande \u00e9conomie d&rsquo;Am\u00e9rique du Sud et relie la taxe inhabituellement \u00e9lev\u00e9e aux demandes politiques.<\/p>\n<p>Selon les High Customs contre le Br\u00e9sil annonc\u00e9es par le pr\u00e9sident am\u00e9ricain Donald Trump, les deux pays se dirigent vers un conflit commercial. Trump avait annonc\u00e9 une coutume de 50% sur l&rsquo;importation de produits du Br\u00e9sil mercredi soir \u00e0 partir du 1er ao\u00fbt et a li\u00e9 cela \u00e0 une vive critique du pr\u00e9sident br\u00e9silien Luiz In\u00e1cio Lula da Silva.<\/p>\n<p>Lula a annonc\u00e9 des repr\u00e9sailles et a soulign\u00e9 que son pays ne pouvait \u00eatre fr\u00e9quent\u00e9 par personne. L&rsquo;augmentation des tarifs de chaque facteur est r\u00e9pondu conform\u00e9ment \u00e0 la loi br\u00e9silienne sur la r\u00e9ciprocit\u00e9 \u00e9conomique.<\/p>\n<div id=\"attachment_419922\" class=\"wp-caption alignleft\" style=\"max-width: 300px\"><img decoding=\"async\" class=\"wp-image-419922 size-medium\" src=\"https:\/\/vieassociative.be\/actualites\/wp-content\/uploads\/2025\/07\/1752373036_86_Trump-30-de-tarifs-sur-les-importations-de-lUE-a.jpg\" alt=\"\" width=\"300\" height=\"200\"><\/p>\n<p class=\"wp-caption-text\">07\/10\/2025, Br\u00e9sil, Sao Paulo: Participant d&rsquo;une manifestation contre les tarifs annonc\u00e9s par le pr\u00e9sident am\u00e9ricain Trump contre le Br\u00e9sil, portez un costume cari\u00e9 de Trump (avant) et un masque avec le portrait de l&rsquo;ancien pr\u00e9sident br\u00e9silien Bolsonaro dans les v\u00eatements de prisonnier lors d&rsquo;une r\u00e9union \u00e0 Avenida Paulista \u00e0 SAO Paulo. Photo: Allison Sales \/ DPA<\/p>\n<\/div>\n<p><strong>&#8211; La pr\u00e9sidente du Br\u00e9sil, Lula, ne veut pas \u00eatre fr\u00e9quent\u00e9e par Trump:<\/strong> Trump critique le Br\u00e9sil pour avoir trait\u00e9 avec l&rsquo;ancien pr\u00e9sident controvers\u00e9 Jair Bolsonaro. Le bon ex-pr\u00e9sident est jug\u00e9 car apr\u00e8s sa d\u00e9faite \u00e9lectorale en 2022, il aurait pr\u00e9vu une tentative de coup d&rsquo;\u00c9tat contre le gouvernement de son successeur Lula. Il rejette les all\u00e9gations. Trump a \u00e9crit dans la lettre des douanes que Bolsonaro \u00e9tait tr\u00e8s respect\u00e9 sous son r\u00e8gne. Le pr\u00e9sident am\u00e9ricain a demand\u00e9: \u00abC&rsquo;est une chasse aux sorci\u00e8res qui imm\u00e9diatement! devrait se terminer \u00bb.<\/p>\n<p>D&rsquo;un autre c\u00f4t\u00e9, Lula a maintenu la plate-forme X: \u00ab\u00a0La souverainet\u00e9, le respect et la d\u00e9fense in\u00e9branlable des int\u00e9r\u00eats du peuple br\u00e9silien sont les valeurs qui m\u00e8nent notre relation au monde.\u00a0\u00bb Dans le m\u00eame temps, il a soulign\u00e9 que la proc\u00e9dure judiciaire contre les responsables de la planification du coup d&rsquo;\u00c9tat de l&rsquo;\u00c9tat \u00e9tait exclusivement dans la responsabilit\u00e9 du pouvoir judiciaire br\u00e9silien et ne fait donc pas l&rsquo;objet d&rsquo;ing\u00e9rence ou de menaces qui pourraient mettre en danger l&rsquo;ind\u00e9pendance des institutions nationales.<\/p>\n<p>Le Br\u00e9sil est la plus grande \u00e9conomie d&rsquo;Am\u00e9rique du Sud. Selon la Chine, les \u00c9tats-Unis sont le deuxi\u00e8me partenaire commercial le plus important et un grand investisseur dans le pays. L&rsquo;ensemble du commerce des marchandises aux \u00c9tats-Unis avec le Br\u00e9sil \u00e9tait d&rsquo;environ 92 milliards de dollars en 2024, selon le bureau des statistiques am\u00e9ricaines. Les exportations am\u00e9ricaines de marchandises vers le Br\u00e9sil se sont donc \u00e9lev\u00e9es \u00e0 49,7 milliards de dollars, les marchandises importent du Br\u00e9sil 42,3 milliards de dollars. Selon les informations, les \u00c9tats-Unis ont donn\u00e9 un exc\u00e9dent commercial de 7,4 milliards de dollars. (DPA)<\/p>\n","protected":false},"excerpt":{"rendered":"<p>Le pr\u00e9sident am\u00e9ricain Donald Trump pr\u00e9voit de prendre des importations de l&rsquo;UE avec un pouce de 30% par rapport au 1er ao\u00fbt. Cela a \u00e9t\u00e9<\/p>\n","protected":false},"author":1,"featured_media":8711,"comment_status":"","ping_status":"","sticky":false,"template":"","format":"standard","meta":{"footnotes":""},"categories":[298],"tags":[1146,1778,7726,14,3578,1591,33,5819,2425],"class_list":["post-8710","post","type-post","status-publish","format-standard","has-post-thumbnail","hentry","category-belgique","tag-1er","tag-aout","tag-importations","tag-les","tag-lue","tag-partir","tag-sur","tag-tarifs","tag-trump","generate-columns","tablet-grid-50","mobile-grid-100","grid-parent","grid-33"],"yoast_head":"<!-- This site is optimized with the Yoast SEO plugin v24.0 - https:\/\/yoast.com\/wordpress\/plugins\/seo\/ -->\n<title>Trump: 30% de tarifs sur les importations de l&#039;UE \u00e0 partir du 1er ao\u00fbt | Vie Associative<\/title>\n<meta name=\"robots\" content=\"index, follow, max-snippet:-1, max-image-preview:large, max-video-preview:-1\" \/>\n<link rel=\"canonical\" href=\"https:\/\/vieassociative.be\/actualites\/trump-30-de-tarifs-sur-les-importations-de-lue-a-partir-du-1er-aout\/\" \/>\n<meta property=\"og:locale\" content=\"fr_FR\" \/>\n<meta property=\"og:type\" content=\"article\" \/>\n<meta property=\"og:title\" content=\"Trump: 30% de tarifs sur les importations de l&#039;UE \u00e0 partir du 1er ao\u00fbt | Vie Associative\" \/>\n<meta property=\"og:description\" content=\"Le pr\u00e9sident am\u00e9ricain Donald Trump pr\u00e9voit de prendre des importations de l&rsquo;UE avec un pouce de 30% par rapport au 1er ao\u00fbt. Cela a \u00e9t\u00e9\" \/>\n<meta property=\"og:url\" content=\"https:\/\/vieassociative.be\/actualites\/trump-30-de-tarifs-sur-les-importations-de-lue-a-partir-du-1er-aout\/\" \/>\n<meta property=\"og:site_name\" content=\"Vie Associative\" \/>\n<meta property=\"article:published_time\" content=\"2025-07-13T02:17:16+00:00\" \/>\n<meta property=\"og:image\" content=\"https:\/\/vieassociative.be\/actualites\/wp-content\/uploads\/2024\/09\/header_backgroundk-01-e1726694325946.png\" \/>\n\t<meta property=\"og:image:width\" content=\"279\" \/>\n\t<meta property=\"og:image:height\" content=\"92\" \/>\n\t<meta property=\"og:image:type\" content=\"image\/png\" \/>\n<meta name=\"author\" content=\"Julien\" \/>\n<meta name=\"twitter:card\" content=\"summary_large_image\" \/>\n<meta name=\"twitter:label1\" content=\"\u00c9crit par\" \/>\n\t<meta name=\"twitter:data1\" content=\"Julien\" \/>\n\t<meta name=\"twitter:label2\" content=\"Dur\u00e9e de lecture est.\" \/>\n\t<meta name=\"twitter:data2\" content=\"6 minutes\" \/>\n<script type=\"application\/ld+json\" class=\"yoast-schema-graph\">{\"@context\":\"https:\/\/schema.org\",\"@graph\":[{\"@type\":\"Article\",\"@id\":\"https:\/\/vieassociative.be\/actualites\/trump-30-de-tarifs-sur-les-importations-de-lue-a-partir-du-1er-aout\/#article\",\"isPartOf\":{\"@id\":\"https:\/\/vieassociative.be\/actualites\/trump-30-de-tarifs-sur-les-importations-de-lue-a-partir-du-1er-aout\/\"},\"author\":{\"name\":\"Julien\",\"@id\":\"https:\/\/vieassociative.be\/actualites\/#\/schema\/person\/b87ac4f82f9d4e7b7cec7395b679edc4\"},\"headline\":\"Trump: 30% de tarifs sur les importations de l&rsquo;UE \u00e0 partir du 1er ao\u00fbt\",\"datePublished\":\"2025-07-13T02:17:16+00:00\",\"dateModified\":\"2025-07-13T02:17:16+00:00\",\"mainEntityOfPage\":{\"@id\":\"https:\/\/vieassociative.be\/actualites\/trump-30-de-tarifs-sur-les-importations-de-lue-a-partir-du-1er-aout\/\"},\"wordCount\":1234,\"publisher\":{\"@id\":\"https:\/\/vieassociative.be\/actualites\/#organization\"},\"image\":{\"@id\":\"https:\/\/vieassociative.be\/actualites\/trump-30-de-tarifs-sur-les-importations-de-lue-a-partir-du-1er-aout\/#primaryimage\"},\"thumbnailUrl\":\"https:\/\/vieassociative.be\/actualites\/wp-content\/uploads\/2025\/07\/1752373036_Trump-30-de-tarifs-sur-les-importations-de-lUE-a.jpg\",\"keywords\":[\"1er\",\"ao\u00fbt\",\"importations\",\"Les\",\"LUE\",\"partir\",\"sur\",\"tarifs\",\"Trump\"],\"articleSection\":[\"Belgique\"],\"inLanguage\":\"fr-BE\"},{\"@type\":\"WebPage\",\"@id\":\"https:\/\/vieassociative.be\/actualites\/trump-30-de-tarifs-sur-les-importations-de-lue-a-partir-du-1er-aout\/\",\"url\":\"https:\/\/vieassociative.be\/actualites\/trump-30-de-tarifs-sur-les-importations-de-lue-a-partir-du-1er-aout\/\",\"name\":\"Trump: 30% de tarifs sur les importations de l'UE \u00e0 partir du 1er ao\u00fbt | Vie Associative\",\"isPartOf\":{\"@id\":\"https:\/\/vieassociative.be\/actualites\/#website\"},\"primaryImageOfPage\":{\"@id\":\"https:\/\/vieassociative.be\/actualites\/trump-30-de-tarifs-sur-les-importations-de-lue-a-partir-du-1er-aout\/#primaryimage\"},\"image\":{\"@id\":\"https:\/\/vieassociative.be\/actualites\/trump-30-de-tarifs-sur-les-importations-de-lue-a-partir-du-1er-aout\/#primaryimage\"},\"thumbnailUrl\":\"https:\/\/vieassociative.be\/actualites\/wp-content\/uploads\/2025\/07\/1752373036_Trump-30-de-tarifs-sur-les-importations-de-lUE-a.jpg\",\"datePublished\":\"2025-07-13T02:17:16+00:00\",\"dateModified\":\"2025-07-13T02:17:16+00:00\",\"breadcrumb\":{\"@id\":\"https:\/\/vieassociative.be\/actualites\/trump-30-de-tarifs-sur-les-importations-de-lue-a-partir-du-1er-aout\/#breadcrumb\"},\"inLanguage\":\"fr-BE\",\"potentialAction\":[{\"@type\":\"ReadAction\",\"target\":[\"https:\/\/vieassociative.be\/actualites\/trump-30-de-tarifs-sur-les-importations-de-lue-a-partir-du-1er-aout\/\"]}]},{\"@type\":\"ImageObject\",\"inLanguage\":\"fr-BE\",\"@id\":\"https:\/\/vieassociative.be\/actualites\/trump-30-de-tarifs-sur-les-importations-de-lue-a-partir-du-1er-aout\/#primaryimage\",\"url\":\"https:\/\/vieassociative.be\/actualites\/wp-content\/uploads\/2025\/07\/1752373036_Trump-30-de-tarifs-sur-les-importations-de-lUE-a.jpg\",\"contentUrl\":\"https:\/\/vieassociative.be\/actualites\/wp-content\/uploads\/2025\/07\/1752373036_Trump-30-de-tarifs-sur-les-importations-de-lUE-a.jpg\",\"width\":1200,\"height\":803,\"caption\":\"Trump: 30% de tarifs sur les importations de l'UE \u00e0 partir du 1er ao\u00fbt\"},{\"@type\":\"BreadcrumbList\",\"@id\":\"https:\/\/vieassociative.be\/actualites\/trump-30-de-tarifs-sur-les-importations-de-lue-a-partir-du-1er-aout\/#breadcrumb\",\"itemListElement\":[{\"@type\":\"ListItem\",\"position\":1,\"name\":\"Accueil\",\"item\":\"https:\/\/vieassociative.be\/actualites\/\"},{\"@type\":\"ListItem\",\"position\":2,\"name\":\"Trump: 30% de tarifs sur les importations de l&rsquo;UE \u00e0 partir du 1er ao\u00fbt\"}]},{\"@type\":\"WebSite\",\"@id\":\"https:\/\/vieassociative.be\/actualites\/#website\",\"url\":\"https:\/\/vieassociative.be\/actualites\/\",\"name\":\"Vie Associative\",\"description\":\"\",\"publisher\":{\"@id\":\"https:\/\/vieassociative.be\/actualites\/#organization\"},\"potentialAction\":[{\"@type\":\"SearchAction\",\"target\":{\"@type\":\"EntryPoint\",\"urlTemplate\":\"https:\/\/vieassociative.be\/actualites\/?s={search_term_string}\"},\"query-input\":{\"@type\":\"PropertyValueSpecification\",\"valueRequired\":true,\"valueName\":\"search_term_string\"}}],\"inLanguage\":\"fr-BE\"},{\"@type\":\"Organization\",\"@id\":\"https:\/\/vieassociative.be\/actualites\/#organization\",\"name\":\"Vie Associative\",\"url\":\"https:\/\/vieassociative.be\/actualites\/\",\"logo\":{\"@type\":\"ImageObject\",\"inLanguage\":\"fr-BE\",\"@id\":\"https:\/\/vieassociative.be\/actualites\/#\/schema\/logo\/image\/\",\"url\":\"https:\/\/vieassociative.be\/actualites\/wp-content\/uploads\/2024\/09\/cropped-vieassociative_favicon.ico.png\",\"contentUrl\":\"https:\/\/vieassociative.be\/actualites\/wp-content\/uploads\/2024\/09\/cropped-vieassociative_favicon.ico.png\",\"width\":512,\"height\":512,\"caption\":\"Vie Associative\"},\"image\":{\"@id\":\"https:\/\/vieassociative.be\/actualites\/#\/schema\/logo\/image\/\"}},{\"@type\":\"Person\",\"@id\":\"https:\/\/vieassociative.be\/actualites\/#\/schema\/person\/b87ac4f82f9d4e7b7cec7395b679edc4\",\"name\":\"Julien\",\"image\":{\"@type\":\"ImageObject\",\"inLanguage\":\"fr-BE\",\"@id\":\"https:\/\/vieassociative.be\/actualites\/#\/schema\/person\/image\/\",\"url\":\"https:\/\/vieassociative.be\/actualites\/wp-content\/uploads\/2024\/09\/vie-associative-1-150x150.jpg\",\"contentUrl\":\"https:\/\/vieassociative.be\/actualites\/wp-content\/uploads\/2024\/09\/vie-associative-1-150x150.jpg\",\"caption\":\"Julien\"},\"description\":\"Je suis Julien, r\u00e9dacteur pour Vie Associative. Passionn\u00e9 par le monde associatif depuis plus de 10 ans, j'ai \u00e0 c\u0153ur de partager des histoires inspirantes et de mettre en lumi\u00e8re les initiatives locales. Mon objectif est de sensibiliser et d'encourager l'engagement communautaire \u00e0 travers mes articles.\",\"sameAs\":[\"https:\/\/vieassociative.be\/\"]}]}<\/script>\n<!-- \/ Yoast SEO plugin. -->","yoast_head_json":{"title":"Trump: 30% de tarifs sur les importations de l'UE \u00e0 partir du 1er ao\u00fbt | Vie Associative","robots":{"index":"index","follow":"follow","max-snippet":"max-snippet:-1","max-image-preview":"max-image-preview:large","max-video-preview":"max-video-preview:-1"},"canonical":"https:\/\/vieassociative.be\/actualites\/trump-30-de-tarifs-sur-les-importations-de-lue-a-partir-du-1er-aout\/","og_locale":"fr_FR","og_type":"article","og_title":"Trump: 30% de tarifs sur les importations de l'UE \u00e0 partir du 1er ao\u00fbt | Vie Associative","og_description":"Le pr\u00e9sident am\u00e9ricain Donald Trump pr\u00e9voit de prendre des importations de l&rsquo;UE avec un pouce de 30% par rapport au 1er ao\u00fbt. Cela a \u00e9t\u00e9","og_url":"https:\/\/vieassociative.be\/actualites\/trump-30-de-tarifs-sur-les-importations-de-lue-a-partir-du-1er-aout\/","og_site_name":"Vie Associative","article_published_time":"2025-07-13T02:17:16+00:00","og_image":[{"width":279,"height":92,"url":"https:\/\/vieassociative.be\/actualites\/wp-content\/uploads\/2024\/09\/header_backgroundk-01-e1726694325946.png","type":"image\/png"}],"author":"Julien","twitter_card":"summary_large_image","twitter_misc":{"\u00c9crit par":"Julien","Dur\u00e9e de lecture est.":"6 minutes"},"schema":{"@context":"https:\/\/schema.org","@graph":[{"@type":"Article","@id":"https:\/\/vieassociative.be\/actualites\/trump-30-de-tarifs-sur-les-importations-de-lue-a-partir-du-1er-aout\/#article","isPartOf":{"@id":"https:\/\/vieassociative.be\/actualites\/trump-30-de-tarifs-sur-les-importations-de-lue-a-partir-du-1er-aout\/"},"author":{"name":"Julien","@id":"https:\/\/vieassociative.be\/actualites\/#\/schema\/person\/b87ac4f82f9d4e7b7cec7395b679edc4"},"headline":"Trump: 30% de tarifs sur les importations de l&rsquo;UE \u00e0 partir du 1er ao\u00fbt","datePublished":"2025-07-13T02:17:16+00:00","dateModified":"2025-07-13T02:17:16+00:00","mainEntityOfPage":{"@id":"https:\/\/vieassociative.be\/actualites\/trump-30-de-tarifs-sur-les-importations-de-lue-a-partir-du-1er-aout\/"},"wordCount":1234,"publisher":{"@id":"https:\/\/vieassociative.be\/actualites\/#organization"},"image":{"@id":"https:\/\/vieassociative.be\/actualites\/trump-30-de-tarifs-sur-les-importations-de-lue-a-partir-du-1er-aout\/#primaryimage"},"thumbnailUrl":"https:\/\/vieassociative.be\/actualites\/wp-content\/uploads\/2025\/07\/1752373036_Trump-30-de-tarifs-sur-les-importations-de-lUE-a.jpg","keywords":["1er","ao\u00fbt","importations","Les","LUE","partir","sur","tarifs","Trump"],"articleSection":["Belgique"],"inLanguage":"fr-BE"},{"@type":"WebPage","@id":"https:\/\/vieassociative.be\/actualites\/trump-30-de-tarifs-sur-les-importations-de-lue-a-partir-du-1er-aout\/","url":"https:\/\/vieassociative.be\/actualites\/trump-30-de-tarifs-sur-les-importations-de-lue-a-partir-du-1er-aout\/","name":"Trump: 30% de tarifs sur les importations de l'UE \u00e0 partir du 1er ao\u00fbt | Vie Associative","isPartOf":{"@id":"https:\/\/vieassociative.be\/actualites\/#website"},"primaryImageOfPage":{"@id":"https:\/\/vieassociative.be\/actualites\/trump-30-de-tarifs-sur-les-importations-de-lue-a-partir-du-1er-aout\/#primaryimage"},"image":{"@id":"https:\/\/vieassociative.be\/actualites\/trump-30-de-tarifs-sur-les-importations-de-lue-a-partir-du-1er-aout\/#primaryimage"},"thumbnailUrl":"https:\/\/vieassociative.be\/actualites\/wp-content\/uploads\/2025\/07\/1752373036_Trump-30-de-tarifs-sur-les-importations-de-lUE-a.jpg","datePublished":"2025-07-13T02:17:16+00:00","dateModified":"2025-07-13T02:17:16+00:00","breadcrumb":{"@id":"https:\/\/vieassociative.be\/actualites\/trump-30-de-tarifs-sur-les-importations-de-lue-a-partir-du-1er-aout\/#breadcrumb"},"inLanguage":"fr-BE","potentialAction":[{"@type":"ReadAction","target":["https:\/\/vieassociative.be\/actualites\/trump-30-de-tarifs-sur-les-importations-de-lue-a-partir-du-1er-aout\/"]}]},{"@type":"ImageObject","inLanguage":"fr-BE","@id":"https:\/\/vieassociative.be\/actualites\/trump-30-de-tarifs-sur-les-importations-de-lue-a-partir-du-1er-aout\/#primaryimage","url":"https:\/\/vieassociative.be\/actualites\/wp-content\/uploads\/2025\/07\/1752373036_Trump-30-de-tarifs-sur-les-importations-de-lUE-a.jpg","contentUrl":"https:\/\/vieassociative.be\/actualites\/wp-content\/uploads\/2025\/07\/1752373036_Trump-30-de-tarifs-sur-les-importations-de-lUE-a.jpg","width":1200,"height":803,"caption":"Trump: 30% de tarifs sur les importations de l'UE \u00e0 partir du 1er ao\u00fbt"},{"@type":"BreadcrumbList","@id":"https:\/\/vieassociative.be\/actualites\/trump-30-de-tarifs-sur-les-importations-de-lue-a-partir-du-1er-aout\/#breadcrumb","itemListElement":[{"@type":"ListItem","position":1,"name":"Accueil","item":"https:\/\/vieassociative.be\/actualites\/"},{"@type":"ListItem","position":2,"name":"Trump: 30% de tarifs sur les importations de l&rsquo;UE \u00e0 partir du 1er ao\u00fbt"}]},{"@type":"WebSite","@id":"https:\/\/vieassociative.be\/actualites\/#website","url":"https:\/\/vieassociative.be\/actualites\/","name":"Vie Associative","description":"","publisher":{"@id":"https:\/\/vieassociative.be\/actualites\/#organization"},"potentialAction":[{"@type":"SearchAction","target":{"@type":"EntryPoint","urlTemplate":"https:\/\/vieassociative.be\/actualites\/?s={search_term_string}"},"query-input":{"@type":"PropertyValueSpecification","valueRequired":true,"valueName":"search_term_string"}}],"inLanguage":"fr-BE"},{"@type":"Organization","@id":"https:\/\/vieassociative.be\/actualites\/#organization","name":"Vie Associative","url":"https:\/\/vieassociative.be\/actualites\/","logo":{"@type":"ImageObject","inLanguage":"fr-BE","@id":"https:\/\/vieassociative.be\/actualites\/#\/schema\/logo\/image\/","url":"https:\/\/vieassociative.be\/actualites\/wp-content\/uploads\/2024\/09\/cropped-vieassociative_favicon.ico.png","contentUrl":"https:\/\/vieassociative.be\/actualites\/wp-content\/uploads\/2024\/09\/cropped-vieassociative_favicon.ico.png","width":512,"height":512,"caption":"Vie Associative"},"image":{"@id":"https:\/\/vieassociative.be\/actualites\/#\/schema\/logo\/image\/"}},{"@type":"Person","@id":"https:\/\/vieassociative.be\/actualites\/#\/schema\/person\/b87ac4f82f9d4e7b7cec7395b679edc4","name":"Julien","image":{"@type":"ImageObject","inLanguage":"fr-BE","@id":"https:\/\/vieassociative.be\/actualites\/#\/schema\/person\/image\/","url":"https:\/\/vieassociative.be\/actualites\/wp-content\/uploads\/2024\/09\/vie-associative-1-150x150.jpg","contentUrl":"https:\/\/vieassociative.be\/actualites\/wp-content\/uploads\/2024\/09\/vie-associative-1-150x150.jpg","caption":"Julien"},"description":"Je suis Julien, r\u00e9dacteur pour Vie Associative. Passionn\u00e9 par le monde associatif depuis plus de 10 ans, j'ai \u00e0 c\u0153ur de partager des histoires inspirantes et de mettre en lumi\u00e8re les initiatives locales. Mon objectif est de sensibiliser et d'encourager l'engagement communautaire \u00e0 travers mes articles.","sameAs":["https:\/\/vieassociative.be\/"]}]}},"_links":{"self":[{"href":"https:\/\/vieassociative.be\/actualites\/wp-json\/wp\/v2\/posts\/8710"}],"collection":[{"href":"https:\/\/vieassociative.be\/actualites\/wp-json\/wp\/v2\/posts"}],"about":[{"href":"https:\/\/vieassociative.be\/actualites\/wp-json\/wp\/v2\/types\/post"}],"author":[{"embeddable":true,"href":"https:\/\/vieassociative.be\/actualites\/wp-json\/wp\/v2\/users\/1"}],"replies":[{"embeddable":true,"href":"https:\/\/vieassociative.be\/actualites\/wp-json\/wp\/v2\/comments?post=8710"}],"version-history":[{"count":0,"href":"https:\/\/vieassociative.be\/actualites\/wp-json\/wp\/v2\/posts\/8710\/revisions"}],"wp:featuredmedia":[{"embeddable":true,"href":"https:\/\/vieassociative.be\/actualites\/wp-json\/wp\/v2\/media\/8711"}],"wp:attachment":[{"href":"https:\/\/vieassociative.be\/actualites\/wp-json\/wp\/v2\/media?parent=8710"}],"wp:term":[{"taxonomy":"category","embeddable":true,"href":"https:\/\/vieassociative.be\/actualites\/wp-json\/wp\/v2\/categories?post=8710"},{"taxonomy":"post_tag","embeddable":true,"href":"https:\/\/vieassociative.be\/actualites\/wp-json\/wp\/v2\/tags?post=8710"}],"curies":[{"name":"wp","href":"https:\/\/api.w.org\/{rel}","templated":true}]}}