{"id":8693,"date":"2025-07-12T04:17:24","date_gmt":"2025-07-12T02:17:24","guid":{"rendered":"https:\/\/vieassociative.be\/actualites\/les-flammes-rouges-disent-au-revoir-au-portugal-du-championnat-deurope-feminin\/"},"modified":"2025-07-12T04:17:24","modified_gmt":"2025-07-12T02:17:24","slug":"les-flammes-rouges-disent-au-revoir-au-portugal-du-championnat-deurope-feminin","status":"publish","type":"post","link":"https:\/\/vieassociative.be\/actualites\/les-flammes-rouges-disent-au-revoir-au-portugal-du-championnat-deurope-feminin\/","title":{"rendered":"Les flammes rouges disent au revoir au Portugal du Championnat d&rsquo;Europe f\u00e9minin"},"content":{"rendered":"<p><strong>Sauver l&rsquo;honneur: c&rsquo;\u00e9tait la devise des flammes rouges contre le Portugal vendredi soir apr\u00e8s avoir eu deux d\u00e9faites en autant de matchs au championnat d&rsquo;Europe. Et ils ont r\u00e9ussi parce qu&rsquo;ils ont gagn\u00e9 2-1 dans un match compl\u00e8tement fou.<\/strong><\/p>\n<p><span id=\"more-419831\"><\/span>Ils avaient \u00e9galement un r\u00f4le d&rsquo;arbitre. En cas de victoire claire des Portugais et d&rsquo;une grave d\u00e9faite de l&rsquo;Italie contre l&rsquo;Espagne, Sele\u00e7ao aurait pu se qualifier pour le prochain tour.<\/p>\n<p>L&rsquo;objectif principal des Flames a chut\u00e9 \u00e0 travers l&rsquo;in\u00e9vitable Tessa Wullaert apr\u00e8s deux minutes. Par la suite, la Belgique a domin\u00e9 la premi\u00e8re demi-heure contre une portugaise qui n&rsquo;a pas inspir\u00e9.<\/p>\n<div id=\"attachment_419838\" class=\"wp-caption alignnone\" style=\"max-width: 300px\"><img fetchpriority=\"high\" decoding=\"async\" class=\"size-medium wp-image-419838\" src=\"https:\/\/vieassociative.be\/actualites\/wp-content\/uploads\/2025\/07\/Les-flammes-rouges-disent-au-revoir-au-Portugal-du-Championnat.jpg\" alt=\"\" width=\"300\" height=\"200\"><\/p>\n<p class=\"wp-caption-text\">07\/11\/2025, Suisse, Sion: le joueur belge Jassina Blom est bless\u00e9 sur le terrain. Le championnat d&rsquo;Europe s&rsquo;est termin\u00e9 pr\u00e9matur\u00e9ment pour eux. Photo: Alessandra Tarantino \/ AP \/ DPA<\/p>\n<\/div>\n<p><strong>&#8211; Blom de la grave blessure:<\/strong> Puis vint le grand downer de la soir\u00e9e. Jassina Blom s&rsquo;est effondr\u00e9e apr\u00e8s un duel et a gard\u00e9 son genou. Du c\u00f4t\u00e9 belge, bien s\u00fbr, les pires \u00e9taient craints. L&rsquo;attaquant, qui avait remplac\u00e9 la bless\u00e9e Hannah Eurling, a ensuite \u00e9t\u00e9 enlev\u00e9e sur le terrain sur une civi\u00e8re.<\/p>\n<p>Les flammes rouges ont pu s&rsquo;appuyer sur la concentration de Lisa Lichtfus et Janice Cayman &#8211; et sur la maladresse du portugais. Apr\u00e8s une heure de jeu, Wullaert a envoy\u00e9 une merveilleuse passe sur Mariam Toloba, qui a \u00e9largi la t\u00eate. Apr\u00e8s v\u00e9rification par le VAR, l&rsquo;arbitre a d\u00e9cid\u00e9 de reconna\u00eetre la porte. Toloba a frapp\u00e9 la barre transversale quelques minutes plus tard. Malchance.<\/p>\n<p>Les Portugais ont \u00e9t\u00e9 r\u00e9compens\u00e9s pour leur bonne seconde moiti\u00e9 \u00e0 la toute fin du match. Telma a marqu\u00e9 1-1 \u00e0 la 87e minute. En temps de blessure, il est devenu d\u00e9traqu\u00e9. Apr\u00e8s un g\u00e2chis dans la surface de r\u00e9paration, les Belges se sont vu refuser un autre objectif.<\/p>\n<p>Mais les flammes avaient toujours des r\u00e9serves. Et malgr\u00e9 les deux buts r\u00e9v\u00e9l\u00e9s, Janice Cayman a marqu\u00e9 le but gagnant pour 2-1 dans les tout derniers instants. La mission a annonc\u00e9 avant que le match ne soit rempli, \u00e0 savoir sauver l&rsquo;honneur. La Belgique termine la phase de groupe \u00e0 la troisi\u00e8me place. (Cre)<\/p>\n<div id=\"attachment_419842\" class=\"wp-caption alignleft\" style=\"max-width: 300px\"><img decoding=\"async\" class=\"wp-image-419842 size-medium\" src=\"https:\/\/vieassociative.be\/actualites\/wp-content\/uploads\/2025\/07\/1752286644_93_Les-flammes-rouges-disent-au-revoir-au-Portugal-du-Championnat.jpg\" alt=\"\" width=\"300\" height=\"200\"><\/p>\n<p class=\"wp-caption-text\">07\/11\/2025, Suisse, sion: le joueur belge Jassina Blom est port\u00e9 par la place. Photo: Alessandra Tarantino \/ AP \/ DPA<\/p>\n<\/div>\n<div id=\"attachment_419840\" class=\"wp-caption alignnone\" style=\"max-width: 300px\"><img decoding=\"async\" class=\"size-medium wp-image-419840\" src=\"https:\/\/vieassociative.be\/actualites\/wp-content\/uploads\/2025\/07\/1752286644_710_Les-flammes-rouges-disent-au-revoir-au-Portugal-du-Championnat.jpg\" alt=\"\" width=\"300\" height=\"200\"><\/p>\n<p class=\"wp-caption-text\">07\/11\/2025, Suisse, Sion: la joueuse portugaise Diana Gomes (au sol) dans le duel avec la joueuse belge Mariam Toloba. Photo: Alessandra Tarantino \/ AP \/ DPA<\/p>\n<\/div>\n","protected":false},"excerpt":{"rendered":"<p>Sauver l&rsquo;honneur: c&rsquo;\u00e9tait la devise des flammes rouges contre le Portugal vendredi soir apr\u00e8s avoir eu deux d\u00e9faites en autant de matchs au championnat d&rsquo;Europe.<\/p>\n","protected":false},"author":1,"featured_media":8694,"comment_status":"","ping_status":"","sticky":false,"template":"","format":"standard","meta":{"footnotes":""},"categories":[298],"tags":[4054,3976,1843,4055,7329,14,4056,3167,2366],"class_list":["post-8693","post","type-post","status-publish","format-standard","has-post-thumbnail","hentry","category-belgique","tag-championnat","tag-deurope","tag-disent","tag-feminin","tag-flammes","tag-les","tag-portugal","tag-revoir","tag-rouges","generate-columns","tablet-grid-50","mobile-grid-100","grid-parent","grid-33"],"yoast_head":"<!-- This site is optimized with the Yoast SEO plugin v24.0 - https:\/\/yoast.com\/wordpress\/plugins\/seo\/ -->\n<title>Les flammes rouges disent au revoir au Portugal du Championnat d&#039;Europe f\u00e9minin | Vie Associative<\/title>\n<meta name=\"robots\" content=\"index, follow, max-snippet:-1, max-image-preview:large, max-video-preview:-1\" \/>\n<link rel=\"canonical\" href=\"https:\/\/vieassociative.be\/actualites\/les-flammes-rouges-disent-au-revoir-au-portugal-du-championnat-deurope-feminin\/\" \/>\n<meta property=\"og:locale\" content=\"fr_FR\" \/>\n<meta property=\"og:type\" content=\"article\" \/>\n<meta property=\"og:title\" content=\"Les flammes rouges disent au revoir au Portugal du Championnat d&#039;Europe f\u00e9minin | Vie Associative\" \/>\n<meta property=\"og:description\" content=\"Sauver l&rsquo;honneur: c&rsquo;\u00e9tait la devise des flammes rouges contre le Portugal vendredi soir apr\u00e8s avoir eu deux d\u00e9faites en autant de matchs au championnat d&rsquo;Europe.\" \/>\n<meta property=\"og:url\" content=\"https:\/\/vieassociative.be\/actualites\/les-flammes-rouges-disent-au-revoir-au-portugal-du-championnat-deurope-feminin\/\" \/>\n<meta property=\"og:site_name\" content=\"Vie Associative\" \/>\n<meta property=\"article:published_time\" content=\"2025-07-12T02:17:24+00:00\" \/>\n<meta property=\"og:image\" content=\"https:\/\/vieassociative.be\/actualites\/wp-content\/uploads\/2024\/09\/header_backgroundk-01-e1726694325946.png\" \/>\n\t<meta property=\"og:image:width\" content=\"279\" \/>\n\t<meta property=\"og:image:height\" content=\"92\" \/>\n\t<meta property=\"og:image:type\" content=\"image\/png\" \/>\n<meta name=\"author\" content=\"Julien\" \/>\n<meta name=\"twitter:card\" content=\"summary_large_image\" \/>\n<meta name=\"twitter:label1\" content=\"\u00c9crit par\" \/>\n\t<meta name=\"twitter:data1\" content=\"Julien\" \/>\n\t<meta name=\"twitter:label2\" content=\"Dur\u00e9e de lecture est.\" \/>\n\t<meta name=\"twitter:data2\" content=\"2 minutes\" \/>\n<script type=\"application\/ld+json\" class=\"yoast-schema-graph\">{\"@context\":\"https:\/\/schema.org\",\"@graph\":[{\"@type\":\"Article\",\"@id\":\"https:\/\/vieassociative.be\/actualites\/les-flammes-rouges-disent-au-revoir-au-portugal-du-championnat-deurope-feminin\/#article\",\"isPartOf\":{\"@id\":\"https:\/\/vieassociative.be\/actualites\/les-flammes-rouges-disent-au-revoir-au-portugal-du-championnat-deurope-feminin\/\"},\"author\":{\"name\":\"Julien\",\"@id\":\"https:\/\/vieassociative.be\/actualites\/#\/schema\/person\/b87ac4f82f9d4e7b7cec7395b679edc4\"},\"headline\":\"Les flammes rouges disent au revoir au Portugal du Championnat d&rsquo;Europe f\u00e9minin\",\"datePublished\":\"2025-07-12T02:17:24+00:00\",\"dateModified\":\"2025-07-12T02:17:24+00:00\",\"mainEntityOfPage\":{\"@id\":\"https:\/\/vieassociative.be\/actualites\/les-flammes-rouges-disent-au-revoir-au-portugal-du-championnat-deurope-feminin\/\"},\"wordCount\":449,\"publisher\":{\"@id\":\"https:\/\/vieassociative.be\/actualites\/#organization\"},\"image\":{\"@id\":\"https:\/\/vieassociative.be\/actualites\/les-flammes-rouges-disent-au-revoir-au-portugal-du-championnat-deurope-feminin\/#primaryimage\"},\"thumbnailUrl\":\"https:\/\/vieassociative.be\/actualites\/wp-content\/uploads\/2025\/07\/1752286645_Les-flammes-rouges-disent-au-revoir-au-Portugal-du-Championnat.jpg\",\"keywords\":[\"Championnat\",\"dEurope\",\"disent\",\"f\u00e9minin\",\"flammes\",\"Les\",\"Portugal\",\"revoir\",\"rouges\"],\"articleSection\":[\"Belgique\"],\"inLanguage\":\"fr-BE\"},{\"@type\":\"WebPage\",\"@id\":\"https:\/\/vieassociative.be\/actualites\/les-flammes-rouges-disent-au-revoir-au-portugal-du-championnat-deurope-feminin\/\",\"url\":\"https:\/\/vieassociative.be\/actualites\/les-flammes-rouges-disent-au-revoir-au-portugal-du-championnat-deurope-feminin\/\",\"name\":\"Les flammes rouges disent au revoir au Portugal du Championnat d'Europe f\u00e9minin | Vie Associative\",\"isPartOf\":{\"@id\":\"https:\/\/vieassociative.be\/actualites\/#website\"},\"primaryImageOfPage\":{\"@id\":\"https:\/\/vieassociative.be\/actualites\/les-flammes-rouges-disent-au-revoir-au-portugal-du-championnat-deurope-feminin\/#primaryimage\"},\"image\":{\"@id\":\"https:\/\/vieassociative.be\/actualites\/les-flammes-rouges-disent-au-revoir-au-portugal-du-championnat-deurope-feminin\/#primaryimage\"},\"thumbnailUrl\":\"https:\/\/vieassociative.be\/actualites\/wp-content\/uploads\/2025\/07\/1752286645_Les-flammes-rouges-disent-au-revoir-au-Portugal-du-Championnat.jpg\",\"datePublished\":\"2025-07-12T02:17:24+00:00\",\"dateModified\":\"2025-07-12T02:17:24+00:00\",\"breadcrumb\":{\"@id\":\"https:\/\/vieassociative.be\/actualites\/les-flammes-rouges-disent-au-revoir-au-portugal-du-championnat-deurope-feminin\/#breadcrumb\"},\"inLanguage\":\"fr-BE\",\"potentialAction\":[{\"@type\":\"ReadAction\",\"target\":[\"https:\/\/vieassociative.be\/actualites\/les-flammes-rouges-disent-au-revoir-au-portugal-du-championnat-deurope-feminin\/\"]}]},{\"@type\":\"ImageObject\",\"inLanguage\":\"fr-BE\",\"@id\":\"https:\/\/vieassociative.be\/actualites\/les-flammes-rouges-disent-au-revoir-au-portugal-du-championnat-deurope-feminin\/#primaryimage\",\"url\":\"https:\/\/vieassociative.be\/actualites\/wp-content\/uploads\/2025\/07\/1752286645_Les-flammes-rouges-disent-au-revoir-au-Portugal-du-Championnat.jpg\",\"contentUrl\":\"https:\/\/vieassociative.be\/actualites\/wp-content\/uploads\/2025\/07\/1752286645_Les-flammes-rouges-disent-au-revoir-au-Portugal-du-Championnat.jpg\",\"width\":1200,\"height\":800,\"caption\":\"Les flammes rouges disent au revoir au Portugal du Championnat d'Europe f\u00e9minin\"},{\"@type\":\"BreadcrumbList\",\"@id\":\"https:\/\/vieassociative.be\/actualites\/les-flammes-rouges-disent-au-revoir-au-portugal-du-championnat-deurope-feminin\/#breadcrumb\",\"itemListElement\":[{\"@type\":\"ListItem\",\"position\":1,\"name\":\"Accueil\",\"item\":\"https:\/\/vieassociative.be\/actualites\/\"},{\"@type\":\"ListItem\",\"position\":2,\"name\":\"Les flammes rouges disent au revoir au Portugal du Championnat d&rsquo;Europe f\u00e9minin\"}]},{\"@type\":\"WebSite\",\"@id\":\"https:\/\/vieassociative.be\/actualites\/#website\",\"url\":\"https:\/\/vieassociative.be\/actualites\/\",\"name\":\"Vie Associative\",\"description\":\"\",\"publisher\":{\"@id\":\"https:\/\/vieassociative.be\/actualites\/#organization\"},\"potentialAction\":[{\"@type\":\"SearchAction\",\"target\":{\"@type\":\"EntryPoint\",\"urlTemplate\":\"https:\/\/vieassociative.be\/actualites\/?s={search_term_string}\"},\"query-input\":{\"@type\":\"PropertyValueSpecification\",\"valueRequired\":true,\"valueName\":\"search_term_string\"}}],\"inLanguage\":\"fr-BE\"},{\"@type\":\"Organization\",\"@id\":\"https:\/\/vieassociative.be\/actualites\/#organization\",\"name\":\"Vie Associative\",\"url\":\"https:\/\/vieassociative.be\/actualites\/\",\"logo\":{\"@type\":\"ImageObject\",\"inLanguage\":\"fr-BE\",\"@id\":\"https:\/\/vieassociative.be\/actualites\/#\/schema\/logo\/image\/\",\"url\":\"https:\/\/vieassociative.be\/actualites\/wp-content\/uploads\/2024\/09\/cropped-vieassociative_favicon.ico.png\",\"contentUrl\":\"https:\/\/vieassociative.be\/actualites\/wp-content\/uploads\/2024\/09\/cropped-vieassociative_favicon.ico.png\",\"width\":512,\"height\":512,\"caption\":\"Vie Associative\"},\"image\":{\"@id\":\"https:\/\/vieassociative.be\/actualites\/#\/schema\/logo\/image\/\"}},{\"@type\":\"Person\",\"@id\":\"https:\/\/vieassociative.be\/actualites\/#\/schema\/person\/b87ac4f82f9d4e7b7cec7395b679edc4\",\"name\":\"Julien\",\"image\":{\"@type\":\"ImageObject\",\"inLanguage\":\"fr-BE\",\"@id\":\"https:\/\/vieassociative.be\/actualites\/#\/schema\/person\/image\/\",\"url\":\"https:\/\/vieassociative.be\/actualites\/wp-content\/uploads\/2024\/09\/vie-associative-1-150x150.jpg\",\"contentUrl\":\"https:\/\/vieassociative.be\/actualites\/wp-content\/uploads\/2024\/09\/vie-associative-1-150x150.jpg\",\"caption\":\"Julien\"},\"description\":\"Je suis Julien, r\u00e9dacteur pour Vie Associative. Passionn\u00e9 par le monde associatif depuis plus de 10 ans, j'ai \u00e0 c\u0153ur de partager des histoires inspirantes et de mettre en lumi\u00e8re les initiatives locales. Mon objectif est de sensibiliser et d'encourager l'engagement communautaire \u00e0 travers mes articles.\",\"sameAs\":[\"https:\/\/vieassociative.be\/\"]}]}<\/script>\n<!-- \/ Yoast SEO plugin. -->","yoast_head_json":{"title":"Les flammes rouges disent au revoir au Portugal du Championnat d'Europe f\u00e9minin | Vie Associative","robots":{"index":"index","follow":"follow","max-snippet":"max-snippet:-1","max-image-preview":"max-image-preview:large","max-video-preview":"max-video-preview:-1"},"canonical":"https:\/\/vieassociative.be\/actualites\/les-flammes-rouges-disent-au-revoir-au-portugal-du-championnat-deurope-feminin\/","og_locale":"fr_FR","og_type":"article","og_title":"Les flammes rouges disent au revoir au Portugal du Championnat d'Europe f\u00e9minin | Vie Associative","og_description":"Sauver l&rsquo;honneur: c&rsquo;\u00e9tait la devise des flammes rouges contre le Portugal vendredi soir apr\u00e8s avoir eu deux d\u00e9faites en autant de matchs au championnat d&rsquo;Europe.","og_url":"https:\/\/vieassociative.be\/actualites\/les-flammes-rouges-disent-au-revoir-au-portugal-du-championnat-deurope-feminin\/","og_site_name":"Vie Associative","article_published_time":"2025-07-12T02:17:24+00:00","og_image":[{"width":279,"height":92,"url":"https:\/\/vieassociative.be\/actualites\/wp-content\/uploads\/2024\/09\/header_backgroundk-01-e1726694325946.png","type":"image\/png"}],"author":"Julien","twitter_card":"summary_large_image","twitter_misc":{"\u00c9crit par":"Julien","Dur\u00e9e de lecture est.":"2 minutes"},"schema":{"@context":"https:\/\/schema.org","@graph":[{"@type":"Article","@id":"https:\/\/vieassociative.be\/actualites\/les-flammes-rouges-disent-au-revoir-au-portugal-du-championnat-deurope-feminin\/#article","isPartOf":{"@id":"https:\/\/vieassociative.be\/actualites\/les-flammes-rouges-disent-au-revoir-au-portugal-du-championnat-deurope-feminin\/"},"author":{"name":"Julien","@id":"https:\/\/vieassociative.be\/actualites\/#\/schema\/person\/b87ac4f82f9d4e7b7cec7395b679edc4"},"headline":"Les flammes rouges disent au revoir au Portugal du Championnat d&rsquo;Europe f\u00e9minin","datePublished":"2025-07-12T02:17:24+00:00","dateModified":"2025-07-12T02:17:24+00:00","mainEntityOfPage":{"@id":"https:\/\/vieassociative.be\/actualites\/les-flammes-rouges-disent-au-revoir-au-portugal-du-championnat-deurope-feminin\/"},"wordCount":449,"publisher":{"@id":"https:\/\/vieassociative.be\/actualites\/#organization"},"image":{"@id":"https:\/\/vieassociative.be\/actualites\/les-flammes-rouges-disent-au-revoir-au-portugal-du-championnat-deurope-feminin\/#primaryimage"},"thumbnailUrl":"https:\/\/vieassociative.be\/actualites\/wp-content\/uploads\/2025\/07\/1752286645_Les-flammes-rouges-disent-au-revoir-au-Portugal-du-Championnat.jpg","keywords":["Championnat","dEurope","disent","f\u00e9minin","flammes","Les","Portugal","revoir","rouges"],"articleSection":["Belgique"],"inLanguage":"fr-BE"},{"@type":"WebPage","@id":"https:\/\/vieassociative.be\/actualites\/les-flammes-rouges-disent-au-revoir-au-portugal-du-championnat-deurope-feminin\/","url":"https:\/\/vieassociative.be\/actualites\/les-flammes-rouges-disent-au-revoir-au-portugal-du-championnat-deurope-feminin\/","name":"Les flammes rouges disent au revoir au Portugal du Championnat d'Europe f\u00e9minin | Vie Associative","isPartOf":{"@id":"https:\/\/vieassociative.be\/actualites\/#website"},"primaryImageOfPage":{"@id":"https:\/\/vieassociative.be\/actualites\/les-flammes-rouges-disent-au-revoir-au-portugal-du-championnat-deurope-feminin\/#primaryimage"},"image":{"@id":"https:\/\/vieassociative.be\/actualites\/les-flammes-rouges-disent-au-revoir-au-portugal-du-championnat-deurope-feminin\/#primaryimage"},"thumbnailUrl":"https:\/\/vieassociative.be\/actualites\/wp-content\/uploads\/2025\/07\/1752286645_Les-flammes-rouges-disent-au-revoir-au-Portugal-du-Championnat.jpg","datePublished":"2025-07-12T02:17:24+00:00","dateModified":"2025-07-12T02:17:24+00:00","breadcrumb":{"@id":"https:\/\/vieassociative.be\/actualites\/les-flammes-rouges-disent-au-revoir-au-portugal-du-championnat-deurope-feminin\/#breadcrumb"},"inLanguage":"fr-BE","potentialAction":[{"@type":"ReadAction","target":["https:\/\/vieassociative.be\/actualites\/les-flammes-rouges-disent-au-revoir-au-portugal-du-championnat-deurope-feminin\/"]}]},{"@type":"ImageObject","inLanguage":"fr-BE","@id":"https:\/\/vieassociative.be\/actualites\/les-flammes-rouges-disent-au-revoir-au-portugal-du-championnat-deurope-feminin\/#primaryimage","url":"https:\/\/vieassociative.be\/actualites\/wp-content\/uploads\/2025\/07\/1752286645_Les-flammes-rouges-disent-au-revoir-au-Portugal-du-Championnat.jpg","contentUrl":"https:\/\/vieassociative.be\/actualites\/wp-content\/uploads\/2025\/07\/1752286645_Les-flammes-rouges-disent-au-revoir-au-Portugal-du-Championnat.jpg","width":1200,"height":800,"caption":"Les flammes rouges disent au revoir au Portugal du Championnat d'Europe f\u00e9minin"},{"@type":"BreadcrumbList","@id":"https:\/\/vieassociative.be\/actualites\/les-flammes-rouges-disent-au-revoir-au-portugal-du-championnat-deurope-feminin\/#breadcrumb","itemListElement":[{"@type":"ListItem","position":1,"name":"Accueil","item":"https:\/\/vieassociative.be\/actualites\/"},{"@type":"ListItem","position":2,"name":"Les flammes rouges disent au revoir au Portugal du Championnat d&rsquo;Europe f\u00e9minin"}]},{"@type":"WebSite","@id":"https:\/\/vieassociative.be\/actualites\/#website","url":"https:\/\/vieassociative.be\/actualites\/","name":"Vie Associative","description":"","publisher":{"@id":"https:\/\/vieassociative.be\/actualites\/#organization"},"potentialAction":[{"@type":"SearchAction","target":{"@type":"EntryPoint","urlTemplate":"https:\/\/vieassociative.be\/actualites\/?s={search_term_string}"},"query-input":{"@type":"PropertyValueSpecification","valueRequired":true,"valueName":"search_term_string"}}],"inLanguage":"fr-BE"},{"@type":"Organization","@id":"https:\/\/vieassociative.be\/actualites\/#organization","name":"Vie Associative","url":"https:\/\/vieassociative.be\/actualites\/","logo":{"@type":"ImageObject","inLanguage":"fr-BE","@id":"https:\/\/vieassociative.be\/actualites\/#\/schema\/logo\/image\/","url":"https:\/\/vieassociative.be\/actualites\/wp-content\/uploads\/2024\/09\/cropped-vieassociative_favicon.ico.png","contentUrl":"https:\/\/vieassociative.be\/actualites\/wp-content\/uploads\/2024\/09\/cropped-vieassociative_favicon.ico.png","width":512,"height":512,"caption":"Vie Associative"},"image":{"@id":"https:\/\/vieassociative.be\/actualites\/#\/schema\/logo\/image\/"}},{"@type":"Person","@id":"https:\/\/vieassociative.be\/actualites\/#\/schema\/person\/b87ac4f82f9d4e7b7cec7395b679edc4","name":"Julien","image":{"@type":"ImageObject","inLanguage":"fr-BE","@id":"https:\/\/vieassociative.be\/actualites\/#\/schema\/person\/image\/","url":"https:\/\/vieassociative.be\/actualites\/wp-content\/uploads\/2024\/09\/vie-associative-1-150x150.jpg","contentUrl":"https:\/\/vieassociative.be\/actualites\/wp-content\/uploads\/2024\/09\/vie-associative-1-150x150.jpg","caption":"Julien"},"description":"Je suis Julien, r\u00e9dacteur pour Vie Associative. Passionn\u00e9 par le monde associatif depuis plus de 10 ans, j'ai \u00e0 c\u0153ur de partager des histoires inspirantes et de mettre en lumi\u00e8re les initiatives locales. Mon objectif est de sensibiliser et d'encourager l'engagement communautaire \u00e0 travers mes articles.","sameAs":["https:\/\/vieassociative.be\/"]}]}},"_links":{"self":[{"href":"https:\/\/vieassociative.be\/actualites\/wp-json\/wp\/v2\/posts\/8693"}],"collection":[{"href":"https:\/\/vieassociative.be\/actualites\/wp-json\/wp\/v2\/posts"}],"about":[{"href":"https:\/\/vieassociative.be\/actualites\/wp-json\/wp\/v2\/types\/post"}],"author":[{"embeddable":true,"href":"https:\/\/vieassociative.be\/actualites\/wp-json\/wp\/v2\/users\/1"}],"replies":[{"embeddable":true,"href":"https:\/\/vieassociative.be\/actualites\/wp-json\/wp\/v2\/comments?post=8693"}],"version-history":[{"count":0,"href":"https:\/\/vieassociative.be\/actualites\/wp-json\/wp\/v2\/posts\/8693\/revisions"}],"wp:featuredmedia":[{"embeddable":true,"href":"https:\/\/vieassociative.be\/actualites\/wp-json\/wp\/v2\/media\/8694"}],"wp:attachment":[{"href":"https:\/\/vieassociative.be\/actualites\/wp-json\/wp\/v2\/media?parent=8693"}],"wp:term":[{"taxonomy":"category","embeddable":true,"href":"https:\/\/vieassociative.be\/actualites\/wp-json\/wp\/v2\/categories?post=8693"},{"taxonomy":"post_tag","embeddable":true,"href":"https:\/\/vieassociative.be\/actualites\/wp-json\/wp\/v2\/tags?post=8693"}],"curies":[{"name":"wp","href":"https:\/\/api.w.org\/{rel}","templated":true}]}}