{"id":8683,"date":"2025-07-11T16:17:34","date_gmt":"2025-07-11T14:17:34","guid":{"rendered":"https:\/\/vieassociative.be\/actualites\/alors-que-eupen-soccupe-enfin-des-renforts-un-buteur-et-un-lion-passent-au-kehrweg\/"},"modified":"2025-07-11T16:17:34","modified_gmt":"2025-07-11T14:17:34","slug":"alors-que-eupen-soccupe-enfin-des-renforts-un-buteur-et-un-lion-passent-au-kehrweg","status":"publish","type":"post","link":"https:\/\/vieassociative.be\/actualites\/alors-que-eupen-soccupe-enfin-des-renforts-un-buteur-et-un-lion-passent-au-kehrweg\/","title":{"rendered":"Alors que Eupen s&rsquo;occupe enfin des renforts: un buteur et un \u00ab\u00a0lion\u00a0\u00bb passent au Kehrweg"},"content":{"rendered":"<p><strong>Pr\u00e8s d&rsquo;un mois avant le d\u00e9but du championnat dans la Challenger Pro League, l&rsquo;As Eupen fait enfin quelque chose pour renforcer l&rsquo;\u00e9quipe pour la nouvelle saison.<\/strong><\/p>\n<p><span id=\"more-419794\"><\/span>Apr\u00e8s avoir obtenu un nouvel entra\u00eeneur avec Bruno Pinheiro, se s\u00e9parant d&rsquo;un certain nombre de joueurs dont le contrat a expir\u00e9 fin juin et a prolong\u00e9 le contrat pour certains autres professionnels, les nouveaux arrivants sont enfin engag\u00e9s.<\/p>\n<p>Comme l&rsquo;a annonc\u00e9 le plus haut club de football belge oriental, l&rsquo;attaquant allemand Daniel Kasper a \u00e9t\u00e9 contract\u00e9 pendant les deux prochaines ann\u00e9es. Le joueur de 23 ans vient du club de deuxi\u00e8me division Greuther F\u00fcrth et a sign\u00e9 un contrat \u00e0 Eupen jusqu&rsquo;au 30 juin 2027. Avec 18 buts en 21 missions, il a \u00e9t\u00e9 meilleur buteur de la r\u00e9gion de la r\u00e9gion de la r\u00e9gion de la r\u00e9gion.<\/p>\n<div id=\"attachment_419802\" class=\"wp-caption alignleft\" style=\"max-width: 300px\"><img fetchpriority=\"high\" decoding=\"async\" class=\"wp-image-419802 size-medium\" src=\"https:\/\/vieassociative.be\/actualites\/wp-content\/uploads\/2025\/07\/Alors-que-Eupen-soccupe-enfin-des-renforts-un-buteur-et.jpg\" alt=\"\" width=\"300\" height=\"200\"  ><\/p>\n<p class=\"wp-caption-text\">11.05.2025, Lower Saxe, Hanovre: Daniel Kasper (L) de F\u00fcrth joue contre Jannik Dehm de Hanovre. Photo: Swen Pf\u00f6rtner \/ DPA<\/p>\n<\/div>\n<p>Daniel Kasper est n\u00e9 le 23 juin 2002 et s&rsquo;est form\u00e9 au d\u00e9partement de la jeunesse de Darmstadt 98. De 2021 \u00e0 2024, il a jou\u00e9 pour des vers de wormaties. Pour le Palatinat, il a marqu\u00e9 29 buts en tant que jeune talent \u00e0 Oberliga et dans la ligue r\u00e9gionale en 80 missions et a donn\u00e9 13 buts.<\/p>\n<p>En 2024, le passage \u00e0 l&rsquo;\u00e9quipe U23 de Greuther F\u00fcrth. Dans la ligue r\u00e9gionale du Bayern, il a confirm\u00e9 ses qualit\u00e9s de buteur. \u00c0 la fin de la saison, il a fait le saut dans la Greuther une \u00e9quipe et a \u00e9t\u00e9 utilis\u00e9 trois fois dans la 2e Bundesliga.<\/p>\n<p>Daniel Kasper avait obtenu la reconnaissance dans toutes les stations de sa carri\u00e8re pr\u00e9c\u00e9dente en tant que centre pr\u00e9cis en avant avec une pr\u00e9sence \u00e9lev\u00e9e dans la zone de p\u00e9nalit\u00e9, un instinct d&rsquo;objectif prononc\u00e9 et un excellent taux de succ\u00e8s, selon l&rsquo;AS. Avec sa taille de 1,88, il est fort et un combattant infatigable. Avec son d\u00e9m\u00e9nagement en tant qu&rsquo;Eupen, il voulait passer la prochaine \u00e9tape de sa carri\u00e8re et d\u00e9montre maintenant \u00e9galement ses qualit\u00e9s dans la Challenger Pro League.<\/p>\n<p>L&rsquo;AD a \u00e9galement sign\u00e9 le gardien allemand Marco Hiller. Le joueur de 28 ans qui passe du Club de troisi\u00e8me division 1860 Munich \u00e0 As, dans lequel il a sign\u00e9 un contrat de deux ans d&rsquo;ici le 30 juin 2027.<\/p>\n<\/p>\n<div id=\"attachment_419803\" class=\"wp-caption alignleft\" style=\"max-width: 300px\"><img decoding=\"async\" class=\"wp-image-419803 size-medium\" src=\"https:\/\/vieassociative.be\/actualites\/wp-content\/uploads\/2025\/07\/1752243454_798_Alors-que-Eupen-soccupe-enfin-des-renforts-un-buteur-et.jpg\" alt=\"\" width=\"300\" height=\"226\"><\/p>\n<p class=\"wp-caption-text\">16\/02\/2025, Saxe, Dresde: le gardien de Munich Marco Hiller joue le ballon. Marco Hiller quitte le \u00ab\u00a0lion\u00a0\u00bb. Photo: Robert Michael \/ DPA<\/p>\n<\/div>\n<p>Marco Hiller est n\u00e9 le 20 f\u00e9vrier 1997 et s&rsquo;est entra\u00een\u00e9 \u00e0 1860 Munich. Du d\u00e9partement des jeunes \u00e0 l&rsquo;\u00e9quipe U23, il a termin\u00e9 toute sa carri\u00e8re avec le \u00ab\u00a0L\u00f6wen\u00a0\u00bb. Depuis la saison 2017\/2018, il est un gardien de but r\u00e9gulier fiable du TSV 1860 Munich \u00e0 260 matchs de la ligue r\u00e9gionale et depuis la promotion en 2018.<\/p>\n<p>Marco Hiller a toujours \u00e9t\u00e9 l&rsquo;un des meilleurs gardiens de but de sa ligue et \u00e9tait une foule absolue \u00e0 Munich. Il a contest\u00e9 son dernier match pour le champion allemand de 1966 il y a pr\u00e8s de deux mois le 17 mai 2025 au 1-1 contre Erzgebirge Aue. Chez As Eupen, Marco Hiller recherche un nouveau d\u00e9fi dans la Challenger Pro League.<\/p>\n<p>Le nouveau venu de l&rsquo;AS Eupen a d&rsquo;excellents r\u00e9flexes et r\u00e9actions, a-t-il d\u00e9clar\u00e9. \u00abAvec son exp\u00e9rience, sa force mentale et son engagement, il a toujours \u00e9t\u00e9 un soutien s\u00fbr de sa d\u00e9fense et sera remarquable\u00bb, a d\u00e9clar\u00e9 l&rsquo;AS.<\/p>\n<p>Au d\u00e9but de la saison, l&rsquo;\u00e9quipe de l&rsquo;entra\u00eeneur en chef Bruno Pinheiro contestera un match d&rsquo;essai loin du SV Eintracht Trier de la Ligue r\u00e9gionale S\u00fcdwest ce samedi 12 juillet \u00e0 14 h. <\/p>\n<p>Le AS a m\u00eame annonc\u00e9 un troisi\u00e8me nouvel ajout vendredi. Apr\u00e8s une s\u00e9ance de formation d&rsquo;essai r\u00e9ussie, le milieu de terrain allemand de 23 ans Mark M\u00fcller a \u00e9t\u00e9 embauch\u00e9. Il passe de la deuxi\u00e8me \u00e9quipe d&rsquo;Eintracht Frankfurt (Regionalliga S\u00fcdwest) aux \u00ab\u00a0Pandas\u00a0\u00bb et a sign\u00e9 un contrat de deux ans \u00e0 Eupen d&rsquo;ici le 30 juin 2027. Le nouveau joueur est un concepteur de jeux techniquement exp\u00e9riment\u00e9 qui peut \u00eatre utilis\u00e9 dans plusieurs postes du milieu offensif, selon l&rsquo;AS. (Cre)<\/p>\n","protected":false},"excerpt":{"rendered":"<p>Pr\u00e8s d&rsquo;un mois avant le d\u00e9but du championnat dans la Challenger Pro League, l&rsquo;As Eupen fait enfin quelque chose pour renforcer l&rsquo;\u00e9quipe pour la nouvelle<\/p>\n","protected":false},"author":1,"featured_media":8684,"comment_status":"","ping_status":"","sticky":false,"template":"","format":"standard","meta":{"footnotes":""},"categories":[298],"tags":[422,7712,29,545,2329,2500,4064,7713,7711,7710],"class_list":["post-8683","post","type-post","status-publish","format-standard","has-post-thumbnail","hentry","category-belgique","tag-alors","tag-buteur","tag-des","tag-enfin","tag-eupen","tag-kehrweg","tag-lion","tag-passent","tag-renforts","tag-soccupe","generate-columns","tablet-grid-50","mobile-grid-100","grid-parent","grid-33"],"yoast_head":"<!-- This site is optimized with the Yoast SEO plugin v24.0 - https:\/\/yoast.com\/wordpress\/plugins\/seo\/ -->\n<title>Alors que Eupen s&#039;occupe enfin des renforts: un buteur et un &quot;lion&quot; passent au Kehrweg | Vie Associative<\/title>\n<meta name=\"robots\" content=\"index, follow, max-snippet:-1, max-image-preview:large, max-video-preview:-1\" \/>\n<link rel=\"canonical\" href=\"https:\/\/vieassociative.be\/actualites\/alors-que-eupen-soccupe-enfin-des-renforts-un-buteur-et-un-lion-passent-au-kehrweg\/\" \/>\n<meta property=\"og:locale\" content=\"fr_FR\" \/>\n<meta property=\"og:type\" content=\"article\" \/>\n<meta property=\"og:title\" content=\"Alors que Eupen s&#039;occupe enfin des renforts: un buteur et un &quot;lion&quot; passent au Kehrweg | Vie Associative\" \/>\n<meta property=\"og:description\" content=\"Pr\u00e8s d&rsquo;un mois avant le d\u00e9but du championnat dans la Challenger Pro League, l&rsquo;As Eupen fait enfin quelque chose pour renforcer l&rsquo;\u00e9quipe pour la nouvelle\" \/>\n<meta property=\"og:url\" content=\"https:\/\/vieassociative.be\/actualites\/alors-que-eupen-soccupe-enfin-des-renforts-un-buteur-et-un-lion-passent-au-kehrweg\/\" \/>\n<meta property=\"og:site_name\" content=\"Vie Associative\" \/>\n<meta property=\"article:published_time\" content=\"2025-07-11T14:17:34+00:00\" \/>\n<meta property=\"og:image\" content=\"https:\/\/vieassociative.be\/actualites\/wp-content\/uploads\/2024\/09\/header_backgroundk-01-e1726694325946.png\" \/>\n\t<meta property=\"og:image:width\" content=\"279\" \/>\n\t<meta property=\"og:image:height\" content=\"92\" \/>\n\t<meta property=\"og:image:type\" content=\"image\/png\" \/>\n<meta name=\"author\" content=\"Julien\" \/>\n<meta name=\"twitter:card\" content=\"summary_large_image\" \/>\n<meta name=\"twitter:label1\" content=\"\u00c9crit par\" \/>\n\t<meta name=\"twitter:data1\" content=\"Julien\" \/>\n\t<meta name=\"twitter:label2\" content=\"Dur\u00e9e de lecture est.\" \/>\n\t<meta name=\"twitter:data2\" content=\"3 minutes\" \/>\n<script type=\"application\/ld+json\" class=\"yoast-schema-graph\">{\"@context\":\"https:\/\/schema.org\",\"@graph\":[{\"@type\":\"Article\",\"@id\":\"https:\/\/vieassociative.be\/actualites\/alors-que-eupen-soccupe-enfin-des-renforts-un-buteur-et-un-lion-passent-au-kehrweg\/#article\",\"isPartOf\":{\"@id\":\"https:\/\/vieassociative.be\/actualites\/alors-que-eupen-soccupe-enfin-des-renforts-un-buteur-et-un-lion-passent-au-kehrweg\/\"},\"author\":{\"name\":\"Julien\",\"@id\":\"https:\/\/vieassociative.be\/actualites\/#\/schema\/person\/b87ac4f82f9d4e7b7cec7395b679edc4\"},\"headline\":\"Alors que Eupen s&rsquo;occupe enfin des renforts: un buteur et un \u00ab\u00a0lion\u00a0\u00bb passent au Kehrweg\",\"datePublished\":\"2025-07-11T14:17:34+00:00\",\"dateModified\":\"2025-07-11T14:17:34+00:00\",\"mainEntityOfPage\":{\"@id\":\"https:\/\/vieassociative.be\/actualites\/alors-que-eupen-soccupe-enfin-des-renforts-un-buteur-et-un-lion-passent-au-kehrweg\/\"},\"wordCount\":733,\"publisher\":{\"@id\":\"https:\/\/vieassociative.be\/actualites\/#organization\"},\"image\":{\"@id\":\"https:\/\/vieassociative.be\/actualites\/alors-que-eupen-soccupe-enfin-des-renforts-un-buteur-et-un-lion-passent-au-kehrweg\/#primaryimage\"},\"thumbnailUrl\":\"https:\/\/vieassociative.be\/actualites\/wp-content\/uploads\/2025\/07\/1752243455_Alors-que-Eupen-soccupe-enfin-des-renforts-un-buteur-et.jpg\",\"keywords\":[\"Alors\",\"buteur\",\"Des\",\"enfin\",\"Eupen\",\"Kehrweg\",\"lion\",\"passent\",\"renforts\",\"soccupe\"],\"articleSection\":[\"Belgique\"],\"inLanguage\":\"fr-BE\"},{\"@type\":\"WebPage\",\"@id\":\"https:\/\/vieassociative.be\/actualites\/alors-que-eupen-soccupe-enfin-des-renforts-un-buteur-et-un-lion-passent-au-kehrweg\/\",\"url\":\"https:\/\/vieassociative.be\/actualites\/alors-que-eupen-soccupe-enfin-des-renforts-un-buteur-et-un-lion-passent-au-kehrweg\/\",\"name\":\"Alors que Eupen s'occupe enfin des renforts: un buteur et un \\\"lion\\\" passent au Kehrweg | Vie Associative\",\"isPartOf\":{\"@id\":\"https:\/\/vieassociative.be\/actualites\/#website\"},\"primaryImageOfPage\":{\"@id\":\"https:\/\/vieassociative.be\/actualites\/alors-que-eupen-soccupe-enfin-des-renforts-un-buteur-et-un-lion-passent-au-kehrweg\/#primaryimage\"},\"image\":{\"@id\":\"https:\/\/vieassociative.be\/actualites\/alors-que-eupen-soccupe-enfin-des-renforts-un-buteur-et-un-lion-passent-au-kehrweg\/#primaryimage\"},\"thumbnailUrl\":\"https:\/\/vieassociative.be\/actualites\/wp-content\/uploads\/2025\/07\/1752243455_Alors-que-Eupen-soccupe-enfin-des-renforts-un-buteur-et.jpg\",\"datePublished\":\"2025-07-11T14:17:34+00:00\",\"dateModified\":\"2025-07-11T14:17:34+00:00\",\"breadcrumb\":{\"@id\":\"https:\/\/vieassociative.be\/actualites\/alors-que-eupen-soccupe-enfin-des-renforts-un-buteur-et-un-lion-passent-au-kehrweg\/#breadcrumb\"},\"inLanguage\":\"fr-BE\",\"potentialAction\":[{\"@type\":\"ReadAction\",\"target\":[\"https:\/\/vieassociative.be\/actualites\/alors-que-eupen-soccupe-enfin-des-renforts-un-buteur-et-un-lion-passent-au-kehrweg\/\"]}]},{\"@type\":\"ImageObject\",\"inLanguage\":\"fr-BE\",\"@id\":\"https:\/\/vieassociative.be\/actualites\/alors-que-eupen-soccupe-enfin-des-renforts-un-buteur-et-un-lion-passent-au-kehrweg\/#primaryimage\",\"url\":\"https:\/\/vieassociative.be\/actualites\/wp-content\/uploads\/2025\/07\/1752243455_Alors-que-Eupen-soccupe-enfin-des-renforts-un-buteur-et.jpg\",\"contentUrl\":\"https:\/\/vieassociative.be\/actualites\/wp-content\/uploads\/2025\/07\/1752243455_Alors-que-Eupen-soccupe-enfin-des-renforts-un-buteur-et.jpg\",\"width\":1200,\"height\":800,\"caption\":\"Alors que Eupen s'occupe enfin des renforts: un buteur et un \\\"lion\\\" passent au Kehrweg\"},{\"@type\":\"BreadcrumbList\",\"@id\":\"https:\/\/vieassociative.be\/actualites\/alors-que-eupen-soccupe-enfin-des-renforts-un-buteur-et-un-lion-passent-au-kehrweg\/#breadcrumb\",\"itemListElement\":[{\"@type\":\"ListItem\",\"position\":1,\"name\":\"Accueil\",\"item\":\"https:\/\/vieassociative.be\/actualites\/\"},{\"@type\":\"ListItem\",\"position\":2,\"name\":\"Alors que Eupen s&rsquo;occupe enfin des renforts: un buteur et un \u00ab\u00a0lion\u00a0\u00bb passent au Kehrweg\"}]},{\"@type\":\"WebSite\",\"@id\":\"https:\/\/vieassociative.be\/actualites\/#website\",\"url\":\"https:\/\/vieassociative.be\/actualites\/\",\"name\":\"Vie Associative\",\"description\":\"\",\"publisher\":{\"@id\":\"https:\/\/vieassociative.be\/actualites\/#organization\"},\"potentialAction\":[{\"@type\":\"SearchAction\",\"target\":{\"@type\":\"EntryPoint\",\"urlTemplate\":\"https:\/\/vieassociative.be\/actualites\/?s={search_term_string}\"},\"query-input\":{\"@type\":\"PropertyValueSpecification\",\"valueRequired\":true,\"valueName\":\"search_term_string\"}}],\"inLanguage\":\"fr-BE\"},{\"@type\":\"Organization\",\"@id\":\"https:\/\/vieassociative.be\/actualites\/#organization\",\"name\":\"Vie Associative\",\"url\":\"https:\/\/vieassociative.be\/actualites\/\",\"logo\":{\"@type\":\"ImageObject\",\"inLanguage\":\"fr-BE\",\"@id\":\"https:\/\/vieassociative.be\/actualites\/#\/schema\/logo\/image\/\",\"url\":\"https:\/\/vieassociative.be\/actualites\/wp-content\/uploads\/2024\/09\/cropped-vieassociative_favicon.ico.png\",\"contentUrl\":\"https:\/\/vieassociative.be\/actualites\/wp-content\/uploads\/2024\/09\/cropped-vieassociative_favicon.ico.png\",\"width\":512,\"height\":512,\"caption\":\"Vie Associative\"},\"image\":{\"@id\":\"https:\/\/vieassociative.be\/actualites\/#\/schema\/logo\/image\/\"}},{\"@type\":\"Person\",\"@id\":\"https:\/\/vieassociative.be\/actualites\/#\/schema\/person\/b87ac4f82f9d4e7b7cec7395b679edc4\",\"name\":\"Julien\",\"image\":{\"@type\":\"ImageObject\",\"inLanguage\":\"fr-BE\",\"@id\":\"https:\/\/vieassociative.be\/actualites\/#\/schema\/person\/image\/\",\"url\":\"https:\/\/vieassociative.be\/actualites\/wp-content\/uploads\/2024\/09\/vie-associative-1-150x150.jpg\",\"contentUrl\":\"https:\/\/vieassociative.be\/actualites\/wp-content\/uploads\/2024\/09\/vie-associative-1-150x150.jpg\",\"caption\":\"Julien\"},\"description\":\"Je suis Julien, r\u00e9dacteur pour Vie Associative. Passionn\u00e9 par le monde associatif depuis plus de 10 ans, j'ai \u00e0 c\u0153ur de partager des histoires inspirantes et de mettre en lumi\u00e8re les initiatives locales. Mon objectif est de sensibiliser et d'encourager l'engagement communautaire \u00e0 travers mes articles.\",\"sameAs\":[\"https:\/\/vieassociative.be\/\"]}]}<\/script>\n<!-- \/ Yoast SEO plugin. -->","yoast_head_json":{"title":"Alors que Eupen s'occupe enfin des renforts: un buteur et un \"lion\" passent au Kehrweg | Vie Associative","robots":{"index":"index","follow":"follow","max-snippet":"max-snippet:-1","max-image-preview":"max-image-preview:large","max-video-preview":"max-video-preview:-1"},"canonical":"https:\/\/vieassociative.be\/actualites\/alors-que-eupen-soccupe-enfin-des-renforts-un-buteur-et-un-lion-passent-au-kehrweg\/","og_locale":"fr_FR","og_type":"article","og_title":"Alors que Eupen s'occupe enfin des renforts: un buteur et un \"lion\" passent au Kehrweg | Vie Associative","og_description":"Pr\u00e8s d&rsquo;un mois avant le d\u00e9but du championnat dans la Challenger Pro League, l&rsquo;As Eupen fait enfin quelque chose pour renforcer l&rsquo;\u00e9quipe pour la nouvelle","og_url":"https:\/\/vieassociative.be\/actualites\/alors-que-eupen-soccupe-enfin-des-renforts-un-buteur-et-un-lion-passent-au-kehrweg\/","og_site_name":"Vie Associative","article_published_time":"2025-07-11T14:17:34+00:00","og_image":[{"width":279,"height":92,"url":"https:\/\/vieassociative.be\/actualites\/wp-content\/uploads\/2024\/09\/header_backgroundk-01-e1726694325946.png","type":"image\/png"}],"author":"Julien","twitter_card":"summary_large_image","twitter_misc":{"\u00c9crit par":"Julien","Dur\u00e9e de lecture est.":"3 minutes"},"schema":{"@context":"https:\/\/schema.org","@graph":[{"@type":"Article","@id":"https:\/\/vieassociative.be\/actualites\/alors-que-eupen-soccupe-enfin-des-renforts-un-buteur-et-un-lion-passent-au-kehrweg\/#article","isPartOf":{"@id":"https:\/\/vieassociative.be\/actualites\/alors-que-eupen-soccupe-enfin-des-renforts-un-buteur-et-un-lion-passent-au-kehrweg\/"},"author":{"name":"Julien","@id":"https:\/\/vieassociative.be\/actualites\/#\/schema\/person\/b87ac4f82f9d4e7b7cec7395b679edc4"},"headline":"Alors que Eupen s&rsquo;occupe enfin des renforts: un buteur et un \u00ab\u00a0lion\u00a0\u00bb passent au Kehrweg","datePublished":"2025-07-11T14:17:34+00:00","dateModified":"2025-07-11T14:17:34+00:00","mainEntityOfPage":{"@id":"https:\/\/vieassociative.be\/actualites\/alors-que-eupen-soccupe-enfin-des-renforts-un-buteur-et-un-lion-passent-au-kehrweg\/"},"wordCount":733,"publisher":{"@id":"https:\/\/vieassociative.be\/actualites\/#organization"},"image":{"@id":"https:\/\/vieassociative.be\/actualites\/alors-que-eupen-soccupe-enfin-des-renforts-un-buteur-et-un-lion-passent-au-kehrweg\/#primaryimage"},"thumbnailUrl":"https:\/\/vieassociative.be\/actualites\/wp-content\/uploads\/2025\/07\/1752243455_Alors-que-Eupen-soccupe-enfin-des-renforts-un-buteur-et.jpg","keywords":["Alors","buteur","Des","enfin","Eupen","Kehrweg","lion","passent","renforts","soccupe"],"articleSection":["Belgique"],"inLanguage":"fr-BE"},{"@type":"WebPage","@id":"https:\/\/vieassociative.be\/actualites\/alors-que-eupen-soccupe-enfin-des-renforts-un-buteur-et-un-lion-passent-au-kehrweg\/","url":"https:\/\/vieassociative.be\/actualites\/alors-que-eupen-soccupe-enfin-des-renforts-un-buteur-et-un-lion-passent-au-kehrweg\/","name":"Alors que Eupen s'occupe enfin des renforts: un buteur et un \"lion\" passent au Kehrweg | Vie Associative","isPartOf":{"@id":"https:\/\/vieassociative.be\/actualites\/#website"},"primaryImageOfPage":{"@id":"https:\/\/vieassociative.be\/actualites\/alors-que-eupen-soccupe-enfin-des-renforts-un-buteur-et-un-lion-passent-au-kehrweg\/#primaryimage"},"image":{"@id":"https:\/\/vieassociative.be\/actualites\/alors-que-eupen-soccupe-enfin-des-renforts-un-buteur-et-un-lion-passent-au-kehrweg\/#primaryimage"},"thumbnailUrl":"https:\/\/vieassociative.be\/actualites\/wp-content\/uploads\/2025\/07\/1752243455_Alors-que-Eupen-soccupe-enfin-des-renforts-un-buteur-et.jpg","datePublished":"2025-07-11T14:17:34+00:00","dateModified":"2025-07-11T14:17:34+00:00","breadcrumb":{"@id":"https:\/\/vieassociative.be\/actualites\/alors-que-eupen-soccupe-enfin-des-renforts-un-buteur-et-un-lion-passent-au-kehrweg\/#breadcrumb"},"inLanguage":"fr-BE","potentialAction":[{"@type":"ReadAction","target":["https:\/\/vieassociative.be\/actualites\/alors-que-eupen-soccupe-enfin-des-renforts-un-buteur-et-un-lion-passent-au-kehrweg\/"]}]},{"@type":"ImageObject","inLanguage":"fr-BE","@id":"https:\/\/vieassociative.be\/actualites\/alors-que-eupen-soccupe-enfin-des-renforts-un-buteur-et-un-lion-passent-au-kehrweg\/#primaryimage","url":"https:\/\/vieassociative.be\/actualites\/wp-content\/uploads\/2025\/07\/1752243455_Alors-que-Eupen-soccupe-enfin-des-renforts-un-buteur-et.jpg","contentUrl":"https:\/\/vieassociative.be\/actualites\/wp-content\/uploads\/2025\/07\/1752243455_Alors-que-Eupen-soccupe-enfin-des-renforts-un-buteur-et.jpg","width":1200,"height":800,"caption":"Alors que Eupen s'occupe enfin des renforts: un buteur et un \"lion\" passent au Kehrweg"},{"@type":"BreadcrumbList","@id":"https:\/\/vieassociative.be\/actualites\/alors-que-eupen-soccupe-enfin-des-renforts-un-buteur-et-un-lion-passent-au-kehrweg\/#breadcrumb","itemListElement":[{"@type":"ListItem","position":1,"name":"Accueil","item":"https:\/\/vieassociative.be\/actualites\/"},{"@type":"ListItem","position":2,"name":"Alors que Eupen s&rsquo;occupe enfin des renforts: un buteur et un \u00ab\u00a0lion\u00a0\u00bb passent au Kehrweg"}]},{"@type":"WebSite","@id":"https:\/\/vieassociative.be\/actualites\/#website","url":"https:\/\/vieassociative.be\/actualites\/","name":"Vie Associative","description":"","publisher":{"@id":"https:\/\/vieassociative.be\/actualites\/#organization"},"potentialAction":[{"@type":"SearchAction","target":{"@type":"EntryPoint","urlTemplate":"https:\/\/vieassociative.be\/actualites\/?s={search_term_string}"},"query-input":{"@type":"PropertyValueSpecification","valueRequired":true,"valueName":"search_term_string"}}],"inLanguage":"fr-BE"},{"@type":"Organization","@id":"https:\/\/vieassociative.be\/actualites\/#organization","name":"Vie Associative","url":"https:\/\/vieassociative.be\/actualites\/","logo":{"@type":"ImageObject","inLanguage":"fr-BE","@id":"https:\/\/vieassociative.be\/actualites\/#\/schema\/logo\/image\/","url":"https:\/\/vieassociative.be\/actualites\/wp-content\/uploads\/2024\/09\/cropped-vieassociative_favicon.ico.png","contentUrl":"https:\/\/vieassociative.be\/actualites\/wp-content\/uploads\/2024\/09\/cropped-vieassociative_favicon.ico.png","width":512,"height":512,"caption":"Vie Associative"},"image":{"@id":"https:\/\/vieassociative.be\/actualites\/#\/schema\/logo\/image\/"}},{"@type":"Person","@id":"https:\/\/vieassociative.be\/actualites\/#\/schema\/person\/b87ac4f82f9d4e7b7cec7395b679edc4","name":"Julien","image":{"@type":"ImageObject","inLanguage":"fr-BE","@id":"https:\/\/vieassociative.be\/actualites\/#\/schema\/person\/image\/","url":"https:\/\/vieassociative.be\/actualites\/wp-content\/uploads\/2024\/09\/vie-associative-1-150x150.jpg","contentUrl":"https:\/\/vieassociative.be\/actualites\/wp-content\/uploads\/2024\/09\/vie-associative-1-150x150.jpg","caption":"Julien"},"description":"Je suis Julien, r\u00e9dacteur pour Vie Associative. Passionn\u00e9 par le monde associatif depuis plus de 10 ans, j'ai \u00e0 c\u0153ur de partager des histoires inspirantes et de mettre en lumi\u00e8re les initiatives locales. Mon objectif est de sensibiliser et d'encourager l'engagement communautaire \u00e0 travers mes articles.","sameAs":["https:\/\/vieassociative.be\/"]}]}},"_links":{"self":[{"href":"https:\/\/vieassociative.be\/actualites\/wp-json\/wp\/v2\/posts\/8683"}],"collection":[{"href":"https:\/\/vieassociative.be\/actualites\/wp-json\/wp\/v2\/posts"}],"about":[{"href":"https:\/\/vieassociative.be\/actualites\/wp-json\/wp\/v2\/types\/post"}],"author":[{"embeddable":true,"href":"https:\/\/vieassociative.be\/actualites\/wp-json\/wp\/v2\/users\/1"}],"replies":[{"embeddable":true,"href":"https:\/\/vieassociative.be\/actualites\/wp-json\/wp\/v2\/comments?post=8683"}],"version-history":[{"count":0,"href":"https:\/\/vieassociative.be\/actualites\/wp-json\/wp\/v2\/posts\/8683\/revisions"}],"wp:featuredmedia":[{"embeddable":true,"href":"https:\/\/vieassociative.be\/actualites\/wp-json\/wp\/v2\/media\/8684"}],"wp:attachment":[{"href":"https:\/\/vieassociative.be\/actualites\/wp-json\/wp\/v2\/media?parent=8683"}],"wp:term":[{"taxonomy":"category","embeddable":true,"href":"https:\/\/vieassociative.be\/actualites\/wp-json\/wp\/v2\/categories?post=8683"},{"taxonomy":"post_tag","embeddable":true,"href":"https:\/\/vieassociative.be\/actualites\/wp-json\/wp\/v2\/tags?post=8683"}],"curies":[{"name":"wp","href":"https:\/\/api.w.org\/{rel}","templated":true}]}}