{"id":868,"date":"2024-10-05T07:21:57","date_gmt":"2024-10-05T05:21:57","guid":{"rendered":"https:\/\/vieassociative.be\/actualites\/le-statut-de-lexoneration-des-prets-etudiants-vient-de-changer-a-nouveau-encore\/"},"modified":"2024-10-05T07:21:57","modified_gmt":"2024-10-05T05:21:57","slug":"le-statut-de-lexoneration-des-prets-etudiants-vient-de-changer-a-nouveau-encore","status":"publish","type":"post","link":"https:\/\/vieassociative.be\/actualites\/le-statut-de-lexoneration-des-prets-etudiants-vient-de-changer-a-nouveau-encore\/","title":{"rendered":"Le statut de l\u2019exon\u00e9ration des pr\u00eats \u00e9tudiants vient de changer \u00e0 nouveau (encore)"},"content":{"rendered":"<div class=\"mt-4 leading-6 md:mb-8\">L\u2019administration Biden-Harris est confront\u00e9e \u00e0 un autre obstacle dans la mise en \u0153uvre de son plan d\u2019exon\u00e9ration des pr\u00eats \u00e9tudiants.<\/div>\n<p><\/p>\n<p>Mercredi, dans ce qui semblait \u00eatre une victoire modeste pour l\u2019administration Biden, un juge f\u00e9d\u00e9ral a autoris\u00e9 l\u2019expiration d\u2019une ordonnance d\u2019interdiction temporaire contre le nouveau plan d\u2019exon\u00e9ration des pr\u00eats \u00e9tudiants. Cette d\u00e9cision permettrait \u00e0 l\u2019administration de finaliser la r\u00e8gle, apportant potentiellement un soulagement \u00e0 des dizaines de millions d\u2019Am\u00e9ricains accabl\u00e9s par la dette \u00e9tudiante, quelques semaines seulement avant les \u00e9lections de novembre. <\/p>\n<p>Cette nouvelle prometteuse a \u00e9t\u00e9 de courte dur\u00e9e : jeudi, un juge de district am\u00e9ricain de St Louis a une fois de plus bloqu\u00e9 temporairement le plan d&rsquo;exon\u00e9ration des pr\u00eats \u00e9tudiants. Voici ce qu\u2019il faut savoir sur cet obstacle et sur le chemin incertain \u00e0 suivre pour l\u2019annulation des pr\u00eats \u00e9tudiants.<\/p>\n<h2 id=\"what-this-news-means-for-you\">Ce que cette nouvelle signifie pour vous<\/h2>\n<p>Le coup de fouet juridique actuel d\u00e9coule d&rsquo;un proc\u00e8s intent\u00e9 en septembre par sept \u00c9tats dirig\u00e9s par les r\u00e9publicains pour mettre fin \u00e0 la nouvelle r\u00e8gle d&rsquo;exon\u00e9ration des pr\u00eats \u00e9tudiants de l&rsquo;administration Biden. En allant encore plus loin, cette r\u00e8gle \u00e9tait une tentative de contourner la d\u00e9cision pr\u00e9c\u00e9dente de la Cour supr\u00eame contre le projet de Biden. <em>original <\/em>plan radical d\u2019annulation des pr\u00eats \u00e9tudiants.<\/p>\n<p>Mercredi, un juge f\u00e9d\u00e9ral de G\u00e9orgie a d\u00e9cid\u00e9 qu&rsquo;une ordonnance d&rsquo;interdiction temporaire, qui avait interrompu le programme, devait expirer. L\u2019expiration de l\u2019ordonnance d\u2019interdiction marque une avanc\u00e9e prometteuse pour le programme, qui vise \u00e0 fournir un all\u00e9gement de la dette plus restreint et plus cibl\u00e9 que son pr\u00e9d\u00e9cesseur. <\/p>\n<p>Jeudi, le tribunal du Missouri est intervenu pour suspendre le programme avant qu&rsquo;il n&rsquo;entre en vigueur. Le juge bas\u00e9 \u00e0 Saint-Louis a \u00e9mis une injonction pr\u00e9liminaire bloquant \u00ab l\u2019annulation massive \u00bb des pr\u00eats \u00e9tudiants et annulant le principal ou les int\u00e9r\u00eats dans le cadre du plan, en attendant l\u2019issue de ce proc\u00e8s men\u00e9 par les r\u00e9publicains.<\/p>\n<p>Sans ces obstacles, la d\u00e9cision de mercredi permettrait \u00e0 l\u2019administration Biden-Harris d\u2019aller de l\u2019avant avec un all\u00e8gement de la dette \u00e0 l\u2019approche des \u00e9lections de novembre. Le plan propos\u00e9 offre un all\u00e9gement partiel ou total de la dette aux emprunteurs dans les circonstances suivantes\u00a0: <\/p>\n<ul>\n<li>\n<p>Les emprunteurs qui doivent plus qu\u2019au d\u00e9but du remboursement<\/p>\n<\/li>\n<li>\n<p>Ceux qui ont inscrit le remboursement sur leur <em>premier cycle<\/em> pr\u00eats au plus tard le 1er juillet 2005<\/p>\n<\/li>\n<li>\n<p>Ceux qui ont inscrit le remboursement sur leur <em>dipl\u00f4m\u00e9<\/em> pr\u00eats au plus tard le 1er juillet 2000<\/p>\n<\/li>\n<li>\n<p>Les personnes qui sont d\u00e9j\u00e0 \u00e9ligibles \u00e0 l&rsquo;exon\u00e9ration de leur pr\u00eat \u00e9tudiant dans le cadre de l&rsquo;un des programmes gouvernementaux existants, mais qui n&rsquo;ont tout simplement pas encore fait de demande.<\/p>\n<\/li>\n<li>\n<p>\u00c9tudiants issus de programmes \u00e0 \u00ab faible valeur financi\u00e8re \u00bb<\/p>\n<\/li>\n<\/ul>\n<p>En r\u00e9sum\u00e9 : le chemin \u00e0 parcourir reste incertain. La nouvelle de mercredi repr\u00e9sente une \u00e9tape vers une remise limit\u00e9e des pr\u00eats, mais comme toujours, l&rsquo;administration est confront\u00e9e \u00e0 un paysage juridique complexe. Les semaines \u00e0 venir d\u00e9termineront probablement si cette nouvelle approche plus cibl\u00e9e peut r\u00e9sister \u00e0 l\u2019examen minutieux des tribunaux et apporter l\u2019all\u00e9gement promis aux emprunteurs \u00e9tudiants.<\/p>\n<p><em>Cet article a \u00e9t\u00e9 initialement publi\u00e9 le 3 octobre 2024 et mis \u00e0 jour le 4 octobre pour refl\u00e9ter la derni\u00e8re d\u00e9cision.<\/em><\/p>\n","protected":false},"excerpt":{"rendered":"<p>L\u2019administration Biden-Harris est confront\u00e9e \u00e0 un autre obstacle dans la mise en \u0153uvre de son plan d\u2019exon\u00e9ration des pr\u00eats \u00e9tudiants. Mercredi, dans ce qui semblait<\/p>\n","protected":false},"author":1,"featured_media":869,"comment_status":"","ping_status":"","sticky":false,"template":"","format":"standard","meta":{"footnotes":""},"categories":[41],"tags":[1360,29,592,1359,1357,553,1358,1356,1213],"class_list":["post-868","post","type-post","status-publish","format-standard","has-post-thumbnail","hentry","category-argent","tag-changer","tag-des","tag-encore","tag-etudiants","tag-lexoneration","tag-nouveau","tag-prets","tag-statut","tag-vient","generate-columns","tablet-grid-50","mobile-grid-100","grid-parent","grid-33"],"yoast_head":"<!-- This site is optimized with the Yoast SEO plugin v24.0 - https:\/\/yoast.com\/wordpress\/plugins\/seo\/ -->\n<title>Le statut de l\u2019exon\u00e9ration des pr\u00eats \u00e9tudiants vient de changer \u00e0 nouveau (encore) | Vie Associative<\/title>\n<meta name=\"robots\" content=\"index, follow, max-snippet:-1, max-image-preview:large, max-video-preview:-1\" \/>\n<link rel=\"canonical\" href=\"https:\/\/vieassociative.be\/actualites\/le-statut-de-lexoneration-des-prets-etudiants-vient-de-changer-a-nouveau-encore\/\" \/>\n<meta property=\"og:locale\" content=\"fr_FR\" \/>\n<meta property=\"og:type\" content=\"article\" \/>\n<meta property=\"og:title\" content=\"Le statut de l\u2019exon\u00e9ration des pr\u00eats \u00e9tudiants vient de changer \u00e0 nouveau (encore) | Vie Associative\" \/>\n<meta property=\"og:description\" content=\"L\u2019administration Biden-Harris est confront\u00e9e \u00e0 un autre obstacle dans la mise en \u0153uvre de son plan d\u2019exon\u00e9ration des pr\u00eats \u00e9tudiants. Mercredi, dans ce qui semblait\" \/>\n<meta property=\"og:url\" content=\"https:\/\/vieassociative.be\/actualites\/le-statut-de-lexoneration-des-prets-etudiants-vient-de-changer-a-nouveau-encore\/\" \/>\n<meta property=\"og:site_name\" content=\"Vie Associative\" \/>\n<meta property=\"article:published_time\" content=\"2024-10-05T05:21:57+00:00\" \/>\n<meta property=\"og:image\" content=\"https:\/\/vieassociative.be\/actualites\/wp-content\/uploads\/2024\/09\/header_backgroundk-01-e1726694325946.png\" \/>\n\t<meta property=\"og:image:width\" content=\"279\" \/>\n\t<meta property=\"og:image:height\" content=\"92\" \/>\n\t<meta property=\"og:image:type\" content=\"image\/png\" \/>\n<meta name=\"author\" content=\"Julien\" \/>\n<meta name=\"twitter:card\" content=\"summary_large_image\" \/>\n<meta name=\"twitter:label1\" content=\"\u00c9crit par\" \/>\n\t<meta name=\"twitter:data1\" content=\"Julien\" \/>\n\t<meta name=\"twitter:label2\" content=\"Dur\u00e9e de lecture est.\" \/>\n\t<meta name=\"twitter:data2\" content=\"3 minutes\" \/>\n<script type=\"application\/ld+json\" class=\"yoast-schema-graph\">{\"@context\":\"https:\/\/schema.org\",\"@graph\":[{\"@type\":\"Article\",\"@id\":\"https:\/\/vieassociative.be\/actualites\/le-statut-de-lexoneration-des-prets-etudiants-vient-de-changer-a-nouveau-encore\/#article\",\"isPartOf\":{\"@id\":\"https:\/\/vieassociative.be\/actualites\/le-statut-de-lexoneration-des-prets-etudiants-vient-de-changer-a-nouveau-encore\/\"},\"author\":{\"name\":\"Julien\",\"@id\":\"https:\/\/vieassociative.be\/actualites\/#\/schema\/person\/b87ac4f82f9d4e7b7cec7395b679edc4\"},\"headline\":\"Le statut de l\u2019exon\u00e9ration des pr\u00eats \u00e9tudiants vient de changer \u00e0 nouveau (encore)\",\"datePublished\":\"2024-10-05T05:21:57+00:00\",\"dateModified\":\"2024-10-05T05:21:57+00:00\",\"mainEntityOfPage\":{\"@id\":\"https:\/\/vieassociative.be\/actualites\/le-statut-de-lexoneration-des-prets-etudiants-vient-de-changer-a-nouveau-encore\/\"},\"wordCount\":607,\"publisher\":{\"@id\":\"https:\/\/vieassociative.be\/actualites\/#organization\"},\"image\":{\"@id\":\"https:\/\/vieassociative.be\/actualites\/le-statut-de-lexoneration-des-prets-etudiants-vient-de-changer-a-nouveau-encore\/#primaryimage\"},\"thumbnailUrl\":\"https:\/\/vieassociative.be\/actualites\/wp-content\/uploads\/2024\/10\/Le-statut-de-lexoneration-des-prets-etudiants-vient-de-changer.png\",\"keywords\":[\"changer\",\"Des\",\"encore\",\"\u00e9tudiants\",\"lexon\u00e9ration\",\"nouveau\",\"pr\u00eats\",\"statut\",\"vient\"],\"articleSection\":[\"Argent\"],\"inLanguage\":\"fr-BE\"},{\"@type\":\"WebPage\",\"@id\":\"https:\/\/vieassociative.be\/actualites\/le-statut-de-lexoneration-des-prets-etudiants-vient-de-changer-a-nouveau-encore\/\",\"url\":\"https:\/\/vieassociative.be\/actualites\/le-statut-de-lexoneration-des-prets-etudiants-vient-de-changer-a-nouveau-encore\/\",\"name\":\"Le statut de l\u2019exon\u00e9ration des pr\u00eats \u00e9tudiants vient de changer \u00e0 nouveau (encore) | Vie Associative\",\"isPartOf\":{\"@id\":\"https:\/\/vieassociative.be\/actualites\/#website\"},\"primaryImageOfPage\":{\"@id\":\"https:\/\/vieassociative.be\/actualites\/le-statut-de-lexoneration-des-prets-etudiants-vient-de-changer-a-nouveau-encore\/#primaryimage\"},\"image\":{\"@id\":\"https:\/\/vieassociative.be\/actualites\/le-statut-de-lexoneration-des-prets-etudiants-vient-de-changer-a-nouveau-encore\/#primaryimage\"},\"thumbnailUrl\":\"https:\/\/vieassociative.be\/actualites\/wp-content\/uploads\/2024\/10\/Le-statut-de-lexoneration-des-prets-etudiants-vient-de-changer.png\",\"datePublished\":\"2024-10-05T05:21:57+00:00\",\"dateModified\":\"2024-10-05T05:21:57+00:00\",\"breadcrumb\":{\"@id\":\"https:\/\/vieassociative.be\/actualites\/le-statut-de-lexoneration-des-prets-etudiants-vient-de-changer-a-nouveau-encore\/#breadcrumb\"},\"inLanguage\":\"fr-BE\",\"potentialAction\":[{\"@type\":\"ReadAction\",\"target\":[\"https:\/\/vieassociative.be\/actualites\/le-statut-de-lexoneration-des-prets-etudiants-vient-de-changer-a-nouveau-encore\/\"]}]},{\"@type\":\"ImageObject\",\"inLanguage\":\"fr-BE\",\"@id\":\"https:\/\/vieassociative.be\/actualites\/le-statut-de-lexoneration-des-prets-etudiants-vient-de-changer-a-nouveau-encore\/#primaryimage\",\"url\":\"https:\/\/vieassociative.be\/actualites\/wp-content\/uploads\/2024\/10\/Le-statut-de-lexoneration-des-prets-etudiants-vient-de-changer.png\",\"contentUrl\":\"https:\/\/vieassociative.be\/actualites\/wp-content\/uploads\/2024\/10\/Le-statut-de-lexoneration-des-prets-etudiants-vient-de-changer.png\",\"width\":1200,\"height\":675,\"caption\":\"Le statut de l\u2019exon\u00e9ration des pr\u00eats \u00e9tudiants vient de changer \u00e0 nouveau (encore)\"},{\"@type\":\"BreadcrumbList\",\"@id\":\"https:\/\/vieassociative.be\/actualites\/le-statut-de-lexoneration-des-prets-etudiants-vient-de-changer-a-nouveau-encore\/#breadcrumb\",\"itemListElement\":[{\"@type\":\"ListItem\",\"position\":1,\"name\":\"Accueil\",\"item\":\"https:\/\/vieassociative.be\/actualites\/\"},{\"@type\":\"ListItem\",\"position\":2,\"name\":\"Le statut de l\u2019exon\u00e9ration des pr\u00eats \u00e9tudiants vient de changer \u00e0 nouveau (encore)\"}]},{\"@type\":\"WebSite\",\"@id\":\"https:\/\/vieassociative.be\/actualites\/#website\",\"url\":\"https:\/\/vieassociative.be\/actualites\/\",\"name\":\"Vie Associative\",\"description\":\"\",\"publisher\":{\"@id\":\"https:\/\/vieassociative.be\/actualites\/#organization\"},\"potentialAction\":[{\"@type\":\"SearchAction\",\"target\":{\"@type\":\"EntryPoint\",\"urlTemplate\":\"https:\/\/vieassociative.be\/actualites\/?s={search_term_string}\"},\"query-input\":{\"@type\":\"PropertyValueSpecification\",\"valueRequired\":true,\"valueName\":\"search_term_string\"}}],\"inLanguage\":\"fr-BE\"},{\"@type\":\"Organization\",\"@id\":\"https:\/\/vieassociative.be\/actualites\/#organization\",\"name\":\"Vie Associative\",\"url\":\"https:\/\/vieassociative.be\/actualites\/\",\"logo\":{\"@type\":\"ImageObject\",\"inLanguage\":\"fr-BE\",\"@id\":\"https:\/\/vieassociative.be\/actualites\/#\/schema\/logo\/image\/\",\"url\":\"https:\/\/vieassociative.be\/actualites\/wp-content\/uploads\/2024\/09\/cropped-vieassociative_favicon.ico.png\",\"contentUrl\":\"https:\/\/vieassociative.be\/actualites\/wp-content\/uploads\/2024\/09\/cropped-vieassociative_favicon.ico.png\",\"width\":512,\"height\":512,\"caption\":\"Vie Associative\"},\"image\":{\"@id\":\"https:\/\/vieassociative.be\/actualites\/#\/schema\/logo\/image\/\"}},{\"@type\":\"Person\",\"@id\":\"https:\/\/vieassociative.be\/actualites\/#\/schema\/person\/b87ac4f82f9d4e7b7cec7395b679edc4\",\"name\":\"Julien\",\"image\":{\"@type\":\"ImageObject\",\"inLanguage\":\"fr-BE\",\"@id\":\"https:\/\/vieassociative.be\/actualites\/#\/schema\/person\/image\/\",\"url\":\"https:\/\/vieassociative.be\/actualites\/wp-content\/uploads\/2024\/09\/vie-associative-1-150x150.jpg\",\"contentUrl\":\"https:\/\/vieassociative.be\/actualites\/wp-content\/uploads\/2024\/09\/vie-associative-1-150x150.jpg\",\"caption\":\"Julien\"},\"description\":\"Je suis Julien, r\u00e9dacteur pour Vie Associative. Passionn\u00e9 par le monde associatif depuis plus de 10 ans, j'ai \u00e0 c\u0153ur de partager des histoires inspirantes et de mettre en lumi\u00e8re les initiatives locales. Mon objectif est de sensibiliser et d'encourager l'engagement communautaire \u00e0 travers mes articles.\",\"sameAs\":[\"https:\/\/vieassociative.be\/\"]}]}<\/script>\n<!-- \/ Yoast SEO plugin. -->","yoast_head_json":{"title":"Le statut de l\u2019exon\u00e9ration des pr\u00eats \u00e9tudiants vient de changer \u00e0 nouveau (encore) | Vie Associative","robots":{"index":"index","follow":"follow","max-snippet":"max-snippet:-1","max-image-preview":"max-image-preview:large","max-video-preview":"max-video-preview:-1"},"canonical":"https:\/\/vieassociative.be\/actualites\/le-statut-de-lexoneration-des-prets-etudiants-vient-de-changer-a-nouveau-encore\/","og_locale":"fr_FR","og_type":"article","og_title":"Le statut de l\u2019exon\u00e9ration des pr\u00eats \u00e9tudiants vient de changer \u00e0 nouveau (encore) | Vie Associative","og_description":"L\u2019administration Biden-Harris est confront\u00e9e \u00e0 un autre obstacle dans la mise en \u0153uvre de son plan d\u2019exon\u00e9ration des pr\u00eats \u00e9tudiants. Mercredi, dans ce qui semblait","og_url":"https:\/\/vieassociative.be\/actualites\/le-statut-de-lexoneration-des-prets-etudiants-vient-de-changer-a-nouveau-encore\/","og_site_name":"Vie Associative","article_published_time":"2024-10-05T05:21:57+00:00","og_image":[{"width":279,"height":92,"url":"https:\/\/vieassociative.be\/actualites\/wp-content\/uploads\/2024\/09\/header_backgroundk-01-e1726694325946.png","type":"image\/png"}],"author":"Julien","twitter_card":"summary_large_image","twitter_misc":{"\u00c9crit par":"Julien","Dur\u00e9e de lecture est.":"3 minutes"},"schema":{"@context":"https:\/\/schema.org","@graph":[{"@type":"Article","@id":"https:\/\/vieassociative.be\/actualites\/le-statut-de-lexoneration-des-prets-etudiants-vient-de-changer-a-nouveau-encore\/#article","isPartOf":{"@id":"https:\/\/vieassociative.be\/actualites\/le-statut-de-lexoneration-des-prets-etudiants-vient-de-changer-a-nouveau-encore\/"},"author":{"name":"Julien","@id":"https:\/\/vieassociative.be\/actualites\/#\/schema\/person\/b87ac4f82f9d4e7b7cec7395b679edc4"},"headline":"Le statut de l\u2019exon\u00e9ration des pr\u00eats \u00e9tudiants vient de changer \u00e0 nouveau (encore)","datePublished":"2024-10-05T05:21:57+00:00","dateModified":"2024-10-05T05:21:57+00:00","mainEntityOfPage":{"@id":"https:\/\/vieassociative.be\/actualites\/le-statut-de-lexoneration-des-prets-etudiants-vient-de-changer-a-nouveau-encore\/"},"wordCount":607,"publisher":{"@id":"https:\/\/vieassociative.be\/actualites\/#organization"},"image":{"@id":"https:\/\/vieassociative.be\/actualites\/le-statut-de-lexoneration-des-prets-etudiants-vient-de-changer-a-nouveau-encore\/#primaryimage"},"thumbnailUrl":"https:\/\/vieassociative.be\/actualites\/wp-content\/uploads\/2024\/10\/Le-statut-de-lexoneration-des-prets-etudiants-vient-de-changer.png","keywords":["changer","Des","encore","\u00e9tudiants","lexon\u00e9ration","nouveau","pr\u00eats","statut","vient"],"articleSection":["Argent"],"inLanguage":"fr-BE"},{"@type":"WebPage","@id":"https:\/\/vieassociative.be\/actualites\/le-statut-de-lexoneration-des-prets-etudiants-vient-de-changer-a-nouveau-encore\/","url":"https:\/\/vieassociative.be\/actualites\/le-statut-de-lexoneration-des-prets-etudiants-vient-de-changer-a-nouveau-encore\/","name":"Le statut de l\u2019exon\u00e9ration des pr\u00eats \u00e9tudiants vient de changer \u00e0 nouveau (encore) | Vie Associative","isPartOf":{"@id":"https:\/\/vieassociative.be\/actualites\/#website"},"primaryImageOfPage":{"@id":"https:\/\/vieassociative.be\/actualites\/le-statut-de-lexoneration-des-prets-etudiants-vient-de-changer-a-nouveau-encore\/#primaryimage"},"image":{"@id":"https:\/\/vieassociative.be\/actualites\/le-statut-de-lexoneration-des-prets-etudiants-vient-de-changer-a-nouveau-encore\/#primaryimage"},"thumbnailUrl":"https:\/\/vieassociative.be\/actualites\/wp-content\/uploads\/2024\/10\/Le-statut-de-lexoneration-des-prets-etudiants-vient-de-changer.png","datePublished":"2024-10-05T05:21:57+00:00","dateModified":"2024-10-05T05:21:57+00:00","breadcrumb":{"@id":"https:\/\/vieassociative.be\/actualites\/le-statut-de-lexoneration-des-prets-etudiants-vient-de-changer-a-nouveau-encore\/#breadcrumb"},"inLanguage":"fr-BE","potentialAction":[{"@type":"ReadAction","target":["https:\/\/vieassociative.be\/actualites\/le-statut-de-lexoneration-des-prets-etudiants-vient-de-changer-a-nouveau-encore\/"]}]},{"@type":"ImageObject","inLanguage":"fr-BE","@id":"https:\/\/vieassociative.be\/actualites\/le-statut-de-lexoneration-des-prets-etudiants-vient-de-changer-a-nouveau-encore\/#primaryimage","url":"https:\/\/vieassociative.be\/actualites\/wp-content\/uploads\/2024\/10\/Le-statut-de-lexoneration-des-prets-etudiants-vient-de-changer.png","contentUrl":"https:\/\/vieassociative.be\/actualites\/wp-content\/uploads\/2024\/10\/Le-statut-de-lexoneration-des-prets-etudiants-vient-de-changer.png","width":1200,"height":675,"caption":"Le statut de l\u2019exon\u00e9ration des pr\u00eats \u00e9tudiants vient de changer \u00e0 nouveau (encore)"},{"@type":"BreadcrumbList","@id":"https:\/\/vieassociative.be\/actualites\/le-statut-de-lexoneration-des-prets-etudiants-vient-de-changer-a-nouveau-encore\/#breadcrumb","itemListElement":[{"@type":"ListItem","position":1,"name":"Accueil","item":"https:\/\/vieassociative.be\/actualites\/"},{"@type":"ListItem","position":2,"name":"Le statut de l\u2019exon\u00e9ration des pr\u00eats \u00e9tudiants vient de changer \u00e0 nouveau (encore)"}]},{"@type":"WebSite","@id":"https:\/\/vieassociative.be\/actualites\/#website","url":"https:\/\/vieassociative.be\/actualites\/","name":"Vie Associative","description":"","publisher":{"@id":"https:\/\/vieassociative.be\/actualites\/#organization"},"potentialAction":[{"@type":"SearchAction","target":{"@type":"EntryPoint","urlTemplate":"https:\/\/vieassociative.be\/actualites\/?s={search_term_string}"},"query-input":{"@type":"PropertyValueSpecification","valueRequired":true,"valueName":"search_term_string"}}],"inLanguage":"fr-BE"},{"@type":"Organization","@id":"https:\/\/vieassociative.be\/actualites\/#organization","name":"Vie Associative","url":"https:\/\/vieassociative.be\/actualites\/","logo":{"@type":"ImageObject","inLanguage":"fr-BE","@id":"https:\/\/vieassociative.be\/actualites\/#\/schema\/logo\/image\/","url":"https:\/\/vieassociative.be\/actualites\/wp-content\/uploads\/2024\/09\/cropped-vieassociative_favicon.ico.png","contentUrl":"https:\/\/vieassociative.be\/actualites\/wp-content\/uploads\/2024\/09\/cropped-vieassociative_favicon.ico.png","width":512,"height":512,"caption":"Vie Associative"},"image":{"@id":"https:\/\/vieassociative.be\/actualites\/#\/schema\/logo\/image\/"}},{"@type":"Person","@id":"https:\/\/vieassociative.be\/actualites\/#\/schema\/person\/b87ac4f82f9d4e7b7cec7395b679edc4","name":"Julien","image":{"@type":"ImageObject","inLanguage":"fr-BE","@id":"https:\/\/vieassociative.be\/actualites\/#\/schema\/person\/image\/","url":"https:\/\/vieassociative.be\/actualites\/wp-content\/uploads\/2024\/09\/vie-associative-1-150x150.jpg","contentUrl":"https:\/\/vieassociative.be\/actualites\/wp-content\/uploads\/2024\/09\/vie-associative-1-150x150.jpg","caption":"Julien"},"description":"Je suis Julien, r\u00e9dacteur pour Vie Associative. Passionn\u00e9 par le monde associatif depuis plus de 10 ans, j'ai \u00e0 c\u0153ur de partager des histoires inspirantes et de mettre en lumi\u00e8re les initiatives locales. Mon objectif est de sensibiliser et d'encourager l'engagement communautaire \u00e0 travers mes articles.","sameAs":["https:\/\/vieassociative.be\/"]}]}},"_links":{"self":[{"href":"https:\/\/vieassociative.be\/actualites\/wp-json\/wp\/v2\/posts\/868"}],"collection":[{"href":"https:\/\/vieassociative.be\/actualites\/wp-json\/wp\/v2\/posts"}],"about":[{"href":"https:\/\/vieassociative.be\/actualites\/wp-json\/wp\/v2\/types\/post"}],"author":[{"embeddable":true,"href":"https:\/\/vieassociative.be\/actualites\/wp-json\/wp\/v2\/users\/1"}],"replies":[{"embeddable":true,"href":"https:\/\/vieassociative.be\/actualites\/wp-json\/wp\/v2\/comments?post=868"}],"version-history":[{"count":0,"href":"https:\/\/vieassociative.be\/actualites\/wp-json\/wp\/v2\/posts\/868\/revisions"}],"wp:featuredmedia":[{"embeddable":true,"href":"https:\/\/vieassociative.be\/actualites\/wp-json\/wp\/v2\/media\/869"}],"wp:attachment":[{"href":"https:\/\/vieassociative.be\/actualites\/wp-json\/wp\/v2\/media?parent=868"}],"wp:term":[{"taxonomy":"category","embeddable":true,"href":"https:\/\/vieassociative.be\/actualites\/wp-json\/wp\/v2\/categories?post=868"},{"taxonomy":"post_tag","embeddable":true,"href":"https:\/\/vieassociative.be\/actualites\/wp-json\/wp\/v2\/tags?post=868"}],"curies":[{"name":"wp","href":"https:\/\/api.w.org\/{rel}","templated":true}]}}