{"id":8677,"date":"2025-07-11T10:19:48","date_gmt":"2025-07-11T08:19:48","guid":{"rendered":"https:\/\/vieassociative.be\/actualites\/le-groupe-vivant-veut-tout-savoir-question-de-diana-stiel-a-oliver-paasch-aux-frais-des-telephones-cellulaires-de-service\/"},"modified":"2025-07-11T10:19:48","modified_gmt":"2025-07-11T08:19:48","slug":"le-groupe-vivant-veut-tout-savoir-question-de-diana-stiel-a-oliver-paasch-aux-frais-des-telephones-cellulaires-de-service","status":"publish","type":"post","link":"https:\/\/vieassociative.be\/actualites\/le-groupe-vivant-veut-tout-savoir-question-de-diana-stiel-a-oliver-paasch-aux-frais-des-telephones-cellulaires-de-service\/","title":{"rendered":"Le groupe Vivant veut tout savoir: Question de Diana Stiel \u00e0 Oliver Paasch aux frais des t\u00e9l\u00e9phones cellulaires de service"},"content":{"rendered":"<p><strong>En ce qui concerne les postes des politiciens de la DG ou d&rsquo;autres d\u00e9penses, un parti belge oriental est principalement \u00e0 la hauteur de la forme sup\u00e9rieure: le groupe vivant. Dans la DG, c&rsquo;est quelque chose comme le gouvernement f\u00e9d\u00e9ral des contribuables en Allemagne.<\/strong><\/p>\n<p><span id=\"more-419637\"><\/span>Apr\u00e8s que le chef du groupe parlementaire Michael Balter, le Premier ministre Oliver Paasch (ProDG) sur les cabinets minist\u00e9riels, les co\u00fbts de la journ\u00e9e du festival de la DG ou du monast\u00e8re de Heidberg, et pour l&rsquo;achat de l&rsquo;Emmaburg, de son coll\u00e8gue parlementaire Diana Stiel voulait maintenant tout savoir sur \u00ab\u00a0la demande de d\u00e9veloppement des co\u00fbts des t\u00e9l\u00e9phones cellulaires de service\u00a0\u00bb.<\/p>\n<p>Stiel avait d\u00e9j\u00e0 interview\u00e9 Paasch dans le pass\u00e9, mais a \u00e9valu\u00e9 la r\u00e9ponse du Premier ministre \u00e0 sa question sur le d\u00e9veloppement du gouvernement et des t\u00e9l\u00e9phones portables du minist\u00e8re comme \u00ab\u00a0inad\u00e9quate\u00a0\u00bb.<\/p>\n<p>STEM sur Paasch: \u00ab\u00a0Pour la deuxi\u00e8me fois, la question est tr\u00e8s claire sur le d\u00e9veloppement des co\u00fbts. Pour la deuxi\u00e8me fois, vous avez donn\u00e9 la question du d\u00e9veloppement des co\u00fbts. Par cons\u00e9quent, une nouvelle demande.\u00a0\u00bb<\/p>\n<div id=\"attachment_419772\" class=\"wp-caption alignleft\" style=\"max-width: 300px\"><img fetchpriority=\"high\" decoding=\"async\" class=\"wp-image-419772 size-medium\" src=\"https:\/\/vieassociative.be\/actualites\/wp-content\/uploads\/2025\/07\/Le-groupe-Vivant-veut-tout-savoir-Question-de-Diana-Stiel.jpg\" alt=\"\" width=\"300\" height=\"201\"  ><\/p>\n<p class=\"wp-caption-text\">La d\u00e9put\u00e9e Vivant Diana Stiel au Parlement DG. Photo: Patrick von Staufenberg<\/p>\n<\/div>\n<p>Les questions des Steels au Premier ministre \u00e9taient les suivantes:<\/p>\n<p>1. Veuillez cr\u00e9er un tableau avec le d\u00e9veloppement des co\u00fbts de 2019 \u00e0 2024 pour les t\u00e9l\u00e9phones cellulaires de service, divis\u00e9 en frais d&rsquo;acquisition et d&rsquo;exploitation par cabinet et pour le minist\u00e8re par service et d\u00e9partement.<\/p>\n<p>2. Veuillez cr\u00e9er un tableau avec le d\u00e9veloppement des co\u00fbts de 2019 \u00e0 2024 pour les appareils d&rsquo;extr\u00e9mit\u00e9 num\u00e9riques (ordinateurs portables et tablettes), divis\u00e9s en frais d&rsquo;acquisition et d&rsquo;exploitation par cabinet et pour le minist\u00e8re par service et d\u00e9partement.<\/p>\n<p>Selon PaaSch, les co\u00fbts d&rsquo;achat sp\u00e9cifiques des appareils mentionn\u00e9s ne peuvent pas \u00eatre affich\u00e9s. \u00ab\u00a0Bien que tous les appareils utilis\u00e9s au cours de la p\u00e9riode pertinente aient \u00e9t\u00e9 document\u00e9s dans le d\u00e9partement d&rsquo;informatique, mais pas sous une forme qui permet une affectation r\u00e9trospective, personnelle ou temporaire des appareils individuels.<\/p>\n<p>Paasch souligne \u00e9galement qu&rsquo;une documentation individuelle sur le moment o\u00f9 le dispositif a \u00e9t\u00e9 \u00e9mis \u00e0 quelle personne n&rsquo;\u00e9tait pas destin\u00e9e \u00e0 la proc\u00e9dure utilis\u00e9e \u00e0 l&rsquo;\u00e9poque. \u00bbEn raison de cette proc\u00e9dure, une d\u00e9termination ult\u00e9rieure de l&rsquo;affectation exacte des dispositifs individuels et de leurs co\u00fbts d&rsquo;approvisionnement n&rsquo;est possible qu&rsquo;avec des incertitudes consid\u00e9rables &#8211; par exemple en ce qui concerne les mouvements du personnel, l&rsquo;\u00e9quipement ou la redistribution temporaire.<\/p>\n<\/p>\n<div id=\"attachment_419773\" class=\"wp-caption alignleft\" style=\"max-width: 300px\"><img decoding=\"async\" class=\"wp-image-419773 size-medium\" src=\"https:\/\/vieassociative.be\/actualites\/wp-content\/uploads\/2025\/07\/1752221988_757_Le-groupe-Vivant-veut-tout-savoir-Question-de-Diana-Stiel.jpg\" alt=\"\" width=\"300\" height=\"201\"  ><\/p>\n<p class=\"wp-caption-text\">Le Premier ministre Oliver Paasch au Parlement DG. Photo: Patrick von Staufenberg<\/p>\n<\/div>\n<p>Selon PaaSch, les co\u00fbts d&rsquo;exploitation ne peuvent pas non plus \u00eatre quantifi\u00e9s en d\u00e9tail. Ceux-ci se composent d&rsquo;un certain nombre de positions (consommation d&rsquo;\u00e9nergie UA, maintenance, frais de licence, fonctionnement du r\u00e9seau) et ne sont pas affich\u00e9s s\u00e9par\u00e9ment en fonction des appareils individuels ou des utilisateurs dans les bureaux des m\u00e9nages. Par exemple, le logiciel pour la gestion des appareils centraux fait partie d&rsquo;une licence standard \u00e0 taux plat qui est disponible pour tous les employ\u00e9s et n&rsquo;est pas affect\u00e9e \u00e0 des appareils ou d\u00e9partements individuels.<\/p>\n<p>Dans sa r\u00e9ponse \u00e0 la STEM, cependant, Paasch annonce qu&rsquo;\u00e0 l&rsquo;avenir, un enregistrement d\u00e9taill\u00e9 des informations sur l&rsquo;appareil, y compris les donn\u00e9es d&rsquo;approvisionnement et les co\u00fbts associ\u00e9s, devrait \u00eatre possible.<br \/>\nLe mat\u00e9riel requis est principalement li\u00e9 aux contrats de cadre existants qui<br \/>\nserait r\u00e9guli\u00e8rement soumis \u00e0 un test de prix attentif. De plus, l&rsquo;achat de dispositifs se d\u00e9roule \u00e9galement s\u00e9lectivement avec des fournisseurs qui offrent des conditions moins ch\u00e8res. Dans le cadre d&rsquo;un nouveau contrat de cadre, il est possible d&rsquo;acheter des appareils moins chers avec le m\u00eame \u00e9quipement ou m\u00eame. Cela conduit \u00e0 une \u00e9conomie de 257,32 EUR (y compris la TVA) par appareil.<\/p>\n<p>Selon PaaSch, la d\u00e9cision de ne pas fournir certaines informations sur la publication des nouvelles instructions de proc\u00e9dure pour l&rsquo;utilisation des smartphones et des num\u00e9ros de service est principalement bas\u00e9e sur des aspects de la s\u00e9curit\u00e9 de l&rsquo;information.<\/p>\n<p>\u00ab\u00a0Plus pr\u00e9cis\u00e9ment, cela concerne la publication des noms de mod\u00e8le exacts des appareils utilis\u00e9s. Ces informations pourraient fournir des cybercriminels potentiels et permettre des attaques cibl\u00e9es contre les syst\u00e8mes informatiques. Il a donc \u00e9t\u00e9 d\u00e9cid\u00e9 de ne pas divulguer ces informations pour des raisons de s\u00e9curit\u00e9 afin d&rsquo;assurer la protection de l&rsquo;infrastructure num\u00e9rique\u00a0\u00bb, a d\u00e9clar\u00e9 le Premier ministre. (Cre)<\/p>\n","protected":false},"excerpt":{"rendered":"<p>En ce qui concerne les postes des politiciens de la DG ou d&rsquo;autres d\u00e9penses, un parti belge oriental est principalement \u00e0 la hauteur de la<\/p>\n","protected":false},"author":1,"featured_media":8678,"comment_status":"","ping_status":"","sticky":false,"template":"","format":"standard","meta":{"footnotes":""},"categories":[298],"tags":[289,7708,29,7706,1857,1827,3141,2553,2519,183,2911,7707,3407,236,2635,3138],"class_list":["post-8677","post","type-post","status-publish","format-standard","has-post-thumbnail","hentry","category-belgique","tag-aux","tag-cellulaires","tag-des","tag-diana","tag-frais","tag-groupe","tag-oliver","tag-paasch","tag-question","tag-savoir","tag-service","tag-stiel","tag-telephones","tag-tout","tag-veut","tag-vivant","generate-columns","tablet-grid-50","mobile-grid-100","grid-parent","grid-33"],"yoast_head":"<!-- This site is optimized with the Yoast SEO plugin v24.0 - https:\/\/yoast.com\/wordpress\/plugins\/seo\/ -->\n<title>Le groupe Vivant veut tout savoir: Question de Diana Stiel \u00e0 Oliver Paasch aux frais des t\u00e9l\u00e9phones cellulaires de service | Vie Associative<\/title>\n<meta name=\"robots\" content=\"index, follow, max-snippet:-1, max-image-preview:large, max-video-preview:-1\" \/>\n<link rel=\"canonical\" href=\"https:\/\/vieassociative.be\/actualites\/le-groupe-vivant-veut-tout-savoir-question-de-diana-stiel-a-oliver-paasch-aux-frais-des-telephones-cellulaires-de-service\/\" \/>\n<meta property=\"og:locale\" content=\"fr_FR\" \/>\n<meta property=\"og:type\" content=\"article\" \/>\n<meta property=\"og:title\" content=\"Le groupe Vivant veut tout savoir: Question de Diana Stiel \u00e0 Oliver Paasch aux frais des t\u00e9l\u00e9phones cellulaires de service | Vie Associative\" \/>\n<meta property=\"og:description\" content=\"En ce qui concerne les postes des politiciens de la DG ou d&rsquo;autres d\u00e9penses, un parti belge oriental est principalement \u00e0 la hauteur de la\" \/>\n<meta property=\"og:url\" content=\"https:\/\/vieassociative.be\/actualites\/le-groupe-vivant-veut-tout-savoir-question-de-diana-stiel-a-oliver-paasch-aux-frais-des-telephones-cellulaires-de-service\/\" \/>\n<meta property=\"og:site_name\" content=\"Vie Associative\" \/>\n<meta property=\"article:published_time\" content=\"2025-07-11T08:19:48+00:00\" \/>\n<meta property=\"og:image\" content=\"https:\/\/vieassociative.be\/actualites\/wp-content\/uploads\/2024\/09\/header_backgroundk-01-e1726694325946.png\" \/>\n\t<meta property=\"og:image:width\" content=\"279\" \/>\n\t<meta property=\"og:image:height\" content=\"92\" \/>\n\t<meta property=\"og:image:type\" content=\"image\/png\" \/>\n<meta name=\"author\" content=\"Julien\" \/>\n<meta name=\"twitter:card\" content=\"summary_large_image\" \/>\n<meta name=\"twitter:label1\" content=\"\u00c9crit par\" \/>\n\t<meta name=\"twitter:data1\" content=\"Julien\" \/>\n\t<meta name=\"twitter:label2\" content=\"Dur\u00e9e de lecture est.\" \/>\n\t<meta name=\"twitter:data2\" content=\"4 minutes\" \/>\n<script type=\"application\/ld+json\" class=\"yoast-schema-graph\">{\"@context\":\"https:\/\/schema.org\",\"@graph\":[{\"@type\":\"Article\",\"@id\":\"https:\/\/vieassociative.be\/actualites\/le-groupe-vivant-veut-tout-savoir-question-de-diana-stiel-a-oliver-paasch-aux-frais-des-telephones-cellulaires-de-service\/#article\",\"isPartOf\":{\"@id\":\"https:\/\/vieassociative.be\/actualites\/le-groupe-vivant-veut-tout-savoir-question-de-diana-stiel-a-oliver-paasch-aux-frais-des-telephones-cellulaires-de-service\/\"},\"author\":{\"name\":\"Julien\",\"@id\":\"https:\/\/vieassociative.be\/actualites\/#\/schema\/person\/b87ac4f82f9d4e7b7cec7395b679edc4\"},\"headline\":\"Le groupe Vivant veut tout savoir: Question de Diana Stiel \u00e0 Oliver Paasch aux frais des t\u00e9l\u00e9phones cellulaires de service\",\"datePublished\":\"2025-07-11T08:19:48+00:00\",\"dateModified\":\"2025-07-11T08:19:48+00:00\",\"mainEntityOfPage\":{\"@id\":\"https:\/\/vieassociative.be\/actualites\/le-groupe-vivant-veut-tout-savoir-question-de-diana-stiel-a-oliver-paasch-aux-frais-des-telephones-cellulaires-de-service\/\"},\"wordCount\":824,\"publisher\":{\"@id\":\"https:\/\/vieassociative.be\/actualites\/#organization\"},\"image\":{\"@id\":\"https:\/\/vieassociative.be\/actualites\/le-groupe-vivant-veut-tout-savoir-question-de-diana-stiel-a-oliver-paasch-aux-frais-des-telephones-cellulaires-de-service\/#primaryimage\"},\"thumbnailUrl\":\"https:\/\/vieassociative.be\/actualites\/wp-content\/uploads\/2025\/07\/1752221989_Le-groupe-Vivant-veut-tout-savoir-Question-de-Diana-Stiel.jpg\",\"keywords\":[\"aux\",\"cellulaires\",\"Des\",\"Diana\",\"frais\",\"groupe\",\"Oliver\",\"Paasch\",\"question\",\"savoir\",\"service\",\"Stiel\",\"t\u00e9l\u00e9phones\",\"tout\",\"veut\",\"Vivant\"],\"articleSection\":[\"Belgique\"],\"inLanguage\":\"fr-BE\"},{\"@type\":\"WebPage\",\"@id\":\"https:\/\/vieassociative.be\/actualites\/le-groupe-vivant-veut-tout-savoir-question-de-diana-stiel-a-oliver-paasch-aux-frais-des-telephones-cellulaires-de-service\/\",\"url\":\"https:\/\/vieassociative.be\/actualites\/le-groupe-vivant-veut-tout-savoir-question-de-diana-stiel-a-oliver-paasch-aux-frais-des-telephones-cellulaires-de-service\/\",\"name\":\"Le groupe Vivant veut tout savoir: Question de Diana Stiel \u00e0 Oliver Paasch aux frais des t\u00e9l\u00e9phones cellulaires de service | Vie Associative\",\"isPartOf\":{\"@id\":\"https:\/\/vieassociative.be\/actualites\/#website\"},\"primaryImageOfPage\":{\"@id\":\"https:\/\/vieassociative.be\/actualites\/le-groupe-vivant-veut-tout-savoir-question-de-diana-stiel-a-oliver-paasch-aux-frais-des-telephones-cellulaires-de-service\/#primaryimage\"},\"image\":{\"@id\":\"https:\/\/vieassociative.be\/actualites\/le-groupe-vivant-veut-tout-savoir-question-de-diana-stiel-a-oliver-paasch-aux-frais-des-telephones-cellulaires-de-service\/#primaryimage\"},\"thumbnailUrl\":\"https:\/\/vieassociative.be\/actualites\/wp-content\/uploads\/2025\/07\/1752221989_Le-groupe-Vivant-veut-tout-savoir-Question-de-Diana-Stiel.jpg\",\"datePublished\":\"2025-07-11T08:19:48+00:00\",\"dateModified\":\"2025-07-11T08:19:48+00:00\",\"breadcrumb\":{\"@id\":\"https:\/\/vieassociative.be\/actualites\/le-groupe-vivant-veut-tout-savoir-question-de-diana-stiel-a-oliver-paasch-aux-frais-des-telephones-cellulaires-de-service\/#breadcrumb\"},\"inLanguage\":\"fr-BE\",\"potentialAction\":[{\"@type\":\"ReadAction\",\"target\":[\"https:\/\/vieassociative.be\/actualites\/le-groupe-vivant-veut-tout-savoir-question-de-diana-stiel-a-oliver-paasch-aux-frais-des-telephones-cellulaires-de-service\/\"]}]},{\"@type\":\"ImageObject\",\"inLanguage\":\"fr-BE\",\"@id\":\"https:\/\/vieassociative.be\/actualites\/le-groupe-vivant-veut-tout-savoir-question-de-diana-stiel-a-oliver-paasch-aux-frais-des-telephones-cellulaires-de-service\/#primaryimage\",\"url\":\"https:\/\/vieassociative.be\/actualites\/wp-content\/uploads\/2025\/07\/1752221989_Le-groupe-Vivant-veut-tout-savoir-Question-de-Diana-Stiel.jpg\",\"contentUrl\":\"https:\/\/vieassociative.be\/actualites\/wp-content\/uploads\/2025\/07\/1752221989_Le-groupe-Vivant-veut-tout-savoir-Question-de-Diana-Stiel.jpg\",\"width\":2275,\"height\":757,\"caption\":\"Le groupe Vivant veut tout savoir: Question de Diana Stiel \u00e0 Oliver Paasch aux frais des t\u00e9l\u00e9phones cellulaires de service\"},{\"@type\":\"BreadcrumbList\",\"@id\":\"https:\/\/vieassociative.be\/actualites\/le-groupe-vivant-veut-tout-savoir-question-de-diana-stiel-a-oliver-paasch-aux-frais-des-telephones-cellulaires-de-service\/#breadcrumb\",\"itemListElement\":[{\"@type\":\"ListItem\",\"position\":1,\"name\":\"Accueil\",\"item\":\"https:\/\/vieassociative.be\/actualites\/\"},{\"@type\":\"ListItem\",\"position\":2,\"name\":\"Le groupe Vivant veut tout savoir: Question de Diana Stiel \u00e0 Oliver Paasch aux frais des t\u00e9l\u00e9phones cellulaires de service\"}]},{\"@type\":\"WebSite\",\"@id\":\"https:\/\/vieassociative.be\/actualites\/#website\",\"url\":\"https:\/\/vieassociative.be\/actualites\/\",\"name\":\"Vie Associative\",\"description\":\"\",\"publisher\":{\"@id\":\"https:\/\/vieassociative.be\/actualites\/#organization\"},\"potentialAction\":[{\"@type\":\"SearchAction\",\"target\":{\"@type\":\"EntryPoint\",\"urlTemplate\":\"https:\/\/vieassociative.be\/actualites\/?s={search_term_string}\"},\"query-input\":{\"@type\":\"PropertyValueSpecification\",\"valueRequired\":true,\"valueName\":\"search_term_string\"}}],\"inLanguage\":\"fr-BE\"},{\"@type\":\"Organization\",\"@id\":\"https:\/\/vieassociative.be\/actualites\/#organization\",\"name\":\"Vie Associative\",\"url\":\"https:\/\/vieassociative.be\/actualites\/\",\"logo\":{\"@type\":\"ImageObject\",\"inLanguage\":\"fr-BE\",\"@id\":\"https:\/\/vieassociative.be\/actualites\/#\/schema\/logo\/image\/\",\"url\":\"https:\/\/vieassociative.be\/actualites\/wp-content\/uploads\/2024\/09\/cropped-vieassociative_favicon.ico.png\",\"contentUrl\":\"https:\/\/vieassociative.be\/actualites\/wp-content\/uploads\/2024\/09\/cropped-vieassociative_favicon.ico.png\",\"width\":512,\"height\":512,\"caption\":\"Vie Associative\"},\"image\":{\"@id\":\"https:\/\/vieassociative.be\/actualites\/#\/schema\/logo\/image\/\"}},{\"@type\":\"Person\",\"@id\":\"https:\/\/vieassociative.be\/actualites\/#\/schema\/person\/b87ac4f82f9d4e7b7cec7395b679edc4\",\"name\":\"Julien\",\"image\":{\"@type\":\"ImageObject\",\"inLanguage\":\"fr-BE\",\"@id\":\"https:\/\/vieassociative.be\/actualites\/#\/schema\/person\/image\/\",\"url\":\"https:\/\/vieassociative.be\/actualites\/wp-content\/uploads\/2024\/09\/vie-associative-1-150x150.jpg\",\"contentUrl\":\"https:\/\/vieassociative.be\/actualites\/wp-content\/uploads\/2024\/09\/vie-associative-1-150x150.jpg\",\"caption\":\"Julien\"},\"description\":\"Je suis Julien, r\u00e9dacteur pour Vie Associative. Passionn\u00e9 par le monde associatif depuis plus de 10 ans, j'ai \u00e0 c\u0153ur de partager des histoires inspirantes et de mettre en lumi\u00e8re les initiatives locales. Mon objectif est de sensibiliser et d'encourager l'engagement communautaire \u00e0 travers mes articles.\",\"sameAs\":[\"https:\/\/vieassociative.be\/\"]}]}<\/script>\n<!-- \/ Yoast SEO plugin. -->","yoast_head_json":{"title":"Le groupe Vivant veut tout savoir: Question de Diana Stiel \u00e0 Oliver Paasch aux frais des t\u00e9l\u00e9phones cellulaires de service | Vie Associative","robots":{"index":"index","follow":"follow","max-snippet":"max-snippet:-1","max-image-preview":"max-image-preview:large","max-video-preview":"max-video-preview:-1"},"canonical":"https:\/\/vieassociative.be\/actualites\/le-groupe-vivant-veut-tout-savoir-question-de-diana-stiel-a-oliver-paasch-aux-frais-des-telephones-cellulaires-de-service\/","og_locale":"fr_FR","og_type":"article","og_title":"Le groupe Vivant veut tout savoir: Question de Diana Stiel \u00e0 Oliver Paasch aux frais des t\u00e9l\u00e9phones cellulaires de service | Vie Associative","og_description":"En ce qui concerne les postes des politiciens de la DG ou d&rsquo;autres d\u00e9penses, un parti belge oriental est principalement \u00e0 la hauteur de la","og_url":"https:\/\/vieassociative.be\/actualites\/le-groupe-vivant-veut-tout-savoir-question-de-diana-stiel-a-oliver-paasch-aux-frais-des-telephones-cellulaires-de-service\/","og_site_name":"Vie Associative","article_published_time":"2025-07-11T08:19:48+00:00","og_image":[{"width":279,"height":92,"url":"https:\/\/vieassociative.be\/actualites\/wp-content\/uploads\/2024\/09\/header_backgroundk-01-e1726694325946.png","type":"image\/png"}],"author":"Julien","twitter_card":"summary_large_image","twitter_misc":{"\u00c9crit par":"Julien","Dur\u00e9e de lecture est.":"4 minutes"},"schema":{"@context":"https:\/\/schema.org","@graph":[{"@type":"Article","@id":"https:\/\/vieassociative.be\/actualites\/le-groupe-vivant-veut-tout-savoir-question-de-diana-stiel-a-oliver-paasch-aux-frais-des-telephones-cellulaires-de-service\/#article","isPartOf":{"@id":"https:\/\/vieassociative.be\/actualites\/le-groupe-vivant-veut-tout-savoir-question-de-diana-stiel-a-oliver-paasch-aux-frais-des-telephones-cellulaires-de-service\/"},"author":{"name":"Julien","@id":"https:\/\/vieassociative.be\/actualites\/#\/schema\/person\/b87ac4f82f9d4e7b7cec7395b679edc4"},"headline":"Le groupe Vivant veut tout savoir: Question de Diana Stiel \u00e0 Oliver Paasch aux frais des t\u00e9l\u00e9phones cellulaires de service","datePublished":"2025-07-11T08:19:48+00:00","dateModified":"2025-07-11T08:19:48+00:00","mainEntityOfPage":{"@id":"https:\/\/vieassociative.be\/actualites\/le-groupe-vivant-veut-tout-savoir-question-de-diana-stiel-a-oliver-paasch-aux-frais-des-telephones-cellulaires-de-service\/"},"wordCount":824,"publisher":{"@id":"https:\/\/vieassociative.be\/actualites\/#organization"},"image":{"@id":"https:\/\/vieassociative.be\/actualites\/le-groupe-vivant-veut-tout-savoir-question-de-diana-stiel-a-oliver-paasch-aux-frais-des-telephones-cellulaires-de-service\/#primaryimage"},"thumbnailUrl":"https:\/\/vieassociative.be\/actualites\/wp-content\/uploads\/2025\/07\/1752221989_Le-groupe-Vivant-veut-tout-savoir-Question-de-Diana-Stiel.jpg","keywords":["aux","cellulaires","Des","Diana","frais","groupe","Oliver","Paasch","question","savoir","service","Stiel","t\u00e9l\u00e9phones","tout","veut","Vivant"],"articleSection":["Belgique"],"inLanguage":"fr-BE"},{"@type":"WebPage","@id":"https:\/\/vieassociative.be\/actualites\/le-groupe-vivant-veut-tout-savoir-question-de-diana-stiel-a-oliver-paasch-aux-frais-des-telephones-cellulaires-de-service\/","url":"https:\/\/vieassociative.be\/actualites\/le-groupe-vivant-veut-tout-savoir-question-de-diana-stiel-a-oliver-paasch-aux-frais-des-telephones-cellulaires-de-service\/","name":"Le groupe Vivant veut tout savoir: Question de Diana Stiel \u00e0 Oliver Paasch aux frais des t\u00e9l\u00e9phones cellulaires de service | Vie Associative","isPartOf":{"@id":"https:\/\/vieassociative.be\/actualites\/#website"},"primaryImageOfPage":{"@id":"https:\/\/vieassociative.be\/actualites\/le-groupe-vivant-veut-tout-savoir-question-de-diana-stiel-a-oliver-paasch-aux-frais-des-telephones-cellulaires-de-service\/#primaryimage"},"image":{"@id":"https:\/\/vieassociative.be\/actualites\/le-groupe-vivant-veut-tout-savoir-question-de-diana-stiel-a-oliver-paasch-aux-frais-des-telephones-cellulaires-de-service\/#primaryimage"},"thumbnailUrl":"https:\/\/vieassociative.be\/actualites\/wp-content\/uploads\/2025\/07\/1752221989_Le-groupe-Vivant-veut-tout-savoir-Question-de-Diana-Stiel.jpg","datePublished":"2025-07-11T08:19:48+00:00","dateModified":"2025-07-11T08:19:48+00:00","breadcrumb":{"@id":"https:\/\/vieassociative.be\/actualites\/le-groupe-vivant-veut-tout-savoir-question-de-diana-stiel-a-oliver-paasch-aux-frais-des-telephones-cellulaires-de-service\/#breadcrumb"},"inLanguage":"fr-BE","potentialAction":[{"@type":"ReadAction","target":["https:\/\/vieassociative.be\/actualites\/le-groupe-vivant-veut-tout-savoir-question-de-diana-stiel-a-oliver-paasch-aux-frais-des-telephones-cellulaires-de-service\/"]}]},{"@type":"ImageObject","inLanguage":"fr-BE","@id":"https:\/\/vieassociative.be\/actualites\/le-groupe-vivant-veut-tout-savoir-question-de-diana-stiel-a-oliver-paasch-aux-frais-des-telephones-cellulaires-de-service\/#primaryimage","url":"https:\/\/vieassociative.be\/actualites\/wp-content\/uploads\/2025\/07\/1752221989_Le-groupe-Vivant-veut-tout-savoir-Question-de-Diana-Stiel.jpg","contentUrl":"https:\/\/vieassociative.be\/actualites\/wp-content\/uploads\/2025\/07\/1752221989_Le-groupe-Vivant-veut-tout-savoir-Question-de-Diana-Stiel.jpg","width":2275,"height":757,"caption":"Le groupe Vivant veut tout savoir: Question de Diana Stiel \u00e0 Oliver Paasch aux frais des t\u00e9l\u00e9phones cellulaires de service"},{"@type":"BreadcrumbList","@id":"https:\/\/vieassociative.be\/actualites\/le-groupe-vivant-veut-tout-savoir-question-de-diana-stiel-a-oliver-paasch-aux-frais-des-telephones-cellulaires-de-service\/#breadcrumb","itemListElement":[{"@type":"ListItem","position":1,"name":"Accueil","item":"https:\/\/vieassociative.be\/actualites\/"},{"@type":"ListItem","position":2,"name":"Le groupe Vivant veut tout savoir: Question de Diana Stiel \u00e0 Oliver Paasch aux frais des t\u00e9l\u00e9phones cellulaires de service"}]},{"@type":"WebSite","@id":"https:\/\/vieassociative.be\/actualites\/#website","url":"https:\/\/vieassociative.be\/actualites\/","name":"Vie Associative","description":"","publisher":{"@id":"https:\/\/vieassociative.be\/actualites\/#organization"},"potentialAction":[{"@type":"SearchAction","target":{"@type":"EntryPoint","urlTemplate":"https:\/\/vieassociative.be\/actualites\/?s={search_term_string}"},"query-input":{"@type":"PropertyValueSpecification","valueRequired":true,"valueName":"search_term_string"}}],"inLanguage":"fr-BE"},{"@type":"Organization","@id":"https:\/\/vieassociative.be\/actualites\/#organization","name":"Vie Associative","url":"https:\/\/vieassociative.be\/actualites\/","logo":{"@type":"ImageObject","inLanguage":"fr-BE","@id":"https:\/\/vieassociative.be\/actualites\/#\/schema\/logo\/image\/","url":"https:\/\/vieassociative.be\/actualites\/wp-content\/uploads\/2024\/09\/cropped-vieassociative_favicon.ico.png","contentUrl":"https:\/\/vieassociative.be\/actualites\/wp-content\/uploads\/2024\/09\/cropped-vieassociative_favicon.ico.png","width":512,"height":512,"caption":"Vie Associative"},"image":{"@id":"https:\/\/vieassociative.be\/actualites\/#\/schema\/logo\/image\/"}},{"@type":"Person","@id":"https:\/\/vieassociative.be\/actualites\/#\/schema\/person\/b87ac4f82f9d4e7b7cec7395b679edc4","name":"Julien","image":{"@type":"ImageObject","inLanguage":"fr-BE","@id":"https:\/\/vieassociative.be\/actualites\/#\/schema\/person\/image\/","url":"https:\/\/vieassociative.be\/actualites\/wp-content\/uploads\/2024\/09\/vie-associative-1-150x150.jpg","contentUrl":"https:\/\/vieassociative.be\/actualites\/wp-content\/uploads\/2024\/09\/vie-associative-1-150x150.jpg","caption":"Julien"},"description":"Je suis Julien, r\u00e9dacteur pour Vie Associative. Passionn\u00e9 par le monde associatif depuis plus de 10 ans, j'ai \u00e0 c\u0153ur de partager des histoires inspirantes et de mettre en lumi\u00e8re les initiatives locales. Mon objectif est de sensibiliser et d'encourager l'engagement communautaire \u00e0 travers mes articles.","sameAs":["https:\/\/vieassociative.be\/"]}]}},"_links":{"self":[{"href":"https:\/\/vieassociative.be\/actualites\/wp-json\/wp\/v2\/posts\/8677"}],"collection":[{"href":"https:\/\/vieassociative.be\/actualites\/wp-json\/wp\/v2\/posts"}],"about":[{"href":"https:\/\/vieassociative.be\/actualites\/wp-json\/wp\/v2\/types\/post"}],"author":[{"embeddable":true,"href":"https:\/\/vieassociative.be\/actualites\/wp-json\/wp\/v2\/users\/1"}],"replies":[{"embeddable":true,"href":"https:\/\/vieassociative.be\/actualites\/wp-json\/wp\/v2\/comments?post=8677"}],"version-history":[{"count":0,"href":"https:\/\/vieassociative.be\/actualites\/wp-json\/wp\/v2\/posts\/8677\/revisions"}],"wp:featuredmedia":[{"embeddable":true,"href":"https:\/\/vieassociative.be\/actualites\/wp-json\/wp\/v2\/media\/8678"}],"wp:attachment":[{"href":"https:\/\/vieassociative.be\/actualites\/wp-json\/wp\/v2\/media?parent=8677"}],"wp:term":[{"taxonomy":"category","embeddable":true,"href":"https:\/\/vieassociative.be\/actualites\/wp-json\/wp\/v2\/categories?post=8677"},{"taxonomy":"post_tag","embeddable":true,"href":"https:\/\/vieassociative.be\/actualites\/wp-json\/wp\/v2\/tags?post=8677"}],"curies":[{"name":"wp","href":"https:\/\/api.w.org\/{rel}","templated":true}]}}