{"id":8673,"date":"2025-07-11T04:17:10","date_gmt":"2025-07-11T02:17:10","guid":{"rendered":"https:\/\/vieassociative.be\/actualites\/le-plus-chaud-juin-precedemment-mesure-en-europe-occidentale\/"},"modified":"2025-07-11T04:17:10","modified_gmt":"2025-07-11T02:17:10","slug":"le-plus-chaud-juin-precedemment-mesure-en-europe-occidentale","status":"publish","type":"post","link":"https:\/\/vieassociative.be\/actualites\/le-plus-chaud-juin-precedemment-mesure-en-europe-occidentale\/","title":{"rendered":"Le plus chaud juin pr\u00e9c\u00e9demment mesur\u00e9 en Europe occidentale"},"content":{"rendered":"<p><strong>Juin \u00e9tait le plus chaud pr\u00e9c\u00e9demment mesur\u00e9 en Europe occidentale. La temp\u00e9rature moyenne \u00e9tait de 20,49 degr\u00e9s, comme le service de mur climatique de l&rsquo;UE a annonc\u00e9 Copernicus.<\/strong><\/p>\n<p><span id=\"more-419641\"><\/span>\u00ab\u00a0En juin 2025, une grande partie de l&rsquo;Europe occidentale a \u00e9t\u00e9 hant\u00e9e par une vague de chaleur extraordinaire, avec une grande partie de la r\u00e9gion souffrant d&rsquo;une tr\u00e8s forte charge de chaleur\u00a0\u00bb, a d\u00e9clar\u00e9 Samantha Burgess du Centre europ\u00e9en pour les pr\u00e9visions m\u00e9t\u00e9orologiques \u00e0 moyen terme (EZMW), qui exploite le service mural climatique. \u00ab\u00a0Cette vague de chaleur a \u00e9t\u00e9 renforc\u00e9e par des valeurs record des temp\u00e9ratures de surface de la mer en M\u00e9diterran\u00e9e occidentale.\u00a0\u00bb<\/p>\n<p>\u00ab\u00a0Dans un monde r\u00e9chauffant, les vagues de chaleur se produiront probablement plus souvent, deviendront plus intenses et rencontrent plus de personnes dans toute l&rsquo;Europe\u00a0\u00bb, a d\u00e9clar\u00e9 Burgess. Le pr\u00e9c\u00e9dent record de Juni a \u00e9t\u00e9 atteint \u00e0 20,43 degr\u00e9s en 2003.<\/p>\n<div id=\"attachment_419647\" class=\"wp-caption alignleft\" style=\"max-width: 300px\"><img fetchpriority=\"high\" decoding=\"async\" class=\"wp-image-419647 size-medium\" src=\"https:\/\/vieassociative.be\/actualites\/wp-content\/uploads\/2025\/07\/Le-plus-chaud-juin-precedemment-mesure-en-Europe-occidentale.jpg\" alt=\"\" width=\"300\" height=\"200\"><\/p>\n<p class=\"wp-caption-text\">01.07.2025, France, Paris: Le soleil s&rsquo;ouvre sur la tour Eiffel et le coeur de la basilique Sacre sur la colline de Montmartre, tandis que dans la ville, il y a un rouge dans la ville: la pointe de la tour Eiffel est ferm\u00e9e par le sciement environnemental est interdite et il y a des restrictions \u00e0 la vitesse car l&rsquo;Europe est enregistr\u00e9e par un scayn. Photo: Thibaud Moritz \/ AFP \/ DPA<\/p>\n<\/div>\n<p>Dans le monde, le mois avec une temp\u00e9rature de surface moyenne de 16,46 degr\u00e9s de la troisi\u00e8me chaleur \u00e9tait en juin depuis le d\u00e9but de l&rsquo;enregistrement apr\u00e8s juin 2023 et 2024. Les donn\u00e9es utilis\u00e9es par Copernic diminuent \u00e0 1950, parfois des donn\u00e9es ant\u00e9rieures sont \u00e9galement disponibles.<\/p>\n<p>&#8211; Les vagues de chaleur ont rencontr\u00e9 de grandes parties de l&rsquo;ouest et du sud de l&rsquo;Europe: dans de grandes parties de l&rsquo;Europe occidentale et centrale, les temp\u00e9ratures de l&rsquo;air \u00e9taient sup\u00e9rieures \u00e0 la moyenne en juin 2025, comme il a \u00e9t\u00e9 dit. Au milieu et fin juin, deux fortes vagues de chaleur avaient frapp\u00e9 de grandes parties de l&rsquo;Ouest et du Sud en Europe. En M\u00e9diterran\u00e9e ouest, une vague de chaleur marine extraordinaire s&rsquo;\u00e9tait d\u00e9velopp\u00e9e, ce qui a conduit \u00e0 la temp\u00e9rature de surface de la mer moyenne la plus \u00e9lev\u00e9e (SST) de 27,0 degr\u00e9s.<\/p>\n<p>Copernic a \u00e9galement indiqu\u00e9 que l&rsquo;expansion de la glace de mer arctique \u00e9tait de 6% en dessous de la moyenne, ce qui signifie la deuxi\u00e8me expansion mensuelle la plus basse pour juin depuis le d\u00e9but des enregistrements par satellite de 47 ans. \u00ab\u00a0L&rsquo;expansion de la glace de mer antarctique \u00e9tait de 9% en dessous de la moyenne et \u00e9tait la troisi\u00e8me propagation la plus la plus \u00e9lev\u00e9e jamais mesur\u00e9e pour ce mois.\u00a0\u00bb<\/p>\n<p>Le convertisseur climatique de Copernic de l&rsquo;Union europ\u00e9enne publie r\u00e9guli\u00e8rement des donn\u00e9es sur la temp\u00e9rature \u00e0 la surface de la terre, la couverture de la glace de mer et les pr\u00e9cipitations. Les r\u00e9sultats sont bas\u00e9s sur des analyses g\u00e9n\u00e9r\u00e9es par ordinateur, dans les milliards de mesures de satellites, des navires, des avions et des stations m\u00e9t\u00e9orologiques du monde entier. (DPA)<\/p>\n<p><em><strong>Sur le sujet, voir \u00e9galement l&rsquo;article suivant sur OD:<\/strong><\/em><\/p>\n<div class=\"responsive-embed widescreen\">\n<blockquote class=\"wp-embedded-content\" data-secret=\"SxAzCfM83O\">\n<p>Bonjour Chatt, est-ce que l&rsquo;homme du climat est fait?<\/p>\n<\/blockquote>\n<p><iframe loading=\"lazy\" class=\"wp-embedded-content\" sandbox=\"allow-scripts\" security=\"restricted\" style=\"position: absolute; visibility: hidden;\" title=\"\u201eHallo ChatGPT, ist Klimawandel menschengemacht?\u201c \u2014 Ostbelgien Direkt\" src=\"https:\/\/ostbelgiendirekt.be\/about:blank\" data-secret=\"SxAzCfM83O\" width=\"500\" height=\"282\" frameborder=\"0\" marginwidth=\"0\" marginheight=\"0\" scrolling=\"no\" data-rocket-lazyload=\"fitvidscompatible\" data-lazy-src=\"https:\/\/ostbelgiendirekt.be\/frage-an-chatgpt-zu-klimawandel-419516\/embed#?secret=ggDxTD38al#?secret=SxAzCfM83O\"><\/iframe><noscript><iframe class=\"wp-embedded-content\" sandbox=\"allow-scripts\" security=\"restricted\" style=\"position: absolute; visibility: hidden;\" title=\"\u201eHallo ChatGPT, ist Klimawandel menschengemacht?\u201c \u2014 Ostbelgien Direkt\" src=\"https:\/\/ostbelgiendirekt.be\/frage-an-chatgpt-zu-klimawandel-419516\/embed#?secret=ggDxTD38al#?secret=SxAzCfM83O\" data-secret=\"SxAzCfM83O\" width=\"500\" height=\"282\" frameborder=\"0\" marginwidth=\"0\" marginheight=\"0\" scrolling=\"no\"><\/iframe><\/noscript><\/p>\n<\/div>\n","protected":false},"excerpt":{"rendered":"<p>Juin \u00e9tait le plus chaud pr\u00e9c\u00e9demment mesur\u00e9 en Europe occidentale. La temp\u00e9rature moyenne \u00e9tait de 20,49 degr\u00e9s, comme le service de mur climatique de l&rsquo;UE<\/p>\n","protected":false},"author":1,"featured_media":8674,"comment_status":"","ping_status":"","sticky":false,"template":"","format":"standard","meta":{"footnotes":""},"categories":[298],"tags":[1176,5351,2677,1412,7705,7704],"class_list":["post-8673","post","type-post","status-publish","format-standard","has-post-thumbnail","hentry","category-belgique","tag-chaud","tag-europe","tag-juin","tag-mesure","tag-occidentale","tag-precedemment","generate-columns","tablet-grid-50","mobile-grid-100","grid-parent","grid-33"],"yoast_head":"<!-- This site is optimized with the Yoast SEO plugin v24.0 - https:\/\/yoast.com\/wordpress\/plugins\/seo\/ -->\n<title>Le plus chaud juin pr\u00e9c\u00e9demment mesur\u00e9 en Europe occidentale | Vie Associative<\/title>\n<meta name=\"robots\" content=\"index, follow, max-snippet:-1, max-image-preview:large, max-video-preview:-1\" \/>\n<link rel=\"canonical\" href=\"https:\/\/vieassociative.be\/actualites\/le-plus-chaud-juin-precedemment-mesure-en-europe-occidentale\/\" \/>\n<meta property=\"og:locale\" content=\"fr_FR\" \/>\n<meta property=\"og:type\" content=\"article\" \/>\n<meta property=\"og:title\" content=\"Le plus chaud juin pr\u00e9c\u00e9demment mesur\u00e9 en Europe occidentale | Vie Associative\" \/>\n<meta property=\"og:description\" content=\"Juin \u00e9tait le plus chaud pr\u00e9c\u00e9demment mesur\u00e9 en Europe occidentale. La temp\u00e9rature moyenne \u00e9tait de 20,49 degr\u00e9s, comme le service de mur climatique de l&rsquo;UE\" \/>\n<meta property=\"og:url\" content=\"https:\/\/vieassociative.be\/actualites\/le-plus-chaud-juin-precedemment-mesure-en-europe-occidentale\/\" \/>\n<meta property=\"og:site_name\" content=\"Vie Associative\" \/>\n<meta property=\"article:published_time\" content=\"2025-07-11T02:17:10+00:00\" \/>\n<meta property=\"og:image\" content=\"https:\/\/vieassociative.be\/actualites\/wp-content\/uploads\/2024\/09\/header_backgroundk-01-e1726694325946.png\" \/>\n\t<meta property=\"og:image:width\" content=\"279\" \/>\n\t<meta property=\"og:image:height\" content=\"92\" \/>\n\t<meta property=\"og:image:type\" content=\"image\/png\" \/>\n<meta name=\"author\" content=\"Julien\" \/>\n<meta name=\"twitter:card\" content=\"summary_large_image\" \/>\n<meta name=\"twitter:label1\" content=\"\u00c9crit par\" \/>\n\t<meta name=\"twitter:data1\" content=\"Julien\" \/>\n\t<meta name=\"twitter:label2\" content=\"Dur\u00e9e de lecture est.\" \/>\n\t<meta name=\"twitter:data2\" content=\"3 minutes\" \/>\n<script type=\"application\/ld+json\" class=\"yoast-schema-graph\">{\"@context\":\"https:\/\/schema.org\",\"@graph\":[{\"@type\":\"Article\",\"@id\":\"https:\/\/vieassociative.be\/actualites\/le-plus-chaud-juin-precedemment-mesure-en-europe-occidentale\/#article\",\"isPartOf\":{\"@id\":\"https:\/\/vieassociative.be\/actualites\/le-plus-chaud-juin-precedemment-mesure-en-europe-occidentale\/\"},\"author\":{\"name\":\"Julien\",\"@id\":\"https:\/\/vieassociative.be\/actualites\/#\/schema\/person\/b87ac4f82f9d4e7b7cec7395b679edc4\"},\"headline\":\"Le plus chaud juin pr\u00e9c\u00e9demment mesur\u00e9 en Europe occidentale\",\"datePublished\":\"2025-07-11T02:17:10+00:00\",\"dateModified\":\"2025-07-11T02:17:10+00:00\",\"mainEntityOfPage\":{\"@id\":\"https:\/\/vieassociative.be\/actualites\/le-plus-chaud-juin-precedemment-mesure-en-europe-occidentale\/\"},\"wordCount\":571,\"publisher\":{\"@id\":\"https:\/\/vieassociative.be\/actualites\/#organization\"},\"image\":{\"@id\":\"https:\/\/vieassociative.be\/actualites\/le-plus-chaud-juin-precedemment-mesure-en-europe-occidentale\/#primaryimage\"},\"thumbnailUrl\":\"https:\/\/vieassociative.be\/actualites\/wp-content\/uploads\/2025\/07\/1752200231_Le-plus-chaud-juin-precedemment-mesure-en-Europe-occidentale.jpg\",\"keywords\":[\"chaud\",\"Europe\",\"juin\",\"mesure\",\"occidentale\",\"pr\u00e9c\u00e9demment\"],\"articleSection\":[\"Belgique\"],\"inLanguage\":\"fr-BE\"},{\"@type\":\"WebPage\",\"@id\":\"https:\/\/vieassociative.be\/actualites\/le-plus-chaud-juin-precedemment-mesure-en-europe-occidentale\/\",\"url\":\"https:\/\/vieassociative.be\/actualites\/le-plus-chaud-juin-precedemment-mesure-en-europe-occidentale\/\",\"name\":\"Le plus chaud juin pr\u00e9c\u00e9demment mesur\u00e9 en Europe occidentale | Vie Associative\",\"isPartOf\":{\"@id\":\"https:\/\/vieassociative.be\/actualites\/#website\"},\"primaryImageOfPage\":{\"@id\":\"https:\/\/vieassociative.be\/actualites\/le-plus-chaud-juin-precedemment-mesure-en-europe-occidentale\/#primaryimage\"},\"image\":{\"@id\":\"https:\/\/vieassociative.be\/actualites\/le-plus-chaud-juin-precedemment-mesure-en-europe-occidentale\/#primaryimage\"},\"thumbnailUrl\":\"https:\/\/vieassociative.be\/actualites\/wp-content\/uploads\/2025\/07\/1752200231_Le-plus-chaud-juin-precedemment-mesure-en-Europe-occidentale.jpg\",\"datePublished\":\"2025-07-11T02:17:10+00:00\",\"dateModified\":\"2025-07-11T02:17:10+00:00\",\"breadcrumb\":{\"@id\":\"https:\/\/vieassociative.be\/actualites\/le-plus-chaud-juin-precedemment-mesure-en-europe-occidentale\/#breadcrumb\"},\"inLanguage\":\"fr-BE\",\"potentialAction\":[{\"@type\":\"ReadAction\",\"target\":[\"https:\/\/vieassociative.be\/actualites\/le-plus-chaud-juin-precedemment-mesure-en-europe-occidentale\/\"]}]},{\"@type\":\"ImageObject\",\"inLanguage\":\"fr-BE\",\"@id\":\"https:\/\/vieassociative.be\/actualites\/le-plus-chaud-juin-precedemment-mesure-en-europe-occidentale\/#primaryimage\",\"url\":\"https:\/\/vieassociative.be\/actualites\/wp-content\/uploads\/2025\/07\/1752200231_Le-plus-chaud-juin-precedemment-mesure-en-Europe-occidentale.jpg\",\"contentUrl\":\"https:\/\/vieassociative.be\/actualites\/wp-content\/uploads\/2025\/07\/1752200231_Le-plus-chaud-juin-precedemment-mesure-en-Europe-occidentale.jpg\",\"width\":1200,\"height\":800,\"caption\":\"Le plus chaud juin pr\u00e9c\u00e9demment mesur\u00e9 en Europe occidentale\"},{\"@type\":\"BreadcrumbList\",\"@id\":\"https:\/\/vieassociative.be\/actualites\/le-plus-chaud-juin-precedemment-mesure-en-europe-occidentale\/#breadcrumb\",\"itemListElement\":[{\"@type\":\"ListItem\",\"position\":1,\"name\":\"Accueil\",\"item\":\"https:\/\/vieassociative.be\/actualites\/\"},{\"@type\":\"ListItem\",\"position\":2,\"name\":\"Le plus chaud juin pr\u00e9c\u00e9demment mesur\u00e9 en Europe occidentale\"}]},{\"@type\":\"WebSite\",\"@id\":\"https:\/\/vieassociative.be\/actualites\/#website\",\"url\":\"https:\/\/vieassociative.be\/actualites\/\",\"name\":\"Vie Associative\",\"description\":\"\",\"publisher\":{\"@id\":\"https:\/\/vieassociative.be\/actualites\/#organization\"},\"potentialAction\":[{\"@type\":\"SearchAction\",\"target\":{\"@type\":\"EntryPoint\",\"urlTemplate\":\"https:\/\/vieassociative.be\/actualites\/?s={search_term_string}\"},\"query-input\":{\"@type\":\"PropertyValueSpecification\",\"valueRequired\":true,\"valueName\":\"search_term_string\"}}],\"inLanguage\":\"fr-BE\"},{\"@type\":\"Organization\",\"@id\":\"https:\/\/vieassociative.be\/actualites\/#organization\",\"name\":\"Vie Associative\",\"url\":\"https:\/\/vieassociative.be\/actualites\/\",\"logo\":{\"@type\":\"ImageObject\",\"inLanguage\":\"fr-BE\",\"@id\":\"https:\/\/vieassociative.be\/actualites\/#\/schema\/logo\/image\/\",\"url\":\"https:\/\/vieassociative.be\/actualites\/wp-content\/uploads\/2024\/09\/cropped-vieassociative_favicon.ico.png\",\"contentUrl\":\"https:\/\/vieassociative.be\/actualites\/wp-content\/uploads\/2024\/09\/cropped-vieassociative_favicon.ico.png\",\"width\":512,\"height\":512,\"caption\":\"Vie Associative\"},\"image\":{\"@id\":\"https:\/\/vieassociative.be\/actualites\/#\/schema\/logo\/image\/\"}},{\"@type\":\"Person\",\"@id\":\"https:\/\/vieassociative.be\/actualites\/#\/schema\/person\/b87ac4f82f9d4e7b7cec7395b679edc4\",\"name\":\"Julien\",\"image\":{\"@type\":\"ImageObject\",\"inLanguage\":\"fr-BE\",\"@id\":\"https:\/\/vieassociative.be\/actualites\/#\/schema\/person\/image\/\",\"url\":\"https:\/\/vieassociative.be\/actualites\/wp-content\/uploads\/2024\/09\/vie-associative-1-150x150.jpg\",\"contentUrl\":\"https:\/\/vieassociative.be\/actualites\/wp-content\/uploads\/2024\/09\/vie-associative-1-150x150.jpg\",\"caption\":\"Julien\"},\"description\":\"Je suis Julien, r\u00e9dacteur pour Vie Associative. Passionn\u00e9 par le monde associatif depuis plus de 10 ans, j'ai \u00e0 c\u0153ur de partager des histoires inspirantes et de mettre en lumi\u00e8re les initiatives locales. Mon objectif est de sensibiliser et d'encourager l'engagement communautaire \u00e0 travers mes articles.\",\"sameAs\":[\"https:\/\/vieassociative.be\/\"]}]}<\/script>\n<!-- \/ Yoast SEO plugin. -->","yoast_head_json":{"title":"Le plus chaud juin pr\u00e9c\u00e9demment mesur\u00e9 en Europe occidentale | Vie Associative","robots":{"index":"index","follow":"follow","max-snippet":"max-snippet:-1","max-image-preview":"max-image-preview:large","max-video-preview":"max-video-preview:-1"},"canonical":"https:\/\/vieassociative.be\/actualites\/le-plus-chaud-juin-precedemment-mesure-en-europe-occidentale\/","og_locale":"fr_FR","og_type":"article","og_title":"Le plus chaud juin pr\u00e9c\u00e9demment mesur\u00e9 en Europe occidentale | Vie Associative","og_description":"Juin \u00e9tait le plus chaud pr\u00e9c\u00e9demment mesur\u00e9 en Europe occidentale. La temp\u00e9rature moyenne \u00e9tait de 20,49 degr\u00e9s, comme le service de mur climatique de l&rsquo;UE","og_url":"https:\/\/vieassociative.be\/actualites\/le-plus-chaud-juin-precedemment-mesure-en-europe-occidentale\/","og_site_name":"Vie Associative","article_published_time":"2025-07-11T02:17:10+00:00","og_image":[{"width":279,"height":92,"url":"https:\/\/vieassociative.be\/actualites\/wp-content\/uploads\/2024\/09\/header_backgroundk-01-e1726694325946.png","type":"image\/png"}],"author":"Julien","twitter_card":"summary_large_image","twitter_misc":{"\u00c9crit par":"Julien","Dur\u00e9e de lecture est.":"3 minutes"},"schema":{"@context":"https:\/\/schema.org","@graph":[{"@type":"Article","@id":"https:\/\/vieassociative.be\/actualites\/le-plus-chaud-juin-precedemment-mesure-en-europe-occidentale\/#article","isPartOf":{"@id":"https:\/\/vieassociative.be\/actualites\/le-plus-chaud-juin-precedemment-mesure-en-europe-occidentale\/"},"author":{"name":"Julien","@id":"https:\/\/vieassociative.be\/actualites\/#\/schema\/person\/b87ac4f82f9d4e7b7cec7395b679edc4"},"headline":"Le plus chaud juin pr\u00e9c\u00e9demment mesur\u00e9 en Europe occidentale","datePublished":"2025-07-11T02:17:10+00:00","dateModified":"2025-07-11T02:17:10+00:00","mainEntityOfPage":{"@id":"https:\/\/vieassociative.be\/actualites\/le-plus-chaud-juin-precedemment-mesure-en-europe-occidentale\/"},"wordCount":571,"publisher":{"@id":"https:\/\/vieassociative.be\/actualites\/#organization"},"image":{"@id":"https:\/\/vieassociative.be\/actualites\/le-plus-chaud-juin-precedemment-mesure-en-europe-occidentale\/#primaryimage"},"thumbnailUrl":"https:\/\/vieassociative.be\/actualites\/wp-content\/uploads\/2025\/07\/1752200231_Le-plus-chaud-juin-precedemment-mesure-en-Europe-occidentale.jpg","keywords":["chaud","Europe","juin","mesure","occidentale","pr\u00e9c\u00e9demment"],"articleSection":["Belgique"],"inLanguage":"fr-BE"},{"@type":"WebPage","@id":"https:\/\/vieassociative.be\/actualites\/le-plus-chaud-juin-precedemment-mesure-en-europe-occidentale\/","url":"https:\/\/vieassociative.be\/actualites\/le-plus-chaud-juin-precedemment-mesure-en-europe-occidentale\/","name":"Le plus chaud juin pr\u00e9c\u00e9demment mesur\u00e9 en Europe occidentale | Vie Associative","isPartOf":{"@id":"https:\/\/vieassociative.be\/actualites\/#website"},"primaryImageOfPage":{"@id":"https:\/\/vieassociative.be\/actualites\/le-plus-chaud-juin-precedemment-mesure-en-europe-occidentale\/#primaryimage"},"image":{"@id":"https:\/\/vieassociative.be\/actualites\/le-plus-chaud-juin-precedemment-mesure-en-europe-occidentale\/#primaryimage"},"thumbnailUrl":"https:\/\/vieassociative.be\/actualites\/wp-content\/uploads\/2025\/07\/1752200231_Le-plus-chaud-juin-precedemment-mesure-en-Europe-occidentale.jpg","datePublished":"2025-07-11T02:17:10+00:00","dateModified":"2025-07-11T02:17:10+00:00","breadcrumb":{"@id":"https:\/\/vieassociative.be\/actualites\/le-plus-chaud-juin-precedemment-mesure-en-europe-occidentale\/#breadcrumb"},"inLanguage":"fr-BE","potentialAction":[{"@type":"ReadAction","target":["https:\/\/vieassociative.be\/actualites\/le-plus-chaud-juin-precedemment-mesure-en-europe-occidentale\/"]}]},{"@type":"ImageObject","inLanguage":"fr-BE","@id":"https:\/\/vieassociative.be\/actualites\/le-plus-chaud-juin-precedemment-mesure-en-europe-occidentale\/#primaryimage","url":"https:\/\/vieassociative.be\/actualites\/wp-content\/uploads\/2025\/07\/1752200231_Le-plus-chaud-juin-precedemment-mesure-en-Europe-occidentale.jpg","contentUrl":"https:\/\/vieassociative.be\/actualites\/wp-content\/uploads\/2025\/07\/1752200231_Le-plus-chaud-juin-precedemment-mesure-en-Europe-occidentale.jpg","width":1200,"height":800,"caption":"Le plus chaud juin pr\u00e9c\u00e9demment mesur\u00e9 en Europe occidentale"},{"@type":"BreadcrumbList","@id":"https:\/\/vieassociative.be\/actualites\/le-plus-chaud-juin-precedemment-mesure-en-europe-occidentale\/#breadcrumb","itemListElement":[{"@type":"ListItem","position":1,"name":"Accueil","item":"https:\/\/vieassociative.be\/actualites\/"},{"@type":"ListItem","position":2,"name":"Le plus chaud juin pr\u00e9c\u00e9demment mesur\u00e9 en Europe occidentale"}]},{"@type":"WebSite","@id":"https:\/\/vieassociative.be\/actualites\/#website","url":"https:\/\/vieassociative.be\/actualites\/","name":"Vie Associative","description":"","publisher":{"@id":"https:\/\/vieassociative.be\/actualites\/#organization"},"potentialAction":[{"@type":"SearchAction","target":{"@type":"EntryPoint","urlTemplate":"https:\/\/vieassociative.be\/actualites\/?s={search_term_string}"},"query-input":{"@type":"PropertyValueSpecification","valueRequired":true,"valueName":"search_term_string"}}],"inLanguage":"fr-BE"},{"@type":"Organization","@id":"https:\/\/vieassociative.be\/actualites\/#organization","name":"Vie Associative","url":"https:\/\/vieassociative.be\/actualites\/","logo":{"@type":"ImageObject","inLanguage":"fr-BE","@id":"https:\/\/vieassociative.be\/actualites\/#\/schema\/logo\/image\/","url":"https:\/\/vieassociative.be\/actualites\/wp-content\/uploads\/2024\/09\/cropped-vieassociative_favicon.ico.png","contentUrl":"https:\/\/vieassociative.be\/actualites\/wp-content\/uploads\/2024\/09\/cropped-vieassociative_favicon.ico.png","width":512,"height":512,"caption":"Vie Associative"},"image":{"@id":"https:\/\/vieassociative.be\/actualites\/#\/schema\/logo\/image\/"}},{"@type":"Person","@id":"https:\/\/vieassociative.be\/actualites\/#\/schema\/person\/b87ac4f82f9d4e7b7cec7395b679edc4","name":"Julien","image":{"@type":"ImageObject","inLanguage":"fr-BE","@id":"https:\/\/vieassociative.be\/actualites\/#\/schema\/person\/image\/","url":"https:\/\/vieassociative.be\/actualites\/wp-content\/uploads\/2024\/09\/vie-associative-1-150x150.jpg","contentUrl":"https:\/\/vieassociative.be\/actualites\/wp-content\/uploads\/2024\/09\/vie-associative-1-150x150.jpg","caption":"Julien"},"description":"Je suis Julien, r\u00e9dacteur pour Vie Associative. Passionn\u00e9 par le monde associatif depuis plus de 10 ans, j'ai \u00e0 c\u0153ur de partager des histoires inspirantes et de mettre en lumi\u00e8re les initiatives locales. Mon objectif est de sensibiliser et d'encourager l'engagement communautaire \u00e0 travers mes articles.","sameAs":["https:\/\/vieassociative.be\/"]}]}},"_links":{"self":[{"href":"https:\/\/vieassociative.be\/actualites\/wp-json\/wp\/v2\/posts\/8673"}],"collection":[{"href":"https:\/\/vieassociative.be\/actualites\/wp-json\/wp\/v2\/posts"}],"about":[{"href":"https:\/\/vieassociative.be\/actualites\/wp-json\/wp\/v2\/types\/post"}],"author":[{"embeddable":true,"href":"https:\/\/vieassociative.be\/actualites\/wp-json\/wp\/v2\/users\/1"}],"replies":[{"embeddable":true,"href":"https:\/\/vieassociative.be\/actualites\/wp-json\/wp\/v2\/comments?post=8673"}],"version-history":[{"count":0,"href":"https:\/\/vieassociative.be\/actualites\/wp-json\/wp\/v2\/posts\/8673\/revisions"}],"wp:featuredmedia":[{"embeddable":true,"href":"https:\/\/vieassociative.be\/actualites\/wp-json\/wp\/v2\/media\/8674"}],"wp:attachment":[{"href":"https:\/\/vieassociative.be\/actualites\/wp-json\/wp\/v2\/media?parent=8673"}],"wp:term":[{"taxonomy":"category","embeddable":true,"href":"https:\/\/vieassociative.be\/actualites\/wp-json\/wp\/v2\/categories?post=8673"},{"taxonomy":"post_tag","embeddable":true,"href":"https:\/\/vieassociative.be\/actualites\/wp-json\/wp\/v2\/tags?post=8673"}],"curies":[{"name":"wp","href":"https:\/\/api.w.org\/{rel}","templated":true}]}}