{"id":8665,"date":"2025-07-10T22:17:24","date_gmt":"2025-07-10T20:17:24","guid":{"rendered":"https:\/\/vieassociative.be\/actualites\/mathieu-van-der-poel-a-conquis-le-jaune-on-vendredi-le-mur-de-brretagne-monte\/"},"modified":"2025-07-10T22:17:24","modified_gmt":"2025-07-10T20:17:24","slug":"mathieu-van-der-poel-a-conquis-le-jaune-on-vendredi-le-mur-de-brretagne-monte","status":"publish","type":"post","link":"https:\/\/vieassociative.be\/actualites\/mathieu-van-der-poel-a-conquis-le-jaune-on-vendredi-le-mur-de-brretagne-monte\/","title":{"rendered":"Mathieu van der Poel a conquis le jaune-on vendredi, le mur-de-brretagne monte"},"content":{"rendered":"<p><strong>Mathieu van der Poel ne devrait pas \u00eatre radi\u00e9 trop rapidement, Oo n&rsquo;abandonne pas rapidement le roi classique: l&rsquo;ex-champion du monde n\u00e9erlandais obtient l&rsquo;exemple global sur son terrain, la victoire de la journ\u00e9e va \u00e0 Ben Healy.<\/strong><\/p>\n<p><span id=\"more-419757\"><\/span>Mathieu van der Poel a tortur\u00e9 la derni\u00e8re rampe, puis s&rsquo;est assis compl\u00e8tement termin\u00e9 sur l&rsquo;asphalte. Mais le grand combat en valait la peine: le roi classique a r\u00e9cup\u00e9r\u00e9 le maillot jaune au Tour de France apr\u00e8s seulement une journ\u00e9e. En fin de compte, le minuscule d&rsquo;une seconde \u00e9tait le facteur d\u00e9cisif.<\/p>\n<p>L&rsquo;ancien champion du monde n\u00e9erlandais s&rsquo;est rendu \u00e0 la huiti\u00e8me place derri\u00e8re le vainqueur de la Journ\u00e9e irlandaise Ben Healy sur la sixi\u00e8me \u00e9tape au cours des kilom\u00e8tres de 2015 de Bayeux \u00e0 Vire-Normandie dans un groupe aberrant.<\/p>\n<div id=\"attachment_419760\" class=\"wp-caption alignleft\" style=\"max-width: 300px\"><img fetchpriority=\"high\" decoding=\"async\" class=\"wp-image-419760 size-medium\" src=\"https:\/\/vieassociative.be\/actualites\/wp-content\/uploads\/2025\/07\/Mathieu-van-der-Poel-a-conquis-le-jaune-on-vendredi-le.jpg\" alt=\"\" width=\"300\" height=\"200\"  ><\/p>\n<p class=\"wp-caption-text\">07\/10\/2025, France, Vire Normandie: Irlandais Ben Healy brave quand il franchit la ligne d&rsquo;arriv\u00e9e et remporte la sixi\u00e8me \u00e9tape du Tour de France. Photo: Mosa&rsquo;ab Elshamy \/ AP \/ DPA<\/p>\n<\/div>\n<p>Van Der Poel a de nouveau pris la t\u00eate de la t\u00eate, qu&rsquo;il avait perdue mercredi lors du contre-la-montre individuel contre le champion en titre Tadej Pogacar. Pour le champion de Paris Roubaix, c&rsquo;est d\u00e9j\u00e0 le quatri\u00e8me maillot jaune de la tourn\u00e9e de cette ann\u00e9e, et en 2021, il \u00e9tait le leader depuis six jours.<\/p>\n<p><strong>&#8211; Pogacar facilite la t\u00e2che:<\/strong> Pogacar, cependant, a \u00e9pargn\u00e9 sa force pour d&rsquo;autres actes h\u00e9ro\u00efques dans les montagnes et a atteint le but \u00e0 5:27 minutes de la journ\u00e9e, le vainqueur de la journ\u00e9e Healy avec les autres vainqueurs.<\/p>\n<p>Six notes de montagne plus petites et un total de 3500 m\u00e8tres d&rsquo;altitude &#8211; le profil a \u00e9t\u00e9 quelque peu compar\u00e9 aux classiques des Ardennes et a donc \u00e9t\u00e9 fabriqu\u00e9 sur mesure pour Van der Poel. Le champion du monde crois\u00e9 a encore beaucoup \u00e0 faire lors de cette tourn\u00e9e. \u00ab\u00a0MVP\u00a0\u00bb a \u00e9galement combattu pour des points au Sprint interm\u00e9diaire et veut apparemment repr\u00e9senter le maillot vert pour son co\u00e9quipier Jasper Philipsen, qui \u00e9tait coinc\u00e9 sur la troisi\u00e8me \u00e9tape.<\/p>\n<p>En plus du maillot jaune, Pogacar a \u00e9galement cit\u00e9 les points et la cote de montagne avant le d\u00e9part. Le Slov\u00e8ne a exceptionnellement permis de voir qu&rsquo;il n&rsquo;\u00e9tait pas tr\u00e8s int\u00e9ress\u00e9 par les maillots de leadership au d\u00e9but de la tourn\u00e9e. \u00ab\u00a0C&rsquo;est une journ\u00e9e pour les valeurs aberrantes. Il est tout \u00e0 fait possible que vous obteniez \u00e9galement le maillot jaune\u00a0\u00bb, a d\u00e9clar\u00e9 Pogacar.<\/p>\n<div id=\"attachment_419761\" class=\"wp-caption alignleft\" style=\"max-width: 300px\"><img decoding=\"async\" class=\"wp-image-419761 size-medium\" src=\"https:\/\/vieassociative.be\/actualites\/wp-content\/uploads\/2025\/07\/1752178644_257_Mathieu-van-der-Poel-a-conquis-le-jaune-on-vendredi-le.jpg\" alt=\"\" width=\"300\" height=\"200\"><\/p>\n<p class=\"wp-caption-text\">07\/10\/2025, France, Vire Normandie: Le Slov\u00e8ne Tadej Pogacar, qui porte le maillot jaune du leader global, franchit la ligne d&rsquo;arriv\u00e9e. Photo: Mosa&rsquo;ab Elshamy \/ AP \/ DPA<\/p>\n<\/div>\n<p>La d\u00e9cision concernant la victoire de la journ\u00e9e \u00e9tait de 41 kilom\u00e8tres avant la fin, lorsque nous avons commenc\u00e9 seul et que les co-exc\u00e8s ne pouvaient plus suivre. De m\u00eame, la col\u00e8re avait remport\u00e9 une sc\u00e8ne au Giro d&rsquo;Italia en 2023.<\/p>\n<p><strong>-Veegaard fait la faillite apr\u00e8s:<\/strong> Le rival de Pogacar, Jonas Vingegaard, a \u00e9galement roul\u00e9 dans le groupe pr\u00e9f\u00e9r\u00e9 discr\u00e8tement apr\u00e8s avoir fait une d\u00e9faite \u00e9crasante dans le contre-la-montre individuel la veille, qui avait d\u00e9clench\u00e9 une grande horreur dans la patrie danoise.<\/p>\n<p>\u00ab\u00a0Vingegaard fait de Pogacar Platt\u00a0\u00bb, a \u00e9crit le BulavardBlatt BT 1:05 Minutes, le vainqueur de la tourn\u00e9e de 2022 et 2023 a perdu sur le deuxi\u00e8me Pogacar. \u00ab\u00a0Nous devons sortir quelque part si Jonas veut gagner la tourn\u00e9e\u00a0\u00bb, a d\u00e9clar\u00e9 son directeur sportif de Visma, Grischa Niermann.<\/p>\n<p>Peut-\u00eatre d\u00e9j\u00e0 vendredi, lorsque les choses pourraient se rendre aux affaires sur la septi\u00e8me \u00e9tape sous les favoris. Sur 197 kilom\u00e8tres, il passe de Saint-Malo \u00e0 la Mur-de-Bretagne. Une augmentation finale de deux kilom\u00e8tres attend les conducteurs avec une moyenne de 6,9%. Soit dit en passant, lors de la derni\u00e8re fuite de la tourn\u00e9e il y a quatre ans, le poel sur le mur a gagn\u00e9 et le maillot jaune. (DPA \/ CRE)<\/p>\n","protected":false},"excerpt":{"rendered":"<p>Mathieu van der Poel ne devrait pas \u00eatre radi\u00e9 trop rapidement, Oo n&rsquo;abandonne pas rapidement le roi classique: l&rsquo;ex-champion du monde n\u00e9erlandais obtient l&rsquo;exemple global<\/p>\n","protected":false},"author":1,"featured_media":8666,"comment_status":"","ping_status":"","sticky":false,"template":"","format":"standard","meta":{"footnotes":""},"categories":[298],"tags":[7634,668,7697,6075,7699,7698,5974,4100,252],"class_list":["post-8665","post","type-post","status-publish","format-standard","has-post-thumbnail","hentry","category-belgique","tag-conquis","tag-der","tag-jauneon","tag-mathieu","tag-monte","tag-murdebrretagne","tag-poel","tag-van","tag-vendredi","generate-columns","tablet-grid-50","mobile-grid-100","grid-parent","grid-33"],"yoast_head":"<!-- This site is optimized with the Yoast SEO plugin v24.0 - https:\/\/yoast.com\/wordpress\/plugins\/seo\/ -->\n<title>Mathieu van der Poel a conquis le jaune-on vendredi, le mur-de-brretagne monte | Vie Associative<\/title>\n<meta name=\"robots\" content=\"index, follow, max-snippet:-1, max-image-preview:large, max-video-preview:-1\" \/>\n<link rel=\"canonical\" href=\"https:\/\/vieassociative.be\/actualites\/mathieu-van-der-poel-a-conquis-le-jaune-on-vendredi-le-mur-de-brretagne-monte\/\" \/>\n<meta property=\"og:locale\" content=\"fr_FR\" \/>\n<meta property=\"og:type\" content=\"article\" \/>\n<meta property=\"og:title\" content=\"Mathieu van der Poel a conquis le jaune-on vendredi, le mur-de-brretagne monte | Vie Associative\" \/>\n<meta property=\"og:description\" content=\"Mathieu van der Poel ne devrait pas \u00eatre radi\u00e9 trop rapidement, Oo n&rsquo;abandonne pas rapidement le roi classique: l&rsquo;ex-champion du monde n\u00e9erlandais obtient l&rsquo;exemple global\" \/>\n<meta property=\"og:url\" content=\"https:\/\/vieassociative.be\/actualites\/mathieu-van-der-poel-a-conquis-le-jaune-on-vendredi-le-mur-de-brretagne-monte\/\" \/>\n<meta property=\"og:site_name\" content=\"Vie Associative\" \/>\n<meta property=\"article:published_time\" content=\"2025-07-10T20:17:24+00:00\" \/>\n<meta property=\"og:image\" content=\"https:\/\/vieassociative.be\/actualites\/wp-content\/uploads\/2024\/09\/header_backgroundk-01-e1726694325946.png\" \/>\n\t<meta property=\"og:image:width\" content=\"279\" \/>\n\t<meta property=\"og:image:height\" content=\"92\" \/>\n\t<meta property=\"og:image:type\" content=\"image\/png\" \/>\n<meta name=\"author\" content=\"Julien\" \/>\n<meta name=\"twitter:card\" content=\"summary_large_image\" \/>\n<meta name=\"twitter:label1\" content=\"\u00c9crit par\" \/>\n\t<meta name=\"twitter:data1\" content=\"Julien\" \/>\n\t<meta name=\"twitter:label2\" content=\"Dur\u00e9e de lecture est.\" \/>\n\t<meta name=\"twitter:data2\" content=\"3 minutes\" \/>\n<script type=\"application\/ld+json\" class=\"yoast-schema-graph\">{\"@context\":\"https:\/\/schema.org\",\"@graph\":[{\"@type\":\"Article\",\"@id\":\"https:\/\/vieassociative.be\/actualites\/mathieu-van-der-poel-a-conquis-le-jaune-on-vendredi-le-mur-de-brretagne-monte\/#article\",\"isPartOf\":{\"@id\":\"https:\/\/vieassociative.be\/actualites\/mathieu-van-der-poel-a-conquis-le-jaune-on-vendredi-le-mur-de-brretagne-monte\/\"},\"author\":{\"name\":\"Julien\",\"@id\":\"https:\/\/vieassociative.be\/actualites\/#\/schema\/person\/b87ac4f82f9d4e7b7cec7395b679edc4\"},\"headline\":\"Mathieu van der Poel a conquis le jaune-on vendredi, le mur-de-brretagne monte\",\"datePublished\":\"2025-07-10T20:17:24+00:00\",\"dateModified\":\"2025-07-10T20:17:24+00:00\",\"mainEntityOfPage\":{\"@id\":\"https:\/\/vieassociative.be\/actualites\/mathieu-van-der-poel-a-conquis-le-jaune-on-vendredi-le-mur-de-brretagne-monte\/\"},\"wordCount\":699,\"publisher\":{\"@id\":\"https:\/\/vieassociative.be\/actualites\/#organization\"},\"image\":{\"@id\":\"https:\/\/vieassociative.be\/actualites\/mathieu-van-der-poel-a-conquis-le-jaune-on-vendredi-le-mur-de-brretagne-monte\/#primaryimage\"},\"thumbnailUrl\":\"https:\/\/vieassociative.be\/actualites\/wp-content\/uploads\/2025\/07\/1752178645_Mathieu-van-der-Poel-a-conquis-le-jaune-on-vendredi-le.jpg\",\"keywords\":[\"conquis\",\"der\",\"jauneon\",\"Mathieu\",\"monte\",\"murdebrretagne\",\"Poel\",\"Van\",\"vendredi\"],\"articleSection\":[\"Belgique\"],\"inLanguage\":\"fr-BE\"},{\"@type\":\"WebPage\",\"@id\":\"https:\/\/vieassociative.be\/actualites\/mathieu-van-der-poel-a-conquis-le-jaune-on-vendredi-le-mur-de-brretagne-monte\/\",\"url\":\"https:\/\/vieassociative.be\/actualites\/mathieu-van-der-poel-a-conquis-le-jaune-on-vendredi-le-mur-de-brretagne-monte\/\",\"name\":\"Mathieu van der Poel a conquis le jaune-on vendredi, le mur-de-brretagne monte | Vie Associative\",\"isPartOf\":{\"@id\":\"https:\/\/vieassociative.be\/actualites\/#website\"},\"primaryImageOfPage\":{\"@id\":\"https:\/\/vieassociative.be\/actualites\/mathieu-van-der-poel-a-conquis-le-jaune-on-vendredi-le-mur-de-brretagne-monte\/#primaryimage\"},\"image\":{\"@id\":\"https:\/\/vieassociative.be\/actualites\/mathieu-van-der-poel-a-conquis-le-jaune-on-vendredi-le-mur-de-brretagne-monte\/#primaryimage\"},\"thumbnailUrl\":\"https:\/\/vieassociative.be\/actualites\/wp-content\/uploads\/2025\/07\/1752178645_Mathieu-van-der-Poel-a-conquis-le-jaune-on-vendredi-le.jpg\",\"datePublished\":\"2025-07-10T20:17:24+00:00\",\"dateModified\":\"2025-07-10T20:17:24+00:00\",\"breadcrumb\":{\"@id\":\"https:\/\/vieassociative.be\/actualites\/mathieu-van-der-poel-a-conquis-le-jaune-on-vendredi-le-mur-de-brretagne-monte\/#breadcrumb\"},\"inLanguage\":\"fr-BE\",\"potentialAction\":[{\"@type\":\"ReadAction\",\"target\":[\"https:\/\/vieassociative.be\/actualites\/mathieu-van-der-poel-a-conquis-le-jaune-on-vendredi-le-mur-de-brretagne-monte\/\"]}]},{\"@type\":\"ImageObject\",\"inLanguage\":\"fr-BE\",\"@id\":\"https:\/\/vieassociative.be\/actualites\/mathieu-van-der-poel-a-conquis-le-jaune-on-vendredi-le-mur-de-brretagne-monte\/#primaryimage\",\"url\":\"https:\/\/vieassociative.be\/actualites\/wp-content\/uploads\/2025\/07\/1752178645_Mathieu-van-der-Poel-a-conquis-le-jaune-on-vendredi-le.jpg\",\"contentUrl\":\"https:\/\/vieassociative.be\/actualites\/wp-content\/uploads\/2025\/07\/1752178645_Mathieu-van-der-Poel-a-conquis-le-jaune-on-vendredi-le.jpg\",\"width\":1200,\"height\":800,\"caption\":\"Mathieu van der Poel a conquis le jaune-on vendredi, le mur-de-brretagne monte\"},{\"@type\":\"BreadcrumbList\",\"@id\":\"https:\/\/vieassociative.be\/actualites\/mathieu-van-der-poel-a-conquis-le-jaune-on-vendredi-le-mur-de-brretagne-monte\/#breadcrumb\",\"itemListElement\":[{\"@type\":\"ListItem\",\"position\":1,\"name\":\"Accueil\",\"item\":\"https:\/\/vieassociative.be\/actualites\/\"},{\"@type\":\"ListItem\",\"position\":2,\"name\":\"Mathieu van der Poel a conquis le jaune-on vendredi, le mur-de-brretagne monte\"}]},{\"@type\":\"WebSite\",\"@id\":\"https:\/\/vieassociative.be\/actualites\/#website\",\"url\":\"https:\/\/vieassociative.be\/actualites\/\",\"name\":\"Vie Associative\",\"description\":\"\",\"publisher\":{\"@id\":\"https:\/\/vieassociative.be\/actualites\/#organization\"},\"potentialAction\":[{\"@type\":\"SearchAction\",\"target\":{\"@type\":\"EntryPoint\",\"urlTemplate\":\"https:\/\/vieassociative.be\/actualites\/?s={search_term_string}\"},\"query-input\":{\"@type\":\"PropertyValueSpecification\",\"valueRequired\":true,\"valueName\":\"search_term_string\"}}],\"inLanguage\":\"fr-BE\"},{\"@type\":\"Organization\",\"@id\":\"https:\/\/vieassociative.be\/actualites\/#organization\",\"name\":\"Vie Associative\",\"url\":\"https:\/\/vieassociative.be\/actualites\/\",\"logo\":{\"@type\":\"ImageObject\",\"inLanguage\":\"fr-BE\",\"@id\":\"https:\/\/vieassociative.be\/actualites\/#\/schema\/logo\/image\/\",\"url\":\"https:\/\/vieassociative.be\/actualites\/wp-content\/uploads\/2024\/09\/cropped-vieassociative_favicon.ico.png\",\"contentUrl\":\"https:\/\/vieassociative.be\/actualites\/wp-content\/uploads\/2024\/09\/cropped-vieassociative_favicon.ico.png\",\"width\":512,\"height\":512,\"caption\":\"Vie Associative\"},\"image\":{\"@id\":\"https:\/\/vieassociative.be\/actualites\/#\/schema\/logo\/image\/\"}},{\"@type\":\"Person\",\"@id\":\"https:\/\/vieassociative.be\/actualites\/#\/schema\/person\/b87ac4f82f9d4e7b7cec7395b679edc4\",\"name\":\"Julien\",\"image\":{\"@type\":\"ImageObject\",\"inLanguage\":\"fr-BE\",\"@id\":\"https:\/\/vieassociative.be\/actualites\/#\/schema\/person\/image\/\",\"url\":\"https:\/\/vieassociative.be\/actualites\/wp-content\/uploads\/2024\/09\/vie-associative-1-150x150.jpg\",\"contentUrl\":\"https:\/\/vieassociative.be\/actualites\/wp-content\/uploads\/2024\/09\/vie-associative-1-150x150.jpg\",\"caption\":\"Julien\"},\"description\":\"Je suis Julien, r\u00e9dacteur pour Vie Associative. Passionn\u00e9 par le monde associatif depuis plus de 10 ans, j'ai \u00e0 c\u0153ur de partager des histoires inspirantes et de mettre en lumi\u00e8re les initiatives locales. Mon objectif est de sensibiliser et d'encourager l'engagement communautaire \u00e0 travers mes articles.\",\"sameAs\":[\"https:\/\/vieassociative.be\/\"]}]}<\/script>\n<!-- \/ Yoast SEO plugin. -->","yoast_head_json":{"title":"Mathieu van der Poel a conquis le jaune-on vendredi, le mur-de-brretagne monte | Vie Associative","robots":{"index":"index","follow":"follow","max-snippet":"max-snippet:-1","max-image-preview":"max-image-preview:large","max-video-preview":"max-video-preview:-1"},"canonical":"https:\/\/vieassociative.be\/actualites\/mathieu-van-der-poel-a-conquis-le-jaune-on-vendredi-le-mur-de-brretagne-monte\/","og_locale":"fr_FR","og_type":"article","og_title":"Mathieu van der Poel a conquis le jaune-on vendredi, le mur-de-brretagne monte | Vie Associative","og_description":"Mathieu van der Poel ne devrait pas \u00eatre radi\u00e9 trop rapidement, Oo n&rsquo;abandonne pas rapidement le roi classique: l&rsquo;ex-champion du monde n\u00e9erlandais obtient l&rsquo;exemple global","og_url":"https:\/\/vieassociative.be\/actualites\/mathieu-van-der-poel-a-conquis-le-jaune-on-vendredi-le-mur-de-brretagne-monte\/","og_site_name":"Vie Associative","article_published_time":"2025-07-10T20:17:24+00:00","og_image":[{"width":279,"height":92,"url":"https:\/\/vieassociative.be\/actualites\/wp-content\/uploads\/2024\/09\/header_backgroundk-01-e1726694325946.png","type":"image\/png"}],"author":"Julien","twitter_card":"summary_large_image","twitter_misc":{"\u00c9crit par":"Julien","Dur\u00e9e de lecture est.":"3 minutes"},"schema":{"@context":"https:\/\/schema.org","@graph":[{"@type":"Article","@id":"https:\/\/vieassociative.be\/actualites\/mathieu-van-der-poel-a-conquis-le-jaune-on-vendredi-le-mur-de-brretagne-monte\/#article","isPartOf":{"@id":"https:\/\/vieassociative.be\/actualites\/mathieu-van-der-poel-a-conquis-le-jaune-on-vendredi-le-mur-de-brretagne-monte\/"},"author":{"name":"Julien","@id":"https:\/\/vieassociative.be\/actualites\/#\/schema\/person\/b87ac4f82f9d4e7b7cec7395b679edc4"},"headline":"Mathieu van der Poel a conquis le jaune-on vendredi, le mur-de-brretagne monte","datePublished":"2025-07-10T20:17:24+00:00","dateModified":"2025-07-10T20:17:24+00:00","mainEntityOfPage":{"@id":"https:\/\/vieassociative.be\/actualites\/mathieu-van-der-poel-a-conquis-le-jaune-on-vendredi-le-mur-de-brretagne-monte\/"},"wordCount":699,"publisher":{"@id":"https:\/\/vieassociative.be\/actualites\/#organization"},"image":{"@id":"https:\/\/vieassociative.be\/actualites\/mathieu-van-der-poel-a-conquis-le-jaune-on-vendredi-le-mur-de-brretagne-monte\/#primaryimage"},"thumbnailUrl":"https:\/\/vieassociative.be\/actualites\/wp-content\/uploads\/2025\/07\/1752178645_Mathieu-van-der-Poel-a-conquis-le-jaune-on-vendredi-le.jpg","keywords":["conquis","der","jauneon","Mathieu","monte","murdebrretagne","Poel","Van","vendredi"],"articleSection":["Belgique"],"inLanguage":"fr-BE"},{"@type":"WebPage","@id":"https:\/\/vieassociative.be\/actualites\/mathieu-van-der-poel-a-conquis-le-jaune-on-vendredi-le-mur-de-brretagne-monte\/","url":"https:\/\/vieassociative.be\/actualites\/mathieu-van-der-poel-a-conquis-le-jaune-on-vendredi-le-mur-de-brretagne-monte\/","name":"Mathieu van der Poel a conquis le jaune-on vendredi, le mur-de-brretagne monte | Vie Associative","isPartOf":{"@id":"https:\/\/vieassociative.be\/actualites\/#website"},"primaryImageOfPage":{"@id":"https:\/\/vieassociative.be\/actualites\/mathieu-van-der-poel-a-conquis-le-jaune-on-vendredi-le-mur-de-brretagne-monte\/#primaryimage"},"image":{"@id":"https:\/\/vieassociative.be\/actualites\/mathieu-van-der-poel-a-conquis-le-jaune-on-vendredi-le-mur-de-brretagne-monte\/#primaryimage"},"thumbnailUrl":"https:\/\/vieassociative.be\/actualites\/wp-content\/uploads\/2025\/07\/1752178645_Mathieu-van-der-Poel-a-conquis-le-jaune-on-vendredi-le.jpg","datePublished":"2025-07-10T20:17:24+00:00","dateModified":"2025-07-10T20:17:24+00:00","breadcrumb":{"@id":"https:\/\/vieassociative.be\/actualites\/mathieu-van-der-poel-a-conquis-le-jaune-on-vendredi-le-mur-de-brretagne-monte\/#breadcrumb"},"inLanguage":"fr-BE","potentialAction":[{"@type":"ReadAction","target":["https:\/\/vieassociative.be\/actualites\/mathieu-van-der-poel-a-conquis-le-jaune-on-vendredi-le-mur-de-brretagne-monte\/"]}]},{"@type":"ImageObject","inLanguage":"fr-BE","@id":"https:\/\/vieassociative.be\/actualites\/mathieu-van-der-poel-a-conquis-le-jaune-on-vendredi-le-mur-de-brretagne-monte\/#primaryimage","url":"https:\/\/vieassociative.be\/actualites\/wp-content\/uploads\/2025\/07\/1752178645_Mathieu-van-der-Poel-a-conquis-le-jaune-on-vendredi-le.jpg","contentUrl":"https:\/\/vieassociative.be\/actualites\/wp-content\/uploads\/2025\/07\/1752178645_Mathieu-van-der-Poel-a-conquis-le-jaune-on-vendredi-le.jpg","width":1200,"height":800,"caption":"Mathieu van der Poel a conquis le jaune-on vendredi, le mur-de-brretagne monte"},{"@type":"BreadcrumbList","@id":"https:\/\/vieassociative.be\/actualites\/mathieu-van-der-poel-a-conquis-le-jaune-on-vendredi-le-mur-de-brretagne-monte\/#breadcrumb","itemListElement":[{"@type":"ListItem","position":1,"name":"Accueil","item":"https:\/\/vieassociative.be\/actualites\/"},{"@type":"ListItem","position":2,"name":"Mathieu van der Poel a conquis le jaune-on vendredi, le mur-de-brretagne monte"}]},{"@type":"WebSite","@id":"https:\/\/vieassociative.be\/actualites\/#website","url":"https:\/\/vieassociative.be\/actualites\/","name":"Vie Associative","description":"","publisher":{"@id":"https:\/\/vieassociative.be\/actualites\/#organization"},"potentialAction":[{"@type":"SearchAction","target":{"@type":"EntryPoint","urlTemplate":"https:\/\/vieassociative.be\/actualites\/?s={search_term_string}"},"query-input":{"@type":"PropertyValueSpecification","valueRequired":true,"valueName":"search_term_string"}}],"inLanguage":"fr-BE"},{"@type":"Organization","@id":"https:\/\/vieassociative.be\/actualites\/#organization","name":"Vie Associative","url":"https:\/\/vieassociative.be\/actualites\/","logo":{"@type":"ImageObject","inLanguage":"fr-BE","@id":"https:\/\/vieassociative.be\/actualites\/#\/schema\/logo\/image\/","url":"https:\/\/vieassociative.be\/actualites\/wp-content\/uploads\/2024\/09\/cropped-vieassociative_favicon.ico.png","contentUrl":"https:\/\/vieassociative.be\/actualites\/wp-content\/uploads\/2024\/09\/cropped-vieassociative_favicon.ico.png","width":512,"height":512,"caption":"Vie Associative"},"image":{"@id":"https:\/\/vieassociative.be\/actualites\/#\/schema\/logo\/image\/"}},{"@type":"Person","@id":"https:\/\/vieassociative.be\/actualites\/#\/schema\/person\/b87ac4f82f9d4e7b7cec7395b679edc4","name":"Julien","image":{"@type":"ImageObject","inLanguage":"fr-BE","@id":"https:\/\/vieassociative.be\/actualites\/#\/schema\/person\/image\/","url":"https:\/\/vieassociative.be\/actualites\/wp-content\/uploads\/2024\/09\/vie-associative-1-150x150.jpg","contentUrl":"https:\/\/vieassociative.be\/actualites\/wp-content\/uploads\/2024\/09\/vie-associative-1-150x150.jpg","caption":"Julien"},"description":"Je suis Julien, r\u00e9dacteur pour Vie Associative. Passionn\u00e9 par le monde associatif depuis plus de 10 ans, j'ai \u00e0 c\u0153ur de partager des histoires inspirantes et de mettre en lumi\u00e8re les initiatives locales. Mon objectif est de sensibiliser et d'encourager l'engagement communautaire \u00e0 travers mes articles.","sameAs":["https:\/\/vieassociative.be\/"]}]}},"_links":{"self":[{"href":"https:\/\/vieassociative.be\/actualites\/wp-json\/wp\/v2\/posts\/8665"}],"collection":[{"href":"https:\/\/vieassociative.be\/actualites\/wp-json\/wp\/v2\/posts"}],"about":[{"href":"https:\/\/vieassociative.be\/actualites\/wp-json\/wp\/v2\/types\/post"}],"author":[{"embeddable":true,"href":"https:\/\/vieassociative.be\/actualites\/wp-json\/wp\/v2\/users\/1"}],"replies":[{"embeddable":true,"href":"https:\/\/vieassociative.be\/actualites\/wp-json\/wp\/v2\/comments?post=8665"}],"version-history":[{"count":0,"href":"https:\/\/vieassociative.be\/actualites\/wp-json\/wp\/v2\/posts\/8665\/revisions"}],"wp:featuredmedia":[{"embeddable":true,"href":"https:\/\/vieassociative.be\/actualites\/wp-json\/wp\/v2\/media\/8666"}],"wp:attachment":[{"href":"https:\/\/vieassociative.be\/actualites\/wp-json\/wp\/v2\/media?parent=8665"}],"wp:term":[{"taxonomy":"category","embeddable":true,"href":"https:\/\/vieassociative.be\/actualites\/wp-json\/wp\/v2\/categories?post=8665"},{"taxonomy":"post_tag","embeddable":true,"href":"https:\/\/vieassociative.be\/actualites\/wp-json\/wp\/v2\/tags?post=8665"}],"curies":[{"name":"wp","href":"https:\/\/api.w.org\/{rel}","templated":true}]}}