{"id":8659,"date":"2025-07-10T16:18:06","date_gmt":"2025-07-10T14:18:06","guid":{"rendered":"https:\/\/vieassociative.be\/actualites\/rhenanie-palatinate-partenaire-de-la-dg-dans-la-soi-disant-grande-region-ne-veut-plus-embaucher-de-membres-de-lafd\/"},"modified":"2025-07-10T16:18:06","modified_gmt":"2025-07-10T14:18:06","slug":"rhenanie-palatinate-partenaire-de-la-dg-dans-la-soi-disant-grande-region-ne-veut-plus-embaucher-de-membres-de-lafd","status":"publish","type":"post","link":"https:\/\/vieassociative.be\/actualites\/rhenanie-palatinate-partenaire-de-la-dg-dans-la-soi-disant-grande-region-ne-veut-plus-embaucher-de-membres-de-lafd\/","title":{"rendered":"Rh\u00e9nanie-Palatinate, partenaire de la DG dans la soi-disant grande r\u00e9gion, ne veut plus embaucher de membres de l&rsquo;AFD"},"content":{"rendered":"<p><strong>Le populiste de droite AFD, la deuxi\u00e8me plus grande faction du Bundestag allemand, est r\u00e9pertori\u00e9 comme une organisation extr\u00e9miste dans l&rsquo;\u00c9tat de Rh\u00e9nanie-Palatinate. Cela devrait avoir des cons\u00e9quences.<\/strong><\/p>\n<p><span id=\"more-419738\"><\/span>La r\u00e9gion partenaire de la communaut\u00e9 allemande dans la grande r\u00e9gion souhaite refuser aux membres de l&rsquo;acc\u00e8s \u00e0 l&rsquo;AFD \u00e0 la fonction publique.<\/p>\n<p>\u00c0 l&rsquo;avenir, une instruction \u00e9crite sur la loyaut\u00e9 constitutionnelle sera obligatoire dans le processus d&#8217;embauche, a annonc\u00e9 le ministre de l&rsquo;Int\u00e9rieur en Rh\u00e9nanie-Palatinage, Michael Ebling, du SPD \u00e0 Mayin.<\/p>\n<\/p>\n<div id=\"attachment_419742\" class=\"wp-caption alignleft\" style=\"max-width: 300px\"><img fetchpriority=\"high\" decoding=\"async\" class=\"wp-image-419742 size-medium\" src=\"https:\/\/vieassociative.be\/actualites\/wp-content\/uploads\/2025\/07\/Rhenanie-Palatinate-partenaire-de-la-DG-dans-la-soi-disant-grande-region.jpg\" alt=\"\" width=\"300\" height=\"205\"><\/p>\n<p class=\"wp-caption-text\">11.06.2025, Rh\u00e9nanie-Palatinate, Maypin: Michael Ebling (SPD), ministre de l&rsquo;Int\u00e9rieur de la Rh\u00e9nanie-Palatinate. Photo: Arne Dedert \/ DPA<\/p>\n<\/div>\n<p>\u00c0 l&rsquo;avenir, tous les candidats doivent expliquer qu&rsquo;ils n&rsquo;appartiennent \u00e0 aucune organisation extr\u00e9miste ou ont \u00e9cout\u00e9 au cours des cinq derni\u00e8res ann\u00e9es. Une partie de cela sera une liste de groupes et d&rsquo;organisations extr\u00e9mistes qui sont r\u00e9guli\u00e8rement mis \u00e0 jour par la protection constitutionnelle, dans laquelle il y a en fait des indications suffisantes pour les efforts anti-constitution, a d\u00e9clar\u00e9 le ministre. \u00ab\u00a0L&rsquo;AFD est donc \u00e9galement g\u00e9r\u00e9 sur cette liste.\u00a0\u00bb<\/p>\n<p>Une \u00e9ventuelle proc\u00e9dure d&rsquo;interdiction contre l&rsquo;AFD est discut\u00e9e dans toute l&rsquo;Allemagne. L&rsquo;un des m\u00eames soutient le SPD, qui est impliqu\u00e9 dans le gouvernement f\u00e9d\u00e9ral et fournit au ministre de la Justice. En mai, l&rsquo;Office f\u00e9d\u00e9ral pour la protection de la Constitution a class\u00e9 l&rsquo;AFD comme \u00ab\u00a0EXTREMISTES DE LA REGET SIMETURES\u00a0\u00bb. Le parti se d\u00e9fend contre lui, de sorte que la classification est donc de retour en attente.<\/p>\n<\/p>\n<div id=\"attachment_404186\" class=\"wp-caption alignleft\" style=\"max-width: 300px\"><img decoding=\"async\" class=\"wp-image-404186 size-medium\" src=\"https:\/\/vieassociative.be\/actualites\/wp-content\/uploads\/2025\/07\/1752157086_463_Rhenanie-Palatinate-partenaire-de-la-DG-dans-la-soi-disant-grande-region.jpg\" alt=\"\" width=\"300\" height=\"200\"  ><\/p>\n<p class=\"wp-caption-text\">Le Premier ministre DG Oliver Paasch (2e VL) en d\u00e9cembre 2024 au sommet de la grande r\u00e9gion de la chancellerie de l&rsquo;\u00c9tat de Mayenz avec le Premier ministre rhas\u00e9aire-palatin\u00e9 Alexander Schweitzer (M). Photo: State Chancellery RLP \/ Jonas Werner-Hohenensee<\/p>\n<\/div>\n<p>En Rh\u00e9nanie-Palatinate, l&rsquo;AFD est observ\u00e9e par la protection constitutionnelle. Le ministre de l&rsquo;Int\u00e9rieur, Ebling, avait r\u00e9cemment d\u00e9clar\u00e9 que lorsque le rapport de protection constitutionnelle a \u00e9t\u00e9 pr\u00e9sent\u00e9 que l&rsquo;AFD n&rsquo;avait pas d&rsquo;aile mod\u00e9r\u00e9e, la radicalisation augmentait. Quiconque nie cette d\u00e9claration et les doutes concernant sa propre loyaut\u00e9 constitutionnelle ne sera pas plac\u00e9e dans la fonction publique, a-t-il d\u00e9clar\u00e9. Pour les employ\u00e9s existants, l&rsquo;appartenance \u00e0 une telle organisation r\u00e9pertori\u00e9e peut repr\u00e9senter une loi disciplinaire hors-law. Le cas individuel est et reste crucial. <\/p>\n<p>Pour rappel: la soi-disant grande r\u00e9gion comprend pr\u00e8s de 12 millions d&rsquo;habitants de Rh\u00e9nanie-Palatinate, du Saarland, du Luxembourg, de Lorraine (Grand EST), de la Wallonie, de la F\u00e9d\u00e9ration Wallonia Bruxelles et de la communaut\u00e9 germanophone. <\/p>\n<p>La grande r\u00e9gion est, pour ainsi dire, l&rsquo;homologue du Sud de l&rsquo;Euregio Maas-Rhein, \u00e0 laquelle appartient \u00e9galement la DG, ainsi que la province de Li\u00e8ge, la province de Belgisch-Limburg, la province de Dutch-Limburg et la r\u00e9gion de la ville d&rsquo;Aachette. (DPA \/ CR)<\/p>\n","protected":false},"excerpt":{"rendered":"<p>Le populiste de droite AFD, la deuxi\u00e8me plus grande faction du Bundestag allemand, est r\u00e9pertori\u00e9 comme une organisation extr\u00e9miste dans l&rsquo;\u00c9tat de Rh\u00e9nanie-Palatinate. Cela devrait<\/p>\n","protected":false},"author":1,"featured_media":8660,"comment_status":"","ping_status":"","sticky":false,"template":"","format":"standard","meta":{"footnotes":""},"categories":[298],"tags":[166,7694,1787,3439,330,113,4041,5656,7693,2635],"class_list":["post-8659","post","type-post","status-publish","format-standard","has-post-thumbnail","hentry","category-belgique","tag-dans","tag-embaucher","tag-grande","tag-lafd","tag-membres","tag-partenaire","tag-region","tag-rhenaniepalatinate","tag-soidisant","tag-veut","generate-columns","tablet-grid-50","mobile-grid-100","grid-parent","grid-33"],"yoast_head":"<!-- This site is optimized with the Yoast SEO plugin v24.0 - https:\/\/yoast.com\/wordpress\/plugins\/seo\/ -->\n<title>Rh\u00e9nanie-Palatinate, partenaire de la DG dans la soi-disant grande r\u00e9gion, ne veut plus embaucher de membres de l&#039;AFD | Vie Associative<\/title>\n<meta name=\"robots\" content=\"index, follow, max-snippet:-1, max-image-preview:large, max-video-preview:-1\" \/>\n<link rel=\"canonical\" href=\"https:\/\/vieassociative.be\/actualites\/rhenanie-palatinate-partenaire-de-la-dg-dans-la-soi-disant-grande-region-ne-veut-plus-embaucher-de-membres-de-lafd\/\" \/>\n<meta property=\"og:locale\" content=\"fr_FR\" \/>\n<meta property=\"og:type\" content=\"article\" \/>\n<meta property=\"og:title\" content=\"Rh\u00e9nanie-Palatinate, partenaire de la DG dans la soi-disant grande r\u00e9gion, ne veut plus embaucher de membres de l&#039;AFD | Vie Associative\" \/>\n<meta property=\"og:description\" content=\"Le populiste de droite AFD, la deuxi\u00e8me plus grande faction du Bundestag allemand, est r\u00e9pertori\u00e9 comme une organisation extr\u00e9miste dans l&rsquo;\u00c9tat de Rh\u00e9nanie-Palatinate. Cela devrait\" \/>\n<meta property=\"og:url\" content=\"https:\/\/vieassociative.be\/actualites\/rhenanie-palatinate-partenaire-de-la-dg-dans-la-soi-disant-grande-region-ne-veut-plus-embaucher-de-membres-de-lafd\/\" \/>\n<meta property=\"og:site_name\" content=\"Vie Associative\" \/>\n<meta property=\"article:published_time\" content=\"2025-07-10T14:18:06+00:00\" \/>\n<meta property=\"og:image\" content=\"https:\/\/vieassociative.be\/actualites\/wp-content\/uploads\/2024\/09\/header_backgroundk-01-e1726694325946.png\" \/>\n\t<meta property=\"og:image:width\" content=\"279\" \/>\n\t<meta property=\"og:image:height\" content=\"92\" \/>\n\t<meta property=\"og:image:type\" content=\"image\/png\" \/>\n<meta name=\"author\" content=\"Julien\" \/>\n<meta name=\"twitter:card\" content=\"summary_large_image\" \/>\n<meta name=\"twitter:label1\" content=\"\u00c9crit par\" \/>\n\t<meta name=\"twitter:data1\" content=\"Julien\" \/>\n\t<meta name=\"twitter:label2\" content=\"Dur\u00e9e de lecture est.\" \/>\n\t<meta name=\"twitter:data2\" content=\"2 minutes\" \/>\n<script type=\"application\/ld+json\" class=\"yoast-schema-graph\">{\"@context\":\"https:\/\/schema.org\",\"@graph\":[{\"@type\":\"Article\",\"@id\":\"https:\/\/vieassociative.be\/actualites\/rhenanie-palatinate-partenaire-de-la-dg-dans-la-soi-disant-grande-region-ne-veut-plus-embaucher-de-membres-de-lafd\/#article\",\"isPartOf\":{\"@id\":\"https:\/\/vieassociative.be\/actualites\/rhenanie-palatinate-partenaire-de-la-dg-dans-la-soi-disant-grande-region-ne-veut-plus-embaucher-de-membres-de-lafd\/\"},\"author\":{\"name\":\"Julien\",\"@id\":\"https:\/\/vieassociative.be\/actualites\/#\/schema\/person\/b87ac4f82f9d4e7b7cec7395b679edc4\"},\"headline\":\"Rh\u00e9nanie-Palatinate, partenaire de la DG dans la soi-disant grande r\u00e9gion, ne veut plus embaucher de membres de l&rsquo;AFD\",\"datePublished\":\"2025-07-10T14:18:06+00:00\",\"dateModified\":\"2025-07-10T14:18:06+00:00\",\"mainEntityOfPage\":{\"@id\":\"https:\/\/vieassociative.be\/actualites\/rhenanie-palatinate-partenaire-de-la-dg-dans-la-soi-disant-grande-region-ne-veut-plus-embaucher-de-membres-de-lafd\/\"},\"wordCount\":522,\"publisher\":{\"@id\":\"https:\/\/vieassociative.be\/actualites\/#organization\"},\"image\":{\"@id\":\"https:\/\/vieassociative.be\/actualites\/rhenanie-palatinate-partenaire-de-la-dg-dans-la-soi-disant-grande-region-ne-veut-plus-embaucher-de-membres-de-lafd\/#primaryimage\"},\"thumbnailUrl\":\"https:\/\/vieassociative.be\/actualites\/wp-content\/uploads\/2025\/07\/1752157087_Rhenanie-Palatinate-partenaire-de-la-DG-dans-la-soi-disant-grande-region.jpg\",\"keywords\":[\"dans\",\"embaucher\",\"grande\",\"lAfD\",\"membres\",\"partenaire\",\"R\u00e9gion\",\"Rh\u00e9naniePalatinate\",\"soidisant\",\"veut\"],\"articleSection\":[\"Belgique\"],\"inLanguage\":\"fr-BE\"},{\"@type\":\"WebPage\",\"@id\":\"https:\/\/vieassociative.be\/actualites\/rhenanie-palatinate-partenaire-de-la-dg-dans-la-soi-disant-grande-region-ne-veut-plus-embaucher-de-membres-de-lafd\/\",\"url\":\"https:\/\/vieassociative.be\/actualites\/rhenanie-palatinate-partenaire-de-la-dg-dans-la-soi-disant-grande-region-ne-veut-plus-embaucher-de-membres-de-lafd\/\",\"name\":\"Rh\u00e9nanie-Palatinate, partenaire de la DG dans la soi-disant grande r\u00e9gion, ne veut plus embaucher de membres de l'AFD | Vie Associative\",\"isPartOf\":{\"@id\":\"https:\/\/vieassociative.be\/actualites\/#website\"},\"primaryImageOfPage\":{\"@id\":\"https:\/\/vieassociative.be\/actualites\/rhenanie-palatinate-partenaire-de-la-dg-dans-la-soi-disant-grande-region-ne-veut-plus-embaucher-de-membres-de-lafd\/#primaryimage\"},\"image\":{\"@id\":\"https:\/\/vieassociative.be\/actualites\/rhenanie-palatinate-partenaire-de-la-dg-dans-la-soi-disant-grande-region-ne-veut-plus-embaucher-de-membres-de-lafd\/#primaryimage\"},\"thumbnailUrl\":\"https:\/\/vieassociative.be\/actualites\/wp-content\/uploads\/2025\/07\/1752157087_Rhenanie-Palatinate-partenaire-de-la-DG-dans-la-soi-disant-grande-region.jpg\",\"datePublished\":\"2025-07-10T14:18:06+00:00\",\"dateModified\":\"2025-07-10T14:18:06+00:00\",\"breadcrumb\":{\"@id\":\"https:\/\/vieassociative.be\/actualites\/rhenanie-palatinate-partenaire-de-la-dg-dans-la-soi-disant-grande-region-ne-veut-plus-embaucher-de-membres-de-lafd\/#breadcrumb\"},\"inLanguage\":\"fr-BE\",\"potentialAction\":[{\"@type\":\"ReadAction\",\"target\":[\"https:\/\/vieassociative.be\/actualites\/rhenanie-palatinate-partenaire-de-la-dg-dans-la-soi-disant-grande-region-ne-veut-plus-embaucher-de-membres-de-lafd\/\"]}]},{\"@type\":\"ImageObject\",\"inLanguage\":\"fr-BE\",\"@id\":\"https:\/\/vieassociative.be\/actualites\/rhenanie-palatinate-partenaire-de-la-dg-dans-la-soi-disant-grande-region-ne-veut-plus-embaucher-de-membres-de-lafd\/#primaryimage\",\"url\":\"https:\/\/vieassociative.be\/actualites\/wp-content\/uploads\/2025\/07\/1752157087_Rhenanie-Palatinate-partenaire-de-la-DG-dans-la-soi-disant-grande-region.jpg\",\"contentUrl\":\"https:\/\/vieassociative.be\/actualites\/wp-content\/uploads\/2025\/07\/1752157087_Rhenanie-Palatinate-partenaire-de-la-DG-dans-la-soi-disant-grande-region.jpg\",\"width\":1200,\"height\":780,\"caption\":\"Rh\u00e9nanie-Palatinate, partenaire de la DG dans la soi-disant grande r\u00e9gion, ne veut plus embaucher de membres de l'AFD\"},{\"@type\":\"BreadcrumbList\",\"@id\":\"https:\/\/vieassociative.be\/actualites\/rhenanie-palatinate-partenaire-de-la-dg-dans-la-soi-disant-grande-region-ne-veut-plus-embaucher-de-membres-de-lafd\/#breadcrumb\",\"itemListElement\":[{\"@type\":\"ListItem\",\"position\":1,\"name\":\"Accueil\",\"item\":\"https:\/\/vieassociative.be\/actualites\/\"},{\"@type\":\"ListItem\",\"position\":2,\"name\":\"Rh\u00e9nanie-Palatinate, partenaire de la DG dans la soi-disant grande r\u00e9gion, ne veut plus embaucher de membres de l&rsquo;AFD\"}]},{\"@type\":\"WebSite\",\"@id\":\"https:\/\/vieassociative.be\/actualites\/#website\",\"url\":\"https:\/\/vieassociative.be\/actualites\/\",\"name\":\"Vie Associative\",\"description\":\"\",\"publisher\":{\"@id\":\"https:\/\/vieassociative.be\/actualites\/#organization\"},\"potentialAction\":[{\"@type\":\"SearchAction\",\"target\":{\"@type\":\"EntryPoint\",\"urlTemplate\":\"https:\/\/vieassociative.be\/actualites\/?s={search_term_string}\"},\"query-input\":{\"@type\":\"PropertyValueSpecification\",\"valueRequired\":true,\"valueName\":\"search_term_string\"}}],\"inLanguage\":\"fr-BE\"},{\"@type\":\"Organization\",\"@id\":\"https:\/\/vieassociative.be\/actualites\/#organization\",\"name\":\"Vie Associative\",\"url\":\"https:\/\/vieassociative.be\/actualites\/\",\"logo\":{\"@type\":\"ImageObject\",\"inLanguage\":\"fr-BE\",\"@id\":\"https:\/\/vieassociative.be\/actualites\/#\/schema\/logo\/image\/\",\"url\":\"https:\/\/vieassociative.be\/actualites\/wp-content\/uploads\/2024\/09\/cropped-vieassociative_favicon.ico.png\",\"contentUrl\":\"https:\/\/vieassociative.be\/actualites\/wp-content\/uploads\/2024\/09\/cropped-vieassociative_favicon.ico.png\",\"width\":512,\"height\":512,\"caption\":\"Vie Associative\"},\"image\":{\"@id\":\"https:\/\/vieassociative.be\/actualites\/#\/schema\/logo\/image\/\"}},{\"@type\":\"Person\",\"@id\":\"https:\/\/vieassociative.be\/actualites\/#\/schema\/person\/b87ac4f82f9d4e7b7cec7395b679edc4\",\"name\":\"Julien\",\"image\":{\"@type\":\"ImageObject\",\"inLanguage\":\"fr-BE\",\"@id\":\"https:\/\/vieassociative.be\/actualites\/#\/schema\/person\/image\/\",\"url\":\"https:\/\/vieassociative.be\/actualites\/wp-content\/uploads\/2024\/09\/vie-associative-1-150x150.jpg\",\"contentUrl\":\"https:\/\/vieassociative.be\/actualites\/wp-content\/uploads\/2024\/09\/vie-associative-1-150x150.jpg\",\"caption\":\"Julien\"},\"description\":\"Je suis Julien, r\u00e9dacteur pour Vie Associative. Passionn\u00e9 par le monde associatif depuis plus de 10 ans, j'ai \u00e0 c\u0153ur de partager des histoires inspirantes et de mettre en lumi\u00e8re les initiatives locales. Mon objectif est de sensibiliser et d'encourager l'engagement communautaire \u00e0 travers mes articles.\",\"sameAs\":[\"https:\/\/vieassociative.be\/\"]}]}<\/script>\n<!-- \/ Yoast SEO plugin. -->","yoast_head_json":{"title":"Rh\u00e9nanie-Palatinate, partenaire de la DG dans la soi-disant grande r\u00e9gion, ne veut plus embaucher de membres de l'AFD | Vie Associative","robots":{"index":"index","follow":"follow","max-snippet":"max-snippet:-1","max-image-preview":"max-image-preview:large","max-video-preview":"max-video-preview:-1"},"canonical":"https:\/\/vieassociative.be\/actualites\/rhenanie-palatinate-partenaire-de-la-dg-dans-la-soi-disant-grande-region-ne-veut-plus-embaucher-de-membres-de-lafd\/","og_locale":"fr_FR","og_type":"article","og_title":"Rh\u00e9nanie-Palatinate, partenaire de la DG dans la soi-disant grande r\u00e9gion, ne veut plus embaucher de membres de l'AFD | Vie Associative","og_description":"Le populiste de droite AFD, la deuxi\u00e8me plus grande faction du Bundestag allemand, est r\u00e9pertori\u00e9 comme une organisation extr\u00e9miste dans l&rsquo;\u00c9tat de Rh\u00e9nanie-Palatinate. Cela devrait","og_url":"https:\/\/vieassociative.be\/actualites\/rhenanie-palatinate-partenaire-de-la-dg-dans-la-soi-disant-grande-region-ne-veut-plus-embaucher-de-membres-de-lafd\/","og_site_name":"Vie Associative","article_published_time":"2025-07-10T14:18:06+00:00","og_image":[{"width":279,"height":92,"url":"https:\/\/vieassociative.be\/actualites\/wp-content\/uploads\/2024\/09\/header_backgroundk-01-e1726694325946.png","type":"image\/png"}],"author":"Julien","twitter_card":"summary_large_image","twitter_misc":{"\u00c9crit par":"Julien","Dur\u00e9e de lecture est.":"2 minutes"},"schema":{"@context":"https:\/\/schema.org","@graph":[{"@type":"Article","@id":"https:\/\/vieassociative.be\/actualites\/rhenanie-palatinate-partenaire-de-la-dg-dans-la-soi-disant-grande-region-ne-veut-plus-embaucher-de-membres-de-lafd\/#article","isPartOf":{"@id":"https:\/\/vieassociative.be\/actualites\/rhenanie-palatinate-partenaire-de-la-dg-dans-la-soi-disant-grande-region-ne-veut-plus-embaucher-de-membres-de-lafd\/"},"author":{"name":"Julien","@id":"https:\/\/vieassociative.be\/actualites\/#\/schema\/person\/b87ac4f82f9d4e7b7cec7395b679edc4"},"headline":"Rh\u00e9nanie-Palatinate, partenaire de la DG dans la soi-disant grande r\u00e9gion, ne veut plus embaucher de membres de l&rsquo;AFD","datePublished":"2025-07-10T14:18:06+00:00","dateModified":"2025-07-10T14:18:06+00:00","mainEntityOfPage":{"@id":"https:\/\/vieassociative.be\/actualites\/rhenanie-palatinate-partenaire-de-la-dg-dans-la-soi-disant-grande-region-ne-veut-plus-embaucher-de-membres-de-lafd\/"},"wordCount":522,"publisher":{"@id":"https:\/\/vieassociative.be\/actualites\/#organization"},"image":{"@id":"https:\/\/vieassociative.be\/actualites\/rhenanie-palatinate-partenaire-de-la-dg-dans-la-soi-disant-grande-region-ne-veut-plus-embaucher-de-membres-de-lafd\/#primaryimage"},"thumbnailUrl":"https:\/\/vieassociative.be\/actualites\/wp-content\/uploads\/2025\/07\/1752157087_Rhenanie-Palatinate-partenaire-de-la-DG-dans-la-soi-disant-grande-region.jpg","keywords":["dans","embaucher","grande","lAfD","membres","partenaire","R\u00e9gion","Rh\u00e9naniePalatinate","soidisant","veut"],"articleSection":["Belgique"],"inLanguage":"fr-BE"},{"@type":"WebPage","@id":"https:\/\/vieassociative.be\/actualites\/rhenanie-palatinate-partenaire-de-la-dg-dans-la-soi-disant-grande-region-ne-veut-plus-embaucher-de-membres-de-lafd\/","url":"https:\/\/vieassociative.be\/actualites\/rhenanie-palatinate-partenaire-de-la-dg-dans-la-soi-disant-grande-region-ne-veut-plus-embaucher-de-membres-de-lafd\/","name":"Rh\u00e9nanie-Palatinate, partenaire de la DG dans la soi-disant grande r\u00e9gion, ne veut plus embaucher de membres de l'AFD | Vie Associative","isPartOf":{"@id":"https:\/\/vieassociative.be\/actualites\/#website"},"primaryImageOfPage":{"@id":"https:\/\/vieassociative.be\/actualites\/rhenanie-palatinate-partenaire-de-la-dg-dans-la-soi-disant-grande-region-ne-veut-plus-embaucher-de-membres-de-lafd\/#primaryimage"},"image":{"@id":"https:\/\/vieassociative.be\/actualites\/rhenanie-palatinate-partenaire-de-la-dg-dans-la-soi-disant-grande-region-ne-veut-plus-embaucher-de-membres-de-lafd\/#primaryimage"},"thumbnailUrl":"https:\/\/vieassociative.be\/actualites\/wp-content\/uploads\/2025\/07\/1752157087_Rhenanie-Palatinate-partenaire-de-la-DG-dans-la-soi-disant-grande-region.jpg","datePublished":"2025-07-10T14:18:06+00:00","dateModified":"2025-07-10T14:18:06+00:00","breadcrumb":{"@id":"https:\/\/vieassociative.be\/actualites\/rhenanie-palatinate-partenaire-de-la-dg-dans-la-soi-disant-grande-region-ne-veut-plus-embaucher-de-membres-de-lafd\/#breadcrumb"},"inLanguage":"fr-BE","potentialAction":[{"@type":"ReadAction","target":["https:\/\/vieassociative.be\/actualites\/rhenanie-palatinate-partenaire-de-la-dg-dans-la-soi-disant-grande-region-ne-veut-plus-embaucher-de-membres-de-lafd\/"]}]},{"@type":"ImageObject","inLanguage":"fr-BE","@id":"https:\/\/vieassociative.be\/actualites\/rhenanie-palatinate-partenaire-de-la-dg-dans-la-soi-disant-grande-region-ne-veut-plus-embaucher-de-membres-de-lafd\/#primaryimage","url":"https:\/\/vieassociative.be\/actualites\/wp-content\/uploads\/2025\/07\/1752157087_Rhenanie-Palatinate-partenaire-de-la-DG-dans-la-soi-disant-grande-region.jpg","contentUrl":"https:\/\/vieassociative.be\/actualites\/wp-content\/uploads\/2025\/07\/1752157087_Rhenanie-Palatinate-partenaire-de-la-DG-dans-la-soi-disant-grande-region.jpg","width":1200,"height":780,"caption":"Rh\u00e9nanie-Palatinate, partenaire de la DG dans la soi-disant grande r\u00e9gion, ne veut plus embaucher de membres de l'AFD"},{"@type":"BreadcrumbList","@id":"https:\/\/vieassociative.be\/actualites\/rhenanie-palatinate-partenaire-de-la-dg-dans-la-soi-disant-grande-region-ne-veut-plus-embaucher-de-membres-de-lafd\/#breadcrumb","itemListElement":[{"@type":"ListItem","position":1,"name":"Accueil","item":"https:\/\/vieassociative.be\/actualites\/"},{"@type":"ListItem","position":2,"name":"Rh\u00e9nanie-Palatinate, partenaire de la DG dans la soi-disant grande r\u00e9gion, ne veut plus embaucher de membres de l&rsquo;AFD"}]},{"@type":"WebSite","@id":"https:\/\/vieassociative.be\/actualites\/#website","url":"https:\/\/vieassociative.be\/actualites\/","name":"Vie Associative","description":"","publisher":{"@id":"https:\/\/vieassociative.be\/actualites\/#organization"},"potentialAction":[{"@type":"SearchAction","target":{"@type":"EntryPoint","urlTemplate":"https:\/\/vieassociative.be\/actualites\/?s={search_term_string}"},"query-input":{"@type":"PropertyValueSpecification","valueRequired":true,"valueName":"search_term_string"}}],"inLanguage":"fr-BE"},{"@type":"Organization","@id":"https:\/\/vieassociative.be\/actualites\/#organization","name":"Vie Associative","url":"https:\/\/vieassociative.be\/actualites\/","logo":{"@type":"ImageObject","inLanguage":"fr-BE","@id":"https:\/\/vieassociative.be\/actualites\/#\/schema\/logo\/image\/","url":"https:\/\/vieassociative.be\/actualites\/wp-content\/uploads\/2024\/09\/cropped-vieassociative_favicon.ico.png","contentUrl":"https:\/\/vieassociative.be\/actualites\/wp-content\/uploads\/2024\/09\/cropped-vieassociative_favicon.ico.png","width":512,"height":512,"caption":"Vie Associative"},"image":{"@id":"https:\/\/vieassociative.be\/actualites\/#\/schema\/logo\/image\/"}},{"@type":"Person","@id":"https:\/\/vieassociative.be\/actualites\/#\/schema\/person\/b87ac4f82f9d4e7b7cec7395b679edc4","name":"Julien","image":{"@type":"ImageObject","inLanguage":"fr-BE","@id":"https:\/\/vieassociative.be\/actualites\/#\/schema\/person\/image\/","url":"https:\/\/vieassociative.be\/actualites\/wp-content\/uploads\/2024\/09\/vie-associative-1-150x150.jpg","contentUrl":"https:\/\/vieassociative.be\/actualites\/wp-content\/uploads\/2024\/09\/vie-associative-1-150x150.jpg","caption":"Julien"},"description":"Je suis Julien, r\u00e9dacteur pour Vie Associative. Passionn\u00e9 par le monde associatif depuis plus de 10 ans, j'ai \u00e0 c\u0153ur de partager des histoires inspirantes et de mettre en lumi\u00e8re les initiatives locales. Mon objectif est de sensibiliser et d'encourager l'engagement communautaire \u00e0 travers mes articles.","sameAs":["https:\/\/vieassociative.be\/"]}]}},"_links":{"self":[{"href":"https:\/\/vieassociative.be\/actualites\/wp-json\/wp\/v2\/posts\/8659"}],"collection":[{"href":"https:\/\/vieassociative.be\/actualites\/wp-json\/wp\/v2\/posts"}],"about":[{"href":"https:\/\/vieassociative.be\/actualites\/wp-json\/wp\/v2\/types\/post"}],"author":[{"embeddable":true,"href":"https:\/\/vieassociative.be\/actualites\/wp-json\/wp\/v2\/users\/1"}],"replies":[{"embeddable":true,"href":"https:\/\/vieassociative.be\/actualites\/wp-json\/wp\/v2\/comments?post=8659"}],"version-history":[{"count":0,"href":"https:\/\/vieassociative.be\/actualites\/wp-json\/wp\/v2\/posts\/8659\/revisions"}],"wp:featuredmedia":[{"embeddable":true,"href":"https:\/\/vieassociative.be\/actualites\/wp-json\/wp\/v2\/media\/8660"}],"wp:attachment":[{"href":"https:\/\/vieassociative.be\/actualites\/wp-json\/wp\/v2\/media?parent=8659"}],"wp:term":[{"taxonomy":"category","embeddable":true,"href":"https:\/\/vieassociative.be\/actualites\/wp-json\/wp\/v2\/categories?post=8659"},{"taxonomy":"post_tag","embeddable":true,"href":"https:\/\/vieassociative.be\/actualites\/wp-json\/wp\/v2\/tags?post=8659"}],"curies":[{"name":"wp","href":"https:\/\/api.w.org\/{rel}","templated":true}]}}