{"id":8652,"date":"2025-07-10T10:18:06","date_gmt":"2025-07-10T08:18:06","guid":{"rendered":"https:\/\/vieassociative.be\/actualites\/le-visage-amical-du-football-lem-des-femmes-en-suisse-assure-un-enthousiasme-geant\/"},"modified":"2025-07-10T10:18:06","modified_gmt":"2025-07-10T08:18:06","slug":"le-visage-amical-du-football-lem-des-femmes-en-suisse-assure-un-enthousiasme-geant","status":"publish","type":"post","link":"https:\/\/vieassociative.be\/actualites\/le-visage-amical-du-football-lem-des-femmes-en-suisse-assure-un-enthousiasme-geant\/","title":{"rendered":"Le visage amical du football: l&rsquo;EM des femmes en Suisse assure un enthousiasme g\u00e9ant"},"content":{"rendered":"<p><strong>Stades complets, courtes distances, joueurs agricoles: le championnat d&rsquo;Europe est tr\u00e8s bien re\u00e7u par les footballeurs.<\/strong><\/p>\n<p><span id=\"more-419716\"><\/span>La joueuse nationale allemande Kathrin Hendrich de Kettenis et son entra\u00eeneur Christian W\u00fcck ont \u200b\u200bparl\u00e9 de \u00ab\u00a0pure chair de poule\u00a0\u00bb et de \u00ab\u00a0folie\u00a0\u00bb en vue de l&rsquo;immense ajout de fans: \u00ab\u00a0Vous devriez profiter de ce tournoi chaque seconde.\u00a0\u00bb Vous ne ressentez pas cela souvent. \u00ab\u00a0<\/p>\n<p>Le championnat d&rsquo;Europe en Suisse a jusqu&rsquo;\u00e0 pr\u00e9sent \u00e9tabli des normes: atmosph\u00e9rique, sportive, logistique. Elle avait juste des larmes aux yeux, le d\u00e9fenseur exp\u00e9riment\u00e9 Hendrich a d\u00e9crit ses sentiments apr\u00e8s le 2-1 contre le Danemark lorsqu&rsquo;elle a vu les nombreux drapeaux de l&rsquo;or rouge noir dans le stade.<\/p>\n<div id=\"attachment_419724\" class=\"wp-caption alignleft\" style=\"max-width: 300px\"><img fetchpriority=\"high\" decoding=\"async\" class=\"wp-image-419724 size-medium\" src=\"https:\/\/vieassociative.be\/actualites\/wp-content\/uploads\/2025\/07\/Le-visage-amical-du-football-lEM-des-femmes-en-Suisse.jpg\" alt=\"\" width=\"300\" height=\"200\"><\/p>\n<p class=\"wp-caption-text\">02.07.2025, Suisse, B\u00e2le: un fan suisse applaudit avec sa fille. Photo: Sebastian Gollnow \/ DPA<\/p>\n<\/div>\n<p>Plus de 16 000 fans allemands avaient regard\u00e9 \u00e0 lui seul le parc St. Jakob \u00e0 B\u00e2le. Le championnat d&rsquo;Europe est depuis longtemps devenu un festival de football. Des stades complets, de courtes distances, des joueurs ouverts en assurent et en tant que plus de glissement des caravanes des fans allemands, n\u00e9erlandais ou suisses.<\/p>\n<p>Cela ne fait certainement pas de mal que les caract\u00e9ristiques clich\u00e9es ponctuelles vont en fait \u00e0 B\u00e2le, Zurich ou Lausanne. Il n&rsquo;y avait que des plaintes concernant trop peu de rails utilis\u00e9s apr\u00e8s l&rsquo;ouverture des femmes suisses contre la Norv\u00e8ge.<\/p>\n<p>Atmosph\u00e9rique, le championnat d&rsquo;Europe est \u00e9galement pr\u00e9sent des huit \u00e9tapes. Les jeux se d\u00e9roulent dans de nombreux bars, les fans regardent les maillots nationaux. Au lieu de Messi ou Ronaldo, les chemises avec des noms comme Gwinn ou Williamson sont afflu\u00e9s. Soit dit en passant, Leah Williamson, Anglais International, vainqueur de la Ligue des champions chez Arsenal. Vous le savez maintenant.<\/p>\n<\/p>\n<div id=\"attachment_419725\" class=\"wp-caption alignleft\" style=\"max-width: 300px\"><img decoding=\"async\" class=\"wp-image-419725 size-medium\" src=\"https:\/\/vieassociative.be\/actualites\/wp-content\/uploads\/2025\/07\/1752135486_572_Le-visage-amical-du-football-lEM-des-femmes-en-Suisse.jpg\" alt=\"\" width=\"300\" height=\"200\"><\/p>\n<p class=\"wp-caption-text\">04.07.2025, Suisse, St. Gallen: La marque internationale allemande Jule fait un selfie avec les fans. Photo: Sebastian Gollnow \/ DPA<\/p>\n<\/div>\n<p>Dans les rues, les murs des joueurs de football se penchent, un maillot d&rsquo;un m\u00e8tre pav\u00e9 sous le toit de la gare principale de Zurich, illumin\u00e9 par des noms de joueurs changeants. L&rsquo;action d&rsquo;un fabricant d&rsquo;articles de sport.<\/p>\n<p>Les footballeurs deviennent des stars. Certains le sont d\u00e9j\u00e0. Sur les affiches, la plupart des jeunes fans demandent des maillots de l&rsquo;Espagnol Aitana Bonmat\u00ed ou de la reine Internet Alisha Lehmann de Suisse. Ils esp\u00e8rent des photos et des autographes dans les bus.<\/p>\n<p>Sur la pelouse, le championnat d&rsquo;Europe offre beaucoup de vitesse et de technologie, les normes \u00e9tablissent l&rsquo;Espagne et la France. Les \u00e9quipes cristallisent ce jeu \u00e0 un niveau tr\u00e8s, tr\u00e8s \u00e9lev\u00e9. Mais les \u00e9quipes offrent \u00e9galement de bonnes performances en g\u00e9n\u00e9ral. L&rsquo;objectif de \u00abune certaine euphorie pour le football f\u00e9minin\u00bb et d&rsquo;attirer les gens dans les stades a jusqu&rsquo;\u00e0 pr\u00e9sent \u00e9t\u00e9 donn\u00e9, l&rsquo;entra\u00eeneur-chef allemand W\u00fcck a r\u00e9sum\u00e9.<\/p>\n<p>La question de savoir si l&rsquo;ambiance reste si euphorique peut d\u00e9cider ce jeudi. Puis la Suisse joue contre la Finlande. Les fans du \u00ab\u00a0Nati\u00a0\u00bb, apr\u00e8s le 2-0 contre l&rsquo;Islande en High, esp\u00e8rent les quarts de finale. Un point serait suffisant &#8211; et d&rsquo;autres marches des fans seraient garanties. Personne ne souhaite un autre cours de tournoi sans \u00e9quipe h\u00f4te, personne ne souhaite pour l&rsquo;UEFA et les organisateurs. (DPA \/ CRE)<\/p>\n","protected":false},"excerpt":{"rendered":"<p>Stades complets, courtes distances, joueurs agricoles: le championnat d&rsquo;Europe est tr\u00e8s bien re\u00e7u par les footballeurs. La joueuse nationale allemande Kathrin Hendrich de Kettenis et<\/p>\n","protected":false},"author":1,"featured_media":8653,"comment_status":"","ping_status":"","sticky":false,"template":"","format":"standard","meta":{"footnotes":""},"categories":[298],"tags":[7688,7690,29,4198,1842,1104,7691,7689,7603,1059],"class_list":["post-8652","post","type-post","status-publish","format-standard","has-post-thumbnail","hentry","category-belgique","tag-amical","tag-assure","tag-des","tag-enthousiasme","tag-femmes","tag-football","tag-geant","tag-lem","tag-suisse","tag-visage","generate-columns","tablet-grid-50","mobile-grid-100","grid-parent","grid-33"],"yoast_head":"<!-- This site is optimized with the Yoast SEO plugin v24.0 - https:\/\/yoast.com\/wordpress\/plugins\/seo\/ -->\n<title>Le visage amical du football: l&#039;EM des femmes en Suisse assure un enthousiasme g\u00e9ant | Vie Associative<\/title>\n<meta name=\"robots\" content=\"index, follow, max-snippet:-1, max-image-preview:large, max-video-preview:-1\" \/>\n<link rel=\"canonical\" href=\"https:\/\/vieassociative.be\/actualites\/le-visage-amical-du-football-lem-des-femmes-en-suisse-assure-un-enthousiasme-geant\/\" \/>\n<meta property=\"og:locale\" content=\"fr_FR\" \/>\n<meta property=\"og:type\" content=\"article\" \/>\n<meta property=\"og:title\" content=\"Le visage amical du football: l&#039;EM des femmes en Suisse assure un enthousiasme g\u00e9ant | Vie Associative\" \/>\n<meta property=\"og:description\" content=\"Stades complets, courtes distances, joueurs agricoles: le championnat d&rsquo;Europe est tr\u00e8s bien re\u00e7u par les footballeurs. La joueuse nationale allemande Kathrin Hendrich de Kettenis et\" \/>\n<meta property=\"og:url\" content=\"https:\/\/vieassociative.be\/actualites\/le-visage-amical-du-football-lem-des-femmes-en-suisse-assure-un-enthousiasme-geant\/\" \/>\n<meta property=\"og:site_name\" content=\"Vie Associative\" \/>\n<meta property=\"article:published_time\" content=\"2025-07-10T08:18:06+00:00\" \/>\n<meta property=\"og:image\" content=\"https:\/\/vieassociative.be\/actualites\/wp-content\/uploads\/2024\/09\/header_backgroundk-01-e1726694325946.png\" \/>\n\t<meta property=\"og:image:width\" content=\"279\" \/>\n\t<meta property=\"og:image:height\" content=\"92\" \/>\n\t<meta property=\"og:image:type\" content=\"image\/png\" \/>\n<meta name=\"author\" content=\"Julien\" \/>\n<meta name=\"twitter:card\" content=\"summary_large_image\" \/>\n<meta name=\"twitter:label1\" content=\"\u00c9crit par\" \/>\n\t<meta name=\"twitter:data1\" content=\"Julien\" \/>\n\t<meta name=\"twitter:label2\" content=\"Dur\u00e9e de lecture est.\" \/>\n\t<meta name=\"twitter:data2\" content=\"3 minutes\" \/>\n<script type=\"application\/ld+json\" class=\"yoast-schema-graph\">{\"@context\":\"https:\/\/schema.org\",\"@graph\":[{\"@type\":\"Article\",\"@id\":\"https:\/\/vieassociative.be\/actualites\/le-visage-amical-du-football-lem-des-femmes-en-suisse-assure-un-enthousiasme-geant\/#article\",\"isPartOf\":{\"@id\":\"https:\/\/vieassociative.be\/actualites\/le-visage-amical-du-football-lem-des-femmes-en-suisse-assure-un-enthousiasme-geant\/\"},\"author\":{\"name\":\"Julien\",\"@id\":\"https:\/\/vieassociative.be\/actualites\/#\/schema\/person\/b87ac4f82f9d4e7b7cec7395b679edc4\"},\"headline\":\"Le visage amical du football: l&rsquo;EM des femmes en Suisse assure un enthousiasme g\u00e9ant\",\"datePublished\":\"2025-07-10T08:18:06+00:00\",\"dateModified\":\"2025-07-10T08:18:06+00:00\",\"mainEntityOfPage\":{\"@id\":\"https:\/\/vieassociative.be\/actualites\/le-visage-amical-du-football-lem-des-femmes-en-suisse-assure-un-enthousiasme-geant\/\"},\"wordCount\":583,\"publisher\":{\"@id\":\"https:\/\/vieassociative.be\/actualites\/#organization\"},\"image\":{\"@id\":\"https:\/\/vieassociative.be\/actualites\/le-visage-amical-du-football-lem-des-femmes-en-suisse-assure-un-enthousiasme-geant\/#primaryimage\"},\"thumbnailUrl\":\"https:\/\/vieassociative.be\/actualites\/wp-content\/uploads\/2025\/07\/1752135487_Le-visage-amical-du-football-lEM-des-femmes-en-Suisse.jpg\",\"keywords\":[\"amical\",\"assure\",\"Des\",\"enthousiasm\u00e9\",\"femmes\",\"football\",\"g\u00e9ant\",\"lEM\",\"Suisse\",\"visage\"],\"articleSection\":[\"Belgique\"],\"inLanguage\":\"fr-BE\"},{\"@type\":\"WebPage\",\"@id\":\"https:\/\/vieassociative.be\/actualites\/le-visage-amical-du-football-lem-des-femmes-en-suisse-assure-un-enthousiasme-geant\/\",\"url\":\"https:\/\/vieassociative.be\/actualites\/le-visage-amical-du-football-lem-des-femmes-en-suisse-assure-un-enthousiasme-geant\/\",\"name\":\"Le visage amical du football: l'EM des femmes en Suisse assure un enthousiasme g\u00e9ant | Vie Associative\",\"isPartOf\":{\"@id\":\"https:\/\/vieassociative.be\/actualites\/#website\"},\"primaryImageOfPage\":{\"@id\":\"https:\/\/vieassociative.be\/actualites\/le-visage-amical-du-football-lem-des-femmes-en-suisse-assure-un-enthousiasme-geant\/#primaryimage\"},\"image\":{\"@id\":\"https:\/\/vieassociative.be\/actualites\/le-visage-amical-du-football-lem-des-femmes-en-suisse-assure-un-enthousiasme-geant\/#primaryimage\"},\"thumbnailUrl\":\"https:\/\/vieassociative.be\/actualites\/wp-content\/uploads\/2025\/07\/1752135487_Le-visage-amical-du-football-lEM-des-femmes-en-Suisse.jpg\",\"datePublished\":\"2025-07-10T08:18:06+00:00\",\"dateModified\":\"2025-07-10T08:18:06+00:00\",\"breadcrumb\":{\"@id\":\"https:\/\/vieassociative.be\/actualites\/le-visage-amical-du-football-lem-des-femmes-en-suisse-assure-un-enthousiasme-geant\/#breadcrumb\"},\"inLanguage\":\"fr-BE\",\"potentialAction\":[{\"@type\":\"ReadAction\",\"target\":[\"https:\/\/vieassociative.be\/actualites\/le-visage-amical-du-football-lem-des-femmes-en-suisse-assure-un-enthousiasme-geant\/\"]}]},{\"@type\":\"ImageObject\",\"inLanguage\":\"fr-BE\",\"@id\":\"https:\/\/vieassociative.be\/actualites\/le-visage-amical-du-football-lem-des-femmes-en-suisse-assure-un-enthousiasme-geant\/#primaryimage\",\"url\":\"https:\/\/vieassociative.be\/actualites\/wp-content\/uploads\/2025\/07\/1752135487_Le-visage-amical-du-football-lEM-des-femmes-en-Suisse.jpg\",\"contentUrl\":\"https:\/\/vieassociative.be\/actualites\/wp-content\/uploads\/2025\/07\/1752135487_Le-visage-amical-du-football-lEM-des-femmes-en-Suisse.jpg\",\"width\":1200,\"height\":800,\"caption\":\"Le visage amical du football: l'EM des femmes en Suisse assure un enthousiasme g\u00e9ant\"},{\"@type\":\"BreadcrumbList\",\"@id\":\"https:\/\/vieassociative.be\/actualites\/le-visage-amical-du-football-lem-des-femmes-en-suisse-assure-un-enthousiasme-geant\/#breadcrumb\",\"itemListElement\":[{\"@type\":\"ListItem\",\"position\":1,\"name\":\"Accueil\",\"item\":\"https:\/\/vieassociative.be\/actualites\/\"},{\"@type\":\"ListItem\",\"position\":2,\"name\":\"Le visage amical du football: l&rsquo;EM des femmes en Suisse assure un enthousiasme g\u00e9ant\"}]},{\"@type\":\"WebSite\",\"@id\":\"https:\/\/vieassociative.be\/actualites\/#website\",\"url\":\"https:\/\/vieassociative.be\/actualites\/\",\"name\":\"Vie Associative\",\"description\":\"\",\"publisher\":{\"@id\":\"https:\/\/vieassociative.be\/actualites\/#organization\"},\"potentialAction\":[{\"@type\":\"SearchAction\",\"target\":{\"@type\":\"EntryPoint\",\"urlTemplate\":\"https:\/\/vieassociative.be\/actualites\/?s={search_term_string}\"},\"query-input\":{\"@type\":\"PropertyValueSpecification\",\"valueRequired\":true,\"valueName\":\"search_term_string\"}}],\"inLanguage\":\"fr-BE\"},{\"@type\":\"Organization\",\"@id\":\"https:\/\/vieassociative.be\/actualites\/#organization\",\"name\":\"Vie Associative\",\"url\":\"https:\/\/vieassociative.be\/actualites\/\",\"logo\":{\"@type\":\"ImageObject\",\"inLanguage\":\"fr-BE\",\"@id\":\"https:\/\/vieassociative.be\/actualites\/#\/schema\/logo\/image\/\",\"url\":\"https:\/\/vieassociative.be\/actualites\/wp-content\/uploads\/2024\/09\/cropped-vieassociative_favicon.ico.png\",\"contentUrl\":\"https:\/\/vieassociative.be\/actualites\/wp-content\/uploads\/2024\/09\/cropped-vieassociative_favicon.ico.png\",\"width\":512,\"height\":512,\"caption\":\"Vie Associative\"},\"image\":{\"@id\":\"https:\/\/vieassociative.be\/actualites\/#\/schema\/logo\/image\/\"}},{\"@type\":\"Person\",\"@id\":\"https:\/\/vieassociative.be\/actualites\/#\/schema\/person\/b87ac4f82f9d4e7b7cec7395b679edc4\",\"name\":\"Julien\",\"image\":{\"@type\":\"ImageObject\",\"inLanguage\":\"fr-BE\",\"@id\":\"https:\/\/vieassociative.be\/actualites\/#\/schema\/person\/image\/\",\"url\":\"https:\/\/vieassociative.be\/actualites\/wp-content\/uploads\/2024\/09\/vie-associative-1-150x150.jpg\",\"contentUrl\":\"https:\/\/vieassociative.be\/actualites\/wp-content\/uploads\/2024\/09\/vie-associative-1-150x150.jpg\",\"caption\":\"Julien\"},\"description\":\"Je suis Julien, r\u00e9dacteur pour Vie Associative. Passionn\u00e9 par le monde associatif depuis plus de 10 ans, j'ai \u00e0 c\u0153ur de partager des histoires inspirantes et de mettre en lumi\u00e8re les initiatives locales. Mon objectif est de sensibiliser et d'encourager l'engagement communautaire \u00e0 travers mes articles.\",\"sameAs\":[\"https:\/\/vieassociative.be\/\"]}]}<\/script>\n<!-- \/ Yoast SEO plugin. -->","yoast_head_json":{"title":"Le visage amical du football: l'EM des femmes en Suisse assure un enthousiasme g\u00e9ant | Vie Associative","robots":{"index":"index","follow":"follow","max-snippet":"max-snippet:-1","max-image-preview":"max-image-preview:large","max-video-preview":"max-video-preview:-1"},"canonical":"https:\/\/vieassociative.be\/actualites\/le-visage-amical-du-football-lem-des-femmes-en-suisse-assure-un-enthousiasme-geant\/","og_locale":"fr_FR","og_type":"article","og_title":"Le visage amical du football: l'EM des femmes en Suisse assure un enthousiasme g\u00e9ant | Vie Associative","og_description":"Stades complets, courtes distances, joueurs agricoles: le championnat d&rsquo;Europe est tr\u00e8s bien re\u00e7u par les footballeurs. La joueuse nationale allemande Kathrin Hendrich de Kettenis et","og_url":"https:\/\/vieassociative.be\/actualites\/le-visage-amical-du-football-lem-des-femmes-en-suisse-assure-un-enthousiasme-geant\/","og_site_name":"Vie Associative","article_published_time":"2025-07-10T08:18:06+00:00","og_image":[{"width":279,"height":92,"url":"https:\/\/vieassociative.be\/actualites\/wp-content\/uploads\/2024\/09\/header_backgroundk-01-e1726694325946.png","type":"image\/png"}],"author":"Julien","twitter_card":"summary_large_image","twitter_misc":{"\u00c9crit par":"Julien","Dur\u00e9e de lecture est.":"3 minutes"},"schema":{"@context":"https:\/\/schema.org","@graph":[{"@type":"Article","@id":"https:\/\/vieassociative.be\/actualites\/le-visage-amical-du-football-lem-des-femmes-en-suisse-assure-un-enthousiasme-geant\/#article","isPartOf":{"@id":"https:\/\/vieassociative.be\/actualites\/le-visage-amical-du-football-lem-des-femmes-en-suisse-assure-un-enthousiasme-geant\/"},"author":{"name":"Julien","@id":"https:\/\/vieassociative.be\/actualites\/#\/schema\/person\/b87ac4f82f9d4e7b7cec7395b679edc4"},"headline":"Le visage amical du football: l&rsquo;EM des femmes en Suisse assure un enthousiasme g\u00e9ant","datePublished":"2025-07-10T08:18:06+00:00","dateModified":"2025-07-10T08:18:06+00:00","mainEntityOfPage":{"@id":"https:\/\/vieassociative.be\/actualites\/le-visage-amical-du-football-lem-des-femmes-en-suisse-assure-un-enthousiasme-geant\/"},"wordCount":583,"publisher":{"@id":"https:\/\/vieassociative.be\/actualites\/#organization"},"image":{"@id":"https:\/\/vieassociative.be\/actualites\/le-visage-amical-du-football-lem-des-femmes-en-suisse-assure-un-enthousiasme-geant\/#primaryimage"},"thumbnailUrl":"https:\/\/vieassociative.be\/actualites\/wp-content\/uploads\/2025\/07\/1752135487_Le-visage-amical-du-football-lEM-des-femmes-en-Suisse.jpg","keywords":["amical","assure","Des","enthousiasm\u00e9","femmes","football","g\u00e9ant","lEM","Suisse","visage"],"articleSection":["Belgique"],"inLanguage":"fr-BE"},{"@type":"WebPage","@id":"https:\/\/vieassociative.be\/actualites\/le-visage-amical-du-football-lem-des-femmes-en-suisse-assure-un-enthousiasme-geant\/","url":"https:\/\/vieassociative.be\/actualites\/le-visage-amical-du-football-lem-des-femmes-en-suisse-assure-un-enthousiasme-geant\/","name":"Le visage amical du football: l'EM des femmes en Suisse assure un enthousiasme g\u00e9ant | Vie Associative","isPartOf":{"@id":"https:\/\/vieassociative.be\/actualites\/#website"},"primaryImageOfPage":{"@id":"https:\/\/vieassociative.be\/actualites\/le-visage-amical-du-football-lem-des-femmes-en-suisse-assure-un-enthousiasme-geant\/#primaryimage"},"image":{"@id":"https:\/\/vieassociative.be\/actualites\/le-visage-amical-du-football-lem-des-femmes-en-suisse-assure-un-enthousiasme-geant\/#primaryimage"},"thumbnailUrl":"https:\/\/vieassociative.be\/actualites\/wp-content\/uploads\/2025\/07\/1752135487_Le-visage-amical-du-football-lEM-des-femmes-en-Suisse.jpg","datePublished":"2025-07-10T08:18:06+00:00","dateModified":"2025-07-10T08:18:06+00:00","breadcrumb":{"@id":"https:\/\/vieassociative.be\/actualites\/le-visage-amical-du-football-lem-des-femmes-en-suisse-assure-un-enthousiasme-geant\/#breadcrumb"},"inLanguage":"fr-BE","potentialAction":[{"@type":"ReadAction","target":["https:\/\/vieassociative.be\/actualites\/le-visage-amical-du-football-lem-des-femmes-en-suisse-assure-un-enthousiasme-geant\/"]}]},{"@type":"ImageObject","inLanguage":"fr-BE","@id":"https:\/\/vieassociative.be\/actualites\/le-visage-amical-du-football-lem-des-femmes-en-suisse-assure-un-enthousiasme-geant\/#primaryimage","url":"https:\/\/vieassociative.be\/actualites\/wp-content\/uploads\/2025\/07\/1752135487_Le-visage-amical-du-football-lEM-des-femmes-en-Suisse.jpg","contentUrl":"https:\/\/vieassociative.be\/actualites\/wp-content\/uploads\/2025\/07\/1752135487_Le-visage-amical-du-football-lEM-des-femmes-en-Suisse.jpg","width":1200,"height":800,"caption":"Le visage amical du football: l'EM des femmes en Suisse assure un enthousiasme g\u00e9ant"},{"@type":"BreadcrumbList","@id":"https:\/\/vieassociative.be\/actualites\/le-visage-amical-du-football-lem-des-femmes-en-suisse-assure-un-enthousiasme-geant\/#breadcrumb","itemListElement":[{"@type":"ListItem","position":1,"name":"Accueil","item":"https:\/\/vieassociative.be\/actualites\/"},{"@type":"ListItem","position":2,"name":"Le visage amical du football: l&rsquo;EM des femmes en Suisse assure un enthousiasme g\u00e9ant"}]},{"@type":"WebSite","@id":"https:\/\/vieassociative.be\/actualites\/#website","url":"https:\/\/vieassociative.be\/actualites\/","name":"Vie Associative","description":"","publisher":{"@id":"https:\/\/vieassociative.be\/actualites\/#organization"},"potentialAction":[{"@type":"SearchAction","target":{"@type":"EntryPoint","urlTemplate":"https:\/\/vieassociative.be\/actualites\/?s={search_term_string}"},"query-input":{"@type":"PropertyValueSpecification","valueRequired":true,"valueName":"search_term_string"}}],"inLanguage":"fr-BE"},{"@type":"Organization","@id":"https:\/\/vieassociative.be\/actualites\/#organization","name":"Vie Associative","url":"https:\/\/vieassociative.be\/actualites\/","logo":{"@type":"ImageObject","inLanguage":"fr-BE","@id":"https:\/\/vieassociative.be\/actualites\/#\/schema\/logo\/image\/","url":"https:\/\/vieassociative.be\/actualites\/wp-content\/uploads\/2024\/09\/cropped-vieassociative_favicon.ico.png","contentUrl":"https:\/\/vieassociative.be\/actualites\/wp-content\/uploads\/2024\/09\/cropped-vieassociative_favicon.ico.png","width":512,"height":512,"caption":"Vie Associative"},"image":{"@id":"https:\/\/vieassociative.be\/actualites\/#\/schema\/logo\/image\/"}},{"@type":"Person","@id":"https:\/\/vieassociative.be\/actualites\/#\/schema\/person\/b87ac4f82f9d4e7b7cec7395b679edc4","name":"Julien","image":{"@type":"ImageObject","inLanguage":"fr-BE","@id":"https:\/\/vieassociative.be\/actualites\/#\/schema\/person\/image\/","url":"https:\/\/vieassociative.be\/actualites\/wp-content\/uploads\/2024\/09\/vie-associative-1-150x150.jpg","contentUrl":"https:\/\/vieassociative.be\/actualites\/wp-content\/uploads\/2024\/09\/vie-associative-1-150x150.jpg","caption":"Julien"},"description":"Je suis Julien, r\u00e9dacteur pour Vie Associative. Passionn\u00e9 par le monde associatif depuis plus de 10 ans, j'ai \u00e0 c\u0153ur de partager des histoires inspirantes et de mettre en lumi\u00e8re les initiatives locales. Mon objectif est de sensibiliser et d'encourager l'engagement communautaire \u00e0 travers mes articles.","sameAs":["https:\/\/vieassociative.be\/"]}]}},"_links":{"self":[{"href":"https:\/\/vieassociative.be\/actualites\/wp-json\/wp\/v2\/posts\/8652"}],"collection":[{"href":"https:\/\/vieassociative.be\/actualites\/wp-json\/wp\/v2\/posts"}],"about":[{"href":"https:\/\/vieassociative.be\/actualites\/wp-json\/wp\/v2\/types\/post"}],"author":[{"embeddable":true,"href":"https:\/\/vieassociative.be\/actualites\/wp-json\/wp\/v2\/users\/1"}],"replies":[{"embeddable":true,"href":"https:\/\/vieassociative.be\/actualites\/wp-json\/wp\/v2\/comments?post=8652"}],"version-history":[{"count":0,"href":"https:\/\/vieassociative.be\/actualites\/wp-json\/wp\/v2\/posts\/8652\/revisions"}],"wp:featuredmedia":[{"embeddable":true,"href":"https:\/\/vieassociative.be\/actualites\/wp-json\/wp\/v2\/media\/8653"}],"wp:attachment":[{"href":"https:\/\/vieassociative.be\/actualites\/wp-json\/wp\/v2\/media?parent=8652"}],"wp:term":[{"taxonomy":"category","embeddable":true,"href":"https:\/\/vieassociative.be\/actualites\/wp-json\/wp\/v2\/categories?post=8652"},{"taxonomy":"post_tag","embeddable":true,"href":"https:\/\/vieassociative.be\/actualites\/wp-json\/wp\/v2\/tags?post=8652"}],"curies":[{"name":"wp","href":"https:\/\/api.w.org\/{rel}","templated":true}]}}