{"id":8641,"date":"2025-07-09T23:17:19","date_gmt":"2025-07-09T21:17:19","guid":{"rendered":"https:\/\/vieassociative.be\/actualites\/decouverte-sensationnelle-relique-romaine-trouvee-en-belgique\/"},"modified":"2025-07-09T23:17:21","modified_gmt":"2025-07-09T21:17:21","slug":"decouverte-sensationnelle-relique-romaine-trouvee-en-belgique","status":"publish","type":"post","link":"https:\/\/vieassociative.be\/actualites\/decouverte-sensationnelle-relique-romaine-trouvee-en-belgique\/","title":{"rendered":"D\u00e9couverte sensationnelle: relique romaine trouv\u00e9e en Belgique"},"content":{"rendered":"<p class=\"font-sans font-medium\">  Dans une rare d\u00e9couverte, les arch\u00e9ologues de Louvain, belge, ont fouill\u00e9 un artefact extraordinaire de la p\u00e9riode imp\u00e9riale.<\/p>\n<aside class=\"h-ad-280+text lg:h-0 mb-12 md:mb-16\" data-slot-id=\"pos1_sm\" data-breakpoint=\"sm\" data-hide-ad-text=\"false\" data-module-id=\"SparkAdSlotModule\"><\/aside>\n<p>Les arch\u00e9ologues ont r\u00e9ussi une d\u00e9couverte sensationnelle dans la ville belge de Louvain. La d\u00e9couverte que l&rsquo;administration de la ville a d\u00e9crit comme \u00ab\u00a0unique et extraordinaire\u00a0\u00bb a \u00e9t\u00e9 d\u00e9couverte pour un nouveau projet de dortoir \u00e9tudiant dans des fouilles de routine. Que r\u00e9v\u00e8le l&rsquo;objet sur l&rsquo;histoire de la ville?<\/p>\n<h3>Travail de construction \u00e0 Louvain: Find Find surprise Archaeologists<\/h3>\n<p>La d\u00e9couverte arch\u00e9ologique expos\u00e9e \u00e0 Louvain (Belgique) est un tuyau d&rsquo;eau romain exceptionnellement bien conserv\u00e9 dat\u00e9 entre le 1er et le 3e si\u00e8cle apr\u00e8s JC. La ligne se d\u00e9roule \u00e0 une profondeur d&rsquo;environ quatre m\u00e8tres en dessous du niveau de la rue d&rsquo;aujourd&rsquo;hui et a une longueur entre 20 et 30 m\u00e8tres. Il se compose de tribus en bois creus\u00e9es d&rsquo;environ deux m\u00e8tres chacune. Il s&rsquo;agit de la premi\u00e8re d\u00e9couverte compl\u00e8te d&rsquo;un tuyau d&rsquo;eau romain dans la r\u00e9gion de la Flandre.<\/p>\n<div id=\"piano-banner-kampagne\" data-module-id=\"PianoElementModule, PianoRecoWidgetModule\" class=\"mb-4 block\"><\/div>\n<div id=\"piano-reco-widget\" data-module-id=\"PianoElementModule, PianoRecoWidgetModule\" class=\"mb-4 block\"><\/div>\n<aside class=\"w-full justify-center overflow-x-hidden\">\n<div>\n<\/div>\n<\/aside>\n<p>Alors que les r\u00e9f\u00e9rences \u00e0 des lignes comparables \u00e9taient d\u00e9j\u00e0 document\u00e9es dans d&rsquo;autres villes telles que Tienen et Topper, les structures en bois n&rsquo;y ont pas \u00e9t\u00e9 conserv\u00e9es en raison de l&rsquo;alt\u00e9ration &#8211; contrairement \u00e0 la copie d\u00e9couverte \u00e0 Louvain.<\/p>\n<p><!-- opinary --><\/p>\n<div class=\"w-full bg-stable-white\">\n<div id=\"opinary-automation-placeholder\" class=\"w-full\"><\/div>\n<\/p><\/div>\n<h3>Pipe d&rsquo;eau romaine en Belgique: La condition tr\u00e8s bien conserv\u00e9e permet de pr\u00e9cieuses conclusions<\/h3>\n<p>La pr\u00e9servation exceptionnellement bonne du tuyau d&rsquo;eau romain expos\u00e9 est due aux conditions de sol sp\u00e9cifiques dans la vall\u00e9e de la rivi\u00e8re Dyle (hollandais: Dijle). Le souterrain mar\u00e9cageux et ana\u00e9robie dominant a inhib\u00e9 la d\u00e9composition du bois en raison du manque d&rsquo;oxyg\u00e8ne et de l&rsquo;activit\u00e9 microbienne r\u00e9duite, afin que le mat\u00e9riau puisse \u00eatre conserv\u00e9 pendant pr\u00e8s de deux mill\u00e9naires. Un processus qui est bien document\u00e9 dans une couche \u00e0 faible teneur en Damps et a \u00e9galement \u00e9t\u00e9 observ\u00e9 dans des d\u00e9couvertes en bois comparables \u00e0 partir du contexte romain, par exemple dans les syst\u00e8mes de fontaine romaine.<\/p>\n<aside class=\"h-ad-600+text lg:h-0 mb-12 md:mb-16\" data-slot-id=\"pos2_sm\" data-breakpoint=\"sm\" data-hide-ad-text=\"false\" data-module-id=\"SparkAdSlotModule\"><\/aside>\n<p>La d\u00e9tection arch\u00e9ologique des restes m\u00e9caniques \u00e0 la surface de la ligne, qui indique l&rsquo;existence d&rsquo;un dispositif de pompage romain, a attir\u00e9 une attention particuli\u00e8re. Cette constatation sugg\u00e8re que l&rsquo;infrastructure hydrique de la r\u00e9gion \u00e9tait plus progressive techniquement que ce que l&rsquo;on ne le supposait pr\u00e9c\u00e9demment. Ces dispositifs pourraient \u00eatre comparables aux principes connus de l&rsquo;hydrotechnologie romaine tels que les pompes \u00e0 piston (type ctesibica) ou les lignes de pression support\u00e9es par hydraulique, telles que celles document\u00e9es \u00e0 partir de Pompeii ou de Vindonissa.<\/p>\n<p>Au moment de l&rsquo;utilisation de la direction, c&rsquo;est-\u00e0-dire entre le 1er et le 3e si\u00e8cle apr\u00e8s JC, Leuven \u00e9tait un petit r\u00e8glement de diverticulum. Ces stations \u00e9taient dues \u00e0 des branches d&rsquo;importants axes de circulation romaine, souvent avec des fonctions logistiques ou \u00e9conomiques. Leuven \u00e9tait \u00e0 proximit\u00e9 imm\u00e9diate d&rsquo;un passage \u00e0 niveau strat\u00e9giquement significatif de la Dijle et pr\u00e8s d&rsquo;un cours lat\u00e9ral pour via Belgica, la principale art\u00e8re de la circulation entre Colonia Claudia Ara Agrippinensium (Cologne) et Georiacum (Boulogne-sur-Mer), une voie d&rsquo;une importance militaire et \u00e9conomique consid\u00e9rable dans la Gaule Roman.<\/p>\n<p><!-- Taboola Container --><\/p>\n<aside class=\" w-full\" data-module-id=\"TaboolaContainerModule\" data-container-id=\"taboola-article-mid-article\" data-target-type=\"mix\" data-is-mid-article=\"true\" data-variant=\"mid-article\" data-gallery-number=\"undefined\" data-taboola-darkmode-flag=\"true\">\n<div id=\"taboola-article-mid-article\" style=\"\"><\/div>\n<\/aside>\n<h3>Rencontrer exactement les d\u00e9couvertes est toujours en attente: la recherche devrait continuer<\/h3>\n<p>Les \u00e9tapes suivantes incluent le transfert du tuyau vers un laboratoire de pr\u00e9servation pour l&rsquo;analyse dendrochronologique &#8211; une datation utilisant des anneaux annuels pour d\u00e9terminer un \u00e2ge plus pr\u00e9cis. La ligne est ensuite congel\u00e9e pour le s\u00e9curiser \u00e0 long terme, dans l&rsquo;espoir de pouvoir l&rsquo;\u00e9mettre un jour.<\/p>\n","protected":false},"excerpt":{"rendered":"<p>Dans une rare d\u00e9couverte, les arch\u00e9ologues de Louvain, belge, ont fouill\u00e9 un artefact extraordinaire de la p\u00e9riode imp\u00e9riale. Les arch\u00e9ologues ont r\u00e9ussi une d\u00e9couverte sensationnelle<\/p>\n","protected":false},"author":1,"featured_media":8642,"comment_status":"closed","ping_status":"","sticky":false,"template":"","format":"standard","meta":{"footnotes":""},"categories":[298],"tags":[383,2843,7681,7682,7680,7683],"class_list":["post-8641","post","type-post","status-publish","format-standard","has-post-thumbnail","hentry","category-belgique","tag-belgique","tag-decouverte","tag-relique","tag-romaine","tag-sensationnelle","tag-trouvee","generate-columns","tablet-grid-50","mobile-grid-100","grid-parent","grid-33"],"yoast_head":"<!-- This site is optimized with the Yoast SEO plugin v24.0 - https:\/\/yoast.com\/wordpress\/plugins\/seo\/ -->\n<title>D\u00e9couverte sensationnelle: relique romaine trouv\u00e9e en Belgique | Vie Associative<\/title>\n<meta name=\"robots\" content=\"index, follow, max-snippet:-1, max-image-preview:large, max-video-preview:-1\" \/>\n<link rel=\"canonical\" href=\"https:\/\/vieassociative.be\/actualites\/decouverte-sensationnelle-relique-romaine-trouvee-en-belgique\/\" \/>\n<meta property=\"og:locale\" content=\"fr_FR\" \/>\n<meta property=\"og:type\" content=\"article\" \/>\n<meta property=\"og:title\" content=\"D\u00e9couverte sensationnelle: relique romaine trouv\u00e9e en Belgique | Vie Associative\" \/>\n<meta property=\"og:description\" content=\"Dans une rare d\u00e9couverte, les arch\u00e9ologues de Louvain, belge, ont fouill\u00e9 un artefact extraordinaire de la p\u00e9riode imp\u00e9riale. Les arch\u00e9ologues ont r\u00e9ussi une d\u00e9couverte sensationnelle\" \/>\n<meta property=\"og:url\" content=\"https:\/\/vieassociative.be\/actualites\/decouverte-sensationnelle-relique-romaine-trouvee-en-belgique\/\" \/>\n<meta property=\"og:site_name\" content=\"Vie Associative\" \/>\n<meta property=\"article:published_time\" content=\"2025-07-09T21:17:19+00:00\" \/>\n<meta property=\"article:modified_time\" content=\"2025-07-09T21:17:21+00:00\" \/>\n<meta property=\"og:image\" content=\"https:\/\/vieassociative.be\/actualites\/wp-content\/uploads\/2025\/07\/Decouverte-sensationnelle-relique-romaine-trouvee-en-Belgique.webp.webp\" \/>\n\t<meta property=\"og:image:width\" content=\"1200\" \/>\n\t<meta property=\"og:image:height\" content=\"675\" \/>\n\t<meta property=\"og:image:type\" content=\"image\/webp\" \/>\n<meta name=\"author\" content=\"Julien\" \/>\n<meta name=\"twitter:card\" content=\"summary_large_image\" \/>\n<meta name=\"twitter:label1\" content=\"\u00c9crit par\" \/>\n\t<meta name=\"twitter:data1\" content=\"Julien\" \/>\n\t<meta name=\"twitter:label2\" content=\"Dur\u00e9e de lecture est.\" \/>\n\t<meta name=\"twitter:data2\" content=\"3 minutes\" \/>\n<script type=\"application\/ld+json\" class=\"yoast-schema-graph\">{\"@context\":\"https:\/\/schema.org\",\"@graph\":[{\"@type\":\"Article\",\"@id\":\"https:\/\/vieassociative.be\/actualites\/decouverte-sensationnelle-relique-romaine-trouvee-en-belgique\/#article\",\"isPartOf\":{\"@id\":\"https:\/\/vieassociative.be\/actualites\/decouverte-sensationnelle-relique-romaine-trouvee-en-belgique\/\"},\"author\":{\"name\":\"Julien\",\"@id\":\"https:\/\/vieassociative.be\/actualites\/#\/schema\/person\/b87ac4f82f9d4e7b7cec7395b679edc4\"},\"headline\":\"D\u00e9couverte sensationnelle: relique romaine trouv\u00e9e en Belgique\",\"datePublished\":\"2025-07-09T21:17:19+00:00\",\"dateModified\":\"2025-07-09T21:17:21+00:00\",\"mainEntityOfPage\":{\"@id\":\"https:\/\/vieassociative.be\/actualites\/decouverte-sensationnelle-relique-romaine-trouvee-en-belgique\/\"},\"wordCount\":643,\"publisher\":{\"@id\":\"https:\/\/vieassociative.be\/actualites\/#organization\"},\"image\":{\"@id\":\"https:\/\/vieassociative.be\/actualites\/decouverte-sensationnelle-relique-romaine-trouvee-en-belgique\/#primaryimage\"},\"thumbnailUrl\":\"https:\/\/vieassociative.be\/actualites\/wp-content\/uploads\/2025\/07\/Decouverte-sensationnelle-relique-romaine-trouvee-en-Belgique.webp.webp\",\"keywords\":[\"Belgique\",\"D\u00e9couverte\",\"relique\",\"romaine\",\"sensationnelle\",\"trouv\u00e9e\"],\"articleSection\":[\"Belgique\"],\"inLanguage\":\"fr-BE\"},{\"@type\":\"WebPage\",\"@id\":\"https:\/\/vieassociative.be\/actualites\/decouverte-sensationnelle-relique-romaine-trouvee-en-belgique\/\",\"url\":\"https:\/\/vieassociative.be\/actualites\/decouverte-sensationnelle-relique-romaine-trouvee-en-belgique\/\",\"name\":\"D\u00e9couverte sensationnelle: relique romaine trouv\u00e9e en Belgique | Vie Associative\",\"isPartOf\":{\"@id\":\"https:\/\/vieassociative.be\/actualites\/#website\"},\"primaryImageOfPage\":{\"@id\":\"https:\/\/vieassociative.be\/actualites\/decouverte-sensationnelle-relique-romaine-trouvee-en-belgique\/#primaryimage\"},\"image\":{\"@id\":\"https:\/\/vieassociative.be\/actualites\/decouverte-sensationnelle-relique-romaine-trouvee-en-belgique\/#primaryimage\"},\"thumbnailUrl\":\"https:\/\/vieassociative.be\/actualites\/wp-content\/uploads\/2025\/07\/Decouverte-sensationnelle-relique-romaine-trouvee-en-Belgique.webp.webp\",\"datePublished\":\"2025-07-09T21:17:19+00:00\",\"dateModified\":\"2025-07-09T21:17:21+00:00\",\"breadcrumb\":{\"@id\":\"https:\/\/vieassociative.be\/actualites\/decouverte-sensationnelle-relique-romaine-trouvee-en-belgique\/#breadcrumb\"},\"inLanguage\":\"fr-BE\",\"potentialAction\":[{\"@type\":\"ReadAction\",\"target\":[\"https:\/\/vieassociative.be\/actualites\/decouverte-sensationnelle-relique-romaine-trouvee-en-belgique\/\"]}]},{\"@type\":\"ImageObject\",\"inLanguage\":\"fr-BE\",\"@id\":\"https:\/\/vieassociative.be\/actualites\/decouverte-sensationnelle-relique-romaine-trouvee-en-belgique\/#primaryimage\",\"url\":\"https:\/\/vieassociative.be\/actualites\/wp-content\/uploads\/2025\/07\/Decouverte-sensationnelle-relique-romaine-trouvee-en-Belgique.webp.webp\",\"contentUrl\":\"https:\/\/vieassociative.be\/actualites\/wp-content\/uploads\/2025\/07\/Decouverte-sensationnelle-relique-romaine-trouvee-en-Belgique.webp.webp\",\"width\":1200,\"height\":675,\"caption\":\"Cliquez ici et lisez tous les \u00e9pisodes de la colonne d'arch\u00e9ologie\"},{\"@type\":\"BreadcrumbList\",\"@id\":\"https:\/\/vieassociative.be\/actualites\/decouverte-sensationnelle-relique-romaine-trouvee-en-belgique\/#breadcrumb\",\"itemListElement\":[{\"@type\":\"ListItem\",\"position\":1,\"name\":\"Accueil\",\"item\":\"https:\/\/vieassociative.be\/actualites\/\"},{\"@type\":\"ListItem\",\"position\":2,\"name\":\"D\u00e9couverte sensationnelle: relique romaine trouv\u00e9e en Belgique\"}]},{\"@type\":\"WebSite\",\"@id\":\"https:\/\/vieassociative.be\/actualites\/#website\",\"url\":\"https:\/\/vieassociative.be\/actualites\/\",\"name\":\"Vie Associative\",\"description\":\"\",\"publisher\":{\"@id\":\"https:\/\/vieassociative.be\/actualites\/#organization\"},\"potentialAction\":[{\"@type\":\"SearchAction\",\"target\":{\"@type\":\"EntryPoint\",\"urlTemplate\":\"https:\/\/vieassociative.be\/actualites\/?s={search_term_string}\"},\"query-input\":{\"@type\":\"PropertyValueSpecification\",\"valueRequired\":true,\"valueName\":\"search_term_string\"}}],\"inLanguage\":\"fr-BE\"},{\"@type\":\"Organization\",\"@id\":\"https:\/\/vieassociative.be\/actualites\/#organization\",\"name\":\"Vie Associative\",\"url\":\"https:\/\/vieassociative.be\/actualites\/\",\"logo\":{\"@type\":\"ImageObject\",\"inLanguage\":\"fr-BE\",\"@id\":\"https:\/\/vieassociative.be\/actualites\/#\/schema\/logo\/image\/\",\"url\":\"https:\/\/vieassociative.be\/actualites\/wp-content\/uploads\/2024\/09\/cropped-vieassociative_favicon.ico.png\",\"contentUrl\":\"https:\/\/vieassociative.be\/actualites\/wp-content\/uploads\/2024\/09\/cropped-vieassociative_favicon.ico.png\",\"width\":512,\"height\":512,\"caption\":\"Vie Associative\"},\"image\":{\"@id\":\"https:\/\/vieassociative.be\/actualites\/#\/schema\/logo\/image\/\"}},{\"@type\":\"Person\",\"@id\":\"https:\/\/vieassociative.be\/actualites\/#\/schema\/person\/b87ac4f82f9d4e7b7cec7395b679edc4\",\"name\":\"Julien\",\"image\":{\"@type\":\"ImageObject\",\"inLanguage\":\"fr-BE\",\"@id\":\"https:\/\/vieassociative.be\/actualites\/#\/schema\/person\/image\/\",\"url\":\"https:\/\/vieassociative.be\/actualites\/wp-content\/uploads\/2024\/09\/vie-associative-1-150x150.jpg\",\"contentUrl\":\"https:\/\/vieassociative.be\/actualites\/wp-content\/uploads\/2024\/09\/vie-associative-1-150x150.jpg\",\"caption\":\"Julien\"},\"description\":\"Je suis Julien, r\u00e9dacteur pour Vie Associative. Passionn\u00e9 par le monde associatif depuis plus de 10 ans, j'ai \u00e0 c\u0153ur de partager des histoires inspirantes et de mettre en lumi\u00e8re les initiatives locales. Mon objectif est de sensibiliser et d'encourager l'engagement communautaire \u00e0 travers mes articles.\",\"sameAs\":[\"https:\/\/vieassociative.be\/\"]}]}<\/script>\n<!-- \/ Yoast SEO plugin. -->","yoast_head_json":{"title":"D\u00e9couverte sensationnelle: relique romaine trouv\u00e9e en Belgique | Vie Associative","robots":{"index":"index","follow":"follow","max-snippet":"max-snippet:-1","max-image-preview":"max-image-preview:large","max-video-preview":"max-video-preview:-1"},"canonical":"https:\/\/vieassociative.be\/actualites\/decouverte-sensationnelle-relique-romaine-trouvee-en-belgique\/","og_locale":"fr_FR","og_type":"article","og_title":"D\u00e9couverte sensationnelle: relique romaine trouv\u00e9e en Belgique | Vie Associative","og_description":"Dans une rare d\u00e9couverte, les arch\u00e9ologues de Louvain, belge, ont fouill\u00e9 un artefact extraordinaire de la p\u00e9riode imp\u00e9riale. Les arch\u00e9ologues ont r\u00e9ussi une d\u00e9couverte sensationnelle","og_url":"https:\/\/vieassociative.be\/actualites\/decouverte-sensationnelle-relique-romaine-trouvee-en-belgique\/","og_site_name":"Vie Associative","article_published_time":"2025-07-09T21:17:19+00:00","article_modified_time":"2025-07-09T21:17:21+00:00","og_image":[{"width":1200,"height":675,"url":"https:\/\/vieassociative.be\/actualites\/wp-content\/uploads\/2025\/07\/Decouverte-sensationnelle-relique-romaine-trouvee-en-Belgique.webp.webp","type":"image\/webp"}],"author":"Julien","twitter_card":"summary_large_image","twitter_misc":{"\u00c9crit par":"Julien","Dur\u00e9e de lecture est.":"3 minutes"},"schema":{"@context":"https:\/\/schema.org","@graph":[{"@type":"Article","@id":"https:\/\/vieassociative.be\/actualites\/decouverte-sensationnelle-relique-romaine-trouvee-en-belgique\/#article","isPartOf":{"@id":"https:\/\/vieassociative.be\/actualites\/decouverte-sensationnelle-relique-romaine-trouvee-en-belgique\/"},"author":{"name":"Julien","@id":"https:\/\/vieassociative.be\/actualites\/#\/schema\/person\/b87ac4f82f9d4e7b7cec7395b679edc4"},"headline":"D\u00e9couverte sensationnelle: relique romaine trouv\u00e9e en Belgique","datePublished":"2025-07-09T21:17:19+00:00","dateModified":"2025-07-09T21:17:21+00:00","mainEntityOfPage":{"@id":"https:\/\/vieassociative.be\/actualites\/decouverte-sensationnelle-relique-romaine-trouvee-en-belgique\/"},"wordCount":643,"publisher":{"@id":"https:\/\/vieassociative.be\/actualites\/#organization"},"image":{"@id":"https:\/\/vieassociative.be\/actualites\/decouverte-sensationnelle-relique-romaine-trouvee-en-belgique\/#primaryimage"},"thumbnailUrl":"https:\/\/vieassociative.be\/actualites\/wp-content\/uploads\/2025\/07\/Decouverte-sensationnelle-relique-romaine-trouvee-en-Belgique.webp.webp","keywords":["Belgique","D\u00e9couverte","relique","romaine","sensationnelle","trouv\u00e9e"],"articleSection":["Belgique"],"inLanguage":"fr-BE"},{"@type":"WebPage","@id":"https:\/\/vieassociative.be\/actualites\/decouverte-sensationnelle-relique-romaine-trouvee-en-belgique\/","url":"https:\/\/vieassociative.be\/actualites\/decouverte-sensationnelle-relique-romaine-trouvee-en-belgique\/","name":"D\u00e9couverte sensationnelle: relique romaine trouv\u00e9e en Belgique | Vie Associative","isPartOf":{"@id":"https:\/\/vieassociative.be\/actualites\/#website"},"primaryImageOfPage":{"@id":"https:\/\/vieassociative.be\/actualites\/decouverte-sensationnelle-relique-romaine-trouvee-en-belgique\/#primaryimage"},"image":{"@id":"https:\/\/vieassociative.be\/actualites\/decouverte-sensationnelle-relique-romaine-trouvee-en-belgique\/#primaryimage"},"thumbnailUrl":"https:\/\/vieassociative.be\/actualites\/wp-content\/uploads\/2025\/07\/Decouverte-sensationnelle-relique-romaine-trouvee-en-Belgique.webp.webp","datePublished":"2025-07-09T21:17:19+00:00","dateModified":"2025-07-09T21:17:21+00:00","breadcrumb":{"@id":"https:\/\/vieassociative.be\/actualites\/decouverte-sensationnelle-relique-romaine-trouvee-en-belgique\/#breadcrumb"},"inLanguage":"fr-BE","potentialAction":[{"@type":"ReadAction","target":["https:\/\/vieassociative.be\/actualites\/decouverte-sensationnelle-relique-romaine-trouvee-en-belgique\/"]}]},{"@type":"ImageObject","inLanguage":"fr-BE","@id":"https:\/\/vieassociative.be\/actualites\/decouverte-sensationnelle-relique-romaine-trouvee-en-belgique\/#primaryimage","url":"https:\/\/vieassociative.be\/actualites\/wp-content\/uploads\/2025\/07\/Decouverte-sensationnelle-relique-romaine-trouvee-en-Belgique.webp.webp","contentUrl":"https:\/\/vieassociative.be\/actualites\/wp-content\/uploads\/2025\/07\/Decouverte-sensationnelle-relique-romaine-trouvee-en-Belgique.webp.webp","width":1200,"height":675,"caption":"Cliquez ici et lisez tous les \u00e9pisodes de la colonne d'arch\u00e9ologie"},{"@type":"BreadcrumbList","@id":"https:\/\/vieassociative.be\/actualites\/decouverte-sensationnelle-relique-romaine-trouvee-en-belgique\/#breadcrumb","itemListElement":[{"@type":"ListItem","position":1,"name":"Accueil","item":"https:\/\/vieassociative.be\/actualites\/"},{"@type":"ListItem","position":2,"name":"D\u00e9couverte sensationnelle: relique romaine trouv\u00e9e en Belgique"}]},{"@type":"WebSite","@id":"https:\/\/vieassociative.be\/actualites\/#website","url":"https:\/\/vieassociative.be\/actualites\/","name":"Vie Associative","description":"","publisher":{"@id":"https:\/\/vieassociative.be\/actualites\/#organization"},"potentialAction":[{"@type":"SearchAction","target":{"@type":"EntryPoint","urlTemplate":"https:\/\/vieassociative.be\/actualites\/?s={search_term_string}"},"query-input":{"@type":"PropertyValueSpecification","valueRequired":true,"valueName":"search_term_string"}}],"inLanguage":"fr-BE"},{"@type":"Organization","@id":"https:\/\/vieassociative.be\/actualites\/#organization","name":"Vie Associative","url":"https:\/\/vieassociative.be\/actualites\/","logo":{"@type":"ImageObject","inLanguage":"fr-BE","@id":"https:\/\/vieassociative.be\/actualites\/#\/schema\/logo\/image\/","url":"https:\/\/vieassociative.be\/actualites\/wp-content\/uploads\/2024\/09\/cropped-vieassociative_favicon.ico.png","contentUrl":"https:\/\/vieassociative.be\/actualites\/wp-content\/uploads\/2024\/09\/cropped-vieassociative_favicon.ico.png","width":512,"height":512,"caption":"Vie Associative"},"image":{"@id":"https:\/\/vieassociative.be\/actualites\/#\/schema\/logo\/image\/"}},{"@type":"Person","@id":"https:\/\/vieassociative.be\/actualites\/#\/schema\/person\/b87ac4f82f9d4e7b7cec7395b679edc4","name":"Julien","image":{"@type":"ImageObject","inLanguage":"fr-BE","@id":"https:\/\/vieassociative.be\/actualites\/#\/schema\/person\/image\/","url":"https:\/\/vieassociative.be\/actualites\/wp-content\/uploads\/2024\/09\/vie-associative-1-150x150.jpg","contentUrl":"https:\/\/vieassociative.be\/actualites\/wp-content\/uploads\/2024\/09\/vie-associative-1-150x150.jpg","caption":"Julien"},"description":"Je suis Julien, r\u00e9dacteur pour Vie Associative. Passionn\u00e9 par le monde associatif depuis plus de 10 ans, j'ai \u00e0 c\u0153ur de partager des histoires inspirantes et de mettre en lumi\u00e8re les initiatives locales. Mon objectif est de sensibiliser et d'encourager l'engagement communautaire \u00e0 travers mes articles.","sameAs":["https:\/\/vieassociative.be\/"]}]}},"_links":{"self":[{"href":"https:\/\/vieassociative.be\/actualites\/wp-json\/wp\/v2\/posts\/8641"}],"collection":[{"href":"https:\/\/vieassociative.be\/actualites\/wp-json\/wp\/v2\/posts"}],"about":[{"href":"https:\/\/vieassociative.be\/actualites\/wp-json\/wp\/v2\/types\/post"}],"author":[{"embeddable":true,"href":"https:\/\/vieassociative.be\/actualites\/wp-json\/wp\/v2\/users\/1"}],"replies":[{"embeddable":true,"href":"https:\/\/vieassociative.be\/actualites\/wp-json\/wp\/v2\/comments?post=8641"}],"version-history":[{"count":1,"href":"https:\/\/vieassociative.be\/actualites\/wp-json\/wp\/v2\/posts\/8641\/revisions"}],"predecessor-version":[{"id":8643,"href":"https:\/\/vieassociative.be\/actualites\/wp-json\/wp\/v2\/posts\/8641\/revisions\/8643"}],"wp:featuredmedia":[{"embeddable":true,"href":"https:\/\/vieassociative.be\/actualites\/wp-json\/wp\/v2\/media\/8642"}],"wp:attachment":[{"href":"https:\/\/vieassociative.be\/actualites\/wp-json\/wp\/v2\/media?parent=8641"}],"wp:term":[{"taxonomy":"category","embeddable":true,"href":"https:\/\/vieassociative.be\/actualites\/wp-json\/wp\/v2\/categories?post=8641"},{"taxonomy":"post_tag","embeddable":true,"href":"https:\/\/vieassociative.be\/actualites\/wp-json\/wp\/v2\/tags?post=8641"}],"curies":[{"name":"wp","href":"https:\/\/api.w.org\/{rel}","templated":true}]}}