{"id":864,"date":"2024-10-05T05:24:13","date_gmt":"2024-10-05T03:24:13","guid":{"rendered":"https:\/\/vieassociative.be\/actualites\/ce-sont-mes-produits-preferes-pour-aider-les-enfants-anxieux\/"},"modified":"2024-10-05T05:24:13","modified_gmt":"2024-10-05T03:24:13","slug":"ce-sont-mes-produits-preferes-pour-aider-les-enfants-anxieux","status":"publish","type":"post","link":"https:\/\/vieassociative.be\/actualites\/ce-sont-mes-produits-preferes-pour-aider-les-enfants-anxieux\/","title":{"rendered":"Ce sont mes produits pr\u00e9f\u00e9r\u00e9s pour aider les enfants anxieux"},"content":{"rendered":"<div class=\"mt-4 leading-6 md:mb-8\">Ces articles peuvent \u00eatre la solution pour r\u00e9duire le niveau de stress de votre enfant.<\/div>\n<p><\/p>\n<p>Selon les National Institutes of Health, un enfant sur huit souffre d&rsquo;un trouble d&rsquo;anxi\u00e9t\u00e9 infantile, et il faut parfois beaucoup de patience de la part des parents pour aider leurs enfants \u00e0 retrouver un peu de calme. La bonne nouvelle pour les mamans et les papas est qu\u2019il existe de nombreux produits de qualit\u00e9 qui peuvent aider \u00e0 r\u00e9duire les sentiments d\u2019anxi\u00e9t\u00e9 et offrir du confort. Voici une liste de mes articles pr\u00e9f\u00e9r\u00e9s pour aider \u00e0 r\u00e9duire le stress et \u00e0 apaiser les jeunes esprits occup\u00e9s. <\/p>\n<h2 id=\"compression-bed-sheet\">Drap de lit \u00e0 compression<\/h2>\n<p>Ce drap de compression est une excellente alternative aux couvertures lest\u00e9es si elles ne fonctionnent pas bien pour votre enfant. Son tissu extensible et respirant enveloppe l\u00e9g\u00e8rement votre enfant, lui permettant de rester calme tout au long de la nuit. Bien que certaines critiques indiquent qu&rsquo;il peut \u00eatre difficile de placer ce drap sur leur lit, la plupart des parents conviennent que c&rsquo;est un petit prix \u00e0 payer pour que leur enfant puisse passer une bonne nuit de sommeil.  <\/p>\n<h2 id=\"noise-reduction-headphones\">Casque \u00e0 r\u00e9duction de bruit<\/h2>\n<p>Trop de bruits peuvent augmenter l\u2019anxi\u00e9t\u00e9 chez les enfants. Les acheteurs de ces \u00e9couteurs s&rsquo;extasient sur le fait qu&rsquo;ils sont parfaits pour r\u00e9duire le son dans les environnements bruyants, et les porteurs peuvent toujours poursuivre des conversations avec leurs parents lorsqu&rsquo;ils sont de pr\u00e8s. Ils arborent \u00e9galement des coussinets d&rsquo;oreille doux et sont enti\u00e8rement r\u00e9glables pour le confort de votre enfant. <\/p>\n<h2 id=\"chewigems\">Chewigems<\/h2>\n<p>Lorsque l\u2019anxi\u00e9t\u00e9 frappe, les ongles sont g\u00e9n\u00e9ralement les premiers \u00e0 dispara\u00eetre. Ces pendentifs en silicone en forme de plaque d&rsquo;identit\u00e9 offrent une alternative hygi\u00e9nique aux chiffres de votre enfant, donnant aux enfants la stimulation dont ils ont besoin tout en ayant l&rsquo;air suffisamment cool pour \u00e9viter les taquineries des autres. Ils peuvent \u00e9galement \u00eatre facilement nettoy\u00e9s \u00e0 l\u2019eau chaude ou au lave-vaisselle.<\/p>\n<h2 id=\"warm-pals-weighted-stuffed-animal\">Peluche lest\u00e9e Warm Pals<\/h2>\n<p>Les peluches font sourire n&rsquo;importe quel enfant, mais des \u00e9tudes montrent qu&rsquo;elles aident \u00e9galement les enfants \u00e0 vivre de grandes \u00e9motions et \u00e0 se sentir soutenus. Ces Warm Pals aident les enfants qui souffrent d&rsquo;anxi\u00e9t\u00e9 avec leur farce lest\u00e9e remplie de c\u00e9r\u00e9ales et son odeur apaisante de lavande. Ils peuvent \u00e9galement \u00eatre r\u00e9chauff\u00e9s ou refroidis si votre enfant est sensible \u00e0 la temp\u00e9rature.<\/p>\n<h2 id=\"indoor-sensory-swing\">Balan\u00e7oire sensorielle d&rsquo;int\u00e9rieur<\/h2>\n<p>En plus d&rsquo;\u00eatre tr\u00e8s cool \u00e0 avoir dans votre maison, le mouvement de cette balan\u00e7oire d&rsquo;int\u00e9rieur peut apaiser un enfant anxieux. Ce produit facile \u00e0 installer, qui peut supporter jusqu&rsquo;\u00e0 220 livres, offre aux enfants une exp\u00e9rience apaisante avec un tissu durable qui blottira votre enfant. <\/p>\n<h2 id=\"sound-machine\">Machine \u00e0 son<\/h2>\n<p>Je ne sais pas ce que j&rsquo;aurais fait si mes fils n&rsquo;avaient pas eu une machine \u00e0 bruit blanc pour les endormir. M\u00eame maintenant, leur chambre est si relaxante, \u00e0 l\u2019\u00e9cart des moteurs rugissants de la circulation \u00e0 l\u2019ext\u00e9rieur de notre maison. Ce mod\u00e8le arbore 25 sons, dispose d&rsquo;une minuterie et fonctionne comme une veilleuse pour offrir aux enfants un confort suppl\u00e9mentaire.<\/p>\n<h2 id=\"trifold-easel-art-set\">Ensemble d&rsquo;art avec chevalet \u00e0 trois volets<\/h2>\n<p>Selon <em>Famille tr\u00e8s bien<\/em>les enfants anxieux devraient avoir beaucoup de mat\u00e9riel artistique \u00e0 port\u00e9e de main, car le dessin, le coloriage et la peinture peuvent les aider \u00e0 faire face \u00e0 de grands sentiments et \u00e9motions. Ce kit artistique de 185 pi\u00e8ces contient tout ce dont un artiste a besoin, des pastels \u00e0 l&rsquo;huile, des aquarelles, des marqueurs et du papier. Il comprend \u00e9galement un chevalet double face, permettant aux jeunes Monet d&#8217;emporter ce kit n&rsquo;importe o\u00f9 et de visualiser l&rsquo;inspiration de leur prochain chef-d&rsquo;\u0153uvre. <\/p>\n<h2 id=\"monster-stomp-game\">Jeu Monster Stomp<\/h2>\n<p>Quel enfant n\u2019a pas voulu vaincre ses peurs ? C&rsquo;est l&rsquo;objet de ce jeu de r\u00f4le prim\u00e9 destin\u00e9 aux plus de 4 ans. Lorsque les joueurs pi\u00e9tinent le monstre qu&rsquo;ils ont cr\u00e9\u00e9 avec la p\u00e2te \u00e0 modeler incluse dans le jeu, ils doivent parler des autres monstres du monde, comme l&rsquo;obscurit\u00e9, la maladie et d&rsquo;autres choses qui leur font peur, donnant aux enfants anxieux un sentiment de contr\u00f4le sur ce qui les inqui\u00e8te le plus.<\/p>\n<h2 id=\"emotions-magnet\">Aimant d&rsquo;\u00e9motions<\/h2>\n<p>Mes fils ont une version de cet aimant dans leurs salles de classe car cela les aide \u00e0 d\u00e9velopper leur conscience de soi, et plus un enfant est conscient de ses \u00e9motions, plus il peut traiter et g\u00e9rer la fa\u00e7on dont il r\u00e9agit \u00e0 ces sentiments. En annon\u00e7ant silencieusement si elles sont heureuses, anxieuses ou tristes, les familles peuvent \u00eatre ouvertes \u00e0 discuter des raisons pour lesquelles elles se sentent ainsi.  <\/p>\n<h2 id=\"yoga-cards-kit\">Kit de cartes de yoga<\/h2>\n<p>Tout type d\u2019exercice est excellent pour r\u00e9duire le stress et l\u2019anxi\u00e9t\u00e9, et le yoga en particulier peut stimuler l\u2019humeur et aider les enfants \u00e0 se sentir mieux dans leur corps. Il existe de nombreuses fa\u00e7ons pour les enfants d&rsquo;acc\u00e9der aux cours de yoga, qu&rsquo;il s&rsquo;agisse de vid\u00e9os YouTube destin\u00e9es aux plus jeunes ou de vous rejoindre pour une s\u00e9ance. Cependant, ces cartes illustr\u00e9es peuvent les accompagner partout, donc s&rsquo;ils veulent pratiquer leur pose de tournesol dans le parc ou leur pose d&rsquo;enfant dans le salon, elles sont facilement accessibles lorsqu&rsquo;ils ont besoin de se d\u00e9stresser. <\/p>\n<hr>\n<h3>Produits recommand\u00e9s pour aider \u00e0 r\u00e9duire l\u2019anxi\u00e9t\u00e9 de votre enfant\u00a0:<\/h3>\n<ul>\n<li>\n<p><strong>Drap de lit compress\u00e9\u00a0:<\/strong> 24,99\u00a0$<\/p>\n<\/li>\n<li>\n<p><strong>Cache-oreilles \u00e0 r\u00e9duction de bruit<\/strong>: 13,69$<\/p>\n<\/li>\n<li>\n<p><strong>Chewigems<\/strong>: 24,74$<\/p>\n<\/li>\n<li>\n<p><strong>Animal en peluche lest\u00e9 Warm Pals\u00a0:<\/strong> 25,95\u00a0$<\/p>\n<\/li>\n<li>\n<p><strong>Balan\u00e7oire sensorielle int\u00e9rieure\u00a0:<\/strong> 89,99\u00a0$<\/p>\n<\/li>\n<li>\n<p><strong>Machine \u00e0 son\u00a0:<\/strong> 23,99\u00a0$<\/p>\n<\/li>\n<li>\n<p><strong>Ensemble d&rsquo;art de chevalet \u00e0 trois volets\u00a0:<\/strong> 22,99\u00a0$<\/p>\n<\/li>\n<li>\n<p><strong>Jeu Monster Stomp\u00a0:<\/strong> 19,95\u00a0$<\/p>\n<\/li>\n<li>\n<p><strong>Aimant d&rsquo;\u00e9motions\u00a0:<\/strong> 9,99\u00a0$ <\/p>\n<\/li>\n<li>\n<p><strong>Kit de cartes de yoga\u00a0:<\/strong> 9,99\u00a0$<\/p>\n<\/li>\n<\/ul>\n","protected":false},"excerpt":{"rendered":"<p>Ces articles peuvent \u00eatre la solution pour r\u00e9duire le niveau de stress de votre enfant. Selon les National Institutes of Health, un enfant sur huit<\/p>\n","protected":false},"author":1,"featured_media":865,"comment_status":"","ping_status":"","sticky":false,"template":"","format":"standard","meta":{"footnotes":""},"categories":[37],"tags":[294,1353,324,14,87,81,89,1352,18],"class_list":["post-864","post","type-post","status-publish","format-standard","has-post-thumbnail","hentry","category-famille","tag-aider","tag-anxieux","tag-enfants","tag-les","tag-mes","tag-pour","tag-preferes","tag-produits","tag-sont","generate-columns","tablet-grid-50","mobile-grid-100","grid-parent","grid-33"],"yoast_head":"<!-- This site is optimized with the Yoast SEO plugin v24.0 - https:\/\/yoast.com\/wordpress\/plugins\/seo\/ -->\n<title>Ce sont mes produits pr\u00e9f\u00e9r\u00e9s pour aider les enfants anxieux | Vie Associative<\/title>\n<meta name=\"robots\" content=\"index, follow, max-snippet:-1, max-image-preview:large, max-video-preview:-1\" \/>\n<link rel=\"canonical\" href=\"https:\/\/vieassociative.be\/actualites\/ce-sont-mes-produits-preferes-pour-aider-les-enfants-anxieux\/\" \/>\n<meta property=\"og:locale\" content=\"fr_FR\" \/>\n<meta property=\"og:type\" content=\"article\" \/>\n<meta property=\"og:title\" content=\"Ce sont mes produits pr\u00e9f\u00e9r\u00e9s pour aider les enfants anxieux | Vie Associative\" \/>\n<meta property=\"og:description\" content=\"Ces articles peuvent \u00eatre la solution pour r\u00e9duire le niveau de stress de votre enfant. Selon les National Institutes of Health, un enfant sur huit\" \/>\n<meta property=\"og:url\" content=\"https:\/\/vieassociative.be\/actualites\/ce-sont-mes-produits-preferes-pour-aider-les-enfants-anxieux\/\" \/>\n<meta property=\"og:site_name\" content=\"Vie Associative\" \/>\n<meta property=\"article:published_time\" content=\"2024-10-05T03:24:13+00:00\" \/>\n<meta property=\"og:image\" content=\"https:\/\/vieassociative.be\/actualites\/wp-content\/uploads\/2024\/09\/header_backgroundk-01-e1726694325946.png\" \/>\n\t<meta property=\"og:image:width\" content=\"279\" \/>\n\t<meta property=\"og:image:height\" content=\"92\" \/>\n\t<meta property=\"og:image:type\" content=\"image\/png\" \/>\n<meta name=\"author\" content=\"Julien\" \/>\n<meta name=\"twitter:card\" content=\"summary_large_image\" \/>\n<meta name=\"twitter:label1\" content=\"\u00c9crit par\" \/>\n\t<meta name=\"twitter:data1\" content=\"Julien\" \/>\n\t<meta name=\"twitter:label2\" content=\"Dur\u00e9e de lecture est.\" \/>\n\t<meta name=\"twitter:data2\" content=\"5 minutes\" \/>\n<script type=\"application\/ld+json\" class=\"yoast-schema-graph\">{\"@context\":\"https:\/\/schema.org\",\"@graph\":[{\"@type\":\"Article\",\"@id\":\"https:\/\/vieassociative.be\/actualites\/ce-sont-mes-produits-preferes-pour-aider-les-enfants-anxieux\/#article\",\"isPartOf\":{\"@id\":\"https:\/\/vieassociative.be\/actualites\/ce-sont-mes-produits-preferes-pour-aider-les-enfants-anxieux\/\"},\"author\":{\"name\":\"Julien\",\"@id\":\"https:\/\/vieassociative.be\/actualites\/#\/schema\/person\/b87ac4f82f9d4e7b7cec7395b679edc4\"},\"headline\":\"Ce sont mes produits pr\u00e9f\u00e9r\u00e9s pour aider les enfants anxieux\",\"datePublished\":\"2024-10-05T03:24:13+00:00\",\"dateModified\":\"2024-10-05T03:24:13+00:00\",\"mainEntityOfPage\":{\"@id\":\"https:\/\/vieassociative.be\/actualites\/ce-sont-mes-produits-preferes-pour-aider-les-enfants-anxieux\/\"},\"wordCount\":985,\"publisher\":{\"@id\":\"https:\/\/vieassociative.be\/actualites\/#organization\"},\"image\":{\"@id\":\"https:\/\/vieassociative.be\/actualites\/ce-sont-mes-produits-preferes-pour-aider-les-enfants-anxieux\/#primaryimage\"},\"thumbnailUrl\":\"https:\/\/vieassociative.be\/actualites\/wp-content\/uploads\/2024\/10\/Ce-sont-mes-produits-preferes-pour-aider-les-enfants-anxieux.png\",\"keywords\":[\"aider\",\"anxieux\",\"enfants\",\"Les\",\"Mes\",\"pour\",\"pr\u00e9f\u00e9r\u00e9s\",\"produits\",\"sont\"],\"articleSection\":[\"Famille\"],\"inLanguage\":\"fr-BE\"},{\"@type\":\"WebPage\",\"@id\":\"https:\/\/vieassociative.be\/actualites\/ce-sont-mes-produits-preferes-pour-aider-les-enfants-anxieux\/\",\"url\":\"https:\/\/vieassociative.be\/actualites\/ce-sont-mes-produits-preferes-pour-aider-les-enfants-anxieux\/\",\"name\":\"Ce sont mes produits pr\u00e9f\u00e9r\u00e9s pour aider les enfants anxieux | Vie Associative\",\"isPartOf\":{\"@id\":\"https:\/\/vieassociative.be\/actualites\/#website\"},\"primaryImageOfPage\":{\"@id\":\"https:\/\/vieassociative.be\/actualites\/ce-sont-mes-produits-preferes-pour-aider-les-enfants-anxieux\/#primaryimage\"},\"image\":{\"@id\":\"https:\/\/vieassociative.be\/actualites\/ce-sont-mes-produits-preferes-pour-aider-les-enfants-anxieux\/#primaryimage\"},\"thumbnailUrl\":\"https:\/\/vieassociative.be\/actualites\/wp-content\/uploads\/2024\/10\/Ce-sont-mes-produits-preferes-pour-aider-les-enfants-anxieux.png\",\"datePublished\":\"2024-10-05T03:24:13+00:00\",\"dateModified\":\"2024-10-05T03:24:13+00:00\",\"breadcrumb\":{\"@id\":\"https:\/\/vieassociative.be\/actualites\/ce-sont-mes-produits-preferes-pour-aider-les-enfants-anxieux\/#breadcrumb\"},\"inLanguage\":\"fr-BE\",\"potentialAction\":[{\"@type\":\"ReadAction\",\"target\":[\"https:\/\/vieassociative.be\/actualites\/ce-sont-mes-produits-preferes-pour-aider-les-enfants-anxieux\/\"]}]},{\"@type\":\"ImageObject\",\"inLanguage\":\"fr-BE\",\"@id\":\"https:\/\/vieassociative.be\/actualites\/ce-sont-mes-produits-preferes-pour-aider-les-enfants-anxieux\/#primaryimage\",\"url\":\"https:\/\/vieassociative.be\/actualites\/wp-content\/uploads\/2024\/10\/Ce-sont-mes-produits-preferes-pour-aider-les-enfants-anxieux.png\",\"contentUrl\":\"https:\/\/vieassociative.be\/actualites\/wp-content\/uploads\/2024\/10\/Ce-sont-mes-produits-preferes-pour-aider-les-enfants-anxieux.png\",\"width\":1200,\"height\":675,\"caption\":\"Ce sont mes produits pr\u00e9f\u00e9r\u00e9s pour aider les enfants anxieux\"},{\"@type\":\"BreadcrumbList\",\"@id\":\"https:\/\/vieassociative.be\/actualites\/ce-sont-mes-produits-preferes-pour-aider-les-enfants-anxieux\/#breadcrumb\",\"itemListElement\":[{\"@type\":\"ListItem\",\"position\":1,\"name\":\"Accueil\",\"item\":\"https:\/\/vieassociative.be\/actualites\/\"},{\"@type\":\"ListItem\",\"position\":2,\"name\":\"Ce sont mes produits pr\u00e9f\u00e9r\u00e9s pour aider les enfants anxieux\"}]},{\"@type\":\"WebSite\",\"@id\":\"https:\/\/vieassociative.be\/actualites\/#website\",\"url\":\"https:\/\/vieassociative.be\/actualites\/\",\"name\":\"Vie Associative\",\"description\":\"\",\"publisher\":{\"@id\":\"https:\/\/vieassociative.be\/actualites\/#organization\"},\"potentialAction\":[{\"@type\":\"SearchAction\",\"target\":{\"@type\":\"EntryPoint\",\"urlTemplate\":\"https:\/\/vieassociative.be\/actualites\/?s={search_term_string}\"},\"query-input\":{\"@type\":\"PropertyValueSpecification\",\"valueRequired\":true,\"valueName\":\"search_term_string\"}}],\"inLanguage\":\"fr-BE\"},{\"@type\":\"Organization\",\"@id\":\"https:\/\/vieassociative.be\/actualites\/#organization\",\"name\":\"Vie Associative\",\"url\":\"https:\/\/vieassociative.be\/actualites\/\",\"logo\":{\"@type\":\"ImageObject\",\"inLanguage\":\"fr-BE\",\"@id\":\"https:\/\/vieassociative.be\/actualites\/#\/schema\/logo\/image\/\",\"url\":\"https:\/\/vieassociative.be\/actualites\/wp-content\/uploads\/2024\/09\/cropped-vieassociative_favicon.ico.png\",\"contentUrl\":\"https:\/\/vieassociative.be\/actualites\/wp-content\/uploads\/2024\/09\/cropped-vieassociative_favicon.ico.png\",\"width\":512,\"height\":512,\"caption\":\"Vie Associative\"},\"image\":{\"@id\":\"https:\/\/vieassociative.be\/actualites\/#\/schema\/logo\/image\/\"}},{\"@type\":\"Person\",\"@id\":\"https:\/\/vieassociative.be\/actualites\/#\/schema\/person\/b87ac4f82f9d4e7b7cec7395b679edc4\",\"name\":\"Julien\",\"image\":{\"@type\":\"ImageObject\",\"inLanguage\":\"fr-BE\",\"@id\":\"https:\/\/vieassociative.be\/actualites\/#\/schema\/person\/image\/\",\"url\":\"https:\/\/vieassociative.be\/actualites\/wp-content\/uploads\/2024\/09\/vie-associative-1-150x150.jpg\",\"contentUrl\":\"https:\/\/vieassociative.be\/actualites\/wp-content\/uploads\/2024\/09\/vie-associative-1-150x150.jpg\",\"caption\":\"Julien\"},\"description\":\"Je suis Julien, r\u00e9dacteur pour Vie Associative. Passionn\u00e9 par le monde associatif depuis plus de 10 ans, j'ai \u00e0 c\u0153ur de partager des histoires inspirantes et de mettre en lumi\u00e8re les initiatives locales. Mon objectif est de sensibiliser et d'encourager l'engagement communautaire \u00e0 travers mes articles.\",\"sameAs\":[\"https:\/\/vieassociative.be\/\"]}]}<\/script>\n<!-- \/ Yoast SEO plugin. -->","yoast_head_json":{"title":"Ce sont mes produits pr\u00e9f\u00e9r\u00e9s pour aider les enfants anxieux | Vie Associative","robots":{"index":"index","follow":"follow","max-snippet":"max-snippet:-1","max-image-preview":"max-image-preview:large","max-video-preview":"max-video-preview:-1"},"canonical":"https:\/\/vieassociative.be\/actualites\/ce-sont-mes-produits-preferes-pour-aider-les-enfants-anxieux\/","og_locale":"fr_FR","og_type":"article","og_title":"Ce sont mes produits pr\u00e9f\u00e9r\u00e9s pour aider les enfants anxieux | Vie Associative","og_description":"Ces articles peuvent \u00eatre la solution pour r\u00e9duire le niveau de stress de votre enfant. Selon les National Institutes of Health, un enfant sur huit","og_url":"https:\/\/vieassociative.be\/actualites\/ce-sont-mes-produits-preferes-pour-aider-les-enfants-anxieux\/","og_site_name":"Vie Associative","article_published_time":"2024-10-05T03:24:13+00:00","og_image":[{"width":279,"height":92,"url":"https:\/\/vieassociative.be\/actualites\/wp-content\/uploads\/2024\/09\/header_backgroundk-01-e1726694325946.png","type":"image\/png"}],"author":"Julien","twitter_card":"summary_large_image","twitter_misc":{"\u00c9crit par":"Julien","Dur\u00e9e de lecture est.":"5 minutes"},"schema":{"@context":"https:\/\/schema.org","@graph":[{"@type":"Article","@id":"https:\/\/vieassociative.be\/actualites\/ce-sont-mes-produits-preferes-pour-aider-les-enfants-anxieux\/#article","isPartOf":{"@id":"https:\/\/vieassociative.be\/actualites\/ce-sont-mes-produits-preferes-pour-aider-les-enfants-anxieux\/"},"author":{"name":"Julien","@id":"https:\/\/vieassociative.be\/actualites\/#\/schema\/person\/b87ac4f82f9d4e7b7cec7395b679edc4"},"headline":"Ce sont mes produits pr\u00e9f\u00e9r\u00e9s pour aider les enfants anxieux","datePublished":"2024-10-05T03:24:13+00:00","dateModified":"2024-10-05T03:24:13+00:00","mainEntityOfPage":{"@id":"https:\/\/vieassociative.be\/actualites\/ce-sont-mes-produits-preferes-pour-aider-les-enfants-anxieux\/"},"wordCount":985,"publisher":{"@id":"https:\/\/vieassociative.be\/actualites\/#organization"},"image":{"@id":"https:\/\/vieassociative.be\/actualites\/ce-sont-mes-produits-preferes-pour-aider-les-enfants-anxieux\/#primaryimage"},"thumbnailUrl":"https:\/\/vieassociative.be\/actualites\/wp-content\/uploads\/2024\/10\/Ce-sont-mes-produits-preferes-pour-aider-les-enfants-anxieux.png","keywords":["aider","anxieux","enfants","Les","Mes","pour","pr\u00e9f\u00e9r\u00e9s","produits","sont"],"articleSection":["Famille"],"inLanguage":"fr-BE"},{"@type":"WebPage","@id":"https:\/\/vieassociative.be\/actualites\/ce-sont-mes-produits-preferes-pour-aider-les-enfants-anxieux\/","url":"https:\/\/vieassociative.be\/actualites\/ce-sont-mes-produits-preferes-pour-aider-les-enfants-anxieux\/","name":"Ce sont mes produits pr\u00e9f\u00e9r\u00e9s pour aider les enfants anxieux | Vie Associative","isPartOf":{"@id":"https:\/\/vieassociative.be\/actualites\/#website"},"primaryImageOfPage":{"@id":"https:\/\/vieassociative.be\/actualites\/ce-sont-mes-produits-preferes-pour-aider-les-enfants-anxieux\/#primaryimage"},"image":{"@id":"https:\/\/vieassociative.be\/actualites\/ce-sont-mes-produits-preferes-pour-aider-les-enfants-anxieux\/#primaryimage"},"thumbnailUrl":"https:\/\/vieassociative.be\/actualites\/wp-content\/uploads\/2024\/10\/Ce-sont-mes-produits-preferes-pour-aider-les-enfants-anxieux.png","datePublished":"2024-10-05T03:24:13+00:00","dateModified":"2024-10-05T03:24:13+00:00","breadcrumb":{"@id":"https:\/\/vieassociative.be\/actualites\/ce-sont-mes-produits-preferes-pour-aider-les-enfants-anxieux\/#breadcrumb"},"inLanguage":"fr-BE","potentialAction":[{"@type":"ReadAction","target":["https:\/\/vieassociative.be\/actualites\/ce-sont-mes-produits-preferes-pour-aider-les-enfants-anxieux\/"]}]},{"@type":"ImageObject","inLanguage":"fr-BE","@id":"https:\/\/vieassociative.be\/actualites\/ce-sont-mes-produits-preferes-pour-aider-les-enfants-anxieux\/#primaryimage","url":"https:\/\/vieassociative.be\/actualites\/wp-content\/uploads\/2024\/10\/Ce-sont-mes-produits-preferes-pour-aider-les-enfants-anxieux.png","contentUrl":"https:\/\/vieassociative.be\/actualites\/wp-content\/uploads\/2024\/10\/Ce-sont-mes-produits-preferes-pour-aider-les-enfants-anxieux.png","width":1200,"height":675,"caption":"Ce sont mes produits pr\u00e9f\u00e9r\u00e9s pour aider les enfants anxieux"},{"@type":"BreadcrumbList","@id":"https:\/\/vieassociative.be\/actualites\/ce-sont-mes-produits-preferes-pour-aider-les-enfants-anxieux\/#breadcrumb","itemListElement":[{"@type":"ListItem","position":1,"name":"Accueil","item":"https:\/\/vieassociative.be\/actualites\/"},{"@type":"ListItem","position":2,"name":"Ce sont mes produits pr\u00e9f\u00e9r\u00e9s pour aider les enfants anxieux"}]},{"@type":"WebSite","@id":"https:\/\/vieassociative.be\/actualites\/#website","url":"https:\/\/vieassociative.be\/actualites\/","name":"Vie Associative","description":"","publisher":{"@id":"https:\/\/vieassociative.be\/actualites\/#organization"},"potentialAction":[{"@type":"SearchAction","target":{"@type":"EntryPoint","urlTemplate":"https:\/\/vieassociative.be\/actualites\/?s={search_term_string}"},"query-input":{"@type":"PropertyValueSpecification","valueRequired":true,"valueName":"search_term_string"}}],"inLanguage":"fr-BE"},{"@type":"Organization","@id":"https:\/\/vieassociative.be\/actualites\/#organization","name":"Vie Associative","url":"https:\/\/vieassociative.be\/actualites\/","logo":{"@type":"ImageObject","inLanguage":"fr-BE","@id":"https:\/\/vieassociative.be\/actualites\/#\/schema\/logo\/image\/","url":"https:\/\/vieassociative.be\/actualites\/wp-content\/uploads\/2024\/09\/cropped-vieassociative_favicon.ico.png","contentUrl":"https:\/\/vieassociative.be\/actualites\/wp-content\/uploads\/2024\/09\/cropped-vieassociative_favicon.ico.png","width":512,"height":512,"caption":"Vie Associative"},"image":{"@id":"https:\/\/vieassociative.be\/actualites\/#\/schema\/logo\/image\/"}},{"@type":"Person","@id":"https:\/\/vieassociative.be\/actualites\/#\/schema\/person\/b87ac4f82f9d4e7b7cec7395b679edc4","name":"Julien","image":{"@type":"ImageObject","inLanguage":"fr-BE","@id":"https:\/\/vieassociative.be\/actualites\/#\/schema\/person\/image\/","url":"https:\/\/vieassociative.be\/actualites\/wp-content\/uploads\/2024\/09\/vie-associative-1-150x150.jpg","contentUrl":"https:\/\/vieassociative.be\/actualites\/wp-content\/uploads\/2024\/09\/vie-associative-1-150x150.jpg","caption":"Julien"},"description":"Je suis Julien, r\u00e9dacteur pour Vie Associative. Passionn\u00e9 par le monde associatif depuis plus de 10 ans, j'ai \u00e0 c\u0153ur de partager des histoires inspirantes et de mettre en lumi\u00e8re les initiatives locales. Mon objectif est de sensibiliser et d'encourager l'engagement communautaire \u00e0 travers mes articles.","sameAs":["https:\/\/vieassociative.be\/"]}]}},"_links":{"self":[{"href":"https:\/\/vieassociative.be\/actualites\/wp-json\/wp\/v2\/posts\/864"}],"collection":[{"href":"https:\/\/vieassociative.be\/actualites\/wp-json\/wp\/v2\/posts"}],"about":[{"href":"https:\/\/vieassociative.be\/actualites\/wp-json\/wp\/v2\/types\/post"}],"author":[{"embeddable":true,"href":"https:\/\/vieassociative.be\/actualites\/wp-json\/wp\/v2\/users\/1"}],"replies":[{"embeddable":true,"href":"https:\/\/vieassociative.be\/actualites\/wp-json\/wp\/v2\/comments?post=864"}],"version-history":[{"count":0,"href":"https:\/\/vieassociative.be\/actualites\/wp-json\/wp\/v2\/posts\/864\/revisions"}],"wp:featuredmedia":[{"embeddable":true,"href":"https:\/\/vieassociative.be\/actualites\/wp-json\/wp\/v2\/media\/865"}],"wp:attachment":[{"href":"https:\/\/vieassociative.be\/actualites\/wp-json\/wp\/v2\/media?parent=864"}],"wp:term":[{"taxonomy":"category","embeddable":true,"href":"https:\/\/vieassociative.be\/actualites\/wp-json\/wp\/v2\/categories?post=864"},{"taxonomy":"post_tag","embeddable":true,"href":"https:\/\/vieassociative.be\/actualites\/wp-json\/wp\/v2\/tags?post=864"}],"curies":[{"name":"wp","href":"https:\/\/api.w.org\/{rel}","templated":true}]}}