{"id":8639,"date":"2025-07-09T22:17:10","date_gmt":"2025-07-09T20:17:10","guid":{"rendered":"https:\/\/vieassociative.be\/actualites\/ceremonie-de-remise-des-prix-au-parlement-du-dg-bonne-performance-dans-le-sujet-allemand-recompense\/"},"modified":"2025-07-09T22:17:10","modified_gmt":"2025-07-09T20:17:10","slug":"ceremonie-de-remise-des-prix-au-parlement-du-dg-bonne-performance-dans-le-sujet-allemand-recompense","status":"publish","type":"post","link":"https:\/\/vieassociative.be\/actualites\/ceremonie-de-remise-des-prix-au-parlement-du-dg-bonne-performance-dans-le-sujet-allemand-recompense\/","title":{"rendered":"C\u00e9r\u00e9monie de remise des prix au Parlement du DG: Bonne performance dans le sujet allemand r\u00e9compens\u00e9"},"content":{"rendered":"<p><strong>Comme chaque ann\u00e9e, le Parlement a attribu\u00e9 les prix des \u00e9coles pour de bonnes performances en allemand ce week-end.<\/strong><\/p>\n<p><span id=\"more-419704\"><\/span>Quiconque est caract\u00e9ris\u00e9 dans la derni\u00e8re ann\u00e9e scolaire primaire, dans les derni\u00e8res classes de le\u00e7ons secondaires, dans les le\u00e7ons de convoyeur, l&rsquo;examen du compagnon ou dans les cours de formation avec de bonnes performances en allemand, vous recevrez le prix \u00e9tudiant au Parlement.<\/p>\n<p>Le prix, dot\u00e9 d&rsquo;un bon pour les livres en allemand, sera d\u00e9cern\u00e9 \u00e0 la fin de l&rsquo;ann\u00e9e scolaire dans le cadre d&rsquo;une c\u00e9r\u00e9monie au Parlement. Ceux-ci doivent \u00eatre rachet\u00e9s dans les librairies orientales.<\/p>\n<p>En plus de la pr\u00e9sidente Patricia Creutz-Vilvoye, les parlementaires Liesa Scholzen ont \u00e9galement f\u00e9licit\u00e9 les parlementaires Patrick Laschet et Etienne Simar le 41 laur\u00e9at et leurs familles, qui avaient trouv\u00e9 leur chemin au Parlement. Les 73 laur\u00e9ats des \u00e9coles primaires avaient d\u00e9j\u00e0 re\u00e7u leurs prix des c\u00e9l\u00e9brations de dipl\u00f4me traditionnelles dans les \u00e9coles.<\/p>\n<p>Patrick Knops, connu du BRF, savait comment divertir les invit\u00e9s d&rsquo;une mani\u00e8re joyeuse dans le programme de soutien et a montr\u00e9 son propre mode de vie l&rsquo;influence pratique de l&rsquo;utilisation de la langue allemande.<\/p>\n","protected":false},"excerpt":{"rendered":"<p>Comme chaque ann\u00e9e, le Parlement a attribu\u00e9 les prix des \u00e9coles pour de bonnes performances en allemand ce week-end. Quiconque est caract\u00e9ris\u00e9 dans la derni\u00e8re<\/p>\n","protected":false},"author":1,"featured_media":8640,"comment_status":"","ping_status":"","sticky":false,"template":"","format":"standard","meta":{"footnotes":""},"categories":[298],"tags":[2732,680,3254,166,29,2895,6582,1399,7679,4399,526],"class_list":["post-8639","post","type-post","status-publish","format-standard","has-post-thumbnail","hentry","category-belgique","tag-allemand","tag-bonne","tag-ceremonie","tag-dans","tag-des","tag-parlement","tag-performance","tag-prix","tag-recompense","tag-remise","tag-sujet","generate-columns","tablet-grid-50","mobile-grid-100","grid-parent","grid-33"],"yoast_head":"<!-- This site is optimized with the Yoast SEO plugin v24.0 - https:\/\/yoast.com\/wordpress\/plugins\/seo\/ -->\n<title>C\u00e9r\u00e9monie de remise des prix au Parlement du DG: Bonne performance dans le sujet allemand r\u00e9compens\u00e9 | Vie Associative<\/title>\n<meta name=\"robots\" content=\"index, follow, max-snippet:-1, max-image-preview:large, max-video-preview:-1\" \/>\n<link rel=\"canonical\" href=\"https:\/\/vieassociative.be\/actualites\/ceremonie-de-remise-des-prix-au-parlement-du-dg-bonne-performance-dans-le-sujet-allemand-recompense\/\" \/>\n<meta property=\"og:locale\" content=\"fr_FR\" \/>\n<meta property=\"og:type\" content=\"article\" \/>\n<meta property=\"og:title\" content=\"C\u00e9r\u00e9monie de remise des prix au Parlement du DG: Bonne performance dans le sujet allemand r\u00e9compens\u00e9 | Vie Associative\" \/>\n<meta property=\"og:description\" content=\"Comme chaque ann\u00e9e, le Parlement a attribu\u00e9 les prix des \u00e9coles pour de bonnes performances en allemand ce week-end. Quiconque est caract\u00e9ris\u00e9 dans la derni\u00e8re\" \/>\n<meta property=\"og:url\" content=\"https:\/\/vieassociative.be\/actualites\/ceremonie-de-remise-des-prix-au-parlement-du-dg-bonne-performance-dans-le-sujet-allemand-recompense\/\" \/>\n<meta property=\"og:site_name\" content=\"Vie Associative\" \/>\n<meta property=\"article:published_time\" content=\"2025-07-09T20:17:10+00:00\" \/>\n<meta property=\"og:image\" content=\"https:\/\/vieassociative.be\/actualites\/wp-content\/uploads\/2024\/09\/header_backgroundk-01-e1726694325946.png\" \/>\n\t<meta property=\"og:image:width\" content=\"279\" \/>\n\t<meta property=\"og:image:height\" content=\"92\" \/>\n\t<meta property=\"og:image:type\" content=\"image\/png\" \/>\n<meta name=\"author\" content=\"Julien\" \/>\n<meta name=\"twitter:card\" content=\"summary_large_image\" \/>\n<meta name=\"twitter:label1\" content=\"\u00c9crit par\" \/>\n\t<meta name=\"twitter:data1\" content=\"Julien\" \/>\n\t<meta name=\"twitter:label2\" content=\"Dur\u00e9e de lecture est.\" \/>\n\t<meta name=\"twitter:data2\" content=\"1 minute\" \/>\n<script type=\"application\/ld+json\" class=\"yoast-schema-graph\">{\"@context\":\"https:\/\/schema.org\",\"@graph\":[{\"@type\":\"Article\",\"@id\":\"https:\/\/vieassociative.be\/actualites\/ceremonie-de-remise-des-prix-au-parlement-du-dg-bonne-performance-dans-le-sujet-allemand-recompense\/#article\",\"isPartOf\":{\"@id\":\"https:\/\/vieassociative.be\/actualites\/ceremonie-de-remise-des-prix-au-parlement-du-dg-bonne-performance-dans-le-sujet-allemand-recompense\/\"},\"author\":{\"name\":\"Julien\",\"@id\":\"https:\/\/vieassociative.be\/actualites\/#\/schema\/person\/b87ac4f82f9d4e7b7cec7395b679edc4\"},\"headline\":\"C\u00e9r\u00e9monie de remise des prix au Parlement du DG: Bonne performance dans le sujet allemand r\u00e9compens\u00e9\",\"datePublished\":\"2025-07-09T20:17:10+00:00\",\"dateModified\":\"2025-07-09T20:17:10+00:00\",\"mainEntityOfPage\":{\"@id\":\"https:\/\/vieassociative.be\/actualites\/ceremonie-de-remise-des-prix-au-parlement-du-dg-bonne-performance-dans-le-sujet-allemand-recompense\/\"},\"wordCount\":228,\"publisher\":{\"@id\":\"https:\/\/vieassociative.be\/actualites\/#organization\"},\"image\":{\"@id\":\"https:\/\/vieassociative.be\/actualites\/ceremonie-de-remise-des-prix-au-parlement-du-dg-bonne-performance-dans-le-sujet-allemand-recompense\/#primaryimage\"},\"thumbnailUrl\":\"https:\/\/vieassociative.be\/actualites\/wp-content\/uploads\/2025\/07\/Ceremonie-de-remise-des-prix-au-Parlement-du-DG-Bonne.jpg\",\"keywords\":[\"allemand\",\"bonne\",\"c\u00e9r\u00e9monie\",\"dans\",\"Des\",\"Parlement\",\"performance\",\"prix\",\"r\u00e9compens\u00e9\",\"remise\",\"sujet\"],\"articleSection\":[\"Belgique\"],\"inLanguage\":\"fr-BE\"},{\"@type\":\"WebPage\",\"@id\":\"https:\/\/vieassociative.be\/actualites\/ceremonie-de-remise-des-prix-au-parlement-du-dg-bonne-performance-dans-le-sujet-allemand-recompense\/\",\"url\":\"https:\/\/vieassociative.be\/actualites\/ceremonie-de-remise-des-prix-au-parlement-du-dg-bonne-performance-dans-le-sujet-allemand-recompense\/\",\"name\":\"C\u00e9r\u00e9monie de remise des prix au Parlement du DG: Bonne performance dans le sujet allemand r\u00e9compens\u00e9 | Vie Associative\",\"isPartOf\":{\"@id\":\"https:\/\/vieassociative.be\/actualites\/#website\"},\"primaryImageOfPage\":{\"@id\":\"https:\/\/vieassociative.be\/actualites\/ceremonie-de-remise-des-prix-au-parlement-du-dg-bonne-performance-dans-le-sujet-allemand-recompense\/#primaryimage\"},\"image\":{\"@id\":\"https:\/\/vieassociative.be\/actualites\/ceremonie-de-remise-des-prix-au-parlement-du-dg-bonne-performance-dans-le-sujet-allemand-recompense\/#primaryimage\"},\"thumbnailUrl\":\"https:\/\/vieassociative.be\/actualites\/wp-content\/uploads\/2025\/07\/Ceremonie-de-remise-des-prix-au-Parlement-du-DG-Bonne.jpg\",\"datePublished\":\"2025-07-09T20:17:10+00:00\",\"dateModified\":\"2025-07-09T20:17:10+00:00\",\"breadcrumb\":{\"@id\":\"https:\/\/vieassociative.be\/actualites\/ceremonie-de-remise-des-prix-au-parlement-du-dg-bonne-performance-dans-le-sujet-allemand-recompense\/#breadcrumb\"},\"inLanguage\":\"fr-BE\",\"potentialAction\":[{\"@type\":\"ReadAction\",\"target\":[\"https:\/\/vieassociative.be\/actualites\/ceremonie-de-remise-des-prix-au-parlement-du-dg-bonne-performance-dans-le-sujet-allemand-recompense\/\"]}]},{\"@type\":\"ImageObject\",\"inLanguage\":\"fr-BE\",\"@id\":\"https:\/\/vieassociative.be\/actualites\/ceremonie-de-remise-des-prix-au-parlement-du-dg-bonne-performance-dans-le-sujet-allemand-recompense\/#primaryimage\",\"url\":\"https:\/\/vieassociative.be\/actualites\/wp-content\/uploads\/2025\/07\/Ceremonie-de-remise-des-prix-au-Parlement-du-DG-Bonne.jpg\",\"contentUrl\":\"https:\/\/vieassociative.be\/actualites\/wp-content\/uploads\/2025\/07\/Ceremonie-de-remise-des-prix-au-Parlement-du-DG-Bonne.jpg\",\"width\":1200,\"height\":900,\"caption\":\"C\u00e9r\u00e9monie de remise des prix au Parlement du DG: Bonne performance dans le sujet allemand r\u00e9compens\u00e9\"},{\"@type\":\"BreadcrumbList\",\"@id\":\"https:\/\/vieassociative.be\/actualites\/ceremonie-de-remise-des-prix-au-parlement-du-dg-bonne-performance-dans-le-sujet-allemand-recompense\/#breadcrumb\",\"itemListElement\":[{\"@type\":\"ListItem\",\"position\":1,\"name\":\"Accueil\",\"item\":\"https:\/\/vieassociative.be\/actualites\/\"},{\"@type\":\"ListItem\",\"position\":2,\"name\":\"C\u00e9r\u00e9monie de remise des prix au Parlement du DG: Bonne performance dans le sujet allemand r\u00e9compens\u00e9\"}]},{\"@type\":\"WebSite\",\"@id\":\"https:\/\/vieassociative.be\/actualites\/#website\",\"url\":\"https:\/\/vieassociative.be\/actualites\/\",\"name\":\"Vie Associative\",\"description\":\"\",\"publisher\":{\"@id\":\"https:\/\/vieassociative.be\/actualites\/#organization\"},\"potentialAction\":[{\"@type\":\"SearchAction\",\"target\":{\"@type\":\"EntryPoint\",\"urlTemplate\":\"https:\/\/vieassociative.be\/actualites\/?s={search_term_string}\"},\"query-input\":{\"@type\":\"PropertyValueSpecification\",\"valueRequired\":true,\"valueName\":\"search_term_string\"}}],\"inLanguage\":\"fr-BE\"},{\"@type\":\"Organization\",\"@id\":\"https:\/\/vieassociative.be\/actualites\/#organization\",\"name\":\"Vie Associative\",\"url\":\"https:\/\/vieassociative.be\/actualites\/\",\"logo\":{\"@type\":\"ImageObject\",\"inLanguage\":\"fr-BE\",\"@id\":\"https:\/\/vieassociative.be\/actualites\/#\/schema\/logo\/image\/\",\"url\":\"https:\/\/vieassociative.be\/actualites\/wp-content\/uploads\/2024\/09\/cropped-vieassociative_favicon.ico.png\",\"contentUrl\":\"https:\/\/vieassociative.be\/actualites\/wp-content\/uploads\/2024\/09\/cropped-vieassociative_favicon.ico.png\",\"width\":512,\"height\":512,\"caption\":\"Vie Associative\"},\"image\":{\"@id\":\"https:\/\/vieassociative.be\/actualites\/#\/schema\/logo\/image\/\"}},{\"@type\":\"Person\",\"@id\":\"https:\/\/vieassociative.be\/actualites\/#\/schema\/person\/b87ac4f82f9d4e7b7cec7395b679edc4\",\"name\":\"Julien\",\"image\":{\"@type\":\"ImageObject\",\"inLanguage\":\"fr-BE\",\"@id\":\"https:\/\/vieassociative.be\/actualites\/#\/schema\/person\/image\/\",\"url\":\"https:\/\/vieassociative.be\/actualites\/wp-content\/uploads\/2024\/09\/vie-associative-1-150x150.jpg\",\"contentUrl\":\"https:\/\/vieassociative.be\/actualites\/wp-content\/uploads\/2024\/09\/vie-associative-1-150x150.jpg\",\"caption\":\"Julien\"},\"description\":\"Je suis Julien, r\u00e9dacteur pour Vie Associative. Passionn\u00e9 par le monde associatif depuis plus de 10 ans, j'ai \u00e0 c\u0153ur de partager des histoires inspirantes et de mettre en lumi\u00e8re les initiatives locales. Mon objectif est de sensibiliser et d'encourager l'engagement communautaire \u00e0 travers mes articles.\",\"sameAs\":[\"https:\/\/vieassociative.be\/\"]}]}<\/script>\n<!-- \/ Yoast SEO plugin. -->","yoast_head_json":{"title":"C\u00e9r\u00e9monie de remise des prix au Parlement du DG: Bonne performance dans le sujet allemand r\u00e9compens\u00e9 | Vie Associative","robots":{"index":"index","follow":"follow","max-snippet":"max-snippet:-1","max-image-preview":"max-image-preview:large","max-video-preview":"max-video-preview:-1"},"canonical":"https:\/\/vieassociative.be\/actualites\/ceremonie-de-remise-des-prix-au-parlement-du-dg-bonne-performance-dans-le-sujet-allemand-recompense\/","og_locale":"fr_FR","og_type":"article","og_title":"C\u00e9r\u00e9monie de remise des prix au Parlement du DG: Bonne performance dans le sujet allemand r\u00e9compens\u00e9 | Vie Associative","og_description":"Comme chaque ann\u00e9e, le Parlement a attribu\u00e9 les prix des \u00e9coles pour de bonnes performances en allemand ce week-end. Quiconque est caract\u00e9ris\u00e9 dans la derni\u00e8re","og_url":"https:\/\/vieassociative.be\/actualites\/ceremonie-de-remise-des-prix-au-parlement-du-dg-bonne-performance-dans-le-sujet-allemand-recompense\/","og_site_name":"Vie Associative","article_published_time":"2025-07-09T20:17:10+00:00","og_image":[{"width":279,"height":92,"url":"https:\/\/vieassociative.be\/actualites\/wp-content\/uploads\/2024\/09\/header_backgroundk-01-e1726694325946.png","type":"image\/png"}],"author":"Julien","twitter_card":"summary_large_image","twitter_misc":{"\u00c9crit par":"Julien","Dur\u00e9e de lecture est.":"1 minute"},"schema":{"@context":"https:\/\/schema.org","@graph":[{"@type":"Article","@id":"https:\/\/vieassociative.be\/actualites\/ceremonie-de-remise-des-prix-au-parlement-du-dg-bonne-performance-dans-le-sujet-allemand-recompense\/#article","isPartOf":{"@id":"https:\/\/vieassociative.be\/actualites\/ceremonie-de-remise-des-prix-au-parlement-du-dg-bonne-performance-dans-le-sujet-allemand-recompense\/"},"author":{"name":"Julien","@id":"https:\/\/vieassociative.be\/actualites\/#\/schema\/person\/b87ac4f82f9d4e7b7cec7395b679edc4"},"headline":"C\u00e9r\u00e9monie de remise des prix au Parlement du DG: Bonne performance dans le sujet allemand r\u00e9compens\u00e9","datePublished":"2025-07-09T20:17:10+00:00","dateModified":"2025-07-09T20:17:10+00:00","mainEntityOfPage":{"@id":"https:\/\/vieassociative.be\/actualites\/ceremonie-de-remise-des-prix-au-parlement-du-dg-bonne-performance-dans-le-sujet-allemand-recompense\/"},"wordCount":228,"publisher":{"@id":"https:\/\/vieassociative.be\/actualites\/#organization"},"image":{"@id":"https:\/\/vieassociative.be\/actualites\/ceremonie-de-remise-des-prix-au-parlement-du-dg-bonne-performance-dans-le-sujet-allemand-recompense\/#primaryimage"},"thumbnailUrl":"https:\/\/vieassociative.be\/actualites\/wp-content\/uploads\/2025\/07\/Ceremonie-de-remise-des-prix-au-Parlement-du-DG-Bonne.jpg","keywords":["allemand","bonne","c\u00e9r\u00e9monie","dans","Des","Parlement","performance","prix","r\u00e9compens\u00e9","remise","sujet"],"articleSection":["Belgique"],"inLanguage":"fr-BE"},{"@type":"WebPage","@id":"https:\/\/vieassociative.be\/actualites\/ceremonie-de-remise-des-prix-au-parlement-du-dg-bonne-performance-dans-le-sujet-allemand-recompense\/","url":"https:\/\/vieassociative.be\/actualites\/ceremonie-de-remise-des-prix-au-parlement-du-dg-bonne-performance-dans-le-sujet-allemand-recompense\/","name":"C\u00e9r\u00e9monie de remise des prix au Parlement du DG: Bonne performance dans le sujet allemand r\u00e9compens\u00e9 | Vie Associative","isPartOf":{"@id":"https:\/\/vieassociative.be\/actualites\/#website"},"primaryImageOfPage":{"@id":"https:\/\/vieassociative.be\/actualites\/ceremonie-de-remise-des-prix-au-parlement-du-dg-bonne-performance-dans-le-sujet-allemand-recompense\/#primaryimage"},"image":{"@id":"https:\/\/vieassociative.be\/actualites\/ceremonie-de-remise-des-prix-au-parlement-du-dg-bonne-performance-dans-le-sujet-allemand-recompense\/#primaryimage"},"thumbnailUrl":"https:\/\/vieassociative.be\/actualites\/wp-content\/uploads\/2025\/07\/Ceremonie-de-remise-des-prix-au-Parlement-du-DG-Bonne.jpg","datePublished":"2025-07-09T20:17:10+00:00","dateModified":"2025-07-09T20:17:10+00:00","breadcrumb":{"@id":"https:\/\/vieassociative.be\/actualites\/ceremonie-de-remise-des-prix-au-parlement-du-dg-bonne-performance-dans-le-sujet-allemand-recompense\/#breadcrumb"},"inLanguage":"fr-BE","potentialAction":[{"@type":"ReadAction","target":["https:\/\/vieassociative.be\/actualites\/ceremonie-de-remise-des-prix-au-parlement-du-dg-bonne-performance-dans-le-sujet-allemand-recompense\/"]}]},{"@type":"ImageObject","inLanguage":"fr-BE","@id":"https:\/\/vieassociative.be\/actualites\/ceremonie-de-remise-des-prix-au-parlement-du-dg-bonne-performance-dans-le-sujet-allemand-recompense\/#primaryimage","url":"https:\/\/vieassociative.be\/actualites\/wp-content\/uploads\/2025\/07\/Ceremonie-de-remise-des-prix-au-Parlement-du-DG-Bonne.jpg","contentUrl":"https:\/\/vieassociative.be\/actualites\/wp-content\/uploads\/2025\/07\/Ceremonie-de-remise-des-prix-au-Parlement-du-DG-Bonne.jpg","width":1200,"height":900,"caption":"C\u00e9r\u00e9monie de remise des prix au Parlement du DG: Bonne performance dans le sujet allemand r\u00e9compens\u00e9"},{"@type":"BreadcrumbList","@id":"https:\/\/vieassociative.be\/actualites\/ceremonie-de-remise-des-prix-au-parlement-du-dg-bonne-performance-dans-le-sujet-allemand-recompense\/#breadcrumb","itemListElement":[{"@type":"ListItem","position":1,"name":"Accueil","item":"https:\/\/vieassociative.be\/actualites\/"},{"@type":"ListItem","position":2,"name":"C\u00e9r\u00e9monie de remise des prix au Parlement du DG: Bonne performance dans le sujet allemand r\u00e9compens\u00e9"}]},{"@type":"WebSite","@id":"https:\/\/vieassociative.be\/actualites\/#website","url":"https:\/\/vieassociative.be\/actualites\/","name":"Vie Associative","description":"","publisher":{"@id":"https:\/\/vieassociative.be\/actualites\/#organization"},"potentialAction":[{"@type":"SearchAction","target":{"@type":"EntryPoint","urlTemplate":"https:\/\/vieassociative.be\/actualites\/?s={search_term_string}"},"query-input":{"@type":"PropertyValueSpecification","valueRequired":true,"valueName":"search_term_string"}}],"inLanguage":"fr-BE"},{"@type":"Organization","@id":"https:\/\/vieassociative.be\/actualites\/#organization","name":"Vie Associative","url":"https:\/\/vieassociative.be\/actualites\/","logo":{"@type":"ImageObject","inLanguage":"fr-BE","@id":"https:\/\/vieassociative.be\/actualites\/#\/schema\/logo\/image\/","url":"https:\/\/vieassociative.be\/actualites\/wp-content\/uploads\/2024\/09\/cropped-vieassociative_favicon.ico.png","contentUrl":"https:\/\/vieassociative.be\/actualites\/wp-content\/uploads\/2024\/09\/cropped-vieassociative_favicon.ico.png","width":512,"height":512,"caption":"Vie Associative"},"image":{"@id":"https:\/\/vieassociative.be\/actualites\/#\/schema\/logo\/image\/"}},{"@type":"Person","@id":"https:\/\/vieassociative.be\/actualites\/#\/schema\/person\/b87ac4f82f9d4e7b7cec7395b679edc4","name":"Julien","image":{"@type":"ImageObject","inLanguage":"fr-BE","@id":"https:\/\/vieassociative.be\/actualites\/#\/schema\/person\/image\/","url":"https:\/\/vieassociative.be\/actualites\/wp-content\/uploads\/2024\/09\/vie-associative-1-150x150.jpg","contentUrl":"https:\/\/vieassociative.be\/actualites\/wp-content\/uploads\/2024\/09\/vie-associative-1-150x150.jpg","caption":"Julien"},"description":"Je suis Julien, r\u00e9dacteur pour Vie Associative. Passionn\u00e9 par le monde associatif depuis plus de 10 ans, j'ai \u00e0 c\u0153ur de partager des histoires inspirantes et de mettre en lumi\u00e8re les initiatives locales. Mon objectif est de sensibiliser et d'encourager l'engagement communautaire \u00e0 travers mes articles.","sameAs":["https:\/\/vieassociative.be\/"]}]}},"_links":{"self":[{"href":"https:\/\/vieassociative.be\/actualites\/wp-json\/wp\/v2\/posts\/8639"}],"collection":[{"href":"https:\/\/vieassociative.be\/actualites\/wp-json\/wp\/v2\/posts"}],"about":[{"href":"https:\/\/vieassociative.be\/actualites\/wp-json\/wp\/v2\/types\/post"}],"author":[{"embeddable":true,"href":"https:\/\/vieassociative.be\/actualites\/wp-json\/wp\/v2\/users\/1"}],"replies":[{"embeddable":true,"href":"https:\/\/vieassociative.be\/actualites\/wp-json\/wp\/v2\/comments?post=8639"}],"version-history":[{"count":0,"href":"https:\/\/vieassociative.be\/actualites\/wp-json\/wp\/v2\/posts\/8639\/revisions"}],"wp:featuredmedia":[{"embeddable":true,"href":"https:\/\/vieassociative.be\/actualites\/wp-json\/wp\/v2\/media\/8640"}],"wp:attachment":[{"href":"https:\/\/vieassociative.be\/actualites\/wp-json\/wp\/v2\/media?parent=8639"}],"wp:term":[{"taxonomy":"category","embeddable":true,"href":"https:\/\/vieassociative.be\/actualites\/wp-json\/wp\/v2\/categories?post=8639"},{"taxonomy":"post_tag","embeddable":true,"href":"https:\/\/vieassociative.be\/actualites\/wp-json\/wp\/v2\/tags?post=8639"}],"curies":[{"name":"wp","href":"https:\/\/api.w.org\/{rel}","templated":true}]}}