{"id":8637,"date":"2025-07-09T21:17:45","date_gmt":"2025-07-09T19:17:45","guid":{"rendered":"https:\/\/vieassociative.be\/actualites\/mon-appareil-photo-de-tableau-de-bord-prefere-est-de-110-pour-prime-day\/"},"modified":"2025-07-09T21:17:45","modified_gmt":"2025-07-09T19:17:45","slug":"mon-appareil-photo-de-tableau-de-bord-prefere-est-de-110-pour-prime-day","status":"publish","type":"post","link":"https:\/\/vieassociative.be\/actualites\/mon-appareil-photo-de-tableau-de-bord-prefere-est-de-110-pour-prime-day\/","title":{"rendered":"Mon appareil photo de tableau de bord pr\u00e9f\u00e9r\u00e9 est de 110 $ pour Prime Day"},"content":{"rendered":"<div class=\"mt-4 leading-6 md:mb-8\">Le Viofo A229 Pro est une excellente cam\u00e9ra \u00e0 double canal.<\/div>\n<p><\/p>\n<p><em>Prime Day 2025 est l\u00e0 du mardi 8 juillet au vendredi 11 juillet et Vie Associative partage les meilleures ventes en fonction des avis de produits, des comparaisons et des outils de suivi des prix. <\/em><\/p>\n<ul>\n<li>\n<p><em>Suivez notre blog en direct<\/em><em>  Pour rester \u00e0 jour sur les meilleures ventes que nous trouvons.<\/em><\/p>\n<\/li>\n<li>\n<p><em>Parcourir les choix de nos \u00e9diteurs<\/em><em>  Pour une liste organis\u00e9e de nos ventes pr\u00e9f\u00e9r\u00e9es sur les ordinateurs portables, la technologie de fitness, les appareils \u00e9lectrom\u00e9nagers, etc. <\/em><\/p>\n<\/li>\n<li>\n<p><em>Abonnez-vous \u00e0 notre newsletter shopping<\/em><em>Ajouter au panier, pour les meilleures ventes envoy\u00e9es dans votre bo\u00eete de r\u00e9ception.<\/em><\/p>\n<\/li>\n<li>\n<p><em>Nouveau \u00e0 Prime Day? Nous avons un appr\u00eat sur tout ce que vous devez savoir<\/em><em>. Les ventes sont exactes au moment de la publication, mais les prix et les stocks sont toujours susceptibles de changer.<\/em><\/p>\n<\/li>\n<\/ul>\n<hr>\n<p>Je crois fermement que chaque propri\u00e9taire de voiture devrait avoir un appareil photo de tableau de bord. Depuis que j&rsquo;ai obtenu le mien, je suis beaucoup plus d\u00e9tendu quand je conduis, sachant que la conduite imprudente d&rsquo;une autre personne ne va pas entra\u00eener des cons\u00e9quences n\u00e9gatives pour moi. En cas d&rsquo;accident, vous pouvez toujours partager des images de cam\u00e9ra de dash pour preuve, ce qui peut emp\u00eacher d&rsquo;autres cons\u00e9quences en cascade. Quand je cherchais de bons dashcams, j&rsquo;ai lu des critiques \u00e9logieuses sur les produits de Viofo et l&rsquo;A229 Pro est la cam\u00e9ra de dash que j&rsquo;aurais aim\u00e9 acheter. J&rsquo;ai fini par acheter la variante \u00e0 canal unique de cette cam\u00e9ra de dash, ce qui signifie qu&rsquo;il n&rsquo;a qu&rsquo;une seule cam\u00e9ra qui pointe sur la route devant.  <\/p>\n<p>Le VIOFO A229 Pro a deux cam\u00e9ras (avant et arri\u00e8re), vous pouvez donc surveiller les deux extr\u00e9mit\u00e9s de la voiture, et la qualit\u00e9 vid\u00e9o est stellaire m\u00eame la nuit. Il est capable de lire les plaques d&rsquo;immatriculation tr\u00e8s clairement la nuit et a un mode qui surveille votre v\u00e9hicule lorsqu&rsquo;il est \u00e9galement stationn\u00e9. Pendant le premier jour 2025, le VIOFO A229 Pro va pour un prix inf\u00e9rieur de 239 $, soit 30% de r\u00e9duction sur son prix de liste de 349 $. <\/p>\n<div class=\"pogoClear mb-12 mt-10 rounded-md border-2 border-gray-100 py-7 shadow-xl md:py-6\">\n<div class=\"flex flex-wrap justify-between px-7 text-black no-underline md:flex-nowrap md:px-8\">\n<div class=\"order-1 mx-auto flex flex-col justify-center md:order-2 md:ml-4 md:w-full md:grow\">\n<div class=\"block cursor-pointer text-center font-akshar text-2xl font-medium leading-7 text-brand-green duration-200 ease-in-out hover:text-brand-green-700 md:text-left md:text-xl md:leading-6\">Viofo A229 Pro Dashcam \u00e0 double canal\n                <\/div>\n<div class=\"mt-4 hidden md:flex md:justify-between\">\n<div class=\"self-end\">\n<div class=\"mb-0 h-11 md:flex md:flex-col md:justify-center\">\n<div class=\" font-sans leading-4 text-black\">\n<div class=\"flex flex-wrap items-center justify-center gap-x-1 md:justify-start\">\n        <span class=\"font-bold\"><\/p>\n<p>            239,00 $<br \/>\n                            <span class=\"font-medium\">\u00e0 Amazon<\/span><br \/>\n                    <\/span>\n            <\/div>\n<div class=\"flex items-center justify-center gap-x-1 font-bold md:justify-start\">\n            <span class=\"text-sm line-through\">350,00 $<\/span><br \/>\n            <span class=\"text-sm text-brand-green\">\u00c9conomisez 111,00 $<\/span>\n        <\/div>\n<\/p><\/div>\n<\/p><\/div>\n<\/p><\/div>\n<div class=\"w-44 self-end\">\n                            <button class=\"flex justify-center items-center w-full bg-brand-green text-white text-base font-sans font-medium rounded-md hover:bg-brand-green-700 hover:cursor-pointer md:text-sm h-11\"><\/p>\n<p>    Conclure un accord<br \/>\n<\/button>\n                        <\/div>\n<\/p><\/div>\n<\/p><\/div>\n<div class=\"order-2 mt-5 h-auto w-full md:order-1 md:mt-0 md:hidden\">\n<div class=\"flex aspect-video items-center justify-center\">\n                                            <img decoding=\"async\" class=\"m-0 max-h-full max-w-full rounded-md\" src=\"https:\/\/vieassociative.be\/actualites\/wp-content\/uploads\/2025\/07\/Mon-appareil-photo-de-tableau-de-bord-prefere-est-de.webp.webp\" alt=\"VIOFO A229 Pro Dashcam.\" width=\"auto\" height=\"auto\" loading=\"lazy\">\n                                    <\/div>\n<\/p><\/div>\n<div class=\"order-2 ml-2 hidden w-32 shrink-0 items-center md:order-1 md:ml-0 md:flex\">\n<div class=\"flex aspect-video items-center justify-center\">\n                                            <img decoding=\"async\" class=\"m-0 max-h-full max-w-full rounded-md\" src=\"https:\/\/vieassociative.be\/actualites\/wp-content\/uploads\/2025\/07\/Mon-appareil-photo-de-tableau-de-bord-prefere-est-de.webp.webp\" alt=\"VIOFO A229 Pro Dashcam.\" width=\"auto\" height=\"auto\" loading=\"lazy\">\n                                    <\/div>\n<\/p><\/div>\n<div class=\"order-3 flex grow flex-wrap md:hidden md:grow-0\">\n<div class=\"mt-4 w-full\">\n                        <button class=\"flex justify-center items-center w-full bg-brand-green text-white text-base font-sans font-medium rounded-md hover:bg-brand-green-700 hover:cursor-pointer md:text-sm h-11\"><\/p>\n<p>    Conclure un accord<br \/>\n<\/button>\n                    <\/div>\n<div class=\"mx-2 mt-4 w-full\">\n<div class=\" font-sans leading-4 text-black\">\n<div class=\"flex flex-wrap items-center justify-center gap-x-1 md:justify-start\">\n        <span class=\"font-bold\"><\/p>\n<p>            239,00 $<br \/>\n                            <span class=\"font-medium\">\u00e0 Amazon<\/span><br \/>\n                    <\/span>\n            <\/div>\n<div class=\"flex items-center justify-center gap-x-1 font-bold md:justify-start\">\n            <span class=\"text-sm line-through\">350,00 $<\/span><br \/>\n            <span class=\"text-sm text-brand-green\">\u00c9conomisez 111,00 $<\/span>\n        <\/div>\n<\/p><\/div>\n<\/p><\/div>\n<\/p><\/div>\n<\/p><\/div>\n<\/div>\n<p>Mon exp\u00e9rience avec Viofo a \u00e9t\u00e9 assez bonne, mais je dois vous avertir que vous devrez acheter quelques accessoires pour utiliser ce produit. Cela s&rsquo;applique \u00e0 presque toutes les cammes de dash que vous achetez, mais il faut encore mentionner. Le dashcam ne sera pas exp\u00e9di\u00e9 avec une carte microSD, vous devrez donc en obtenir un qui est \u00e9quip\u00e9 pour l&rsquo;enregistrement 24h \/ 24 et 7j \/ 7. Les cartes MicroSD qui fonctionnent tr\u00e8s bien sur votre commutateur Nintendo mourront \u00e0 une mort rapide si vous les utilisez avec une cam\u00e9ra de dash, simplement parce qu&rsquo;elles ne sont pas con\u00e7ues pour des lectures et des \u00e9critures continues. Si vous voulez que ce dashcam soit actif lorsque le v\u00e9hicule est stationn\u00e9, vous devrez acheter un kit de c\u00e2blage dur s\u00e9par\u00e9ment. Je recommande \u00e9galement fortement un filtre CPL (lentille polarisante circulaire) pour r\u00e9duire l&rsquo;\u00e9blouissement et pour des images plus claires. La cam\u00e9ra frontale a cette int\u00e9gration, mais vous devrez en acheter une pour la cam\u00e9ra arri\u00e8re. Vous pouvez trouver tous ces accessoires sur le site officiel de Viofo, mais les produits sont \u00e9galement sur Amazon.<\/p>\n<div class=\"pogoClear relative my-10 border-b-(1.5px) border-t-(1.5px) border-dashed border-black py-5 sm:my-14 sm:border-0 sm:py-0\" data-ga-click data-ga-template=\"Deals\" data-ga-module=\"openweb_widget\" data-ga-element=\"openweb_scroll\" data-ga-item=\"openweb_scroll_midpage\" x-data=\"{\n         commentsCount: null,\n         hasComments: false,\n         async fetchCommentsCount() {\n             try {\n                 if (window.openweb &amp;&amp; typeof window.openweb.getMessagesCount === 'function') {\n                     this.commentsCount = await window.openweb.getMessagesCount('01JZR5A9JSA0FFBCA91NTK6HV0');\n                     this.hasComments = this.commentsCount !== null &amp;&amp; this.commentsCount &gt; 0;\n                 }\n             } catch (e) {\n                 console.warn('Failed to fetch comment count:', e);\n             }\n         }\n     }\" x-init=\"fetchCommentsCount()\" x-cloak><\/p>\n<div class=\"absolute top-1\/2 hidden w-full -translate-y-1\/2 border-t-(1.5px) border-dashed border-black sm:block\"><\/div>\n<div class=\"relative flex justify-center\">\n<div class=\"flex max-w-fit items-center gap-x-3 bg-white px-5\">\n<div class=\"relative\">\n                <span class=\"absolute left-1\/2 top-1\/2 -translate-x-1\/2 -translate-y-1\/2 font-akshar text-sm font-medium text-black\" aria-live=\"polite\" x-show=\"hasComments\" x-text=\"commentsCount\"><\/span><\/p>\n<p>                <svg class=\"h-8 w-8 text-black\" role=\"img\" aria-hidden=\"true\">\n                    <use href=\"http:\/\/lifehacker.com\/images\/icons\/spritemap.svg#sprite-chat-bubble\"><\/use>\n                <\/svg>\n            <\/div>\n<p>            <span class=\"text-sm font-medium text-black\"><\/p>\n<p>                Que pensez-vous jusqu&rsquo;\u00e0 pr\u00e9sent?<br \/>\n                <button class=\"ml-1 font-semibold text-brand-green underline hover:text-brand-green-700\" type=\"button\" aria-label=\"Comment section trigger\" onclick=\"window.openweb.scrollToComments('01JZR5A9JSA0FFBCA91NTK6HV0')\" x-text=\"hasComments ? 'Post a comment.' : 'Be the first to post a comment.'\"><\/button><br \/>\n            <\/span>\n        <\/div>\n<\/p><\/div>\n<\/div>\n<p>Le VIOFO A229 Pro prend en charge jusqu&rsquo;\u00e0 4k \u00e0 30 images par seconde sur la cam\u00e9ra avant et 2k \u00e0 30 ips pour la cueil de bord arri\u00e8re. Il a une application qui vous permet de t\u00e9l\u00e9charger des images sans fil \u00e0 partir de votre dashcam, mais pour \u00eatre honn\u00eate, l&rsquo;application est assez lente et pas tr\u00e8s conviviale. Vous feriez mieux de d\u00e9brancher la carte microSD lorsque vous avez besoin de s\u00e9quences et de la copier manuellement sur votre ordinateur portable ou votre t\u00e9l\u00e9phone. <\/p>\n<hr>\n<p><em>Vous cherchez autre chose? Des d\u00e9taillants comme Walmart, Best Buy et Home Depot ont des ventes de concurrence de premier ordre qui sont particuli\u00e8rement utiles si vous n&rsquo;avez pas Amazon Prime.<\/em><\/p>\n<ul>\n<li>\n<p><strong><em>Vente de concours de premier jour de Walmart<\/em><\/strong><em>  commence \u00e0 minuit le 8 juillet et comprendra des offres jusqu&rsquo;\u00e0 50% de r\u00e9duction<\/em><em>. C&rsquo;est une option particuli\u00e8rement bonne si vous avez Walmart +. <\/em><\/p>\n<\/li>\n<li>\n<p><strong><em>Vente de concours de grande journ\u00e9e de Best Buy<\/em><\/strong><em>\u00abBlack Friday de juillet\u00bb, se d\u00e9roule jusqu&rsquo;au dimanche 13 juillet et a certaines des meilleures ventes technologiques en ligne<\/em><em>. C&rsquo;est une option particuli\u00e8rement bonne si vous \u00eates un membre \u00abplus\u00bb ou \u00abtotal\u00bb de mon meilleur achat.<\/em><\/p>\n<\/li>\n<li>\n<p><strong><em>Home Depot a prolong\u00e9 sa vente du 4 juillet<\/em><\/strong><em>  \u00e0 travers au moins le 9 juillet, en rivalisant avec ses propres offres incroyables<\/em><em>. C&rsquo;est une option particuli\u00e8rement bonne si vous recherchez des outils \u00e9lectriques, des appareils \u00e9lectrom\u00e9nagers ou des \u00e9quipements en plein air. <\/em><\/p>\n<\/li>\n<\/ul>\n<div class=\" relative flex justify-center py-16 md:left-1\/2 md:w-(780px) md:max-w-max md:-translate-x-1\/2\" x-data=\"{ showAll: false }\">\n<div class=\"w-max text-center sm:text-left\">\n<div class=\"flex flex-col items-center justify-between text-black sm:flex-row sm:px-6\">\n                <span class=\"text-xs italic sm:ml-7 sm:text-sm\">Les offres sont s\u00e9lectionn\u00e9es par notre \u00e9quipe de commerce<\/span><\/p>\n<p>                                    <button class=\"mt-3 flex items-center gap-1 text-center font-akshar font-medium uppercase sm:mt-0 sm:text-sm\" type=\"button\" x-on:click=\"showAll=!showAll\"><br \/>\n                        <span x-show=\"!showAll\"><\/p>\n<p>                            Voir 1 de plus<br \/>\n                        <\/span><\/p>\n<p>                        <span x-show=\"showAll\"><\/p>\n<p>                            Voir 1 de moins<br \/>\n                        <\/span><\/p>\n<p>                        <svg class=\"block size-3 fill-current text-brand-green\" :class=\"{ 'rotate-180': showAll }\">\n                            <use href=\"http:\/\/lifehacker.com\/images\/icons\/spritemap.svg#sprite-chevron-down\"><\/use>\n                        <\/svg><br \/>\n                    <\/button>\n                            <\/div>\n<\/p><\/div>\n<\/p><\/div>\n","protected":false},"excerpt":{"rendered":"<p>Le Viofo A229 Pro est une excellente cam\u00e9ra \u00e0 double canal. Prime Day 2025 est l\u00e0 du mardi 8 juillet au vendredi 11 juillet et<\/p>\n","protected":false},"author":1,"featured_media":8638,"comment_status":"","ping_status":"","sticky":false,"template":"","format":"standard","meta":{"footnotes":""},"categories":[40],"tags":[3325,432,347,76,49,2013,81,1561,346,2352],"class_list":["post-8637","post","type-post","status-publish","format-standard","has-post-thumbnail","hentry","category-maison","tag-appareil","tag-bord","tag-day","tag-est","tag-mon","tag-photo","tag-pour","tag-prefere","tag-prime","tag-tableau","generate-columns","tablet-grid-50","mobile-grid-100","grid-parent","grid-33"],"yoast_head":"<!-- This site is optimized with the Yoast SEO plugin v24.0 - https:\/\/yoast.com\/wordpress\/plugins\/seo\/ -->\n<title>Mon appareil photo de tableau de bord pr\u00e9f\u00e9r\u00e9 est de 110 $ pour Prime Day | Vie Associative<\/title>\n<meta name=\"robots\" content=\"index, follow, max-snippet:-1, max-image-preview:large, max-video-preview:-1\" \/>\n<link rel=\"canonical\" href=\"https:\/\/vieassociative.be\/actualites\/mon-appareil-photo-de-tableau-de-bord-prefere-est-de-110-pour-prime-day\/\" \/>\n<meta property=\"og:locale\" content=\"fr_FR\" \/>\n<meta property=\"og:type\" content=\"article\" \/>\n<meta property=\"og:title\" content=\"Mon appareil photo de tableau de bord pr\u00e9f\u00e9r\u00e9 est de 110 $ pour Prime Day | Vie Associative\" \/>\n<meta property=\"og:description\" content=\"Le Viofo A229 Pro est une excellente cam\u00e9ra \u00e0 double canal. Prime Day 2025 est l\u00e0 du mardi 8 juillet au vendredi 11 juillet et\" \/>\n<meta property=\"og:url\" content=\"https:\/\/vieassociative.be\/actualites\/mon-appareil-photo-de-tableau-de-bord-prefere-est-de-110-pour-prime-day\/\" \/>\n<meta property=\"og:site_name\" content=\"Vie Associative\" \/>\n<meta property=\"article:published_time\" content=\"2025-07-09T19:17:45+00:00\" \/>\n<meta property=\"og:image\" content=\"https:\/\/vieassociative.be\/actualites\/wp-content\/uploads\/2025\/07\/Mon-appareil-photo-de-tableau-de-bord-prefere-est-de.webp.webp\" \/>\n<meta name=\"author\" content=\"Julien\" \/>\n<meta name=\"twitter:card\" content=\"summary_large_image\" \/>\n<meta name=\"twitter:label1\" content=\"\u00c9crit par\" \/>\n\t<meta name=\"twitter:data1\" content=\"Julien\" \/>\n\t<meta name=\"twitter:label2\" content=\"Dur\u00e9e de lecture est.\" \/>\n\t<meta name=\"twitter:data2\" content=\"4 minutes\" \/>\n<script type=\"application\/ld+json\" class=\"yoast-schema-graph\">{\"@context\":\"https:\/\/schema.org\",\"@graph\":[{\"@type\":\"Article\",\"@id\":\"https:\/\/vieassociative.be\/actualites\/mon-appareil-photo-de-tableau-de-bord-prefere-est-de-110-pour-prime-day\/#article\",\"isPartOf\":{\"@id\":\"https:\/\/vieassociative.be\/actualites\/mon-appareil-photo-de-tableau-de-bord-prefere-est-de-110-pour-prime-day\/\"},\"author\":{\"name\":\"Julien\",\"@id\":\"https:\/\/vieassociative.be\/actualites\/#\/schema\/person\/b87ac4f82f9d4e7b7cec7395b679edc4\"},\"headline\":\"Mon appareil photo de tableau de bord pr\u00e9f\u00e9r\u00e9 est de 110 $ pour Prime Day\",\"datePublished\":\"2025-07-09T19:17:45+00:00\",\"dateModified\":\"2025-07-09T19:17:45+00:00\",\"mainEntityOfPage\":{\"@id\":\"https:\/\/vieassociative.be\/actualites\/mon-appareil-photo-de-tableau-de-bord-prefere-est-de-110-pour-prime-day\/\"},\"wordCount\":876,\"publisher\":{\"@id\":\"https:\/\/vieassociative.be\/actualites\/#organization\"},\"image\":{\"@id\":\"https:\/\/vieassociative.be\/actualites\/mon-appareil-photo-de-tableau-de-bord-prefere-est-de-110-pour-prime-day\/#primaryimage\"},\"thumbnailUrl\":\"https:\/\/vieassociative.be\/actualites\/wp-content\/uploads\/2025\/07\/Mon-appareil-photo-de-tableau-de-bord-prefere-est-de.jpg\",\"keywords\":[\"appareil\",\"Bord\",\"Day\",\"est\",\"Mon\",\"photo\",\"pour\",\"pr\u00e9f\u00e9r\u00e9\",\"Prime\",\"tableau\"],\"articleSection\":[\"Maison\"],\"inLanguage\":\"fr-BE\"},{\"@type\":\"WebPage\",\"@id\":\"https:\/\/vieassociative.be\/actualites\/mon-appareil-photo-de-tableau-de-bord-prefere-est-de-110-pour-prime-day\/\",\"url\":\"https:\/\/vieassociative.be\/actualites\/mon-appareil-photo-de-tableau-de-bord-prefere-est-de-110-pour-prime-day\/\",\"name\":\"Mon appareil photo de tableau de bord pr\u00e9f\u00e9r\u00e9 est de 110 $ pour Prime Day | Vie Associative\",\"isPartOf\":{\"@id\":\"https:\/\/vieassociative.be\/actualites\/#website\"},\"primaryImageOfPage\":{\"@id\":\"https:\/\/vieassociative.be\/actualites\/mon-appareil-photo-de-tableau-de-bord-prefere-est-de-110-pour-prime-day\/#primaryimage\"},\"image\":{\"@id\":\"https:\/\/vieassociative.be\/actualites\/mon-appareil-photo-de-tableau-de-bord-prefere-est-de-110-pour-prime-day\/#primaryimage\"},\"thumbnailUrl\":\"https:\/\/vieassociative.be\/actualites\/wp-content\/uploads\/2025\/07\/Mon-appareil-photo-de-tableau-de-bord-prefere-est-de.jpg\",\"datePublished\":\"2025-07-09T19:17:45+00:00\",\"dateModified\":\"2025-07-09T19:17:45+00:00\",\"breadcrumb\":{\"@id\":\"https:\/\/vieassociative.be\/actualites\/mon-appareil-photo-de-tableau-de-bord-prefere-est-de-110-pour-prime-day\/#breadcrumb\"},\"inLanguage\":\"fr-BE\",\"potentialAction\":[{\"@type\":\"ReadAction\",\"target\":[\"https:\/\/vieassociative.be\/actualites\/mon-appareil-photo-de-tableau-de-bord-prefere-est-de-110-pour-prime-day\/\"]}]},{\"@type\":\"ImageObject\",\"inLanguage\":\"fr-BE\",\"@id\":\"https:\/\/vieassociative.be\/actualites\/mon-appareil-photo-de-tableau-de-bord-prefere-est-de-110-pour-prime-day\/#primaryimage\",\"url\":\"https:\/\/vieassociative.be\/actualites\/wp-content\/uploads\/2025\/07\/Mon-appareil-photo-de-tableau-de-bord-prefere-est-de.jpg\",\"contentUrl\":\"https:\/\/vieassociative.be\/actualites\/wp-content\/uploads\/2025\/07\/Mon-appareil-photo-de-tableau-de-bord-prefere-est-de.jpg\",\"width\":1200,\"height\":675,\"caption\":\"Mon appareil photo de tableau de bord pr\u00e9f\u00e9r\u00e9 est de 110 $ pour Prime Day\"},{\"@type\":\"BreadcrumbList\",\"@id\":\"https:\/\/vieassociative.be\/actualites\/mon-appareil-photo-de-tableau-de-bord-prefere-est-de-110-pour-prime-day\/#breadcrumb\",\"itemListElement\":[{\"@type\":\"ListItem\",\"position\":1,\"name\":\"Accueil\",\"item\":\"https:\/\/vieassociative.be\/actualites\/\"},{\"@type\":\"ListItem\",\"position\":2,\"name\":\"Mon appareil photo de tableau de bord pr\u00e9f\u00e9r\u00e9 est de 110 $ pour Prime Day\"}]},{\"@type\":\"WebSite\",\"@id\":\"https:\/\/vieassociative.be\/actualites\/#website\",\"url\":\"https:\/\/vieassociative.be\/actualites\/\",\"name\":\"Vie Associative\",\"description\":\"\",\"publisher\":{\"@id\":\"https:\/\/vieassociative.be\/actualites\/#organization\"},\"potentialAction\":[{\"@type\":\"SearchAction\",\"target\":{\"@type\":\"EntryPoint\",\"urlTemplate\":\"https:\/\/vieassociative.be\/actualites\/?s={search_term_string}\"},\"query-input\":{\"@type\":\"PropertyValueSpecification\",\"valueRequired\":true,\"valueName\":\"search_term_string\"}}],\"inLanguage\":\"fr-BE\"},{\"@type\":\"Organization\",\"@id\":\"https:\/\/vieassociative.be\/actualites\/#organization\",\"name\":\"Vie Associative\",\"url\":\"https:\/\/vieassociative.be\/actualites\/\",\"logo\":{\"@type\":\"ImageObject\",\"inLanguage\":\"fr-BE\",\"@id\":\"https:\/\/vieassociative.be\/actualites\/#\/schema\/logo\/image\/\",\"url\":\"https:\/\/vieassociative.be\/actualites\/wp-content\/uploads\/2024\/09\/cropped-vieassociative_favicon.ico.png\",\"contentUrl\":\"https:\/\/vieassociative.be\/actualites\/wp-content\/uploads\/2024\/09\/cropped-vieassociative_favicon.ico.png\",\"width\":512,\"height\":512,\"caption\":\"Vie Associative\"},\"image\":{\"@id\":\"https:\/\/vieassociative.be\/actualites\/#\/schema\/logo\/image\/\"}},{\"@type\":\"Person\",\"@id\":\"https:\/\/vieassociative.be\/actualites\/#\/schema\/person\/b87ac4f82f9d4e7b7cec7395b679edc4\",\"name\":\"Julien\",\"image\":{\"@type\":\"ImageObject\",\"inLanguage\":\"fr-BE\",\"@id\":\"https:\/\/vieassociative.be\/actualites\/#\/schema\/person\/image\/\",\"url\":\"https:\/\/vieassociative.be\/actualites\/wp-content\/uploads\/2024\/09\/vie-associative-1-150x150.jpg\",\"contentUrl\":\"https:\/\/vieassociative.be\/actualites\/wp-content\/uploads\/2024\/09\/vie-associative-1-150x150.jpg\",\"caption\":\"Julien\"},\"description\":\"Je suis Julien, r\u00e9dacteur pour Vie Associative. Passionn\u00e9 par le monde associatif depuis plus de 10 ans, j'ai \u00e0 c\u0153ur de partager des histoires inspirantes et de mettre en lumi\u00e8re les initiatives locales. Mon objectif est de sensibiliser et d'encourager l'engagement communautaire \u00e0 travers mes articles.\",\"sameAs\":[\"https:\/\/vieassociative.be\/\"]}]}<\/script>\n<!-- \/ Yoast SEO plugin. -->","yoast_head_json":{"title":"Mon appareil photo de tableau de bord pr\u00e9f\u00e9r\u00e9 est de 110 $ pour Prime Day | Vie Associative","robots":{"index":"index","follow":"follow","max-snippet":"max-snippet:-1","max-image-preview":"max-image-preview:large","max-video-preview":"max-video-preview:-1"},"canonical":"https:\/\/vieassociative.be\/actualites\/mon-appareil-photo-de-tableau-de-bord-prefere-est-de-110-pour-prime-day\/","og_locale":"fr_FR","og_type":"article","og_title":"Mon appareil photo de tableau de bord pr\u00e9f\u00e9r\u00e9 est de 110 $ pour Prime Day | Vie Associative","og_description":"Le Viofo A229 Pro est une excellente cam\u00e9ra \u00e0 double canal. Prime Day 2025 est l\u00e0 du mardi 8 juillet au vendredi 11 juillet et","og_url":"https:\/\/vieassociative.be\/actualites\/mon-appareil-photo-de-tableau-de-bord-prefere-est-de-110-pour-prime-day\/","og_site_name":"Vie Associative","article_published_time":"2025-07-09T19:17:45+00:00","og_image":[{"url":"https:\/\/vieassociative.be\/actualites\/wp-content\/uploads\/2025\/07\/Mon-appareil-photo-de-tableau-de-bord-prefere-est-de.webp.webp","type":"","width":"","height":""}],"author":"Julien","twitter_card":"summary_large_image","twitter_misc":{"\u00c9crit par":"Julien","Dur\u00e9e de lecture est.":"4 minutes"},"schema":{"@context":"https:\/\/schema.org","@graph":[{"@type":"Article","@id":"https:\/\/vieassociative.be\/actualites\/mon-appareil-photo-de-tableau-de-bord-prefere-est-de-110-pour-prime-day\/#article","isPartOf":{"@id":"https:\/\/vieassociative.be\/actualites\/mon-appareil-photo-de-tableau-de-bord-prefere-est-de-110-pour-prime-day\/"},"author":{"name":"Julien","@id":"https:\/\/vieassociative.be\/actualites\/#\/schema\/person\/b87ac4f82f9d4e7b7cec7395b679edc4"},"headline":"Mon appareil photo de tableau de bord pr\u00e9f\u00e9r\u00e9 est de 110 $ pour Prime Day","datePublished":"2025-07-09T19:17:45+00:00","dateModified":"2025-07-09T19:17:45+00:00","mainEntityOfPage":{"@id":"https:\/\/vieassociative.be\/actualites\/mon-appareil-photo-de-tableau-de-bord-prefere-est-de-110-pour-prime-day\/"},"wordCount":876,"publisher":{"@id":"https:\/\/vieassociative.be\/actualites\/#organization"},"image":{"@id":"https:\/\/vieassociative.be\/actualites\/mon-appareil-photo-de-tableau-de-bord-prefere-est-de-110-pour-prime-day\/#primaryimage"},"thumbnailUrl":"https:\/\/vieassociative.be\/actualites\/wp-content\/uploads\/2025\/07\/Mon-appareil-photo-de-tableau-de-bord-prefere-est-de.jpg","keywords":["appareil","Bord","Day","est","Mon","photo","pour","pr\u00e9f\u00e9r\u00e9","Prime","tableau"],"articleSection":["Maison"],"inLanguage":"fr-BE"},{"@type":"WebPage","@id":"https:\/\/vieassociative.be\/actualites\/mon-appareil-photo-de-tableau-de-bord-prefere-est-de-110-pour-prime-day\/","url":"https:\/\/vieassociative.be\/actualites\/mon-appareil-photo-de-tableau-de-bord-prefere-est-de-110-pour-prime-day\/","name":"Mon appareil photo de tableau de bord pr\u00e9f\u00e9r\u00e9 est de 110 $ pour Prime Day | Vie Associative","isPartOf":{"@id":"https:\/\/vieassociative.be\/actualites\/#website"},"primaryImageOfPage":{"@id":"https:\/\/vieassociative.be\/actualites\/mon-appareil-photo-de-tableau-de-bord-prefere-est-de-110-pour-prime-day\/#primaryimage"},"image":{"@id":"https:\/\/vieassociative.be\/actualites\/mon-appareil-photo-de-tableau-de-bord-prefere-est-de-110-pour-prime-day\/#primaryimage"},"thumbnailUrl":"https:\/\/vieassociative.be\/actualites\/wp-content\/uploads\/2025\/07\/Mon-appareil-photo-de-tableau-de-bord-prefere-est-de.jpg","datePublished":"2025-07-09T19:17:45+00:00","dateModified":"2025-07-09T19:17:45+00:00","breadcrumb":{"@id":"https:\/\/vieassociative.be\/actualites\/mon-appareil-photo-de-tableau-de-bord-prefere-est-de-110-pour-prime-day\/#breadcrumb"},"inLanguage":"fr-BE","potentialAction":[{"@type":"ReadAction","target":["https:\/\/vieassociative.be\/actualites\/mon-appareil-photo-de-tableau-de-bord-prefere-est-de-110-pour-prime-day\/"]}]},{"@type":"ImageObject","inLanguage":"fr-BE","@id":"https:\/\/vieassociative.be\/actualites\/mon-appareil-photo-de-tableau-de-bord-prefere-est-de-110-pour-prime-day\/#primaryimage","url":"https:\/\/vieassociative.be\/actualites\/wp-content\/uploads\/2025\/07\/Mon-appareil-photo-de-tableau-de-bord-prefere-est-de.jpg","contentUrl":"https:\/\/vieassociative.be\/actualites\/wp-content\/uploads\/2025\/07\/Mon-appareil-photo-de-tableau-de-bord-prefere-est-de.jpg","width":1200,"height":675,"caption":"Mon appareil photo de tableau de bord pr\u00e9f\u00e9r\u00e9 est de 110 $ pour Prime Day"},{"@type":"BreadcrumbList","@id":"https:\/\/vieassociative.be\/actualites\/mon-appareil-photo-de-tableau-de-bord-prefere-est-de-110-pour-prime-day\/#breadcrumb","itemListElement":[{"@type":"ListItem","position":1,"name":"Accueil","item":"https:\/\/vieassociative.be\/actualites\/"},{"@type":"ListItem","position":2,"name":"Mon appareil photo de tableau de bord pr\u00e9f\u00e9r\u00e9 est de 110 $ pour Prime Day"}]},{"@type":"WebSite","@id":"https:\/\/vieassociative.be\/actualites\/#website","url":"https:\/\/vieassociative.be\/actualites\/","name":"Vie Associative","description":"","publisher":{"@id":"https:\/\/vieassociative.be\/actualites\/#organization"},"potentialAction":[{"@type":"SearchAction","target":{"@type":"EntryPoint","urlTemplate":"https:\/\/vieassociative.be\/actualites\/?s={search_term_string}"},"query-input":{"@type":"PropertyValueSpecification","valueRequired":true,"valueName":"search_term_string"}}],"inLanguage":"fr-BE"},{"@type":"Organization","@id":"https:\/\/vieassociative.be\/actualites\/#organization","name":"Vie Associative","url":"https:\/\/vieassociative.be\/actualites\/","logo":{"@type":"ImageObject","inLanguage":"fr-BE","@id":"https:\/\/vieassociative.be\/actualites\/#\/schema\/logo\/image\/","url":"https:\/\/vieassociative.be\/actualites\/wp-content\/uploads\/2024\/09\/cropped-vieassociative_favicon.ico.png","contentUrl":"https:\/\/vieassociative.be\/actualites\/wp-content\/uploads\/2024\/09\/cropped-vieassociative_favicon.ico.png","width":512,"height":512,"caption":"Vie Associative"},"image":{"@id":"https:\/\/vieassociative.be\/actualites\/#\/schema\/logo\/image\/"}},{"@type":"Person","@id":"https:\/\/vieassociative.be\/actualites\/#\/schema\/person\/b87ac4f82f9d4e7b7cec7395b679edc4","name":"Julien","image":{"@type":"ImageObject","inLanguage":"fr-BE","@id":"https:\/\/vieassociative.be\/actualites\/#\/schema\/person\/image\/","url":"https:\/\/vieassociative.be\/actualites\/wp-content\/uploads\/2024\/09\/vie-associative-1-150x150.jpg","contentUrl":"https:\/\/vieassociative.be\/actualites\/wp-content\/uploads\/2024\/09\/vie-associative-1-150x150.jpg","caption":"Julien"},"description":"Je suis Julien, r\u00e9dacteur pour Vie Associative. Passionn\u00e9 par le monde associatif depuis plus de 10 ans, j'ai \u00e0 c\u0153ur de partager des histoires inspirantes et de mettre en lumi\u00e8re les initiatives locales. Mon objectif est de sensibiliser et d'encourager l'engagement communautaire \u00e0 travers mes articles.","sameAs":["https:\/\/vieassociative.be\/"]}]}},"_links":{"self":[{"href":"https:\/\/vieassociative.be\/actualites\/wp-json\/wp\/v2\/posts\/8637"}],"collection":[{"href":"https:\/\/vieassociative.be\/actualites\/wp-json\/wp\/v2\/posts"}],"about":[{"href":"https:\/\/vieassociative.be\/actualites\/wp-json\/wp\/v2\/types\/post"}],"author":[{"embeddable":true,"href":"https:\/\/vieassociative.be\/actualites\/wp-json\/wp\/v2\/users\/1"}],"replies":[{"embeddable":true,"href":"https:\/\/vieassociative.be\/actualites\/wp-json\/wp\/v2\/comments?post=8637"}],"version-history":[{"count":0,"href":"https:\/\/vieassociative.be\/actualites\/wp-json\/wp\/v2\/posts\/8637\/revisions"}],"wp:featuredmedia":[{"embeddable":true,"href":"https:\/\/vieassociative.be\/actualites\/wp-json\/wp\/v2\/media\/8638"}],"wp:attachment":[{"href":"https:\/\/vieassociative.be\/actualites\/wp-json\/wp\/v2\/media?parent=8637"}],"wp:term":[{"taxonomy":"category","embeddable":true,"href":"https:\/\/vieassociative.be\/actualites\/wp-json\/wp\/v2\/categories?post=8637"},{"taxonomy":"post_tag","embeddable":true,"href":"https:\/\/vieassociative.be\/actualites\/wp-json\/wp\/v2\/tags?post=8637"}],"curies":[{"name":"wp","href":"https:\/\/api.w.org\/{rel}","templated":true}]}}