{"id":8635,"date":"2025-07-09T19:16:59","date_gmt":"2025-07-09T17:16:59","guid":{"rendered":"https:\/\/vieassociative.be\/actualites\/les-plus-recents-macbook-pros-dapple-coutent-jusqua-400-de-rabais-pour-prime-day\/"},"modified":"2025-07-09T19:16:59","modified_gmt":"2025-07-09T17:16:59","slug":"les-plus-recents-macbook-pros-dapple-coutent-jusqua-400-de-rabais-pour-prime-day","status":"publish","type":"post","link":"https:\/\/vieassociative.be\/actualites\/les-plus-recents-macbook-pros-dapple-coutent-jusqua-400-de-rabais-pour-prime-day\/","title":{"rendered":"Les plus r\u00e9cents MacBook Pros d&rsquo;Apple co\u00fbtent jusqu&rsquo;\u00e0 400 $ de rabais pour Prime Day"},"content":{"rendered":"<div class=\"mt-4 leading-6 md:mb-8\">Great prix sur les ordinateurs portables les plus puissants d&rsquo;Apple.<\/div>\n<p><\/p>\n<p><em>Prime Day 2025 est l\u00e0 du mardi 8 juillet au vendredi 11 juillet et Vie Associative partage les meilleures ventes en fonction des avis de produits, des comparaisons et des outils de suivi des prix. <\/em><\/p>\n<ul>\n<li>\n<p><em>Suivez notre blog en direct<\/em><em>  Pour rester \u00e0 jour sur les meilleures ventes que nous trouvons.<\/em><\/p>\n<\/li>\n<li>\n<p><em>Parcourir les choix de nos \u00e9diteurs<\/em><em>  Pour une liste organis\u00e9e de nos ventes pr\u00e9f\u00e9r\u00e9es sur les ordinateurs portables, la technologie de fitness, les appareils \u00e9lectrom\u00e9nagers, etc. <\/em><\/p>\n<\/li>\n<li>\n<p><em>Abonnez-vous \u00e0 notre newsletter shopping<\/em><em>Ajouter au panier, pour les meilleures ventes envoy\u00e9es dans votre bo\u00eete de r\u00e9ception.<\/em><\/p>\n<\/li>\n<\/ul>\n<p><em>Nouveau \u00e0 Prime Day? Nous avons un appr\u00eat sur tout ce que vous devez savoir<\/em><em>. Les ventes sont exactes au moment de la publication, mais les prix et les stocks sont toujours susceptibles de changer.<\/em><\/p>\n<hr>\n<p>Le MacBook Pro est un incontournable pour les artistes, les cin\u00e9astes et m\u00eame les programmeurs qui ont besoin d&rsquo;un peu plus de performances de leurs machines. Il est encore relativement mince et l\u00e9ger, et maintenant que le silicium interne d&rsquo;Apple a eu plus de temps pour m\u00fbrir, il a une grande compatibilit\u00e9 avec le logiciel de productivit\u00e9 le plus populaire en plus de certaines des meilleures batteries sur le march\u00e9. Il existe trois versions principales disponibles, selon la puce que vous souhaitez, et toutes sont r\u00e9duites pour Prime Day.<\/p>\n<div class=\"shadow-b-2 mb-12 mt-10 rounded-md border-2 border-(#F0F0F0) px-6 py-2 shadow-lg md:px-12\" role=\"region\" aria-label=\"Products List\" x-data=\"{ showMore: false }\">\n<div class=\"flex w-full gap-x-5\">\n<div class=\"flex w-full flex-col flex-nowrap justify-center gap-2 text-black no-underline md:order-2 md:gap-y-6\">\n<div class=\"flex flex-col justify-between gap-y-2 md:w-full md:gap-y-1\">\n<div class=\"block w-fit cursor-pointer font-akshar text-lg font-medium leading-5 text-brand-green duration-200 ease-in-out hover:text-brand-green-700 md:text-xl md:leading-6\">\n<p>                            Apple MacBook Pro avec puce M4, m\u00e9moire de 16 Go et stockage 512 Go\n                        <\/p><\/div>\n<\/p><\/div>\n<div class=\"hidden md:flex md:justify-between md:gap-x-4\">\n<div class=\"w-full mb-0 md:flex md:flex-col md:justify-center font-sans leading-4 text-black\">\n<div class=\"flex flex-wrap items-center justify-center gap-x-1 md:justify-start\">\n        <span class=\"font-bold\"><\/p>\n<p>            1 429,00 $<br \/>\n                            <span class=\"font-medium\">\u00e0 Amazon<\/span><br \/>\n                    <\/span><br \/>\n                    <img decoding=\"async\" class=\"mt-0 h-(15px)\" src=\"https:\/\/vieassociative.be\/actualites\/wp-content\/uploads\/2025\/07\/Les-plus-recents-MacBook-Pros-dApple-coutent-jusqua-400.svg.svg+xml\" title=\"Amazon Prime\" alt=\"Amazon Prime\">\n            <\/div>\n<div class=\"flex items-center justify-center gap-x-1 font-bold md:justify-start\">\n            <span class=\"text-sm line-through\">1 599,00 $<\/span><br \/>\n            <span class=\"text-sm text-brand-green\">\u00c9conomisez 170,00 $<\/span>\n        <\/div>\n<\/p><\/div>\n<p>                            <button class=\"flex justify-center items-center w-full bg-brand-green text-white text-base font-sans font-medium rounded-md hover:bg-brand-green-700 hover:cursor-pointer md:text-sm hidden self-end h-12 max-w-(10rem) duration-200 ease-in-out hover:bg-brand-green-700 md:flex md:h-10\"><\/p>\n<p>    Conclure un accord<br \/>\n<\/button>\n                        <\/div>\n<\/p><\/div>\n<div class=\"flex aspect-video h-(90px) shrink-0 items-center justify-center self-center md:order-1\">\n                        <img decoding=\"async\" class=\"m-0 max-h-full max-w-full rounded-md\" src=\"https:\/\/vieassociative.be\/actualites\/wp-content\/uploads\/2025\/07\/Les-plus-recents-MacBook-Pros-dApple-coutent-jusqua-400.jpg\" alt=\"APPLE 2024 MacBook Pro ordinateur portable avec puce M4 avec CPU \u00e0 10 cotes et GPU \u00e0 10 cors: Construit pour Apple Intelligence, Affichage XDR Liquid RETINE de 14,2 pouces, m\u00e9moire unifi\u00e9e 16 Go, stockage SSD 512 Go; Espace noir\" width=\"auto\" height=\"auto\" loading=\"lazy\">\n                    <\/div>\n<\/p><\/div>\n<p>                            <button class=\"flex justify-center items-center w-full bg-brand-green text-white text-base font-sans font-medium rounded-md hover:bg-brand-green-700 hover:cursor-pointer md:text-sm w-full h-12 duration-200 ease-in-out hover:bg-brand-green-700 md:hidden md:h-10\"><\/p>\n<p>    Conclure un accord<br \/>\n<\/button><\/p>\n<div class=\"flex flex-col items-center w-full md:hidden font-sans leading-4 text-black\">\n<div class=\"flex flex-wrap items-center justify-center gap-x-1 md:justify-start\">\n        <span class=\"font-bold\"><\/p>\n<p>            1 429,00 $<br \/>\n                            <span class=\"font-medium\">\u00e0 Amazon<\/span><br \/>\n                    <\/span><br \/>\n                    <img decoding=\"async\" class=\"mt-0 h-(15px)\" src=\"https:\/\/vieassociative.be\/actualites\/wp-content\/uploads\/2025\/07\/Les-plus-recents-MacBook-Pros-dApple-coutent-jusqua-400.svg.svg+xml\" title=\"Amazon Prime\" alt=\"Amazon Prime\">\n            <\/div>\n<div class=\"flex items-center justify-center gap-x-1 font-bold md:justify-start\">\n            <span class=\"text-sm line-through\">1 599,00 $<\/span><br \/>\n            <span class=\"text-sm text-brand-green\">\u00c9conomisez 170,00 $<\/span>\n        <\/div>\n<\/p><\/div>\n<div class=\"flex w-full gap-x-5\">\n<div class=\"flex w-full flex-col flex-nowrap justify-center gap-2 text-black no-underline md:order-2 md:gap-y-6\">\n<div class=\"flex flex-col justify-between gap-y-2 md:w-full md:gap-y-1\">\n<div class=\"block w-fit cursor-pointer font-akshar text-lg font-medium leading-5 text-brand-green duration-200 ease-in-out hover:text-brand-green-700 md:text-xl md:leading-6\">\n<p>                            Apple MacBook Pro avec puce M4 Pro, m\u00e9moire de 24 Go, 512 Go de stockage\n                        <\/p><\/div>\n<\/p><\/div>\n<div class=\"hidden md:flex md:justify-between md:gap-x-4\">\n<div class=\"w-full mb-0 md:flex md:flex-col md:justify-center font-sans leading-4 text-black\">\n<div class=\"flex flex-wrap items-center justify-center gap-x-1 md:justify-start\">\n        <span class=\"font-bold\"><\/p>\n<p>            1 799,00 $<br \/>\n                            <span class=\"font-medium\">\u00e0 Amazon<\/span><br \/>\n                    <\/span><br \/>\n                    <img decoding=\"async\" class=\"mt-0 h-(15px)\" src=\"https:\/\/vieassociative.be\/actualites\/wp-content\/uploads\/2025\/07\/Les-plus-recents-MacBook-Pros-dApple-coutent-jusqua-400.svg.svg+xml\" title=\"Amazon Prime\" alt=\"Amazon Prime\">\n            <\/div>\n<div class=\"flex items-center justify-center gap-x-1 font-bold md:justify-start\">\n            <span class=\"text-sm line-through\">1 999,00 $<\/span><br \/>\n            <span class=\"text-sm text-brand-green\">\u00c9conomisez 200 $<\/span>\n        <\/div>\n<\/p><\/div>\n<p>                            <button class=\"flex justify-center items-center w-full bg-brand-green text-white text-base font-sans font-medium rounded-md hover:bg-brand-green-700 hover:cursor-pointer md:text-sm hidden self-end h-12 max-w-(10rem) duration-200 ease-in-out hover:bg-brand-green-700 md:flex md:h-10\"><\/p>\n<p>    Conclure un accord<br \/>\n<\/button>\n                        <\/div>\n<\/p><\/div>\n<div class=\"flex aspect-video h-(90px) shrink-0 items-center justify-center self-center md:order-1\">\n                        <img decoding=\"async\" class=\"m-0 max-h-full max-w-full rounded-md\" src=\"https:\/\/vieassociative.be\/actualites\/wp-content\/uploads\/2025\/07\/1752081419_622_Les-plus-recents-MacBook-Pros-dApple-coutent-jusqua-400.jpg\" alt=\"APPLE 2024 MACBOOK PROPOP avec M4 Pro, CPU 12-Core, GPU 16-Core: Construit pour Apple Intelligence, Affichage XDR liquide de 14,2 pouces, M\u00e9moire unifi\u00e9e 24 Go, stockage SSD 512 Go; Argent\" width=\"auto\" height=\"auto\" loading=\"lazy\">\n                    <\/div>\n<\/p><\/div>\n<p>                            <button class=\"flex justify-center items-center w-full bg-brand-green text-white text-base font-sans font-medium rounded-md hover:bg-brand-green-700 hover:cursor-pointer md:text-sm w-full h-12 duration-200 ease-in-out hover:bg-brand-green-700 md:hidden md:h-10\"><\/p>\n<p>    Conclure un accord<br \/>\n<\/button><\/p>\n<div class=\"flex flex-col items-center w-full md:hidden font-sans leading-4 text-black\">\n<div class=\"flex flex-wrap items-center justify-center gap-x-1 md:justify-start\">\n        <span class=\"font-bold\"><\/p>\n<p>            1 799,00 $<br \/>\n                            <span class=\"font-medium\">\u00e0 Amazon<\/span><br \/>\n                    <\/span><br \/>\n                    <img decoding=\"async\" class=\"mt-0 h-(15px)\" src=\"https:\/\/vieassociative.be\/actualites\/wp-content\/uploads\/2025\/07\/Les-plus-recents-MacBook-Pros-dApple-coutent-jusqua-400.svg.svg+xml\" title=\"Amazon Prime\" alt=\"Amazon Prime\">\n            <\/div>\n<div class=\"flex items-center justify-center gap-x-1 font-bold md:justify-start\">\n            <span class=\"text-sm line-through\">1 999,00 $<\/span><br \/>\n            <span class=\"text-sm text-brand-green\">\u00c9conomisez 200 $<\/span>\n        <\/div>\n<\/p><\/div>\n<div class=\"flex w-full gap-x-5\">\n<div class=\"flex w-full flex-col flex-nowrap justify-center gap-2 text-black no-underline md:order-2 md:gap-y-6\">\n<div class=\"flex flex-col justify-between gap-y-2 md:w-full md:gap-y-1\">\n<div class=\"block w-fit cursor-pointer font-akshar text-lg font-medium leading-5 text-brand-green duration-200 ease-in-out hover:text-brand-green-700 md:text-xl md:leading-6\">\n<p>                            Apple MacBook Pro avec M4 Max, M\u00e9moire de 36 Go, stockage 1 To\n                        <\/p><\/div>\n<\/p><\/div>\n<div class=\"hidden md:flex md:justify-between md:gap-x-4\">\n<div class=\"w-full mb-0 md:flex md:flex-col md:justify-center font-sans leading-4 text-black\">\n<div class=\"flex flex-wrap items-center justify-center gap-x-1 md:justify-start\">\n        <span class=\"font-bold\"><\/p>\n<p>            3 149,00 $<br \/>\n                            <span class=\"font-medium\">\u00e0 Amazon<\/span><br \/>\n                    <\/span><br \/>\n                    <img decoding=\"async\" class=\"mt-0 h-(15px)\" src=\"https:\/\/vieassociative.be\/actualites\/wp-content\/uploads\/2025\/07\/Les-plus-recents-MacBook-Pros-dApple-coutent-jusqua-400.svg.svg+xml\" title=\"Amazon Prime\" alt=\"Amazon Prime\">\n            <\/div>\n<div class=\"flex items-center justify-center gap-x-1 font-bold md:justify-start\">\n            <span class=\"text-sm line-through\">3 499,00 $<\/span><br \/>\n            <span class=\"text-sm text-brand-green\">\u00c9conomisez 350,00 $<\/span>\n        <\/div>\n<\/p><\/div>\n<p>                            <button class=\"flex justify-center items-center w-full bg-brand-green text-white text-base font-sans font-medium rounded-md hover:bg-brand-green-700 hover:cursor-pointer md:text-sm hidden self-end h-12 max-w-(10rem) duration-200 ease-in-out hover:bg-brand-green-700 md:flex md:h-10\"><\/p>\n<p>    Conclure un accord<br \/>\n<\/button>\n                        <\/div>\n<\/p><\/div>\n<div class=\"flex aspect-video h-(90px) shrink-0 items-center justify-center self-center md:order-1\">\n                        <img decoding=\"async\" class=\"m-0 max-h-full max-w-full rounded-md\" src=\"https:\/\/vieassociative.be\/actualites\/wp-content\/uploads\/2025\/07\/1752081419_938_Les-plus-recents-MacBook-Pros-dApple-coutent-jusqua-400.jpg\" alt=\"APPLE 2024 MacBook Pro ordinateur portable avec M4 Max, CPU 14-Core, GPU 32-Core: Construit pour Apple Intelligence, Affichage XDR Liquid RETINE de 16,2 pouces, m\u00e9moire unifi\u00e9e 36 Go, stockage SSD 1 To; Espace noir\" width=\"auto\" height=\"auto\" loading=\"lazy\">\n                    <\/div>\n<\/p><\/div>\n<p>                            <button class=\"flex justify-center items-center w-full bg-brand-green text-white text-base font-sans font-medium rounded-md hover:bg-brand-green-700 hover:cursor-pointer md:text-sm w-full h-12 duration-200 ease-in-out hover:bg-brand-green-700 md:hidden md:h-10\"><\/p>\n<p>    Conclure un accord<br \/>\n<\/button><\/p>\n<div class=\"flex flex-col items-center w-full md:hidden font-sans leading-4 text-black\">\n<div class=\"flex flex-wrap items-center justify-center gap-x-1 md:justify-start\">\n        <span class=\"font-bold\"><\/p>\n<p>            3 149,00 $<br \/>\n                            <span class=\"font-medium\">\u00e0 Amazon<\/span><br \/>\n                    <\/span><br \/>\n                    <img decoding=\"async\" class=\"mt-0 h-(15px)\" src=\"https:\/\/vieassociative.be\/actualites\/wp-content\/uploads\/2025\/07\/Les-plus-recents-MacBook-Pros-dApple-coutent-jusqua-400.svg.svg+xml\" title=\"Amazon Prime\" alt=\"Amazon Prime\">\n            <\/div>\n<div class=\"flex items-center justify-center gap-x-1 font-bold md:justify-start\">\n            <span class=\"text-sm line-through\">3 499,00 $<\/span><br \/>\n            <span class=\"text-sm text-brand-green\">\u00c9conomisez 350,00 $<\/span>\n        <\/div>\n<\/p><\/div>\n<\/div>\n<p>Les offres commencent \u00e0 1 429 $ (170 $ de r\u00e9duction), ce qui vous rapportera un MacBook Pro avec une puce M4 standard, 16 Go de m\u00e9moire et 512 Go de stockage. Cela fait de ce mod\u00e8le l&rsquo;option la plus proche d&rsquo;un MacBook Air, bien que son ventilateur aide \u00e0 le garder plus frais plus longtemps, et vous pouvez d\u00e9penser un peu plus pour am\u00e9liorer votre m\u00e9moire ou votre stockage si vous le souhaitez. De plus, l&rsquo;affichage de 14,2 pouces sur ce mod\u00e8le n&rsquo;est pas disponible dans la s\u00e9rie Air, qui ne vient que de 13 pouces ou 15 pouces.<\/p>\n<p>Si vous augmentez votre budget \u00e0 1 799 $ (200 $ de r\u00e9duction), vous obtiendrez la puce M4 Pro plus rapide, ainsi que votre m\u00e9moire \u00e0 24 Go. Un suppl\u00e9ment de 350 $ doublera \u00e9galement votre stockage, si vous constatez que vous devez conserver beaucoup de fichiers sur votre lecteur \u00e0 la fois. Alternativement, payer un total de 2 615 $ (284 $ de rabais) doublera votre RAM, plus vous donnera un \u00e9cran de 16,2 pouces.<\/p>\n<div class=\"pogoClear relative my-10 border-b-(1.5px) border-t-(1.5px) border-dashed border-black py-5 sm:my-14 sm:border-0 sm:py-0\" data-ga-click data-ga-template=\"Deals\" data-ga-module=\"openweb_widget\" data-ga-element=\"openweb_scroll\" data-ga-item=\"openweb_scroll_midpage\" x-data=\"{\n         commentsCount: null,\n         hasComments: false,\n         async fetchCommentsCount() {\n             try {\n                 if (window.openweb &amp;&amp; typeof window.openweb.getMessagesCount === 'function') {\n                     this.commentsCount = await window.openweb.getMessagesCount('01JZK02JTCRPB66QYWCKMTKJDD');\n                     this.hasComments = this.commentsCount !== null &amp;&amp; this.commentsCount &gt; 0;\n                 }\n             } catch (e) {\n                 console.warn('Failed to fetch comment count:', e);\n             }\n         }\n     }\" x-init=\"fetchCommentsCount()\" x-cloak><\/p>\n<div class=\"absolute top-1\/2 hidden w-full -translate-y-1\/2 border-t-(1.5px) border-dashed border-black sm:block\"><\/div>\n<div class=\"relative flex justify-center\">\n<div class=\"flex max-w-fit items-center gap-x-3 bg-white px-5\">\n<div class=\"relative\">\n                <span class=\"absolute left-1\/2 top-1\/2 -translate-x-1\/2 -translate-y-1\/2 font-akshar text-sm font-medium text-black\" aria-live=\"polite\" x-show=\"hasComments\" x-text=\"commentsCount\"><\/span><\/p>\n<p>                <svg class=\"h-8 w-8 text-black\" role=\"img\" aria-hidden=\"true\">\n                    <use href=\"http:\/\/lifehacker.com\/images\/icons\/spritemap.svg#sprite-chat-bubble\"><\/use>\n                <\/svg>\n            <\/div>\n<p>            <span class=\"text-sm font-medium text-black\"><\/p>\n<p>                Que pensez-vous jusqu&rsquo;\u00e0 pr\u00e9sent?<br \/>\n                <button class=\"ml-1 font-semibold text-brand-green underline hover:text-brand-green-700\" type=\"button\" aria-label=\"Comment section trigger\" onclick=\"window.openweb.scrollToComments('01JZK02JTCRPB66QYWCKMTKJDD')\" x-text=\"hasComments ? 'Post a comment.' : 'Be the first to post a comment.'\"><\/button><br \/>\n            <\/span>\n        <\/div>\n<\/p><\/div>\n<\/div>\n<p>Enfin, il y a trois mod\u00e8les M4 Max en vente, ce qui vous rapportera le plus de performances ainsi que des \u00e9conomies. Le moins cher est actuellement 2 874 $ (325 $ de r\u00e9duction) et est livr\u00e9 avec 36 Go de RAM, 1 To de stockage et un \u00e9cran de 14,2 pouces. Pour 3 149 $ (350 $ de r\u00e9duction), vous vous procurerez \u00e9galement 36 Go de RAM et 1 To de stockage, mais un \u00e9cran plus grand de 16,2 pouces. Le mod\u00e8le le plus cher est de 3 596 $ (404 $ de r\u00e9duction) et est livr\u00e9 avec 48 Go de RAM, 1 To de stockage et un \u00e9cran de 16,2 pouces. C&rsquo;est probablement exag\u00e9r\u00e9 pour la plupart des gens, mais \u00e9conomiser plus de 400 $ est attrayant.<\/p>\n<p>Toutes les offres ci-dessus sont disponibles en deux couleurs, et vous \u00eates libre de choisir soit sans affecter votre prix, pas toujours une garantie dans des \u00e9v\u00e9nements comme ceux-ci. Vous pouvez \u00e9galement ajouter trois ans d&rsquo;AppleCare + \u00e0 l&rsquo;une de ces offres pour une charge suppl\u00e9mentaire, bien que la quantit\u00e9 de bundle vous sauvera le mod\u00e8le que vous achetez.<\/p>\n<hr>\n<p><em>Vous cherchez autre chose? Des d\u00e9taillants comme Walmart, Best Buy et Home Depot ont des ventes de concurrence de premier ordre qui sont particuli\u00e8rement utiles si vous n&rsquo;avez pas Amazon Prime.<\/em><\/p>\n<ul>\n<li>\n<p><strong><em>Vente de concours de premier jour de Walmart<\/em><\/strong><em>  commence \u00e0 minuit le 8 juillet et comprendra des offres jusqu&rsquo;\u00e0 50% de r\u00e9duction<\/em><em>. C&rsquo;est une option particuli\u00e8rement bonne si vous avez Walmart +. <\/em><\/p>\n<\/li>\n<li>\n<p><strong><em>Vente de concours de grande journ\u00e9e de Best Buy<\/em><\/strong><em>\u00abBlack Friday de juillet\u00bb, se d\u00e9roule jusqu&rsquo;au dimanche 13 juillet et a certaines des meilleures ventes technologiques en ligne<\/em><em>. C&rsquo;est une option particuli\u00e8rement bonne si vous \u00eates un membre \u00abplus\u00bb ou \u00abtotal\u00bb de mon meilleur achat.<\/em><\/p>\n<\/li>\n<li>\n<p><strong><em>Home Depot a prolong\u00e9 sa vente du 4 juillet<\/em><\/strong><em>  \u00e0 travers au moins le 9 juillet, en rivalisant avec ses propres offres incroyables<\/em><em>. C&rsquo;est une option particuli\u00e8rement bonne si vous recherchez des outils \u00e9lectriques, des appareils \u00e9lectrom\u00e9nagers ou des \u00e9quipements en plein air. <\/em><\/p>\n<\/li>\n<\/ul>\n<div class=\" relative flex justify-center py-16 md:left-1\/2 md:w-(780px) md:max-w-max md:-translate-x-1\/2\" x-data=\"{ showAll: false }\">\n<div class=\"w-max text-center sm:text-left\">\n<div class=\"flex flex-col items-center justify-between text-black sm:flex-row sm:px-6\">\n                <span class=\"text-xs italic sm:ml-7 sm:text-sm\">Les offres sont s\u00e9lectionn\u00e9es par notre \u00e9quipe de commerce<\/span><\/p>\n<p>                                    <button class=\"mt-3 flex items-center gap-1 text-center font-akshar font-medium uppercase sm:mt-0 sm:text-sm\" type=\"button\" x-on:click=\"showAll=!showAll\"><br \/>\n                        <span x-show=\"!showAll\"><\/p>\n<p>                            Voir 1 de plus<br \/>\n                        <\/span><\/p>\n<p>                        <span x-show=\"showAll\"><\/p>\n<p>                            Voir 1 de moins<br \/>\n                        <\/span><\/p>\n<p>                        <svg class=\"block size-3 fill-current text-brand-green\" :class=\"{ 'rotate-180': showAll }\">\n                            <use href=\"http:\/\/lifehacker.com\/images\/icons\/spritemap.svg#sprite-chevron-down\"><\/use>\n                        <\/svg><br \/>\n                    <\/button>\n                            <\/div>\n<\/p><\/div>\n<\/p><\/div>\n","protected":false},"excerpt":{"rendered":"<p>Great prix sur les ordinateurs portables les plus puissants d&rsquo;Apple. Prime Day 2025 est l\u00e0 du mardi 8 juillet au vendredi 11 juillet et Vie<\/p>\n","protected":false},"author":1,"featured_media":8636,"comment_status":"","ping_status":"","sticky":false,"template":"","format":"standard","meta":{"footnotes":""},"categories":[13],"tags":[2244,590,347,1269,14,686,81,346,7678,5472,7172],"class_list":["post-8635","post","type-post","status-publish","format-standard","has-post-thumbnail","hentry","category-technologie","tag-coutent","tag-dapple","tag-day","tag-jusqua","tag-les","tag-macbook","tag-pour","tag-prime","tag-pros","tag-rabais","tag-recents","generate-columns","tablet-grid-50","mobile-grid-100","grid-parent","grid-33"],"yoast_head":"<!-- This site is optimized with the Yoast SEO plugin v24.0 - https:\/\/yoast.com\/wordpress\/plugins\/seo\/ -->\n<title>Les plus r\u00e9cents MacBook Pros d&#039;Apple co\u00fbtent jusqu&#039;\u00e0 400 $ de rabais pour Prime Day | Vie Associative<\/title>\n<meta name=\"robots\" content=\"index, follow, max-snippet:-1, max-image-preview:large, max-video-preview:-1\" \/>\n<link rel=\"canonical\" href=\"https:\/\/vieassociative.be\/actualites\/les-plus-recents-macbook-pros-dapple-coutent-jusqua-400-de-rabais-pour-prime-day\/\" \/>\n<meta property=\"og:locale\" content=\"fr_FR\" \/>\n<meta property=\"og:type\" content=\"article\" \/>\n<meta property=\"og:title\" content=\"Les plus r\u00e9cents MacBook Pros d&#039;Apple co\u00fbtent jusqu&#039;\u00e0 400 $ de rabais pour Prime Day | Vie Associative\" \/>\n<meta property=\"og:description\" content=\"Great prix sur les ordinateurs portables les plus puissants d&rsquo;Apple. Prime Day 2025 est l\u00e0 du mardi 8 juillet au vendredi 11 juillet et Vie\" \/>\n<meta property=\"og:url\" content=\"https:\/\/vieassociative.be\/actualites\/les-plus-recents-macbook-pros-dapple-coutent-jusqua-400-de-rabais-pour-prime-day\/\" \/>\n<meta property=\"og:site_name\" content=\"Vie Associative\" \/>\n<meta property=\"article:published_time\" content=\"2025-07-09T17:16:59+00:00\" \/>\n<meta property=\"og:image\" content=\"https:\/\/vieassociative.be\/actualites\/wp-content\/uploads\/2025\/07\/Les-plus-recents-MacBook-Pros-dApple-coutent-jusqua-400.svg.svg+xml\" \/>\n<meta name=\"author\" content=\"Julien\" \/>\n<meta name=\"twitter:card\" content=\"summary_large_image\" \/>\n<meta name=\"twitter:label1\" content=\"\u00c9crit par\" \/>\n\t<meta name=\"twitter:data1\" content=\"Julien\" \/>\n\t<meta name=\"twitter:label2\" content=\"Dur\u00e9e de lecture est.\" \/>\n\t<meta name=\"twitter:data2\" content=\"4 minutes\" \/>\n<script type=\"application\/ld+json\" class=\"yoast-schema-graph\">{\"@context\":\"https:\/\/schema.org\",\"@graph\":[{\"@type\":\"Article\",\"@id\":\"https:\/\/vieassociative.be\/actualites\/les-plus-recents-macbook-pros-dapple-coutent-jusqua-400-de-rabais-pour-prime-day\/#article\",\"isPartOf\":{\"@id\":\"https:\/\/vieassociative.be\/actualites\/les-plus-recents-macbook-pros-dapple-coutent-jusqua-400-de-rabais-pour-prime-day\/\"},\"author\":{\"name\":\"Julien\",\"@id\":\"https:\/\/vieassociative.be\/actualites\/#\/schema\/person\/b87ac4f82f9d4e7b7cec7395b679edc4\"},\"headline\":\"Les plus r\u00e9cents MacBook Pros d&rsquo;Apple co\u00fbtent jusqu&rsquo;\u00e0 400 $ de rabais pour Prime Day\",\"datePublished\":\"2025-07-09T17:16:59+00:00\",\"dateModified\":\"2025-07-09T17:16:59+00:00\",\"mainEntityOfPage\":{\"@id\":\"https:\/\/vieassociative.be\/actualites\/les-plus-recents-macbook-pros-dapple-coutent-jusqua-400-de-rabais-pour-prime-day\/\"},\"wordCount\":838,\"publisher\":{\"@id\":\"https:\/\/vieassociative.be\/actualites\/#organization\"},\"image\":{\"@id\":\"https:\/\/vieassociative.be\/actualites\/les-plus-recents-macbook-pros-dapple-coutent-jusqua-400-de-rabais-pour-prime-day\/#primaryimage\"},\"thumbnailUrl\":\"https:\/\/vieassociative.be\/actualites\/wp-content\/uploads\/2025\/07\/Les-plus-recents-MacBook-Pros-dApple-coutent-jusqua-400.png\",\"keywords\":[\"co\u00fbtent\",\"dApple\",\"Day\",\"jusqu\u00e0\",\"Les\",\"MacBook\",\"pour\",\"Prime\",\"Pros\",\"rabais\",\"r\u00e9cents\"],\"articleSection\":[\"Technologie\"],\"inLanguage\":\"fr-BE\"},{\"@type\":\"WebPage\",\"@id\":\"https:\/\/vieassociative.be\/actualites\/les-plus-recents-macbook-pros-dapple-coutent-jusqua-400-de-rabais-pour-prime-day\/\",\"url\":\"https:\/\/vieassociative.be\/actualites\/les-plus-recents-macbook-pros-dapple-coutent-jusqua-400-de-rabais-pour-prime-day\/\",\"name\":\"Les plus r\u00e9cents MacBook Pros d'Apple co\u00fbtent jusqu'\u00e0 400 $ de rabais pour Prime Day | Vie Associative\",\"isPartOf\":{\"@id\":\"https:\/\/vieassociative.be\/actualites\/#website\"},\"primaryImageOfPage\":{\"@id\":\"https:\/\/vieassociative.be\/actualites\/les-plus-recents-macbook-pros-dapple-coutent-jusqua-400-de-rabais-pour-prime-day\/#primaryimage\"},\"image\":{\"@id\":\"https:\/\/vieassociative.be\/actualites\/les-plus-recents-macbook-pros-dapple-coutent-jusqua-400-de-rabais-pour-prime-day\/#primaryimage\"},\"thumbnailUrl\":\"https:\/\/vieassociative.be\/actualites\/wp-content\/uploads\/2025\/07\/Les-plus-recents-MacBook-Pros-dApple-coutent-jusqua-400.png\",\"datePublished\":\"2025-07-09T17:16:59+00:00\",\"dateModified\":\"2025-07-09T17:16:59+00:00\",\"breadcrumb\":{\"@id\":\"https:\/\/vieassociative.be\/actualites\/les-plus-recents-macbook-pros-dapple-coutent-jusqua-400-de-rabais-pour-prime-day\/#breadcrumb\"},\"inLanguage\":\"fr-BE\",\"potentialAction\":[{\"@type\":\"ReadAction\",\"target\":[\"https:\/\/vieassociative.be\/actualites\/les-plus-recents-macbook-pros-dapple-coutent-jusqua-400-de-rabais-pour-prime-day\/\"]}]},{\"@type\":\"ImageObject\",\"inLanguage\":\"fr-BE\",\"@id\":\"https:\/\/vieassociative.be\/actualites\/les-plus-recents-macbook-pros-dapple-coutent-jusqua-400-de-rabais-pour-prime-day\/#primaryimage\",\"url\":\"https:\/\/vieassociative.be\/actualites\/wp-content\/uploads\/2025\/07\/Les-plus-recents-MacBook-Pros-dApple-coutent-jusqua-400.png\",\"contentUrl\":\"https:\/\/vieassociative.be\/actualites\/wp-content\/uploads\/2025\/07\/Les-plus-recents-MacBook-Pros-dApple-coutent-jusqua-400.png\",\"width\":1200,\"height\":675,\"caption\":\"Les plus r\u00e9cents MacBook Pros d'Apple co\u00fbtent jusqu'\u00e0 400 $ de rabais pour Prime Day\"},{\"@type\":\"BreadcrumbList\",\"@id\":\"https:\/\/vieassociative.be\/actualites\/les-plus-recents-macbook-pros-dapple-coutent-jusqua-400-de-rabais-pour-prime-day\/#breadcrumb\",\"itemListElement\":[{\"@type\":\"ListItem\",\"position\":1,\"name\":\"Accueil\",\"item\":\"https:\/\/vieassociative.be\/actualites\/\"},{\"@type\":\"ListItem\",\"position\":2,\"name\":\"Les plus r\u00e9cents MacBook Pros d&rsquo;Apple co\u00fbtent jusqu&rsquo;\u00e0 400 $ de rabais pour Prime Day\"}]},{\"@type\":\"WebSite\",\"@id\":\"https:\/\/vieassociative.be\/actualites\/#website\",\"url\":\"https:\/\/vieassociative.be\/actualites\/\",\"name\":\"Vie Associative\",\"description\":\"\",\"publisher\":{\"@id\":\"https:\/\/vieassociative.be\/actualites\/#organization\"},\"potentialAction\":[{\"@type\":\"SearchAction\",\"target\":{\"@type\":\"EntryPoint\",\"urlTemplate\":\"https:\/\/vieassociative.be\/actualites\/?s={search_term_string}\"},\"query-input\":{\"@type\":\"PropertyValueSpecification\",\"valueRequired\":true,\"valueName\":\"search_term_string\"}}],\"inLanguage\":\"fr-BE\"},{\"@type\":\"Organization\",\"@id\":\"https:\/\/vieassociative.be\/actualites\/#organization\",\"name\":\"Vie Associative\",\"url\":\"https:\/\/vieassociative.be\/actualites\/\",\"logo\":{\"@type\":\"ImageObject\",\"inLanguage\":\"fr-BE\",\"@id\":\"https:\/\/vieassociative.be\/actualites\/#\/schema\/logo\/image\/\",\"url\":\"https:\/\/vieassociative.be\/actualites\/wp-content\/uploads\/2024\/09\/cropped-vieassociative_favicon.ico.png\",\"contentUrl\":\"https:\/\/vieassociative.be\/actualites\/wp-content\/uploads\/2024\/09\/cropped-vieassociative_favicon.ico.png\",\"width\":512,\"height\":512,\"caption\":\"Vie Associative\"},\"image\":{\"@id\":\"https:\/\/vieassociative.be\/actualites\/#\/schema\/logo\/image\/\"}},{\"@type\":\"Person\",\"@id\":\"https:\/\/vieassociative.be\/actualites\/#\/schema\/person\/b87ac4f82f9d4e7b7cec7395b679edc4\",\"name\":\"Julien\",\"image\":{\"@type\":\"ImageObject\",\"inLanguage\":\"fr-BE\",\"@id\":\"https:\/\/vieassociative.be\/actualites\/#\/schema\/person\/image\/\",\"url\":\"https:\/\/vieassociative.be\/actualites\/wp-content\/uploads\/2024\/09\/vie-associative-1-150x150.jpg\",\"contentUrl\":\"https:\/\/vieassociative.be\/actualites\/wp-content\/uploads\/2024\/09\/vie-associative-1-150x150.jpg\",\"caption\":\"Julien\"},\"description\":\"Je suis Julien, r\u00e9dacteur pour Vie Associative. Passionn\u00e9 par le monde associatif depuis plus de 10 ans, j'ai \u00e0 c\u0153ur de partager des histoires inspirantes et de mettre en lumi\u00e8re les initiatives locales. Mon objectif est de sensibiliser et d'encourager l'engagement communautaire \u00e0 travers mes articles.\",\"sameAs\":[\"https:\/\/vieassociative.be\/\"]}]}<\/script>\n<!-- \/ Yoast SEO plugin. -->","yoast_head_json":{"title":"Les plus r\u00e9cents MacBook Pros d'Apple co\u00fbtent jusqu'\u00e0 400 $ de rabais pour Prime Day | Vie Associative","robots":{"index":"index","follow":"follow","max-snippet":"max-snippet:-1","max-image-preview":"max-image-preview:large","max-video-preview":"max-video-preview:-1"},"canonical":"https:\/\/vieassociative.be\/actualites\/les-plus-recents-macbook-pros-dapple-coutent-jusqua-400-de-rabais-pour-prime-day\/","og_locale":"fr_FR","og_type":"article","og_title":"Les plus r\u00e9cents MacBook Pros d'Apple co\u00fbtent jusqu'\u00e0 400 $ de rabais pour Prime Day | Vie Associative","og_description":"Great prix sur les ordinateurs portables les plus puissants d&rsquo;Apple. Prime Day 2025 est l\u00e0 du mardi 8 juillet au vendredi 11 juillet et Vie","og_url":"https:\/\/vieassociative.be\/actualites\/les-plus-recents-macbook-pros-dapple-coutent-jusqua-400-de-rabais-pour-prime-day\/","og_site_name":"Vie Associative","article_published_time":"2025-07-09T17:16:59+00:00","og_image":[{"url":"https:\/\/vieassociative.be\/actualites\/wp-content\/uploads\/2025\/07\/Les-plus-recents-MacBook-Pros-dApple-coutent-jusqua-400.svg.svg+xml","type":"","width":"","height":""}],"author":"Julien","twitter_card":"summary_large_image","twitter_misc":{"\u00c9crit par":"Julien","Dur\u00e9e de lecture est.":"4 minutes"},"schema":{"@context":"https:\/\/schema.org","@graph":[{"@type":"Article","@id":"https:\/\/vieassociative.be\/actualites\/les-plus-recents-macbook-pros-dapple-coutent-jusqua-400-de-rabais-pour-prime-day\/#article","isPartOf":{"@id":"https:\/\/vieassociative.be\/actualites\/les-plus-recents-macbook-pros-dapple-coutent-jusqua-400-de-rabais-pour-prime-day\/"},"author":{"name":"Julien","@id":"https:\/\/vieassociative.be\/actualites\/#\/schema\/person\/b87ac4f82f9d4e7b7cec7395b679edc4"},"headline":"Les plus r\u00e9cents MacBook Pros d&rsquo;Apple co\u00fbtent jusqu&rsquo;\u00e0 400 $ de rabais pour Prime Day","datePublished":"2025-07-09T17:16:59+00:00","dateModified":"2025-07-09T17:16:59+00:00","mainEntityOfPage":{"@id":"https:\/\/vieassociative.be\/actualites\/les-plus-recents-macbook-pros-dapple-coutent-jusqua-400-de-rabais-pour-prime-day\/"},"wordCount":838,"publisher":{"@id":"https:\/\/vieassociative.be\/actualites\/#organization"},"image":{"@id":"https:\/\/vieassociative.be\/actualites\/les-plus-recents-macbook-pros-dapple-coutent-jusqua-400-de-rabais-pour-prime-day\/#primaryimage"},"thumbnailUrl":"https:\/\/vieassociative.be\/actualites\/wp-content\/uploads\/2025\/07\/Les-plus-recents-MacBook-Pros-dApple-coutent-jusqua-400.png","keywords":["co\u00fbtent","dApple","Day","jusqu\u00e0","Les","MacBook","pour","Prime","Pros","rabais","r\u00e9cents"],"articleSection":["Technologie"],"inLanguage":"fr-BE"},{"@type":"WebPage","@id":"https:\/\/vieassociative.be\/actualites\/les-plus-recents-macbook-pros-dapple-coutent-jusqua-400-de-rabais-pour-prime-day\/","url":"https:\/\/vieassociative.be\/actualites\/les-plus-recents-macbook-pros-dapple-coutent-jusqua-400-de-rabais-pour-prime-day\/","name":"Les plus r\u00e9cents MacBook Pros d'Apple co\u00fbtent jusqu'\u00e0 400 $ de rabais pour Prime Day | Vie Associative","isPartOf":{"@id":"https:\/\/vieassociative.be\/actualites\/#website"},"primaryImageOfPage":{"@id":"https:\/\/vieassociative.be\/actualites\/les-plus-recents-macbook-pros-dapple-coutent-jusqua-400-de-rabais-pour-prime-day\/#primaryimage"},"image":{"@id":"https:\/\/vieassociative.be\/actualites\/les-plus-recents-macbook-pros-dapple-coutent-jusqua-400-de-rabais-pour-prime-day\/#primaryimage"},"thumbnailUrl":"https:\/\/vieassociative.be\/actualites\/wp-content\/uploads\/2025\/07\/Les-plus-recents-MacBook-Pros-dApple-coutent-jusqua-400.png","datePublished":"2025-07-09T17:16:59+00:00","dateModified":"2025-07-09T17:16:59+00:00","breadcrumb":{"@id":"https:\/\/vieassociative.be\/actualites\/les-plus-recents-macbook-pros-dapple-coutent-jusqua-400-de-rabais-pour-prime-day\/#breadcrumb"},"inLanguage":"fr-BE","potentialAction":[{"@type":"ReadAction","target":["https:\/\/vieassociative.be\/actualites\/les-plus-recents-macbook-pros-dapple-coutent-jusqua-400-de-rabais-pour-prime-day\/"]}]},{"@type":"ImageObject","inLanguage":"fr-BE","@id":"https:\/\/vieassociative.be\/actualites\/les-plus-recents-macbook-pros-dapple-coutent-jusqua-400-de-rabais-pour-prime-day\/#primaryimage","url":"https:\/\/vieassociative.be\/actualites\/wp-content\/uploads\/2025\/07\/Les-plus-recents-MacBook-Pros-dApple-coutent-jusqua-400.png","contentUrl":"https:\/\/vieassociative.be\/actualites\/wp-content\/uploads\/2025\/07\/Les-plus-recents-MacBook-Pros-dApple-coutent-jusqua-400.png","width":1200,"height":675,"caption":"Les plus r\u00e9cents MacBook Pros d'Apple co\u00fbtent jusqu'\u00e0 400 $ de rabais pour Prime Day"},{"@type":"BreadcrumbList","@id":"https:\/\/vieassociative.be\/actualites\/les-plus-recents-macbook-pros-dapple-coutent-jusqua-400-de-rabais-pour-prime-day\/#breadcrumb","itemListElement":[{"@type":"ListItem","position":1,"name":"Accueil","item":"https:\/\/vieassociative.be\/actualites\/"},{"@type":"ListItem","position":2,"name":"Les plus r\u00e9cents MacBook Pros d&rsquo;Apple co\u00fbtent jusqu&rsquo;\u00e0 400 $ de rabais pour Prime Day"}]},{"@type":"WebSite","@id":"https:\/\/vieassociative.be\/actualites\/#website","url":"https:\/\/vieassociative.be\/actualites\/","name":"Vie Associative","description":"","publisher":{"@id":"https:\/\/vieassociative.be\/actualites\/#organization"},"potentialAction":[{"@type":"SearchAction","target":{"@type":"EntryPoint","urlTemplate":"https:\/\/vieassociative.be\/actualites\/?s={search_term_string}"},"query-input":{"@type":"PropertyValueSpecification","valueRequired":true,"valueName":"search_term_string"}}],"inLanguage":"fr-BE"},{"@type":"Organization","@id":"https:\/\/vieassociative.be\/actualites\/#organization","name":"Vie Associative","url":"https:\/\/vieassociative.be\/actualites\/","logo":{"@type":"ImageObject","inLanguage":"fr-BE","@id":"https:\/\/vieassociative.be\/actualites\/#\/schema\/logo\/image\/","url":"https:\/\/vieassociative.be\/actualites\/wp-content\/uploads\/2024\/09\/cropped-vieassociative_favicon.ico.png","contentUrl":"https:\/\/vieassociative.be\/actualites\/wp-content\/uploads\/2024\/09\/cropped-vieassociative_favicon.ico.png","width":512,"height":512,"caption":"Vie Associative"},"image":{"@id":"https:\/\/vieassociative.be\/actualites\/#\/schema\/logo\/image\/"}},{"@type":"Person","@id":"https:\/\/vieassociative.be\/actualites\/#\/schema\/person\/b87ac4f82f9d4e7b7cec7395b679edc4","name":"Julien","image":{"@type":"ImageObject","inLanguage":"fr-BE","@id":"https:\/\/vieassociative.be\/actualites\/#\/schema\/person\/image\/","url":"https:\/\/vieassociative.be\/actualites\/wp-content\/uploads\/2024\/09\/vie-associative-1-150x150.jpg","contentUrl":"https:\/\/vieassociative.be\/actualites\/wp-content\/uploads\/2024\/09\/vie-associative-1-150x150.jpg","caption":"Julien"},"description":"Je suis Julien, r\u00e9dacteur pour Vie Associative. Passionn\u00e9 par le monde associatif depuis plus de 10 ans, j'ai \u00e0 c\u0153ur de partager des histoires inspirantes et de mettre en lumi\u00e8re les initiatives locales. Mon objectif est de sensibiliser et d'encourager l'engagement communautaire \u00e0 travers mes articles.","sameAs":["https:\/\/vieassociative.be\/"]}]}},"_links":{"self":[{"href":"https:\/\/vieassociative.be\/actualites\/wp-json\/wp\/v2\/posts\/8635"}],"collection":[{"href":"https:\/\/vieassociative.be\/actualites\/wp-json\/wp\/v2\/posts"}],"about":[{"href":"https:\/\/vieassociative.be\/actualites\/wp-json\/wp\/v2\/types\/post"}],"author":[{"embeddable":true,"href":"https:\/\/vieassociative.be\/actualites\/wp-json\/wp\/v2\/users\/1"}],"replies":[{"embeddable":true,"href":"https:\/\/vieassociative.be\/actualites\/wp-json\/wp\/v2\/comments?post=8635"}],"version-history":[{"count":0,"href":"https:\/\/vieassociative.be\/actualites\/wp-json\/wp\/v2\/posts\/8635\/revisions"}],"wp:featuredmedia":[{"embeddable":true,"href":"https:\/\/vieassociative.be\/actualites\/wp-json\/wp\/v2\/media\/8636"}],"wp:attachment":[{"href":"https:\/\/vieassociative.be\/actualites\/wp-json\/wp\/v2\/media?parent=8635"}],"wp:term":[{"taxonomy":"category","embeddable":true,"href":"https:\/\/vieassociative.be\/actualites\/wp-json\/wp\/v2\/categories?post=8635"},{"taxonomy":"post_tag","embeddable":true,"href":"https:\/\/vieassociative.be\/actualites\/wp-json\/wp\/v2\/tags?post=8635"}],"curies":[{"name":"wp","href":"https:\/\/api.w.org\/{rel}","templated":true}]}}