{"id":8633,"date":"2025-07-09T16:18:13","date_gmt":"2025-07-09T14:18:13","guid":{"rendered":"https:\/\/vieassociative.be\/actualites\/il-y-a-40-ans-live-aid-en-juillet-1985-le-plus-grand-evenement-musical-depuis-le-woodstock-festival-1969-video\/"},"modified":"2025-07-09T16:18:13","modified_gmt":"2025-07-09T14:18:13","slug":"il-y-a-40-ans-live-aid-en-juillet-1985-le-plus-grand-evenement-musical-depuis-le-woodstock-festival-1969-video","status":"publish","type":"post","link":"https:\/\/vieassociative.be\/actualites\/il-y-a-40-ans-live-aid-en-juillet-1985-le-plus-grand-evenement-musical-depuis-le-woodstock-festival-1969-video\/","title":{"rendered":"Il y a 40 ans \u00abLive Aid\u00bb &#8211; en juillet 1985 Le plus grand \u00e9v\u00e9nement musical depuis le Woodstock Festival 1969 (vid\u00e9o)"},"content":{"rendered":"<p><strong>C&rsquo;\u00e9tait un \u00e9v\u00e9nement de concert de superlatifs. Plus de 70 artistes ont jou\u00e9 \u00e0 Londres et \u00e0 Philadelphie. Plus de deux milliards de personnes ont regard\u00e9 le monde entier. 40 ans plus tard, \u00abLive Aid\u00bb reste l\u00e9gendaire.<\/strong><\/p>\n<p><span id=\"more-419627\"><\/span>Quiconque a vu \u00abLive Aid\u00bb se souvient aujourd&rsquo;hui qu&rsquo;il a pass\u00e9 beaucoup de temps avant la t\u00e9l\u00e9vision un jour d&rsquo;\u00e9t\u00e9. Peut-\u00eatre aussi d&rsquo;avoir enregistr\u00e9 la musique avec un enregistreur de cassette. Les deux m\u00e9ga concerts, qui ont eu lieu \u00e0 Londres et \u00e0 Philadelphie le 13 juillet 1985, ont \u00e9crit l&rsquo;histoire de la musique &#8211; et ont \u00e9t\u00e9 r\u00e9volutionnaires pour l&rsquo;engagement mondial des pop stars.<\/p>\n<p>De nos jours, il est normal que les musiciens travaillent pour des projets \u00e0 but non lucratif et des concerts de charme sont organis\u00e9s \u00e0 des fins caritatives. Lorsque le musicien irlandais Bob Geldof a eu l&rsquo;id\u00e9e d&rsquo;organiser un \u00e9norme concert il y a 40 ans pour collecter de l&rsquo;argent pour l&rsquo;Afrique, il a d&rsquo;abord d\u00fb convaincre de nombreux sceptiques.<\/p>\n<div id=\"attachment_419677\" class=\"wp-caption alignleft\" style=\"max-width: 300px\"><img fetchpriority=\"high\" decoding=\"async\" class=\"wp-image-419677 size-medium\" src=\"https:\/\/vieassociative.be\/actualites\/wp-content\/uploads\/2025\/07\/Il-y-a-40-ans-Live-Aid-en-juillet.jpg\" alt=\"\" width=\"300\" height=\"200\"><\/p>\n<p class=\"wp-caption-text\">17\/02\/2025, Berlin: Bob Geldof, musicien, vient au gala du cin\u00e9ma pour la paix \u00e0 l&rsquo;h\u00f4tel \u00ab\u00a0Adlon Kempinski\u00a0\u00bb. Photo: Sebastian Gollnow \/ DPA<\/p>\n<\/div>\n<p><strong>&#8211; Cela a commenc\u00e9 avec un chant de No\u00ebl:<\/strong> La pierre de fondation pour \u00ab\u00a0Live Aid\u00a0\u00bb a \u00e9t\u00e9 pos\u00e9e un an plus t\u00f4t. Un rapport de t\u00e9l\u00e9vision sur la famine en \u00c9thiopie a incit\u00e9 Geldof \u00e0 le faire avec le chanteur d&rsquo;Ultravox Midge Ure the Charity Single \u00ab\u00a0Doit-ils que c&rsquo;est No\u00ebl?\u00a0\u00bb \u00c9crire et laisser les stars de la pop \u00e0 la mode chanter sous le nom Band Aid pour une bonne cause. Le succ\u00e8s du single de No\u00ebl a inspir\u00e9 le duo pour \u00e9tendre son organisme de bienfaisance.<\/p>\n<p>\u00ab\u00a0Cette chanson est le fil rouge qui traverse tout, mais nous ne l&rsquo;avons pas compris au d\u00e9but\u00a0\u00bb, a d\u00e9clar\u00e9 Geldof dans l&rsquo;interview de l&rsquo;agence de presse allemande. La chanson avait sensibilis\u00e9. \u00ab\u00a0C&rsquo;est le cri qui a fait le tour du monde. Tout le monde l&rsquo;a vu, partout dans le monde. Et tout le monde a copi\u00e9 l&rsquo;aide de la bande. J&rsquo;ai donc tout rassembl\u00e9 et en ai fait\u00a0\u00bb Live Aid \u00ab\u00a0.\u00a0\u00bb<\/p>\n<p><strong>&#8211; seulement 12 semaines de pr\u00e9paration:<\/strong> Mais ce n&rsquo;\u00e9tait pas si simple. Parce que la d\u00e9cision est tomb\u00e9e relativement spontan\u00e9ment en avril 1985 et voulait utiliser le moment d&rsquo;avril 1985, les Irlandais et son \u00e9quipe avaient un peu moins de douze semaines pour organiser le gigantesque \u00e9v\u00e9nement.<\/p>\n<p>Avoir un concert sur deux continents et &#8211; bien avant qu&rsquo;Internet ne soit &#8211; diffuser \u00e0 la t\u00e9l\u00e9vision dans le monde entier via Satellite a \u00e9t\u00e9 un v\u00e9ritable d\u00e9fi. Il y avait divers formats de transmission. Et le diffuseur tel que BBC, MTV et ABC a d\u00fb \u00eatre convaincu de fournir plusieurs heures de leur temps de diffusion gratuitement.<\/p>\n<\/p>\n<div id=\"attachment_419680\" class=\"wp-caption alignleft\" style=\"max-width: 199px\"><img decoding=\"async\" class=\"wp-image-419680 size-medium\" src=\"https:\/\/vieassociative.be\/actualites\/wp-content\/uploads\/2025\/07\/1752070693_584_Il-y-a-40-ans-Live-Aid-en-juillet.jpg\" alt=\"\" width=\"199\" height=\"300\"><\/p>\n<p class=\"wp-caption-text\">13 juillet 1985, Grande-Bretagne, Londres: Freddy Mercury \u00e0 son apparition au London Wembleystadion dans le cadre de \u00ab\u00a0Live Aid\u00a0\u00bb. Photo: Topfoto \/ Belga<\/p>\n<\/div>\n<p>De plus, Geldof a d\u00fb persuader les plus grandes pop et rock stars de se produire au milieu du concert et du festival Summer sans frais. Dans la mesure du possible, le musicien a entour\u00e9 la direction et a appel\u00e9 personnellement de nombreuses superstars pour les mettre \u00e0 bord. Il avait de bons arguments non seulement en vue de l&rsquo;objectif caritatif, mais aussi en relation avec la publicit\u00e9.<\/p>\n<p>\u00ab\u00a0Honn\u00eatement\u00a0\u00bb, a d\u00e9clar\u00e9 le batteur de la reine Roger Taylor dans le documentaire de la BBC \u00ab\u00a0Against All Odds\u00a0\u00bb de 2005, \u00ab\u00a0tous ceux qui y jouaient \u00e9taient conscients que plus d&rsquo;un milliard de personnes regarderaient.\u00a0\u00bb C&rsquo;est peut-\u00eatre pour cela que Geldof a r\u00e9ussi \u00e0 rassembler le who&rsquo;s who de la sc\u00e8ne musicale.<\/p>\n<p><strong>&#8211; \u00e0 Londres et \u00e0 Philadelphie:<\/strong> Le 13 juillet 1985, les deux concerts de superlatifs ont augment\u00e9 \u00e0 Londres et \u00e0 Philadelphie. David Bowie, U2, Die Dire Straits, Status Quo, Paul McCartney, Sade et The Who ont jou\u00e9 dans le stade de Wembley. Elton John a amen\u00e9 George Michael avec lui en tant qu&rsquo;invit\u00e9 surprise, Bryan Ferry avait le guitariste de Pink Floyd, David Gilmour, \u00e0 ses c\u00f4t\u00e9s. Et Queen a ravi les masses avec une apparence excit\u00e9e qui est consid\u00e9r\u00e9e comme l\u00e9gendaire aujourd&rsquo;hui.<\/p>\n<p>Dans le stade JFK, il y avait des artistes diff\u00e9rents tels que Bryan Adams, The Beach Boys, The Cars, Run-DMC. Madonna, Bob Dylan, Neil Young, Santana, Joan Baez, The Simple Minds et Duran Duran sur sc\u00e8ne. Avec Mick Jagger, Tina Turner a bris\u00e9 un duo enflamm\u00e9 pour l&rsquo;\u00e9ternit\u00e9. Black Sabbath a retrouv\u00e9 Ozzy Osbourne pendant une journ\u00e9e. Led Zeppelin a \u00e9galement c\u00e9l\u00e9br\u00e9 une r\u00e9union \u00e0 court terme &#8211; avec Phil Collins \u00e0 la batterie.<\/p>\n<p>Collins \u00e9tait auparavant apparu \u00e0 Londres &#8211; avec une piq\u00fbre et seul &#8211; puis volant directement \u00e0 Philadelphie avec une concorde. \u00c0 ce moment-l\u00e0, l&rsquo;avion de vue d&rsquo;ensemble n&rsquo;a pris que trois heures et demie pour le voyage sur l&rsquo;Atlantique. \u00ab\u00a0J&rsquo;\u00e9tais toujours \u00e0 Londres cet apr\u00e8s-midi\u00a0\u00bb, a plaisant\u00e9 Collins lorsqu&rsquo;il est entr\u00e9 sur la sc\u00e8ne \u00e0 Philadelphie. \u00ab\u00a0C&rsquo;est un monde fou, non?\u00a0\u00bb<\/p>\n<div id=\"attachment_419676\" class=\"wp-caption alignleft\" style=\"max-width: 300px\"><img decoding=\"async\" class=\"wp-image-419676 size-medium\" src=\"https:\/\/vieassociative.be\/actualites\/wp-content\/uploads\/2025\/07\/1752070693_956_Il-y-a-40-ans-Live-Aid-en-juillet.jpg\" alt=\"\" width=\"300\" height=\"199\"><\/p>\n<p class=\"wp-caption-text\">13 juillet 1985, Grande-Bretagne, Londres: Les fans applaudissent lors de l&rsquo;apparition de la chanteuse de \u00ab\u00a0Queen\u00a0\u00bb Freddie Mercury. Photo: Norbert F\u00f6rsterling \/ DPA<\/p>\n<\/div>\n<p><strong>&#8211; Deux milliards de spectateurs et 127 millions de dollars:<\/strong> 70 000 personnes \u00e0 Wembley, environ 90 000 dans le stade JFK et m\u00eame deux milliards de spectateurs sur les \u00e9crans de t\u00e9l\u00e9vision ont regard\u00e9 \u00abLive Aid\u00bb \u00e0 l&rsquo;\u00e9poque. Les concerts auraient g\u00e9n\u00e9r\u00e9 plus de 127 millions de dollars pour les victimes de la famine en Afrique.<\/p>\n<p>Selon Geldof, \u00ab\u00a0Live Aid\u00a0\u00bb a \u00e9t\u00e9 un tournant de plusieurs mani\u00e8res. \u00ab\u00a0Apr\u00e8s tout, nous avons affront\u00e9 les structures politiques et \u00e9conomiques mondiales du sommet du G8 en Grande-Bretagne\u00a0\u00bb, a-t-il d\u00e9clar\u00e9 dans l&rsquo;entretien de la DPA, \u00ab\u00a0et nous les avons forc\u00e9s \u00e0 faire ce que nous avions demand\u00e9: doubler l&rsquo;aide pour l&rsquo;Afrique et supprimer la dette des pays les plus pauvres.\u00a0\u00bb<\/p>\n<p>Bob Geldof a non seulement re\u00e7u des \u00e9loges pour son engagement. Entre autres choses, les critiques ont suppos\u00e9 \u00e0 plusieurs reprises un \u00ab\u00a0complexe de sauveur blanc\u00a0\u00bb &#8211; qu&rsquo;il s&rsquo;est mis en sc\u00e8ne comme un \u00ab\u00a0Sauveur blanc\u00a0\u00bb. L&rsquo;argentof est tr\u00e8s ennuy\u00e9. \u00ab\u00a0Ce n&rsquo;\u00e9tait pas tout \u00e0 propos de moi\u00a0\u00bb, a-t-il dit maintenant les \u00ab\u00a0Times\u00a0\u00bb. \u00ab\u00a0Les gens meurent l\u00e0-bas, bon sang parce qu&rsquo;ils n&rsquo;ont pas assez \u00e0 manger, m\u00eame s&rsquo;il y en a plus que suffisant dans le monde. C&rsquo;est de cela qu&rsquo;il s&rsquo;agit!\u00a0\u00bb<\/p>\n<p><strong>&#8211; Un \u00e9v\u00e9nement pour l&rsquo;\u00e9ternit\u00e9:<\/strong> D&rsquo;un point de vue musical, \u00ab\u00a0Live Aid\u00a0\u00bb a \u00e9t\u00e9 l&rsquo;\u00e9v\u00e9nement le plus important et le plus important depuis Woodstock 1969. Les enregistrements officiels n&rsquo;ont \u00e9t\u00e9 publi\u00e9s que pour des raisons juridiques et de licence des ann\u00e9es plus tard &#8211; mais jamais compl\u00e8tement. Entre autres choses, Led Zeppelin emp\u00eache votre performance de publier parce que vous n&rsquo;\u00e9tiez pas satisfait de vos performances.<\/p>\n<p>20 ans apr\u00e8s \u00ab\u00a0Live Aid\u00a0\u00bb, Geldof a organis\u00e9 le chanteur U2 Bono \u00ab\u00a0Live 8\u00a0\u00bb, un autre \u00e9v\u00e9nement caritatif contre la pauvret\u00e9 mondiale. Il pensait qu&rsquo;un troisi\u00e8me \u00e9v\u00e9nement de ce genre \u00e9tait peu probable pendant longtemps. Dans la conversation DPA en novembre 2024, il a l&rsquo;air diff\u00e9rent. \u00ab\u00a0Je vais essayer de parler \u00e0 Daniel Ek\u00a0\u00bb, a-t-il dit, \u00ab\u00a0pour voir si nous pouvons faire quelque chose de sp\u00e9cial avec Spotify.\u00a0\u00bb (DPA)<\/p>\n<p><em><strong>Vous trouverez ci-dessous une vid\u00e9o de l&rsquo;apparition entra\u00eenante de Queen et Freddie Mercury le 13 juillet 1985 au London Wembley Stadium dans le cadre de \u00ab\u00a0Live Aid\u00a0\u00bb:<\/strong><\/em><\/p>\n<div class=\"responsive-embed\">\n<div class=\"rll-youtube-player\" data-src=\"https:\/\/www.youtube.com\/embed\/vbvyNnw8Qjg\" data-id=\"vbvyNnw8Qjg\" data-query=\"feature=oembed\" data-alt=\"Queen - Bohemian Rhapsody (Live Aid 1985)\"><\/div>\n<p><noscript><a href=\"https:\/\/www.youtube.com\/watch?v=vbvynnw8qjg\">https:\/\/www.youtube.com\/watch?v=vbvynnw8qjg<\/a><\/noscript><\/div>\n","protected":false},"excerpt":{"rendered":"<p>C&rsquo;\u00e9tait un \u00e9v\u00e9nement de concert de superlatifs. Plus de 70 artistes ont jou\u00e9 \u00e0 Londres et \u00e0 Philadelphie. Plus de deux milliards de personnes ont<\/p>\n","protected":false},"author":1,"featured_media":8634,"comment_status":"","ping_status":"","sticky":false,"template":"","format":"standard","meta":{"footnotes":""},"categories":[298],"tags":[7674,584,1824,7675,557,1119,3153,6252,7676,1204,7677],"class_list":["post-8633","post","type-post","status-publish","format-standard","has-post-thumbnail","hentry","category-belgique","tag-aid","tag-ans","tag-depuis","tag-evenement","tag-festival","tag-grand","tag-juillet","tag-live","tag-musical","tag-video","tag-woodstock","generate-columns","tablet-grid-50","mobile-grid-100","grid-parent","grid-33"],"yoast_head":"<!-- This site is optimized with the Yoast SEO plugin v24.0 - https:\/\/yoast.com\/wordpress\/plugins\/seo\/ -->\n<title>Il y a 40 ans \u00abLive Aid\u00bb - en juillet 1985 Le plus grand \u00e9v\u00e9nement musical depuis le Woodstock Festival 1969 (vid\u00e9o) | Vie Associative<\/title>\n<meta name=\"robots\" content=\"index, follow, max-snippet:-1, max-image-preview:large, max-video-preview:-1\" \/>\n<link rel=\"canonical\" href=\"https:\/\/vieassociative.be\/actualites\/il-y-a-40-ans-live-aid-en-juillet-1985-le-plus-grand-evenement-musical-depuis-le-woodstock-festival-1969-video\/\" \/>\n<meta property=\"og:locale\" content=\"fr_FR\" \/>\n<meta property=\"og:type\" content=\"article\" \/>\n<meta property=\"og:title\" content=\"Il y a 40 ans \u00abLive Aid\u00bb - en juillet 1985 Le plus grand \u00e9v\u00e9nement musical depuis le Woodstock Festival 1969 (vid\u00e9o) | Vie Associative\" \/>\n<meta property=\"og:description\" content=\"C&rsquo;\u00e9tait un \u00e9v\u00e9nement de concert de superlatifs. Plus de 70 artistes ont jou\u00e9 \u00e0 Londres et \u00e0 Philadelphie. Plus de deux milliards de personnes ont\" \/>\n<meta property=\"og:url\" content=\"https:\/\/vieassociative.be\/actualites\/il-y-a-40-ans-live-aid-en-juillet-1985-le-plus-grand-evenement-musical-depuis-le-woodstock-festival-1969-video\/\" \/>\n<meta property=\"og:site_name\" content=\"Vie Associative\" \/>\n<meta property=\"article:published_time\" content=\"2025-07-09T14:18:13+00:00\" \/>\n<meta property=\"og:image\" content=\"https:\/\/vieassociative.be\/actualites\/wp-content\/uploads\/2024\/09\/header_backgroundk-01-e1726694325946.png\" \/>\n\t<meta property=\"og:image:width\" content=\"279\" \/>\n\t<meta property=\"og:image:height\" content=\"92\" \/>\n\t<meta property=\"og:image:type\" content=\"image\/png\" \/>\n<meta name=\"author\" content=\"Julien\" \/>\n<meta name=\"twitter:card\" content=\"summary_large_image\" \/>\n<meta name=\"twitter:label1\" content=\"\u00c9crit par\" \/>\n\t<meta name=\"twitter:data1\" content=\"Julien\" \/>\n\t<meta name=\"twitter:label2\" content=\"Dur\u00e9e de lecture est.\" \/>\n\t<meta name=\"twitter:data2\" content=\"6 minutes\" \/>\n<script type=\"application\/ld+json\" class=\"yoast-schema-graph\">{\"@context\":\"https:\/\/schema.org\",\"@graph\":[{\"@type\":\"Article\",\"@id\":\"https:\/\/vieassociative.be\/actualites\/il-y-a-40-ans-live-aid-en-juillet-1985-le-plus-grand-evenement-musical-depuis-le-woodstock-festival-1969-video\/#article\",\"isPartOf\":{\"@id\":\"https:\/\/vieassociative.be\/actualites\/il-y-a-40-ans-live-aid-en-juillet-1985-le-plus-grand-evenement-musical-depuis-le-woodstock-festival-1969-video\/\"},\"author\":{\"name\":\"Julien\",\"@id\":\"https:\/\/vieassociative.be\/actualites\/#\/schema\/person\/b87ac4f82f9d4e7b7cec7395b679edc4\"},\"headline\":\"Il y a 40 ans \u00abLive Aid\u00bb &#8211; en juillet 1985 Le plus grand \u00e9v\u00e9nement musical depuis le Woodstock Festival 1969 (vid\u00e9o)\",\"datePublished\":\"2025-07-09T14:18:13+00:00\",\"dateModified\":\"2025-07-09T14:18:13+00:00\",\"mainEntityOfPage\":{\"@id\":\"https:\/\/vieassociative.be\/actualites\/il-y-a-40-ans-live-aid-en-juillet-1985-le-plus-grand-evenement-musical-depuis-le-woodstock-festival-1969-video\/\"},\"wordCount\":1304,\"publisher\":{\"@id\":\"https:\/\/vieassociative.be\/actualites\/#organization\"},\"image\":{\"@id\":\"https:\/\/vieassociative.be\/actualites\/il-y-a-40-ans-live-aid-en-juillet-1985-le-plus-grand-evenement-musical-depuis-le-woodstock-festival-1969-video\/#primaryimage\"},\"thumbnailUrl\":\"https:\/\/vieassociative.be\/actualites\/wp-content\/uploads\/2025\/07\/1752070694_Il-y-a-40-ans-Live-Aid-en-juillet.jpg\",\"keywords\":[\"Aid\",\"ans\",\"depuis\",\"\u00e9v\u00e9nement\",\"festival\",\"grand\",\"juillet\",\"Live\",\"musical\",\"vid\u00e9o\",\"Woodstock\"],\"articleSection\":[\"Belgique\"],\"inLanguage\":\"fr-BE\"},{\"@type\":\"WebPage\",\"@id\":\"https:\/\/vieassociative.be\/actualites\/il-y-a-40-ans-live-aid-en-juillet-1985-le-plus-grand-evenement-musical-depuis-le-woodstock-festival-1969-video\/\",\"url\":\"https:\/\/vieassociative.be\/actualites\/il-y-a-40-ans-live-aid-en-juillet-1985-le-plus-grand-evenement-musical-depuis-le-woodstock-festival-1969-video\/\",\"name\":\"Il y a 40 ans \u00abLive Aid\u00bb - en juillet 1985 Le plus grand \u00e9v\u00e9nement musical depuis le Woodstock Festival 1969 (vid\u00e9o) | Vie Associative\",\"isPartOf\":{\"@id\":\"https:\/\/vieassociative.be\/actualites\/#website\"},\"primaryImageOfPage\":{\"@id\":\"https:\/\/vieassociative.be\/actualites\/il-y-a-40-ans-live-aid-en-juillet-1985-le-plus-grand-evenement-musical-depuis-le-woodstock-festival-1969-video\/#primaryimage\"},\"image\":{\"@id\":\"https:\/\/vieassociative.be\/actualites\/il-y-a-40-ans-live-aid-en-juillet-1985-le-plus-grand-evenement-musical-depuis-le-woodstock-festival-1969-video\/#primaryimage\"},\"thumbnailUrl\":\"https:\/\/vieassociative.be\/actualites\/wp-content\/uploads\/2025\/07\/1752070694_Il-y-a-40-ans-Live-Aid-en-juillet.jpg\",\"datePublished\":\"2025-07-09T14:18:13+00:00\",\"dateModified\":\"2025-07-09T14:18:13+00:00\",\"breadcrumb\":{\"@id\":\"https:\/\/vieassociative.be\/actualites\/il-y-a-40-ans-live-aid-en-juillet-1985-le-plus-grand-evenement-musical-depuis-le-woodstock-festival-1969-video\/#breadcrumb\"},\"inLanguage\":\"fr-BE\",\"potentialAction\":[{\"@type\":\"ReadAction\",\"target\":[\"https:\/\/vieassociative.be\/actualites\/il-y-a-40-ans-live-aid-en-juillet-1985-le-plus-grand-evenement-musical-depuis-le-woodstock-festival-1969-video\/\"]}]},{\"@type\":\"ImageObject\",\"inLanguage\":\"fr-BE\",\"@id\":\"https:\/\/vieassociative.be\/actualites\/il-y-a-40-ans-live-aid-en-juillet-1985-le-plus-grand-evenement-musical-depuis-le-woodstock-festival-1969-video\/#primaryimage\",\"url\":\"https:\/\/vieassociative.be\/actualites\/wp-content\/uploads\/2025\/07\/1752070694_Il-y-a-40-ans-Live-Aid-en-juillet.jpg\",\"contentUrl\":\"https:\/\/vieassociative.be\/actualites\/wp-content\/uploads\/2025\/07\/1752070694_Il-y-a-40-ans-Live-Aid-en-juillet.jpg\",\"width\":1200,\"height\":794,\"caption\":\"Il y a 40 ans \u00abLive Aid\u00bb - en juillet 1985 Le plus grand \u00e9v\u00e9nement musical depuis le Woodstock Festival 1969 (vid\u00e9o)\"},{\"@type\":\"BreadcrumbList\",\"@id\":\"https:\/\/vieassociative.be\/actualites\/il-y-a-40-ans-live-aid-en-juillet-1985-le-plus-grand-evenement-musical-depuis-le-woodstock-festival-1969-video\/#breadcrumb\",\"itemListElement\":[{\"@type\":\"ListItem\",\"position\":1,\"name\":\"Accueil\",\"item\":\"https:\/\/vieassociative.be\/actualites\/\"},{\"@type\":\"ListItem\",\"position\":2,\"name\":\"Il y a 40 ans \u00abLive Aid\u00bb &#8211; en juillet 1985 Le plus grand \u00e9v\u00e9nement musical depuis le Woodstock Festival 1969 (vid\u00e9o)\"}]},{\"@type\":\"WebSite\",\"@id\":\"https:\/\/vieassociative.be\/actualites\/#website\",\"url\":\"https:\/\/vieassociative.be\/actualites\/\",\"name\":\"Vie Associative\",\"description\":\"\",\"publisher\":{\"@id\":\"https:\/\/vieassociative.be\/actualites\/#organization\"},\"potentialAction\":[{\"@type\":\"SearchAction\",\"target\":{\"@type\":\"EntryPoint\",\"urlTemplate\":\"https:\/\/vieassociative.be\/actualites\/?s={search_term_string}\"},\"query-input\":{\"@type\":\"PropertyValueSpecification\",\"valueRequired\":true,\"valueName\":\"search_term_string\"}}],\"inLanguage\":\"fr-BE\"},{\"@type\":\"Organization\",\"@id\":\"https:\/\/vieassociative.be\/actualites\/#organization\",\"name\":\"Vie Associative\",\"url\":\"https:\/\/vieassociative.be\/actualites\/\",\"logo\":{\"@type\":\"ImageObject\",\"inLanguage\":\"fr-BE\",\"@id\":\"https:\/\/vieassociative.be\/actualites\/#\/schema\/logo\/image\/\",\"url\":\"https:\/\/vieassociative.be\/actualites\/wp-content\/uploads\/2024\/09\/cropped-vieassociative_favicon.ico.png\",\"contentUrl\":\"https:\/\/vieassociative.be\/actualites\/wp-content\/uploads\/2024\/09\/cropped-vieassociative_favicon.ico.png\",\"width\":512,\"height\":512,\"caption\":\"Vie Associative\"},\"image\":{\"@id\":\"https:\/\/vieassociative.be\/actualites\/#\/schema\/logo\/image\/\"}},{\"@type\":\"Person\",\"@id\":\"https:\/\/vieassociative.be\/actualites\/#\/schema\/person\/b87ac4f82f9d4e7b7cec7395b679edc4\",\"name\":\"Julien\",\"image\":{\"@type\":\"ImageObject\",\"inLanguage\":\"fr-BE\",\"@id\":\"https:\/\/vieassociative.be\/actualites\/#\/schema\/person\/image\/\",\"url\":\"https:\/\/vieassociative.be\/actualites\/wp-content\/uploads\/2024\/09\/vie-associative-1-150x150.jpg\",\"contentUrl\":\"https:\/\/vieassociative.be\/actualites\/wp-content\/uploads\/2024\/09\/vie-associative-1-150x150.jpg\",\"caption\":\"Julien\"},\"description\":\"Je suis Julien, r\u00e9dacteur pour Vie Associative. Passionn\u00e9 par le monde associatif depuis plus de 10 ans, j'ai \u00e0 c\u0153ur de partager des histoires inspirantes et de mettre en lumi\u00e8re les initiatives locales. Mon objectif est de sensibiliser et d'encourager l'engagement communautaire \u00e0 travers mes articles.\",\"sameAs\":[\"https:\/\/vieassociative.be\/\"]}]}<\/script>\n<!-- \/ Yoast SEO plugin. -->","yoast_head_json":{"title":"Il y a 40 ans \u00abLive Aid\u00bb - en juillet 1985 Le plus grand \u00e9v\u00e9nement musical depuis le Woodstock Festival 1969 (vid\u00e9o) | Vie Associative","robots":{"index":"index","follow":"follow","max-snippet":"max-snippet:-1","max-image-preview":"max-image-preview:large","max-video-preview":"max-video-preview:-1"},"canonical":"https:\/\/vieassociative.be\/actualites\/il-y-a-40-ans-live-aid-en-juillet-1985-le-plus-grand-evenement-musical-depuis-le-woodstock-festival-1969-video\/","og_locale":"fr_FR","og_type":"article","og_title":"Il y a 40 ans \u00abLive Aid\u00bb - en juillet 1985 Le plus grand \u00e9v\u00e9nement musical depuis le Woodstock Festival 1969 (vid\u00e9o) | Vie Associative","og_description":"C&rsquo;\u00e9tait un \u00e9v\u00e9nement de concert de superlatifs. Plus de 70 artistes ont jou\u00e9 \u00e0 Londres et \u00e0 Philadelphie. Plus de deux milliards de personnes ont","og_url":"https:\/\/vieassociative.be\/actualites\/il-y-a-40-ans-live-aid-en-juillet-1985-le-plus-grand-evenement-musical-depuis-le-woodstock-festival-1969-video\/","og_site_name":"Vie Associative","article_published_time":"2025-07-09T14:18:13+00:00","og_image":[{"width":279,"height":92,"url":"https:\/\/vieassociative.be\/actualites\/wp-content\/uploads\/2024\/09\/header_backgroundk-01-e1726694325946.png","type":"image\/png"}],"author":"Julien","twitter_card":"summary_large_image","twitter_misc":{"\u00c9crit par":"Julien","Dur\u00e9e de lecture est.":"6 minutes"},"schema":{"@context":"https:\/\/schema.org","@graph":[{"@type":"Article","@id":"https:\/\/vieassociative.be\/actualites\/il-y-a-40-ans-live-aid-en-juillet-1985-le-plus-grand-evenement-musical-depuis-le-woodstock-festival-1969-video\/#article","isPartOf":{"@id":"https:\/\/vieassociative.be\/actualites\/il-y-a-40-ans-live-aid-en-juillet-1985-le-plus-grand-evenement-musical-depuis-le-woodstock-festival-1969-video\/"},"author":{"name":"Julien","@id":"https:\/\/vieassociative.be\/actualites\/#\/schema\/person\/b87ac4f82f9d4e7b7cec7395b679edc4"},"headline":"Il y a 40 ans \u00abLive Aid\u00bb &#8211; en juillet 1985 Le plus grand \u00e9v\u00e9nement musical depuis le Woodstock Festival 1969 (vid\u00e9o)","datePublished":"2025-07-09T14:18:13+00:00","dateModified":"2025-07-09T14:18:13+00:00","mainEntityOfPage":{"@id":"https:\/\/vieassociative.be\/actualites\/il-y-a-40-ans-live-aid-en-juillet-1985-le-plus-grand-evenement-musical-depuis-le-woodstock-festival-1969-video\/"},"wordCount":1304,"publisher":{"@id":"https:\/\/vieassociative.be\/actualites\/#organization"},"image":{"@id":"https:\/\/vieassociative.be\/actualites\/il-y-a-40-ans-live-aid-en-juillet-1985-le-plus-grand-evenement-musical-depuis-le-woodstock-festival-1969-video\/#primaryimage"},"thumbnailUrl":"https:\/\/vieassociative.be\/actualites\/wp-content\/uploads\/2025\/07\/1752070694_Il-y-a-40-ans-Live-Aid-en-juillet.jpg","keywords":["Aid","ans","depuis","\u00e9v\u00e9nement","festival","grand","juillet","Live","musical","vid\u00e9o","Woodstock"],"articleSection":["Belgique"],"inLanguage":"fr-BE"},{"@type":"WebPage","@id":"https:\/\/vieassociative.be\/actualites\/il-y-a-40-ans-live-aid-en-juillet-1985-le-plus-grand-evenement-musical-depuis-le-woodstock-festival-1969-video\/","url":"https:\/\/vieassociative.be\/actualites\/il-y-a-40-ans-live-aid-en-juillet-1985-le-plus-grand-evenement-musical-depuis-le-woodstock-festival-1969-video\/","name":"Il y a 40 ans \u00abLive Aid\u00bb - en juillet 1985 Le plus grand \u00e9v\u00e9nement musical depuis le Woodstock Festival 1969 (vid\u00e9o) | Vie Associative","isPartOf":{"@id":"https:\/\/vieassociative.be\/actualites\/#website"},"primaryImageOfPage":{"@id":"https:\/\/vieassociative.be\/actualites\/il-y-a-40-ans-live-aid-en-juillet-1985-le-plus-grand-evenement-musical-depuis-le-woodstock-festival-1969-video\/#primaryimage"},"image":{"@id":"https:\/\/vieassociative.be\/actualites\/il-y-a-40-ans-live-aid-en-juillet-1985-le-plus-grand-evenement-musical-depuis-le-woodstock-festival-1969-video\/#primaryimage"},"thumbnailUrl":"https:\/\/vieassociative.be\/actualites\/wp-content\/uploads\/2025\/07\/1752070694_Il-y-a-40-ans-Live-Aid-en-juillet.jpg","datePublished":"2025-07-09T14:18:13+00:00","dateModified":"2025-07-09T14:18:13+00:00","breadcrumb":{"@id":"https:\/\/vieassociative.be\/actualites\/il-y-a-40-ans-live-aid-en-juillet-1985-le-plus-grand-evenement-musical-depuis-le-woodstock-festival-1969-video\/#breadcrumb"},"inLanguage":"fr-BE","potentialAction":[{"@type":"ReadAction","target":["https:\/\/vieassociative.be\/actualites\/il-y-a-40-ans-live-aid-en-juillet-1985-le-plus-grand-evenement-musical-depuis-le-woodstock-festival-1969-video\/"]}]},{"@type":"ImageObject","inLanguage":"fr-BE","@id":"https:\/\/vieassociative.be\/actualites\/il-y-a-40-ans-live-aid-en-juillet-1985-le-plus-grand-evenement-musical-depuis-le-woodstock-festival-1969-video\/#primaryimage","url":"https:\/\/vieassociative.be\/actualites\/wp-content\/uploads\/2025\/07\/1752070694_Il-y-a-40-ans-Live-Aid-en-juillet.jpg","contentUrl":"https:\/\/vieassociative.be\/actualites\/wp-content\/uploads\/2025\/07\/1752070694_Il-y-a-40-ans-Live-Aid-en-juillet.jpg","width":1200,"height":794,"caption":"Il y a 40 ans \u00abLive Aid\u00bb - en juillet 1985 Le plus grand \u00e9v\u00e9nement musical depuis le Woodstock Festival 1969 (vid\u00e9o)"},{"@type":"BreadcrumbList","@id":"https:\/\/vieassociative.be\/actualites\/il-y-a-40-ans-live-aid-en-juillet-1985-le-plus-grand-evenement-musical-depuis-le-woodstock-festival-1969-video\/#breadcrumb","itemListElement":[{"@type":"ListItem","position":1,"name":"Accueil","item":"https:\/\/vieassociative.be\/actualites\/"},{"@type":"ListItem","position":2,"name":"Il y a 40 ans \u00abLive Aid\u00bb &#8211; en juillet 1985 Le plus grand \u00e9v\u00e9nement musical depuis le Woodstock Festival 1969 (vid\u00e9o)"}]},{"@type":"WebSite","@id":"https:\/\/vieassociative.be\/actualites\/#website","url":"https:\/\/vieassociative.be\/actualites\/","name":"Vie Associative","description":"","publisher":{"@id":"https:\/\/vieassociative.be\/actualites\/#organization"},"potentialAction":[{"@type":"SearchAction","target":{"@type":"EntryPoint","urlTemplate":"https:\/\/vieassociative.be\/actualites\/?s={search_term_string}"},"query-input":{"@type":"PropertyValueSpecification","valueRequired":true,"valueName":"search_term_string"}}],"inLanguage":"fr-BE"},{"@type":"Organization","@id":"https:\/\/vieassociative.be\/actualites\/#organization","name":"Vie Associative","url":"https:\/\/vieassociative.be\/actualites\/","logo":{"@type":"ImageObject","inLanguage":"fr-BE","@id":"https:\/\/vieassociative.be\/actualites\/#\/schema\/logo\/image\/","url":"https:\/\/vieassociative.be\/actualites\/wp-content\/uploads\/2024\/09\/cropped-vieassociative_favicon.ico.png","contentUrl":"https:\/\/vieassociative.be\/actualites\/wp-content\/uploads\/2024\/09\/cropped-vieassociative_favicon.ico.png","width":512,"height":512,"caption":"Vie Associative"},"image":{"@id":"https:\/\/vieassociative.be\/actualites\/#\/schema\/logo\/image\/"}},{"@type":"Person","@id":"https:\/\/vieassociative.be\/actualites\/#\/schema\/person\/b87ac4f82f9d4e7b7cec7395b679edc4","name":"Julien","image":{"@type":"ImageObject","inLanguage":"fr-BE","@id":"https:\/\/vieassociative.be\/actualites\/#\/schema\/person\/image\/","url":"https:\/\/vieassociative.be\/actualites\/wp-content\/uploads\/2024\/09\/vie-associative-1-150x150.jpg","contentUrl":"https:\/\/vieassociative.be\/actualites\/wp-content\/uploads\/2024\/09\/vie-associative-1-150x150.jpg","caption":"Julien"},"description":"Je suis Julien, r\u00e9dacteur pour Vie Associative. Passionn\u00e9 par le monde associatif depuis plus de 10 ans, j'ai \u00e0 c\u0153ur de partager des histoires inspirantes et de mettre en lumi\u00e8re les initiatives locales. Mon objectif est de sensibiliser et d'encourager l'engagement communautaire \u00e0 travers mes articles.","sameAs":["https:\/\/vieassociative.be\/"]}]}},"_links":{"self":[{"href":"https:\/\/vieassociative.be\/actualites\/wp-json\/wp\/v2\/posts\/8633"}],"collection":[{"href":"https:\/\/vieassociative.be\/actualites\/wp-json\/wp\/v2\/posts"}],"about":[{"href":"https:\/\/vieassociative.be\/actualites\/wp-json\/wp\/v2\/types\/post"}],"author":[{"embeddable":true,"href":"https:\/\/vieassociative.be\/actualites\/wp-json\/wp\/v2\/users\/1"}],"replies":[{"embeddable":true,"href":"https:\/\/vieassociative.be\/actualites\/wp-json\/wp\/v2\/comments?post=8633"}],"version-history":[{"count":0,"href":"https:\/\/vieassociative.be\/actualites\/wp-json\/wp\/v2\/posts\/8633\/revisions"}],"wp:featuredmedia":[{"embeddable":true,"href":"https:\/\/vieassociative.be\/actualites\/wp-json\/wp\/v2\/media\/8634"}],"wp:attachment":[{"href":"https:\/\/vieassociative.be\/actualites\/wp-json\/wp\/v2\/media?parent=8633"}],"wp:term":[{"taxonomy":"category","embeddable":true,"href":"https:\/\/vieassociative.be\/actualites\/wp-json\/wp\/v2\/categories?post=8633"},{"taxonomy":"post_tag","embeddable":true,"href":"https:\/\/vieassociative.be\/actualites\/wp-json\/wp\/v2\/tags?post=8633"}],"curies":[{"name":"wp","href":"https:\/\/api.w.org\/{rel}","templated":true}]}}