{"id":8626,"date":"2025-07-09T07:17:24","date_gmt":"2025-07-09T05:17:24","guid":{"rendered":"https:\/\/vieassociative.be\/actualites\/cette-tablette-a-dessin-ma-fait-souhaiter-que-je-sois-un-meilleur-artiste-et-cest-41-de-reduction-pour-prime-day\/"},"modified":"2025-07-09T07:17:24","modified_gmt":"2025-07-09T05:17:24","slug":"cette-tablette-a-dessin-ma-fait-souhaiter-que-je-sois-un-meilleur-artiste-et-cest-41-de-reduction-pour-prime-day","status":"publish","type":"post","link":"https:\/\/vieassociative.be\/actualites\/cette-tablette-a-dessin-ma-fait-souhaiter-que-je-sois-un-meilleur-artiste-et-cest-41-de-reduction-pour-prime-day\/","title":{"rendered":"Cette tablette \u00e0 dessin m&rsquo;a fait souhaiter que je sois un meilleur artiste, et c&rsquo;est 41% de r\u00e9duction pour Prime Day"},"content":{"rendered":"<div class=\"mt-4 leading-6 md:mb-8\">Cette chose m&rsquo;a donn\u00e9 envie de m&rsquo;inscrire \u00e0 un cours de dessin d\u00e8s que possible.<\/div>\n<p><\/p>\n<p><em>Prime Day 2025 est l\u00e0 du mardi 8 juillet au vendredi 11 juillet et Vie Associative partage les meilleures ventes en fonction des avis de produits, des comparaisons et des outils de suivi des prix. <\/em><\/p>\n<ul>\n<li>\n<p><em>Suivez notre blog en direct<\/em><em>  Pour rester \u00e0 jour sur les meilleures ventes que nous trouvons.<\/em><\/p>\n<\/li>\n<li>\n<p><em>Parcourez les choix de nos \u00e9diteurs pour une liste organis\u00e9e de nos ventes pr\u00e9f\u00e9r\u00e9es sur les ordinateurs portables, la technologie de fitness, les appareils \u00e9lectrom\u00e9nagers, etc. <\/em><\/p>\n<\/li>\n<li>\n<p><em>Abonnez-vous \u00e0 notre newsletter shopping<\/em><em>Ajouter au panier, pour les meilleures ventes envoy\u00e9es dans votre bo\u00eete de r\u00e9ception.<\/em><\/p>\n<\/li>\n<\/ul>\n<p><em>Nouveau \u00e0 Prime Day? Nous avons un appr\u00eat sur tout ce que vous devez savoir<\/em><em>. Les ventes sont exactes au moment de la publication, mais les prix et les stocks sont toujours susceptibles de changer.<\/em><\/p>\n<hr>\n<p>En d\u00e9pit d&rsquo;\u00eatre une personne assez non organis\u00e9e, j&rsquo;ai pass\u00e9 l&rsquo;ann\u00e9e derni\u00e8re <em>vouloir<\/em> \u00eatre le genre de personne qui garde et organise r\u00e9ellement ses notes. Bien que je m&rsquo;attende \u00e0 placer le pav\u00e9 de note magique XP-Pen dans cette cat\u00e9gorie &#8211; c&rsquo;est une tablette Android LED avec trois modes d&rsquo;\u00e9cran qui pr\u00e9tendent le faire passer de la couleur en mode E-INK, le transformant d&rsquo;un cahier, en un lecteur multim\u00e9dia, en une lecture \u00e9lectronique &#8211; il est en fait le plus impressionnant en tant que tablette de dessin.<\/p>\n<p>Malheureusement, je ne peux pas non plus dessiner. Mais cette chose m&rsquo;a fait souhaiter pouvoir. Et en ce moment, bien qu&rsquo;il soit marqu\u00e9 de 41% pour Prime Day, de 440 $ \u00e0 260 $, je le recommanderais \u00e0 tous ceux qui le peuvent.<\/p>\n<div class=\"pogoClear mb-12 mt-10 rounded-md border-2 border-gray-100 py-7 shadow-xl md:py-6\">\n<div class=\"flex flex-wrap justify-between px-7 text-black no-underline md:flex-nowrap md:px-8\">\n<div class=\"order-1 mx-auto flex flex-col justify-center md:order-2 md:ml-4 md:w-full md:grow\">\n<div class=\"block cursor-pointer text-center font-akshar text-2xl font-medium leading-7 text-brand-green duration-200 ease-in-out hover:text-brand-green-700 md:text-left md:text-xl md:leading-6\">Pad de note magique XP-Pen\n                <\/div>\n<div class=\"mt-4 hidden md:flex md:justify-between\">\n<div class=\"self-end\">\n<div class=\"mb-0 h-11 md:flex md:flex-col md:justify-center\">\n<div class=\" font-sans leading-4 text-black\">\n<div class=\"flex flex-wrap items-center justify-center gap-x-1 md:justify-start\">\n        <span class=\"font-bold\"><\/p>\n<p>            259,99 $<br \/>\n                            <span class=\"font-medium\">\u00e0 Amazon<\/span><br \/>\n                    <\/span>\n            <\/div>\n<div class=\"flex items-center justify-center gap-x-1 font-bold md:justify-start\">\n            <span class=\"text-sm line-through\">439,99 $<\/span><br \/>\n            <span class=\"text-sm text-brand-green\">\u00c9conomisez 180,00 $<\/span>\n        <\/div>\n<\/p><\/div>\n<\/p><\/div>\n<\/p><\/div>\n<div class=\"w-44 self-end\">\n                            <button class=\"flex justify-center items-center w-full bg-brand-green text-white text-base font-sans font-medium rounded-md hover:bg-brand-green-700 hover:cursor-pointer md:text-sm h-11\"><\/p>\n<p>    Conclure un accord<br \/>\n<\/button>\n                        <\/div>\n<\/p><\/div>\n<\/p><\/div>\n<div class=\"order-2 mt-5 h-auto w-full md:order-1 md:mt-0 md:hidden\">\n<div class=\"flex aspect-video items-center justify-center\">\n                                            <img decoding=\"async\" class=\"m-0 max-h-full max-w-full rounded-md\" src=\"https:\/\/vieassociative.be\/actualites\/wp-content\/uploads\/2025\/07\/Cette-tablette-a-dessin-ma-fait-souhaiter-que-je-sois.jpg\" alt=\"Bloc-notes de magie XP-Pen\" width=\"auto\" height=\"auto\" loading=\"lazy\">\n                                    <\/div>\n<\/p><\/div>\n<div class=\"order-2 ml-2 hidden w-32 shrink-0 items-center md:order-1 md:ml-0 md:flex\">\n<div class=\"flex aspect-video items-center justify-center\">\n                                            <img decoding=\"async\" class=\"m-0 max-h-full max-w-full rounded-md\" src=\"https:\/\/vieassociative.be\/actualites\/wp-content\/uploads\/2025\/07\/Cette-tablette-a-dessin-ma-fait-souhaiter-que-je-sois.jpg\" alt=\"Bloc-notes de magie XP-Pen\" width=\"auto\" height=\"auto\" loading=\"lazy\">\n                                    <\/div>\n<\/p><\/div>\n<div class=\"order-3 flex grow flex-wrap md:hidden md:grow-0\">\n<div class=\"mt-4 w-full\">\n                        <button class=\"flex justify-center items-center w-full bg-brand-green text-white text-base font-sans font-medium rounded-md hover:bg-brand-green-700 hover:cursor-pointer md:text-sm h-11\"><\/p>\n<p>    Conclure un accord<br \/>\n<\/button>\n                    <\/div>\n<div class=\"mx-2 mt-4 w-full\">\n<div class=\" font-sans leading-4 text-black\">\n<div class=\"flex flex-wrap items-center justify-center gap-x-1 md:justify-start\">\n        <span class=\"font-bold\"><\/p>\n<p>            259,99 $<br \/>\n                            <span class=\"font-medium\">\u00e0 Amazon<\/span><br \/>\n                    <\/span>\n            <\/div>\n<div class=\"flex items-center justify-center gap-x-1 font-bold md:justify-start\">\n            <span class=\"text-sm line-through\">439,99 $<\/span><br \/>\n            <span class=\"text-sm text-brand-green\">\u00c9conomisez 180,00 $<\/span>\n        <\/div>\n<\/p><\/div>\n<\/p><\/div>\n<\/p><\/div>\n<\/p><\/div>\n<\/div>\n<h2 id=\"three-screens-in-one-sort-of\">Trois \u00e9crans en un, en quelque sorte<\/h2>\n<p>En apparence, le plus grand argument de vente du Magic Note Pad est son \u00e9cran \u00ab\u00a0X-Paper\u00a0\u00bb (qui semble \u00eatre une version rebaptis\u00e9e de l&rsquo;\u00e9cran NXTPaper de TCL), qui a une r\u00e9solution de 1920 x 1200, un taux de rafra\u00eechissement rapide de 90 Hz et un taux de rafra\u00eechissement maximal de 400 nits de luminosit\u00e9 (en comparaison, l&rsquo;iPad d&rsquo;entr\u00e9e de gamme offre un taux de refroidissement de 60 Hz et 500 nits de brillance). Il a une surface grav\u00e9e pour r\u00e9duire l&rsquo;\u00e9blouissement ainsi que trois modes de couleurs diff\u00e9rents, contr\u00f4l\u00e9s au niveau du syst\u00e8me d&rsquo;exploitation, qui sont cens\u00e9s le faire passer de la tablette LED \u00e0 pleine couleur \u00e0 un lecteur \u00e9lectronique noir et blanc.<\/p>\n<p>Il y a un bouton d\u00e9di\u00e9 en haut de l&rsquo;appareil qui vous permet de choisir entre:<\/p>\n<ul>\n<li>\n<p><strong>Mode de couleur de la nature<\/strong>ou la norme que vous attendez de tout \u00e9cran LED<\/p>\n<\/li>\n<li>\n<p><strong>Mode de couleur claire<\/strong>ce qui rend les blancs brillants plus cr\u00e9meux et mue d&rsquo;autres couleurs, semblable \u00e0 l&rsquo;effet de la lecture sur le papier journal (ou un lecteur de couleur e-lik comme le <strong>Kindle Colorsoft<\/strong>)<\/p>\n<\/li>\n<li>\n<p><strong>Mode papier d&rsquo;encre<\/strong>qui pr\u00e9tend reproduire un affichage en enceinte \u00e9lectronique en niveaux de gris<\/p>\n<\/li>\n<\/ul>\n<p>Si vous savez quelque chose sur les diff\u00e9rentes technologies impliqu\u00e9es, vous verrez qu&rsquo;il est assez impossible qu&rsquo;un \u00e9cran LED r\u00e9tro-\u00e9clair\u00e9 se transforme en un \u00e9cran E-INK simplement en jouant avec les param\u00e8tres de couleur. L&rsquo;appareil est certifi\u00e9 T\u00fcv S\u00fcd Low Blue Light, indiquant qu&rsquo;il r\u00e9duit la lumi\u00e8re bleue de 25%. Il comporte \u00e9galement un papier comme la certification d&rsquo;affichage, ce qui, je suppose, signifie qu&rsquo;il ressemble plus au papier que les autres \u00e9crans LED, offrant une \u00ab\u00a0exp\u00e9rience de lecture plus confortable et naturelle\u00a0\u00bb. L&rsquo;\u00e9cran grav\u00e9 r\u00e9duit les reflets, et la lecture en mode papier d&rsquo;encre taxera un peu moins vos yeux si vous lisez dans une pi\u00e8ce sombre, mais prenez-la dehors, et il est incontestablement encore une tablette LED &#8211; vous ne pouvez pas lire par magie dans la lumi\u00e8re directe du soleil simplement en changeant le mode d&rsquo;affichage.<\/p>\n<h2 id=\"artists-really-love-it\">Les artistes l&rsquo;adorent vraiment<\/h2>\n<p>Le vrai tirage du Pad Magic Note (sans jeu de mots) est en fait moins de productivit\u00e9 et plus artistique: une tonne d&rsquo;artistes num\u00e9riques l&rsquo;a examin\u00e9 sur Reddit et YouTube, et ils le louent uniform\u00e9ment pour son stylet super r\u00e9actif, qui offre quatre fois la sensibilit\u00e9 \u00e0 la pression d&rsquo;un crayon de pomme &#8211; 16,384 pression de pression pour le crayon de pomme XP-p\u00e9n, Versus Versus a More 4,096 niveaux de pression pour le crayon de pomme XP-pen.<\/p>\n<div class=\"pogoClear relative my-10 border-b-(1.5px) border-t-(1.5px) border-dashed border-black py-5 sm:my-14 sm:border-0 sm:py-0\" data-ga-click data-ga-template=\"Deals\" data-ga-module=\"openweb_widget\" data-ga-element=\"openweb_scroll\" data-ga-item=\"openweb_scroll_midpage\" x-data=\"{\n         commentsCount: null,\n         hasComments: false,\n         async fetchCommentsCount() {\n             try {\n                 if (window.openweb &amp;&amp; typeof window.openweb.getMessagesCount === 'function') {\n                     this.commentsCount = await window.openweb.getMessagesCount('01JZKC17VFN1K2TTXGMAV9VKNG');\n                     this.hasComments = this.commentsCount !== null &amp;&amp; this.commentsCount &gt; 0;\n                 }\n             } catch (e) {\n                 console.warn('Failed to fetch comment count:', e);\n             }\n         }\n     }\" x-init=\"fetchCommentsCount()\" x-cloak><\/p>\n<div class=\"absolute top-1\/2 hidden w-full -translate-y-1\/2 border-t-(1.5px) border-dashed border-black sm:block\"><\/div>\n<div class=\"relative flex justify-center\">\n<div class=\"flex max-w-fit items-center gap-x-3 bg-white px-5\">\n<div class=\"relative\">\n                <span class=\"absolute left-1\/2 top-1\/2 -translate-x-1\/2 -translate-y-1\/2 font-akshar text-sm font-medium text-black\" aria-live=\"polite\" x-show=\"hasComments\" x-text=\"commentsCount\"><\/span><\/p>\n<p>                <svg class=\"h-8 w-8 text-black\" role=\"img\" aria-hidden=\"true\">\n                    <use href=\"http:\/\/lifehacker.com\/images\/icons\/spritemap.svg#sprite-chat-bubble\"><\/use>\n                <\/svg>\n            <\/div>\n<p>            <span class=\"text-sm font-medium text-black\"><\/p>\n<p>                Que pensez-vous jusqu&rsquo;\u00e0 pr\u00e9sent?<br \/>\n                <button class=\"ml-1 font-semibold text-brand-green underline hover:text-brand-green-700\" type=\"button\" aria-label=\"Comment section trigger\" onclick=\"window.openweb.scrollToComments('01JZKC17VFN1K2TTXGMAV9VKNG')\" x-text=\"hasComments ? 'Post a comment.' : 'Be the first to post a comment.'\"><\/button><br \/>\n            <\/span>\n        <\/div>\n<\/p><\/div>\n<\/div>\n<p>Plus de niveaux de pression vous donne plus de contr\u00f4le sur ce qui se termine r\u00e9ellement \u00e0 l&rsquo;\u00e9cran, vous pouvez donc esquisser et \u00ab\u00a0peindre\u00a0\u00bb avec beaucoup plus de pr\u00e9cision &#8211; vous donnant tout le contr\u00f4le que vous auriez dans le monde r\u00e9el dans un environnement num\u00e9rique. Il suffit de me donner envie de m&rsquo;inscrire \u00e0 un cours de dessin.<\/p>\n<h2 id=\"a-good-value-even-as-a-media-tablet\">Une bonne valeur m\u00eame en tant que tablette multim\u00e9dia<\/h2>\n<p>\u00c0 la remise actuelle de 41%, le PAD Magic Note passe d&rsquo;un \u00ab\u00a0artistes\u00a0\u00bb seulement \u00ab\u00a0440 $ \u00e0 260 $ plus convivial, ce qui est une affaire d\u00e9cente m\u00eame si tout ce que vous recherchez est un stylet sup\u00e9rieur \u00e0 la moyenne, le stylet prenant en charge la tablette Android \u00e0 utiliser comme ordinateur de carnet \/ e-re-leader et pour diffuser des m\u00e9dias. Il dispose d&rsquo;un processeur octa-core MediaTek MT8781, qui semble \u00eatre une puce de milieu de gamme fiable, avec 6 Go de RAM et 128 Go de stockage, et une batterie de 8000 mAh, qui durera quelques jours entre les charges en fonction de l&rsquo;utilisation typique. Il y a aussi une cam\u00e9ra frontale pour les appels vid\u00e9o. <\/p>\n<p>En bref, si vous voulez une tablette pour le dessin et que vous transpirez sur le co\u00fbt combin\u00e9 d&rsquo;un iPad et d&rsquo;un pomme de pomme, voici une excellente occasion d&rsquo;\u00e9conomiser de l&rsquo;argent.<\/p>\n<hr>\n<p><em>Vous cherchez autre chose? Des d\u00e9taillants comme Walmart, Best Buy et Home Depot ont des ventes de concurrence de premier ordre qui sont particuli\u00e8rement utiles si vous n&rsquo;avez pas Amazon Prime.<\/em><\/p>\n<ul>\n<li>\n<p><strong><em>Vente de concours de premier jour de Walmart<\/em><\/strong><em>  commence \u00e0 minuit le 8 juillet et comprendra des offres jusqu&rsquo;\u00e0 50% de r\u00e9duction<\/em><em>. C&rsquo;est une option particuli\u00e8rement bonne si vous avez Walmart +. <\/em><\/p>\n<\/li>\n<li>\n<p><strong><em>Vente de concours de grande journ\u00e9e de Best Buy<\/em><\/strong><em>\u00abBlack Friday de juillet\u00bb, se d\u00e9roule jusqu&rsquo;au dimanche 13 juillet et a certaines des meilleures ventes technologiques en ligne<\/em><em>. C&rsquo;est une option particuli\u00e8rement bonne si vous \u00eates un membre \u00abplus\u00bb ou \u00abtotal\u00bb de mon meilleur achat.<\/em><\/p>\n<\/li>\n<li>\n<p><strong><em>Home Depot a prolong\u00e9 sa vente du 4 juillet<\/em><\/strong><em>  \u00e0 travers au moins le 9 juillet, en rivalisant avec ses propres offres incroyables<\/em><em>. C&rsquo;est une option particuli\u00e8rement bonne si vous recherchez des outils \u00e9lectriques, des appareils \u00e9lectrom\u00e9nagers ou des \u00e9quipements en plein air.<\/em><\/p>\n<\/li>\n<\/ul>\n<div class=\" relative flex justify-center py-16 md:left-1\/2 md:w-(780px) md:max-w-max md:-translate-x-1\/2\" x-data=\"{ showAll: false }\">\n<div class=\"w-max text-center sm:text-left\">\n<div class=\"flex flex-col items-center justify-between text-black sm:flex-row sm:px-6\">\n                <span class=\"text-xs italic sm:ml-7 sm:text-sm\">Les offres sont s\u00e9lectionn\u00e9es par notre \u00e9quipe de commerce<\/span><\/p>\n<p>                                    <button class=\"mt-3 flex items-center gap-1 text-center font-akshar font-medium uppercase sm:mt-0 sm:text-sm\" type=\"button\" x-on:click=\"showAll=!showAll\"><br \/>\n                        <span x-show=\"!showAll\"><\/p>\n<p>                            Voir 1 de plus<br \/>\n                        <\/span><\/p>\n<p>                        <span x-show=\"showAll\"><\/p>\n<p>                            Voir 1 de moins<br \/>\n                        <\/span><\/p>\n<p>                        <svg class=\"block size-3 fill-current text-brand-green\" :class=\"{ 'rotate-180': showAll }\">\n                            <use href=\"http:\/\/lifehacker.com\/images\/icons\/spritemap.svg#sprite-chevron-down\"><\/use>\n                        <\/svg><br \/>\n                    <\/button>\n                            <\/div>\n<\/p><\/div>\n<\/p><\/div>\n","protected":false},"excerpt":{"rendered":"<p>Cette chose m&rsquo;a donn\u00e9 envie de m&rsquo;inscrire \u00e0 un cours de dessin d\u00e8s que possible. Prime Day 2025 est l\u00e0 du mardi 8 juillet au<\/p>\n","protected":false},"author":1,"featured_media":8627,"comment_status":"","ping_status":"","sticky":false,"template":"","format":"standard","meta":{"footnotes":""},"categories":[13],"tags":[7672,362,206,347,7670,635,579,81,346,308,2576,7671,3228],"class_list":["post-8626","post","type-post","status-publish","format-standard","has-post-thumbnail","hentry","category-technologie","tag-artiste","tag-cest","tag-cette","tag-day","tag-dessin","tag-fait","tag-meilleur","tag-pour","tag-prime","tag-reduction","tag-sois","tag-souhaiter","tag-tablette","generate-columns","tablet-grid-50","mobile-grid-100","grid-parent","grid-33"],"yoast_head":"<!-- This site is optimized with the Yoast SEO plugin v24.0 - https:\/\/yoast.com\/wordpress\/plugins\/seo\/ -->\n<title>Cette tablette \u00e0 dessin m&#039;a fait souhaiter que je sois un meilleur artiste, et c&#039;est 41% de r\u00e9duction pour Prime Day | Vie Associative<\/title>\n<meta name=\"robots\" content=\"index, follow, max-snippet:-1, max-image-preview:large, max-video-preview:-1\" \/>\n<link rel=\"canonical\" href=\"https:\/\/vieassociative.be\/actualites\/cette-tablette-a-dessin-ma-fait-souhaiter-que-je-sois-un-meilleur-artiste-et-cest-41-de-reduction-pour-prime-day\/\" \/>\n<meta property=\"og:locale\" content=\"fr_FR\" \/>\n<meta property=\"og:type\" content=\"article\" \/>\n<meta property=\"og:title\" content=\"Cette tablette \u00e0 dessin m&#039;a fait souhaiter que je sois un meilleur artiste, et c&#039;est 41% de r\u00e9duction pour Prime Day | Vie Associative\" \/>\n<meta property=\"og:description\" content=\"Cette chose m&rsquo;a donn\u00e9 envie de m&rsquo;inscrire \u00e0 un cours de dessin d\u00e8s que possible. Prime Day 2025 est l\u00e0 du mardi 8 juillet au\" \/>\n<meta property=\"og:url\" content=\"https:\/\/vieassociative.be\/actualites\/cette-tablette-a-dessin-ma-fait-souhaiter-que-je-sois-un-meilleur-artiste-et-cest-41-de-reduction-pour-prime-day\/\" \/>\n<meta property=\"og:site_name\" content=\"Vie Associative\" \/>\n<meta property=\"article:published_time\" content=\"2025-07-09T05:17:24+00:00\" \/>\n<meta property=\"og:image\" content=\"https:\/\/vieassociative.be\/actualites\/wp-content\/uploads\/2025\/07\/Cette-tablette-a-dessin-ma-fait-souhaiter-que-je-sois.jpg\" \/>\n<meta name=\"author\" content=\"Julien\" \/>\n<meta name=\"twitter:card\" content=\"summary_large_image\" \/>\n<meta name=\"twitter:label1\" content=\"\u00c9crit par\" \/>\n\t<meta name=\"twitter:data1\" content=\"Julien\" \/>\n\t<meta name=\"twitter:label2\" content=\"Dur\u00e9e de lecture est.\" \/>\n\t<meta name=\"twitter:data2\" content=\"6 minutes\" \/>\n<script type=\"application\/ld+json\" class=\"yoast-schema-graph\">{\"@context\":\"https:\/\/schema.org\",\"@graph\":[{\"@type\":\"Article\",\"@id\":\"https:\/\/vieassociative.be\/actualites\/cette-tablette-a-dessin-ma-fait-souhaiter-que-je-sois-un-meilleur-artiste-et-cest-41-de-reduction-pour-prime-day\/#article\",\"isPartOf\":{\"@id\":\"https:\/\/vieassociative.be\/actualites\/cette-tablette-a-dessin-ma-fait-souhaiter-que-je-sois-un-meilleur-artiste-et-cest-41-de-reduction-pour-prime-day\/\"},\"author\":{\"name\":\"Julien\",\"@id\":\"https:\/\/vieassociative.be\/actualites\/#\/schema\/person\/b87ac4f82f9d4e7b7cec7395b679edc4\"},\"headline\":\"Cette tablette \u00e0 dessin m&rsquo;a fait souhaiter que je sois un meilleur artiste, et c&rsquo;est 41% de r\u00e9duction pour Prime Day\",\"datePublished\":\"2025-07-09T05:17:24+00:00\",\"dateModified\":\"2025-07-09T05:17:24+00:00\",\"mainEntityOfPage\":{\"@id\":\"https:\/\/vieassociative.be\/actualites\/cette-tablette-a-dessin-ma-fait-souhaiter-que-je-sois-un-meilleur-artiste-et-cest-41-de-reduction-pour-prime-day\/\"},\"wordCount\":1195,\"publisher\":{\"@id\":\"https:\/\/vieassociative.be\/actualites\/#organization\"},\"image\":{\"@id\":\"https:\/\/vieassociative.be\/actualites\/cette-tablette-a-dessin-ma-fait-souhaiter-que-je-sois-un-meilleur-artiste-et-cest-41-de-reduction-pour-prime-day\/#primaryimage\"},\"thumbnailUrl\":\"https:\/\/vieassociative.be\/actualites\/wp-content\/uploads\/2025\/07\/Cette-tablette-a-dessin-ma-fait-souhaiter-que-je-sois.png\",\"keywords\":[\"artiste\",\"cest\",\"cette\",\"Day\",\"dessin\",\"fait\",\"meilleur\",\"pour\",\"Prime\",\"r\u00e9duction\",\"sois\",\"souhaiter\",\"tablette\"],\"articleSection\":[\"Technologie\"],\"inLanguage\":\"fr-BE\"},{\"@type\":\"WebPage\",\"@id\":\"https:\/\/vieassociative.be\/actualites\/cette-tablette-a-dessin-ma-fait-souhaiter-que-je-sois-un-meilleur-artiste-et-cest-41-de-reduction-pour-prime-day\/\",\"url\":\"https:\/\/vieassociative.be\/actualites\/cette-tablette-a-dessin-ma-fait-souhaiter-que-je-sois-un-meilleur-artiste-et-cest-41-de-reduction-pour-prime-day\/\",\"name\":\"Cette tablette \u00e0 dessin m'a fait souhaiter que je sois un meilleur artiste, et c'est 41% de r\u00e9duction pour Prime Day | Vie Associative\",\"isPartOf\":{\"@id\":\"https:\/\/vieassociative.be\/actualites\/#website\"},\"primaryImageOfPage\":{\"@id\":\"https:\/\/vieassociative.be\/actualites\/cette-tablette-a-dessin-ma-fait-souhaiter-que-je-sois-un-meilleur-artiste-et-cest-41-de-reduction-pour-prime-day\/#primaryimage\"},\"image\":{\"@id\":\"https:\/\/vieassociative.be\/actualites\/cette-tablette-a-dessin-ma-fait-souhaiter-que-je-sois-un-meilleur-artiste-et-cest-41-de-reduction-pour-prime-day\/#primaryimage\"},\"thumbnailUrl\":\"https:\/\/vieassociative.be\/actualites\/wp-content\/uploads\/2025\/07\/Cette-tablette-a-dessin-ma-fait-souhaiter-que-je-sois.png\",\"datePublished\":\"2025-07-09T05:17:24+00:00\",\"dateModified\":\"2025-07-09T05:17:24+00:00\",\"breadcrumb\":{\"@id\":\"https:\/\/vieassociative.be\/actualites\/cette-tablette-a-dessin-ma-fait-souhaiter-que-je-sois-un-meilleur-artiste-et-cest-41-de-reduction-pour-prime-day\/#breadcrumb\"},\"inLanguage\":\"fr-BE\",\"potentialAction\":[{\"@type\":\"ReadAction\",\"target\":[\"https:\/\/vieassociative.be\/actualites\/cette-tablette-a-dessin-ma-fait-souhaiter-que-je-sois-un-meilleur-artiste-et-cest-41-de-reduction-pour-prime-day\/\"]}]},{\"@type\":\"ImageObject\",\"inLanguage\":\"fr-BE\",\"@id\":\"https:\/\/vieassociative.be\/actualites\/cette-tablette-a-dessin-ma-fait-souhaiter-que-je-sois-un-meilleur-artiste-et-cest-41-de-reduction-pour-prime-day\/#primaryimage\",\"url\":\"https:\/\/vieassociative.be\/actualites\/wp-content\/uploads\/2025\/07\/Cette-tablette-a-dessin-ma-fait-souhaiter-que-je-sois.png\",\"contentUrl\":\"https:\/\/vieassociative.be\/actualites\/wp-content\/uploads\/2025\/07\/Cette-tablette-a-dessin-ma-fait-souhaiter-que-je-sois.png\",\"width\":1200,\"height\":675,\"caption\":\"Cette tablette \u00e0 dessin m'a fait souhaiter que je sois un meilleur artiste, et c'est 41% de r\u00e9duction pour Prime Day\"},{\"@type\":\"BreadcrumbList\",\"@id\":\"https:\/\/vieassociative.be\/actualites\/cette-tablette-a-dessin-ma-fait-souhaiter-que-je-sois-un-meilleur-artiste-et-cest-41-de-reduction-pour-prime-day\/#breadcrumb\",\"itemListElement\":[{\"@type\":\"ListItem\",\"position\":1,\"name\":\"Accueil\",\"item\":\"https:\/\/vieassociative.be\/actualites\/\"},{\"@type\":\"ListItem\",\"position\":2,\"name\":\"Cette tablette \u00e0 dessin m&rsquo;a fait souhaiter que je sois un meilleur artiste, et c&rsquo;est 41% de r\u00e9duction pour Prime Day\"}]},{\"@type\":\"WebSite\",\"@id\":\"https:\/\/vieassociative.be\/actualites\/#website\",\"url\":\"https:\/\/vieassociative.be\/actualites\/\",\"name\":\"Vie Associative\",\"description\":\"\",\"publisher\":{\"@id\":\"https:\/\/vieassociative.be\/actualites\/#organization\"},\"potentialAction\":[{\"@type\":\"SearchAction\",\"target\":{\"@type\":\"EntryPoint\",\"urlTemplate\":\"https:\/\/vieassociative.be\/actualites\/?s={search_term_string}\"},\"query-input\":{\"@type\":\"PropertyValueSpecification\",\"valueRequired\":true,\"valueName\":\"search_term_string\"}}],\"inLanguage\":\"fr-BE\"},{\"@type\":\"Organization\",\"@id\":\"https:\/\/vieassociative.be\/actualites\/#organization\",\"name\":\"Vie Associative\",\"url\":\"https:\/\/vieassociative.be\/actualites\/\",\"logo\":{\"@type\":\"ImageObject\",\"inLanguage\":\"fr-BE\",\"@id\":\"https:\/\/vieassociative.be\/actualites\/#\/schema\/logo\/image\/\",\"url\":\"https:\/\/vieassociative.be\/actualites\/wp-content\/uploads\/2024\/09\/cropped-vieassociative_favicon.ico.png\",\"contentUrl\":\"https:\/\/vieassociative.be\/actualites\/wp-content\/uploads\/2024\/09\/cropped-vieassociative_favicon.ico.png\",\"width\":512,\"height\":512,\"caption\":\"Vie Associative\"},\"image\":{\"@id\":\"https:\/\/vieassociative.be\/actualites\/#\/schema\/logo\/image\/\"}},{\"@type\":\"Person\",\"@id\":\"https:\/\/vieassociative.be\/actualites\/#\/schema\/person\/b87ac4f82f9d4e7b7cec7395b679edc4\",\"name\":\"Julien\",\"image\":{\"@type\":\"ImageObject\",\"inLanguage\":\"fr-BE\",\"@id\":\"https:\/\/vieassociative.be\/actualites\/#\/schema\/person\/image\/\",\"url\":\"https:\/\/vieassociative.be\/actualites\/wp-content\/uploads\/2024\/09\/vie-associative-1-150x150.jpg\",\"contentUrl\":\"https:\/\/vieassociative.be\/actualites\/wp-content\/uploads\/2024\/09\/vie-associative-1-150x150.jpg\",\"caption\":\"Julien\"},\"description\":\"Je suis Julien, r\u00e9dacteur pour Vie Associative. Passionn\u00e9 par le monde associatif depuis plus de 10 ans, j'ai \u00e0 c\u0153ur de partager des histoires inspirantes et de mettre en lumi\u00e8re les initiatives locales. Mon objectif est de sensibiliser et d'encourager l'engagement communautaire \u00e0 travers mes articles.\",\"sameAs\":[\"https:\/\/vieassociative.be\/\"]}]}<\/script>\n<!-- \/ Yoast SEO plugin. -->","yoast_head_json":{"title":"Cette tablette \u00e0 dessin m'a fait souhaiter que je sois un meilleur artiste, et c'est 41% de r\u00e9duction pour Prime Day | Vie Associative","robots":{"index":"index","follow":"follow","max-snippet":"max-snippet:-1","max-image-preview":"max-image-preview:large","max-video-preview":"max-video-preview:-1"},"canonical":"https:\/\/vieassociative.be\/actualites\/cette-tablette-a-dessin-ma-fait-souhaiter-que-je-sois-un-meilleur-artiste-et-cest-41-de-reduction-pour-prime-day\/","og_locale":"fr_FR","og_type":"article","og_title":"Cette tablette \u00e0 dessin m'a fait souhaiter que je sois un meilleur artiste, et c'est 41% de r\u00e9duction pour Prime Day | Vie Associative","og_description":"Cette chose m&rsquo;a donn\u00e9 envie de m&rsquo;inscrire \u00e0 un cours de dessin d\u00e8s que possible. Prime Day 2025 est l\u00e0 du mardi 8 juillet au","og_url":"https:\/\/vieassociative.be\/actualites\/cette-tablette-a-dessin-ma-fait-souhaiter-que-je-sois-un-meilleur-artiste-et-cest-41-de-reduction-pour-prime-day\/","og_site_name":"Vie Associative","article_published_time":"2025-07-09T05:17:24+00:00","og_image":[{"url":"https:\/\/vieassociative.be\/actualites\/wp-content\/uploads\/2025\/07\/Cette-tablette-a-dessin-ma-fait-souhaiter-que-je-sois.jpg","type":"","width":"","height":""}],"author":"Julien","twitter_card":"summary_large_image","twitter_misc":{"\u00c9crit par":"Julien","Dur\u00e9e de lecture est.":"6 minutes"},"schema":{"@context":"https:\/\/schema.org","@graph":[{"@type":"Article","@id":"https:\/\/vieassociative.be\/actualites\/cette-tablette-a-dessin-ma-fait-souhaiter-que-je-sois-un-meilleur-artiste-et-cest-41-de-reduction-pour-prime-day\/#article","isPartOf":{"@id":"https:\/\/vieassociative.be\/actualites\/cette-tablette-a-dessin-ma-fait-souhaiter-que-je-sois-un-meilleur-artiste-et-cest-41-de-reduction-pour-prime-day\/"},"author":{"name":"Julien","@id":"https:\/\/vieassociative.be\/actualites\/#\/schema\/person\/b87ac4f82f9d4e7b7cec7395b679edc4"},"headline":"Cette tablette \u00e0 dessin m&rsquo;a fait souhaiter que je sois un meilleur artiste, et c&rsquo;est 41% de r\u00e9duction pour Prime Day","datePublished":"2025-07-09T05:17:24+00:00","dateModified":"2025-07-09T05:17:24+00:00","mainEntityOfPage":{"@id":"https:\/\/vieassociative.be\/actualites\/cette-tablette-a-dessin-ma-fait-souhaiter-que-je-sois-un-meilleur-artiste-et-cest-41-de-reduction-pour-prime-day\/"},"wordCount":1195,"publisher":{"@id":"https:\/\/vieassociative.be\/actualites\/#organization"},"image":{"@id":"https:\/\/vieassociative.be\/actualites\/cette-tablette-a-dessin-ma-fait-souhaiter-que-je-sois-un-meilleur-artiste-et-cest-41-de-reduction-pour-prime-day\/#primaryimage"},"thumbnailUrl":"https:\/\/vieassociative.be\/actualites\/wp-content\/uploads\/2025\/07\/Cette-tablette-a-dessin-ma-fait-souhaiter-que-je-sois.png","keywords":["artiste","cest","cette","Day","dessin","fait","meilleur","pour","Prime","r\u00e9duction","sois","souhaiter","tablette"],"articleSection":["Technologie"],"inLanguage":"fr-BE"},{"@type":"WebPage","@id":"https:\/\/vieassociative.be\/actualites\/cette-tablette-a-dessin-ma-fait-souhaiter-que-je-sois-un-meilleur-artiste-et-cest-41-de-reduction-pour-prime-day\/","url":"https:\/\/vieassociative.be\/actualites\/cette-tablette-a-dessin-ma-fait-souhaiter-que-je-sois-un-meilleur-artiste-et-cest-41-de-reduction-pour-prime-day\/","name":"Cette tablette \u00e0 dessin m'a fait souhaiter que je sois un meilleur artiste, et c'est 41% de r\u00e9duction pour Prime Day | Vie Associative","isPartOf":{"@id":"https:\/\/vieassociative.be\/actualites\/#website"},"primaryImageOfPage":{"@id":"https:\/\/vieassociative.be\/actualites\/cette-tablette-a-dessin-ma-fait-souhaiter-que-je-sois-un-meilleur-artiste-et-cest-41-de-reduction-pour-prime-day\/#primaryimage"},"image":{"@id":"https:\/\/vieassociative.be\/actualites\/cette-tablette-a-dessin-ma-fait-souhaiter-que-je-sois-un-meilleur-artiste-et-cest-41-de-reduction-pour-prime-day\/#primaryimage"},"thumbnailUrl":"https:\/\/vieassociative.be\/actualites\/wp-content\/uploads\/2025\/07\/Cette-tablette-a-dessin-ma-fait-souhaiter-que-je-sois.png","datePublished":"2025-07-09T05:17:24+00:00","dateModified":"2025-07-09T05:17:24+00:00","breadcrumb":{"@id":"https:\/\/vieassociative.be\/actualites\/cette-tablette-a-dessin-ma-fait-souhaiter-que-je-sois-un-meilleur-artiste-et-cest-41-de-reduction-pour-prime-day\/#breadcrumb"},"inLanguage":"fr-BE","potentialAction":[{"@type":"ReadAction","target":["https:\/\/vieassociative.be\/actualites\/cette-tablette-a-dessin-ma-fait-souhaiter-que-je-sois-un-meilleur-artiste-et-cest-41-de-reduction-pour-prime-day\/"]}]},{"@type":"ImageObject","inLanguage":"fr-BE","@id":"https:\/\/vieassociative.be\/actualites\/cette-tablette-a-dessin-ma-fait-souhaiter-que-je-sois-un-meilleur-artiste-et-cest-41-de-reduction-pour-prime-day\/#primaryimage","url":"https:\/\/vieassociative.be\/actualites\/wp-content\/uploads\/2025\/07\/Cette-tablette-a-dessin-ma-fait-souhaiter-que-je-sois.png","contentUrl":"https:\/\/vieassociative.be\/actualites\/wp-content\/uploads\/2025\/07\/Cette-tablette-a-dessin-ma-fait-souhaiter-que-je-sois.png","width":1200,"height":675,"caption":"Cette tablette \u00e0 dessin m'a fait souhaiter que je sois un meilleur artiste, et c'est 41% de r\u00e9duction pour Prime Day"},{"@type":"BreadcrumbList","@id":"https:\/\/vieassociative.be\/actualites\/cette-tablette-a-dessin-ma-fait-souhaiter-que-je-sois-un-meilleur-artiste-et-cest-41-de-reduction-pour-prime-day\/#breadcrumb","itemListElement":[{"@type":"ListItem","position":1,"name":"Accueil","item":"https:\/\/vieassociative.be\/actualites\/"},{"@type":"ListItem","position":2,"name":"Cette tablette \u00e0 dessin m&rsquo;a fait souhaiter que je sois un meilleur artiste, et c&rsquo;est 41% de r\u00e9duction pour Prime Day"}]},{"@type":"WebSite","@id":"https:\/\/vieassociative.be\/actualites\/#website","url":"https:\/\/vieassociative.be\/actualites\/","name":"Vie Associative","description":"","publisher":{"@id":"https:\/\/vieassociative.be\/actualites\/#organization"},"potentialAction":[{"@type":"SearchAction","target":{"@type":"EntryPoint","urlTemplate":"https:\/\/vieassociative.be\/actualites\/?s={search_term_string}"},"query-input":{"@type":"PropertyValueSpecification","valueRequired":true,"valueName":"search_term_string"}}],"inLanguage":"fr-BE"},{"@type":"Organization","@id":"https:\/\/vieassociative.be\/actualites\/#organization","name":"Vie Associative","url":"https:\/\/vieassociative.be\/actualites\/","logo":{"@type":"ImageObject","inLanguage":"fr-BE","@id":"https:\/\/vieassociative.be\/actualites\/#\/schema\/logo\/image\/","url":"https:\/\/vieassociative.be\/actualites\/wp-content\/uploads\/2024\/09\/cropped-vieassociative_favicon.ico.png","contentUrl":"https:\/\/vieassociative.be\/actualites\/wp-content\/uploads\/2024\/09\/cropped-vieassociative_favicon.ico.png","width":512,"height":512,"caption":"Vie Associative"},"image":{"@id":"https:\/\/vieassociative.be\/actualites\/#\/schema\/logo\/image\/"}},{"@type":"Person","@id":"https:\/\/vieassociative.be\/actualites\/#\/schema\/person\/b87ac4f82f9d4e7b7cec7395b679edc4","name":"Julien","image":{"@type":"ImageObject","inLanguage":"fr-BE","@id":"https:\/\/vieassociative.be\/actualites\/#\/schema\/person\/image\/","url":"https:\/\/vieassociative.be\/actualites\/wp-content\/uploads\/2024\/09\/vie-associative-1-150x150.jpg","contentUrl":"https:\/\/vieassociative.be\/actualites\/wp-content\/uploads\/2024\/09\/vie-associative-1-150x150.jpg","caption":"Julien"},"description":"Je suis Julien, r\u00e9dacteur pour Vie Associative. Passionn\u00e9 par le monde associatif depuis plus de 10 ans, j'ai \u00e0 c\u0153ur de partager des histoires inspirantes et de mettre en lumi\u00e8re les initiatives locales. Mon objectif est de sensibiliser et d'encourager l'engagement communautaire \u00e0 travers mes articles.","sameAs":["https:\/\/vieassociative.be\/"]}]}},"_links":{"self":[{"href":"https:\/\/vieassociative.be\/actualites\/wp-json\/wp\/v2\/posts\/8626"}],"collection":[{"href":"https:\/\/vieassociative.be\/actualites\/wp-json\/wp\/v2\/posts"}],"about":[{"href":"https:\/\/vieassociative.be\/actualites\/wp-json\/wp\/v2\/types\/post"}],"author":[{"embeddable":true,"href":"https:\/\/vieassociative.be\/actualites\/wp-json\/wp\/v2\/users\/1"}],"replies":[{"embeddable":true,"href":"https:\/\/vieassociative.be\/actualites\/wp-json\/wp\/v2\/comments?post=8626"}],"version-history":[{"count":0,"href":"https:\/\/vieassociative.be\/actualites\/wp-json\/wp\/v2\/posts\/8626\/revisions"}],"wp:featuredmedia":[{"embeddable":true,"href":"https:\/\/vieassociative.be\/actualites\/wp-json\/wp\/v2\/media\/8627"}],"wp:attachment":[{"href":"https:\/\/vieassociative.be\/actualites\/wp-json\/wp\/v2\/media?parent=8626"}],"wp:term":[{"taxonomy":"category","embeddable":true,"href":"https:\/\/vieassociative.be\/actualites\/wp-json\/wp\/v2\/categories?post=8626"},{"taxonomy":"post_tag","embeddable":true,"href":"https:\/\/vieassociative.be\/actualites\/wp-json\/wp\/v2\/tags?post=8626"}],"curies":[{"name":"wp","href":"https:\/\/api.w.org\/{rel}","templated":true}]}}