{"id":8625,"date":"2025-07-09T04:19:42","date_gmt":"2025-07-09T02:19:42","guid":{"rendered":"https:\/\/vieassociative.be\/actualites\/deux-passagers-dun-bus-de-ligne-blesse-apres-la-manoeuvre-de-freinage-du-chauffeur-de-bus\/"},"modified":"2025-07-09T04:19:42","modified_gmt":"2025-07-09T02:19:42","slug":"deux-passagers-dun-bus-de-ligne-blesse-apres-la-manoeuvre-de-freinage-du-chauffeur-de-bus","status":"publish","type":"post","link":"https:\/\/vieassociative.be\/actualites\/deux-passagers-dun-bus-de-ligne-blesse-apres-la-manoeuvre-de-freinage-du-chauffeur-de-bus\/","title":{"rendered":"Deux passagers d&rsquo;un bus de ligne bless\u00e9 apr\u00e8s la man\u0153uvre de freinage du chauffeur de bus"},"content":{"rendered":"<p><strong>Au cours de la p\u00e9riode du 04\/07\/2025 au 07\/07\/2025, la zone de police de Weser-G\u00f6hl avait plusieurs missions: vol dans les v\u00e9hicules et les accidents de la circulation.<\/strong><\/p>\n<p><span id=\"more-419608\"><\/span><strong>&#8211; Vol en v\u00e9hicules:<\/strong> Dans la nuit du vendredi 4 juillet, le samedi 5 juillet, un total de trois voitures de tourisme ont fait irruption dans Kettenis (Aachener Stra\u00dfe, Lindenberg) et Walhorn (Ketteniser Stra\u00dfe). Sur Aachener Stra\u00dfe \u00e0 Kettenis, une personne m\u00e2le, allemande, allemande, d&rsquo;une taille d&rsquo;environ 1,75 m a \u00e9t\u00e9 observ\u00e9e pendant la pause. Malheureusement, un investissement imm\u00e9diat proche de la zone a \u00e9chou\u00e9.<\/p>\n<p>La police demande \u00e0 la population de signaler des observations suspectes au cours de la p\u00e9riode mentionn\u00e9e et dans les domaines concern\u00e9s.<\/p>\n<p><strong>&#8211; Accidents de la circulation:<\/strong> De plus, deux accidents de la circulation bless\u00e9s sont enregistr\u00e9s \u00e0 Kelmis ce week-end. Dans un cas, un cycliste est all\u00e9 sur un v\u00e9hicule debout. Dans l&rsquo;autre cas, deux passagers d&rsquo;un bus en ligne ont d\u00fb \u00eatre emmen\u00e9s \u00e0 l&rsquo;h\u00f4pital bless\u00e9 apr\u00e8s que le chauffeur de bus a d\u00fb effectuer une man\u0153uvre de freinage soudaine.<\/p>\n<p>Au cours des derniers jours, il y a eu ill\u00e9galement un b\u00e2timent d&rsquo;entreprise vide \u00e0 Eupen.<\/p>\n<p><strong>&#8211; Divers:<\/strong> En outre, la police a d\u00fb faire face \u00e0 plusieurs missions le week-end pour les litiges, les alcoolis\u00e9s, le vandalisme et la pollution sonore. Dans un cas, un permis de conduire a \u00e9t\u00e9 recueilli sur la roue en raison de l&rsquo;ivresse.<\/p>\n","protected":false},"excerpt":{"rendered":"<p>Au cours de la p\u00e9riode du 04\/07\/2025 au 07\/07\/2025, la zone de police de Weser-G\u00f6hl avait plusieurs missions: vol dans les v\u00e9hicules et les accidents<\/p>\n","protected":false},"author":1,"featured_media":1939,"comment_status":"","ping_status":"","sticky":false,"template":"","format":"standard","meta":{"footnotes":""},"categories":[298],"tags":[472,981,2913,7669,114,354,7668,11,7667,6781],"class_list":["post-8625","post","type-post","status-publish","format-standard","has-post-thumbnail","hentry","category-belgique","tag-apres","tag-blesse","tag-bus","tag-chauffeur","tag-deux","tag-dun","tag-freinage","tag-ligne","tag-manoeuvre","tag-passagers","generate-columns","tablet-grid-50","mobile-grid-100","grid-parent","grid-33"],"yoast_head":"<!-- This site is optimized with the Yoast SEO plugin v24.0 - https:\/\/yoast.com\/wordpress\/plugins\/seo\/ -->\n<title>Deux passagers d&#039;un bus de ligne bless\u00e9 apr\u00e8s la man\u0153uvre de freinage du chauffeur de bus | Vie Associative<\/title>\n<meta name=\"robots\" content=\"index, follow, max-snippet:-1, max-image-preview:large, max-video-preview:-1\" \/>\n<link rel=\"canonical\" href=\"https:\/\/vieassociative.be\/actualites\/deux-passagers-dun-bus-de-ligne-blesse-apres-la-manoeuvre-de-freinage-du-chauffeur-de-bus\/\" \/>\n<meta property=\"og:locale\" content=\"fr_FR\" \/>\n<meta property=\"og:type\" content=\"article\" \/>\n<meta property=\"og:title\" content=\"Deux passagers d&#039;un bus de ligne bless\u00e9 apr\u00e8s la man\u0153uvre de freinage du chauffeur de bus | Vie Associative\" \/>\n<meta property=\"og:description\" content=\"Au cours de la p\u00e9riode du 04\/07\/2025 au 07\/07\/2025, la zone de police de Weser-G\u00f6hl avait plusieurs missions: vol dans les v\u00e9hicules et les accidents\" \/>\n<meta property=\"og:url\" content=\"https:\/\/vieassociative.be\/actualites\/deux-passagers-dun-bus-de-ligne-blesse-apres-la-manoeuvre-de-freinage-du-chauffeur-de-bus\/\" \/>\n<meta property=\"og:site_name\" content=\"Vie Associative\" \/>\n<meta property=\"article:published_time\" content=\"2025-07-09T02:19:42+00:00\" \/>\n<meta property=\"og:image\" content=\"https:\/\/vieassociative.be\/actualites\/wp-content\/uploads\/2024\/09\/header_backgroundk-01-e1726694325946.png\" \/>\n\t<meta property=\"og:image:width\" content=\"279\" \/>\n\t<meta property=\"og:image:height\" content=\"92\" \/>\n\t<meta property=\"og:image:type\" content=\"image\/png\" \/>\n<meta name=\"author\" content=\"Julien\" \/>\n<meta name=\"twitter:card\" content=\"summary_large_image\" \/>\n<meta name=\"twitter:label1\" content=\"\u00c9crit par\" \/>\n\t<meta name=\"twitter:data1\" content=\"Julien\" \/>\n\t<meta name=\"twitter:label2\" content=\"Dur\u00e9e de lecture est.\" \/>\n\t<meta name=\"twitter:data2\" content=\"1 minute\" \/>\n<script type=\"application\/ld+json\" class=\"yoast-schema-graph\">{\"@context\":\"https:\/\/schema.org\",\"@graph\":[{\"@type\":\"Article\",\"@id\":\"https:\/\/vieassociative.be\/actualites\/deux-passagers-dun-bus-de-ligne-blesse-apres-la-manoeuvre-de-freinage-du-chauffeur-de-bus\/#article\",\"isPartOf\":{\"@id\":\"https:\/\/vieassociative.be\/actualites\/deux-passagers-dun-bus-de-ligne-blesse-apres-la-manoeuvre-de-freinage-du-chauffeur-de-bus\/\"},\"author\":{\"name\":\"Julien\",\"@id\":\"https:\/\/vieassociative.be\/actualites\/#\/schema\/person\/b87ac4f82f9d4e7b7cec7395b679edc4\"},\"headline\":\"Deux passagers d&rsquo;un bus de ligne bless\u00e9 apr\u00e8s la man\u0153uvre de freinage du chauffeur de bus\",\"datePublished\":\"2025-07-09T02:19:42+00:00\",\"dateModified\":\"2025-07-09T02:19:42+00:00\",\"mainEntityOfPage\":{\"@id\":\"https:\/\/vieassociative.be\/actualites\/deux-passagers-dun-bus-de-ligne-blesse-apres-la-manoeuvre-de-freinage-du-chauffeur-de-bus\/\"},\"wordCount\":272,\"publisher\":{\"@id\":\"https:\/\/vieassociative.be\/actualites\/#organization\"},\"image\":{\"@id\":\"https:\/\/vieassociative.be\/actualites\/deux-passagers-dun-bus-de-ligne-blesse-apres-la-manoeuvre-de-freinage-du-chauffeur-de-bus\/#primaryimage\"},\"thumbnailUrl\":\"https:\/\/vieassociative.be\/actualites\/wp-content\/uploads\/2024\/11\/Raeren-Le-conducteur-tombe-dans-un-micro-sommeil-a-midi.jpeg\",\"keywords\":[\"Apr\u00e8s\",\"blesse\",\"bus\",\"chauffeur\",\"deux\",\"dun\",\"freinage\",\"ligne\",\"man\u0153uvre\",\"passagers\"],\"articleSection\":[\"Belgique\"],\"inLanguage\":\"fr-BE\"},{\"@type\":\"WebPage\",\"@id\":\"https:\/\/vieassociative.be\/actualites\/deux-passagers-dun-bus-de-ligne-blesse-apres-la-manoeuvre-de-freinage-du-chauffeur-de-bus\/\",\"url\":\"https:\/\/vieassociative.be\/actualites\/deux-passagers-dun-bus-de-ligne-blesse-apres-la-manoeuvre-de-freinage-du-chauffeur-de-bus\/\",\"name\":\"Deux passagers d'un bus de ligne bless\u00e9 apr\u00e8s la man\u0153uvre de freinage du chauffeur de bus | Vie Associative\",\"isPartOf\":{\"@id\":\"https:\/\/vieassociative.be\/actualites\/#website\"},\"primaryImageOfPage\":{\"@id\":\"https:\/\/vieassociative.be\/actualites\/deux-passagers-dun-bus-de-ligne-blesse-apres-la-manoeuvre-de-freinage-du-chauffeur-de-bus\/#primaryimage\"},\"image\":{\"@id\":\"https:\/\/vieassociative.be\/actualites\/deux-passagers-dun-bus-de-ligne-blesse-apres-la-manoeuvre-de-freinage-du-chauffeur-de-bus\/#primaryimage\"},\"thumbnailUrl\":\"https:\/\/vieassociative.be\/actualites\/wp-content\/uploads\/2024\/11\/Raeren-Le-conducteur-tombe-dans-un-micro-sommeil-a-midi.jpeg\",\"datePublished\":\"2025-07-09T02:19:42+00:00\",\"dateModified\":\"2025-07-09T02:19:42+00:00\",\"breadcrumb\":{\"@id\":\"https:\/\/vieassociative.be\/actualites\/deux-passagers-dun-bus-de-ligne-blesse-apres-la-manoeuvre-de-freinage-du-chauffeur-de-bus\/#breadcrumb\"},\"inLanguage\":\"fr-BE\",\"potentialAction\":[{\"@type\":\"ReadAction\",\"target\":[\"https:\/\/vieassociative.be\/actualites\/deux-passagers-dun-bus-de-ligne-blesse-apres-la-manoeuvre-de-freinage-du-chauffeur-de-bus\/\"]}]},{\"@type\":\"ImageObject\",\"inLanguage\":\"fr-BE\",\"@id\":\"https:\/\/vieassociative.be\/actualites\/deux-passagers-dun-bus-de-ligne-blesse-apres-la-manoeuvre-de-freinage-du-chauffeur-de-bus\/#primaryimage\",\"url\":\"https:\/\/vieassociative.be\/actualites\/wp-content\/uploads\/2024\/11\/Raeren-Le-conducteur-tombe-dans-un-micro-sommeil-a-midi.jpeg\",\"contentUrl\":\"https:\/\/vieassociative.be\/actualites\/wp-content\/uploads\/2024\/11\/Raeren-Le-conducteur-tombe-dans-un-micro-sommeil-a-midi.jpeg\",\"width\":1200,\"height\":800,\"caption\":\"Raeren : Le conducteur tombe dans un micro-sommeil \u00e0 midi\"},{\"@type\":\"BreadcrumbList\",\"@id\":\"https:\/\/vieassociative.be\/actualites\/deux-passagers-dun-bus-de-ligne-blesse-apres-la-manoeuvre-de-freinage-du-chauffeur-de-bus\/#breadcrumb\",\"itemListElement\":[{\"@type\":\"ListItem\",\"position\":1,\"name\":\"Accueil\",\"item\":\"https:\/\/vieassociative.be\/actualites\/\"},{\"@type\":\"ListItem\",\"position\":2,\"name\":\"Deux passagers d&rsquo;un bus de ligne bless\u00e9 apr\u00e8s la man\u0153uvre de freinage du chauffeur de bus\"}]},{\"@type\":\"WebSite\",\"@id\":\"https:\/\/vieassociative.be\/actualites\/#website\",\"url\":\"https:\/\/vieassociative.be\/actualites\/\",\"name\":\"Vie Associative\",\"description\":\"\",\"publisher\":{\"@id\":\"https:\/\/vieassociative.be\/actualites\/#organization\"},\"potentialAction\":[{\"@type\":\"SearchAction\",\"target\":{\"@type\":\"EntryPoint\",\"urlTemplate\":\"https:\/\/vieassociative.be\/actualites\/?s={search_term_string}\"},\"query-input\":{\"@type\":\"PropertyValueSpecification\",\"valueRequired\":true,\"valueName\":\"search_term_string\"}}],\"inLanguage\":\"fr-BE\"},{\"@type\":\"Organization\",\"@id\":\"https:\/\/vieassociative.be\/actualites\/#organization\",\"name\":\"Vie Associative\",\"url\":\"https:\/\/vieassociative.be\/actualites\/\",\"logo\":{\"@type\":\"ImageObject\",\"inLanguage\":\"fr-BE\",\"@id\":\"https:\/\/vieassociative.be\/actualites\/#\/schema\/logo\/image\/\",\"url\":\"https:\/\/vieassociative.be\/actualites\/wp-content\/uploads\/2024\/09\/cropped-vieassociative_favicon.ico.png\",\"contentUrl\":\"https:\/\/vieassociative.be\/actualites\/wp-content\/uploads\/2024\/09\/cropped-vieassociative_favicon.ico.png\",\"width\":512,\"height\":512,\"caption\":\"Vie Associative\"},\"image\":{\"@id\":\"https:\/\/vieassociative.be\/actualites\/#\/schema\/logo\/image\/\"}},{\"@type\":\"Person\",\"@id\":\"https:\/\/vieassociative.be\/actualites\/#\/schema\/person\/b87ac4f82f9d4e7b7cec7395b679edc4\",\"name\":\"Julien\",\"image\":{\"@type\":\"ImageObject\",\"inLanguage\":\"fr-BE\",\"@id\":\"https:\/\/vieassociative.be\/actualites\/#\/schema\/person\/image\/\",\"url\":\"https:\/\/vieassociative.be\/actualites\/wp-content\/uploads\/2024\/09\/vie-associative-1-150x150.jpg\",\"contentUrl\":\"https:\/\/vieassociative.be\/actualites\/wp-content\/uploads\/2024\/09\/vie-associative-1-150x150.jpg\",\"caption\":\"Julien\"},\"description\":\"Je suis Julien, r\u00e9dacteur pour Vie Associative. Passionn\u00e9 par le monde associatif depuis plus de 10 ans, j'ai \u00e0 c\u0153ur de partager des histoires inspirantes et de mettre en lumi\u00e8re les initiatives locales. Mon objectif est de sensibiliser et d'encourager l'engagement communautaire \u00e0 travers mes articles.\",\"sameAs\":[\"https:\/\/vieassociative.be\/\"]}]}<\/script>\n<!-- \/ Yoast SEO plugin. -->","yoast_head_json":{"title":"Deux passagers d'un bus de ligne bless\u00e9 apr\u00e8s la man\u0153uvre de freinage du chauffeur de bus | Vie Associative","robots":{"index":"index","follow":"follow","max-snippet":"max-snippet:-1","max-image-preview":"max-image-preview:large","max-video-preview":"max-video-preview:-1"},"canonical":"https:\/\/vieassociative.be\/actualites\/deux-passagers-dun-bus-de-ligne-blesse-apres-la-manoeuvre-de-freinage-du-chauffeur-de-bus\/","og_locale":"fr_FR","og_type":"article","og_title":"Deux passagers d'un bus de ligne bless\u00e9 apr\u00e8s la man\u0153uvre de freinage du chauffeur de bus | Vie Associative","og_description":"Au cours de la p\u00e9riode du 04\/07\/2025 au 07\/07\/2025, la zone de police de Weser-G\u00f6hl avait plusieurs missions: vol dans les v\u00e9hicules et les accidents","og_url":"https:\/\/vieassociative.be\/actualites\/deux-passagers-dun-bus-de-ligne-blesse-apres-la-manoeuvre-de-freinage-du-chauffeur-de-bus\/","og_site_name":"Vie Associative","article_published_time":"2025-07-09T02:19:42+00:00","og_image":[{"width":279,"height":92,"url":"https:\/\/vieassociative.be\/actualites\/wp-content\/uploads\/2024\/09\/header_backgroundk-01-e1726694325946.png","type":"image\/png"}],"author":"Julien","twitter_card":"summary_large_image","twitter_misc":{"\u00c9crit par":"Julien","Dur\u00e9e de lecture est.":"1 minute"},"schema":{"@context":"https:\/\/schema.org","@graph":[{"@type":"Article","@id":"https:\/\/vieassociative.be\/actualites\/deux-passagers-dun-bus-de-ligne-blesse-apres-la-manoeuvre-de-freinage-du-chauffeur-de-bus\/#article","isPartOf":{"@id":"https:\/\/vieassociative.be\/actualites\/deux-passagers-dun-bus-de-ligne-blesse-apres-la-manoeuvre-de-freinage-du-chauffeur-de-bus\/"},"author":{"name":"Julien","@id":"https:\/\/vieassociative.be\/actualites\/#\/schema\/person\/b87ac4f82f9d4e7b7cec7395b679edc4"},"headline":"Deux passagers d&rsquo;un bus de ligne bless\u00e9 apr\u00e8s la man\u0153uvre de freinage du chauffeur de bus","datePublished":"2025-07-09T02:19:42+00:00","dateModified":"2025-07-09T02:19:42+00:00","mainEntityOfPage":{"@id":"https:\/\/vieassociative.be\/actualites\/deux-passagers-dun-bus-de-ligne-blesse-apres-la-manoeuvre-de-freinage-du-chauffeur-de-bus\/"},"wordCount":272,"publisher":{"@id":"https:\/\/vieassociative.be\/actualites\/#organization"},"image":{"@id":"https:\/\/vieassociative.be\/actualites\/deux-passagers-dun-bus-de-ligne-blesse-apres-la-manoeuvre-de-freinage-du-chauffeur-de-bus\/#primaryimage"},"thumbnailUrl":"https:\/\/vieassociative.be\/actualites\/wp-content\/uploads\/2024\/11\/Raeren-Le-conducteur-tombe-dans-un-micro-sommeil-a-midi.jpeg","keywords":["Apr\u00e8s","blesse","bus","chauffeur","deux","dun","freinage","ligne","man\u0153uvre","passagers"],"articleSection":["Belgique"],"inLanguage":"fr-BE"},{"@type":"WebPage","@id":"https:\/\/vieassociative.be\/actualites\/deux-passagers-dun-bus-de-ligne-blesse-apres-la-manoeuvre-de-freinage-du-chauffeur-de-bus\/","url":"https:\/\/vieassociative.be\/actualites\/deux-passagers-dun-bus-de-ligne-blesse-apres-la-manoeuvre-de-freinage-du-chauffeur-de-bus\/","name":"Deux passagers d'un bus de ligne bless\u00e9 apr\u00e8s la man\u0153uvre de freinage du chauffeur de bus | Vie Associative","isPartOf":{"@id":"https:\/\/vieassociative.be\/actualites\/#website"},"primaryImageOfPage":{"@id":"https:\/\/vieassociative.be\/actualites\/deux-passagers-dun-bus-de-ligne-blesse-apres-la-manoeuvre-de-freinage-du-chauffeur-de-bus\/#primaryimage"},"image":{"@id":"https:\/\/vieassociative.be\/actualites\/deux-passagers-dun-bus-de-ligne-blesse-apres-la-manoeuvre-de-freinage-du-chauffeur-de-bus\/#primaryimage"},"thumbnailUrl":"https:\/\/vieassociative.be\/actualites\/wp-content\/uploads\/2024\/11\/Raeren-Le-conducteur-tombe-dans-un-micro-sommeil-a-midi.jpeg","datePublished":"2025-07-09T02:19:42+00:00","dateModified":"2025-07-09T02:19:42+00:00","breadcrumb":{"@id":"https:\/\/vieassociative.be\/actualites\/deux-passagers-dun-bus-de-ligne-blesse-apres-la-manoeuvre-de-freinage-du-chauffeur-de-bus\/#breadcrumb"},"inLanguage":"fr-BE","potentialAction":[{"@type":"ReadAction","target":["https:\/\/vieassociative.be\/actualites\/deux-passagers-dun-bus-de-ligne-blesse-apres-la-manoeuvre-de-freinage-du-chauffeur-de-bus\/"]}]},{"@type":"ImageObject","inLanguage":"fr-BE","@id":"https:\/\/vieassociative.be\/actualites\/deux-passagers-dun-bus-de-ligne-blesse-apres-la-manoeuvre-de-freinage-du-chauffeur-de-bus\/#primaryimage","url":"https:\/\/vieassociative.be\/actualites\/wp-content\/uploads\/2024\/11\/Raeren-Le-conducteur-tombe-dans-un-micro-sommeil-a-midi.jpeg","contentUrl":"https:\/\/vieassociative.be\/actualites\/wp-content\/uploads\/2024\/11\/Raeren-Le-conducteur-tombe-dans-un-micro-sommeil-a-midi.jpeg","width":1200,"height":800,"caption":"Raeren : Le conducteur tombe dans un micro-sommeil \u00e0 midi"},{"@type":"BreadcrumbList","@id":"https:\/\/vieassociative.be\/actualites\/deux-passagers-dun-bus-de-ligne-blesse-apres-la-manoeuvre-de-freinage-du-chauffeur-de-bus\/#breadcrumb","itemListElement":[{"@type":"ListItem","position":1,"name":"Accueil","item":"https:\/\/vieassociative.be\/actualites\/"},{"@type":"ListItem","position":2,"name":"Deux passagers d&rsquo;un bus de ligne bless\u00e9 apr\u00e8s la man\u0153uvre de freinage du chauffeur de bus"}]},{"@type":"WebSite","@id":"https:\/\/vieassociative.be\/actualites\/#website","url":"https:\/\/vieassociative.be\/actualites\/","name":"Vie Associative","description":"","publisher":{"@id":"https:\/\/vieassociative.be\/actualites\/#organization"},"potentialAction":[{"@type":"SearchAction","target":{"@type":"EntryPoint","urlTemplate":"https:\/\/vieassociative.be\/actualites\/?s={search_term_string}"},"query-input":{"@type":"PropertyValueSpecification","valueRequired":true,"valueName":"search_term_string"}}],"inLanguage":"fr-BE"},{"@type":"Organization","@id":"https:\/\/vieassociative.be\/actualites\/#organization","name":"Vie Associative","url":"https:\/\/vieassociative.be\/actualites\/","logo":{"@type":"ImageObject","inLanguage":"fr-BE","@id":"https:\/\/vieassociative.be\/actualites\/#\/schema\/logo\/image\/","url":"https:\/\/vieassociative.be\/actualites\/wp-content\/uploads\/2024\/09\/cropped-vieassociative_favicon.ico.png","contentUrl":"https:\/\/vieassociative.be\/actualites\/wp-content\/uploads\/2024\/09\/cropped-vieassociative_favicon.ico.png","width":512,"height":512,"caption":"Vie Associative"},"image":{"@id":"https:\/\/vieassociative.be\/actualites\/#\/schema\/logo\/image\/"}},{"@type":"Person","@id":"https:\/\/vieassociative.be\/actualites\/#\/schema\/person\/b87ac4f82f9d4e7b7cec7395b679edc4","name":"Julien","image":{"@type":"ImageObject","inLanguage":"fr-BE","@id":"https:\/\/vieassociative.be\/actualites\/#\/schema\/person\/image\/","url":"https:\/\/vieassociative.be\/actualites\/wp-content\/uploads\/2024\/09\/vie-associative-1-150x150.jpg","contentUrl":"https:\/\/vieassociative.be\/actualites\/wp-content\/uploads\/2024\/09\/vie-associative-1-150x150.jpg","caption":"Julien"},"description":"Je suis Julien, r\u00e9dacteur pour Vie Associative. Passionn\u00e9 par le monde associatif depuis plus de 10 ans, j'ai \u00e0 c\u0153ur de partager des histoires inspirantes et de mettre en lumi\u00e8re les initiatives locales. Mon objectif est de sensibiliser et d'encourager l'engagement communautaire \u00e0 travers mes articles.","sameAs":["https:\/\/vieassociative.be\/"]}]}},"_links":{"self":[{"href":"https:\/\/vieassociative.be\/actualites\/wp-json\/wp\/v2\/posts\/8625"}],"collection":[{"href":"https:\/\/vieassociative.be\/actualites\/wp-json\/wp\/v2\/posts"}],"about":[{"href":"https:\/\/vieassociative.be\/actualites\/wp-json\/wp\/v2\/types\/post"}],"author":[{"embeddable":true,"href":"https:\/\/vieassociative.be\/actualites\/wp-json\/wp\/v2\/users\/1"}],"replies":[{"embeddable":true,"href":"https:\/\/vieassociative.be\/actualites\/wp-json\/wp\/v2\/comments?post=8625"}],"version-history":[{"count":0,"href":"https:\/\/vieassociative.be\/actualites\/wp-json\/wp\/v2\/posts\/8625\/revisions"}],"wp:featuredmedia":[{"embeddable":true,"href":"https:\/\/vieassociative.be\/actualites\/wp-json\/wp\/v2\/media\/1939"}],"wp:attachment":[{"href":"https:\/\/vieassociative.be\/actualites\/wp-json\/wp\/v2\/media?parent=8625"}],"wp:term":[{"taxonomy":"category","embeddable":true,"href":"https:\/\/vieassociative.be\/actualites\/wp-json\/wp\/v2\/categories?post=8625"},{"taxonomy":"post_tag","embeddable":true,"href":"https:\/\/vieassociative.be\/actualites\/wp-json\/wp\/v2\/tags?post=8625"}],"curies":[{"name":"wp","href":"https:\/\/api.w.org\/{rel}","templated":true}]}}