{"id":8623,"date":"2025-07-09T03:17:40","date_gmt":"2025-07-09T01:17:40","guid":{"rendered":"https:\/\/vieassociative.be\/actualites\/cet-ordinateur-portable-asus-gaming-est-super-et-il-est-en-vente-pour-prime-day\/"},"modified":"2025-07-09T03:17:40","modified_gmt":"2025-07-09T01:17:40","slug":"cet-ordinateur-portable-asus-gaming-est-super-et-il-est-en-vente-pour-prime-day","status":"publish","type":"post","link":"https:\/\/vieassociative.be\/actualites\/cet-ordinateur-portable-asus-gaming-est-super-et-il-est-en-vente-pour-prime-day\/","title":{"rendered":"Cet ordinateur portable Asus Gaming est super, et il est en vente pour Prime Day"},"content":{"rendered":"<div class=\"mt-4 leading-6 md:mb-8\">Et il est disponible \u00e0 un certain nombre de prix, selon la puissance que vous voulez qu&rsquo;elle soit.<\/div>\n<p><\/p>\n<p><em>Prime Day 2025 est l\u00e0 du mardi 8 juillet au vendredi 11 juillet et Vie Associative partage les meilleures ventes en fonction des avis de produits, des comparaisons et des outils de suivi des prix. <\/em><\/p>\n<ul>\n<li>\n<p><em>Suivez notre blog en direct<\/em><em>  Pour rester \u00e0 jour sur les meilleures ventes que nous trouvons.<\/em><\/p>\n<\/li>\n<li>\n<p><em>Parcourir les choix de nos \u00e9diteurs<\/em><em>  Pour une liste organis\u00e9e de nos ventes pr\u00e9f\u00e9r\u00e9es sur les ordinateurs portables, la technologie de fitness, les appareils \u00e9lectrom\u00e9nagers, etc. <\/em><\/p>\n<\/li>\n<li>\n<p><em>Abonnez-vous \u00e0 notre newsletter shopping<\/em><em>Ajouter au panier, pour les meilleures ventes envoy\u00e9es dans votre bo\u00eete de r\u00e9ception.<\/em><\/p>\n<\/li>\n<\/ul>\n<p><em>Nouveau \u00e0 Prime Day? Nous avons un appr\u00eat sur tout ce que vous devez savoir<\/em><em>. Les ventes sont exactes au moment de la publication, mais les prix et les stocks sont toujours susceptibles de changer.<\/em><\/p>\n<hr>\n<p>L&rsquo;achat d&rsquo;un ordinateur portable de jeu est toujours difficile, ne serait-ce qu&rsquo;\u00e0 cause de la vari\u00e9t\u00e9 de choix. Avec un Nintendo Switch 2 ou un jeu de vapeur, vous savez ce que vous obtenez. Mais avec un ordinateur portable de jeu, il y a tellement de fabricants et tellement de configurations possibles que le shopping pour un nouveau peut devenir un peu intimidant.<\/p>\n<p>Permettez-moi de vous aider l\u00e0-bas &#8211; ce premier jour, l&rsquo;Asus Rog Strix G16 est un excellent pari. Cet ordinateur portable a un grand \u00e9cran, n&rsquo;est pas trop lourd, et bien qu&rsquo;il se penche un peu fort sur l&rsquo;esth\u00e9tique hardcore, vous pouvez \u00e9teindre ses lumi\u00e8res RGB si ce n&rsquo;est pas votre truc. Plus particuli\u00e8rement, il est disponible \u00e0 un certain nombre de prix, selon la puissance que vous voulez qu&rsquo;elle soit.<\/p>\n<div class=\"pogoClear mb-12 mt-10 rounded-md border-2 border-gray-100 py-7 shadow-xl md:py-6\">\n<div class=\"flex flex-wrap justify-between px-7 text-black no-underline md:flex-nowrap md:px-8\">\n<div class=\"order-1 mx-auto flex flex-col justify-center md:order-2 md:ml-4 md:w-full md:grow\">\n<div class=\"block cursor-pointer text-center font-akshar text-2xl font-medium leading-7 text-brand-green duration-200 ease-in-out hover:text-brand-green-700 md:text-left md:text-xl md:leading-6\">ASUS ROG STRIX G16 (2024) Gaming ordinateur portable, 16 \u201dAffichage n\u00e9bule 16:10 QHD 240HZ, GEFORCE RTX 4060, Intel\u00ae Core \u2122 i9-14900hx, 16GB DDR5-5600, 1TB PCIE SSD, WI-FI 6E, Windows 11, G614JVR-ES94\n                <\/div>\n<div class=\"mt-4 hidden md:flex md:justify-between\">\n<div class=\"self-end\">\n<div class=\"mb-0 h-11 md:flex md:flex-col md:justify-center\">\n<div class=\" font-sans leading-4 text-black\">\n<div class=\"flex flex-wrap items-center justify-center gap-x-1 md:justify-start\">\n        <span class=\"font-bold\"><\/p>\n<p>            1 299,99 $<br \/>\n                            <span class=\"font-medium\">\u00e0 Amazon<\/span><br \/>\n                    <\/span>\n            <\/div>\n<div class=\"flex items-center justify-center gap-x-1 font-bold md:justify-start\">\n            <span class=\"text-sm line-through\">1 699,99 $<\/span><br \/>\n            <span class=\"text-sm text-brand-green\">\u00c9conomisez 400,00 $<\/span>\n        <\/div>\n<\/p><\/div>\n<\/p><\/div>\n<\/p><\/div>\n<div class=\"w-44 self-end\">\n                            <button class=\"flex justify-center items-center w-full bg-brand-green text-white text-base font-sans font-medium rounded-md hover:bg-brand-green-700 hover:cursor-pointer md:text-sm h-11\"><\/p>\n<p>    Conclure un accord<br \/>\n<\/button>\n                        <\/div>\n<\/p><\/div>\n<\/p><\/div>\n<div class=\"order-2 mt-5 h-auto w-full md:order-1 md:mt-0 md:hidden\">\n<div class=\"flex aspect-video items-center justify-center\">\n                                            <img decoding=\"async\" class=\"m-0 max-h-full max-w-full rounded-md\" src=\"https:\/\/vieassociative.be\/actualites\/wp-content\/uploads\/2025\/07\/Cet-ordinateur-portable-Asus-Gaming-est-super-et-il-est.jpg\" alt=\"ASUS ROG STRIX G16 (2024) Gaming ordinateur portable, 16 \u201dAffichage n\u00e9bule 16:10 QHD 240HZ, GEFORCE RTX 4060, Intel\u00ae Core \u2122 i9-14900hx, 16GB DDR5-5600, 1TB PCIE SSD, WI-FI 6E, Windows 11, G614JVR-ES94\" width=\"auto\" height=\"auto\" loading=\"lazy\">\n                                    <\/div>\n<\/p><\/div>\n<div class=\"order-2 ml-2 hidden w-32 shrink-0 items-center md:order-1 md:ml-0 md:flex\">\n<div class=\"flex aspect-video items-center justify-center\">\n                                            <img decoding=\"async\" class=\"m-0 max-h-full max-w-full rounded-md\" src=\"https:\/\/vieassociative.be\/actualites\/wp-content\/uploads\/2025\/07\/Cet-ordinateur-portable-Asus-Gaming-est-super-et-il-est.jpg\" alt=\"ASUS ROG STRIX G16 (2024) Gaming ordinateur portable, 16 \u201dAffichage n\u00e9bule 16:10 QHD 240HZ, GEFORCE RTX 4060, Intel\u00ae Core \u2122 i9-14900hx, 16GB DDR5-5600, 1TB PCIE SSD, WI-FI 6E, Windows 11, G614JVR-ES94\" width=\"auto\" height=\"auto\" loading=\"lazy\">\n                                    <\/div>\n<\/p><\/div>\n<div class=\"order-3 flex grow flex-wrap md:hidden md:grow-0\">\n<div class=\"mt-4 w-full\">\n                        <button class=\"flex justify-center items-center w-full bg-brand-green text-white text-base font-sans font-medium rounded-md hover:bg-brand-green-700 hover:cursor-pointer md:text-sm h-11\"><\/p>\n<p>    Conclure un accord<br \/>\n<\/button>\n                    <\/div>\n<div class=\"mx-2 mt-4 w-full\">\n<div class=\" font-sans leading-4 text-black\">\n<div class=\"flex flex-wrap items-center justify-center gap-x-1 md:justify-start\">\n        <span class=\"font-bold\"><\/p>\n<p>            1 299,99 $<br \/>\n                            <span class=\"font-medium\">\u00e0 Amazon<\/span><br \/>\n                    <\/span>\n            <\/div>\n<div class=\"flex items-center justify-center gap-x-1 font-bold md:justify-start\">\n            <span class=\"text-sm line-through\">1 699,99 $<\/span><br \/>\n            <span class=\"text-sm text-brand-green\">\u00c9conomisez 400,00 $<\/span>\n        <\/div>\n<\/p><\/div>\n<\/p><\/div>\n<\/p><\/div>\n<\/p><\/div>\n<\/div>\n<p>Si vous \u00eates plus d\u00e9contract\u00e9, consid\u00e9rez cette offre d&rsquo;entr\u00e9e de gamme \u00e0 1 300 $, soit 400 $ de rabais. Il vous procurera un ordinateur portable avec un puissant processeur Intel Core i9, un GPU RTX 4060 de derni\u00e8re g\u00e9n\u00e9ration d\u00e9cent, plus 16 Go de RAM, un \u00e9norme 1 To de stockage et un \u00e9cran QHD + qui prend en charge le gameplay \u00e0 240 ips. Cela aurait \u00e9t\u00e9 une machine de r\u00eave il y a tout juste un an, et se l\u00e8ve toujours aujourd&rsquo;hui.<\/p>\n<p>Si vous voulez quelque chose d&rsquo;un peu plus puissant, consid\u00e9rez cette version de 1 999 $ (400 $ de r\u00e9duction). Ce mod\u00e8le vous am\u00e9liore vers un processeur Intel Core Ultra 9 plus r\u00e9cent, un GPU RTX 5070 Ti et 32 \u200b\u200bGo de RAM. Cela vous pr\u00e9pare \u00e0 jouer \u00e0 tous les jeux, sauf les plus exigeants, \u00e0 des param\u00e8tres \u00e9lev\u00e9s et \u00e0 60 ips sup\u00e9rieurs, et est probablement le meilleur pari pour la plupart des joueurs.<\/p>\n<p>Pourtant, cependant, si vous voulez le meilleur des meilleurs, consid\u00e9rez la configuration de 2 400 $ (500 $ de r\u00e9duction). En plus d&rsquo;\u00eatre la meilleure valeur \u00e0 votre disposition ici, sa grande mise \u00e0 niveau est qu&rsquo;elle vous donnera un GPU RTX 5080, l&rsquo;une des meilleures cartes graphiques d&rsquo;ordinateur portable sur le march\u00e9 en ce moment. Peu de jeux pourront pousser cet ordinateur portable \u00e0 ses limites.<\/p>\n<div class=\"pogoClear relative my-10 border-b-(1.5px) border-t-(1.5px) border-dashed border-black py-5 sm:my-14 sm:border-0 sm:py-0\" data-ga-click data-ga-template=\"Deals\" data-ga-module=\"openweb_widget\" data-ga-element=\"openweb_scroll\" data-ga-item=\"openweb_scroll_midpage\" x-data=\"{\n         commentsCount: null,\n         hasComments: false,\n         async fetchCommentsCount() {\n             try {\n                 if (window.openweb &amp;&amp; typeof window.openweb.getMessagesCount === 'function') {\n                     this.commentsCount = await window.openweb.getMessagesCount('01JZP6TTV0R8X2H8HPCSPM2SMX');\n                     this.hasComments = this.commentsCount !== null &amp;&amp; this.commentsCount &gt; 0;\n                 }\n             } catch (e) {\n                 console.warn('Failed to fetch comment count:', e);\n             }\n         }\n     }\" x-init=\"fetchCommentsCount()\" x-cloak><\/p>\n<div class=\"absolute top-1\/2 hidden w-full -translate-y-1\/2 border-t-(1.5px) border-dashed border-black sm:block\"><\/div>\n<div class=\"relative flex justify-center\">\n<div class=\"flex max-w-fit items-center gap-x-3 bg-white px-5\">\n<div class=\"relative\">\n                <span class=\"absolute left-1\/2 top-1\/2 -translate-x-1\/2 -translate-y-1\/2 font-akshar text-sm font-medium text-black\" aria-live=\"polite\" x-show=\"hasComments\" x-text=\"commentsCount\"><\/span><\/p>\n<p>                <svg class=\"h-8 w-8 text-black\" role=\"img\" aria-hidden=\"true\">\n                    <use href=\"http:\/\/lifehacker.com\/images\/icons\/spritemap.svg#sprite-chat-bubble\"><\/use>\n                <\/svg>\n            <\/div>\n<p>            <span class=\"text-sm font-medium text-black\"><\/p>\n<p>                Que pensez-vous jusqu&rsquo;\u00e0 pr\u00e9sent?<br \/>\n                <button class=\"ml-1 font-semibold text-brand-green underline hover:text-brand-green-700\" type=\"button\" aria-label=\"Comment section trigger\" onclick=\"window.openweb.scrollToComments('01JZP6TTV0R8X2H8HPCSPM2SMX')\" x-text=\"hasComments ? 'Post a comment.' : 'Be the first to post a comment.'\"><\/button><br \/>\n            <\/span>\n        <\/div>\n<\/p><\/div>\n<\/div>\n<p>Il existe \u00e9galement quelques autres mod\u00e8les en vente, bien que la consid\u00e9ration de valeur ne soit pas aussi forte. Techniquement, vous pouvez obtenir cet ordinateur portable pour aussi bon march\u00e9 que 1 274 $, mais ce que vous perdez en puissance n&rsquo;en vaut probablement pas la peine. Pourtant, cela vaut la peine de parcourir les autres options pour voir ce qui pourrait vous convenir le mieux.<\/p>\n<p>Il y a de fortes chances que vous trouverez quelque chose qui vous pla\u00eet. Parmi une mer de concurrents, c&rsquo;est l&rsquo;un des ordinateurs portables de jeu de premier jour les plus attrayants, quel que soit votre budget.<\/p>\n<hr>\n<p><em>Vous cherchez autre chose? Des d\u00e9taillants comme Walmart, Best Buy et Home Depot ont des ventes de concurrence de premier ordre qui sont particuli\u00e8rement utiles si vous n&rsquo;avez pas Amazon Prime.<\/em><\/p>\n<ul>\n<li>\n<p><strong><em>Vente de concours de premier jour de Walmart<\/em><\/strong><em>  commence \u00e0 minuit le 8 juillet et comprendra des offres jusqu&rsquo;\u00e0 50% de r\u00e9duction<\/em><em>. C&rsquo;est une option particuli\u00e8rement bonne si vous avez Walmart +. <\/em><\/p>\n<\/li>\n<li>\n<p><strong><em>Vente de concours de grande journ\u00e9e de Best Buy<\/em><\/strong><em>\u00abBlack Friday de juillet\u00bb, se d\u00e9roule jusqu&rsquo;au dimanche 13 juillet et a certaines des meilleures ventes technologiques en ligne<\/em><em>. C&rsquo;est une option particuli\u00e8rement bonne si vous \u00eates un membre \u00abplus\u00bb ou \u00abtotal\u00bb de mon meilleur achat.<\/em><\/p>\n<\/li>\n<li>\n<p><strong><em>Home Depot a prolong\u00e9 sa vente du 4 juillet<\/em><\/strong><em>  \u00e0 travers au moins le 9 juillet, en rivalisant avec ses propres offres incroyables<\/em><em>. C&rsquo;est une option particuli\u00e8rement bonne si vous recherchez des outils \u00e9lectriques, des appareils \u00e9lectrom\u00e9nagers ou des \u00e9quipements en plein air.<\/em><\/p>\n<\/li>\n<\/ul>\n<div class=\" relative flex justify-center py-16 md:left-1\/2 md:w-(780px) md:max-w-max md:-translate-x-1\/2\" x-data=\"{ showAll: false }\">\n<div class=\"w-max text-center sm:text-left\">\n<div class=\"flex flex-col items-center justify-between text-black sm:flex-row sm:px-6\">\n                <span class=\"text-xs italic sm:ml-7 sm:text-sm\">Les offres sont s\u00e9lectionn\u00e9es par notre \u00e9quipe de commerce<\/span><\/p>\n<p>                                    <button class=\"mt-3 flex items-center gap-1 text-center font-akshar font-medium uppercase sm:mt-0 sm:text-sm\" type=\"button\" x-on:click=\"showAll=!showAll\"><br \/>\n                        <span x-show=\"!showAll\"><\/p>\n<p>                            Voir 1 de plus<br \/>\n                        <\/span><\/p>\n<p>                        <span x-show=\"showAll\"><\/p>\n<p>                            Voir 1 de moins<br \/>\n                        <\/span><\/p>\n<p>                        <svg class=\"block size-3 fill-current text-brand-green\" :class=\"{ 'rotate-180': showAll }\">\n                            <use href=\"http:\/\/lifehacker.com\/images\/icons\/spritemap.svg#sprite-chevron-down\"><\/use>\n                        <\/svg><br \/>\n                    <\/button>\n                            <\/div>\n<\/p><\/div>\n<\/p><\/div>\n","protected":false},"excerpt":{"rendered":"<p>Et il est disponible \u00e0 un certain nombre de prix, selon la puissance que vous voulez qu&rsquo;elle soit. Prime Day 2025 est l\u00e0 du mardi<\/p>\n","protected":false},"author":1,"featured_media":8624,"comment_status":"","ping_status":"","sticky":false,"template":"","format":"standard","meta":{"footnotes":""},"categories":[13],"tags":[7188,216,347,76,7666,169,170,81,346,2810,223],"class_list":["post-8623","post","type-post","status-publish","format-standard","has-post-thumbnail","hentry","category-technologie","tag-asus","tag-cet","tag-day","tag-est","tag-gaming","tag-ordinateur","tag-portable","tag-pour","tag-prime","tag-super","tag-vente","generate-columns","tablet-grid-50","mobile-grid-100","grid-parent","grid-33"],"yoast_head":"<!-- This site is optimized with the Yoast SEO plugin v24.0 - https:\/\/yoast.com\/wordpress\/plugins\/seo\/ -->\n<title>Cet ordinateur portable Asus Gaming est super, et il est en vente pour Prime Day | Vie Associative<\/title>\n<meta name=\"robots\" content=\"index, follow, max-snippet:-1, max-image-preview:large, max-video-preview:-1\" \/>\n<link rel=\"canonical\" href=\"https:\/\/vieassociative.be\/actualites\/cet-ordinateur-portable-asus-gaming-est-super-et-il-est-en-vente-pour-prime-day\/\" \/>\n<meta property=\"og:locale\" content=\"fr_FR\" \/>\n<meta property=\"og:type\" content=\"article\" \/>\n<meta property=\"og:title\" content=\"Cet ordinateur portable Asus Gaming est super, et il est en vente pour Prime Day | Vie Associative\" \/>\n<meta property=\"og:description\" content=\"Et il est disponible \u00e0 un certain nombre de prix, selon la puissance que vous voulez qu&rsquo;elle soit. Prime Day 2025 est l\u00e0 du mardi\" \/>\n<meta property=\"og:url\" content=\"https:\/\/vieassociative.be\/actualites\/cet-ordinateur-portable-asus-gaming-est-super-et-il-est-en-vente-pour-prime-day\/\" \/>\n<meta property=\"og:site_name\" content=\"Vie Associative\" \/>\n<meta property=\"article:published_time\" content=\"2025-07-09T01:17:40+00:00\" \/>\n<meta property=\"og:image\" content=\"https:\/\/vieassociative.be\/actualites\/wp-content\/uploads\/2025\/07\/Cet-ordinateur-portable-Asus-Gaming-est-super-et-il-est.jpg\" \/>\n<meta name=\"author\" content=\"Julien\" \/>\n<meta name=\"twitter:card\" content=\"summary_large_image\" \/>\n<meta name=\"twitter:label1\" content=\"\u00c9crit par\" \/>\n\t<meta name=\"twitter:data1\" content=\"Julien\" \/>\n\t<meta name=\"twitter:label2\" content=\"Dur\u00e9e de lecture est.\" \/>\n\t<meta name=\"twitter:data2\" content=\"4 minutes\" \/>\n<script type=\"application\/ld+json\" class=\"yoast-schema-graph\">{\"@context\":\"https:\/\/schema.org\",\"@graph\":[{\"@type\":\"Article\",\"@id\":\"https:\/\/vieassociative.be\/actualites\/cet-ordinateur-portable-asus-gaming-est-super-et-il-est-en-vente-pour-prime-day\/#article\",\"isPartOf\":{\"@id\":\"https:\/\/vieassociative.be\/actualites\/cet-ordinateur-portable-asus-gaming-est-super-et-il-est-en-vente-pour-prime-day\/\"},\"author\":{\"name\":\"Julien\",\"@id\":\"https:\/\/vieassociative.be\/actualites\/#\/schema\/person\/b87ac4f82f9d4e7b7cec7395b679edc4\"},\"headline\":\"Cet ordinateur portable Asus Gaming est super, et il est en vente pour Prime Day\",\"datePublished\":\"2025-07-09T01:17:40+00:00\",\"dateModified\":\"2025-07-09T01:17:40+00:00\",\"mainEntityOfPage\":{\"@id\":\"https:\/\/vieassociative.be\/actualites\/cet-ordinateur-portable-asus-gaming-est-super-et-il-est-en-vente-pour-prime-day\/\"},\"wordCount\":856,\"publisher\":{\"@id\":\"https:\/\/vieassociative.be\/actualites\/#organization\"},\"image\":{\"@id\":\"https:\/\/vieassociative.be\/actualites\/cet-ordinateur-portable-asus-gaming-est-super-et-il-est-en-vente-pour-prime-day\/#primaryimage\"},\"thumbnailUrl\":\"https:\/\/vieassociative.be\/actualites\/wp-content\/uploads\/2025\/07\/Cet-ordinateur-portable-Asus-Gaming-est-super-et-il-est.png\",\"keywords\":[\"Asus\",\"cet\",\"Day\",\"est\",\"Gaming\",\"ordinateur\",\"portable\",\"pour\",\"Prime\",\"Super\",\"vente\"],\"articleSection\":[\"Technologie\"],\"inLanguage\":\"fr-BE\"},{\"@type\":\"WebPage\",\"@id\":\"https:\/\/vieassociative.be\/actualites\/cet-ordinateur-portable-asus-gaming-est-super-et-il-est-en-vente-pour-prime-day\/\",\"url\":\"https:\/\/vieassociative.be\/actualites\/cet-ordinateur-portable-asus-gaming-est-super-et-il-est-en-vente-pour-prime-day\/\",\"name\":\"Cet ordinateur portable Asus Gaming est super, et il est en vente pour Prime Day | Vie Associative\",\"isPartOf\":{\"@id\":\"https:\/\/vieassociative.be\/actualites\/#website\"},\"primaryImageOfPage\":{\"@id\":\"https:\/\/vieassociative.be\/actualites\/cet-ordinateur-portable-asus-gaming-est-super-et-il-est-en-vente-pour-prime-day\/#primaryimage\"},\"image\":{\"@id\":\"https:\/\/vieassociative.be\/actualites\/cet-ordinateur-portable-asus-gaming-est-super-et-il-est-en-vente-pour-prime-day\/#primaryimage\"},\"thumbnailUrl\":\"https:\/\/vieassociative.be\/actualites\/wp-content\/uploads\/2025\/07\/Cet-ordinateur-portable-Asus-Gaming-est-super-et-il-est.png\",\"datePublished\":\"2025-07-09T01:17:40+00:00\",\"dateModified\":\"2025-07-09T01:17:40+00:00\",\"breadcrumb\":{\"@id\":\"https:\/\/vieassociative.be\/actualites\/cet-ordinateur-portable-asus-gaming-est-super-et-il-est-en-vente-pour-prime-day\/#breadcrumb\"},\"inLanguage\":\"fr-BE\",\"potentialAction\":[{\"@type\":\"ReadAction\",\"target\":[\"https:\/\/vieassociative.be\/actualites\/cet-ordinateur-portable-asus-gaming-est-super-et-il-est-en-vente-pour-prime-day\/\"]}]},{\"@type\":\"ImageObject\",\"inLanguage\":\"fr-BE\",\"@id\":\"https:\/\/vieassociative.be\/actualites\/cet-ordinateur-portable-asus-gaming-est-super-et-il-est-en-vente-pour-prime-day\/#primaryimage\",\"url\":\"https:\/\/vieassociative.be\/actualites\/wp-content\/uploads\/2025\/07\/Cet-ordinateur-portable-Asus-Gaming-est-super-et-il-est.png\",\"contentUrl\":\"https:\/\/vieassociative.be\/actualites\/wp-content\/uploads\/2025\/07\/Cet-ordinateur-portable-Asus-Gaming-est-super-et-il-est.png\",\"width\":1200,\"height\":675,\"caption\":\"Cet ordinateur portable Asus Gaming est super, et il est en vente pour Prime Day\"},{\"@type\":\"BreadcrumbList\",\"@id\":\"https:\/\/vieassociative.be\/actualites\/cet-ordinateur-portable-asus-gaming-est-super-et-il-est-en-vente-pour-prime-day\/#breadcrumb\",\"itemListElement\":[{\"@type\":\"ListItem\",\"position\":1,\"name\":\"Accueil\",\"item\":\"https:\/\/vieassociative.be\/actualites\/\"},{\"@type\":\"ListItem\",\"position\":2,\"name\":\"Cet ordinateur portable Asus Gaming est super, et il est en vente pour Prime Day\"}]},{\"@type\":\"WebSite\",\"@id\":\"https:\/\/vieassociative.be\/actualites\/#website\",\"url\":\"https:\/\/vieassociative.be\/actualites\/\",\"name\":\"Vie Associative\",\"description\":\"\",\"publisher\":{\"@id\":\"https:\/\/vieassociative.be\/actualites\/#organization\"},\"potentialAction\":[{\"@type\":\"SearchAction\",\"target\":{\"@type\":\"EntryPoint\",\"urlTemplate\":\"https:\/\/vieassociative.be\/actualites\/?s={search_term_string}\"},\"query-input\":{\"@type\":\"PropertyValueSpecification\",\"valueRequired\":true,\"valueName\":\"search_term_string\"}}],\"inLanguage\":\"fr-BE\"},{\"@type\":\"Organization\",\"@id\":\"https:\/\/vieassociative.be\/actualites\/#organization\",\"name\":\"Vie Associative\",\"url\":\"https:\/\/vieassociative.be\/actualites\/\",\"logo\":{\"@type\":\"ImageObject\",\"inLanguage\":\"fr-BE\",\"@id\":\"https:\/\/vieassociative.be\/actualites\/#\/schema\/logo\/image\/\",\"url\":\"https:\/\/vieassociative.be\/actualites\/wp-content\/uploads\/2024\/09\/cropped-vieassociative_favicon.ico.png\",\"contentUrl\":\"https:\/\/vieassociative.be\/actualites\/wp-content\/uploads\/2024\/09\/cropped-vieassociative_favicon.ico.png\",\"width\":512,\"height\":512,\"caption\":\"Vie Associative\"},\"image\":{\"@id\":\"https:\/\/vieassociative.be\/actualites\/#\/schema\/logo\/image\/\"}},{\"@type\":\"Person\",\"@id\":\"https:\/\/vieassociative.be\/actualites\/#\/schema\/person\/b87ac4f82f9d4e7b7cec7395b679edc4\",\"name\":\"Julien\",\"image\":{\"@type\":\"ImageObject\",\"inLanguage\":\"fr-BE\",\"@id\":\"https:\/\/vieassociative.be\/actualites\/#\/schema\/person\/image\/\",\"url\":\"https:\/\/vieassociative.be\/actualites\/wp-content\/uploads\/2024\/09\/vie-associative-1-150x150.jpg\",\"contentUrl\":\"https:\/\/vieassociative.be\/actualites\/wp-content\/uploads\/2024\/09\/vie-associative-1-150x150.jpg\",\"caption\":\"Julien\"},\"description\":\"Je suis Julien, r\u00e9dacteur pour Vie Associative. Passionn\u00e9 par le monde associatif depuis plus de 10 ans, j'ai \u00e0 c\u0153ur de partager des histoires inspirantes et de mettre en lumi\u00e8re les initiatives locales. Mon objectif est de sensibiliser et d'encourager l'engagement communautaire \u00e0 travers mes articles.\",\"sameAs\":[\"https:\/\/vieassociative.be\/\"]}]}<\/script>\n<!-- \/ Yoast SEO plugin. -->","yoast_head_json":{"title":"Cet ordinateur portable Asus Gaming est super, et il est en vente pour Prime Day | Vie Associative","robots":{"index":"index","follow":"follow","max-snippet":"max-snippet:-1","max-image-preview":"max-image-preview:large","max-video-preview":"max-video-preview:-1"},"canonical":"https:\/\/vieassociative.be\/actualites\/cet-ordinateur-portable-asus-gaming-est-super-et-il-est-en-vente-pour-prime-day\/","og_locale":"fr_FR","og_type":"article","og_title":"Cet ordinateur portable Asus Gaming est super, et il est en vente pour Prime Day | Vie Associative","og_description":"Et il est disponible \u00e0 un certain nombre de prix, selon la puissance que vous voulez qu&rsquo;elle soit. Prime Day 2025 est l\u00e0 du mardi","og_url":"https:\/\/vieassociative.be\/actualites\/cet-ordinateur-portable-asus-gaming-est-super-et-il-est-en-vente-pour-prime-day\/","og_site_name":"Vie Associative","article_published_time":"2025-07-09T01:17:40+00:00","og_image":[{"url":"https:\/\/vieassociative.be\/actualites\/wp-content\/uploads\/2025\/07\/Cet-ordinateur-portable-Asus-Gaming-est-super-et-il-est.jpg","type":"","width":"","height":""}],"author":"Julien","twitter_card":"summary_large_image","twitter_misc":{"\u00c9crit par":"Julien","Dur\u00e9e de lecture est.":"4 minutes"},"schema":{"@context":"https:\/\/schema.org","@graph":[{"@type":"Article","@id":"https:\/\/vieassociative.be\/actualites\/cet-ordinateur-portable-asus-gaming-est-super-et-il-est-en-vente-pour-prime-day\/#article","isPartOf":{"@id":"https:\/\/vieassociative.be\/actualites\/cet-ordinateur-portable-asus-gaming-est-super-et-il-est-en-vente-pour-prime-day\/"},"author":{"name":"Julien","@id":"https:\/\/vieassociative.be\/actualites\/#\/schema\/person\/b87ac4f82f9d4e7b7cec7395b679edc4"},"headline":"Cet ordinateur portable Asus Gaming est super, et il est en vente pour Prime Day","datePublished":"2025-07-09T01:17:40+00:00","dateModified":"2025-07-09T01:17:40+00:00","mainEntityOfPage":{"@id":"https:\/\/vieassociative.be\/actualites\/cet-ordinateur-portable-asus-gaming-est-super-et-il-est-en-vente-pour-prime-day\/"},"wordCount":856,"publisher":{"@id":"https:\/\/vieassociative.be\/actualites\/#organization"},"image":{"@id":"https:\/\/vieassociative.be\/actualites\/cet-ordinateur-portable-asus-gaming-est-super-et-il-est-en-vente-pour-prime-day\/#primaryimage"},"thumbnailUrl":"https:\/\/vieassociative.be\/actualites\/wp-content\/uploads\/2025\/07\/Cet-ordinateur-portable-Asus-Gaming-est-super-et-il-est.png","keywords":["Asus","cet","Day","est","Gaming","ordinateur","portable","pour","Prime","Super","vente"],"articleSection":["Technologie"],"inLanguage":"fr-BE"},{"@type":"WebPage","@id":"https:\/\/vieassociative.be\/actualites\/cet-ordinateur-portable-asus-gaming-est-super-et-il-est-en-vente-pour-prime-day\/","url":"https:\/\/vieassociative.be\/actualites\/cet-ordinateur-portable-asus-gaming-est-super-et-il-est-en-vente-pour-prime-day\/","name":"Cet ordinateur portable Asus Gaming est super, et il est en vente pour Prime Day | Vie Associative","isPartOf":{"@id":"https:\/\/vieassociative.be\/actualites\/#website"},"primaryImageOfPage":{"@id":"https:\/\/vieassociative.be\/actualites\/cet-ordinateur-portable-asus-gaming-est-super-et-il-est-en-vente-pour-prime-day\/#primaryimage"},"image":{"@id":"https:\/\/vieassociative.be\/actualites\/cet-ordinateur-portable-asus-gaming-est-super-et-il-est-en-vente-pour-prime-day\/#primaryimage"},"thumbnailUrl":"https:\/\/vieassociative.be\/actualites\/wp-content\/uploads\/2025\/07\/Cet-ordinateur-portable-Asus-Gaming-est-super-et-il-est.png","datePublished":"2025-07-09T01:17:40+00:00","dateModified":"2025-07-09T01:17:40+00:00","breadcrumb":{"@id":"https:\/\/vieassociative.be\/actualites\/cet-ordinateur-portable-asus-gaming-est-super-et-il-est-en-vente-pour-prime-day\/#breadcrumb"},"inLanguage":"fr-BE","potentialAction":[{"@type":"ReadAction","target":["https:\/\/vieassociative.be\/actualites\/cet-ordinateur-portable-asus-gaming-est-super-et-il-est-en-vente-pour-prime-day\/"]}]},{"@type":"ImageObject","inLanguage":"fr-BE","@id":"https:\/\/vieassociative.be\/actualites\/cet-ordinateur-portable-asus-gaming-est-super-et-il-est-en-vente-pour-prime-day\/#primaryimage","url":"https:\/\/vieassociative.be\/actualites\/wp-content\/uploads\/2025\/07\/Cet-ordinateur-portable-Asus-Gaming-est-super-et-il-est.png","contentUrl":"https:\/\/vieassociative.be\/actualites\/wp-content\/uploads\/2025\/07\/Cet-ordinateur-portable-Asus-Gaming-est-super-et-il-est.png","width":1200,"height":675,"caption":"Cet ordinateur portable Asus Gaming est super, et il est en vente pour Prime Day"},{"@type":"BreadcrumbList","@id":"https:\/\/vieassociative.be\/actualites\/cet-ordinateur-portable-asus-gaming-est-super-et-il-est-en-vente-pour-prime-day\/#breadcrumb","itemListElement":[{"@type":"ListItem","position":1,"name":"Accueil","item":"https:\/\/vieassociative.be\/actualites\/"},{"@type":"ListItem","position":2,"name":"Cet ordinateur portable Asus Gaming est super, et il est en vente pour Prime Day"}]},{"@type":"WebSite","@id":"https:\/\/vieassociative.be\/actualites\/#website","url":"https:\/\/vieassociative.be\/actualites\/","name":"Vie Associative","description":"","publisher":{"@id":"https:\/\/vieassociative.be\/actualites\/#organization"},"potentialAction":[{"@type":"SearchAction","target":{"@type":"EntryPoint","urlTemplate":"https:\/\/vieassociative.be\/actualites\/?s={search_term_string}"},"query-input":{"@type":"PropertyValueSpecification","valueRequired":true,"valueName":"search_term_string"}}],"inLanguage":"fr-BE"},{"@type":"Organization","@id":"https:\/\/vieassociative.be\/actualites\/#organization","name":"Vie Associative","url":"https:\/\/vieassociative.be\/actualites\/","logo":{"@type":"ImageObject","inLanguage":"fr-BE","@id":"https:\/\/vieassociative.be\/actualites\/#\/schema\/logo\/image\/","url":"https:\/\/vieassociative.be\/actualites\/wp-content\/uploads\/2024\/09\/cropped-vieassociative_favicon.ico.png","contentUrl":"https:\/\/vieassociative.be\/actualites\/wp-content\/uploads\/2024\/09\/cropped-vieassociative_favicon.ico.png","width":512,"height":512,"caption":"Vie Associative"},"image":{"@id":"https:\/\/vieassociative.be\/actualites\/#\/schema\/logo\/image\/"}},{"@type":"Person","@id":"https:\/\/vieassociative.be\/actualites\/#\/schema\/person\/b87ac4f82f9d4e7b7cec7395b679edc4","name":"Julien","image":{"@type":"ImageObject","inLanguage":"fr-BE","@id":"https:\/\/vieassociative.be\/actualites\/#\/schema\/person\/image\/","url":"https:\/\/vieassociative.be\/actualites\/wp-content\/uploads\/2024\/09\/vie-associative-1-150x150.jpg","contentUrl":"https:\/\/vieassociative.be\/actualites\/wp-content\/uploads\/2024\/09\/vie-associative-1-150x150.jpg","caption":"Julien"},"description":"Je suis Julien, r\u00e9dacteur pour Vie Associative. Passionn\u00e9 par le monde associatif depuis plus de 10 ans, j'ai \u00e0 c\u0153ur de partager des histoires inspirantes et de mettre en lumi\u00e8re les initiatives locales. Mon objectif est de sensibiliser et d'encourager l'engagement communautaire \u00e0 travers mes articles.","sameAs":["https:\/\/vieassociative.be\/"]}]}},"_links":{"self":[{"href":"https:\/\/vieassociative.be\/actualites\/wp-json\/wp\/v2\/posts\/8623"}],"collection":[{"href":"https:\/\/vieassociative.be\/actualites\/wp-json\/wp\/v2\/posts"}],"about":[{"href":"https:\/\/vieassociative.be\/actualites\/wp-json\/wp\/v2\/types\/post"}],"author":[{"embeddable":true,"href":"https:\/\/vieassociative.be\/actualites\/wp-json\/wp\/v2\/users\/1"}],"replies":[{"embeddable":true,"href":"https:\/\/vieassociative.be\/actualites\/wp-json\/wp\/v2\/comments?post=8623"}],"version-history":[{"count":0,"href":"https:\/\/vieassociative.be\/actualites\/wp-json\/wp\/v2\/posts\/8623\/revisions"}],"wp:featuredmedia":[{"embeddable":true,"href":"https:\/\/vieassociative.be\/actualites\/wp-json\/wp\/v2\/media\/8624"}],"wp:attachment":[{"href":"https:\/\/vieassociative.be\/actualites\/wp-json\/wp\/v2\/media?parent=8623"}],"wp:term":[{"taxonomy":"category","embeddable":true,"href":"https:\/\/vieassociative.be\/actualites\/wp-json\/wp\/v2\/categories?post=8623"},{"taxonomy":"post_tag","embeddable":true,"href":"https:\/\/vieassociative.be\/actualites\/wp-json\/wp\/v2\/tags?post=8623"}],"curies":[{"name":"wp","href":"https:\/\/api.w.org\/{rel}","templated":true}]}}