{"id":862,"date":"2024-10-05T04:19:08","date_gmt":"2024-10-05T02:19:08","guid":{"rendered":"https:\/\/vieassociative.be\/actualites\/12-podcasts-comiques-aussi-intelligents-que-smartless\/"},"modified":"2024-10-05T04:19:08","modified_gmt":"2024-10-05T02:19:08","slug":"12-podcasts-comiques-aussi-intelligents-que-smartless","status":"publish","type":"post","link":"https:\/\/vieassociative.be\/actualites\/12-podcasts-comiques-aussi-intelligents-que-smartless\/","title":{"rendered":"12 podcasts comiques aussi intelligents que SmartLess"},"content":{"rendered":"<div class=\"mt-4 leading-6 md:mb-8\">Obs\u00e9d\u00e9 par Jason Bateman, Sean Hayes et Will Arnett&rsquo;s SmartLess\u00a0? Il y en a plus d&rsquo;o\u00f9 \u00e7a vient.<\/div>\n<p><\/p>\n<p><strong><em>Moins intelligent<\/em><\/strong>  passe une bonne ann\u00e9e. Jason Bateman, Sean Hayes et Will Arnett ont lanc\u00e9 le podcast en 2020, il a \u00e9t\u00e9 acquis par Amazon pour environ 80 millions de dollars en 2021, et cette ann\u00e9e, Max a cr\u00e9\u00e9 un sp\u00e9cial de style documentaire de six \u00e9pisodes apr\u00e8s la tourn\u00e9e nord-am\u00e9ricaine de l&rsquo;\u00e9mission dans six villes. . Il est r\u00e9cemment pass\u00e9 au num\u00e9ro deux du classement Apple Podcasts, juste en dessous <strong><em>Le Quotidien<\/em><\/strong>.<\/p>\n<p>  Cela signifie que si vous lisez ceci, vous savez probablement tout sur la s\u00e9rie, et peut-\u00eatre \u00eates-vous \u00e0 la recherche de quelque chose avec la m\u00eame ambiance : dr\u00f4le, d\u00e9cal\u00e9, conversationnel. Voici 12 podcasts qui ne figurent peut-\u00eatre pas encore dans le top cinq, mais qui ne manqueront pas de vous faire rire.<\/p>\n<hr>\n<h2 id=\"family-trips-with-the-meyers-brothers\">Voyages en famille avec les fr\u00e8res Meyers <\/h2>\n<div class=\"eloquent-imagery-image\">\n<div class=\"flex justify-center\">\n<img decoding=\"async\" class=\"border border-gray-100\" src=\"https:\/\/vieassociative.be\/actualites\/wp-content\/uploads\/2024\/10\/12-podcasts-comiques-aussi-intelligents-que-SmartLess.jpg\" alt=\"Image de pirate de la vie\" width=\"2000\" height=\"2000\" loading=\"lazy\"  >\n<\/div>\n<\/div>\n<p>Seth Meyers et son fr\u00e8re Josh sont les h\u00f4tes de <strong><em>Voyages en famille avec les fr\u00e8res Meyers<\/em><\/strong>un spectacle qui propose aux invit\u00e9s de revivre leurs vacances en famille. Parler de voyages est pour eux une excuse pour avoir des conversations amusantes avec John Oliver, Amy Schumer, Amy Poehler et d&rsquo;autres personnes amusantes (qui ne font pas le tour de tous les autres podcasts de personnes c\u00e9l\u00e8bres). C&rsquo;est un aper\u00e7u des familles et de l&rsquo;enfance de personnes bien connues, avec des r\u00e9cits, des tangentes, des plaisanteries fraternelles entre Seth et Josh et une chanson parodique \u00e9crite sur mesure sur chaque invit\u00e9 \u00e0 la fin de chaque \u00e9pisode.<\/p>\n<hr>\n<h2 id=\"baby-this-is-keke-palmer\">B\u00e9b\u00e9, voici Keke Palmer<\/h2>\n<div class=\"eloquent-imagery-image\">\n<div class=\"flex justify-center\">\n<img decoding=\"async\" class=\"border border-gray-100\" src=\"https:\/\/vieassociative.be\/actualites\/wp-content\/uploads\/2024\/10\/1728094741_892_12-podcasts-comiques-aussi-intelligents-que-SmartLess.jpg\" alt=\"Image de pirate de la vie\" width=\"2000\" height=\"2000\" loading=\"lazy\"  >\n<\/div>\n<\/div>\n<p>Qu&rsquo;est-ce que \u00e7a fait d&rsquo;\u00eatre un entra\u00eeneur de c\u00e9l\u00e9brit\u00e9s ? Quelles s\u00e9ries des ann\u00e9es 90 \u00e9taient en avance sur leur temps ? Pourquoi mentons-nous ? Sur <strong><em>B\u00e9b\u00e9, ce Ts Keke Palmer<\/em>, <\/strong>Keke vient au micro avec des questions et invite des invit\u00e9s (y compris Jordan Peele, Amy Heckerling et John Stamos) pour aider \u00e0 trouver des r\u00e9ponses. La grande personnalit\u00e9 de Keke scintille alors qu&rsquo;elle plonge dans les obsessions qui envahissent son cerveau et les d\u00e9balle, emmenant des personnes amusantes avec elle. Vous apprendrez quelque chose que vous n&rsquo;auriez jamais cru devoir savoir.<\/p>\n<hr>\n<h2 id=\"all-fantasy-everything\">Tout ce qui est fantastique<\/h2>\n<div class=\"eloquent-imagery-image\">\n<div class=\"flex justify-center\">\n<img decoding=\"async\" class=\"border border-gray-100\" src=\"https:\/\/vieassociative.be\/actualites\/wp-content\/uploads\/2024\/10\/1728094741_90_12-podcasts-comiques-aussi-intelligents-que-SmartLess.jpg\" alt=\"Image de pirate de la vie\" width=\"2000\" height=\"2000\" loading=\"lazy\"  >\n<\/div>\n<\/div>\n<p>Sur<em> <strong>Tout ce qui est fantastique<\/strong><\/em>tout peut \u00eatre r\u00e9dig\u00e9 de mani\u00e8re fantastique\u00a0: les noms de chevaux de course, les jetons, les mots qui vous font para\u00eetre stupide, les endroits o\u00f9 dormir qui ne sont pas un lit, les animaux que vous souhaiteriez baiser tout de suite, et m\u00eame les brouillons fantastiques eux-m\u00eames. Les com\u00e9diens Ian Karmel, Sean Jordan et David Gborie organisent une table ronde avec leurs amis, proposant \u00e0 tour de r\u00f4le des projets de listes comme vous n&rsquo;en avez jamais entendu auparavant. Chaque tour est un tremplin vers des histoires farfelues et des tangentes sur les choses sp\u00e9cifiques de la vie que nous aimons, qui nous agacent et que nous faisons quand nous pensons que personne ne nous regarde.<\/p>\n<hr>\n<h2 id=\"straightiolab\">Straightiolab<\/h2>\n<div class=\"eloquent-imagery-image\">\n<div class=\"flex justify-center\">\n<img decoding=\"async\" class=\"border border-gray-100\" src=\"https:\/\/vieassociative.be\/actualites\/wp-content\/uploads\/2024\/10\/1728094743_45_12-podcasts-comiques-aussi-intelligents-que-SmartLess.jpg\" alt=\"Image de pirate de la vie\" width=\"2000\" height=\"2000\" loading=\"lazy\"  >\n<\/div>\n<\/div>\n<p>Les com\u00e9diens George Civeris et Sam Taggart d\u00e9voilent la culture h\u00e9t\u00e9ro une pi\u00e8ce \u00e0 la fois avec l&rsquo;aide d&rsquo;invit\u00e9s amusants sur<em> <strong>Straightiolab<\/strong><\/em>. Leurs conversations, qui sont \u00e0 environ 75 % des tangentes sauvages, sont tellement farfelues qu&rsquo;elles passent du bizarre au totalement g\u00e9nial. Quels que soient les liens scandaleux et t\u00e9nus qu\u2019ils trouvent entre le sujet du jour et l\u2019homosexualit\u00e9, ils d\u00e9bouchent in\u00e9vitablement sur des conversations quasi philosophiques sur le genre. Consid\u00e9rez-le comme une com\u00e9die acad\u00e9mique. Chaque \u00e9mission commence par un segment de jeu idiot qui n&rsquo;a aucun sens (et personne n&rsquo;est autoris\u00e9 \u00e0 poser des questions \u00e0 ce sujet), et George, Sam et les invit\u00e9s terminent chaque \u00e9pisode avec des cris de type TRL. Pour voler George et Sam, \u00ab\u00a0si cet article ne vous donne pas envie d&rsquo;\u00e9couter la s\u00e9rie, alors f\u00e9licitations, vous \u00eates probablement gay.\u00a0\u00bb<\/p>\n<hr>\n<h2 id=\"do-you-need-a-ride\">Avez-vous besoin d&rsquo;un trajet\u00a0?<\/h2>\n<div class=\"eloquent-imagery-image\">\n<div class=\"flex justify-center\">\n<img decoding=\"async\" class=\"border border-gray-100\" src=\"https:\/\/vieassociative.be\/actualites\/wp-content\/uploads\/2024\/10\/1728094743_828_12-podcasts-comiques-aussi-intelligents-que-SmartLess.jpg\" alt=\"Image de pirate de la vie\" width=\"2000\" height=\"2000\" loading=\"lazy\"  >\n<\/div>\n<\/div>\n<p>Vous savez que quelqu&rsquo;un est un bon ami s&rsquo;il vient vous chercher \u00e0 l&rsquo;a\u00e9roport. Habituellement, c&rsquo;est une demande \u00e9norme. Mais si vous faites la navette entre certains des plus grands com\u00e9diens de Los Angeles, c&rsquo;est de la mati\u00e8re pour un podcast outrageusement dr\u00f4le. Sur <em><strong>Avez-vous besoin d&rsquo;un trajet<\/strong>,<\/em> Les com\u00e9diens Chris Fairbanks et Karen Kilgariff r\u00e9cup\u00e8rent des invit\u00e9s comme Margaret Cho, Reggie Watts, Jackie Kashian et Ron Funches et les ram\u00e8nent chez eux en toute s\u00e9curit\u00e9, d&rsquo;une mani\u00e8re ou d&rsquo;une autre. (Cela semble risqu\u00e9 que leur studio d&rsquo;enregistrement soit leur voiture.) Leurs conversations sont aussi l\u00e9g\u00e8res que celles que vous auriez avec votre ami lors d&rsquo;un road trip, aussi l\u00e9g\u00e8res que le vent de Los Angeles embrassant les joues de Chris et Karen alors qu&rsquo;ils p\u00e9dalent vers la m\u00e9daille, fen\u00eatres baiss\u00e9es, parler de chiens sur Benadryl, de sp\u00e9l\u00e9ologie ivre, de l&rsquo;hologramme de Tupac, des beaux mecs <em>Point de rupture<\/em>et plus encore. <\/p>\n<hr>\n<h2 id=\"lady-to-lady\">Dame \u00e0 Dame<\/h2>\n<div class=\"eloquent-imagery-image\">\n<div class=\"flex justify-center\">\n<img decoding=\"async\" class=\"border border-gray-100\" src=\"https:\/\/vieassociative.be\/actualites\/wp-content\/uploads\/2024\/10\/1728094744_62_12-podcasts-comiques-aussi-intelligents-que-SmartLess.jpg\" alt=\"Image de pirate de la vie\" width=\"2000\" height=\"2000\" loading=\"lazy\"  >\n<\/div>\n<\/div>\n<p><strong><em>Dame \u00e0 Dame<\/em><\/strong>  c&rsquo;est comme une soir\u00e9e pyjama avec vos meilleures amies Brandie Posey, Barbara Gray et Tess Barker. Le trio organise des discussions amusantes remplies de blagues et de segments idiots tir\u00e9s des f\u00eates d&rsquo;anniversaire de votre enfance. Les invit\u00e9s viennent jouer le jeu et \u00e0 la fin, le segment \u00ab Lady Problems \u00bb r\u00e9pond aux questions des auditeurs avec des conseils amusants mais utiles. De temps en temps, les dames font des \u00e9pisodes en solo, des discussions informelles sur leur vie qui sont en quelque sorte 10 fois plus divertissantes que la mienne. <\/p>\n<hr>\n<h2 id=\"endless-honeymoon\">Lune de miel sans fin<\/h2>\n<div class=\"eloquent-imagery-image\">\n<div class=\"flex justify-center\">\n<img decoding=\"async\" class=\"border border-gray-100\" src=\"https:\/\/vieassociative.be\/actualites\/wp-content\/uploads\/2024\/10\/1728094745_882_12-podcasts-comiques-aussi-intelligents-que-SmartLess.jpg\" alt=\"Image de pirate de la vie\" width=\"2000\" height=\"2000\" loading=\"lazy\"  >\n<\/div>\n<\/div>\n<p>Natasha Leggero et Moshe Kasher sont des com\u00e9diens dr\u00f4les en soi, mais ensemble, ils sont magiques. Leur podcast commun <strong><em>Lune de miel sans fin<\/em><\/strong> est une \u00e9mission relationnelle pleine de rires qui donne des conseils totalement non filtr\u00e9s aux appelants sur la fa\u00e7on de favoriser les amiti\u00e9s avec le sexe oppos\u00e9, sur ce qu&rsquo;il faut faire en cas de partenaire flatulent, et plus encore, tout en offrant un aper\u00e7u de leur propre relation. Si vous vous \u00eates d\u00e9j\u00e0 demand\u00e9 ce que \u00e7a fait d&rsquo;\u00eatre mari\u00e9 \u00e0 un com\u00e9dien, cette s\u00e9rie semble plut\u00f4t amusante.<\/p>\n<hr>\n<h2 id=\"dont-panic\">Ne pas paniquer<\/h2>\n<div class=\"eloquent-imagery-image\">\n<div class=\"flex justify-center\">\n<img decoding=\"async\" class=\"border border-gray-100\" src=\"https:\/\/vieassociative.be\/actualites\/wp-content\/uploads\/2024\/10\/1728094745_816_12-podcasts-comiques-aussi-intelligents-que-SmartLess.jpg\" alt=\"Image de pirate de la vie\" width=\"2000\" height=\"2000\" loading=\"lazy\"  >\n<\/div>\n<\/div>\n<p>Anthony Atamanuik a cr\u00e9\u00e9 un podcast sur l&rsquo;anxi\u00e9t\u00e9 qui va bien plus que donner des conseils sur la fa\u00e7on d&rsquo;y faire face, ou d&rsquo;interroger des filles patronnes ou des amis de la technologie qui pr\u00e9tendent l&rsquo;avoir surmont\u00e9e. <em><strong>Ne pas paniquer<\/strong> <\/em>est une \u00e9mission de vari\u00e9t\u00e9s qui am\u00e8ne les invit\u00e9s \u00e0 r\u00e9fl\u00e9chir aux pires sc\u00e9narios de la vie, et le riche paysage sonore vous donne l&rsquo;impression de vivre vous-m\u00eame la catastrophe. Des conseils sont propos\u00e9s, alors essayez de vous en souvenir si jamais vous \u00eates attaqu\u00e9 par un essaim d&rsquo;abeilles ou si vous lancez accidentellement votre voiture dans un lac. En fin de compte, vous pourriez mourir. Anthony et ses invit\u00e9s pourraient le faire aussi. J&rsquo;esp\u00e8re que tu t&rsquo;en sortiras vivant. <\/p>\n<hr>\n<h2 id=\"double-threat-with-julie-klausner-amp-tom-scharpling\">Double menace avec Julie Klausner et Tom Scharpling<\/h2>\n<div class=\"eloquent-imagery-image\">\n<div class=\"flex justify-center\">\n<img decoding=\"async\" class=\"border border-gray-100\" src=\"https:\/\/vieassociative.be\/actualites\/wp-content\/uploads\/2024\/10\/1728094746_926_12-podcasts-comiques-aussi-intelligents-que-SmartLess.jpg\" alt=\"Image de pirate de la vie\" width=\"2000\" height=\"2000\" loading=\"lazy\"  >\n<\/div>\n<\/div>\n<p>Sur<em> <strong>Double menace<\/strong><\/em>les l\u00e9gendes de la com\u00e9die Julie Klausner (Hulu&rsquo;s <em>Personnes difficiles<\/em>) et Tom Scharpling (<strong><em>Le meilleur spectacle<\/em><\/strong>) faites \u00e9quipe pour une \u00e9mission de vari\u00e9t\u00e9s longue, pleine de rires et souvent compl\u00e8tement bizarre, pleine de chants, de sketchs et de conversations sur des sujets tendances dans la culture pop, du nouveau g\u00e2teau \u00e0 la cr\u00e8me glac\u00e9e de Carvel, aux oignons de Liza Minelli, en passant par les personnages de films effrayants, \u00e0 Ted Cruz qui se fait lancer une canette de bi\u00e8re. Des invit\u00e9s comme Alan Cumming et Ricki Lake viennent pour des conversations complexes et folles.<\/p>\n<hr>\n<h2 id=\"hollywood-handbook\">Manuel d&rsquo;Hollywood<\/h2>\n<div class=\"eloquent-imagery-image\">\n<div class=\"flex justify-center\">\n<img decoding=\"async\" class=\"border border-gray-100\" src=\"https:\/\/vieassociative.be\/actualites\/wp-content\/uploads\/2024\/10\/1728094746_880_12-podcasts-comiques-aussi-intelligents-que-SmartLess.jpg\" alt=\"Image de pirate de la vie\" width=\"2000\" height=\"2000\" loading=\"lazy\"  >\n<\/div>\n<\/div>\n<p><em><strong>Manuel d&rsquo;Hollywood<\/strong> <\/em>pr\u00e9tend \u00eatre \u00ab un guide d\u2019initi\u00e9 pour r\u00e9aliser vos r\u00eaves de showbiz, r\u00e9dig\u00e9 par deux it-boys de premier plan qui vivent les leurs \u00bb. Mais ce serait ennuyeux. Au lieu de cela, les animateurs Hayes Davenport et Sean Clements taquinent l&rsquo;id\u00e9e, invitant des c\u00e9l\u00e9brit\u00e9s de Kumail Nanjiani \u00e0 Aubrey Plaza pour parler de leurs projets, oui, mais pendant tout ce temps, ils jouent le r\u00f4le de deux personnes mourant d&rsquo;envie d&rsquo;entrer dans l&rsquo;industrie. C&rsquo;est plein de blagues, de gags et de sketchs improvis\u00e9s qui racontent une histoire sur la c\u00e9l\u00e9brit\u00e9 &#8211; et c&rsquo;est \u00e0 vous de d\u00e9couvrir dans quelle mesure cela est r\u00e9el. <\/p>\n<hr>\n<h2 id=\"doughboys\">Doughboys<\/h2>\n<div class=\"eloquent-imagery-image\">\n<div class=\"flex justify-center\">\n<img decoding=\"async\" class=\"border border-gray-100\" src=\"https:\/\/vieassociative.be\/actualites\/wp-content\/uploads\/2024\/10\/1728094747_591_12-podcasts-comiques-aussi-intelligents-que-SmartLess.jpg\" alt=\"Image de pirate de la vie\" width=\"2000\" height=\"2000\" loading=\"lazy\"  >\n<\/div>\n<\/div>\n<p><strong><em>Doughboys<\/em><\/strong>  est une \u00e9mission qui propose des critiques dr\u00f4les mais s\u00e9rieuses de fast-food par le duo Mike Mitchell et Nick Wiger. Les gars font appel \u00e0 d&rsquo;autres com\u00e9diens pour faire l&rsquo;\u00e9loge ou r\u00f4tir totalement des produits de base de cha\u00eenes nationales comme Taco Bell et de spots plus localis\u00e9s comme Del Taco. Les \u00e9pisodes sont longs\u00a0: ils commencent par un bref historique de l&rsquo;\u00e9tablissement, de nombreuses plaisanteries entre Mike, Nick et l&rsquo;invit\u00e9, et un aper\u00e7u long et d\u00e9taill\u00e9 de la nourriture (ce qui a \u00e9t\u00e9 command\u00e9 et comment les tarifs conjoints sur un 5 fourchettes). \u00e9chelle). Plus vous \u00e9coutez, plus vous apprenez \u00e0 conna\u00eetre Mike et Nick et leur dynamique combative, et vous r\u00e9alisez que cette \u00e9mission parle autant de leur amiti\u00e9 que des hamburgers. <\/p>\n<hr>\n<h2 id=\"bombing-with-eric-andre\">Bombardement avec Eric Andre<\/h2>\n<div class=\"eloquent-imagery-image\">\n<div class=\"flex justify-center\">\n<img decoding=\"async\" class=\"border border-gray-100\" src=\"https:\/\/vieassociative.be\/actualites\/wp-content\/uploads\/2024\/10\/1728094748_408_12-podcasts-comiques-aussi-intelligents-que-SmartLess.jpg\" alt=\"Logo du podcast\" width=\"2000\" height=\"2000\" loading=\"lazy\"  >\n<\/div>\n<\/div>\n<p>Ce com\u00e9dien, acteur et animateur de <em>Le spectacle d&rsquo;\u00c9ric Andr\u00e9<\/em> Eric Andre est l&rsquo;animateur du tout nouveau <strong><em>Bombardement avec Eric Andre<\/em><\/strong>une plateforme qui lui donne un espace pour passer du temps avec des amis, parler d&rsquo;\u00e9chec et partager des histoires dr\u00f4les sur les bombardements sur sc\u00e8ne et dans la vie publique et en g\u00e9n\u00e9ral. Dans le premier \u00e9pisode, disponible maintenant, Eric fait appel \u00e0 Michelle Buteau, et les deux partagent des histoires sur leurs d\u00e9buts dans le stand-up : faire pipi dans des bouteilles et faire des spectacles ivres devant des foules peu reconnaissantes. Le spectacle utilise des \u00e9l\u00e9ments de production ludiques pour donner aux histoires une couche de vraisemblance, mais les histoires n&rsquo;en ont pas besoin. Bombarder, ce n&rsquo;est pas lutter contre l&rsquo;\u00e9chec, c&rsquo;est s&rsquo;en r\u00e9jouir. <\/p>\n","protected":false},"excerpt":{"rendered":"<p>Obs\u00e9d\u00e9 par Jason Bateman, Sean Hayes et Will Arnett&rsquo;s SmartLess\u00a0? Il y en a plus d&rsquo;o\u00f9 \u00e7a vient. Moins intelligent passe une bonne ann\u00e9e. Jason<\/p>\n","protected":false},"author":1,"featured_media":863,"comment_status":"","ping_status":"","sticky":false,"template":"","format":"standard","meta":{"footnotes":""},"categories":[36],"tags":[1350,1349,452,158,1351],"class_list":["post-862","post","type-post","status-publish","format-standard","has-post-thumbnail","hentry","category-divertissement","tag-aussi","tag-comiques","tag-intelligents","tag-podcasts","tag-smartless","generate-columns","tablet-grid-50","mobile-grid-100","grid-parent","grid-33"],"yoast_head":"<!-- This site is optimized with the Yoast SEO plugin v24.0 - https:\/\/yoast.com\/wordpress\/plugins\/seo\/ -->\n<title>12 podcasts comiques aussi intelligents que SmartLess | Vie Associative<\/title>\n<meta name=\"robots\" content=\"index, follow, max-snippet:-1, max-image-preview:large, max-video-preview:-1\" \/>\n<link rel=\"canonical\" href=\"https:\/\/vieassociative.be\/actualites\/12-podcasts-comiques-aussi-intelligents-que-smartless\/\" \/>\n<meta property=\"og:locale\" content=\"fr_FR\" \/>\n<meta property=\"og:type\" content=\"article\" \/>\n<meta property=\"og:title\" content=\"12 podcasts comiques aussi intelligents que SmartLess | Vie Associative\" \/>\n<meta property=\"og:description\" content=\"Obs\u00e9d\u00e9 par Jason Bateman, Sean Hayes et Will Arnett&rsquo;s SmartLess\u00a0? Il y en a plus d&rsquo;o\u00f9 \u00e7a vient. Moins intelligent passe une bonne ann\u00e9e. Jason\" \/>\n<meta property=\"og:url\" content=\"https:\/\/vieassociative.be\/actualites\/12-podcasts-comiques-aussi-intelligents-que-smartless\/\" \/>\n<meta property=\"og:site_name\" content=\"Vie Associative\" \/>\n<meta property=\"article:published_time\" content=\"2024-10-05T02:19:08+00:00\" \/>\n<meta property=\"og:image\" content=\"https:\/\/vieassociative.be\/actualites\/wp-content\/uploads\/2024\/10\/12-podcasts-comiques-aussi-intelligents-que-SmartLess.jpg\" \/>\n<meta name=\"author\" content=\"Julien\" \/>\n<meta name=\"twitter:card\" content=\"summary_large_image\" \/>\n<meta name=\"twitter:label1\" content=\"\u00c9crit par\" \/>\n\t<meta name=\"twitter:data1\" content=\"Julien\" \/>\n\t<meta name=\"twitter:label2\" content=\"Dur\u00e9e de lecture est.\" \/>\n\t<meta name=\"twitter:data2\" content=\"8 minutes\" \/>\n<script type=\"application\/ld+json\" class=\"yoast-schema-graph\">{\"@context\":\"https:\/\/schema.org\",\"@graph\":[{\"@type\":\"Article\",\"@id\":\"https:\/\/vieassociative.be\/actualites\/12-podcasts-comiques-aussi-intelligents-que-smartless\/#article\",\"isPartOf\":{\"@id\":\"https:\/\/vieassociative.be\/actualites\/12-podcasts-comiques-aussi-intelligents-que-smartless\/\"},\"author\":{\"name\":\"Julien\",\"@id\":\"https:\/\/vieassociative.be\/actualites\/#\/schema\/person\/b87ac4f82f9d4e7b7cec7395b679edc4\"},\"headline\":\"12 podcasts comiques aussi intelligents que SmartLess\",\"datePublished\":\"2024-10-05T02:19:08+00:00\",\"dateModified\":\"2024-10-05T02:19:08+00:00\",\"mainEntityOfPage\":{\"@id\":\"https:\/\/vieassociative.be\/actualites\/12-podcasts-comiques-aussi-intelligents-que-smartless\/\"},\"wordCount\":1749,\"publisher\":{\"@id\":\"https:\/\/vieassociative.be\/actualites\/#organization\"},\"image\":{\"@id\":\"https:\/\/vieassociative.be\/actualites\/12-podcasts-comiques-aussi-intelligents-que-smartless\/#primaryimage\"},\"thumbnailUrl\":\"https:\/\/vieassociative.be\/actualites\/wp-content\/uploads\/2024\/10\/1728094749_12-podcasts-comiques-aussi-intelligents-que-SmartLess.jpg\",\"keywords\":[\"aussi\",\"comiques\",\"intelligents\",\"podcasts\",\"SmartLess\"],\"articleSection\":[\"Divertissement\"],\"inLanguage\":\"fr-BE\"},{\"@type\":\"WebPage\",\"@id\":\"https:\/\/vieassociative.be\/actualites\/12-podcasts-comiques-aussi-intelligents-que-smartless\/\",\"url\":\"https:\/\/vieassociative.be\/actualites\/12-podcasts-comiques-aussi-intelligents-que-smartless\/\",\"name\":\"12 podcasts comiques aussi intelligents que SmartLess | Vie Associative\",\"isPartOf\":{\"@id\":\"https:\/\/vieassociative.be\/actualites\/#website\"},\"primaryImageOfPage\":{\"@id\":\"https:\/\/vieassociative.be\/actualites\/12-podcasts-comiques-aussi-intelligents-que-smartless\/#primaryimage\"},\"image\":{\"@id\":\"https:\/\/vieassociative.be\/actualites\/12-podcasts-comiques-aussi-intelligents-que-smartless\/#primaryimage\"},\"thumbnailUrl\":\"https:\/\/vieassociative.be\/actualites\/wp-content\/uploads\/2024\/10\/1728094749_12-podcasts-comiques-aussi-intelligents-que-SmartLess.jpg\",\"datePublished\":\"2024-10-05T02:19:08+00:00\",\"dateModified\":\"2024-10-05T02:19:08+00:00\",\"breadcrumb\":{\"@id\":\"https:\/\/vieassociative.be\/actualites\/12-podcasts-comiques-aussi-intelligents-que-smartless\/#breadcrumb\"},\"inLanguage\":\"fr-BE\",\"potentialAction\":[{\"@type\":\"ReadAction\",\"target\":[\"https:\/\/vieassociative.be\/actualites\/12-podcasts-comiques-aussi-intelligents-que-smartless\/\"]}]},{\"@type\":\"ImageObject\",\"inLanguage\":\"fr-BE\",\"@id\":\"https:\/\/vieassociative.be\/actualites\/12-podcasts-comiques-aussi-intelligents-que-smartless\/#primaryimage\",\"url\":\"https:\/\/vieassociative.be\/actualites\/wp-content\/uploads\/2024\/10\/1728094749_12-podcasts-comiques-aussi-intelligents-que-SmartLess.jpg\",\"contentUrl\":\"https:\/\/vieassociative.be\/actualites\/wp-content\/uploads\/2024\/10\/1728094749_12-podcasts-comiques-aussi-intelligents-que-SmartLess.jpg\",\"width\":1200,\"height\":675,\"caption\":\"12 podcasts comiques aussi intelligents que SmartLess\"},{\"@type\":\"BreadcrumbList\",\"@id\":\"https:\/\/vieassociative.be\/actualites\/12-podcasts-comiques-aussi-intelligents-que-smartless\/#breadcrumb\",\"itemListElement\":[{\"@type\":\"ListItem\",\"position\":1,\"name\":\"Accueil\",\"item\":\"https:\/\/vieassociative.be\/actualites\/\"},{\"@type\":\"ListItem\",\"position\":2,\"name\":\"12 podcasts comiques aussi intelligents que SmartLess\"}]},{\"@type\":\"WebSite\",\"@id\":\"https:\/\/vieassociative.be\/actualites\/#website\",\"url\":\"https:\/\/vieassociative.be\/actualites\/\",\"name\":\"Vie Associative\",\"description\":\"\",\"publisher\":{\"@id\":\"https:\/\/vieassociative.be\/actualites\/#organization\"},\"potentialAction\":[{\"@type\":\"SearchAction\",\"target\":{\"@type\":\"EntryPoint\",\"urlTemplate\":\"https:\/\/vieassociative.be\/actualites\/?s={search_term_string}\"},\"query-input\":{\"@type\":\"PropertyValueSpecification\",\"valueRequired\":true,\"valueName\":\"search_term_string\"}}],\"inLanguage\":\"fr-BE\"},{\"@type\":\"Organization\",\"@id\":\"https:\/\/vieassociative.be\/actualites\/#organization\",\"name\":\"Vie Associative\",\"url\":\"https:\/\/vieassociative.be\/actualites\/\",\"logo\":{\"@type\":\"ImageObject\",\"inLanguage\":\"fr-BE\",\"@id\":\"https:\/\/vieassociative.be\/actualites\/#\/schema\/logo\/image\/\",\"url\":\"https:\/\/vieassociative.be\/actualites\/wp-content\/uploads\/2024\/09\/cropped-vieassociative_favicon.ico.png\",\"contentUrl\":\"https:\/\/vieassociative.be\/actualites\/wp-content\/uploads\/2024\/09\/cropped-vieassociative_favicon.ico.png\",\"width\":512,\"height\":512,\"caption\":\"Vie Associative\"},\"image\":{\"@id\":\"https:\/\/vieassociative.be\/actualites\/#\/schema\/logo\/image\/\"}},{\"@type\":\"Person\",\"@id\":\"https:\/\/vieassociative.be\/actualites\/#\/schema\/person\/b87ac4f82f9d4e7b7cec7395b679edc4\",\"name\":\"Julien\",\"image\":{\"@type\":\"ImageObject\",\"inLanguage\":\"fr-BE\",\"@id\":\"https:\/\/vieassociative.be\/actualites\/#\/schema\/person\/image\/\",\"url\":\"https:\/\/vieassociative.be\/actualites\/wp-content\/uploads\/2024\/09\/vie-associative-1-150x150.jpg\",\"contentUrl\":\"https:\/\/vieassociative.be\/actualites\/wp-content\/uploads\/2024\/09\/vie-associative-1-150x150.jpg\",\"caption\":\"Julien\"},\"description\":\"Je suis Julien, r\u00e9dacteur pour Vie Associative. Passionn\u00e9 par le monde associatif depuis plus de 10 ans, j'ai \u00e0 c\u0153ur de partager des histoires inspirantes et de mettre en lumi\u00e8re les initiatives locales. Mon objectif est de sensibiliser et d'encourager l'engagement communautaire \u00e0 travers mes articles.\",\"sameAs\":[\"https:\/\/vieassociative.be\/\"]}]}<\/script>\n<!-- \/ Yoast SEO plugin. -->","yoast_head_json":{"title":"12 podcasts comiques aussi intelligents que SmartLess | Vie Associative","robots":{"index":"index","follow":"follow","max-snippet":"max-snippet:-1","max-image-preview":"max-image-preview:large","max-video-preview":"max-video-preview:-1"},"canonical":"https:\/\/vieassociative.be\/actualites\/12-podcasts-comiques-aussi-intelligents-que-smartless\/","og_locale":"fr_FR","og_type":"article","og_title":"12 podcasts comiques aussi intelligents que SmartLess | Vie Associative","og_description":"Obs\u00e9d\u00e9 par Jason Bateman, Sean Hayes et Will Arnett&rsquo;s SmartLess\u00a0? Il y en a plus d&rsquo;o\u00f9 \u00e7a vient. Moins intelligent passe une bonne ann\u00e9e. Jason","og_url":"https:\/\/vieassociative.be\/actualites\/12-podcasts-comiques-aussi-intelligents-que-smartless\/","og_site_name":"Vie Associative","article_published_time":"2024-10-05T02:19:08+00:00","og_image":[{"url":"https:\/\/vieassociative.be\/actualites\/wp-content\/uploads\/2024\/10\/12-podcasts-comiques-aussi-intelligents-que-SmartLess.jpg","type":"","width":"","height":""}],"author":"Julien","twitter_card":"summary_large_image","twitter_misc":{"\u00c9crit par":"Julien","Dur\u00e9e de lecture est.":"8 minutes"},"schema":{"@context":"https:\/\/schema.org","@graph":[{"@type":"Article","@id":"https:\/\/vieassociative.be\/actualites\/12-podcasts-comiques-aussi-intelligents-que-smartless\/#article","isPartOf":{"@id":"https:\/\/vieassociative.be\/actualites\/12-podcasts-comiques-aussi-intelligents-que-smartless\/"},"author":{"name":"Julien","@id":"https:\/\/vieassociative.be\/actualites\/#\/schema\/person\/b87ac4f82f9d4e7b7cec7395b679edc4"},"headline":"12 podcasts comiques aussi intelligents que SmartLess","datePublished":"2024-10-05T02:19:08+00:00","dateModified":"2024-10-05T02:19:08+00:00","mainEntityOfPage":{"@id":"https:\/\/vieassociative.be\/actualites\/12-podcasts-comiques-aussi-intelligents-que-smartless\/"},"wordCount":1749,"publisher":{"@id":"https:\/\/vieassociative.be\/actualites\/#organization"},"image":{"@id":"https:\/\/vieassociative.be\/actualites\/12-podcasts-comiques-aussi-intelligents-que-smartless\/#primaryimage"},"thumbnailUrl":"https:\/\/vieassociative.be\/actualites\/wp-content\/uploads\/2024\/10\/1728094749_12-podcasts-comiques-aussi-intelligents-que-SmartLess.jpg","keywords":["aussi","comiques","intelligents","podcasts","SmartLess"],"articleSection":["Divertissement"],"inLanguage":"fr-BE"},{"@type":"WebPage","@id":"https:\/\/vieassociative.be\/actualites\/12-podcasts-comiques-aussi-intelligents-que-smartless\/","url":"https:\/\/vieassociative.be\/actualites\/12-podcasts-comiques-aussi-intelligents-que-smartless\/","name":"12 podcasts comiques aussi intelligents que SmartLess | Vie Associative","isPartOf":{"@id":"https:\/\/vieassociative.be\/actualites\/#website"},"primaryImageOfPage":{"@id":"https:\/\/vieassociative.be\/actualites\/12-podcasts-comiques-aussi-intelligents-que-smartless\/#primaryimage"},"image":{"@id":"https:\/\/vieassociative.be\/actualites\/12-podcasts-comiques-aussi-intelligents-que-smartless\/#primaryimage"},"thumbnailUrl":"https:\/\/vieassociative.be\/actualites\/wp-content\/uploads\/2024\/10\/1728094749_12-podcasts-comiques-aussi-intelligents-que-SmartLess.jpg","datePublished":"2024-10-05T02:19:08+00:00","dateModified":"2024-10-05T02:19:08+00:00","breadcrumb":{"@id":"https:\/\/vieassociative.be\/actualites\/12-podcasts-comiques-aussi-intelligents-que-smartless\/#breadcrumb"},"inLanguage":"fr-BE","potentialAction":[{"@type":"ReadAction","target":["https:\/\/vieassociative.be\/actualites\/12-podcasts-comiques-aussi-intelligents-que-smartless\/"]}]},{"@type":"ImageObject","inLanguage":"fr-BE","@id":"https:\/\/vieassociative.be\/actualites\/12-podcasts-comiques-aussi-intelligents-que-smartless\/#primaryimage","url":"https:\/\/vieassociative.be\/actualites\/wp-content\/uploads\/2024\/10\/1728094749_12-podcasts-comiques-aussi-intelligents-que-SmartLess.jpg","contentUrl":"https:\/\/vieassociative.be\/actualites\/wp-content\/uploads\/2024\/10\/1728094749_12-podcasts-comiques-aussi-intelligents-que-SmartLess.jpg","width":1200,"height":675,"caption":"12 podcasts comiques aussi intelligents que SmartLess"},{"@type":"BreadcrumbList","@id":"https:\/\/vieassociative.be\/actualites\/12-podcasts-comiques-aussi-intelligents-que-smartless\/#breadcrumb","itemListElement":[{"@type":"ListItem","position":1,"name":"Accueil","item":"https:\/\/vieassociative.be\/actualites\/"},{"@type":"ListItem","position":2,"name":"12 podcasts comiques aussi intelligents que SmartLess"}]},{"@type":"WebSite","@id":"https:\/\/vieassociative.be\/actualites\/#website","url":"https:\/\/vieassociative.be\/actualites\/","name":"Vie Associative","description":"","publisher":{"@id":"https:\/\/vieassociative.be\/actualites\/#organization"},"potentialAction":[{"@type":"SearchAction","target":{"@type":"EntryPoint","urlTemplate":"https:\/\/vieassociative.be\/actualites\/?s={search_term_string}"},"query-input":{"@type":"PropertyValueSpecification","valueRequired":true,"valueName":"search_term_string"}}],"inLanguage":"fr-BE"},{"@type":"Organization","@id":"https:\/\/vieassociative.be\/actualites\/#organization","name":"Vie Associative","url":"https:\/\/vieassociative.be\/actualites\/","logo":{"@type":"ImageObject","inLanguage":"fr-BE","@id":"https:\/\/vieassociative.be\/actualites\/#\/schema\/logo\/image\/","url":"https:\/\/vieassociative.be\/actualites\/wp-content\/uploads\/2024\/09\/cropped-vieassociative_favicon.ico.png","contentUrl":"https:\/\/vieassociative.be\/actualites\/wp-content\/uploads\/2024\/09\/cropped-vieassociative_favicon.ico.png","width":512,"height":512,"caption":"Vie Associative"},"image":{"@id":"https:\/\/vieassociative.be\/actualites\/#\/schema\/logo\/image\/"}},{"@type":"Person","@id":"https:\/\/vieassociative.be\/actualites\/#\/schema\/person\/b87ac4f82f9d4e7b7cec7395b679edc4","name":"Julien","image":{"@type":"ImageObject","inLanguage":"fr-BE","@id":"https:\/\/vieassociative.be\/actualites\/#\/schema\/person\/image\/","url":"https:\/\/vieassociative.be\/actualites\/wp-content\/uploads\/2024\/09\/vie-associative-1-150x150.jpg","contentUrl":"https:\/\/vieassociative.be\/actualites\/wp-content\/uploads\/2024\/09\/vie-associative-1-150x150.jpg","caption":"Julien"},"description":"Je suis Julien, r\u00e9dacteur pour Vie Associative. Passionn\u00e9 par le monde associatif depuis plus de 10 ans, j'ai \u00e0 c\u0153ur de partager des histoires inspirantes et de mettre en lumi\u00e8re les initiatives locales. Mon objectif est de sensibiliser et d'encourager l'engagement communautaire \u00e0 travers mes articles.","sameAs":["https:\/\/vieassociative.be\/"]}]}},"_links":{"self":[{"href":"https:\/\/vieassociative.be\/actualites\/wp-json\/wp\/v2\/posts\/862"}],"collection":[{"href":"https:\/\/vieassociative.be\/actualites\/wp-json\/wp\/v2\/posts"}],"about":[{"href":"https:\/\/vieassociative.be\/actualites\/wp-json\/wp\/v2\/types\/post"}],"author":[{"embeddable":true,"href":"https:\/\/vieassociative.be\/actualites\/wp-json\/wp\/v2\/users\/1"}],"replies":[{"embeddable":true,"href":"https:\/\/vieassociative.be\/actualites\/wp-json\/wp\/v2\/comments?post=862"}],"version-history":[{"count":0,"href":"https:\/\/vieassociative.be\/actualites\/wp-json\/wp\/v2\/posts\/862\/revisions"}],"wp:featuredmedia":[{"embeddable":true,"href":"https:\/\/vieassociative.be\/actualites\/wp-json\/wp\/v2\/media\/863"}],"wp:attachment":[{"href":"https:\/\/vieassociative.be\/actualites\/wp-json\/wp\/v2\/media?parent=862"}],"wp:term":[{"taxonomy":"category","embeddable":true,"href":"https:\/\/vieassociative.be\/actualites\/wp-json\/wp\/v2\/categories?post=862"},{"taxonomy":"post_tag","embeddable":true,"href":"https:\/\/vieassociative.be\/actualites\/wp-json\/wp\/v2\/tags?post=862"}],"curies":[{"name":"wp","href":"https:\/\/api.w.org\/{rel}","templated":true}]}}