{"id":8619,"date":"2025-07-08T22:17:42","date_gmt":"2025-07-08T20:17:42","guid":{"rendered":"https:\/\/vieassociative.be\/actualites\/pogacar-le-plus-rapide-dans-une-finition-folle\/"},"modified":"2025-07-08T22:17:42","modified_gmt":"2025-07-08T20:17:42","slug":"pogacar-le-plus-rapide-dans-une-finition-folle","status":"publish","type":"post","link":"https:\/\/vieassociative.be\/actualites\/pogacar-le-plus-rapide-dans-une-finition-folle\/","title":{"rendered":"Pogacar le plus rapide dans une finition folle"},"content":{"rendered":"<p><strong>La quatri\u00e8me \u00e9tape du Tour de France a eu lieu mardi entre Amiens et Rouen. Il y avait un combat attendu entre les sprinters et les favoris du classement g\u00e9n\u00e9ral. Dans une finition incroyable, le champion du monde Tadej Pogacar a fait de peu \u00e0 l&rsquo;avance.<\/strong><\/p>\n<p><span id=\"more-419612\"><\/span>Apr\u00e8s une troisi\u00e8me \u00e9tape tr\u00e8s mouvement\u00e9e du c\u00f4t\u00e9 belge, les pilotes ont couvert 173 km entre Amiens et Rouen. Comme lundi, cette quatri\u00e8me \u00e9tape du Tour de France est tomb\u00e9e dans le peloton. Heureusement, il n&rsquo;y a eu aucune blessure ou \u00e9chec.<\/p>\n<p>Apr\u00e8s plus de 100 kilom\u00e8tres, quatre conducteurs se sont install\u00e9s: Lenny Martinez (Bahre\u00efn-victoire), Kasper Asgreen (EF Education-Easy Post), Jonas Abrahamsen (UNO-X Mobility) et Thomas Gachignard (Energy Total).<\/p>\n<div id=\"attachment_419622\" class=\"wp-caption alignleft\" style=\"max-width: 300px\"><img fetchpriority=\"high\" decoding=\"async\" class=\"wp-image-419622 size-medium\" src=\"https:\/\/vieassociative.be\/actualites\/wp-content\/uploads\/2025\/07\/Pogacar-le-plus-rapide-dans-une-finition-folle.jpg\" alt=\"\" width=\"300\" height=\"200\"><\/p>\n<p class=\"wp-caption-text\">08.07.2025, France, Rouen: Le Slov\u00e8ne Tadej Pogacar (M) c\u00e9l\u00e8bre sa victoire lors du passage de la ligne d&rsquo;arriv\u00e9e. Photo: Thibault Camus \/ AP \/ DPA<\/p>\n<\/div>\n<p>60 kilom\u00e8tres plus tard, le Fran\u00e7ais Martinez a tent\u00e9 sa chance, mais a finalement \u00e9t\u00e9 rattrap\u00e9 par le peloton lorsque 20 kilom\u00e8tres devaient \u00eatre conduits. Mathieu van der Poel a utilis\u00e9 ce moment pour augmenter le rythme avec son \u00e9quipe et d\u00e9fendre le maillot jaune.<\/p>\n<p><strong>&#8211; Les EAU et Visma ont resserr\u00e9 la course:<\/strong> Selon Alpecine, gr\u00e2ce \u00e0 un Tim Warens en pleine forme, les \u00c9mirats arabes unis ont pris les devants. Avant la derni\u00e8re difficult\u00e9, le champ de guidage a conduit \u00e0 pleine vitesse pour sortir tout le monde.<\/p>\n<p>Un train que Wout Van Aert ne pouvait pas emporter avec lui &#8230; avant de revenir comme une fus\u00e9e au cours des dix derniers kilom\u00e8tres. Avec Campenaerts, le v\u00e9lo de location Visma a pris les devants pour d\u00e9chirer le terrain. Un chef-d&rsquo;\u0153uvre de l&rsquo;\u00e9quipe n\u00e9erlandaise, mais sans raccrocher les grands noms comme Tadej Pogacar ou Remco MEINEPOEL.<\/p>\n<div id=\"attachment_419618\" class=\"wp-caption alignleft\" style=\"max-width: 300px\"><img decoding=\"async\" class=\"wp-image-419618 size-medium\" src=\"https:\/\/vieassociative.be\/actualites\/wp-content\/uploads\/2025\/07\/1752005862_537_Pogacar-le-plus-rapide-dans-une-finition-folle.jpg\" alt=\"\" width=\"300\" height=\"200\"><\/p>\n<p class=\"wp-caption-text\">08.07.2025, France, Amiens: The Belge Tim Welens (L), qui porte le maillot en pointill\u00e9 du meilleur alpiniste, et le Jonathan Milan italien, qui porte le maillot vert du meilleur sprint, tandis que le N\u00e9erlandais Mathieu van Der Poel, qui porte le maillot jaune du g\u00e9n\u00e9ral. Photo: Thibault Camus \/ AP \/ DPA<\/p>\n<\/div>\n<p><strong>&#8211; Premier argument entre Pogacar et Vingegaard:<\/strong> Au cours de la derni\u00e8re augmentation, le premier argument majeur entre Pogacar et Vingegaard. Au cours de la derni\u00e8re ascension, le Slov\u00e8ne a attaqu\u00e9 les Danois, qui, cependant, se sont affirm\u00e9s et sont finalement rest\u00e9s dans le slipstream du champion du monde. Au d\u00e9but, Remco Evenepoel pourrait compenser quelques m\u00e8tres &#8230; avant de revenir avec toutes vos forces. Mathieu van der Poel avait \u00e9galement ouvert les favoris du Tour de France, avec d&rsquo;autres co\u00e9quipiers de Visma et des EAU, comme Almeida.<\/p>\n<p>Apr\u00e8s une finale incroyable et \u00e0 couper le souffle, Pogacar a pr\u00e9valu contre Mathieu van der Poel, qui avait perdu trop de force dans le combat. Tadej Pogacar remporte ainsi sa premi\u00e8re \u00e9tape du Tour de France 2025.<\/p>\n<p>Van der Poel est au sommet du classement g\u00e9n\u00e9ral de la 112e tourn\u00e9e en France avec Pogacar. Le troisi\u00e8me est le vainqueur des deux temps Jonas Vingegaard du Danemark pendant huit secondes. Mercredi, il y aura la prochaine fois de force des \u00e9toiles pendant le contre-la-montre individuel sur 33 kilom\u00e8tres \u00e0 Caen. Le favori de la victoire quotidienne est le double champion olympique de la Belgique, Remco Evenepoel. (CRE \/ DPA)<\/p>\n","protected":false},"excerpt":{"rendered":"<p>La quatri\u00e8me \u00e9tape du Tour de France a eu lieu mardi entre Amiens et Rouen. Il y avait un combat attendu entre les sprinters et<\/p>\n","protected":false},"author":1,"featured_media":8620,"comment_status":"","ping_status":"","sticky":false,"template":"","format":"standard","meta":{"footnotes":""},"categories":[298],"tags":[166,7663,7664,5976,1339,110],"class_list":["post-8619","post","type-post","status-publish","format-standard","has-post-thumbnail","hentry","category-belgique","tag-dans","tag-finition","tag-folle","tag-pogacar","tag-rapide","tag-une","generate-columns","tablet-grid-50","mobile-grid-100","grid-parent","grid-33"],"yoast_head":"<!-- This site is optimized with the Yoast SEO plugin v24.0 - https:\/\/yoast.com\/wordpress\/plugins\/seo\/ -->\n<title>Pogacar le plus rapide dans une finition folle | Vie Associative<\/title>\n<meta name=\"robots\" content=\"index, follow, max-snippet:-1, max-image-preview:large, max-video-preview:-1\" \/>\n<link rel=\"canonical\" href=\"https:\/\/vieassociative.be\/actualites\/pogacar-le-plus-rapide-dans-une-finition-folle\/\" \/>\n<meta property=\"og:locale\" content=\"fr_FR\" \/>\n<meta property=\"og:type\" content=\"article\" \/>\n<meta property=\"og:title\" content=\"Pogacar le plus rapide dans une finition folle | Vie Associative\" \/>\n<meta property=\"og:description\" content=\"La quatri\u00e8me \u00e9tape du Tour de France a eu lieu mardi entre Amiens et Rouen. Il y avait un combat attendu entre les sprinters et\" \/>\n<meta property=\"og:url\" content=\"https:\/\/vieassociative.be\/actualites\/pogacar-le-plus-rapide-dans-une-finition-folle\/\" \/>\n<meta property=\"og:site_name\" content=\"Vie Associative\" \/>\n<meta property=\"article:published_time\" content=\"2025-07-08T20:17:42+00:00\" \/>\n<meta property=\"og:image\" content=\"https:\/\/vieassociative.be\/actualites\/wp-content\/uploads\/2024\/09\/header_backgroundk-01-e1726694325946.png\" \/>\n\t<meta property=\"og:image:width\" content=\"279\" \/>\n\t<meta property=\"og:image:height\" content=\"92\" \/>\n\t<meta property=\"og:image:type\" content=\"image\/png\" \/>\n<meta name=\"author\" content=\"Julien\" \/>\n<meta name=\"twitter:card\" content=\"summary_large_image\" \/>\n<meta name=\"twitter:label1\" content=\"\u00c9crit par\" \/>\n\t<meta name=\"twitter:data1\" content=\"Julien\" \/>\n\t<meta name=\"twitter:label2\" content=\"Dur\u00e9e de lecture est.\" \/>\n\t<meta name=\"twitter:data2\" content=\"3 minutes\" \/>\n<script type=\"application\/ld+json\" class=\"yoast-schema-graph\">{\"@context\":\"https:\/\/schema.org\",\"@graph\":[{\"@type\":\"Article\",\"@id\":\"https:\/\/vieassociative.be\/actualites\/pogacar-le-plus-rapide-dans-une-finition-folle\/#article\",\"isPartOf\":{\"@id\":\"https:\/\/vieassociative.be\/actualites\/pogacar-le-plus-rapide-dans-une-finition-folle\/\"},\"author\":{\"name\":\"Julien\",\"@id\":\"https:\/\/vieassociative.be\/actualites\/#\/schema\/person\/b87ac4f82f9d4e7b7cec7395b679edc4\"},\"headline\":\"Pogacar le plus rapide dans une finition folle\",\"datePublished\":\"2025-07-08T20:17:42+00:00\",\"dateModified\":\"2025-07-08T20:17:42+00:00\",\"mainEntityOfPage\":{\"@id\":\"https:\/\/vieassociative.be\/actualites\/pogacar-le-plus-rapide-dans-une-finition-folle\/\"},\"wordCount\":578,\"publisher\":{\"@id\":\"https:\/\/vieassociative.be\/actualites\/#organization\"},\"image\":{\"@id\":\"https:\/\/vieassociative.be\/actualites\/pogacar-le-plus-rapide-dans-une-finition-folle\/#primaryimage\"},\"thumbnailUrl\":\"https:\/\/vieassociative.be\/actualites\/wp-content\/uploads\/2025\/07\/1752005862_Pogacar-le-plus-rapide-dans-une-finition-folle.jpg\",\"keywords\":[\"dans\",\"finition\",\"folle\",\"Pogacar\",\"rapide\",\"une\"],\"articleSection\":[\"Belgique\"],\"inLanguage\":\"fr-BE\"},{\"@type\":\"WebPage\",\"@id\":\"https:\/\/vieassociative.be\/actualites\/pogacar-le-plus-rapide-dans-une-finition-folle\/\",\"url\":\"https:\/\/vieassociative.be\/actualites\/pogacar-le-plus-rapide-dans-une-finition-folle\/\",\"name\":\"Pogacar le plus rapide dans une finition folle | Vie Associative\",\"isPartOf\":{\"@id\":\"https:\/\/vieassociative.be\/actualites\/#website\"},\"primaryImageOfPage\":{\"@id\":\"https:\/\/vieassociative.be\/actualites\/pogacar-le-plus-rapide-dans-une-finition-folle\/#primaryimage\"},\"image\":{\"@id\":\"https:\/\/vieassociative.be\/actualites\/pogacar-le-plus-rapide-dans-une-finition-folle\/#primaryimage\"},\"thumbnailUrl\":\"https:\/\/vieassociative.be\/actualites\/wp-content\/uploads\/2025\/07\/1752005862_Pogacar-le-plus-rapide-dans-une-finition-folle.jpg\",\"datePublished\":\"2025-07-08T20:17:42+00:00\",\"dateModified\":\"2025-07-08T20:17:42+00:00\",\"breadcrumb\":{\"@id\":\"https:\/\/vieassociative.be\/actualites\/pogacar-le-plus-rapide-dans-une-finition-folle\/#breadcrumb\"},\"inLanguage\":\"fr-BE\",\"potentialAction\":[{\"@type\":\"ReadAction\",\"target\":[\"https:\/\/vieassociative.be\/actualites\/pogacar-le-plus-rapide-dans-une-finition-folle\/\"]}]},{\"@type\":\"ImageObject\",\"inLanguage\":\"fr-BE\",\"@id\":\"https:\/\/vieassociative.be\/actualites\/pogacar-le-plus-rapide-dans-une-finition-folle\/#primaryimage\",\"url\":\"https:\/\/vieassociative.be\/actualites\/wp-content\/uploads\/2025\/07\/1752005862_Pogacar-le-plus-rapide-dans-une-finition-folle.jpg\",\"contentUrl\":\"https:\/\/vieassociative.be\/actualites\/wp-content\/uploads\/2025\/07\/1752005862_Pogacar-le-plus-rapide-dans-une-finition-folle.jpg\",\"width\":1200,\"height\":800,\"caption\":\"Pogacar le plus rapide dans une finition folle\"},{\"@type\":\"BreadcrumbList\",\"@id\":\"https:\/\/vieassociative.be\/actualites\/pogacar-le-plus-rapide-dans-une-finition-folle\/#breadcrumb\",\"itemListElement\":[{\"@type\":\"ListItem\",\"position\":1,\"name\":\"Accueil\",\"item\":\"https:\/\/vieassociative.be\/actualites\/\"},{\"@type\":\"ListItem\",\"position\":2,\"name\":\"Pogacar le plus rapide dans une finition folle\"}]},{\"@type\":\"WebSite\",\"@id\":\"https:\/\/vieassociative.be\/actualites\/#website\",\"url\":\"https:\/\/vieassociative.be\/actualites\/\",\"name\":\"Vie Associative\",\"description\":\"\",\"publisher\":{\"@id\":\"https:\/\/vieassociative.be\/actualites\/#organization\"},\"potentialAction\":[{\"@type\":\"SearchAction\",\"target\":{\"@type\":\"EntryPoint\",\"urlTemplate\":\"https:\/\/vieassociative.be\/actualites\/?s={search_term_string}\"},\"query-input\":{\"@type\":\"PropertyValueSpecification\",\"valueRequired\":true,\"valueName\":\"search_term_string\"}}],\"inLanguage\":\"fr-BE\"},{\"@type\":\"Organization\",\"@id\":\"https:\/\/vieassociative.be\/actualites\/#organization\",\"name\":\"Vie Associative\",\"url\":\"https:\/\/vieassociative.be\/actualites\/\",\"logo\":{\"@type\":\"ImageObject\",\"inLanguage\":\"fr-BE\",\"@id\":\"https:\/\/vieassociative.be\/actualites\/#\/schema\/logo\/image\/\",\"url\":\"https:\/\/vieassociative.be\/actualites\/wp-content\/uploads\/2024\/09\/cropped-vieassociative_favicon.ico.png\",\"contentUrl\":\"https:\/\/vieassociative.be\/actualites\/wp-content\/uploads\/2024\/09\/cropped-vieassociative_favicon.ico.png\",\"width\":512,\"height\":512,\"caption\":\"Vie Associative\"},\"image\":{\"@id\":\"https:\/\/vieassociative.be\/actualites\/#\/schema\/logo\/image\/\"}},{\"@type\":\"Person\",\"@id\":\"https:\/\/vieassociative.be\/actualites\/#\/schema\/person\/b87ac4f82f9d4e7b7cec7395b679edc4\",\"name\":\"Julien\",\"image\":{\"@type\":\"ImageObject\",\"inLanguage\":\"fr-BE\",\"@id\":\"https:\/\/vieassociative.be\/actualites\/#\/schema\/person\/image\/\",\"url\":\"https:\/\/vieassociative.be\/actualites\/wp-content\/uploads\/2024\/09\/vie-associative-1-150x150.jpg\",\"contentUrl\":\"https:\/\/vieassociative.be\/actualites\/wp-content\/uploads\/2024\/09\/vie-associative-1-150x150.jpg\",\"caption\":\"Julien\"},\"description\":\"Je suis Julien, r\u00e9dacteur pour Vie Associative. Passionn\u00e9 par le monde associatif depuis plus de 10 ans, j'ai \u00e0 c\u0153ur de partager des histoires inspirantes et de mettre en lumi\u00e8re les initiatives locales. Mon objectif est de sensibiliser et d'encourager l'engagement communautaire \u00e0 travers mes articles.\",\"sameAs\":[\"https:\/\/vieassociative.be\/\"]}]}<\/script>\n<!-- \/ Yoast SEO plugin. -->","yoast_head_json":{"title":"Pogacar le plus rapide dans une finition folle | Vie Associative","robots":{"index":"index","follow":"follow","max-snippet":"max-snippet:-1","max-image-preview":"max-image-preview:large","max-video-preview":"max-video-preview:-1"},"canonical":"https:\/\/vieassociative.be\/actualites\/pogacar-le-plus-rapide-dans-une-finition-folle\/","og_locale":"fr_FR","og_type":"article","og_title":"Pogacar le plus rapide dans une finition folle | Vie Associative","og_description":"La quatri\u00e8me \u00e9tape du Tour de France a eu lieu mardi entre Amiens et Rouen. Il y avait un combat attendu entre les sprinters et","og_url":"https:\/\/vieassociative.be\/actualites\/pogacar-le-plus-rapide-dans-une-finition-folle\/","og_site_name":"Vie Associative","article_published_time":"2025-07-08T20:17:42+00:00","og_image":[{"width":279,"height":92,"url":"https:\/\/vieassociative.be\/actualites\/wp-content\/uploads\/2024\/09\/header_backgroundk-01-e1726694325946.png","type":"image\/png"}],"author":"Julien","twitter_card":"summary_large_image","twitter_misc":{"\u00c9crit par":"Julien","Dur\u00e9e de lecture est.":"3 minutes"},"schema":{"@context":"https:\/\/schema.org","@graph":[{"@type":"Article","@id":"https:\/\/vieassociative.be\/actualites\/pogacar-le-plus-rapide-dans-une-finition-folle\/#article","isPartOf":{"@id":"https:\/\/vieassociative.be\/actualites\/pogacar-le-plus-rapide-dans-une-finition-folle\/"},"author":{"name":"Julien","@id":"https:\/\/vieassociative.be\/actualites\/#\/schema\/person\/b87ac4f82f9d4e7b7cec7395b679edc4"},"headline":"Pogacar le plus rapide dans une finition folle","datePublished":"2025-07-08T20:17:42+00:00","dateModified":"2025-07-08T20:17:42+00:00","mainEntityOfPage":{"@id":"https:\/\/vieassociative.be\/actualites\/pogacar-le-plus-rapide-dans-une-finition-folle\/"},"wordCount":578,"publisher":{"@id":"https:\/\/vieassociative.be\/actualites\/#organization"},"image":{"@id":"https:\/\/vieassociative.be\/actualites\/pogacar-le-plus-rapide-dans-une-finition-folle\/#primaryimage"},"thumbnailUrl":"https:\/\/vieassociative.be\/actualites\/wp-content\/uploads\/2025\/07\/1752005862_Pogacar-le-plus-rapide-dans-une-finition-folle.jpg","keywords":["dans","finition","folle","Pogacar","rapide","une"],"articleSection":["Belgique"],"inLanguage":"fr-BE"},{"@type":"WebPage","@id":"https:\/\/vieassociative.be\/actualites\/pogacar-le-plus-rapide-dans-une-finition-folle\/","url":"https:\/\/vieassociative.be\/actualites\/pogacar-le-plus-rapide-dans-une-finition-folle\/","name":"Pogacar le plus rapide dans une finition folle | Vie Associative","isPartOf":{"@id":"https:\/\/vieassociative.be\/actualites\/#website"},"primaryImageOfPage":{"@id":"https:\/\/vieassociative.be\/actualites\/pogacar-le-plus-rapide-dans-une-finition-folle\/#primaryimage"},"image":{"@id":"https:\/\/vieassociative.be\/actualites\/pogacar-le-plus-rapide-dans-une-finition-folle\/#primaryimage"},"thumbnailUrl":"https:\/\/vieassociative.be\/actualites\/wp-content\/uploads\/2025\/07\/1752005862_Pogacar-le-plus-rapide-dans-une-finition-folle.jpg","datePublished":"2025-07-08T20:17:42+00:00","dateModified":"2025-07-08T20:17:42+00:00","breadcrumb":{"@id":"https:\/\/vieassociative.be\/actualites\/pogacar-le-plus-rapide-dans-une-finition-folle\/#breadcrumb"},"inLanguage":"fr-BE","potentialAction":[{"@type":"ReadAction","target":["https:\/\/vieassociative.be\/actualites\/pogacar-le-plus-rapide-dans-une-finition-folle\/"]}]},{"@type":"ImageObject","inLanguage":"fr-BE","@id":"https:\/\/vieassociative.be\/actualites\/pogacar-le-plus-rapide-dans-une-finition-folle\/#primaryimage","url":"https:\/\/vieassociative.be\/actualites\/wp-content\/uploads\/2025\/07\/1752005862_Pogacar-le-plus-rapide-dans-une-finition-folle.jpg","contentUrl":"https:\/\/vieassociative.be\/actualites\/wp-content\/uploads\/2025\/07\/1752005862_Pogacar-le-plus-rapide-dans-une-finition-folle.jpg","width":1200,"height":800,"caption":"Pogacar le plus rapide dans une finition folle"},{"@type":"BreadcrumbList","@id":"https:\/\/vieassociative.be\/actualites\/pogacar-le-plus-rapide-dans-une-finition-folle\/#breadcrumb","itemListElement":[{"@type":"ListItem","position":1,"name":"Accueil","item":"https:\/\/vieassociative.be\/actualites\/"},{"@type":"ListItem","position":2,"name":"Pogacar le plus rapide dans une finition folle"}]},{"@type":"WebSite","@id":"https:\/\/vieassociative.be\/actualites\/#website","url":"https:\/\/vieassociative.be\/actualites\/","name":"Vie Associative","description":"","publisher":{"@id":"https:\/\/vieassociative.be\/actualites\/#organization"},"potentialAction":[{"@type":"SearchAction","target":{"@type":"EntryPoint","urlTemplate":"https:\/\/vieassociative.be\/actualites\/?s={search_term_string}"},"query-input":{"@type":"PropertyValueSpecification","valueRequired":true,"valueName":"search_term_string"}}],"inLanguage":"fr-BE"},{"@type":"Organization","@id":"https:\/\/vieassociative.be\/actualites\/#organization","name":"Vie Associative","url":"https:\/\/vieassociative.be\/actualites\/","logo":{"@type":"ImageObject","inLanguage":"fr-BE","@id":"https:\/\/vieassociative.be\/actualites\/#\/schema\/logo\/image\/","url":"https:\/\/vieassociative.be\/actualites\/wp-content\/uploads\/2024\/09\/cropped-vieassociative_favicon.ico.png","contentUrl":"https:\/\/vieassociative.be\/actualites\/wp-content\/uploads\/2024\/09\/cropped-vieassociative_favicon.ico.png","width":512,"height":512,"caption":"Vie Associative"},"image":{"@id":"https:\/\/vieassociative.be\/actualites\/#\/schema\/logo\/image\/"}},{"@type":"Person","@id":"https:\/\/vieassociative.be\/actualites\/#\/schema\/person\/b87ac4f82f9d4e7b7cec7395b679edc4","name":"Julien","image":{"@type":"ImageObject","inLanguage":"fr-BE","@id":"https:\/\/vieassociative.be\/actualites\/#\/schema\/person\/image\/","url":"https:\/\/vieassociative.be\/actualites\/wp-content\/uploads\/2024\/09\/vie-associative-1-150x150.jpg","contentUrl":"https:\/\/vieassociative.be\/actualites\/wp-content\/uploads\/2024\/09\/vie-associative-1-150x150.jpg","caption":"Julien"},"description":"Je suis Julien, r\u00e9dacteur pour Vie Associative. Passionn\u00e9 par le monde associatif depuis plus de 10 ans, j'ai \u00e0 c\u0153ur de partager des histoires inspirantes et de mettre en lumi\u00e8re les initiatives locales. Mon objectif est de sensibiliser et d'encourager l'engagement communautaire \u00e0 travers mes articles.","sameAs":["https:\/\/vieassociative.be\/"]}]}},"_links":{"self":[{"href":"https:\/\/vieassociative.be\/actualites\/wp-json\/wp\/v2\/posts\/8619"}],"collection":[{"href":"https:\/\/vieassociative.be\/actualites\/wp-json\/wp\/v2\/posts"}],"about":[{"href":"https:\/\/vieassociative.be\/actualites\/wp-json\/wp\/v2\/types\/post"}],"author":[{"embeddable":true,"href":"https:\/\/vieassociative.be\/actualites\/wp-json\/wp\/v2\/users\/1"}],"replies":[{"embeddable":true,"href":"https:\/\/vieassociative.be\/actualites\/wp-json\/wp\/v2\/comments?post=8619"}],"version-history":[{"count":0,"href":"https:\/\/vieassociative.be\/actualites\/wp-json\/wp\/v2\/posts\/8619\/revisions"}],"wp:featuredmedia":[{"embeddable":true,"href":"https:\/\/vieassociative.be\/actualites\/wp-json\/wp\/v2\/media\/8620"}],"wp:attachment":[{"href":"https:\/\/vieassociative.be\/actualites\/wp-json\/wp\/v2\/media?parent=8619"}],"wp:term":[{"taxonomy":"category","embeddable":true,"href":"https:\/\/vieassociative.be\/actualites\/wp-json\/wp\/v2\/categories?post=8619"},{"taxonomy":"post_tag","embeddable":true,"href":"https:\/\/vieassociative.be\/actualites\/wp-json\/wp\/v2\/tags?post=8619"}],"curies":[{"name":"wp","href":"https:\/\/api.w.org\/{rel}","templated":true}]}}