{"id":8615,"date":"2025-07-08T19:17:24","date_gmt":"2025-07-08T17:17:24","guid":{"rendered":"https:\/\/vieassociative.be\/actualites\/je-suis-obsede-par-cette-lecture-electronique-en-forme-de-telephone-et-cest-sur-une-vente-rare-pour-prime-day\/"},"modified":"2025-07-08T19:17:24","modified_gmt":"2025-07-08T17:17:24","slug":"je-suis-obsede-par-cette-lecture-electronique-en-forme-de-telephone-et-cest-sur-une-vente-rare-pour-prime-day","status":"publish","type":"post","link":"https:\/\/vieassociative.be\/actualites\/je-suis-obsede-par-cette-lecture-electronique-en-forme-de-telephone-et-cest-sur-une-vente-rare-pour-prime-day\/","title":{"rendered":"Je suis obs\u00e9d\u00e9 par cette lecture \u00e9lectronique en forme de t\u00e9l\u00e9phone, et c&rsquo;est sur une vente rare pour Prime Day"},"content":{"rendered":"<div class=\"mt-4 leading-6 md:mb-8\">Les tarifs ont augment\u00e9 le prix de la Box Palma 2, mais cela vaut chaque centime, surtout si vous en prenez un en vente.<\/div>\n<p><\/p>\n<p><em>Prime Day 2025 est l\u00e0 du mardi 8 juillet au vendredi 11 juillet et Vie Associative partage les meilleures ventes en fonction des avis de produits, des comparaisons et des outils de suivi des prix. <\/em><\/p>\n<ul>\n<li>\n<p><em>Suivez notre blog en direct<\/em><em>  Pour rester \u00e0 jour sur les meilleures ventes que nous trouvons.<\/em><\/p>\n<\/li>\n<li>\n<p><em>Abonnez-vous \u00e0 notre newsletter shopping<\/em><em>Ajouter au panier, pour les meilleures ventes envoy\u00e9es dans votre bo\u00eete de r\u00e9ception.<\/em><\/p>\n<\/li>\n<li>\n<p><em>Nouveau \u00e0 Prime Day? Nous avons un appr\u00eat sur tout ce que vous devez savoir<\/em><em>. <\/em><\/p>\n<\/li>\n<\/ul>\n<hr>\n<p>J&rsquo;ai obtenu mon premier e-lise il y a environ 15 ans &#8211; un Kindle &#8211; et dans les ann\u00e9es depuis, j&rsquo;ai utilis\u00e9 des appareils et des applications d&rsquo;Amazon, Barnes &#038; Noble et Kobo, sans rester trop longtemps avec aucun d&rsquo;entre eux et construire une biblioth\u00e8que de livres \u00e9lectroniques fractur\u00e9e en cours de route. Plus r\u00e9cemment, j&rsquo;ai pass\u00e9 en revue toute une pile d&rsquo;appareils E-Ink pour Vie Associative. C&rsquo;est tout \u00e0 dire que j&rsquo;\u00e9cris avec une certaine autorit\u00e9 lorsque je d\u00e9clare que le Boox Palma 2 est mon lecteur \u00e9lectronique pr\u00e9f\u00e9r\u00e9 jamais &#8211; le seul inconv\u00e9nient \u00eatre le prix.<\/p>\n<div class=\"pogoClear mb-12 mt-10 rounded-md border-2 border-gray-100 py-7 shadow-xl md:py-6\">\n<div class=\"flex flex-wrap justify-between px-7 text-black no-underline md:flex-nowrap md:px-8\">\n<div class=\"order-1 mx-auto flex flex-col justify-center md:order-2 md:ml-4 md:w-full md:grow\">\n<div class=\"block cursor-pointer text-center font-akshar text-2xl font-medium leading-7 text-brand-green duration-200 ease-in-out hover:text-brand-green-700 md:text-left md:text-xl md:leading-6\">Boox Palma 2 E-liseur\n                <\/div>\n<div class=\"mt-4 hidden md:flex md:justify-between\">\n<div class=\"self-end\">\n<div class=\"mb-0 h-11 md:flex md:flex-col md:justify-center\">\n<div class=\" font-sans leading-4 text-black\">\n<div class=\"flex flex-wrap items-center justify-center gap-x-1 md:justify-start\">\n        <span class=\"font-bold\"><\/p>\n<p>            269,99 $<br \/>\n                            <span class=\"font-medium\">\u00e0 Amazon<\/span><br \/>\n                    <\/span><br \/>\n                    <img decoding=\"async\" class=\"mt-0 h-(15px)\" src=\"https:\/\/vieassociative.be\/actualites\/wp-content\/uploads\/2025\/07\/Je-suis-obsede-par-cette-lecture-electronique-en-forme-de.svg.svg+xml\" title=\"Amazon Prime\" alt=\"Amazon Prime\">\n            <\/div>\n<div class=\"flex items-center justify-center gap-x-1 font-bold md:justify-start\">\n            <span class=\"text-sm line-through\">299,99 $<\/span><br \/>\n            <span class=\"text-sm text-brand-green\">\u00c9conomisez 30,00 $<\/span>\n        <\/div>\n<\/p><\/div>\n<\/p><\/div>\n<\/p><\/div>\n<div class=\"w-44 self-end\">\n                            <button class=\"flex justify-center items-center w-full bg-brand-green text-white text-base font-sans font-medium rounded-md hover:bg-brand-green-700 hover:cursor-pointer md:text-sm h-11\"><\/p>\n<p>    Conclure un accord<br \/>\n<\/button>\n                        <\/div>\n<\/p><\/div>\n<\/p><\/div>\n<div class=\"order-2 mt-5 h-auto w-full md:order-1 md:mt-0 md:hidden\">\n<div class=\"flex aspect-video items-center justify-center\">\n                                            <img decoding=\"async\" class=\"m-0 max-h-full max-w-full rounded-md\" src=\"https:\/\/vieassociative.be\/actualites\/wp-content\/uploads\/2025\/07\/Je-suis-obsede-par-cette-lecture-electronique-en-forme-de.jpg\" alt=\"BOOX PALMA 2 MOBILE EPAPER EBAT LECTEUR RETOUR RETROCTION DIGNAGE RECONNAISSANCE Microphones (noir)\" width=\"auto\" height=\"auto\" loading=\"lazy\">\n                                    <\/div>\n<\/p><\/div>\n<div class=\"order-2 ml-2 hidden w-32 shrink-0 items-center md:order-1 md:ml-0 md:flex\">\n<div class=\"flex aspect-video items-center justify-center\">\n                                            <img decoding=\"async\" class=\"m-0 max-h-full max-w-full rounded-md\" src=\"https:\/\/vieassociative.be\/actualites\/wp-content\/uploads\/2025\/07\/Je-suis-obsede-par-cette-lecture-electronique-en-forme-de.jpg\" alt=\"BOOX PALMA 2 MOBILE EPAPER EBAT LECTEUR RETOUR RETROCTION DIGNAGE RECONNAISSANCE Microphones (noir)\" width=\"auto\" height=\"auto\" loading=\"lazy\">\n                                    <\/div>\n<\/p><\/div>\n<div class=\"order-3 flex grow flex-wrap md:hidden md:grow-0\">\n<div class=\"mt-4 w-full\">\n                        <button class=\"flex justify-center items-center w-full bg-brand-green text-white text-base font-sans font-medium rounded-md hover:bg-brand-green-700 hover:cursor-pointer md:text-sm h-11\"><\/p>\n<p>    Conclure un accord<br \/>\n<\/button>\n                    <\/div>\n<div class=\"mx-2 mt-4 w-full\">\n<div class=\" font-sans leading-4 text-black\">\n<div class=\"flex flex-wrap items-center justify-center gap-x-1 md:justify-start\">\n        <span class=\"font-bold\"><\/p>\n<p>            269,99 $<br \/>\n                            <span class=\"font-medium\">\u00e0 Amazon<\/span><br \/>\n                    <\/span><br \/>\n                    <img decoding=\"async\" class=\"mt-0 h-(15px)\" src=\"https:\/\/vieassociative.be\/actualites\/wp-content\/uploads\/2025\/07\/Je-suis-obsede-par-cette-lecture-electronique-en-forme-de.svg.svg+xml\" title=\"Amazon Prime\" alt=\"Amazon Prime\">\n            <\/div>\n<div class=\"flex items-center justify-center gap-x-1 font-bold md:justify-start\">\n            <span class=\"text-sm line-through\">299,99 $<\/span><br \/>\n            <span class=\"text-sm text-brand-green\">\u00c9conomisez 30,00 $<\/span>\n        <\/div>\n<\/p><\/div>\n<\/p><\/div>\n<\/p><\/div>\n<\/p><\/div>\n<\/div>\n<p>Cette liseuse \u00e9lectronique en forme de t\u00e9l\u00e9phone, de la soci\u00e9t\u00e9 de technologie chinoise Onyx International, est facile \u00e0 glisser dans une poche de jeans \u00e0 c\u00f4t\u00e9 de mon iPhone. Je le porte avec mon chaque fois que je quitte la maison, et cela m&rsquo;a aid\u00e9 \u00e0 faire moins de ralentissement et \u00e0 lire plus au cours de la derni\u00e8re ann\u00e9e. Il a un \u00e9cran E-Ink croustillant avec une lumi\u00e8re avant presque aussi bonne que ce que vous trouverez sur le Kindle Paperwhite, mais il se distingue en raison de son syst\u00e8me d&rsquo;exploitation Android ouvert, qui vous permet de t\u00e9l\u00e9charger n&rsquo;importe quelle application sur le Google Play Store, vous pouvez acc\u00e9der \u00e0 des livres \u00e0 partir d&rsquo;Amazon, Barnes &#038; Noble, Audible, Audiobooks.com, ou m\u00eame des services d&rsquo;abonnement graphique et de manga comme Shonn Jump, tout sur le m\u00eame appareil. <\/p>\n<p>La r\u00e9solution de 300ppi de l&rsquo;\u00e9cran et le taux de rafra\u00eechissement relativement rapide signifient \u00e9galement que vous pouvez utiliser des applications de productivit\u00e9 comme Slack, Gmail et Google Docs (ajoutez un clavier Bluetooth et vous avez une configuration d&rsquo;\u00e9criture sans distraction et super portable); Parcourir Internet sans trop de d\u00e9calage d&rsquo;\u00e9cran; Ou m\u00eame jouer \u00e0 des jeux et regarder des vid\u00e9os. Certes, aucun \u00e9cran E-INK ne semblera aussi net ou se d\u00e9place aussi en douceur qu&rsquo;un \u00e9cran LCD ou LED, mais c&rsquo;est le genre de point &#8211; l&rsquo;affichage de gris provoque moins de contrari\u00e9s et rend l&rsquo;appareil moins addictif, vous l&rsquo;utilisez donc avec intention plut\u00f4t que de d\u00e9filer sans esprit.  <\/p>\n<p>En bref, c&rsquo;est tout ce que je voulais d&rsquo;un e-lise, mais cela a un co\u00fbt. Apr\u00e8s que le pr\u00e9sident Trump a annonc\u00e9 des tarifs sur les produits de fabrication chinoise, le Palma 2 est pass\u00e9 de 280 $ \u00e0 300 $ &#8211; 100 $ plus cher que l&rsquo;\u00e9dition Kindle Paperwhite Signature d&rsquo;Amazon. Mais curieusement, c&rsquo;est gr\u00e2ce \u00e0 Amazon Prime Day que vous pouvez maintenant en prendre un en vente.<\/p>\n<h2 id=\"ive-never-seen-a-discount-on-the-palma-2-before\">Je n&rsquo;ai jamais vu de rabais sur le Palma 2 auparavant<\/h2>\n<p>Il n&rsquo;y a pas de contournement du fait que pour beaucoup, 300 $ sont beaucoup \u00e0 demander un liseur \u00e9lectronique, mais en ce moment, vous pouvez en prendre un chez Amazon pour 270 $, un rabais complet de 10%, en prenant le prix en dessous de son niveau de pr\u00e9-tarif. Cela pourrait ne pas ressembler \u00e0 une \u00e9norme \u00e9conomie, mais je suive le prix de cet appareil sur Amazon depuis sa sortie, et je ne l&rsquo;ai jamais vu \u00eatre en vente \u00e0 <em>tous <\/em>Avant, m\u00eame lors des \u00e9v\u00e9nements pr\u00e9c\u00e9dents du premier jour. <\/p>\n<div class=\"pogoClear relative my-10 border-b-(1.5px) border-t-(1.5px) border-dashed border-black py-5 sm:my-14 sm:border-0 sm:py-0\" data-ga-click data-ga-template=\"Deals\" data-ga-module=\"openweb_widget\" data-ga-element=\"openweb_scroll\" data-ga-item=\"openweb_scroll_midpage\" x-data=\"{\n         commentsCount: null,\n         hasComments: false,\n         async fetchCommentsCount() {\n             try {\n                 if (window.openweb &amp;&amp; typeof window.openweb.getMessagesCount === 'function') {\n                     this.commentsCount = await window.openweb.getMessagesCount('01JZ3E7XP87H4V8XDNA0BK6FT8');\n                     this.hasComments = this.commentsCount !== null &amp;&amp; this.commentsCount &gt; 0;\n                 }\n             } catch (e) {\n                 console.warn('Failed to fetch comment count:', e);\n             }\n         }\n     }\" x-init=\"fetchCommentsCount()\" x-cloak><\/p>\n<div class=\"absolute top-1\/2 hidden w-full -translate-y-1\/2 border-t-(1.5px) border-dashed border-black sm:block\"><\/div>\n<div class=\"relative flex justify-center\">\n<div class=\"flex max-w-fit items-center gap-x-3 bg-white px-5\">\n<div class=\"relative\">\n                <span class=\"absolute left-1\/2 top-1\/2 -translate-x-1\/2 -translate-y-1\/2 font-akshar text-sm font-medium text-black\" aria-live=\"polite\" x-show=\"hasComments\" x-text=\"commentsCount\"><\/span><\/p>\n<p>                <svg class=\"h-8 w-8 text-black\" role=\"img\" aria-hidden=\"true\">\n                    <use href=\"http:\/\/lifehacker.com\/images\/icons\/spritemap.svg#sprite-chat-bubble\"><\/use>\n                <\/svg>\n            <\/div>\n<p>            <span class=\"text-sm font-medium text-black\"><\/p>\n<p>                Que pensez-vous jusqu&rsquo;\u00e0 pr\u00e9sent?<br \/>\n                <button class=\"ml-1 font-semibold text-brand-green underline hover:text-brand-green-700\" type=\"button\" aria-label=\"Comment section trigger\" onclick=\"window.openweb.scrollToComments('01JZ3E7XP87H4V8XDNA0BK6FT8')\" x-text=\"hasComments ? 'Post a comment.' : 'Be the first to post a comment.'\"><\/button><br \/>\n            <\/span>\n        <\/div>\n<\/p><\/div>\n<\/div>\n<p>En bref, si vous \u00e9tiez convaincu par mon examen, ou peut-\u00eatre simplement intrigu\u00e9 par le battage m\u00e9diatique viral sur le Palma 2 (qui a une suite d\u00e9di\u00e9e sur Tiktok, sans parler d&rsquo;une communaut\u00e9 Reddit active), il n&rsquo;y a jamais eu de meilleur moment pour en prendre un.<\/p>\n<h2 id=\"the-original-palma-is-also-back-in-stock-on-amazon\">Le palma d&rsquo;origine est \u00e9galement de retour en stock sur Amazon<\/h2>\n<div class=\"pogoClear mb-12 mt-10 rounded-md border-2 border-gray-100 py-7 shadow-xl md:py-6\">\n<div class=\"flex flex-wrap justify-between px-7 text-black no-underline md:flex-nowrap md:px-8\">\n<div class=\"order-1 mx-auto flex flex-col justify-center md:order-2 md:ml-4 md:w-full md:grow\">\n<div class=\"block cursor-pointer text-center font-akshar text-2xl font-medium leading-7 text-brand-green duration-200 ease-in-out hover:text-brand-green-700 md:text-left md:text-xl md:leading-6\">Le Boox Palma d&rsquo;origine\n                <\/div>\n<div class=\"mt-4 hidden md:flex md:justify-between\">\n<div class=\"self-end\">\n<div class=\"mb-0 h-11 md:flex md:flex-col md:justify-center\">\n<div class=\" font-sans leading-4 text-black\">\n<div class=\"flex flex-wrap items-center justify-center gap-x-1 md:justify-start\">\n        <span class=\"font-bold\"><\/p>\n<p>            245,99 $<br \/>\n                            <span class=\"font-medium\">\u00e0 Amazon<\/span><br \/>\n                    <\/span><br \/>\n                    <img decoding=\"async\" class=\"mt-0 h-(15px)\" src=\"https:\/\/vieassociative.be\/actualites\/wp-content\/uploads\/2025\/07\/Je-suis-obsede-par-cette-lecture-electronique-en-forme-de.svg.svg+xml\" title=\"Amazon Prime\" alt=\"Amazon Prime\">\n            <\/div>\n<div class=\"flex items-center justify-center gap-x-1 font-bold md:justify-start\">\n            <span class=\"text-sm line-through\">279,99 $<\/span><br \/>\n            <span class=\"text-sm text-brand-green\">\u00c9conomisez 34,00 $<\/span>\n        <\/div>\n<\/p><\/div>\n<\/p><\/div>\n<\/p><\/div>\n<div class=\"w-44 self-end\">\n                            <button class=\"flex justify-center items-center w-full bg-brand-green text-white text-base font-sans font-medium rounded-md hover:bg-brand-green-700 hover:cursor-pointer md:text-sm h-11\"><\/p>\n<p>    Conclure un accord<br \/>\n<\/button>\n                        <\/div>\n<\/p><\/div>\n<\/p><\/div>\n<div class=\"order-2 mt-5 h-auto w-full md:order-1 md:mt-0 md:hidden\">\n<div class=\"flex aspect-video items-center justify-center\">\n                                            <img decoding=\"async\" class=\"m-0 max-h-full max-w-full rounded-md\" src=\"https:\/\/vieassociative.be\/actualites\/wp-content\/uploads\/2025\/07\/1751995044_238_Je-suis-obsede-par-cette-lecture-electronique-en-forme-de.jpg\" alt=\"BOOX PALMA MOBILE EPAPER 6G 128G G-Sensor Light Front Light 16MP arri\u00e8re (noir)\" width=\"auto\" height=\"auto\" loading=\"lazy\">\n                                    <\/div>\n<\/p><\/div>\n<div class=\"order-2 ml-2 hidden w-32 shrink-0 items-center md:order-1 md:ml-0 md:flex\">\n<div class=\"flex aspect-video items-center justify-center\">\n                                            <img decoding=\"async\" class=\"m-0 max-h-full max-w-full rounded-md\" src=\"https:\/\/vieassociative.be\/actualites\/wp-content\/uploads\/2025\/07\/1751995044_238_Je-suis-obsede-par-cette-lecture-electronique-en-forme-de.jpg\" alt=\"BOOX PALMA MOBILE EPAPER 6G 128G G-Sensor Light Front Light 16MP arri\u00e8re (noir)\" width=\"auto\" height=\"auto\" loading=\"lazy\">\n                                    <\/div>\n<\/p><\/div>\n<div class=\"order-3 flex grow flex-wrap md:hidden md:grow-0\">\n<div class=\"mt-4 w-full\">\n                        <button class=\"flex justify-center items-center w-full bg-brand-green text-white text-base font-sans font-medium rounded-md hover:bg-brand-green-700 hover:cursor-pointer md:text-sm h-11\"><\/p>\n<p>    Conclure un accord<br \/>\n<\/button>\n                    <\/div>\n<div class=\"mx-2 mt-4 w-full\">\n<div class=\" font-sans leading-4 text-black\">\n<div class=\"flex flex-wrap items-center justify-center gap-x-1 md:justify-start\">\n        <span class=\"font-bold\"><\/p>\n<p>            245,99 $<br \/>\n                            <span class=\"font-medium\">\u00e0 Amazon<\/span><br \/>\n                    <\/span><br \/>\n                    <img decoding=\"async\" class=\"mt-0 h-(15px)\" src=\"https:\/\/vieassociative.be\/actualites\/wp-content\/uploads\/2025\/07\/Je-suis-obsede-par-cette-lecture-electronique-en-forme-de.svg.svg+xml\" title=\"Amazon Prime\" alt=\"Amazon Prime\">\n            <\/div>\n<div class=\"flex items-center justify-center gap-x-1 font-bold md:justify-start\">\n            <span class=\"text-sm line-through\">279,99 $<\/span><br \/>\n            <span class=\"text-sm text-brand-green\">\u00c9conomisez 34,00 $<\/span>\n        <\/div>\n<\/p><\/div>\n<\/p><\/div>\n<\/p><\/div>\n<\/p><\/div>\n<\/div>\n<p>Bien qu&rsquo;il n&rsquo;ait pas re\u00e7u de marque suppl\u00e9mentaire pour Prime Day, vous pouvez d\u00e9penser 25 $ de moins en optant pour le pr\u00e9d\u00e9cesseur du Palma 2, qui a chut\u00e9 \u00e0 246 $ lorsque le nouveau dispositif a fait ses d\u00e9buts en novembre dernier. Bien que le Palma ait un processeur l\u00e9g\u00e8rement plus lent, fonctionne sur une ancienne version d&rsquo;Android et manque de scanner d&#8217;empreintes digitales, c&rsquo;est toujours la meilleure valeur pour la plupart des gens &#8211; vous pouvez en trouver un en stock aux \u00c9tats-Unis (j&rsquo;ai fait une comparaison compl\u00e8te si vous \u00eates ind\u00e9cis.)<\/p>\n<p>Heureusement, \u00e0 ce jour, Amazon a les deux mod\u00e8les disponibles en ce moment, dans votre choix de noir ou de blanc. Si vous \u00eates \u00e0 bord avec le concept d&rsquo;une lecture \u00e9lectronique de la taille d&rsquo;un t\u00e9l\u00e9phone, je ne peux pas imaginer \u00eatre d\u00e9\u00e7u de celui que vous choisissez. <\/p>\n<hr>\n<p><em>Vous cherchez autre chose? Des d\u00e9taillants comme Walmart, Best Buy et Home Depot ont des ventes de concurrence de premier ordre qui sont particuli\u00e8rement utiles si vous n&rsquo;avez pas Amazon Prime.<\/em><\/p>\n<ul>\n<li>\n<p><strong><em>Vente de concours de premier jour de Walmart<\/em><\/strong><em>  commence \u00e0 minuit le 8 juillet et comprendra des offres jusqu&rsquo;\u00e0 50% de r\u00e9duction<\/em><em>. C&rsquo;est une option particuli\u00e8rement bonne si vous avez Walmart +. <\/em><\/p>\n<\/li>\n<li>\n<p><strong><em>Vente de concours de grande journ\u00e9e de Best Buy<\/em><\/strong><em>\u00abBlack Friday de juillet\u00bb, se d\u00e9roule jusqu&rsquo;au dimanche 13 juillet et a certaines des meilleures ventes technologiques en ligne<\/em><em>. C&rsquo;est une option particuli\u00e8rement bonne si vous \u00eates un membre \u00abplus\u00bb ou \u00abtotal\u00bb de mon meilleur achat.<\/em><\/p>\n<\/li>\n<li>\n<p><strong><em>Home Depot a prolong\u00e9 sa vente du 4 juillet<\/em><\/strong><em>  \u00e0 travers au moins le 9 juillet, rivaliser avec leurs propres offres incroyables<\/em><em>. C&rsquo;est une option particuli\u00e8rement bonne si vous recherchez des outils \u00e9lectriques, des appareils \u00e9lectrom\u00e9nagers ou des \u00e9quipements en plein air. <\/em><\/p>\n<\/li>\n<\/ul>\n<div class=\" relative flex justify-center py-16 md:left-1\/2 md:w-(780px) md:max-w-max md:-translate-x-1\/2\" x-data=\"{ showAll: false }\">\n<div class=\"w-max text-center sm:text-left\">\n<div class=\"flex flex-col items-center justify-between text-black sm:flex-row sm:px-6\">\n                <span class=\"text-xs italic sm:ml-7 sm:text-sm\">Les offres sont s\u00e9lectionn\u00e9es par notre \u00e9quipe de commerce<\/span><\/p>\n<p>                                    <button class=\"mt-3 flex items-center gap-1 text-center font-akshar font-medium uppercase sm:mt-0 sm:text-sm\" type=\"button\" x-on:click=\"showAll=!showAll\"><br \/>\n                        <span x-show=\"!showAll\"><\/p>\n<p>                            Voir 1 de plus<br \/>\n                        <\/span><\/p>\n<p>                        <span x-show=\"showAll\"><\/p>\n<p>                            Voir 1 de moins<br \/>\n                        <\/span><\/p>\n<p>                        <svg class=\"block size-3 fill-current text-brand-green\" :class=\"{ 'rotate-180': showAll }\">\n                            <use href=\"http:\/\/lifehacker.com\/images\/icons\/spritemap.svg#sprite-chevron-down\"><\/use>\n                        <\/svg><br \/>\n                    <\/button>\n                            <\/div>\n<\/p><\/div>\n<\/p><\/div>\n","protected":false},"excerpt":{"rendered":"<p>Les tarifs ont augment\u00e9 le prix de la Box Palma 2, mais cela vaut chaque centime, surtout si vous en prenez un en vente. Prime<\/p>\n","protected":false},"author":1,"featured_media":8616,"comment_status":"","ping_status":"","sticky":false,"template":"","format":"standard","meta":{"footnotes":""},"categories":[13],"tags":[362,206,347,2384,632,844,2600,676,81,346,7662,2985,33,542,110,223],"class_list":["post-8615","post","type-post","status-publish","format-standard","has-post-thumbnail","hentry","category-technologie","tag-cest","tag-cette","tag-day","tag-electronique","tag-forme","tag-lecture","tag-obsede","tag-par","tag-pour","tag-prime","tag-rare","tag-suis","tag-sur","tag-telephone","tag-une","tag-vente","generate-columns","tablet-grid-50","mobile-grid-100","grid-parent","grid-33"],"yoast_head":"<!-- This site is optimized with the Yoast SEO plugin v24.0 - https:\/\/yoast.com\/wordpress\/plugins\/seo\/ -->\n<title>Je suis obs\u00e9d\u00e9 par cette lecture \u00e9lectronique en forme de t\u00e9l\u00e9phone, et c&#039;est sur une vente rare pour Prime Day | Vie Associative<\/title>\n<meta name=\"robots\" content=\"index, follow, max-snippet:-1, max-image-preview:large, max-video-preview:-1\" \/>\n<link rel=\"canonical\" href=\"https:\/\/vieassociative.be\/actualites\/je-suis-obsede-par-cette-lecture-electronique-en-forme-de-telephone-et-cest-sur-une-vente-rare-pour-prime-day\/\" \/>\n<meta property=\"og:locale\" content=\"fr_FR\" \/>\n<meta property=\"og:type\" content=\"article\" \/>\n<meta property=\"og:title\" content=\"Je suis obs\u00e9d\u00e9 par cette lecture \u00e9lectronique en forme de t\u00e9l\u00e9phone, et c&#039;est sur une vente rare pour Prime Day | Vie Associative\" \/>\n<meta property=\"og:description\" content=\"Les tarifs ont augment\u00e9 le prix de la Box Palma 2, mais cela vaut chaque centime, surtout si vous en prenez un en vente. Prime\" \/>\n<meta property=\"og:url\" content=\"https:\/\/vieassociative.be\/actualites\/je-suis-obsede-par-cette-lecture-electronique-en-forme-de-telephone-et-cest-sur-une-vente-rare-pour-prime-day\/\" \/>\n<meta property=\"og:site_name\" content=\"Vie Associative\" \/>\n<meta property=\"article:published_time\" content=\"2025-07-08T17:17:24+00:00\" \/>\n<meta property=\"og:image\" content=\"https:\/\/vieassociative.be\/actualites\/wp-content\/uploads\/2025\/07\/Je-suis-obsede-par-cette-lecture-electronique-en-forme-de.svg.svg+xml\" \/>\n<meta name=\"author\" content=\"Julien\" \/>\n<meta name=\"twitter:card\" content=\"summary_large_image\" \/>\n<meta name=\"twitter:label1\" content=\"\u00c9crit par\" \/>\n\t<meta name=\"twitter:data1\" content=\"Julien\" \/>\n\t<meta name=\"twitter:label2\" content=\"Dur\u00e9e de lecture est.\" \/>\n\t<meta name=\"twitter:data2\" content=\"5 minutes\" \/>\n<script type=\"application\/ld+json\" class=\"yoast-schema-graph\">{\"@context\":\"https:\/\/schema.org\",\"@graph\":[{\"@type\":\"Article\",\"@id\":\"https:\/\/vieassociative.be\/actualites\/je-suis-obsede-par-cette-lecture-electronique-en-forme-de-telephone-et-cest-sur-une-vente-rare-pour-prime-day\/#article\",\"isPartOf\":{\"@id\":\"https:\/\/vieassociative.be\/actualites\/je-suis-obsede-par-cette-lecture-electronique-en-forme-de-telephone-et-cest-sur-une-vente-rare-pour-prime-day\/\"},\"author\":{\"name\":\"Julien\",\"@id\":\"https:\/\/vieassociative.be\/actualites\/#\/schema\/person\/b87ac4f82f9d4e7b7cec7395b679edc4\"},\"headline\":\"Je suis obs\u00e9d\u00e9 par cette lecture \u00e9lectronique en forme de t\u00e9l\u00e9phone, et c&rsquo;est sur une vente rare pour Prime Day\",\"datePublished\":\"2025-07-08T17:17:24+00:00\",\"dateModified\":\"2025-07-08T17:17:24+00:00\",\"mainEntityOfPage\":{\"@id\":\"https:\/\/vieassociative.be\/actualites\/je-suis-obsede-par-cette-lecture-electronique-en-forme-de-telephone-et-cest-sur-une-vente-rare-pour-prime-day\/\"},\"wordCount\":1113,\"publisher\":{\"@id\":\"https:\/\/vieassociative.be\/actualites\/#organization\"},\"image\":{\"@id\":\"https:\/\/vieassociative.be\/actualites\/je-suis-obsede-par-cette-lecture-electronique-en-forme-de-telephone-et-cest-sur-une-vente-rare-pour-prime-day\/#primaryimage\"},\"thumbnailUrl\":\"https:\/\/vieassociative.be\/actualites\/wp-content\/uploads\/2025\/07\/Je-suis-obsede-par-cette-lecture-electronique-en-forme-de.png\",\"keywords\":[\"cest\",\"cette\",\"Day\",\"\u00e9lectronique\",\"Forme\",\"lecture\",\"obs\u00e9d\u00e9\",\"par\",\"pour\",\"Prime\",\"rare\",\"suis\",\"sur\",\"t\u00e9l\u00e9phone\",\"une\",\"vente\"],\"articleSection\":[\"Technologie\"],\"inLanguage\":\"fr-BE\"},{\"@type\":\"WebPage\",\"@id\":\"https:\/\/vieassociative.be\/actualites\/je-suis-obsede-par-cette-lecture-electronique-en-forme-de-telephone-et-cest-sur-une-vente-rare-pour-prime-day\/\",\"url\":\"https:\/\/vieassociative.be\/actualites\/je-suis-obsede-par-cette-lecture-electronique-en-forme-de-telephone-et-cest-sur-une-vente-rare-pour-prime-day\/\",\"name\":\"Je suis obs\u00e9d\u00e9 par cette lecture \u00e9lectronique en forme de t\u00e9l\u00e9phone, et c'est sur une vente rare pour Prime Day | Vie Associative\",\"isPartOf\":{\"@id\":\"https:\/\/vieassociative.be\/actualites\/#website\"},\"primaryImageOfPage\":{\"@id\":\"https:\/\/vieassociative.be\/actualites\/je-suis-obsede-par-cette-lecture-electronique-en-forme-de-telephone-et-cest-sur-une-vente-rare-pour-prime-day\/#primaryimage\"},\"image\":{\"@id\":\"https:\/\/vieassociative.be\/actualites\/je-suis-obsede-par-cette-lecture-electronique-en-forme-de-telephone-et-cest-sur-une-vente-rare-pour-prime-day\/#primaryimage\"},\"thumbnailUrl\":\"https:\/\/vieassociative.be\/actualites\/wp-content\/uploads\/2025\/07\/Je-suis-obsede-par-cette-lecture-electronique-en-forme-de.png\",\"datePublished\":\"2025-07-08T17:17:24+00:00\",\"dateModified\":\"2025-07-08T17:17:24+00:00\",\"breadcrumb\":{\"@id\":\"https:\/\/vieassociative.be\/actualites\/je-suis-obsede-par-cette-lecture-electronique-en-forme-de-telephone-et-cest-sur-une-vente-rare-pour-prime-day\/#breadcrumb\"},\"inLanguage\":\"fr-BE\",\"potentialAction\":[{\"@type\":\"ReadAction\",\"target\":[\"https:\/\/vieassociative.be\/actualites\/je-suis-obsede-par-cette-lecture-electronique-en-forme-de-telephone-et-cest-sur-une-vente-rare-pour-prime-day\/\"]}]},{\"@type\":\"ImageObject\",\"inLanguage\":\"fr-BE\",\"@id\":\"https:\/\/vieassociative.be\/actualites\/je-suis-obsede-par-cette-lecture-electronique-en-forme-de-telephone-et-cest-sur-une-vente-rare-pour-prime-day\/#primaryimage\",\"url\":\"https:\/\/vieassociative.be\/actualites\/wp-content\/uploads\/2025\/07\/Je-suis-obsede-par-cette-lecture-electronique-en-forme-de.png\",\"contentUrl\":\"https:\/\/vieassociative.be\/actualites\/wp-content\/uploads\/2025\/07\/Je-suis-obsede-par-cette-lecture-electronique-en-forme-de.png\",\"width\":1200,\"height\":675,\"caption\":\"Je suis obs\u00e9d\u00e9 par cette lecture \u00e9lectronique en forme de t\u00e9l\u00e9phone, et c'est sur une vente rare pour Prime Day\"},{\"@type\":\"BreadcrumbList\",\"@id\":\"https:\/\/vieassociative.be\/actualites\/je-suis-obsede-par-cette-lecture-electronique-en-forme-de-telephone-et-cest-sur-une-vente-rare-pour-prime-day\/#breadcrumb\",\"itemListElement\":[{\"@type\":\"ListItem\",\"position\":1,\"name\":\"Accueil\",\"item\":\"https:\/\/vieassociative.be\/actualites\/\"},{\"@type\":\"ListItem\",\"position\":2,\"name\":\"Je suis obs\u00e9d\u00e9 par cette lecture \u00e9lectronique en forme de t\u00e9l\u00e9phone, et c&rsquo;est sur une vente rare pour Prime Day\"}]},{\"@type\":\"WebSite\",\"@id\":\"https:\/\/vieassociative.be\/actualites\/#website\",\"url\":\"https:\/\/vieassociative.be\/actualites\/\",\"name\":\"Vie Associative\",\"description\":\"\",\"publisher\":{\"@id\":\"https:\/\/vieassociative.be\/actualites\/#organization\"},\"potentialAction\":[{\"@type\":\"SearchAction\",\"target\":{\"@type\":\"EntryPoint\",\"urlTemplate\":\"https:\/\/vieassociative.be\/actualites\/?s={search_term_string}\"},\"query-input\":{\"@type\":\"PropertyValueSpecification\",\"valueRequired\":true,\"valueName\":\"search_term_string\"}}],\"inLanguage\":\"fr-BE\"},{\"@type\":\"Organization\",\"@id\":\"https:\/\/vieassociative.be\/actualites\/#organization\",\"name\":\"Vie Associative\",\"url\":\"https:\/\/vieassociative.be\/actualites\/\",\"logo\":{\"@type\":\"ImageObject\",\"inLanguage\":\"fr-BE\",\"@id\":\"https:\/\/vieassociative.be\/actualites\/#\/schema\/logo\/image\/\",\"url\":\"https:\/\/vieassociative.be\/actualites\/wp-content\/uploads\/2024\/09\/cropped-vieassociative_favicon.ico.png\",\"contentUrl\":\"https:\/\/vieassociative.be\/actualites\/wp-content\/uploads\/2024\/09\/cropped-vieassociative_favicon.ico.png\",\"width\":512,\"height\":512,\"caption\":\"Vie Associative\"},\"image\":{\"@id\":\"https:\/\/vieassociative.be\/actualites\/#\/schema\/logo\/image\/\"}},{\"@type\":\"Person\",\"@id\":\"https:\/\/vieassociative.be\/actualites\/#\/schema\/person\/b87ac4f82f9d4e7b7cec7395b679edc4\",\"name\":\"Julien\",\"image\":{\"@type\":\"ImageObject\",\"inLanguage\":\"fr-BE\",\"@id\":\"https:\/\/vieassociative.be\/actualites\/#\/schema\/person\/image\/\",\"url\":\"https:\/\/vieassociative.be\/actualites\/wp-content\/uploads\/2024\/09\/vie-associative-1-150x150.jpg\",\"contentUrl\":\"https:\/\/vieassociative.be\/actualites\/wp-content\/uploads\/2024\/09\/vie-associative-1-150x150.jpg\",\"caption\":\"Julien\"},\"description\":\"Je suis Julien, r\u00e9dacteur pour Vie Associative. Passionn\u00e9 par le monde associatif depuis plus de 10 ans, j'ai \u00e0 c\u0153ur de partager des histoires inspirantes et de mettre en lumi\u00e8re les initiatives locales. Mon objectif est de sensibiliser et d'encourager l'engagement communautaire \u00e0 travers mes articles.\",\"sameAs\":[\"https:\/\/vieassociative.be\/\"]}]}<\/script>\n<!-- \/ Yoast SEO plugin. -->","yoast_head_json":{"title":"Je suis obs\u00e9d\u00e9 par cette lecture \u00e9lectronique en forme de t\u00e9l\u00e9phone, et c'est sur une vente rare pour Prime Day | Vie Associative","robots":{"index":"index","follow":"follow","max-snippet":"max-snippet:-1","max-image-preview":"max-image-preview:large","max-video-preview":"max-video-preview:-1"},"canonical":"https:\/\/vieassociative.be\/actualites\/je-suis-obsede-par-cette-lecture-electronique-en-forme-de-telephone-et-cest-sur-une-vente-rare-pour-prime-day\/","og_locale":"fr_FR","og_type":"article","og_title":"Je suis obs\u00e9d\u00e9 par cette lecture \u00e9lectronique en forme de t\u00e9l\u00e9phone, et c'est sur une vente rare pour Prime Day | Vie Associative","og_description":"Les tarifs ont augment\u00e9 le prix de la Box Palma 2, mais cela vaut chaque centime, surtout si vous en prenez un en vente. Prime","og_url":"https:\/\/vieassociative.be\/actualites\/je-suis-obsede-par-cette-lecture-electronique-en-forme-de-telephone-et-cest-sur-une-vente-rare-pour-prime-day\/","og_site_name":"Vie Associative","article_published_time":"2025-07-08T17:17:24+00:00","og_image":[{"url":"https:\/\/vieassociative.be\/actualites\/wp-content\/uploads\/2025\/07\/Je-suis-obsede-par-cette-lecture-electronique-en-forme-de.svg.svg+xml","type":"","width":"","height":""}],"author":"Julien","twitter_card":"summary_large_image","twitter_misc":{"\u00c9crit par":"Julien","Dur\u00e9e de lecture est.":"5 minutes"},"schema":{"@context":"https:\/\/schema.org","@graph":[{"@type":"Article","@id":"https:\/\/vieassociative.be\/actualites\/je-suis-obsede-par-cette-lecture-electronique-en-forme-de-telephone-et-cest-sur-une-vente-rare-pour-prime-day\/#article","isPartOf":{"@id":"https:\/\/vieassociative.be\/actualites\/je-suis-obsede-par-cette-lecture-electronique-en-forme-de-telephone-et-cest-sur-une-vente-rare-pour-prime-day\/"},"author":{"name":"Julien","@id":"https:\/\/vieassociative.be\/actualites\/#\/schema\/person\/b87ac4f82f9d4e7b7cec7395b679edc4"},"headline":"Je suis obs\u00e9d\u00e9 par cette lecture \u00e9lectronique en forme de t\u00e9l\u00e9phone, et c&rsquo;est sur une vente rare pour Prime Day","datePublished":"2025-07-08T17:17:24+00:00","dateModified":"2025-07-08T17:17:24+00:00","mainEntityOfPage":{"@id":"https:\/\/vieassociative.be\/actualites\/je-suis-obsede-par-cette-lecture-electronique-en-forme-de-telephone-et-cest-sur-une-vente-rare-pour-prime-day\/"},"wordCount":1113,"publisher":{"@id":"https:\/\/vieassociative.be\/actualites\/#organization"},"image":{"@id":"https:\/\/vieassociative.be\/actualites\/je-suis-obsede-par-cette-lecture-electronique-en-forme-de-telephone-et-cest-sur-une-vente-rare-pour-prime-day\/#primaryimage"},"thumbnailUrl":"https:\/\/vieassociative.be\/actualites\/wp-content\/uploads\/2025\/07\/Je-suis-obsede-par-cette-lecture-electronique-en-forme-de.png","keywords":["cest","cette","Day","\u00e9lectronique","Forme","lecture","obs\u00e9d\u00e9","par","pour","Prime","rare","suis","sur","t\u00e9l\u00e9phone","une","vente"],"articleSection":["Technologie"],"inLanguage":"fr-BE"},{"@type":"WebPage","@id":"https:\/\/vieassociative.be\/actualites\/je-suis-obsede-par-cette-lecture-electronique-en-forme-de-telephone-et-cest-sur-une-vente-rare-pour-prime-day\/","url":"https:\/\/vieassociative.be\/actualites\/je-suis-obsede-par-cette-lecture-electronique-en-forme-de-telephone-et-cest-sur-une-vente-rare-pour-prime-day\/","name":"Je suis obs\u00e9d\u00e9 par cette lecture \u00e9lectronique en forme de t\u00e9l\u00e9phone, et c'est sur une vente rare pour Prime Day | Vie Associative","isPartOf":{"@id":"https:\/\/vieassociative.be\/actualites\/#website"},"primaryImageOfPage":{"@id":"https:\/\/vieassociative.be\/actualites\/je-suis-obsede-par-cette-lecture-electronique-en-forme-de-telephone-et-cest-sur-une-vente-rare-pour-prime-day\/#primaryimage"},"image":{"@id":"https:\/\/vieassociative.be\/actualites\/je-suis-obsede-par-cette-lecture-electronique-en-forme-de-telephone-et-cest-sur-une-vente-rare-pour-prime-day\/#primaryimage"},"thumbnailUrl":"https:\/\/vieassociative.be\/actualites\/wp-content\/uploads\/2025\/07\/Je-suis-obsede-par-cette-lecture-electronique-en-forme-de.png","datePublished":"2025-07-08T17:17:24+00:00","dateModified":"2025-07-08T17:17:24+00:00","breadcrumb":{"@id":"https:\/\/vieassociative.be\/actualites\/je-suis-obsede-par-cette-lecture-electronique-en-forme-de-telephone-et-cest-sur-une-vente-rare-pour-prime-day\/#breadcrumb"},"inLanguage":"fr-BE","potentialAction":[{"@type":"ReadAction","target":["https:\/\/vieassociative.be\/actualites\/je-suis-obsede-par-cette-lecture-electronique-en-forme-de-telephone-et-cest-sur-une-vente-rare-pour-prime-day\/"]}]},{"@type":"ImageObject","inLanguage":"fr-BE","@id":"https:\/\/vieassociative.be\/actualites\/je-suis-obsede-par-cette-lecture-electronique-en-forme-de-telephone-et-cest-sur-une-vente-rare-pour-prime-day\/#primaryimage","url":"https:\/\/vieassociative.be\/actualites\/wp-content\/uploads\/2025\/07\/Je-suis-obsede-par-cette-lecture-electronique-en-forme-de.png","contentUrl":"https:\/\/vieassociative.be\/actualites\/wp-content\/uploads\/2025\/07\/Je-suis-obsede-par-cette-lecture-electronique-en-forme-de.png","width":1200,"height":675,"caption":"Je suis obs\u00e9d\u00e9 par cette lecture \u00e9lectronique en forme de t\u00e9l\u00e9phone, et c'est sur une vente rare pour Prime Day"},{"@type":"BreadcrumbList","@id":"https:\/\/vieassociative.be\/actualites\/je-suis-obsede-par-cette-lecture-electronique-en-forme-de-telephone-et-cest-sur-une-vente-rare-pour-prime-day\/#breadcrumb","itemListElement":[{"@type":"ListItem","position":1,"name":"Accueil","item":"https:\/\/vieassociative.be\/actualites\/"},{"@type":"ListItem","position":2,"name":"Je suis obs\u00e9d\u00e9 par cette lecture \u00e9lectronique en forme de t\u00e9l\u00e9phone, et c&rsquo;est sur une vente rare pour Prime Day"}]},{"@type":"WebSite","@id":"https:\/\/vieassociative.be\/actualites\/#website","url":"https:\/\/vieassociative.be\/actualites\/","name":"Vie Associative","description":"","publisher":{"@id":"https:\/\/vieassociative.be\/actualites\/#organization"},"potentialAction":[{"@type":"SearchAction","target":{"@type":"EntryPoint","urlTemplate":"https:\/\/vieassociative.be\/actualites\/?s={search_term_string}"},"query-input":{"@type":"PropertyValueSpecification","valueRequired":true,"valueName":"search_term_string"}}],"inLanguage":"fr-BE"},{"@type":"Organization","@id":"https:\/\/vieassociative.be\/actualites\/#organization","name":"Vie Associative","url":"https:\/\/vieassociative.be\/actualites\/","logo":{"@type":"ImageObject","inLanguage":"fr-BE","@id":"https:\/\/vieassociative.be\/actualites\/#\/schema\/logo\/image\/","url":"https:\/\/vieassociative.be\/actualites\/wp-content\/uploads\/2024\/09\/cropped-vieassociative_favicon.ico.png","contentUrl":"https:\/\/vieassociative.be\/actualites\/wp-content\/uploads\/2024\/09\/cropped-vieassociative_favicon.ico.png","width":512,"height":512,"caption":"Vie Associative"},"image":{"@id":"https:\/\/vieassociative.be\/actualites\/#\/schema\/logo\/image\/"}},{"@type":"Person","@id":"https:\/\/vieassociative.be\/actualites\/#\/schema\/person\/b87ac4f82f9d4e7b7cec7395b679edc4","name":"Julien","image":{"@type":"ImageObject","inLanguage":"fr-BE","@id":"https:\/\/vieassociative.be\/actualites\/#\/schema\/person\/image\/","url":"https:\/\/vieassociative.be\/actualites\/wp-content\/uploads\/2024\/09\/vie-associative-1-150x150.jpg","contentUrl":"https:\/\/vieassociative.be\/actualites\/wp-content\/uploads\/2024\/09\/vie-associative-1-150x150.jpg","caption":"Julien"},"description":"Je suis Julien, r\u00e9dacteur pour Vie Associative. Passionn\u00e9 par le monde associatif depuis plus de 10 ans, j'ai \u00e0 c\u0153ur de partager des histoires inspirantes et de mettre en lumi\u00e8re les initiatives locales. Mon objectif est de sensibiliser et d'encourager l'engagement communautaire \u00e0 travers mes articles.","sameAs":["https:\/\/vieassociative.be\/"]}]}},"_links":{"self":[{"href":"https:\/\/vieassociative.be\/actualites\/wp-json\/wp\/v2\/posts\/8615"}],"collection":[{"href":"https:\/\/vieassociative.be\/actualites\/wp-json\/wp\/v2\/posts"}],"about":[{"href":"https:\/\/vieassociative.be\/actualites\/wp-json\/wp\/v2\/types\/post"}],"author":[{"embeddable":true,"href":"https:\/\/vieassociative.be\/actualites\/wp-json\/wp\/v2\/users\/1"}],"replies":[{"embeddable":true,"href":"https:\/\/vieassociative.be\/actualites\/wp-json\/wp\/v2\/comments?post=8615"}],"version-history":[{"count":0,"href":"https:\/\/vieassociative.be\/actualites\/wp-json\/wp\/v2\/posts\/8615\/revisions"}],"wp:featuredmedia":[{"embeddable":true,"href":"https:\/\/vieassociative.be\/actualites\/wp-json\/wp\/v2\/media\/8616"}],"wp:attachment":[{"href":"https:\/\/vieassociative.be\/actualites\/wp-json\/wp\/v2\/media?parent=8615"}],"wp:term":[{"taxonomy":"category","embeddable":true,"href":"https:\/\/vieassociative.be\/actualites\/wp-json\/wp\/v2\/categories?post=8615"},{"taxonomy":"post_tag","embeddable":true,"href":"https:\/\/vieassociative.be\/actualites\/wp-json\/wp\/v2\/tags?post=8615"}],"curies":[{"name":"wp","href":"https:\/\/api.w.org\/{rel}","templated":true}]}}