{"id":8613,"date":"2025-07-08T16:17:04","date_gmt":"2025-07-08T14:17:04","guid":{"rendered":"https:\/\/vieassociative.be\/actualites\/bonjour-chatt-est-ce-que-lhomme-du-climat-est-fait\/"},"modified":"2025-07-08T16:17:04","modified_gmt":"2025-07-08T14:17:04","slug":"bonjour-chatt-est-ce-que-lhomme-du-climat-est-fait","status":"publish","type":"post","link":"https:\/\/vieassociative.be\/actualites\/bonjour-chatt-est-ce-que-lhomme-du-climat-est-fait\/","title":{"rendered":"Bonjour Chatt, est-ce que l&rsquo;homme du climat est fait?"},"content":{"rendered":"<p><strong>Les m\u00e9dias peuvent \u00eatre lus sur le changement climatique et ses effets chaque jour. C&rsquo;est un diff\u00e9rend qui chauffe les esprits des forums Internet. M\u00eame les experts sont diff\u00e9rents. \u00ab\u00a0L&rsquo;est de la Belgique directement\u00a0\u00bb a simplement demand\u00e9 \u00e0 Chatgpt si le changement climatique \u00e9tait humain ou non.<\/strong><\/p>\n<p><span id=\"more-419516\"><\/span>Chatgpt est bas\u00e9 sur l&rsquo;intelligence artificielle ainsi appel\u00e9e (AI), plus pr\u00e9cis\u00e9ment: sur un mod\u00e8le vocal appel\u00e9 GPT (transformateur pr\u00e9lev\u00e9). Ce mod\u00e8le a lu beaucoup de textes sur Internet (livres, sites Web, journaux, etc.) &#8211; il a donc appris comment fonctionne la langue.<\/p>\n<div id=\"attachment_334755\" class=\"wp-caption alignleft\" style=\"max-width: 300px\"><img fetchpriority=\"high\" decoding=\"async\" class=\"wp-image-334755 size-medium\" src=\"https:\/\/vieassociative.be\/actualites\/wp-content\/uploads\/2025\/07\/Bonjour-Chatt-est-ce-que-lhomme-du-climat-est-fait.jpeg\" alt=\"\" width=\"300\" height=\"200\"><\/p>\n<p class=\"wp-caption-text\">23.10.2022, Belgique, Bruxelles: les manifestants se r\u00e9unissent pendant la manifestation climatique \u00ab\u00a0Marche pour votre avenir\u00a0\u00bb. Photo: Nicolas Maeterlinck \/ Belga \/ DPA<\/p>\n<\/div>\n<p>Chatgpt r\u00e9pond comme si vous \u00e9tiez aid\u00e9 par un enseignant ou un ami. Chatgpt peut r\u00e9pondre aux questions, \u00e9crire des textes ou s&rsquo;am\u00e9liorer, sugg\u00e9rer des id\u00e9es, traduire les langues et bien plus encore.<\/p>\n<p>Cependant, Chatgpt n&rsquo;a aucune connaissance r\u00e9elle, mais sait seulement ce qu&rsquo;il a appris des textes. Il n&rsquo;est donc pas correct \u00e0 100%. Vous devez donc toujours penser de mani\u00e8re critique, y compris les r\u00e9ponses suivantes de Chatgpt \u00e0 deux questions de OD.<\/p>\n<p><strong>OD: Chatgpt, le changement climatique est-il fait ou non?<\/strong><\/p>\n<p>Oui, le changement climatique est fabriqu\u00e9 par l&rsquo;homme &#8211; c&rsquo;est le consensus scientifique. Depuis le d\u00e9but de la r\u00e9volution industrielle (vers 1850), les humains ont fait des gaz \u00e0 effet de serre massifs dans l&rsquo;atmosph\u00e8re en raison de diverses activit\u00e9s:<\/p>\n<ul>\n<li>Combustion des combustibles fossiles (charbon, p\u00e9trole, gaz) \u2192 Co\u2082<\/li>\n<li>Agriculture et \u00e9levage de bovins \u2192 m\u00e9thane (ch\u2084), lachgas (n\u2082o)<\/li>\n<li>D\u00e9forestation des for\u00eats \u2192 moins de co\u2082 Storage<\/li>\n<li>Processus industriels \u2192 D&rsquo;autres gaz \u00e0 effet de serre (par ex.<\/li>\n<\/ul>\n<p>Ces gaz renforcent l&rsquo;effet de serre naturel &#8211; la Terre se r\u00e9chauffe. La temp\u00e9rature moyenne mondiale a augment\u00e9 de plus de 1,1 degr\u00e9s depuis 1900. Le r\u00e9chauffement au cours des derni\u00e8res d\u00e9cennies a \u00e9t\u00e9 trop rapide pour \u00eatre expliqu\u00e9 par des facteurs naturels (tels que les volcans ou les cycles solaires).<\/p>\n<div id=\"attachment_269758\" class=\"wp-caption alignleft\" style=\"max-width: 300px\"><img decoding=\"async\" class=\"wp-image-269758 size-medium\" src=\"https:\/\/vieassociative.be\/actualites\/wp-content\/uploads\/2025\/07\/1751984224_70_Bonjour-Chatt-est-ce-que-lhomme-du-climat-est-fait.jpeg\" alt=\"\" width=\"300\" height=\"181\"><\/p>\n<p class=\"wp-caption-text\">Les \u00e9missions mondiales de CO2 restent \u00e0 un niveau record. Photo: Julian Stratenschulte \/ DPA<\/p>\n<\/div>\n<p>Les mod\u00e8les climatiques qui incluent uniquement les influences naturelles ne montrent pas l&rsquo;\u00e9l\u00e9vation de la temp\u00e9rature observ\u00e9e. Ce n&rsquo;est qu&rsquo;avec les mod\u00e8les d&rsquo;influences humaines qui correspondent \u00e0 la r\u00e9alit\u00e9. Le GIEC (climat mondial) dit: il est \u00ab\u00a0clair\u00a0\u00bb que l&rsquo;homme est la principale cause du r\u00e9chauffement climatique.<\/p>\n<p>Le changement climatique n&rsquo;est pas simplement \u00ab\u00a0un cycle naturel\u00a0\u00bb, comme on le pr\u00e9tend parfois. Il y a eu des changements climatiques naturels dans l&rsquo;histoire de la Terre &#8211; mais jamais aussi rapidement qu&rsquo;aujourd&rsquo;hui, et non dans ces conditions.<\/p>\n<p><strong>OD: L&rsquo;homme n&rsquo;a jamais vaincu la nature, les forces de la nature \u00e9taient de plus en plus, que ce soit avec des tremblements de terre ou des inondations. Pourquoi cela devrait-il \u00eatre diff\u00e9rent avec le changement climatique?<\/strong><\/p>\n<p>C&rsquo;est une pens\u00e9e l\u00e9gitime &#8211; parce que oui, la nature \u00e9tait et est sup\u00e9rieure \u00e0 l&rsquo;homme \u00e0 bien des \u00e9gards: elle est plus \u00e2g\u00e9e, plus complexe, plus puissante, et il d\u00e9finit finalement les conditions du cadre pour nos vies. Mais le climat ne concerne pas la \u00ab\u00a0sup\u00e9riorit\u00e9\u00a0\u00bb, mais sur l&rsquo;influence &#8211; et cela montre que les gens peuvent d\u00e9sormais influencer tellement les processus mondiaux qu&rsquo;ils se d\u00e9s\u00e9quilibrent.<\/p>\n<p>Pourquoi les gens sont-ils un facteur climatique aujourd&rsquo;hui? Dans le pass\u00e9, les gens n&rsquo;avaient gu\u00e8re pu quitter les traces mondiales par rapport \u00e0 la nature. Mais cela a consid\u00e9rablement chang\u00e9 avec la r\u00e9volution industrielle:<\/p>\n<ul>\n<li>En quelques d\u00e9cennies, nous br\u00fblons des tissus fossiles qui se sont form\u00e9s sur des millions d&rsquo;ann\u00e9es.<\/li>\n<li>Nous changeons la teneur en co\u2082 de l&rsquo;atmosph\u00e8re aussi rapidement qu&rsquo;elle ne se produit g\u00e9n\u00e9ralement que dans des catastrophes naturelles extr\u00eames.<\/li>\n<li>Nous nettoyons les for\u00eats, scellons les planchers, influen\u00e7ons les oc\u00e9ans, l&rsquo;air de la pollution, l&rsquo;eau et les planchers \u00e0 l&rsquo;\u00e9chelle mondiale.<\/li>\n<\/ul>\n<div id=\"attachment_419532\" class=\"wp-caption alignleft\" style=\"max-width: 300px\"><img decoding=\"async\" class=\"wp-image-419532 size-medium\" src=\"https:\/\/vieassociative.be\/actualites\/wp-content\/uploads\/2025\/07\/Bonjour-Chatt-est-ce-que-lhomme-du-climat-est-fait.jpg\" alt=\"\" width=\"300\" height=\"120\"><\/p>\n<p class=\"wp-caption-text\">Baum dans un paysage imaginaire dans le changement climatique par rapport \u00e0 la croissance verte. Photo: Shutterstock<\/p>\n<\/div>\n<p>La nature est toujours puissante. Un super volcan ou une m\u00e9t\u00e9orite peut \u00e9galement changer radicalement le climat. Mais actuellement, les gens sont le pouvoir dominant du changement climatique &#8211; parce que leurs activit\u00e9s ont un effet permanent et \u00e0 l&rsquo;\u00e9chelle nationale.<\/p>\n<p>Une comparaison: la nature est comme un grand bateau \u00e0 vapeur. L&rsquo;homme a donn\u00e9 un \u00e9norme coup de pouce au cours des 150 derni\u00e8res ann\u00e9es &#8211; si fort que le cours du navire change.<\/p>\n<p>Conclusion: La nature a toujours fa\u00e7onn\u00e9 le climat &#8211; mais aujourd&rsquo;hui, les gens sont un facteur si fort qu&rsquo;il est devenu en partie de la nature. Cela signifie \u00e9galement: nous avons la responsabilit\u00e9 parce que nous changeons le syst\u00e8me &#8211; et parce que nous obtenons les cons\u00e9quences nous-m\u00eames (et les autres). (Chatgpt \/ Cre)<\/p>\n","protected":false},"excerpt":{"rendered":"<p>Les m\u00e9dias peuvent \u00eatre lus sur le changement climatique et ses effets chaque jour. C&rsquo;est un diff\u00e9rend qui chauffe les esprits des forums Internet. M\u00eame<\/p>\n","protected":false},"author":1,"featured_media":8614,"comment_status":"","ping_status":"","sticky":false,"template":"","format":"standard","meta":{"footnotes":""},"categories":[298],"tags":[6253,7661,2991,76,5967,635,4475],"class_list":["post-8613","post","type-post","status-publish","format-standard","has-post-thumbnail","hentry","category-belgique","tag-bonjour","tag-chatt","tag-climat","tag-est","tag-estce","tag-fait","tag-lhomme","generate-columns","tablet-grid-50","mobile-grid-100","grid-parent","grid-33"],"yoast_head":"<!-- This site is optimized with the Yoast SEO plugin v24.0 - https:\/\/yoast.com\/wordpress\/plugins\/seo\/ -->\n<title>Bonjour Chatt, est-ce que l&#039;homme du climat est fait? | Vie Associative<\/title>\n<meta name=\"robots\" content=\"index, follow, max-snippet:-1, max-image-preview:large, max-video-preview:-1\" \/>\n<link rel=\"canonical\" href=\"https:\/\/vieassociative.be\/actualites\/bonjour-chatt-est-ce-que-lhomme-du-climat-est-fait\/\" \/>\n<meta property=\"og:locale\" content=\"fr_FR\" \/>\n<meta property=\"og:type\" content=\"article\" \/>\n<meta property=\"og:title\" content=\"Bonjour Chatt, est-ce que l&#039;homme du climat est fait? | Vie Associative\" \/>\n<meta property=\"og:description\" content=\"Les m\u00e9dias peuvent \u00eatre lus sur le changement climatique et ses effets chaque jour. C&rsquo;est un diff\u00e9rend qui chauffe les esprits des forums Internet. M\u00eame\" \/>\n<meta property=\"og:url\" content=\"https:\/\/vieassociative.be\/actualites\/bonjour-chatt-est-ce-que-lhomme-du-climat-est-fait\/\" \/>\n<meta property=\"og:site_name\" content=\"Vie Associative\" \/>\n<meta property=\"article:published_time\" content=\"2025-07-08T14:17:04+00:00\" \/>\n<meta property=\"og:image\" content=\"https:\/\/vieassociative.be\/actualites\/wp-content\/uploads\/2024\/09\/header_backgroundk-01-e1726694325946.png\" \/>\n\t<meta property=\"og:image:width\" content=\"279\" \/>\n\t<meta property=\"og:image:height\" content=\"92\" \/>\n\t<meta property=\"og:image:type\" content=\"image\/png\" \/>\n<meta name=\"author\" content=\"Julien\" \/>\n<meta name=\"twitter:card\" content=\"summary_large_image\" \/>\n<meta name=\"twitter:label1\" content=\"\u00c9crit par\" \/>\n\t<meta name=\"twitter:data1\" content=\"Julien\" \/>\n\t<meta name=\"twitter:label2\" content=\"Dur\u00e9e de lecture est.\" \/>\n\t<meta name=\"twitter:data2\" content=\"4 minutes\" \/>\n<script type=\"application\/ld+json\" class=\"yoast-schema-graph\">{\"@context\":\"https:\/\/schema.org\",\"@graph\":[{\"@type\":\"Article\",\"@id\":\"https:\/\/vieassociative.be\/actualites\/bonjour-chatt-est-ce-que-lhomme-du-climat-est-fait\/#article\",\"isPartOf\":{\"@id\":\"https:\/\/vieassociative.be\/actualites\/bonjour-chatt-est-ce-que-lhomme-du-climat-est-fait\/\"},\"author\":{\"name\":\"Julien\",\"@id\":\"https:\/\/vieassociative.be\/actualites\/#\/schema\/person\/b87ac4f82f9d4e7b7cec7395b679edc4\"},\"headline\":\"Bonjour Chatt, est-ce que l&rsquo;homme du climat est fait?\",\"datePublished\":\"2025-07-08T14:17:04+00:00\",\"dateModified\":\"2025-07-08T14:17:04+00:00\",\"mainEntityOfPage\":{\"@id\":\"https:\/\/vieassociative.be\/actualites\/bonjour-chatt-est-ce-que-lhomme-du-climat-est-fait\/\"},\"wordCount\":861,\"publisher\":{\"@id\":\"https:\/\/vieassociative.be\/actualites\/#organization\"},\"image\":{\"@id\":\"https:\/\/vieassociative.be\/actualites\/bonjour-chatt-est-ce-que-lhomme-du-climat-est-fait\/#primaryimage\"},\"thumbnailUrl\":\"https:\/\/vieassociative.be\/actualites\/wp-content\/uploads\/2025\/07\/1751984224_Bonjour-Chatt-est-ce-que-lhomme-du-climat-est-fait.jpeg\",\"keywords\":[\"bonjour\",\"Chatt\",\"climat\",\"est\",\"estce\",\"fait\",\"Lhomme\"],\"articleSection\":[\"Belgique\"],\"inLanguage\":\"fr-BE\"},{\"@type\":\"WebPage\",\"@id\":\"https:\/\/vieassociative.be\/actualites\/bonjour-chatt-est-ce-que-lhomme-du-climat-est-fait\/\",\"url\":\"https:\/\/vieassociative.be\/actualites\/bonjour-chatt-est-ce-que-lhomme-du-climat-est-fait\/\",\"name\":\"Bonjour Chatt, est-ce que l'homme du climat est fait? | Vie Associative\",\"isPartOf\":{\"@id\":\"https:\/\/vieassociative.be\/actualites\/#website\"},\"primaryImageOfPage\":{\"@id\":\"https:\/\/vieassociative.be\/actualites\/bonjour-chatt-est-ce-que-lhomme-du-climat-est-fait\/#primaryimage\"},\"image\":{\"@id\":\"https:\/\/vieassociative.be\/actualites\/bonjour-chatt-est-ce-que-lhomme-du-climat-est-fait\/#primaryimage\"},\"thumbnailUrl\":\"https:\/\/vieassociative.be\/actualites\/wp-content\/uploads\/2025\/07\/1751984224_Bonjour-Chatt-est-ce-que-lhomme-du-climat-est-fait.jpeg\",\"datePublished\":\"2025-07-08T14:17:04+00:00\",\"dateModified\":\"2025-07-08T14:17:04+00:00\",\"breadcrumb\":{\"@id\":\"https:\/\/vieassociative.be\/actualites\/bonjour-chatt-est-ce-que-lhomme-du-climat-est-fait\/#breadcrumb\"},\"inLanguage\":\"fr-BE\",\"potentialAction\":[{\"@type\":\"ReadAction\",\"target\":[\"https:\/\/vieassociative.be\/actualites\/bonjour-chatt-est-ce-que-lhomme-du-climat-est-fait\/\"]}]},{\"@type\":\"ImageObject\",\"inLanguage\":\"fr-BE\",\"@id\":\"https:\/\/vieassociative.be\/actualites\/bonjour-chatt-est-ce-que-lhomme-du-climat-est-fait\/#primaryimage\",\"url\":\"https:\/\/vieassociative.be\/actualites\/wp-content\/uploads\/2025\/07\/1751984224_Bonjour-Chatt-est-ce-que-lhomme-du-climat-est-fait.jpeg\",\"contentUrl\":\"https:\/\/vieassociative.be\/actualites\/wp-content\/uploads\/2025\/07\/1751984224_Bonjour-Chatt-est-ce-que-lhomme-du-climat-est-fait.jpeg\",\"width\":1200,\"height\":800,\"caption\":\"Bonjour Chatt, est-ce que l'homme du climat est fait?\"},{\"@type\":\"BreadcrumbList\",\"@id\":\"https:\/\/vieassociative.be\/actualites\/bonjour-chatt-est-ce-que-lhomme-du-climat-est-fait\/#breadcrumb\",\"itemListElement\":[{\"@type\":\"ListItem\",\"position\":1,\"name\":\"Accueil\",\"item\":\"https:\/\/vieassociative.be\/actualites\/\"},{\"@type\":\"ListItem\",\"position\":2,\"name\":\"Bonjour Chatt, est-ce que l&rsquo;homme du climat est fait?\"}]},{\"@type\":\"WebSite\",\"@id\":\"https:\/\/vieassociative.be\/actualites\/#website\",\"url\":\"https:\/\/vieassociative.be\/actualites\/\",\"name\":\"Vie Associative\",\"description\":\"\",\"publisher\":{\"@id\":\"https:\/\/vieassociative.be\/actualites\/#organization\"},\"potentialAction\":[{\"@type\":\"SearchAction\",\"target\":{\"@type\":\"EntryPoint\",\"urlTemplate\":\"https:\/\/vieassociative.be\/actualites\/?s={search_term_string}\"},\"query-input\":{\"@type\":\"PropertyValueSpecification\",\"valueRequired\":true,\"valueName\":\"search_term_string\"}}],\"inLanguage\":\"fr-BE\"},{\"@type\":\"Organization\",\"@id\":\"https:\/\/vieassociative.be\/actualites\/#organization\",\"name\":\"Vie Associative\",\"url\":\"https:\/\/vieassociative.be\/actualites\/\",\"logo\":{\"@type\":\"ImageObject\",\"inLanguage\":\"fr-BE\",\"@id\":\"https:\/\/vieassociative.be\/actualites\/#\/schema\/logo\/image\/\",\"url\":\"https:\/\/vieassociative.be\/actualites\/wp-content\/uploads\/2024\/09\/cropped-vieassociative_favicon.ico.png\",\"contentUrl\":\"https:\/\/vieassociative.be\/actualites\/wp-content\/uploads\/2024\/09\/cropped-vieassociative_favicon.ico.png\",\"width\":512,\"height\":512,\"caption\":\"Vie Associative\"},\"image\":{\"@id\":\"https:\/\/vieassociative.be\/actualites\/#\/schema\/logo\/image\/\"}},{\"@type\":\"Person\",\"@id\":\"https:\/\/vieassociative.be\/actualites\/#\/schema\/person\/b87ac4f82f9d4e7b7cec7395b679edc4\",\"name\":\"Julien\",\"image\":{\"@type\":\"ImageObject\",\"inLanguage\":\"fr-BE\",\"@id\":\"https:\/\/vieassociative.be\/actualites\/#\/schema\/person\/image\/\",\"url\":\"https:\/\/vieassociative.be\/actualites\/wp-content\/uploads\/2024\/09\/vie-associative-1-150x150.jpg\",\"contentUrl\":\"https:\/\/vieassociative.be\/actualites\/wp-content\/uploads\/2024\/09\/vie-associative-1-150x150.jpg\",\"caption\":\"Julien\"},\"description\":\"Je suis Julien, r\u00e9dacteur pour Vie Associative. Passionn\u00e9 par le monde associatif depuis plus de 10 ans, j'ai \u00e0 c\u0153ur de partager des histoires inspirantes et de mettre en lumi\u00e8re les initiatives locales. Mon objectif est de sensibiliser et d'encourager l'engagement communautaire \u00e0 travers mes articles.\",\"sameAs\":[\"https:\/\/vieassociative.be\/\"]}]}<\/script>\n<!-- \/ Yoast SEO plugin. -->","yoast_head_json":{"title":"Bonjour Chatt, est-ce que l'homme du climat est fait? | Vie Associative","robots":{"index":"index","follow":"follow","max-snippet":"max-snippet:-1","max-image-preview":"max-image-preview:large","max-video-preview":"max-video-preview:-1"},"canonical":"https:\/\/vieassociative.be\/actualites\/bonjour-chatt-est-ce-que-lhomme-du-climat-est-fait\/","og_locale":"fr_FR","og_type":"article","og_title":"Bonjour Chatt, est-ce que l'homme du climat est fait? | Vie Associative","og_description":"Les m\u00e9dias peuvent \u00eatre lus sur le changement climatique et ses effets chaque jour. C&rsquo;est un diff\u00e9rend qui chauffe les esprits des forums Internet. M\u00eame","og_url":"https:\/\/vieassociative.be\/actualites\/bonjour-chatt-est-ce-que-lhomme-du-climat-est-fait\/","og_site_name":"Vie Associative","article_published_time":"2025-07-08T14:17:04+00:00","og_image":[{"width":279,"height":92,"url":"https:\/\/vieassociative.be\/actualites\/wp-content\/uploads\/2024\/09\/header_backgroundk-01-e1726694325946.png","type":"image\/png"}],"author":"Julien","twitter_card":"summary_large_image","twitter_misc":{"\u00c9crit par":"Julien","Dur\u00e9e de lecture est.":"4 minutes"},"schema":{"@context":"https:\/\/schema.org","@graph":[{"@type":"Article","@id":"https:\/\/vieassociative.be\/actualites\/bonjour-chatt-est-ce-que-lhomme-du-climat-est-fait\/#article","isPartOf":{"@id":"https:\/\/vieassociative.be\/actualites\/bonjour-chatt-est-ce-que-lhomme-du-climat-est-fait\/"},"author":{"name":"Julien","@id":"https:\/\/vieassociative.be\/actualites\/#\/schema\/person\/b87ac4f82f9d4e7b7cec7395b679edc4"},"headline":"Bonjour Chatt, est-ce que l&rsquo;homme du climat est fait?","datePublished":"2025-07-08T14:17:04+00:00","dateModified":"2025-07-08T14:17:04+00:00","mainEntityOfPage":{"@id":"https:\/\/vieassociative.be\/actualites\/bonjour-chatt-est-ce-que-lhomme-du-climat-est-fait\/"},"wordCount":861,"publisher":{"@id":"https:\/\/vieassociative.be\/actualites\/#organization"},"image":{"@id":"https:\/\/vieassociative.be\/actualites\/bonjour-chatt-est-ce-que-lhomme-du-climat-est-fait\/#primaryimage"},"thumbnailUrl":"https:\/\/vieassociative.be\/actualites\/wp-content\/uploads\/2025\/07\/1751984224_Bonjour-Chatt-est-ce-que-lhomme-du-climat-est-fait.jpeg","keywords":["bonjour","Chatt","climat","est","estce","fait","Lhomme"],"articleSection":["Belgique"],"inLanguage":"fr-BE"},{"@type":"WebPage","@id":"https:\/\/vieassociative.be\/actualites\/bonjour-chatt-est-ce-que-lhomme-du-climat-est-fait\/","url":"https:\/\/vieassociative.be\/actualites\/bonjour-chatt-est-ce-que-lhomme-du-climat-est-fait\/","name":"Bonjour Chatt, est-ce que l'homme du climat est fait? | Vie Associative","isPartOf":{"@id":"https:\/\/vieassociative.be\/actualites\/#website"},"primaryImageOfPage":{"@id":"https:\/\/vieassociative.be\/actualites\/bonjour-chatt-est-ce-que-lhomme-du-climat-est-fait\/#primaryimage"},"image":{"@id":"https:\/\/vieassociative.be\/actualites\/bonjour-chatt-est-ce-que-lhomme-du-climat-est-fait\/#primaryimage"},"thumbnailUrl":"https:\/\/vieassociative.be\/actualites\/wp-content\/uploads\/2025\/07\/1751984224_Bonjour-Chatt-est-ce-que-lhomme-du-climat-est-fait.jpeg","datePublished":"2025-07-08T14:17:04+00:00","dateModified":"2025-07-08T14:17:04+00:00","breadcrumb":{"@id":"https:\/\/vieassociative.be\/actualites\/bonjour-chatt-est-ce-que-lhomme-du-climat-est-fait\/#breadcrumb"},"inLanguage":"fr-BE","potentialAction":[{"@type":"ReadAction","target":["https:\/\/vieassociative.be\/actualites\/bonjour-chatt-est-ce-que-lhomme-du-climat-est-fait\/"]}]},{"@type":"ImageObject","inLanguage":"fr-BE","@id":"https:\/\/vieassociative.be\/actualites\/bonjour-chatt-est-ce-que-lhomme-du-climat-est-fait\/#primaryimage","url":"https:\/\/vieassociative.be\/actualites\/wp-content\/uploads\/2025\/07\/1751984224_Bonjour-Chatt-est-ce-que-lhomme-du-climat-est-fait.jpeg","contentUrl":"https:\/\/vieassociative.be\/actualites\/wp-content\/uploads\/2025\/07\/1751984224_Bonjour-Chatt-est-ce-que-lhomme-du-climat-est-fait.jpeg","width":1200,"height":800,"caption":"Bonjour Chatt, est-ce que l'homme du climat est fait?"},{"@type":"BreadcrumbList","@id":"https:\/\/vieassociative.be\/actualites\/bonjour-chatt-est-ce-que-lhomme-du-climat-est-fait\/#breadcrumb","itemListElement":[{"@type":"ListItem","position":1,"name":"Accueil","item":"https:\/\/vieassociative.be\/actualites\/"},{"@type":"ListItem","position":2,"name":"Bonjour Chatt, est-ce que l&rsquo;homme du climat est fait?"}]},{"@type":"WebSite","@id":"https:\/\/vieassociative.be\/actualites\/#website","url":"https:\/\/vieassociative.be\/actualites\/","name":"Vie Associative","description":"","publisher":{"@id":"https:\/\/vieassociative.be\/actualites\/#organization"},"potentialAction":[{"@type":"SearchAction","target":{"@type":"EntryPoint","urlTemplate":"https:\/\/vieassociative.be\/actualites\/?s={search_term_string}"},"query-input":{"@type":"PropertyValueSpecification","valueRequired":true,"valueName":"search_term_string"}}],"inLanguage":"fr-BE"},{"@type":"Organization","@id":"https:\/\/vieassociative.be\/actualites\/#organization","name":"Vie Associative","url":"https:\/\/vieassociative.be\/actualites\/","logo":{"@type":"ImageObject","inLanguage":"fr-BE","@id":"https:\/\/vieassociative.be\/actualites\/#\/schema\/logo\/image\/","url":"https:\/\/vieassociative.be\/actualites\/wp-content\/uploads\/2024\/09\/cropped-vieassociative_favicon.ico.png","contentUrl":"https:\/\/vieassociative.be\/actualites\/wp-content\/uploads\/2024\/09\/cropped-vieassociative_favicon.ico.png","width":512,"height":512,"caption":"Vie Associative"},"image":{"@id":"https:\/\/vieassociative.be\/actualites\/#\/schema\/logo\/image\/"}},{"@type":"Person","@id":"https:\/\/vieassociative.be\/actualites\/#\/schema\/person\/b87ac4f82f9d4e7b7cec7395b679edc4","name":"Julien","image":{"@type":"ImageObject","inLanguage":"fr-BE","@id":"https:\/\/vieassociative.be\/actualites\/#\/schema\/person\/image\/","url":"https:\/\/vieassociative.be\/actualites\/wp-content\/uploads\/2024\/09\/vie-associative-1-150x150.jpg","contentUrl":"https:\/\/vieassociative.be\/actualites\/wp-content\/uploads\/2024\/09\/vie-associative-1-150x150.jpg","caption":"Julien"},"description":"Je suis Julien, r\u00e9dacteur pour Vie Associative. Passionn\u00e9 par le monde associatif depuis plus de 10 ans, j'ai \u00e0 c\u0153ur de partager des histoires inspirantes et de mettre en lumi\u00e8re les initiatives locales. Mon objectif est de sensibiliser et d'encourager l'engagement communautaire \u00e0 travers mes articles.","sameAs":["https:\/\/vieassociative.be\/"]}]}},"_links":{"self":[{"href":"https:\/\/vieassociative.be\/actualites\/wp-json\/wp\/v2\/posts\/8613"}],"collection":[{"href":"https:\/\/vieassociative.be\/actualites\/wp-json\/wp\/v2\/posts"}],"about":[{"href":"https:\/\/vieassociative.be\/actualites\/wp-json\/wp\/v2\/types\/post"}],"author":[{"embeddable":true,"href":"https:\/\/vieassociative.be\/actualites\/wp-json\/wp\/v2\/users\/1"}],"replies":[{"embeddable":true,"href":"https:\/\/vieassociative.be\/actualites\/wp-json\/wp\/v2\/comments?post=8613"}],"version-history":[{"count":0,"href":"https:\/\/vieassociative.be\/actualites\/wp-json\/wp\/v2\/posts\/8613\/revisions"}],"wp:featuredmedia":[{"embeddable":true,"href":"https:\/\/vieassociative.be\/actualites\/wp-json\/wp\/v2\/media\/8614"}],"wp:attachment":[{"href":"https:\/\/vieassociative.be\/actualites\/wp-json\/wp\/v2\/media?parent=8613"}],"wp:term":[{"taxonomy":"category","embeddable":true,"href":"https:\/\/vieassociative.be\/actualites\/wp-json\/wp\/v2\/categories?post=8613"},{"taxonomy":"post_tag","embeddable":true,"href":"https:\/\/vieassociative.be\/actualites\/wp-json\/wp\/v2\/tags?post=8613"}],"curies":[{"name":"wp","href":"https:\/\/api.w.org\/{rel}","templated":true}]}}