{"id":8611,"date":"2025-07-08T15:17:29","date_gmt":"2025-07-08T13:17:29","guid":{"rendered":"https:\/\/vieassociative.be\/actualites\/les-ecouteurs-quietcomfort-de-bose-sont-dus-a-un-prix-bas-de-tous-les-temps-pour-la-journee-de-grande-ecoute\/"},"modified":"2025-07-08T15:17:29","modified_gmt":"2025-07-08T13:17:29","slug":"les-ecouteurs-quietcomfort-de-bose-sont-dus-a-un-prix-bas-de-tous-les-temps-pour-la-journee-de-grande-ecoute","status":"publish","type":"post","link":"https:\/\/vieassociative.be\/actualites\/les-ecouteurs-quietcomfort-de-bose-sont-dus-a-un-prix-bas-de-tous-les-temps-pour-la-journee-de-grande-ecoute\/","title":{"rendered":"Les \u00e9couteurs QuietComfort de Bose sont dus \u00e0 un prix bas de tous les temps pour la journ\u00e9e de grande \u00e9coute"},"content":{"rendered":"<div class=\"mt-4 leading-6 md:mb-8\">\u00c0 199 $, avec Comfort, Sound et ANC, tous enferm\u00e9s, ces \u00e9couteurs se r\u00e9percutent beaucoup.<\/div>\n<p><\/p>\n<p><em>Prime Day 2025 est l\u00e0 du mardi 8 juillet au vendredi 11 juillet et Vie Associative partage les meilleures ventes en fonction des avis de produits, des comparaisons et des outils de suivi des prix. <\/em><\/p>\n<ul>\n<li>\n<p><em>Suivez notre blog en direct<\/em><em>  Pour rester \u00e0 jour sur les meilleures ventes que nous trouvons.<\/em><\/p>\n<\/li>\n<li>\n<p><em>Abonnez-vous \u00e0 notre newsletter shopping<\/em><em>Ajouter au panier, pour les meilleures ventes envoy\u00e9es dans votre bo\u00eete de r\u00e9ception.<\/em><\/p>\n<\/li>\n<li>\n<p><em>Nouveau \u00e0 Prime Day? Nous avons un appr\u00eat sur tout ce que vous devez savoir<\/em><em>. Les ventes sont exactes au moment de la publication, mais les prix et les stocks sont toujours susceptibles de changer.<\/em><\/p>\n<\/li>\n<\/ul>\n<p>Si vous vous retenez de la mise \u00e0 niveau de votre casque antibruit, peut-\u00eatre le moment. Les \u00e9couteurs Bluetooth Bose QuietComfort sont actuellement \u00e0 199 $ par rapport \u00e0 leurs 349 $ habituels, ce qui est le plus bas qu&rsquo;ils ont disparu, selon les trackers de prix. \u00c0 ce prix, vous obtenez l&rsquo;annulation active du bruit de Bose dans une conception qui se replie vers l&rsquo;int\u00e9rieur et qui se fait soigneusement. Cela compte plus que vous ne le pensez &#8211; certains \u00e9couteurs plus r\u00e9cents, comme le WH-1000XM5 de Sony (actuellement 298 $ de ses 399 $ habituels pour Prime Day) ou les AirPods Max, ne vous pliez pas du tout et ne prenez plus de place dans votre sac. Le design pliable du QuietCoft et l&rsquo;\u00e9tui dur \u00e0 zip-up, en revanche, sont compacts et pr\u00eats pour les voyages.<\/p>\n<p>Le confort et les performances de l&rsquo;ANC concernent ce que vous attendez de Bose, c&rsquo;est-\u00e0-dire: excellent. Vous obtenez un grondement bas de gamme fort, des hauts clairs et le type de milieu de gamme propre qui ne se bat pas pour l&rsquo;attention, note cette revue PCMAG. L&rsquo;audio est plus naturel que les anciens QC 45, et vous pouvez toujours modifier l&rsquo;\u00e9galiseur dans l&rsquo;application si vous voulez des basses suppl\u00e9mentaires ou des aigus plus brillants. La dur\u00e9e de vie de la batterie est \u00e9valu\u00e9e \u00e0 24 heures. Il n&rsquo;y a pas d&rsquo;option pour d\u00e9sactiver compl\u00e8tement l&rsquo;ANC ou le mode de conscience, mais vous pouvez faire du v\u00e9lo entre eux en utilisant le bouton d&rsquo;action sur l&rsquo;oreille gauche. Si vous appuyez longtemps sur ce bouton, il lancera Spotify Tap, qui reprend votre derni\u00e8re liste de lecture sans avoir besoin de retirer votre t\u00e9l\u00e9phone.<\/p>\n<p>Les commandes sont principalement physiques et intuitives. Sur l&rsquo;oreille droite, il y a une disposition \u00e0 trois boutons pour la lecture et le volume. Ils prennent \u00e9galement en charge l&rsquo;appariement multipoint, vous permettant de rester connect\u00e9 \u00e0 deux appareils en m\u00eame temps, mais vous devrez activer la fonctionnalit\u00e9 manuellement dans l&rsquo;application Bose Music. La prise en charge du codec est basique, limit\u00e9e \u00e0 AAC et SBC, donc ce ne sera pas un favori pour les audiophiles sans fil. Mais pour l&rsquo;\u00e9coute de tous les jours, les appels de zoom et les d\u00e9placements bruyants, l&rsquo;exp\u00e9rience r\u00e9siste bien. Si tout ce que vous recherchez dans votre casque sur-auriculaire est une ANC fiable, un son solide et quelque chose qui ne prendra pas la moiti\u00e9 de votre espace de sac \u00e0 dos, cette offre m\u00e9rite d&rsquo;\u00eatre consid\u00e9r\u00e9e.<\/p>\n<div class=\"pogoClear relative my-10 border-b-(1.5px) border-t-(1.5px) border-dashed border-black py-5 sm:my-14 sm:border-0 sm:py-0\" data-ga-click data-ga-template=\"Deals\" data-ga-module=\"openweb_widget\" data-ga-element=\"openweb_scroll\" data-ga-item=\"openweb_scroll_midpage\" x-data=\"{\n         commentsCount: null,\n         hasComments: false,\n         async fetchCommentsCount() {\n             try {\n                 if (window.openweb &amp;&amp; typeof window.openweb.getMessagesCount === 'function') {\n                     this.commentsCount = await window.openweb.getMessagesCount('01JZMPPHGEMKXJW4Z7ARRM0N62');\n                     this.hasComments = this.commentsCount !== null &amp;&amp; this.commentsCount &gt; 0;\n                 }\n             } catch (e) {\n                 console.warn('Failed to fetch comment count:', e);\n             }\n         }\n     }\" x-init=\"fetchCommentsCount()\" x-cloak><\/p>\n<div class=\"absolute top-1\/2 hidden w-full -translate-y-1\/2 border-t-(1.5px) border-dashed border-black sm:block\"><\/div>\n<div class=\"relative flex justify-center\">\n<div class=\"flex max-w-fit items-center gap-x-3 bg-white px-5\">\n<div class=\"relative\">\n                <span class=\"absolute left-1\/2 top-1\/2 -translate-x-1\/2 -translate-y-1\/2 font-akshar text-sm font-medium text-black\" aria-live=\"polite\" x-show=\"hasComments\" x-text=\"commentsCount\"><\/span><\/p>\n<p>                <svg class=\"h-8 w-8 text-black\" role=\"img\" aria-hidden=\"true\">\n                    <use href=\"http:\/\/lifehacker.com\/images\/icons\/spritemap.svg#sprite-chat-bubble\"><\/use>\n                <\/svg>\n            <\/div>\n<p>            <span class=\"text-sm font-medium text-black\"><\/p>\n<p>                Que pensez-vous jusqu&rsquo;\u00e0 pr\u00e9sent?<br \/>\n                <button class=\"ml-1 font-semibold text-brand-green underline hover:text-brand-green-700\" type=\"button\" aria-label=\"Comment section trigger\" onclick=\"window.openweb.scrollToComments('01JZMPPHGEMKXJW4Z7ARRM0N62')\" x-text=\"hasComments ? 'Post a comment.' : 'Be the first to post a comment.'\"><\/button><br \/>\n            <\/span>\n        <\/div>\n<\/p><\/div>\n<\/div>\n<p><em>Vous cherchez autre chose? Des d\u00e9taillants comme Walmart, Best Buy et Home Depot ont des ventes de concurrence de premier ordre qui sont particuli\u00e8rement utiles si vous n&rsquo;avez pas Amazon Prime.<\/em><\/p>\n<ul>\n<li>\n<p><strong><em>Vente de concours de premier jour de Walmart<\/em><\/strong><em>  commence \u00e0 minuit le 8 juillet et comprendra des offres jusqu&rsquo;\u00e0 50% de r\u00e9duction<\/em><em>. C&rsquo;est une option particuli\u00e8rement bonne si vous avez Walmart +. <\/em><\/p>\n<\/li>\n<li>\n<p><strong><em>Vente de concours de grande journ\u00e9e de Best Buy<\/em><\/strong><em>\u00abBlack Friday de juillet\u00bb, se d\u00e9roule jusqu&rsquo;au dimanche 13 juillet et a certaines des meilleures ventes technologiques en ligne<\/em><em>. C&rsquo;est une option particuli\u00e8rement bonne si vous \u00eates un membre \u00abplus\u00bb ou \u00abtotal\u00bb de mon meilleur achat.<\/em><\/p>\n<\/li>\n<li>\n<p><strong><em>Home Depot a prolong\u00e9 sa vente du 4 juillet<\/em><\/strong><em>  \u00e0 travers au moins le 9 juillet, en rivalisant avec ses propres offres incroyables<\/em><em>. C&rsquo;est une option particuli\u00e8rement bonne si vous recherchez des outils \u00e9lectriques, des appareils \u00e9lectrom\u00e9nagers ou des \u00e9quipements en plein air. <\/em><\/p>\n<\/li>\n<\/ul>\n<div class=\" relative flex justify-center py-16 md:left-1\/2 md:w-(780px) md:max-w-max md:-translate-x-1\/2\" x-data=\"{ showAll: false }\">\n<div class=\"w-max text-center sm:text-left\">\n<div class=\"flex flex-col items-center justify-between text-black sm:flex-row sm:px-6\">\n                <span class=\"text-xs italic sm:ml-7 sm:text-sm\">Les offres sont s\u00e9lectionn\u00e9es par notre \u00e9quipe de commerce<\/span><\/p><\/div>\n<\/p><\/div>\n<\/p><\/div>\n","protected":false},"excerpt":{"rendered":"<p>\u00c0 199 $, avec Comfort, Sound et ANC, tous enferm\u00e9s, ces \u00e9couteurs se r\u00e9percutent beaucoup. Prime Day 2025 est l\u00e0 du mardi 8 juillet au<\/p>\n","protected":false},"author":1,"featured_media":8612,"comment_status":"","ping_status":"","sticky":false,"template":"","format":"standard","meta":{"footnotes":""},"categories":[13],"tags":[700,2887,7660,3904,1537,1787,2877,14,81,1399,2888,18,790,546],"class_list":["post-8611","post","type-post","status-publish","format-standard","has-post-thumbnail","hentry","category-technologie","tag-bas","tag-bose","tag-dus","tag-ecoute","tag-ecouteurs","tag-grande","tag-journee","tag-les","tag-pour","tag-prix","tag-quietcomfort","tag-sont","tag-temps","tag-tous","generate-columns","tablet-grid-50","mobile-grid-100","grid-parent","grid-33"],"yoast_head":"<!-- This site is optimized with the Yoast SEO plugin v24.0 - https:\/\/yoast.com\/wordpress\/plugins\/seo\/ -->\n<title>Les \u00e9couteurs QuietComfort de Bose sont dus \u00e0 un prix bas de tous les temps pour la journ\u00e9e de grande \u00e9coute | Vie Associative<\/title>\n<meta name=\"robots\" content=\"index, follow, max-snippet:-1, max-image-preview:large, max-video-preview:-1\" \/>\n<link rel=\"canonical\" href=\"https:\/\/vieassociative.be\/actualites\/les-ecouteurs-quietcomfort-de-bose-sont-dus-a-un-prix-bas-de-tous-les-temps-pour-la-journee-de-grande-ecoute\/\" \/>\n<meta property=\"og:locale\" content=\"fr_FR\" \/>\n<meta property=\"og:type\" content=\"article\" \/>\n<meta property=\"og:title\" content=\"Les \u00e9couteurs QuietComfort de Bose sont dus \u00e0 un prix bas de tous les temps pour la journ\u00e9e de grande \u00e9coute | Vie Associative\" \/>\n<meta property=\"og:description\" content=\"\u00c0 199 $, avec Comfort, Sound et ANC, tous enferm\u00e9s, ces \u00e9couteurs se r\u00e9percutent beaucoup. Prime Day 2025 est l\u00e0 du mardi 8 juillet au\" \/>\n<meta property=\"og:url\" content=\"https:\/\/vieassociative.be\/actualites\/les-ecouteurs-quietcomfort-de-bose-sont-dus-a-un-prix-bas-de-tous-les-temps-pour-la-journee-de-grande-ecoute\/\" \/>\n<meta property=\"og:site_name\" content=\"Vie Associative\" \/>\n<meta property=\"article:published_time\" content=\"2025-07-08T13:17:29+00:00\" \/>\n<meta property=\"og:image\" content=\"https:\/\/vieassociative.be\/actualites\/wp-content\/uploads\/2024\/09\/header_backgroundk-01-e1726694325946.png\" \/>\n\t<meta property=\"og:image:width\" content=\"279\" \/>\n\t<meta property=\"og:image:height\" content=\"92\" \/>\n\t<meta property=\"og:image:type\" content=\"image\/png\" \/>\n<meta name=\"author\" content=\"Julien\" \/>\n<meta name=\"twitter:card\" content=\"summary_large_image\" \/>\n<meta name=\"twitter:label1\" content=\"\u00c9crit par\" \/>\n\t<meta name=\"twitter:data1\" content=\"Julien\" \/>\n\t<meta name=\"twitter:label2\" content=\"Dur\u00e9e de lecture est.\" \/>\n\t<meta name=\"twitter:data2\" content=\"4 minutes\" \/>\n<script type=\"application\/ld+json\" class=\"yoast-schema-graph\">{\"@context\":\"https:\/\/schema.org\",\"@graph\":[{\"@type\":\"Article\",\"@id\":\"https:\/\/vieassociative.be\/actualites\/les-ecouteurs-quietcomfort-de-bose-sont-dus-a-un-prix-bas-de-tous-les-temps-pour-la-journee-de-grande-ecoute\/#article\",\"isPartOf\":{\"@id\":\"https:\/\/vieassociative.be\/actualites\/les-ecouteurs-quietcomfort-de-bose-sont-dus-a-un-prix-bas-de-tous-les-temps-pour-la-journee-de-grande-ecoute\/\"},\"author\":{\"name\":\"Julien\",\"@id\":\"https:\/\/vieassociative.be\/actualites\/#\/schema\/person\/b87ac4f82f9d4e7b7cec7395b679edc4\"},\"headline\":\"Les \u00e9couteurs QuietComfort de Bose sont dus \u00e0 un prix bas de tous les temps pour la journ\u00e9e de grande \u00e9coute\",\"datePublished\":\"2025-07-08T13:17:29+00:00\",\"dateModified\":\"2025-07-08T13:17:29+00:00\",\"mainEntityOfPage\":{\"@id\":\"https:\/\/vieassociative.be\/actualites\/les-ecouteurs-quietcomfort-de-bose-sont-dus-a-un-prix-bas-de-tous-les-temps-pour-la-journee-de-grande-ecoute\/\"},\"wordCount\":747,\"publisher\":{\"@id\":\"https:\/\/vieassociative.be\/actualites\/#organization\"},\"image\":{\"@id\":\"https:\/\/vieassociative.be\/actualites\/les-ecouteurs-quietcomfort-de-bose-sont-dus-a-un-prix-bas-de-tous-les-temps-pour-la-journee-de-grande-ecoute\/#primaryimage\"},\"thumbnailUrl\":\"https:\/\/vieassociative.be\/actualites\/wp-content\/uploads\/2025\/07\/Les-ecouteurs-QuietComfort-de-Bose-sont-dus-a-un-prix.png\",\"keywords\":[\"bas\",\"Bose\",\"dus\",\"\u00e9cout\u00e9\",\"\u00e9couteurs\",\"grande\",\"journ\u00e9e\",\"Les\",\"pour\",\"prix\",\"QuietComfort\",\"sont\",\"temps\",\"tous\"],\"articleSection\":[\"Technologie\"],\"inLanguage\":\"fr-BE\"},{\"@type\":\"WebPage\",\"@id\":\"https:\/\/vieassociative.be\/actualites\/les-ecouteurs-quietcomfort-de-bose-sont-dus-a-un-prix-bas-de-tous-les-temps-pour-la-journee-de-grande-ecoute\/\",\"url\":\"https:\/\/vieassociative.be\/actualites\/les-ecouteurs-quietcomfort-de-bose-sont-dus-a-un-prix-bas-de-tous-les-temps-pour-la-journee-de-grande-ecoute\/\",\"name\":\"Les \u00e9couteurs QuietComfort de Bose sont dus \u00e0 un prix bas de tous les temps pour la journ\u00e9e de grande \u00e9coute | Vie Associative\",\"isPartOf\":{\"@id\":\"https:\/\/vieassociative.be\/actualites\/#website\"},\"primaryImageOfPage\":{\"@id\":\"https:\/\/vieassociative.be\/actualites\/les-ecouteurs-quietcomfort-de-bose-sont-dus-a-un-prix-bas-de-tous-les-temps-pour-la-journee-de-grande-ecoute\/#primaryimage\"},\"image\":{\"@id\":\"https:\/\/vieassociative.be\/actualites\/les-ecouteurs-quietcomfort-de-bose-sont-dus-a-un-prix-bas-de-tous-les-temps-pour-la-journee-de-grande-ecoute\/#primaryimage\"},\"thumbnailUrl\":\"https:\/\/vieassociative.be\/actualites\/wp-content\/uploads\/2025\/07\/Les-ecouteurs-QuietComfort-de-Bose-sont-dus-a-un-prix.png\",\"datePublished\":\"2025-07-08T13:17:29+00:00\",\"dateModified\":\"2025-07-08T13:17:29+00:00\",\"breadcrumb\":{\"@id\":\"https:\/\/vieassociative.be\/actualites\/les-ecouteurs-quietcomfort-de-bose-sont-dus-a-un-prix-bas-de-tous-les-temps-pour-la-journee-de-grande-ecoute\/#breadcrumb\"},\"inLanguage\":\"fr-BE\",\"potentialAction\":[{\"@type\":\"ReadAction\",\"target\":[\"https:\/\/vieassociative.be\/actualites\/les-ecouteurs-quietcomfort-de-bose-sont-dus-a-un-prix-bas-de-tous-les-temps-pour-la-journee-de-grande-ecoute\/\"]}]},{\"@type\":\"ImageObject\",\"inLanguage\":\"fr-BE\",\"@id\":\"https:\/\/vieassociative.be\/actualites\/les-ecouteurs-quietcomfort-de-bose-sont-dus-a-un-prix-bas-de-tous-les-temps-pour-la-journee-de-grande-ecoute\/#primaryimage\",\"url\":\"https:\/\/vieassociative.be\/actualites\/wp-content\/uploads\/2025\/07\/Les-ecouteurs-QuietComfort-de-Bose-sont-dus-a-un-prix.png\",\"contentUrl\":\"https:\/\/vieassociative.be\/actualites\/wp-content\/uploads\/2025\/07\/Les-ecouteurs-QuietComfort-de-Bose-sont-dus-a-un-prix.png\",\"width\":1200,\"height\":675,\"caption\":\"Les \u00e9couteurs QuietComfort de Bose sont dus \u00e0 un prix bas de tous les temps pour la journ\u00e9e de grande \u00e9coute\"},{\"@type\":\"BreadcrumbList\",\"@id\":\"https:\/\/vieassociative.be\/actualites\/les-ecouteurs-quietcomfort-de-bose-sont-dus-a-un-prix-bas-de-tous-les-temps-pour-la-journee-de-grande-ecoute\/#breadcrumb\",\"itemListElement\":[{\"@type\":\"ListItem\",\"position\":1,\"name\":\"Accueil\",\"item\":\"https:\/\/vieassociative.be\/actualites\/\"},{\"@type\":\"ListItem\",\"position\":2,\"name\":\"Les \u00e9couteurs QuietComfort de Bose sont dus \u00e0 un prix bas de tous les temps pour la journ\u00e9e de grande \u00e9coute\"}]},{\"@type\":\"WebSite\",\"@id\":\"https:\/\/vieassociative.be\/actualites\/#website\",\"url\":\"https:\/\/vieassociative.be\/actualites\/\",\"name\":\"Vie Associative\",\"description\":\"\",\"publisher\":{\"@id\":\"https:\/\/vieassociative.be\/actualites\/#organization\"},\"potentialAction\":[{\"@type\":\"SearchAction\",\"target\":{\"@type\":\"EntryPoint\",\"urlTemplate\":\"https:\/\/vieassociative.be\/actualites\/?s={search_term_string}\"},\"query-input\":{\"@type\":\"PropertyValueSpecification\",\"valueRequired\":true,\"valueName\":\"search_term_string\"}}],\"inLanguage\":\"fr-BE\"},{\"@type\":\"Organization\",\"@id\":\"https:\/\/vieassociative.be\/actualites\/#organization\",\"name\":\"Vie Associative\",\"url\":\"https:\/\/vieassociative.be\/actualites\/\",\"logo\":{\"@type\":\"ImageObject\",\"inLanguage\":\"fr-BE\",\"@id\":\"https:\/\/vieassociative.be\/actualites\/#\/schema\/logo\/image\/\",\"url\":\"https:\/\/vieassociative.be\/actualites\/wp-content\/uploads\/2024\/09\/cropped-vieassociative_favicon.ico.png\",\"contentUrl\":\"https:\/\/vieassociative.be\/actualites\/wp-content\/uploads\/2024\/09\/cropped-vieassociative_favicon.ico.png\",\"width\":512,\"height\":512,\"caption\":\"Vie Associative\"},\"image\":{\"@id\":\"https:\/\/vieassociative.be\/actualites\/#\/schema\/logo\/image\/\"}},{\"@type\":\"Person\",\"@id\":\"https:\/\/vieassociative.be\/actualites\/#\/schema\/person\/b87ac4f82f9d4e7b7cec7395b679edc4\",\"name\":\"Julien\",\"image\":{\"@type\":\"ImageObject\",\"inLanguage\":\"fr-BE\",\"@id\":\"https:\/\/vieassociative.be\/actualites\/#\/schema\/person\/image\/\",\"url\":\"https:\/\/vieassociative.be\/actualites\/wp-content\/uploads\/2024\/09\/vie-associative-1-150x150.jpg\",\"contentUrl\":\"https:\/\/vieassociative.be\/actualites\/wp-content\/uploads\/2024\/09\/vie-associative-1-150x150.jpg\",\"caption\":\"Julien\"},\"description\":\"Je suis Julien, r\u00e9dacteur pour Vie Associative. Passionn\u00e9 par le monde associatif depuis plus de 10 ans, j'ai \u00e0 c\u0153ur de partager des histoires inspirantes et de mettre en lumi\u00e8re les initiatives locales. Mon objectif est de sensibiliser et d'encourager l'engagement communautaire \u00e0 travers mes articles.\",\"sameAs\":[\"https:\/\/vieassociative.be\/\"]}]}<\/script>\n<!-- \/ Yoast SEO plugin. -->","yoast_head_json":{"title":"Les \u00e9couteurs QuietComfort de Bose sont dus \u00e0 un prix bas de tous les temps pour la journ\u00e9e de grande \u00e9coute | Vie Associative","robots":{"index":"index","follow":"follow","max-snippet":"max-snippet:-1","max-image-preview":"max-image-preview:large","max-video-preview":"max-video-preview:-1"},"canonical":"https:\/\/vieassociative.be\/actualites\/les-ecouteurs-quietcomfort-de-bose-sont-dus-a-un-prix-bas-de-tous-les-temps-pour-la-journee-de-grande-ecoute\/","og_locale":"fr_FR","og_type":"article","og_title":"Les \u00e9couteurs QuietComfort de Bose sont dus \u00e0 un prix bas de tous les temps pour la journ\u00e9e de grande \u00e9coute | Vie Associative","og_description":"\u00c0 199 $, avec Comfort, Sound et ANC, tous enferm\u00e9s, ces \u00e9couteurs se r\u00e9percutent beaucoup. Prime Day 2025 est l\u00e0 du mardi 8 juillet au","og_url":"https:\/\/vieassociative.be\/actualites\/les-ecouteurs-quietcomfort-de-bose-sont-dus-a-un-prix-bas-de-tous-les-temps-pour-la-journee-de-grande-ecoute\/","og_site_name":"Vie Associative","article_published_time":"2025-07-08T13:17:29+00:00","og_image":[{"width":279,"height":92,"url":"https:\/\/vieassociative.be\/actualites\/wp-content\/uploads\/2024\/09\/header_backgroundk-01-e1726694325946.png","type":"image\/png"}],"author":"Julien","twitter_card":"summary_large_image","twitter_misc":{"\u00c9crit par":"Julien","Dur\u00e9e de lecture est.":"4 minutes"},"schema":{"@context":"https:\/\/schema.org","@graph":[{"@type":"Article","@id":"https:\/\/vieassociative.be\/actualites\/les-ecouteurs-quietcomfort-de-bose-sont-dus-a-un-prix-bas-de-tous-les-temps-pour-la-journee-de-grande-ecoute\/#article","isPartOf":{"@id":"https:\/\/vieassociative.be\/actualites\/les-ecouteurs-quietcomfort-de-bose-sont-dus-a-un-prix-bas-de-tous-les-temps-pour-la-journee-de-grande-ecoute\/"},"author":{"name":"Julien","@id":"https:\/\/vieassociative.be\/actualites\/#\/schema\/person\/b87ac4f82f9d4e7b7cec7395b679edc4"},"headline":"Les \u00e9couteurs QuietComfort de Bose sont dus \u00e0 un prix bas de tous les temps pour la journ\u00e9e de grande \u00e9coute","datePublished":"2025-07-08T13:17:29+00:00","dateModified":"2025-07-08T13:17:29+00:00","mainEntityOfPage":{"@id":"https:\/\/vieassociative.be\/actualites\/les-ecouteurs-quietcomfort-de-bose-sont-dus-a-un-prix-bas-de-tous-les-temps-pour-la-journee-de-grande-ecoute\/"},"wordCount":747,"publisher":{"@id":"https:\/\/vieassociative.be\/actualites\/#organization"},"image":{"@id":"https:\/\/vieassociative.be\/actualites\/les-ecouteurs-quietcomfort-de-bose-sont-dus-a-un-prix-bas-de-tous-les-temps-pour-la-journee-de-grande-ecoute\/#primaryimage"},"thumbnailUrl":"https:\/\/vieassociative.be\/actualites\/wp-content\/uploads\/2025\/07\/Les-ecouteurs-QuietComfort-de-Bose-sont-dus-a-un-prix.png","keywords":["bas","Bose","dus","\u00e9cout\u00e9","\u00e9couteurs","grande","journ\u00e9e","Les","pour","prix","QuietComfort","sont","temps","tous"],"articleSection":["Technologie"],"inLanguage":"fr-BE"},{"@type":"WebPage","@id":"https:\/\/vieassociative.be\/actualites\/les-ecouteurs-quietcomfort-de-bose-sont-dus-a-un-prix-bas-de-tous-les-temps-pour-la-journee-de-grande-ecoute\/","url":"https:\/\/vieassociative.be\/actualites\/les-ecouteurs-quietcomfort-de-bose-sont-dus-a-un-prix-bas-de-tous-les-temps-pour-la-journee-de-grande-ecoute\/","name":"Les \u00e9couteurs QuietComfort de Bose sont dus \u00e0 un prix bas de tous les temps pour la journ\u00e9e de grande \u00e9coute | Vie Associative","isPartOf":{"@id":"https:\/\/vieassociative.be\/actualites\/#website"},"primaryImageOfPage":{"@id":"https:\/\/vieassociative.be\/actualites\/les-ecouteurs-quietcomfort-de-bose-sont-dus-a-un-prix-bas-de-tous-les-temps-pour-la-journee-de-grande-ecoute\/#primaryimage"},"image":{"@id":"https:\/\/vieassociative.be\/actualites\/les-ecouteurs-quietcomfort-de-bose-sont-dus-a-un-prix-bas-de-tous-les-temps-pour-la-journee-de-grande-ecoute\/#primaryimage"},"thumbnailUrl":"https:\/\/vieassociative.be\/actualites\/wp-content\/uploads\/2025\/07\/Les-ecouteurs-QuietComfort-de-Bose-sont-dus-a-un-prix.png","datePublished":"2025-07-08T13:17:29+00:00","dateModified":"2025-07-08T13:17:29+00:00","breadcrumb":{"@id":"https:\/\/vieassociative.be\/actualites\/les-ecouteurs-quietcomfort-de-bose-sont-dus-a-un-prix-bas-de-tous-les-temps-pour-la-journee-de-grande-ecoute\/#breadcrumb"},"inLanguage":"fr-BE","potentialAction":[{"@type":"ReadAction","target":["https:\/\/vieassociative.be\/actualites\/les-ecouteurs-quietcomfort-de-bose-sont-dus-a-un-prix-bas-de-tous-les-temps-pour-la-journee-de-grande-ecoute\/"]}]},{"@type":"ImageObject","inLanguage":"fr-BE","@id":"https:\/\/vieassociative.be\/actualites\/les-ecouteurs-quietcomfort-de-bose-sont-dus-a-un-prix-bas-de-tous-les-temps-pour-la-journee-de-grande-ecoute\/#primaryimage","url":"https:\/\/vieassociative.be\/actualites\/wp-content\/uploads\/2025\/07\/Les-ecouteurs-QuietComfort-de-Bose-sont-dus-a-un-prix.png","contentUrl":"https:\/\/vieassociative.be\/actualites\/wp-content\/uploads\/2025\/07\/Les-ecouteurs-QuietComfort-de-Bose-sont-dus-a-un-prix.png","width":1200,"height":675,"caption":"Les \u00e9couteurs QuietComfort de Bose sont dus \u00e0 un prix bas de tous les temps pour la journ\u00e9e de grande \u00e9coute"},{"@type":"BreadcrumbList","@id":"https:\/\/vieassociative.be\/actualites\/les-ecouteurs-quietcomfort-de-bose-sont-dus-a-un-prix-bas-de-tous-les-temps-pour-la-journee-de-grande-ecoute\/#breadcrumb","itemListElement":[{"@type":"ListItem","position":1,"name":"Accueil","item":"https:\/\/vieassociative.be\/actualites\/"},{"@type":"ListItem","position":2,"name":"Les \u00e9couteurs QuietComfort de Bose sont dus \u00e0 un prix bas de tous les temps pour la journ\u00e9e de grande \u00e9coute"}]},{"@type":"WebSite","@id":"https:\/\/vieassociative.be\/actualites\/#website","url":"https:\/\/vieassociative.be\/actualites\/","name":"Vie Associative","description":"","publisher":{"@id":"https:\/\/vieassociative.be\/actualites\/#organization"},"potentialAction":[{"@type":"SearchAction","target":{"@type":"EntryPoint","urlTemplate":"https:\/\/vieassociative.be\/actualites\/?s={search_term_string}"},"query-input":{"@type":"PropertyValueSpecification","valueRequired":true,"valueName":"search_term_string"}}],"inLanguage":"fr-BE"},{"@type":"Organization","@id":"https:\/\/vieassociative.be\/actualites\/#organization","name":"Vie Associative","url":"https:\/\/vieassociative.be\/actualites\/","logo":{"@type":"ImageObject","inLanguage":"fr-BE","@id":"https:\/\/vieassociative.be\/actualites\/#\/schema\/logo\/image\/","url":"https:\/\/vieassociative.be\/actualites\/wp-content\/uploads\/2024\/09\/cropped-vieassociative_favicon.ico.png","contentUrl":"https:\/\/vieassociative.be\/actualites\/wp-content\/uploads\/2024\/09\/cropped-vieassociative_favicon.ico.png","width":512,"height":512,"caption":"Vie Associative"},"image":{"@id":"https:\/\/vieassociative.be\/actualites\/#\/schema\/logo\/image\/"}},{"@type":"Person","@id":"https:\/\/vieassociative.be\/actualites\/#\/schema\/person\/b87ac4f82f9d4e7b7cec7395b679edc4","name":"Julien","image":{"@type":"ImageObject","inLanguage":"fr-BE","@id":"https:\/\/vieassociative.be\/actualites\/#\/schema\/person\/image\/","url":"https:\/\/vieassociative.be\/actualites\/wp-content\/uploads\/2024\/09\/vie-associative-1-150x150.jpg","contentUrl":"https:\/\/vieassociative.be\/actualites\/wp-content\/uploads\/2024\/09\/vie-associative-1-150x150.jpg","caption":"Julien"},"description":"Je suis Julien, r\u00e9dacteur pour Vie Associative. Passionn\u00e9 par le monde associatif depuis plus de 10 ans, j'ai \u00e0 c\u0153ur de partager des histoires inspirantes et de mettre en lumi\u00e8re les initiatives locales. Mon objectif est de sensibiliser et d'encourager l'engagement communautaire \u00e0 travers mes articles.","sameAs":["https:\/\/vieassociative.be\/"]}]}},"_links":{"self":[{"href":"https:\/\/vieassociative.be\/actualites\/wp-json\/wp\/v2\/posts\/8611"}],"collection":[{"href":"https:\/\/vieassociative.be\/actualites\/wp-json\/wp\/v2\/posts"}],"about":[{"href":"https:\/\/vieassociative.be\/actualites\/wp-json\/wp\/v2\/types\/post"}],"author":[{"embeddable":true,"href":"https:\/\/vieassociative.be\/actualites\/wp-json\/wp\/v2\/users\/1"}],"replies":[{"embeddable":true,"href":"https:\/\/vieassociative.be\/actualites\/wp-json\/wp\/v2\/comments?post=8611"}],"version-history":[{"count":0,"href":"https:\/\/vieassociative.be\/actualites\/wp-json\/wp\/v2\/posts\/8611\/revisions"}],"wp:featuredmedia":[{"embeddable":true,"href":"https:\/\/vieassociative.be\/actualites\/wp-json\/wp\/v2\/media\/8612"}],"wp:attachment":[{"href":"https:\/\/vieassociative.be\/actualites\/wp-json\/wp\/v2\/media?parent=8611"}],"wp:term":[{"taxonomy":"category","embeddable":true,"href":"https:\/\/vieassociative.be\/actualites\/wp-json\/wp\/v2\/categories?post=8611"},{"taxonomy":"post_tag","embeddable":true,"href":"https:\/\/vieassociative.be\/actualites\/wp-json\/wp\/v2\/tags?post=8611"}],"curies":[{"name":"wp","href":"https:\/\/api.w.org\/{rel}","templated":true}]}}