{"id":8605,"date":"2025-07-08T10:17:35","date_gmt":"2025-07-08T08:17:35","guid":{"rendered":"https:\/\/vieassociative.be\/actualites\/sloterdijk-trump-est-king-et-cayenon-en-meme-temps-netanyahu-trump-merite-le-prix-nobel-de-la-paix\/"},"modified":"2025-07-08T10:17:35","modified_gmt":"2025-07-08T08:17:35","slug":"sloterdijk-trump-est-king-et-cayenon-en-meme-temps-netanyahu-trump-merite-le-prix-nobel-de-la-paix","status":"publish","type":"post","link":"https:\/\/vieassociative.be\/actualites\/sloterdijk-trump-est-king-et-cayenon-en-meme-temps-netanyahu-trump-merite-le-prix-nobel-de-la-paix\/","title":{"rendered":"SLOTERDIJK: \u00ab\u00a0Trump est King et Cayenon en m\u00eame temps\u00a0\u00bb &#8211; Netanyahu: \u00ab\u00a0Trump m\u00e9rite le prix Nobel de la paix\u00a0\u00bb"},"content":{"rendered":"<p><strong>Chaque jour, Donald Trump cr\u00e9e de nouvelles nouvelles qui font le tour du monde. Quelle est la fascination du pr\u00e9sident am\u00e9ricain? Le meilleur philosophe allemand connu Peter Sloterdijk propose une explication. Les opinions diff\u00e8rent consid\u00e9rablement gr\u00e2ce \u00e0 Trump: le Premier ministre isra\u00e9lien Benjamin Netanyahu a m\u00eame nomm\u00e9 l&rsquo;homme de 79 ans pour le prix Nobel de la paix.<\/strong><\/p>\n<p><span id=\"more-419484\"><\/span>Le philosophe Peter Sloterdijk consid\u00e8re le pr\u00e9sident am\u00e9ricain Donald Trump comme le roi et le tribunal idiot en une seule personne. \u00ab\u00a0Il satisfait un besoin qui est structurellement situ\u00e9 au Moyen \u00c2ge\u00a0\u00bb, a d\u00e9clar\u00e9 Sloterdijk \u00e0 l&rsquo;agence de presse allemande \u00e0 Cologne. \u00ab\u00a0Dans ce document, les rapports judiciaires et le cabaret fusionnent dans un genre. \u00c0 cet \u00e9gard, le message Trump est un nouveau chiffre de r\u00f4le.\u00a0\u00bb<\/p>\n<p>Le politicien britannique Boris Johnson \u00e9tait une sc\u00e8ne pr\u00e9liminaire. \u00ab\u00a0Il y avait toujours quelque chose \u00e0 rire de lui, mais malheureusement, il \u00e9tait aussi un Premier ministre. Ce type de caract\u00e8re s&rsquo;est maintenant d\u00e9velopp\u00e9.\u00a0\u00bb<\/p>\n<div id=\"attachment_419490\" class=\"wp-caption alignleft\" style=\"max-width: 300px\"><img fetchpriority=\"high\" decoding=\"async\" class=\"wp-image-419490 size-medium\" src=\"https:\/\/vieassociative.be\/actualites\/wp-content\/uploads\/2025\/07\/SLOTERDIJK-Trump-est-King-et-Cayenon-en-meme-temps.jpg\" alt=\"\" width=\"300\" height=\"200\"  ><\/p>\n<p class=\"wp-caption-text\">28\/06\/2025, Rhin-Westphalie du Nord, Cologne: Peter Sloterdijk, philosophe, scientifique et publiciste, enregistr\u00e9 dans une interview de l&rsquo;agence de presse allemande DPA. Photo: Thomas Banneyer \/ DPA<\/p>\n<\/div>\n<p>Le ph\u00e9nom\u00e8ne en dit long sur la constitution de la soci\u00e9t\u00e9 actuelle, qui est \u00ab\u00a0compl\u00e8tement baign\u00e9e dans la d\u00e9pendance aux m\u00e9dias\u00a0\u00bb, explique Sloterdijk, qui est consid\u00e9r\u00e9 comme le philosophe allemand le plus connu. \u00ab\u00a0Trump le sert parfaitement parce qu&rsquo;il a lui-m\u00eame fait sa formation en tant que clown devant le public. Il vient du spectacle et a simul\u00e9 l&rsquo;homme d&rsquo;affaires prosp\u00e8re qu&rsquo;il n&rsquo;\u00e9tait pas r\u00e9ellement. Mais il a remarqu\u00e9 que c&rsquo;\u00e9tait suffisant pour pr\u00e9senter quelque chose pour \u00e9veiller la foi.\u00a0\u00bb<\/p>\n<p><strong>&#8211; L&rsquo;oppos\u00e9 de Trump \u00e9tait la reine des yeux de Sloterdijk:<\/strong> Trump Year Years a retir\u00e9 de la r\u00e8gle de r\u00e8gle cool comme la reine britannique Elizabeth II. Elle savait aussi quelque chose sur la visibilit\u00e9, que son c\u00e9l\u00e8bre dicton \u00ab\u00a0je dois \u00eatre vu pour \u00eatre cru\u00a0\u00bb (je dois \u00eatre vu pour que les gens croient en moi).<\/p>\n<p>\u00ab\u00a0Premi\u00e8rement, c&rsquo;est \u00e9l\u00e9gant &#8211; cela pourrait provenir de Shakespeare &#8211; et a ensuite dit quelque chose qu&rsquo;elle \u00e9tait consciente d&rsquo;exercer son bureau royal dans un monde m\u00e9diatis\u00e9\u00a0\u00bb, explique Sloterdijk. La reine l&rsquo;a fait avec une grande discr\u00e9tion, tandis que Trump avait maintenant Falstaff, un bulletin de Shakespeare, un bulletin, \u00e9tait entr\u00e9 sur la sc\u00e8ne.<\/p>\n<h3>Netanyahu sugg\u00e8re Trump pour le prix Nobel de la paix<\/h3>\n<p>Le Premier ministre isra\u00e9lien Benjamin Netanyahu a nomm\u00e9 le pr\u00e9sident am\u00e9ricain Donald Trump pour le prix Nobel de la paix.<\/p>\n<\/p>\n<div id=\"attachment_419588\" class=\"wp-caption alignleft\" style=\"max-width: 300px\"><img decoding=\"async\" class=\"wp-image-419588 size-medium\" src=\"https:\/\/vieassociative.be\/actualites\/wp-content\/uploads\/2025\/07\/1751962655_866_SLOTERDIJK-Trump-est-King-et-Cayenon-en-meme-temps.jpg\" alt=\"\" width=\"300\" height=\"200\"><\/p>\n<p class=\"wp-caption-text\">07.07.2025, \u00c9tats-Unis, Washington: Benjamin Netanyahu (R), Premier ministre d&rsquo;Isra\u00ebl, a pr\u00e9sent\u00e9 le pr\u00e9sident am\u00e9ricain Donald Trump un dossier lors d&rsquo;une r\u00e9union dans la salle bleue de la Maison Blanche \u00e0 Washington. Photo: Alex Brandon \/ AP \/ DPA<\/p>\n<\/div>\n<p>Au d\u00e9but d&rsquo;un d\u00eener conjoint \u00e0 la Maison Blanche, il a f\u00e9licit\u00e9 \u00ab\u00a0l&rsquo;effort de la paix et de la s\u00e9curit\u00e9 de Trump, qu&rsquo;ils m\u00e8nent dans de nombreux pays, mais maintenant surtout au Moyen-Orient\u00a0\u00bb. Trump Smith \u00ab\u00a0\u00e0 ce moment la paix, dans un pays, dans une r\u00e9gion apr\u00e8s l&rsquo;autre\u00a0\u00bb.<\/p>\n<p>Ensuite, Netanyahu Trump a soumis une lettre au comit\u00e9 du prix Nobel pour nommer le pr\u00e9sident am\u00e9ricain pour le prix de la paix. \u00ab\u00a0Ils le m\u00e9ritent et ils devraient l&rsquo;obtenir\u00a0\u00bb, a d\u00e9clar\u00e9 le chef du gouvernement isra\u00e9lien, qui continue lui-m\u00eame de guerre contre le Hamas dans la bande de Gaza. \u00ab\u00a0Wow,\u00a0\u00bb r\u00e9pondit Trump. \u00ab\u00a0C&rsquo;est tr\u00e8s significatif de leur part.\u00a0\u00bb<\/p>\n<p>Quiconque a \u00e9t\u00e9 nomin\u00e9 pour les prix Nobel est traditionnellement gard\u00e9 secret par les institutions nobles de Stockholm et Oslo depuis 50 ans. Il arrive encore et encore que la nomination a le droit de divulguer qui ils recommandent en tant que candidat \u00e0 l&rsquo;un des prix. Quiconque recevra le prix Nobel de la paix cette ann\u00e9e sera annonc\u00e9 le 10 octobre. (DPA \/ CRE)<\/p>\n","protected":false},"excerpt":{"rendered":"<p>Chaque jour, Donald Trump cr\u00e9e de nouvelles nouvelles qui font le tour du monde. Quelle est la fascination du pr\u00e9sident am\u00e9ricain? Le meilleur philosophe allemand<\/p>\n","protected":false},"author":1,"featured_media":8606,"comment_status":"","ping_status":"","sticky":false,"template":"","format":"standard","meta":{"footnotes":""},"categories":[298],"tags":[7657,76,4859,891,1484,7658,7659,3280,1399,7656,790,2425],"class_list":["post-8605","post","type-post","status-publish","format-standard","has-post-thumbnail","hentry","category-belgique","tag-cayenon","tag-est","tag-king","tag-meme","tag-merite","tag-netanyahu","tag-nobel","tag-paix","tag-prix","tag-sloterdijk","tag-temps","tag-trump","generate-columns","tablet-grid-50","mobile-grid-100","grid-parent","grid-33"],"yoast_head":"<!-- This site is optimized with the Yoast SEO plugin v24.0 - https:\/\/yoast.com\/wordpress\/plugins\/seo\/ -->\n<title>SLOTERDIJK: &quot;Trump est King et Cayenon en m\u00eame temps&quot; - Netanyahu: &quot;Trump m\u00e9rite le prix Nobel de la paix&quot; | Vie Associative<\/title>\n<meta name=\"robots\" content=\"index, follow, max-snippet:-1, max-image-preview:large, max-video-preview:-1\" \/>\n<link rel=\"canonical\" href=\"https:\/\/vieassociative.be\/actualites\/sloterdijk-trump-est-king-et-cayenon-en-meme-temps-netanyahu-trump-merite-le-prix-nobel-de-la-paix\/\" \/>\n<meta property=\"og:locale\" content=\"fr_FR\" \/>\n<meta property=\"og:type\" content=\"article\" \/>\n<meta property=\"og:title\" content=\"SLOTERDIJK: &quot;Trump est King et Cayenon en m\u00eame temps&quot; - Netanyahu: &quot;Trump m\u00e9rite le prix Nobel de la paix&quot; | Vie Associative\" \/>\n<meta property=\"og:description\" content=\"Chaque jour, Donald Trump cr\u00e9e de nouvelles nouvelles qui font le tour du monde. Quelle est la fascination du pr\u00e9sident am\u00e9ricain? Le meilleur philosophe allemand\" \/>\n<meta property=\"og:url\" content=\"https:\/\/vieassociative.be\/actualites\/sloterdijk-trump-est-king-et-cayenon-en-meme-temps-netanyahu-trump-merite-le-prix-nobel-de-la-paix\/\" \/>\n<meta property=\"og:site_name\" content=\"Vie Associative\" \/>\n<meta property=\"article:published_time\" content=\"2025-07-08T08:17:35+00:00\" \/>\n<meta property=\"og:image\" content=\"https:\/\/vieassociative.be\/actualites\/wp-content\/uploads\/2024\/09\/header_backgroundk-01-e1726694325946.png\" \/>\n\t<meta property=\"og:image:width\" content=\"279\" \/>\n\t<meta property=\"og:image:height\" content=\"92\" \/>\n\t<meta property=\"og:image:type\" content=\"image\/png\" \/>\n<meta name=\"author\" content=\"Julien\" \/>\n<meta name=\"twitter:card\" content=\"summary_large_image\" \/>\n<meta name=\"twitter:label1\" content=\"\u00c9crit par\" \/>\n\t<meta name=\"twitter:data1\" content=\"Julien\" \/>\n\t<meta name=\"twitter:label2\" content=\"Dur\u00e9e de lecture est.\" \/>\n\t<meta name=\"twitter:data2\" content=\"3 minutes\" \/>\n<script type=\"application\/ld+json\" class=\"yoast-schema-graph\">{\"@context\":\"https:\/\/schema.org\",\"@graph\":[{\"@type\":\"Article\",\"@id\":\"https:\/\/vieassociative.be\/actualites\/sloterdijk-trump-est-king-et-cayenon-en-meme-temps-netanyahu-trump-merite-le-prix-nobel-de-la-paix\/#article\",\"isPartOf\":{\"@id\":\"https:\/\/vieassociative.be\/actualites\/sloterdijk-trump-est-king-et-cayenon-en-meme-temps-netanyahu-trump-merite-le-prix-nobel-de-la-paix\/\"},\"author\":{\"name\":\"Julien\",\"@id\":\"https:\/\/vieassociative.be\/actualites\/#\/schema\/person\/b87ac4f82f9d4e7b7cec7395b679edc4\"},\"headline\":\"SLOTERDIJK: \u00ab\u00a0Trump est King et Cayenon en m\u00eame temps\u00a0\u00bb &#8211; Netanyahu: \u00ab\u00a0Trump m\u00e9rite le prix Nobel de la paix\u00a0\u00bb\",\"datePublished\":\"2025-07-08T08:17:35+00:00\",\"dateModified\":\"2025-07-08T08:17:35+00:00\",\"mainEntityOfPage\":{\"@id\":\"https:\/\/vieassociative.be\/actualites\/sloterdijk-trump-est-king-et-cayenon-en-meme-temps-netanyahu-trump-merite-le-prix-nobel-de-la-paix\/\"},\"wordCount\":707,\"publisher\":{\"@id\":\"https:\/\/vieassociative.be\/actualites\/#organization\"},\"image\":{\"@id\":\"https:\/\/vieassociative.be\/actualites\/sloterdijk-trump-est-king-et-cayenon-en-meme-temps-netanyahu-trump-merite-le-prix-nobel-de-la-paix\/#primaryimage\"},\"thumbnailUrl\":\"https:\/\/vieassociative.be\/actualites\/wp-content\/uploads\/2025\/07\/1751962655_SLOTERDIJK-Trump-est-King-et-Cayenon-en-meme-temps.jpg\",\"keywords\":[\"Cayenon\",\"est\",\"King\",\"m\u00eame\",\"m\u00e9rite\",\"Netanyahu\",\"Nobel\",\"paix\",\"prix\",\"SLOTERDIJK\",\"temps\",\"Trump\"],\"articleSection\":[\"Belgique\"],\"inLanguage\":\"fr-BE\"},{\"@type\":\"WebPage\",\"@id\":\"https:\/\/vieassociative.be\/actualites\/sloterdijk-trump-est-king-et-cayenon-en-meme-temps-netanyahu-trump-merite-le-prix-nobel-de-la-paix\/\",\"url\":\"https:\/\/vieassociative.be\/actualites\/sloterdijk-trump-est-king-et-cayenon-en-meme-temps-netanyahu-trump-merite-le-prix-nobel-de-la-paix\/\",\"name\":\"SLOTERDIJK: \\\"Trump est King et Cayenon en m\u00eame temps\\\" - Netanyahu: \\\"Trump m\u00e9rite le prix Nobel de la paix\\\" | Vie Associative\",\"isPartOf\":{\"@id\":\"https:\/\/vieassociative.be\/actualites\/#website\"},\"primaryImageOfPage\":{\"@id\":\"https:\/\/vieassociative.be\/actualites\/sloterdijk-trump-est-king-et-cayenon-en-meme-temps-netanyahu-trump-merite-le-prix-nobel-de-la-paix\/#primaryimage\"},\"image\":{\"@id\":\"https:\/\/vieassociative.be\/actualites\/sloterdijk-trump-est-king-et-cayenon-en-meme-temps-netanyahu-trump-merite-le-prix-nobel-de-la-paix\/#primaryimage\"},\"thumbnailUrl\":\"https:\/\/vieassociative.be\/actualites\/wp-content\/uploads\/2025\/07\/1751962655_SLOTERDIJK-Trump-est-King-et-Cayenon-en-meme-temps.jpg\",\"datePublished\":\"2025-07-08T08:17:35+00:00\",\"dateModified\":\"2025-07-08T08:17:35+00:00\",\"breadcrumb\":{\"@id\":\"https:\/\/vieassociative.be\/actualites\/sloterdijk-trump-est-king-et-cayenon-en-meme-temps-netanyahu-trump-merite-le-prix-nobel-de-la-paix\/#breadcrumb\"},\"inLanguage\":\"fr-BE\",\"potentialAction\":[{\"@type\":\"ReadAction\",\"target\":[\"https:\/\/vieassociative.be\/actualites\/sloterdijk-trump-est-king-et-cayenon-en-meme-temps-netanyahu-trump-merite-le-prix-nobel-de-la-paix\/\"]}]},{\"@type\":\"ImageObject\",\"inLanguage\":\"fr-BE\",\"@id\":\"https:\/\/vieassociative.be\/actualites\/sloterdijk-trump-est-king-et-cayenon-en-meme-temps-netanyahu-trump-merite-le-prix-nobel-de-la-paix\/#primaryimage\",\"url\":\"https:\/\/vieassociative.be\/actualites\/wp-content\/uploads\/2025\/07\/1751962655_SLOTERDIJK-Trump-est-King-et-Cayenon-en-meme-temps.jpg\",\"contentUrl\":\"https:\/\/vieassociative.be\/actualites\/wp-content\/uploads\/2025\/07\/1751962655_SLOTERDIJK-Trump-est-King-et-Cayenon-en-meme-temps.jpg\",\"width\":1200,\"height\":803,\"caption\":\"SLOTERDIJK: \\\"Trump est King et Cayenon en m\u00eame temps\\\" - Netanyahu: \\\"Trump m\u00e9rite le prix Nobel de la paix\\\"\"},{\"@type\":\"BreadcrumbList\",\"@id\":\"https:\/\/vieassociative.be\/actualites\/sloterdijk-trump-est-king-et-cayenon-en-meme-temps-netanyahu-trump-merite-le-prix-nobel-de-la-paix\/#breadcrumb\",\"itemListElement\":[{\"@type\":\"ListItem\",\"position\":1,\"name\":\"Accueil\",\"item\":\"https:\/\/vieassociative.be\/actualites\/\"},{\"@type\":\"ListItem\",\"position\":2,\"name\":\"SLOTERDIJK: \u00ab\u00a0Trump est King et Cayenon en m\u00eame temps\u00a0\u00bb &#8211; Netanyahu: \u00ab\u00a0Trump m\u00e9rite le prix Nobel de la paix\u00a0\u00bb\"}]},{\"@type\":\"WebSite\",\"@id\":\"https:\/\/vieassociative.be\/actualites\/#website\",\"url\":\"https:\/\/vieassociative.be\/actualites\/\",\"name\":\"Vie Associative\",\"description\":\"\",\"publisher\":{\"@id\":\"https:\/\/vieassociative.be\/actualites\/#organization\"},\"potentialAction\":[{\"@type\":\"SearchAction\",\"target\":{\"@type\":\"EntryPoint\",\"urlTemplate\":\"https:\/\/vieassociative.be\/actualites\/?s={search_term_string}\"},\"query-input\":{\"@type\":\"PropertyValueSpecification\",\"valueRequired\":true,\"valueName\":\"search_term_string\"}}],\"inLanguage\":\"fr-BE\"},{\"@type\":\"Organization\",\"@id\":\"https:\/\/vieassociative.be\/actualites\/#organization\",\"name\":\"Vie Associative\",\"url\":\"https:\/\/vieassociative.be\/actualites\/\",\"logo\":{\"@type\":\"ImageObject\",\"inLanguage\":\"fr-BE\",\"@id\":\"https:\/\/vieassociative.be\/actualites\/#\/schema\/logo\/image\/\",\"url\":\"https:\/\/vieassociative.be\/actualites\/wp-content\/uploads\/2024\/09\/cropped-vieassociative_favicon.ico.png\",\"contentUrl\":\"https:\/\/vieassociative.be\/actualites\/wp-content\/uploads\/2024\/09\/cropped-vieassociative_favicon.ico.png\",\"width\":512,\"height\":512,\"caption\":\"Vie Associative\"},\"image\":{\"@id\":\"https:\/\/vieassociative.be\/actualites\/#\/schema\/logo\/image\/\"}},{\"@type\":\"Person\",\"@id\":\"https:\/\/vieassociative.be\/actualites\/#\/schema\/person\/b87ac4f82f9d4e7b7cec7395b679edc4\",\"name\":\"Julien\",\"image\":{\"@type\":\"ImageObject\",\"inLanguage\":\"fr-BE\",\"@id\":\"https:\/\/vieassociative.be\/actualites\/#\/schema\/person\/image\/\",\"url\":\"https:\/\/vieassociative.be\/actualites\/wp-content\/uploads\/2024\/09\/vie-associative-1-150x150.jpg\",\"contentUrl\":\"https:\/\/vieassociative.be\/actualites\/wp-content\/uploads\/2024\/09\/vie-associative-1-150x150.jpg\",\"caption\":\"Julien\"},\"description\":\"Je suis Julien, r\u00e9dacteur pour Vie Associative. Passionn\u00e9 par le monde associatif depuis plus de 10 ans, j'ai \u00e0 c\u0153ur de partager des histoires inspirantes et de mettre en lumi\u00e8re les initiatives locales. Mon objectif est de sensibiliser et d'encourager l'engagement communautaire \u00e0 travers mes articles.\",\"sameAs\":[\"https:\/\/vieassociative.be\/\"]}]}<\/script>\n<!-- \/ Yoast SEO plugin. -->","yoast_head_json":{"title":"SLOTERDIJK: \"Trump est King et Cayenon en m\u00eame temps\" - Netanyahu: \"Trump m\u00e9rite le prix Nobel de la paix\" | Vie Associative","robots":{"index":"index","follow":"follow","max-snippet":"max-snippet:-1","max-image-preview":"max-image-preview:large","max-video-preview":"max-video-preview:-1"},"canonical":"https:\/\/vieassociative.be\/actualites\/sloterdijk-trump-est-king-et-cayenon-en-meme-temps-netanyahu-trump-merite-le-prix-nobel-de-la-paix\/","og_locale":"fr_FR","og_type":"article","og_title":"SLOTERDIJK: \"Trump est King et Cayenon en m\u00eame temps\" - Netanyahu: \"Trump m\u00e9rite le prix Nobel de la paix\" | Vie Associative","og_description":"Chaque jour, Donald Trump cr\u00e9e de nouvelles nouvelles qui font le tour du monde. Quelle est la fascination du pr\u00e9sident am\u00e9ricain? Le meilleur philosophe allemand","og_url":"https:\/\/vieassociative.be\/actualites\/sloterdijk-trump-est-king-et-cayenon-en-meme-temps-netanyahu-trump-merite-le-prix-nobel-de-la-paix\/","og_site_name":"Vie Associative","article_published_time":"2025-07-08T08:17:35+00:00","og_image":[{"width":279,"height":92,"url":"https:\/\/vieassociative.be\/actualites\/wp-content\/uploads\/2024\/09\/header_backgroundk-01-e1726694325946.png","type":"image\/png"}],"author":"Julien","twitter_card":"summary_large_image","twitter_misc":{"\u00c9crit par":"Julien","Dur\u00e9e de lecture est.":"3 minutes"},"schema":{"@context":"https:\/\/schema.org","@graph":[{"@type":"Article","@id":"https:\/\/vieassociative.be\/actualites\/sloterdijk-trump-est-king-et-cayenon-en-meme-temps-netanyahu-trump-merite-le-prix-nobel-de-la-paix\/#article","isPartOf":{"@id":"https:\/\/vieassociative.be\/actualites\/sloterdijk-trump-est-king-et-cayenon-en-meme-temps-netanyahu-trump-merite-le-prix-nobel-de-la-paix\/"},"author":{"name":"Julien","@id":"https:\/\/vieassociative.be\/actualites\/#\/schema\/person\/b87ac4f82f9d4e7b7cec7395b679edc4"},"headline":"SLOTERDIJK: \u00ab\u00a0Trump est King et Cayenon en m\u00eame temps\u00a0\u00bb &#8211; Netanyahu: \u00ab\u00a0Trump m\u00e9rite le prix Nobel de la paix\u00a0\u00bb","datePublished":"2025-07-08T08:17:35+00:00","dateModified":"2025-07-08T08:17:35+00:00","mainEntityOfPage":{"@id":"https:\/\/vieassociative.be\/actualites\/sloterdijk-trump-est-king-et-cayenon-en-meme-temps-netanyahu-trump-merite-le-prix-nobel-de-la-paix\/"},"wordCount":707,"publisher":{"@id":"https:\/\/vieassociative.be\/actualites\/#organization"},"image":{"@id":"https:\/\/vieassociative.be\/actualites\/sloterdijk-trump-est-king-et-cayenon-en-meme-temps-netanyahu-trump-merite-le-prix-nobel-de-la-paix\/#primaryimage"},"thumbnailUrl":"https:\/\/vieassociative.be\/actualites\/wp-content\/uploads\/2025\/07\/1751962655_SLOTERDIJK-Trump-est-King-et-Cayenon-en-meme-temps.jpg","keywords":["Cayenon","est","King","m\u00eame","m\u00e9rite","Netanyahu","Nobel","paix","prix","SLOTERDIJK","temps","Trump"],"articleSection":["Belgique"],"inLanguage":"fr-BE"},{"@type":"WebPage","@id":"https:\/\/vieassociative.be\/actualites\/sloterdijk-trump-est-king-et-cayenon-en-meme-temps-netanyahu-trump-merite-le-prix-nobel-de-la-paix\/","url":"https:\/\/vieassociative.be\/actualites\/sloterdijk-trump-est-king-et-cayenon-en-meme-temps-netanyahu-trump-merite-le-prix-nobel-de-la-paix\/","name":"SLOTERDIJK: \"Trump est King et Cayenon en m\u00eame temps\" - Netanyahu: \"Trump m\u00e9rite le prix Nobel de la paix\" | Vie Associative","isPartOf":{"@id":"https:\/\/vieassociative.be\/actualites\/#website"},"primaryImageOfPage":{"@id":"https:\/\/vieassociative.be\/actualites\/sloterdijk-trump-est-king-et-cayenon-en-meme-temps-netanyahu-trump-merite-le-prix-nobel-de-la-paix\/#primaryimage"},"image":{"@id":"https:\/\/vieassociative.be\/actualites\/sloterdijk-trump-est-king-et-cayenon-en-meme-temps-netanyahu-trump-merite-le-prix-nobel-de-la-paix\/#primaryimage"},"thumbnailUrl":"https:\/\/vieassociative.be\/actualites\/wp-content\/uploads\/2025\/07\/1751962655_SLOTERDIJK-Trump-est-King-et-Cayenon-en-meme-temps.jpg","datePublished":"2025-07-08T08:17:35+00:00","dateModified":"2025-07-08T08:17:35+00:00","breadcrumb":{"@id":"https:\/\/vieassociative.be\/actualites\/sloterdijk-trump-est-king-et-cayenon-en-meme-temps-netanyahu-trump-merite-le-prix-nobel-de-la-paix\/#breadcrumb"},"inLanguage":"fr-BE","potentialAction":[{"@type":"ReadAction","target":["https:\/\/vieassociative.be\/actualites\/sloterdijk-trump-est-king-et-cayenon-en-meme-temps-netanyahu-trump-merite-le-prix-nobel-de-la-paix\/"]}]},{"@type":"ImageObject","inLanguage":"fr-BE","@id":"https:\/\/vieassociative.be\/actualites\/sloterdijk-trump-est-king-et-cayenon-en-meme-temps-netanyahu-trump-merite-le-prix-nobel-de-la-paix\/#primaryimage","url":"https:\/\/vieassociative.be\/actualites\/wp-content\/uploads\/2025\/07\/1751962655_SLOTERDIJK-Trump-est-King-et-Cayenon-en-meme-temps.jpg","contentUrl":"https:\/\/vieassociative.be\/actualites\/wp-content\/uploads\/2025\/07\/1751962655_SLOTERDIJK-Trump-est-King-et-Cayenon-en-meme-temps.jpg","width":1200,"height":803,"caption":"SLOTERDIJK: \"Trump est King et Cayenon en m\u00eame temps\" - Netanyahu: \"Trump m\u00e9rite le prix Nobel de la paix\""},{"@type":"BreadcrumbList","@id":"https:\/\/vieassociative.be\/actualites\/sloterdijk-trump-est-king-et-cayenon-en-meme-temps-netanyahu-trump-merite-le-prix-nobel-de-la-paix\/#breadcrumb","itemListElement":[{"@type":"ListItem","position":1,"name":"Accueil","item":"https:\/\/vieassociative.be\/actualites\/"},{"@type":"ListItem","position":2,"name":"SLOTERDIJK: \u00ab\u00a0Trump est King et Cayenon en m\u00eame temps\u00a0\u00bb &#8211; Netanyahu: \u00ab\u00a0Trump m\u00e9rite le prix Nobel de la paix\u00a0\u00bb"}]},{"@type":"WebSite","@id":"https:\/\/vieassociative.be\/actualites\/#website","url":"https:\/\/vieassociative.be\/actualites\/","name":"Vie Associative","description":"","publisher":{"@id":"https:\/\/vieassociative.be\/actualites\/#organization"},"potentialAction":[{"@type":"SearchAction","target":{"@type":"EntryPoint","urlTemplate":"https:\/\/vieassociative.be\/actualites\/?s={search_term_string}"},"query-input":{"@type":"PropertyValueSpecification","valueRequired":true,"valueName":"search_term_string"}}],"inLanguage":"fr-BE"},{"@type":"Organization","@id":"https:\/\/vieassociative.be\/actualites\/#organization","name":"Vie Associative","url":"https:\/\/vieassociative.be\/actualites\/","logo":{"@type":"ImageObject","inLanguage":"fr-BE","@id":"https:\/\/vieassociative.be\/actualites\/#\/schema\/logo\/image\/","url":"https:\/\/vieassociative.be\/actualites\/wp-content\/uploads\/2024\/09\/cropped-vieassociative_favicon.ico.png","contentUrl":"https:\/\/vieassociative.be\/actualites\/wp-content\/uploads\/2024\/09\/cropped-vieassociative_favicon.ico.png","width":512,"height":512,"caption":"Vie Associative"},"image":{"@id":"https:\/\/vieassociative.be\/actualites\/#\/schema\/logo\/image\/"}},{"@type":"Person","@id":"https:\/\/vieassociative.be\/actualites\/#\/schema\/person\/b87ac4f82f9d4e7b7cec7395b679edc4","name":"Julien","image":{"@type":"ImageObject","inLanguage":"fr-BE","@id":"https:\/\/vieassociative.be\/actualites\/#\/schema\/person\/image\/","url":"https:\/\/vieassociative.be\/actualites\/wp-content\/uploads\/2024\/09\/vie-associative-1-150x150.jpg","contentUrl":"https:\/\/vieassociative.be\/actualites\/wp-content\/uploads\/2024\/09\/vie-associative-1-150x150.jpg","caption":"Julien"},"description":"Je suis Julien, r\u00e9dacteur pour Vie Associative. Passionn\u00e9 par le monde associatif depuis plus de 10 ans, j'ai \u00e0 c\u0153ur de partager des histoires inspirantes et de mettre en lumi\u00e8re les initiatives locales. Mon objectif est de sensibiliser et d'encourager l'engagement communautaire \u00e0 travers mes articles.","sameAs":["https:\/\/vieassociative.be\/"]}]}},"_links":{"self":[{"href":"https:\/\/vieassociative.be\/actualites\/wp-json\/wp\/v2\/posts\/8605"}],"collection":[{"href":"https:\/\/vieassociative.be\/actualites\/wp-json\/wp\/v2\/posts"}],"about":[{"href":"https:\/\/vieassociative.be\/actualites\/wp-json\/wp\/v2\/types\/post"}],"author":[{"embeddable":true,"href":"https:\/\/vieassociative.be\/actualites\/wp-json\/wp\/v2\/users\/1"}],"replies":[{"embeddable":true,"href":"https:\/\/vieassociative.be\/actualites\/wp-json\/wp\/v2\/comments?post=8605"}],"version-history":[{"count":0,"href":"https:\/\/vieassociative.be\/actualites\/wp-json\/wp\/v2\/posts\/8605\/revisions"}],"wp:featuredmedia":[{"embeddable":true,"href":"https:\/\/vieassociative.be\/actualites\/wp-json\/wp\/v2\/media\/8606"}],"wp:attachment":[{"href":"https:\/\/vieassociative.be\/actualites\/wp-json\/wp\/v2\/media?parent=8605"}],"wp:term":[{"taxonomy":"category","embeddable":true,"href":"https:\/\/vieassociative.be\/actualites\/wp-json\/wp\/v2\/categories?post=8605"},{"taxonomy":"post_tag","embeddable":true,"href":"https:\/\/vieassociative.be\/actualites\/wp-json\/wp\/v2\/tags?post=8605"}],"curies":[{"name":"wp","href":"https:\/\/api.w.org\/{rel}","templated":true}]}}