{"id":8603,"date":"2025-07-08T09:17:39","date_gmt":"2025-07-08T07:17:39","guid":{"rendered":"https:\/\/vieassociative.be\/actualites\/je-nai-jamais-vu-le-boox-note-air-4c-etre-mis-en-vente-avant-mais-il-est-reduit-pour-prime-day\/"},"modified":"2025-07-08T09:17:39","modified_gmt":"2025-07-08T07:17:39","slug":"je-nai-jamais-vu-le-boox-note-air-4c-etre-mis-en-vente-avant-mais-il-est-reduit-pour-prime-day","status":"publish","type":"post","link":"https:\/\/vieassociative.be\/actualites\/je-nai-jamais-vu-le-boox-note-air-4c-etre-mis-en-vente-avant-mais-il-est-reduit-pour-prime-day\/","title":{"rendered":"Je n&rsquo;ai jamais vu le BOOX Note Air 4C \u00eatre mis en vente avant, mais il est r\u00e9duit pour Prime Day"},"content":{"rendered":"<div class=\"mt-4 leading-6 md:mb-8\">C&rsquo;est un excellent cahier num\u00e9rique et un e-lise de couleur fantastique.<\/div>\n<p><\/p>\n<p><em>Prime Day 2025 est l\u00e0 du mardi 8 juillet au vendredi 11 juillet et Vie Associative partage les meilleures ventes en fonction des avis de produits, des comparaisons et des outils de suivi des prix. <\/em><\/p>\n<ul>\n<li>\n<p><em>Suivez notre blog en direct<\/em><em>  Pour rester \u00e0 jour sur les meilleures ventes que nous trouvons.<\/em><\/p>\n<\/li>\n<li>\n<p><em>Abonnez-vous \u00e0 notre newsletter shopping<\/em><em>Ajouter au panier, pour les meilleures ventes envoy\u00e9es dans votre bo\u00eete de r\u00e9ception.<\/em><\/p>\n<\/li>\n<\/ul>\n<p><em>Nouveau \u00e0 Prime Day? Nous avons un appr\u00eat sur tout ce que vous devez savoir<\/em><em>. Les ventes sont exactes au moment de la publication, mais les prix et les stocks sont toujours susceptibles de changer.<\/em><\/p>\n<hr>\n<p>J&rsquo;ai pass\u00e9 en revue une tonne d&rsquo;ordinateurs portables en E-Ink pour Vie Associative, et j&rsquo;ai conclu qu&rsquo;ils ne sont pas pour tout le monde. Mais pour le bon utilisateur &#8211; quelqu&rsquo;un qui veut un \u00e9cran inscriptible qui recr\u00e9e la sensation d&rsquo;un ordinateur portable \u00e0 stylo et papier, sur un appareil qui peut ex\u00e9cuter essentiellement toute application de productivit\u00e9 ou de lecture sur le Google Play Store &#8211; ils sont une aubaine. Le seul inconv\u00e9nient est le prix: avec un appel de niche vient un prix premium.<\/p>\n<p>Mais pour le moment, vous pouvez saisir le BOOX Note Air 4C, mon choix global pour le meilleur carnet num\u00e9rique pour la plupart des gens, lors d&rsquo;une vente rare pendant la premi\u00e8re journ\u00e9e. Je n&rsquo;ai jamais vu de dispositifs BOOX \u00eatre en vente sur Amazon, m\u00eame lors des ventes de premiers jours, donc si les \u00e9conomies de 20 $ sur cet appareil de 530 $ ne sont pas \u00e9normes, c&rsquo;est vraiment sans pr\u00e9c\u00e9dent. (Mon liseur \u00e9lectronique pr\u00e9f\u00e9r\u00e9, le Boox Palma 2, est \u00e9galement marqu\u00e9 lors de la grande vente d&rsquo;Amazon).<\/p>\n<div class=\"pogoClear mb-12 mt-10 rounded-md border-2 border-gray-100 py-7 shadow-xl md:py-6\">\n<div class=\"flex flex-wrap justify-between px-7 text-black no-underline md:flex-nowrap md:px-8\">\n<div class=\"order-1 mx-auto flex flex-col justify-center md:order-2 md:ml-4 md:w-full md:grow\">\n<div class=\"block cursor-pointer text-center font-akshar text-2xl font-medium leading-7 text-brand-green duration-200 ease-in-out hover:text-brand-green-700 md:text-left md:text-xl md:leading-6\">BOOX Note Air 4C E-INK Notebook\n                <\/div>\n<div class=\"mt-4 hidden md:flex md:justify-between\">\n<div class=\"self-end\">\n<div class=\"mb-0 h-11 md:flex md:flex-col md:justify-center\">\n<div class=\" font-sans leading-4 text-black\">\n<div class=\"flex flex-wrap items-center justify-center gap-x-1 md:justify-start\">\n        <span class=\"font-bold\"><\/p>\n<p>            529,99 $<br \/>\n                            <span class=\"font-medium\">\u00e0 Amazon<\/span><br \/>\n                    <\/span><br \/>\n                    <img decoding=\"async\" class=\"mt-0 h-(15px)\" src=\"https:\/\/vieassociative.be\/actualites\/wp-content\/uploads\/2025\/07\/Je-nai-jamais-vu-le-BOOX-Note-Air-4C-etre.svg.svg+xml\" title=\"Amazon Prime\" alt=\"Amazon Prime\">\n            <\/div>\n<\/p><\/div>\n<\/p><\/div>\n<\/p><\/div>\n<div class=\"w-44 self-end\">\n                            <button class=\"flex justify-center items-center w-full bg-brand-green text-white text-base font-sans font-medium rounded-md hover:bg-brand-green-700 hover:cursor-pointer md:text-sm h-11\"><\/p>\n<p>    Conclure un accord<br \/>\n<\/button>\n                        <\/div>\n<\/p><\/div>\n<\/p><\/div>\n<div class=\"order-2 mt-5 h-auto w-full md:order-1 md:mt-0 md:hidden\">\n<div class=\"flex aspect-video items-center justify-center\">\n                                            <img decoding=\"async\" class=\"m-0 max-h-full max-w-full rounded-md\" src=\"https:\/\/vieassociative.be\/actualites\/wp-content\/uploads\/2025\/07\/Je-nai-jamais-vu-le-BOOX-Note-Air-4C-etre.jpg\" alt=\"BOOX Tablet Note Air 4C 6G 64G E Couleur de tablette d'encre Couleur Epaper Notebook\" width=\"auto\" height=\"auto\" loading=\"lazy\">\n                                    <\/div>\n<\/p><\/div>\n<div class=\"order-2 ml-2 hidden w-32 shrink-0 items-center md:order-1 md:ml-0 md:flex\">\n<div class=\"flex aspect-video items-center justify-center\">\n                                            <img decoding=\"async\" class=\"m-0 max-h-full max-w-full rounded-md\" src=\"https:\/\/vieassociative.be\/actualites\/wp-content\/uploads\/2025\/07\/Je-nai-jamais-vu-le-BOOX-Note-Air-4C-etre.jpg\" alt=\"BOOX Tablet Note Air 4C 6G 64G E Couleur de tablette d'encre Couleur Epaper Notebook\" width=\"auto\" height=\"auto\" loading=\"lazy\">\n                                    <\/div>\n<\/p><\/div>\n<div class=\"order-3 flex grow flex-wrap md:hidden md:grow-0\">\n<div class=\"mt-4 w-full\">\n                        <button class=\"flex justify-center items-center w-full bg-brand-green text-white text-base font-sans font-medium rounded-md hover:bg-brand-green-700 hover:cursor-pointer md:text-sm h-11\"><\/p>\n<p>    Conclure un accord<br \/>\n<\/button>\n                    <\/div>\n<div class=\"mx-2 mt-4 w-full\">\n<div class=\" font-sans leading-4 text-black\">\n<div class=\"flex flex-wrap items-center justify-center gap-x-1 md:justify-start\">\n        <span class=\"font-bold\"><\/p>\n<p>            529,99 $<br \/>\n                            <span class=\"font-medium\">\u00e0 Amazon<\/span><br \/>\n                    <\/span><br \/>\n                    <img decoding=\"async\" class=\"mt-0 h-(15px)\" src=\"https:\/\/vieassociative.be\/actualites\/wp-content\/uploads\/2025\/07\/Je-nai-jamais-vu-le-BOOX-Note-Air-4C-etre.svg.svg+xml\" title=\"Amazon Prime\" alt=\"Amazon Prime\">\n            <\/div>\n<\/p><\/div>\n<\/p><\/div>\n<\/p><\/div>\n<\/p><\/div>\n<\/div>\n<h2 id=\"a-stylish-replacement-for-both-your-paper-notebook-and-your-kindle\">Un remplacement \u00e9l\u00e9gant pour votre cahier papier et votre Kindle<\/h2>\n<p>Le BOOX Note Air 4C ressemble \u00e0 un liseur \u00e9lectronique, mais il s&rsquo;apparente plus \u00e0 une tablette Android avec un \u00e9cran E-INK &#8211; son syst\u00e8me d&rsquo;exploitation Android ouvert comprend l&rsquo;acc\u00e8s \u00e0 Google Play Store, afin que vous puissiez t\u00e9l\u00e9charger n&rsquo;importe quelle application que vous souhaitez, de la productivit\u00e9 et des outils de bureau \u00e0 la lecture des applications pour les livres, les bandes dessin\u00e9es et le manga (surtout si vous ne lisez pas le contenu en ligne. <\/p>\n<p>L&rsquo;\u00e9cran de 10,3 pouces offre la m\u00eame clart\u00e9 que votre Kindle moyen, avec une r\u00e9solution de 2480 x 1860 et 300 dpi en noir et blanc, et 1240 x 930 et 150 dpi en mode couleur. Il a une lumi\u00e8re avant r\u00e9glable \u00e0 la temp\u00e9rature qui rend la lecture facile dans vos yeux dans toutes les conditions. Le processeur \u00ab\u00a0octo-core\u00a0\u00bb est un Qualcomm Snapdragon 750G de 2,07 GHz, qui est plus lent pour une tablette moderne, mais assez rapidement pour la plupart des t\u00e2ches que vous utiliserez probablement l&rsquo;appareil pour accomplir.<\/p>\n<p>\u00c0 5,8 mm, il est \u00e9l\u00e9gamment mince et la qualit\u00e9 de construction est lisse et solide. Il a une prise en charge Bluetooth, des deux haut-parleurs et un microphone pour enregistrer des notes vocales, ainsi qu&rsquo;une fente de carte SD qui peut \u00e9tendre les 64 Go de stockage embarqu\u00e9 jusqu&rsquo;\u00e0 2 To.<\/p>\n<div class=\"pogoClear relative my-10 border-b-(1.5px) border-t-(1.5px) border-dashed border-black py-5 sm:my-14 sm:border-0 sm:py-0\" data-ga-click data-ga-template=\"Deals\" data-ga-module=\"openweb_widget\" data-ga-element=\"openweb_scroll\" data-ga-item=\"openweb_scroll_midpage\" x-data=\"{\n         commentsCount: null,\n         hasComments: false,\n         async fetchCommentsCount() {\n             try {\n                 if (window.openweb &amp;&amp; typeof window.openweb.getMessagesCount === 'function') {\n                     this.commentsCount = await window.openweb.getMessagesCount('01JZK4KABZ68931BS0QWF1VV19');\n                     this.hasComments = this.commentsCount !== null &amp;&amp; this.commentsCount &gt; 0;\n                 }\n             } catch (e) {\n                 console.warn('Failed to fetch comment count:', e);\n             }\n         }\n     }\" x-init=\"fetchCommentsCount()\" x-cloak><\/p>\n<div class=\"absolute top-1\/2 hidden w-full -translate-y-1\/2 border-t-(1.5px) border-dashed border-black sm:block\"><\/div>\n<div class=\"relative flex justify-center\">\n<div class=\"flex max-w-fit items-center gap-x-3 bg-white px-5\">\n<div class=\"relative\">\n                <span class=\"absolute left-1\/2 top-1\/2 -translate-x-1\/2 -translate-y-1\/2 font-akshar text-sm font-medium text-black\" aria-live=\"polite\" x-show=\"hasComments\" x-text=\"commentsCount\"><\/span><\/p>\n<p>                <svg class=\"h-8 w-8 text-black\" role=\"img\" aria-hidden=\"true\">\n                    <use href=\"http:\/\/lifehacker.com\/images\/icons\/spritemap.svg#sprite-chat-bubble\"><\/use>\n                <\/svg>\n            <\/div>\n<p>            <span class=\"text-sm font-medium text-black\"><\/p>\n<p>                Que pensez-vous jusqu&rsquo;\u00e0 pr\u00e9sent?<br \/>\n                <button class=\"ml-1 font-semibold text-brand-green underline hover:text-brand-green-700\" type=\"button\" aria-label=\"Comment section trigger\" onclick=\"window.openweb.scrollToComments('01JZK4KABZ68931BS0QWF1VV19')\" x-text=\"hasComments ? 'Post a comment.' : 'Be the first to post a comment.'\"><\/button><br \/>\n            <\/span>\n        <\/div>\n<\/p><\/div>\n<\/div>\n<p>La v\u00e9ritable force du Note Air 4C, en particulier par rapport \u00e0 un appareil comme le Scribe Kindle, est sa polyvalence en tant que cahier num\u00e9rique. \u00c9crire \u00e0 l&rsquo;\u00e9cran avec le stylet inclus qui me ressemble encore \u00e0 une astuce magique, offrant une exp\u00e9rience d&rsquo;\u00e9criture agr\u00e9ablement papier, avec l&rsquo;\u00e9cran l\u00e9g\u00e8rement textur\u00e9 et mat offrant suffisamment de r\u00e9sistance pour que vous n&rsquo;aurez pas l&rsquo;impression de glisser la plume de votre stylo sur une surface lisse. Bien qu&rsquo;il soit pr\u00e9charg\u00e9 avec un logiciel de prise de notes assez comp\u00e9tent, l&rsquo;acc\u00e8s \u00e0 un magasin complet signifie que vous pouvez \u00e9galement choisir d&rsquo;utiliser votre programme de choix. <\/p>\n<h2 id=\"a-premium-product-at-a-premium-price\">Un produit premium \u00e0 un prix premium<\/h2>\n<p>Tous les livres \u00e9lectroniques ont tendance \u00e0 \u00eatre assez chers &#8211; un prix plus important \u00e0 un iPad haut de gamme qu&rsquo;un Kindle &#8211; mais ils sont suffisamment polyvalents pour que, pour le bon utilisateur, ils puissent \u00eatre une centrale de divertissement et de productivit\u00e9. Si vous \u00eates sur le march\u00e9 pour l&rsquo;un d&rsquo;eux, je recommande fortement le Note Air 4C, surtout si vous pouvez reprendre un rabais. <\/p>\n<hr>\n<p><em>Vous cherchez autre chose? Des d\u00e9taillants comme Walmart, Best Buy et Home Depot ont des ventes de concurrence de premier ordre qui sont particuli\u00e8rement utiles si vous n&rsquo;avez pas Amazon Prime.<\/em><\/p>\n<ul>\n<li>\n<p><strong><em>Vente de concours de premier jour de Walmart<\/em><\/strong><em>  commence \u00e0 minuit le 8 juillet et comprendra des offres jusqu&rsquo;\u00e0 50% de r\u00e9duction<\/em><em>. C&rsquo;est une option particuli\u00e8rement bonne si vous avez Walmart +. <\/em><\/p>\n<\/li>\n<li>\n<p><strong><em>Vente de concours de grande journ\u00e9e de Best Buy<\/em><\/strong><em>\u00abBlack Friday de juillet\u00bb, se d\u00e9roule jusqu&rsquo;au dimanche 13 juillet et a certaines des meilleures ventes technologiques en ligne<\/em><em>. C&rsquo;est une option particuli\u00e8rement bonne si vous \u00eates un membre \u00abplus\u00bb ou \u00abtotal\u00bb de mon meilleur achat.<\/em><\/p>\n<\/li>\n<\/ul>\n<p><strong><em>Home Depot a prolong\u00e9 sa vente du 4 juillet<\/em><\/strong><em>  \u00e0 travers au moins le 9 juillet, en rivalisant avec ses propres offres incroyables<\/em><em>. C&rsquo;est une option particuli\u00e8rement bonne si vous recherchez des outils \u00e9lectriques, des appareils \u00e9lectrom\u00e9nagers ou des \u00e9quipements en plein air.<\/em><\/p>\n<div class=\" relative flex justify-center py-16 md:left-1\/2 md:w-(780px) md:max-w-max md:-translate-x-1\/2\" x-data=\"{ showAll: false }\">\n<div class=\"w-max text-center sm:text-left\">\n<div class=\"flex flex-col items-center justify-between text-black sm:flex-row sm:px-6\">\n                <span class=\"text-xs italic sm:ml-7 sm:text-sm\">Les offres sont s\u00e9lectionn\u00e9es par notre \u00e9quipe de commerce<\/span><\/p>\n<p>                                    <button class=\"mt-3 flex items-center gap-1 text-center font-akshar font-medium uppercase sm:mt-0 sm:text-sm\" type=\"button\" x-on:click=\"showAll=!showAll\"><br \/>\n                        <span x-show=\"!showAll\"><\/p>\n<p>                            Voir 1 de plus<br \/>\n                        <\/span><\/p>\n<p>                        <span x-show=\"showAll\"><\/p>\n<p>                            Voir 1 de moins<br \/>\n                        <\/span><\/p>\n<p>                        <svg class=\"block size-3 fill-current text-brand-green\" :class=\"{ 'rotate-180': showAll }\">\n                            <use href=\"http:\/\/lifehacker.com\/images\/icons\/spritemap.svg#sprite-chevron-down\"><\/use>\n                        <\/svg><br \/>\n                    <\/button>\n                            <\/div>\n<\/p><\/div>\n<\/p><\/div>\n","protected":false},"excerpt":{"rendered":"<p>C&rsquo;est un excellent cahier num\u00e9rique et un e-lise de couleur fantastique. Prime Day 2025 est l\u00e0 du mardi 8 juillet au vendredi 11 juillet et<\/p>\n","protected":false},"author":1,"featured_media":8604,"comment_status":"","ping_status":"","sticky":false,"template":"","format":"standard","meta":{"footnotes":""},"categories":[13],"tags":[1327,142,5136,347,76,23,851,156,2233,5035,5137,81,346,6022,223],"class_list":["post-8603","post","type-post","status-publish","format-standard","has-post-thumbnail","hentry","category-technologie","tag-air","tag-avant","tag-boox","tag-day","tag-est","tag-etre","tag-jamais","tag-mais","tag-mis","tag-nai","tag-note","tag-pour","tag-prime","tag-reduit","tag-vente","generate-columns","tablet-grid-50","mobile-grid-100","grid-parent","grid-33"],"yoast_head":"<!-- This site is optimized with the Yoast SEO plugin v24.0 - https:\/\/yoast.com\/wordpress\/plugins\/seo\/ -->\n<title>Je n&#039;ai jamais vu le BOOX Note Air 4C \u00eatre mis en vente avant, mais il est r\u00e9duit pour Prime Day | Vie Associative<\/title>\n<meta name=\"robots\" content=\"index, follow, max-snippet:-1, max-image-preview:large, max-video-preview:-1\" \/>\n<link rel=\"canonical\" href=\"https:\/\/vieassociative.be\/actualites\/je-nai-jamais-vu-le-boox-note-air-4c-etre-mis-en-vente-avant-mais-il-est-reduit-pour-prime-day\/\" \/>\n<meta property=\"og:locale\" content=\"fr_FR\" \/>\n<meta property=\"og:type\" content=\"article\" \/>\n<meta property=\"og:title\" content=\"Je n&#039;ai jamais vu le BOOX Note Air 4C \u00eatre mis en vente avant, mais il est r\u00e9duit pour Prime Day | Vie Associative\" \/>\n<meta property=\"og:description\" content=\"C&rsquo;est un excellent cahier num\u00e9rique et un e-lise de couleur fantastique. Prime Day 2025 est l\u00e0 du mardi 8 juillet au vendredi 11 juillet et\" \/>\n<meta property=\"og:url\" content=\"https:\/\/vieassociative.be\/actualites\/je-nai-jamais-vu-le-boox-note-air-4c-etre-mis-en-vente-avant-mais-il-est-reduit-pour-prime-day\/\" \/>\n<meta property=\"og:site_name\" content=\"Vie Associative\" \/>\n<meta property=\"article:published_time\" content=\"2025-07-08T07:17:39+00:00\" \/>\n<meta property=\"og:image\" content=\"https:\/\/vieassociative.be\/actualites\/wp-content\/uploads\/2025\/07\/Je-nai-jamais-vu-le-BOOX-Note-Air-4C-etre.svg.svg+xml\" \/>\n<meta name=\"author\" content=\"Julien\" \/>\n<meta name=\"twitter:card\" content=\"summary_large_image\" \/>\n<meta name=\"twitter:label1\" content=\"\u00c9crit par\" \/>\n\t<meta name=\"twitter:data1\" content=\"Julien\" \/>\n\t<meta name=\"twitter:label2\" content=\"Dur\u00e9e de lecture est.\" \/>\n\t<meta name=\"twitter:data2\" content=\"4 minutes\" \/>\n<script type=\"application\/ld+json\" class=\"yoast-schema-graph\">{\"@context\":\"https:\/\/schema.org\",\"@graph\":[{\"@type\":\"Article\",\"@id\":\"https:\/\/vieassociative.be\/actualites\/je-nai-jamais-vu-le-boox-note-air-4c-etre-mis-en-vente-avant-mais-il-est-reduit-pour-prime-day\/#article\",\"isPartOf\":{\"@id\":\"https:\/\/vieassociative.be\/actualites\/je-nai-jamais-vu-le-boox-note-air-4c-etre-mis-en-vente-avant-mais-il-est-reduit-pour-prime-day\/\"},\"author\":{\"name\":\"Julien\",\"@id\":\"https:\/\/vieassociative.be\/actualites\/#\/schema\/person\/b87ac4f82f9d4e7b7cec7395b679edc4\"},\"headline\":\"Je n&rsquo;ai jamais vu le BOOX Note Air 4C \u00eatre mis en vente avant, mais il est r\u00e9duit pour Prime Day\",\"datePublished\":\"2025-07-08T07:17:39+00:00\",\"dateModified\":\"2025-07-08T07:17:39+00:00\",\"mainEntityOfPage\":{\"@id\":\"https:\/\/vieassociative.be\/actualites\/je-nai-jamais-vu-le-boox-note-air-4c-etre-mis-en-vente-avant-mais-il-est-reduit-pour-prime-day\/\"},\"wordCount\":947,\"publisher\":{\"@id\":\"https:\/\/vieassociative.be\/actualites\/#organization\"},\"image\":{\"@id\":\"https:\/\/vieassociative.be\/actualites\/je-nai-jamais-vu-le-boox-note-air-4c-etre-mis-en-vente-avant-mais-il-est-reduit-pour-prime-day\/#primaryimage\"},\"thumbnailUrl\":\"https:\/\/vieassociative.be\/actualites\/wp-content\/uploads\/2025\/07\/Je-nai-jamais-vu-le-BOOX-Note-Air-4C-etre.webp.webp\",\"keywords\":[\"air\",\"avant\",\"Boox\",\"Day\",\"est\",\"\u00eatre\",\"jamais\",\"mais\",\"mis\",\"nai\",\"Note\",\"pour\",\"Prime\",\"r\u00e9duit\",\"vente\"],\"articleSection\":[\"Technologie\"],\"inLanguage\":\"fr-BE\"},{\"@type\":\"WebPage\",\"@id\":\"https:\/\/vieassociative.be\/actualites\/je-nai-jamais-vu-le-boox-note-air-4c-etre-mis-en-vente-avant-mais-il-est-reduit-pour-prime-day\/\",\"url\":\"https:\/\/vieassociative.be\/actualites\/je-nai-jamais-vu-le-boox-note-air-4c-etre-mis-en-vente-avant-mais-il-est-reduit-pour-prime-day\/\",\"name\":\"Je n'ai jamais vu le BOOX Note Air 4C \u00eatre mis en vente avant, mais il est r\u00e9duit pour Prime Day | Vie Associative\",\"isPartOf\":{\"@id\":\"https:\/\/vieassociative.be\/actualites\/#website\"},\"primaryImageOfPage\":{\"@id\":\"https:\/\/vieassociative.be\/actualites\/je-nai-jamais-vu-le-boox-note-air-4c-etre-mis-en-vente-avant-mais-il-est-reduit-pour-prime-day\/#primaryimage\"},\"image\":{\"@id\":\"https:\/\/vieassociative.be\/actualites\/je-nai-jamais-vu-le-boox-note-air-4c-etre-mis-en-vente-avant-mais-il-est-reduit-pour-prime-day\/#primaryimage\"},\"thumbnailUrl\":\"https:\/\/vieassociative.be\/actualites\/wp-content\/uploads\/2025\/07\/Je-nai-jamais-vu-le-BOOX-Note-Air-4C-etre.webp.webp\",\"datePublished\":\"2025-07-08T07:17:39+00:00\",\"dateModified\":\"2025-07-08T07:17:39+00:00\",\"breadcrumb\":{\"@id\":\"https:\/\/vieassociative.be\/actualites\/je-nai-jamais-vu-le-boox-note-air-4c-etre-mis-en-vente-avant-mais-il-est-reduit-pour-prime-day\/#breadcrumb\"},\"inLanguage\":\"fr-BE\",\"potentialAction\":[{\"@type\":\"ReadAction\",\"target\":[\"https:\/\/vieassociative.be\/actualites\/je-nai-jamais-vu-le-boox-note-air-4c-etre-mis-en-vente-avant-mais-il-est-reduit-pour-prime-day\/\"]}]},{\"@type\":\"ImageObject\",\"inLanguage\":\"fr-BE\",\"@id\":\"https:\/\/vieassociative.be\/actualites\/je-nai-jamais-vu-le-boox-note-air-4c-etre-mis-en-vente-avant-mais-il-est-reduit-pour-prime-day\/#primaryimage\",\"url\":\"https:\/\/vieassociative.be\/actualites\/wp-content\/uploads\/2025\/07\/Je-nai-jamais-vu-le-BOOX-Note-Air-4C-etre.webp.webp\",\"contentUrl\":\"https:\/\/vieassociative.be\/actualites\/wp-content\/uploads\/2025\/07\/Je-nai-jamais-vu-le-BOOX-Note-Air-4C-etre.webp.webp\",\"width\":1200,\"height\":675,\"caption\":\"Je n'ai jamais vu le BOOX Note Air 4C \u00eatre mis en vente avant, mais il est r\u00e9duit pour Prime Day\"},{\"@type\":\"BreadcrumbList\",\"@id\":\"https:\/\/vieassociative.be\/actualites\/je-nai-jamais-vu-le-boox-note-air-4c-etre-mis-en-vente-avant-mais-il-est-reduit-pour-prime-day\/#breadcrumb\",\"itemListElement\":[{\"@type\":\"ListItem\",\"position\":1,\"name\":\"Accueil\",\"item\":\"https:\/\/vieassociative.be\/actualites\/\"},{\"@type\":\"ListItem\",\"position\":2,\"name\":\"Je n&rsquo;ai jamais vu le BOOX Note Air 4C \u00eatre mis en vente avant, mais il est r\u00e9duit pour Prime Day\"}]},{\"@type\":\"WebSite\",\"@id\":\"https:\/\/vieassociative.be\/actualites\/#website\",\"url\":\"https:\/\/vieassociative.be\/actualites\/\",\"name\":\"Vie Associative\",\"description\":\"\",\"publisher\":{\"@id\":\"https:\/\/vieassociative.be\/actualites\/#organization\"},\"potentialAction\":[{\"@type\":\"SearchAction\",\"target\":{\"@type\":\"EntryPoint\",\"urlTemplate\":\"https:\/\/vieassociative.be\/actualites\/?s={search_term_string}\"},\"query-input\":{\"@type\":\"PropertyValueSpecification\",\"valueRequired\":true,\"valueName\":\"search_term_string\"}}],\"inLanguage\":\"fr-BE\"},{\"@type\":\"Organization\",\"@id\":\"https:\/\/vieassociative.be\/actualites\/#organization\",\"name\":\"Vie Associative\",\"url\":\"https:\/\/vieassociative.be\/actualites\/\",\"logo\":{\"@type\":\"ImageObject\",\"inLanguage\":\"fr-BE\",\"@id\":\"https:\/\/vieassociative.be\/actualites\/#\/schema\/logo\/image\/\",\"url\":\"https:\/\/vieassociative.be\/actualites\/wp-content\/uploads\/2024\/09\/cropped-vieassociative_favicon.ico.png\",\"contentUrl\":\"https:\/\/vieassociative.be\/actualites\/wp-content\/uploads\/2024\/09\/cropped-vieassociative_favicon.ico.png\",\"width\":512,\"height\":512,\"caption\":\"Vie Associative\"},\"image\":{\"@id\":\"https:\/\/vieassociative.be\/actualites\/#\/schema\/logo\/image\/\"}},{\"@type\":\"Person\",\"@id\":\"https:\/\/vieassociative.be\/actualites\/#\/schema\/person\/b87ac4f82f9d4e7b7cec7395b679edc4\",\"name\":\"Julien\",\"image\":{\"@type\":\"ImageObject\",\"inLanguage\":\"fr-BE\",\"@id\":\"https:\/\/vieassociative.be\/actualites\/#\/schema\/person\/image\/\",\"url\":\"https:\/\/vieassociative.be\/actualites\/wp-content\/uploads\/2024\/09\/vie-associative-1-150x150.jpg\",\"contentUrl\":\"https:\/\/vieassociative.be\/actualites\/wp-content\/uploads\/2024\/09\/vie-associative-1-150x150.jpg\",\"caption\":\"Julien\"},\"description\":\"Je suis Julien, r\u00e9dacteur pour Vie Associative. Passionn\u00e9 par le monde associatif depuis plus de 10 ans, j'ai \u00e0 c\u0153ur de partager des histoires inspirantes et de mettre en lumi\u00e8re les initiatives locales. Mon objectif est de sensibiliser et d'encourager l'engagement communautaire \u00e0 travers mes articles.\",\"sameAs\":[\"https:\/\/vieassociative.be\/\"]}]}<\/script>\n<!-- \/ Yoast SEO plugin. -->","yoast_head_json":{"title":"Je n'ai jamais vu le BOOX Note Air 4C \u00eatre mis en vente avant, mais il est r\u00e9duit pour Prime Day | Vie Associative","robots":{"index":"index","follow":"follow","max-snippet":"max-snippet:-1","max-image-preview":"max-image-preview:large","max-video-preview":"max-video-preview:-1"},"canonical":"https:\/\/vieassociative.be\/actualites\/je-nai-jamais-vu-le-boox-note-air-4c-etre-mis-en-vente-avant-mais-il-est-reduit-pour-prime-day\/","og_locale":"fr_FR","og_type":"article","og_title":"Je n'ai jamais vu le BOOX Note Air 4C \u00eatre mis en vente avant, mais il est r\u00e9duit pour Prime Day | Vie Associative","og_description":"C&rsquo;est un excellent cahier num\u00e9rique et un e-lise de couleur fantastique. Prime Day 2025 est l\u00e0 du mardi 8 juillet au vendredi 11 juillet et","og_url":"https:\/\/vieassociative.be\/actualites\/je-nai-jamais-vu-le-boox-note-air-4c-etre-mis-en-vente-avant-mais-il-est-reduit-pour-prime-day\/","og_site_name":"Vie Associative","article_published_time":"2025-07-08T07:17:39+00:00","og_image":[{"url":"https:\/\/vieassociative.be\/actualites\/wp-content\/uploads\/2025\/07\/Je-nai-jamais-vu-le-BOOX-Note-Air-4C-etre.svg.svg+xml","type":"","width":"","height":""}],"author":"Julien","twitter_card":"summary_large_image","twitter_misc":{"\u00c9crit par":"Julien","Dur\u00e9e de lecture est.":"4 minutes"},"schema":{"@context":"https:\/\/schema.org","@graph":[{"@type":"Article","@id":"https:\/\/vieassociative.be\/actualites\/je-nai-jamais-vu-le-boox-note-air-4c-etre-mis-en-vente-avant-mais-il-est-reduit-pour-prime-day\/#article","isPartOf":{"@id":"https:\/\/vieassociative.be\/actualites\/je-nai-jamais-vu-le-boox-note-air-4c-etre-mis-en-vente-avant-mais-il-est-reduit-pour-prime-day\/"},"author":{"name":"Julien","@id":"https:\/\/vieassociative.be\/actualites\/#\/schema\/person\/b87ac4f82f9d4e7b7cec7395b679edc4"},"headline":"Je n&rsquo;ai jamais vu le BOOX Note Air 4C \u00eatre mis en vente avant, mais il est r\u00e9duit pour Prime Day","datePublished":"2025-07-08T07:17:39+00:00","dateModified":"2025-07-08T07:17:39+00:00","mainEntityOfPage":{"@id":"https:\/\/vieassociative.be\/actualites\/je-nai-jamais-vu-le-boox-note-air-4c-etre-mis-en-vente-avant-mais-il-est-reduit-pour-prime-day\/"},"wordCount":947,"publisher":{"@id":"https:\/\/vieassociative.be\/actualites\/#organization"},"image":{"@id":"https:\/\/vieassociative.be\/actualites\/je-nai-jamais-vu-le-boox-note-air-4c-etre-mis-en-vente-avant-mais-il-est-reduit-pour-prime-day\/#primaryimage"},"thumbnailUrl":"https:\/\/vieassociative.be\/actualites\/wp-content\/uploads\/2025\/07\/Je-nai-jamais-vu-le-BOOX-Note-Air-4C-etre.webp.webp","keywords":["air","avant","Boox","Day","est","\u00eatre","jamais","mais","mis","nai","Note","pour","Prime","r\u00e9duit","vente"],"articleSection":["Technologie"],"inLanguage":"fr-BE"},{"@type":"WebPage","@id":"https:\/\/vieassociative.be\/actualites\/je-nai-jamais-vu-le-boox-note-air-4c-etre-mis-en-vente-avant-mais-il-est-reduit-pour-prime-day\/","url":"https:\/\/vieassociative.be\/actualites\/je-nai-jamais-vu-le-boox-note-air-4c-etre-mis-en-vente-avant-mais-il-est-reduit-pour-prime-day\/","name":"Je n'ai jamais vu le BOOX Note Air 4C \u00eatre mis en vente avant, mais il est r\u00e9duit pour Prime Day | Vie Associative","isPartOf":{"@id":"https:\/\/vieassociative.be\/actualites\/#website"},"primaryImageOfPage":{"@id":"https:\/\/vieassociative.be\/actualites\/je-nai-jamais-vu-le-boox-note-air-4c-etre-mis-en-vente-avant-mais-il-est-reduit-pour-prime-day\/#primaryimage"},"image":{"@id":"https:\/\/vieassociative.be\/actualites\/je-nai-jamais-vu-le-boox-note-air-4c-etre-mis-en-vente-avant-mais-il-est-reduit-pour-prime-day\/#primaryimage"},"thumbnailUrl":"https:\/\/vieassociative.be\/actualites\/wp-content\/uploads\/2025\/07\/Je-nai-jamais-vu-le-BOOX-Note-Air-4C-etre.webp.webp","datePublished":"2025-07-08T07:17:39+00:00","dateModified":"2025-07-08T07:17:39+00:00","breadcrumb":{"@id":"https:\/\/vieassociative.be\/actualites\/je-nai-jamais-vu-le-boox-note-air-4c-etre-mis-en-vente-avant-mais-il-est-reduit-pour-prime-day\/#breadcrumb"},"inLanguage":"fr-BE","potentialAction":[{"@type":"ReadAction","target":["https:\/\/vieassociative.be\/actualites\/je-nai-jamais-vu-le-boox-note-air-4c-etre-mis-en-vente-avant-mais-il-est-reduit-pour-prime-day\/"]}]},{"@type":"ImageObject","inLanguage":"fr-BE","@id":"https:\/\/vieassociative.be\/actualites\/je-nai-jamais-vu-le-boox-note-air-4c-etre-mis-en-vente-avant-mais-il-est-reduit-pour-prime-day\/#primaryimage","url":"https:\/\/vieassociative.be\/actualites\/wp-content\/uploads\/2025\/07\/Je-nai-jamais-vu-le-BOOX-Note-Air-4C-etre.webp.webp","contentUrl":"https:\/\/vieassociative.be\/actualites\/wp-content\/uploads\/2025\/07\/Je-nai-jamais-vu-le-BOOX-Note-Air-4C-etre.webp.webp","width":1200,"height":675,"caption":"Je n'ai jamais vu le BOOX Note Air 4C \u00eatre mis en vente avant, mais il est r\u00e9duit pour Prime Day"},{"@type":"BreadcrumbList","@id":"https:\/\/vieassociative.be\/actualites\/je-nai-jamais-vu-le-boox-note-air-4c-etre-mis-en-vente-avant-mais-il-est-reduit-pour-prime-day\/#breadcrumb","itemListElement":[{"@type":"ListItem","position":1,"name":"Accueil","item":"https:\/\/vieassociative.be\/actualites\/"},{"@type":"ListItem","position":2,"name":"Je n&rsquo;ai jamais vu le BOOX Note Air 4C \u00eatre mis en vente avant, mais il est r\u00e9duit pour Prime Day"}]},{"@type":"WebSite","@id":"https:\/\/vieassociative.be\/actualites\/#website","url":"https:\/\/vieassociative.be\/actualites\/","name":"Vie Associative","description":"","publisher":{"@id":"https:\/\/vieassociative.be\/actualites\/#organization"},"potentialAction":[{"@type":"SearchAction","target":{"@type":"EntryPoint","urlTemplate":"https:\/\/vieassociative.be\/actualites\/?s={search_term_string}"},"query-input":{"@type":"PropertyValueSpecification","valueRequired":true,"valueName":"search_term_string"}}],"inLanguage":"fr-BE"},{"@type":"Organization","@id":"https:\/\/vieassociative.be\/actualites\/#organization","name":"Vie Associative","url":"https:\/\/vieassociative.be\/actualites\/","logo":{"@type":"ImageObject","inLanguage":"fr-BE","@id":"https:\/\/vieassociative.be\/actualites\/#\/schema\/logo\/image\/","url":"https:\/\/vieassociative.be\/actualites\/wp-content\/uploads\/2024\/09\/cropped-vieassociative_favicon.ico.png","contentUrl":"https:\/\/vieassociative.be\/actualites\/wp-content\/uploads\/2024\/09\/cropped-vieassociative_favicon.ico.png","width":512,"height":512,"caption":"Vie Associative"},"image":{"@id":"https:\/\/vieassociative.be\/actualites\/#\/schema\/logo\/image\/"}},{"@type":"Person","@id":"https:\/\/vieassociative.be\/actualites\/#\/schema\/person\/b87ac4f82f9d4e7b7cec7395b679edc4","name":"Julien","image":{"@type":"ImageObject","inLanguage":"fr-BE","@id":"https:\/\/vieassociative.be\/actualites\/#\/schema\/person\/image\/","url":"https:\/\/vieassociative.be\/actualites\/wp-content\/uploads\/2024\/09\/vie-associative-1-150x150.jpg","contentUrl":"https:\/\/vieassociative.be\/actualites\/wp-content\/uploads\/2024\/09\/vie-associative-1-150x150.jpg","caption":"Julien"},"description":"Je suis Julien, r\u00e9dacteur pour Vie Associative. Passionn\u00e9 par le monde associatif depuis plus de 10 ans, j'ai \u00e0 c\u0153ur de partager des histoires inspirantes et de mettre en lumi\u00e8re les initiatives locales. Mon objectif est de sensibiliser et d'encourager l'engagement communautaire \u00e0 travers mes articles.","sameAs":["https:\/\/vieassociative.be\/"]}]}},"_links":{"self":[{"href":"https:\/\/vieassociative.be\/actualites\/wp-json\/wp\/v2\/posts\/8603"}],"collection":[{"href":"https:\/\/vieassociative.be\/actualites\/wp-json\/wp\/v2\/posts"}],"about":[{"href":"https:\/\/vieassociative.be\/actualites\/wp-json\/wp\/v2\/types\/post"}],"author":[{"embeddable":true,"href":"https:\/\/vieassociative.be\/actualites\/wp-json\/wp\/v2\/users\/1"}],"replies":[{"embeddable":true,"href":"https:\/\/vieassociative.be\/actualites\/wp-json\/wp\/v2\/comments?post=8603"}],"version-history":[{"count":0,"href":"https:\/\/vieassociative.be\/actualites\/wp-json\/wp\/v2\/posts\/8603\/revisions"}],"wp:featuredmedia":[{"embeddable":true,"href":"https:\/\/vieassociative.be\/actualites\/wp-json\/wp\/v2\/media\/8604"}],"wp:attachment":[{"href":"https:\/\/vieassociative.be\/actualites\/wp-json\/wp\/v2\/media?parent=8603"}],"wp:term":[{"taxonomy":"category","embeddable":true,"href":"https:\/\/vieassociative.be\/actualites\/wp-json\/wp\/v2\/categories?post=8603"},{"taxonomy":"post_tag","embeddable":true,"href":"https:\/\/vieassociative.be\/actualites\/wp-json\/wp\/v2\/tags?post=8603"}],"curies":[{"name":"wp","href":"https:\/\/api.w.org\/{rel}","templated":true}]}}