{"id":8600,"date":"2025-07-08T04:17:49","date_gmt":"2025-07-08T02:17:49","guid":{"rendered":"https:\/\/vieassociative.be\/actualites\/le-ministre-de-la-sante-veut-rendre-le-systeme-de-frais-du-medecin-plus-equitable-et-plus-transparent-strike-call-call\/"},"modified":"2025-07-08T04:17:49","modified_gmt":"2025-07-08T02:17:49","slug":"le-ministre-de-la-sante-veut-rendre-le-systeme-de-frais-du-medecin-plus-equitable-et-plus-transparent-strike-call-call","status":"publish","type":"post","link":"https:\/\/vieassociative.be\/actualites\/le-ministre-de-la-sante-veut-rendre-le-systeme-de-frais-du-medecin-plus-equitable-et-plus-transparent-strike-call-call\/","title":{"rendered":"Le ministre de la Sant\u00e9 veut rendre le syst\u00e8me de frais du m\u00e9decin plus \u00e9quitable et plus transparent &#8211; Strike Call Call"},"content":{"rendered":"<p><strong>Le lundi 7 juillet, certains des m\u00e9decins et dentistes belges veulent mettre de c\u00f4t\u00e9 leurs st\u00e9thoscopes et scalpels afin de participer \u00e0 une gr\u00e8ve \u00e0 laquelle la Belgian Association of the Medical Gegen Courtes (Absym) a appel\u00e9 le projet de loi du ministre f\u00e9d\u00e9ral de la Sant\u00e9 (Vooruit).<\/strong><\/p>\n<p><span id=\"more-419492\"><\/span>Cependant, l&rsquo;appel de gr\u00e8ve est loin d&rsquo;\u00eatre rencontr\u00e9 dans la profession m\u00e9dicale, m\u00eame si de nombreux m\u00e9decins rejettent les mesures des ministres.<\/p>\n<p>R\u00e9mun\u00e9ration appropri\u00e9e pour tous les m\u00e9decins garantissant et en m\u00eame temps am\u00e9liorer l&rsquo;intelligibilit\u00e9 et la transparence du syst\u00e8me de sant\u00e9 afin d&rsquo;assurer la s\u00e9curit\u00e9 des prix pour le patient.<\/p>\n<div id=\"attachment_277713\" class=\"wp-caption alignleft\" style=\"max-width: 300px\"><img fetchpriority=\"high\" decoding=\"async\" class=\"wp-image-277713 size-medium\" src=\"https:\/\/vieassociative.be\/actualites\/wp-content\/uploads\/2025\/07\/Le-ministre-de-la-Sante-veut-rendre-le-systeme-de.jpeg\" alt=\"\" width=\"300\" height=\"199\"><\/p>\n<p class=\"wp-caption-text\">Frank Vandenbroucke, ministre de la F\u00e9d\u00e9ration de la Sant\u00e9. Photo: Piscine Yves Herman \/ Belga \/ DPA<\/p>\n<\/div>\n<p>C&rsquo;est le double objectif de poursuivre le Vandenbroucke avec sa nouvelle r\u00e9forme controvers\u00e9e. Plus pr\u00e9cis\u00e9ment, le ministre de la Sant\u00e9 souhaite s&rsquo;attaquer \u00e0 trois domaines principaux: l&rsquo;abolition de l&rsquo;accord partiel pour les m\u00e9decins, l&rsquo;harmonisation des surtaxes des frais et la r\u00e9forme de la nomenclature.<\/p>\n<p><strong>&#8211; La r\u00e9siliation de l&rsquo;accord partiel:<\/strong> Pour le moment, un m\u00e9decin a le choix de conclure un accord, c&rsquo;est-\u00e0-dire de se conformer aux tarifs officiellement d\u00e9finis, de ne pas conclure un accord et de d\u00e9finir ses propres tarifs ou d&rsquo;appliquer les deux m\u00e9thodes en m\u00eame temps, par exemple en concluant un accord sur certains jours de la semaine et personne les autres jours.<\/p>\n<p>Le ministre Vandenbroucke veut mettre fin \u00e0 ce syst\u00e8me. \u00ab\u00a0Le syst\u00e8me actuel n&rsquo;est pas transparent, il n&rsquo;est pas compr\u00e9hensible\u00a0\u00bb, dit-il et sugg\u00e8re \u00e0 la place \u00ab\u00a0un syst\u00e8me beaucoup plus simple\u00a0\u00bb, dans lequel vous pouvez soit choisir d&rsquo;\u00eatre toujours li\u00e9 contractuellement ou jamais.<\/p>\n<\/p>\n<div id=\"attachment_57219\" class=\"wp-caption alignleft\" style=\"max-width: 300px\"><img decoding=\"async\" class=\"wp-image-57219 size-medium\" src=\"https:\/\/vieassociative.be\/actualites\/wp-content\/uploads\/2025\/07\/Le-ministre-de-la-Sante-veut-rendre-le-systeme-de.jpg\" alt=\"\" width=\"300\" height=\"200\"  ><\/p>\n<p class=\"wp-caption-text\">Un m\u00e9decin g\u00e9n\u00e9raliste examine un patient dans le cabinet de son m\u00e9decin. Photo: Shutterstock<\/p>\n<\/div>\n<p><strong>&#8211; Une harmonisation des surcharges de frais:<\/strong><br \/>\n Une autre mesure propos\u00e9e par le ministre, l&rsquo;harmonisation des suppl\u00e9ments de frais, est \u00e9galement examin\u00e9e de mani\u00e8re intensive. Dans ce domaine, Vandenbroucke veut r\u00e9guler les diff\u00e9rences dans les tarifs qui affectent les patients.<\/p>\n<p>\u00ab\u00a0Nous prenons un enfant, par exemple. Il y a des h\u00f4pitaux dans lesquels vous payez 670 euros en tant que suppl\u00e9ment. Dans d&rsquo;autres h\u00f4pitaux, 2 500 \u00e0 3 500 euros seront factur\u00e9s pour la m\u00eame livraison\u00a0\u00bb, a d\u00e9clar\u00e9 Vandenbroucke. Afin de r\u00e9duire ces diff\u00e9rences, le ministre souhaite limiter ce suppl\u00e9ment de frais \u00e0 un ensemble fixe de 125% du tarif de base pour le traitement hospitalier et 25% pour les traitements ambulatoires.<\/p>\n<p><strong>&#8211; R\u00e9forme de la nomenclature:<\/strong> La liste des traitements et des services qui peuvent \u00eatre rembours\u00e9s par l&rsquo;assurance maladie seraient fondamentalement r\u00e9vis\u00e9es pour r\u00e9duire les diff\u00e9rences de revenu entre les diff\u00e9rentes disciplines des m\u00e9decins. Par exemple, la nomenclature ne fera plus r\u00e9f\u00e9rence \u00e0 la sp\u00e9cialisation du m\u00e9decin traitant, mais \u00e0 l&rsquo;anatomie de l&rsquo;organisme sur lequel la performance est fournie, quel que soit le sujet du fournisseur de services.<\/p>\n<div id=\"attachment_419511\" class=\"wp-caption alignleft\" style=\"max-width: 300px\"><img decoding=\"async\" class=\"wp-image-419511 size-medium\" src=\"https:\/\/vieassociative.be\/actualites\/wp-content\/uploads\/2025\/07\/1751941069_740_Le-ministre-de-la-Sante-veut-rendre-le-systeme-de.jpg\" alt=\"\" width=\"300\" height=\"158\"><\/p>\n<p class=\"wp-caption-text\">Un m\u00e9decin analyse diverses rayons x. Photo: Shutterstock<\/p>\n<\/div>\n<p>Dans la pratique, ces trois projets de r\u00e9forme sont loin d&rsquo;\u00eatre approuv\u00e9s \u00e0 l&rsquo;unanimit\u00e9 par les prestataires de services de sant\u00e9.<\/p>\n<p>\u00ab\u00a0Les cons\u00e9quences pour l&rsquo;acc\u00e8s des Pistants pour les soins de sant\u00e9 et leur qualit\u00e9 seront catastrophiques, bien que nous ayons actuellement un excellent niveau en m\u00e9decine\u00a0\u00bb, craint le pr\u00e9sident de l&rsquo;absence, Patrick Emonts. \u00abIl n&rsquo;y a pas d&rsquo;autre solution que la gr\u00e8ve pour pr\u00e9ciser que le projet du ministre Vandenbroucke est destructeur pour les soins m\u00e9dicaux.<\/p>\n<p>Un argument remis en question par l&rsquo;association des centres de soins m\u00e9dicaux. \u00ab\u00a0Frank Vandenbroucke assume la responsabilit\u00e9 en lan\u00e7ant une r\u00e9forme absolument n\u00e9cessaire pour assurer un syst\u00e8me de sant\u00e9 juste et accessible.\u00a0\u00bb Care pour une \u00e9tude de l&rsquo;assurance maladie de Solidaris \u00e0 partir de 2024, il affirme que \u00ab\u00a041% des Belges fran\u00e7ais ont d\u00e9j\u00e0 dispens\u00e9 au moins une performance de sant\u00e9 pour des raisons financi\u00e8res\u00a0\u00bb. La r\u00e9forme de Vandenbroucke permettrait ainsi de mieux r\u00e9guler les diff\u00e9rences de prix entre les m\u00e9decins, qui \u00ab\u00a0n&rsquo;aident pas \u00e0 retarder les soins de sant\u00e9\u00a0\u00bb et ne sont \u00ab\u00a0pas justes\u00a0\u00bb pour les patients.<\/p>\n<p>Une nouvelle r\u00e9union entre les syndicats et le ministre Vandenbroucke aura lieu vendredi 11 juillet prochain. (Cre)<\/p>\n","protected":false},"excerpt":{"rendered":"<p>Le lundi 7 juillet, certains des m\u00e9decins et dentistes belges veulent mettre de c\u00f4t\u00e9 leurs st\u00e9thoscopes et scalpels afin de participer \u00e0 une gr\u00e8ve \u00e0<\/p>\n","protected":false},"author":1,"featured_media":8601,"comment_status":"","ping_status":"","sticky":false,"template":"","format":"standard","meta":{"footnotes":""},"categories":[298],"tags":[7655,6907,1857,882,1245,465,916,6078,161,7654,2635],"class_list":["post-8600","post","type-post","status-publish","format-standard","has-post-thumbnail","hentry","category-belgique","tag-call","tag-equitable","tag-frais","tag-medecin","tag-ministre","tag-rendre","tag-sante","tag-strike","tag-systeme","tag-transparent","tag-veut","generate-columns","tablet-grid-50","mobile-grid-100","grid-parent","grid-33"],"yoast_head":"<!-- This site is optimized with the Yoast SEO plugin v24.0 - https:\/\/yoast.com\/wordpress\/plugins\/seo\/ -->\n<title>Le ministre de la Sant\u00e9 veut rendre le syst\u00e8me de frais du m\u00e9decin plus \u00e9quitable et plus transparent - Strike Call Call | Vie Associative<\/title>\n<meta name=\"robots\" content=\"index, follow, max-snippet:-1, max-image-preview:large, max-video-preview:-1\" \/>\n<link rel=\"canonical\" href=\"https:\/\/vieassociative.be\/actualites\/le-ministre-de-la-sante-veut-rendre-le-systeme-de-frais-du-medecin-plus-equitable-et-plus-transparent-strike-call-call\/\" \/>\n<meta property=\"og:locale\" content=\"fr_FR\" \/>\n<meta property=\"og:type\" content=\"article\" \/>\n<meta property=\"og:title\" content=\"Le ministre de la Sant\u00e9 veut rendre le syst\u00e8me de frais du m\u00e9decin plus \u00e9quitable et plus transparent - Strike Call Call | Vie Associative\" \/>\n<meta property=\"og:description\" content=\"Le lundi 7 juillet, certains des m\u00e9decins et dentistes belges veulent mettre de c\u00f4t\u00e9 leurs st\u00e9thoscopes et scalpels afin de participer \u00e0 une gr\u00e8ve \u00e0\" \/>\n<meta property=\"og:url\" content=\"https:\/\/vieassociative.be\/actualites\/le-ministre-de-la-sante-veut-rendre-le-systeme-de-frais-du-medecin-plus-equitable-et-plus-transparent-strike-call-call\/\" \/>\n<meta property=\"og:site_name\" content=\"Vie Associative\" \/>\n<meta property=\"article:published_time\" content=\"2025-07-08T02:17:49+00:00\" \/>\n<meta property=\"og:image\" content=\"https:\/\/vieassociative.be\/actualites\/wp-content\/uploads\/2024\/09\/header_backgroundk-01-e1726694325946.png\" \/>\n\t<meta property=\"og:image:width\" content=\"279\" \/>\n\t<meta property=\"og:image:height\" content=\"92\" \/>\n\t<meta property=\"og:image:type\" content=\"image\/png\" \/>\n<meta name=\"author\" content=\"Julien\" \/>\n<meta name=\"twitter:card\" content=\"summary_large_image\" \/>\n<meta name=\"twitter:label1\" content=\"\u00c9crit par\" \/>\n\t<meta name=\"twitter:data1\" content=\"Julien\" \/>\n\t<meta name=\"twitter:label2\" content=\"Dur\u00e9e de lecture est.\" \/>\n\t<meta name=\"twitter:data2\" content=\"4 minutes\" \/>\n<script type=\"application\/ld+json\" class=\"yoast-schema-graph\">{\"@context\":\"https:\/\/schema.org\",\"@graph\":[{\"@type\":\"Article\",\"@id\":\"https:\/\/vieassociative.be\/actualites\/le-ministre-de-la-sante-veut-rendre-le-systeme-de-frais-du-medecin-plus-equitable-et-plus-transparent-strike-call-call\/#article\",\"isPartOf\":{\"@id\":\"https:\/\/vieassociative.be\/actualites\/le-ministre-de-la-sante-veut-rendre-le-systeme-de-frais-du-medecin-plus-equitable-et-plus-transparent-strike-call-call\/\"},\"author\":{\"name\":\"Julien\",\"@id\":\"https:\/\/vieassociative.be\/actualites\/#\/schema\/person\/b87ac4f82f9d4e7b7cec7395b679edc4\"},\"headline\":\"Le ministre de la Sant\u00e9 veut rendre le syst\u00e8me de frais du m\u00e9decin plus \u00e9quitable et plus transparent &#8211; Strike Call Call\",\"datePublished\":\"2025-07-08T02:17:49+00:00\",\"dateModified\":\"2025-07-08T02:17:49+00:00\",\"mainEntityOfPage\":{\"@id\":\"https:\/\/vieassociative.be\/actualites\/le-ministre-de-la-sante-veut-rendre-le-systeme-de-frais-du-medecin-plus-equitable-et-plus-transparent-strike-call-call\/\"},\"wordCount\":779,\"publisher\":{\"@id\":\"https:\/\/vieassociative.be\/actualites\/#organization\"},\"image\":{\"@id\":\"https:\/\/vieassociative.be\/actualites\/le-ministre-de-la-sante-veut-rendre-le-systeme-de-frais-du-medecin-plus-equitable-et-plus-transparent-strike-call-call\/#primaryimage\"},\"thumbnailUrl\":\"https:\/\/vieassociative.be\/actualites\/wp-content\/uploads\/2025\/07\/1751941070_Le-ministre-de-la-Sante-veut-rendre-le-systeme-de.jpg\",\"keywords\":[\"Call\",\"\u00e9quitable\",\"frais\",\"m\u00e9decin\",\"ministre\",\"rendre\",\"sant\u00e9\",\"Strike\",\"syst\u00e8me\",\"transparent\",\"veut\"],\"articleSection\":[\"Belgique\"],\"inLanguage\":\"fr-BE\"},{\"@type\":\"WebPage\",\"@id\":\"https:\/\/vieassociative.be\/actualites\/le-ministre-de-la-sante-veut-rendre-le-systeme-de-frais-du-medecin-plus-equitable-et-plus-transparent-strike-call-call\/\",\"url\":\"https:\/\/vieassociative.be\/actualites\/le-ministre-de-la-sante-veut-rendre-le-systeme-de-frais-du-medecin-plus-equitable-et-plus-transparent-strike-call-call\/\",\"name\":\"Le ministre de la Sant\u00e9 veut rendre le syst\u00e8me de frais du m\u00e9decin plus \u00e9quitable et plus transparent - Strike Call Call | Vie Associative\",\"isPartOf\":{\"@id\":\"https:\/\/vieassociative.be\/actualites\/#website\"},\"primaryImageOfPage\":{\"@id\":\"https:\/\/vieassociative.be\/actualites\/le-ministre-de-la-sante-veut-rendre-le-systeme-de-frais-du-medecin-plus-equitable-et-plus-transparent-strike-call-call\/#primaryimage\"},\"image\":{\"@id\":\"https:\/\/vieassociative.be\/actualites\/le-ministre-de-la-sante-veut-rendre-le-systeme-de-frais-du-medecin-plus-equitable-et-plus-transparent-strike-call-call\/#primaryimage\"},\"thumbnailUrl\":\"https:\/\/vieassociative.be\/actualites\/wp-content\/uploads\/2025\/07\/1751941070_Le-ministre-de-la-Sante-veut-rendre-le-systeme-de.jpg\",\"datePublished\":\"2025-07-08T02:17:49+00:00\",\"dateModified\":\"2025-07-08T02:17:49+00:00\",\"breadcrumb\":{\"@id\":\"https:\/\/vieassociative.be\/actualites\/le-ministre-de-la-sante-veut-rendre-le-systeme-de-frais-du-medecin-plus-equitable-et-plus-transparent-strike-call-call\/#breadcrumb\"},\"inLanguage\":\"fr-BE\",\"potentialAction\":[{\"@type\":\"ReadAction\",\"target\":[\"https:\/\/vieassociative.be\/actualites\/le-ministre-de-la-sante-veut-rendre-le-systeme-de-frais-du-medecin-plus-equitable-et-plus-transparent-strike-call-call\/\"]}]},{\"@type\":\"ImageObject\",\"inLanguage\":\"fr-BE\",\"@id\":\"https:\/\/vieassociative.be\/actualites\/le-ministre-de-la-sante-veut-rendre-le-systeme-de-frais-du-medecin-plus-equitable-et-plus-transparent-strike-call-call\/#primaryimage\",\"url\":\"https:\/\/vieassociative.be\/actualites\/wp-content\/uploads\/2025\/07\/1751941070_Le-ministre-de-la-Sante-veut-rendre-le-systeme-de.jpg\",\"contentUrl\":\"https:\/\/vieassociative.be\/actualites\/wp-content\/uploads\/2025\/07\/1751941070_Le-ministre-de-la-Sante-veut-rendre-le-systeme-de.jpg\",\"width\":900,\"height\":609,\"caption\":\"Le ministre de la Sant\u00e9 veut rendre le syst\u00e8me de frais du m\u00e9decin plus \u00e9quitable et plus transparent - Strike Call Call\"},{\"@type\":\"BreadcrumbList\",\"@id\":\"https:\/\/vieassociative.be\/actualites\/le-ministre-de-la-sante-veut-rendre-le-systeme-de-frais-du-medecin-plus-equitable-et-plus-transparent-strike-call-call\/#breadcrumb\",\"itemListElement\":[{\"@type\":\"ListItem\",\"position\":1,\"name\":\"Accueil\",\"item\":\"https:\/\/vieassociative.be\/actualites\/\"},{\"@type\":\"ListItem\",\"position\":2,\"name\":\"Le ministre de la Sant\u00e9 veut rendre le syst\u00e8me de frais du m\u00e9decin plus \u00e9quitable et plus transparent &#8211; Strike Call Call\"}]},{\"@type\":\"WebSite\",\"@id\":\"https:\/\/vieassociative.be\/actualites\/#website\",\"url\":\"https:\/\/vieassociative.be\/actualites\/\",\"name\":\"Vie Associative\",\"description\":\"\",\"publisher\":{\"@id\":\"https:\/\/vieassociative.be\/actualites\/#organization\"},\"potentialAction\":[{\"@type\":\"SearchAction\",\"target\":{\"@type\":\"EntryPoint\",\"urlTemplate\":\"https:\/\/vieassociative.be\/actualites\/?s={search_term_string}\"},\"query-input\":{\"@type\":\"PropertyValueSpecification\",\"valueRequired\":true,\"valueName\":\"search_term_string\"}}],\"inLanguage\":\"fr-BE\"},{\"@type\":\"Organization\",\"@id\":\"https:\/\/vieassociative.be\/actualites\/#organization\",\"name\":\"Vie Associative\",\"url\":\"https:\/\/vieassociative.be\/actualites\/\",\"logo\":{\"@type\":\"ImageObject\",\"inLanguage\":\"fr-BE\",\"@id\":\"https:\/\/vieassociative.be\/actualites\/#\/schema\/logo\/image\/\",\"url\":\"https:\/\/vieassociative.be\/actualites\/wp-content\/uploads\/2024\/09\/cropped-vieassociative_favicon.ico.png\",\"contentUrl\":\"https:\/\/vieassociative.be\/actualites\/wp-content\/uploads\/2024\/09\/cropped-vieassociative_favicon.ico.png\",\"width\":512,\"height\":512,\"caption\":\"Vie Associative\"},\"image\":{\"@id\":\"https:\/\/vieassociative.be\/actualites\/#\/schema\/logo\/image\/\"}},{\"@type\":\"Person\",\"@id\":\"https:\/\/vieassociative.be\/actualites\/#\/schema\/person\/b87ac4f82f9d4e7b7cec7395b679edc4\",\"name\":\"Julien\",\"image\":{\"@type\":\"ImageObject\",\"inLanguage\":\"fr-BE\",\"@id\":\"https:\/\/vieassociative.be\/actualites\/#\/schema\/person\/image\/\",\"url\":\"https:\/\/vieassociative.be\/actualites\/wp-content\/uploads\/2024\/09\/vie-associative-1-150x150.jpg\",\"contentUrl\":\"https:\/\/vieassociative.be\/actualites\/wp-content\/uploads\/2024\/09\/vie-associative-1-150x150.jpg\",\"caption\":\"Julien\"},\"description\":\"Je suis Julien, r\u00e9dacteur pour Vie Associative. Passionn\u00e9 par le monde associatif depuis plus de 10 ans, j'ai \u00e0 c\u0153ur de partager des histoires inspirantes et de mettre en lumi\u00e8re les initiatives locales. Mon objectif est de sensibiliser et d'encourager l'engagement communautaire \u00e0 travers mes articles.\",\"sameAs\":[\"https:\/\/vieassociative.be\/\"]}]}<\/script>\n<!-- \/ Yoast SEO plugin. -->","yoast_head_json":{"title":"Le ministre de la Sant\u00e9 veut rendre le syst\u00e8me de frais du m\u00e9decin plus \u00e9quitable et plus transparent - Strike Call Call | Vie Associative","robots":{"index":"index","follow":"follow","max-snippet":"max-snippet:-1","max-image-preview":"max-image-preview:large","max-video-preview":"max-video-preview:-1"},"canonical":"https:\/\/vieassociative.be\/actualites\/le-ministre-de-la-sante-veut-rendre-le-systeme-de-frais-du-medecin-plus-equitable-et-plus-transparent-strike-call-call\/","og_locale":"fr_FR","og_type":"article","og_title":"Le ministre de la Sant\u00e9 veut rendre le syst\u00e8me de frais du m\u00e9decin plus \u00e9quitable et plus transparent - Strike Call Call | Vie Associative","og_description":"Le lundi 7 juillet, certains des m\u00e9decins et dentistes belges veulent mettre de c\u00f4t\u00e9 leurs st\u00e9thoscopes et scalpels afin de participer \u00e0 une gr\u00e8ve \u00e0","og_url":"https:\/\/vieassociative.be\/actualites\/le-ministre-de-la-sante-veut-rendre-le-systeme-de-frais-du-medecin-plus-equitable-et-plus-transparent-strike-call-call\/","og_site_name":"Vie Associative","article_published_time":"2025-07-08T02:17:49+00:00","og_image":[{"width":279,"height":92,"url":"https:\/\/vieassociative.be\/actualites\/wp-content\/uploads\/2024\/09\/header_backgroundk-01-e1726694325946.png","type":"image\/png"}],"author":"Julien","twitter_card":"summary_large_image","twitter_misc":{"\u00c9crit par":"Julien","Dur\u00e9e de lecture est.":"4 minutes"},"schema":{"@context":"https:\/\/schema.org","@graph":[{"@type":"Article","@id":"https:\/\/vieassociative.be\/actualites\/le-ministre-de-la-sante-veut-rendre-le-systeme-de-frais-du-medecin-plus-equitable-et-plus-transparent-strike-call-call\/#article","isPartOf":{"@id":"https:\/\/vieassociative.be\/actualites\/le-ministre-de-la-sante-veut-rendre-le-systeme-de-frais-du-medecin-plus-equitable-et-plus-transparent-strike-call-call\/"},"author":{"name":"Julien","@id":"https:\/\/vieassociative.be\/actualites\/#\/schema\/person\/b87ac4f82f9d4e7b7cec7395b679edc4"},"headline":"Le ministre de la Sant\u00e9 veut rendre le syst\u00e8me de frais du m\u00e9decin plus \u00e9quitable et plus transparent &#8211; Strike Call Call","datePublished":"2025-07-08T02:17:49+00:00","dateModified":"2025-07-08T02:17:49+00:00","mainEntityOfPage":{"@id":"https:\/\/vieassociative.be\/actualites\/le-ministre-de-la-sante-veut-rendre-le-systeme-de-frais-du-medecin-plus-equitable-et-plus-transparent-strike-call-call\/"},"wordCount":779,"publisher":{"@id":"https:\/\/vieassociative.be\/actualites\/#organization"},"image":{"@id":"https:\/\/vieassociative.be\/actualites\/le-ministre-de-la-sante-veut-rendre-le-systeme-de-frais-du-medecin-plus-equitable-et-plus-transparent-strike-call-call\/#primaryimage"},"thumbnailUrl":"https:\/\/vieassociative.be\/actualites\/wp-content\/uploads\/2025\/07\/1751941070_Le-ministre-de-la-Sante-veut-rendre-le-systeme-de.jpg","keywords":["Call","\u00e9quitable","frais","m\u00e9decin","ministre","rendre","sant\u00e9","Strike","syst\u00e8me","transparent","veut"],"articleSection":["Belgique"],"inLanguage":"fr-BE"},{"@type":"WebPage","@id":"https:\/\/vieassociative.be\/actualites\/le-ministre-de-la-sante-veut-rendre-le-systeme-de-frais-du-medecin-plus-equitable-et-plus-transparent-strike-call-call\/","url":"https:\/\/vieassociative.be\/actualites\/le-ministre-de-la-sante-veut-rendre-le-systeme-de-frais-du-medecin-plus-equitable-et-plus-transparent-strike-call-call\/","name":"Le ministre de la Sant\u00e9 veut rendre le syst\u00e8me de frais du m\u00e9decin plus \u00e9quitable et plus transparent - Strike Call Call | Vie Associative","isPartOf":{"@id":"https:\/\/vieassociative.be\/actualites\/#website"},"primaryImageOfPage":{"@id":"https:\/\/vieassociative.be\/actualites\/le-ministre-de-la-sante-veut-rendre-le-systeme-de-frais-du-medecin-plus-equitable-et-plus-transparent-strike-call-call\/#primaryimage"},"image":{"@id":"https:\/\/vieassociative.be\/actualites\/le-ministre-de-la-sante-veut-rendre-le-systeme-de-frais-du-medecin-plus-equitable-et-plus-transparent-strike-call-call\/#primaryimage"},"thumbnailUrl":"https:\/\/vieassociative.be\/actualites\/wp-content\/uploads\/2025\/07\/1751941070_Le-ministre-de-la-Sante-veut-rendre-le-systeme-de.jpg","datePublished":"2025-07-08T02:17:49+00:00","dateModified":"2025-07-08T02:17:49+00:00","breadcrumb":{"@id":"https:\/\/vieassociative.be\/actualites\/le-ministre-de-la-sante-veut-rendre-le-systeme-de-frais-du-medecin-plus-equitable-et-plus-transparent-strike-call-call\/#breadcrumb"},"inLanguage":"fr-BE","potentialAction":[{"@type":"ReadAction","target":["https:\/\/vieassociative.be\/actualites\/le-ministre-de-la-sante-veut-rendre-le-systeme-de-frais-du-medecin-plus-equitable-et-plus-transparent-strike-call-call\/"]}]},{"@type":"ImageObject","inLanguage":"fr-BE","@id":"https:\/\/vieassociative.be\/actualites\/le-ministre-de-la-sante-veut-rendre-le-systeme-de-frais-du-medecin-plus-equitable-et-plus-transparent-strike-call-call\/#primaryimage","url":"https:\/\/vieassociative.be\/actualites\/wp-content\/uploads\/2025\/07\/1751941070_Le-ministre-de-la-Sante-veut-rendre-le-systeme-de.jpg","contentUrl":"https:\/\/vieassociative.be\/actualites\/wp-content\/uploads\/2025\/07\/1751941070_Le-ministre-de-la-Sante-veut-rendre-le-systeme-de.jpg","width":900,"height":609,"caption":"Le ministre de la Sant\u00e9 veut rendre le syst\u00e8me de frais du m\u00e9decin plus \u00e9quitable et plus transparent - Strike Call Call"},{"@type":"BreadcrumbList","@id":"https:\/\/vieassociative.be\/actualites\/le-ministre-de-la-sante-veut-rendre-le-systeme-de-frais-du-medecin-plus-equitable-et-plus-transparent-strike-call-call\/#breadcrumb","itemListElement":[{"@type":"ListItem","position":1,"name":"Accueil","item":"https:\/\/vieassociative.be\/actualites\/"},{"@type":"ListItem","position":2,"name":"Le ministre de la Sant\u00e9 veut rendre le syst\u00e8me de frais du m\u00e9decin plus \u00e9quitable et plus transparent &#8211; Strike Call Call"}]},{"@type":"WebSite","@id":"https:\/\/vieassociative.be\/actualites\/#website","url":"https:\/\/vieassociative.be\/actualites\/","name":"Vie Associative","description":"","publisher":{"@id":"https:\/\/vieassociative.be\/actualites\/#organization"},"potentialAction":[{"@type":"SearchAction","target":{"@type":"EntryPoint","urlTemplate":"https:\/\/vieassociative.be\/actualites\/?s={search_term_string}"},"query-input":{"@type":"PropertyValueSpecification","valueRequired":true,"valueName":"search_term_string"}}],"inLanguage":"fr-BE"},{"@type":"Organization","@id":"https:\/\/vieassociative.be\/actualites\/#organization","name":"Vie Associative","url":"https:\/\/vieassociative.be\/actualites\/","logo":{"@type":"ImageObject","inLanguage":"fr-BE","@id":"https:\/\/vieassociative.be\/actualites\/#\/schema\/logo\/image\/","url":"https:\/\/vieassociative.be\/actualites\/wp-content\/uploads\/2024\/09\/cropped-vieassociative_favicon.ico.png","contentUrl":"https:\/\/vieassociative.be\/actualites\/wp-content\/uploads\/2024\/09\/cropped-vieassociative_favicon.ico.png","width":512,"height":512,"caption":"Vie Associative"},"image":{"@id":"https:\/\/vieassociative.be\/actualites\/#\/schema\/logo\/image\/"}},{"@type":"Person","@id":"https:\/\/vieassociative.be\/actualites\/#\/schema\/person\/b87ac4f82f9d4e7b7cec7395b679edc4","name":"Julien","image":{"@type":"ImageObject","inLanguage":"fr-BE","@id":"https:\/\/vieassociative.be\/actualites\/#\/schema\/person\/image\/","url":"https:\/\/vieassociative.be\/actualites\/wp-content\/uploads\/2024\/09\/vie-associative-1-150x150.jpg","contentUrl":"https:\/\/vieassociative.be\/actualites\/wp-content\/uploads\/2024\/09\/vie-associative-1-150x150.jpg","caption":"Julien"},"description":"Je suis Julien, r\u00e9dacteur pour Vie Associative. Passionn\u00e9 par le monde associatif depuis plus de 10 ans, j'ai \u00e0 c\u0153ur de partager des histoires inspirantes et de mettre en lumi\u00e8re les initiatives locales. Mon objectif est de sensibiliser et d'encourager l'engagement communautaire \u00e0 travers mes articles.","sameAs":["https:\/\/vieassociative.be\/"]}]}},"_links":{"self":[{"href":"https:\/\/vieassociative.be\/actualites\/wp-json\/wp\/v2\/posts\/8600"}],"collection":[{"href":"https:\/\/vieassociative.be\/actualites\/wp-json\/wp\/v2\/posts"}],"about":[{"href":"https:\/\/vieassociative.be\/actualites\/wp-json\/wp\/v2\/types\/post"}],"author":[{"embeddable":true,"href":"https:\/\/vieassociative.be\/actualites\/wp-json\/wp\/v2\/users\/1"}],"replies":[{"embeddable":true,"href":"https:\/\/vieassociative.be\/actualites\/wp-json\/wp\/v2\/comments?post=8600"}],"version-history":[{"count":0,"href":"https:\/\/vieassociative.be\/actualites\/wp-json\/wp\/v2\/posts\/8600\/revisions"}],"wp:featuredmedia":[{"embeddable":true,"href":"https:\/\/vieassociative.be\/actualites\/wp-json\/wp\/v2\/media\/8601"}],"wp:attachment":[{"href":"https:\/\/vieassociative.be\/actualites\/wp-json\/wp\/v2\/media?parent=8600"}],"wp:term":[{"taxonomy":"category","embeddable":true,"href":"https:\/\/vieassociative.be\/actualites\/wp-json\/wp\/v2\/categories?post=8600"},{"taxonomy":"post_tag","embeddable":true,"href":"https:\/\/vieassociative.be\/actualites\/wp-json\/wp\/v2\/tags?post=8600"}],"curies":[{"name":"wp","href":"https:\/\/api.w.org\/{rel}","templated":true}]}}