{"id":8594,"date":"2025-07-07T22:17:37","date_gmt":"2025-07-07T20:17:37","guid":{"rendered":"https:\/\/vieassociative.be\/actualites\/choc-sur-la-3e-scene-de-la-tour\/"},"modified":"2025-07-07T22:17:37","modified_gmt":"2025-07-07T20:17:37","slug":"choc-sur-la-3e-scene-de-la-tour","status":"publish","type":"post","link":"https:\/\/vieassociative.be\/actualites\/choc-sur-la-3e-scene-de-la-tour\/","title":{"rendered":"Choc sur la 3e sc\u00e8ne de la tour"},"content":{"rendered":"<p><strong>Mis \u00e0 jour &#8211; le d\u00e9part pr\u00e9coce de la star du sprint, Jasper Philipsen, att\u00e9nue l&rsquo;humeur des fans de la tourn\u00e9e. Et a \u00e9galement \u00e9clips\u00e9 la victoire de la journ\u00e9e du Belge Tim Merlier.<\/strong><\/p>\n<p><span id=\"more-419535\"><\/span>Le champion d&rsquo;Europe belge Tim Merlier a remport\u00e9 la troisi\u00e8me \u00e9tape \u00e9clips\u00e9e par une grave chute de la star du sprint Jasper Philipsen lors du 112e Tour de France. Apr\u00e8s la plupart du temps, l&rsquo;homme de 32 ans a remport\u00e9 la victoire de jour devant l&rsquo;italien Jonathan Milan et le professionnel allemand Phil Bauhaus dans le sprint de masse dans le sprint de masse.<\/p>\n<div id=\"attachment_419552\" class=\"wp-caption alignleft\" style=\"max-width: 300px\"><img fetchpriority=\"high\" decoding=\"async\" class=\"wp-image-419552 size-medium\" src=\"https:\/\/vieassociative.be\/actualites\/wp-content\/uploads\/2025\/07\/Choc-sur-la-3e-scene-de-la-tour.jpg\" alt=\"\" width=\"300\" height=\"200\"  ><\/p>\n<p class=\"wp-caption-text\">07.07.2025, France, Dunkerque: Le Belge Tim Merlier (L) et l&rsquo;italien Jonathan Milan franchissent la ligne d&rsquo;arriv\u00e9e. Photo: Thibault Camus \/ AP \/ DPA<\/p>\n<\/div>\n<p>Le haut de la sprinter Philipsen est tomb\u00e9 violemment environ 60 kilom\u00e8tres avant l&rsquo;arriv\u00e9e et a d\u00fb abandonner la course. Le Belge, qui a remport\u00e9 la premi\u00e8re \u00e9tape samedi et a port\u00e9 le maillot jaune pendant une journ\u00e9e, est tomb\u00e9 apr\u00e8s une ondulation peu de temps avant l&rsquo;interm\u00e9diaire de sprint. Philipsen est tomb\u00e9 sur l&rsquo;\u00e9paule droite, tout son maillot a \u00e9t\u00e9 d\u00e9chir\u00e9.<\/p>\n<p>La chute de la Belge Laurenz Rex, qui est venue de Raeren, a d\u00e9clench\u00e9 l&rsquo;\u00e9quilibre de Raeren, qui a mis en panne le conducteur de Cofidis Bryan Coquard. Le Fran\u00e7ais est finalement entr\u00e9 en collision avec Philipsen, qui ne pouvait plus \u00e9viter.<\/p>\n<p>Ensuite, Philipsen a \u00e9t\u00e9 trait\u00e9 par le Tour Doctor pendant des minutes au bord de la route. Cependant, le vainqueur de la sc\u00e8ne de la tourn\u00e9e \u00e0 dix fois n&rsquo;est pas all\u00e9 plus loin.<\/p>\n<\/p>\n<div id=\"attachment_419541\" class=\"wp-caption alignleft\" style=\"max-width: 300px\"><img decoding=\"async\" class=\"wp-image-419541 size-medium\" src=\"https:\/\/vieassociative.be\/actualites\/wp-content\/uploads\/2025\/07\/1751919457_821_Choc-sur-la-3e-scene-de-la-tour.jpg\" alt=\"\" width=\"300\" height=\"200\"><\/p>\n<p class=\"wp-caption-text\">07.07.2025, France, Valenciennes: le N\u00e9erlandais Mathieu van der Poel, qui porte le maillot jaune du leader global, est sur la piste. Photo: Mosa&rsquo;ab Elshamy \/ AP \/ DPA<\/p>\n<\/div>\n<p>Jasper Philipsen souffre d&rsquo;une rupture dans le cl\u00e9s \u00e0 droite. Au moins une c\u00f4te est \u00e9galement cass\u00e9e, peut-\u00eatre deux. C&rsquo;\u00e9tait le diagnostic pr\u00e9liminaire que son \u00e9quipe Alpecin-Deceuninck a annonc\u00e9 lundi soir apr\u00e8s la troisi\u00e8me \u00e9tape du Tour de France.<\/p>\n<p>Philipsen a \u00e9t\u00e9 amen\u00e9 \u00e0 l&rsquo;h\u00f4pital de B\u00e9thune apr\u00e8s sa chute et sera transf\u00e9r\u00e9 en Belgique d\u00e8s que possible \u00e0 la clinique h\u00e9rosent, o\u00f9 il est op\u00e9r\u00e9, comme l&rsquo;a annonc\u00e9 la WorldTour Cycling Association.<\/p>\n<p>La tourn\u00e9e perd son meilleur sprinter ces derni\u00e8res ann\u00e9es. L&rsquo;ann\u00e9e derni\u00e8re, le joueur de 27 ans avait m\u00eame remport\u00e9 quatre \u00e9tapes et le maillot vert en 2023.<\/p>\n<p>Cette ann\u00e9e, la Belge a sembl\u00e9 \u00eatre \u00e0 nouveau une classe d&rsquo;elle-m\u00eame apr\u00e8s que sa saison a moins r\u00e9ussi au printemps. \u00c0 Lille, cependant, il avait gagn\u00e9 de mani\u00e8re sup\u00e9rieure, un jour plus tard, son co\u00e9quipier Mathieu van der Poel a repris le maillot jaune avec la victoire \u00e0 Boulogne-sur-Mer.<\/p>\n<p>Au sommet du classement g\u00e9n\u00e9ral, il n&rsquo;y a eu aucun changement lundi. Le n\u00e9erlandais Mathieu van der Poel, coll\u00e8gue d&rsquo;\u00e9quipe de Jasper Philipsen, continue de se tenir devant le champion en titre Tadej Pogacar et les Danes Jonas Vingegaard.<\/p>\n<p>Une finale exigeante attend mardi mardi. Au cours des 50 derniers kilom\u00e8tres d&rsquo;Amiens \u00e0 Rouen, deux ascensions des troisi\u00e8me et quatri\u00e8me cat\u00e9gories attendent. La tourn\u00e9e la plus connue du monde se termine le 27 juillet \u00e0 Paris. (DPA \/ CRE)<\/p>\n","protected":false},"excerpt":{"rendered":"<p>Mis \u00e0 jour &#8211; le d\u00e9part pr\u00e9coce de la star du sprint, Jasper Philipsen, att\u00e9nue l&rsquo;humeur des fans de la tourn\u00e9e. Et a \u00e9galement \u00e9clips\u00e9<\/p>\n","protected":false},"author":1,"featured_media":8595,"comment_status":"","ping_status":"","sticky":false,"template":"","format":"standard","meta":{"footnotes":""},"categories":[298],"tags":[5004,4189,33,2443],"class_list":["post-8594","post","type-post","status-publish","format-standard","has-post-thumbnail","hentry","category-belgique","tag-choc","tag-scene","tag-sur","tag-tour","generate-columns","tablet-grid-50","mobile-grid-100","grid-parent","grid-33"],"yoast_head":"<!-- This site is optimized with the Yoast SEO plugin v24.0 - https:\/\/yoast.com\/wordpress\/plugins\/seo\/ -->\n<title>Choc sur la 3e sc\u00e8ne de la tour | Vie Associative<\/title>\n<meta name=\"robots\" content=\"index, follow, max-snippet:-1, max-image-preview:large, max-video-preview:-1\" \/>\n<link rel=\"canonical\" href=\"https:\/\/vieassociative.be\/actualites\/choc-sur-la-3e-scene-de-la-tour\/\" \/>\n<meta property=\"og:locale\" content=\"fr_FR\" \/>\n<meta property=\"og:type\" content=\"article\" \/>\n<meta property=\"og:title\" content=\"Choc sur la 3e sc\u00e8ne de la tour | Vie Associative\" \/>\n<meta property=\"og:description\" content=\"Mis \u00e0 jour &#8211; le d\u00e9part pr\u00e9coce de la star du sprint, Jasper Philipsen, att\u00e9nue l&rsquo;humeur des fans de la tourn\u00e9e. Et a \u00e9galement \u00e9clips\u00e9\" \/>\n<meta property=\"og:url\" content=\"https:\/\/vieassociative.be\/actualites\/choc-sur-la-3e-scene-de-la-tour\/\" \/>\n<meta property=\"og:site_name\" content=\"Vie Associative\" \/>\n<meta property=\"article:published_time\" content=\"2025-07-07T20:17:37+00:00\" \/>\n<meta property=\"og:image\" content=\"https:\/\/vieassociative.be\/actualites\/wp-content\/uploads\/2024\/09\/header_backgroundk-01-e1726694325946.png\" \/>\n\t<meta property=\"og:image:width\" content=\"279\" \/>\n\t<meta property=\"og:image:height\" content=\"92\" \/>\n\t<meta property=\"og:image:type\" content=\"image\/png\" \/>\n<meta name=\"author\" content=\"Julien\" \/>\n<meta name=\"twitter:card\" content=\"summary_large_image\" \/>\n<meta name=\"twitter:label1\" content=\"\u00c9crit par\" \/>\n\t<meta name=\"twitter:data1\" content=\"Julien\" \/>\n\t<meta name=\"twitter:label2\" content=\"Dur\u00e9e de lecture est.\" \/>\n\t<meta name=\"twitter:data2\" content=\"3 minutes\" \/>\n<script type=\"application\/ld+json\" class=\"yoast-schema-graph\">{\"@context\":\"https:\/\/schema.org\",\"@graph\":[{\"@type\":\"Article\",\"@id\":\"https:\/\/vieassociative.be\/actualites\/choc-sur-la-3e-scene-de-la-tour\/#article\",\"isPartOf\":{\"@id\":\"https:\/\/vieassociative.be\/actualites\/choc-sur-la-3e-scene-de-la-tour\/\"},\"author\":{\"name\":\"Julien\",\"@id\":\"https:\/\/vieassociative.be\/actualites\/#\/schema\/person\/b87ac4f82f9d4e7b7cec7395b679edc4\"},\"headline\":\"Choc sur la 3e sc\u00e8ne de la tour\",\"datePublished\":\"2025-07-07T20:17:37+00:00\",\"dateModified\":\"2025-07-07T20:17:37+00:00\",\"mainEntityOfPage\":{\"@id\":\"https:\/\/vieassociative.be\/actualites\/choc-sur-la-3e-scene-de-la-tour\/\"},\"wordCount\":580,\"publisher\":{\"@id\":\"https:\/\/vieassociative.be\/actualites\/#organization\"},\"image\":{\"@id\":\"https:\/\/vieassociative.be\/actualites\/choc-sur-la-3e-scene-de-la-tour\/#primaryimage\"},\"thumbnailUrl\":\"https:\/\/vieassociative.be\/actualites\/wp-content\/uploads\/2025\/07\/1751919457_Choc-sur-la-3e-scene-de-la-tour.jpg\",\"keywords\":[\"Choc\",\"sc\u00e8ne\",\"sur\",\"Tour\"],\"articleSection\":[\"Belgique\"],\"inLanguage\":\"fr-BE\"},{\"@type\":\"WebPage\",\"@id\":\"https:\/\/vieassociative.be\/actualites\/choc-sur-la-3e-scene-de-la-tour\/\",\"url\":\"https:\/\/vieassociative.be\/actualites\/choc-sur-la-3e-scene-de-la-tour\/\",\"name\":\"Choc sur la 3e sc\u00e8ne de la tour | Vie Associative\",\"isPartOf\":{\"@id\":\"https:\/\/vieassociative.be\/actualites\/#website\"},\"primaryImageOfPage\":{\"@id\":\"https:\/\/vieassociative.be\/actualites\/choc-sur-la-3e-scene-de-la-tour\/#primaryimage\"},\"image\":{\"@id\":\"https:\/\/vieassociative.be\/actualites\/choc-sur-la-3e-scene-de-la-tour\/#primaryimage\"},\"thumbnailUrl\":\"https:\/\/vieassociative.be\/actualites\/wp-content\/uploads\/2025\/07\/1751919457_Choc-sur-la-3e-scene-de-la-tour.jpg\",\"datePublished\":\"2025-07-07T20:17:37+00:00\",\"dateModified\":\"2025-07-07T20:17:37+00:00\",\"breadcrumb\":{\"@id\":\"https:\/\/vieassociative.be\/actualites\/choc-sur-la-3e-scene-de-la-tour\/#breadcrumb\"},\"inLanguage\":\"fr-BE\",\"potentialAction\":[{\"@type\":\"ReadAction\",\"target\":[\"https:\/\/vieassociative.be\/actualites\/choc-sur-la-3e-scene-de-la-tour\/\"]}]},{\"@type\":\"ImageObject\",\"inLanguage\":\"fr-BE\",\"@id\":\"https:\/\/vieassociative.be\/actualites\/choc-sur-la-3e-scene-de-la-tour\/#primaryimage\",\"url\":\"https:\/\/vieassociative.be\/actualites\/wp-content\/uploads\/2025\/07\/1751919457_Choc-sur-la-3e-scene-de-la-tour.jpg\",\"contentUrl\":\"https:\/\/vieassociative.be\/actualites\/wp-content\/uploads\/2025\/07\/1751919457_Choc-sur-la-3e-scene-de-la-tour.jpg\",\"width\":1200,\"height\":800,\"caption\":\"Choc sur la 3e sc\u00e8ne de la tour\"},{\"@type\":\"BreadcrumbList\",\"@id\":\"https:\/\/vieassociative.be\/actualites\/choc-sur-la-3e-scene-de-la-tour\/#breadcrumb\",\"itemListElement\":[{\"@type\":\"ListItem\",\"position\":1,\"name\":\"Accueil\",\"item\":\"https:\/\/vieassociative.be\/actualites\/\"},{\"@type\":\"ListItem\",\"position\":2,\"name\":\"Choc sur la 3e sc\u00e8ne de la tour\"}]},{\"@type\":\"WebSite\",\"@id\":\"https:\/\/vieassociative.be\/actualites\/#website\",\"url\":\"https:\/\/vieassociative.be\/actualites\/\",\"name\":\"Vie Associative\",\"description\":\"\",\"publisher\":{\"@id\":\"https:\/\/vieassociative.be\/actualites\/#organization\"},\"potentialAction\":[{\"@type\":\"SearchAction\",\"target\":{\"@type\":\"EntryPoint\",\"urlTemplate\":\"https:\/\/vieassociative.be\/actualites\/?s={search_term_string}\"},\"query-input\":{\"@type\":\"PropertyValueSpecification\",\"valueRequired\":true,\"valueName\":\"search_term_string\"}}],\"inLanguage\":\"fr-BE\"},{\"@type\":\"Organization\",\"@id\":\"https:\/\/vieassociative.be\/actualites\/#organization\",\"name\":\"Vie Associative\",\"url\":\"https:\/\/vieassociative.be\/actualites\/\",\"logo\":{\"@type\":\"ImageObject\",\"inLanguage\":\"fr-BE\",\"@id\":\"https:\/\/vieassociative.be\/actualites\/#\/schema\/logo\/image\/\",\"url\":\"https:\/\/vieassociative.be\/actualites\/wp-content\/uploads\/2024\/09\/cropped-vieassociative_favicon.ico.png\",\"contentUrl\":\"https:\/\/vieassociative.be\/actualites\/wp-content\/uploads\/2024\/09\/cropped-vieassociative_favicon.ico.png\",\"width\":512,\"height\":512,\"caption\":\"Vie Associative\"},\"image\":{\"@id\":\"https:\/\/vieassociative.be\/actualites\/#\/schema\/logo\/image\/\"}},{\"@type\":\"Person\",\"@id\":\"https:\/\/vieassociative.be\/actualites\/#\/schema\/person\/b87ac4f82f9d4e7b7cec7395b679edc4\",\"name\":\"Julien\",\"image\":{\"@type\":\"ImageObject\",\"inLanguage\":\"fr-BE\",\"@id\":\"https:\/\/vieassociative.be\/actualites\/#\/schema\/person\/image\/\",\"url\":\"https:\/\/vieassociative.be\/actualites\/wp-content\/uploads\/2024\/09\/vie-associative-1-150x150.jpg\",\"contentUrl\":\"https:\/\/vieassociative.be\/actualites\/wp-content\/uploads\/2024\/09\/vie-associative-1-150x150.jpg\",\"caption\":\"Julien\"},\"description\":\"Je suis Julien, r\u00e9dacteur pour Vie Associative. Passionn\u00e9 par le monde associatif depuis plus de 10 ans, j'ai \u00e0 c\u0153ur de partager des histoires inspirantes et de mettre en lumi\u00e8re les initiatives locales. Mon objectif est de sensibiliser et d'encourager l'engagement communautaire \u00e0 travers mes articles.\",\"sameAs\":[\"https:\/\/vieassociative.be\/\"]}]}<\/script>\n<!-- \/ Yoast SEO plugin. -->","yoast_head_json":{"title":"Choc sur la 3e sc\u00e8ne de la tour | Vie Associative","robots":{"index":"index","follow":"follow","max-snippet":"max-snippet:-1","max-image-preview":"max-image-preview:large","max-video-preview":"max-video-preview:-1"},"canonical":"https:\/\/vieassociative.be\/actualites\/choc-sur-la-3e-scene-de-la-tour\/","og_locale":"fr_FR","og_type":"article","og_title":"Choc sur la 3e sc\u00e8ne de la tour | Vie Associative","og_description":"Mis \u00e0 jour &#8211; le d\u00e9part pr\u00e9coce de la star du sprint, Jasper Philipsen, att\u00e9nue l&rsquo;humeur des fans de la tourn\u00e9e. Et a \u00e9galement \u00e9clips\u00e9","og_url":"https:\/\/vieassociative.be\/actualites\/choc-sur-la-3e-scene-de-la-tour\/","og_site_name":"Vie Associative","article_published_time":"2025-07-07T20:17:37+00:00","og_image":[{"width":279,"height":92,"url":"https:\/\/vieassociative.be\/actualites\/wp-content\/uploads\/2024\/09\/header_backgroundk-01-e1726694325946.png","type":"image\/png"}],"author":"Julien","twitter_card":"summary_large_image","twitter_misc":{"\u00c9crit par":"Julien","Dur\u00e9e de lecture est.":"3 minutes"},"schema":{"@context":"https:\/\/schema.org","@graph":[{"@type":"Article","@id":"https:\/\/vieassociative.be\/actualites\/choc-sur-la-3e-scene-de-la-tour\/#article","isPartOf":{"@id":"https:\/\/vieassociative.be\/actualites\/choc-sur-la-3e-scene-de-la-tour\/"},"author":{"name":"Julien","@id":"https:\/\/vieassociative.be\/actualites\/#\/schema\/person\/b87ac4f82f9d4e7b7cec7395b679edc4"},"headline":"Choc sur la 3e sc\u00e8ne de la tour","datePublished":"2025-07-07T20:17:37+00:00","dateModified":"2025-07-07T20:17:37+00:00","mainEntityOfPage":{"@id":"https:\/\/vieassociative.be\/actualites\/choc-sur-la-3e-scene-de-la-tour\/"},"wordCount":580,"publisher":{"@id":"https:\/\/vieassociative.be\/actualites\/#organization"},"image":{"@id":"https:\/\/vieassociative.be\/actualites\/choc-sur-la-3e-scene-de-la-tour\/#primaryimage"},"thumbnailUrl":"https:\/\/vieassociative.be\/actualites\/wp-content\/uploads\/2025\/07\/1751919457_Choc-sur-la-3e-scene-de-la-tour.jpg","keywords":["Choc","sc\u00e8ne","sur","Tour"],"articleSection":["Belgique"],"inLanguage":"fr-BE"},{"@type":"WebPage","@id":"https:\/\/vieassociative.be\/actualites\/choc-sur-la-3e-scene-de-la-tour\/","url":"https:\/\/vieassociative.be\/actualites\/choc-sur-la-3e-scene-de-la-tour\/","name":"Choc sur la 3e sc\u00e8ne de la tour | Vie Associative","isPartOf":{"@id":"https:\/\/vieassociative.be\/actualites\/#website"},"primaryImageOfPage":{"@id":"https:\/\/vieassociative.be\/actualites\/choc-sur-la-3e-scene-de-la-tour\/#primaryimage"},"image":{"@id":"https:\/\/vieassociative.be\/actualites\/choc-sur-la-3e-scene-de-la-tour\/#primaryimage"},"thumbnailUrl":"https:\/\/vieassociative.be\/actualites\/wp-content\/uploads\/2025\/07\/1751919457_Choc-sur-la-3e-scene-de-la-tour.jpg","datePublished":"2025-07-07T20:17:37+00:00","dateModified":"2025-07-07T20:17:37+00:00","breadcrumb":{"@id":"https:\/\/vieassociative.be\/actualites\/choc-sur-la-3e-scene-de-la-tour\/#breadcrumb"},"inLanguage":"fr-BE","potentialAction":[{"@type":"ReadAction","target":["https:\/\/vieassociative.be\/actualites\/choc-sur-la-3e-scene-de-la-tour\/"]}]},{"@type":"ImageObject","inLanguage":"fr-BE","@id":"https:\/\/vieassociative.be\/actualites\/choc-sur-la-3e-scene-de-la-tour\/#primaryimage","url":"https:\/\/vieassociative.be\/actualites\/wp-content\/uploads\/2025\/07\/1751919457_Choc-sur-la-3e-scene-de-la-tour.jpg","contentUrl":"https:\/\/vieassociative.be\/actualites\/wp-content\/uploads\/2025\/07\/1751919457_Choc-sur-la-3e-scene-de-la-tour.jpg","width":1200,"height":800,"caption":"Choc sur la 3e sc\u00e8ne de la tour"},{"@type":"BreadcrumbList","@id":"https:\/\/vieassociative.be\/actualites\/choc-sur-la-3e-scene-de-la-tour\/#breadcrumb","itemListElement":[{"@type":"ListItem","position":1,"name":"Accueil","item":"https:\/\/vieassociative.be\/actualites\/"},{"@type":"ListItem","position":2,"name":"Choc sur la 3e sc\u00e8ne de la tour"}]},{"@type":"WebSite","@id":"https:\/\/vieassociative.be\/actualites\/#website","url":"https:\/\/vieassociative.be\/actualites\/","name":"Vie Associative","description":"","publisher":{"@id":"https:\/\/vieassociative.be\/actualites\/#organization"},"potentialAction":[{"@type":"SearchAction","target":{"@type":"EntryPoint","urlTemplate":"https:\/\/vieassociative.be\/actualites\/?s={search_term_string}"},"query-input":{"@type":"PropertyValueSpecification","valueRequired":true,"valueName":"search_term_string"}}],"inLanguage":"fr-BE"},{"@type":"Organization","@id":"https:\/\/vieassociative.be\/actualites\/#organization","name":"Vie Associative","url":"https:\/\/vieassociative.be\/actualites\/","logo":{"@type":"ImageObject","inLanguage":"fr-BE","@id":"https:\/\/vieassociative.be\/actualites\/#\/schema\/logo\/image\/","url":"https:\/\/vieassociative.be\/actualites\/wp-content\/uploads\/2024\/09\/cropped-vieassociative_favicon.ico.png","contentUrl":"https:\/\/vieassociative.be\/actualites\/wp-content\/uploads\/2024\/09\/cropped-vieassociative_favicon.ico.png","width":512,"height":512,"caption":"Vie Associative"},"image":{"@id":"https:\/\/vieassociative.be\/actualites\/#\/schema\/logo\/image\/"}},{"@type":"Person","@id":"https:\/\/vieassociative.be\/actualites\/#\/schema\/person\/b87ac4f82f9d4e7b7cec7395b679edc4","name":"Julien","image":{"@type":"ImageObject","inLanguage":"fr-BE","@id":"https:\/\/vieassociative.be\/actualites\/#\/schema\/person\/image\/","url":"https:\/\/vieassociative.be\/actualites\/wp-content\/uploads\/2024\/09\/vie-associative-1-150x150.jpg","contentUrl":"https:\/\/vieassociative.be\/actualites\/wp-content\/uploads\/2024\/09\/vie-associative-1-150x150.jpg","caption":"Julien"},"description":"Je suis Julien, r\u00e9dacteur pour Vie Associative. Passionn\u00e9 par le monde associatif depuis plus de 10 ans, j'ai \u00e0 c\u0153ur de partager des histoires inspirantes et de mettre en lumi\u00e8re les initiatives locales. Mon objectif est de sensibiliser et d'encourager l'engagement communautaire \u00e0 travers mes articles.","sameAs":["https:\/\/vieassociative.be\/"]}]}},"_links":{"self":[{"href":"https:\/\/vieassociative.be\/actualites\/wp-json\/wp\/v2\/posts\/8594"}],"collection":[{"href":"https:\/\/vieassociative.be\/actualites\/wp-json\/wp\/v2\/posts"}],"about":[{"href":"https:\/\/vieassociative.be\/actualites\/wp-json\/wp\/v2\/types\/post"}],"author":[{"embeddable":true,"href":"https:\/\/vieassociative.be\/actualites\/wp-json\/wp\/v2\/users\/1"}],"replies":[{"embeddable":true,"href":"https:\/\/vieassociative.be\/actualites\/wp-json\/wp\/v2\/comments?post=8594"}],"version-history":[{"count":0,"href":"https:\/\/vieassociative.be\/actualites\/wp-json\/wp\/v2\/posts\/8594\/revisions"}],"wp:featuredmedia":[{"embeddable":true,"href":"https:\/\/vieassociative.be\/actualites\/wp-json\/wp\/v2\/media\/8595"}],"wp:attachment":[{"href":"https:\/\/vieassociative.be\/actualites\/wp-json\/wp\/v2\/media?parent=8594"}],"wp:term":[{"taxonomy":"category","embeddable":true,"href":"https:\/\/vieassociative.be\/actualites\/wp-json\/wp\/v2\/categories?post=8594"},{"taxonomy":"post_tag","embeddable":true,"href":"https:\/\/vieassociative.be\/actualites\/wp-json\/wp\/v2\/tags?post=8594"}],"curies":[{"name":"wp","href":"https:\/\/api.w.org\/{rel}","templated":true}]}}